{"id":181563,"date":"2024-05-27T20:13:11","date_gmt":"2024-05-27T18:13:11","guid":{"rendered":"https:\/\/candas365.es\/noticias\/?p=181563"},"modified":"2024-05-27T20:13:11","modified_gmt":"2024-05-27T18:13:11","slug":"desciende-el-consumo-de-tabaco-a-nivel-mundial","status":"publish","type":"post","link":"https:\/\/candas365.es\/noticias\/desciende-el-consumo-de-tabaco-a-nivel-mundial\/","title":{"rendered":"Desciende el consumo de tabaco a nivel mundial"},"content":{"rendered":"<p>El <strong>consumo de tabaco<\/strong> a desce\u00f1ido a nivel mundial en 150 pa\u00edses y ahora \u00abhay 19 millones de fumadores menos\u00bb en todo el mundo que hace dos a\u00f1os, seg\u00fan el \u2018Informe de resultados de la OMS\u2019 presentado este lunes en la 77\u00ba Asamblea Mundial de la <span style=\"color: #ff6600;\"><strong><span style=\"color: #ff6600;\"><a style=\"color: #ff6600;\" title=\"Salud\" href=\"https:\/\/candas365.es\/noticias\/category\/salud\/\">Salud<\/a><\/span>.<\/strong><\/span><\/p>\n<p><img fetchpriority=\"high\" decoding=\"async\" class=\"aligncenter size-full wp-image-181564\" src=\"https:\/\/candas365.es\/noticias\/wp-content\/uploads\/2024\/05\/Desciende-el-consumo-de-tabaco.jpg\" alt=\"Desciende el consumo de tabaco\" width=\"640\" height=\"427\" srcset=\"https:\/\/candas365.es\/noticias\/wp-content\/uploads\/2024\/05\/Desciende-el-consumo-de-tabaco.jpg 640w, https:\/\/candas365.es\/noticias\/wp-content\/uploads\/2024\/05\/Desciende-el-consumo-de-tabaco-360x240.jpg 360w, https:\/\/candas365.es\/noticias\/wp-content\/uploads\/2024\/05\/Desciende-el-consumo-de-tabaco-150x100.jpg 150w, https:\/\/candas365.es\/noticias\/wp-content\/uploads\/2024\/05\/Desciende-el-consumo-de-tabaco-450x300.jpg 450w\" sizes=\"(max-width: 640px) 100vw, 640px\" \/><\/p>\n<p>As\u00ed lo constat\u00f3 el director general de la Organizaci\u00f3n Mundial de la Salud (OMS), el doctor Tedros Adhanom Ghebreyesus. Adem\u00e1s, el estudio puso de manifiesto que \u00abm\u00e1s de 90 pa\u00edses aumentaron su impuesto al consumo de tabaco entre 2020 y 2022\u00bb.<\/p>\n<p>Por otra parte, el pasado mes de diciembre, la OMS public\u00f3 un llamamiento para prevenir el consumo de cigarrillos electr\u00f3nicos, adem\u00e1s de difundir una \u201cnota t\u00e9cnica sobre la evidencia del da\u00f1o que causan\u201d los nuevos productos relacionados con el tabaco.<\/p>\n<p>En cuanto a los esfuerzos por mejorar la nutrici\u00f3n y las dietas saludables, se detectan ciertos avances. Seg\u00fan la OMS, poder lograr poblaciones m\u00e1s sanas \u201ces el \u00fanico de los tres objetivos que estimamos que se cumplir\u00e1\u201d, ya que se espera que 1.500 millones de personas en todo el mundo disfruten de mejor salud y bienestar para 2025.<\/p>\n<p>Destac\u00f3 que este logro ser\u00e1 fruto del trabajo que est\u00e1n realizando los pa\u00edses \u00abque trabajan en todos los sectores para abordar las causas profundas de la mala salud\u00bb, como con el \u00abaire contaminado, dietas poco saludables, agua contaminada o los productos que da\u00f1an la salud\u201d.<\/p>\n<p>La Organizaci\u00f3n record\u00f3 que en 2023 \u00abotros 13 pa\u00edses aprobaron o implementaron pol\u00edticas para eliminar las grasas trans\u00bb de su suministro de alimentos.<\/p>\n<p>\u00abCasi la mitad de la poblaci\u00f3n mundial est\u00e1 ahora protegida por este tipo de pol\u00edticas, en comparaci\u00f3n con solo el 7% en 2018, cuando lanzamos el comunicado de la OMS\u00bb, asegur\u00f3. Esta medida habr\u00eda reducido \u00aben dos tercios\u00bb el n\u00famero de muertes anuales causadas por las grasas trans.<\/p>\n<p>(<a href=\"https:\/\/www.servimedia.es\/\" target=\"_blank\" rel=\"noopener\"><span style=\"color: #ff6600;\"><strong>SERVIMEDIA<\/strong><\/span><\/a>)<\/p>\n","protected":false},"excerpt":{"rendered":"<p>El consumo de tabaco a desce\u00f1ido a nivel mundial en 150 pa\u00edses y ahora \u00abhay 19 millones de fumadores menos\u00bb en todo el mundo que hace dos a\u00f1os, seg\u00fan el \u2018Informe de resultados de la OMS\u2019 presentado este lunes en la 77\u00ba Asamblea Mundial de la Salud. As\u00ed lo constat\u00f3 el director general de la<\/p>\n","protected":false},"author":1,"featured_media":181564,"comment_status":"closed","ping_status":"closed","sticky":false,"template":"","format":"standard","meta":{"footnotes":""},"categories":[372],"tags":[378],"class_list":{"0":"post-181563","1":"post","2":"type-post","3":"status-publish","4":"format-standard","5":"has-post-thumbnail","7":"category-salud","8":"tag-salud"},"aioseo_notices":[],"aioseo_head":"\n\t\t<!-- All in One SEO Pro 4.9.6.2 - aioseo.com -->\n\t<meta name=\"description\" content=\"El consumo de tabaco a desce\u00f1ido a nivel mundial en 150 pa\u00edses y ahora &quot;hay 19 millones de fumadores menos&quot; en todo el mundo que hace dos a\u00f1os, seg\u00fan\" \/>\n\t<meta name=\"robots\" content=\"max-image-preview:large\" \/>\n\t<meta name=\"author\" content=\"Cand\u00e1s 365\"\/>\n\t<meta name=\"google-site-verification\" content=\"UA-32230408-1\" \/>\n\t<meta name=\"msvalidate.01\" content=\"354F3CDFB2DA171B47FBE9ABF1F88D5\" \/>\n\t<meta name=\"keywords\" content=\"salud\" \/>\n\t<link rel=\"canonical\" href=\"https:\/\/candas365.es\/noticias\/desciende-el-consumo-de-tabaco-a-nivel-mundial\/\" \/>\n\t<meta name=\"generator\" content=\"All in One SEO Pro (AIOSEO) 4.9.6.2\" \/>\n\t\t<meta property=\"og:locale\" content=\"es_ES\" \/>\n\t\t<meta property=\"og:site_name\" content=\"Cand\u00e1s 365\" \/>\n\t\t<meta property=\"og:type\" content=\"article\" \/>\n\t\t<meta property=\"og:title\" content=\"Desciende el consumo de tabaco a nivel mundial | Cand\u00e1s 365\" \/>\n\t\t<meta property=\"og:description\" content=\"El consumo de tabaco a desce\u00f1ido a nivel mundial en 150 pa\u00edses y ahora &quot;hay 19 millones de fumadores menos&quot; en todo el mundo que hace dos a\u00f1os, seg\u00fan\" \/>\n\t\t<meta property=\"og:url\" content=\"https:\/\/candas365.es\/noticias\/desciende-el-consumo-de-tabaco-a-nivel-mundial\/\" \/>\n\t\t<meta property=\"og:image\" content=\"https:\/\/candas365.es\/noticias\/wp-content\/uploads\/2024\/05\/Desciende-el-consumo-de-tabaco.jpg\" \/>\n\t\t<meta property=\"og:image:secure_url\" content=\"https:\/\/candas365.es\/noticias\/wp-content\/uploads\/2024\/05\/Desciende-el-consumo-de-tabaco.jpg\" \/>\n\t\t<meta property=\"og:image:width\" content=\"640\" \/>\n\t\t<meta property=\"og:image:height\" content=\"427\" \/>\n\t\t<meta property=\"article:published_time\" content=\"2024-05-27T18:13:11+00:00\" \/>\n\t\t<meta property=\"article:modified_time\" content=\"2024-05-27T18:13:11+00:00\" \/>\n\t\t<meta property=\"article:publisher\" content=\"https:\/\/www.facebook.com\/Nachofdezber\" \/>\n\t\t<meta property=\"article:author\" content=\"https:\/\/www.facebook.com\/carrenoactualidad\" \/>\n\t\t<meta name=\"twitter:card\" content=\"summary_large_image\" \/>\n\t\t<meta name=\"twitter:site\" content=\"@NabercoDigital\" \/>\n\t\t<meta name=\"twitter:title\" content=\"Desciende el consumo de tabaco a nivel mundial | Cand\u00e1s 365\" \/>\n\t\t<meta name=\"twitter:description\" content=\"El consumo de tabaco a desce\u00f1ido a nivel mundial en 150 pa\u00edses y ahora &quot;hay 19 millones de fumadores menos&quot; en todo el mundo que hace dos a\u00f1os, seg\u00fan\" \/>\n\t\t<meta name=\"twitter:creator\" content=\"@nbasturias\" \/>\n\t\t<meta name=\"twitter:image\" content=\"https:\/\/candas365.es\/noticias\/wp-content\/uploads\/2024\/05\/Desciende-el-consumo-de-tabaco.jpg\" \/>\n\t\t<meta name=\"twitter:label1\" content=\"Escrito por\" \/>\n\t\t<meta name=\"twitter:data1\" content=\"Cand\u00e1s 365\" \/>\n\t\t<meta name=\"twitter:label2\" content=\"Tiempo de lectura estimado\" \/>\n\t\t<meta name=\"twitter:data2\" content=\"2 minutos\" \/>\n\t\t<script type=\"application\/ld+json\" class=\"aioseo-schema\">\n\t\t\t{\"@context\":\"https:\\\/\\\/schema.org\",\"@graph\":[{\"@type\":\"BreadcrumbList\",\"@id\":\"https:\\\/\\\/candas365.es\\\/noticias\\\/desciende-el-consumo-de-tabaco-a-nivel-mundial\\\/#breadcrumblist\",\"itemListElement\":[{\"@type\":\"ListItem\",\"@id\":\"https:\\\/\\\/candas365.es\\\/noticias#listItem\",\"position\":1,\"name\":\"Home\",\"item\":\"https:\\\/\\\/candas365.es\\\/noticias\",\"nextItem\":{\"@type\":\"ListItem\",\"@id\":\"https:\\\/\\\/candas365.es\\\/noticias\\\/category\\\/salud\\\/#listItem\",\"name\":\"Salud\"}},{\"@type\":\"ListItem\",\"@id\":\"https:\\\/\\\/candas365.es\\\/noticias\\\/category\\\/salud\\\/#listItem\",\"position\":2,\"name\":\"Salud\",\"item\":\"https:\\\/\\\/candas365.es\\\/noticias\\\/category\\\/salud\\\/\",\"nextItem\":{\"@type\":\"ListItem\",\"@id\":\"https:\\\/\\\/candas365.es\\\/noticias\\\/desciende-el-consumo-de-tabaco-a-nivel-mundial\\\/#listItem\",\"name\":\"Desciende el consumo de tabaco a nivel mundial\"},\"previousItem\":{\"@type\":\"ListItem\",\"@id\":\"https:\\\/\\\/candas365.es\\\/noticias#listItem\",\"name\":\"Home\"}},{\"@type\":\"ListItem\",\"@id\":\"https:\\\/\\\/candas365.es\\\/noticias\\\/desciende-el-consumo-de-tabaco-a-nivel-mundial\\\/#listItem\",\"position\":3,\"name\":\"Desciende el consumo de tabaco a nivel mundial\",\"previousItem\":{\"@type\":\"ListItem\",\"@id\":\"https:\\\/\\\/candas365.es\\\/noticias\\\/category\\\/salud\\\/#listItem\",\"name\":\"Salud\"}}]},{\"@type\":\"NewsArticle\",\"@id\":\"https:\\\/\\\/candas365.es\\\/noticias\\\/desciende-el-consumo-de-tabaco-a-nivel-mundial\\\/#newsarticle\",\"name\":\"Desciende el consumo de tabaco a nivel mundial | Cand\\u00e1s 365\",\"headline\":\"Desciende el consumo de tabaco a nivel mundial\",\"author\":{\"@id\":\"https:\\\/\\\/candas365.es\\\/noticias\\\/author\\\/admin\\\/#author\"},\"publisher\":{\"@id\":\"https:\\\/\\\/candas365.es\\\/noticias\\\/#organization\"},\"image\":{\"@type\":\"ImageObject\",\"url\":\"https:\\\/\\\/candas365.es\\\/noticias\\\/wp-content\\\/uploads\\\/2024\\\/05\\\/Desciende-el-consumo-de-tabaco.jpg\",\"width\":640,\"height\":427,\"caption\":\"Desciende el consumo de tabaco\"},\"datePublished\":\"2024-05-27T20:13:11+02:00\",\"dateModified\":\"2024-05-27T20:13:11+02:00\",\"inLanguage\":\"es-ES\",\"mainEntityOfPage\":{\"@id\":\"https:\\\/\\\/candas365.es\\\/noticias\\\/desciende-el-consumo-de-tabaco-a-nivel-mundial\\\/#webpage\"},\"isPartOf\":{\"@id\":\"https:\\\/\\\/candas365.es\\\/noticias\\\/desciende-el-consumo-de-tabaco-a-nivel-mundial\\\/#webpage\"},\"articleSection\":\"Salud, Salud\",\"dateline\":\"Publicado el mayo 27, 2024.\"},{\"@type\":\"Organization\",\"@id\":\"https:\\\/\\\/candas365.es\\\/noticias\\\/#organization\",\"name\":\"Cand\\u00e1s 365\",\"description\":\"Cand\\u00e1s 365 es un diario digital independiente, fundado en 2012, con base en Asturias. Informamos con rigor sobre actualidad, sociedad, cultura y ocio, con una mirada local y global.\",\"url\":\"https:\\\/\\\/candas365.es\\\/noticias\\\/\",\"email\":\"info@candas365.es\",\"telephone\":\"+34652131393\",\"foundingDate\":\"2012-06-10\",\"logo\":{\"@type\":\"ImageObject\",\"url\":\"https:\\\/\\\/candas365.es\\\/noticias\\\/wp-content\\\/uploads\\\/2024\\\/09\\\/Candas-365-Redes.jpg\",\"@id\":\"https:\\\/\\\/candas365.es\\\/noticias\\\/desciende-el-consumo-de-tabaco-a-nivel-mundial\\\/#organizationLogo\",\"width\":1152,\"height\":864,\"caption\":\"Cand\\u00e1s 365 Redes\"},\"image\":{\"@id\":\"https:\\\/\\\/candas365.es\\\/noticias\\\/desciende-el-consumo-de-tabaco-a-nivel-mundial\\\/#organizationLogo\"},\"sameAs\":[\"https:\\\/\\\/www.facebook.com\\\/Nachofdezber\",\"https:\\\/\\\/x.com\\\/NabercoDigital\",\"https:\\\/\\\/www.instagram.com\\\/nachofdezber\\\/\",\"https:\\\/\\\/www.youtube.com\\\/channel\\\/UCZP-2wLEB9Rv6erhFmqVnvg\"],\"address\":{\"@id\":\"https:\\\/\\\/candas365.es\\\/noticias\\\/#postaladdress\",\"@type\":\"PostalAddress\",\"streetAddress\":\"san antonio 4, san antonio 4\",\"postalCode\":\"33430\",\"addressLocality\":\"Cand\\u00e1s\",\"addressRegion\":\"Asturias\",\"addressCountry\":\"ES\"}},{\"@type\":\"Person\",\"@id\":\"https:\\\/\\\/candas365.es\\\/noticias\\\/author\\\/admin\\\/#author\",\"url\":\"https:\\\/\\\/candas365.es\\\/noticias\\\/author\\\/admin\\\/\",\"name\":\"Cand\\u00e1s 365\",\"image\":{\"@type\":\"ImageObject\",\"@id\":\"https:\\\/\\\/candas365.es\\\/noticias\\\/desciende-el-consumo-de-tabaco-a-nivel-mundial\\\/#authorImage\",\"url\":\"https:\\\/\\\/secure.gravatar.com\\\/avatar\\\/496a8e03d0c493ede1718b7934145dbdf8d89be1036b0eec9544e1094c9de390?s=96&d=mm&r=g\",\"width\":96,\"height\":96,\"caption\":\"Cand\\u00e1s 365\"},\"sameAs\":[\"https:\\\/\\\/www.facebook.com\\\/carrenoactualidad\",\"https:\\\/\\\/twitter.com\\\/nbasturias\",\"https:\\\/\\\/www.instagram.com\\\/nachofdezber\\\/\",\"https:\\\/\\\/www.youtube.com\\\/channel\\\/UCZP-2wLEB9Rv6erhFmqVnvg\"]},{\"@type\":\"WebPage\",\"@id\":\"https:\\\/\\\/candas365.es\\\/noticias\\\/desciende-el-consumo-de-tabaco-a-nivel-mundial\\\/#webpage\",\"url\":\"https:\\\/\\\/candas365.es\\\/noticias\\\/desciende-el-consumo-de-tabaco-a-nivel-mundial\\\/\",\"name\":\"Desciende el consumo de tabaco a nivel mundial | Cand\\u00e1s 365\",\"description\":\"El consumo de tabaco a desce\\u00f1ido a nivel mundial en 150 pa\\u00edses y ahora \\\"hay 19 millones de fumadores menos\\\" en todo el mundo que hace dos a\\u00f1os, seg\\u00fan\",\"inLanguage\":\"es-ES\",\"isPartOf\":{\"@id\":\"https:\\\/\\\/candas365.es\\\/noticias\\\/#website\"},\"breadcrumb\":{\"@id\":\"https:\\\/\\\/candas365.es\\\/noticias\\\/desciende-el-consumo-de-tabaco-a-nivel-mundial\\\/#breadcrumblist\"},\"author\":{\"@id\":\"https:\\\/\\\/candas365.es\\\/noticias\\\/author\\\/admin\\\/#author\"},\"creator\":{\"@id\":\"https:\\\/\\\/candas365.es\\\/noticias\\\/author\\\/admin\\\/#author\"},\"image\":{\"@type\":\"ImageObject\",\"url\":\"https:\\\/\\\/candas365.es\\\/noticias\\\/wp-content\\\/uploads\\\/2024\\\/05\\\/Desciende-el-consumo-de-tabaco.jpg\",\"@id\":\"https:\\\/\\\/candas365.es\\\/noticias\\\/desciende-el-consumo-de-tabaco-a-nivel-mundial\\\/#mainImage\",\"width\":640,\"height\":427,\"caption\":\"Desciende el consumo de tabaco\"},\"primaryImageOfPage\":{\"@id\":\"https:\\\/\\\/candas365.es\\\/noticias\\\/desciende-el-consumo-de-tabaco-a-nivel-mundial\\\/#mainImage\"},\"datePublished\":\"2024-05-27T20:13:11+02:00\",\"dateModified\":\"2024-05-27T20:13:11+02:00\"},{\"@type\":\"WebSite\",\"@id\":\"https:\\\/\\\/candas365.es\\\/noticias\\\/#website\",\"url\":\"https:\\\/\\\/candas365.es\\\/noticias\\\/\",\"name\":\"Cand\\u00e1s 365\",\"alternateName\":\"Cand\\u00e1s 365 Noticias\",\"description\":\"Actualidad desde Carre\\u00f1o para el mundo\",\"inLanguage\":\"es-ES\",\"publisher\":{\"@id\":\"https:\\\/\\\/candas365.es\\\/noticias\\\/#organization\"}}]}\n\t\t<\/script>\n\t\t<!-- All in One SEO Pro -->\r\n\t\t<title>Desciende el consumo de tabaco a nivel mundial | Cand\u00e1s 365<\/title>\n\n","aioseo_head_json":{"title":"Desciende el consumo de tabaco a nivel mundial | Cand\u00e1s 365","description":"El consumo de tabaco a desce\u00f1ido a nivel mundial en 150 pa\u00edses y ahora \"hay 19 millones de fumadores menos\" en todo el mundo que hace dos a\u00f1os, seg\u00fan","canonical_url":"https:\/\/candas365.es\/noticias\/desciende-el-consumo-de-tabaco-a-nivel-mundial\/","robots":"max-image-preview:large","keywords":"salud","webmasterTools":{"google-site-verification":"UA-32230408-1","msvalidate.01":"354F3CDFB2DA171B47FBE9ABF1F88D5","miscellaneous":""},"schema":{"@context":"https:\/\/schema.org","@graph":[{"@type":"BreadcrumbList","@id":"https:\/\/candas365.es\/noticias\/desciende-el-consumo-de-tabaco-a-nivel-mundial\/#breadcrumblist","itemListElement":[{"@type":"ListItem","@id":"https:\/\/candas365.es\/noticias#listItem","position":1,"name":"Home","item":"https:\/\/candas365.es\/noticias","nextItem":{"@type":"ListItem","@id":"https:\/\/candas365.es\/noticias\/category\/salud\/#listItem","name":"Salud"}},{"@type":"ListItem","@id":"https:\/\/candas365.es\/noticias\/category\/salud\/#listItem","position":2,"name":"Salud","item":"https:\/\/candas365.es\/noticias\/category\/salud\/","nextItem":{"@type":"ListItem","@id":"https:\/\/candas365.es\/noticias\/desciende-el-consumo-de-tabaco-a-nivel-mundial\/#listItem","name":"Desciende el consumo de tabaco a nivel mundial"},"previousItem":{"@type":"ListItem","@id":"https:\/\/candas365.es\/noticias#listItem","name":"Home"}},{"@type":"ListItem","@id":"https:\/\/candas365.es\/noticias\/desciende-el-consumo-de-tabaco-a-nivel-mundial\/#listItem","position":3,"name":"Desciende el consumo de tabaco a nivel mundial","previousItem":{"@type":"ListItem","@id":"https:\/\/candas365.es\/noticias\/category\/salud\/#listItem","name":"Salud"}}]},{"@type":"NewsArticle","@id":"https:\/\/candas365.es\/noticias\/desciende-el-consumo-de-tabaco-a-nivel-mundial\/#newsarticle","name":"Desciende el consumo de tabaco a nivel mundial | Cand\u00e1s 365","headline":"Desciende el consumo de tabaco a nivel mundial","author":{"@id":"https:\/\/candas365.es\/noticias\/author\/admin\/#author"},"publisher":{"@id":"https:\/\/candas365.es\/noticias\/#organization"},"image":{"@type":"ImageObject","url":"https:\/\/candas365.es\/noticias\/wp-content\/uploads\/2024\/05\/Desciende-el-consumo-de-tabaco.jpg","width":640,"height":427,"caption":"Desciende el consumo de tabaco"},"datePublished":"2024-05-27T20:13:11+02:00","dateModified":"2024-05-27T20:13:11+02:00","inLanguage":"es-ES","mainEntityOfPage":{"@id":"https:\/\/candas365.es\/noticias\/desciende-el-consumo-de-tabaco-a-nivel-mundial\/#webpage"},"isPartOf":{"@id":"https:\/\/candas365.es\/noticias\/desciende-el-consumo-de-tabaco-a-nivel-mundial\/#webpage"},"articleSection":"Salud, Salud","dateline":"Publicado el mayo 27, 2024."},{"@type":"Organization","@id":"https:\/\/candas365.es\/noticias\/#organization","name":"Cand\u00e1s 365","description":"Cand\u00e1s 365 es un diario digital independiente, fundado en 2012, con base en Asturias. Informamos con rigor sobre actualidad, sociedad, cultura y ocio, con una mirada local y global.","url":"https:\/\/candas365.es\/noticias\/","email":"info@candas365.es","telephone":"+34652131393","foundingDate":"2012-06-10","logo":{"@type":"ImageObject","url":"https:\/\/candas365.es\/noticias\/wp-content\/uploads\/2024\/09\/Candas-365-Redes.jpg","@id":"https:\/\/candas365.es\/noticias\/desciende-el-consumo-de-tabaco-a-nivel-mundial\/#organizationLogo","width":1152,"height":864,"caption":"Cand\u00e1s 365 Redes"},"image":{"@id":"https:\/\/candas365.es\/noticias\/desciende-el-consumo-de-tabaco-a-nivel-mundial\/#organizationLogo"},"sameAs":["https:\/\/www.facebook.com\/Nachofdezber","https:\/\/x.com\/NabercoDigital","https:\/\/www.instagram.com\/nachofdezber\/","https:\/\/www.youtube.com\/channel\/UCZP-2wLEB9Rv6erhFmqVnvg"],"address":{"@id":"https:\/\/candas365.es\/noticias\/#postaladdress","@type":"PostalAddress","streetAddress":"san antonio 4, san antonio 4","postalCode":"33430","addressLocality":"Cand\u00e1s","addressRegion":"Asturias","addressCountry":"ES"}},{"@type":"Person","@id":"https:\/\/candas365.es\/noticias\/author\/admin\/#author","url":"https:\/\/candas365.es\/noticias\/author\/admin\/","name":"Cand\u00e1s 365","image":{"@type":"ImageObject","@id":"https:\/\/candas365.es\/noticias\/desciende-el-consumo-de-tabaco-a-nivel-mundial\/#authorImage","url":"https:\/\/secure.gravatar.com\/avatar\/496a8e03d0c493ede1718b7934145dbdf8d89be1036b0eec9544e1094c9de390?s=96&d=mm&r=g","width":96,"height":96,"caption":"Cand\u00e1s 365"},"sameAs":["https:\/\/www.facebook.com\/carrenoactualidad","https:\/\/twitter.com\/nbasturias","https:\/\/www.instagram.com\/nachofdezber\/","https:\/\/www.youtube.com\/channel\/UCZP-2wLEB9Rv6erhFmqVnvg"]},{"@type":"WebPage","@id":"https:\/\/candas365.es\/noticias\/desciende-el-consumo-de-tabaco-a-nivel-mundial\/#webpage","url":"https:\/\/candas365.es\/noticias\/desciende-el-consumo-de-tabaco-a-nivel-mundial\/","name":"Desciende el consumo de tabaco a nivel mundial | Cand\u00e1s 365","description":"El consumo de tabaco a desce\u00f1ido a nivel mundial en 150 pa\u00edses y ahora \"hay 19 millones de fumadores menos\" en todo el mundo que hace dos a\u00f1os, seg\u00fan","inLanguage":"es-ES","isPartOf":{"@id":"https:\/\/candas365.es\/noticias\/#website"},"breadcrumb":{"@id":"https:\/\/candas365.es\/noticias\/desciende-el-consumo-de-tabaco-a-nivel-mundial\/#breadcrumblist"},"author":{"@id":"https:\/\/candas365.es\/noticias\/author\/admin\/#author"},"creator":{"@id":"https:\/\/candas365.es\/noticias\/author\/admin\/#author"},"image":{"@type":"ImageObject","url":"https:\/\/candas365.es\/noticias\/wp-content\/uploads\/2024\/05\/Desciende-el-consumo-de-tabaco.jpg","@id":"https:\/\/candas365.es\/noticias\/desciende-el-consumo-de-tabaco-a-nivel-mundial\/#mainImage","width":640,"height":427,"caption":"Desciende el consumo de tabaco"},"primaryImageOfPage":{"@id":"https:\/\/candas365.es\/noticias\/desciende-el-consumo-de-tabaco-a-nivel-mundial\/#mainImage"},"datePublished":"2024-05-27T20:13:11+02:00","dateModified":"2024-05-27T20:13:11+02:00"},{"@type":"WebSite","@id":"https:\/\/candas365.es\/noticias\/#website","url":"https:\/\/candas365.es\/noticias\/","name":"Cand\u00e1s 365","alternateName":"Cand\u00e1s 365 Noticias","description":"Actualidad desde Carre\u00f1o para el mundo","inLanguage":"es-ES","publisher":{"@id":"https:\/\/candas365.es\/noticias\/#organization"}}]},"og:locale":"es_ES","og:site_name":"Cand\u00e1s 365","og:type":"article","og:title":"Desciende el consumo de tabaco a nivel mundial | Cand\u00e1s 365","og:description":"El consumo de tabaco a desce\u00f1ido a nivel mundial en 150 pa\u00edses y ahora &quot;hay 19 millones de fumadores menos&quot; en todo el mundo que hace dos a\u00f1os, seg\u00fan","og:url":"https:\/\/candas365.es\/noticias\/desciende-el-consumo-de-tabaco-a-nivel-mundial\/","og:image":"https:\/\/candas365.es\/noticias\/wp-content\/uploads\/2024\/05\/Desciende-el-consumo-de-tabaco.jpg","og:image:secure_url":"https:\/\/candas365.es\/noticias\/wp-content\/uploads\/2024\/05\/Desciende-el-consumo-de-tabaco.jpg","og:image:width":640,"og:image:height":427,"article:published_time":"2024-05-27T18:13:11+00:00","article:modified_time":"2024-05-27T18:13:11+00:00","article:publisher":"https:\/\/www.facebook.com\/Nachofdezber","article:author":"https:\/\/www.facebook.com\/carrenoactualidad","twitter:card":"summary_large_image","twitter:site":"@NabercoDigital","twitter:title":"Desciende el consumo de tabaco a nivel mundial | Cand\u00e1s 365","twitter:description":"El consumo de tabaco a desce\u00f1ido a nivel mundial en 150 pa\u00edses y ahora &quot;hay 19 millones de fumadores menos&quot; en todo el mundo que hace dos a\u00f1os, seg\u00fan","twitter:creator":"@nbasturias","twitter:image":"https:\/\/candas365.es\/noticias\/wp-content\/uploads\/2024\/05\/Desciende-el-consumo-de-tabaco.jpg","twitter:label1":"Escrito por","twitter:data1":"Cand\u00e1s 365","twitter:label2":"Tiempo de lectura estimado","twitter:data2":"2 minutos"},"aioseo_meta_data":{"post_id":"181563","title":null,"description":"El consumo de tabaco a desce\u00f1ido a nivel mundial en 150 pa\u00edses y ahora \"hay 19 millones de fumadores menos\" en todo el mundo que hace dos a\u00f1os, seg\u00fan","keywords":null,"keyphrases":{"focus":{"keyphrase":"tabaco","score":100,"analysis":{"keyphraseInTitle":{"score":9,"maxScore":9,"error":0},"keyphraseInDescription":{"score":9,"maxScore":9,"error":0},"keyphraseLength":{"score":9,"maxScore":9,"error":0,"length":1},"keyphraseInURL":[],"keyphraseInIntroduction":{"score":9,"maxScore":9,"error":0},"keyphraseInSubHeadings":[],"keyphraseInImageAlt":{"score":9,"maxScore":9,"error":0},"keywordDensity":{"type":"best","score":9,"maxScore":9,"error":0}}},"additional":[{"keyphrase":"consumo de tabaco","score":100,"analysis":{"keyphraseInDescription":{"score":9,"maxScore":9,"error":0},"keyphraseLength":{"score":9,"maxScore":9,"error":0,"length":3},"keyphraseInIntroduction":{"score":9,"maxScore":9,"error":0},"keyphraseInImageAlt":{"score":9,"maxScore":9,"error":0},"keywordDensity":{"type":"best","score":9,"maxScore":9,"error":0}}}]},"primary_term":null,"canonical_url":null,"og_title":null,"og_description":null,"og_object_type":"default","og_image_type":"default","og_image_url":null,"og_image_width":null,"og_image_height":null,"og_image_custom_url":null,"og_image_custom_fields":null,"og_video":"","og_custom_url":null,"og_article_section":null,"og_article_tags":null,"twitter_use_og":false,"twitter_card":"default","twitter_image_type":"default","twitter_image_url":null,"twitter_image_custom_url":null,"twitter_image_custom_fields":null,"twitter_title":null,"twitter_description":null,"schema":{"blockGraphs":[],"customGraphs":[],"default":{"data":{"Article":[],"Course":[],"Dataset":[],"FAQPage":[],"Movie":[],"Person":[],"Product":[],"ProductReview":[],"Car":[],"Recipe":[],"Service":[],"SoftwareApplication":[],"WebPage":[]},"graphName":"Article","isEnabled":true},"graphs":[]},"schema_type":"default","schema_type_options":null,"pillar_content":false,"robots_default":true,"robots_noindex":false,"robots_noarchive":false,"robots_nosnippet":false,"robots_nofollow":false,"robots_noimageindex":false,"robots_noodp":false,"robots_notranslate":false,"robots_max_snippet":"-1","robots_max_videopreview":"-1","robots_max_imagepreview":"large","priority":null,"frequency":"default","location":null,"local_seo":null,"seo_analyzer_scan_date":"2025-09-02 11:20:29","breadcrumb_settings":null,"limit_modified_date":false,"reviewed_by":null,"open_ai":"{\"title\":{\"suggestions\":[],\"usage\":0},\"description\":{\"suggestions\":[],\"usage\":0}}","ai":null,"created":"2024-05-27 18:08:18","updated":"2025-09-02 11:20:29"},"aioseo_breadcrumb":"<div class=\"aioseo-breadcrumbs\"><span class=\"aioseo-breadcrumb\">\n\t<a href=\"https:\/\/candas365.es\/noticias\" title=\"Home\">Home<\/a>\n<\/span><span class=\"aioseo-breadcrumb-separator\">&ndash;<\/span><span class=\"aioseo-breadcrumb\">\n\t<a href=\"https:\/\/candas365.es\/noticias\/category\/salud\/\" title=\"Salud\">Salud<\/a>\n<\/span><span class=\"aioseo-breadcrumb-separator\">&ndash;<\/span><span class=\"aioseo-breadcrumb\">\n\tDesciende el consumo de tabaco a nivel mundial\n<\/span><\/div>","aioseo_breadcrumb_json":[{"label":"Home","link":"https:\/\/candas365.es\/noticias"},{"label":"Salud","link":"https:\/\/candas365.es\/noticias\/category\/salud\/"},{"label":"Desciende el consumo de tabaco a nivel mundial","link":"https:\/\/candas365.es\/noticias\/desciende-el-consumo-de-tabaco-a-nivel-mundial\/"}],"_links":{"self":[{"href":"https:\/\/candas365.es\/noticias\/wp-json\/wp\/v2\/posts\/181563","targetHints":{"allow":["GET"]}}],"collection":[{"href":"https:\/\/candas365.es\/noticias\/wp-json\/wp\/v2\/posts"}],"about":[{"href":"https:\/\/candas365.es\/noticias\/wp-json\/wp\/v2\/types\/post"}],"author":[{"embeddable":true,"href":"https:\/\/candas365.es\/noticias\/wp-json\/wp\/v2\/users\/1"}],"replies":[{"embeddable":true,"href":"https:\/\/candas365.es\/noticias\/wp-json\/wp\/v2\/comments?post=181563"}],"version-history":[{"count":0,"href":"https:\/\/candas365.es\/noticias\/wp-json\/wp\/v2\/posts\/181563\/revisions"}],"wp:featuredmedia":[{"embeddable":true,"href":"https:\/\/candas365.es\/noticias\/wp-json\/wp\/v2\/media\/181564"}],"wp:attachment":[{"href":"https:\/\/candas365.es\/noticias\/wp-json\/wp\/v2\/media?parent=181563"}],"wp:term":[{"taxonomy":"category","embeddable":true,"href":"https:\/\/candas365.es\/noticias\/wp-json\/wp\/v2\/categories?post=181563"},{"taxonomy":"post_tag","embeddable":true,"href":"https:\/\/candas365.es\/noticias\/wp-json\/wp\/v2\/tags?post=181563"}],"curies":[{"name":"wp","href":"https:\/\/api.w.org\/{rel}","templated":true}]}}