{"id":181502,"date":"2024-05-26T00:58:16","date_gmt":"2024-05-25T22:58:16","guid":{"rendered":"https:\/\/candas365.es\/noticias\/?p=181502"},"modified":"2024-05-26T00:58:16","modified_gmt":"2024-05-25T22:58:16","slug":"nach-raumung-an-humboldt-uni-respekt-und-lob-fur-prasidentin","status":"publish","type":"post","link":"https:\/\/candas365.es\/noticias\/nach-raumung-an-humboldt-uni-respekt-und-lob-fur-prasidentin\/","title":{"rendered":"Nach R\u00e4umung an Humboldt-Uni &#8211; Respekt und Lob f\u00fcr Pr\u00e4sidentin"},"content":{"rendered":"<p>Berlin (<a title=\"dpa\" href=\"https:\/\/www.dpa-news.de\/\" target=\"_blank\" rel=\"noopener\"><span style=\"color: #ff6600;\"><strong>dpa<\/strong><\/span><\/a>) &#8211; F\u00fcr ihre Strategie des Dialogs mit propal\u00e4stinensischen Besetzern hat die Pr\u00e4sidentin der Berliner Humboldt-Universit\u00e4t (HU) Unterst\u00fctzung vom Senat und von der Technischen Universit\u00e4t erhalten. \u00abMein gro\u00dfer Respekt gilt Julia von Blumenthal, die in dieser schwierigen Situation \u00e4u\u00dferst besonnen reagiert und klare Grenzen gezeigt hat, aber auch Dialogbereitschaft\u00bb, erkl\u00e4rte die Pr\u00e4sidentin der TU, Geraldine Rauch, am Freitag. Auch Wissenschaftssenatorin Ina Czyborra sagte, die HU-Leitung habe richtig gehandelt: \u00abdeeskalierend, wo es sinnvoll erschien, dialogorientiert mit Augenma\u00df und in der Folge konsequent\u00bb. Die Senatsverwaltung f\u00fcr Wissenschaft habe den Dialog unterst\u00fctzt, hie\u00df es, zugleich sei die Beendigung der Besetzung am Donnerstagabend richtig gewesen.<\/p>\n<figure id=\"attachment_181503\" aria-describedby=\"caption-attachment-181503\" style=\"width: 650px\" class=\"wp-caption aligncenter\"><img fetchpriority=\"high\" decoding=\"async\" class=\"size-large wp-image-181503\" src=\"https:\/\/candas365.es\/noticias\/wp-content\/uploads\/2024\/05\/Prasidentin-650x474.jpg\" alt=\"Pr\u00e4sidentin\" width=\"650\" height=\"474\" srcset=\"https:\/\/candas365.es\/noticias\/wp-content\/uploads\/2024\/05\/Prasidentin-650x474.jpg 650w, https:\/\/candas365.es\/noticias\/wp-content\/uploads\/2024\/05\/Prasidentin-360x262.jpg 360w, https:\/\/candas365.es\/noticias\/wp-content\/uploads\/2024\/05\/Prasidentin-768x560.jpg 768w, https:\/\/candas365.es\/noticias\/wp-content\/uploads\/2024\/05\/Prasidentin-150x109.jpg 150w, https:\/\/candas365.es\/noticias\/wp-content\/uploads\/2024\/05\/Prasidentin-450x328.jpg 450w, https:\/\/candas365.es\/noticias\/wp-content\/uploads\/2024\/05\/Prasidentin.jpg 914w\" sizes=\"(max-width: 650px) 100vw, 650px\" \/><figcaption id=\"caption-attachment-181503\" class=\"wp-caption-text\">Foto: Soeren Stache\/dpa<\/figcaption><\/figure>\n<p>Propal\u00e4stinensische Aktivisten hatten am Mittwoch HU-R\u00e4ume aus Protest gegen Israel und zur Unterst\u00fctzung der Pal\u00e4stinenser besetzt. Die Universit\u00e4tsleitung duldete das zun\u00e4chst und setzte auf einen Dialog mit Besetzern und Wissenschaftlern. Am Donnerstagabend r\u00e4umte die Polizei das besetzte Geb\u00e4ude.<\/p>\n<p>Nach ersten Angaben leitete die Polizei 25 Strafermittlungsverfahren ein. 169 Menschen seien am Donnerstagabend kurzzeitig festgenommen worden, um deren Identit\u00e4t festzustellen, sagte eine Polizeisprecherin am Freitag. Sechs weitere sogenannte freiheitsbeschr\u00e4nkende Ma\u00dfnahmen habe es bei einer anschlie\u00dfenden Kundgebung gegeben sowie sechs weitere Anzeigen.<\/p>\n<h2>TU-Pr\u00e4sidentin kritisiert \u00abmangelndes Vertrauen in Hochschulleitungen\u00bb<\/h2>\n<p>Die Entscheidung zur R\u00e4umung des Geb\u00e4udes der Berliner Humboldt-Universit\u00e4t wurde laut Senatorin Czyborra zusammen von Senat und Universit\u00e4t getroffen worden. \u00abWir haben uns gemeinsam darauf verst\u00e4ndigt, dass die Universit\u00e4tsleitung die Besetzung beendet und die Demonstranten aufgefordert werden, das besetzte Institut zu verlassen\u00bb, teilte sie mit Blick auf ein Gespr\u00e4ch zwischen dem Regierenden B\u00fcrgermeister Kai Wegner, der f\u00fcr die Polizei zust\u00e4ndigen Innensenatorin Iris Spranger, von Blumenthal und ihr selbst mit. Von Blumenthal hatte dagegen erkl\u00e4rt, die Anweisung zur R\u00e4umung sei \u00abvon ganz oben\u00bb gekommen.<\/p>\n<p>TU-Pr\u00e4sidentin Rauch nannte das Vorgehen von Wegner und Czyborra \u00ab\u00e4u\u00dferst befremdlich\u00bb. \u00abFrau von Blumenthal h\u00e4tte auch ohne Anweisung von oben r\u00e4umen lassen, wenn der Dialog endg\u00fcltig gescheitert w\u00e4re. Nicht nur zeigt dies mangelndes Vertrauen in die Hochschulleitungen, es untergr\u00e4bt auch die Hochschulautonomie an sich.\u00bb<\/p>\n<h2>\u00abMit Duldung an Grenze gegangen\u00bb<\/h2>\n<p>Von Blumenthal verteidigte ihr Vorgehen am Freitag im RBB-Inforadio. \u00abWir sind mit unserer Duldung an eine Grenze gegangen, weil wir davon \u00fcberzeugt sind, dass es notwendig ist, diese Grenzen auszuloten, ob wir mit den Studierenden noch in einen Dialog kommen k\u00f6nnen.\u00bb Mit einer von zwei beteiligten Studentengruppen sei es m\u00f6glich gewesen, in Dialog zu treten und Vereinbarungen zu treffen, etwa keine weiteren Graffiti-Schmierereien vorzunehmen.<\/p>\n<p>Die R\u00e4umung begann aus ihrer Sicht etwas zu fr\u00fch. \u00abWir waren (&#8230;) in der Situation dort in einem Dialog, und aus unserer Sicht h\u00e4tten wir noch etwas Zeit gebraucht, um zu sehen, ob wir selbst diesen Dialog zu einem Ergebnis f\u00fchren k\u00f6nnen oder nicht\u00bb, sagte von Blumenthal dazu. \u00abWir wollten eben diesen Versuch selbst an ein Ende f\u00fchren. Und so mussten wir den Dialogversuch abbrechen.\u00bb<\/p>\n<p>\u00abDie Frage der R\u00e4umung war f\u00fcr uns immer eine Option\u00bb, erl\u00e4uterte die Universit\u00e4ts-Pr\u00e4sidentin in dem RBB-Interview. Es sei klar gewesen, dass die Uni den Besetzern eine Frist gesetzt habe. \u00abWir h\u00e4tten sie nach dieser Frist aufgefordert zu gehen, und wenn sie nicht freiwillig gegangen w\u00e4ren, h\u00e4tten auch wir ger\u00e4umt\u00bb, so von Blumenthal. \u00abSelbstverst\u00e4ndlich. Wir h\u00e4tten diese Besetzung nicht l\u00e4nger als \u00fcber diesen Abend hinaus geduldet.\u00bb<\/p>\n","protected":false},"excerpt":{"rendered":"<p>Berlin (dpa) &#8211; F\u00fcr ihre Strategie des Dialogs mit propal\u00e4stinensischen Besetzern hat die Pr\u00e4sidentin der Berliner Humboldt-Universit\u00e4t (HU) Unterst\u00fctzung vom Senat und von der Technischen Universit\u00e4t erhalten. \u00abMein gro\u00dfer Respekt gilt Julia von Blumenthal, die in dieser schwierigen Situation \u00e4u\u00dferst besonnen reagiert und klare Grenzen gezeigt hat, aber auch Dialogbereitschaft\u00bb, erkl\u00e4rte die Pr\u00e4sidentin der TU,<\/p>\n","protected":false},"author":1,"featured_media":181503,"comment_status":"closed","ping_status":"closed","sticky":false,"template":"","format":"standard","meta":{"footnotes":""},"categories":[536],"tags":[427],"class_list":{"0":"post-181502","1":"post","2":"type-post","3":"status-publish","4":"format-standard","5":"has-post-thumbnail","7":"category-candas-news","8":"tag-news"},"aioseo_notices":[],"aioseo_head":"\n\t\t<!-- All in One SEO Pro 4.9.6.2 - aioseo.com -->\n\t<meta name=\"description\" content=\"Berlin (dpa) - F\u00fcr ihre Strategie des Dialogs mit propal\u00e4stinensischen Besetzern hat die Pr\u00e4sidentin der Berliner Humboldt-Universit\u00e4t (HU) Unterst\u00fctzung\" \/>\n\t<meta name=\"robots\" content=\"max-image-preview:large\" \/>\n\t<meta name=\"author\" content=\"Cand\u00e1s 365\"\/>\n\t<meta name=\"google-site-verification\" content=\"UA-32230408-1\" \/>\n\t<meta name=\"msvalidate.01\" content=\"354F3CDFB2DA171B47FBE9ABF1F88D5\" \/>\n\t<meta name=\"keywords\" content=\"news\" \/>\n\t<link rel=\"canonical\" href=\"https:\/\/candas365.es\/noticias\/nach-raumung-an-humboldt-uni-respekt-und-lob-fur-prasidentin\/\" \/>\n\t<meta name=\"generator\" content=\"All in One SEO Pro (AIOSEO) 4.9.6.2\" \/>\n\t\t<meta property=\"og:locale\" content=\"es_ES\" \/>\n\t\t<meta property=\"og:site_name\" content=\"Cand\u00e1s 365\" \/>\n\t\t<meta property=\"og:type\" content=\"article\" \/>\n\t\t<meta property=\"og:title\" content=\"Nach R\u00e4umung an Humboldt-Uni \u2013 Respekt und Lob f\u00fcr Pr\u00e4sidentin | Cand\u00e1s 365\" \/>\n\t\t<meta property=\"og:description\" content=\"Berlin (dpa) - F\u00fcr ihre Strategie des Dialogs mit propal\u00e4stinensischen Besetzern hat die Pr\u00e4sidentin der Berliner Humboldt-Universit\u00e4t (HU) Unterst\u00fctzung\" \/>\n\t\t<meta property=\"og:url\" content=\"https:\/\/candas365.es\/noticias\/nach-raumung-an-humboldt-uni-respekt-und-lob-fur-prasidentin\/\" \/>\n\t\t<meta property=\"og:image\" content=\"https:\/\/candas365.es\/noticias\/wp-content\/uploads\/2024\/05\/Prasidentin.jpg\" \/>\n\t\t<meta property=\"og:image:secure_url\" content=\"https:\/\/candas365.es\/noticias\/wp-content\/uploads\/2024\/05\/Prasidentin.jpg\" \/>\n\t\t<meta property=\"og:image:width\" content=\"914\" \/>\n\t\t<meta property=\"og:image:height\" content=\"666\" \/>\n\t\t<meta property=\"article:published_time\" content=\"2024-05-25T22:58:16+00:00\" \/>\n\t\t<meta property=\"article:modified_time\" content=\"2024-05-25T22:58:16+00:00\" \/>\n\t\t<meta property=\"article:publisher\" content=\"https:\/\/www.facebook.com\/Nachofdezber\" \/>\n\t\t<meta property=\"article:author\" content=\"https:\/\/www.facebook.com\/carrenoactualidad\" \/>\n\t\t<meta name=\"twitter:card\" content=\"summary_large_image\" \/>\n\t\t<meta name=\"twitter:site\" content=\"@NabercoDigital\" \/>\n\t\t<meta name=\"twitter:title\" content=\"Nach R\u00e4umung an Humboldt-Uni \u2013 Respekt und Lob f\u00fcr Pr\u00e4sidentin | Cand\u00e1s 365\" \/>\n\t\t<meta name=\"twitter:description\" content=\"Berlin (dpa) - F\u00fcr ihre Strategie des Dialogs mit propal\u00e4stinensischen Besetzern hat die Pr\u00e4sidentin der Berliner Humboldt-Universit\u00e4t (HU) Unterst\u00fctzung\" \/>\n\t\t<meta name=\"twitter:creator\" content=\"@nbasturias\" \/>\n\t\t<meta name=\"twitter:image\" content=\"https:\/\/candas365.es\/noticias\/wp-content\/uploads\/2024\/05\/Prasidentin.jpg\" \/>\n\t\t<meta name=\"twitter:label1\" content=\"Escrito por\" \/>\n\t\t<meta name=\"twitter:data1\" content=\"Cand\u00e1s 365\" \/>\n\t\t<meta name=\"twitter:label2\" content=\"Tiempo de lectura estimado\" \/>\n\t\t<meta name=\"twitter:data2\" content=\"3 minutos\" \/>\n\t\t<script type=\"application\/ld+json\" class=\"aioseo-schema\">\n\t\t\t{\"@context\":\"https:\\\/\\\/schema.org\",\"@graph\":[{\"@type\":\"BreadcrumbList\",\"@id\":\"https:\\\/\\\/candas365.es\\\/noticias\\\/nach-raumung-an-humboldt-uni-respekt-und-lob-fur-prasidentin\\\/#breadcrumblist\",\"itemListElement\":[{\"@type\":\"ListItem\",\"@id\":\"https:\\\/\\\/candas365.es\\\/noticias#listItem\",\"position\":1,\"name\":\"Home\",\"item\":\"https:\\\/\\\/candas365.es\\\/noticias\",\"nextItem\":{\"@type\":\"ListItem\",\"@id\":\"https:\\\/\\\/candas365.es\\\/noticias\\\/category\\\/candas-news\\\/#listItem\",\"name\":\"News\"}},{\"@type\":\"ListItem\",\"@id\":\"https:\\\/\\\/candas365.es\\\/noticias\\\/category\\\/candas-news\\\/#listItem\",\"position\":2,\"name\":\"News\",\"item\":\"https:\\\/\\\/candas365.es\\\/noticias\\\/category\\\/candas-news\\\/\",\"nextItem\":{\"@type\":\"ListItem\",\"@id\":\"https:\\\/\\\/candas365.es\\\/noticias\\\/nach-raumung-an-humboldt-uni-respekt-und-lob-fur-prasidentin\\\/#listItem\",\"name\":\"Nach R\\u00e4umung an Humboldt-Uni &#8211; Respekt und Lob f\\u00fcr Pr\\u00e4sidentin\"},\"previousItem\":{\"@type\":\"ListItem\",\"@id\":\"https:\\\/\\\/candas365.es\\\/noticias#listItem\",\"name\":\"Home\"}},{\"@type\":\"ListItem\",\"@id\":\"https:\\\/\\\/candas365.es\\\/noticias\\\/nach-raumung-an-humboldt-uni-respekt-und-lob-fur-prasidentin\\\/#listItem\",\"position\":3,\"name\":\"Nach R\\u00e4umung an Humboldt-Uni &#8211; Respekt und Lob f\\u00fcr Pr\\u00e4sidentin\",\"previousItem\":{\"@type\":\"ListItem\",\"@id\":\"https:\\\/\\\/candas365.es\\\/noticias\\\/category\\\/candas-news\\\/#listItem\",\"name\":\"News\"}}]},{\"@type\":\"NewsArticle\",\"@id\":\"https:\\\/\\\/candas365.es\\\/noticias\\\/nach-raumung-an-humboldt-uni-respekt-und-lob-fur-prasidentin\\\/#newsarticle\",\"name\":\"Nach R\\u00e4umung an Humboldt-Uni \\u2013 Respekt und Lob f\\u00fcr Pr\\u00e4sidentin | Cand\\u00e1s 365\",\"headline\":\"Nach R\\u00e4umung an Humboldt-Uni &#8211; Respekt und Lob f\\u00fcr Pr\\u00e4sidentin\",\"author\":{\"@id\":\"https:\\\/\\\/candas365.es\\\/noticias\\\/author\\\/admin\\\/#author\"},\"publisher\":{\"@id\":\"https:\\\/\\\/candas365.es\\\/noticias\\\/#organization\"},\"image\":{\"@type\":\"ImageObject\",\"url\":\"https:\\\/\\\/candas365.es\\\/noticias\\\/wp-content\\\/uploads\\\/2024\\\/05\\\/Prasidentin.jpg\",\"width\":914,\"height\":666,\"caption\":\"Foto: Soeren Stache\\\/dpa\"},\"datePublished\":\"2024-05-26T00:58:16+02:00\",\"dateModified\":\"2024-05-26T00:58:16+02:00\",\"inLanguage\":\"es-ES\",\"mainEntityOfPage\":{\"@id\":\"https:\\\/\\\/candas365.es\\\/noticias\\\/nach-raumung-an-humboldt-uni-respekt-und-lob-fur-prasidentin\\\/#webpage\"},\"isPartOf\":{\"@id\":\"https:\\\/\\\/candas365.es\\\/noticias\\\/nach-raumung-an-humboldt-uni-respekt-und-lob-fur-prasidentin\\\/#webpage\"},\"articleSection\":\"News, news\",\"dateline\":\"Publicado el mayo 26, 2024.\"},{\"@type\":\"Organization\",\"@id\":\"https:\\\/\\\/candas365.es\\\/noticias\\\/#organization\",\"name\":\"Cand\\u00e1s 365\",\"description\":\"Cand\\u00e1s 365 es un diario digital independiente, fundado en 2012, con base en Asturias. Informamos con rigor sobre actualidad, sociedad, cultura y ocio, con una mirada local y global.\",\"url\":\"https:\\\/\\\/candas365.es\\\/noticias\\\/\",\"email\":\"info@candas365.es\",\"telephone\":\"+34652131393\",\"foundingDate\":\"2012-06-10\",\"logo\":{\"@type\":\"ImageObject\",\"url\":\"https:\\\/\\\/candas365.es\\\/noticias\\\/wp-content\\\/uploads\\\/2024\\\/09\\\/Candas-365-Redes.jpg\",\"@id\":\"https:\\\/\\\/candas365.es\\\/noticias\\\/nach-raumung-an-humboldt-uni-respekt-und-lob-fur-prasidentin\\\/#organizationLogo\",\"width\":1152,\"height\":864,\"caption\":\"Cand\\u00e1s 365 Redes\"},\"image\":{\"@id\":\"https:\\\/\\\/candas365.es\\\/noticias\\\/nach-raumung-an-humboldt-uni-respekt-und-lob-fur-prasidentin\\\/#organizationLogo\"},\"sameAs\":[\"https:\\\/\\\/www.facebook.com\\\/Nachofdezber\",\"https:\\\/\\\/x.com\\\/NabercoDigital\",\"https:\\\/\\\/www.instagram.com\\\/nachofdezber\\\/\",\"https:\\\/\\\/www.youtube.com\\\/channel\\\/UCZP-2wLEB9Rv6erhFmqVnvg\"],\"address\":{\"@id\":\"https:\\\/\\\/candas365.es\\\/noticias\\\/#postaladdress\",\"@type\":\"PostalAddress\",\"streetAddress\":\"san antonio 4, san antonio 4\",\"postalCode\":\"33430\",\"addressLocality\":\"Cand\\u00e1s\",\"addressRegion\":\"Asturias\",\"addressCountry\":\"ES\"}},{\"@type\":\"Person\",\"@id\":\"https:\\\/\\\/candas365.es\\\/noticias\\\/author\\\/admin\\\/#author\",\"url\":\"https:\\\/\\\/candas365.es\\\/noticias\\\/author\\\/admin\\\/\",\"name\":\"Cand\\u00e1s 365\",\"image\":{\"@type\":\"ImageObject\",\"@id\":\"https:\\\/\\\/candas365.es\\\/noticias\\\/nach-raumung-an-humboldt-uni-respekt-und-lob-fur-prasidentin\\\/#authorImage\",\"url\":\"https:\\\/\\\/secure.gravatar.com\\\/avatar\\\/496a8e03d0c493ede1718b7934145dbdf8d89be1036b0eec9544e1094c9de390?s=96&d=mm&r=g\",\"width\":96,\"height\":96,\"caption\":\"Cand\\u00e1s 365\"},\"sameAs\":[\"https:\\\/\\\/www.facebook.com\\\/carrenoactualidad\",\"https:\\\/\\\/twitter.com\\\/nbasturias\",\"https:\\\/\\\/www.instagram.com\\\/nachofdezber\\\/\",\"https:\\\/\\\/www.youtube.com\\\/channel\\\/UCZP-2wLEB9Rv6erhFmqVnvg\"]},{\"@type\":\"WebPage\",\"@id\":\"https:\\\/\\\/candas365.es\\\/noticias\\\/nach-raumung-an-humboldt-uni-respekt-und-lob-fur-prasidentin\\\/#webpage\",\"url\":\"https:\\\/\\\/candas365.es\\\/noticias\\\/nach-raumung-an-humboldt-uni-respekt-und-lob-fur-prasidentin\\\/\",\"name\":\"Nach R\\u00e4umung an Humboldt-Uni \\u2013 Respekt und Lob f\\u00fcr Pr\\u00e4sidentin | Cand\\u00e1s 365\",\"description\":\"Berlin (dpa) - F\\u00fcr ihre Strategie des Dialogs mit propal\\u00e4stinensischen Besetzern hat die Pr\\u00e4sidentin der Berliner Humboldt-Universit\\u00e4t (HU) Unterst\\u00fctzung\",\"inLanguage\":\"es-ES\",\"isPartOf\":{\"@id\":\"https:\\\/\\\/candas365.es\\\/noticias\\\/#website\"},\"breadcrumb\":{\"@id\":\"https:\\\/\\\/candas365.es\\\/noticias\\\/nach-raumung-an-humboldt-uni-respekt-und-lob-fur-prasidentin\\\/#breadcrumblist\"},\"author\":{\"@id\":\"https:\\\/\\\/candas365.es\\\/noticias\\\/author\\\/admin\\\/#author\"},\"creator\":{\"@id\":\"https:\\\/\\\/candas365.es\\\/noticias\\\/author\\\/admin\\\/#author\"},\"image\":{\"@type\":\"ImageObject\",\"url\":\"https:\\\/\\\/candas365.es\\\/noticias\\\/wp-content\\\/uploads\\\/2024\\\/05\\\/Prasidentin.jpg\",\"@id\":\"https:\\\/\\\/candas365.es\\\/noticias\\\/nach-raumung-an-humboldt-uni-respekt-und-lob-fur-prasidentin\\\/#mainImage\",\"width\":914,\"height\":666,\"caption\":\"Foto: Soeren Stache\\\/dpa\"},\"primaryImageOfPage\":{\"@id\":\"https:\\\/\\\/candas365.es\\\/noticias\\\/nach-raumung-an-humboldt-uni-respekt-und-lob-fur-prasidentin\\\/#mainImage\"},\"datePublished\":\"2024-05-26T00:58:16+02:00\",\"dateModified\":\"2024-05-26T00:58:16+02:00\"},{\"@type\":\"WebSite\",\"@id\":\"https:\\\/\\\/candas365.es\\\/noticias\\\/#website\",\"url\":\"https:\\\/\\\/candas365.es\\\/noticias\\\/\",\"name\":\"Cand\\u00e1s 365\",\"alternateName\":\"Cand\\u00e1s 365 Noticias\",\"description\":\"Actualidad desde Carre\\u00f1o para el mundo\",\"inLanguage\":\"es-ES\",\"publisher\":{\"@id\":\"https:\\\/\\\/candas365.es\\\/noticias\\\/#organization\"}}]}\n\t\t<\/script>\n\t\t<!-- All in One SEO Pro -->\r\n\t\t<title>Nach R\u00e4umung an Humboldt-Uni \u2013 Respekt und Lob f\u00fcr Pr\u00e4sidentin | Cand\u00e1s 365<\/title>\n\n","aioseo_head_json":{"title":"Nach R\u00e4umung an Humboldt-Uni \u2013 Respekt und Lob f\u00fcr Pr\u00e4sidentin | Cand\u00e1s 365","description":"Berlin (dpa) - F\u00fcr ihre Strategie des Dialogs mit propal\u00e4stinensischen Besetzern hat die Pr\u00e4sidentin der Berliner Humboldt-Universit\u00e4t (HU) Unterst\u00fctzung","canonical_url":"https:\/\/candas365.es\/noticias\/nach-raumung-an-humboldt-uni-respekt-und-lob-fur-prasidentin\/","robots":"max-image-preview:large","keywords":"news","webmasterTools":{"google-site-verification":"UA-32230408-1","msvalidate.01":"354F3CDFB2DA171B47FBE9ABF1F88D5","miscellaneous":""},"schema":{"@context":"https:\/\/schema.org","@graph":[{"@type":"BreadcrumbList","@id":"https:\/\/candas365.es\/noticias\/nach-raumung-an-humboldt-uni-respekt-und-lob-fur-prasidentin\/#breadcrumblist","itemListElement":[{"@type":"ListItem","@id":"https:\/\/candas365.es\/noticias#listItem","position":1,"name":"Home","item":"https:\/\/candas365.es\/noticias","nextItem":{"@type":"ListItem","@id":"https:\/\/candas365.es\/noticias\/category\/candas-news\/#listItem","name":"News"}},{"@type":"ListItem","@id":"https:\/\/candas365.es\/noticias\/category\/candas-news\/#listItem","position":2,"name":"News","item":"https:\/\/candas365.es\/noticias\/category\/candas-news\/","nextItem":{"@type":"ListItem","@id":"https:\/\/candas365.es\/noticias\/nach-raumung-an-humboldt-uni-respekt-und-lob-fur-prasidentin\/#listItem","name":"Nach R\u00e4umung an Humboldt-Uni &#8211; Respekt und Lob f\u00fcr Pr\u00e4sidentin"},"previousItem":{"@type":"ListItem","@id":"https:\/\/candas365.es\/noticias#listItem","name":"Home"}},{"@type":"ListItem","@id":"https:\/\/candas365.es\/noticias\/nach-raumung-an-humboldt-uni-respekt-und-lob-fur-prasidentin\/#listItem","position":3,"name":"Nach R\u00e4umung an Humboldt-Uni &#8211; Respekt und Lob f\u00fcr Pr\u00e4sidentin","previousItem":{"@type":"ListItem","@id":"https:\/\/candas365.es\/noticias\/category\/candas-news\/#listItem","name":"News"}}]},{"@type":"NewsArticle","@id":"https:\/\/candas365.es\/noticias\/nach-raumung-an-humboldt-uni-respekt-und-lob-fur-prasidentin\/#newsarticle","name":"Nach R\u00e4umung an Humboldt-Uni \u2013 Respekt und Lob f\u00fcr Pr\u00e4sidentin | Cand\u00e1s 365","headline":"Nach R\u00e4umung an Humboldt-Uni &#8211; Respekt und Lob f\u00fcr Pr\u00e4sidentin","author":{"@id":"https:\/\/candas365.es\/noticias\/author\/admin\/#author"},"publisher":{"@id":"https:\/\/candas365.es\/noticias\/#organization"},"image":{"@type":"ImageObject","url":"https:\/\/candas365.es\/noticias\/wp-content\/uploads\/2024\/05\/Prasidentin.jpg","width":914,"height":666,"caption":"Foto: Soeren Stache\/dpa"},"datePublished":"2024-05-26T00:58:16+02:00","dateModified":"2024-05-26T00:58:16+02:00","inLanguage":"es-ES","mainEntityOfPage":{"@id":"https:\/\/candas365.es\/noticias\/nach-raumung-an-humboldt-uni-respekt-und-lob-fur-prasidentin\/#webpage"},"isPartOf":{"@id":"https:\/\/candas365.es\/noticias\/nach-raumung-an-humboldt-uni-respekt-und-lob-fur-prasidentin\/#webpage"},"articleSection":"News, news","dateline":"Publicado el mayo 26, 2024."},{"@type":"Organization","@id":"https:\/\/candas365.es\/noticias\/#organization","name":"Cand\u00e1s 365","description":"Cand\u00e1s 365 es un diario digital independiente, fundado en 2012, con base en Asturias. Informamos con rigor sobre actualidad, sociedad, cultura y ocio, con una mirada local y global.","url":"https:\/\/candas365.es\/noticias\/","email":"info@candas365.es","telephone":"+34652131393","foundingDate":"2012-06-10","logo":{"@type":"ImageObject","url":"https:\/\/candas365.es\/noticias\/wp-content\/uploads\/2024\/09\/Candas-365-Redes.jpg","@id":"https:\/\/candas365.es\/noticias\/nach-raumung-an-humboldt-uni-respekt-und-lob-fur-prasidentin\/#organizationLogo","width":1152,"height":864,"caption":"Cand\u00e1s 365 Redes"},"image":{"@id":"https:\/\/candas365.es\/noticias\/nach-raumung-an-humboldt-uni-respekt-und-lob-fur-prasidentin\/#organizationLogo"},"sameAs":["https:\/\/www.facebook.com\/Nachofdezber","https:\/\/x.com\/NabercoDigital","https:\/\/www.instagram.com\/nachofdezber\/","https:\/\/www.youtube.com\/channel\/UCZP-2wLEB9Rv6erhFmqVnvg"],"address":{"@id":"https:\/\/candas365.es\/noticias\/#postaladdress","@type":"PostalAddress","streetAddress":"san antonio 4, san antonio 4","postalCode":"33430","addressLocality":"Cand\u00e1s","addressRegion":"Asturias","addressCountry":"ES"}},{"@type":"Person","@id":"https:\/\/candas365.es\/noticias\/author\/admin\/#author","url":"https:\/\/candas365.es\/noticias\/author\/admin\/","name":"Cand\u00e1s 365","image":{"@type":"ImageObject","@id":"https:\/\/candas365.es\/noticias\/nach-raumung-an-humboldt-uni-respekt-und-lob-fur-prasidentin\/#authorImage","url":"https:\/\/secure.gravatar.com\/avatar\/496a8e03d0c493ede1718b7934145dbdf8d89be1036b0eec9544e1094c9de390?s=96&d=mm&r=g","width":96,"height":96,"caption":"Cand\u00e1s 365"},"sameAs":["https:\/\/www.facebook.com\/carrenoactualidad","https:\/\/twitter.com\/nbasturias","https:\/\/www.instagram.com\/nachofdezber\/","https:\/\/www.youtube.com\/channel\/UCZP-2wLEB9Rv6erhFmqVnvg"]},{"@type":"WebPage","@id":"https:\/\/candas365.es\/noticias\/nach-raumung-an-humboldt-uni-respekt-und-lob-fur-prasidentin\/#webpage","url":"https:\/\/candas365.es\/noticias\/nach-raumung-an-humboldt-uni-respekt-und-lob-fur-prasidentin\/","name":"Nach R\u00e4umung an Humboldt-Uni \u2013 Respekt und Lob f\u00fcr Pr\u00e4sidentin | Cand\u00e1s 365","description":"Berlin (dpa) - F\u00fcr ihre Strategie des Dialogs mit propal\u00e4stinensischen Besetzern hat die Pr\u00e4sidentin der Berliner Humboldt-Universit\u00e4t (HU) Unterst\u00fctzung","inLanguage":"es-ES","isPartOf":{"@id":"https:\/\/candas365.es\/noticias\/#website"},"breadcrumb":{"@id":"https:\/\/candas365.es\/noticias\/nach-raumung-an-humboldt-uni-respekt-und-lob-fur-prasidentin\/#breadcrumblist"},"author":{"@id":"https:\/\/candas365.es\/noticias\/author\/admin\/#author"},"creator":{"@id":"https:\/\/candas365.es\/noticias\/author\/admin\/#author"},"image":{"@type":"ImageObject","url":"https:\/\/candas365.es\/noticias\/wp-content\/uploads\/2024\/05\/Prasidentin.jpg","@id":"https:\/\/candas365.es\/noticias\/nach-raumung-an-humboldt-uni-respekt-und-lob-fur-prasidentin\/#mainImage","width":914,"height":666,"caption":"Foto: Soeren Stache\/dpa"},"primaryImageOfPage":{"@id":"https:\/\/candas365.es\/noticias\/nach-raumung-an-humboldt-uni-respekt-und-lob-fur-prasidentin\/#mainImage"},"datePublished":"2024-05-26T00:58:16+02:00","dateModified":"2024-05-26T00:58:16+02:00"},{"@type":"WebSite","@id":"https:\/\/candas365.es\/noticias\/#website","url":"https:\/\/candas365.es\/noticias\/","name":"Cand\u00e1s 365","alternateName":"Cand\u00e1s 365 Noticias","description":"Actualidad desde Carre\u00f1o para el mundo","inLanguage":"es-ES","publisher":{"@id":"https:\/\/candas365.es\/noticias\/#organization"}}]},"og:locale":"es_ES","og:site_name":"Cand\u00e1s 365","og:type":"article","og:title":"Nach R\u00e4umung an Humboldt-Uni \u2013 Respekt und Lob f\u00fcr Pr\u00e4sidentin | Cand\u00e1s 365","og:description":"Berlin (dpa) - F\u00fcr ihre Strategie des Dialogs mit propal\u00e4stinensischen Besetzern hat die Pr\u00e4sidentin der Berliner Humboldt-Universit\u00e4t (HU) Unterst\u00fctzung","og:url":"https:\/\/candas365.es\/noticias\/nach-raumung-an-humboldt-uni-respekt-und-lob-fur-prasidentin\/","og:image":"https:\/\/candas365.es\/noticias\/wp-content\/uploads\/2024\/05\/Prasidentin.jpg","og:image:secure_url":"https:\/\/candas365.es\/noticias\/wp-content\/uploads\/2024\/05\/Prasidentin.jpg","og:image:width":914,"og:image:height":666,"article:published_time":"2024-05-25T22:58:16+00:00","article:modified_time":"2024-05-25T22:58:16+00:00","article:publisher":"https:\/\/www.facebook.com\/Nachofdezber","article:author":"https:\/\/www.facebook.com\/carrenoactualidad","twitter:card":"summary_large_image","twitter:site":"@NabercoDigital","twitter:title":"Nach R\u00e4umung an Humboldt-Uni \u2013 Respekt und Lob f\u00fcr Pr\u00e4sidentin | Cand\u00e1s 365","twitter:description":"Berlin (dpa) - F\u00fcr ihre Strategie des Dialogs mit propal\u00e4stinensischen Besetzern hat die Pr\u00e4sidentin der Berliner Humboldt-Universit\u00e4t (HU) Unterst\u00fctzung","twitter:creator":"@nbasturias","twitter:image":"https:\/\/candas365.es\/noticias\/wp-content\/uploads\/2024\/05\/Prasidentin.jpg","twitter:label1":"Escrito por","twitter:data1":"Cand\u00e1s 365","twitter:label2":"Tiempo de lectura estimado","twitter:data2":"3 minutos"},"aioseo_meta_data":{"post_id":"181502","title":null,"description":"Berlin (dpa) - F\u00fcr ihre Strategie des Dialogs mit propal\u00e4stinensischen Besetzern hat die Pr\u00e4sidentin der Berliner Humboldt-Universit\u00e4t (HU) Unterst\u00fctzung","keywords":null,"keyphrases":{"focus":{"keyphrase":"Pr\u00e4sidentin","score":94,"analysis":{"keyphraseInTitle":{"score":9,"maxScore":9,"error":0},"keyphraseInDescription":{"score":9,"maxScore":9,"error":0},"keyphraseLength":{"score":9,"maxScore":9,"error":0,"length":2},"keyphraseInURL":{"score":1,"maxScore":5,"error":1},"keyphraseInIntroduction":{"score":9,"maxScore":9,"error":0},"keyphraseInSubHeadings":{"score":9,"maxScore":9,"error":0},"keyphraseInImageAlt":{"score":9,"maxScore":9,"error":0},"keywordDensity":{"type":"best","score":9,"maxScore":9,"error":0}}},"additional":[{"keyphrase":"Pr\u00e4sidentin","score":100,"analysis":{"keyphraseInDescription":{"score":9,"maxScore":9,"error":0},"keyphraseLength":{"score":9,"maxScore":9,"error":0,"length":2},"keyphraseInIntroduction":{"score":9,"maxScore":9,"error":0},"keyphraseInImageAlt":{"score":9,"maxScore":9,"error":0},"keywordDensity":{"type":"best","score":9,"maxScore":9,"error":0}}}]},"primary_term":null,"canonical_url":null,"og_title":null,"og_description":null,"og_object_type":"default","og_image_type":"default","og_image_url":null,"og_image_width":null,"og_image_height":null,"og_image_custom_url":null,"og_image_custom_fields":null,"og_video":"","og_custom_url":null,"og_article_section":null,"og_article_tags":null,"twitter_use_og":false,"twitter_card":"default","twitter_image_type":"default","twitter_image_url":null,"twitter_image_custom_url":null,"twitter_image_custom_fields":null,"twitter_title":null,"twitter_description":null,"schema":{"blockGraphs":[],"customGraphs":[],"default":{"data":{"Article":[],"Course":[],"Dataset":[],"FAQPage":[],"Movie":[],"Person":[],"Product":[],"ProductReview":[],"Car":[],"Recipe":[],"Service":[],"SoftwareApplication":[],"WebPage":[]},"graphName":"Article","isEnabled":true},"graphs":[]},"schema_type":"default","schema_type_options":null,"pillar_content":false,"robots_default":true,"robots_noindex":false,"robots_noarchive":false,"robots_nosnippet":false,"robots_nofollow":false,"robots_noimageindex":false,"robots_noodp":false,"robots_notranslate":false,"robots_max_snippet":"-1","robots_max_videopreview":"-1","robots_max_imagepreview":"large","priority":null,"frequency":"default","location":null,"local_seo":null,"seo_analyzer_scan_date":"2025-09-02 11:12:15","breadcrumb_settings":null,"limit_modified_date":false,"reviewed_by":null,"open_ai":"{\"title\":{\"suggestions\":[],\"usage\":0},\"description\":{\"suggestions\":[],\"usage\":0}}","ai":null,"created":"2024-05-25 22:52:02","updated":"2025-09-02 11:12:15"},"aioseo_breadcrumb":"<div class=\"aioseo-breadcrumbs\"><span class=\"aioseo-breadcrumb\">\n\t<a href=\"https:\/\/candas365.es\/noticias\" title=\"Home\">Home<\/a>\n<\/span><span class=\"aioseo-breadcrumb-separator\">&ndash;<\/span><span class=\"aioseo-breadcrumb\">\n\t<a href=\"https:\/\/candas365.es\/noticias\/category\/candas-news\/\" title=\"News\">News<\/a>\n<\/span><span class=\"aioseo-breadcrumb-separator\">&ndash;<\/span><span class=\"aioseo-breadcrumb\">\n\tNach R\u00e4umung an Humboldt-Uni \u2013 Respekt und Lob f\u00fcr Pr\u00e4sidentin\n<\/span><\/div>","aioseo_breadcrumb_json":[{"label":"Home","link":"https:\/\/candas365.es\/noticias"},{"label":"News","link":"https:\/\/candas365.es\/noticias\/category\/candas-news\/"},{"label":"Nach R\u00e4umung an Humboldt-Uni &#8211; Respekt und Lob f\u00fcr Pr\u00e4sidentin","link":"https:\/\/candas365.es\/noticias\/nach-raumung-an-humboldt-uni-respekt-und-lob-fur-prasidentin\/"}],"_links":{"self":[{"href":"https:\/\/candas365.es\/noticias\/wp-json\/wp\/v2\/posts\/181502","targetHints":{"allow":["GET"]}}],"collection":[{"href":"https:\/\/candas365.es\/noticias\/wp-json\/wp\/v2\/posts"}],"about":[{"href":"https:\/\/candas365.es\/noticias\/wp-json\/wp\/v2\/types\/post"}],"author":[{"embeddable":true,"href":"https:\/\/candas365.es\/noticias\/wp-json\/wp\/v2\/users\/1"}],"replies":[{"embeddable":true,"href":"https:\/\/candas365.es\/noticias\/wp-json\/wp\/v2\/comments?post=181502"}],"version-history":[{"count":0,"href":"https:\/\/candas365.es\/noticias\/wp-json\/wp\/v2\/posts\/181502\/revisions"}],"wp:featuredmedia":[{"embeddable":true,"href":"https:\/\/candas365.es\/noticias\/wp-json\/wp\/v2\/media\/181503"}],"wp:attachment":[{"href":"https:\/\/candas365.es\/noticias\/wp-json\/wp\/v2\/media?parent=181502"}],"wp:term":[{"taxonomy":"category","embeddable":true,"href":"https:\/\/candas365.es\/noticias\/wp-json\/wp\/v2\/categories?post=181502"},{"taxonomy":"post_tag","embeddable":true,"href":"https:\/\/candas365.es\/noticias\/wp-json\/wp\/v2\/tags?post=181502"}],"curies":[{"name":"wp","href":"https:\/\/api.w.org\/{rel}","templated":true}]}}