{"id":181398,"date":"2024-05-21T05:16:12","date_gmt":"2024-05-21T03:16:12","guid":{"rendered":"https:\/\/candas365.es\/noticias\/?p=181398"},"modified":"2024-05-21T05:16:12","modified_gmt":"2024-05-21T03:16:12","slug":"espana-enviara-mas-material-militar-a-ucrania","status":"publish","type":"post","link":"https:\/\/candas365.es\/noticias\/espana-enviara-mas-material-militar-a-ucrania\/","title":{"rendered":"Espa\u00f1a enviar\u00e1 m\u00e1s material militar a Ucrania"},"content":{"rendered":"<p><strong>Espa\u00f1a<\/strong> enviar\u00e1 m\u00e1s <span style=\"color: #ff6600;\"><a style=\"color: #ff6600;\" href=\"https:\/\/candas365.es\/noticias\/tag\/conflictos\/\"><strong>material militar a Ucrania<\/strong><\/a><\/span> a finales de junio de 2024, la ministras Robles ha informado de una segunda tanda de carros de combate Leopard, adem\u00e1s de munici\u00f3n de diverso tipo, entre ella, de artiller\u00eda de 155mm y m\u00e1s misiles antia\u00e9reos Patriot.<\/p>\n<figure id=\"attachment_181399\" aria-describedby=\"caption-attachment-181399\" style=\"width: 650px\" class=\"wp-caption aligncenter\"><img fetchpriority=\"high\" decoding=\"async\" class=\"size-large wp-image-181399\" src=\"https:\/\/candas365.es\/noticias\/wp-content\/uploads\/2024\/05\/Espana-enviara-mas-material-militar-a-Ucrania-650x465.jpg\" alt=\"Espa\u00f1a enviar\u00e1 m\u00e1s material militar a Ucrania\" width=\"650\" height=\"465\" srcset=\"https:\/\/candas365.es\/noticias\/wp-content\/uploads\/2024\/05\/Espana-enviara-mas-material-militar-a-Ucrania-650x465.jpg 650w, https:\/\/candas365.es\/noticias\/wp-content\/uploads\/2024\/05\/Espana-enviara-mas-material-militar-a-Ucrania-360x258.jpg 360w, https:\/\/candas365.es\/noticias\/wp-content\/uploads\/2024\/05\/Espana-enviara-mas-material-militar-a-Ucrania-768x550.jpg 768w, https:\/\/candas365.es\/noticias\/wp-content\/uploads\/2024\/05\/Espana-enviara-mas-material-militar-a-Ucrania-150x107.jpg 150w, https:\/\/candas365.es\/noticias\/wp-content\/uploads\/2024\/05\/Espana-enviara-mas-material-militar-a-Ucrania-450x322.jpg 450w, https:\/\/candas365.es\/noticias\/wp-content\/uploads\/2024\/05\/Espana-enviara-mas-material-militar-a-Ucrania.jpg 919w\" sizes=\"(max-width: 650px) 100vw, 650px\" \/><figcaption id=\"caption-attachment-181399\" class=\"wp-caption-text\">Robles participa por videoconferencia en la reuni\u00f3n del Grupo de Contacto para la Defensa de Ucrania | Foto de Maria Jos\u00e9 Est\u00e9vez\/MDE<\/figcaption><\/figure>\n<p>Seg\u00fan inform\u00f3 el Departamento que lidera, <strong>Margarita Robles particip\u00f3 el lunes por videoconferencia en una nueva reuni\u00f3n ministerial del Grupo de Contacto para la Defensa de Ucrania<\/strong>, convocada por el secretario de Defensa de EEUU, Lloyd Austin, y que cont\u00f3 con la asistencia del ministro de Defensa ucraniano, Rustem Umerov.<\/p>\n<p>Durante la misma, la titular de Defensa anunci\u00f3 la entrega de un segundo grupo de carros de combate \u2018Leopard\u2019 a finales del pr\u00f3ximo mes. El diario \u2018ABC\u2019 desvel\u00f3 el pasado 20 de marzo que Espa\u00f1a enviar\u00e1 una veintena m\u00e1s de estos carros de combate para las Fuerzas Armadas de Ucrania, aunque lo har\u00e1 en dos tandas. <strong>Hasta el momento, antes de esta nueva entrega, se hab\u00edan reparado y entregado diez unidades de este tanque.<\/strong><\/p>\n<p>En las mismas fechas, se\u00f1al\u00f3 Robles, se entregar\u00e1 a Kiev munici\u00f3n de diverso tipo, entre ella, de artiller\u00eda de 155mm y un nuevo env\u00edo de misiles antia\u00e9reos \u2018Patriot\u2019, que el presidente ucraniano, Volodimir Zelenski, ha reclamado expresamente a sus aliados.<\/p>\n<blockquote><p>Asimismo, Espa\u00f1a entregar\u00e1, entre otro material, sistemas antidrones, sistemas optr\u00f3nicos de vigilancia y seguimiento, y torretas de armas remotas.<\/p><\/blockquote>\n<p>La ministra estuvo acompa\u00f1ada durante la reuni\u00f3n por el almirante Juan Francisco Mart\u00ednez N\u00fa\u00f1ez, secretario general de Pol\u00edtica de Defensa (Segenpol), que manifest\u00f3 la obligaci\u00f3n colectiva de \u201cseguir proporcionando con la mayor urgencia el apoyo que Ucrania merece y necesita\u201d ante la cr\u00edtica situaci\u00f3n que se vive sobre el terreno.<\/p>\n<p>(<a href=\"https:\/\/www.servimedia.es\/\" target=\"_blank\" rel=\"noopener\"><span style=\"color: #ff6600;\"><strong>SERVIMEDIA<\/strong><\/span><\/a>)<\/p>\n","protected":false},"excerpt":{"rendered":"<p>Espa\u00f1a enviar\u00e1 m\u00e1s material militar a Ucrania a finales de junio de 2024, la ministras Robles ha informado de una segunda tanda de carros de combate Leopard, adem\u00e1s de munici\u00f3n de diverso tipo, entre ella, de artiller\u00eda de 155mm y m\u00e1s misiles antia\u00e9reos Patriot. Seg\u00fan inform\u00f3 el Departamento que lidera, Margarita Robles particip\u00f3 el lunes<\/p>\n","protected":false},"author":1,"featured_media":181399,"comment_status":"closed","ping_status":"closed","sticky":false,"template":"","format":"standard","meta":{"footnotes":""},"categories":[343],"tags":[464,466],"class_list":{"0":"post-181398","1":"post","2":"type-post","3":"status-publish","4":"format-standard","5":"has-post-thumbnail","7":"category-actualidad","8":"tag-conflictos","9":"tag-espana"},"aioseo_notices":[],"aioseo_head":"\n\t\t<!-- All in One SEO Pro 4.9.6.2 - aioseo.com -->\n\t<meta name=\"description\" content=\"Espa\u00f1a enviar\u00e1 m\u00e1s material militar a Ucrania a finales de junio de 2024, la ministras Robles ha informado de una segunda tanda de carros de combate Leopard\" \/>\n\t<meta name=\"robots\" content=\"max-image-preview:large\" \/>\n\t<meta name=\"author\" content=\"Cand\u00e1s 365\"\/>\n\t<meta name=\"google-site-verification\" content=\"UA-32230408-1\" \/>\n\t<meta name=\"msvalidate.01\" content=\"354F3CDFB2DA171B47FBE9ABF1F88D5\" \/>\n\t<meta name=\"keywords\" content=\"actualidad\" \/>\n\t<link rel=\"canonical\" href=\"https:\/\/candas365.es\/noticias\/espana-enviara-mas-material-militar-a-ucrania\/\" \/>\n\t<meta name=\"generator\" content=\"All in One SEO Pro (AIOSEO) 4.9.6.2\" \/>\n\t\t<meta property=\"og:locale\" content=\"es_ES\" \/>\n\t\t<meta property=\"og:site_name\" content=\"Cand\u00e1s 365\" \/>\n\t\t<meta property=\"og:type\" content=\"article\" \/>\n\t\t<meta property=\"og:title\" content=\"Espa\u00f1a enviar\u00e1 m\u00e1s material militar a Ucrania | Cand\u00e1s 365\" \/>\n\t\t<meta property=\"og:description\" content=\"Espa\u00f1a enviar\u00e1 m\u00e1s material militar a Ucrania a finales de junio de 2024, la ministras Robles ha informado de una segunda tanda de carros de combate Leopard\" \/>\n\t\t<meta property=\"og:url\" content=\"https:\/\/candas365.es\/noticias\/espana-enviara-mas-material-militar-a-ucrania\/\" \/>\n\t\t<meta property=\"og:image\" content=\"https:\/\/candas365.es\/noticias\/wp-content\/uploads\/2024\/05\/Espana-enviara-mas-material-militar-a-Ucrania.jpg\" \/>\n\t\t<meta property=\"og:image:secure_url\" content=\"https:\/\/candas365.es\/noticias\/wp-content\/uploads\/2024\/05\/Espana-enviara-mas-material-militar-a-Ucrania.jpg\" \/>\n\t\t<meta property=\"og:image:width\" content=\"919\" \/>\n\t\t<meta property=\"og:image:height\" content=\"658\" \/>\n\t\t<meta property=\"article:published_time\" content=\"2024-05-21T03:16:12+00:00\" \/>\n\t\t<meta property=\"article:modified_time\" content=\"2024-05-21T03:16:12+00:00\" \/>\n\t\t<meta property=\"article:publisher\" content=\"https:\/\/www.facebook.com\/Nachofdezber\" \/>\n\t\t<meta property=\"article:author\" content=\"https:\/\/www.facebook.com\/carrenoactualidad\" \/>\n\t\t<meta name=\"twitter:card\" content=\"summary_large_image\" \/>\n\t\t<meta name=\"twitter:site\" content=\"@NabercoDigital\" \/>\n\t\t<meta name=\"twitter:title\" content=\"Espa\u00f1a enviar\u00e1 m\u00e1s material militar a Ucrania | Cand\u00e1s 365\" \/>\n\t\t<meta name=\"twitter:description\" content=\"Espa\u00f1a enviar\u00e1 m\u00e1s material militar a Ucrania a finales de junio de 2024, la ministras Robles ha informado de una segunda tanda de carros de combate Leopard\" \/>\n\t\t<meta name=\"twitter:creator\" content=\"@nbasturias\" \/>\n\t\t<meta name=\"twitter:image\" content=\"https:\/\/candas365.es\/noticias\/wp-content\/uploads\/2024\/05\/Espana-enviara-mas-material-militar-a-Ucrania.jpg\" \/>\n\t\t<meta name=\"twitter:label1\" content=\"Escrito por\" \/>\n\t\t<meta name=\"twitter:data1\" content=\"Cand\u00e1s 365\" \/>\n\t\t<meta name=\"twitter:label2\" content=\"Tiempo de lectura estimado\" \/>\n\t\t<meta name=\"twitter:data2\" content=\"2 minutos\" \/>\n\t\t<script type=\"application\/ld+json\" class=\"aioseo-schema\">\n\t\t\t{\"@context\":\"https:\\\/\\\/schema.org\",\"@graph\":[{\"@type\":\"BreadcrumbList\",\"@id\":\"https:\\\/\\\/candas365.es\\\/noticias\\\/espana-enviara-mas-material-militar-a-ucrania\\\/#breadcrumblist\",\"itemListElement\":[{\"@type\":\"ListItem\",\"@id\":\"https:\\\/\\\/candas365.es\\\/noticias#listItem\",\"position\":1,\"name\":\"Home\",\"item\":\"https:\\\/\\\/candas365.es\\\/noticias\",\"nextItem\":{\"@type\":\"ListItem\",\"@id\":\"https:\\\/\\\/candas365.es\\\/noticias\\\/category\\\/actualidad\\\/#listItem\",\"name\":\"Actualidad\"}},{\"@type\":\"ListItem\",\"@id\":\"https:\\\/\\\/candas365.es\\\/noticias\\\/category\\\/actualidad\\\/#listItem\",\"position\":2,\"name\":\"Actualidad\",\"item\":\"https:\\\/\\\/candas365.es\\\/noticias\\\/category\\\/actualidad\\\/\",\"nextItem\":{\"@type\":\"ListItem\",\"@id\":\"https:\\\/\\\/candas365.es\\\/noticias\\\/espana-enviara-mas-material-militar-a-ucrania\\\/#listItem\",\"name\":\"Espa\\u00f1a enviar\\u00e1 m\\u00e1s material militar a Ucrania\"},\"previousItem\":{\"@type\":\"ListItem\",\"@id\":\"https:\\\/\\\/candas365.es\\\/noticias#listItem\",\"name\":\"Home\"}},{\"@type\":\"ListItem\",\"@id\":\"https:\\\/\\\/candas365.es\\\/noticias\\\/espana-enviara-mas-material-militar-a-ucrania\\\/#listItem\",\"position\":3,\"name\":\"Espa\\u00f1a enviar\\u00e1 m\\u00e1s material militar a Ucrania\",\"previousItem\":{\"@type\":\"ListItem\",\"@id\":\"https:\\\/\\\/candas365.es\\\/noticias\\\/category\\\/actualidad\\\/#listItem\",\"name\":\"Actualidad\"}}]},{\"@type\":\"NewsArticle\",\"@id\":\"https:\\\/\\\/candas365.es\\\/noticias\\\/espana-enviara-mas-material-militar-a-ucrania\\\/#newsarticle\",\"name\":\"Espa\\u00f1a enviar\\u00e1 m\\u00e1s material militar a Ucrania | Cand\\u00e1s 365\",\"headline\":\"Espa\\u00f1a enviar\\u00e1 m\\u00e1s material militar a Ucrania\",\"author\":{\"@id\":\"https:\\\/\\\/candas365.es\\\/noticias\\\/author\\\/admin\\\/#author\"},\"publisher\":{\"@id\":\"https:\\\/\\\/candas365.es\\\/noticias\\\/#organization\"},\"image\":{\"@type\":\"ImageObject\",\"url\":\"https:\\\/\\\/candas365.es\\\/noticias\\\/wp-content\\\/uploads\\\/2024\\\/05\\\/Espana-enviara-mas-material-militar-a-Ucrania.jpg\",\"width\":919,\"height\":658,\"caption\":\"Robles participa por videoconferencia en la reuni\\u00f3n del Grupo de Contacto para la Defensa de Ucrania | Foto de Maria Jos\\u00e9 Est\\u00e9vez\\\/MDE\"},\"datePublished\":\"2024-05-21T05:16:12+02:00\",\"dateModified\":\"2024-05-21T05:16:12+02:00\",\"inLanguage\":\"es-ES\",\"mainEntityOfPage\":{\"@id\":\"https:\\\/\\\/candas365.es\\\/noticias\\\/espana-enviara-mas-material-militar-a-ucrania\\\/#webpage\"},\"isPartOf\":{\"@id\":\"https:\\\/\\\/candas365.es\\\/noticias\\\/espana-enviara-mas-material-militar-a-ucrania\\\/#webpage\"},\"articleSection\":\"Actualidad, conflictos, Espa\\u00f1a\",\"dateline\":\"Publicado el mayo 21, 2024.\"},{\"@type\":\"Organization\",\"@id\":\"https:\\\/\\\/candas365.es\\\/noticias\\\/#organization\",\"name\":\"Cand\\u00e1s 365\",\"description\":\"Cand\\u00e1s 365 es un diario digital independiente, fundado en 2012, con base en Asturias. Informamos con rigor sobre actualidad, sociedad, cultura y ocio, con una mirada local y global.\",\"url\":\"https:\\\/\\\/candas365.es\\\/noticias\\\/\",\"email\":\"info@candas365.es\",\"telephone\":\"+34652131393\",\"foundingDate\":\"2012-06-10\",\"logo\":{\"@type\":\"ImageObject\",\"url\":\"https:\\\/\\\/candas365.es\\\/noticias\\\/wp-content\\\/uploads\\\/2024\\\/09\\\/Candas-365-Redes.jpg\",\"@id\":\"https:\\\/\\\/candas365.es\\\/noticias\\\/espana-enviara-mas-material-militar-a-ucrania\\\/#organizationLogo\",\"width\":1152,\"height\":864,\"caption\":\"Cand\\u00e1s 365 Redes\"},\"image\":{\"@id\":\"https:\\\/\\\/candas365.es\\\/noticias\\\/espana-enviara-mas-material-militar-a-ucrania\\\/#organizationLogo\"},\"sameAs\":[\"https:\\\/\\\/www.facebook.com\\\/Nachofdezber\",\"https:\\\/\\\/x.com\\\/NabercoDigital\",\"https:\\\/\\\/www.instagram.com\\\/nachofdezber\\\/\",\"https:\\\/\\\/www.youtube.com\\\/channel\\\/UCZP-2wLEB9Rv6erhFmqVnvg\"],\"address\":{\"@id\":\"https:\\\/\\\/candas365.es\\\/noticias\\\/#postaladdress\",\"@type\":\"PostalAddress\",\"streetAddress\":\"san antonio 4, san antonio 4\",\"postalCode\":\"33430\",\"addressLocality\":\"Cand\\u00e1s\",\"addressRegion\":\"Asturias\",\"addressCountry\":\"ES\"}},{\"@type\":\"Person\",\"@id\":\"https:\\\/\\\/candas365.es\\\/noticias\\\/author\\\/admin\\\/#author\",\"url\":\"https:\\\/\\\/candas365.es\\\/noticias\\\/author\\\/admin\\\/\",\"name\":\"Cand\\u00e1s 365\",\"image\":{\"@type\":\"ImageObject\",\"@id\":\"https:\\\/\\\/candas365.es\\\/noticias\\\/espana-enviara-mas-material-militar-a-ucrania\\\/#authorImage\",\"url\":\"https:\\\/\\\/secure.gravatar.com\\\/avatar\\\/496a8e03d0c493ede1718b7934145dbdf8d89be1036b0eec9544e1094c9de390?s=96&d=mm&r=g\",\"width\":96,\"height\":96,\"caption\":\"Cand\\u00e1s 365\"},\"sameAs\":[\"https:\\\/\\\/www.facebook.com\\\/carrenoactualidad\",\"https:\\\/\\\/twitter.com\\\/nbasturias\",\"https:\\\/\\\/www.instagram.com\\\/nachofdezber\\\/\",\"https:\\\/\\\/www.youtube.com\\\/channel\\\/UCZP-2wLEB9Rv6erhFmqVnvg\"]},{\"@type\":\"WebPage\",\"@id\":\"https:\\\/\\\/candas365.es\\\/noticias\\\/espana-enviara-mas-material-militar-a-ucrania\\\/#webpage\",\"url\":\"https:\\\/\\\/candas365.es\\\/noticias\\\/espana-enviara-mas-material-militar-a-ucrania\\\/\",\"name\":\"Espa\\u00f1a enviar\\u00e1 m\\u00e1s material militar a Ucrania | Cand\\u00e1s 365\",\"description\":\"Espa\\u00f1a enviar\\u00e1 m\\u00e1s material militar a Ucrania a finales de junio de 2024, la ministras Robles ha informado de una segunda tanda de carros de combate Leopard\",\"inLanguage\":\"es-ES\",\"isPartOf\":{\"@id\":\"https:\\\/\\\/candas365.es\\\/noticias\\\/#website\"},\"breadcrumb\":{\"@id\":\"https:\\\/\\\/candas365.es\\\/noticias\\\/espana-enviara-mas-material-militar-a-ucrania\\\/#breadcrumblist\"},\"author\":{\"@id\":\"https:\\\/\\\/candas365.es\\\/noticias\\\/author\\\/admin\\\/#author\"},\"creator\":{\"@id\":\"https:\\\/\\\/candas365.es\\\/noticias\\\/author\\\/admin\\\/#author\"},\"image\":{\"@type\":\"ImageObject\",\"url\":\"https:\\\/\\\/candas365.es\\\/noticias\\\/wp-content\\\/uploads\\\/2024\\\/05\\\/Espana-enviara-mas-material-militar-a-Ucrania.jpg\",\"@id\":\"https:\\\/\\\/candas365.es\\\/noticias\\\/espana-enviara-mas-material-militar-a-ucrania\\\/#mainImage\",\"width\":919,\"height\":658,\"caption\":\"Robles participa por videoconferencia en la reuni\\u00f3n del Grupo de Contacto para la Defensa de Ucrania | Foto de Maria Jos\\u00e9 Est\\u00e9vez\\\/MDE\"},\"primaryImageOfPage\":{\"@id\":\"https:\\\/\\\/candas365.es\\\/noticias\\\/espana-enviara-mas-material-militar-a-ucrania\\\/#mainImage\"},\"datePublished\":\"2024-05-21T05:16:12+02:00\",\"dateModified\":\"2024-05-21T05:16:12+02:00\"},{\"@type\":\"WebSite\",\"@id\":\"https:\\\/\\\/candas365.es\\\/noticias\\\/#website\",\"url\":\"https:\\\/\\\/candas365.es\\\/noticias\\\/\",\"name\":\"Cand\\u00e1s 365\",\"alternateName\":\"Cand\\u00e1s 365 Noticias\",\"description\":\"Actualidad desde Carre\\u00f1o para el mundo\",\"inLanguage\":\"es-ES\",\"publisher\":{\"@id\":\"https:\\\/\\\/candas365.es\\\/noticias\\\/#organization\"}}]}\n\t\t<\/script>\n\t\t<!-- All in One SEO Pro -->\r\n\t\t<title>Espa\u00f1a enviar\u00e1 m\u00e1s material militar a Ucrania | Cand\u00e1s 365<\/title>\n\n","aioseo_head_json":{"title":"Espa\u00f1a enviar\u00e1 m\u00e1s material militar a Ucrania | Cand\u00e1s 365","description":"Espa\u00f1a enviar\u00e1 m\u00e1s material militar a Ucrania a finales de junio de 2024, la ministras Robles ha informado de una segunda tanda de carros de combate Leopard","canonical_url":"https:\/\/candas365.es\/noticias\/espana-enviara-mas-material-militar-a-ucrania\/","robots":"max-image-preview:large","keywords":"actualidad","webmasterTools":{"google-site-verification":"UA-32230408-1","msvalidate.01":"354F3CDFB2DA171B47FBE9ABF1F88D5","miscellaneous":""},"schema":{"@context":"https:\/\/schema.org","@graph":[{"@type":"BreadcrumbList","@id":"https:\/\/candas365.es\/noticias\/espana-enviara-mas-material-militar-a-ucrania\/#breadcrumblist","itemListElement":[{"@type":"ListItem","@id":"https:\/\/candas365.es\/noticias#listItem","position":1,"name":"Home","item":"https:\/\/candas365.es\/noticias","nextItem":{"@type":"ListItem","@id":"https:\/\/candas365.es\/noticias\/category\/actualidad\/#listItem","name":"Actualidad"}},{"@type":"ListItem","@id":"https:\/\/candas365.es\/noticias\/category\/actualidad\/#listItem","position":2,"name":"Actualidad","item":"https:\/\/candas365.es\/noticias\/category\/actualidad\/","nextItem":{"@type":"ListItem","@id":"https:\/\/candas365.es\/noticias\/espana-enviara-mas-material-militar-a-ucrania\/#listItem","name":"Espa\u00f1a enviar\u00e1 m\u00e1s material militar a Ucrania"},"previousItem":{"@type":"ListItem","@id":"https:\/\/candas365.es\/noticias#listItem","name":"Home"}},{"@type":"ListItem","@id":"https:\/\/candas365.es\/noticias\/espana-enviara-mas-material-militar-a-ucrania\/#listItem","position":3,"name":"Espa\u00f1a enviar\u00e1 m\u00e1s material militar a Ucrania","previousItem":{"@type":"ListItem","@id":"https:\/\/candas365.es\/noticias\/category\/actualidad\/#listItem","name":"Actualidad"}}]},{"@type":"NewsArticle","@id":"https:\/\/candas365.es\/noticias\/espana-enviara-mas-material-militar-a-ucrania\/#newsarticle","name":"Espa\u00f1a enviar\u00e1 m\u00e1s material militar a Ucrania | Cand\u00e1s 365","headline":"Espa\u00f1a enviar\u00e1 m\u00e1s material militar a Ucrania","author":{"@id":"https:\/\/candas365.es\/noticias\/author\/admin\/#author"},"publisher":{"@id":"https:\/\/candas365.es\/noticias\/#organization"},"image":{"@type":"ImageObject","url":"https:\/\/candas365.es\/noticias\/wp-content\/uploads\/2024\/05\/Espana-enviara-mas-material-militar-a-Ucrania.jpg","width":919,"height":658,"caption":"Robles participa por videoconferencia en la reuni\u00f3n del Grupo de Contacto para la Defensa de Ucrania | Foto de Maria Jos\u00e9 Est\u00e9vez\/MDE"},"datePublished":"2024-05-21T05:16:12+02:00","dateModified":"2024-05-21T05:16:12+02:00","inLanguage":"es-ES","mainEntityOfPage":{"@id":"https:\/\/candas365.es\/noticias\/espana-enviara-mas-material-militar-a-ucrania\/#webpage"},"isPartOf":{"@id":"https:\/\/candas365.es\/noticias\/espana-enviara-mas-material-militar-a-ucrania\/#webpage"},"articleSection":"Actualidad, conflictos, Espa\u00f1a","dateline":"Publicado el mayo 21, 2024."},{"@type":"Organization","@id":"https:\/\/candas365.es\/noticias\/#organization","name":"Cand\u00e1s 365","description":"Cand\u00e1s 365 es un diario digital independiente, fundado en 2012, con base en Asturias. Informamos con rigor sobre actualidad, sociedad, cultura y ocio, con una mirada local y global.","url":"https:\/\/candas365.es\/noticias\/","email":"info@candas365.es","telephone":"+34652131393","foundingDate":"2012-06-10","logo":{"@type":"ImageObject","url":"https:\/\/candas365.es\/noticias\/wp-content\/uploads\/2024\/09\/Candas-365-Redes.jpg","@id":"https:\/\/candas365.es\/noticias\/espana-enviara-mas-material-militar-a-ucrania\/#organizationLogo","width":1152,"height":864,"caption":"Cand\u00e1s 365 Redes"},"image":{"@id":"https:\/\/candas365.es\/noticias\/espana-enviara-mas-material-militar-a-ucrania\/#organizationLogo"},"sameAs":["https:\/\/www.facebook.com\/Nachofdezber","https:\/\/x.com\/NabercoDigital","https:\/\/www.instagram.com\/nachofdezber\/","https:\/\/www.youtube.com\/channel\/UCZP-2wLEB9Rv6erhFmqVnvg"],"address":{"@id":"https:\/\/candas365.es\/noticias\/#postaladdress","@type":"PostalAddress","streetAddress":"san antonio 4, san antonio 4","postalCode":"33430","addressLocality":"Cand\u00e1s","addressRegion":"Asturias","addressCountry":"ES"}},{"@type":"Person","@id":"https:\/\/candas365.es\/noticias\/author\/admin\/#author","url":"https:\/\/candas365.es\/noticias\/author\/admin\/","name":"Cand\u00e1s 365","image":{"@type":"ImageObject","@id":"https:\/\/candas365.es\/noticias\/espana-enviara-mas-material-militar-a-ucrania\/#authorImage","url":"https:\/\/secure.gravatar.com\/avatar\/496a8e03d0c493ede1718b7934145dbdf8d89be1036b0eec9544e1094c9de390?s=96&d=mm&r=g","width":96,"height":96,"caption":"Cand\u00e1s 365"},"sameAs":["https:\/\/www.facebook.com\/carrenoactualidad","https:\/\/twitter.com\/nbasturias","https:\/\/www.instagram.com\/nachofdezber\/","https:\/\/www.youtube.com\/channel\/UCZP-2wLEB9Rv6erhFmqVnvg"]},{"@type":"WebPage","@id":"https:\/\/candas365.es\/noticias\/espana-enviara-mas-material-militar-a-ucrania\/#webpage","url":"https:\/\/candas365.es\/noticias\/espana-enviara-mas-material-militar-a-ucrania\/","name":"Espa\u00f1a enviar\u00e1 m\u00e1s material militar a Ucrania | Cand\u00e1s 365","description":"Espa\u00f1a enviar\u00e1 m\u00e1s material militar a Ucrania a finales de junio de 2024, la ministras Robles ha informado de una segunda tanda de carros de combate Leopard","inLanguage":"es-ES","isPartOf":{"@id":"https:\/\/candas365.es\/noticias\/#website"},"breadcrumb":{"@id":"https:\/\/candas365.es\/noticias\/espana-enviara-mas-material-militar-a-ucrania\/#breadcrumblist"},"author":{"@id":"https:\/\/candas365.es\/noticias\/author\/admin\/#author"},"creator":{"@id":"https:\/\/candas365.es\/noticias\/author\/admin\/#author"},"image":{"@type":"ImageObject","url":"https:\/\/candas365.es\/noticias\/wp-content\/uploads\/2024\/05\/Espana-enviara-mas-material-militar-a-Ucrania.jpg","@id":"https:\/\/candas365.es\/noticias\/espana-enviara-mas-material-militar-a-ucrania\/#mainImage","width":919,"height":658,"caption":"Robles participa por videoconferencia en la reuni\u00f3n del Grupo de Contacto para la Defensa de Ucrania | Foto de Maria Jos\u00e9 Est\u00e9vez\/MDE"},"primaryImageOfPage":{"@id":"https:\/\/candas365.es\/noticias\/espana-enviara-mas-material-militar-a-ucrania\/#mainImage"},"datePublished":"2024-05-21T05:16:12+02:00","dateModified":"2024-05-21T05:16:12+02:00"},{"@type":"WebSite","@id":"https:\/\/candas365.es\/noticias\/#website","url":"https:\/\/candas365.es\/noticias\/","name":"Cand\u00e1s 365","alternateName":"Cand\u00e1s 365 Noticias","description":"Actualidad desde Carre\u00f1o para el mundo","inLanguage":"es-ES","publisher":{"@id":"https:\/\/candas365.es\/noticias\/#organization"}}]},"og:locale":"es_ES","og:site_name":"Cand\u00e1s 365","og:type":"article","og:title":"Espa\u00f1a enviar\u00e1 m\u00e1s material militar a Ucrania | Cand\u00e1s 365","og:description":"Espa\u00f1a enviar\u00e1 m\u00e1s material militar a Ucrania a finales de junio de 2024, la ministras Robles ha informado de una segunda tanda de carros de combate Leopard","og:url":"https:\/\/candas365.es\/noticias\/espana-enviara-mas-material-militar-a-ucrania\/","og:image":"https:\/\/candas365.es\/noticias\/wp-content\/uploads\/2024\/05\/Espana-enviara-mas-material-militar-a-Ucrania.jpg","og:image:secure_url":"https:\/\/candas365.es\/noticias\/wp-content\/uploads\/2024\/05\/Espana-enviara-mas-material-militar-a-Ucrania.jpg","og:image:width":919,"og:image:height":658,"article:published_time":"2024-05-21T03:16:12+00:00","article:modified_time":"2024-05-21T03:16:12+00:00","article:publisher":"https:\/\/www.facebook.com\/Nachofdezber","article:author":"https:\/\/www.facebook.com\/carrenoactualidad","twitter:card":"summary_large_image","twitter:site":"@NabercoDigital","twitter:title":"Espa\u00f1a enviar\u00e1 m\u00e1s material militar a Ucrania | Cand\u00e1s 365","twitter:description":"Espa\u00f1a enviar\u00e1 m\u00e1s material militar a Ucrania a finales de junio de 2024, la ministras Robles ha informado de una segunda tanda de carros de combate Leopard","twitter:creator":"@nbasturias","twitter:image":"https:\/\/candas365.es\/noticias\/wp-content\/uploads\/2024\/05\/Espana-enviara-mas-material-militar-a-Ucrania.jpg","twitter:label1":"Escrito por","twitter:data1":"Cand\u00e1s 365","twitter:label2":"Tiempo de lectura estimado","twitter:data2":"2 minutos"},"aioseo_meta_data":{"post_id":"181398","title":null,"description":"Espa\u00f1a enviar\u00e1 m\u00e1s material militar a Ucrania a finales de junio de 2024, la ministras Robles ha informado de una segunda tanda de carros de combate Leopard","keywords":null,"keyphrases":{"focus":{"keyphrase":"Ucrania","score":93,"analysis":{"keyphraseInTitle":{"score":9,"maxScore":9,"error":0},"keyphraseInDescription":{"score":9,"maxScore":9,"error":0},"keyphraseLength":{"score":9,"maxScore":9,"error":0,"length":1},"keyphraseInURL":{"score":1,"maxScore":5,"error":1},"keyphraseInIntroduction":{"score":9,"maxScore":9,"error":0},"keyphraseInSubHeadings":[],"keyphraseInImageAlt":{"score":9,"maxScore":9,"error":0},"keywordDensity":{"type":"best","score":9,"maxScore":9,"error":0}}},"additional":[{"keyphrase":"Espa\u00f1a","score":100,"analysis":{"keyphraseInDescription":{"score":9,"maxScore":9,"error":0},"keyphraseLength":{"score":9,"maxScore":9,"error":0,"length":2},"keyphraseInIntroduction":{"score":9,"maxScore":9,"error":0},"keyphraseInImageAlt":{"score":9,"maxScore":9,"error":0},"keywordDensity":{"type":"best","score":9,"maxScore":9,"error":0}}},{"keyphrase":"material militar","score":80,"analysis":{"keyphraseInDescription":{"score":9,"maxScore":9,"error":0},"keyphraseLength":{"score":9,"maxScore":9,"error":0,"length":2},"keyphraseInIntroduction":{"score":9,"maxScore":9,"error":0},"keyphraseInImageAlt":{"score":9,"maxScore":9,"error":0},"keywordDensity":{"score":0,"type":"low","maxScore":9,"error":1}}}]},"primary_term":null,"canonical_url":null,"og_title":null,"og_description":null,"og_object_type":"default","og_image_type":"default","og_image_url":null,"og_image_width":null,"og_image_height":null,"og_image_custom_url":null,"og_image_custom_fields":null,"og_video":"","og_custom_url":null,"og_article_section":null,"og_article_tags":null,"twitter_use_og":false,"twitter_card":"default","twitter_image_type":"default","twitter_image_url":null,"twitter_image_custom_url":null,"twitter_image_custom_fields":null,"twitter_title":null,"twitter_description":null,"schema":{"blockGraphs":[],"customGraphs":[],"default":{"data":{"Article":[],"Course":[],"Dataset":[],"FAQPage":[],"Movie":[],"Person":[],"Product":[],"ProductReview":[],"Car":[],"Recipe":[],"Service":[],"SoftwareApplication":[],"WebPage":[]},"graphName":"Article","isEnabled":true},"graphs":[]},"schema_type":"default","schema_type_options":null,"pillar_content":false,"robots_default":true,"robots_noindex":false,"robots_noarchive":false,"robots_nosnippet":false,"robots_nofollow":false,"robots_noimageindex":false,"robots_noodp":false,"robots_notranslate":false,"robots_max_snippet":"-1","robots_max_videopreview":"-1","robots_max_imagepreview":"large","priority":null,"frequency":"default","location":null,"local_seo":null,"seo_analyzer_scan_date":"2025-09-02 10:58:27","breadcrumb_settings":null,"limit_modified_date":false,"reviewed_by":null,"open_ai":"{\"title\":{\"suggestions\":[],\"usage\":0},\"description\":{\"suggestions\":[],\"usage\":0}}","ai":null,"created":"2024-05-21 03:06:36","updated":"2025-09-02 10:58:27"},"aioseo_breadcrumb":"<div class=\"aioseo-breadcrumbs\"><span class=\"aioseo-breadcrumb\">\n\t<a href=\"https:\/\/candas365.es\/noticias\" title=\"Home\">Home<\/a>\n<\/span><span class=\"aioseo-breadcrumb-separator\">&ndash;<\/span><span class=\"aioseo-breadcrumb\">\n\t<a href=\"https:\/\/candas365.es\/noticias\/category\/actualidad\/\" title=\"Actualidad\">Actualidad<\/a>\n<\/span><span class=\"aioseo-breadcrumb-separator\">&ndash;<\/span><span class=\"aioseo-breadcrumb\">\n\tEspa\u00f1a enviar\u00e1 m\u00e1s material militar a Ucrania\n<\/span><\/div>","aioseo_breadcrumb_json":[{"label":"Home","link":"https:\/\/candas365.es\/noticias"},{"label":"Actualidad","link":"https:\/\/candas365.es\/noticias\/category\/actualidad\/"},{"label":"Espa\u00f1a enviar\u00e1 m\u00e1s material militar a Ucrania","link":"https:\/\/candas365.es\/noticias\/espana-enviara-mas-material-militar-a-ucrania\/"}],"_links":{"self":[{"href":"https:\/\/candas365.es\/noticias\/wp-json\/wp\/v2\/posts\/181398","targetHints":{"allow":["GET"]}}],"collection":[{"href":"https:\/\/candas365.es\/noticias\/wp-json\/wp\/v2\/posts"}],"about":[{"href":"https:\/\/candas365.es\/noticias\/wp-json\/wp\/v2\/types\/post"}],"author":[{"embeddable":true,"href":"https:\/\/candas365.es\/noticias\/wp-json\/wp\/v2\/users\/1"}],"replies":[{"embeddable":true,"href":"https:\/\/candas365.es\/noticias\/wp-json\/wp\/v2\/comments?post=181398"}],"version-history":[{"count":0,"href":"https:\/\/candas365.es\/noticias\/wp-json\/wp\/v2\/posts\/181398\/revisions"}],"wp:featuredmedia":[{"embeddable":true,"href":"https:\/\/candas365.es\/noticias\/wp-json\/wp\/v2\/media\/181399"}],"wp:attachment":[{"href":"https:\/\/candas365.es\/noticias\/wp-json\/wp\/v2\/media?parent=181398"}],"wp:term":[{"taxonomy":"category","embeddable":true,"href":"https:\/\/candas365.es\/noticias\/wp-json\/wp\/v2\/categories?post=181398"},{"taxonomy":"post_tag","embeddable":true,"href":"https:\/\/candas365.es\/noticias\/wp-json\/wp\/v2\/tags?post=181398"}],"curies":[{"name":"wp","href":"https:\/\/api.w.org\/{rel}","templated":true}]}}