{"id":181353,"date":"2024-05-20T17:13:18","date_gmt":"2024-05-20T15:13:18","guid":{"rendered":"https:\/\/candas365.es\/noticias\/?p=181353"},"modified":"2024-05-20T17:13:18","modified_gmt":"2024-05-20T15:13:18","slug":"costa-de-candas-mayo-de-2024","status":"publish","type":"post","link":"https:\/\/candas365.es\/noticias\/costa-de-candas-mayo-de-2024\/","title":{"rendered":"Costa de Cand\u00e1s: Mayo de 2024"},"content":{"rendered":"<p>Hoy en nuestra galer\u00eda de fotos os ofrecemos una <strong>panor\u00e1mica de la costa de Cand\u00e1s<\/strong>, la foto fue realizada desde el mirador de La Formiga, en la tarde del pasado s\u00e1bado 18 de mayo de 2024.<\/p>\n<figure id=\"attachment_181354\" aria-describedby=\"caption-attachment-181354\" style=\"width: 646px\" class=\"wp-caption aligncenter\"><img fetchpriority=\"high\" decoding=\"async\" class=\"size-large wp-image-181354\" src=\"https:\/\/candas365.es\/noticias\/wp-content\/uploads\/2024\/05\/Costa-de-Candas-mayo-de-2024-646x480.jpg\" alt=\"Costa de Cand\u00e1s mayo de 2024\" width=\"646\" height=\"480\" srcset=\"https:\/\/candas365.es\/noticias\/wp-content\/uploads\/2024\/05\/Costa-de-Candas-mayo-de-2024-646x480.jpg 646w, https:\/\/candas365.es\/noticias\/wp-content\/uploads\/2024\/05\/Costa-de-Candas-mayo-de-2024-360x267.jpg 360w, https:\/\/candas365.es\/noticias\/wp-content\/uploads\/2024\/05\/Costa-de-Candas-mayo-de-2024-768x571.jpg 768w, https:\/\/candas365.es\/noticias\/wp-content\/uploads\/2024\/05\/Costa-de-Candas-mayo-de-2024-150x111.jpg 150w, https:\/\/candas365.es\/noticias\/wp-content\/uploads\/2024\/05\/Costa-de-Candas-mayo-de-2024-450x334.jpg 450w, https:\/\/candas365.es\/noticias\/wp-content\/uploads\/2024\/05\/Costa-de-Candas-mayo-de-2024.jpg 887w\" sizes=\"(max-width: 646px) 100vw, 646px\" \/><figcaption id=\"caption-attachment-181354\" class=\"wp-caption-text\">Foto: Cand\u00e1s 365<\/figcaption><\/figure>\n<p>En nuestra galer\u00eda os ofrecemos cada jornada fotos y <span style=\"color: #ff6600;\"><strong>contenidos multimedia<\/strong><\/span> tanto de Cand\u00e1s, y resto del <a href=\"https:\/\/candas365.es\/noticias\/category\/noticias-carreno\/\" target=\"_blank\" rel=\"noopener\"><span style=\"color: #ff6600;\"><strong>Concejo de Carre\u00f1o<\/strong><\/span><\/a>, adem\u00e1s de protagonistas de la vida social, cultural o pol\u00edtica regional, nacional e internacional.<\/p>\n","protected":false},"excerpt":{"rendered":"<p>Hoy en nuestra galer\u00eda de fotos os ofrecemos una panor\u00e1mica de la costa de Cand\u00e1s, la foto fue realizada desde el mirador de La Formiga, en la tarde del pasado s\u00e1bado 18 de mayo de 2024. En nuestra galer\u00eda os ofrecemos cada jornada fotos y contenidos multimedia tanto de Cand\u00e1s, y resto del Concejo de<\/p>\n","protected":false},"author":1,"featured_media":181354,"comment_status":"closed","ping_status":"closed","sticky":false,"template":"","format":"image","meta":{"footnotes":""},"categories":[528],"tags":[366],"class_list":{"0":"post-181353","1":"post","2":"type-post","3":"status-publish","4":"format-image","5":"has-post-thumbnail","7":"category-galeria-365","8":"tag-candas","9":"post_format-post-format-image"},"aioseo_notices":[],"aioseo_head":"\n\t\t<!-- All in One SEO Pro 4.9.6.2 - aioseo.com -->\n\t<meta name=\"description\" content=\"Hoy en nuestra galer\u00eda de fotos os ofrecemos una panor\u00e1mica de la costa de Cand\u00e1s, la foto fue realizada desde el mirador de La Formiga, en la tarde del pasado\" \/>\n\t<meta name=\"robots\" content=\"max-image-preview:large\" \/>\n\t<meta name=\"author\" content=\"Cand\u00e1s 365\"\/>\n\t<meta name=\"google-site-verification\" content=\"UA-32230408-1\" \/>\n\t<meta name=\"msvalidate.01\" content=\"354F3CDFB2DA171B47FBE9ABF1F88D5\" \/>\n\t<meta name=\"keywords\" content=\"galer\u00eda 365\" \/>\n\t<link rel=\"canonical\" href=\"https:\/\/candas365.es\/noticias\/costa-de-candas-mayo-de-2024\/\" \/>\n\t<meta name=\"generator\" content=\"All in One SEO Pro (AIOSEO) 4.9.6.2\" \/>\n\t\t<meta property=\"og:locale\" content=\"es_ES\" \/>\n\t\t<meta property=\"og:site_name\" content=\"Cand\u00e1s 365\" \/>\n\t\t<meta property=\"og:type\" content=\"article\" \/>\n\t\t<meta property=\"og:title\" content=\"Costa de Cand\u00e1s: Mayo de 2024 | Cand\u00e1s 365\" \/>\n\t\t<meta property=\"og:description\" content=\"Hoy en nuestra galer\u00eda de fotos os ofrecemos una panor\u00e1mica de la costa de Cand\u00e1s, la foto fue realizada desde el mirador de La Formiga, en la tarde del pasado\" \/>\n\t\t<meta property=\"og:url\" content=\"https:\/\/candas365.es\/noticias\/costa-de-candas-mayo-de-2024\/\" \/>\n\t\t<meta property=\"og:image\" content=\"https:\/\/candas365.es\/noticias\/wp-content\/uploads\/2024\/05\/Costa-de-Candas-mayo-de-2024.jpg\" \/>\n\t\t<meta property=\"og:image:secure_url\" content=\"https:\/\/candas365.es\/noticias\/wp-content\/uploads\/2024\/05\/Costa-de-Candas-mayo-de-2024.jpg\" \/>\n\t\t<meta property=\"og:image:width\" content=\"887\" \/>\n\t\t<meta property=\"og:image:height\" content=\"659\" \/>\n\t\t<meta property=\"article:published_time\" content=\"2024-05-20T15:13:18+00:00\" \/>\n\t\t<meta property=\"article:modified_time\" content=\"2024-05-20T15:13:18+00:00\" \/>\n\t\t<meta property=\"article:publisher\" content=\"https:\/\/www.facebook.com\/Nachofdezber\" \/>\n\t\t<meta property=\"article:author\" content=\"https:\/\/www.facebook.com\/carrenoactualidad\" \/>\n\t\t<meta name=\"twitter:card\" content=\"summary_large_image\" \/>\n\t\t<meta name=\"twitter:site\" content=\"@NabercoDigital\" \/>\n\t\t<meta name=\"twitter:title\" content=\"Costa de Cand\u00e1s: Mayo de 2024 | Cand\u00e1s 365\" \/>\n\t\t<meta name=\"twitter:description\" content=\"Hoy en nuestra galer\u00eda de fotos os ofrecemos una panor\u00e1mica de la costa de Cand\u00e1s, la foto fue realizada desde el mirador de La Formiga, en la tarde del pasado\" \/>\n\t\t<meta name=\"twitter:creator\" content=\"@nbasturias\" \/>\n\t\t<meta name=\"twitter:image\" content=\"https:\/\/candas365.es\/noticias\/wp-content\/uploads\/2024\/05\/Costa-de-Candas-mayo-de-2024.jpg\" \/>\n\t\t<meta name=\"twitter:label1\" content=\"Escrito por\" \/>\n\t\t<meta name=\"twitter:data1\" content=\"Cand\u00e1s 365\" \/>\n\t\t<script type=\"application\/ld+json\" class=\"aioseo-schema\">\n\t\t\t{\"@context\":\"https:\\\/\\\/schema.org\",\"@graph\":[{\"@type\":\"BreadcrumbList\",\"@id\":\"https:\\\/\\\/candas365.es\\\/noticias\\\/costa-de-candas-mayo-de-2024\\\/#breadcrumblist\",\"itemListElement\":[{\"@type\":\"ListItem\",\"@id\":\"https:\\\/\\\/candas365.es\\\/noticias#listItem\",\"position\":1,\"name\":\"Home\",\"item\":\"https:\\\/\\\/candas365.es\\\/noticias\",\"nextItem\":{\"@type\":\"ListItem\",\"@id\":\"https:\\\/\\\/candas365.es\\\/noticias\\\/category\\\/galeria-365\\\/#listItem\",\"name\":\"Galer\\u00eda 365\"}},{\"@type\":\"ListItem\",\"@id\":\"https:\\\/\\\/candas365.es\\\/noticias\\\/category\\\/galeria-365\\\/#listItem\",\"position\":2,\"name\":\"Galer\\u00eda 365\",\"item\":\"https:\\\/\\\/candas365.es\\\/noticias\\\/category\\\/galeria-365\\\/\",\"nextItem\":{\"@type\":\"ListItem\",\"@id\":\"https:\\\/\\\/candas365.es\\\/noticias\\\/costa-de-candas-mayo-de-2024\\\/#listItem\",\"name\":\"Costa de Cand\\u00e1s: Mayo de 2024\"},\"previousItem\":{\"@type\":\"ListItem\",\"@id\":\"https:\\\/\\\/candas365.es\\\/noticias#listItem\",\"name\":\"Home\"}},{\"@type\":\"ListItem\",\"@id\":\"https:\\\/\\\/candas365.es\\\/noticias\\\/costa-de-candas-mayo-de-2024\\\/#listItem\",\"position\":3,\"name\":\"Costa de Cand\\u00e1s: Mayo de 2024\",\"previousItem\":{\"@type\":\"ListItem\",\"@id\":\"https:\\\/\\\/candas365.es\\\/noticias\\\/category\\\/galeria-365\\\/#listItem\",\"name\":\"Galer\\u00eda 365\"}}]},{\"@type\":\"NewsArticle\",\"@id\":\"https:\\\/\\\/candas365.es\\\/noticias\\\/costa-de-candas-mayo-de-2024\\\/#newsarticle\",\"name\":\"Costa de Cand\\u00e1s: Mayo de 2024 | Cand\\u00e1s 365\",\"headline\":\"Costa de Cand\\u00e1s: Mayo de 2024\",\"author\":{\"@id\":\"https:\\\/\\\/candas365.es\\\/noticias\\\/author\\\/admin\\\/#author\"},\"publisher\":{\"@id\":\"https:\\\/\\\/candas365.es\\\/noticias\\\/#organization\"},\"image\":{\"@type\":\"ImageObject\",\"url\":\"https:\\\/\\\/candas365.es\\\/noticias\\\/wp-content\\\/uploads\\\/2024\\\/05\\\/Costa-de-Candas-mayo-de-2024.jpg\",\"width\":887,\"height\":659,\"caption\":\"Foto: Cand\\u00e1s 365\"},\"datePublished\":\"2024-05-20T17:13:18+02:00\",\"dateModified\":\"2024-05-20T17:13:18+02:00\",\"inLanguage\":\"es-ES\",\"mainEntityOfPage\":{\"@id\":\"https:\\\/\\\/candas365.es\\\/noticias\\\/costa-de-candas-mayo-de-2024\\\/#webpage\"},\"isPartOf\":{\"@id\":\"https:\\\/\\\/candas365.es\\\/noticias\\\/costa-de-candas-mayo-de-2024\\\/#webpage\"},\"articleSection\":\"Galer\\u00eda 365, Cand\\u00e1s, Imagen\",\"dateline\":\"Publicado el mayo 20, 2024.\"},{\"@type\":\"Organization\",\"@id\":\"https:\\\/\\\/candas365.es\\\/noticias\\\/#organization\",\"name\":\"Cand\\u00e1s 365\",\"description\":\"Cand\\u00e1s 365 es un diario digital independiente, fundado en 2012, con base en Asturias. Informamos con rigor sobre actualidad, sociedad, cultura y ocio, con una mirada local y global.\",\"url\":\"https:\\\/\\\/candas365.es\\\/noticias\\\/\",\"email\":\"info@candas365.es\",\"telephone\":\"+34652131393\",\"foundingDate\":\"2012-06-10\",\"logo\":{\"@type\":\"ImageObject\",\"url\":\"https:\\\/\\\/candas365.es\\\/noticias\\\/wp-content\\\/uploads\\\/2024\\\/09\\\/Candas-365-Redes.jpg\",\"@id\":\"https:\\\/\\\/candas365.es\\\/noticias\\\/costa-de-candas-mayo-de-2024\\\/#organizationLogo\",\"width\":1152,\"height\":864,\"caption\":\"Cand\\u00e1s 365 Redes\"},\"image\":{\"@id\":\"https:\\\/\\\/candas365.es\\\/noticias\\\/costa-de-candas-mayo-de-2024\\\/#organizationLogo\"},\"sameAs\":[\"https:\\\/\\\/www.facebook.com\\\/Nachofdezber\",\"https:\\\/\\\/x.com\\\/NabercoDigital\",\"https:\\\/\\\/www.instagram.com\\\/nachofdezber\\\/\",\"https:\\\/\\\/www.youtube.com\\\/channel\\\/UCZP-2wLEB9Rv6erhFmqVnvg\"],\"address\":{\"@id\":\"https:\\\/\\\/candas365.es\\\/noticias\\\/#postaladdress\",\"@type\":\"PostalAddress\",\"streetAddress\":\"san antonio 4, san antonio 4\",\"postalCode\":\"33430\",\"addressLocality\":\"Cand\\u00e1s\",\"addressRegion\":\"Asturias\",\"addressCountry\":\"ES\"}},{\"@type\":\"Person\",\"@id\":\"https:\\\/\\\/candas365.es\\\/noticias\\\/author\\\/admin\\\/#author\",\"url\":\"https:\\\/\\\/candas365.es\\\/noticias\\\/author\\\/admin\\\/\",\"name\":\"Cand\\u00e1s 365\",\"image\":{\"@type\":\"ImageObject\",\"@id\":\"https:\\\/\\\/candas365.es\\\/noticias\\\/costa-de-candas-mayo-de-2024\\\/#authorImage\",\"url\":\"https:\\\/\\\/secure.gravatar.com\\\/avatar\\\/496a8e03d0c493ede1718b7934145dbdf8d89be1036b0eec9544e1094c9de390?s=96&d=mm&r=g\",\"width\":96,\"height\":96,\"caption\":\"Cand\\u00e1s 365\"},\"sameAs\":[\"https:\\\/\\\/www.facebook.com\\\/carrenoactualidad\",\"https:\\\/\\\/twitter.com\\\/nbasturias\",\"https:\\\/\\\/www.instagram.com\\\/nachofdezber\\\/\",\"https:\\\/\\\/www.youtube.com\\\/channel\\\/UCZP-2wLEB9Rv6erhFmqVnvg\"]},{\"@type\":\"WebPage\",\"@id\":\"https:\\\/\\\/candas365.es\\\/noticias\\\/costa-de-candas-mayo-de-2024\\\/#webpage\",\"url\":\"https:\\\/\\\/candas365.es\\\/noticias\\\/costa-de-candas-mayo-de-2024\\\/\",\"name\":\"Costa de Cand\\u00e1s: Mayo de 2024 | Cand\\u00e1s 365\",\"description\":\"Hoy en nuestra galer\\u00eda de fotos os ofrecemos una panor\\u00e1mica de la costa de Cand\\u00e1s, la foto fue realizada desde el mirador de La Formiga, en la tarde del pasado\",\"inLanguage\":\"es-ES\",\"isPartOf\":{\"@id\":\"https:\\\/\\\/candas365.es\\\/noticias\\\/#website\"},\"breadcrumb\":{\"@id\":\"https:\\\/\\\/candas365.es\\\/noticias\\\/costa-de-candas-mayo-de-2024\\\/#breadcrumblist\"},\"author\":{\"@id\":\"https:\\\/\\\/candas365.es\\\/noticias\\\/author\\\/admin\\\/#author\"},\"creator\":{\"@id\":\"https:\\\/\\\/candas365.es\\\/noticias\\\/author\\\/admin\\\/#author\"},\"image\":{\"@type\":\"ImageObject\",\"url\":\"https:\\\/\\\/candas365.es\\\/noticias\\\/wp-content\\\/uploads\\\/2024\\\/05\\\/Costa-de-Candas-mayo-de-2024.jpg\",\"@id\":\"https:\\\/\\\/candas365.es\\\/noticias\\\/costa-de-candas-mayo-de-2024\\\/#mainImage\",\"width\":887,\"height\":659,\"caption\":\"Foto: Cand\\u00e1s 365\"},\"primaryImageOfPage\":{\"@id\":\"https:\\\/\\\/candas365.es\\\/noticias\\\/costa-de-candas-mayo-de-2024\\\/#mainImage\"},\"datePublished\":\"2024-05-20T17:13:18+02:00\",\"dateModified\":\"2024-05-20T17:13:18+02:00\"},{\"@type\":\"WebSite\",\"@id\":\"https:\\\/\\\/candas365.es\\\/noticias\\\/#website\",\"url\":\"https:\\\/\\\/candas365.es\\\/noticias\\\/\",\"name\":\"Cand\\u00e1s 365\",\"alternateName\":\"Cand\\u00e1s 365 Noticias\",\"description\":\"Actualidad desde Carre\\u00f1o para el mundo\",\"inLanguage\":\"es-ES\",\"publisher\":{\"@id\":\"https:\\\/\\\/candas365.es\\\/noticias\\\/#organization\"}}]}\n\t\t<\/script>\n\t\t<!-- All in One SEO Pro -->\r\n\t\t<title>Costa de Cand\u00e1s: Mayo de 2024 | Cand\u00e1s 365<\/title>\n\n","aioseo_head_json":{"title":"Costa de Cand\u00e1s: Mayo de 2024 | Cand\u00e1s 365","description":"Hoy en nuestra galer\u00eda de fotos os ofrecemos una panor\u00e1mica de la costa de Cand\u00e1s, la foto fue realizada desde el mirador de La Formiga, en la tarde del pasado","canonical_url":"https:\/\/candas365.es\/noticias\/costa-de-candas-mayo-de-2024\/","robots":"max-image-preview:large","keywords":"galer\u00eda 365","webmasterTools":{"google-site-verification":"UA-32230408-1","msvalidate.01":"354F3CDFB2DA171B47FBE9ABF1F88D5","miscellaneous":""},"schema":{"@context":"https:\/\/schema.org","@graph":[{"@type":"BreadcrumbList","@id":"https:\/\/candas365.es\/noticias\/costa-de-candas-mayo-de-2024\/#breadcrumblist","itemListElement":[{"@type":"ListItem","@id":"https:\/\/candas365.es\/noticias#listItem","position":1,"name":"Home","item":"https:\/\/candas365.es\/noticias","nextItem":{"@type":"ListItem","@id":"https:\/\/candas365.es\/noticias\/category\/galeria-365\/#listItem","name":"Galer\u00eda 365"}},{"@type":"ListItem","@id":"https:\/\/candas365.es\/noticias\/category\/galeria-365\/#listItem","position":2,"name":"Galer\u00eda 365","item":"https:\/\/candas365.es\/noticias\/category\/galeria-365\/","nextItem":{"@type":"ListItem","@id":"https:\/\/candas365.es\/noticias\/costa-de-candas-mayo-de-2024\/#listItem","name":"Costa de Cand\u00e1s: Mayo de 2024"},"previousItem":{"@type":"ListItem","@id":"https:\/\/candas365.es\/noticias#listItem","name":"Home"}},{"@type":"ListItem","@id":"https:\/\/candas365.es\/noticias\/costa-de-candas-mayo-de-2024\/#listItem","position":3,"name":"Costa de Cand\u00e1s: Mayo de 2024","previousItem":{"@type":"ListItem","@id":"https:\/\/candas365.es\/noticias\/category\/galeria-365\/#listItem","name":"Galer\u00eda 365"}}]},{"@type":"NewsArticle","@id":"https:\/\/candas365.es\/noticias\/costa-de-candas-mayo-de-2024\/#newsarticle","name":"Costa de Cand\u00e1s: Mayo de 2024 | Cand\u00e1s 365","headline":"Costa de Cand\u00e1s: Mayo de 2024","author":{"@id":"https:\/\/candas365.es\/noticias\/author\/admin\/#author"},"publisher":{"@id":"https:\/\/candas365.es\/noticias\/#organization"},"image":{"@type":"ImageObject","url":"https:\/\/candas365.es\/noticias\/wp-content\/uploads\/2024\/05\/Costa-de-Candas-mayo-de-2024.jpg","width":887,"height":659,"caption":"Foto: Cand\u00e1s 365"},"datePublished":"2024-05-20T17:13:18+02:00","dateModified":"2024-05-20T17:13:18+02:00","inLanguage":"es-ES","mainEntityOfPage":{"@id":"https:\/\/candas365.es\/noticias\/costa-de-candas-mayo-de-2024\/#webpage"},"isPartOf":{"@id":"https:\/\/candas365.es\/noticias\/costa-de-candas-mayo-de-2024\/#webpage"},"articleSection":"Galer\u00eda 365, Cand\u00e1s, Imagen","dateline":"Publicado el mayo 20, 2024."},{"@type":"Organization","@id":"https:\/\/candas365.es\/noticias\/#organization","name":"Cand\u00e1s 365","description":"Cand\u00e1s 365 es un diario digital independiente, fundado en 2012, con base en Asturias. Informamos con rigor sobre actualidad, sociedad, cultura y ocio, con una mirada local y global.","url":"https:\/\/candas365.es\/noticias\/","email":"info@candas365.es","telephone":"+34652131393","foundingDate":"2012-06-10","logo":{"@type":"ImageObject","url":"https:\/\/candas365.es\/noticias\/wp-content\/uploads\/2024\/09\/Candas-365-Redes.jpg","@id":"https:\/\/candas365.es\/noticias\/costa-de-candas-mayo-de-2024\/#organizationLogo","width":1152,"height":864,"caption":"Cand\u00e1s 365 Redes"},"image":{"@id":"https:\/\/candas365.es\/noticias\/costa-de-candas-mayo-de-2024\/#organizationLogo"},"sameAs":["https:\/\/www.facebook.com\/Nachofdezber","https:\/\/x.com\/NabercoDigital","https:\/\/www.instagram.com\/nachofdezber\/","https:\/\/www.youtube.com\/channel\/UCZP-2wLEB9Rv6erhFmqVnvg"],"address":{"@id":"https:\/\/candas365.es\/noticias\/#postaladdress","@type":"PostalAddress","streetAddress":"san antonio 4, san antonio 4","postalCode":"33430","addressLocality":"Cand\u00e1s","addressRegion":"Asturias","addressCountry":"ES"}},{"@type":"Person","@id":"https:\/\/candas365.es\/noticias\/author\/admin\/#author","url":"https:\/\/candas365.es\/noticias\/author\/admin\/","name":"Cand\u00e1s 365","image":{"@type":"ImageObject","@id":"https:\/\/candas365.es\/noticias\/costa-de-candas-mayo-de-2024\/#authorImage","url":"https:\/\/secure.gravatar.com\/avatar\/496a8e03d0c493ede1718b7934145dbdf8d89be1036b0eec9544e1094c9de390?s=96&d=mm&r=g","width":96,"height":96,"caption":"Cand\u00e1s 365"},"sameAs":["https:\/\/www.facebook.com\/carrenoactualidad","https:\/\/twitter.com\/nbasturias","https:\/\/www.instagram.com\/nachofdezber\/","https:\/\/www.youtube.com\/channel\/UCZP-2wLEB9Rv6erhFmqVnvg"]},{"@type":"WebPage","@id":"https:\/\/candas365.es\/noticias\/costa-de-candas-mayo-de-2024\/#webpage","url":"https:\/\/candas365.es\/noticias\/costa-de-candas-mayo-de-2024\/","name":"Costa de Cand\u00e1s: Mayo de 2024 | Cand\u00e1s 365","description":"Hoy en nuestra galer\u00eda de fotos os ofrecemos una panor\u00e1mica de la costa de Cand\u00e1s, la foto fue realizada desde el mirador de La Formiga, en la tarde del pasado","inLanguage":"es-ES","isPartOf":{"@id":"https:\/\/candas365.es\/noticias\/#website"},"breadcrumb":{"@id":"https:\/\/candas365.es\/noticias\/costa-de-candas-mayo-de-2024\/#breadcrumblist"},"author":{"@id":"https:\/\/candas365.es\/noticias\/author\/admin\/#author"},"creator":{"@id":"https:\/\/candas365.es\/noticias\/author\/admin\/#author"},"image":{"@type":"ImageObject","url":"https:\/\/candas365.es\/noticias\/wp-content\/uploads\/2024\/05\/Costa-de-Candas-mayo-de-2024.jpg","@id":"https:\/\/candas365.es\/noticias\/costa-de-candas-mayo-de-2024\/#mainImage","width":887,"height":659,"caption":"Foto: Cand\u00e1s 365"},"primaryImageOfPage":{"@id":"https:\/\/candas365.es\/noticias\/costa-de-candas-mayo-de-2024\/#mainImage"},"datePublished":"2024-05-20T17:13:18+02:00","dateModified":"2024-05-20T17:13:18+02:00"},{"@type":"WebSite","@id":"https:\/\/candas365.es\/noticias\/#website","url":"https:\/\/candas365.es\/noticias\/","name":"Cand\u00e1s 365","alternateName":"Cand\u00e1s 365 Noticias","description":"Actualidad desde Carre\u00f1o para el mundo","inLanguage":"es-ES","publisher":{"@id":"https:\/\/candas365.es\/noticias\/#organization"}}]},"og:locale":"es_ES","og:site_name":"Cand\u00e1s 365","og:type":"article","og:title":"Costa de Cand\u00e1s: Mayo de 2024 | Cand\u00e1s 365","og:description":"Hoy en nuestra galer\u00eda de fotos os ofrecemos una panor\u00e1mica de la costa de Cand\u00e1s, la foto fue realizada desde el mirador de La Formiga, en la tarde del pasado","og:url":"https:\/\/candas365.es\/noticias\/costa-de-candas-mayo-de-2024\/","og:image":"https:\/\/candas365.es\/noticias\/wp-content\/uploads\/2024\/05\/Costa-de-Candas-mayo-de-2024.jpg","og:image:secure_url":"https:\/\/candas365.es\/noticias\/wp-content\/uploads\/2024\/05\/Costa-de-Candas-mayo-de-2024.jpg","og:image:width":887,"og:image:height":659,"article:published_time":"2024-05-20T15:13:18+00:00","article:modified_time":"2024-05-20T15:13:18+00:00","article:publisher":"https:\/\/www.facebook.com\/Nachofdezber","article:author":"https:\/\/www.facebook.com\/carrenoactualidad","twitter:card":"summary_large_image","twitter:site":"@NabercoDigital","twitter:title":"Costa de Cand\u00e1s: Mayo de 2024 | Cand\u00e1s 365","twitter:description":"Hoy en nuestra galer\u00eda de fotos os ofrecemos una panor\u00e1mica de la costa de Cand\u00e1s, la foto fue realizada desde el mirador de La Formiga, en la tarde del pasado","twitter:creator":"@nbasturias","twitter:image":"https:\/\/candas365.es\/noticias\/wp-content\/uploads\/2024\/05\/Costa-de-Candas-mayo-de-2024.jpg","twitter:label1":"Escrito por","twitter:data1":"Cand\u00e1s 365"},"aioseo_meta_data":{"post_id":"181353","title":null,"description":"Hoy en nuestra galer\u00eda de fotos os ofrecemos una panor\u00e1mica de la costa de Cand\u00e1s, la foto fue realizada desde el mirador de La Formiga, en la tarde del pasado","keywords":null,"keyphrases":{"focus":{"keyphrase":"Cand\u00e1s","score":85,"analysis":{"keyphraseInTitle":{"score":9,"maxScore":9,"error":0},"keyphraseInDescription":{"score":9,"maxScore":9,"error":0},"keyphraseLength":{"score":9,"maxScore":9,"error":0,"length":2},"keyphraseInURL":{"score":5,"maxScore":5,"error":0},"keyphraseInIntroduction":{"score":9,"maxScore":9,"error":0},"keyphraseInSubHeadings":[],"keyphraseInImageAlt":{"score":9,"maxScore":9,"error":0},"keywordDensity":{"type":"high","score":0,"maxScore":9,"error":1}}},"additional":[{"keyphrase":"Cand\u00e1s","score":80,"analysis":{"keyphraseInDescription":{"score":9,"maxScore":9,"error":0},"keyphraseLength":{"score":9,"maxScore":9,"error":0,"length":2},"keyphraseInIntroduction":{"score":9,"maxScore":9,"error":0},"keyphraseInImageAlt":{"score":9,"maxScore":9,"error":0},"keywordDensity":{"type":"high","score":0,"maxScore":9,"error":1}}}]},"primary_term":null,"canonical_url":null,"og_title":null,"og_description":null,"og_object_type":"default","og_image_type":"default","og_image_url":null,"og_image_width":null,"og_image_height":null,"og_image_custom_url":null,"og_image_custom_fields":null,"og_video":"","og_custom_url":null,"og_article_section":null,"og_article_tags":null,"twitter_use_og":false,"twitter_card":"default","twitter_image_type":"default","twitter_image_url":null,"twitter_image_custom_url":null,"twitter_image_custom_fields":null,"twitter_title":null,"twitter_description":null,"schema":{"blockGraphs":[],"customGraphs":[],"default":{"data":{"Article":[],"Course":[],"Dataset":[],"FAQPage":[],"Movie":[],"Person":[],"Product":[],"ProductReview":[],"Car":[],"Recipe":[],"Service":[],"SoftwareApplication":[],"WebPage":[]},"graphName":"Article","isEnabled":true},"graphs":[]},"schema_type":"default","schema_type_options":null,"pillar_content":false,"robots_default":true,"robots_noindex":false,"robots_noarchive":false,"robots_nosnippet":false,"robots_nofollow":false,"robots_noimageindex":false,"robots_noodp":false,"robots_notranslate":false,"robots_max_snippet":"-1","robots_max_videopreview":"-1","robots_max_imagepreview":"large","priority":null,"frequency":"default","location":null,"local_seo":null,"seo_analyzer_scan_date":"2025-09-02 10:50:28","breadcrumb_settings":null,"limit_modified_date":false,"reviewed_by":null,"open_ai":"{\"title\":{\"suggestions\":[],\"usage\":0},\"description\":{\"suggestions\":[],\"usage\":0}}","ai":null,"created":"2024-05-20 15:02:25","updated":"2025-09-02 10:50:28"},"aioseo_breadcrumb":"<div class=\"aioseo-breadcrumbs\"><span class=\"aioseo-breadcrumb\">\n\t<a href=\"https:\/\/candas365.es\/noticias\" title=\"Home\">Home<\/a>\n<\/span><span class=\"aioseo-breadcrumb-separator\">&ndash;<\/span><span class=\"aioseo-breadcrumb\">\n\t<a href=\"https:\/\/candas365.es\/noticias\/category\/galeria-365\/\" title=\"Galer\u00eda 365\">Galer\u00eda 365<\/a>\n<\/span><span class=\"aioseo-breadcrumb-separator\">&ndash;<\/span><span class=\"aioseo-breadcrumb\">\n\tCosta de Cand\u00e1s: Mayo de 2024\n<\/span><\/div>","aioseo_breadcrumb_json":[{"label":"Home","link":"https:\/\/candas365.es\/noticias"},{"label":"Galer\u00eda 365","link":"https:\/\/candas365.es\/noticias\/category\/galeria-365\/"},{"label":"Costa de Cand\u00e1s: Mayo de 2024","link":"https:\/\/candas365.es\/noticias\/costa-de-candas-mayo-de-2024\/"}],"_links":{"self":[{"href":"https:\/\/candas365.es\/noticias\/wp-json\/wp\/v2\/posts\/181353","targetHints":{"allow":["GET"]}}],"collection":[{"href":"https:\/\/candas365.es\/noticias\/wp-json\/wp\/v2\/posts"}],"about":[{"href":"https:\/\/candas365.es\/noticias\/wp-json\/wp\/v2\/types\/post"}],"author":[{"embeddable":true,"href":"https:\/\/candas365.es\/noticias\/wp-json\/wp\/v2\/users\/1"}],"replies":[{"embeddable":true,"href":"https:\/\/candas365.es\/noticias\/wp-json\/wp\/v2\/comments?post=181353"}],"version-history":[{"count":0,"href":"https:\/\/candas365.es\/noticias\/wp-json\/wp\/v2\/posts\/181353\/revisions"}],"wp:featuredmedia":[{"embeddable":true,"href":"https:\/\/candas365.es\/noticias\/wp-json\/wp\/v2\/media\/181354"}],"wp:attachment":[{"href":"https:\/\/candas365.es\/noticias\/wp-json\/wp\/v2\/media?parent=181353"}],"wp:term":[{"taxonomy":"category","embeddable":true,"href":"https:\/\/candas365.es\/noticias\/wp-json\/wp\/v2\/categories?post=181353"},{"taxonomy":"post_tag","embeddable":true,"href":"https:\/\/candas365.es\/noticias\/wp-json\/wp\/v2\/tags?post=181353"}],"curies":[{"name":"wp","href":"https:\/\/api.w.org\/{rel}","templated":true}]}}