{"id":181346,"date":"2024-05-19T17:04:20","date_gmt":"2024-05-19T15:04:20","guid":{"rendered":"https:\/\/candas365.es\/noticias\/?p=181346"},"modified":"2024-05-19T17:04:20","modified_gmt":"2024-05-19T15:04:20","slug":"elecciones-europeas-2024-los-planes-parlamentarios-de-izquierda-espanola","status":"publish","type":"post","link":"https:\/\/candas365.es\/noticias\/elecciones-europeas-2024-los-planes-parlamentarios-de-izquierda-espanola\/","title":{"rendered":"Elecciones Europeas 2024: Los planes parlamentarios de Izquierda Espa\u00f1ola"},"content":{"rendered":"<p><strong>Izquierda Espa\u00f1ola<\/strong> ubicar\u00e1 a los eurodiputados que consiga en las <span style=\"color: #ff6600;\"><a style=\"color: #ff6600;\" href=\"https:\/\/candas365.es\/noticias\/tag\/elecciones\/\"><strong>elecciones<\/strong><\/a><\/span> del 9 de junio en el grupo de la Alianza de Socialistas y Dem\u00f3cratas en el Parlamento Europeo, y, si les veta el PSOE, lo har\u00e1 en el de The Left (La Izquierda), al que se adscriben los de Podemos e Izquierda Unida, sin descartar tampoco a Los Verdes, donde estar\u00e1 el resto de Sumar.<\/p>\n<figure id=\"attachment_181347\" aria-describedby=\"caption-attachment-181347\" style=\"width: 650px\" class=\"wp-caption aligncenter\"><img fetchpriority=\"high\" decoding=\"async\" class=\"size-large wp-image-181347\" src=\"https:\/\/candas365.es\/noticias\/wp-content\/uploads\/2024\/05\/Izquierda-Espanola-650x430.jpg\" alt=\"Izquierda Espa\u00f1ola\" width=\"650\" height=\"430\" srcset=\"https:\/\/candas365.es\/noticias\/wp-content\/uploads\/2024\/05\/Izquierda-Espanola-650x430.jpg 650w, https:\/\/candas365.es\/noticias\/wp-content\/uploads\/2024\/05\/Izquierda-Espanola-360x238.jpg 360w, https:\/\/candas365.es\/noticias\/wp-content\/uploads\/2024\/05\/Izquierda-Espanola-768x508.jpg 768w, https:\/\/candas365.es\/noticias\/wp-content\/uploads\/2024\/05\/Izquierda-Espanola-150x99.jpg 150w, https:\/\/candas365.es\/noticias\/wp-content\/uploads\/2024\/05\/Izquierda-Espanola-450x298.jpg 450w, https:\/\/candas365.es\/noticias\/wp-content\/uploads\/2024\/05\/Izquierda-Espanola.jpg 985w\" sizes=\"(max-width: 650px) 100vw, 650px\" \/><figcaption id=\"caption-attachment-181347\" class=\"wp-caption-text\">Guillermo del Valle en una entrevista en Servimedia | Foto de Jorge Villa<\/figcaption><\/figure>\n<p>As\u00ed lo comunicaron a Servimedia fuentes de este partido de nueva creaci\u00f3n, que se autodefine de ideolog\u00eda rotundamente de izquierdas en materia econ\u00f3mica pero contrario, en aras de la igualdad entre los espa\u00f1oles, a los pactos del Gobierno del PSOE y Sumar con los partidos nacionalistas e independentistas.<\/p>\n<p>Dichas fuentes explicaron que, despu\u00e9s de unos d\u00edas debati\u00e9ndolo, su \u00abintenci\u00f3n inicial\u00bb es adscribir a los eurodiputados que logre su candidatura en el grupo de los socialdem\u00f3cratas. Sin embargo, todav\u00eda no lo tienen decidido y, adem\u00e1s, atisban una posible dificultad por la influencia de los socialistas espa\u00f1oles en su familia europea.<\/p>\n<p>\u00abSomos realistas y sabemos que puede haber un bloqueo por parte del PSOE, porque es el partido m\u00e1s grande dentro de ese grupo y posiblemente nos veten\u00bb, barajan en Izquierda Espa\u00f1ola, que por tanto manejan planes B y C.<\/p>\n<p>La segunda opci\u00f3n ser\u00eda incluirse en The Left, el grupo al que tambi\u00e9n ir\u00e1n los diputados de Podemos e Izquierda Unida, aunque esta segunda formaci\u00f3n se presenta en el n\u00famero 4 de la candidatura de Sumar y los n\u00fameros 1, 2 y 3 probablemente se adscriban a los Verdes. Y la tercera adscribirse a estos \u00faltimos.<\/p>\n<p>\u00abSomos n\u00edtidamente de izquierdas y queremos defender lo que defendemos desde un grupo de izquierdas\u00bb, remarcaron las fuentes consultadas, que subrayaron que en Europa no se da la reticencia que hay en Espa\u00f1a a reconocer el car\u00e1cter progresista de un partido que critica los pactos con los nacionalistas.<\/p>\n<h2>\u00abDESDE LA IZQUIERDA\u00bb<\/h2>\n<p>Aunque fuentes de la direcci\u00f3n de Izquierda Espa\u00f1ola reconocieron a esta agencia que tendr\u00edan que conllevar discrepancias y contradicciones en cualquiera de los tres grupos parlamentarios de la izquierda al que finalmente se vinculen, los eurodiputados liderados por Guillermo del Valle entienden que deben decir \u00abdesde la izquierda\u00bb que los nacionalistas son los \u00ablos socios de Salvini\u00bb, el dirigente de la Liga Norte que en su d\u00eda aspir\u00f3 a independizar a las regiones septentrionales de Italia quej\u00e1ndose de su d\u00e9ficit fiscal con las meridionales.<\/p>\n<p>Izquierda Espa\u00f1ola descarta, por tanto, incluir a sus hipot\u00e9ticos electos en Renew, el grupo en el que se referenci\u00f3 Ciudadanos y al que perteneci\u00f3 por tanto como eurodiputada la n\u00famero 2 de Del Valle, Soraya Rodriguez, despu\u00e9s de haber abandonado el PSOE. Y lo mismo por lo que respecta al resto de grupos del Parlamento Europeo, \u00abque son derecha\u00bb.<\/p>\n<p>El partido se plantea la t\u00edpica campa\u00f1a de formaci\u00f3n todav\u00eda extraparlamentaria, por falta de recursos econ\u00f3micos, una de \u00abfurgoneta y speaker&#8217;s corner\u00bb, seg\u00fan sintetizaron las fuentes consultadas en alusi\u00f3n a la t\u00edpica escena brit\u00e1nica de un orador hablando con altavoz en la calle para llamar la atenci\u00f3n de los viandantes.<\/p>\n<p>Lo har\u00e1 en Madrid y en aquellas ciudades donde cree que m\u00e1s puede poner en solfa la contradicci\u00f3n ideol\u00f3gica que percibe entre la izquierda y el nacionalismo, adem\u00e1s de prodigarse en entrevistas de Del Valle y otros candidatos en distintos medios de comunicaci\u00f3n.<\/p>\n<p>Pocos d\u00edas antes del inicio de la campa\u00f1a, Izquierda Espa\u00f1ola apela a que algunas encuestas ya le sit\u00faan por encima del 1% de voto y por tanto a escasas d\u00e9cimas de lograr los votos que, en una circunscripci\u00f3n \u00fanica como la que rige en las europeas, le otorgar\u00eda representaci\u00f3n en Bruselas.<\/p>\n<p>(<a href=\"https:\/\/www.servimedia.es\/\" target=\"_blank\" rel=\"noopener\"><span style=\"color: #ff6600;\"><strong>SERVIMEDIA<\/strong><\/span><\/a>)<\/p>\n","protected":false},"excerpt":{"rendered":"<p>Izquierda Espa\u00f1ola ubicar\u00e1 a los eurodiputados que consiga en las elecciones del 9 de junio en el grupo de la Alianza de Socialistas y Dem\u00f3cratas en el Parlamento Europeo, y, si les veta el PSOE, lo har\u00e1 en el de The Left (La Izquierda), al que se adscriben los de Podemos e Izquierda Unida, sin<\/p>\n","protected":false},"author":1,"featured_media":181347,"comment_status":"closed","ping_status":"closed","sticky":false,"template":"","format":"standard","meta":{"footnotes":""},"categories":[343],"tags":[413,470],"class_list":{"0":"post-181346","1":"post","2":"type-post","3":"status-publish","4":"format-standard","5":"has-post-thumbnail","7":"category-actualidad","8":"tag-elecciones","9":"tag-politica"},"aioseo_notices":[],"aioseo_head":"\n\t\t<!-- All in One SEO Pro 4.9.6.2 - aioseo.com -->\n\t<meta name=\"description\" content=\"Izquierda Espa\u00f1ola ubicar\u00e1 a los eurodiputados que consiga en las elecciones del 9 de junio en el grupo de la Alianza de Socialistas y Dem\u00f3cratas en el\" \/>\n\t<meta name=\"robots\" content=\"max-image-preview:large\" \/>\n\t<meta name=\"author\" content=\"Cand\u00e1s 365\"\/>\n\t<meta name=\"google-site-verification\" content=\"UA-32230408-1\" \/>\n\t<meta name=\"msvalidate.01\" content=\"354F3CDFB2DA171B47FBE9ABF1F88D5\" \/>\n\t<meta name=\"keywords\" content=\"actualidad\" \/>\n\t<link rel=\"canonical\" href=\"https:\/\/candas365.es\/noticias\/elecciones-europeas-2024-los-planes-parlamentarios-de-izquierda-espanola\/\" \/>\n\t<meta name=\"generator\" content=\"All in One SEO Pro (AIOSEO) 4.9.6.2\" \/>\n\t\t<meta property=\"og:locale\" content=\"es_ES\" \/>\n\t\t<meta property=\"og:site_name\" content=\"Cand\u00e1s 365\" \/>\n\t\t<meta property=\"og:type\" content=\"article\" \/>\n\t\t<meta property=\"og:title\" content=\"Elecciones Europeas 2024: Los planes parlamentarios de Izquierda Espa\u00f1ola | Cand\u00e1s 365\" \/>\n\t\t<meta property=\"og:description\" content=\"Izquierda Espa\u00f1ola ubicar\u00e1 a los eurodiputados que consiga en las elecciones del 9 de junio en el grupo de la Alianza de Socialistas y Dem\u00f3cratas en el\" \/>\n\t\t<meta property=\"og:url\" content=\"https:\/\/candas365.es\/noticias\/elecciones-europeas-2024-los-planes-parlamentarios-de-izquierda-espanola\/\" \/>\n\t\t<meta property=\"og:image\" content=\"https:\/\/candas365.es\/noticias\/wp-content\/uploads\/2024\/05\/Izquierda-Espanola.jpg\" \/>\n\t\t<meta property=\"og:image:secure_url\" content=\"https:\/\/candas365.es\/noticias\/wp-content\/uploads\/2024\/05\/Izquierda-Espanola.jpg\" \/>\n\t\t<meta property=\"og:image:width\" content=\"985\" \/>\n\t\t<meta property=\"og:image:height\" content=\"652\" \/>\n\t\t<meta property=\"article:published_time\" content=\"2024-05-19T15:04:20+00:00\" \/>\n\t\t<meta property=\"article:modified_time\" content=\"2024-05-19T15:04:20+00:00\" \/>\n\t\t<meta property=\"article:publisher\" content=\"https:\/\/www.facebook.com\/Nachofdezber\" \/>\n\t\t<meta property=\"article:author\" content=\"https:\/\/www.facebook.com\/carrenoactualidad\" \/>\n\t\t<meta name=\"twitter:card\" content=\"summary_large_image\" \/>\n\t\t<meta name=\"twitter:site\" content=\"@NabercoDigital\" \/>\n\t\t<meta name=\"twitter:title\" content=\"Elecciones Europeas 2024: Los planes parlamentarios de Izquierda Espa\u00f1ola | Cand\u00e1s 365\" \/>\n\t\t<meta name=\"twitter:description\" content=\"Izquierda Espa\u00f1ola ubicar\u00e1 a los eurodiputados que consiga en las elecciones del 9 de junio en el grupo de la Alianza de Socialistas y Dem\u00f3cratas en el\" \/>\n\t\t<meta name=\"twitter:creator\" content=\"@nbasturias\" \/>\n\t\t<meta name=\"twitter:image\" content=\"https:\/\/candas365.es\/noticias\/wp-content\/uploads\/2024\/05\/Izquierda-Espanola.jpg\" \/>\n\t\t<meta name=\"twitter:label1\" content=\"Escrito por\" \/>\n\t\t<meta name=\"twitter:data1\" content=\"Cand\u00e1s 365\" \/>\n\t\t<meta name=\"twitter:label2\" content=\"Tiempo de lectura estimado\" \/>\n\t\t<meta name=\"twitter:data2\" content=\"3 minutos\" \/>\n\t\t<script type=\"application\/ld+json\" class=\"aioseo-schema\">\n\t\t\t{\"@context\":\"https:\\\/\\\/schema.org\",\"@graph\":[{\"@type\":\"BreadcrumbList\",\"@id\":\"https:\\\/\\\/candas365.es\\\/noticias\\\/elecciones-europeas-2024-los-planes-parlamentarios-de-izquierda-espanola\\\/#breadcrumblist\",\"itemListElement\":[{\"@type\":\"ListItem\",\"@id\":\"https:\\\/\\\/candas365.es\\\/noticias#listItem\",\"position\":1,\"name\":\"Home\",\"item\":\"https:\\\/\\\/candas365.es\\\/noticias\",\"nextItem\":{\"@type\":\"ListItem\",\"@id\":\"https:\\\/\\\/candas365.es\\\/noticias\\\/category\\\/actualidad\\\/#listItem\",\"name\":\"Actualidad\"}},{\"@type\":\"ListItem\",\"@id\":\"https:\\\/\\\/candas365.es\\\/noticias\\\/category\\\/actualidad\\\/#listItem\",\"position\":2,\"name\":\"Actualidad\",\"item\":\"https:\\\/\\\/candas365.es\\\/noticias\\\/category\\\/actualidad\\\/\",\"nextItem\":{\"@type\":\"ListItem\",\"@id\":\"https:\\\/\\\/candas365.es\\\/noticias\\\/elecciones-europeas-2024-los-planes-parlamentarios-de-izquierda-espanola\\\/#listItem\",\"name\":\"Elecciones Europeas 2024: Los planes parlamentarios de Izquierda Espa\\u00f1ola\"},\"previousItem\":{\"@type\":\"ListItem\",\"@id\":\"https:\\\/\\\/candas365.es\\\/noticias#listItem\",\"name\":\"Home\"}},{\"@type\":\"ListItem\",\"@id\":\"https:\\\/\\\/candas365.es\\\/noticias\\\/elecciones-europeas-2024-los-planes-parlamentarios-de-izquierda-espanola\\\/#listItem\",\"position\":3,\"name\":\"Elecciones Europeas 2024: Los planes parlamentarios de Izquierda Espa\\u00f1ola\",\"previousItem\":{\"@type\":\"ListItem\",\"@id\":\"https:\\\/\\\/candas365.es\\\/noticias\\\/category\\\/actualidad\\\/#listItem\",\"name\":\"Actualidad\"}}]},{\"@type\":\"NewsArticle\",\"@id\":\"https:\\\/\\\/candas365.es\\\/noticias\\\/elecciones-europeas-2024-los-planes-parlamentarios-de-izquierda-espanola\\\/#newsarticle\",\"name\":\"Elecciones Europeas 2024: Los planes parlamentarios de Izquierda Espa\\u00f1ola | Cand\\u00e1s 365\",\"headline\":\"Elecciones Europeas 2024: Los planes parlamentarios de Izquierda Espa\\u00f1ola\",\"author\":{\"@id\":\"https:\\\/\\\/candas365.es\\\/noticias\\\/author\\\/admin\\\/#author\"},\"publisher\":{\"@id\":\"https:\\\/\\\/candas365.es\\\/noticias\\\/#organization\"},\"image\":{\"@type\":\"ImageObject\",\"url\":\"https:\\\/\\\/candas365.es\\\/noticias\\\/wp-content\\\/uploads\\\/2024\\\/05\\\/Izquierda-Espanola.jpg\",\"width\":985,\"height\":652,\"caption\":\"Guillermo del Valle en una entrevista en Servimedia | Foto de Jorge Villa\"},\"datePublished\":\"2024-05-19T17:04:20+02:00\",\"dateModified\":\"2024-05-19T17:04:20+02:00\",\"inLanguage\":\"es-ES\",\"mainEntityOfPage\":{\"@id\":\"https:\\\/\\\/candas365.es\\\/noticias\\\/elecciones-europeas-2024-los-planes-parlamentarios-de-izquierda-espanola\\\/#webpage\"},\"isPartOf\":{\"@id\":\"https:\\\/\\\/candas365.es\\\/noticias\\\/elecciones-europeas-2024-los-planes-parlamentarios-de-izquierda-espanola\\\/#webpage\"},\"articleSection\":\"Actualidad, Elecciones, pol\\u00edtica\",\"dateline\":\"Publicado el mayo 19, 2024.\"},{\"@type\":\"Organization\",\"@id\":\"https:\\\/\\\/candas365.es\\\/noticias\\\/#organization\",\"name\":\"Cand\\u00e1s 365\",\"description\":\"Cand\\u00e1s 365 es un diario digital independiente, fundado en 2012, con base en Asturias. Informamos con rigor sobre actualidad, sociedad, cultura y ocio, con una mirada local y global.\",\"url\":\"https:\\\/\\\/candas365.es\\\/noticias\\\/\",\"email\":\"info@candas365.es\",\"telephone\":\"+34652131393\",\"foundingDate\":\"2012-06-10\",\"logo\":{\"@type\":\"ImageObject\",\"url\":\"https:\\\/\\\/candas365.es\\\/noticias\\\/wp-content\\\/uploads\\\/2024\\\/09\\\/Candas-365-Redes.jpg\",\"@id\":\"https:\\\/\\\/candas365.es\\\/noticias\\\/elecciones-europeas-2024-los-planes-parlamentarios-de-izquierda-espanola\\\/#organizationLogo\",\"width\":1152,\"height\":864,\"caption\":\"Cand\\u00e1s 365 Redes\"},\"image\":{\"@id\":\"https:\\\/\\\/candas365.es\\\/noticias\\\/elecciones-europeas-2024-los-planes-parlamentarios-de-izquierda-espanola\\\/#organizationLogo\"},\"sameAs\":[\"https:\\\/\\\/www.facebook.com\\\/Nachofdezber\",\"https:\\\/\\\/x.com\\\/NabercoDigital\",\"https:\\\/\\\/www.instagram.com\\\/nachofdezber\\\/\",\"https:\\\/\\\/www.youtube.com\\\/channel\\\/UCZP-2wLEB9Rv6erhFmqVnvg\"],\"address\":{\"@id\":\"https:\\\/\\\/candas365.es\\\/noticias\\\/#postaladdress\",\"@type\":\"PostalAddress\",\"streetAddress\":\"san antonio 4, san antonio 4\",\"postalCode\":\"33430\",\"addressLocality\":\"Cand\\u00e1s\",\"addressRegion\":\"Asturias\",\"addressCountry\":\"ES\"}},{\"@type\":\"Person\",\"@id\":\"https:\\\/\\\/candas365.es\\\/noticias\\\/author\\\/admin\\\/#author\",\"url\":\"https:\\\/\\\/candas365.es\\\/noticias\\\/author\\\/admin\\\/\",\"name\":\"Cand\\u00e1s 365\",\"image\":{\"@type\":\"ImageObject\",\"@id\":\"https:\\\/\\\/candas365.es\\\/noticias\\\/elecciones-europeas-2024-los-planes-parlamentarios-de-izquierda-espanola\\\/#authorImage\",\"url\":\"https:\\\/\\\/secure.gravatar.com\\\/avatar\\\/496a8e03d0c493ede1718b7934145dbdf8d89be1036b0eec9544e1094c9de390?s=96&d=mm&r=g\",\"width\":96,\"height\":96,\"caption\":\"Cand\\u00e1s 365\"},\"sameAs\":[\"https:\\\/\\\/www.facebook.com\\\/carrenoactualidad\",\"https:\\\/\\\/twitter.com\\\/nbasturias\",\"https:\\\/\\\/www.instagram.com\\\/nachofdezber\\\/\",\"https:\\\/\\\/www.youtube.com\\\/channel\\\/UCZP-2wLEB9Rv6erhFmqVnvg\"]},{\"@type\":\"WebPage\",\"@id\":\"https:\\\/\\\/candas365.es\\\/noticias\\\/elecciones-europeas-2024-los-planes-parlamentarios-de-izquierda-espanola\\\/#webpage\",\"url\":\"https:\\\/\\\/candas365.es\\\/noticias\\\/elecciones-europeas-2024-los-planes-parlamentarios-de-izquierda-espanola\\\/\",\"name\":\"Elecciones Europeas 2024: Los planes parlamentarios de Izquierda Espa\\u00f1ola | Cand\\u00e1s 365\",\"description\":\"Izquierda Espa\\u00f1ola ubicar\\u00e1 a los eurodiputados que consiga en las elecciones del 9 de junio en el grupo de la Alianza de Socialistas y Dem\\u00f3cratas en el\",\"inLanguage\":\"es-ES\",\"isPartOf\":{\"@id\":\"https:\\\/\\\/candas365.es\\\/noticias\\\/#website\"},\"breadcrumb\":{\"@id\":\"https:\\\/\\\/candas365.es\\\/noticias\\\/elecciones-europeas-2024-los-planes-parlamentarios-de-izquierda-espanola\\\/#breadcrumblist\"},\"author\":{\"@id\":\"https:\\\/\\\/candas365.es\\\/noticias\\\/author\\\/admin\\\/#author\"},\"creator\":{\"@id\":\"https:\\\/\\\/candas365.es\\\/noticias\\\/author\\\/admin\\\/#author\"},\"image\":{\"@type\":\"ImageObject\",\"url\":\"https:\\\/\\\/candas365.es\\\/noticias\\\/wp-content\\\/uploads\\\/2024\\\/05\\\/Izquierda-Espanola.jpg\",\"@id\":\"https:\\\/\\\/candas365.es\\\/noticias\\\/elecciones-europeas-2024-los-planes-parlamentarios-de-izquierda-espanola\\\/#mainImage\",\"width\":985,\"height\":652,\"caption\":\"Guillermo del Valle en una entrevista en Servimedia | Foto de Jorge Villa\"},\"primaryImageOfPage\":{\"@id\":\"https:\\\/\\\/candas365.es\\\/noticias\\\/elecciones-europeas-2024-los-planes-parlamentarios-de-izquierda-espanola\\\/#mainImage\"},\"datePublished\":\"2024-05-19T17:04:20+02:00\",\"dateModified\":\"2024-05-19T17:04:20+02:00\"},{\"@type\":\"WebSite\",\"@id\":\"https:\\\/\\\/candas365.es\\\/noticias\\\/#website\",\"url\":\"https:\\\/\\\/candas365.es\\\/noticias\\\/\",\"name\":\"Cand\\u00e1s 365\",\"alternateName\":\"Cand\\u00e1s 365 Noticias\",\"description\":\"Actualidad desde Carre\\u00f1o para el mundo\",\"inLanguage\":\"es-ES\",\"publisher\":{\"@id\":\"https:\\\/\\\/candas365.es\\\/noticias\\\/#organization\"}}]}\n\t\t<\/script>\n\t\t<!-- All in One SEO Pro -->\r\n\t\t<title>Elecciones Europeas 2024: Los planes parlamentarios de Izquierda Espa\u00f1ola | Cand\u00e1s 365<\/title>\n\n","aioseo_head_json":{"title":"Elecciones Europeas 2024: Los planes parlamentarios de Izquierda Espa\u00f1ola | Cand\u00e1s 365","description":"Izquierda Espa\u00f1ola ubicar\u00e1 a los eurodiputados que consiga en las elecciones del 9 de junio en el grupo de la Alianza de Socialistas y Dem\u00f3cratas en el","canonical_url":"https:\/\/candas365.es\/noticias\/elecciones-europeas-2024-los-planes-parlamentarios-de-izquierda-espanola\/","robots":"max-image-preview:large","keywords":"actualidad","webmasterTools":{"google-site-verification":"UA-32230408-1","msvalidate.01":"354F3CDFB2DA171B47FBE9ABF1F88D5","miscellaneous":""},"schema":{"@context":"https:\/\/schema.org","@graph":[{"@type":"BreadcrumbList","@id":"https:\/\/candas365.es\/noticias\/elecciones-europeas-2024-los-planes-parlamentarios-de-izquierda-espanola\/#breadcrumblist","itemListElement":[{"@type":"ListItem","@id":"https:\/\/candas365.es\/noticias#listItem","position":1,"name":"Home","item":"https:\/\/candas365.es\/noticias","nextItem":{"@type":"ListItem","@id":"https:\/\/candas365.es\/noticias\/category\/actualidad\/#listItem","name":"Actualidad"}},{"@type":"ListItem","@id":"https:\/\/candas365.es\/noticias\/category\/actualidad\/#listItem","position":2,"name":"Actualidad","item":"https:\/\/candas365.es\/noticias\/category\/actualidad\/","nextItem":{"@type":"ListItem","@id":"https:\/\/candas365.es\/noticias\/elecciones-europeas-2024-los-planes-parlamentarios-de-izquierda-espanola\/#listItem","name":"Elecciones Europeas 2024: Los planes parlamentarios de Izquierda Espa\u00f1ola"},"previousItem":{"@type":"ListItem","@id":"https:\/\/candas365.es\/noticias#listItem","name":"Home"}},{"@type":"ListItem","@id":"https:\/\/candas365.es\/noticias\/elecciones-europeas-2024-los-planes-parlamentarios-de-izquierda-espanola\/#listItem","position":3,"name":"Elecciones Europeas 2024: Los planes parlamentarios de Izquierda Espa\u00f1ola","previousItem":{"@type":"ListItem","@id":"https:\/\/candas365.es\/noticias\/category\/actualidad\/#listItem","name":"Actualidad"}}]},{"@type":"NewsArticle","@id":"https:\/\/candas365.es\/noticias\/elecciones-europeas-2024-los-planes-parlamentarios-de-izquierda-espanola\/#newsarticle","name":"Elecciones Europeas 2024: Los planes parlamentarios de Izquierda Espa\u00f1ola | Cand\u00e1s 365","headline":"Elecciones Europeas 2024: Los planes parlamentarios de Izquierda Espa\u00f1ola","author":{"@id":"https:\/\/candas365.es\/noticias\/author\/admin\/#author"},"publisher":{"@id":"https:\/\/candas365.es\/noticias\/#organization"},"image":{"@type":"ImageObject","url":"https:\/\/candas365.es\/noticias\/wp-content\/uploads\/2024\/05\/Izquierda-Espanola.jpg","width":985,"height":652,"caption":"Guillermo del Valle en una entrevista en Servimedia | Foto de Jorge Villa"},"datePublished":"2024-05-19T17:04:20+02:00","dateModified":"2024-05-19T17:04:20+02:00","inLanguage":"es-ES","mainEntityOfPage":{"@id":"https:\/\/candas365.es\/noticias\/elecciones-europeas-2024-los-planes-parlamentarios-de-izquierda-espanola\/#webpage"},"isPartOf":{"@id":"https:\/\/candas365.es\/noticias\/elecciones-europeas-2024-los-planes-parlamentarios-de-izquierda-espanola\/#webpage"},"articleSection":"Actualidad, Elecciones, pol\u00edtica","dateline":"Publicado el mayo 19, 2024."},{"@type":"Organization","@id":"https:\/\/candas365.es\/noticias\/#organization","name":"Cand\u00e1s 365","description":"Cand\u00e1s 365 es un diario digital independiente, fundado en 2012, con base en Asturias. Informamos con rigor sobre actualidad, sociedad, cultura y ocio, con una mirada local y global.","url":"https:\/\/candas365.es\/noticias\/","email":"info@candas365.es","telephone":"+34652131393","foundingDate":"2012-06-10","logo":{"@type":"ImageObject","url":"https:\/\/candas365.es\/noticias\/wp-content\/uploads\/2024\/09\/Candas-365-Redes.jpg","@id":"https:\/\/candas365.es\/noticias\/elecciones-europeas-2024-los-planes-parlamentarios-de-izquierda-espanola\/#organizationLogo","width":1152,"height":864,"caption":"Cand\u00e1s 365 Redes"},"image":{"@id":"https:\/\/candas365.es\/noticias\/elecciones-europeas-2024-los-planes-parlamentarios-de-izquierda-espanola\/#organizationLogo"},"sameAs":["https:\/\/www.facebook.com\/Nachofdezber","https:\/\/x.com\/NabercoDigital","https:\/\/www.instagram.com\/nachofdezber\/","https:\/\/www.youtube.com\/channel\/UCZP-2wLEB9Rv6erhFmqVnvg"],"address":{"@id":"https:\/\/candas365.es\/noticias\/#postaladdress","@type":"PostalAddress","streetAddress":"san antonio 4, san antonio 4","postalCode":"33430","addressLocality":"Cand\u00e1s","addressRegion":"Asturias","addressCountry":"ES"}},{"@type":"Person","@id":"https:\/\/candas365.es\/noticias\/author\/admin\/#author","url":"https:\/\/candas365.es\/noticias\/author\/admin\/","name":"Cand\u00e1s 365","image":{"@type":"ImageObject","@id":"https:\/\/candas365.es\/noticias\/elecciones-europeas-2024-los-planes-parlamentarios-de-izquierda-espanola\/#authorImage","url":"https:\/\/secure.gravatar.com\/avatar\/496a8e03d0c493ede1718b7934145dbdf8d89be1036b0eec9544e1094c9de390?s=96&d=mm&r=g","width":96,"height":96,"caption":"Cand\u00e1s 365"},"sameAs":["https:\/\/www.facebook.com\/carrenoactualidad","https:\/\/twitter.com\/nbasturias","https:\/\/www.instagram.com\/nachofdezber\/","https:\/\/www.youtube.com\/channel\/UCZP-2wLEB9Rv6erhFmqVnvg"]},{"@type":"WebPage","@id":"https:\/\/candas365.es\/noticias\/elecciones-europeas-2024-los-planes-parlamentarios-de-izquierda-espanola\/#webpage","url":"https:\/\/candas365.es\/noticias\/elecciones-europeas-2024-los-planes-parlamentarios-de-izquierda-espanola\/","name":"Elecciones Europeas 2024: Los planes parlamentarios de Izquierda Espa\u00f1ola | Cand\u00e1s 365","description":"Izquierda Espa\u00f1ola ubicar\u00e1 a los eurodiputados que consiga en las elecciones del 9 de junio en el grupo de la Alianza de Socialistas y Dem\u00f3cratas en el","inLanguage":"es-ES","isPartOf":{"@id":"https:\/\/candas365.es\/noticias\/#website"},"breadcrumb":{"@id":"https:\/\/candas365.es\/noticias\/elecciones-europeas-2024-los-planes-parlamentarios-de-izquierda-espanola\/#breadcrumblist"},"author":{"@id":"https:\/\/candas365.es\/noticias\/author\/admin\/#author"},"creator":{"@id":"https:\/\/candas365.es\/noticias\/author\/admin\/#author"},"image":{"@type":"ImageObject","url":"https:\/\/candas365.es\/noticias\/wp-content\/uploads\/2024\/05\/Izquierda-Espanola.jpg","@id":"https:\/\/candas365.es\/noticias\/elecciones-europeas-2024-los-planes-parlamentarios-de-izquierda-espanola\/#mainImage","width":985,"height":652,"caption":"Guillermo del Valle en una entrevista en Servimedia | Foto de Jorge Villa"},"primaryImageOfPage":{"@id":"https:\/\/candas365.es\/noticias\/elecciones-europeas-2024-los-planes-parlamentarios-de-izquierda-espanola\/#mainImage"},"datePublished":"2024-05-19T17:04:20+02:00","dateModified":"2024-05-19T17:04:20+02:00"},{"@type":"WebSite","@id":"https:\/\/candas365.es\/noticias\/#website","url":"https:\/\/candas365.es\/noticias\/","name":"Cand\u00e1s 365","alternateName":"Cand\u00e1s 365 Noticias","description":"Actualidad desde Carre\u00f1o para el mundo","inLanguage":"es-ES","publisher":{"@id":"https:\/\/candas365.es\/noticias\/#organization"}}]},"og:locale":"es_ES","og:site_name":"Cand\u00e1s 365","og:type":"article","og:title":"Elecciones Europeas 2024: Los planes parlamentarios de Izquierda Espa\u00f1ola | Cand\u00e1s 365","og:description":"Izquierda Espa\u00f1ola ubicar\u00e1 a los eurodiputados que consiga en las elecciones del 9 de junio en el grupo de la Alianza de Socialistas y Dem\u00f3cratas en el","og:url":"https:\/\/candas365.es\/noticias\/elecciones-europeas-2024-los-planes-parlamentarios-de-izquierda-espanola\/","og:image":"https:\/\/candas365.es\/noticias\/wp-content\/uploads\/2024\/05\/Izquierda-Espanola.jpg","og:image:secure_url":"https:\/\/candas365.es\/noticias\/wp-content\/uploads\/2024\/05\/Izquierda-Espanola.jpg","og:image:width":985,"og:image:height":652,"article:published_time":"2024-05-19T15:04:20+00:00","article:modified_time":"2024-05-19T15:04:20+00:00","article:publisher":"https:\/\/www.facebook.com\/Nachofdezber","article:author":"https:\/\/www.facebook.com\/carrenoactualidad","twitter:card":"summary_large_image","twitter:site":"@NabercoDigital","twitter:title":"Elecciones Europeas 2024: Los planes parlamentarios de Izquierda Espa\u00f1ola | Cand\u00e1s 365","twitter:description":"Izquierda Espa\u00f1ola ubicar\u00e1 a los eurodiputados que consiga en las elecciones del 9 de junio en el grupo de la Alianza de Socialistas y Dem\u00f3cratas en el","twitter:creator":"@nbasturias","twitter:image":"https:\/\/candas365.es\/noticias\/wp-content\/uploads\/2024\/05\/Izquierda-Espanola.jpg","twitter:label1":"Escrito por","twitter:data1":"Cand\u00e1s 365","twitter:label2":"Tiempo de lectura estimado","twitter:data2":"3 minutos"},"aioseo_meta_data":{"post_id":"181346","title":null,"description":"Izquierda Espa\u00f1ola ubicar\u00e1 a los eurodiputados que consiga en las elecciones del 9 de junio en el grupo de la Alianza de Socialistas y Dem\u00f3cratas en el","keywords":null,"keyphrases":{"focus":{"keyphrase":"Elecciones","score":63,"analysis":{"keyphraseInTitle":{"score":9,"maxScore":9,"error":0},"keyphraseInDescription":{"score":9,"maxScore":9,"error":0},"keyphraseLength":{"score":9,"maxScore":9,"error":0,"length":1},"keyphraseInURL":{"score":1,"maxScore":5,"error":1},"keyphraseInIntroduction":{"score":9,"maxScore":9,"error":0},"keyphraseInSubHeadings":{"score":3,"maxScore":9,"error":1},"keyphraseInImageAlt":{"score":3,"maxScore":9,"error":1},"keywordDensity":{"score":0,"type":"low","maxScore":9,"error":1}}},"additional":[{"keyphrase":"Izquierda Espa\u00f1ola","score":100,"analysis":{"keyphraseInDescription":{"score":9,"maxScore":9,"error":0},"keyphraseLength":{"score":9,"maxScore":9,"error":0,"length":3},"keyphraseInIntroduction":{"score":9,"maxScore":9,"error":0},"keyphraseInImageAlt":{"score":9,"maxScore":9,"error":0},"keywordDensity":{"type":"best","score":9,"maxScore":9,"error":0}}}]},"primary_term":null,"canonical_url":null,"og_title":null,"og_description":null,"og_object_type":"default","og_image_type":"default","og_image_url":null,"og_image_width":null,"og_image_height":null,"og_image_custom_url":null,"og_image_custom_fields":null,"og_video":"","og_custom_url":null,"og_article_section":null,"og_article_tags":null,"twitter_use_og":false,"twitter_card":"default","twitter_image_type":"default","twitter_image_url":null,"twitter_image_custom_url":null,"twitter_image_custom_fields":null,"twitter_title":null,"twitter_description":null,"schema":{"blockGraphs":[],"customGraphs":[],"default":{"data":{"Article":[],"Course":[],"Dataset":[],"FAQPage":[],"Movie":[],"Person":[],"Product":[],"ProductReview":[],"Car":[],"Recipe":[],"Service":[],"SoftwareApplication":[],"WebPage":[]},"graphName":"Article","isEnabled":true},"graphs":[]},"schema_type":"default","schema_type_options":null,"pillar_content":false,"robots_default":true,"robots_noindex":false,"robots_noarchive":false,"robots_nosnippet":false,"robots_nofollow":false,"robots_noimageindex":false,"robots_noodp":false,"robots_notranslate":false,"robots_max_snippet":"-1","robots_max_videopreview":"-1","robots_max_imagepreview":"large","priority":null,"frequency":"default","location":null,"local_seo":null,"seo_analyzer_scan_date":"2025-09-02 10:50:24","breadcrumb_settings":null,"limit_modified_date":false,"reviewed_by":null,"open_ai":"{\"title\":{\"suggestions\":[],\"usage\":0},\"description\":{\"suggestions\":[],\"usage\":0}}","ai":null,"created":"2024-05-19 14:59:46","updated":"2025-09-02 10:50:24"},"aioseo_breadcrumb":"<div class=\"aioseo-breadcrumbs\"><span class=\"aioseo-breadcrumb\">\n\t<a href=\"https:\/\/candas365.es\/noticias\" title=\"Home\">Home<\/a>\n<\/span><span class=\"aioseo-breadcrumb-separator\">&ndash;<\/span><span class=\"aioseo-breadcrumb\">\n\t<a href=\"https:\/\/candas365.es\/noticias\/category\/actualidad\/\" title=\"Actualidad\">Actualidad<\/a>\n<\/span><span class=\"aioseo-breadcrumb-separator\">&ndash;<\/span><span class=\"aioseo-breadcrumb\">\n\tElecciones Europeas 2024: Los planes parlamentarios de Izquierda Espa\u00f1ola\n<\/span><\/div>","aioseo_breadcrumb_json":[{"label":"Home","link":"https:\/\/candas365.es\/noticias"},{"label":"Actualidad","link":"https:\/\/candas365.es\/noticias\/category\/actualidad\/"},{"label":"Elecciones Europeas 2024: Los planes parlamentarios de Izquierda Espa\u00f1ola","link":"https:\/\/candas365.es\/noticias\/elecciones-europeas-2024-los-planes-parlamentarios-de-izquierda-espanola\/"}],"_links":{"self":[{"href":"https:\/\/candas365.es\/noticias\/wp-json\/wp\/v2\/posts\/181346","targetHints":{"allow":["GET"]}}],"collection":[{"href":"https:\/\/candas365.es\/noticias\/wp-json\/wp\/v2\/posts"}],"about":[{"href":"https:\/\/candas365.es\/noticias\/wp-json\/wp\/v2\/types\/post"}],"author":[{"embeddable":true,"href":"https:\/\/candas365.es\/noticias\/wp-json\/wp\/v2\/users\/1"}],"replies":[{"embeddable":true,"href":"https:\/\/candas365.es\/noticias\/wp-json\/wp\/v2\/comments?post=181346"}],"version-history":[{"count":0,"href":"https:\/\/candas365.es\/noticias\/wp-json\/wp\/v2\/posts\/181346\/revisions"}],"wp:featuredmedia":[{"embeddable":true,"href":"https:\/\/candas365.es\/noticias\/wp-json\/wp\/v2\/media\/181347"}],"wp:attachment":[{"href":"https:\/\/candas365.es\/noticias\/wp-json\/wp\/v2\/media?parent=181346"}],"wp:term":[{"taxonomy":"category","embeddable":true,"href":"https:\/\/candas365.es\/noticias\/wp-json\/wp\/v2\/categories?post=181346"},{"taxonomy":"post_tag","embeddable":true,"href":"https:\/\/candas365.es\/noticias\/wp-json\/wp\/v2\/tags?post=181346"}],"curies":[{"name":"wp","href":"https:\/\/api.w.org\/{rel}","templated":true}]}}