{"id":181298,"date":"2024-05-18T17:06:56","date_gmt":"2024-05-18T15:06:56","guid":{"rendered":"https:\/\/candas365.es\/noticias\/?p=181298"},"modified":"2024-05-18T17:06:56","modified_gmt":"2024-05-18T15:06:56","slug":"la-oms-actualiza-la-lista-de-patogenos-bacterianos-prioritarios","status":"publish","type":"post","link":"https:\/\/candas365.es\/noticias\/la-oms-actualiza-la-lista-de-patogenos-bacterianos-prioritarios\/","title":{"rendered":"La OMS actualiza la \u00abLista de Pat\u00f3genos Bacterianos Prioritarios\u00bb"},"content":{"rendered":"<p>La OMS ha publicado la actualizaci\u00f3n de la \u2018Lista de Pat\u00f3genos Bacterianos Prioritarios\u2019 y en la que figuran 15 familias de <strong>bacterias resistentes a los antibi\u00f3ticos<\/strong> agrupadas en categor\u00edas cr\u00edtica, alta y media y m\u00e1s peligrosas para la <a href=\"https:\/\/candas365.es\/noticias\/category\/salud\/\"><span style=\"color: #ff6600;\"><strong>salud<\/strong><\/span><\/a>.<\/p>\n<p><img fetchpriority=\"high\" decoding=\"async\" class=\"aligncenter wp-image-181299 size-full\" src=\"https:\/\/candas365.es\/noticias\/wp-content\/uploads\/2024\/05\/antibioticos.jpg\" alt=\"antibi\u00f3ticos\" width=\"640\" height=\"427\" srcset=\"https:\/\/candas365.es\/noticias\/wp-content\/uploads\/2024\/05\/antibioticos.jpg 640w, https:\/\/candas365.es\/noticias\/wp-content\/uploads\/2024\/05\/antibioticos-360x240.jpg 360w, https:\/\/candas365.es\/noticias\/wp-content\/uploads\/2024\/05\/antibioticos-150x100.jpg 150w, https:\/\/candas365.es\/noticias\/wp-content\/uploads\/2024\/05\/antibioticos-450x300.jpg 450w\" sizes=\"(max-width: 640px) 100vw, 640px\" \/><\/p>\n<p>Seg\u00fan inform\u00f3 la OMS, la lista proporciona orientaci\u00f3n sobre el desarrollo de tratamientos nuevos y necesarios para detener la propagaci\u00f3n de la resistencia a los antimicrobianos (RAM). De hecho, la resistencia a los antimicrobianos se produce cuando las bacterias, los virus, los hongos y los par\u00e1sitos ya no responden a los medicamentos, lo que provoca que las personas enfermen m\u00e1s y aumenten el riesgo de propagaci\u00f3n de enfermedades, as\u00ed como de muertes. Esta resistencia se debe en gran parte al uso indebido de estos f\u00e1rmacos, seg\u00fan recordaron desde la OMS.<\/p>\n<p>La actualizaci\u00f3n de la BPPL incorpora nuevas pruebas y conocimientos de expertos para guiar la investigaci\u00f3n y el desarrollo de nuevos antibi\u00f3ticos y promover la coordinaci\u00f3n internacional para fomentar la innovaci\u00f3n.<\/p>\n<p>En este sentido, la subdirectora general de la OMS para la Resistencia a los Antimicrobianos de forma interina, la doctora Yukiko Nakatani, explic\u00f3 que \u201cal cartografiar la carga mundial de bacterias resistentes a los medicamentos y evaluar su impacto en la salud p\u00fablica, esta lista es fundamental para orientar la inversi\u00f3n y hacer frente a la crisis de acceso y cartera de antibi\u00f3ticos\u201d.<\/p>\n<h2>PAT\u00d3GENOS PRIORITARIOS<\/h2>\n<p>\u00abDesde que se public\u00f3 la primera \u2018Lista de Pat\u00f3genos Prioritarios Bacterianos\u2019 en 2017, la amenaza de la resistencia a los antimicrobianos se ha intensificado, erosionando la eficacia de numerosos antibi\u00f3ticos y poniendo en riesgo muchos de los logros de la medicina moderna\u00bb, a\u00f1adi\u00f3.<\/p>\n<p>Los pat\u00f3genos prioritarios cr\u00edticos, como las bacterias gramnegativas resistentes a los antibi\u00f3ticos de \u00faltimo recurso y \u2018Mycobacterium tuberculosis\u2019 resistente al antibi\u00f3tico \u2018rifampicina\u2019, presentan una gran amenaza mundial debido a su alta carga y capacidad para resistir el tratamiento y propagar la resistencia a otras bacterias.<\/p>\n<p>Las bacterias gramnegativas tienen capacidades innatas para encontrar nuevas formas de resistir al tratamiento y pueden transmitir material gen\u00e9tico que permite que otras bacterias tambi\u00e9n se vuelvan resistentes a los medicamentos.<\/p>\n<p>Los pat\u00f3genos de alta prioridad, como \u2018Salmonella\u2019 y \u2018Shigella\u2019, son particularmente prevalentes en los pa\u00edses de ingresos bajos y medianos, junto con \u2018Pseudomonas aeruginosa\u2019 y \u2018Staphylococcus aureus\u2019, que plantean desaf\u00edos significativos en los entornos de atenci\u00f3n m\u00e9dica.<\/p>\n<h2>ALTA PRIORIDAD<\/h2>\n<p>Adem\u00e1s, se\u00f1al\u00f3 la OMS, otros pat\u00f3genos de alta prioridad, como \u2018Neisseria gonorrhoeae\u2019 y \u2018Enterococcus faecium\u2019 resistentes a los antibi\u00f3ticos, presentan desaf\u00edos \u00fanicos para la salud p\u00fablica, incluidas las infecciones persistentes y la resistencia a m\u00faltiples antibi\u00f3ticos, lo que requiere investigaciones espec\u00edficas e intervenciones de salud p\u00fablica.<\/p>\n<p>Los pat\u00f3genos de prioridad media incluidos en el informe de la OMS son los estreptococos de los grupos A y B (ambos nuevos en la lista de 2024), \u2018Streptococcus pneumoniae\u2019 y \u2018Haemophilus influenzae\u2019, que presentan una alta carga de enfermedad. Estos pat\u00f3genos requieren una mayor atenci\u00f3n, especialmente en las poblaciones vulnerables, incluidas las poblaciones pedi\u00e1tricas y de edad avanzada, especialmente en entornos con recursos limitados.<\/p>\n<p>A este respecto, el subdirector general de la OMS para la Cobertura Sanitaria Universal y las Enfermedades Transmisibles y No Transmisibles, el doctor J\u00e9r\u00f4me Salomon, destac\u00f3 que \u201cla resistencia a los antimicrobianos pone en peligro nuestra capacidad para tratar eficazmente infecciones con una carga elevada, como la tuberculosis, lo que provoca enfermedades graves y un aumento de las tasas de mortalidad\u201d.<\/p>\n<p>La BPPL 2024 tambi\u00e9n hizo hincapi\u00e9 en la necesidad de un enfoque integral de salud p\u00fablica para hacer frente a la resistencia a los antimicrobianos, incluido el acceso universal a medidas asequibles y de calidad para la prevenci\u00f3n, el diagn\u00f3stico y el tratamiento adecuado de las infecciones.<\/p>\n<p>(<a href=\"https:\/\/www.servimedia.es\/\" target=\"_blank\" rel=\"noopener\"><span style=\"color: #ff6600;\"><strong>SERVIMEDIA<\/strong><\/span><\/a>)<\/p>\n","protected":false},"excerpt":{"rendered":"<p>La OMS ha publicado la actualizaci\u00f3n de la \u2018Lista de Pat\u00f3genos Bacterianos Prioritarios\u2019 y en la que figuran 15 familias de bacterias resistentes a los antibi\u00f3ticos agrupadas en categor\u00edas cr\u00edtica, alta y media y m\u00e1s peligrosas para la salud. Seg\u00fan inform\u00f3 la OMS, la lista proporciona orientaci\u00f3n sobre el desarrollo de tratamientos nuevos y necesarios<\/p>\n","protected":false},"author":1,"featured_media":181299,"comment_status":"closed","ping_status":"closed","sticky":false,"template":"","format":"standard","meta":{"footnotes":""},"categories":[372],"tags":[378],"class_list":{"0":"post-181298","1":"post","2":"type-post","3":"status-publish","4":"format-standard","5":"has-post-thumbnail","7":"category-salud","8":"tag-salud"},"aioseo_notices":[],"aioseo_head":"\n\t\t<!-- All in One SEO Pro 4.9.6.2 - aioseo.com -->\n\t<meta name=\"description\" content=\"La OMS ha publicado la actualizaci\u00f3n de la \u2018Lista de Pat\u00f3genos Bacterianos Prioritarios\u2019 y en la que figuran 15 familias de bacterias resistentes a los\" \/>\n\t<meta name=\"robots\" content=\"max-image-preview:large\" \/>\n\t<meta name=\"author\" content=\"Cand\u00e1s 365\"\/>\n\t<meta name=\"google-site-verification\" content=\"UA-32230408-1\" \/>\n\t<meta name=\"msvalidate.01\" content=\"354F3CDFB2DA171B47FBE9ABF1F88D5\" \/>\n\t<meta name=\"keywords\" content=\"salud\" \/>\n\t<link rel=\"canonical\" href=\"https:\/\/candas365.es\/noticias\/la-oms-actualiza-la-lista-de-patogenos-bacterianos-prioritarios\/\" \/>\n\t<meta name=\"generator\" content=\"All in One SEO Pro (AIOSEO) 4.9.6.2\" \/>\n\t\t<meta property=\"og:locale\" content=\"es_ES\" \/>\n\t\t<meta property=\"og:site_name\" content=\"Cand\u00e1s 365\" \/>\n\t\t<meta property=\"og:type\" content=\"article\" \/>\n\t\t<meta property=\"og:title\" content=\"La OMS actualiza la \u00abLista de Pat\u00f3genos Bacterianos Prioritarios\u00bb | Cand\u00e1s 365\" \/>\n\t\t<meta property=\"og:description\" content=\"La OMS ha publicado la actualizaci\u00f3n de la \u2018Lista de Pat\u00f3genos Bacterianos Prioritarios\u2019 y en la que figuran 15 familias de bacterias resistentes a los\" \/>\n\t\t<meta property=\"og:url\" content=\"https:\/\/candas365.es\/noticias\/la-oms-actualiza-la-lista-de-patogenos-bacterianos-prioritarios\/\" \/>\n\t\t<meta property=\"og:image\" content=\"https:\/\/candas365.es\/noticias\/wp-content\/uploads\/2024\/05\/antibioticos.jpg\" \/>\n\t\t<meta property=\"og:image:secure_url\" content=\"https:\/\/candas365.es\/noticias\/wp-content\/uploads\/2024\/05\/antibioticos.jpg\" \/>\n\t\t<meta property=\"og:image:width\" content=\"640\" \/>\n\t\t<meta property=\"og:image:height\" content=\"427\" \/>\n\t\t<meta property=\"article:published_time\" content=\"2024-05-18T15:06:56+00:00\" \/>\n\t\t<meta property=\"article:modified_time\" content=\"2024-05-18T15:06:56+00:00\" \/>\n\t\t<meta property=\"article:publisher\" content=\"https:\/\/www.facebook.com\/Nachofdezber\" \/>\n\t\t<meta property=\"article:author\" content=\"https:\/\/www.facebook.com\/carrenoactualidad\" \/>\n\t\t<meta name=\"twitter:card\" content=\"summary_large_image\" \/>\n\t\t<meta name=\"twitter:site\" content=\"@NabercoDigital\" \/>\n\t\t<meta name=\"twitter:title\" content=\"La OMS actualiza la \u00abLista de Pat\u00f3genos Bacterianos Prioritarios\u00bb | Cand\u00e1s 365\" \/>\n\t\t<meta name=\"twitter:description\" content=\"La OMS ha publicado la actualizaci\u00f3n de la \u2018Lista de Pat\u00f3genos Bacterianos Prioritarios\u2019 y en la que figuran 15 familias de bacterias resistentes a los\" \/>\n\t\t<meta name=\"twitter:creator\" content=\"@nbasturias\" \/>\n\t\t<meta name=\"twitter:image\" content=\"https:\/\/candas365.es\/noticias\/wp-content\/uploads\/2024\/05\/antibioticos.jpg\" \/>\n\t\t<meta name=\"twitter:label1\" content=\"Escrito por\" \/>\n\t\t<meta name=\"twitter:data1\" content=\"Cand\u00e1s 365\" \/>\n\t\t<meta name=\"twitter:label2\" content=\"Tiempo de lectura estimado\" \/>\n\t\t<meta name=\"twitter:data2\" content=\"3 minutos\" \/>\n\t\t<script type=\"application\/ld+json\" class=\"aioseo-schema\">\n\t\t\t{\"@context\":\"https:\\\/\\\/schema.org\",\"@graph\":[{\"@type\":\"BreadcrumbList\",\"@id\":\"https:\\\/\\\/candas365.es\\\/noticias\\\/la-oms-actualiza-la-lista-de-patogenos-bacterianos-prioritarios\\\/#breadcrumblist\",\"itemListElement\":[{\"@type\":\"ListItem\",\"@id\":\"https:\\\/\\\/candas365.es\\\/noticias#listItem\",\"position\":1,\"name\":\"Home\",\"item\":\"https:\\\/\\\/candas365.es\\\/noticias\",\"nextItem\":{\"@type\":\"ListItem\",\"@id\":\"https:\\\/\\\/candas365.es\\\/noticias\\\/category\\\/salud\\\/#listItem\",\"name\":\"Salud\"}},{\"@type\":\"ListItem\",\"@id\":\"https:\\\/\\\/candas365.es\\\/noticias\\\/category\\\/salud\\\/#listItem\",\"position\":2,\"name\":\"Salud\",\"item\":\"https:\\\/\\\/candas365.es\\\/noticias\\\/category\\\/salud\\\/\",\"nextItem\":{\"@type\":\"ListItem\",\"@id\":\"https:\\\/\\\/candas365.es\\\/noticias\\\/la-oms-actualiza-la-lista-de-patogenos-bacterianos-prioritarios\\\/#listItem\",\"name\":\"La OMS actualiza la \\u00abLista de Pat\\u00f3genos Bacterianos Prioritarios\\u00bb\"},\"previousItem\":{\"@type\":\"ListItem\",\"@id\":\"https:\\\/\\\/candas365.es\\\/noticias#listItem\",\"name\":\"Home\"}},{\"@type\":\"ListItem\",\"@id\":\"https:\\\/\\\/candas365.es\\\/noticias\\\/la-oms-actualiza-la-lista-de-patogenos-bacterianos-prioritarios\\\/#listItem\",\"position\":3,\"name\":\"La OMS actualiza la \\u00abLista de Pat\\u00f3genos Bacterianos Prioritarios\\u00bb\",\"previousItem\":{\"@type\":\"ListItem\",\"@id\":\"https:\\\/\\\/candas365.es\\\/noticias\\\/category\\\/salud\\\/#listItem\",\"name\":\"Salud\"}}]},{\"@type\":\"NewsArticle\",\"@id\":\"https:\\\/\\\/candas365.es\\\/noticias\\\/la-oms-actualiza-la-lista-de-patogenos-bacterianos-prioritarios\\\/#newsarticle\",\"name\":\"La OMS actualiza la \\u00abLista de Pat\\u00f3genos Bacterianos Prioritarios\\u00bb | Cand\\u00e1s 365\",\"headline\":\"La OMS actualiza la \\u00abLista de Pat\\u00f3genos Bacterianos Prioritarios\\u00bb\",\"author\":{\"@id\":\"https:\\\/\\\/candas365.es\\\/noticias\\\/author\\\/admin\\\/#author\"},\"publisher\":{\"@id\":\"https:\\\/\\\/candas365.es\\\/noticias\\\/#organization\"},\"image\":{\"@type\":\"ImageObject\",\"url\":\"https:\\\/\\\/candas365.es\\\/noticias\\\/wp-content\\\/uploads\\\/2024\\\/05\\\/antibioticos.jpg\",\"width\":640,\"height\":427,\"caption\":\"antibi\\u00f3ticos\"},\"datePublished\":\"2024-05-18T17:06:56+02:00\",\"dateModified\":\"2024-05-18T17:06:56+02:00\",\"inLanguage\":\"es-ES\",\"mainEntityOfPage\":{\"@id\":\"https:\\\/\\\/candas365.es\\\/noticias\\\/la-oms-actualiza-la-lista-de-patogenos-bacterianos-prioritarios\\\/#webpage\"},\"isPartOf\":{\"@id\":\"https:\\\/\\\/candas365.es\\\/noticias\\\/la-oms-actualiza-la-lista-de-patogenos-bacterianos-prioritarios\\\/#webpage\"},\"articleSection\":\"Salud, Salud\",\"dateline\":\"Publicado el mayo 18, 2024.\"},{\"@type\":\"Organization\",\"@id\":\"https:\\\/\\\/candas365.es\\\/noticias\\\/#organization\",\"name\":\"Cand\\u00e1s 365\",\"description\":\"Cand\\u00e1s 365 es un diario digital independiente, fundado en 2012, con base en Asturias. Informamos con rigor sobre actualidad, sociedad, cultura y ocio, con una mirada local y global.\",\"url\":\"https:\\\/\\\/candas365.es\\\/noticias\\\/\",\"email\":\"info@candas365.es\",\"telephone\":\"+34652131393\",\"foundingDate\":\"2012-06-10\",\"logo\":{\"@type\":\"ImageObject\",\"url\":\"https:\\\/\\\/candas365.es\\\/noticias\\\/wp-content\\\/uploads\\\/2024\\\/09\\\/Candas-365-Redes.jpg\",\"@id\":\"https:\\\/\\\/candas365.es\\\/noticias\\\/la-oms-actualiza-la-lista-de-patogenos-bacterianos-prioritarios\\\/#organizationLogo\",\"width\":1152,\"height\":864,\"caption\":\"Cand\\u00e1s 365 Redes\"},\"image\":{\"@id\":\"https:\\\/\\\/candas365.es\\\/noticias\\\/la-oms-actualiza-la-lista-de-patogenos-bacterianos-prioritarios\\\/#organizationLogo\"},\"sameAs\":[\"https:\\\/\\\/www.facebook.com\\\/Nachofdezber\",\"https:\\\/\\\/x.com\\\/NabercoDigital\",\"https:\\\/\\\/www.instagram.com\\\/nachofdezber\\\/\",\"https:\\\/\\\/www.youtube.com\\\/channel\\\/UCZP-2wLEB9Rv6erhFmqVnvg\"],\"address\":{\"@id\":\"https:\\\/\\\/candas365.es\\\/noticias\\\/#postaladdress\",\"@type\":\"PostalAddress\",\"streetAddress\":\"san antonio 4, san antonio 4\",\"postalCode\":\"33430\",\"addressLocality\":\"Cand\\u00e1s\",\"addressRegion\":\"Asturias\",\"addressCountry\":\"ES\"}},{\"@type\":\"Person\",\"@id\":\"https:\\\/\\\/candas365.es\\\/noticias\\\/author\\\/admin\\\/#author\",\"url\":\"https:\\\/\\\/candas365.es\\\/noticias\\\/author\\\/admin\\\/\",\"name\":\"Cand\\u00e1s 365\",\"image\":{\"@type\":\"ImageObject\",\"@id\":\"https:\\\/\\\/candas365.es\\\/noticias\\\/la-oms-actualiza-la-lista-de-patogenos-bacterianos-prioritarios\\\/#authorImage\",\"url\":\"https:\\\/\\\/secure.gravatar.com\\\/avatar\\\/496a8e03d0c493ede1718b7934145dbdf8d89be1036b0eec9544e1094c9de390?s=96&d=mm&r=g\",\"width\":96,\"height\":96,\"caption\":\"Cand\\u00e1s 365\"},\"sameAs\":[\"https:\\\/\\\/www.facebook.com\\\/carrenoactualidad\",\"https:\\\/\\\/twitter.com\\\/nbasturias\",\"https:\\\/\\\/www.instagram.com\\\/nachofdezber\\\/\",\"https:\\\/\\\/www.youtube.com\\\/channel\\\/UCZP-2wLEB9Rv6erhFmqVnvg\"]},{\"@type\":\"WebPage\",\"@id\":\"https:\\\/\\\/candas365.es\\\/noticias\\\/la-oms-actualiza-la-lista-de-patogenos-bacterianos-prioritarios\\\/#webpage\",\"url\":\"https:\\\/\\\/candas365.es\\\/noticias\\\/la-oms-actualiza-la-lista-de-patogenos-bacterianos-prioritarios\\\/\",\"name\":\"La OMS actualiza la \\u00abLista de Pat\\u00f3genos Bacterianos Prioritarios\\u00bb | Cand\\u00e1s 365\",\"description\":\"La OMS ha publicado la actualizaci\\u00f3n de la \\u2018Lista de Pat\\u00f3genos Bacterianos Prioritarios\\u2019 y en la que figuran 15 familias de bacterias resistentes a los\",\"inLanguage\":\"es-ES\",\"isPartOf\":{\"@id\":\"https:\\\/\\\/candas365.es\\\/noticias\\\/#website\"},\"breadcrumb\":{\"@id\":\"https:\\\/\\\/candas365.es\\\/noticias\\\/la-oms-actualiza-la-lista-de-patogenos-bacterianos-prioritarios\\\/#breadcrumblist\"},\"author\":{\"@id\":\"https:\\\/\\\/candas365.es\\\/noticias\\\/author\\\/admin\\\/#author\"},\"creator\":{\"@id\":\"https:\\\/\\\/candas365.es\\\/noticias\\\/author\\\/admin\\\/#author\"},\"image\":{\"@type\":\"ImageObject\",\"url\":\"https:\\\/\\\/candas365.es\\\/noticias\\\/wp-content\\\/uploads\\\/2024\\\/05\\\/antibioticos.jpg\",\"@id\":\"https:\\\/\\\/candas365.es\\\/noticias\\\/la-oms-actualiza-la-lista-de-patogenos-bacterianos-prioritarios\\\/#mainImage\",\"width\":640,\"height\":427,\"caption\":\"antibi\\u00f3ticos\"},\"primaryImageOfPage\":{\"@id\":\"https:\\\/\\\/candas365.es\\\/noticias\\\/la-oms-actualiza-la-lista-de-patogenos-bacterianos-prioritarios\\\/#mainImage\"},\"datePublished\":\"2024-05-18T17:06:56+02:00\",\"dateModified\":\"2024-05-18T17:06:56+02:00\"},{\"@type\":\"WebSite\",\"@id\":\"https:\\\/\\\/candas365.es\\\/noticias\\\/#website\",\"url\":\"https:\\\/\\\/candas365.es\\\/noticias\\\/\",\"name\":\"Cand\\u00e1s 365\",\"alternateName\":\"Cand\\u00e1s 365 Noticias\",\"description\":\"Actualidad desde Carre\\u00f1o para el mundo\",\"inLanguage\":\"es-ES\",\"publisher\":{\"@id\":\"https:\\\/\\\/candas365.es\\\/noticias\\\/#organization\"}}]}\n\t\t<\/script>\n\t\t<!-- All in One SEO Pro -->\r\n\t\t<title>La OMS actualiza la \u00abLista de Pat\u00f3genos Bacterianos Prioritarios\u00bb | Cand\u00e1s 365<\/title>\n\n","aioseo_head_json":{"title":"La OMS actualiza la \u00abLista de Pat\u00f3genos Bacterianos Prioritarios\u00bb | Cand\u00e1s 365","description":"La OMS ha publicado la actualizaci\u00f3n de la \u2018Lista de Pat\u00f3genos Bacterianos Prioritarios\u2019 y en la que figuran 15 familias de bacterias resistentes a los","canonical_url":"https:\/\/candas365.es\/noticias\/la-oms-actualiza-la-lista-de-patogenos-bacterianos-prioritarios\/","robots":"max-image-preview:large","keywords":"salud","webmasterTools":{"google-site-verification":"UA-32230408-1","msvalidate.01":"354F3CDFB2DA171B47FBE9ABF1F88D5","miscellaneous":""},"schema":{"@context":"https:\/\/schema.org","@graph":[{"@type":"BreadcrumbList","@id":"https:\/\/candas365.es\/noticias\/la-oms-actualiza-la-lista-de-patogenos-bacterianos-prioritarios\/#breadcrumblist","itemListElement":[{"@type":"ListItem","@id":"https:\/\/candas365.es\/noticias#listItem","position":1,"name":"Home","item":"https:\/\/candas365.es\/noticias","nextItem":{"@type":"ListItem","@id":"https:\/\/candas365.es\/noticias\/category\/salud\/#listItem","name":"Salud"}},{"@type":"ListItem","@id":"https:\/\/candas365.es\/noticias\/category\/salud\/#listItem","position":2,"name":"Salud","item":"https:\/\/candas365.es\/noticias\/category\/salud\/","nextItem":{"@type":"ListItem","@id":"https:\/\/candas365.es\/noticias\/la-oms-actualiza-la-lista-de-patogenos-bacterianos-prioritarios\/#listItem","name":"La OMS actualiza la \u00abLista de Pat\u00f3genos Bacterianos Prioritarios\u00bb"},"previousItem":{"@type":"ListItem","@id":"https:\/\/candas365.es\/noticias#listItem","name":"Home"}},{"@type":"ListItem","@id":"https:\/\/candas365.es\/noticias\/la-oms-actualiza-la-lista-de-patogenos-bacterianos-prioritarios\/#listItem","position":3,"name":"La OMS actualiza la \u00abLista de Pat\u00f3genos Bacterianos Prioritarios\u00bb","previousItem":{"@type":"ListItem","@id":"https:\/\/candas365.es\/noticias\/category\/salud\/#listItem","name":"Salud"}}]},{"@type":"NewsArticle","@id":"https:\/\/candas365.es\/noticias\/la-oms-actualiza-la-lista-de-patogenos-bacterianos-prioritarios\/#newsarticle","name":"La OMS actualiza la \u00abLista de Pat\u00f3genos Bacterianos Prioritarios\u00bb | Cand\u00e1s 365","headline":"La OMS actualiza la \u00abLista de Pat\u00f3genos Bacterianos Prioritarios\u00bb","author":{"@id":"https:\/\/candas365.es\/noticias\/author\/admin\/#author"},"publisher":{"@id":"https:\/\/candas365.es\/noticias\/#organization"},"image":{"@type":"ImageObject","url":"https:\/\/candas365.es\/noticias\/wp-content\/uploads\/2024\/05\/antibioticos.jpg","width":640,"height":427,"caption":"antibi\u00f3ticos"},"datePublished":"2024-05-18T17:06:56+02:00","dateModified":"2024-05-18T17:06:56+02:00","inLanguage":"es-ES","mainEntityOfPage":{"@id":"https:\/\/candas365.es\/noticias\/la-oms-actualiza-la-lista-de-patogenos-bacterianos-prioritarios\/#webpage"},"isPartOf":{"@id":"https:\/\/candas365.es\/noticias\/la-oms-actualiza-la-lista-de-patogenos-bacterianos-prioritarios\/#webpage"},"articleSection":"Salud, Salud","dateline":"Publicado el mayo 18, 2024."},{"@type":"Organization","@id":"https:\/\/candas365.es\/noticias\/#organization","name":"Cand\u00e1s 365","description":"Cand\u00e1s 365 es un diario digital independiente, fundado en 2012, con base en Asturias. Informamos con rigor sobre actualidad, sociedad, cultura y ocio, con una mirada local y global.","url":"https:\/\/candas365.es\/noticias\/","email":"info@candas365.es","telephone":"+34652131393","foundingDate":"2012-06-10","logo":{"@type":"ImageObject","url":"https:\/\/candas365.es\/noticias\/wp-content\/uploads\/2024\/09\/Candas-365-Redes.jpg","@id":"https:\/\/candas365.es\/noticias\/la-oms-actualiza-la-lista-de-patogenos-bacterianos-prioritarios\/#organizationLogo","width":1152,"height":864,"caption":"Cand\u00e1s 365 Redes"},"image":{"@id":"https:\/\/candas365.es\/noticias\/la-oms-actualiza-la-lista-de-patogenos-bacterianos-prioritarios\/#organizationLogo"},"sameAs":["https:\/\/www.facebook.com\/Nachofdezber","https:\/\/x.com\/NabercoDigital","https:\/\/www.instagram.com\/nachofdezber\/","https:\/\/www.youtube.com\/channel\/UCZP-2wLEB9Rv6erhFmqVnvg"],"address":{"@id":"https:\/\/candas365.es\/noticias\/#postaladdress","@type":"PostalAddress","streetAddress":"san antonio 4, san antonio 4","postalCode":"33430","addressLocality":"Cand\u00e1s","addressRegion":"Asturias","addressCountry":"ES"}},{"@type":"Person","@id":"https:\/\/candas365.es\/noticias\/author\/admin\/#author","url":"https:\/\/candas365.es\/noticias\/author\/admin\/","name":"Cand\u00e1s 365","image":{"@type":"ImageObject","@id":"https:\/\/candas365.es\/noticias\/la-oms-actualiza-la-lista-de-patogenos-bacterianos-prioritarios\/#authorImage","url":"https:\/\/secure.gravatar.com\/avatar\/496a8e03d0c493ede1718b7934145dbdf8d89be1036b0eec9544e1094c9de390?s=96&d=mm&r=g","width":96,"height":96,"caption":"Cand\u00e1s 365"},"sameAs":["https:\/\/www.facebook.com\/carrenoactualidad","https:\/\/twitter.com\/nbasturias","https:\/\/www.instagram.com\/nachofdezber\/","https:\/\/www.youtube.com\/channel\/UCZP-2wLEB9Rv6erhFmqVnvg"]},{"@type":"WebPage","@id":"https:\/\/candas365.es\/noticias\/la-oms-actualiza-la-lista-de-patogenos-bacterianos-prioritarios\/#webpage","url":"https:\/\/candas365.es\/noticias\/la-oms-actualiza-la-lista-de-patogenos-bacterianos-prioritarios\/","name":"La OMS actualiza la \u00abLista de Pat\u00f3genos Bacterianos Prioritarios\u00bb | Cand\u00e1s 365","description":"La OMS ha publicado la actualizaci\u00f3n de la \u2018Lista de Pat\u00f3genos Bacterianos Prioritarios\u2019 y en la que figuran 15 familias de bacterias resistentes a los","inLanguage":"es-ES","isPartOf":{"@id":"https:\/\/candas365.es\/noticias\/#website"},"breadcrumb":{"@id":"https:\/\/candas365.es\/noticias\/la-oms-actualiza-la-lista-de-patogenos-bacterianos-prioritarios\/#breadcrumblist"},"author":{"@id":"https:\/\/candas365.es\/noticias\/author\/admin\/#author"},"creator":{"@id":"https:\/\/candas365.es\/noticias\/author\/admin\/#author"},"image":{"@type":"ImageObject","url":"https:\/\/candas365.es\/noticias\/wp-content\/uploads\/2024\/05\/antibioticos.jpg","@id":"https:\/\/candas365.es\/noticias\/la-oms-actualiza-la-lista-de-patogenos-bacterianos-prioritarios\/#mainImage","width":640,"height":427,"caption":"antibi\u00f3ticos"},"primaryImageOfPage":{"@id":"https:\/\/candas365.es\/noticias\/la-oms-actualiza-la-lista-de-patogenos-bacterianos-prioritarios\/#mainImage"},"datePublished":"2024-05-18T17:06:56+02:00","dateModified":"2024-05-18T17:06:56+02:00"},{"@type":"WebSite","@id":"https:\/\/candas365.es\/noticias\/#website","url":"https:\/\/candas365.es\/noticias\/","name":"Cand\u00e1s 365","alternateName":"Cand\u00e1s 365 Noticias","description":"Actualidad desde Carre\u00f1o para el mundo","inLanguage":"es-ES","publisher":{"@id":"https:\/\/candas365.es\/noticias\/#organization"}}]},"og:locale":"es_ES","og:site_name":"Cand\u00e1s 365","og:type":"article","og:title":"La OMS actualiza la \u00abLista de Pat\u00f3genos Bacterianos Prioritarios\u00bb | Cand\u00e1s 365","og:description":"La OMS ha publicado la actualizaci\u00f3n de la \u2018Lista de Pat\u00f3genos Bacterianos Prioritarios\u2019 y en la que figuran 15 familias de bacterias resistentes a los","og:url":"https:\/\/candas365.es\/noticias\/la-oms-actualiza-la-lista-de-patogenos-bacterianos-prioritarios\/","og:image":"https:\/\/candas365.es\/noticias\/wp-content\/uploads\/2024\/05\/antibioticos.jpg","og:image:secure_url":"https:\/\/candas365.es\/noticias\/wp-content\/uploads\/2024\/05\/antibioticos.jpg","og:image:width":640,"og:image:height":427,"article:published_time":"2024-05-18T15:06:56+00:00","article:modified_time":"2024-05-18T15:06:56+00:00","article:publisher":"https:\/\/www.facebook.com\/Nachofdezber","article:author":"https:\/\/www.facebook.com\/carrenoactualidad","twitter:card":"summary_large_image","twitter:site":"@NabercoDigital","twitter:title":"La OMS actualiza la \u00abLista de Pat\u00f3genos Bacterianos Prioritarios\u00bb | Cand\u00e1s 365","twitter:description":"La OMS ha publicado la actualizaci\u00f3n de la \u2018Lista de Pat\u00f3genos Bacterianos Prioritarios\u2019 y en la que figuran 15 familias de bacterias resistentes a los","twitter:creator":"@nbasturias","twitter:image":"https:\/\/candas365.es\/noticias\/wp-content\/uploads\/2024\/05\/antibioticos.jpg","twitter:label1":"Escrito por","twitter:data1":"Cand\u00e1s 365","twitter:label2":"Tiempo de lectura estimado","twitter:data2":"3 minutos"},"aioseo_meta_data":{"post_id":"181298","title":null,"description":"La OMS ha publicado la actualizaci\u00f3n de la \u2018Lista de Pat\u00f3genos Bacterianos Prioritarios\u2019 y en la que figuran 15 familias de bacterias resistentes a los","keywords":null,"keyphrases":{"focus":{"keyphrase":"OMS","score":76,"analysis":{"keyphraseInTitle":{"score":9,"maxScore":9,"error":0},"keyphraseInDescription":{"score":9,"maxScore":9,"error":0},"keyphraseLength":{"score":9,"maxScore":9,"error":0,"length":1},"keyphraseInURL":{"score":1,"maxScore":5,"error":1},"keyphraseInIntroduction":{"score":9,"maxScore":9,"error":0},"keyphraseInSubHeadings":{"score":3,"maxScore":9,"error":1},"keyphraseInImageAlt":{"score":3,"maxScore":9,"error":1},"keywordDensity":{"type":"best","score":9,"maxScore":9,"error":0}}},"additional":[{"keyphrase":"antibi\u00f3ticos","score":87,"analysis":{"keyphraseInDescription":{"score":3,"maxScore":9,"error":1},"keyphraseLength":{"score":9,"maxScore":9,"error":0,"length":2},"keyphraseInIntroduction":{"score":9,"maxScore":9,"error":0},"keyphraseInImageAlt":{"score":9,"maxScore":9,"error":0},"keywordDensity":{"type":"best","score":9,"maxScore":9,"error":0}}}]},"primary_term":null,"canonical_url":null,"og_title":null,"og_description":null,"og_object_type":"default","og_image_type":"default","og_image_url":null,"og_image_width":null,"og_image_height":null,"og_image_custom_url":null,"og_image_custom_fields":null,"og_video":"","og_custom_url":null,"og_article_section":null,"og_article_tags":null,"twitter_use_og":false,"twitter_card":"default","twitter_image_type":"default","twitter_image_url":null,"twitter_image_custom_url":null,"twitter_image_custom_fields":null,"twitter_title":null,"twitter_description":null,"schema":{"blockGraphs":[],"customGraphs":[],"default":{"data":{"Article":[],"Course":[],"Dataset":[],"FAQPage":[],"Movie":[],"Person":[],"Product":[],"ProductReview":[],"Car":[],"Recipe":[],"Service":[],"SoftwareApplication":[],"WebPage":[]},"graphName":"Article","isEnabled":true},"graphs":[]},"schema_type":"default","schema_type_options":null,"pillar_content":false,"robots_default":true,"robots_noindex":false,"robots_noarchive":false,"robots_nosnippet":false,"robots_nofollow":false,"robots_noimageindex":false,"robots_noodp":false,"robots_notranslate":false,"robots_max_snippet":"-1","robots_max_videopreview":"-1","robots_max_imagepreview":"large","priority":null,"frequency":"default","location":null,"local_seo":null,"seo_analyzer_scan_date":"2025-09-02 10:43:42","breadcrumb_settings":null,"limit_modified_date":false,"reviewed_by":null,"open_ai":"{\"title\":{\"suggestions\":[],\"usage\":0},\"description\":{\"suggestions\":[],\"usage\":0}}","ai":null,"created":"2024-05-18 14:59:26","updated":"2025-09-02 10:43:42"},"aioseo_breadcrumb":"<div class=\"aioseo-breadcrumbs\"><span class=\"aioseo-breadcrumb\">\n\t<a href=\"https:\/\/candas365.es\/noticias\" title=\"Home\">Home<\/a>\n<\/span><span class=\"aioseo-breadcrumb-separator\">&ndash;<\/span><span class=\"aioseo-breadcrumb\">\n\t<a href=\"https:\/\/candas365.es\/noticias\/category\/salud\/\" title=\"Salud\">Salud<\/a>\n<\/span><span class=\"aioseo-breadcrumb-separator\">&ndash;<\/span><span class=\"aioseo-breadcrumb\">\n\tLa OMS actualiza la \u00abLista de Pat\u00f3genos Bacterianos Prioritarios\u00bb\n<\/span><\/div>","aioseo_breadcrumb_json":[{"label":"Home","link":"https:\/\/candas365.es\/noticias"},{"label":"Salud","link":"https:\/\/candas365.es\/noticias\/category\/salud\/"},{"label":"La OMS actualiza la \u00abLista de Pat\u00f3genos Bacterianos Prioritarios\u00bb","link":"https:\/\/candas365.es\/noticias\/la-oms-actualiza-la-lista-de-patogenos-bacterianos-prioritarios\/"}],"_links":{"self":[{"href":"https:\/\/candas365.es\/noticias\/wp-json\/wp\/v2\/posts\/181298","targetHints":{"allow":["GET"]}}],"collection":[{"href":"https:\/\/candas365.es\/noticias\/wp-json\/wp\/v2\/posts"}],"about":[{"href":"https:\/\/candas365.es\/noticias\/wp-json\/wp\/v2\/types\/post"}],"author":[{"embeddable":true,"href":"https:\/\/candas365.es\/noticias\/wp-json\/wp\/v2\/users\/1"}],"replies":[{"embeddable":true,"href":"https:\/\/candas365.es\/noticias\/wp-json\/wp\/v2\/comments?post=181298"}],"version-history":[{"count":0,"href":"https:\/\/candas365.es\/noticias\/wp-json\/wp\/v2\/posts\/181298\/revisions"}],"wp:featuredmedia":[{"embeddable":true,"href":"https:\/\/candas365.es\/noticias\/wp-json\/wp\/v2\/media\/181299"}],"wp:attachment":[{"href":"https:\/\/candas365.es\/noticias\/wp-json\/wp\/v2\/media?parent=181298"}],"wp:term":[{"taxonomy":"category","embeddable":true,"href":"https:\/\/candas365.es\/noticias\/wp-json\/wp\/v2\/categories?post=181298"},{"taxonomy":"post_tag","embeddable":true,"href":"https:\/\/candas365.es\/noticias\/wp-json\/wp\/v2\/tags?post=181298"}],"curies":[{"name":"wp","href":"https:\/\/api.w.org\/{rel}","templated":true}]}}