{"id":181258,"date":"2024-05-17T17:28:04","date_gmt":"2024-05-17T15:28:04","guid":{"rendered":"https:\/\/candas365.es\/noticias\/?p=181258"},"modified":"2024-05-17T17:28:04","modified_gmt":"2024-05-17T15:28:04","slug":"fernandez-bravo-el-deporte-adaptado-ayuda-a-promocionar-la-inclusion","status":"publish","type":"post","link":"https:\/\/candas365.es\/noticias\/fernandez-bravo-el-deporte-adaptado-ayuda-a-promocionar-la-inclusion\/","title":{"rendered":"Fern\u00e1ndez Bravo: \u00abEl deporte adaptado ayuda a promocionar la inclusi\u00f3n\u00bb"},"content":{"rendered":"<p>Carlota Fern\u00e1ndez Bravo ha afirmado hoy vienes que el <span style=\"color: #ff6600;\"><a style=\"color: #ff6600;\" href=\"https:\/\/candas365.es\/noticias\/category\/deporte\/\"><strong>deporte adaptado<\/strong><\/a><\/span> ayuda a promocionar la inclusi\u00f3n y adem\u00e1s tambi\u00e9n ha comentando que un 0,9% de las personas con discapacidad en Espa\u00f1a hacen deporte federado, frente a un 7,3% del resto de la poblaci\u00f3n.<\/p>\n<figure id=\"attachment_181259\" aria-describedby=\"caption-attachment-181259\" style=\"width: 650px\" class=\"wp-caption aligncenter\"><img fetchpriority=\"high\" decoding=\"async\" class=\"size-large wp-image-181259\" src=\"https:\/\/candas365.es\/noticias\/wp-content\/uploads\/2024\/05\/deporte-adaptado-650x439.jpg\" alt=\"deporte adaptado\" width=\"650\" height=\"439\" srcset=\"https:\/\/candas365.es\/noticias\/wp-content\/uploads\/2024\/05\/deporte-adaptado-650x439.jpg 650w, https:\/\/candas365.es\/noticias\/wp-content\/uploads\/2024\/05\/deporte-adaptado-360x243.jpg 360w, https:\/\/candas365.es\/noticias\/wp-content\/uploads\/2024\/05\/deporte-adaptado-768x519.jpg 768w, https:\/\/candas365.es\/noticias\/wp-content\/uploads\/2024\/05\/deporte-adaptado-150x101.jpg 150w, https:\/\/candas365.es\/noticias\/wp-content\/uploads\/2024\/05\/deporte-adaptado-450x304.jpg 450w, https:\/\/candas365.es\/noticias\/wp-content\/uploads\/2024\/05\/deporte-adaptado.jpg 989w\" sizes=\"(max-width: 650px) 100vw, 650px\" \/><figcaption id=\"caption-attachment-181259\" class=\"wp-caption-text\">Partido de baloncesto en silla de ruedas entre Espa\u00f1a y Estados Unidos durante los Juegos Paral\u00edmpicos de Tokio 2020 | Foto de CPE<\/figcaption><\/figure>\n<p>Carlota Fern\u00e1ndez Bravo, miembro del Comit\u00e9 Paral\u00edmpico Espa\u00f1ol (CPE), aport\u00f3 esos datos este viernes durante la mesa Programa Relevo Paral\u00edmpico, celebrada en el marco del 62\u00ba Congreso de la Sociedad Espa\u00f1ola de Rehabilitaci\u00f3n y Medicina F\u00edsica (Sermef), que re\u00fane desde el pasado mi\u00e9rcoles en Madrid a cerca de un millar de m\u00e9dicos especialistas en esas \u00e1reas.<\/p>\n<p>Fern\u00e1ndez Bravo present\u00f3 a los m\u00e9dicos rehabilitadores el Programa Relevo Paral\u00edmpico del CPE, que tiene como objetivo fomentar el deporte para personas con discapacidad en el \u00e1mbito auton\u00f3mico.<\/p>\n<blockquote><p>Actualmente, est\u00e1 en marcha en la Comunidad de Madrid, la Comunidad Valenciana, Canarias, Murcia, La Rioja, Castilla y Le\u00f3n, y Pa\u00eds Vasco.<\/p><\/blockquote>\n<p>Fern\u00e1ndez Bravo abog\u00f3 por \u201cfomentar la participaci\u00f3n deportiva en las primeras etapas\u201d, as\u00ed como por \u201corientar a las personas con discapacidad que se introduzcan en este \u00e1mbito\u201d. \u201cHacemos un llamamiento a los m\u00e9dicos rehabilitadores, cuyos pacientes son personas con discapacidad, para que nos ayuden en esta labor de promoci\u00f3n\u201d, a\u00f1adi\u00f3.<\/p>\n<p>Tambi\u00e9n consider\u00f3 necesario \u201ccrear una estructura inclusiva entre los clubes y entidades deportivas\u201d que apoye la formaci\u00f3n de t\u00e9cnicos, ceda material de iniciaci\u00f3n al deporte y cree eventos de promoci\u00f3n deportiva para \u201cpermitir el desarrollo continuo de futuros deportistas a lo largo de los a\u00f1os\u201d.<\/p>\n<p>\u201cLos deportes adaptados abarcan una amplia gama de disciplinas adaptadas para los deportistas con discapacidad, tales como atletismo, nataci\u00f3n, tenis de mesa, baloncesto en silla de ruedas, rugby en silla de ruedas, esgrima en silla de ruedas o voleibol sentado\u201d, recalc\u00f3.<\/p>\n<h2>BENEFICIOS<\/h2>\n<p><strong>Por otro lado, Fern\u00e1ndez Bravo indic\u00f3 que \u201cel deporte adaptado ayuda a promocionar la inclusi\u00f3n\u201d.<\/strong> \u201cPor ejemplo, los Juegos Paral\u00edmpicos que van a tener lugar este verano, as\u00ed como otros eventos deportivos adaptados, proporcionan una plataforma global para que los atletas con discapacidades demuestren sus habilidades y talentos\u201d, apostill\u00f3.<\/p>\n<p>\u201cEste tipo de deporte beneficia la salud f\u00edsica y mental de las personas con discapacidad al promover el ejercicio, la socializaci\u00f3n y el desarrollo de habilidades. Adem\u00e1s, representa una fuente de empoderamiento y autoestima. Al superar desaf\u00edos f\u00edsicos y emocionales, las personas encuentran fortaleza en sus logros deportivos, lo que les permite enfrentar otros desaf\u00edos en la vida con confianza y determinaci\u00f3n\u201d, dijo.<\/p>\n<p>Concluy\u00f3 que el Programa Relevo Paral\u00edmpico lleva consigo todos esos beneficios derivados de la actividad f\u00edsica en las personas con discapacidad. <strong>\u201cNo tiene confundirse con un programa de rehabilitaci\u00f3n o de tratamiento de la discapacidad. Es una forma muy positiva de inclusi\u00f3n de real de personas con discapacidad que acuden a un club de personas sin discapacidad. Y sentirse uno m\u00e1s\u201d, se\u00f1al\u00f3.<\/strong><\/p>\n<p>(<a href=\"https:\/\/www.servimedia.es\/\" target=\"_blank\" rel=\"noopener\"><span style=\"color: #ff6600;\"><strong>SERVIMEDIA<\/strong><\/span><\/a>)<\/p>\n","protected":false},"excerpt":{"rendered":"<p>Carlota Fern\u00e1ndez Bravo ha afirmado hoy vienes que el deporte adaptado ayuda a promocionar la inclusi\u00f3n y adem\u00e1s tambi\u00e9n ha comentando que un 0,9% de las personas con discapacidad en Espa\u00f1a hacen deporte federado, frente a un 7,3% del resto de la poblaci\u00f3n. Carlota Fern\u00e1ndez Bravo, miembro del Comit\u00e9 Paral\u00edmpico Espa\u00f1ol (CPE), aport\u00f3 esos datos<\/p>\n","protected":false},"author":1,"featured_media":181259,"comment_status":"closed","ping_status":"closed","sticky":false,"template":"","format":"standard","meta":{"footnotes":""},"categories":[319],"tags":[387],"class_list":{"0":"post-181258","1":"post","2":"type-post","3":"status-publish","4":"format-standard","5":"has-post-thumbnail","7":"category-deporte","8":"tag-deporte"},"aioseo_notices":[],"aioseo_head":"\n\t\t<!-- All in One SEO Pro 4.9.6.2 - aioseo.com -->\n\t<meta name=\"description\" content=\"Carlota Fern\u00e1ndez Bravo ha afirmado hoy vienes que el deporte adaptado ayuda a promocionar la inclusi\u00f3n y adem\u00e1s tambi\u00e9n ha comentando que un 0,9%\" \/>\n\t<meta name=\"robots\" content=\"max-image-preview:large\" \/>\n\t<meta name=\"author\" content=\"Cand\u00e1s 365\"\/>\n\t<meta name=\"google-site-verification\" content=\"UA-32230408-1\" \/>\n\t<meta name=\"msvalidate.01\" content=\"354F3CDFB2DA171B47FBE9ABF1F88D5\" \/>\n\t<meta name=\"keywords\" content=\"deporte\" \/>\n\t<link rel=\"canonical\" href=\"https:\/\/candas365.es\/noticias\/fernandez-bravo-el-deporte-adaptado-ayuda-a-promocionar-la-inclusion\/\" \/>\n\t<meta name=\"generator\" content=\"All in One SEO Pro (AIOSEO) 4.9.6.2\" \/>\n\t\t<meta property=\"og:locale\" content=\"es_ES\" \/>\n\t\t<meta property=\"og:site_name\" content=\"Cand\u00e1s 365\" \/>\n\t\t<meta property=\"og:type\" content=\"article\" \/>\n\t\t<meta property=\"og:title\" content=\"Fern\u00e1ndez Bravo: \u00abEl deporte adaptado ayuda a promocionar la inclusi\u00f3n\u00bb | Cand\u00e1s 365\" \/>\n\t\t<meta property=\"og:description\" content=\"Carlota Fern\u00e1ndez Bravo ha afirmado hoy vienes que el deporte adaptado ayuda a promocionar la inclusi\u00f3n y adem\u00e1s tambi\u00e9n ha comentando que un 0,9%\" \/>\n\t\t<meta property=\"og:url\" content=\"https:\/\/candas365.es\/noticias\/fernandez-bravo-el-deporte-adaptado-ayuda-a-promocionar-la-inclusion\/\" \/>\n\t\t<meta property=\"og:image\" content=\"https:\/\/candas365.es\/noticias\/wp-content\/uploads\/2024\/05\/deporte-adaptado.jpg\" \/>\n\t\t<meta property=\"og:image:secure_url\" content=\"https:\/\/candas365.es\/noticias\/wp-content\/uploads\/2024\/05\/deporte-adaptado.jpg\" \/>\n\t\t<meta property=\"og:image:width\" content=\"989\" \/>\n\t\t<meta property=\"og:image:height\" content=\"668\" \/>\n\t\t<meta property=\"article:published_time\" content=\"2024-05-17T15:28:04+00:00\" \/>\n\t\t<meta property=\"article:modified_time\" content=\"2024-05-17T15:28:04+00:00\" \/>\n\t\t<meta property=\"article:publisher\" content=\"https:\/\/www.facebook.com\/Nachofdezber\" \/>\n\t\t<meta property=\"article:author\" content=\"https:\/\/www.facebook.com\/carrenoactualidad\" \/>\n\t\t<meta name=\"twitter:card\" content=\"summary_large_image\" \/>\n\t\t<meta name=\"twitter:site\" content=\"@NabercoDigital\" \/>\n\t\t<meta name=\"twitter:title\" content=\"Fern\u00e1ndez Bravo: \u00abEl deporte adaptado ayuda a promocionar la inclusi\u00f3n\u00bb | Cand\u00e1s 365\" \/>\n\t\t<meta name=\"twitter:description\" content=\"Carlota Fern\u00e1ndez Bravo ha afirmado hoy vienes que el deporte adaptado ayuda a promocionar la inclusi\u00f3n y adem\u00e1s tambi\u00e9n ha comentando que un 0,9%\" \/>\n\t\t<meta name=\"twitter:creator\" content=\"@nbasturias\" \/>\n\t\t<meta name=\"twitter:image\" content=\"https:\/\/candas365.es\/noticias\/wp-content\/uploads\/2024\/05\/deporte-adaptado.jpg\" \/>\n\t\t<meta name=\"twitter:label1\" content=\"Escrito por\" \/>\n\t\t<meta name=\"twitter:data1\" content=\"Cand\u00e1s 365\" \/>\n\t\t<meta name=\"twitter:label2\" content=\"Tiempo de lectura estimado\" \/>\n\t\t<meta name=\"twitter:data2\" content=\"3 minutos\" \/>\n\t\t<script type=\"application\/ld+json\" class=\"aioseo-schema\">\n\t\t\t{\"@context\":\"https:\\\/\\\/schema.org\",\"@graph\":[{\"@type\":\"BreadcrumbList\",\"@id\":\"https:\\\/\\\/candas365.es\\\/noticias\\\/fernandez-bravo-el-deporte-adaptado-ayuda-a-promocionar-la-inclusion\\\/#breadcrumblist\",\"itemListElement\":[{\"@type\":\"ListItem\",\"@id\":\"https:\\\/\\\/candas365.es\\\/noticias#listItem\",\"position\":1,\"name\":\"Home\",\"item\":\"https:\\\/\\\/candas365.es\\\/noticias\",\"nextItem\":{\"@type\":\"ListItem\",\"@id\":\"https:\\\/\\\/candas365.es\\\/noticias\\\/category\\\/deporte\\\/#listItem\",\"name\":\"Deporte\"}},{\"@type\":\"ListItem\",\"@id\":\"https:\\\/\\\/candas365.es\\\/noticias\\\/category\\\/deporte\\\/#listItem\",\"position\":2,\"name\":\"Deporte\",\"item\":\"https:\\\/\\\/candas365.es\\\/noticias\\\/category\\\/deporte\\\/\",\"nextItem\":{\"@type\":\"ListItem\",\"@id\":\"https:\\\/\\\/candas365.es\\\/noticias\\\/fernandez-bravo-el-deporte-adaptado-ayuda-a-promocionar-la-inclusion\\\/#listItem\",\"name\":\"Fern\\u00e1ndez Bravo: \\u00abEl deporte adaptado ayuda a promocionar la inclusi\\u00f3n\\u00bb\"},\"previousItem\":{\"@type\":\"ListItem\",\"@id\":\"https:\\\/\\\/candas365.es\\\/noticias#listItem\",\"name\":\"Home\"}},{\"@type\":\"ListItem\",\"@id\":\"https:\\\/\\\/candas365.es\\\/noticias\\\/fernandez-bravo-el-deporte-adaptado-ayuda-a-promocionar-la-inclusion\\\/#listItem\",\"position\":3,\"name\":\"Fern\\u00e1ndez Bravo: \\u00abEl deporte adaptado ayuda a promocionar la inclusi\\u00f3n\\u00bb\",\"previousItem\":{\"@type\":\"ListItem\",\"@id\":\"https:\\\/\\\/candas365.es\\\/noticias\\\/category\\\/deporte\\\/#listItem\",\"name\":\"Deporte\"}}]},{\"@type\":\"NewsArticle\",\"@id\":\"https:\\\/\\\/candas365.es\\\/noticias\\\/fernandez-bravo-el-deporte-adaptado-ayuda-a-promocionar-la-inclusion\\\/#newsarticle\",\"name\":\"Fern\\u00e1ndez Bravo: \\u00abEl deporte adaptado ayuda a promocionar la inclusi\\u00f3n\\u00bb | Cand\\u00e1s 365\",\"headline\":\"Fern\\u00e1ndez Bravo: \\u00abEl deporte adaptado ayuda a promocionar la inclusi\\u00f3n\\u00bb\",\"author\":{\"@id\":\"https:\\\/\\\/candas365.es\\\/noticias\\\/author\\\/admin\\\/#author\"},\"publisher\":{\"@id\":\"https:\\\/\\\/candas365.es\\\/noticias\\\/#organization\"},\"image\":{\"@type\":\"ImageObject\",\"url\":\"https:\\\/\\\/candas365.es\\\/noticias\\\/wp-content\\\/uploads\\\/2024\\\/05\\\/deporte-adaptado.jpg\",\"width\":989,\"height\":668,\"caption\":\"Partido de baloncesto en silla de ruedas entre Espa\\u00f1a y Estados Unidos durante los Juegos Paral\\u00edmpicos de Tokio 2020 | Foto de CPE\"},\"datePublished\":\"2024-05-17T17:28:04+02:00\",\"dateModified\":\"2024-05-17T17:28:04+02:00\",\"inLanguage\":\"es-ES\",\"mainEntityOfPage\":{\"@id\":\"https:\\\/\\\/candas365.es\\\/noticias\\\/fernandez-bravo-el-deporte-adaptado-ayuda-a-promocionar-la-inclusion\\\/#webpage\"},\"isPartOf\":{\"@id\":\"https:\\\/\\\/candas365.es\\\/noticias\\\/fernandez-bravo-el-deporte-adaptado-ayuda-a-promocionar-la-inclusion\\\/#webpage\"},\"articleSection\":\"Deporte, deporte\",\"dateline\":\"Publicado el mayo 17, 2024.\"},{\"@type\":\"Organization\",\"@id\":\"https:\\\/\\\/candas365.es\\\/noticias\\\/#organization\",\"name\":\"Cand\\u00e1s 365\",\"description\":\"Cand\\u00e1s 365 es un diario digital independiente, fundado en 2012, con base en Asturias. Informamos con rigor sobre actualidad, sociedad, cultura y ocio, con una mirada local y global.\",\"url\":\"https:\\\/\\\/candas365.es\\\/noticias\\\/\",\"email\":\"info@candas365.es\",\"telephone\":\"+34652131393\",\"foundingDate\":\"2012-06-10\",\"logo\":{\"@type\":\"ImageObject\",\"url\":\"https:\\\/\\\/candas365.es\\\/noticias\\\/wp-content\\\/uploads\\\/2024\\\/09\\\/Candas-365-Redes.jpg\",\"@id\":\"https:\\\/\\\/candas365.es\\\/noticias\\\/fernandez-bravo-el-deporte-adaptado-ayuda-a-promocionar-la-inclusion\\\/#organizationLogo\",\"width\":1152,\"height\":864,\"caption\":\"Cand\\u00e1s 365 Redes\"},\"image\":{\"@id\":\"https:\\\/\\\/candas365.es\\\/noticias\\\/fernandez-bravo-el-deporte-adaptado-ayuda-a-promocionar-la-inclusion\\\/#organizationLogo\"},\"sameAs\":[\"https:\\\/\\\/www.facebook.com\\\/Nachofdezber\",\"https:\\\/\\\/x.com\\\/NabercoDigital\",\"https:\\\/\\\/www.instagram.com\\\/nachofdezber\\\/\",\"https:\\\/\\\/www.youtube.com\\\/channel\\\/UCZP-2wLEB9Rv6erhFmqVnvg\"],\"address\":{\"@id\":\"https:\\\/\\\/candas365.es\\\/noticias\\\/#postaladdress\",\"@type\":\"PostalAddress\",\"streetAddress\":\"san antonio 4, san antonio 4\",\"postalCode\":\"33430\",\"addressLocality\":\"Cand\\u00e1s\",\"addressRegion\":\"Asturias\",\"addressCountry\":\"ES\"}},{\"@type\":\"Person\",\"@id\":\"https:\\\/\\\/candas365.es\\\/noticias\\\/author\\\/admin\\\/#author\",\"url\":\"https:\\\/\\\/candas365.es\\\/noticias\\\/author\\\/admin\\\/\",\"name\":\"Cand\\u00e1s 365\",\"image\":{\"@type\":\"ImageObject\",\"@id\":\"https:\\\/\\\/candas365.es\\\/noticias\\\/fernandez-bravo-el-deporte-adaptado-ayuda-a-promocionar-la-inclusion\\\/#authorImage\",\"url\":\"https:\\\/\\\/secure.gravatar.com\\\/avatar\\\/496a8e03d0c493ede1718b7934145dbdf8d89be1036b0eec9544e1094c9de390?s=96&d=mm&r=g\",\"width\":96,\"height\":96,\"caption\":\"Cand\\u00e1s 365\"},\"sameAs\":[\"https:\\\/\\\/www.facebook.com\\\/carrenoactualidad\",\"https:\\\/\\\/twitter.com\\\/nbasturias\",\"https:\\\/\\\/www.instagram.com\\\/nachofdezber\\\/\",\"https:\\\/\\\/www.youtube.com\\\/channel\\\/UCZP-2wLEB9Rv6erhFmqVnvg\"]},{\"@type\":\"WebPage\",\"@id\":\"https:\\\/\\\/candas365.es\\\/noticias\\\/fernandez-bravo-el-deporte-adaptado-ayuda-a-promocionar-la-inclusion\\\/#webpage\",\"url\":\"https:\\\/\\\/candas365.es\\\/noticias\\\/fernandez-bravo-el-deporte-adaptado-ayuda-a-promocionar-la-inclusion\\\/\",\"name\":\"Fern\\u00e1ndez Bravo: \\u00abEl deporte adaptado ayuda a promocionar la inclusi\\u00f3n\\u00bb | Cand\\u00e1s 365\",\"description\":\"Carlota Fern\\u00e1ndez Bravo ha afirmado hoy vienes que el deporte adaptado ayuda a promocionar la inclusi\\u00f3n y adem\\u00e1s tambi\\u00e9n ha comentando que un 0,9%\",\"inLanguage\":\"es-ES\",\"isPartOf\":{\"@id\":\"https:\\\/\\\/candas365.es\\\/noticias\\\/#website\"},\"breadcrumb\":{\"@id\":\"https:\\\/\\\/candas365.es\\\/noticias\\\/fernandez-bravo-el-deporte-adaptado-ayuda-a-promocionar-la-inclusion\\\/#breadcrumblist\"},\"author\":{\"@id\":\"https:\\\/\\\/candas365.es\\\/noticias\\\/author\\\/admin\\\/#author\"},\"creator\":{\"@id\":\"https:\\\/\\\/candas365.es\\\/noticias\\\/author\\\/admin\\\/#author\"},\"image\":{\"@type\":\"ImageObject\",\"url\":\"https:\\\/\\\/candas365.es\\\/noticias\\\/wp-content\\\/uploads\\\/2024\\\/05\\\/deporte-adaptado.jpg\",\"@id\":\"https:\\\/\\\/candas365.es\\\/noticias\\\/fernandez-bravo-el-deporte-adaptado-ayuda-a-promocionar-la-inclusion\\\/#mainImage\",\"width\":989,\"height\":668,\"caption\":\"Partido de baloncesto en silla de ruedas entre Espa\\u00f1a y Estados Unidos durante los Juegos Paral\\u00edmpicos de Tokio 2020 | Foto de CPE\"},\"primaryImageOfPage\":{\"@id\":\"https:\\\/\\\/candas365.es\\\/noticias\\\/fernandez-bravo-el-deporte-adaptado-ayuda-a-promocionar-la-inclusion\\\/#mainImage\"},\"datePublished\":\"2024-05-17T17:28:04+02:00\",\"dateModified\":\"2024-05-17T17:28:04+02:00\"},{\"@type\":\"WebSite\",\"@id\":\"https:\\\/\\\/candas365.es\\\/noticias\\\/#website\",\"url\":\"https:\\\/\\\/candas365.es\\\/noticias\\\/\",\"name\":\"Cand\\u00e1s 365\",\"alternateName\":\"Cand\\u00e1s 365 Noticias\",\"description\":\"Actualidad desde Carre\\u00f1o para el mundo\",\"inLanguage\":\"es-ES\",\"publisher\":{\"@id\":\"https:\\\/\\\/candas365.es\\\/noticias\\\/#organization\"}}]}\n\t\t<\/script>\n\t\t<!-- All in One SEO Pro -->\r\n\t\t<title>Fern\u00e1ndez Bravo: \u00abEl deporte adaptado ayuda a promocionar la inclusi\u00f3n\u00bb | Cand\u00e1s 365<\/title>\n\n","aioseo_head_json":{"title":"Fern\u00e1ndez Bravo: \u00abEl deporte adaptado ayuda a promocionar la inclusi\u00f3n\u00bb | Cand\u00e1s 365","description":"Carlota Fern\u00e1ndez Bravo ha afirmado hoy vienes que el deporte adaptado ayuda a promocionar la inclusi\u00f3n y adem\u00e1s tambi\u00e9n ha comentando que un 0,9%","canonical_url":"https:\/\/candas365.es\/noticias\/fernandez-bravo-el-deporte-adaptado-ayuda-a-promocionar-la-inclusion\/","robots":"max-image-preview:large","keywords":"deporte","webmasterTools":{"google-site-verification":"UA-32230408-1","msvalidate.01":"354F3CDFB2DA171B47FBE9ABF1F88D5","miscellaneous":""},"schema":{"@context":"https:\/\/schema.org","@graph":[{"@type":"BreadcrumbList","@id":"https:\/\/candas365.es\/noticias\/fernandez-bravo-el-deporte-adaptado-ayuda-a-promocionar-la-inclusion\/#breadcrumblist","itemListElement":[{"@type":"ListItem","@id":"https:\/\/candas365.es\/noticias#listItem","position":1,"name":"Home","item":"https:\/\/candas365.es\/noticias","nextItem":{"@type":"ListItem","@id":"https:\/\/candas365.es\/noticias\/category\/deporte\/#listItem","name":"Deporte"}},{"@type":"ListItem","@id":"https:\/\/candas365.es\/noticias\/category\/deporte\/#listItem","position":2,"name":"Deporte","item":"https:\/\/candas365.es\/noticias\/category\/deporte\/","nextItem":{"@type":"ListItem","@id":"https:\/\/candas365.es\/noticias\/fernandez-bravo-el-deporte-adaptado-ayuda-a-promocionar-la-inclusion\/#listItem","name":"Fern\u00e1ndez Bravo: \u00abEl deporte adaptado ayuda a promocionar la inclusi\u00f3n\u00bb"},"previousItem":{"@type":"ListItem","@id":"https:\/\/candas365.es\/noticias#listItem","name":"Home"}},{"@type":"ListItem","@id":"https:\/\/candas365.es\/noticias\/fernandez-bravo-el-deporte-adaptado-ayuda-a-promocionar-la-inclusion\/#listItem","position":3,"name":"Fern\u00e1ndez Bravo: \u00abEl deporte adaptado ayuda a promocionar la inclusi\u00f3n\u00bb","previousItem":{"@type":"ListItem","@id":"https:\/\/candas365.es\/noticias\/category\/deporte\/#listItem","name":"Deporte"}}]},{"@type":"NewsArticle","@id":"https:\/\/candas365.es\/noticias\/fernandez-bravo-el-deporte-adaptado-ayuda-a-promocionar-la-inclusion\/#newsarticle","name":"Fern\u00e1ndez Bravo: \u00abEl deporte adaptado ayuda a promocionar la inclusi\u00f3n\u00bb | Cand\u00e1s 365","headline":"Fern\u00e1ndez Bravo: \u00abEl deporte adaptado ayuda a promocionar la inclusi\u00f3n\u00bb","author":{"@id":"https:\/\/candas365.es\/noticias\/author\/admin\/#author"},"publisher":{"@id":"https:\/\/candas365.es\/noticias\/#organization"},"image":{"@type":"ImageObject","url":"https:\/\/candas365.es\/noticias\/wp-content\/uploads\/2024\/05\/deporte-adaptado.jpg","width":989,"height":668,"caption":"Partido de baloncesto en silla de ruedas entre Espa\u00f1a y Estados Unidos durante los Juegos Paral\u00edmpicos de Tokio 2020 | Foto de CPE"},"datePublished":"2024-05-17T17:28:04+02:00","dateModified":"2024-05-17T17:28:04+02:00","inLanguage":"es-ES","mainEntityOfPage":{"@id":"https:\/\/candas365.es\/noticias\/fernandez-bravo-el-deporte-adaptado-ayuda-a-promocionar-la-inclusion\/#webpage"},"isPartOf":{"@id":"https:\/\/candas365.es\/noticias\/fernandez-bravo-el-deporte-adaptado-ayuda-a-promocionar-la-inclusion\/#webpage"},"articleSection":"Deporte, deporte","dateline":"Publicado el mayo 17, 2024."},{"@type":"Organization","@id":"https:\/\/candas365.es\/noticias\/#organization","name":"Cand\u00e1s 365","description":"Cand\u00e1s 365 es un diario digital independiente, fundado en 2012, con base en Asturias. Informamos con rigor sobre actualidad, sociedad, cultura y ocio, con una mirada local y global.","url":"https:\/\/candas365.es\/noticias\/","email":"info@candas365.es","telephone":"+34652131393","foundingDate":"2012-06-10","logo":{"@type":"ImageObject","url":"https:\/\/candas365.es\/noticias\/wp-content\/uploads\/2024\/09\/Candas-365-Redes.jpg","@id":"https:\/\/candas365.es\/noticias\/fernandez-bravo-el-deporte-adaptado-ayuda-a-promocionar-la-inclusion\/#organizationLogo","width":1152,"height":864,"caption":"Cand\u00e1s 365 Redes"},"image":{"@id":"https:\/\/candas365.es\/noticias\/fernandez-bravo-el-deporte-adaptado-ayuda-a-promocionar-la-inclusion\/#organizationLogo"},"sameAs":["https:\/\/www.facebook.com\/Nachofdezber","https:\/\/x.com\/NabercoDigital","https:\/\/www.instagram.com\/nachofdezber\/","https:\/\/www.youtube.com\/channel\/UCZP-2wLEB9Rv6erhFmqVnvg"],"address":{"@id":"https:\/\/candas365.es\/noticias\/#postaladdress","@type":"PostalAddress","streetAddress":"san antonio 4, san antonio 4","postalCode":"33430","addressLocality":"Cand\u00e1s","addressRegion":"Asturias","addressCountry":"ES"}},{"@type":"Person","@id":"https:\/\/candas365.es\/noticias\/author\/admin\/#author","url":"https:\/\/candas365.es\/noticias\/author\/admin\/","name":"Cand\u00e1s 365","image":{"@type":"ImageObject","@id":"https:\/\/candas365.es\/noticias\/fernandez-bravo-el-deporte-adaptado-ayuda-a-promocionar-la-inclusion\/#authorImage","url":"https:\/\/secure.gravatar.com\/avatar\/496a8e03d0c493ede1718b7934145dbdf8d89be1036b0eec9544e1094c9de390?s=96&d=mm&r=g","width":96,"height":96,"caption":"Cand\u00e1s 365"},"sameAs":["https:\/\/www.facebook.com\/carrenoactualidad","https:\/\/twitter.com\/nbasturias","https:\/\/www.instagram.com\/nachofdezber\/","https:\/\/www.youtube.com\/channel\/UCZP-2wLEB9Rv6erhFmqVnvg"]},{"@type":"WebPage","@id":"https:\/\/candas365.es\/noticias\/fernandez-bravo-el-deporte-adaptado-ayuda-a-promocionar-la-inclusion\/#webpage","url":"https:\/\/candas365.es\/noticias\/fernandez-bravo-el-deporte-adaptado-ayuda-a-promocionar-la-inclusion\/","name":"Fern\u00e1ndez Bravo: \u00abEl deporte adaptado ayuda a promocionar la inclusi\u00f3n\u00bb | Cand\u00e1s 365","description":"Carlota Fern\u00e1ndez Bravo ha afirmado hoy vienes que el deporte adaptado ayuda a promocionar la inclusi\u00f3n y adem\u00e1s tambi\u00e9n ha comentando que un 0,9%","inLanguage":"es-ES","isPartOf":{"@id":"https:\/\/candas365.es\/noticias\/#website"},"breadcrumb":{"@id":"https:\/\/candas365.es\/noticias\/fernandez-bravo-el-deporte-adaptado-ayuda-a-promocionar-la-inclusion\/#breadcrumblist"},"author":{"@id":"https:\/\/candas365.es\/noticias\/author\/admin\/#author"},"creator":{"@id":"https:\/\/candas365.es\/noticias\/author\/admin\/#author"},"image":{"@type":"ImageObject","url":"https:\/\/candas365.es\/noticias\/wp-content\/uploads\/2024\/05\/deporte-adaptado.jpg","@id":"https:\/\/candas365.es\/noticias\/fernandez-bravo-el-deporte-adaptado-ayuda-a-promocionar-la-inclusion\/#mainImage","width":989,"height":668,"caption":"Partido de baloncesto en silla de ruedas entre Espa\u00f1a y Estados Unidos durante los Juegos Paral\u00edmpicos de Tokio 2020 | Foto de CPE"},"primaryImageOfPage":{"@id":"https:\/\/candas365.es\/noticias\/fernandez-bravo-el-deporte-adaptado-ayuda-a-promocionar-la-inclusion\/#mainImage"},"datePublished":"2024-05-17T17:28:04+02:00","dateModified":"2024-05-17T17:28:04+02:00"},{"@type":"WebSite","@id":"https:\/\/candas365.es\/noticias\/#website","url":"https:\/\/candas365.es\/noticias\/","name":"Cand\u00e1s 365","alternateName":"Cand\u00e1s 365 Noticias","description":"Actualidad desde Carre\u00f1o para el mundo","inLanguage":"es-ES","publisher":{"@id":"https:\/\/candas365.es\/noticias\/#organization"}}]},"og:locale":"es_ES","og:site_name":"Cand\u00e1s 365","og:type":"article","og:title":"Fern\u00e1ndez Bravo: \u00abEl deporte adaptado ayuda a promocionar la inclusi\u00f3n\u00bb | Cand\u00e1s 365","og:description":"Carlota Fern\u00e1ndez Bravo ha afirmado hoy vienes que el deporte adaptado ayuda a promocionar la inclusi\u00f3n y adem\u00e1s tambi\u00e9n ha comentando que un 0,9%","og:url":"https:\/\/candas365.es\/noticias\/fernandez-bravo-el-deporte-adaptado-ayuda-a-promocionar-la-inclusion\/","og:image":"https:\/\/candas365.es\/noticias\/wp-content\/uploads\/2024\/05\/deporte-adaptado.jpg","og:image:secure_url":"https:\/\/candas365.es\/noticias\/wp-content\/uploads\/2024\/05\/deporte-adaptado.jpg","og:image:width":989,"og:image:height":668,"article:published_time":"2024-05-17T15:28:04+00:00","article:modified_time":"2024-05-17T15:28:04+00:00","article:publisher":"https:\/\/www.facebook.com\/Nachofdezber","article:author":"https:\/\/www.facebook.com\/carrenoactualidad","twitter:card":"summary_large_image","twitter:site":"@NabercoDigital","twitter:title":"Fern\u00e1ndez Bravo: \u00abEl deporte adaptado ayuda a promocionar la inclusi\u00f3n\u00bb | Cand\u00e1s 365","twitter:description":"Carlota Fern\u00e1ndez Bravo ha afirmado hoy vienes que el deporte adaptado ayuda a promocionar la inclusi\u00f3n y adem\u00e1s tambi\u00e9n ha comentando que un 0,9%","twitter:creator":"@nbasturias","twitter:image":"https:\/\/candas365.es\/noticias\/wp-content\/uploads\/2024\/05\/deporte-adaptado.jpg","twitter:label1":"Escrito por","twitter:data1":"Cand\u00e1s 365","twitter:label2":"Tiempo de lectura estimado","twitter:data2":"3 minutos"},"aioseo_meta_data":{"post_id":"181258","title":null,"description":"Carlota Fern\u00e1ndez Bravo ha afirmado hoy vienes que el deporte adaptado ayuda a promocionar la inclusi\u00f3n y adem\u00e1s tambi\u00e9n ha comentando que un 0,9%","keywords":null,"keyphrases":{"focus":{"keyphrase":"deporte","score":85,"analysis":{"keyphraseInTitle":{"score":9,"maxScore":9,"error":0},"keyphraseInDescription":{"score":9,"maxScore":9,"error":0},"keyphraseLength":{"score":9,"maxScore":9,"error":0,"length":1},"keyphraseInURL":{"score":1,"maxScore":5,"error":1},"keyphraseInIntroduction":{"score":9,"maxScore":9,"error":0},"keyphraseInSubHeadings":{"score":3,"maxScore":9,"error":1},"keyphraseInImageAlt":{"score":9,"maxScore":9,"error":0},"keywordDensity":{"type":"best","score":9,"maxScore":9,"error":0}}},"additional":[{"keyphrase":"deporte adaptado","score":80,"analysis":{"keyphraseInDescription":{"score":9,"maxScore":9,"error":0},"keyphraseLength":{"score":9,"maxScore":9,"error":0,"length":2},"keyphraseInIntroduction":{"score":9,"maxScore":9,"error":0},"keyphraseInImageAlt":{"score":9,"maxScore":9,"error":0},"keywordDensity":{"score":0,"type":"low","maxScore":9,"error":1}}}]},"primary_term":null,"canonical_url":null,"og_title":null,"og_description":null,"og_object_type":"default","og_image_type":"default","og_image_url":null,"og_image_width":null,"og_image_height":null,"og_image_custom_url":null,"og_image_custom_fields":null,"og_video":"","og_custom_url":null,"og_article_section":null,"og_article_tags":null,"twitter_use_og":false,"twitter_card":"default","twitter_image_type":"default","twitter_image_url":null,"twitter_image_custom_url":null,"twitter_image_custom_fields":null,"twitter_title":null,"twitter_description":null,"schema":{"blockGraphs":[],"customGraphs":[],"default":{"data":{"Article":[],"Course":[],"Dataset":[],"FAQPage":[],"Movie":[],"Person":[],"Product":[],"ProductReview":[],"Car":[],"Recipe":[],"Service":[],"SoftwareApplication":[],"WebPage":[]},"graphName":"Article","isEnabled":true},"graphs":[]},"schema_type":"default","schema_type_options":null,"pillar_content":false,"robots_default":true,"robots_noindex":false,"robots_noarchive":false,"robots_nosnippet":false,"robots_nofollow":false,"robots_noimageindex":false,"robots_noodp":false,"robots_notranslate":false,"robots_max_snippet":"-1","robots_max_videopreview":"-1","robots_max_imagepreview":"large","priority":null,"frequency":"default","location":null,"local_seo":null,"seo_analyzer_scan_date":"2025-09-02 10:37:25","breadcrumb_settings":null,"limit_modified_date":false,"reviewed_by":null,"open_ai":"{\"title\":{\"suggestions\":[],\"usage\":0},\"description\":{\"suggestions\":[],\"usage\":0}}","ai":null,"created":"2024-05-17 15:18:56","updated":"2025-09-02 10:37:25"},"aioseo_breadcrumb":"<div class=\"aioseo-breadcrumbs\"><span class=\"aioseo-breadcrumb\">\n\t<a href=\"https:\/\/candas365.es\/noticias\" title=\"Home\">Home<\/a>\n<\/span><span class=\"aioseo-breadcrumb-separator\">&ndash;<\/span><span class=\"aioseo-breadcrumb\">\n\t<a href=\"https:\/\/candas365.es\/noticias\/category\/deporte\/\" title=\"Deporte\">Deporte<\/a>\n<\/span><span class=\"aioseo-breadcrumb-separator\">&ndash;<\/span><span class=\"aioseo-breadcrumb\">\n\tFern\u00e1ndez Bravo: \u00abEl deporte adaptado ayuda a promocionar la inclusi\u00f3n\u00bb\n<\/span><\/div>","aioseo_breadcrumb_json":[{"label":"Home","link":"https:\/\/candas365.es\/noticias"},{"label":"Deporte","link":"https:\/\/candas365.es\/noticias\/category\/deporte\/"},{"label":"Fern\u00e1ndez Bravo: \u00abEl deporte adaptado ayuda a promocionar la inclusi\u00f3n\u00bb","link":"https:\/\/candas365.es\/noticias\/fernandez-bravo-el-deporte-adaptado-ayuda-a-promocionar-la-inclusion\/"}],"_links":{"self":[{"href":"https:\/\/candas365.es\/noticias\/wp-json\/wp\/v2\/posts\/181258","targetHints":{"allow":["GET"]}}],"collection":[{"href":"https:\/\/candas365.es\/noticias\/wp-json\/wp\/v2\/posts"}],"about":[{"href":"https:\/\/candas365.es\/noticias\/wp-json\/wp\/v2\/types\/post"}],"author":[{"embeddable":true,"href":"https:\/\/candas365.es\/noticias\/wp-json\/wp\/v2\/users\/1"}],"replies":[{"embeddable":true,"href":"https:\/\/candas365.es\/noticias\/wp-json\/wp\/v2\/comments?post=181258"}],"version-history":[{"count":0,"href":"https:\/\/candas365.es\/noticias\/wp-json\/wp\/v2\/posts\/181258\/revisions"}],"wp:featuredmedia":[{"embeddable":true,"href":"https:\/\/candas365.es\/noticias\/wp-json\/wp\/v2\/media\/181259"}],"wp:attachment":[{"href":"https:\/\/candas365.es\/noticias\/wp-json\/wp\/v2\/media?parent=181258"}],"wp:term":[{"taxonomy":"category","embeddable":true,"href":"https:\/\/candas365.es\/noticias\/wp-json\/wp\/v2\/categories?post=181258"},{"taxonomy":"post_tag","embeddable":true,"href":"https:\/\/candas365.es\/noticias\/wp-json\/wp\/v2\/tags?post=181258"}],"curies":[{"name":"wp","href":"https:\/\/api.w.org\/{rel}","templated":true}]}}