{"id":181228,"date":"2024-05-17T15:33:36","date_gmt":"2024-05-17T13:33:36","guid":{"rendered":"https:\/\/candas365.es\/noticias\/?p=181228"},"modified":"2024-05-17T15:33:36","modified_gmt":"2024-05-17T13:33:36","slug":"los-efectos-del-cambio-climatico-en-las-enfermedades-cerebrales","status":"publish","type":"post","link":"https:\/\/candas365.es\/noticias\/los-efectos-del-cambio-climatico-en-las-enfermedades-cerebrales\/","title":{"rendered":"Los efectos del cambio clim\u00e1tico en las enfermedades cerebrales"},"content":{"rendered":"<p>El <strong>cambio clim\u00e1tico<\/strong> es una realidad, calentamiento global, efectos sobre los patrones clim\u00e1ticos y los <strong>fen\u00f3menos meteorol\u00f3gicos adversos<\/strong> probablemente afecten negativamente a la salud de las personas en cuanto a <span style=\"color: #ff6600;\"><a style=\"color: #ff6600;\" href=\"https:\/\/candas365.es\/noticias\/category\/salud\/\"><strong>enfermedades cerebrales<\/strong><\/a><\/span>. As\u00ed lo afirma un equipo de investigadores.<\/p>\n<p><img fetchpriority=\"high\" decoding=\"async\" class=\"aligncenter size-full wp-image-181229\" src=\"https:\/\/candas365.es\/noticias\/wp-content\/uploads\/2024\/05\/cambio-climatico.jpg\" alt=\"cambio clim\u00e1tico\" width=\"640\" height=\"427\" srcset=\"https:\/\/candas365.es\/noticias\/wp-content\/uploads\/2024\/05\/cambio-climatico.jpg 640w, https:\/\/candas365.es\/noticias\/wp-content\/uploads\/2024\/05\/cambio-climatico-360x240.jpg 360w, https:\/\/candas365.es\/noticias\/wp-content\/uploads\/2024\/05\/cambio-climatico-150x100.jpg 150w, https:\/\/candas365.es\/noticias\/wp-content\/uploads\/2024\/05\/cambio-climatico-450x300.jpg 450w\" sizes=\"(max-width: 640px) 100vw, 640px\" \/><\/p>\n<p>As\u00ed lo sostiene un equipo de investigadores dirigido por la University College de Londres (Reino Unido) en un art\u00edculo publicado en la revista \u2018The Lancet Neurology\u2019.<\/p>\n<p>Los autores abogan por comprender el impacto del cambio clim\u00e1tico en las personas con afecciones neurol\u00f3gicas, para preservar su salud y evitar que empeoren las desigualdades.<\/p>\n<p>Tras una revisi\u00f3n de 332 art\u00edculos publicados en todo el mundo entre 1968 y 2023, el equipo, dirigido por Sanjay Sisodiya, indica que espera que la escala de los efectos potenciales del cambio clim\u00e1tico en las enfermedades neurol\u00f3gicas sea \u201csustancial\u201d.<\/p>\n<p>Consideraron 19 afecciones diferentes del sistema nervioso, elegidas sobre la base del estudio \u2018Carga mundial de morbilidad 2016\u2019, incluidos accidentes cerebrovasculares, migra\u00f1as, alzh\u00e9imer, meningitis, epilepsia y esclerosis m\u00faltiple.<\/p>\n<p>El equipo tambi\u00e9n analiz\u00f3 el impacto del cambio clim\u00e1tico en varios trastornos psiqui\u00e1tricos graves pero comunes, como la ansiedad, la depresi\u00f3n y la esquizofrenia.<\/p>\n<p>\u201cExiste evidencia clara de un impacto del clima en algunas afecciones cerebrales, especialmente los accidentes cerebrovasculares y las infecciones del sistema nervioso\u201d, seg\u00fan Sisodiya.<\/p>\n<p>Este profesor a\u00f1ade: \u201cLas temperaturas nocturnas pueden ser particularmente importantes, ya que las temperaturas m\u00e1s altas durante la noche pueden alterar el sue\u00f1o. Se sabe que dormir mal agrava una serie de afecciones cerebrales\u201d.<\/p>\n<h2>\u201cMENOR CONCIENCIA DEL RIESGO\u201d<\/h2>\n<p>Los investigadores descubrieron que hab\u00eda un aumento en los ingresos hospitalarios, la discapacidad o la mortalidad por un accidente cerebrovascular debido a temperaturas ambiente m\u00e1s altas u olas de calor.<\/p>\n<p>Los investigadores afirman que que las personas con demencia son m\u00e1s susceptibles de sufrir da\u00f1os causados \u200b\u200bpor temperaturas extremas (por ejemplo, enfermedades relacionadas con el calor o hipotermia) y fen\u00f3menos meteorol\u00f3gicos (por ejemplo, inundaciones o incendios forestales), ya que el deterioro cognitivo puede limitar su capacidad para adaptar el comportamiento a los cambios ambientales.<\/p>\n<p>\u201cLa menor conciencia del riesgo se combina con una menor capacidad para buscar ayuda o mitigar da\u00f1os potenciales, como beber m\u00e1s cuando hace calor o ajustarse la ropa\u201d, indican.<\/p>\n<p>Adem\u00e1s, apuntan: \u201cEsta susceptibilidad se ve agravada por la fragilidad, la multimorbilidad y los medicamentos psicotr\u00f3picos. En consecuencia, una mayor variaci\u00f3n de temperatura, d\u00edas m\u00e1s calurosos y olas de calor conducen a un aumento de las admisiones hospitalarias y la mortalidad asociadas a la demencia\u201d.<\/p>\n<p>La incidencia, los ingresos hospitalarios y el riesgo de mortalidad de muchos trastornos de salud mental se asocian con un aumento de la temperatura ambiente, fluctuaciones t\u00e9rmicas diarias o temperaturas fr\u00edas y calientes extremas.<\/p>\n<p>(<a href=\"https:\/\/www.servimedia.es\/\" target=\"_blank\" rel=\"noopener\"><span style=\"color: #ff6600;\"><strong>SERVIMEDIA<\/strong><\/span><\/a>)<\/p>\n","protected":false},"excerpt":{"rendered":"<p>El cambio clim\u00e1tico es una realidad, calentamiento global, efectos sobre los patrones clim\u00e1ticos y los fen\u00f3menos meteorol\u00f3gicos adversos probablemente afecten negativamente a la salud de las personas en cuanto a enfermedades cerebrales. As\u00ed lo afirma un equipo de investigadores. As\u00ed lo sostiene un equipo de investigadores dirigido por la University College de Londres (Reino Unido)<\/p>\n","protected":false},"author":1,"featured_media":181229,"comment_status":"closed","ping_status":"closed","sticky":false,"template":"","format":"standard","meta":{"footnotes":""},"categories":[372],"tags":[453,378],"class_list":{"0":"post-181228","1":"post","2":"type-post","3":"status-publish","4":"format-standard","5":"has-post-thumbnail","7":"category-salud","8":"tag-naturaleza","9":"tag-salud"},"aioseo_notices":[],"aioseo_head":"\n\t\t<!-- All in One SEO Pro 4.9.6.2 - aioseo.com -->\n\t<meta name=\"description\" content=\"El cambio clim\u00e1tico es una realidad, calentamiento global, efectos sobre los patrones clim\u00e1ticos y los fen\u00f3menos meteorol\u00f3gicos adversos probablemente afecten\" \/>\n\t<meta name=\"robots\" content=\"max-image-preview:large\" \/>\n\t<meta name=\"author\" content=\"Cand\u00e1s 365\"\/>\n\t<meta name=\"google-site-verification\" content=\"UA-32230408-1\" \/>\n\t<meta name=\"msvalidate.01\" content=\"354F3CDFB2DA171B47FBE9ABF1F88D5\" \/>\n\t<meta name=\"keywords\" content=\"salud\" \/>\n\t<link rel=\"canonical\" href=\"https:\/\/candas365.es\/noticias\/los-efectos-del-cambio-climatico-en-las-enfermedades-cerebrales\/\" \/>\n\t<meta name=\"generator\" content=\"All in One SEO Pro (AIOSEO) 4.9.6.2\" \/>\n\t\t<meta property=\"og:locale\" content=\"es_ES\" \/>\n\t\t<meta property=\"og:site_name\" content=\"Cand\u00e1s 365\" \/>\n\t\t<meta property=\"og:type\" content=\"article\" \/>\n\t\t<meta property=\"og:title\" content=\"Los efectos del cambio clim\u00e1tico en las enfermedades cerebrales | Cand\u00e1s 365\" \/>\n\t\t<meta property=\"og:description\" content=\"El cambio clim\u00e1tico es una realidad, calentamiento global, efectos sobre los patrones clim\u00e1ticos y los fen\u00f3menos meteorol\u00f3gicos adversos probablemente afecten\" \/>\n\t\t<meta property=\"og:url\" content=\"https:\/\/candas365.es\/noticias\/los-efectos-del-cambio-climatico-en-las-enfermedades-cerebrales\/\" \/>\n\t\t<meta property=\"og:image\" content=\"https:\/\/candas365.es\/noticias\/wp-content\/uploads\/2024\/05\/cambio-climatico.jpg\" \/>\n\t\t<meta property=\"og:image:secure_url\" content=\"https:\/\/candas365.es\/noticias\/wp-content\/uploads\/2024\/05\/cambio-climatico.jpg\" \/>\n\t\t<meta property=\"og:image:width\" content=\"640\" \/>\n\t\t<meta property=\"og:image:height\" content=\"427\" \/>\n\t\t<meta property=\"article:published_time\" content=\"2024-05-17T13:33:36+00:00\" \/>\n\t\t<meta property=\"article:modified_time\" content=\"2024-05-17T13:33:36+00:00\" \/>\n\t\t<meta property=\"article:publisher\" content=\"https:\/\/www.facebook.com\/Nachofdezber\" \/>\n\t\t<meta property=\"article:author\" content=\"https:\/\/www.facebook.com\/carrenoactualidad\" \/>\n\t\t<meta name=\"twitter:card\" content=\"summary_large_image\" \/>\n\t\t<meta name=\"twitter:site\" content=\"@NabercoDigital\" \/>\n\t\t<meta name=\"twitter:title\" content=\"Los efectos del cambio clim\u00e1tico en las enfermedades cerebrales | Cand\u00e1s 365\" \/>\n\t\t<meta name=\"twitter:description\" content=\"El cambio clim\u00e1tico es una realidad, calentamiento global, efectos sobre los patrones clim\u00e1ticos y los fen\u00f3menos meteorol\u00f3gicos adversos probablemente afecten\" \/>\n\t\t<meta name=\"twitter:creator\" content=\"@nbasturias\" \/>\n\t\t<meta name=\"twitter:image\" content=\"https:\/\/candas365.es\/noticias\/wp-content\/uploads\/2024\/05\/cambio-climatico.jpg\" \/>\n\t\t<meta name=\"twitter:label1\" content=\"Escrito por\" \/>\n\t\t<meta name=\"twitter:data1\" content=\"Cand\u00e1s 365\" \/>\n\t\t<meta name=\"twitter:label2\" content=\"Tiempo de lectura estimado\" \/>\n\t\t<meta name=\"twitter:data2\" content=\"2 minutos\" \/>\n\t\t<script type=\"application\/ld+json\" class=\"aioseo-schema\">\n\t\t\t{\"@context\":\"https:\\\/\\\/schema.org\",\"@graph\":[{\"@type\":\"BreadcrumbList\",\"@id\":\"https:\\\/\\\/candas365.es\\\/noticias\\\/los-efectos-del-cambio-climatico-en-las-enfermedades-cerebrales\\\/#breadcrumblist\",\"itemListElement\":[{\"@type\":\"ListItem\",\"@id\":\"https:\\\/\\\/candas365.es\\\/noticias#listItem\",\"position\":1,\"name\":\"Home\",\"item\":\"https:\\\/\\\/candas365.es\\\/noticias\",\"nextItem\":{\"@type\":\"ListItem\",\"@id\":\"https:\\\/\\\/candas365.es\\\/noticias\\\/category\\\/salud\\\/#listItem\",\"name\":\"Salud\"}},{\"@type\":\"ListItem\",\"@id\":\"https:\\\/\\\/candas365.es\\\/noticias\\\/category\\\/salud\\\/#listItem\",\"position\":2,\"name\":\"Salud\",\"item\":\"https:\\\/\\\/candas365.es\\\/noticias\\\/category\\\/salud\\\/\",\"nextItem\":{\"@type\":\"ListItem\",\"@id\":\"https:\\\/\\\/candas365.es\\\/noticias\\\/los-efectos-del-cambio-climatico-en-las-enfermedades-cerebrales\\\/#listItem\",\"name\":\"Los efectos del cambio clim\\u00e1tico en las enfermedades cerebrales\"},\"previousItem\":{\"@type\":\"ListItem\",\"@id\":\"https:\\\/\\\/candas365.es\\\/noticias#listItem\",\"name\":\"Home\"}},{\"@type\":\"ListItem\",\"@id\":\"https:\\\/\\\/candas365.es\\\/noticias\\\/los-efectos-del-cambio-climatico-en-las-enfermedades-cerebrales\\\/#listItem\",\"position\":3,\"name\":\"Los efectos del cambio clim\\u00e1tico en las enfermedades cerebrales\",\"previousItem\":{\"@type\":\"ListItem\",\"@id\":\"https:\\\/\\\/candas365.es\\\/noticias\\\/category\\\/salud\\\/#listItem\",\"name\":\"Salud\"}}]},{\"@type\":\"NewsArticle\",\"@id\":\"https:\\\/\\\/candas365.es\\\/noticias\\\/los-efectos-del-cambio-climatico-en-las-enfermedades-cerebrales\\\/#newsarticle\",\"name\":\"Los efectos del cambio clim\\u00e1tico en las enfermedades cerebrales | Cand\\u00e1s 365\",\"headline\":\"Los efectos del cambio clim\\u00e1tico en las enfermedades cerebrales\",\"author\":{\"@id\":\"https:\\\/\\\/candas365.es\\\/noticias\\\/author\\\/admin\\\/#author\"},\"publisher\":{\"@id\":\"https:\\\/\\\/candas365.es\\\/noticias\\\/#organization\"},\"image\":{\"@type\":\"ImageObject\",\"url\":\"https:\\\/\\\/candas365.es\\\/noticias\\\/wp-content\\\/uploads\\\/2024\\\/05\\\/cambio-climatico.jpg\",\"width\":640,\"height\":427,\"caption\":\"cambio clim\\u00e1tico\"},\"datePublished\":\"2024-05-17T15:33:36+02:00\",\"dateModified\":\"2024-05-17T15:33:36+02:00\",\"inLanguage\":\"es-ES\",\"mainEntityOfPage\":{\"@id\":\"https:\\\/\\\/candas365.es\\\/noticias\\\/los-efectos-del-cambio-climatico-en-las-enfermedades-cerebrales\\\/#webpage\"},\"isPartOf\":{\"@id\":\"https:\\\/\\\/candas365.es\\\/noticias\\\/los-efectos-del-cambio-climatico-en-las-enfermedades-cerebrales\\\/#webpage\"},\"articleSection\":\"Salud, naturaleza, Salud\",\"dateline\":\"Publicado el mayo 17, 2024.\"},{\"@type\":\"Organization\",\"@id\":\"https:\\\/\\\/candas365.es\\\/noticias\\\/#organization\",\"name\":\"Cand\\u00e1s 365\",\"description\":\"Cand\\u00e1s 365 es un diario digital independiente, fundado en 2012, con base en Asturias. Informamos con rigor sobre actualidad, sociedad, cultura y ocio, con una mirada local y global.\",\"url\":\"https:\\\/\\\/candas365.es\\\/noticias\\\/\",\"email\":\"info@candas365.es\",\"telephone\":\"+34652131393\",\"foundingDate\":\"2012-06-10\",\"logo\":{\"@type\":\"ImageObject\",\"url\":\"https:\\\/\\\/candas365.es\\\/noticias\\\/wp-content\\\/uploads\\\/2024\\\/09\\\/Candas-365-Redes.jpg\",\"@id\":\"https:\\\/\\\/candas365.es\\\/noticias\\\/los-efectos-del-cambio-climatico-en-las-enfermedades-cerebrales\\\/#organizationLogo\",\"width\":1152,\"height\":864,\"caption\":\"Cand\\u00e1s 365 Redes\"},\"image\":{\"@id\":\"https:\\\/\\\/candas365.es\\\/noticias\\\/los-efectos-del-cambio-climatico-en-las-enfermedades-cerebrales\\\/#organizationLogo\"},\"sameAs\":[\"https:\\\/\\\/www.facebook.com\\\/Nachofdezber\",\"https:\\\/\\\/x.com\\\/NabercoDigital\",\"https:\\\/\\\/www.instagram.com\\\/nachofdezber\\\/\",\"https:\\\/\\\/www.youtube.com\\\/channel\\\/UCZP-2wLEB9Rv6erhFmqVnvg\"],\"address\":{\"@id\":\"https:\\\/\\\/candas365.es\\\/noticias\\\/#postaladdress\",\"@type\":\"PostalAddress\",\"streetAddress\":\"san antonio 4, san antonio 4\",\"postalCode\":\"33430\",\"addressLocality\":\"Cand\\u00e1s\",\"addressRegion\":\"Asturias\",\"addressCountry\":\"ES\"}},{\"@type\":\"Person\",\"@id\":\"https:\\\/\\\/candas365.es\\\/noticias\\\/author\\\/admin\\\/#author\",\"url\":\"https:\\\/\\\/candas365.es\\\/noticias\\\/author\\\/admin\\\/\",\"name\":\"Cand\\u00e1s 365\",\"image\":{\"@type\":\"ImageObject\",\"@id\":\"https:\\\/\\\/candas365.es\\\/noticias\\\/los-efectos-del-cambio-climatico-en-las-enfermedades-cerebrales\\\/#authorImage\",\"url\":\"https:\\\/\\\/secure.gravatar.com\\\/avatar\\\/496a8e03d0c493ede1718b7934145dbdf8d89be1036b0eec9544e1094c9de390?s=96&d=mm&r=g\",\"width\":96,\"height\":96,\"caption\":\"Cand\\u00e1s 365\"},\"sameAs\":[\"https:\\\/\\\/www.facebook.com\\\/carrenoactualidad\",\"https:\\\/\\\/twitter.com\\\/nbasturias\",\"https:\\\/\\\/www.instagram.com\\\/nachofdezber\\\/\",\"https:\\\/\\\/www.youtube.com\\\/channel\\\/UCZP-2wLEB9Rv6erhFmqVnvg\"]},{\"@type\":\"WebPage\",\"@id\":\"https:\\\/\\\/candas365.es\\\/noticias\\\/los-efectos-del-cambio-climatico-en-las-enfermedades-cerebrales\\\/#webpage\",\"url\":\"https:\\\/\\\/candas365.es\\\/noticias\\\/los-efectos-del-cambio-climatico-en-las-enfermedades-cerebrales\\\/\",\"name\":\"Los efectos del cambio clim\\u00e1tico en las enfermedades cerebrales | Cand\\u00e1s 365\",\"description\":\"El cambio clim\\u00e1tico es una realidad, calentamiento global, efectos sobre los patrones clim\\u00e1ticos y los fen\\u00f3menos meteorol\\u00f3gicos adversos probablemente afecten\",\"inLanguage\":\"es-ES\",\"isPartOf\":{\"@id\":\"https:\\\/\\\/candas365.es\\\/noticias\\\/#website\"},\"breadcrumb\":{\"@id\":\"https:\\\/\\\/candas365.es\\\/noticias\\\/los-efectos-del-cambio-climatico-en-las-enfermedades-cerebrales\\\/#breadcrumblist\"},\"author\":{\"@id\":\"https:\\\/\\\/candas365.es\\\/noticias\\\/author\\\/admin\\\/#author\"},\"creator\":{\"@id\":\"https:\\\/\\\/candas365.es\\\/noticias\\\/author\\\/admin\\\/#author\"},\"image\":{\"@type\":\"ImageObject\",\"url\":\"https:\\\/\\\/candas365.es\\\/noticias\\\/wp-content\\\/uploads\\\/2024\\\/05\\\/cambio-climatico.jpg\",\"@id\":\"https:\\\/\\\/candas365.es\\\/noticias\\\/los-efectos-del-cambio-climatico-en-las-enfermedades-cerebrales\\\/#mainImage\",\"width\":640,\"height\":427,\"caption\":\"cambio clim\\u00e1tico\"},\"primaryImageOfPage\":{\"@id\":\"https:\\\/\\\/candas365.es\\\/noticias\\\/los-efectos-del-cambio-climatico-en-las-enfermedades-cerebrales\\\/#mainImage\"},\"datePublished\":\"2024-05-17T15:33:36+02:00\",\"dateModified\":\"2024-05-17T15:33:36+02:00\"},{\"@type\":\"WebSite\",\"@id\":\"https:\\\/\\\/candas365.es\\\/noticias\\\/#website\",\"url\":\"https:\\\/\\\/candas365.es\\\/noticias\\\/\",\"name\":\"Cand\\u00e1s 365\",\"alternateName\":\"Cand\\u00e1s 365 Noticias\",\"description\":\"Actualidad desde Carre\\u00f1o para el mundo\",\"inLanguage\":\"es-ES\",\"publisher\":{\"@id\":\"https:\\\/\\\/candas365.es\\\/noticias\\\/#organization\"}}]}\n\t\t<\/script>\n\t\t<!-- All in One SEO Pro -->\r\n\t\t<title>Los efectos del cambio clim\u00e1tico en las enfermedades cerebrales | Cand\u00e1s 365<\/title>\n\n","aioseo_head_json":{"title":"Los efectos del cambio clim\u00e1tico en las enfermedades cerebrales | Cand\u00e1s 365","description":"El cambio clim\u00e1tico es una realidad, calentamiento global, efectos sobre los patrones clim\u00e1ticos y los fen\u00f3menos meteorol\u00f3gicos adversos probablemente afecten","canonical_url":"https:\/\/candas365.es\/noticias\/los-efectos-del-cambio-climatico-en-las-enfermedades-cerebrales\/","robots":"max-image-preview:large","keywords":"salud","webmasterTools":{"google-site-verification":"UA-32230408-1","msvalidate.01":"354F3CDFB2DA171B47FBE9ABF1F88D5","miscellaneous":""},"schema":{"@context":"https:\/\/schema.org","@graph":[{"@type":"BreadcrumbList","@id":"https:\/\/candas365.es\/noticias\/los-efectos-del-cambio-climatico-en-las-enfermedades-cerebrales\/#breadcrumblist","itemListElement":[{"@type":"ListItem","@id":"https:\/\/candas365.es\/noticias#listItem","position":1,"name":"Home","item":"https:\/\/candas365.es\/noticias","nextItem":{"@type":"ListItem","@id":"https:\/\/candas365.es\/noticias\/category\/salud\/#listItem","name":"Salud"}},{"@type":"ListItem","@id":"https:\/\/candas365.es\/noticias\/category\/salud\/#listItem","position":2,"name":"Salud","item":"https:\/\/candas365.es\/noticias\/category\/salud\/","nextItem":{"@type":"ListItem","@id":"https:\/\/candas365.es\/noticias\/los-efectos-del-cambio-climatico-en-las-enfermedades-cerebrales\/#listItem","name":"Los efectos del cambio clim\u00e1tico en las enfermedades cerebrales"},"previousItem":{"@type":"ListItem","@id":"https:\/\/candas365.es\/noticias#listItem","name":"Home"}},{"@type":"ListItem","@id":"https:\/\/candas365.es\/noticias\/los-efectos-del-cambio-climatico-en-las-enfermedades-cerebrales\/#listItem","position":3,"name":"Los efectos del cambio clim\u00e1tico en las enfermedades cerebrales","previousItem":{"@type":"ListItem","@id":"https:\/\/candas365.es\/noticias\/category\/salud\/#listItem","name":"Salud"}}]},{"@type":"NewsArticle","@id":"https:\/\/candas365.es\/noticias\/los-efectos-del-cambio-climatico-en-las-enfermedades-cerebrales\/#newsarticle","name":"Los efectos del cambio clim\u00e1tico en las enfermedades cerebrales | Cand\u00e1s 365","headline":"Los efectos del cambio clim\u00e1tico en las enfermedades cerebrales","author":{"@id":"https:\/\/candas365.es\/noticias\/author\/admin\/#author"},"publisher":{"@id":"https:\/\/candas365.es\/noticias\/#organization"},"image":{"@type":"ImageObject","url":"https:\/\/candas365.es\/noticias\/wp-content\/uploads\/2024\/05\/cambio-climatico.jpg","width":640,"height":427,"caption":"cambio clim\u00e1tico"},"datePublished":"2024-05-17T15:33:36+02:00","dateModified":"2024-05-17T15:33:36+02:00","inLanguage":"es-ES","mainEntityOfPage":{"@id":"https:\/\/candas365.es\/noticias\/los-efectos-del-cambio-climatico-en-las-enfermedades-cerebrales\/#webpage"},"isPartOf":{"@id":"https:\/\/candas365.es\/noticias\/los-efectos-del-cambio-climatico-en-las-enfermedades-cerebrales\/#webpage"},"articleSection":"Salud, naturaleza, Salud","dateline":"Publicado el mayo 17, 2024."},{"@type":"Organization","@id":"https:\/\/candas365.es\/noticias\/#organization","name":"Cand\u00e1s 365","description":"Cand\u00e1s 365 es un diario digital independiente, fundado en 2012, con base en Asturias. Informamos con rigor sobre actualidad, sociedad, cultura y ocio, con una mirada local y global.","url":"https:\/\/candas365.es\/noticias\/","email":"info@candas365.es","telephone":"+34652131393","foundingDate":"2012-06-10","logo":{"@type":"ImageObject","url":"https:\/\/candas365.es\/noticias\/wp-content\/uploads\/2024\/09\/Candas-365-Redes.jpg","@id":"https:\/\/candas365.es\/noticias\/los-efectos-del-cambio-climatico-en-las-enfermedades-cerebrales\/#organizationLogo","width":1152,"height":864,"caption":"Cand\u00e1s 365 Redes"},"image":{"@id":"https:\/\/candas365.es\/noticias\/los-efectos-del-cambio-climatico-en-las-enfermedades-cerebrales\/#organizationLogo"},"sameAs":["https:\/\/www.facebook.com\/Nachofdezber","https:\/\/x.com\/NabercoDigital","https:\/\/www.instagram.com\/nachofdezber\/","https:\/\/www.youtube.com\/channel\/UCZP-2wLEB9Rv6erhFmqVnvg"],"address":{"@id":"https:\/\/candas365.es\/noticias\/#postaladdress","@type":"PostalAddress","streetAddress":"san antonio 4, san antonio 4","postalCode":"33430","addressLocality":"Cand\u00e1s","addressRegion":"Asturias","addressCountry":"ES"}},{"@type":"Person","@id":"https:\/\/candas365.es\/noticias\/author\/admin\/#author","url":"https:\/\/candas365.es\/noticias\/author\/admin\/","name":"Cand\u00e1s 365","image":{"@type":"ImageObject","@id":"https:\/\/candas365.es\/noticias\/los-efectos-del-cambio-climatico-en-las-enfermedades-cerebrales\/#authorImage","url":"https:\/\/secure.gravatar.com\/avatar\/496a8e03d0c493ede1718b7934145dbdf8d89be1036b0eec9544e1094c9de390?s=96&d=mm&r=g","width":96,"height":96,"caption":"Cand\u00e1s 365"},"sameAs":["https:\/\/www.facebook.com\/carrenoactualidad","https:\/\/twitter.com\/nbasturias","https:\/\/www.instagram.com\/nachofdezber\/","https:\/\/www.youtube.com\/channel\/UCZP-2wLEB9Rv6erhFmqVnvg"]},{"@type":"WebPage","@id":"https:\/\/candas365.es\/noticias\/los-efectos-del-cambio-climatico-en-las-enfermedades-cerebrales\/#webpage","url":"https:\/\/candas365.es\/noticias\/los-efectos-del-cambio-climatico-en-las-enfermedades-cerebrales\/","name":"Los efectos del cambio clim\u00e1tico en las enfermedades cerebrales | Cand\u00e1s 365","description":"El cambio clim\u00e1tico es una realidad, calentamiento global, efectos sobre los patrones clim\u00e1ticos y los fen\u00f3menos meteorol\u00f3gicos adversos probablemente afecten","inLanguage":"es-ES","isPartOf":{"@id":"https:\/\/candas365.es\/noticias\/#website"},"breadcrumb":{"@id":"https:\/\/candas365.es\/noticias\/los-efectos-del-cambio-climatico-en-las-enfermedades-cerebrales\/#breadcrumblist"},"author":{"@id":"https:\/\/candas365.es\/noticias\/author\/admin\/#author"},"creator":{"@id":"https:\/\/candas365.es\/noticias\/author\/admin\/#author"},"image":{"@type":"ImageObject","url":"https:\/\/candas365.es\/noticias\/wp-content\/uploads\/2024\/05\/cambio-climatico.jpg","@id":"https:\/\/candas365.es\/noticias\/los-efectos-del-cambio-climatico-en-las-enfermedades-cerebrales\/#mainImage","width":640,"height":427,"caption":"cambio clim\u00e1tico"},"primaryImageOfPage":{"@id":"https:\/\/candas365.es\/noticias\/los-efectos-del-cambio-climatico-en-las-enfermedades-cerebrales\/#mainImage"},"datePublished":"2024-05-17T15:33:36+02:00","dateModified":"2024-05-17T15:33:36+02:00"},{"@type":"WebSite","@id":"https:\/\/candas365.es\/noticias\/#website","url":"https:\/\/candas365.es\/noticias\/","name":"Cand\u00e1s 365","alternateName":"Cand\u00e1s 365 Noticias","description":"Actualidad desde Carre\u00f1o para el mundo","inLanguage":"es-ES","publisher":{"@id":"https:\/\/candas365.es\/noticias\/#organization"}}]},"og:locale":"es_ES","og:site_name":"Cand\u00e1s 365","og:type":"article","og:title":"Los efectos del cambio clim\u00e1tico en las enfermedades cerebrales | Cand\u00e1s 365","og:description":"El cambio clim\u00e1tico es una realidad, calentamiento global, efectos sobre los patrones clim\u00e1ticos y los fen\u00f3menos meteorol\u00f3gicos adversos probablemente afecten","og:url":"https:\/\/candas365.es\/noticias\/los-efectos-del-cambio-climatico-en-las-enfermedades-cerebrales\/","og:image":"https:\/\/candas365.es\/noticias\/wp-content\/uploads\/2024\/05\/cambio-climatico.jpg","og:image:secure_url":"https:\/\/candas365.es\/noticias\/wp-content\/uploads\/2024\/05\/cambio-climatico.jpg","og:image:width":640,"og:image:height":427,"article:published_time":"2024-05-17T13:33:36+00:00","article:modified_time":"2024-05-17T13:33:36+00:00","article:publisher":"https:\/\/www.facebook.com\/Nachofdezber","article:author":"https:\/\/www.facebook.com\/carrenoactualidad","twitter:card":"summary_large_image","twitter:site":"@NabercoDigital","twitter:title":"Los efectos del cambio clim\u00e1tico en las enfermedades cerebrales | Cand\u00e1s 365","twitter:description":"El cambio clim\u00e1tico es una realidad, calentamiento global, efectos sobre los patrones clim\u00e1ticos y los fen\u00f3menos meteorol\u00f3gicos adversos probablemente afecten","twitter:creator":"@nbasturias","twitter:image":"https:\/\/candas365.es\/noticias\/wp-content\/uploads\/2024\/05\/cambio-climatico.jpg","twitter:label1":"Escrito por","twitter:data1":"Cand\u00e1s 365","twitter:label2":"Tiempo de lectura estimado","twitter:data2":"2 minutos"},"aioseo_meta_data":{"post_id":"181228","title":null,"description":"El cambio clim\u00e1tico es una realidad, calentamiento global, efectos sobre los patrones clim\u00e1ticos y los fen\u00f3menos meteorol\u00f3gicos adversos probablemente afecten","keywords":null,"keyphrases":{"focus":{"keyphrase":"cambio clim\u00e1tico","score":85,"analysis":{"keyphraseInTitle":{"score":9,"maxScore":9,"error":0},"keyphraseInDescription":{"score":9,"maxScore":9,"error":0},"keyphraseLength":{"score":9,"maxScore":9,"error":0,"length":3},"keyphraseInURL":{"score":1,"maxScore":5,"error":1},"keyphraseInIntroduction":{"score":9,"maxScore":9,"error":0},"keyphraseInSubHeadings":{"score":3,"maxScore":9,"error":1},"keyphraseInImageAlt":{"score":9,"maxScore":9,"error":0},"keywordDensity":{"type":"best","score":9,"maxScore":9,"error":0}}},"additional":[{"keyphrase":"cambio clim\u00e1tico","score":100,"analysis":{"keyphraseInDescription":{"score":9,"maxScore":9,"error":0},"keyphraseLength":{"score":9,"maxScore":9,"error":0,"length":3},"keyphraseInIntroduction":{"score":9,"maxScore":9,"error":0},"keyphraseInImageAlt":{"score":9,"maxScore":9,"error":0},"keywordDensity":{"type":"best","score":9,"maxScore":9,"error":0}}}]},"primary_term":null,"canonical_url":null,"og_title":null,"og_description":null,"og_object_type":"default","og_image_type":"default","og_image_url":null,"og_image_width":null,"og_image_height":null,"og_image_custom_url":null,"og_image_custom_fields":null,"og_video":"","og_custom_url":null,"og_article_section":null,"og_article_tags":null,"twitter_use_og":false,"twitter_card":"default","twitter_image_type":"default","twitter_image_url":null,"twitter_image_custom_url":null,"twitter_image_custom_fields":null,"twitter_title":null,"twitter_description":null,"schema":{"blockGraphs":[],"customGraphs":[],"default":{"data":{"Article":[],"Course":[],"Dataset":[],"FAQPage":[],"Movie":[],"Person":[],"Product":[],"ProductReview":[],"Car":[],"Recipe":[],"Service":[],"SoftwareApplication":[],"WebPage":[]},"graphName":"Article","isEnabled":true},"graphs":[]},"schema_type":"default","schema_type_options":null,"pillar_content":false,"robots_default":true,"robots_noindex":false,"robots_noarchive":false,"robots_nosnippet":false,"robots_nofollow":false,"robots_noimageindex":false,"robots_noodp":false,"robots_notranslate":false,"robots_max_snippet":"-1","robots_max_videopreview":"-1","robots_max_imagepreview":"large","priority":null,"frequency":"default","location":null,"local_seo":null,"seo_analyzer_scan_date":"2025-09-02 10:33:57","breadcrumb_settings":null,"limit_modified_date":false,"reviewed_by":null,"open_ai":"{\"title\":{\"suggestions\":[],\"usage\":0},\"description\":{\"suggestions\":[],\"usage\":0}}","ai":null,"created":"2024-05-17 13:26:41","updated":"2025-09-02 10:33:57"},"aioseo_breadcrumb":"<div class=\"aioseo-breadcrumbs\"><span class=\"aioseo-breadcrumb\">\n\t<a href=\"https:\/\/candas365.es\/noticias\" title=\"Home\">Home<\/a>\n<\/span><span class=\"aioseo-breadcrumb-separator\">&ndash;<\/span><span class=\"aioseo-breadcrumb\">\n\t<a href=\"https:\/\/candas365.es\/noticias\/category\/salud\/\" title=\"Salud\">Salud<\/a>\n<\/span><span class=\"aioseo-breadcrumb-separator\">&ndash;<\/span><span class=\"aioseo-breadcrumb\">\n\tLos efectos del cambio clim\u00e1tico en las enfermedades cerebrales\n<\/span><\/div>","aioseo_breadcrumb_json":[{"label":"Home","link":"https:\/\/candas365.es\/noticias"},{"label":"Salud","link":"https:\/\/candas365.es\/noticias\/category\/salud\/"},{"label":"Los efectos del cambio clim\u00e1tico en las enfermedades cerebrales","link":"https:\/\/candas365.es\/noticias\/los-efectos-del-cambio-climatico-en-las-enfermedades-cerebrales\/"}],"_links":{"self":[{"href":"https:\/\/candas365.es\/noticias\/wp-json\/wp\/v2\/posts\/181228","targetHints":{"allow":["GET"]}}],"collection":[{"href":"https:\/\/candas365.es\/noticias\/wp-json\/wp\/v2\/posts"}],"about":[{"href":"https:\/\/candas365.es\/noticias\/wp-json\/wp\/v2\/types\/post"}],"author":[{"embeddable":true,"href":"https:\/\/candas365.es\/noticias\/wp-json\/wp\/v2\/users\/1"}],"replies":[{"embeddable":true,"href":"https:\/\/candas365.es\/noticias\/wp-json\/wp\/v2\/comments?post=181228"}],"version-history":[{"count":0,"href":"https:\/\/candas365.es\/noticias\/wp-json\/wp\/v2\/posts\/181228\/revisions"}],"wp:featuredmedia":[{"embeddable":true,"href":"https:\/\/candas365.es\/noticias\/wp-json\/wp\/v2\/media\/181229"}],"wp:attachment":[{"href":"https:\/\/candas365.es\/noticias\/wp-json\/wp\/v2\/media?parent=181228"}],"wp:term":[{"taxonomy":"category","embeddable":true,"href":"https:\/\/candas365.es\/noticias\/wp-json\/wp\/v2\/categories?post=181228"},{"taxonomy":"post_tag","embeddable":true,"href":"https:\/\/candas365.es\/noticias\/wp-json\/wp\/v2\/tags?post=181228"}],"curies":[{"name":"wp","href":"https:\/\/api.w.org\/{rel}","templated":true}]}}