{"id":181149,"date":"2024-05-16T04:39:57","date_gmt":"2024-05-16T02:39:57","guid":{"rendered":"https:\/\/candas365.es\/noticias\/?p=181149"},"modified":"2024-05-16T04:39:57","modified_gmt":"2024-05-16T02:39:57","slug":"desarticulada-una-organizacion-que-traficaba-con-marihuana-entre-espana-y-europa","status":"publish","type":"post","link":"https:\/\/candas365.es\/noticias\/desarticulada-una-organizacion-que-traficaba-con-marihuana-entre-espana-y-europa\/","title":{"rendered":"Desarticulada una organizaci\u00f3n que traficaba con marihuana entre Espa\u00f1a y Europa"},"content":{"rendered":"<p>Agentes de la Polic\u00eda Nacional, en una <strong>operaci\u00f3n conjunta<\/strong> con polic\u00edas de Finlandia, Polonia y Europol, <strong>han desarticulado una <a href=\"https:\/\/candas365.es\/noticias\/category\/sucesos\/\"><span style=\"color: #ff6600;\">organizaci\u00f3n crimina<\/span><\/a><span style=\"color: #ff6600;\">l<\/span> radicada en Barcelona que traficaba con marihuana entre Espa\u00f1a y Europa.<\/strong><\/p>\n<figure id=\"attachment_181150\" aria-describedby=\"caption-attachment-181150\" style=\"width: 650px\" class=\"wp-caption aligncenter\"><img fetchpriority=\"high\" decoding=\"async\" class=\"size-large wp-image-181150\" src=\"https:\/\/candas365.es\/noticias\/wp-content\/uploads\/2024\/05\/Desarticulada-una-organizacion-que-traficaba-con-marihuana-650x349.jpg\" alt=\"Desarticulada una organizaci\u00f3n que traficaba con marihuana \" width=\"650\" height=\"349\" srcset=\"https:\/\/candas365.es\/noticias\/wp-content\/uploads\/2024\/05\/Desarticulada-una-organizacion-que-traficaba-con-marihuana-650x349.jpg 650w, https:\/\/candas365.es\/noticias\/wp-content\/uploads\/2024\/05\/Desarticulada-una-organizacion-que-traficaba-con-marihuana-360x193.jpg 360w, https:\/\/candas365.es\/noticias\/wp-content\/uploads\/2024\/05\/Desarticulada-una-organizacion-que-traficaba-con-marihuana-768x412.jpg 768w, https:\/\/candas365.es\/noticias\/wp-content\/uploads\/2024\/05\/Desarticulada-una-organizacion-que-traficaba-con-marihuana-150x80.jpg 150w, https:\/\/candas365.es\/noticias\/wp-content\/uploads\/2024\/05\/Desarticulada-una-organizacion-que-traficaba-con-marihuana-450x241.jpg 450w, https:\/\/candas365.es\/noticias\/wp-content\/uploads\/2024\/05\/Desarticulada-una-organizacion-que-traficaba-con-marihuana.jpg 1113w\" sizes=\"(max-width: 650px) 100vw, 650px\" \/><figcaption id=\"caption-attachment-181150\" class=\"wp-caption-text\">Traslado de uno de los detenidos en la operaci\u00f3n | Imagen de la Polic\u00eda<\/figcaption><\/figure>\n<p>Seg\u00fan inform\u00f3 el Ministerio del Interior,<strong> han sido detenidas 54 personas, de nacionalidad espa\u00f1ola, que ejerc\u00edan de mayoristas de droga para organizaciones extranjeras y blanqueaban los beneficios obtenidos por dicha actividad criminal, principalmente a trav\u00e9s de inversiones inmobiliarias.<\/strong><\/p>\n<p>Los miembros del grupo contactaban con organizaciones criminales extranjeras a las que prove\u00edan de sustancia estupefaciente para su venta en sus pa\u00edses, dirigiendo sus actividades desde Espa\u00f1a.<\/p>\n<p>Se han realizado 18 registros en las provincias de Barcelona, Girona, Tarragona y Granada, en los que se han intervenido 34.000 euros en efectivo y 3.000 euros en criptoactivos, adem\u00e1s de 600 kilos de marihuana envasada y miles de plantas en distintas fases de crecimiento, cinco armas de fuego y pistolas el\u00e9ctricas. <strong>La violencia empleada por la organizaci\u00f3n en sus actividades determin\u00f3 la colaboraci\u00f3n de agentes especializados para llevar a cabo las detenciones.<\/strong><\/p>\n<h2>\u201cLAZOS DE SANGRE\u201d<\/h2>\n<p>El grupo segu\u00eda los par\u00e1metros del llamado \u2018clan-based crime\u2019 de Europol, estructuras criminales organizadas por lazos de sangre que aseguran la lealtad de sus miembros y dificultan la intervenci\u00f3n policial por su relaci\u00f3n familiar.<\/p>\n<p>Esta organizaci\u00f3n manten\u00eda una estructura en forma de clan, con una estricta jerarqu\u00eda, que la dotaba de gran eficacia e impermeabilidad a la acci\u00f3n policial. <strong>El l\u00edder era el encargado de cerrar las operaciones de venta de droga a organizaciones extranjeras, impartiendo instrucciones al resto del grupo.<\/strong><\/p>\n<p>Uno de sus lugartenientes era el responsable de la producci\u00f3n de droga en las zonas de Girona y Granada, radicadas en el extrarradio o de n\u00facleos urbanos, de dif\u00edcil acceso policial por su conflictividad social. Otro de los miembros, apodado \u2018el demonio\u2019, que hab\u00eda llegado a cumplir prisi\u00f3n por asesinato en 2007, era el encargado de las acciones violentas del grupo, impartir disciplina y de los \u2018vuelcos\u2019 a otros o robos a otros traficantes, en los que se utilizaban armas de fuego.<\/p>\n<p>Durante la explotaci\u00f3n operativa se cont\u00f3 con presencia de miembros del CBSP de Polonia, as\u00ed como de la Polic\u00eda de Finlandia y de la Unidad Nacional de Europol, debido al car\u00e1cter transnacional de la misma y la importancia de la investigaci\u00f3n.<\/p>\n<p>(<a href=\"https:\/\/www.servimedia.es\/\" target=\"_blank\" rel=\"noopener\"><span style=\"color: #ff6600;\"><strong>SERVIMEDIA<\/strong><\/span><\/a>)<\/p>\n","protected":false},"excerpt":{"rendered":"<p>Agentes de la Polic\u00eda Nacional, en una operaci\u00f3n conjunta con polic\u00edas de Finlandia, Polonia y Europol, han desarticulado una organizaci\u00f3n criminal radicada en Barcelona que traficaba con marihuana entre Espa\u00f1a y Europa. Seg\u00fan inform\u00f3 el Ministerio del Interior, han sido detenidas 54 personas, de nacionalidad espa\u00f1ola, que ejerc\u00edan de mayoristas de droga para organizaciones extranjeras<\/p>\n","protected":false},"author":1,"featured_media":181150,"comment_status":"closed","ping_status":"closed","sticky":false,"template":"","format":"standard","meta":{"footnotes":""},"categories":[487],"tags":[391],"class_list":{"0":"post-181149","1":"post","2":"type-post","3":"status-publish","4":"format-standard","5":"has-post-thumbnail","7":"category-sucesos","8":"tag-sucesos"},"aioseo_notices":[],"aioseo_head":"\n\t\t<!-- All in One SEO Pro 4.9.6.2 - aioseo.com -->\n\t<meta name=\"description\" content=\"Agentes de la Polic\u00eda Nacional, en una operaci\u00f3n conjunta con polic\u00edas de Finlandia, Polonia y Europol, han desarticulado una organizaci\u00f3n criminal radicada\" \/>\n\t<meta name=\"robots\" content=\"max-image-preview:large\" \/>\n\t<meta name=\"author\" content=\"Cand\u00e1s 365\"\/>\n\t<meta name=\"google-site-verification\" content=\"UA-32230408-1\" \/>\n\t<meta name=\"msvalidate.01\" content=\"354F3CDFB2DA171B47FBE9ABF1F88D5\" \/>\n\t<meta name=\"keywords\" content=\"sucesos\" \/>\n\t<link rel=\"canonical\" href=\"https:\/\/candas365.es\/noticias\/desarticulada-una-organizacion-que-traficaba-con-marihuana-entre-espana-y-europa\/\" \/>\n\t<meta name=\"generator\" content=\"All in One SEO Pro (AIOSEO) 4.9.6.2\" \/>\n\t\t<meta property=\"og:locale\" content=\"es_ES\" \/>\n\t\t<meta property=\"og:site_name\" content=\"Cand\u00e1s 365\" \/>\n\t\t<meta property=\"og:type\" content=\"article\" \/>\n\t\t<meta property=\"og:title\" content=\"Desarticulada una organizaci\u00f3n que traficaba con marihuana entre Espa\u00f1a y Europa | Cand\u00e1s 365\" \/>\n\t\t<meta property=\"og:description\" content=\"Agentes de la Polic\u00eda Nacional, en una operaci\u00f3n conjunta con polic\u00edas de Finlandia, Polonia y Europol, han desarticulado una organizaci\u00f3n criminal radicada\" \/>\n\t\t<meta property=\"og:url\" content=\"https:\/\/candas365.es\/noticias\/desarticulada-una-organizacion-que-traficaba-con-marihuana-entre-espana-y-europa\/\" \/>\n\t\t<meta property=\"og:image\" content=\"https:\/\/candas365.es\/noticias\/wp-content\/uploads\/2024\/05\/Desarticulada-una-organizacion-que-traficaba-con-marihuana.jpg\" \/>\n\t\t<meta property=\"og:image:secure_url\" content=\"https:\/\/candas365.es\/noticias\/wp-content\/uploads\/2024\/05\/Desarticulada-una-organizacion-que-traficaba-con-marihuana.jpg\" \/>\n\t\t<meta property=\"og:image:width\" content=\"1113\" \/>\n\t\t<meta property=\"og:image:height\" content=\"597\" \/>\n\t\t<meta property=\"article:published_time\" content=\"2024-05-16T02:39:57+00:00\" \/>\n\t\t<meta property=\"article:modified_time\" content=\"2024-05-16T02:39:57+00:00\" \/>\n\t\t<meta property=\"article:publisher\" content=\"https:\/\/www.facebook.com\/Nachofdezber\" \/>\n\t\t<meta property=\"article:author\" content=\"https:\/\/www.facebook.com\/carrenoactualidad\" \/>\n\t\t<meta name=\"twitter:card\" content=\"summary_large_image\" \/>\n\t\t<meta name=\"twitter:site\" content=\"@NabercoDigital\" \/>\n\t\t<meta name=\"twitter:title\" content=\"Desarticulada una organizaci\u00f3n que traficaba con marihuana entre Espa\u00f1a y Europa | Cand\u00e1s 365\" \/>\n\t\t<meta name=\"twitter:description\" content=\"Agentes de la Polic\u00eda Nacional, en una operaci\u00f3n conjunta con polic\u00edas de Finlandia, Polonia y Europol, han desarticulado una organizaci\u00f3n criminal radicada\" \/>\n\t\t<meta name=\"twitter:creator\" content=\"@nbasturias\" \/>\n\t\t<meta name=\"twitter:image\" content=\"https:\/\/candas365.es\/noticias\/wp-content\/uploads\/2024\/05\/Desarticulada-una-organizacion-que-traficaba-con-marihuana.jpg\" \/>\n\t\t<meta name=\"twitter:label1\" content=\"Escrito por\" \/>\n\t\t<meta name=\"twitter:data1\" content=\"Cand\u00e1s 365\" \/>\n\t\t<meta name=\"twitter:label2\" content=\"Tiempo de lectura estimado\" \/>\n\t\t<meta name=\"twitter:data2\" content=\"2 minutos\" \/>\n\t\t<script type=\"application\/ld+json\" class=\"aioseo-schema\">\n\t\t\t{\"@context\":\"https:\\\/\\\/schema.org\",\"@graph\":[{\"@type\":\"BreadcrumbList\",\"@id\":\"https:\\\/\\\/candas365.es\\\/noticias\\\/desarticulada-una-organizacion-que-traficaba-con-marihuana-entre-espana-y-europa\\\/#breadcrumblist\",\"itemListElement\":[{\"@type\":\"ListItem\",\"@id\":\"https:\\\/\\\/candas365.es\\\/noticias#listItem\",\"position\":1,\"name\":\"Home\",\"item\":\"https:\\\/\\\/candas365.es\\\/noticias\",\"nextItem\":{\"@type\":\"ListItem\",\"@id\":\"https:\\\/\\\/candas365.es\\\/noticias\\\/category\\\/sucesos\\\/#listItem\",\"name\":\"Sucesos\"}},{\"@type\":\"ListItem\",\"@id\":\"https:\\\/\\\/candas365.es\\\/noticias\\\/category\\\/sucesos\\\/#listItem\",\"position\":2,\"name\":\"Sucesos\",\"item\":\"https:\\\/\\\/candas365.es\\\/noticias\\\/category\\\/sucesos\\\/\",\"nextItem\":{\"@type\":\"ListItem\",\"@id\":\"https:\\\/\\\/candas365.es\\\/noticias\\\/desarticulada-una-organizacion-que-traficaba-con-marihuana-entre-espana-y-europa\\\/#listItem\",\"name\":\"Desarticulada una organizaci\\u00f3n que traficaba con marihuana entre Espa\\u00f1a y Europa\"},\"previousItem\":{\"@type\":\"ListItem\",\"@id\":\"https:\\\/\\\/candas365.es\\\/noticias#listItem\",\"name\":\"Home\"}},{\"@type\":\"ListItem\",\"@id\":\"https:\\\/\\\/candas365.es\\\/noticias\\\/desarticulada-una-organizacion-que-traficaba-con-marihuana-entre-espana-y-europa\\\/#listItem\",\"position\":3,\"name\":\"Desarticulada una organizaci\\u00f3n que traficaba con marihuana entre Espa\\u00f1a y Europa\",\"previousItem\":{\"@type\":\"ListItem\",\"@id\":\"https:\\\/\\\/candas365.es\\\/noticias\\\/category\\\/sucesos\\\/#listItem\",\"name\":\"Sucesos\"}}]},{\"@type\":\"NewsArticle\",\"@id\":\"https:\\\/\\\/candas365.es\\\/noticias\\\/desarticulada-una-organizacion-que-traficaba-con-marihuana-entre-espana-y-europa\\\/#newsarticle\",\"name\":\"Desarticulada una organizaci\\u00f3n que traficaba con marihuana entre Espa\\u00f1a y Europa | Cand\\u00e1s 365\",\"headline\":\"Desarticulada una organizaci\\u00f3n que traficaba con marihuana entre Espa\\u00f1a y Europa\",\"author\":{\"@id\":\"https:\\\/\\\/candas365.es\\\/noticias\\\/author\\\/admin\\\/#author\"},\"publisher\":{\"@id\":\"https:\\\/\\\/candas365.es\\\/noticias\\\/#organization\"},\"image\":{\"@type\":\"ImageObject\",\"url\":\"https:\\\/\\\/candas365.es\\\/noticias\\\/wp-content\\\/uploads\\\/2024\\\/05\\\/Desarticulada-una-organizacion-que-traficaba-con-marihuana.jpg\",\"width\":1113,\"height\":597,\"caption\":\"Traslado de uno de los detenidos en la operaci\\u00f3n | Imagen de la Polic\\u00eda\"},\"datePublished\":\"2024-05-16T04:39:57+02:00\",\"dateModified\":\"2024-05-16T04:39:57+02:00\",\"inLanguage\":\"es-ES\",\"mainEntityOfPage\":{\"@id\":\"https:\\\/\\\/candas365.es\\\/noticias\\\/desarticulada-una-organizacion-que-traficaba-con-marihuana-entre-espana-y-europa\\\/#webpage\"},\"isPartOf\":{\"@id\":\"https:\\\/\\\/candas365.es\\\/noticias\\\/desarticulada-una-organizacion-que-traficaba-con-marihuana-entre-espana-y-europa\\\/#webpage\"},\"articleSection\":\"Sucesos, sucesos\",\"dateline\":\"Publicado el mayo 16, 2024.\"},{\"@type\":\"Organization\",\"@id\":\"https:\\\/\\\/candas365.es\\\/noticias\\\/#organization\",\"name\":\"Cand\\u00e1s 365\",\"description\":\"Cand\\u00e1s 365 es un diario digital independiente, fundado en 2012, con base en Asturias. Informamos con rigor sobre actualidad, sociedad, cultura y ocio, con una mirada local y global.\",\"url\":\"https:\\\/\\\/candas365.es\\\/noticias\\\/\",\"email\":\"info@candas365.es\",\"telephone\":\"+34652131393\",\"foundingDate\":\"2012-06-10\",\"logo\":{\"@type\":\"ImageObject\",\"url\":\"https:\\\/\\\/candas365.es\\\/noticias\\\/wp-content\\\/uploads\\\/2024\\\/09\\\/Candas-365-Redes.jpg\",\"@id\":\"https:\\\/\\\/candas365.es\\\/noticias\\\/desarticulada-una-organizacion-que-traficaba-con-marihuana-entre-espana-y-europa\\\/#organizationLogo\",\"width\":1152,\"height\":864,\"caption\":\"Cand\\u00e1s 365 Redes\"},\"image\":{\"@id\":\"https:\\\/\\\/candas365.es\\\/noticias\\\/desarticulada-una-organizacion-que-traficaba-con-marihuana-entre-espana-y-europa\\\/#organizationLogo\"},\"sameAs\":[\"https:\\\/\\\/www.facebook.com\\\/Nachofdezber\",\"https:\\\/\\\/x.com\\\/NabercoDigital\",\"https:\\\/\\\/www.instagram.com\\\/nachofdezber\\\/\",\"https:\\\/\\\/www.youtube.com\\\/channel\\\/UCZP-2wLEB9Rv6erhFmqVnvg\"],\"address\":{\"@id\":\"https:\\\/\\\/candas365.es\\\/noticias\\\/#postaladdress\",\"@type\":\"PostalAddress\",\"streetAddress\":\"san antonio 4, san antonio 4\",\"postalCode\":\"33430\",\"addressLocality\":\"Cand\\u00e1s\",\"addressRegion\":\"Asturias\",\"addressCountry\":\"ES\"}},{\"@type\":\"Person\",\"@id\":\"https:\\\/\\\/candas365.es\\\/noticias\\\/author\\\/admin\\\/#author\",\"url\":\"https:\\\/\\\/candas365.es\\\/noticias\\\/author\\\/admin\\\/\",\"name\":\"Cand\\u00e1s 365\",\"image\":{\"@type\":\"ImageObject\",\"@id\":\"https:\\\/\\\/candas365.es\\\/noticias\\\/desarticulada-una-organizacion-que-traficaba-con-marihuana-entre-espana-y-europa\\\/#authorImage\",\"url\":\"https:\\\/\\\/secure.gravatar.com\\\/avatar\\\/496a8e03d0c493ede1718b7934145dbdf8d89be1036b0eec9544e1094c9de390?s=96&d=mm&r=g\",\"width\":96,\"height\":96,\"caption\":\"Cand\\u00e1s 365\"},\"sameAs\":[\"https:\\\/\\\/www.facebook.com\\\/carrenoactualidad\",\"https:\\\/\\\/twitter.com\\\/nbasturias\",\"https:\\\/\\\/www.instagram.com\\\/nachofdezber\\\/\",\"https:\\\/\\\/www.youtube.com\\\/channel\\\/UCZP-2wLEB9Rv6erhFmqVnvg\"]},{\"@type\":\"WebPage\",\"@id\":\"https:\\\/\\\/candas365.es\\\/noticias\\\/desarticulada-una-organizacion-que-traficaba-con-marihuana-entre-espana-y-europa\\\/#webpage\",\"url\":\"https:\\\/\\\/candas365.es\\\/noticias\\\/desarticulada-una-organizacion-que-traficaba-con-marihuana-entre-espana-y-europa\\\/\",\"name\":\"Desarticulada una organizaci\\u00f3n que traficaba con marihuana entre Espa\\u00f1a y Europa | Cand\\u00e1s 365\",\"description\":\"Agentes de la Polic\\u00eda Nacional, en una operaci\\u00f3n conjunta con polic\\u00edas de Finlandia, Polonia y Europol, han desarticulado una organizaci\\u00f3n criminal radicada\",\"inLanguage\":\"es-ES\",\"isPartOf\":{\"@id\":\"https:\\\/\\\/candas365.es\\\/noticias\\\/#website\"},\"breadcrumb\":{\"@id\":\"https:\\\/\\\/candas365.es\\\/noticias\\\/desarticulada-una-organizacion-que-traficaba-con-marihuana-entre-espana-y-europa\\\/#breadcrumblist\"},\"author\":{\"@id\":\"https:\\\/\\\/candas365.es\\\/noticias\\\/author\\\/admin\\\/#author\"},\"creator\":{\"@id\":\"https:\\\/\\\/candas365.es\\\/noticias\\\/author\\\/admin\\\/#author\"},\"image\":{\"@type\":\"ImageObject\",\"url\":\"https:\\\/\\\/candas365.es\\\/noticias\\\/wp-content\\\/uploads\\\/2024\\\/05\\\/Desarticulada-una-organizacion-que-traficaba-con-marihuana.jpg\",\"@id\":\"https:\\\/\\\/candas365.es\\\/noticias\\\/desarticulada-una-organizacion-que-traficaba-con-marihuana-entre-espana-y-europa\\\/#mainImage\",\"width\":1113,\"height\":597,\"caption\":\"Traslado de uno de los detenidos en la operaci\\u00f3n | Imagen de la Polic\\u00eda\"},\"primaryImageOfPage\":{\"@id\":\"https:\\\/\\\/candas365.es\\\/noticias\\\/desarticulada-una-organizacion-que-traficaba-con-marihuana-entre-espana-y-europa\\\/#mainImage\"},\"datePublished\":\"2024-05-16T04:39:57+02:00\",\"dateModified\":\"2024-05-16T04:39:57+02:00\"},{\"@type\":\"WebSite\",\"@id\":\"https:\\\/\\\/candas365.es\\\/noticias\\\/#website\",\"url\":\"https:\\\/\\\/candas365.es\\\/noticias\\\/\",\"name\":\"Cand\\u00e1s 365\",\"alternateName\":\"Cand\\u00e1s 365 Noticias\",\"description\":\"Actualidad desde Carre\\u00f1o para el mundo\",\"inLanguage\":\"es-ES\",\"publisher\":{\"@id\":\"https:\\\/\\\/candas365.es\\\/noticias\\\/#organization\"}}]}\n\t\t<\/script>\n\t\t<!-- All in One SEO Pro -->\r\n\t\t<title>Desarticulada una organizaci\u00f3n que traficaba con marihuana entre Espa\u00f1a y Europa | Cand\u00e1s 365<\/title>\n\n","aioseo_head_json":{"title":"Desarticulada una organizaci\u00f3n que traficaba con marihuana entre Espa\u00f1a y Europa | Cand\u00e1s 365","description":"Agentes de la Polic\u00eda Nacional, en una operaci\u00f3n conjunta con polic\u00edas de Finlandia, Polonia y Europol, han desarticulado una organizaci\u00f3n criminal radicada","canonical_url":"https:\/\/candas365.es\/noticias\/desarticulada-una-organizacion-que-traficaba-con-marihuana-entre-espana-y-europa\/","robots":"max-image-preview:large","keywords":"sucesos","webmasterTools":{"google-site-verification":"UA-32230408-1","msvalidate.01":"354F3CDFB2DA171B47FBE9ABF1F88D5","miscellaneous":""},"schema":{"@context":"https:\/\/schema.org","@graph":[{"@type":"BreadcrumbList","@id":"https:\/\/candas365.es\/noticias\/desarticulada-una-organizacion-que-traficaba-con-marihuana-entre-espana-y-europa\/#breadcrumblist","itemListElement":[{"@type":"ListItem","@id":"https:\/\/candas365.es\/noticias#listItem","position":1,"name":"Home","item":"https:\/\/candas365.es\/noticias","nextItem":{"@type":"ListItem","@id":"https:\/\/candas365.es\/noticias\/category\/sucesos\/#listItem","name":"Sucesos"}},{"@type":"ListItem","@id":"https:\/\/candas365.es\/noticias\/category\/sucesos\/#listItem","position":2,"name":"Sucesos","item":"https:\/\/candas365.es\/noticias\/category\/sucesos\/","nextItem":{"@type":"ListItem","@id":"https:\/\/candas365.es\/noticias\/desarticulada-una-organizacion-que-traficaba-con-marihuana-entre-espana-y-europa\/#listItem","name":"Desarticulada una organizaci\u00f3n que traficaba con marihuana entre Espa\u00f1a y Europa"},"previousItem":{"@type":"ListItem","@id":"https:\/\/candas365.es\/noticias#listItem","name":"Home"}},{"@type":"ListItem","@id":"https:\/\/candas365.es\/noticias\/desarticulada-una-organizacion-que-traficaba-con-marihuana-entre-espana-y-europa\/#listItem","position":3,"name":"Desarticulada una organizaci\u00f3n que traficaba con marihuana entre Espa\u00f1a y Europa","previousItem":{"@type":"ListItem","@id":"https:\/\/candas365.es\/noticias\/category\/sucesos\/#listItem","name":"Sucesos"}}]},{"@type":"NewsArticle","@id":"https:\/\/candas365.es\/noticias\/desarticulada-una-organizacion-que-traficaba-con-marihuana-entre-espana-y-europa\/#newsarticle","name":"Desarticulada una organizaci\u00f3n que traficaba con marihuana entre Espa\u00f1a y Europa | Cand\u00e1s 365","headline":"Desarticulada una organizaci\u00f3n que traficaba con marihuana entre Espa\u00f1a y Europa","author":{"@id":"https:\/\/candas365.es\/noticias\/author\/admin\/#author"},"publisher":{"@id":"https:\/\/candas365.es\/noticias\/#organization"},"image":{"@type":"ImageObject","url":"https:\/\/candas365.es\/noticias\/wp-content\/uploads\/2024\/05\/Desarticulada-una-organizacion-que-traficaba-con-marihuana.jpg","width":1113,"height":597,"caption":"Traslado de uno de los detenidos en la operaci\u00f3n | Imagen de la Polic\u00eda"},"datePublished":"2024-05-16T04:39:57+02:00","dateModified":"2024-05-16T04:39:57+02:00","inLanguage":"es-ES","mainEntityOfPage":{"@id":"https:\/\/candas365.es\/noticias\/desarticulada-una-organizacion-que-traficaba-con-marihuana-entre-espana-y-europa\/#webpage"},"isPartOf":{"@id":"https:\/\/candas365.es\/noticias\/desarticulada-una-organizacion-que-traficaba-con-marihuana-entre-espana-y-europa\/#webpage"},"articleSection":"Sucesos, sucesos","dateline":"Publicado el mayo 16, 2024."},{"@type":"Organization","@id":"https:\/\/candas365.es\/noticias\/#organization","name":"Cand\u00e1s 365","description":"Cand\u00e1s 365 es un diario digital independiente, fundado en 2012, con base en Asturias. Informamos con rigor sobre actualidad, sociedad, cultura y ocio, con una mirada local y global.","url":"https:\/\/candas365.es\/noticias\/","email":"info@candas365.es","telephone":"+34652131393","foundingDate":"2012-06-10","logo":{"@type":"ImageObject","url":"https:\/\/candas365.es\/noticias\/wp-content\/uploads\/2024\/09\/Candas-365-Redes.jpg","@id":"https:\/\/candas365.es\/noticias\/desarticulada-una-organizacion-que-traficaba-con-marihuana-entre-espana-y-europa\/#organizationLogo","width":1152,"height":864,"caption":"Cand\u00e1s 365 Redes"},"image":{"@id":"https:\/\/candas365.es\/noticias\/desarticulada-una-organizacion-que-traficaba-con-marihuana-entre-espana-y-europa\/#organizationLogo"},"sameAs":["https:\/\/www.facebook.com\/Nachofdezber","https:\/\/x.com\/NabercoDigital","https:\/\/www.instagram.com\/nachofdezber\/","https:\/\/www.youtube.com\/channel\/UCZP-2wLEB9Rv6erhFmqVnvg"],"address":{"@id":"https:\/\/candas365.es\/noticias\/#postaladdress","@type":"PostalAddress","streetAddress":"san antonio 4, san antonio 4","postalCode":"33430","addressLocality":"Cand\u00e1s","addressRegion":"Asturias","addressCountry":"ES"}},{"@type":"Person","@id":"https:\/\/candas365.es\/noticias\/author\/admin\/#author","url":"https:\/\/candas365.es\/noticias\/author\/admin\/","name":"Cand\u00e1s 365","image":{"@type":"ImageObject","@id":"https:\/\/candas365.es\/noticias\/desarticulada-una-organizacion-que-traficaba-con-marihuana-entre-espana-y-europa\/#authorImage","url":"https:\/\/secure.gravatar.com\/avatar\/496a8e03d0c493ede1718b7934145dbdf8d89be1036b0eec9544e1094c9de390?s=96&d=mm&r=g","width":96,"height":96,"caption":"Cand\u00e1s 365"},"sameAs":["https:\/\/www.facebook.com\/carrenoactualidad","https:\/\/twitter.com\/nbasturias","https:\/\/www.instagram.com\/nachofdezber\/","https:\/\/www.youtube.com\/channel\/UCZP-2wLEB9Rv6erhFmqVnvg"]},{"@type":"WebPage","@id":"https:\/\/candas365.es\/noticias\/desarticulada-una-organizacion-que-traficaba-con-marihuana-entre-espana-y-europa\/#webpage","url":"https:\/\/candas365.es\/noticias\/desarticulada-una-organizacion-que-traficaba-con-marihuana-entre-espana-y-europa\/","name":"Desarticulada una organizaci\u00f3n que traficaba con marihuana entre Espa\u00f1a y Europa | Cand\u00e1s 365","description":"Agentes de la Polic\u00eda Nacional, en una operaci\u00f3n conjunta con polic\u00edas de Finlandia, Polonia y Europol, han desarticulado una organizaci\u00f3n criminal radicada","inLanguage":"es-ES","isPartOf":{"@id":"https:\/\/candas365.es\/noticias\/#website"},"breadcrumb":{"@id":"https:\/\/candas365.es\/noticias\/desarticulada-una-organizacion-que-traficaba-con-marihuana-entre-espana-y-europa\/#breadcrumblist"},"author":{"@id":"https:\/\/candas365.es\/noticias\/author\/admin\/#author"},"creator":{"@id":"https:\/\/candas365.es\/noticias\/author\/admin\/#author"},"image":{"@type":"ImageObject","url":"https:\/\/candas365.es\/noticias\/wp-content\/uploads\/2024\/05\/Desarticulada-una-organizacion-que-traficaba-con-marihuana.jpg","@id":"https:\/\/candas365.es\/noticias\/desarticulada-una-organizacion-que-traficaba-con-marihuana-entre-espana-y-europa\/#mainImage","width":1113,"height":597,"caption":"Traslado de uno de los detenidos en la operaci\u00f3n | Imagen de la Polic\u00eda"},"primaryImageOfPage":{"@id":"https:\/\/candas365.es\/noticias\/desarticulada-una-organizacion-que-traficaba-con-marihuana-entre-espana-y-europa\/#mainImage"},"datePublished":"2024-05-16T04:39:57+02:00","dateModified":"2024-05-16T04:39:57+02:00"},{"@type":"WebSite","@id":"https:\/\/candas365.es\/noticias\/#website","url":"https:\/\/candas365.es\/noticias\/","name":"Cand\u00e1s 365","alternateName":"Cand\u00e1s 365 Noticias","description":"Actualidad desde Carre\u00f1o para el mundo","inLanguage":"es-ES","publisher":{"@id":"https:\/\/candas365.es\/noticias\/#organization"}}]},"og:locale":"es_ES","og:site_name":"Cand\u00e1s 365","og:type":"article","og:title":"Desarticulada una organizaci\u00f3n que traficaba con marihuana entre Espa\u00f1a y Europa | Cand\u00e1s 365","og:description":"Agentes de la Polic\u00eda Nacional, en una operaci\u00f3n conjunta con polic\u00edas de Finlandia, Polonia y Europol, han desarticulado una organizaci\u00f3n criminal radicada","og:url":"https:\/\/candas365.es\/noticias\/desarticulada-una-organizacion-que-traficaba-con-marihuana-entre-espana-y-europa\/","og:image":"https:\/\/candas365.es\/noticias\/wp-content\/uploads\/2024\/05\/Desarticulada-una-organizacion-que-traficaba-con-marihuana.jpg","og:image:secure_url":"https:\/\/candas365.es\/noticias\/wp-content\/uploads\/2024\/05\/Desarticulada-una-organizacion-que-traficaba-con-marihuana.jpg","og:image:width":1113,"og:image:height":597,"article:published_time":"2024-05-16T02:39:57+00:00","article:modified_time":"2024-05-16T02:39:57+00:00","article:publisher":"https:\/\/www.facebook.com\/Nachofdezber","article:author":"https:\/\/www.facebook.com\/carrenoactualidad","twitter:card":"summary_large_image","twitter:site":"@NabercoDigital","twitter:title":"Desarticulada una organizaci\u00f3n que traficaba con marihuana entre Espa\u00f1a y Europa | Cand\u00e1s 365","twitter:description":"Agentes de la Polic\u00eda Nacional, en una operaci\u00f3n conjunta con polic\u00edas de Finlandia, Polonia y Europol, han desarticulado una organizaci\u00f3n criminal radicada","twitter:creator":"@nbasturias","twitter:image":"https:\/\/candas365.es\/noticias\/wp-content\/uploads\/2024\/05\/Desarticulada-una-organizacion-que-traficaba-con-marihuana.jpg","twitter:label1":"Escrito por","twitter:data1":"Cand\u00e1s 365","twitter:label2":"Tiempo de lectura estimado","twitter:data2":"2 minutos"},"aioseo_meta_data":{"post_id":"181149","title":null,"description":"Agentes de la Polic\u00eda Nacional, en una operaci\u00f3n conjunta con polic\u00edas de Finlandia, Polonia y Europol, han desarticulado una organizaci\u00f3n criminal radicada","keywords":null,"keyphrases":{"focus":{"keyphrase":"organizaci\u00f3n","score":85,"analysis":{"keyphraseInTitle":{"score":9,"maxScore":9,"error":0},"keyphraseInDescription":{"score":9,"maxScore":9,"error":0},"keyphraseLength":{"score":9,"maxScore":9,"error":0,"length":2},"keyphraseInURL":{"score":1,"maxScore":5,"error":1},"keyphraseInIntroduction":{"score":9,"maxScore":9,"error":0},"keyphraseInSubHeadings":{"score":3,"maxScore":9,"error":1},"keyphraseInImageAlt":{"score":9,"maxScore":9,"error":0},"keywordDensity":{"type":"best","score":9,"maxScore":9,"error":0}}},"additional":[{"keyphrase":"organizaci\u00f3n criminal","score":80,"analysis":{"keyphraseInDescription":{"score":9,"maxScore":9,"error":0},"keyphraseLength":{"score":9,"maxScore":9,"error":0,"length":3},"keyphraseInIntroduction":{"score":9,"maxScore":9,"error":0},"keyphraseInImageAlt":{"score":9,"maxScore":9,"error":0},"keywordDensity":{"score":0,"type":"low","maxScore":9,"error":1}}}]},"primary_term":null,"canonical_url":null,"og_title":null,"og_description":null,"og_object_type":"default","og_image_type":"default","og_image_url":null,"og_image_width":null,"og_image_height":null,"og_image_custom_url":null,"og_image_custom_fields":null,"og_video":"","og_custom_url":null,"og_article_section":null,"og_article_tags":null,"twitter_use_og":false,"twitter_card":"default","twitter_image_type":"default","twitter_image_url":null,"twitter_image_custom_url":null,"twitter_image_custom_fields":null,"twitter_title":null,"twitter_description":null,"schema":{"blockGraphs":[],"customGraphs":[],"default":{"data":{"Article":[],"Course":[],"Dataset":[],"FAQPage":[],"Movie":[],"Person":[],"Product":[],"ProductReview":[],"Car":[],"Recipe":[],"Service":[],"SoftwareApplication":[],"WebPage":[]},"graphName":"Article","isEnabled":true},"graphs":[]},"schema_type":"default","schema_type_options":null,"pillar_content":false,"robots_default":true,"robots_noindex":false,"robots_noarchive":false,"robots_nosnippet":false,"robots_nofollow":false,"robots_noimageindex":false,"robots_noodp":false,"robots_notranslate":false,"robots_max_snippet":"-1","robots_max_videopreview":"-1","robots_max_imagepreview":"large","priority":null,"frequency":"default","location":null,"local_seo":null,"seo_analyzer_scan_date":"2025-09-02 10:22:03","breadcrumb_settings":null,"limit_modified_date":false,"reviewed_by":null,"open_ai":"{\"title\":{\"suggestions\":[],\"usage\":0},\"description\":{\"suggestions\":[],\"usage\":0}}","ai":null,"created":"2024-05-16 02:34:08","updated":"2025-09-02 10:22:03"},"aioseo_breadcrumb":"<div class=\"aioseo-breadcrumbs\"><span class=\"aioseo-breadcrumb\">\n\t<a href=\"https:\/\/candas365.es\/noticias\" title=\"Home\">Home<\/a>\n<\/span><span class=\"aioseo-breadcrumb-separator\">&ndash;<\/span><span class=\"aioseo-breadcrumb\">\n\t<a href=\"https:\/\/candas365.es\/noticias\/category\/sucesos\/\" title=\"Sucesos\">Sucesos<\/a>\n<\/span><span class=\"aioseo-breadcrumb-separator\">&ndash;<\/span><span class=\"aioseo-breadcrumb\">\n\tDesarticulada una organizaci\u00f3n que traficaba con marihuana entre Espa\u00f1a y Europa\n<\/span><\/div>","aioseo_breadcrumb_json":[{"label":"Home","link":"https:\/\/candas365.es\/noticias"},{"label":"Sucesos","link":"https:\/\/candas365.es\/noticias\/category\/sucesos\/"},{"label":"Desarticulada una organizaci\u00f3n que traficaba con marihuana entre Espa\u00f1a y Europa","link":"https:\/\/candas365.es\/noticias\/desarticulada-una-organizacion-que-traficaba-con-marihuana-entre-espana-y-europa\/"}],"_links":{"self":[{"href":"https:\/\/candas365.es\/noticias\/wp-json\/wp\/v2\/posts\/181149","targetHints":{"allow":["GET"]}}],"collection":[{"href":"https:\/\/candas365.es\/noticias\/wp-json\/wp\/v2\/posts"}],"about":[{"href":"https:\/\/candas365.es\/noticias\/wp-json\/wp\/v2\/types\/post"}],"author":[{"embeddable":true,"href":"https:\/\/candas365.es\/noticias\/wp-json\/wp\/v2\/users\/1"}],"replies":[{"embeddable":true,"href":"https:\/\/candas365.es\/noticias\/wp-json\/wp\/v2\/comments?post=181149"}],"version-history":[{"count":0,"href":"https:\/\/candas365.es\/noticias\/wp-json\/wp\/v2\/posts\/181149\/revisions"}],"wp:featuredmedia":[{"embeddable":true,"href":"https:\/\/candas365.es\/noticias\/wp-json\/wp\/v2\/media\/181150"}],"wp:attachment":[{"href":"https:\/\/candas365.es\/noticias\/wp-json\/wp\/v2\/media?parent=181149"}],"wp:term":[{"taxonomy":"category","embeddable":true,"href":"https:\/\/candas365.es\/noticias\/wp-json\/wp\/v2\/categories?post=181149"},{"taxonomy":"post_tag","embeddable":true,"href":"https:\/\/candas365.es\/noticias\/wp-json\/wp\/v2\/tags?post=181149"}],"curies":[{"name":"wp","href":"https:\/\/api.w.org\/{rel}","templated":true}]}}