{"id":181117,"date":"2024-05-15T22:06:59","date_gmt":"2024-05-15T20:06:59","guid":{"rendered":"https:\/\/candas365.es\/noticias\/?p=181117"},"modified":"2024-05-15T22:06:59","modified_gmt":"2024-05-15T20:06:59","slug":"servimedia-recibe-la-medalla-de-madrid-por-su-impagable-labor","status":"publish","type":"post","link":"https:\/\/candas365.es\/noticias\/servimedia-recibe-la-medalla-de-madrid-por-su-impagable-labor\/","title":{"rendered":"Servimedia recibe la Medalla de Madrid por su \u00abimpagable labor\u00bb"},"content":{"rendered":"<p>La agencia de noticias <strong>Servimedia recibi\u00f3 este mi\u00e9rcoles, d\u00eda de <a href=\"https:\/\/candas365.es\/noticias\/san-isidro-2024-las-peticiones-de-almeida-al-patron-de-madrid\/\"><span style=\"color: #ff6600;\">San Isidro<\/span><\/a>, la Medalla de Madrid de manos del alcalde Jos\u00e9 Luis Mart\u00ednez-Almeida<\/strong>, por su \u00abimpagable labor\u00bb al \u201cgarantizar el derecho a la informaci\u00f3n con alt\u00edsimos est\u00e1ndares informativos\u201d y \u201cproteger los derechos de las personas con discapacidad, trabajando por su plena inclusi\u00f3n social\u00bb.<\/p>\n<figure id=\"attachment_181118\" aria-describedby=\"caption-attachment-181118\" style=\"width: 650px\" class=\"wp-caption aligncenter\"><img fetchpriority=\"high\" decoding=\"async\" class=\"size-large wp-image-181118\" src=\"https:\/\/candas365.es\/noticias\/wp-content\/uploads\/2024\/05\/Servimedia-recibe-la-Medalla-de-Madrid-650x392.jpg\" alt=\"Servimedia recibe la Medalla de Madrid\" width=\"650\" height=\"392\" srcset=\"https:\/\/candas365.es\/noticias\/wp-content\/uploads\/2024\/05\/Servimedia-recibe-la-Medalla-de-Madrid-650x392.jpg 650w, https:\/\/candas365.es\/noticias\/wp-content\/uploads\/2024\/05\/Servimedia-recibe-la-Medalla-de-Madrid-360x217.jpg 360w, https:\/\/candas365.es\/noticias\/wp-content\/uploads\/2024\/05\/Servimedia-recibe-la-Medalla-de-Madrid-768x464.jpg 768w, https:\/\/candas365.es\/noticias\/wp-content\/uploads\/2024\/05\/Servimedia-recibe-la-Medalla-de-Madrid-150x91.jpg 150w, https:\/\/candas365.es\/noticias\/wp-content\/uploads\/2024\/05\/Servimedia-recibe-la-Medalla-de-Madrid-450x272.jpg 450w, https:\/\/candas365.es\/noticias\/wp-content\/uploads\/2024\/05\/Servimedia-recibe-la-Medalla-de-Madrid.jpg 1019w\" sizes=\"(max-width: 650px) 100vw, 650px\" \/><figcaption id=\"caption-attachment-181118\" class=\"wp-caption-text\">Entrega de la medalla a la representaci\u00f3n del equipo Servimedia | Fotod de Jorge Villa<\/figcaption><\/figure>\n<p>As\u00ed lo destac\u00f3 <strong>Almeida durante el acto de entrega de estos reconocimientos, ahondando en la valiosa labor de esta agencia de noticias.<\/strong><\/p>\n<p>Los premios se entregaron en una ceremonia en la galer\u00eda de cristal del Palacio de Cibeles con m\u00e1s de 700 invitados. <strong>El galard\u00f3n para la agencia lo recogieron el presidente de Servimedia, Fernando Ria\u00f1o, y los redactores Daniel del Sol y Ana G\u00f3mez, en representaci\u00f3n de todo el equipo.<\/strong><\/p>\n<h2>35 ANIVERSARIO<\/h2>\n<p>A la agencia le correspondi\u00f3 la Medalla de Madrid, que es el segundo galard\u00f3n m\u00e1s importante despu\u00e9s de la Medalla de Honor.<\/p>\n<p>La decisi\u00f3n anunciada por la Junta de Gobierno en marzo se justific\u00f3 en \u201csu protecci\u00f3n de los derechos de las personas con discapacidad\u201d y por \u201csu esfuerzo en su inclusi\u00f3n social y laboral\u201d. <strong>El premio, adem\u00e1s, est\u00e1 enmarcado en el 35 aniversario de la agencia que se celebra a lo largo de este a\u00f1o.<\/strong><\/p>\n<p>Asimismo, estos reconocimientos se entregan por \u00abhaber destacado notoriamente por sus m\u00e9ritos personales y\/o profesionales, la defensa de los valores c\u00edvicos o por haber prestado servicios a la ciudad y la ciudadan\u00eda de Madrid\u00bb a quienes lo reciben.<\/p>\n<p>En la ceremonia tambi\u00e9n se entregaron las Medallas de Honor de Madrid a la Comunidad Jud\u00eda de Madrid, al Rayo Vallecano y la historiadora Carmen Iglesias. En el mismo acto, se distingui\u00f3 al escritor Luis Mateo D\u00edez como hijo adoptivo de la ciudad.<\/p>\n<h2>OTROS PREMIADOS<\/h2>\n<p>Adem\u00e1s de a Servimedia, el alcalde otorg\u00f3 la medalla de la ciudad a otras entidades como la Asociaci\u00f3n Espa\u00f1ola de Esclerosis Lateral Amiotr\u00f3fica \u00abpor sus m\u00e1s de 30 a\u00f1os trabajando por mejorar la calidad de vida de las personas afectadas por la ELA u otras enfermedades de la motoneurona\u201d.<\/p>\n<p>A estas dos instituciones se suman la Polic\u00eda Nacional con motivo de su 200 aniversario, adem\u00e1s de la Polic\u00eda Municipal y la Guardia Civil, \u201cpor su labor como garantes de la seguridad de los madrile\u00f1os, entre otros m\u00e9ritos\u201d.<\/p>\n<p>Telef\u00f3nica tambi\u00e9n fue reconocida con una Medalla de Madrid en el a\u00f1o de su centenario \u201cpor su labor social y cultural, por estar a la vanguardia de los avances tecnol\u00f3gicos y por su estrecha relaci\u00f3n con Madrid\u201d.<\/p>\n<p>Por otro lado, el Ayuntamiento reconoci\u00f3 con la misma distinci\u00f3n, por sus logros y trayectorias en sus respectivos campos, a la empresaria y chef Cristina Oria (Madrid, 1983), al grupo de pop rock Hombres G, la Fundaci\u00f3n Toro de Lidia y a la Asociaci\u00f3n de Cocineros y Reposteros de la Comunidad de Madrid.<\/p>\n<p>La <strong>agencia de noticias Servimedia<\/strong> distribuye anualmente m\u00e1s de 48.000 teletipos desde los principales n\u00facleos de la actualidad nacional. Su enfoque en el Tercer Sector y, especialmente, en el mundo de la discapacidad, con su peri\u00f3dico &#8216;Discamedia&#8217;, hacen que se haya convertido en l\u00edder en informaci\u00f3n social.<\/p>\n<p>Servimedia, adem\u00e1s, cuenta con un equipo en el que el 60% de las personas tiene alguna discapacidad, lo que hace que sea un medio \u00fanico en el mundo.<\/p>\n<p>(<a href=\"https:\/\/www.servimedia.es\/\" target=\"_blank\" rel=\"noopener\"><span style=\"color: #ff6600;\"><strong>SERVIMEDIA<\/strong><\/span><\/a>)<\/p>\n","protected":false},"excerpt":{"rendered":"<p>La agencia de noticias Servimedia recibi\u00f3 este mi\u00e9rcoles, d\u00eda de San Isidro, la Medalla de Madrid de manos del alcalde Jos\u00e9 Luis Mart\u00ednez-Almeida, por su \u00abimpagable labor\u00bb al \u201cgarantizar el derecho a la informaci\u00f3n con alt\u00edsimos est\u00e1ndares informativos\u201d y \u201cproteger los derechos de las personas con discapacidad, trabajando por su plena inclusi\u00f3n social\u00bb. As\u00ed lo<\/p>\n","protected":false},"author":1,"featured_media":181118,"comment_status":"closed","ping_status":"closed","sticky":false,"template":"","format":"standard","meta":{"footnotes":""},"categories":[343],"tags":[479,408],"class_list":{"0":"post-181117","1":"post","2":"type-post","3":"status-publish","4":"format-standard","5":"has-post-thumbnail","7":"category-actualidad","8":"tag-medios","9":"tag-sociedad"},"aioseo_notices":[],"aioseo_head":"\n\t\t<!-- All in One SEO Pro 4.9.6.2 - aioseo.com -->\n\t<meta name=\"description\" content=\"La agencia de noticias Servimedia recibi\u00f3 este mi\u00e9rcoles, d\u00eda de San Isidro, la Medalla de Madrid de manos del alcalde Jos\u00e9 Luis Mart\u00ednez-Almeida\" \/>\n\t<meta name=\"robots\" content=\"max-image-preview:large\" \/>\n\t<meta name=\"author\" content=\"Cand\u00e1s 365\"\/>\n\t<meta name=\"google-site-verification\" content=\"UA-32230408-1\" \/>\n\t<meta name=\"msvalidate.01\" content=\"354F3CDFB2DA171B47FBE9ABF1F88D5\" \/>\n\t<meta name=\"keywords\" content=\"actualidad\" \/>\n\t<link rel=\"canonical\" href=\"https:\/\/candas365.es\/noticias\/servimedia-recibe-la-medalla-de-madrid-por-su-impagable-labor\/\" \/>\n\t<meta name=\"generator\" content=\"All in One SEO Pro (AIOSEO) 4.9.6.2\" \/>\n\t\t<meta property=\"og:locale\" content=\"es_ES\" \/>\n\t\t<meta property=\"og:site_name\" content=\"Cand\u00e1s 365\" \/>\n\t\t<meta property=\"og:type\" content=\"article\" \/>\n\t\t<meta property=\"og:title\" content=\"Servimedia recibe la Medalla de Madrid por su \u00abimpagable labor\u00bb | Cand\u00e1s 365\" \/>\n\t\t<meta property=\"og:description\" content=\"La agencia de noticias Servimedia recibi\u00f3 este mi\u00e9rcoles, d\u00eda de San Isidro, la Medalla de Madrid de manos del alcalde Jos\u00e9 Luis Mart\u00ednez-Almeida\" \/>\n\t\t<meta property=\"og:url\" content=\"https:\/\/candas365.es\/noticias\/servimedia-recibe-la-medalla-de-madrid-por-su-impagable-labor\/\" \/>\n\t\t<meta property=\"og:image\" content=\"https:\/\/candas365.es\/noticias\/wp-content\/uploads\/2024\/05\/Servimedia-recibe-la-Medalla-de-Madrid.jpg\" \/>\n\t\t<meta property=\"og:image:secure_url\" content=\"https:\/\/candas365.es\/noticias\/wp-content\/uploads\/2024\/05\/Servimedia-recibe-la-Medalla-de-Madrid.jpg\" \/>\n\t\t<meta property=\"og:image:width\" content=\"1019\" \/>\n\t\t<meta property=\"og:image:height\" content=\"615\" \/>\n\t\t<meta property=\"article:published_time\" content=\"2024-05-15T20:06:59+00:00\" \/>\n\t\t<meta property=\"article:modified_time\" content=\"2024-05-15T20:06:59+00:00\" \/>\n\t\t<meta property=\"article:publisher\" content=\"https:\/\/www.facebook.com\/Nachofdezber\" \/>\n\t\t<meta property=\"article:author\" content=\"https:\/\/www.facebook.com\/carrenoactualidad\" \/>\n\t\t<meta name=\"twitter:card\" content=\"summary_large_image\" \/>\n\t\t<meta name=\"twitter:site\" content=\"@NabercoDigital\" \/>\n\t\t<meta name=\"twitter:title\" content=\"Servimedia recibe la Medalla de Madrid por su \u00abimpagable labor\u00bb | Cand\u00e1s 365\" \/>\n\t\t<meta name=\"twitter:description\" content=\"La agencia de noticias Servimedia recibi\u00f3 este mi\u00e9rcoles, d\u00eda de San Isidro, la Medalla de Madrid de manos del alcalde Jos\u00e9 Luis Mart\u00ednez-Almeida\" \/>\n\t\t<meta name=\"twitter:creator\" content=\"@nbasturias\" \/>\n\t\t<meta name=\"twitter:image\" content=\"https:\/\/candas365.es\/noticias\/wp-content\/uploads\/2024\/05\/Servimedia-recibe-la-Medalla-de-Madrid.jpg\" \/>\n\t\t<meta name=\"twitter:label1\" content=\"Escrito por\" \/>\n\t\t<meta name=\"twitter:data1\" content=\"Cand\u00e1s 365\" \/>\n\t\t<meta name=\"twitter:label2\" content=\"Tiempo de lectura estimado\" \/>\n\t\t<meta name=\"twitter:data2\" content=\"3 minutos\" \/>\n\t\t<script type=\"application\/ld+json\" class=\"aioseo-schema\">\n\t\t\t{\"@context\":\"https:\\\/\\\/schema.org\",\"@graph\":[{\"@type\":\"BreadcrumbList\",\"@id\":\"https:\\\/\\\/candas365.es\\\/noticias\\\/servimedia-recibe-la-medalla-de-madrid-por-su-impagable-labor\\\/#breadcrumblist\",\"itemListElement\":[{\"@type\":\"ListItem\",\"@id\":\"https:\\\/\\\/candas365.es\\\/noticias#listItem\",\"position\":1,\"name\":\"Home\",\"item\":\"https:\\\/\\\/candas365.es\\\/noticias\",\"nextItem\":{\"@type\":\"ListItem\",\"@id\":\"https:\\\/\\\/candas365.es\\\/noticias\\\/category\\\/actualidad\\\/#listItem\",\"name\":\"Actualidad\"}},{\"@type\":\"ListItem\",\"@id\":\"https:\\\/\\\/candas365.es\\\/noticias\\\/category\\\/actualidad\\\/#listItem\",\"position\":2,\"name\":\"Actualidad\",\"item\":\"https:\\\/\\\/candas365.es\\\/noticias\\\/category\\\/actualidad\\\/\",\"nextItem\":{\"@type\":\"ListItem\",\"@id\":\"https:\\\/\\\/candas365.es\\\/noticias\\\/servimedia-recibe-la-medalla-de-madrid-por-su-impagable-labor\\\/#listItem\",\"name\":\"Servimedia recibe la Medalla de Madrid por su \\u00abimpagable labor\\u00bb\"},\"previousItem\":{\"@type\":\"ListItem\",\"@id\":\"https:\\\/\\\/candas365.es\\\/noticias#listItem\",\"name\":\"Home\"}},{\"@type\":\"ListItem\",\"@id\":\"https:\\\/\\\/candas365.es\\\/noticias\\\/servimedia-recibe-la-medalla-de-madrid-por-su-impagable-labor\\\/#listItem\",\"position\":3,\"name\":\"Servimedia recibe la Medalla de Madrid por su \\u00abimpagable labor\\u00bb\",\"previousItem\":{\"@type\":\"ListItem\",\"@id\":\"https:\\\/\\\/candas365.es\\\/noticias\\\/category\\\/actualidad\\\/#listItem\",\"name\":\"Actualidad\"}}]},{\"@type\":\"NewsArticle\",\"@id\":\"https:\\\/\\\/candas365.es\\\/noticias\\\/servimedia-recibe-la-medalla-de-madrid-por-su-impagable-labor\\\/#newsarticle\",\"name\":\"Servimedia recibe la Medalla de Madrid por su \\u00abimpagable labor\\u00bb | Cand\\u00e1s 365\",\"headline\":\"Servimedia recibe la Medalla de Madrid por su \\u00abimpagable labor\\u00bb\",\"author\":{\"@id\":\"https:\\\/\\\/candas365.es\\\/noticias\\\/author\\\/admin\\\/#author\"},\"publisher\":{\"@id\":\"https:\\\/\\\/candas365.es\\\/noticias\\\/#organization\"},\"image\":{\"@type\":\"ImageObject\",\"url\":\"https:\\\/\\\/candas365.es\\\/noticias\\\/wp-content\\\/uploads\\\/2024\\\/05\\\/Servimedia-recibe-la-Medalla-de-Madrid.jpg\",\"width\":1019,\"height\":615,\"caption\":\"Entrega de la medalla a la representaci\\u00f3n del equipo Servimedia | Fotod de Jorge Villa\"},\"datePublished\":\"2024-05-15T22:06:59+02:00\",\"dateModified\":\"2024-05-15T22:06:59+02:00\",\"inLanguage\":\"es-ES\",\"mainEntityOfPage\":{\"@id\":\"https:\\\/\\\/candas365.es\\\/noticias\\\/servimedia-recibe-la-medalla-de-madrid-por-su-impagable-labor\\\/#webpage\"},\"isPartOf\":{\"@id\":\"https:\\\/\\\/candas365.es\\\/noticias\\\/servimedia-recibe-la-medalla-de-madrid-por-su-impagable-labor\\\/#webpage\"},\"articleSection\":\"Actualidad, medios, sociedad\",\"dateline\":\"Publicado el mayo 15, 2024.\"},{\"@type\":\"Organization\",\"@id\":\"https:\\\/\\\/candas365.es\\\/noticias\\\/#organization\",\"name\":\"Cand\\u00e1s 365\",\"description\":\"Cand\\u00e1s 365 es un diario digital independiente, fundado en 2012, con base en Asturias. Informamos con rigor sobre actualidad, sociedad, cultura y ocio, con una mirada local y global.\",\"url\":\"https:\\\/\\\/candas365.es\\\/noticias\\\/\",\"email\":\"info@candas365.es\",\"telephone\":\"+34652131393\",\"foundingDate\":\"2012-06-10\",\"logo\":{\"@type\":\"ImageObject\",\"url\":\"https:\\\/\\\/candas365.es\\\/noticias\\\/wp-content\\\/uploads\\\/2024\\\/09\\\/Candas-365-Redes.jpg\",\"@id\":\"https:\\\/\\\/candas365.es\\\/noticias\\\/servimedia-recibe-la-medalla-de-madrid-por-su-impagable-labor\\\/#organizationLogo\",\"width\":1152,\"height\":864,\"caption\":\"Cand\\u00e1s 365 Redes\"},\"image\":{\"@id\":\"https:\\\/\\\/candas365.es\\\/noticias\\\/servimedia-recibe-la-medalla-de-madrid-por-su-impagable-labor\\\/#organizationLogo\"},\"sameAs\":[\"https:\\\/\\\/www.facebook.com\\\/Nachofdezber\",\"https:\\\/\\\/x.com\\\/NabercoDigital\",\"https:\\\/\\\/www.instagram.com\\\/nachofdezber\\\/\",\"https:\\\/\\\/www.youtube.com\\\/channel\\\/UCZP-2wLEB9Rv6erhFmqVnvg\"],\"address\":{\"@id\":\"https:\\\/\\\/candas365.es\\\/noticias\\\/#postaladdress\",\"@type\":\"PostalAddress\",\"streetAddress\":\"san antonio 4, san antonio 4\",\"postalCode\":\"33430\",\"addressLocality\":\"Cand\\u00e1s\",\"addressRegion\":\"Asturias\",\"addressCountry\":\"ES\"}},{\"@type\":\"Person\",\"@id\":\"https:\\\/\\\/candas365.es\\\/noticias\\\/author\\\/admin\\\/#author\",\"url\":\"https:\\\/\\\/candas365.es\\\/noticias\\\/author\\\/admin\\\/\",\"name\":\"Cand\\u00e1s 365\",\"image\":{\"@type\":\"ImageObject\",\"@id\":\"https:\\\/\\\/candas365.es\\\/noticias\\\/servimedia-recibe-la-medalla-de-madrid-por-su-impagable-labor\\\/#authorImage\",\"url\":\"https:\\\/\\\/secure.gravatar.com\\\/avatar\\\/496a8e03d0c493ede1718b7934145dbdf8d89be1036b0eec9544e1094c9de390?s=96&d=mm&r=g\",\"width\":96,\"height\":96,\"caption\":\"Cand\\u00e1s 365\"},\"sameAs\":[\"https:\\\/\\\/www.facebook.com\\\/carrenoactualidad\",\"https:\\\/\\\/twitter.com\\\/nbasturias\",\"https:\\\/\\\/www.instagram.com\\\/nachofdezber\\\/\",\"https:\\\/\\\/www.youtube.com\\\/channel\\\/UCZP-2wLEB9Rv6erhFmqVnvg\"]},{\"@type\":\"WebPage\",\"@id\":\"https:\\\/\\\/candas365.es\\\/noticias\\\/servimedia-recibe-la-medalla-de-madrid-por-su-impagable-labor\\\/#webpage\",\"url\":\"https:\\\/\\\/candas365.es\\\/noticias\\\/servimedia-recibe-la-medalla-de-madrid-por-su-impagable-labor\\\/\",\"name\":\"Servimedia recibe la Medalla de Madrid por su \\u00abimpagable labor\\u00bb | Cand\\u00e1s 365\",\"description\":\"La agencia de noticias Servimedia recibi\\u00f3 este mi\\u00e9rcoles, d\\u00eda de San Isidro, la Medalla de Madrid de manos del alcalde Jos\\u00e9 Luis Mart\\u00ednez-Almeida\",\"inLanguage\":\"es-ES\",\"isPartOf\":{\"@id\":\"https:\\\/\\\/candas365.es\\\/noticias\\\/#website\"},\"breadcrumb\":{\"@id\":\"https:\\\/\\\/candas365.es\\\/noticias\\\/servimedia-recibe-la-medalla-de-madrid-por-su-impagable-labor\\\/#breadcrumblist\"},\"author\":{\"@id\":\"https:\\\/\\\/candas365.es\\\/noticias\\\/author\\\/admin\\\/#author\"},\"creator\":{\"@id\":\"https:\\\/\\\/candas365.es\\\/noticias\\\/author\\\/admin\\\/#author\"},\"image\":{\"@type\":\"ImageObject\",\"url\":\"https:\\\/\\\/candas365.es\\\/noticias\\\/wp-content\\\/uploads\\\/2024\\\/05\\\/Servimedia-recibe-la-Medalla-de-Madrid.jpg\",\"@id\":\"https:\\\/\\\/candas365.es\\\/noticias\\\/servimedia-recibe-la-medalla-de-madrid-por-su-impagable-labor\\\/#mainImage\",\"width\":1019,\"height\":615,\"caption\":\"Entrega de la medalla a la representaci\\u00f3n del equipo Servimedia | Fotod de Jorge Villa\"},\"primaryImageOfPage\":{\"@id\":\"https:\\\/\\\/candas365.es\\\/noticias\\\/servimedia-recibe-la-medalla-de-madrid-por-su-impagable-labor\\\/#mainImage\"},\"datePublished\":\"2024-05-15T22:06:59+02:00\",\"dateModified\":\"2024-05-15T22:06:59+02:00\"},{\"@type\":\"WebSite\",\"@id\":\"https:\\\/\\\/candas365.es\\\/noticias\\\/#website\",\"url\":\"https:\\\/\\\/candas365.es\\\/noticias\\\/\",\"name\":\"Cand\\u00e1s 365\",\"alternateName\":\"Cand\\u00e1s 365 Noticias\",\"description\":\"Actualidad desde Carre\\u00f1o para el mundo\",\"inLanguage\":\"es-ES\",\"publisher\":{\"@id\":\"https:\\\/\\\/candas365.es\\\/noticias\\\/#organization\"}}]}\n\t\t<\/script>\n\t\t<!-- All in One SEO Pro -->\r\n\t\t<title>Servimedia recibe la Medalla de Madrid por su \u00abimpagable labor\u00bb | Cand\u00e1s 365<\/title>\n\n","aioseo_head_json":{"title":"Servimedia recibe la Medalla de Madrid por su \u00abimpagable labor\u00bb | Cand\u00e1s 365","description":"La agencia de noticias Servimedia recibi\u00f3 este mi\u00e9rcoles, d\u00eda de San Isidro, la Medalla de Madrid de manos del alcalde Jos\u00e9 Luis Mart\u00ednez-Almeida","canonical_url":"https:\/\/candas365.es\/noticias\/servimedia-recibe-la-medalla-de-madrid-por-su-impagable-labor\/","robots":"max-image-preview:large","keywords":"actualidad","webmasterTools":{"google-site-verification":"UA-32230408-1","msvalidate.01":"354F3CDFB2DA171B47FBE9ABF1F88D5","miscellaneous":""},"schema":{"@context":"https:\/\/schema.org","@graph":[{"@type":"BreadcrumbList","@id":"https:\/\/candas365.es\/noticias\/servimedia-recibe-la-medalla-de-madrid-por-su-impagable-labor\/#breadcrumblist","itemListElement":[{"@type":"ListItem","@id":"https:\/\/candas365.es\/noticias#listItem","position":1,"name":"Home","item":"https:\/\/candas365.es\/noticias","nextItem":{"@type":"ListItem","@id":"https:\/\/candas365.es\/noticias\/category\/actualidad\/#listItem","name":"Actualidad"}},{"@type":"ListItem","@id":"https:\/\/candas365.es\/noticias\/category\/actualidad\/#listItem","position":2,"name":"Actualidad","item":"https:\/\/candas365.es\/noticias\/category\/actualidad\/","nextItem":{"@type":"ListItem","@id":"https:\/\/candas365.es\/noticias\/servimedia-recibe-la-medalla-de-madrid-por-su-impagable-labor\/#listItem","name":"Servimedia recibe la Medalla de Madrid por su \u00abimpagable labor\u00bb"},"previousItem":{"@type":"ListItem","@id":"https:\/\/candas365.es\/noticias#listItem","name":"Home"}},{"@type":"ListItem","@id":"https:\/\/candas365.es\/noticias\/servimedia-recibe-la-medalla-de-madrid-por-su-impagable-labor\/#listItem","position":3,"name":"Servimedia recibe la Medalla de Madrid por su \u00abimpagable labor\u00bb","previousItem":{"@type":"ListItem","@id":"https:\/\/candas365.es\/noticias\/category\/actualidad\/#listItem","name":"Actualidad"}}]},{"@type":"NewsArticle","@id":"https:\/\/candas365.es\/noticias\/servimedia-recibe-la-medalla-de-madrid-por-su-impagable-labor\/#newsarticle","name":"Servimedia recibe la Medalla de Madrid por su \u00abimpagable labor\u00bb | Cand\u00e1s 365","headline":"Servimedia recibe la Medalla de Madrid por su \u00abimpagable labor\u00bb","author":{"@id":"https:\/\/candas365.es\/noticias\/author\/admin\/#author"},"publisher":{"@id":"https:\/\/candas365.es\/noticias\/#organization"},"image":{"@type":"ImageObject","url":"https:\/\/candas365.es\/noticias\/wp-content\/uploads\/2024\/05\/Servimedia-recibe-la-Medalla-de-Madrid.jpg","width":1019,"height":615,"caption":"Entrega de la medalla a la representaci\u00f3n del equipo Servimedia | Fotod de Jorge Villa"},"datePublished":"2024-05-15T22:06:59+02:00","dateModified":"2024-05-15T22:06:59+02:00","inLanguage":"es-ES","mainEntityOfPage":{"@id":"https:\/\/candas365.es\/noticias\/servimedia-recibe-la-medalla-de-madrid-por-su-impagable-labor\/#webpage"},"isPartOf":{"@id":"https:\/\/candas365.es\/noticias\/servimedia-recibe-la-medalla-de-madrid-por-su-impagable-labor\/#webpage"},"articleSection":"Actualidad, medios, sociedad","dateline":"Publicado el mayo 15, 2024."},{"@type":"Organization","@id":"https:\/\/candas365.es\/noticias\/#organization","name":"Cand\u00e1s 365","description":"Cand\u00e1s 365 es un diario digital independiente, fundado en 2012, con base en Asturias. Informamos con rigor sobre actualidad, sociedad, cultura y ocio, con una mirada local y global.","url":"https:\/\/candas365.es\/noticias\/","email":"info@candas365.es","telephone":"+34652131393","foundingDate":"2012-06-10","logo":{"@type":"ImageObject","url":"https:\/\/candas365.es\/noticias\/wp-content\/uploads\/2024\/09\/Candas-365-Redes.jpg","@id":"https:\/\/candas365.es\/noticias\/servimedia-recibe-la-medalla-de-madrid-por-su-impagable-labor\/#organizationLogo","width":1152,"height":864,"caption":"Cand\u00e1s 365 Redes"},"image":{"@id":"https:\/\/candas365.es\/noticias\/servimedia-recibe-la-medalla-de-madrid-por-su-impagable-labor\/#organizationLogo"},"sameAs":["https:\/\/www.facebook.com\/Nachofdezber","https:\/\/x.com\/NabercoDigital","https:\/\/www.instagram.com\/nachofdezber\/","https:\/\/www.youtube.com\/channel\/UCZP-2wLEB9Rv6erhFmqVnvg"],"address":{"@id":"https:\/\/candas365.es\/noticias\/#postaladdress","@type":"PostalAddress","streetAddress":"san antonio 4, san antonio 4","postalCode":"33430","addressLocality":"Cand\u00e1s","addressRegion":"Asturias","addressCountry":"ES"}},{"@type":"Person","@id":"https:\/\/candas365.es\/noticias\/author\/admin\/#author","url":"https:\/\/candas365.es\/noticias\/author\/admin\/","name":"Cand\u00e1s 365","image":{"@type":"ImageObject","@id":"https:\/\/candas365.es\/noticias\/servimedia-recibe-la-medalla-de-madrid-por-su-impagable-labor\/#authorImage","url":"https:\/\/secure.gravatar.com\/avatar\/496a8e03d0c493ede1718b7934145dbdf8d89be1036b0eec9544e1094c9de390?s=96&d=mm&r=g","width":96,"height":96,"caption":"Cand\u00e1s 365"},"sameAs":["https:\/\/www.facebook.com\/carrenoactualidad","https:\/\/twitter.com\/nbasturias","https:\/\/www.instagram.com\/nachofdezber\/","https:\/\/www.youtube.com\/channel\/UCZP-2wLEB9Rv6erhFmqVnvg"]},{"@type":"WebPage","@id":"https:\/\/candas365.es\/noticias\/servimedia-recibe-la-medalla-de-madrid-por-su-impagable-labor\/#webpage","url":"https:\/\/candas365.es\/noticias\/servimedia-recibe-la-medalla-de-madrid-por-su-impagable-labor\/","name":"Servimedia recibe la Medalla de Madrid por su \u00abimpagable labor\u00bb | Cand\u00e1s 365","description":"La agencia de noticias Servimedia recibi\u00f3 este mi\u00e9rcoles, d\u00eda de San Isidro, la Medalla de Madrid de manos del alcalde Jos\u00e9 Luis Mart\u00ednez-Almeida","inLanguage":"es-ES","isPartOf":{"@id":"https:\/\/candas365.es\/noticias\/#website"},"breadcrumb":{"@id":"https:\/\/candas365.es\/noticias\/servimedia-recibe-la-medalla-de-madrid-por-su-impagable-labor\/#breadcrumblist"},"author":{"@id":"https:\/\/candas365.es\/noticias\/author\/admin\/#author"},"creator":{"@id":"https:\/\/candas365.es\/noticias\/author\/admin\/#author"},"image":{"@type":"ImageObject","url":"https:\/\/candas365.es\/noticias\/wp-content\/uploads\/2024\/05\/Servimedia-recibe-la-Medalla-de-Madrid.jpg","@id":"https:\/\/candas365.es\/noticias\/servimedia-recibe-la-medalla-de-madrid-por-su-impagable-labor\/#mainImage","width":1019,"height":615,"caption":"Entrega de la medalla a la representaci\u00f3n del equipo Servimedia | Fotod de Jorge Villa"},"primaryImageOfPage":{"@id":"https:\/\/candas365.es\/noticias\/servimedia-recibe-la-medalla-de-madrid-por-su-impagable-labor\/#mainImage"},"datePublished":"2024-05-15T22:06:59+02:00","dateModified":"2024-05-15T22:06:59+02:00"},{"@type":"WebSite","@id":"https:\/\/candas365.es\/noticias\/#website","url":"https:\/\/candas365.es\/noticias\/","name":"Cand\u00e1s 365","alternateName":"Cand\u00e1s 365 Noticias","description":"Actualidad desde Carre\u00f1o para el mundo","inLanguage":"es-ES","publisher":{"@id":"https:\/\/candas365.es\/noticias\/#organization"}}]},"og:locale":"es_ES","og:site_name":"Cand\u00e1s 365","og:type":"article","og:title":"Servimedia recibe la Medalla de Madrid por su \u00abimpagable labor\u00bb | Cand\u00e1s 365","og:description":"La agencia de noticias Servimedia recibi\u00f3 este mi\u00e9rcoles, d\u00eda de San Isidro, la Medalla de Madrid de manos del alcalde Jos\u00e9 Luis Mart\u00ednez-Almeida","og:url":"https:\/\/candas365.es\/noticias\/servimedia-recibe-la-medalla-de-madrid-por-su-impagable-labor\/","og:image":"https:\/\/candas365.es\/noticias\/wp-content\/uploads\/2024\/05\/Servimedia-recibe-la-Medalla-de-Madrid.jpg","og:image:secure_url":"https:\/\/candas365.es\/noticias\/wp-content\/uploads\/2024\/05\/Servimedia-recibe-la-Medalla-de-Madrid.jpg","og:image:width":1019,"og:image:height":615,"article:published_time":"2024-05-15T20:06:59+00:00","article:modified_time":"2024-05-15T20:06:59+00:00","article:publisher":"https:\/\/www.facebook.com\/Nachofdezber","article:author":"https:\/\/www.facebook.com\/carrenoactualidad","twitter:card":"summary_large_image","twitter:site":"@NabercoDigital","twitter:title":"Servimedia recibe la Medalla de Madrid por su \u00abimpagable labor\u00bb | Cand\u00e1s 365","twitter:description":"La agencia de noticias Servimedia recibi\u00f3 este mi\u00e9rcoles, d\u00eda de San Isidro, la Medalla de Madrid de manos del alcalde Jos\u00e9 Luis Mart\u00ednez-Almeida","twitter:creator":"@nbasturias","twitter:image":"https:\/\/candas365.es\/noticias\/wp-content\/uploads\/2024\/05\/Servimedia-recibe-la-Medalla-de-Madrid.jpg","twitter:label1":"Escrito por","twitter:data1":"Cand\u00e1s 365","twitter:label2":"Tiempo de lectura estimado","twitter:data2":"3 minutos"},"aioseo_meta_data":{"post_id":"181117","title":null,"description":"La agencia de noticias Servimedia recibi\u00f3 este mi\u00e9rcoles, d\u00eda de San Isidro, la Medalla de Madrid de manos del alcalde Jos\u00e9 Luis Mart\u00ednez-Almeida","keywords":null,"keyphrases":{"focus":{"keyphrase":"Servimedia","score":85,"analysis":{"keyphraseInTitle":{"score":9,"maxScore":9,"error":0},"keyphraseInDescription":{"score":9,"maxScore":9,"error":0},"keyphraseLength":{"score":9,"maxScore":9,"error":0,"length":1},"keyphraseInURL":{"score":1,"maxScore":5,"error":1},"keyphraseInIntroduction":{"score":9,"maxScore":9,"error":0},"keyphraseInSubHeadings":{"score":3,"maxScore":9,"error":1},"keyphraseInImageAlt":{"score":9,"maxScore":9,"error":0},"keywordDensity":{"type":"best","score":9,"maxScore":9,"error":0}}},"additional":[{"keyphrase":"Servimedia","score":100,"analysis":{"keyphraseInDescription":{"score":9,"maxScore":9,"error":0},"keyphraseLength":{"score":9,"maxScore":9,"error":0,"length":1},"keyphraseInIntroduction":{"score":9,"maxScore":9,"error":0},"keyphraseInImageAlt":{"score":9,"maxScore":9,"error":0},"keywordDensity":{"type":"best","score":9,"maxScore":9,"error":0}}}]},"primary_term":null,"canonical_url":null,"og_title":null,"og_description":null,"og_object_type":"default","og_image_type":"default","og_image_url":null,"og_image_width":null,"og_image_height":null,"og_image_custom_url":null,"og_image_custom_fields":null,"og_video":"","og_custom_url":null,"og_article_section":null,"og_article_tags":null,"twitter_use_og":false,"twitter_card":"default","twitter_image_type":"default","twitter_image_url":null,"twitter_image_custom_url":null,"twitter_image_custom_fields":null,"twitter_title":null,"twitter_description":null,"schema":{"blockGraphs":[],"customGraphs":[],"default":{"data":{"Article":[],"Course":[],"Dataset":[],"FAQPage":[],"Movie":[],"Person":[],"Product":[],"ProductReview":[],"Car":[],"Recipe":[],"Service":[],"SoftwareApplication":[],"WebPage":[]},"graphName":"Article","isEnabled":true},"graphs":[]},"schema_type":"default","schema_type_options":null,"pillar_content":false,"robots_default":true,"robots_noindex":false,"robots_noarchive":false,"robots_nosnippet":false,"robots_nofollow":false,"robots_noimageindex":false,"robots_noodp":false,"robots_notranslate":false,"robots_max_snippet":"-1","robots_max_videopreview":"-1","robots_max_imagepreview":"large","priority":null,"frequency":"default","location":null,"local_seo":null,"seo_analyzer_scan_date":"2025-09-02 10:17:10","breadcrumb_settings":null,"limit_modified_date":false,"reviewed_by":null,"open_ai":"{\"title\":{\"suggestions\":[],\"usage\":0},\"description\":{\"suggestions\":[],\"usage\":0}}","ai":null,"created":"2024-05-15 20:00:13","updated":"2025-09-02 10:17:10"},"aioseo_breadcrumb":"<div class=\"aioseo-breadcrumbs\"><span class=\"aioseo-breadcrumb\">\n\t<a href=\"https:\/\/candas365.es\/noticias\" title=\"Home\">Home<\/a>\n<\/span><span class=\"aioseo-breadcrumb-separator\">&ndash;<\/span><span class=\"aioseo-breadcrumb\">\n\t<a href=\"https:\/\/candas365.es\/noticias\/category\/actualidad\/\" title=\"Actualidad\">Actualidad<\/a>\n<\/span><span class=\"aioseo-breadcrumb-separator\">&ndash;<\/span><span class=\"aioseo-breadcrumb\">\n\tServimedia recibe la Medalla de Madrid por su \u00abimpagable labor\u00bb\n<\/span><\/div>","aioseo_breadcrumb_json":[{"label":"Home","link":"https:\/\/candas365.es\/noticias"},{"label":"Actualidad","link":"https:\/\/candas365.es\/noticias\/category\/actualidad\/"},{"label":"Servimedia recibe la Medalla de Madrid por su \u00abimpagable labor\u00bb","link":"https:\/\/candas365.es\/noticias\/servimedia-recibe-la-medalla-de-madrid-por-su-impagable-labor\/"}],"_links":{"self":[{"href":"https:\/\/candas365.es\/noticias\/wp-json\/wp\/v2\/posts\/181117","targetHints":{"allow":["GET"]}}],"collection":[{"href":"https:\/\/candas365.es\/noticias\/wp-json\/wp\/v2\/posts"}],"about":[{"href":"https:\/\/candas365.es\/noticias\/wp-json\/wp\/v2\/types\/post"}],"author":[{"embeddable":true,"href":"https:\/\/candas365.es\/noticias\/wp-json\/wp\/v2\/users\/1"}],"replies":[{"embeddable":true,"href":"https:\/\/candas365.es\/noticias\/wp-json\/wp\/v2\/comments?post=181117"}],"version-history":[{"count":0,"href":"https:\/\/candas365.es\/noticias\/wp-json\/wp\/v2\/posts\/181117\/revisions"}],"wp:featuredmedia":[{"embeddable":true,"href":"https:\/\/candas365.es\/noticias\/wp-json\/wp\/v2\/media\/181118"}],"wp:attachment":[{"href":"https:\/\/candas365.es\/noticias\/wp-json\/wp\/v2\/media?parent=181117"}],"wp:term":[{"taxonomy":"category","embeddable":true,"href":"https:\/\/candas365.es\/noticias\/wp-json\/wp\/v2\/categories?post=181117"},{"taxonomy":"post_tag","embeddable":true,"href":"https:\/\/candas365.es\/noticias\/wp-json\/wp\/v2\/tags?post=181117"}],"curies":[{"name":"wp","href":"https:\/\/api.w.org\/{rel}","templated":true}]}}