{"id":181091,"date":"2024-05-15T18:22:54","date_gmt":"2024-05-15T16:22:54","guid":{"rendered":"https:\/\/candas365.es\/noticias\/?p=181091"},"modified":"2024-05-15T18:22:54","modified_gmt":"2024-05-15T16:22:54","slug":"facturacion-record-de-tui","status":"publish","type":"post","link":"https:\/\/candas365.es\/noticias\/facturacion-record-de-tui\/","title":{"rendered":"Facturaci\u00f3n r\u00e9cord de Tui"},"content":{"rendered":"<p>Hannover\/Londres, 15 may (<a title=\"dpa\" href=\"https:\/\/www.dpa-news.de\/\" target=\"_blank\" rel=\"noopener\"><span style=\"color: #ff6600;\"><strong>dpa<\/strong><\/span><\/a>) &#8211; El mayor <a href=\"https:\/\/candas365.es\/noticias\/category\/canal-empresas\/\"><span style=\"color: #ff6600;\"><strong>touroperador<\/strong><\/span><\/a> del mundo, la empresa alemana Tui, anunci\u00f3 hoy un aumento del 16 por ciento interanual en su facturaci\u00f3n trimestral de enero a marzo, hasta lograr un r\u00e9cord de 3.560 millones de euros (3.856 millones de euros).<\/p>\n<p><img fetchpriority=\"high\" decoding=\"async\" class=\"aligncenter size-full wp-image-176718\" src=\"https:\/\/candas365.es\/noticias\/wp-content\/uploads\/2023\/12\/noticias.jpg\" alt=\"noticias\" width=\"640\" height=\"480\" srcset=\"https:\/\/candas365.es\/noticias\/wp-content\/uploads\/2023\/12\/noticias.jpg 640w, https:\/\/candas365.es\/noticias\/wp-content\/uploads\/2023\/12\/noticias-360x270.jpg 360w, https:\/\/candas365.es\/noticias\/wp-content\/uploads\/2023\/12\/noticias-150x113.jpg 150w, https:\/\/candas365.es\/noticias\/wp-content\/uploads\/2023\/12\/noticias-450x338.jpg 450w\" sizes=\"(max-width: 640px) 100vw, 640px\" \/><\/p>\n<p>La empresa coment\u00f3 que los resultados se vieron impulsados por la fortaleza del negocio hotelero y la subida de precios, si bien las reservas de viajes no fueron tan fuertes.<\/p>\n<p>Asimismo, el grupo inform\u00f3 que en el mismo periodo, consignado como segundo trimestre fiscal, la p\u00e9rdida de explotaci\u00f3n estacional antes de efectos especiales (ebit ajustado) cay\u00f3 un 22 por ciento, hasta algo menos de 189 millones de euros.<\/p>\n<p>En la cuenta de resultados, a\u00f1adi\u00f3, las p\u00e9rdidas atribuibles a los accionistas cayeron un 19 por ciento, hasta 294 millones de euros.<\/p>\n<p>El director general de la compa\u00f1\u00eda, Sebastian Ebel, manifest\u00f3 su confianza en aumentar su volumen de negocio al menos un diez por ciento en el ejercicio en curso hasta finales de septiembre, seg\u00fan lo previsto. Se espera que el beneficio operativo ajustado aumente al menos una cuarta parte.<\/p>\n<p>De enero a marzo, la divisi\u00f3n hotelera, con marcas como Riu, Tui Blue y Robinson, logr\u00f3 un resultado r\u00e9cord en el negocio diario, al igual que la divisi\u00f3n de cruceros.<\/p>\n<p>Tambi\u00e9n se vislumbra un mejor negocio para la importante temporada de vacaciones del verano europeo, ya que hasta ahora el grupo ha registrado un cinco por ciento m\u00e1s de hu\u00e9spedes que el a\u00f1o anterior. Asimismo, los clientes gastan de media un cuatro por ciento m\u00e1s que el a\u00f1o pasado.<\/p>\n","protected":false},"excerpt":{"rendered":"<p>Hannover\/Londres, 15 may (dpa) &#8211; El mayor touroperador del mundo, la empresa alemana Tui, anunci\u00f3 hoy un aumento del 16 por ciento interanual en su facturaci\u00f3n trimestral de enero a marzo, hasta lograr un r\u00e9cord de 3.560 millones de euros (3.856 millones de euros). La empresa coment\u00f3 que los resultados se vieron impulsados por la<\/p>\n","protected":false},"author":1,"featured_media":176718,"comment_status":"closed","ping_status":"closed","sticky":false,"template":"","format":"standard","meta":{"footnotes":""},"categories":[151],"tags":[383],"class_list":{"0":"post-181091","1":"post","2":"type-post","3":"status-publish","4":"format-standard","5":"has-post-thumbnail","7":"category-canal-empresas","8":"tag-empresas"},"aioseo_notices":[],"aioseo_head":"\n\t\t<!-- All in One SEO Pro 4.9.6.2 - aioseo.com -->\n\t<meta name=\"description\" content=\"Hannover\/Londres, 15 may (dpa) - El mayor touroperador del mundo, la empresa alemana Tui, anunci\u00f3 hoy un aumento del 16 por ciento interanual en su facturaci\u00f3n trimestral de enero a marzo, hasta lograr un r\u00e9cord de 3.560 millones de euros (3.856 millones de euros). La empresa coment\u00f3 que los resultados se vieron impulsados por la Hannover\/Londres, 15 may (dpa) - El mayor touroperador del mundo, la empresa alemana Tui, anunci\u00f3 hoy un aumento del 16 por ciento interanual en su facturaci\u00f3n\" \/>\n\t<meta name=\"robots\" content=\"max-image-preview:large\" \/>\n\t<meta name=\"author\" content=\"Cand\u00e1s 365\"\/>\n\t<meta name=\"google-site-verification\" content=\"UA-32230408-1\" \/>\n\t<meta name=\"msvalidate.01\" content=\"354F3CDFB2DA171B47FBE9ABF1F88D5\" \/>\n\t<meta name=\"keywords\" content=\"canal empresas\" \/>\n\t<link rel=\"canonical\" href=\"https:\/\/candas365.es\/noticias\/facturacion-record-de-tui\/\" \/>\n\t<meta name=\"generator\" content=\"All in One SEO Pro (AIOSEO) 4.9.6.2\" \/>\n\t\t<meta property=\"og:locale\" content=\"es_ES\" \/>\n\t\t<meta property=\"og:site_name\" content=\"Cand\u00e1s 365\" \/>\n\t\t<meta property=\"og:type\" content=\"article\" \/>\n\t\t<meta property=\"og:title\" content=\"Facturaci\u00f3n r\u00e9cord de Tui | Cand\u00e1s 365\" \/>\n\t\t<meta property=\"og:description\" content=\"Hannover\/Londres, 15 may (dpa) - El mayor touroperador del mundo, la empresa alemana Tui, anunci\u00f3 hoy un aumento del 16 por ciento interanual en su facturaci\u00f3n trimestral de enero a marzo, hasta lograr un r\u00e9cord de 3.560 millones de euros (3.856 millones de euros). La empresa coment\u00f3 que los resultados se vieron impulsados por la Hannover\/Londres, 15 may (dpa) - El mayor touroperador del mundo, la empresa alemana Tui, anunci\u00f3 hoy un aumento del 16 por ciento interanual en su facturaci\u00f3n\" \/>\n\t\t<meta property=\"og:url\" content=\"https:\/\/candas365.es\/noticias\/facturacion-record-de-tui\/\" \/>\n\t\t<meta property=\"og:image\" content=\"https:\/\/candas365.es\/noticias\/wp-content\/uploads\/2023\/12\/noticias.jpg\" \/>\n\t\t<meta property=\"og:image:secure_url\" content=\"https:\/\/candas365.es\/noticias\/wp-content\/uploads\/2023\/12\/noticias.jpg\" \/>\n\t\t<meta property=\"og:image:width\" content=\"640\" \/>\n\t\t<meta property=\"og:image:height\" content=\"480\" \/>\n\t\t<meta property=\"article:published_time\" content=\"2024-05-15T16:22:54+00:00\" \/>\n\t\t<meta property=\"article:modified_time\" content=\"2024-05-15T16:22:54+00:00\" \/>\n\t\t<meta property=\"article:publisher\" content=\"https:\/\/www.facebook.com\/Nachofdezber\" \/>\n\t\t<meta property=\"article:author\" content=\"https:\/\/www.facebook.com\/carrenoactualidad\" \/>\n\t\t<meta name=\"twitter:card\" content=\"summary_large_image\" \/>\n\t\t<meta name=\"twitter:site\" content=\"@NabercoDigital\" \/>\n\t\t<meta name=\"twitter:title\" content=\"Facturaci\u00f3n r\u00e9cord de Tui | Cand\u00e1s 365\" \/>\n\t\t<meta name=\"twitter:description\" content=\"Hannover\/Londres, 15 may (dpa) - El mayor touroperador del mundo, la empresa alemana Tui, anunci\u00f3 hoy un aumento del 16 por ciento interanual en su facturaci\u00f3n trimestral de enero a marzo, hasta lograr un r\u00e9cord de 3.560 millones de euros (3.856 millones de euros). La empresa coment\u00f3 que los resultados se vieron impulsados por la Hannover\/Londres, 15 may (dpa) - El mayor touroperador del mundo, la empresa alemana Tui, anunci\u00f3 hoy un aumento del 16 por ciento interanual en su facturaci\u00f3n\" \/>\n\t\t<meta name=\"twitter:creator\" content=\"@nbasturias\" \/>\n\t\t<meta name=\"twitter:image\" content=\"https:\/\/candas365.es\/noticias\/wp-content\/uploads\/2023\/12\/noticias.jpg\" \/>\n\t\t<meta name=\"twitter:label1\" content=\"Escrito por\" \/>\n\t\t<meta name=\"twitter:data1\" content=\"Cand\u00e1s 365\" \/>\n\t\t<meta name=\"twitter:label2\" content=\"Tiempo de lectura estimado\" \/>\n\t\t<meta name=\"twitter:data2\" content=\"1 minuto\" \/>\n\t\t<script type=\"application\/ld+json\" class=\"aioseo-schema\">\n\t\t\t{\"@context\":\"https:\\\/\\\/schema.org\",\"@graph\":[{\"@type\":\"BreadcrumbList\",\"@id\":\"https:\\\/\\\/candas365.es\\\/noticias\\\/facturacion-record-de-tui\\\/#breadcrumblist\",\"itemListElement\":[{\"@type\":\"ListItem\",\"@id\":\"https:\\\/\\\/candas365.es\\\/noticias#listItem\",\"position\":1,\"name\":\"Home\",\"item\":\"https:\\\/\\\/candas365.es\\\/noticias\",\"nextItem\":{\"@type\":\"ListItem\",\"@id\":\"https:\\\/\\\/candas365.es\\\/noticias\\\/category\\\/canal-empresas\\\/#listItem\",\"name\":\"Canal Empresas\"}},{\"@type\":\"ListItem\",\"@id\":\"https:\\\/\\\/candas365.es\\\/noticias\\\/category\\\/canal-empresas\\\/#listItem\",\"position\":2,\"name\":\"Canal Empresas\",\"item\":\"https:\\\/\\\/candas365.es\\\/noticias\\\/category\\\/canal-empresas\\\/\",\"nextItem\":{\"@type\":\"ListItem\",\"@id\":\"https:\\\/\\\/candas365.es\\\/noticias\\\/facturacion-record-de-tui\\\/#listItem\",\"name\":\"Facturaci\\u00f3n r\\u00e9cord de Tui\"},\"previousItem\":{\"@type\":\"ListItem\",\"@id\":\"https:\\\/\\\/candas365.es\\\/noticias#listItem\",\"name\":\"Home\"}},{\"@type\":\"ListItem\",\"@id\":\"https:\\\/\\\/candas365.es\\\/noticias\\\/facturacion-record-de-tui\\\/#listItem\",\"position\":3,\"name\":\"Facturaci\\u00f3n r\\u00e9cord de Tui\",\"previousItem\":{\"@type\":\"ListItem\",\"@id\":\"https:\\\/\\\/candas365.es\\\/noticias\\\/category\\\/canal-empresas\\\/#listItem\",\"name\":\"Canal Empresas\"}}]},{\"@type\":\"NewsArticle\",\"@id\":\"https:\\\/\\\/candas365.es\\\/noticias\\\/facturacion-record-de-tui\\\/#newsarticle\",\"name\":\"Facturaci\\u00f3n r\\u00e9cord de Tui | Cand\\u00e1s 365\",\"headline\":\"Facturaci\\u00f3n r\\u00e9cord de Tui\",\"author\":{\"@id\":\"https:\\\/\\\/candas365.es\\\/noticias\\\/author\\\/admin\\\/#author\"},\"publisher\":{\"@id\":\"https:\\\/\\\/candas365.es\\\/noticias\\\/#organization\"},\"image\":{\"@type\":\"ImageObject\",\"url\":\"https:\\\/\\\/candas365.es\\\/noticias\\\/wp-content\\\/uploads\\\/2023\\\/12\\\/noticias.jpg\",\"width\":640,\"height\":480,\"caption\":\"noticias\"},\"datePublished\":\"2024-05-15T18:22:54+02:00\",\"dateModified\":\"2024-05-15T18:22:54+02:00\",\"inLanguage\":\"es-ES\",\"mainEntityOfPage\":{\"@id\":\"https:\\\/\\\/candas365.es\\\/noticias\\\/facturacion-record-de-tui\\\/#webpage\"},\"isPartOf\":{\"@id\":\"https:\\\/\\\/candas365.es\\\/noticias\\\/facturacion-record-de-tui\\\/#webpage\"},\"articleSection\":\"Canal Empresas, empresas\",\"dateline\":\"Publicado el mayo 15, 2024.\"},{\"@type\":\"Organization\",\"@id\":\"https:\\\/\\\/candas365.es\\\/noticias\\\/#organization\",\"name\":\"Cand\\u00e1s 365\",\"description\":\"Cand\\u00e1s 365 es un diario digital independiente, fundado en 2012, con base en Asturias. Informamos con rigor sobre actualidad, sociedad, cultura y ocio, con una mirada local y global.\",\"url\":\"https:\\\/\\\/candas365.es\\\/noticias\\\/\",\"email\":\"info@candas365.es\",\"telephone\":\"+34652131393\",\"foundingDate\":\"2012-06-10\",\"logo\":{\"@type\":\"ImageObject\",\"url\":\"https:\\\/\\\/candas365.es\\\/noticias\\\/wp-content\\\/uploads\\\/2024\\\/09\\\/Candas-365-Redes.jpg\",\"@id\":\"https:\\\/\\\/candas365.es\\\/noticias\\\/facturacion-record-de-tui\\\/#organizationLogo\",\"width\":1152,\"height\":864,\"caption\":\"Cand\\u00e1s 365 Redes\"},\"image\":{\"@id\":\"https:\\\/\\\/candas365.es\\\/noticias\\\/facturacion-record-de-tui\\\/#organizationLogo\"},\"sameAs\":[\"https:\\\/\\\/www.facebook.com\\\/Nachofdezber\",\"https:\\\/\\\/x.com\\\/NabercoDigital\",\"https:\\\/\\\/www.instagram.com\\\/nachofdezber\\\/\",\"https:\\\/\\\/www.youtube.com\\\/channel\\\/UCZP-2wLEB9Rv6erhFmqVnvg\"],\"address\":{\"@id\":\"https:\\\/\\\/candas365.es\\\/noticias\\\/#postaladdress\",\"@type\":\"PostalAddress\",\"streetAddress\":\"san antonio 4, san antonio 4\",\"postalCode\":\"33430\",\"addressLocality\":\"Cand\\u00e1s\",\"addressRegion\":\"Asturias\",\"addressCountry\":\"ES\"}},{\"@type\":\"Person\",\"@id\":\"https:\\\/\\\/candas365.es\\\/noticias\\\/author\\\/admin\\\/#author\",\"url\":\"https:\\\/\\\/candas365.es\\\/noticias\\\/author\\\/admin\\\/\",\"name\":\"Cand\\u00e1s 365\",\"image\":{\"@type\":\"ImageObject\",\"@id\":\"https:\\\/\\\/candas365.es\\\/noticias\\\/facturacion-record-de-tui\\\/#authorImage\",\"url\":\"https:\\\/\\\/secure.gravatar.com\\\/avatar\\\/496a8e03d0c493ede1718b7934145dbdf8d89be1036b0eec9544e1094c9de390?s=96&d=mm&r=g\",\"width\":96,\"height\":96,\"caption\":\"Cand\\u00e1s 365\"},\"sameAs\":[\"https:\\\/\\\/www.facebook.com\\\/carrenoactualidad\",\"https:\\\/\\\/twitter.com\\\/nbasturias\",\"https:\\\/\\\/www.instagram.com\\\/nachofdezber\\\/\",\"https:\\\/\\\/www.youtube.com\\\/channel\\\/UCZP-2wLEB9Rv6erhFmqVnvg\"]},{\"@type\":\"WebPage\",\"@id\":\"https:\\\/\\\/candas365.es\\\/noticias\\\/facturacion-record-de-tui\\\/#webpage\",\"url\":\"https:\\\/\\\/candas365.es\\\/noticias\\\/facturacion-record-de-tui\\\/\",\"name\":\"Facturaci\\u00f3n r\\u00e9cord de Tui | Cand\\u00e1s 365\",\"description\":\"Hannover\\\/Londres, 15 may (dpa) - El mayor touroperador del mundo, la empresa alemana Tui, anunci\\u00f3 hoy un aumento del 16 por ciento interanual en su facturaci\\u00f3n trimestral de enero a marzo, hasta lograr un r\\u00e9cord de 3.560 millones de euros (3.856 millones de euros). La empresa coment\\u00f3 que los resultados se vieron impulsados por la Hannover\\\/Londres, 15 may (dpa) - El mayor touroperador del mundo, la empresa alemana Tui, anunci\\u00f3 hoy un aumento del 16 por ciento interanual en su facturaci\\u00f3n\",\"inLanguage\":\"es-ES\",\"isPartOf\":{\"@id\":\"https:\\\/\\\/candas365.es\\\/noticias\\\/#website\"},\"breadcrumb\":{\"@id\":\"https:\\\/\\\/candas365.es\\\/noticias\\\/facturacion-record-de-tui\\\/#breadcrumblist\"},\"author\":{\"@id\":\"https:\\\/\\\/candas365.es\\\/noticias\\\/author\\\/admin\\\/#author\"},\"creator\":{\"@id\":\"https:\\\/\\\/candas365.es\\\/noticias\\\/author\\\/admin\\\/#author\"},\"image\":{\"@type\":\"ImageObject\",\"url\":\"https:\\\/\\\/candas365.es\\\/noticias\\\/wp-content\\\/uploads\\\/2023\\\/12\\\/noticias.jpg\",\"@id\":\"https:\\\/\\\/candas365.es\\\/noticias\\\/facturacion-record-de-tui\\\/#mainImage\",\"width\":640,\"height\":480,\"caption\":\"noticias\"},\"primaryImageOfPage\":{\"@id\":\"https:\\\/\\\/candas365.es\\\/noticias\\\/facturacion-record-de-tui\\\/#mainImage\"},\"datePublished\":\"2024-05-15T18:22:54+02:00\",\"dateModified\":\"2024-05-15T18:22:54+02:00\"},{\"@type\":\"WebSite\",\"@id\":\"https:\\\/\\\/candas365.es\\\/noticias\\\/#website\",\"url\":\"https:\\\/\\\/candas365.es\\\/noticias\\\/\",\"name\":\"Cand\\u00e1s 365\",\"alternateName\":\"Cand\\u00e1s 365 Noticias\",\"description\":\"Actualidad desde Carre\\u00f1o para el mundo\",\"inLanguage\":\"es-ES\",\"publisher\":{\"@id\":\"https:\\\/\\\/candas365.es\\\/noticias\\\/#organization\"}}]}\n\t\t<\/script>\n\t\t<!-- All in One SEO Pro -->\r\n\t\t<title>Facturaci\u00f3n r\u00e9cord de Tui | Cand\u00e1s 365<\/title>\n\n","aioseo_head_json":{"title":"Facturaci\u00f3n r\u00e9cord de Tui | Cand\u00e1s 365","description":"Hannover\/Londres, 15 may (dpa) - El mayor touroperador del mundo, la empresa alemana Tui, anunci\u00f3 hoy un aumento del 16 por ciento interanual en su facturaci\u00f3n trimestral de enero a marzo, hasta lograr un r\u00e9cord de 3.560 millones de euros (3.856 millones de euros). La empresa coment\u00f3 que los resultados se vieron impulsados por la Hannover\/Londres, 15 may (dpa) - El mayor touroperador del mundo, la empresa alemana Tui, anunci\u00f3 hoy un aumento del 16 por ciento interanual en su facturaci\u00f3n","canonical_url":"https:\/\/candas365.es\/noticias\/facturacion-record-de-tui\/","robots":"max-image-preview:large","keywords":"canal empresas","webmasterTools":{"google-site-verification":"UA-32230408-1","msvalidate.01":"354F3CDFB2DA171B47FBE9ABF1F88D5","miscellaneous":""},"schema":{"@context":"https:\/\/schema.org","@graph":[{"@type":"BreadcrumbList","@id":"https:\/\/candas365.es\/noticias\/facturacion-record-de-tui\/#breadcrumblist","itemListElement":[{"@type":"ListItem","@id":"https:\/\/candas365.es\/noticias#listItem","position":1,"name":"Home","item":"https:\/\/candas365.es\/noticias","nextItem":{"@type":"ListItem","@id":"https:\/\/candas365.es\/noticias\/category\/canal-empresas\/#listItem","name":"Canal Empresas"}},{"@type":"ListItem","@id":"https:\/\/candas365.es\/noticias\/category\/canal-empresas\/#listItem","position":2,"name":"Canal Empresas","item":"https:\/\/candas365.es\/noticias\/category\/canal-empresas\/","nextItem":{"@type":"ListItem","@id":"https:\/\/candas365.es\/noticias\/facturacion-record-de-tui\/#listItem","name":"Facturaci\u00f3n r\u00e9cord de Tui"},"previousItem":{"@type":"ListItem","@id":"https:\/\/candas365.es\/noticias#listItem","name":"Home"}},{"@type":"ListItem","@id":"https:\/\/candas365.es\/noticias\/facturacion-record-de-tui\/#listItem","position":3,"name":"Facturaci\u00f3n r\u00e9cord de Tui","previousItem":{"@type":"ListItem","@id":"https:\/\/candas365.es\/noticias\/category\/canal-empresas\/#listItem","name":"Canal Empresas"}}]},{"@type":"NewsArticle","@id":"https:\/\/candas365.es\/noticias\/facturacion-record-de-tui\/#newsarticle","name":"Facturaci\u00f3n r\u00e9cord de Tui | Cand\u00e1s 365","headline":"Facturaci\u00f3n r\u00e9cord de Tui","author":{"@id":"https:\/\/candas365.es\/noticias\/author\/admin\/#author"},"publisher":{"@id":"https:\/\/candas365.es\/noticias\/#organization"},"image":{"@type":"ImageObject","url":"https:\/\/candas365.es\/noticias\/wp-content\/uploads\/2023\/12\/noticias.jpg","width":640,"height":480,"caption":"noticias"},"datePublished":"2024-05-15T18:22:54+02:00","dateModified":"2024-05-15T18:22:54+02:00","inLanguage":"es-ES","mainEntityOfPage":{"@id":"https:\/\/candas365.es\/noticias\/facturacion-record-de-tui\/#webpage"},"isPartOf":{"@id":"https:\/\/candas365.es\/noticias\/facturacion-record-de-tui\/#webpage"},"articleSection":"Canal Empresas, empresas","dateline":"Publicado el mayo 15, 2024."},{"@type":"Organization","@id":"https:\/\/candas365.es\/noticias\/#organization","name":"Cand\u00e1s 365","description":"Cand\u00e1s 365 es un diario digital independiente, fundado en 2012, con base en Asturias. Informamos con rigor sobre actualidad, sociedad, cultura y ocio, con una mirada local y global.","url":"https:\/\/candas365.es\/noticias\/","email":"info@candas365.es","telephone":"+34652131393","foundingDate":"2012-06-10","logo":{"@type":"ImageObject","url":"https:\/\/candas365.es\/noticias\/wp-content\/uploads\/2024\/09\/Candas-365-Redes.jpg","@id":"https:\/\/candas365.es\/noticias\/facturacion-record-de-tui\/#organizationLogo","width":1152,"height":864,"caption":"Cand\u00e1s 365 Redes"},"image":{"@id":"https:\/\/candas365.es\/noticias\/facturacion-record-de-tui\/#organizationLogo"},"sameAs":["https:\/\/www.facebook.com\/Nachofdezber","https:\/\/x.com\/NabercoDigital","https:\/\/www.instagram.com\/nachofdezber\/","https:\/\/www.youtube.com\/channel\/UCZP-2wLEB9Rv6erhFmqVnvg"],"address":{"@id":"https:\/\/candas365.es\/noticias\/#postaladdress","@type":"PostalAddress","streetAddress":"san antonio 4, san antonio 4","postalCode":"33430","addressLocality":"Cand\u00e1s","addressRegion":"Asturias","addressCountry":"ES"}},{"@type":"Person","@id":"https:\/\/candas365.es\/noticias\/author\/admin\/#author","url":"https:\/\/candas365.es\/noticias\/author\/admin\/","name":"Cand\u00e1s 365","image":{"@type":"ImageObject","@id":"https:\/\/candas365.es\/noticias\/facturacion-record-de-tui\/#authorImage","url":"https:\/\/secure.gravatar.com\/avatar\/496a8e03d0c493ede1718b7934145dbdf8d89be1036b0eec9544e1094c9de390?s=96&d=mm&r=g","width":96,"height":96,"caption":"Cand\u00e1s 365"},"sameAs":["https:\/\/www.facebook.com\/carrenoactualidad","https:\/\/twitter.com\/nbasturias","https:\/\/www.instagram.com\/nachofdezber\/","https:\/\/www.youtube.com\/channel\/UCZP-2wLEB9Rv6erhFmqVnvg"]},{"@type":"WebPage","@id":"https:\/\/candas365.es\/noticias\/facturacion-record-de-tui\/#webpage","url":"https:\/\/candas365.es\/noticias\/facturacion-record-de-tui\/","name":"Facturaci\u00f3n r\u00e9cord de Tui | Cand\u00e1s 365","description":"Hannover\/Londres, 15 may (dpa) - El mayor touroperador del mundo, la empresa alemana Tui, anunci\u00f3 hoy un aumento del 16 por ciento interanual en su facturaci\u00f3n trimestral de enero a marzo, hasta lograr un r\u00e9cord de 3.560 millones de euros (3.856 millones de euros). La empresa coment\u00f3 que los resultados se vieron impulsados por la Hannover\/Londres, 15 may (dpa) - El mayor touroperador del mundo, la empresa alemana Tui, anunci\u00f3 hoy un aumento del 16 por ciento interanual en su facturaci\u00f3n","inLanguage":"es-ES","isPartOf":{"@id":"https:\/\/candas365.es\/noticias\/#website"},"breadcrumb":{"@id":"https:\/\/candas365.es\/noticias\/facturacion-record-de-tui\/#breadcrumblist"},"author":{"@id":"https:\/\/candas365.es\/noticias\/author\/admin\/#author"},"creator":{"@id":"https:\/\/candas365.es\/noticias\/author\/admin\/#author"},"image":{"@type":"ImageObject","url":"https:\/\/candas365.es\/noticias\/wp-content\/uploads\/2023\/12\/noticias.jpg","@id":"https:\/\/candas365.es\/noticias\/facturacion-record-de-tui\/#mainImage","width":640,"height":480,"caption":"noticias"},"primaryImageOfPage":{"@id":"https:\/\/candas365.es\/noticias\/facturacion-record-de-tui\/#mainImage"},"datePublished":"2024-05-15T18:22:54+02:00","dateModified":"2024-05-15T18:22:54+02:00"},{"@type":"WebSite","@id":"https:\/\/candas365.es\/noticias\/#website","url":"https:\/\/candas365.es\/noticias\/","name":"Cand\u00e1s 365","alternateName":"Cand\u00e1s 365 Noticias","description":"Actualidad desde Carre\u00f1o para el mundo","inLanguage":"es-ES","publisher":{"@id":"https:\/\/candas365.es\/noticias\/#organization"}}]},"og:locale":"es_ES","og:site_name":"Cand\u00e1s 365","og:type":"article","og:title":"Facturaci\u00f3n r\u00e9cord de Tui | Cand\u00e1s 365","og:description":"Hannover\/Londres, 15 may (dpa) - El mayor touroperador del mundo, la empresa alemana Tui, anunci\u00f3 hoy un aumento del 16 por ciento interanual en su facturaci\u00f3n trimestral de enero a marzo, hasta lograr un r\u00e9cord de 3.560 millones de euros (3.856 millones de euros). La empresa coment\u00f3 que los resultados se vieron impulsados por la Hannover\/Londres, 15 may (dpa) - El mayor touroperador del mundo, la empresa alemana Tui, anunci\u00f3 hoy un aumento del 16 por ciento interanual en su facturaci\u00f3n","og:url":"https:\/\/candas365.es\/noticias\/facturacion-record-de-tui\/","og:image":"https:\/\/candas365.es\/noticias\/wp-content\/uploads\/2023\/12\/noticias.jpg","og:image:secure_url":"https:\/\/candas365.es\/noticias\/wp-content\/uploads\/2023\/12\/noticias.jpg","og:image:width":640,"og:image:height":480,"article:published_time":"2024-05-15T16:22:54+00:00","article:modified_time":"2024-05-15T16:22:54+00:00","article:publisher":"https:\/\/www.facebook.com\/Nachofdezber","article:author":"https:\/\/www.facebook.com\/carrenoactualidad","twitter:card":"summary_large_image","twitter:site":"@NabercoDigital","twitter:title":"Facturaci\u00f3n r\u00e9cord de Tui | Cand\u00e1s 365","twitter:description":"Hannover\/Londres, 15 may (dpa) - El mayor touroperador del mundo, la empresa alemana Tui, anunci\u00f3 hoy un aumento del 16 por ciento interanual en su facturaci\u00f3n trimestral de enero a marzo, hasta lograr un r\u00e9cord de 3.560 millones de euros (3.856 millones de euros). La empresa coment\u00f3 que los resultados se vieron impulsados por la Hannover\/Londres, 15 may (dpa) - El mayor touroperador del mundo, la empresa alemana Tui, anunci\u00f3 hoy un aumento del 16 por ciento interanual en su facturaci\u00f3n","twitter:creator":"@nbasturias","twitter:image":"https:\/\/candas365.es\/noticias\/wp-content\/uploads\/2023\/12\/noticias.jpg","twitter:label1":"Escrito por","twitter:data1":"Cand\u00e1s 365","twitter:label2":"Tiempo de lectura estimado","twitter:data2":"1 minuto"},"aioseo_meta_data":{"post_id":"181091","title":null,"description":"#post_excerpt Hannover\/Londres, 15 may (dpa) - El mayor touroperador del mundo, la empresa alemana Tui, anunci\u00f3 hoy un aumento del 16 por ciento interanual en su facturaci\u00f3n","keywords":null,"keyphrases":{"focus":{"keyphrase":"Tui","score":89,"analysis":{"keyphraseInTitle":{"score":9,"maxScore":9,"error":0},"keyphraseInDescription":{"score":9,"maxScore":9,"error":0},"keyphraseLength":{"score":9,"maxScore":9,"error":0,"length":1},"keyphraseInURL":[],"keyphraseInIntroduction":{"score":9,"maxScore":9,"error":0},"keyphraseInSubHeadings":[],"keyphraseInImageAlt":{"score":3,"maxScore":9,"error":1},"keywordDensity":{"type":"best","score":9,"maxScore":9,"error":0}}},"additional":[{"keyphrase":"facturaci\u00f3n","score":67,"analysis":{"keyphraseInDescription":{"score":9,"maxScore":9,"error":0},"keyphraseLength":{"score":9,"maxScore":9,"error":0,"length":2},"keyphraseInIntroduction":{"score":9,"maxScore":9,"error":0},"keyphraseInImageAlt":{"score":3,"maxScore":9,"error":1},"keywordDensity":{"score":0,"type":"low","maxScore":9,"error":1}}}]},"primary_term":null,"canonical_url":null,"og_title":null,"og_description":null,"og_object_type":"default","og_image_type":"default","og_image_url":null,"og_image_width":null,"og_image_height":null,"og_image_custom_url":null,"og_image_custom_fields":null,"og_video":"","og_custom_url":null,"og_article_section":null,"og_article_tags":null,"twitter_use_og":false,"twitter_card":"default","twitter_image_type":"default","twitter_image_url":null,"twitter_image_custom_url":null,"twitter_image_custom_fields":null,"twitter_title":null,"twitter_description":null,"schema":{"blockGraphs":[],"customGraphs":[],"default":{"data":{"Article":[],"Course":[],"Dataset":[],"FAQPage":[],"Movie":[],"Person":[],"Product":[],"ProductReview":[],"Car":[],"Recipe":[],"Service":[],"SoftwareApplication":[],"WebPage":[]},"graphName":"Article","isEnabled":true},"graphs":[]},"schema_type":"default","schema_type_options":null,"pillar_content":false,"robots_default":true,"robots_noindex":false,"robots_noarchive":false,"robots_nosnippet":false,"robots_nofollow":false,"robots_noimageindex":false,"robots_noodp":false,"robots_notranslate":false,"robots_max_snippet":"-1","robots_max_videopreview":"-1","robots_max_imagepreview":"large","priority":null,"frequency":"default","location":null,"local_seo":null,"seo_analyzer_scan_date":"2025-09-02 10:13:51","breadcrumb_settings":null,"limit_modified_date":false,"reviewed_by":null,"open_ai":"{\"title\":{\"suggestions\":[],\"usage\":0},\"description\":{\"suggestions\":[],\"usage\":0}}","ai":null,"created":"2024-05-15 16:20:43","updated":"2025-09-02 10:13:51"},"aioseo_breadcrumb":"<div class=\"aioseo-breadcrumbs\"><span class=\"aioseo-breadcrumb\">\n\t<a href=\"https:\/\/candas365.es\/noticias\" title=\"Home\">Home<\/a>\n<\/span><span class=\"aioseo-breadcrumb-separator\">&ndash;<\/span><span class=\"aioseo-breadcrumb\">\n\t<a href=\"https:\/\/candas365.es\/noticias\/category\/canal-empresas\/\" title=\"Canal Empresas\">Canal Empresas<\/a>\n<\/span><span class=\"aioseo-breadcrumb-separator\">&ndash;<\/span><span class=\"aioseo-breadcrumb\">\n\tFacturaci\u00f3n r\u00e9cord de Tui\n<\/span><\/div>","aioseo_breadcrumb_json":[{"label":"Home","link":"https:\/\/candas365.es\/noticias"},{"label":"Canal Empresas","link":"https:\/\/candas365.es\/noticias\/category\/canal-empresas\/"},{"label":"Facturaci\u00f3n r\u00e9cord de Tui","link":"https:\/\/candas365.es\/noticias\/facturacion-record-de-tui\/"}],"_links":{"self":[{"href":"https:\/\/candas365.es\/noticias\/wp-json\/wp\/v2\/posts\/181091","targetHints":{"allow":["GET"]}}],"collection":[{"href":"https:\/\/candas365.es\/noticias\/wp-json\/wp\/v2\/posts"}],"about":[{"href":"https:\/\/candas365.es\/noticias\/wp-json\/wp\/v2\/types\/post"}],"author":[{"embeddable":true,"href":"https:\/\/candas365.es\/noticias\/wp-json\/wp\/v2\/users\/1"}],"replies":[{"embeddable":true,"href":"https:\/\/candas365.es\/noticias\/wp-json\/wp\/v2\/comments?post=181091"}],"version-history":[{"count":0,"href":"https:\/\/candas365.es\/noticias\/wp-json\/wp\/v2\/posts\/181091\/revisions"}],"wp:featuredmedia":[{"embeddable":true,"href":"https:\/\/candas365.es\/noticias\/wp-json\/wp\/v2\/media\/176718"}],"wp:attachment":[{"href":"https:\/\/candas365.es\/noticias\/wp-json\/wp\/v2\/media?parent=181091"}],"wp:term":[{"taxonomy":"category","embeddable":true,"href":"https:\/\/candas365.es\/noticias\/wp-json\/wp\/v2\/categories?post=181091"},{"taxonomy":"post_tag","embeddable":true,"href":"https:\/\/candas365.es\/noticias\/wp-json\/wp\/v2\/tags?post=181091"}],"curies":[{"name":"wp","href":"https:\/\/api.w.org\/{rel}","templated":true}]}}