{"id":180935,"date":"2024-05-13T22:23:17","date_gmt":"2024-05-13T20:23:17","guid":{"rendered":"https:\/\/candas365.es\/noticias\/?p=180935"},"modified":"2024-05-13T22:23:17","modified_gmt":"2024-05-13T20:23:17","slug":"desciende-el-consumo-de-gluten-en-espana","status":"publish","type":"post","link":"https:\/\/candas365.es\/noticias\/desciende-el-consumo-de-gluten-en-espana\/","title":{"rendered":"Desciende el consumo de gluten en Espa\u00f1a"},"content":{"rendered":"<p>Un estudio informa de un descenso del consumo de gluten en Espa\u00f1a, y adem\u00e1s m\u00e1s del 40% de los espa\u00f1oles afirman que han reducido el consumo de gluten y m\u00e1s del 75% cree que cada d\u00eda hay m\u00e1s personas que lo dejan \u00abde manera innecesaria\u00bb.<\/p>\n<figure id=\"attachment_180936\" aria-describedby=\"caption-attachment-180936\" style=\"width: 650px\" class=\"wp-caption aligncenter\"><img fetchpriority=\"high\" decoding=\"async\" class=\"size-large wp-image-180936\" src=\"https:\/\/candas365.es\/noticias\/wp-content\/uploads\/2024\/05\/Desciende-el-consumo-de-gluten-en-Espana-650x428.jpg\" alt=\"Desciende el consumo de gluten en Espa\u00f1a\" width=\"650\" height=\"428\" srcset=\"https:\/\/candas365.es\/noticias\/wp-content\/uploads\/2024\/05\/Desciende-el-consumo-de-gluten-en-Espana-650x428.jpg 650w, https:\/\/candas365.es\/noticias\/wp-content\/uploads\/2024\/05\/Desciende-el-consumo-de-gluten-en-Espana-360x237.jpg 360w, https:\/\/candas365.es\/noticias\/wp-content\/uploads\/2024\/05\/Desciende-el-consumo-de-gluten-en-Espana-150x99.jpg 150w, https:\/\/candas365.es\/noticias\/wp-content\/uploads\/2024\/05\/Desciende-el-consumo-de-gluten-en-Espana-450x296.jpg 450w, https:\/\/candas365.es\/noticias\/wp-content\/uploads\/2024\/05\/Desciende-el-consumo-de-gluten-en-Espana.jpg 683w\" sizes=\"(max-width: 650px) 100vw, 650px\" \/><figcaption id=\"caption-attachment-180936\" class=\"wp-caption-text\">Pan y otros alimentos | Foto de Appinio<\/figcaption><\/figure>\n<p>As\u00ed lo concluye un estudio realizado por la plataforma global de investigaci\u00f3n de mercados Appinio a partir de una encuesta a una muestra representativa de 1.000 personas de entre 18 y 65 a\u00f1os con motivo del <strong>D\u00eda de la Enfermedad Cel\u00edaca<\/strong>, que se celebra el jueves, para analizar la frecuencia y el \u201cgrado de satisfacci\u00f3n\u201d de los productos considerados funcionales, que, adem\u00e1s de alimentar, ofrecen \u201cbeneficios espec\u00edficos\u201d para la salud o el bienestar, tal y como precis\u00f3 este lunes la compa\u00f1\u00eda en un comunicado.<\/p>\n<p>Seg\u00fan dicho estudio, para el 51% de los espa\u00f1oles la <a href=\"https:\/\/candas365.es\/noticias\/category\/salud\/\"><span style=\"color: #ff6600;\"><strong>salud<\/strong><\/span><\/a> es un factor \u201cmuy importante\u201d a la hora de comprar alimentos y bebidas y el 42% observa \u201ccon bastante frecuencia\u201d los valores nutricionales de un determinado producto, frente al 31% que \u201csiempre se fija\u201d.<\/p>\n<p>\u201cDe hecho, para el 79% de los encuestados, la informaci\u00f3n de un producto resulta importante\u201d, sentencia el estudio, seg\u00fan el cual, adem\u00e1s, los expertos y los nutricionistas son la \u201cprincipal\u201d fuente de informaci\u00f3n que utilizan a la hora de \u201cdecantarse\u201d por un producto (40%), seguidos de las opiniones de familiares y amigos (21%) y los medios de comunicaci\u00f3n (14%).<\/p>\n<p>En los \u00faltimos seis meses, el 77% de los espa\u00f1oles ha \u201cintentado cambiar\u201d su alimentaci\u00f3n para tener una dieta \u201cm\u00e1s sana y equilibrada\u201d, sobre todo reduciendo la ingesta de az\u00facar (63%), aumentando el consumo de frutas y verduras frescas (60%) y rebajando el de alimentos procesados y ultraprocesados (56%).<\/p>\n<h2>DISPUESTOS A PAGAR M\u00c1S<\/h2>\n<p>En este contexto, aunque el 69% de los encuestados estar\u00eda dispuesto a pagar m\u00e1s dinero por productos que ofrezcan \u201cbeneficios\u201d para la salud, el \u201cprincipal obst\u00e1culo\u201d que refieren para mantener una dieta saludable es el coste \u201celevado\u201d que tienen este tipo de art\u00edculos (49%).<\/p>\n<p>Otros \u201cinconvenientes\u201d son la \u201cdificultad\u201d para \u201cresistir\u201d la \u201ctentaci\u00f3n\u201d que suponen los alimentos \u201cpoco saludables\u201d (38%), el estr\u00e9s y un h\u00e1bito de vida \u201cocupado\u201d (34%) y la falta de tiempo para preparar comidas saludables (32%).<\/p>\n<h2>ALIMENTOS FUNCIONALES M\u00c1S CONSUMIDOS<\/h2>\n<p>El 53% de los consumidores consideran que las vitaminas y los minerales, seguidos de las prote\u00ednas (casi 50%) y la fibra (46%) son los nutrientes o componentes espec\u00edficos \u201cm\u00e1s importantes\u201d en los alimentos y bebidas que consumen.<\/p>\n<p>De todos los productos considerados funcionales que ofrece el mercado, casi la mitad de la poblaci\u00f3n ha probado la leche sin lactosa, el 37% yogures probi\u00f3ticos y el 35% bebida vegetal sin az\u00facar. Los consumidores compran estos productos porque estiman que mejoran la salud y el bienestar general (48%), mejoran la salud digestiva (47%) y son alimentos \u201cm\u00e1s sanos que los normales\u201d (37%).<\/p>\n<p>Los \u201cfactores m\u00e1s satisfactorios\u201d que destacan los usuarios de consumir estos alimentos son la calidad de los ingredientes (93%), seguida de la informaci\u00f3n nutricional y de salud en el etiquetado (92%), mientras el factor \u201cmenos satisfactorio\u201d es el precio, ya que el 83% cree que estos art\u00edculos \u201cson m\u00e1s caros\u201d.<\/p>\n<p>El 41% de los consumidores incluye este tipo de productos \u201ccasi todas las veces\u201d que hace la compra y el 25% los adquiere \u201csiempre que va a comprar\u201d, mientras el 31% lo incluye en su cesta de la compra \u201calguna vez\u201d.<\/p>\n<h2>LOS M\u00c1S INCLUIDOS EN LA CESTA DE LA COMPRA<\/h2>\n<p>Los alimentos que se incluyen con \u201cm\u00e1s frecuencia\u201d en la cesta de la compra son la leche sin lactosa (39%), los yogures probi\u00f3ticos (33%) y las galletas sin az\u00facar (26%).<\/p>\n<p>En cuanto a los beneficios que presentan o no los productos funcionales, un 83% defiende que son m\u00e1s caros y casi el 30% de ellos piensa que es \u00abmuy f\u00e1cil\u201d encontrarlos.<\/p>\n<p>Los productos de este tipo m\u00e1s demandados por los espa\u00f1oles son aquellos para mejorar la digesti\u00f3n (48%), los snacks saludables para el control de peso (45%) y productos enriquecidos con vitaminas y minerales (44%).<\/p>\n<p>\u201cPara el 82% de la poblaci\u00f3n los productos funcionales son indispensables para una dieta sana y equilibrada, aunque un 49% considera que no son naturales\u201d, advierte el estudio, seg\u00fan el cual un 89% de consultados observa que los supermercados ofrecen \u201cmuchos m\u00e1s productos sin gluten que a\u00f1os atr\u00e1s\u201d, aunque al 82% de los cel\u00edacos encuestados le \u201ccuesta encontrar productos sin gluten en los supermercados\u201d.<\/p>\n<p>Por \u00faltimo, m\u00e1s de la mitad de los espa\u00f1oles compran productos funcionales de marca blanca antes que de marca fabricante (57%) y al 48% le \u201cgustar\u00eda ver m\u00e1s productos funcionales para mejorar la digesti\u00f3n\u201d.<\/p>\n<p>(<a href=\"https:\/\/www.servimedia.es\/\" target=\"_blank\" rel=\"noopener\"><span style=\"color: #ff6600;\"><strong>SERVIMEDIA<\/strong><\/span><\/a>)<\/p>\n","protected":false},"excerpt":{"rendered":"<p>Un estudio informa de un descenso del consumo de gluten en Espa\u00f1a, y adem\u00e1s m\u00e1s del 40% de los espa\u00f1oles afirman que han reducido el consumo de gluten y m\u00e1s del 75% cree que cada d\u00eda hay m\u00e1s personas que lo dejan \u00abde manera innecesaria\u00bb. As\u00ed lo concluye un estudio realizado por la plataforma global<\/p>\n","protected":false},"author":1,"featured_media":180936,"comment_status":"closed","ping_status":"closed","sticky":false,"template":"","format":"standard","meta":{"footnotes":""},"categories":[372],"tags":[378],"class_list":{"0":"post-180935","1":"post","2":"type-post","3":"status-publish","4":"format-standard","5":"has-post-thumbnail","7":"category-salud","8":"tag-salud"},"aioseo_notices":[],"aioseo_head":"\n\t\t<!-- All in One SEO Pro 4.9.6.2 - aioseo.com -->\n\t<meta name=\"description\" content=\"Un estudio informa de un descenso del consumo de gluten en Espa\u00f1a, y adem\u00e1s m\u00e1s del 40% de los espa\u00f1oles afirman que han reducido el consumo de gluten\" \/>\n\t<meta name=\"robots\" content=\"max-image-preview:large\" \/>\n\t<meta name=\"author\" content=\"Cand\u00e1s 365\"\/>\n\t<meta name=\"google-site-verification\" content=\"UA-32230408-1\" \/>\n\t<meta name=\"msvalidate.01\" content=\"354F3CDFB2DA171B47FBE9ABF1F88D5\" \/>\n\t<meta name=\"keywords\" content=\"salud\" \/>\n\t<link rel=\"canonical\" href=\"https:\/\/candas365.es\/noticias\/desciende-el-consumo-de-gluten-en-espana\/\" \/>\n\t<meta name=\"generator\" content=\"All in One SEO Pro (AIOSEO) 4.9.6.2\" \/>\n\t\t<meta property=\"og:locale\" content=\"es_ES\" \/>\n\t\t<meta property=\"og:site_name\" content=\"Cand\u00e1s 365\" \/>\n\t\t<meta property=\"og:type\" content=\"article\" \/>\n\t\t<meta property=\"og:title\" content=\"Desciende el consumo de gluten en Espa\u00f1a | Cand\u00e1s 365\" \/>\n\t\t<meta property=\"og:description\" content=\"Un estudio informa de un descenso del consumo de gluten en Espa\u00f1a, y adem\u00e1s m\u00e1s del 40% de los espa\u00f1oles afirman que han reducido el consumo de gluten\" \/>\n\t\t<meta property=\"og:url\" content=\"https:\/\/candas365.es\/noticias\/desciende-el-consumo-de-gluten-en-espana\/\" \/>\n\t\t<meta property=\"og:image\" content=\"https:\/\/candas365.es\/noticias\/wp-content\/uploads\/2024\/05\/Desciende-el-consumo-de-gluten-en-Espana.jpg\" \/>\n\t\t<meta property=\"og:image:secure_url\" content=\"https:\/\/candas365.es\/noticias\/wp-content\/uploads\/2024\/05\/Desciende-el-consumo-de-gluten-en-Espana.jpg\" \/>\n\t\t<meta property=\"og:image:width\" content=\"683\" \/>\n\t\t<meta property=\"og:image:height\" content=\"450\" \/>\n\t\t<meta property=\"article:published_time\" content=\"2024-05-13T20:23:17+00:00\" \/>\n\t\t<meta property=\"article:modified_time\" content=\"2024-05-13T20:23:17+00:00\" \/>\n\t\t<meta property=\"article:publisher\" content=\"https:\/\/www.facebook.com\/Nachofdezber\" \/>\n\t\t<meta property=\"article:author\" content=\"https:\/\/www.facebook.com\/carrenoactualidad\" \/>\n\t\t<meta name=\"twitter:card\" content=\"summary_large_image\" \/>\n\t\t<meta name=\"twitter:site\" content=\"@NabercoDigital\" \/>\n\t\t<meta name=\"twitter:title\" content=\"Desciende el consumo de gluten en Espa\u00f1a | Cand\u00e1s 365\" \/>\n\t\t<meta name=\"twitter:description\" content=\"Un estudio informa de un descenso del consumo de gluten en Espa\u00f1a, y adem\u00e1s m\u00e1s del 40% de los espa\u00f1oles afirman que han reducido el consumo de gluten\" \/>\n\t\t<meta name=\"twitter:creator\" content=\"@nbasturias\" \/>\n\t\t<meta name=\"twitter:image\" content=\"https:\/\/candas365.es\/noticias\/wp-content\/uploads\/2024\/05\/Desciende-el-consumo-de-gluten-en-Espana.jpg\" \/>\n\t\t<meta name=\"twitter:label1\" content=\"Escrito por\" \/>\n\t\t<meta name=\"twitter:data1\" content=\"Cand\u00e1s 365\" \/>\n\t\t<meta name=\"twitter:label2\" content=\"Tiempo de lectura estimado\" \/>\n\t\t<meta name=\"twitter:data2\" content=\"4 minutos\" \/>\n\t\t<script type=\"application\/ld+json\" class=\"aioseo-schema\">\n\t\t\t{\"@context\":\"https:\\\/\\\/schema.org\",\"@graph\":[{\"@type\":\"BreadcrumbList\",\"@id\":\"https:\\\/\\\/candas365.es\\\/noticias\\\/desciende-el-consumo-de-gluten-en-espana\\\/#breadcrumblist\",\"itemListElement\":[{\"@type\":\"ListItem\",\"@id\":\"https:\\\/\\\/candas365.es\\\/noticias#listItem\",\"position\":1,\"name\":\"Home\",\"item\":\"https:\\\/\\\/candas365.es\\\/noticias\",\"nextItem\":{\"@type\":\"ListItem\",\"@id\":\"https:\\\/\\\/candas365.es\\\/noticias\\\/category\\\/salud\\\/#listItem\",\"name\":\"Salud\"}},{\"@type\":\"ListItem\",\"@id\":\"https:\\\/\\\/candas365.es\\\/noticias\\\/category\\\/salud\\\/#listItem\",\"position\":2,\"name\":\"Salud\",\"item\":\"https:\\\/\\\/candas365.es\\\/noticias\\\/category\\\/salud\\\/\",\"nextItem\":{\"@type\":\"ListItem\",\"@id\":\"https:\\\/\\\/candas365.es\\\/noticias\\\/desciende-el-consumo-de-gluten-en-espana\\\/#listItem\",\"name\":\"Desciende el consumo de gluten en Espa\\u00f1a\"},\"previousItem\":{\"@type\":\"ListItem\",\"@id\":\"https:\\\/\\\/candas365.es\\\/noticias#listItem\",\"name\":\"Home\"}},{\"@type\":\"ListItem\",\"@id\":\"https:\\\/\\\/candas365.es\\\/noticias\\\/desciende-el-consumo-de-gluten-en-espana\\\/#listItem\",\"position\":3,\"name\":\"Desciende el consumo de gluten en Espa\\u00f1a\",\"previousItem\":{\"@type\":\"ListItem\",\"@id\":\"https:\\\/\\\/candas365.es\\\/noticias\\\/category\\\/salud\\\/#listItem\",\"name\":\"Salud\"}}]},{\"@type\":\"NewsArticle\",\"@id\":\"https:\\\/\\\/candas365.es\\\/noticias\\\/desciende-el-consumo-de-gluten-en-espana\\\/#newsarticle\",\"name\":\"Desciende el consumo de gluten en Espa\\u00f1a | Cand\\u00e1s 365\",\"headline\":\"Desciende el consumo de gluten en Espa\\u00f1a\",\"author\":{\"@id\":\"https:\\\/\\\/candas365.es\\\/noticias\\\/author\\\/admin\\\/#author\"},\"publisher\":{\"@id\":\"https:\\\/\\\/candas365.es\\\/noticias\\\/#organization\"},\"image\":{\"@type\":\"ImageObject\",\"url\":\"https:\\\/\\\/candas365.es\\\/noticias\\\/wp-content\\\/uploads\\\/2024\\\/05\\\/Desciende-el-consumo-de-gluten-en-Espana.jpg\",\"width\":683,\"height\":450,\"caption\":\"Pan y otros alimentos | Foto de Appinio\"},\"datePublished\":\"2024-05-13T22:23:17+02:00\",\"dateModified\":\"2024-05-13T22:23:17+02:00\",\"inLanguage\":\"es-ES\",\"mainEntityOfPage\":{\"@id\":\"https:\\\/\\\/candas365.es\\\/noticias\\\/desciende-el-consumo-de-gluten-en-espana\\\/#webpage\"},\"isPartOf\":{\"@id\":\"https:\\\/\\\/candas365.es\\\/noticias\\\/desciende-el-consumo-de-gluten-en-espana\\\/#webpage\"},\"articleSection\":\"Salud, Salud\",\"dateline\":\"Publicado el mayo 13, 2024.\"},{\"@type\":\"Organization\",\"@id\":\"https:\\\/\\\/candas365.es\\\/noticias\\\/#organization\",\"name\":\"Cand\\u00e1s 365\",\"description\":\"Cand\\u00e1s 365 es un diario digital independiente, fundado en 2012, con base en Asturias. Informamos con rigor sobre actualidad, sociedad, cultura y ocio, con una mirada local y global.\",\"url\":\"https:\\\/\\\/candas365.es\\\/noticias\\\/\",\"email\":\"info@candas365.es\",\"telephone\":\"+34652131393\",\"foundingDate\":\"2012-06-10\",\"logo\":{\"@type\":\"ImageObject\",\"url\":\"https:\\\/\\\/candas365.es\\\/noticias\\\/wp-content\\\/uploads\\\/2024\\\/09\\\/Candas-365-Redes.jpg\",\"@id\":\"https:\\\/\\\/candas365.es\\\/noticias\\\/desciende-el-consumo-de-gluten-en-espana\\\/#organizationLogo\",\"width\":1152,\"height\":864,\"caption\":\"Cand\\u00e1s 365 Redes\"},\"image\":{\"@id\":\"https:\\\/\\\/candas365.es\\\/noticias\\\/desciende-el-consumo-de-gluten-en-espana\\\/#organizationLogo\"},\"sameAs\":[\"https:\\\/\\\/www.facebook.com\\\/Nachofdezber\",\"https:\\\/\\\/x.com\\\/NabercoDigital\",\"https:\\\/\\\/www.instagram.com\\\/nachofdezber\\\/\",\"https:\\\/\\\/www.youtube.com\\\/channel\\\/UCZP-2wLEB9Rv6erhFmqVnvg\"],\"address\":{\"@id\":\"https:\\\/\\\/candas365.es\\\/noticias\\\/#postaladdress\",\"@type\":\"PostalAddress\",\"streetAddress\":\"san antonio 4, san antonio 4\",\"postalCode\":\"33430\",\"addressLocality\":\"Cand\\u00e1s\",\"addressRegion\":\"Asturias\",\"addressCountry\":\"ES\"}},{\"@type\":\"Person\",\"@id\":\"https:\\\/\\\/candas365.es\\\/noticias\\\/author\\\/admin\\\/#author\",\"url\":\"https:\\\/\\\/candas365.es\\\/noticias\\\/author\\\/admin\\\/\",\"name\":\"Cand\\u00e1s 365\",\"image\":{\"@type\":\"ImageObject\",\"@id\":\"https:\\\/\\\/candas365.es\\\/noticias\\\/desciende-el-consumo-de-gluten-en-espana\\\/#authorImage\",\"url\":\"https:\\\/\\\/secure.gravatar.com\\\/avatar\\\/496a8e03d0c493ede1718b7934145dbdf8d89be1036b0eec9544e1094c9de390?s=96&d=mm&r=g\",\"width\":96,\"height\":96,\"caption\":\"Cand\\u00e1s 365\"},\"sameAs\":[\"https:\\\/\\\/www.facebook.com\\\/carrenoactualidad\",\"https:\\\/\\\/twitter.com\\\/nbasturias\",\"https:\\\/\\\/www.instagram.com\\\/nachofdezber\\\/\",\"https:\\\/\\\/www.youtube.com\\\/channel\\\/UCZP-2wLEB9Rv6erhFmqVnvg\"]},{\"@type\":\"WebPage\",\"@id\":\"https:\\\/\\\/candas365.es\\\/noticias\\\/desciende-el-consumo-de-gluten-en-espana\\\/#webpage\",\"url\":\"https:\\\/\\\/candas365.es\\\/noticias\\\/desciende-el-consumo-de-gluten-en-espana\\\/\",\"name\":\"Desciende el consumo de gluten en Espa\\u00f1a | Cand\\u00e1s 365\",\"description\":\"Un estudio informa de un descenso del consumo de gluten en Espa\\u00f1a, y adem\\u00e1s m\\u00e1s del 40% de los espa\\u00f1oles afirman que han reducido el consumo de gluten\",\"inLanguage\":\"es-ES\",\"isPartOf\":{\"@id\":\"https:\\\/\\\/candas365.es\\\/noticias\\\/#website\"},\"breadcrumb\":{\"@id\":\"https:\\\/\\\/candas365.es\\\/noticias\\\/desciende-el-consumo-de-gluten-en-espana\\\/#breadcrumblist\"},\"author\":{\"@id\":\"https:\\\/\\\/candas365.es\\\/noticias\\\/author\\\/admin\\\/#author\"},\"creator\":{\"@id\":\"https:\\\/\\\/candas365.es\\\/noticias\\\/author\\\/admin\\\/#author\"},\"image\":{\"@type\":\"ImageObject\",\"url\":\"https:\\\/\\\/candas365.es\\\/noticias\\\/wp-content\\\/uploads\\\/2024\\\/05\\\/Desciende-el-consumo-de-gluten-en-Espana.jpg\",\"@id\":\"https:\\\/\\\/candas365.es\\\/noticias\\\/desciende-el-consumo-de-gluten-en-espana\\\/#mainImage\",\"width\":683,\"height\":450,\"caption\":\"Pan y otros alimentos | Foto de Appinio\"},\"primaryImageOfPage\":{\"@id\":\"https:\\\/\\\/candas365.es\\\/noticias\\\/desciende-el-consumo-de-gluten-en-espana\\\/#mainImage\"},\"datePublished\":\"2024-05-13T22:23:17+02:00\",\"dateModified\":\"2024-05-13T22:23:17+02:00\"},{\"@type\":\"WebSite\",\"@id\":\"https:\\\/\\\/candas365.es\\\/noticias\\\/#website\",\"url\":\"https:\\\/\\\/candas365.es\\\/noticias\\\/\",\"name\":\"Cand\\u00e1s 365\",\"alternateName\":\"Cand\\u00e1s 365 Noticias\",\"description\":\"Actualidad desde Carre\\u00f1o para el mundo\",\"inLanguage\":\"es-ES\",\"publisher\":{\"@id\":\"https:\\\/\\\/candas365.es\\\/noticias\\\/#organization\"}}]}\n\t\t<\/script>\n\t\t<!-- All in One SEO Pro -->\r\n\t\t<title>Desciende el consumo de gluten en Espa\u00f1a | Cand\u00e1s 365<\/title>\n\n","aioseo_head_json":{"title":"Desciende el consumo de gluten en Espa\u00f1a | Cand\u00e1s 365","description":"Un estudio informa de un descenso del consumo de gluten en Espa\u00f1a, y adem\u00e1s m\u00e1s del 40% de los espa\u00f1oles afirman que han reducido el consumo de gluten","canonical_url":"https:\/\/candas365.es\/noticias\/desciende-el-consumo-de-gluten-en-espana\/","robots":"max-image-preview:large","keywords":"salud","webmasterTools":{"google-site-verification":"UA-32230408-1","msvalidate.01":"354F3CDFB2DA171B47FBE9ABF1F88D5","miscellaneous":""},"schema":{"@context":"https:\/\/schema.org","@graph":[{"@type":"BreadcrumbList","@id":"https:\/\/candas365.es\/noticias\/desciende-el-consumo-de-gluten-en-espana\/#breadcrumblist","itemListElement":[{"@type":"ListItem","@id":"https:\/\/candas365.es\/noticias#listItem","position":1,"name":"Home","item":"https:\/\/candas365.es\/noticias","nextItem":{"@type":"ListItem","@id":"https:\/\/candas365.es\/noticias\/category\/salud\/#listItem","name":"Salud"}},{"@type":"ListItem","@id":"https:\/\/candas365.es\/noticias\/category\/salud\/#listItem","position":2,"name":"Salud","item":"https:\/\/candas365.es\/noticias\/category\/salud\/","nextItem":{"@type":"ListItem","@id":"https:\/\/candas365.es\/noticias\/desciende-el-consumo-de-gluten-en-espana\/#listItem","name":"Desciende el consumo de gluten en Espa\u00f1a"},"previousItem":{"@type":"ListItem","@id":"https:\/\/candas365.es\/noticias#listItem","name":"Home"}},{"@type":"ListItem","@id":"https:\/\/candas365.es\/noticias\/desciende-el-consumo-de-gluten-en-espana\/#listItem","position":3,"name":"Desciende el consumo de gluten en Espa\u00f1a","previousItem":{"@type":"ListItem","@id":"https:\/\/candas365.es\/noticias\/category\/salud\/#listItem","name":"Salud"}}]},{"@type":"NewsArticle","@id":"https:\/\/candas365.es\/noticias\/desciende-el-consumo-de-gluten-en-espana\/#newsarticle","name":"Desciende el consumo de gluten en Espa\u00f1a | Cand\u00e1s 365","headline":"Desciende el consumo de gluten en Espa\u00f1a","author":{"@id":"https:\/\/candas365.es\/noticias\/author\/admin\/#author"},"publisher":{"@id":"https:\/\/candas365.es\/noticias\/#organization"},"image":{"@type":"ImageObject","url":"https:\/\/candas365.es\/noticias\/wp-content\/uploads\/2024\/05\/Desciende-el-consumo-de-gluten-en-Espana.jpg","width":683,"height":450,"caption":"Pan y otros alimentos | Foto de Appinio"},"datePublished":"2024-05-13T22:23:17+02:00","dateModified":"2024-05-13T22:23:17+02:00","inLanguage":"es-ES","mainEntityOfPage":{"@id":"https:\/\/candas365.es\/noticias\/desciende-el-consumo-de-gluten-en-espana\/#webpage"},"isPartOf":{"@id":"https:\/\/candas365.es\/noticias\/desciende-el-consumo-de-gluten-en-espana\/#webpage"},"articleSection":"Salud, Salud","dateline":"Publicado el mayo 13, 2024."},{"@type":"Organization","@id":"https:\/\/candas365.es\/noticias\/#organization","name":"Cand\u00e1s 365","description":"Cand\u00e1s 365 es un diario digital independiente, fundado en 2012, con base en Asturias. Informamos con rigor sobre actualidad, sociedad, cultura y ocio, con una mirada local y global.","url":"https:\/\/candas365.es\/noticias\/","email":"info@candas365.es","telephone":"+34652131393","foundingDate":"2012-06-10","logo":{"@type":"ImageObject","url":"https:\/\/candas365.es\/noticias\/wp-content\/uploads\/2024\/09\/Candas-365-Redes.jpg","@id":"https:\/\/candas365.es\/noticias\/desciende-el-consumo-de-gluten-en-espana\/#organizationLogo","width":1152,"height":864,"caption":"Cand\u00e1s 365 Redes"},"image":{"@id":"https:\/\/candas365.es\/noticias\/desciende-el-consumo-de-gluten-en-espana\/#organizationLogo"},"sameAs":["https:\/\/www.facebook.com\/Nachofdezber","https:\/\/x.com\/NabercoDigital","https:\/\/www.instagram.com\/nachofdezber\/","https:\/\/www.youtube.com\/channel\/UCZP-2wLEB9Rv6erhFmqVnvg"],"address":{"@id":"https:\/\/candas365.es\/noticias\/#postaladdress","@type":"PostalAddress","streetAddress":"san antonio 4, san antonio 4","postalCode":"33430","addressLocality":"Cand\u00e1s","addressRegion":"Asturias","addressCountry":"ES"}},{"@type":"Person","@id":"https:\/\/candas365.es\/noticias\/author\/admin\/#author","url":"https:\/\/candas365.es\/noticias\/author\/admin\/","name":"Cand\u00e1s 365","image":{"@type":"ImageObject","@id":"https:\/\/candas365.es\/noticias\/desciende-el-consumo-de-gluten-en-espana\/#authorImage","url":"https:\/\/secure.gravatar.com\/avatar\/496a8e03d0c493ede1718b7934145dbdf8d89be1036b0eec9544e1094c9de390?s=96&d=mm&r=g","width":96,"height":96,"caption":"Cand\u00e1s 365"},"sameAs":["https:\/\/www.facebook.com\/carrenoactualidad","https:\/\/twitter.com\/nbasturias","https:\/\/www.instagram.com\/nachofdezber\/","https:\/\/www.youtube.com\/channel\/UCZP-2wLEB9Rv6erhFmqVnvg"]},{"@type":"WebPage","@id":"https:\/\/candas365.es\/noticias\/desciende-el-consumo-de-gluten-en-espana\/#webpage","url":"https:\/\/candas365.es\/noticias\/desciende-el-consumo-de-gluten-en-espana\/","name":"Desciende el consumo de gluten en Espa\u00f1a | Cand\u00e1s 365","description":"Un estudio informa de un descenso del consumo de gluten en Espa\u00f1a, y adem\u00e1s m\u00e1s del 40% de los espa\u00f1oles afirman que han reducido el consumo de gluten","inLanguage":"es-ES","isPartOf":{"@id":"https:\/\/candas365.es\/noticias\/#website"},"breadcrumb":{"@id":"https:\/\/candas365.es\/noticias\/desciende-el-consumo-de-gluten-en-espana\/#breadcrumblist"},"author":{"@id":"https:\/\/candas365.es\/noticias\/author\/admin\/#author"},"creator":{"@id":"https:\/\/candas365.es\/noticias\/author\/admin\/#author"},"image":{"@type":"ImageObject","url":"https:\/\/candas365.es\/noticias\/wp-content\/uploads\/2024\/05\/Desciende-el-consumo-de-gluten-en-Espana.jpg","@id":"https:\/\/candas365.es\/noticias\/desciende-el-consumo-de-gluten-en-espana\/#mainImage","width":683,"height":450,"caption":"Pan y otros alimentos | Foto de Appinio"},"primaryImageOfPage":{"@id":"https:\/\/candas365.es\/noticias\/desciende-el-consumo-de-gluten-en-espana\/#mainImage"},"datePublished":"2024-05-13T22:23:17+02:00","dateModified":"2024-05-13T22:23:17+02:00"},{"@type":"WebSite","@id":"https:\/\/candas365.es\/noticias\/#website","url":"https:\/\/candas365.es\/noticias\/","name":"Cand\u00e1s 365","alternateName":"Cand\u00e1s 365 Noticias","description":"Actualidad desde Carre\u00f1o para el mundo","inLanguage":"es-ES","publisher":{"@id":"https:\/\/candas365.es\/noticias\/#organization"}}]},"og:locale":"es_ES","og:site_name":"Cand\u00e1s 365","og:type":"article","og:title":"Desciende el consumo de gluten en Espa\u00f1a | Cand\u00e1s 365","og:description":"Un estudio informa de un descenso del consumo de gluten en Espa\u00f1a, y adem\u00e1s m\u00e1s del 40% de los espa\u00f1oles afirman que han reducido el consumo de gluten","og:url":"https:\/\/candas365.es\/noticias\/desciende-el-consumo-de-gluten-en-espana\/","og:image":"https:\/\/candas365.es\/noticias\/wp-content\/uploads\/2024\/05\/Desciende-el-consumo-de-gluten-en-Espana.jpg","og:image:secure_url":"https:\/\/candas365.es\/noticias\/wp-content\/uploads\/2024\/05\/Desciende-el-consumo-de-gluten-en-Espana.jpg","og:image:width":683,"og:image:height":450,"article:published_time":"2024-05-13T20:23:17+00:00","article:modified_time":"2024-05-13T20:23:17+00:00","article:publisher":"https:\/\/www.facebook.com\/Nachofdezber","article:author":"https:\/\/www.facebook.com\/carrenoactualidad","twitter:card":"summary_large_image","twitter:site":"@NabercoDigital","twitter:title":"Desciende el consumo de gluten en Espa\u00f1a | Cand\u00e1s 365","twitter:description":"Un estudio informa de un descenso del consumo de gluten en Espa\u00f1a, y adem\u00e1s m\u00e1s del 40% de los espa\u00f1oles afirman que han reducido el consumo de gluten","twitter:creator":"@nbasturias","twitter:image":"https:\/\/candas365.es\/noticias\/wp-content\/uploads\/2024\/05\/Desciende-el-consumo-de-gluten-en-Espana.jpg","twitter:label1":"Escrito por","twitter:data1":"Cand\u00e1s 365","twitter:label2":"Tiempo de lectura estimado","twitter:data2":"4 minutos"},"aioseo_meta_data":{"post_id":"180935","title":null,"description":"Un estudio informa de un descenso del consumo de gluten en Espa\u00f1a, y adem\u00e1s m\u00e1s del 40% de los espa\u00f1oles afirman que han reducido el consumo de gluten","keywords":null,"keyphrases":{"focus":{"keyphrase":"gluten","score":72,"analysis":{"keyphraseInTitle":{"score":9,"maxScore":9,"error":0},"keyphraseInDescription":{"score":9,"maxScore":9,"error":0},"keyphraseLength":{"score":9,"maxScore":9,"error":0,"length":1},"keyphraseInURL":{"score":1,"maxScore":5,"error":1},"keyphraseInIntroduction":{"score":9,"maxScore":9,"error":0},"keyphraseInSubHeadings":{"score":3,"maxScore":9,"error":1},"keyphraseInImageAlt":{"score":9,"maxScore":9,"error":0},"keywordDensity":{"score":0,"type":"low","maxScore":9,"error":1}}},"additional":[{"keyphrase":"gluten","score":80,"analysis":{"keyphraseInDescription":{"score":9,"maxScore":9,"error":0},"keyphraseLength":{"score":9,"maxScore":9,"error":0,"length":1},"keyphraseInIntroduction":{"score":9,"maxScore":9,"error":0},"keyphraseInImageAlt":{"score":9,"maxScore":9,"error":0},"keywordDensity":{"score":0,"type":"low","maxScore":9,"error":1}}}]},"primary_term":null,"canonical_url":null,"og_title":null,"og_description":null,"og_object_type":"default","og_image_type":"default","og_image_url":null,"og_image_width":null,"og_image_height":null,"og_image_custom_url":null,"og_image_custom_fields":null,"og_video":"","og_custom_url":null,"og_article_section":null,"og_article_tags":null,"twitter_use_og":false,"twitter_card":"default","twitter_image_type":"default","twitter_image_url":null,"twitter_image_custom_url":null,"twitter_image_custom_fields":null,"twitter_title":null,"twitter_description":null,"schema":{"blockGraphs":[],"customGraphs":[],"default":{"data":{"Article":[],"Course":[],"Dataset":[],"FAQPage":[],"Movie":[],"Person":[],"Product":[],"ProductReview":[],"Car":[],"Recipe":[],"Service":[],"SoftwareApplication":[],"WebPage":[]},"graphName":"Article","isEnabled":true},"graphs":[]},"schema_type":"default","schema_type_options":null,"pillar_content":false,"robots_default":true,"robots_noindex":false,"robots_noarchive":false,"robots_nosnippet":false,"robots_nofollow":false,"robots_noimageindex":false,"robots_noodp":false,"robots_notranslate":false,"robots_max_snippet":"-1","robots_max_videopreview":"-1","robots_max_imagepreview":"large","priority":null,"frequency":"default","location":null,"local_seo":null,"seo_analyzer_scan_date":"2025-09-02 09:50:10","breadcrumb_settings":null,"limit_modified_date":false,"reviewed_by":null,"open_ai":"{\"title\":{\"suggestions\":[],\"usage\":0},\"description\":{\"suggestions\":[],\"usage\":0}}","ai":null,"created":"2024-05-13 20:16:17","updated":"2025-09-02 09:50:10"},"aioseo_breadcrumb":"<div class=\"aioseo-breadcrumbs\"><span class=\"aioseo-breadcrumb\">\n\t<a href=\"https:\/\/candas365.es\/noticias\" title=\"Home\">Home<\/a>\n<\/span><span class=\"aioseo-breadcrumb-separator\">&ndash;<\/span><span class=\"aioseo-breadcrumb\">\n\t<a href=\"https:\/\/candas365.es\/noticias\/category\/salud\/\" title=\"Salud\">Salud<\/a>\n<\/span><span class=\"aioseo-breadcrumb-separator\">&ndash;<\/span><span class=\"aioseo-breadcrumb\">\n\tDesciende el consumo de gluten en Espa\u00f1a\n<\/span><\/div>","aioseo_breadcrumb_json":[{"label":"Home","link":"https:\/\/candas365.es\/noticias"},{"label":"Salud","link":"https:\/\/candas365.es\/noticias\/category\/salud\/"},{"label":"Desciende el consumo de gluten en Espa\u00f1a","link":"https:\/\/candas365.es\/noticias\/desciende-el-consumo-de-gluten-en-espana\/"}],"_links":{"self":[{"href":"https:\/\/candas365.es\/noticias\/wp-json\/wp\/v2\/posts\/180935","targetHints":{"allow":["GET"]}}],"collection":[{"href":"https:\/\/candas365.es\/noticias\/wp-json\/wp\/v2\/posts"}],"about":[{"href":"https:\/\/candas365.es\/noticias\/wp-json\/wp\/v2\/types\/post"}],"author":[{"embeddable":true,"href":"https:\/\/candas365.es\/noticias\/wp-json\/wp\/v2\/users\/1"}],"replies":[{"embeddable":true,"href":"https:\/\/candas365.es\/noticias\/wp-json\/wp\/v2\/comments?post=180935"}],"version-history":[{"count":0,"href":"https:\/\/candas365.es\/noticias\/wp-json\/wp\/v2\/posts\/180935\/revisions"}],"wp:featuredmedia":[{"embeddable":true,"href":"https:\/\/candas365.es\/noticias\/wp-json\/wp\/v2\/media\/180936"}],"wp:attachment":[{"href":"https:\/\/candas365.es\/noticias\/wp-json\/wp\/v2\/media?parent=180935"}],"wp:term":[{"taxonomy":"category","embeddable":true,"href":"https:\/\/candas365.es\/noticias\/wp-json\/wp\/v2\/categories?post=180935"},{"taxonomy":"post_tag","embeddable":true,"href":"https:\/\/candas365.es\/noticias\/wp-json\/wp\/v2\/tags?post=180935"}],"curies":[{"name":"wp","href":"https:\/\/api.w.org\/{rel}","templated":true}]}}