{"id":180900,"date":"2024-05-13T12:40:35","date_gmt":"2024-05-13T10:40:35","guid":{"rendered":"https:\/\/candas365.es\/noticias\/?p=180900"},"modified":"2024-05-13T12:40:35","modified_gmt":"2024-05-13T10:40:35","slug":"las-europeas-2024-comienzan-en-carreno","status":"publish","type":"post","link":"https:\/\/candas365.es\/noticias\/las-europeas-2024-comienzan-en-carreno\/","title":{"rendered":"Las europeas 2024 \u00abcomienzan\u00bb en Carre\u00f1o"},"content":{"rendered":"<p>Hoy lunes 13 de mayo de 2024 en el <a title=\"Ayuntamiento de Carre\u00f1o\" href=\"https:\/\/www.ayto-carreno.es\/\" target=\"_blank\" rel=\"noopener\"><span style=\"color: #ff6600;\"><strong>Ayuntamiento de Carre\u00f1o<\/strong><\/span><\/a>, en Cand\u00e1s, se celebr\u00f3 un pleno extraordinario para el nombramiento de los miembros de las mesas electorales, con motivo de las <strong>elecciones al Parlamento Europeo<\/strong> que se celebrar\u00e1n el pr\u00f3ximo d\u00eda <strong>9 de junio de 2024.<\/strong><\/p>\n<figure id=\"attachment_180901\" aria-describedby=\"caption-attachment-180901\" style=\"width: 650px\" class=\"wp-caption aligncenter\"><img fetchpriority=\"high\" decoding=\"async\" class=\"size-large wp-image-180901\" src=\"https:\/\/candas365.es\/noticias\/wp-content\/uploads\/2024\/05\/Las-europeas-2024-comienzan-en-Carreno-650x468.jpg\" alt=\"Las europeas 2024 comienzan en Carre\u00f1o\" width=\"650\" height=\"468\" srcset=\"https:\/\/candas365.es\/noticias\/wp-content\/uploads\/2024\/05\/Las-europeas-2024-comienzan-en-Carreno-650x468.jpg 650w, https:\/\/candas365.es\/noticias\/wp-content\/uploads\/2024\/05\/Las-europeas-2024-comienzan-en-Carreno-360x259.jpg 360w, https:\/\/candas365.es\/noticias\/wp-content\/uploads\/2024\/05\/Las-europeas-2024-comienzan-en-Carreno-768x553.jpg 768w, https:\/\/candas365.es\/noticias\/wp-content\/uploads\/2024\/05\/Las-europeas-2024-comienzan-en-Carreno-150x108.jpg 150w, https:\/\/candas365.es\/noticias\/wp-content\/uploads\/2024\/05\/Las-europeas-2024-comienzan-en-Carreno-450x324.jpg 450w, https:\/\/candas365.es\/noticias\/wp-content\/uploads\/2024\/05\/Las-europeas-2024-comienzan-en-Carreno.jpg 889w\" sizes=\"(max-width: 650px) 100vw, 650px\" \/><figcaption id=\"caption-attachment-180901\" class=\"wp-caption-text\">Foto: Cand\u00e1s 365<\/figcaption><\/figure>\n<p>De este modo las elecciones europeas ya comienzan en <a href=\"https:\/\/candas365.es\/noticias\/category\/noticias-carreno\/\"><span style=\"color: #ff6600;\"><strong>Carre\u00f1o<\/strong><\/span><\/a> y durante los pr\u00f3ximos d\u00edas los vecinos y vecinas comenzar\u00e1n a recibir en sus domicilios las notificaciones.<\/p>\n<p><strong>Las elecciones europeas se celebrar\u00e1n en Espa\u00f1a el 9 de junio de 2024<\/strong>. La edad m\u00ednima para votar es de 18 a\u00f1os. Pueden votar en ellas los ciudadanos espa\u00f1oles residentes en Espa\u00f1a o en el extranjero, as\u00ed como los ciudadanos de otros pa\u00edses de la UE residentes en Espa\u00f1a.<\/p>\n<p>El pr\u00f3ximo 9 de junio <strong>en Espa\u00f1a se elegir\u00e1n 61 eurodiputados<\/strong>.<\/p>\n","protected":false},"excerpt":{"rendered":"<p>Hoy lunes 13 de mayo de 2024 en el Ayuntamiento de Carre\u00f1o, en Cand\u00e1s, se celebr\u00f3 un pleno extraordinario para el nombramiento de los miembros de las mesas electorales, con motivo de las elecciones al Parlamento Europeo que se celebrar\u00e1n el pr\u00f3ximo d\u00eda 9 de junio de 2024. De este modo las elecciones europeas ya<\/p>\n","protected":false},"author":1,"featured_media":180901,"comment_status":"closed","ping_status":"closed","sticky":false,"template":"","format":"standard","meta":{"footnotes":""},"categories":[316,2],"tags":[365,413,470],"class_list":{"0":"post-180900","1":"post","2":"type-post","3":"status-publish","4":"format-standard","5":"has-post-thumbnail","7":"category-destacadas","8":"category-noticias-carreno","9":"tag-carreno","10":"tag-elecciones","11":"tag-politica"},"aioseo_notices":[],"aioseo_head":"\n\t\t<!-- All in One SEO Pro 4.9.6.2 - aioseo.com -->\n\t<meta name=\"description\" content=\"Hoy lunes 13 de mayo de 2024 en el Ayuntamiento de Carre\u00f1o, en Cand\u00e1s, se celebr\u00f3 un pleno extraordinario para el nombramiento de los miembros de las mesas\" \/>\n\t<meta name=\"robots\" content=\"max-image-preview:large\" \/>\n\t<meta name=\"author\" content=\"Cand\u00e1s 365\"\/>\n\t<meta name=\"google-site-verification\" content=\"UA-32230408-1\" \/>\n\t<meta name=\"msvalidate.01\" content=\"354F3CDFB2DA171B47FBE9ABF1F88D5\" \/>\n\t<meta name=\"keywords\" content=\"destacadas,noticias carre\u00f1o\" \/>\n\t<link rel=\"canonical\" href=\"https:\/\/candas365.es\/noticias\/las-europeas-2024-comienzan-en-carreno\/\" \/>\n\t<meta name=\"generator\" content=\"All in One SEO Pro (AIOSEO) 4.9.6.2\" \/>\n\t\t<meta property=\"og:locale\" content=\"es_ES\" \/>\n\t\t<meta property=\"og:site_name\" content=\"Cand\u00e1s 365\" \/>\n\t\t<meta property=\"og:type\" content=\"article\" \/>\n\t\t<meta property=\"og:title\" content=\"Las europeas 2024 \u00abcomienzan\u00bb en Carre\u00f1o | Cand\u00e1s 365\" \/>\n\t\t<meta property=\"og:description\" content=\"Hoy lunes 13 de mayo de 2024 en el Ayuntamiento de Carre\u00f1o, en Cand\u00e1s, se celebr\u00f3 un pleno extraordinario para el nombramiento de los miembros de las mesas\" \/>\n\t\t<meta property=\"og:url\" content=\"https:\/\/candas365.es\/noticias\/las-europeas-2024-comienzan-en-carreno\/\" \/>\n\t\t<meta property=\"og:image\" content=\"https:\/\/candas365.es\/noticias\/wp-content\/uploads\/2024\/05\/Las-europeas-2024-comienzan-en-Carreno.jpg\" \/>\n\t\t<meta property=\"og:image:secure_url\" content=\"https:\/\/candas365.es\/noticias\/wp-content\/uploads\/2024\/05\/Las-europeas-2024-comienzan-en-Carreno.jpg\" \/>\n\t\t<meta property=\"og:image:width\" content=\"889\" \/>\n\t\t<meta property=\"og:image:height\" content=\"640\" \/>\n\t\t<meta property=\"article:published_time\" content=\"2024-05-13T10:40:35+00:00\" \/>\n\t\t<meta property=\"article:modified_time\" content=\"2024-05-13T10:40:35+00:00\" \/>\n\t\t<meta property=\"article:publisher\" content=\"https:\/\/www.facebook.com\/Nachofdezber\" \/>\n\t\t<meta property=\"article:author\" content=\"https:\/\/www.facebook.com\/carrenoactualidad\" \/>\n\t\t<meta name=\"twitter:card\" content=\"summary_large_image\" \/>\n\t\t<meta name=\"twitter:site\" content=\"@NabercoDigital\" \/>\n\t\t<meta name=\"twitter:title\" content=\"Las europeas 2024 \u00abcomienzan\u00bb en Carre\u00f1o | Cand\u00e1s 365\" \/>\n\t\t<meta name=\"twitter:description\" content=\"Hoy lunes 13 de mayo de 2024 en el Ayuntamiento de Carre\u00f1o, en Cand\u00e1s, se celebr\u00f3 un pleno extraordinario para el nombramiento de los miembros de las mesas\" \/>\n\t\t<meta name=\"twitter:creator\" content=\"@nbasturias\" \/>\n\t\t<meta name=\"twitter:image\" content=\"https:\/\/candas365.es\/noticias\/wp-content\/uploads\/2024\/05\/Las-europeas-2024-comienzan-en-Carreno.jpg\" \/>\n\t\t<meta name=\"twitter:label1\" content=\"Escrito por\" \/>\n\t\t<meta name=\"twitter:data1\" content=\"Cand\u00e1s 365\" \/>\n\t\t<meta name=\"twitter:label2\" content=\"Tiempo de lectura estimado\" \/>\n\t\t<meta name=\"twitter:data2\" content=\"1 minuto\" \/>\n\t\t<script type=\"application\/ld+json\" class=\"aioseo-schema\">\n\t\t\t{\"@context\":\"https:\\\/\\\/schema.org\",\"@graph\":[{\"@type\":\"BreadcrumbList\",\"@id\":\"https:\\\/\\\/candas365.es\\\/noticias\\\/las-europeas-2024-comienzan-en-carreno\\\/#breadcrumblist\",\"itemListElement\":[{\"@type\":\"ListItem\",\"@id\":\"https:\\\/\\\/candas365.es\\\/noticias#listItem\",\"position\":1,\"name\":\"Home\",\"item\":\"https:\\\/\\\/candas365.es\\\/noticias\",\"nextItem\":{\"@type\":\"ListItem\",\"@id\":\"https:\\\/\\\/candas365.es\\\/noticias\\\/category\\\/noticias-carreno\\\/#listItem\",\"name\":\"Noticias Carre\\u00f1o\"}},{\"@type\":\"ListItem\",\"@id\":\"https:\\\/\\\/candas365.es\\\/noticias\\\/category\\\/noticias-carreno\\\/#listItem\",\"position\":2,\"name\":\"Noticias Carre\\u00f1o\",\"item\":\"https:\\\/\\\/candas365.es\\\/noticias\\\/category\\\/noticias-carreno\\\/\",\"nextItem\":{\"@type\":\"ListItem\",\"@id\":\"https:\\\/\\\/candas365.es\\\/noticias\\\/las-europeas-2024-comienzan-en-carreno\\\/#listItem\",\"name\":\"Las europeas 2024 \\u00abcomienzan\\u00bb en Carre\\u00f1o\"},\"previousItem\":{\"@type\":\"ListItem\",\"@id\":\"https:\\\/\\\/candas365.es\\\/noticias#listItem\",\"name\":\"Home\"}},{\"@type\":\"ListItem\",\"@id\":\"https:\\\/\\\/candas365.es\\\/noticias\\\/las-europeas-2024-comienzan-en-carreno\\\/#listItem\",\"position\":3,\"name\":\"Las europeas 2024 \\u00abcomienzan\\u00bb en Carre\\u00f1o\",\"previousItem\":{\"@type\":\"ListItem\",\"@id\":\"https:\\\/\\\/candas365.es\\\/noticias\\\/category\\\/noticias-carreno\\\/#listItem\",\"name\":\"Noticias Carre\\u00f1o\"}}]},{\"@type\":\"NewsArticle\",\"@id\":\"https:\\\/\\\/candas365.es\\\/noticias\\\/las-europeas-2024-comienzan-en-carreno\\\/#newsarticle\",\"name\":\"Las europeas 2024 \\u00abcomienzan\\u00bb en Carre\\u00f1o | Cand\\u00e1s 365\",\"headline\":\"Las europeas 2024 \\u00abcomienzan\\u00bb en Carre\\u00f1o\",\"author\":{\"@id\":\"https:\\\/\\\/candas365.es\\\/noticias\\\/author\\\/admin\\\/#author\"},\"publisher\":{\"@id\":\"https:\\\/\\\/candas365.es\\\/noticias\\\/#organization\"},\"image\":{\"@type\":\"ImageObject\",\"url\":\"https:\\\/\\\/candas365.es\\\/noticias\\\/wp-content\\\/uploads\\\/2024\\\/05\\\/Las-europeas-2024-comienzan-en-Carreno.jpg\",\"width\":889,\"height\":640,\"caption\":\"Foto: Cand\\u00e1s 365\"},\"datePublished\":\"2024-05-13T12:40:35+02:00\",\"dateModified\":\"2024-05-13T12:40:35+02:00\",\"inLanguage\":\"es-ES\",\"mainEntityOfPage\":{\"@id\":\"https:\\\/\\\/candas365.es\\\/noticias\\\/las-europeas-2024-comienzan-en-carreno\\\/#webpage\"},\"isPartOf\":{\"@id\":\"https:\\\/\\\/candas365.es\\\/noticias\\\/las-europeas-2024-comienzan-en-carreno\\\/#webpage\"},\"articleSection\":\"Destacadas, Noticias Carre\\u00f1o, Carre\\u00f1o, Elecciones, pol\\u00edtica\",\"dateline\":\"Publicado el mayo 13, 2024.\"},{\"@type\":\"Organization\",\"@id\":\"https:\\\/\\\/candas365.es\\\/noticias\\\/#organization\",\"name\":\"Cand\\u00e1s 365\",\"description\":\"Cand\\u00e1s 365 es un diario digital independiente, fundado en 2012, con base en Asturias. Informamos con rigor sobre actualidad, sociedad, cultura y ocio, con una mirada local y global.\",\"url\":\"https:\\\/\\\/candas365.es\\\/noticias\\\/\",\"email\":\"info@candas365.es\",\"telephone\":\"+34652131393\",\"foundingDate\":\"2012-06-10\",\"logo\":{\"@type\":\"ImageObject\",\"url\":\"https:\\\/\\\/candas365.es\\\/noticias\\\/wp-content\\\/uploads\\\/2024\\\/09\\\/Candas-365-Redes.jpg\",\"@id\":\"https:\\\/\\\/candas365.es\\\/noticias\\\/las-europeas-2024-comienzan-en-carreno\\\/#organizationLogo\",\"width\":1152,\"height\":864,\"caption\":\"Cand\\u00e1s 365 Redes\"},\"image\":{\"@id\":\"https:\\\/\\\/candas365.es\\\/noticias\\\/las-europeas-2024-comienzan-en-carreno\\\/#organizationLogo\"},\"sameAs\":[\"https:\\\/\\\/www.facebook.com\\\/Nachofdezber\",\"https:\\\/\\\/x.com\\\/NabercoDigital\",\"https:\\\/\\\/www.instagram.com\\\/nachofdezber\\\/\",\"https:\\\/\\\/www.youtube.com\\\/channel\\\/UCZP-2wLEB9Rv6erhFmqVnvg\"],\"address\":{\"@id\":\"https:\\\/\\\/candas365.es\\\/noticias\\\/#postaladdress\",\"@type\":\"PostalAddress\",\"streetAddress\":\"san antonio 4, san antonio 4\",\"postalCode\":\"33430\",\"addressLocality\":\"Cand\\u00e1s\",\"addressRegion\":\"Asturias\",\"addressCountry\":\"ES\"}},{\"@type\":\"Person\",\"@id\":\"https:\\\/\\\/candas365.es\\\/noticias\\\/author\\\/admin\\\/#author\",\"url\":\"https:\\\/\\\/candas365.es\\\/noticias\\\/author\\\/admin\\\/\",\"name\":\"Cand\\u00e1s 365\",\"image\":{\"@type\":\"ImageObject\",\"@id\":\"https:\\\/\\\/candas365.es\\\/noticias\\\/las-europeas-2024-comienzan-en-carreno\\\/#authorImage\",\"url\":\"https:\\\/\\\/secure.gravatar.com\\\/avatar\\\/496a8e03d0c493ede1718b7934145dbdf8d89be1036b0eec9544e1094c9de390?s=96&d=mm&r=g\",\"width\":96,\"height\":96,\"caption\":\"Cand\\u00e1s 365\"},\"sameAs\":[\"https:\\\/\\\/www.facebook.com\\\/carrenoactualidad\",\"https:\\\/\\\/twitter.com\\\/nbasturias\",\"https:\\\/\\\/www.instagram.com\\\/nachofdezber\\\/\",\"https:\\\/\\\/www.youtube.com\\\/channel\\\/UCZP-2wLEB9Rv6erhFmqVnvg\"]},{\"@type\":\"WebPage\",\"@id\":\"https:\\\/\\\/candas365.es\\\/noticias\\\/las-europeas-2024-comienzan-en-carreno\\\/#webpage\",\"url\":\"https:\\\/\\\/candas365.es\\\/noticias\\\/las-europeas-2024-comienzan-en-carreno\\\/\",\"name\":\"Las europeas 2024 \\u00abcomienzan\\u00bb en Carre\\u00f1o | Cand\\u00e1s 365\",\"description\":\"Hoy lunes 13 de mayo de 2024 en el Ayuntamiento de Carre\\u00f1o, en Cand\\u00e1s, se celebr\\u00f3 un pleno extraordinario para el nombramiento de los miembros de las mesas\",\"inLanguage\":\"es-ES\",\"isPartOf\":{\"@id\":\"https:\\\/\\\/candas365.es\\\/noticias\\\/#website\"},\"breadcrumb\":{\"@id\":\"https:\\\/\\\/candas365.es\\\/noticias\\\/las-europeas-2024-comienzan-en-carreno\\\/#breadcrumblist\"},\"author\":{\"@id\":\"https:\\\/\\\/candas365.es\\\/noticias\\\/author\\\/admin\\\/#author\"},\"creator\":{\"@id\":\"https:\\\/\\\/candas365.es\\\/noticias\\\/author\\\/admin\\\/#author\"},\"image\":{\"@type\":\"ImageObject\",\"url\":\"https:\\\/\\\/candas365.es\\\/noticias\\\/wp-content\\\/uploads\\\/2024\\\/05\\\/Las-europeas-2024-comienzan-en-Carreno.jpg\",\"@id\":\"https:\\\/\\\/candas365.es\\\/noticias\\\/las-europeas-2024-comienzan-en-carreno\\\/#mainImage\",\"width\":889,\"height\":640,\"caption\":\"Foto: Cand\\u00e1s 365\"},\"primaryImageOfPage\":{\"@id\":\"https:\\\/\\\/candas365.es\\\/noticias\\\/las-europeas-2024-comienzan-en-carreno\\\/#mainImage\"},\"datePublished\":\"2024-05-13T12:40:35+02:00\",\"dateModified\":\"2024-05-13T12:40:35+02:00\"},{\"@type\":\"WebSite\",\"@id\":\"https:\\\/\\\/candas365.es\\\/noticias\\\/#website\",\"url\":\"https:\\\/\\\/candas365.es\\\/noticias\\\/\",\"name\":\"Cand\\u00e1s 365\",\"alternateName\":\"Cand\\u00e1s 365 Noticias\",\"description\":\"Actualidad desde Carre\\u00f1o para el mundo\",\"inLanguage\":\"es-ES\",\"publisher\":{\"@id\":\"https:\\\/\\\/candas365.es\\\/noticias\\\/#organization\"}}]}\n\t\t<\/script>\n\t\t<!-- All in One SEO Pro -->\r\n\t\t<title>Las europeas 2024 \u00abcomienzan\u00bb en Carre\u00f1o | Cand\u00e1s 365<\/title>\n\n","aioseo_head_json":{"title":"Las europeas 2024 \u00abcomienzan\u00bb en Carre\u00f1o | Cand\u00e1s 365","description":"Hoy lunes 13 de mayo de 2024 en el Ayuntamiento de Carre\u00f1o, en Cand\u00e1s, se celebr\u00f3 un pleno extraordinario para el nombramiento de los miembros de las mesas","canonical_url":"https:\/\/candas365.es\/noticias\/las-europeas-2024-comienzan-en-carreno\/","robots":"max-image-preview:large","keywords":"destacadas,noticias carre\u00f1o","webmasterTools":{"google-site-verification":"UA-32230408-1","msvalidate.01":"354F3CDFB2DA171B47FBE9ABF1F88D5","miscellaneous":""},"schema":{"@context":"https:\/\/schema.org","@graph":[{"@type":"BreadcrumbList","@id":"https:\/\/candas365.es\/noticias\/las-europeas-2024-comienzan-en-carreno\/#breadcrumblist","itemListElement":[{"@type":"ListItem","@id":"https:\/\/candas365.es\/noticias#listItem","position":1,"name":"Home","item":"https:\/\/candas365.es\/noticias","nextItem":{"@type":"ListItem","@id":"https:\/\/candas365.es\/noticias\/category\/noticias-carreno\/#listItem","name":"Noticias Carre\u00f1o"}},{"@type":"ListItem","@id":"https:\/\/candas365.es\/noticias\/category\/noticias-carreno\/#listItem","position":2,"name":"Noticias Carre\u00f1o","item":"https:\/\/candas365.es\/noticias\/category\/noticias-carreno\/","nextItem":{"@type":"ListItem","@id":"https:\/\/candas365.es\/noticias\/las-europeas-2024-comienzan-en-carreno\/#listItem","name":"Las europeas 2024 \u00abcomienzan\u00bb en Carre\u00f1o"},"previousItem":{"@type":"ListItem","@id":"https:\/\/candas365.es\/noticias#listItem","name":"Home"}},{"@type":"ListItem","@id":"https:\/\/candas365.es\/noticias\/las-europeas-2024-comienzan-en-carreno\/#listItem","position":3,"name":"Las europeas 2024 \u00abcomienzan\u00bb en Carre\u00f1o","previousItem":{"@type":"ListItem","@id":"https:\/\/candas365.es\/noticias\/category\/noticias-carreno\/#listItem","name":"Noticias Carre\u00f1o"}}]},{"@type":"NewsArticle","@id":"https:\/\/candas365.es\/noticias\/las-europeas-2024-comienzan-en-carreno\/#newsarticle","name":"Las europeas 2024 \u00abcomienzan\u00bb en Carre\u00f1o | Cand\u00e1s 365","headline":"Las europeas 2024 \u00abcomienzan\u00bb en Carre\u00f1o","author":{"@id":"https:\/\/candas365.es\/noticias\/author\/admin\/#author"},"publisher":{"@id":"https:\/\/candas365.es\/noticias\/#organization"},"image":{"@type":"ImageObject","url":"https:\/\/candas365.es\/noticias\/wp-content\/uploads\/2024\/05\/Las-europeas-2024-comienzan-en-Carreno.jpg","width":889,"height":640,"caption":"Foto: Cand\u00e1s 365"},"datePublished":"2024-05-13T12:40:35+02:00","dateModified":"2024-05-13T12:40:35+02:00","inLanguage":"es-ES","mainEntityOfPage":{"@id":"https:\/\/candas365.es\/noticias\/las-europeas-2024-comienzan-en-carreno\/#webpage"},"isPartOf":{"@id":"https:\/\/candas365.es\/noticias\/las-europeas-2024-comienzan-en-carreno\/#webpage"},"articleSection":"Destacadas, Noticias Carre\u00f1o, Carre\u00f1o, Elecciones, pol\u00edtica","dateline":"Publicado el mayo 13, 2024."},{"@type":"Organization","@id":"https:\/\/candas365.es\/noticias\/#organization","name":"Cand\u00e1s 365","description":"Cand\u00e1s 365 es un diario digital independiente, fundado en 2012, con base en Asturias. Informamos con rigor sobre actualidad, sociedad, cultura y ocio, con una mirada local y global.","url":"https:\/\/candas365.es\/noticias\/","email":"info@candas365.es","telephone":"+34652131393","foundingDate":"2012-06-10","logo":{"@type":"ImageObject","url":"https:\/\/candas365.es\/noticias\/wp-content\/uploads\/2024\/09\/Candas-365-Redes.jpg","@id":"https:\/\/candas365.es\/noticias\/las-europeas-2024-comienzan-en-carreno\/#organizationLogo","width":1152,"height":864,"caption":"Cand\u00e1s 365 Redes"},"image":{"@id":"https:\/\/candas365.es\/noticias\/las-europeas-2024-comienzan-en-carreno\/#organizationLogo"},"sameAs":["https:\/\/www.facebook.com\/Nachofdezber","https:\/\/x.com\/NabercoDigital","https:\/\/www.instagram.com\/nachofdezber\/","https:\/\/www.youtube.com\/channel\/UCZP-2wLEB9Rv6erhFmqVnvg"],"address":{"@id":"https:\/\/candas365.es\/noticias\/#postaladdress","@type":"PostalAddress","streetAddress":"san antonio 4, san antonio 4","postalCode":"33430","addressLocality":"Cand\u00e1s","addressRegion":"Asturias","addressCountry":"ES"}},{"@type":"Person","@id":"https:\/\/candas365.es\/noticias\/author\/admin\/#author","url":"https:\/\/candas365.es\/noticias\/author\/admin\/","name":"Cand\u00e1s 365","image":{"@type":"ImageObject","@id":"https:\/\/candas365.es\/noticias\/las-europeas-2024-comienzan-en-carreno\/#authorImage","url":"https:\/\/secure.gravatar.com\/avatar\/496a8e03d0c493ede1718b7934145dbdf8d89be1036b0eec9544e1094c9de390?s=96&d=mm&r=g","width":96,"height":96,"caption":"Cand\u00e1s 365"},"sameAs":["https:\/\/www.facebook.com\/carrenoactualidad","https:\/\/twitter.com\/nbasturias","https:\/\/www.instagram.com\/nachofdezber\/","https:\/\/www.youtube.com\/channel\/UCZP-2wLEB9Rv6erhFmqVnvg"]},{"@type":"WebPage","@id":"https:\/\/candas365.es\/noticias\/las-europeas-2024-comienzan-en-carreno\/#webpage","url":"https:\/\/candas365.es\/noticias\/las-europeas-2024-comienzan-en-carreno\/","name":"Las europeas 2024 \u00abcomienzan\u00bb en Carre\u00f1o | Cand\u00e1s 365","description":"Hoy lunes 13 de mayo de 2024 en el Ayuntamiento de Carre\u00f1o, en Cand\u00e1s, se celebr\u00f3 un pleno extraordinario para el nombramiento de los miembros de las mesas","inLanguage":"es-ES","isPartOf":{"@id":"https:\/\/candas365.es\/noticias\/#website"},"breadcrumb":{"@id":"https:\/\/candas365.es\/noticias\/las-europeas-2024-comienzan-en-carreno\/#breadcrumblist"},"author":{"@id":"https:\/\/candas365.es\/noticias\/author\/admin\/#author"},"creator":{"@id":"https:\/\/candas365.es\/noticias\/author\/admin\/#author"},"image":{"@type":"ImageObject","url":"https:\/\/candas365.es\/noticias\/wp-content\/uploads\/2024\/05\/Las-europeas-2024-comienzan-en-Carreno.jpg","@id":"https:\/\/candas365.es\/noticias\/las-europeas-2024-comienzan-en-carreno\/#mainImage","width":889,"height":640,"caption":"Foto: Cand\u00e1s 365"},"primaryImageOfPage":{"@id":"https:\/\/candas365.es\/noticias\/las-europeas-2024-comienzan-en-carreno\/#mainImage"},"datePublished":"2024-05-13T12:40:35+02:00","dateModified":"2024-05-13T12:40:35+02:00"},{"@type":"WebSite","@id":"https:\/\/candas365.es\/noticias\/#website","url":"https:\/\/candas365.es\/noticias\/","name":"Cand\u00e1s 365","alternateName":"Cand\u00e1s 365 Noticias","description":"Actualidad desde Carre\u00f1o para el mundo","inLanguage":"es-ES","publisher":{"@id":"https:\/\/candas365.es\/noticias\/#organization"}}]},"og:locale":"es_ES","og:site_name":"Cand\u00e1s 365","og:type":"article","og:title":"Las europeas 2024 \u00abcomienzan\u00bb en Carre\u00f1o | Cand\u00e1s 365","og:description":"Hoy lunes 13 de mayo de 2024 en el Ayuntamiento de Carre\u00f1o, en Cand\u00e1s, se celebr\u00f3 un pleno extraordinario para el nombramiento de los miembros de las mesas","og:url":"https:\/\/candas365.es\/noticias\/las-europeas-2024-comienzan-en-carreno\/","og:image":"https:\/\/candas365.es\/noticias\/wp-content\/uploads\/2024\/05\/Las-europeas-2024-comienzan-en-Carreno.jpg","og:image:secure_url":"https:\/\/candas365.es\/noticias\/wp-content\/uploads\/2024\/05\/Las-europeas-2024-comienzan-en-Carreno.jpg","og:image:width":889,"og:image:height":640,"article:published_time":"2024-05-13T10:40:35+00:00","article:modified_time":"2024-05-13T10:40:35+00:00","article:publisher":"https:\/\/www.facebook.com\/Nachofdezber","article:author":"https:\/\/www.facebook.com\/carrenoactualidad","twitter:card":"summary_large_image","twitter:site":"@NabercoDigital","twitter:title":"Las europeas 2024 \u00abcomienzan\u00bb en Carre\u00f1o | Cand\u00e1s 365","twitter:description":"Hoy lunes 13 de mayo de 2024 en el Ayuntamiento de Carre\u00f1o, en Cand\u00e1s, se celebr\u00f3 un pleno extraordinario para el nombramiento de los miembros de las mesas","twitter:creator":"@nbasturias","twitter:image":"https:\/\/candas365.es\/noticias\/wp-content\/uploads\/2024\/05\/Las-europeas-2024-comienzan-en-Carreno.jpg","twitter:label1":"Escrito por","twitter:data1":"Cand\u00e1s 365","twitter:label2":"Tiempo de lectura estimado","twitter:data2":"1 minuto"},"aioseo_meta_data":{"post_id":"180900","title":null,"description":"Hoy lunes 13 de mayo de 2024 en el Ayuntamiento de Carre\u00f1o, en Cand\u00e1s, se celebr\u00f3 un pleno extraordinario para el nombramiento de los miembros de las mesas","keywords":null,"keyphrases":{"focus":{"keyphrase":"Carre\u00f1o","score":93,"analysis":{"keyphraseInTitle":{"score":9,"maxScore":9,"error":0},"keyphraseInDescription":{"score":9,"maxScore":9,"error":0},"keyphraseLength":{"score":9,"maxScore":9,"error":0,"length":2},"keyphraseInURL":{"score":1,"maxScore":5,"error":1},"keyphraseInIntroduction":{"score":9,"maxScore":9,"error":0},"keyphraseInSubHeadings":[],"keyphraseInImageAlt":{"score":9,"maxScore":9,"error":0},"keywordDensity":{"type":"best","score":9,"maxScore":9,"error":0}}},"additional":[{"keyphrase":"Carre\u00f1o","score":100,"analysis":{"keyphraseInDescription":{"score":9,"maxScore":9,"error":0},"keyphraseLength":{"score":9,"maxScore":9,"error":0,"length":2},"keyphraseInIntroduction":{"score":9,"maxScore":9,"error":0},"keyphraseInImageAlt":{"score":9,"maxScore":9,"error":0},"keywordDensity":{"type":"best","score":9,"maxScore":9,"error":0}}},{"keyphrase":"Cand\u00e1s","score":87,"analysis":{"keyphraseInDescription":{"score":9,"maxScore":9,"error":0},"keyphraseLength":{"score":9,"maxScore":9,"error":0,"length":2},"keyphraseInIntroduction":{"score":9,"maxScore":9,"error":0},"keyphraseInImageAlt":{"score":3,"maxScore":9,"error":1},"keywordDensity":{"type":"best","score":9,"maxScore":9,"error":0}}}]},"primary_term":null,"canonical_url":null,"og_title":null,"og_description":null,"og_object_type":"default","og_image_type":"default","og_image_url":null,"og_image_width":null,"og_image_height":null,"og_image_custom_url":null,"og_image_custom_fields":null,"og_video":"","og_custom_url":null,"og_article_section":null,"og_article_tags":null,"twitter_use_og":false,"twitter_card":"default","twitter_image_type":"default","twitter_image_url":null,"twitter_image_custom_url":null,"twitter_image_custom_fields":null,"twitter_title":null,"twitter_description":null,"schema":{"blockGraphs":[],"customGraphs":[],"default":{"data":{"Article":[],"Course":[],"Dataset":[],"FAQPage":[],"Movie":[],"Person":[],"Product":[],"ProductReview":[],"Car":[],"Recipe":[],"Service":[],"SoftwareApplication":[],"WebPage":[]},"graphName":"Article","isEnabled":true},"graphs":[]},"schema_type":"default","schema_type_options":null,"pillar_content":false,"robots_default":true,"robots_noindex":false,"robots_noarchive":false,"robots_nosnippet":false,"robots_nofollow":false,"robots_noimageindex":false,"robots_noodp":false,"robots_notranslate":false,"robots_max_snippet":"-1","robots_max_videopreview":"-1","robots_max_imagepreview":"large","priority":null,"frequency":"default","location":null,"local_seo":null,"seo_analyzer_scan_date":"2025-09-02 09:43:13","breadcrumb_settings":null,"limit_modified_date":false,"reviewed_by":null,"open_ai":"{\"title\":{\"suggestions\":[],\"usage\":0},\"description\":{\"suggestions\":[],\"usage\":0}}","ai":null,"created":"2024-05-13 10:30:24","updated":"2025-09-02 09:43:13"},"aioseo_breadcrumb":"<div class=\"aioseo-breadcrumbs\"><span class=\"aioseo-breadcrumb\">\n\t<a href=\"https:\/\/candas365.es\/noticias\" title=\"Home\">Home<\/a>\n<\/span><span class=\"aioseo-breadcrumb-separator\">&ndash;<\/span><span class=\"aioseo-breadcrumb\">\n\t<a href=\"https:\/\/candas365.es\/noticias\/category\/noticias-carreno\/\" title=\"Noticias Carre\u00f1o\">Noticias Carre\u00f1o<\/a>\n<\/span><span class=\"aioseo-breadcrumb-separator\">&ndash;<\/span><span class=\"aioseo-breadcrumb\">\n\tLas europeas 2024 \u00abcomienzan\u00bb en Carre\u00f1o\n<\/span><\/div>","aioseo_breadcrumb_json":[{"label":"Home","link":"https:\/\/candas365.es\/noticias"},{"label":"Noticias Carre\u00f1o","link":"https:\/\/candas365.es\/noticias\/category\/noticias-carreno\/"},{"label":"Las europeas 2024 \u00abcomienzan\u00bb en Carre\u00f1o","link":"https:\/\/candas365.es\/noticias\/las-europeas-2024-comienzan-en-carreno\/"}],"_links":{"self":[{"href":"https:\/\/candas365.es\/noticias\/wp-json\/wp\/v2\/posts\/180900","targetHints":{"allow":["GET"]}}],"collection":[{"href":"https:\/\/candas365.es\/noticias\/wp-json\/wp\/v2\/posts"}],"about":[{"href":"https:\/\/candas365.es\/noticias\/wp-json\/wp\/v2\/types\/post"}],"author":[{"embeddable":true,"href":"https:\/\/candas365.es\/noticias\/wp-json\/wp\/v2\/users\/1"}],"replies":[{"embeddable":true,"href":"https:\/\/candas365.es\/noticias\/wp-json\/wp\/v2\/comments?post=180900"}],"version-history":[{"count":0,"href":"https:\/\/candas365.es\/noticias\/wp-json\/wp\/v2\/posts\/180900\/revisions"}],"wp:featuredmedia":[{"embeddable":true,"href":"https:\/\/candas365.es\/noticias\/wp-json\/wp\/v2\/media\/180901"}],"wp:attachment":[{"href":"https:\/\/candas365.es\/noticias\/wp-json\/wp\/v2\/media?parent=180900"}],"wp:term":[{"taxonomy":"category","embeddable":true,"href":"https:\/\/candas365.es\/noticias\/wp-json\/wp\/v2\/categories?post=180900"},{"taxonomy":"post_tag","embeddable":true,"href":"https:\/\/candas365.es\/noticias\/wp-json\/wp\/v2\/tags?post=180900"}],"curies":[{"name":"wp","href":"https:\/\/api.w.org\/{rel}","templated":true}]}}