{"id":180827,"date":"2024-05-11T19:42:52","date_gmt":"2024-05-11T17:42:52","guid":{"rendered":"https:\/\/candas365.es\/noticias\/?p=180827"},"modified":"2024-05-11T19:42:52","modified_gmt":"2024-05-11T17:42:52","slug":"un-detenido-tras-un-tiroteo-en-zamora","status":"publish","type":"post","link":"https:\/\/candas365.es\/noticias\/un-detenido-tras-un-tiroteo-en-zamora\/","title":{"rendered":"Un detenido tras un tiroteo en Zamora"},"content":{"rendered":"<p>Un individuo ha sido <strong>reducido con un disparo en la pierna<\/strong> y detenido tras un <strong><a href=\"https:\/\/candas365.es\/noticias\/category\/sucesos\/\"><span style=\"color: #ff6600;\">tiroteo<\/span><\/a> en Zamora<\/strong> despu\u00e9s de que hiriese al camarero de un establecimiento con un arma de fuego.<\/p>\n<figure id=\"attachment_180828\" aria-describedby=\"caption-attachment-180828\" style=\"width: 543px\" class=\"wp-caption aligncenter\"><img fetchpriority=\"high\" decoding=\"async\" class=\"size-full wp-image-180828\" src=\"https:\/\/candas365.es\/noticias\/wp-content\/uploads\/2024\/05\/tiroteo-en-Zamora.jpg\" alt=\"tiroteo en Zamora\" width=\"543\" height=\"395\" srcset=\"https:\/\/candas365.es\/noticias\/wp-content\/uploads\/2024\/05\/tiroteo-en-Zamora.jpg 543w, https:\/\/candas365.es\/noticias\/wp-content\/uploads\/2024\/05\/tiroteo-en-Zamora-360x262.jpg 360w, https:\/\/candas365.es\/noticias\/wp-content\/uploads\/2024\/05\/tiroteo-en-Zamora-150x109.jpg 150w, https:\/\/candas365.es\/noticias\/wp-content\/uploads\/2024\/05\/tiroteo-en-Zamora-450x327.jpg 450w\" sizes=\"(max-width: 543px) 100vw, 543px\" \/><figcaption id=\"caption-attachment-180828\" class=\"wp-caption-text\">Ambulancia Medicalizada (UME) de Sacyl | Foto del 112 Castilla y Le\u00f3n<\/figcaption><\/figure>\n<p>El hombre de 61 a\u00f1os que dispar\u00f3 la pasada madrugada a un camarero en el Restaurante-Bar Marta, ubicado en la calle Villalpando, en Zamora, fue reducido y detenido tras un tiroteo y permanece custodiado por la Polic\u00eda Nacional en el Hospital Virgen de la Concha, en la capital zamorana.<\/p>\n<blockquote><p>Por su parte, la v\u00edctima del agresor fue trasladada al Complejo Asistencial de Zamora, sin que haya trascendido su estado de salud.<\/p><\/blockquote>\n<p>En el tiroteo, los agentes y el agresor intercambiaron, al menos, <strong>17 disparos<\/strong>, seg\u00fan recoge un v\u00eddeo grabado por una vecina, alarmada por las detonaciones en plena madrugada.<\/p>\n<p>La Brigada Provincial de Polic\u00eda Judicial de la Polic\u00eda Nacional de Zamora se ha hecho cargo de la investigaci\u00f3n. <strong>\u201cAnaliza la situaci\u00f3n del arma empleada y la legalidad de su tenencia ya que, seg\u00fan informaciones facilitadas por varios testigos, el hombre que, presuntamente, realiz\u00f3 los disparos, estaba federado en tiro ol\u00edmpico\u201d, indic\u00f3 el subdelegado del Gobierno en Zamora, \u00c1ngel Blanco.<\/strong><\/p>\n<p>El camarero que estaba en el establecimiento hostelero recibi\u00f3 un disparo en el pecho, por lo que fue trasladado al Hospital Virgen de la Concha y derivado al Complejo Asistencial de Zamora. Por su parte, el autor de los disparos, que presenta una herida de bala en una pierna, fue detenido y se encuentra en el Hospital Virgen de la Concha, en la capital zamorana, custodiado por la Polic\u00eda Nacional.<\/p>\n<p>\u201cNo hay ning\u00fan agente herido, ni de la Polic\u00eda Nacional ni de la Polic\u00eda Municipal. Hay que agradecer el extraordinario trabajo de los agentes de la Polic\u00eda Nacional y de la Polic\u00eda Municipal, como siempre, valorar muy positivamente la colaboraci\u00f3n ciudadana\u201d, destac\u00f3 el subdelegado.<\/p>\n<blockquote><p>Los hechos fueron comunicados a la 1.40 horas de la pasada madrugada a trav\u00e9s del Servicio de Emergencias 112 de Castilla y Le\u00f3n, que dio el aviso a la Polic\u00eda Nacional de un tiroteo en el Restaurante-Bar Marta.<\/p><\/blockquote>\n<p>Al lugar del suceso acudieron tres patrullas de la Polic\u00eda Nacional y dos patrullas de la Polic\u00eda Municipal de Zamora. Una de las patrullas de la Polic\u00eda Nacional accedi\u00f3 al establecimiento y observ\u00f3 que hab\u00eda un hombre herido, con sangre en el pecho. \u201cHay indicaciones de testigos presenciales que informan de que un hombre ha salido corriendo en direcci\u00f3n a la calle T\u00fanel\u201d, relat\u00f3.<\/p>\n<p>\u201cLa Polic\u00eda Nacional y la Polic\u00eda Municipal inicia una persecuci\u00f3n Una patrulla de la Polic\u00eda Municipal detect\u00f3 detr\u00e1s de un coche a un hombre escondido, que se levant\u00f3 y empez\u00f3 a disparar, repeliendo a la Polic\u00eda Municipal la agresi\u00f3n\u201d, concluy\u00f3.<\/p>\n<p>(<a href=\"https:\/\/www.servimedia.es\/\" target=\"_blank\" rel=\"noopener\"><span style=\"color: #ff6600;\"><strong>SERVIMEDIA<\/strong><\/span><\/a>)<\/p>\n","protected":false},"excerpt":{"rendered":"<p>Un individuo ha sido reducido con un disparo en la pierna y detenido tras un tiroteo en Zamora despu\u00e9s de que hiriese al camarero de un establecimiento con un arma de fuego. El hombre de 61 a\u00f1os que dispar\u00f3 la pasada madrugada a un camarero en el Restaurante-Bar Marta, ubicado en la calle Villalpando, en<\/p>\n","protected":false},"author":1,"featured_media":180828,"comment_status":"closed","ping_status":"closed","sticky":false,"template":"","format":"standard","meta":{"footnotes":""},"categories":[487],"tags":[391],"class_list":{"0":"post-180827","1":"post","2":"type-post","3":"status-publish","4":"format-standard","5":"has-post-thumbnail","7":"category-sucesos","8":"tag-sucesos"},"aioseo_notices":[],"aioseo_head":"\n\t\t<!-- All in One SEO Pro 4.9.6.2 - aioseo.com -->\n\t<meta name=\"description\" content=\"Un individuo ha sido reducido con un disparo en la pierna y detenido tras un tiroteo en Zamora despu\u00e9s de que hiriese al camarero de un establecimiento con un\" \/>\n\t<meta name=\"robots\" content=\"max-image-preview:large\" \/>\n\t<meta name=\"author\" content=\"Cand\u00e1s 365\"\/>\n\t<meta name=\"google-site-verification\" content=\"UA-32230408-1\" \/>\n\t<meta name=\"msvalidate.01\" content=\"354F3CDFB2DA171B47FBE9ABF1F88D5\" \/>\n\t<meta name=\"keywords\" content=\"sucesos\" \/>\n\t<link rel=\"canonical\" href=\"https:\/\/candas365.es\/noticias\/un-detenido-tras-un-tiroteo-en-zamora\/\" \/>\n\t<meta name=\"generator\" content=\"All in One SEO Pro (AIOSEO) 4.9.6.2\" \/>\n\t\t<meta property=\"og:locale\" content=\"es_ES\" \/>\n\t\t<meta property=\"og:site_name\" content=\"Cand\u00e1s 365\" \/>\n\t\t<meta property=\"og:type\" content=\"article\" \/>\n\t\t<meta property=\"og:title\" content=\"Un detenido tras un tiroteo en Zamora | Cand\u00e1s 365\" \/>\n\t\t<meta property=\"og:description\" content=\"Un individuo ha sido reducido con un disparo en la pierna y detenido tras un tiroteo en Zamora despu\u00e9s de que hiriese al camarero de un establecimiento con un\" \/>\n\t\t<meta property=\"og:url\" content=\"https:\/\/candas365.es\/noticias\/un-detenido-tras-un-tiroteo-en-zamora\/\" \/>\n\t\t<meta property=\"og:image\" content=\"https:\/\/candas365.es\/noticias\/wp-content\/uploads\/2024\/05\/tiroteo-en-Zamora.jpg\" \/>\n\t\t<meta property=\"og:image:secure_url\" content=\"https:\/\/candas365.es\/noticias\/wp-content\/uploads\/2024\/05\/tiroteo-en-Zamora.jpg\" \/>\n\t\t<meta property=\"og:image:width\" content=\"543\" \/>\n\t\t<meta property=\"og:image:height\" content=\"395\" \/>\n\t\t<meta property=\"article:published_time\" content=\"2024-05-11T17:42:52+00:00\" \/>\n\t\t<meta property=\"article:modified_time\" content=\"2024-05-11T17:42:52+00:00\" \/>\n\t\t<meta property=\"article:publisher\" content=\"https:\/\/www.facebook.com\/Nachofdezber\" \/>\n\t\t<meta property=\"article:author\" content=\"https:\/\/www.facebook.com\/carrenoactualidad\" \/>\n\t\t<meta name=\"twitter:card\" content=\"summary_large_image\" \/>\n\t\t<meta name=\"twitter:site\" content=\"@NabercoDigital\" \/>\n\t\t<meta name=\"twitter:title\" content=\"Un detenido tras un tiroteo en Zamora | Cand\u00e1s 365\" \/>\n\t\t<meta name=\"twitter:description\" content=\"Un individuo ha sido reducido con un disparo en la pierna y detenido tras un tiroteo en Zamora despu\u00e9s de que hiriese al camarero de un establecimiento con un\" \/>\n\t\t<meta name=\"twitter:creator\" content=\"@nbasturias\" \/>\n\t\t<meta name=\"twitter:image\" content=\"https:\/\/candas365.es\/noticias\/wp-content\/uploads\/2024\/05\/tiroteo-en-Zamora.jpg\" \/>\n\t\t<meta name=\"twitter:label1\" content=\"Escrito por\" \/>\n\t\t<meta name=\"twitter:data1\" content=\"Cand\u00e1s 365\" \/>\n\t\t<meta name=\"twitter:label2\" content=\"Tiempo de lectura estimado\" \/>\n\t\t<meta name=\"twitter:data2\" content=\"2 minutos\" \/>\n\t\t<script type=\"application\/ld+json\" class=\"aioseo-schema\">\n\t\t\t{\"@context\":\"https:\\\/\\\/schema.org\",\"@graph\":[{\"@type\":\"BreadcrumbList\",\"@id\":\"https:\\\/\\\/candas365.es\\\/noticias\\\/un-detenido-tras-un-tiroteo-en-zamora\\\/#breadcrumblist\",\"itemListElement\":[{\"@type\":\"ListItem\",\"@id\":\"https:\\\/\\\/candas365.es\\\/noticias#listItem\",\"position\":1,\"name\":\"Home\",\"item\":\"https:\\\/\\\/candas365.es\\\/noticias\",\"nextItem\":{\"@type\":\"ListItem\",\"@id\":\"https:\\\/\\\/candas365.es\\\/noticias\\\/category\\\/sucesos\\\/#listItem\",\"name\":\"Sucesos\"}},{\"@type\":\"ListItem\",\"@id\":\"https:\\\/\\\/candas365.es\\\/noticias\\\/category\\\/sucesos\\\/#listItem\",\"position\":2,\"name\":\"Sucesos\",\"item\":\"https:\\\/\\\/candas365.es\\\/noticias\\\/category\\\/sucesos\\\/\",\"nextItem\":{\"@type\":\"ListItem\",\"@id\":\"https:\\\/\\\/candas365.es\\\/noticias\\\/un-detenido-tras-un-tiroteo-en-zamora\\\/#listItem\",\"name\":\"Un detenido tras un tiroteo en Zamora\"},\"previousItem\":{\"@type\":\"ListItem\",\"@id\":\"https:\\\/\\\/candas365.es\\\/noticias#listItem\",\"name\":\"Home\"}},{\"@type\":\"ListItem\",\"@id\":\"https:\\\/\\\/candas365.es\\\/noticias\\\/un-detenido-tras-un-tiroteo-en-zamora\\\/#listItem\",\"position\":3,\"name\":\"Un detenido tras un tiroteo en Zamora\",\"previousItem\":{\"@type\":\"ListItem\",\"@id\":\"https:\\\/\\\/candas365.es\\\/noticias\\\/category\\\/sucesos\\\/#listItem\",\"name\":\"Sucesos\"}}]},{\"@type\":\"NewsArticle\",\"@id\":\"https:\\\/\\\/candas365.es\\\/noticias\\\/un-detenido-tras-un-tiroteo-en-zamora\\\/#newsarticle\",\"name\":\"Un detenido tras un tiroteo en Zamora | Cand\\u00e1s 365\",\"headline\":\"Un detenido tras un tiroteo en Zamora\",\"author\":{\"@id\":\"https:\\\/\\\/candas365.es\\\/noticias\\\/author\\\/admin\\\/#author\"},\"publisher\":{\"@id\":\"https:\\\/\\\/candas365.es\\\/noticias\\\/#organization\"},\"image\":{\"@type\":\"ImageObject\",\"url\":\"https:\\\/\\\/candas365.es\\\/noticias\\\/wp-content\\\/uploads\\\/2024\\\/05\\\/tiroteo-en-Zamora.jpg\",\"width\":543,\"height\":395,\"caption\":\"Ambulancia Medicalizada (UME) de Sacyl | Foto del 112 Castilla y Le\\u00f3n\"},\"datePublished\":\"2024-05-11T19:42:52+02:00\",\"dateModified\":\"2024-05-11T19:42:52+02:00\",\"inLanguage\":\"es-ES\",\"mainEntityOfPage\":{\"@id\":\"https:\\\/\\\/candas365.es\\\/noticias\\\/un-detenido-tras-un-tiroteo-en-zamora\\\/#webpage\"},\"isPartOf\":{\"@id\":\"https:\\\/\\\/candas365.es\\\/noticias\\\/un-detenido-tras-un-tiroteo-en-zamora\\\/#webpage\"},\"articleSection\":\"Sucesos, sucesos\",\"dateline\":\"Publicado el mayo 11, 2024.\"},{\"@type\":\"Organization\",\"@id\":\"https:\\\/\\\/candas365.es\\\/noticias\\\/#organization\",\"name\":\"Cand\\u00e1s 365\",\"description\":\"Cand\\u00e1s 365 es un diario digital independiente, fundado en 2012, con base en Asturias. Informamos con rigor sobre actualidad, sociedad, cultura y ocio, con una mirada local y global.\",\"url\":\"https:\\\/\\\/candas365.es\\\/noticias\\\/\",\"email\":\"info@candas365.es\",\"telephone\":\"+34652131393\",\"foundingDate\":\"2012-06-10\",\"logo\":{\"@type\":\"ImageObject\",\"url\":\"https:\\\/\\\/candas365.es\\\/noticias\\\/wp-content\\\/uploads\\\/2024\\\/09\\\/Candas-365-Redes.jpg\",\"@id\":\"https:\\\/\\\/candas365.es\\\/noticias\\\/un-detenido-tras-un-tiroteo-en-zamora\\\/#organizationLogo\",\"width\":1152,\"height\":864,\"caption\":\"Cand\\u00e1s 365 Redes\"},\"image\":{\"@id\":\"https:\\\/\\\/candas365.es\\\/noticias\\\/un-detenido-tras-un-tiroteo-en-zamora\\\/#organizationLogo\"},\"sameAs\":[\"https:\\\/\\\/www.facebook.com\\\/Nachofdezber\",\"https:\\\/\\\/x.com\\\/NabercoDigital\",\"https:\\\/\\\/www.instagram.com\\\/nachofdezber\\\/\",\"https:\\\/\\\/www.youtube.com\\\/channel\\\/UCZP-2wLEB9Rv6erhFmqVnvg\"],\"address\":{\"@id\":\"https:\\\/\\\/candas365.es\\\/noticias\\\/#postaladdress\",\"@type\":\"PostalAddress\",\"streetAddress\":\"san antonio 4, san antonio 4\",\"postalCode\":\"33430\",\"addressLocality\":\"Cand\\u00e1s\",\"addressRegion\":\"Asturias\",\"addressCountry\":\"ES\"}},{\"@type\":\"Person\",\"@id\":\"https:\\\/\\\/candas365.es\\\/noticias\\\/author\\\/admin\\\/#author\",\"url\":\"https:\\\/\\\/candas365.es\\\/noticias\\\/author\\\/admin\\\/\",\"name\":\"Cand\\u00e1s 365\",\"image\":{\"@type\":\"ImageObject\",\"@id\":\"https:\\\/\\\/candas365.es\\\/noticias\\\/un-detenido-tras-un-tiroteo-en-zamora\\\/#authorImage\",\"url\":\"https:\\\/\\\/secure.gravatar.com\\\/avatar\\\/496a8e03d0c493ede1718b7934145dbdf8d89be1036b0eec9544e1094c9de390?s=96&d=mm&r=g\",\"width\":96,\"height\":96,\"caption\":\"Cand\\u00e1s 365\"},\"sameAs\":[\"https:\\\/\\\/www.facebook.com\\\/carrenoactualidad\",\"https:\\\/\\\/twitter.com\\\/nbasturias\",\"https:\\\/\\\/www.instagram.com\\\/nachofdezber\\\/\",\"https:\\\/\\\/www.youtube.com\\\/channel\\\/UCZP-2wLEB9Rv6erhFmqVnvg\"]},{\"@type\":\"WebPage\",\"@id\":\"https:\\\/\\\/candas365.es\\\/noticias\\\/un-detenido-tras-un-tiroteo-en-zamora\\\/#webpage\",\"url\":\"https:\\\/\\\/candas365.es\\\/noticias\\\/un-detenido-tras-un-tiroteo-en-zamora\\\/\",\"name\":\"Un detenido tras un tiroteo en Zamora | Cand\\u00e1s 365\",\"description\":\"Un individuo ha sido reducido con un disparo en la pierna y detenido tras un tiroteo en Zamora despu\\u00e9s de que hiriese al camarero de un establecimiento con un\",\"inLanguage\":\"es-ES\",\"isPartOf\":{\"@id\":\"https:\\\/\\\/candas365.es\\\/noticias\\\/#website\"},\"breadcrumb\":{\"@id\":\"https:\\\/\\\/candas365.es\\\/noticias\\\/un-detenido-tras-un-tiroteo-en-zamora\\\/#breadcrumblist\"},\"author\":{\"@id\":\"https:\\\/\\\/candas365.es\\\/noticias\\\/author\\\/admin\\\/#author\"},\"creator\":{\"@id\":\"https:\\\/\\\/candas365.es\\\/noticias\\\/author\\\/admin\\\/#author\"},\"image\":{\"@type\":\"ImageObject\",\"url\":\"https:\\\/\\\/candas365.es\\\/noticias\\\/wp-content\\\/uploads\\\/2024\\\/05\\\/tiroteo-en-Zamora.jpg\",\"@id\":\"https:\\\/\\\/candas365.es\\\/noticias\\\/un-detenido-tras-un-tiroteo-en-zamora\\\/#mainImage\",\"width\":543,\"height\":395,\"caption\":\"Ambulancia Medicalizada (UME) de Sacyl | Foto del 112 Castilla y Le\\u00f3n\"},\"primaryImageOfPage\":{\"@id\":\"https:\\\/\\\/candas365.es\\\/noticias\\\/un-detenido-tras-un-tiroteo-en-zamora\\\/#mainImage\"},\"datePublished\":\"2024-05-11T19:42:52+02:00\",\"dateModified\":\"2024-05-11T19:42:52+02:00\"},{\"@type\":\"WebSite\",\"@id\":\"https:\\\/\\\/candas365.es\\\/noticias\\\/#website\",\"url\":\"https:\\\/\\\/candas365.es\\\/noticias\\\/\",\"name\":\"Cand\\u00e1s 365\",\"alternateName\":\"Cand\\u00e1s 365 Noticias\",\"description\":\"Actualidad desde Carre\\u00f1o para el mundo\",\"inLanguage\":\"es-ES\",\"publisher\":{\"@id\":\"https:\\\/\\\/candas365.es\\\/noticias\\\/#organization\"}}]}\n\t\t<\/script>\n\t\t<!-- All in One SEO Pro -->\r\n\t\t<title>Un detenido tras un tiroteo en Zamora | Cand\u00e1s 365<\/title>\n\n","aioseo_head_json":{"title":"Un detenido tras un tiroteo en Zamora | Cand\u00e1s 365","description":"Un individuo ha sido reducido con un disparo en la pierna y detenido tras un tiroteo en Zamora despu\u00e9s de que hiriese al camarero de un establecimiento con un","canonical_url":"https:\/\/candas365.es\/noticias\/un-detenido-tras-un-tiroteo-en-zamora\/","robots":"max-image-preview:large","keywords":"sucesos","webmasterTools":{"google-site-verification":"UA-32230408-1","msvalidate.01":"354F3CDFB2DA171B47FBE9ABF1F88D5","miscellaneous":""},"schema":{"@context":"https:\/\/schema.org","@graph":[{"@type":"BreadcrumbList","@id":"https:\/\/candas365.es\/noticias\/un-detenido-tras-un-tiroteo-en-zamora\/#breadcrumblist","itemListElement":[{"@type":"ListItem","@id":"https:\/\/candas365.es\/noticias#listItem","position":1,"name":"Home","item":"https:\/\/candas365.es\/noticias","nextItem":{"@type":"ListItem","@id":"https:\/\/candas365.es\/noticias\/category\/sucesos\/#listItem","name":"Sucesos"}},{"@type":"ListItem","@id":"https:\/\/candas365.es\/noticias\/category\/sucesos\/#listItem","position":2,"name":"Sucesos","item":"https:\/\/candas365.es\/noticias\/category\/sucesos\/","nextItem":{"@type":"ListItem","@id":"https:\/\/candas365.es\/noticias\/un-detenido-tras-un-tiroteo-en-zamora\/#listItem","name":"Un detenido tras un tiroteo en Zamora"},"previousItem":{"@type":"ListItem","@id":"https:\/\/candas365.es\/noticias#listItem","name":"Home"}},{"@type":"ListItem","@id":"https:\/\/candas365.es\/noticias\/un-detenido-tras-un-tiroteo-en-zamora\/#listItem","position":3,"name":"Un detenido tras un tiroteo en Zamora","previousItem":{"@type":"ListItem","@id":"https:\/\/candas365.es\/noticias\/category\/sucesos\/#listItem","name":"Sucesos"}}]},{"@type":"NewsArticle","@id":"https:\/\/candas365.es\/noticias\/un-detenido-tras-un-tiroteo-en-zamora\/#newsarticle","name":"Un detenido tras un tiroteo en Zamora | Cand\u00e1s 365","headline":"Un detenido tras un tiroteo en Zamora","author":{"@id":"https:\/\/candas365.es\/noticias\/author\/admin\/#author"},"publisher":{"@id":"https:\/\/candas365.es\/noticias\/#organization"},"image":{"@type":"ImageObject","url":"https:\/\/candas365.es\/noticias\/wp-content\/uploads\/2024\/05\/tiroteo-en-Zamora.jpg","width":543,"height":395,"caption":"Ambulancia Medicalizada (UME) de Sacyl | Foto del 112 Castilla y Le\u00f3n"},"datePublished":"2024-05-11T19:42:52+02:00","dateModified":"2024-05-11T19:42:52+02:00","inLanguage":"es-ES","mainEntityOfPage":{"@id":"https:\/\/candas365.es\/noticias\/un-detenido-tras-un-tiroteo-en-zamora\/#webpage"},"isPartOf":{"@id":"https:\/\/candas365.es\/noticias\/un-detenido-tras-un-tiroteo-en-zamora\/#webpage"},"articleSection":"Sucesos, sucesos","dateline":"Publicado el mayo 11, 2024."},{"@type":"Organization","@id":"https:\/\/candas365.es\/noticias\/#organization","name":"Cand\u00e1s 365","description":"Cand\u00e1s 365 es un diario digital independiente, fundado en 2012, con base en Asturias. Informamos con rigor sobre actualidad, sociedad, cultura y ocio, con una mirada local y global.","url":"https:\/\/candas365.es\/noticias\/","email":"info@candas365.es","telephone":"+34652131393","foundingDate":"2012-06-10","logo":{"@type":"ImageObject","url":"https:\/\/candas365.es\/noticias\/wp-content\/uploads\/2024\/09\/Candas-365-Redes.jpg","@id":"https:\/\/candas365.es\/noticias\/un-detenido-tras-un-tiroteo-en-zamora\/#organizationLogo","width":1152,"height":864,"caption":"Cand\u00e1s 365 Redes"},"image":{"@id":"https:\/\/candas365.es\/noticias\/un-detenido-tras-un-tiroteo-en-zamora\/#organizationLogo"},"sameAs":["https:\/\/www.facebook.com\/Nachofdezber","https:\/\/x.com\/NabercoDigital","https:\/\/www.instagram.com\/nachofdezber\/","https:\/\/www.youtube.com\/channel\/UCZP-2wLEB9Rv6erhFmqVnvg"],"address":{"@id":"https:\/\/candas365.es\/noticias\/#postaladdress","@type":"PostalAddress","streetAddress":"san antonio 4, san antonio 4","postalCode":"33430","addressLocality":"Cand\u00e1s","addressRegion":"Asturias","addressCountry":"ES"}},{"@type":"Person","@id":"https:\/\/candas365.es\/noticias\/author\/admin\/#author","url":"https:\/\/candas365.es\/noticias\/author\/admin\/","name":"Cand\u00e1s 365","image":{"@type":"ImageObject","@id":"https:\/\/candas365.es\/noticias\/un-detenido-tras-un-tiroteo-en-zamora\/#authorImage","url":"https:\/\/secure.gravatar.com\/avatar\/496a8e03d0c493ede1718b7934145dbdf8d89be1036b0eec9544e1094c9de390?s=96&d=mm&r=g","width":96,"height":96,"caption":"Cand\u00e1s 365"},"sameAs":["https:\/\/www.facebook.com\/carrenoactualidad","https:\/\/twitter.com\/nbasturias","https:\/\/www.instagram.com\/nachofdezber\/","https:\/\/www.youtube.com\/channel\/UCZP-2wLEB9Rv6erhFmqVnvg"]},{"@type":"WebPage","@id":"https:\/\/candas365.es\/noticias\/un-detenido-tras-un-tiroteo-en-zamora\/#webpage","url":"https:\/\/candas365.es\/noticias\/un-detenido-tras-un-tiroteo-en-zamora\/","name":"Un detenido tras un tiroteo en Zamora | Cand\u00e1s 365","description":"Un individuo ha sido reducido con un disparo en la pierna y detenido tras un tiroteo en Zamora despu\u00e9s de que hiriese al camarero de un establecimiento con un","inLanguage":"es-ES","isPartOf":{"@id":"https:\/\/candas365.es\/noticias\/#website"},"breadcrumb":{"@id":"https:\/\/candas365.es\/noticias\/un-detenido-tras-un-tiroteo-en-zamora\/#breadcrumblist"},"author":{"@id":"https:\/\/candas365.es\/noticias\/author\/admin\/#author"},"creator":{"@id":"https:\/\/candas365.es\/noticias\/author\/admin\/#author"},"image":{"@type":"ImageObject","url":"https:\/\/candas365.es\/noticias\/wp-content\/uploads\/2024\/05\/tiroteo-en-Zamora.jpg","@id":"https:\/\/candas365.es\/noticias\/un-detenido-tras-un-tiroteo-en-zamora\/#mainImage","width":543,"height":395,"caption":"Ambulancia Medicalizada (UME) de Sacyl | Foto del 112 Castilla y Le\u00f3n"},"primaryImageOfPage":{"@id":"https:\/\/candas365.es\/noticias\/un-detenido-tras-un-tiroteo-en-zamora\/#mainImage"},"datePublished":"2024-05-11T19:42:52+02:00","dateModified":"2024-05-11T19:42:52+02:00"},{"@type":"WebSite","@id":"https:\/\/candas365.es\/noticias\/#website","url":"https:\/\/candas365.es\/noticias\/","name":"Cand\u00e1s 365","alternateName":"Cand\u00e1s 365 Noticias","description":"Actualidad desde Carre\u00f1o para el mundo","inLanguage":"es-ES","publisher":{"@id":"https:\/\/candas365.es\/noticias\/#organization"}}]},"og:locale":"es_ES","og:site_name":"Cand\u00e1s 365","og:type":"article","og:title":"Un detenido tras un tiroteo en Zamora | Cand\u00e1s 365","og:description":"Un individuo ha sido reducido con un disparo en la pierna y detenido tras un tiroteo en Zamora despu\u00e9s de que hiriese al camarero de un establecimiento con un","og:url":"https:\/\/candas365.es\/noticias\/un-detenido-tras-un-tiroteo-en-zamora\/","og:image":"https:\/\/candas365.es\/noticias\/wp-content\/uploads\/2024\/05\/tiroteo-en-Zamora.jpg","og:image:secure_url":"https:\/\/candas365.es\/noticias\/wp-content\/uploads\/2024\/05\/tiroteo-en-Zamora.jpg","og:image:width":543,"og:image:height":395,"article:published_time":"2024-05-11T17:42:52+00:00","article:modified_time":"2024-05-11T17:42:52+00:00","article:publisher":"https:\/\/www.facebook.com\/Nachofdezber","article:author":"https:\/\/www.facebook.com\/carrenoactualidad","twitter:card":"summary_large_image","twitter:site":"@NabercoDigital","twitter:title":"Un detenido tras un tiroteo en Zamora | Cand\u00e1s 365","twitter:description":"Un individuo ha sido reducido con un disparo en la pierna y detenido tras un tiroteo en Zamora despu\u00e9s de que hiriese al camarero de un establecimiento con un","twitter:creator":"@nbasturias","twitter:image":"https:\/\/candas365.es\/noticias\/wp-content\/uploads\/2024\/05\/tiroteo-en-Zamora.jpg","twitter:label1":"Escrito por","twitter:data1":"Cand\u00e1s 365","twitter:label2":"Tiempo de lectura estimado","twitter:data2":"2 minutos"},"aioseo_meta_data":{"post_id":"180827","title":null,"description":"Un individuo ha sido reducido con un disparo en la pierna y detenido tras un tiroteo en Zamora despu\u00e9s de que hiriese al camarero de un establecimiento con un","keywords":null,"keyphrases":{"focus":{"keyphrase":"Zamora","score":93,"analysis":{"keyphraseInTitle":{"score":9,"maxScore":9,"error":0},"keyphraseInDescription":{"score":9,"maxScore":9,"error":0},"keyphraseLength":{"score":9,"maxScore":9,"error":0,"length":1},"keyphraseInURL":{"score":1,"maxScore":5,"error":1},"keyphraseInIntroduction":{"score":9,"maxScore":9,"error":0},"keyphraseInSubHeadings":[],"keyphraseInImageAlt":{"score":9,"maxScore":9,"error":0},"keywordDensity":{"type":"best","score":9,"maxScore":9,"error":0}}},"additional":[{"keyphrase":"tiroteo en Zamora","score":80,"analysis":{"keyphraseInDescription":{"score":9,"maxScore":9,"error":0},"keyphraseLength":{"score":9,"maxScore":9,"error":0,"length":3},"keyphraseInIntroduction":{"score":9,"maxScore":9,"error":0},"keyphraseInImageAlt":{"score":9,"maxScore":9,"error":0},"keywordDensity":{"score":0,"type":"low","maxScore":9,"error":1}}}]},"primary_term":null,"canonical_url":null,"og_title":null,"og_description":null,"og_object_type":"default","og_image_type":"default","og_image_url":null,"og_image_width":null,"og_image_height":null,"og_image_custom_url":null,"og_image_custom_fields":null,"og_video":"","og_custom_url":null,"og_article_section":null,"og_article_tags":null,"twitter_use_og":false,"twitter_card":"default","twitter_image_type":"default","twitter_image_url":null,"twitter_image_custom_url":null,"twitter_image_custom_fields":null,"twitter_title":null,"twitter_description":null,"schema":{"blockGraphs":[],"customGraphs":[],"default":{"data":{"Article":[],"Course":[],"Dataset":[],"FAQPage":[],"Movie":[],"Person":[],"Product":[],"ProductReview":[],"Car":[],"Recipe":[],"Service":[],"SoftwareApplication":[],"WebPage":[]},"graphName":"Article","isEnabled":true},"graphs":[]},"schema_type":"default","schema_type_options":null,"pillar_content":false,"robots_default":true,"robots_noindex":false,"robots_noarchive":false,"robots_nosnippet":false,"robots_nofollow":false,"robots_noimageindex":false,"robots_noodp":false,"robots_notranslate":false,"robots_max_snippet":"-1","robots_max_videopreview":"-1","robots_max_imagepreview":"large","priority":null,"frequency":"default","location":null,"local_seo":null,"seo_analyzer_scan_date":"2025-09-02 09:34:45","breadcrumb_settings":null,"limit_modified_date":false,"reviewed_by":null,"open_ai":"{\"title\":{\"suggestions\":[],\"usage\":0},\"description\":{\"suggestions\":[],\"usage\":0}}","ai":null,"created":"2024-05-11 17:37:58","updated":"2025-09-02 09:34:45"},"aioseo_breadcrumb":"<div class=\"aioseo-breadcrumbs\"><span class=\"aioseo-breadcrumb\">\n\t<a href=\"https:\/\/candas365.es\/noticias\" title=\"Home\">Home<\/a>\n<\/span><span class=\"aioseo-breadcrumb-separator\">&ndash;<\/span><span class=\"aioseo-breadcrumb\">\n\t<a href=\"https:\/\/candas365.es\/noticias\/category\/sucesos\/\" title=\"Sucesos\">Sucesos<\/a>\n<\/span><span class=\"aioseo-breadcrumb-separator\">&ndash;<\/span><span class=\"aioseo-breadcrumb\">\n\tUn detenido tras un tiroteo en Zamora\n<\/span><\/div>","aioseo_breadcrumb_json":[{"label":"Home","link":"https:\/\/candas365.es\/noticias"},{"label":"Sucesos","link":"https:\/\/candas365.es\/noticias\/category\/sucesos\/"},{"label":"Un detenido tras un tiroteo en Zamora","link":"https:\/\/candas365.es\/noticias\/un-detenido-tras-un-tiroteo-en-zamora\/"}],"_links":{"self":[{"href":"https:\/\/candas365.es\/noticias\/wp-json\/wp\/v2\/posts\/180827","targetHints":{"allow":["GET"]}}],"collection":[{"href":"https:\/\/candas365.es\/noticias\/wp-json\/wp\/v2\/posts"}],"about":[{"href":"https:\/\/candas365.es\/noticias\/wp-json\/wp\/v2\/types\/post"}],"author":[{"embeddable":true,"href":"https:\/\/candas365.es\/noticias\/wp-json\/wp\/v2\/users\/1"}],"replies":[{"embeddable":true,"href":"https:\/\/candas365.es\/noticias\/wp-json\/wp\/v2\/comments?post=180827"}],"version-history":[{"count":0,"href":"https:\/\/candas365.es\/noticias\/wp-json\/wp\/v2\/posts\/180827\/revisions"}],"wp:featuredmedia":[{"embeddable":true,"href":"https:\/\/candas365.es\/noticias\/wp-json\/wp\/v2\/media\/180828"}],"wp:attachment":[{"href":"https:\/\/candas365.es\/noticias\/wp-json\/wp\/v2\/media?parent=180827"}],"wp:term":[{"taxonomy":"category","embeddable":true,"href":"https:\/\/candas365.es\/noticias\/wp-json\/wp\/v2\/categories?post=180827"},{"taxonomy":"post_tag","embeddable":true,"href":"https:\/\/candas365.es\/noticias\/wp-json\/wp\/v2\/tags?post=180827"}],"curies":[{"name":"wp","href":"https:\/\/api.w.org\/{rel}","templated":true}]}}