{"id":180729,"date":"2024-05-08T21:32:03","date_gmt":"2024-05-08T19:32:03","guid":{"rendered":"https:\/\/candas365.es\/noticias\/?p=180729"},"modified":"2024-05-08T21:32:03","modified_gmt":"2024-05-08T19:32:03","slug":"registran-la-oficina-en-bruselas-del-europarlamentario-krah","status":"publish","type":"post","link":"https:\/\/candas365.es\/noticias\/registran-la-oficina-en-bruselas-del-europarlamentario-krah\/","title":{"rendered":"Registran la oficina en Bruselas del europarlamentario Krah"},"content":{"rendered":"<p>Bruselas\/Karlsruhe, 7 may (<a title=\"dpa\" href=\"https:\/\/www.dpa-news.de\/\" target=\"_blank\" rel=\"noopener\"><span style=\"color: #ff6600;\"><strong>dpa<\/strong><\/span><\/a>) &#8211; La Fiscal\u00eda Federal alemana llev\u00f3 hoy a cabo un registro en las oficinas en Bruselas del<a href=\"https:\/\/candas365.es\/noticias\/tag\/politica\/\"><span style=\"color: #ff6600;\"><strong> europarlamentario<\/strong><\/span><\/a> alem\u00e1n Maximilian Krah, en relaci\u00f3n a las acusaciones de espionaje que pesan sobre su antiguo empleado.<\/p>\n<p><img fetchpriority=\"high\" decoding=\"async\" class=\"aligncenter size-full wp-image-180730\" src=\"https:\/\/candas365.es\/noticias\/wp-content\/uploads\/2024\/05\/Bruselas.jpg\" alt=\"Bruselas\" width=\"640\" height=\"427\" srcset=\"https:\/\/candas365.es\/noticias\/wp-content\/uploads\/2024\/05\/Bruselas.jpg 640w, https:\/\/candas365.es\/noticias\/wp-content\/uploads\/2024\/05\/Bruselas-360x240.jpg 360w, https:\/\/candas365.es\/noticias\/wp-content\/uploads\/2024\/05\/Bruselas-150x100.jpg 150w, https:\/\/candas365.es\/noticias\/wp-content\/uploads\/2024\/05\/Bruselas-450x300.jpg 450w\" sizes=\"(max-width: 640px) 100vw, 640px\" \/><\/p>\n<p>\u00abLas medidas se est\u00e1n adoptando en el procedimiento contra Jian G. por sospecha de actividad como agente de los servicios secretos\u00bb, inform\u00f3 la entidad. Agreg\u00f3 que el registro en las oficinas de Krah se produce en su calidad de testigo y subray\u00f3 que el pol\u00edtico de Alternativa para Alemania (AfD) no est\u00e1 acusado.<\/p>\n<p>Seg\u00fan la Fiscal\u00eda, los registros se realizaron con la autorizaci\u00f3n previa del Parlamento Europeo. Un portavoz de la Fiscal\u00eda belga declar\u00f3 que hab\u00edan actuado a petici\u00f3n de las autoridades alemanas.<\/p>\n<p>El antiguo ayudante, de origen chino, es sospechoso de haber realizado espionaje para el pa\u00eds asi\u00e1tico. Fue detenido en Dresde el 22 de abril. Ahora se encuentra bajo custodia policial.<\/p>\n","protected":false},"excerpt":{"rendered":"<p>Bruselas\/Karlsruhe, 7 may (dpa) &#8211; La Fiscal\u00eda Federal alemana llev\u00f3 hoy a cabo un registro en las oficinas en Bruselas del europarlamentario alem\u00e1n Maximilian Krah, en relaci\u00f3n a las acusaciones de espionaje que pesan sobre su antiguo empleado. \u00abLas medidas se est\u00e1n adoptando en el procedimiento contra Jian G. por sospecha de actividad como agente<\/p>\n","protected":false},"author":1,"featured_media":180730,"comment_status":"closed","ping_status":"closed","sticky":false,"template":"","format":"standard","meta":{"footnotes":""},"categories":[487],"tags":[391],"class_list":{"0":"post-180729","1":"post","2":"type-post","3":"status-publish","4":"format-standard","5":"has-post-thumbnail","7":"category-sucesos","8":"tag-sucesos"},"aioseo_notices":[],"aioseo_head":"\n\t\t<!-- All in One SEO Pro 4.9.6.2 - aioseo.com -->\n\t<meta name=\"description\" content=\"Bruselas\/Karlsruhe, 7 may (dpa) - La Fiscal\u00eda Federal alemana llev\u00f3 hoy a cabo un registro en las oficinas en Bruselas del europarlamentario alem\u00e1n\" \/>\n\t<meta name=\"robots\" content=\"max-image-preview:large\" \/>\n\t<meta name=\"author\" content=\"Cand\u00e1s 365\"\/>\n\t<meta name=\"google-site-verification\" content=\"UA-32230408-1\" \/>\n\t<meta name=\"msvalidate.01\" content=\"354F3CDFB2DA171B47FBE9ABF1F88D5\" \/>\n\t<meta name=\"keywords\" content=\"sucesos\" \/>\n\t<link rel=\"canonical\" href=\"https:\/\/candas365.es\/noticias\/registran-la-oficina-en-bruselas-del-europarlamentario-krah\/\" \/>\n\t<meta name=\"generator\" content=\"All in One SEO Pro (AIOSEO) 4.9.6.2\" \/>\n\t\t<meta property=\"og:locale\" content=\"es_ES\" \/>\n\t\t<meta property=\"og:site_name\" content=\"Cand\u00e1s 365\" \/>\n\t\t<meta property=\"og:type\" content=\"article\" \/>\n\t\t<meta property=\"og:title\" content=\"Registran la oficina en Bruselas del europarlamentario Krah | Cand\u00e1s 365\" \/>\n\t\t<meta property=\"og:description\" content=\"Bruselas\/Karlsruhe, 7 may (dpa) - La Fiscal\u00eda Federal alemana llev\u00f3 hoy a cabo un registro en las oficinas en Bruselas del europarlamentario alem\u00e1n\" \/>\n\t\t<meta property=\"og:url\" content=\"https:\/\/candas365.es\/noticias\/registran-la-oficina-en-bruselas-del-europarlamentario-krah\/\" \/>\n\t\t<meta property=\"og:image\" content=\"https:\/\/candas365.es\/noticias\/wp-content\/uploads\/2024\/05\/Bruselas.jpg\" \/>\n\t\t<meta property=\"og:image:secure_url\" content=\"https:\/\/candas365.es\/noticias\/wp-content\/uploads\/2024\/05\/Bruselas.jpg\" \/>\n\t\t<meta property=\"og:image:width\" content=\"640\" \/>\n\t\t<meta property=\"og:image:height\" content=\"427\" \/>\n\t\t<meta property=\"article:published_time\" content=\"2024-05-08T19:32:03+00:00\" \/>\n\t\t<meta property=\"article:modified_time\" content=\"2024-05-08T19:32:03+00:00\" \/>\n\t\t<meta property=\"article:publisher\" content=\"https:\/\/www.facebook.com\/Nachofdezber\" \/>\n\t\t<meta property=\"article:author\" content=\"https:\/\/www.facebook.com\/carrenoactualidad\" \/>\n\t\t<meta name=\"twitter:card\" content=\"summary_large_image\" \/>\n\t\t<meta name=\"twitter:site\" content=\"@NabercoDigital\" \/>\n\t\t<meta name=\"twitter:title\" content=\"Registran la oficina en Bruselas del europarlamentario Krah | Cand\u00e1s 365\" \/>\n\t\t<meta name=\"twitter:description\" content=\"Bruselas\/Karlsruhe, 7 may (dpa) - La Fiscal\u00eda Federal alemana llev\u00f3 hoy a cabo un registro en las oficinas en Bruselas del europarlamentario alem\u00e1n\" \/>\n\t\t<meta name=\"twitter:creator\" content=\"@nbasturias\" \/>\n\t\t<meta name=\"twitter:image\" content=\"https:\/\/candas365.es\/noticias\/wp-content\/uploads\/2024\/05\/Bruselas.jpg\" \/>\n\t\t<meta name=\"twitter:label1\" content=\"Escrito por\" \/>\n\t\t<meta name=\"twitter:data1\" content=\"Cand\u00e1s 365\" \/>\n\t\t<meta name=\"twitter:label2\" content=\"Tiempo de lectura estimado\" \/>\n\t\t<meta name=\"twitter:data2\" content=\"1 minuto\" \/>\n\t\t<script type=\"application\/ld+json\" class=\"aioseo-schema\">\n\t\t\t{\"@context\":\"https:\\\/\\\/schema.org\",\"@graph\":[{\"@type\":\"BreadcrumbList\",\"@id\":\"https:\\\/\\\/candas365.es\\\/noticias\\\/registran-la-oficina-en-bruselas-del-europarlamentario-krah\\\/#breadcrumblist\",\"itemListElement\":[{\"@type\":\"ListItem\",\"@id\":\"https:\\\/\\\/candas365.es\\\/noticias#listItem\",\"position\":1,\"name\":\"Home\",\"item\":\"https:\\\/\\\/candas365.es\\\/noticias\",\"nextItem\":{\"@type\":\"ListItem\",\"@id\":\"https:\\\/\\\/candas365.es\\\/noticias\\\/category\\\/sucesos\\\/#listItem\",\"name\":\"Sucesos\"}},{\"@type\":\"ListItem\",\"@id\":\"https:\\\/\\\/candas365.es\\\/noticias\\\/category\\\/sucesos\\\/#listItem\",\"position\":2,\"name\":\"Sucesos\",\"item\":\"https:\\\/\\\/candas365.es\\\/noticias\\\/category\\\/sucesos\\\/\",\"nextItem\":{\"@type\":\"ListItem\",\"@id\":\"https:\\\/\\\/candas365.es\\\/noticias\\\/registran-la-oficina-en-bruselas-del-europarlamentario-krah\\\/#listItem\",\"name\":\"Registran la oficina en Bruselas del europarlamentario Krah\"},\"previousItem\":{\"@type\":\"ListItem\",\"@id\":\"https:\\\/\\\/candas365.es\\\/noticias#listItem\",\"name\":\"Home\"}},{\"@type\":\"ListItem\",\"@id\":\"https:\\\/\\\/candas365.es\\\/noticias\\\/registran-la-oficina-en-bruselas-del-europarlamentario-krah\\\/#listItem\",\"position\":3,\"name\":\"Registran la oficina en Bruselas del europarlamentario Krah\",\"previousItem\":{\"@type\":\"ListItem\",\"@id\":\"https:\\\/\\\/candas365.es\\\/noticias\\\/category\\\/sucesos\\\/#listItem\",\"name\":\"Sucesos\"}}]},{\"@type\":\"NewsArticle\",\"@id\":\"https:\\\/\\\/candas365.es\\\/noticias\\\/registran-la-oficina-en-bruselas-del-europarlamentario-krah\\\/#newsarticle\",\"name\":\"Registran la oficina en Bruselas del europarlamentario Krah | Cand\\u00e1s 365\",\"headline\":\"Registran la oficina en Bruselas del europarlamentario Krah\",\"author\":{\"@id\":\"https:\\\/\\\/candas365.es\\\/noticias\\\/author\\\/admin\\\/#author\"},\"publisher\":{\"@id\":\"https:\\\/\\\/candas365.es\\\/noticias\\\/#organization\"},\"image\":{\"@type\":\"ImageObject\",\"url\":\"https:\\\/\\\/candas365.es\\\/noticias\\\/wp-content\\\/uploads\\\/2024\\\/05\\\/Bruselas.jpg\",\"width\":640,\"height\":427,\"caption\":\"Bruselas\"},\"datePublished\":\"2024-05-08T21:32:03+02:00\",\"dateModified\":\"2024-05-08T21:32:03+02:00\",\"inLanguage\":\"es-ES\",\"mainEntityOfPage\":{\"@id\":\"https:\\\/\\\/candas365.es\\\/noticias\\\/registran-la-oficina-en-bruselas-del-europarlamentario-krah\\\/#webpage\"},\"isPartOf\":{\"@id\":\"https:\\\/\\\/candas365.es\\\/noticias\\\/registran-la-oficina-en-bruselas-del-europarlamentario-krah\\\/#webpage\"},\"articleSection\":\"Sucesos, sucesos\",\"dateline\":\"Publicado el mayo 8, 2024.\"},{\"@type\":\"Organization\",\"@id\":\"https:\\\/\\\/candas365.es\\\/noticias\\\/#organization\",\"name\":\"Cand\\u00e1s 365\",\"description\":\"Cand\\u00e1s 365 es un diario digital independiente, fundado en 2012, con base en Asturias. Informamos con rigor sobre actualidad, sociedad, cultura y ocio, con una mirada local y global.\",\"url\":\"https:\\\/\\\/candas365.es\\\/noticias\\\/\",\"email\":\"info@candas365.es\",\"telephone\":\"+34652131393\",\"foundingDate\":\"2012-06-10\",\"logo\":{\"@type\":\"ImageObject\",\"url\":\"https:\\\/\\\/candas365.es\\\/noticias\\\/wp-content\\\/uploads\\\/2024\\\/09\\\/Candas-365-Redes.jpg\",\"@id\":\"https:\\\/\\\/candas365.es\\\/noticias\\\/registran-la-oficina-en-bruselas-del-europarlamentario-krah\\\/#organizationLogo\",\"width\":1152,\"height\":864,\"caption\":\"Cand\\u00e1s 365 Redes\"},\"image\":{\"@id\":\"https:\\\/\\\/candas365.es\\\/noticias\\\/registran-la-oficina-en-bruselas-del-europarlamentario-krah\\\/#organizationLogo\"},\"sameAs\":[\"https:\\\/\\\/www.facebook.com\\\/Nachofdezber\",\"https:\\\/\\\/x.com\\\/NabercoDigital\",\"https:\\\/\\\/www.instagram.com\\\/nachofdezber\\\/\",\"https:\\\/\\\/www.youtube.com\\\/channel\\\/UCZP-2wLEB9Rv6erhFmqVnvg\"],\"address\":{\"@id\":\"https:\\\/\\\/candas365.es\\\/noticias\\\/#postaladdress\",\"@type\":\"PostalAddress\",\"streetAddress\":\"san antonio 4, san antonio 4\",\"postalCode\":\"33430\",\"addressLocality\":\"Cand\\u00e1s\",\"addressRegion\":\"Asturias\",\"addressCountry\":\"ES\"}},{\"@type\":\"Person\",\"@id\":\"https:\\\/\\\/candas365.es\\\/noticias\\\/author\\\/admin\\\/#author\",\"url\":\"https:\\\/\\\/candas365.es\\\/noticias\\\/author\\\/admin\\\/\",\"name\":\"Cand\\u00e1s 365\",\"image\":{\"@type\":\"ImageObject\",\"@id\":\"https:\\\/\\\/candas365.es\\\/noticias\\\/registran-la-oficina-en-bruselas-del-europarlamentario-krah\\\/#authorImage\",\"url\":\"https:\\\/\\\/secure.gravatar.com\\\/avatar\\\/496a8e03d0c493ede1718b7934145dbdf8d89be1036b0eec9544e1094c9de390?s=96&d=mm&r=g\",\"width\":96,\"height\":96,\"caption\":\"Cand\\u00e1s 365\"},\"sameAs\":[\"https:\\\/\\\/www.facebook.com\\\/carrenoactualidad\",\"https:\\\/\\\/twitter.com\\\/nbasturias\",\"https:\\\/\\\/www.instagram.com\\\/nachofdezber\\\/\",\"https:\\\/\\\/www.youtube.com\\\/channel\\\/UCZP-2wLEB9Rv6erhFmqVnvg\"]},{\"@type\":\"WebPage\",\"@id\":\"https:\\\/\\\/candas365.es\\\/noticias\\\/registran-la-oficina-en-bruselas-del-europarlamentario-krah\\\/#webpage\",\"url\":\"https:\\\/\\\/candas365.es\\\/noticias\\\/registran-la-oficina-en-bruselas-del-europarlamentario-krah\\\/\",\"name\":\"Registran la oficina en Bruselas del europarlamentario Krah | Cand\\u00e1s 365\",\"description\":\"Bruselas\\\/Karlsruhe, 7 may (dpa) - La Fiscal\\u00eda Federal alemana llev\\u00f3 hoy a cabo un registro en las oficinas en Bruselas del europarlamentario alem\\u00e1n\",\"inLanguage\":\"es-ES\",\"isPartOf\":{\"@id\":\"https:\\\/\\\/candas365.es\\\/noticias\\\/#website\"},\"breadcrumb\":{\"@id\":\"https:\\\/\\\/candas365.es\\\/noticias\\\/registran-la-oficina-en-bruselas-del-europarlamentario-krah\\\/#breadcrumblist\"},\"author\":{\"@id\":\"https:\\\/\\\/candas365.es\\\/noticias\\\/author\\\/admin\\\/#author\"},\"creator\":{\"@id\":\"https:\\\/\\\/candas365.es\\\/noticias\\\/author\\\/admin\\\/#author\"},\"image\":{\"@type\":\"ImageObject\",\"url\":\"https:\\\/\\\/candas365.es\\\/noticias\\\/wp-content\\\/uploads\\\/2024\\\/05\\\/Bruselas.jpg\",\"@id\":\"https:\\\/\\\/candas365.es\\\/noticias\\\/registran-la-oficina-en-bruselas-del-europarlamentario-krah\\\/#mainImage\",\"width\":640,\"height\":427,\"caption\":\"Bruselas\"},\"primaryImageOfPage\":{\"@id\":\"https:\\\/\\\/candas365.es\\\/noticias\\\/registran-la-oficina-en-bruselas-del-europarlamentario-krah\\\/#mainImage\"},\"datePublished\":\"2024-05-08T21:32:03+02:00\",\"dateModified\":\"2024-05-08T21:32:03+02:00\"},{\"@type\":\"WebSite\",\"@id\":\"https:\\\/\\\/candas365.es\\\/noticias\\\/#website\",\"url\":\"https:\\\/\\\/candas365.es\\\/noticias\\\/\",\"name\":\"Cand\\u00e1s 365\",\"alternateName\":\"Cand\\u00e1s 365 Noticias\",\"description\":\"Actualidad desde Carre\\u00f1o para el mundo\",\"inLanguage\":\"es-ES\",\"publisher\":{\"@id\":\"https:\\\/\\\/candas365.es\\\/noticias\\\/#organization\"}}]}\n\t\t<\/script>\n\t\t<!-- All in One SEO Pro -->\r\n\t\t<title>Registran la oficina en Bruselas del europarlamentario Krah | Cand\u00e1s 365<\/title>\n\n","aioseo_head_json":{"title":"Registran la oficina en Bruselas del europarlamentario Krah | Cand\u00e1s 365","description":"Bruselas\/Karlsruhe, 7 may (dpa) - La Fiscal\u00eda Federal alemana llev\u00f3 hoy a cabo un registro en las oficinas en Bruselas del europarlamentario alem\u00e1n","canonical_url":"https:\/\/candas365.es\/noticias\/registran-la-oficina-en-bruselas-del-europarlamentario-krah\/","robots":"max-image-preview:large","keywords":"sucesos","webmasterTools":{"google-site-verification":"UA-32230408-1","msvalidate.01":"354F3CDFB2DA171B47FBE9ABF1F88D5","miscellaneous":""},"schema":{"@context":"https:\/\/schema.org","@graph":[{"@type":"BreadcrumbList","@id":"https:\/\/candas365.es\/noticias\/registran-la-oficina-en-bruselas-del-europarlamentario-krah\/#breadcrumblist","itemListElement":[{"@type":"ListItem","@id":"https:\/\/candas365.es\/noticias#listItem","position":1,"name":"Home","item":"https:\/\/candas365.es\/noticias","nextItem":{"@type":"ListItem","@id":"https:\/\/candas365.es\/noticias\/category\/sucesos\/#listItem","name":"Sucesos"}},{"@type":"ListItem","@id":"https:\/\/candas365.es\/noticias\/category\/sucesos\/#listItem","position":2,"name":"Sucesos","item":"https:\/\/candas365.es\/noticias\/category\/sucesos\/","nextItem":{"@type":"ListItem","@id":"https:\/\/candas365.es\/noticias\/registran-la-oficina-en-bruselas-del-europarlamentario-krah\/#listItem","name":"Registran la oficina en Bruselas del europarlamentario Krah"},"previousItem":{"@type":"ListItem","@id":"https:\/\/candas365.es\/noticias#listItem","name":"Home"}},{"@type":"ListItem","@id":"https:\/\/candas365.es\/noticias\/registran-la-oficina-en-bruselas-del-europarlamentario-krah\/#listItem","position":3,"name":"Registran la oficina en Bruselas del europarlamentario Krah","previousItem":{"@type":"ListItem","@id":"https:\/\/candas365.es\/noticias\/category\/sucesos\/#listItem","name":"Sucesos"}}]},{"@type":"NewsArticle","@id":"https:\/\/candas365.es\/noticias\/registran-la-oficina-en-bruselas-del-europarlamentario-krah\/#newsarticle","name":"Registran la oficina en Bruselas del europarlamentario Krah | Cand\u00e1s 365","headline":"Registran la oficina en Bruselas del europarlamentario Krah","author":{"@id":"https:\/\/candas365.es\/noticias\/author\/admin\/#author"},"publisher":{"@id":"https:\/\/candas365.es\/noticias\/#organization"},"image":{"@type":"ImageObject","url":"https:\/\/candas365.es\/noticias\/wp-content\/uploads\/2024\/05\/Bruselas.jpg","width":640,"height":427,"caption":"Bruselas"},"datePublished":"2024-05-08T21:32:03+02:00","dateModified":"2024-05-08T21:32:03+02:00","inLanguage":"es-ES","mainEntityOfPage":{"@id":"https:\/\/candas365.es\/noticias\/registran-la-oficina-en-bruselas-del-europarlamentario-krah\/#webpage"},"isPartOf":{"@id":"https:\/\/candas365.es\/noticias\/registran-la-oficina-en-bruselas-del-europarlamentario-krah\/#webpage"},"articleSection":"Sucesos, sucesos","dateline":"Publicado el mayo 8, 2024."},{"@type":"Organization","@id":"https:\/\/candas365.es\/noticias\/#organization","name":"Cand\u00e1s 365","description":"Cand\u00e1s 365 es un diario digital independiente, fundado en 2012, con base en Asturias. Informamos con rigor sobre actualidad, sociedad, cultura y ocio, con una mirada local y global.","url":"https:\/\/candas365.es\/noticias\/","email":"info@candas365.es","telephone":"+34652131393","foundingDate":"2012-06-10","logo":{"@type":"ImageObject","url":"https:\/\/candas365.es\/noticias\/wp-content\/uploads\/2024\/09\/Candas-365-Redes.jpg","@id":"https:\/\/candas365.es\/noticias\/registran-la-oficina-en-bruselas-del-europarlamentario-krah\/#organizationLogo","width":1152,"height":864,"caption":"Cand\u00e1s 365 Redes"},"image":{"@id":"https:\/\/candas365.es\/noticias\/registran-la-oficina-en-bruselas-del-europarlamentario-krah\/#organizationLogo"},"sameAs":["https:\/\/www.facebook.com\/Nachofdezber","https:\/\/x.com\/NabercoDigital","https:\/\/www.instagram.com\/nachofdezber\/","https:\/\/www.youtube.com\/channel\/UCZP-2wLEB9Rv6erhFmqVnvg"],"address":{"@id":"https:\/\/candas365.es\/noticias\/#postaladdress","@type":"PostalAddress","streetAddress":"san antonio 4, san antonio 4","postalCode":"33430","addressLocality":"Cand\u00e1s","addressRegion":"Asturias","addressCountry":"ES"}},{"@type":"Person","@id":"https:\/\/candas365.es\/noticias\/author\/admin\/#author","url":"https:\/\/candas365.es\/noticias\/author\/admin\/","name":"Cand\u00e1s 365","image":{"@type":"ImageObject","@id":"https:\/\/candas365.es\/noticias\/registran-la-oficina-en-bruselas-del-europarlamentario-krah\/#authorImage","url":"https:\/\/secure.gravatar.com\/avatar\/496a8e03d0c493ede1718b7934145dbdf8d89be1036b0eec9544e1094c9de390?s=96&d=mm&r=g","width":96,"height":96,"caption":"Cand\u00e1s 365"},"sameAs":["https:\/\/www.facebook.com\/carrenoactualidad","https:\/\/twitter.com\/nbasturias","https:\/\/www.instagram.com\/nachofdezber\/","https:\/\/www.youtube.com\/channel\/UCZP-2wLEB9Rv6erhFmqVnvg"]},{"@type":"WebPage","@id":"https:\/\/candas365.es\/noticias\/registran-la-oficina-en-bruselas-del-europarlamentario-krah\/#webpage","url":"https:\/\/candas365.es\/noticias\/registran-la-oficina-en-bruselas-del-europarlamentario-krah\/","name":"Registran la oficina en Bruselas del europarlamentario Krah | Cand\u00e1s 365","description":"Bruselas\/Karlsruhe, 7 may (dpa) - La Fiscal\u00eda Federal alemana llev\u00f3 hoy a cabo un registro en las oficinas en Bruselas del europarlamentario alem\u00e1n","inLanguage":"es-ES","isPartOf":{"@id":"https:\/\/candas365.es\/noticias\/#website"},"breadcrumb":{"@id":"https:\/\/candas365.es\/noticias\/registran-la-oficina-en-bruselas-del-europarlamentario-krah\/#breadcrumblist"},"author":{"@id":"https:\/\/candas365.es\/noticias\/author\/admin\/#author"},"creator":{"@id":"https:\/\/candas365.es\/noticias\/author\/admin\/#author"},"image":{"@type":"ImageObject","url":"https:\/\/candas365.es\/noticias\/wp-content\/uploads\/2024\/05\/Bruselas.jpg","@id":"https:\/\/candas365.es\/noticias\/registran-la-oficina-en-bruselas-del-europarlamentario-krah\/#mainImage","width":640,"height":427,"caption":"Bruselas"},"primaryImageOfPage":{"@id":"https:\/\/candas365.es\/noticias\/registran-la-oficina-en-bruselas-del-europarlamentario-krah\/#mainImage"},"datePublished":"2024-05-08T21:32:03+02:00","dateModified":"2024-05-08T21:32:03+02:00"},{"@type":"WebSite","@id":"https:\/\/candas365.es\/noticias\/#website","url":"https:\/\/candas365.es\/noticias\/","name":"Cand\u00e1s 365","alternateName":"Cand\u00e1s 365 Noticias","description":"Actualidad desde Carre\u00f1o para el mundo","inLanguage":"es-ES","publisher":{"@id":"https:\/\/candas365.es\/noticias\/#organization"}}]},"og:locale":"es_ES","og:site_name":"Cand\u00e1s 365","og:type":"article","og:title":"Registran la oficina en Bruselas del europarlamentario Krah | Cand\u00e1s 365","og:description":"Bruselas\/Karlsruhe, 7 may (dpa) - La Fiscal\u00eda Federal alemana llev\u00f3 hoy a cabo un registro en las oficinas en Bruselas del europarlamentario alem\u00e1n","og:url":"https:\/\/candas365.es\/noticias\/registran-la-oficina-en-bruselas-del-europarlamentario-krah\/","og:image":"https:\/\/candas365.es\/noticias\/wp-content\/uploads\/2024\/05\/Bruselas.jpg","og:image:secure_url":"https:\/\/candas365.es\/noticias\/wp-content\/uploads\/2024\/05\/Bruselas.jpg","og:image:width":640,"og:image:height":427,"article:published_time":"2024-05-08T19:32:03+00:00","article:modified_time":"2024-05-08T19:32:03+00:00","article:publisher":"https:\/\/www.facebook.com\/Nachofdezber","article:author":"https:\/\/www.facebook.com\/carrenoactualidad","twitter:card":"summary_large_image","twitter:site":"@NabercoDigital","twitter:title":"Registran la oficina en Bruselas del europarlamentario Krah | Cand\u00e1s 365","twitter:description":"Bruselas\/Karlsruhe, 7 may (dpa) - La Fiscal\u00eda Federal alemana llev\u00f3 hoy a cabo un registro en las oficinas en Bruselas del europarlamentario alem\u00e1n","twitter:creator":"@nbasturias","twitter:image":"https:\/\/candas365.es\/noticias\/wp-content\/uploads\/2024\/05\/Bruselas.jpg","twitter:label1":"Escrito por","twitter:data1":"Cand\u00e1s 365","twitter:label2":"Tiempo de lectura estimado","twitter:data2":"1 minuto"},"aioseo_meta_data":{"post_id":"180729","title":null,"description":"Bruselas\/Karlsruhe, 7 may (dpa) - La Fiscal\u00eda Federal alemana llev\u00f3 hoy a cabo un registro en las oficinas en Bruselas del europarlamentario alem\u00e1n","keywords":null,"keyphrases":{"focus":{"keyphrase":"Bruselas","score":93,"analysis":{"keyphraseInTitle":{"score":9,"maxScore":9,"error":0},"keyphraseInDescription":{"score":9,"maxScore":9,"error":0},"keyphraseLength":{"score":9,"maxScore":9,"error":0,"length":1},"keyphraseInURL":{"score":1,"maxScore":5,"error":1},"keyphraseInIntroduction":{"score":9,"maxScore":9,"error":0},"keyphraseInSubHeadings":[],"keyphraseInImageAlt":{"score":9,"maxScore":9,"error":0},"keywordDensity":{"type":"best","score":9,"maxScore":9,"error":0}}},"additional":[{"keyphrase":"Bruselas","score":100,"analysis":{"keyphraseInDescription":{"score":9,"maxScore":9,"error":0},"keyphraseLength":{"score":9,"maxScore":9,"error":0,"length":1},"keyphraseInIntroduction":{"score":9,"maxScore":9,"error":0},"keyphraseInImageAlt":{"score":9,"maxScore":9,"error":0},"keywordDensity":{"type":"best","score":9,"maxScore":9,"error":0}}}]},"primary_term":null,"canonical_url":null,"og_title":null,"og_description":null,"og_object_type":"default","og_image_type":"default","og_image_url":null,"og_image_width":null,"og_image_height":null,"og_image_custom_url":null,"og_image_custom_fields":null,"og_video":"","og_custom_url":null,"og_article_section":null,"og_article_tags":null,"twitter_use_og":false,"twitter_card":"default","twitter_image_type":"default","twitter_image_url":null,"twitter_image_custom_url":null,"twitter_image_custom_fields":null,"twitter_title":null,"twitter_description":null,"schema":{"blockGraphs":[],"customGraphs":[],"default":{"data":{"Article":[],"Course":[],"Dataset":[],"FAQPage":[],"Movie":[],"Person":[],"Product":[],"ProductReview":[],"Car":[],"Recipe":[],"Service":[],"SoftwareApplication":[],"WebPage":[]},"graphName":"Article","isEnabled":true},"graphs":[]},"schema_type":"default","schema_type_options":null,"pillar_content":false,"robots_default":true,"robots_noindex":false,"robots_noarchive":false,"robots_nosnippet":false,"robots_nofollow":false,"robots_noimageindex":false,"robots_noodp":false,"robots_notranslate":false,"robots_max_snippet":"-1","robots_max_videopreview":"-1","robots_max_imagepreview":"large","priority":null,"frequency":"default","location":null,"local_seo":null,"seo_analyzer_scan_date":"2025-09-02 09:18:16","breadcrumb_settings":null,"limit_modified_date":false,"reviewed_by":null,"open_ai":"{\"title\":{\"suggestions\":[],\"usage\":0},\"description\":{\"suggestions\":[],\"usage\":0}}","ai":null,"created":"2024-05-08 19:29:31","updated":"2025-09-02 09:18:16"},"aioseo_breadcrumb":"<div class=\"aioseo-breadcrumbs\"><span class=\"aioseo-breadcrumb\">\n\t<a href=\"https:\/\/candas365.es\/noticias\" title=\"Home\">Home<\/a>\n<\/span><span class=\"aioseo-breadcrumb-separator\">&ndash;<\/span><span class=\"aioseo-breadcrumb\">\n\t<a href=\"https:\/\/candas365.es\/noticias\/category\/sucesos\/\" title=\"Sucesos\">Sucesos<\/a>\n<\/span><span class=\"aioseo-breadcrumb-separator\">&ndash;<\/span><span class=\"aioseo-breadcrumb\">\n\tRegistran la oficina en Bruselas del europarlamentario Krah\n<\/span><\/div>","aioseo_breadcrumb_json":[{"label":"Home","link":"https:\/\/candas365.es\/noticias"},{"label":"Sucesos","link":"https:\/\/candas365.es\/noticias\/category\/sucesos\/"},{"label":"Registran la oficina en Bruselas del europarlamentario Krah","link":"https:\/\/candas365.es\/noticias\/registran-la-oficina-en-bruselas-del-europarlamentario-krah\/"}],"_links":{"self":[{"href":"https:\/\/candas365.es\/noticias\/wp-json\/wp\/v2\/posts\/180729","targetHints":{"allow":["GET"]}}],"collection":[{"href":"https:\/\/candas365.es\/noticias\/wp-json\/wp\/v2\/posts"}],"about":[{"href":"https:\/\/candas365.es\/noticias\/wp-json\/wp\/v2\/types\/post"}],"author":[{"embeddable":true,"href":"https:\/\/candas365.es\/noticias\/wp-json\/wp\/v2\/users\/1"}],"replies":[{"embeddable":true,"href":"https:\/\/candas365.es\/noticias\/wp-json\/wp\/v2\/comments?post=180729"}],"version-history":[{"count":0,"href":"https:\/\/candas365.es\/noticias\/wp-json\/wp\/v2\/posts\/180729\/revisions"}],"wp:featuredmedia":[{"embeddable":true,"href":"https:\/\/candas365.es\/noticias\/wp-json\/wp\/v2\/media\/180730"}],"wp:attachment":[{"href":"https:\/\/candas365.es\/noticias\/wp-json\/wp\/v2\/media?parent=180729"}],"wp:term":[{"taxonomy":"category","embeddable":true,"href":"https:\/\/candas365.es\/noticias\/wp-json\/wp\/v2\/categories?post=180729"},{"taxonomy":"post_tag","embeddable":true,"href":"https:\/\/candas365.es\/noticias\/wp-json\/wp\/v2\/tags?post=180729"}],"curies":[{"name":"wp","href":"https:\/\/api.w.org\/{rel}","templated":true}]}}