{"id":180692,"date":"2024-05-08T16:38:47","date_gmt":"2024-05-08T14:38:47","guid":{"rendered":"https:\/\/candas365.es\/noticias\/?p=180692"},"modified":"2024-05-08T16:38:47","modified_gmt":"2024-05-08T14:38:47","slug":"asturias-celebrara-el-dia-de-europa-en-vegadeo","status":"publish","type":"post","link":"https:\/\/candas365.es\/noticias\/asturias-celebrara-el-dia-de-europa-en-vegadeo\/","title":{"rendered":"Asturias celebrar\u00e1 el D\u00eda de Europa en Vegadeo"},"content":{"rendered":"<p>El <a title=\"Principado de Asturias\" href=\"https:\/\/actualidad.asturias.es\/\" target=\"_blank\" rel=\"noopener\"><span style=\"color: #ff6600;\"><strong>Gobierno de Asturias<\/strong><\/span><\/a> organizar\u00e1 en Vegadeo una jornada para conmemorar el D\u00eda de Europa. Esta efem\u00e9ride se celebra en todo el continente cada<a href=\"https:\/\/candas365.es\/noticias\/category\/agenda\/\"><span style=\"color: #ff6600;\"><strong> 9 de mayo<\/strong><\/span><\/a>\u00a0coincidiendo con la fecha en la que se promulg\u00f3 la Declaraci\u00f3n de Schuman en 1950, precursora de lo que hoy se conoce como Uni\u00f3n Europea.<\/p>\n<p><img fetchpriority=\"high\" decoding=\"async\" class=\"aligncenter size-full wp-image-180693\" src=\"https:\/\/candas365.es\/noticias\/wp-content\/uploads\/2024\/05\/Dia-de-Europa-2024-en-Asturias.jpg\" alt=\"D\u00eda de Europa 2024 en Asturias\" width=\"640\" height=\"427\" srcset=\"https:\/\/candas365.es\/noticias\/wp-content\/uploads\/2024\/05\/Dia-de-Europa-2024-en-Asturias.jpg 640w, https:\/\/candas365.es\/noticias\/wp-content\/uploads\/2024\/05\/Dia-de-Europa-2024-en-Asturias-360x240.jpg 360w, https:\/\/candas365.es\/noticias\/wp-content\/uploads\/2024\/05\/Dia-de-Europa-2024-en-Asturias-150x100.jpg 150w, https:\/\/candas365.es\/noticias\/wp-content\/uploads\/2024\/05\/Dia-de-Europa-2024-en-Asturias-450x300.jpg 450w\" sizes=\"(max-width: 640px) 100vw, 640px\" \/><\/p>\n<p>La Consejer\u00eda de Hacienda y Fondos Europeos ha programado una serie de actividades en las que participar\u00e1n escolares de los concejos de Vegadeo y Castropol, entre las que destaca una marcha por en el entorno de la r\u00eda del Eo, cuyo saneamiento se ejecut\u00f3 con fondos comunitarios. El objetivo es fomentar el europe\u00edsmo entre los ni\u00f1os y las ni\u00f1as desde la implicaci\u00f3n y el conocimiento.<\/p>\n<p>En la actividad participar\u00e1 el consejero de Hacienda y Fondos Europeos, Guillermo Pel\u00e1ez, junto con un centenar de estudiantes del colegio Jovellanos y del CRA R\u00eda del Eo, ambos de Vegadeo, y del colegio La Paloma y el aula Serantes del CRA Castropol-Tapia, estos dos \u00faltimos pertenecientes a Castropol. Una vez concluya la ruta, est\u00e1 previsto un acto institucional en el que tambi\u00e9n participar\u00e1n el alcalde de Vegadeo, C\u00e9sar \u00c1lvarez y la presidenta de la Federaci\u00f3n Asturiana de Concejos (FACC), Cecilia P\u00e9rez.<\/p>\n<p>Los trabajos de saneamiento de la r\u00eda del Eo recibieron casi 13 millones procedentes de fondos Feder. Las obras incluyeron la estaci\u00f3n depuradora de aguas residuales y los sistemas de saneamiento correspondientes a la red de colectores, que permiten la recogida y transporte a la depuradora y que se desarrollaron en dos fases por su gran amplitud. Estos equipamientos han mejorado sustancialmente la calidad de la aguas del mayor estuario de Asturias, al dar soluci\u00f3n definitiva al tratamiento de las aguas residuales de origen urbano de varias parroquias de Castropol y Vegadeo. Para dar continuidad a la recuperaci\u00f3n del entorno, ahora se trabaja en la renaturalizaci\u00f3n del estuario, con fondos europeos del Plan de Recuperaci\u00f3n, Transformaci\u00f3n y Resiliencia.<\/p>\n","protected":false},"excerpt":{"rendered":"<p>El Gobierno de Asturias organizar\u00e1 en Vegadeo una jornada para conmemorar el D\u00eda de Europa. Esta efem\u00e9ride se celebra en todo el continente cada 9 de mayo\u00a0coincidiendo con la fecha en la que se promulg\u00f3 la Declaraci\u00f3n de Schuman en 1950, precursora de lo que hoy se conoce como Uni\u00f3n Europea. La Consejer\u00eda de Hacienda<\/p>\n","protected":false},"author":1,"featured_media":180693,"comment_status":"closed","ping_status":"closed","sticky":false,"template":"","format":"standard","meta":{"footnotes":""},"categories":[1],"tags":[468],"class_list":{"0":"post-180692","1":"post","2":"type-post","3":"status-publish","4":"format-standard","5":"has-post-thumbnail","7":"category-agenda","8":"tag-agenda"},"aioseo_notices":[],"aioseo_head":"\n\t\t<!-- All in One SEO Pro 4.9.6.2 - aioseo.com -->\n\t<meta name=\"description\" content=\"El Gobierno de Asturias organizar\u00e1 en Vegadeo una jornada para conmemorar el D\u00eda de Europa. Esta efem\u00e9ride se celebra en todo el continente cada 9 de mayo\" \/>\n\t<meta name=\"robots\" content=\"max-image-preview:large\" \/>\n\t<meta name=\"author\" content=\"Cand\u00e1s 365\"\/>\n\t<meta name=\"google-site-verification\" content=\"UA-32230408-1\" \/>\n\t<meta name=\"msvalidate.01\" content=\"354F3CDFB2DA171B47FBE9ABF1F88D5\" \/>\n\t<meta name=\"keywords\" content=\"agenda\" \/>\n\t<link rel=\"canonical\" href=\"https:\/\/candas365.es\/noticias\/asturias-celebrara-el-dia-de-europa-en-vegadeo\/\" \/>\n\t<meta name=\"generator\" content=\"All in One SEO Pro (AIOSEO) 4.9.6.2\" \/>\n\t\t<meta property=\"og:locale\" content=\"es_ES\" \/>\n\t\t<meta property=\"og:site_name\" content=\"Cand\u00e1s 365\" \/>\n\t\t<meta property=\"og:type\" content=\"article\" \/>\n\t\t<meta property=\"og:title\" content=\"Asturias celebrar\u00e1 el D\u00eda de Europa en Vegadeo | Cand\u00e1s 365\" \/>\n\t\t<meta property=\"og:description\" content=\"El Gobierno de Asturias organizar\u00e1 en Vegadeo una jornada para conmemorar el D\u00eda de Europa. Esta efem\u00e9ride se celebra en todo el continente cada 9 de mayo\" \/>\n\t\t<meta property=\"og:url\" content=\"https:\/\/candas365.es\/noticias\/asturias-celebrara-el-dia-de-europa-en-vegadeo\/\" \/>\n\t\t<meta property=\"og:image\" content=\"https:\/\/candas365.es\/noticias\/wp-content\/uploads\/2024\/05\/Dia-de-Europa-2024-en-Asturias.jpg\" \/>\n\t\t<meta property=\"og:image:secure_url\" content=\"https:\/\/candas365.es\/noticias\/wp-content\/uploads\/2024\/05\/Dia-de-Europa-2024-en-Asturias.jpg\" \/>\n\t\t<meta property=\"og:image:width\" content=\"640\" \/>\n\t\t<meta property=\"og:image:height\" content=\"427\" \/>\n\t\t<meta property=\"article:published_time\" content=\"2024-05-08T14:38:47+00:00\" \/>\n\t\t<meta property=\"article:modified_time\" content=\"2024-05-08T14:38:47+00:00\" \/>\n\t\t<meta property=\"article:publisher\" content=\"https:\/\/www.facebook.com\/Nachofdezber\" \/>\n\t\t<meta property=\"article:author\" content=\"https:\/\/www.facebook.com\/carrenoactualidad\" \/>\n\t\t<meta name=\"twitter:card\" content=\"summary_large_image\" \/>\n\t\t<meta name=\"twitter:site\" content=\"@NabercoDigital\" \/>\n\t\t<meta name=\"twitter:title\" content=\"Asturias celebrar\u00e1 el D\u00eda de Europa en Vegadeo | Cand\u00e1s 365\" \/>\n\t\t<meta name=\"twitter:description\" content=\"El Gobierno de Asturias organizar\u00e1 en Vegadeo una jornada para conmemorar el D\u00eda de Europa. Esta efem\u00e9ride se celebra en todo el continente cada 9 de mayo\" \/>\n\t\t<meta name=\"twitter:creator\" content=\"@nbasturias\" \/>\n\t\t<meta name=\"twitter:image\" content=\"https:\/\/candas365.es\/noticias\/wp-content\/uploads\/2024\/05\/Dia-de-Europa-2024-en-Asturias.jpg\" \/>\n\t\t<meta name=\"twitter:label1\" content=\"Escrito por\" \/>\n\t\t<meta name=\"twitter:data1\" content=\"Cand\u00e1s 365\" \/>\n\t\t<meta name=\"twitter:label2\" content=\"Tiempo de lectura estimado\" \/>\n\t\t<meta name=\"twitter:data2\" content=\"2 minutos\" \/>\n\t\t<script type=\"application\/ld+json\" class=\"aioseo-schema\">\n\t\t\t{\"@context\":\"https:\\\/\\\/schema.org\",\"@graph\":[{\"@type\":\"BreadcrumbList\",\"@id\":\"https:\\\/\\\/candas365.es\\\/noticias\\\/asturias-celebrara-el-dia-de-europa-en-vegadeo\\\/#breadcrumblist\",\"itemListElement\":[{\"@type\":\"ListItem\",\"@id\":\"https:\\\/\\\/candas365.es\\\/noticias#listItem\",\"position\":1,\"name\":\"Home\",\"item\":\"https:\\\/\\\/candas365.es\\\/noticias\",\"nextItem\":{\"@type\":\"ListItem\",\"@id\":\"https:\\\/\\\/candas365.es\\\/noticias\\\/category\\\/agenda\\\/#listItem\",\"name\":\"Agenda\"}},{\"@type\":\"ListItem\",\"@id\":\"https:\\\/\\\/candas365.es\\\/noticias\\\/category\\\/agenda\\\/#listItem\",\"position\":2,\"name\":\"Agenda\",\"item\":\"https:\\\/\\\/candas365.es\\\/noticias\\\/category\\\/agenda\\\/\",\"nextItem\":{\"@type\":\"ListItem\",\"@id\":\"https:\\\/\\\/candas365.es\\\/noticias\\\/asturias-celebrara-el-dia-de-europa-en-vegadeo\\\/#listItem\",\"name\":\"Asturias celebrar\\u00e1 el D\\u00eda de Europa en Vegadeo\"},\"previousItem\":{\"@type\":\"ListItem\",\"@id\":\"https:\\\/\\\/candas365.es\\\/noticias#listItem\",\"name\":\"Home\"}},{\"@type\":\"ListItem\",\"@id\":\"https:\\\/\\\/candas365.es\\\/noticias\\\/asturias-celebrara-el-dia-de-europa-en-vegadeo\\\/#listItem\",\"position\":3,\"name\":\"Asturias celebrar\\u00e1 el D\\u00eda de Europa en Vegadeo\",\"previousItem\":{\"@type\":\"ListItem\",\"@id\":\"https:\\\/\\\/candas365.es\\\/noticias\\\/category\\\/agenda\\\/#listItem\",\"name\":\"Agenda\"}}]},{\"@type\":\"NewsArticle\",\"@id\":\"https:\\\/\\\/candas365.es\\\/noticias\\\/asturias-celebrara-el-dia-de-europa-en-vegadeo\\\/#newsarticle\",\"name\":\"Asturias celebrar\\u00e1 el D\\u00eda de Europa en Vegadeo | Cand\\u00e1s 365\",\"headline\":\"Asturias celebrar\\u00e1 el D\\u00eda de Europa en Vegadeo\",\"author\":{\"@id\":\"https:\\\/\\\/candas365.es\\\/noticias\\\/author\\\/admin\\\/#author\"},\"publisher\":{\"@id\":\"https:\\\/\\\/candas365.es\\\/noticias\\\/#organization\"},\"image\":{\"@type\":\"ImageObject\",\"url\":\"https:\\\/\\\/candas365.es\\\/noticias\\\/wp-content\\\/uploads\\\/2024\\\/05\\\/Dia-de-Europa-2024-en-Asturias.jpg\",\"width\":640,\"height\":427,\"caption\":\"D\\u00eda de Europa 2024 en Asturias\"},\"datePublished\":\"2024-05-08T16:38:47+02:00\",\"dateModified\":\"2024-05-08T16:38:47+02:00\",\"inLanguage\":\"es-ES\",\"mainEntityOfPage\":{\"@id\":\"https:\\\/\\\/candas365.es\\\/noticias\\\/asturias-celebrara-el-dia-de-europa-en-vegadeo\\\/#webpage\"},\"isPartOf\":{\"@id\":\"https:\\\/\\\/candas365.es\\\/noticias\\\/asturias-celebrara-el-dia-de-europa-en-vegadeo\\\/#webpage\"},\"articleSection\":\"Agenda, agenda\",\"dateline\":\"Publicado el mayo 8, 2024.\"},{\"@type\":\"Organization\",\"@id\":\"https:\\\/\\\/candas365.es\\\/noticias\\\/#organization\",\"name\":\"Cand\\u00e1s 365\",\"description\":\"Cand\\u00e1s 365 es un diario digital independiente, fundado en 2012, con base en Asturias. Informamos con rigor sobre actualidad, sociedad, cultura y ocio, con una mirada local y global.\",\"url\":\"https:\\\/\\\/candas365.es\\\/noticias\\\/\",\"email\":\"info@candas365.es\",\"telephone\":\"+34652131393\",\"foundingDate\":\"2012-06-10\",\"logo\":{\"@type\":\"ImageObject\",\"url\":\"https:\\\/\\\/candas365.es\\\/noticias\\\/wp-content\\\/uploads\\\/2024\\\/09\\\/Candas-365-Redes.jpg\",\"@id\":\"https:\\\/\\\/candas365.es\\\/noticias\\\/asturias-celebrara-el-dia-de-europa-en-vegadeo\\\/#organizationLogo\",\"width\":1152,\"height\":864,\"caption\":\"Cand\\u00e1s 365 Redes\"},\"image\":{\"@id\":\"https:\\\/\\\/candas365.es\\\/noticias\\\/asturias-celebrara-el-dia-de-europa-en-vegadeo\\\/#organizationLogo\"},\"sameAs\":[\"https:\\\/\\\/www.facebook.com\\\/Nachofdezber\",\"https:\\\/\\\/x.com\\\/NabercoDigital\",\"https:\\\/\\\/www.instagram.com\\\/nachofdezber\\\/\",\"https:\\\/\\\/www.youtube.com\\\/channel\\\/UCZP-2wLEB9Rv6erhFmqVnvg\"],\"address\":{\"@id\":\"https:\\\/\\\/candas365.es\\\/noticias\\\/#postaladdress\",\"@type\":\"PostalAddress\",\"streetAddress\":\"san antonio 4, san antonio 4\",\"postalCode\":\"33430\",\"addressLocality\":\"Cand\\u00e1s\",\"addressRegion\":\"Asturias\",\"addressCountry\":\"ES\"}},{\"@type\":\"Person\",\"@id\":\"https:\\\/\\\/candas365.es\\\/noticias\\\/author\\\/admin\\\/#author\",\"url\":\"https:\\\/\\\/candas365.es\\\/noticias\\\/author\\\/admin\\\/\",\"name\":\"Cand\\u00e1s 365\",\"image\":{\"@type\":\"ImageObject\",\"@id\":\"https:\\\/\\\/candas365.es\\\/noticias\\\/asturias-celebrara-el-dia-de-europa-en-vegadeo\\\/#authorImage\",\"url\":\"https:\\\/\\\/secure.gravatar.com\\\/avatar\\\/496a8e03d0c493ede1718b7934145dbdf8d89be1036b0eec9544e1094c9de390?s=96&d=mm&r=g\",\"width\":96,\"height\":96,\"caption\":\"Cand\\u00e1s 365\"},\"sameAs\":[\"https:\\\/\\\/www.facebook.com\\\/carrenoactualidad\",\"https:\\\/\\\/twitter.com\\\/nbasturias\",\"https:\\\/\\\/www.instagram.com\\\/nachofdezber\\\/\",\"https:\\\/\\\/www.youtube.com\\\/channel\\\/UCZP-2wLEB9Rv6erhFmqVnvg\"]},{\"@type\":\"WebPage\",\"@id\":\"https:\\\/\\\/candas365.es\\\/noticias\\\/asturias-celebrara-el-dia-de-europa-en-vegadeo\\\/#webpage\",\"url\":\"https:\\\/\\\/candas365.es\\\/noticias\\\/asturias-celebrara-el-dia-de-europa-en-vegadeo\\\/\",\"name\":\"Asturias celebrar\\u00e1 el D\\u00eda de Europa en Vegadeo | Cand\\u00e1s 365\",\"description\":\"El Gobierno de Asturias organizar\\u00e1 en Vegadeo una jornada para conmemorar el D\\u00eda de Europa. Esta efem\\u00e9ride se celebra en todo el continente cada 9 de mayo\",\"inLanguage\":\"es-ES\",\"isPartOf\":{\"@id\":\"https:\\\/\\\/candas365.es\\\/noticias\\\/#website\"},\"breadcrumb\":{\"@id\":\"https:\\\/\\\/candas365.es\\\/noticias\\\/asturias-celebrara-el-dia-de-europa-en-vegadeo\\\/#breadcrumblist\"},\"author\":{\"@id\":\"https:\\\/\\\/candas365.es\\\/noticias\\\/author\\\/admin\\\/#author\"},\"creator\":{\"@id\":\"https:\\\/\\\/candas365.es\\\/noticias\\\/author\\\/admin\\\/#author\"},\"image\":{\"@type\":\"ImageObject\",\"url\":\"https:\\\/\\\/candas365.es\\\/noticias\\\/wp-content\\\/uploads\\\/2024\\\/05\\\/Dia-de-Europa-2024-en-Asturias.jpg\",\"@id\":\"https:\\\/\\\/candas365.es\\\/noticias\\\/asturias-celebrara-el-dia-de-europa-en-vegadeo\\\/#mainImage\",\"width\":640,\"height\":427,\"caption\":\"D\\u00eda de Europa 2024 en Asturias\"},\"primaryImageOfPage\":{\"@id\":\"https:\\\/\\\/candas365.es\\\/noticias\\\/asturias-celebrara-el-dia-de-europa-en-vegadeo\\\/#mainImage\"},\"datePublished\":\"2024-05-08T16:38:47+02:00\",\"dateModified\":\"2024-05-08T16:38:47+02:00\"},{\"@type\":\"WebSite\",\"@id\":\"https:\\\/\\\/candas365.es\\\/noticias\\\/#website\",\"url\":\"https:\\\/\\\/candas365.es\\\/noticias\\\/\",\"name\":\"Cand\\u00e1s 365\",\"alternateName\":\"Cand\\u00e1s 365 Noticias\",\"description\":\"Actualidad desde Carre\\u00f1o para el mundo\",\"inLanguage\":\"es-ES\",\"publisher\":{\"@id\":\"https:\\\/\\\/candas365.es\\\/noticias\\\/#organization\"}}]}\n\t\t<\/script>\n\t\t<!-- All in One SEO Pro -->\r\n\t\t<title>Asturias celebrar\u00e1 el D\u00eda de Europa en Vegadeo | Cand\u00e1s 365<\/title>\n\n","aioseo_head_json":{"title":"Asturias celebrar\u00e1 el D\u00eda de Europa en Vegadeo | Cand\u00e1s 365","description":"El Gobierno de Asturias organizar\u00e1 en Vegadeo una jornada para conmemorar el D\u00eda de Europa. Esta efem\u00e9ride se celebra en todo el continente cada 9 de mayo","canonical_url":"https:\/\/candas365.es\/noticias\/asturias-celebrara-el-dia-de-europa-en-vegadeo\/","robots":"max-image-preview:large","keywords":"agenda","webmasterTools":{"google-site-verification":"UA-32230408-1","msvalidate.01":"354F3CDFB2DA171B47FBE9ABF1F88D5","miscellaneous":""},"schema":{"@context":"https:\/\/schema.org","@graph":[{"@type":"BreadcrumbList","@id":"https:\/\/candas365.es\/noticias\/asturias-celebrara-el-dia-de-europa-en-vegadeo\/#breadcrumblist","itemListElement":[{"@type":"ListItem","@id":"https:\/\/candas365.es\/noticias#listItem","position":1,"name":"Home","item":"https:\/\/candas365.es\/noticias","nextItem":{"@type":"ListItem","@id":"https:\/\/candas365.es\/noticias\/category\/agenda\/#listItem","name":"Agenda"}},{"@type":"ListItem","@id":"https:\/\/candas365.es\/noticias\/category\/agenda\/#listItem","position":2,"name":"Agenda","item":"https:\/\/candas365.es\/noticias\/category\/agenda\/","nextItem":{"@type":"ListItem","@id":"https:\/\/candas365.es\/noticias\/asturias-celebrara-el-dia-de-europa-en-vegadeo\/#listItem","name":"Asturias celebrar\u00e1 el D\u00eda de Europa en Vegadeo"},"previousItem":{"@type":"ListItem","@id":"https:\/\/candas365.es\/noticias#listItem","name":"Home"}},{"@type":"ListItem","@id":"https:\/\/candas365.es\/noticias\/asturias-celebrara-el-dia-de-europa-en-vegadeo\/#listItem","position":3,"name":"Asturias celebrar\u00e1 el D\u00eda de Europa en Vegadeo","previousItem":{"@type":"ListItem","@id":"https:\/\/candas365.es\/noticias\/category\/agenda\/#listItem","name":"Agenda"}}]},{"@type":"NewsArticle","@id":"https:\/\/candas365.es\/noticias\/asturias-celebrara-el-dia-de-europa-en-vegadeo\/#newsarticle","name":"Asturias celebrar\u00e1 el D\u00eda de Europa en Vegadeo | Cand\u00e1s 365","headline":"Asturias celebrar\u00e1 el D\u00eda de Europa en Vegadeo","author":{"@id":"https:\/\/candas365.es\/noticias\/author\/admin\/#author"},"publisher":{"@id":"https:\/\/candas365.es\/noticias\/#organization"},"image":{"@type":"ImageObject","url":"https:\/\/candas365.es\/noticias\/wp-content\/uploads\/2024\/05\/Dia-de-Europa-2024-en-Asturias.jpg","width":640,"height":427,"caption":"D\u00eda de Europa 2024 en Asturias"},"datePublished":"2024-05-08T16:38:47+02:00","dateModified":"2024-05-08T16:38:47+02:00","inLanguage":"es-ES","mainEntityOfPage":{"@id":"https:\/\/candas365.es\/noticias\/asturias-celebrara-el-dia-de-europa-en-vegadeo\/#webpage"},"isPartOf":{"@id":"https:\/\/candas365.es\/noticias\/asturias-celebrara-el-dia-de-europa-en-vegadeo\/#webpage"},"articleSection":"Agenda, agenda","dateline":"Publicado el mayo 8, 2024."},{"@type":"Organization","@id":"https:\/\/candas365.es\/noticias\/#organization","name":"Cand\u00e1s 365","description":"Cand\u00e1s 365 es un diario digital independiente, fundado en 2012, con base en Asturias. Informamos con rigor sobre actualidad, sociedad, cultura y ocio, con una mirada local y global.","url":"https:\/\/candas365.es\/noticias\/","email":"info@candas365.es","telephone":"+34652131393","foundingDate":"2012-06-10","logo":{"@type":"ImageObject","url":"https:\/\/candas365.es\/noticias\/wp-content\/uploads\/2024\/09\/Candas-365-Redes.jpg","@id":"https:\/\/candas365.es\/noticias\/asturias-celebrara-el-dia-de-europa-en-vegadeo\/#organizationLogo","width":1152,"height":864,"caption":"Cand\u00e1s 365 Redes"},"image":{"@id":"https:\/\/candas365.es\/noticias\/asturias-celebrara-el-dia-de-europa-en-vegadeo\/#organizationLogo"},"sameAs":["https:\/\/www.facebook.com\/Nachofdezber","https:\/\/x.com\/NabercoDigital","https:\/\/www.instagram.com\/nachofdezber\/","https:\/\/www.youtube.com\/channel\/UCZP-2wLEB9Rv6erhFmqVnvg"],"address":{"@id":"https:\/\/candas365.es\/noticias\/#postaladdress","@type":"PostalAddress","streetAddress":"san antonio 4, san antonio 4","postalCode":"33430","addressLocality":"Cand\u00e1s","addressRegion":"Asturias","addressCountry":"ES"}},{"@type":"Person","@id":"https:\/\/candas365.es\/noticias\/author\/admin\/#author","url":"https:\/\/candas365.es\/noticias\/author\/admin\/","name":"Cand\u00e1s 365","image":{"@type":"ImageObject","@id":"https:\/\/candas365.es\/noticias\/asturias-celebrara-el-dia-de-europa-en-vegadeo\/#authorImage","url":"https:\/\/secure.gravatar.com\/avatar\/496a8e03d0c493ede1718b7934145dbdf8d89be1036b0eec9544e1094c9de390?s=96&d=mm&r=g","width":96,"height":96,"caption":"Cand\u00e1s 365"},"sameAs":["https:\/\/www.facebook.com\/carrenoactualidad","https:\/\/twitter.com\/nbasturias","https:\/\/www.instagram.com\/nachofdezber\/","https:\/\/www.youtube.com\/channel\/UCZP-2wLEB9Rv6erhFmqVnvg"]},{"@type":"WebPage","@id":"https:\/\/candas365.es\/noticias\/asturias-celebrara-el-dia-de-europa-en-vegadeo\/#webpage","url":"https:\/\/candas365.es\/noticias\/asturias-celebrara-el-dia-de-europa-en-vegadeo\/","name":"Asturias celebrar\u00e1 el D\u00eda de Europa en Vegadeo | Cand\u00e1s 365","description":"El Gobierno de Asturias organizar\u00e1 en Vegadeo una jornada para conmemorar el D\u00eda de Europa. Esta efem\u00e9ride se celebra en todo el continente cada 9 de mayo","inLanguage":"es-ES","isPartOf":{"@id":"https:\/\/candas365.es\/noticias\/#website"},"breadcrumb":{"@id":"https:\/\/candas365.es\/noticias\/asturias-celebrara-el-dia-de-europa-en-vegadeo\/#breadcrumblist"},"author":{"@id":"https:\/\/candas365.es\/noticias\/author\/admin\/#author"},"creator":{"@id":"https:\/\/candas365.es\/noticias\/author\/admin\/#author"},"image":{"@type":"ImageObject","url":"https:\/\/candas365.es\/noticias\/wp-content\/uploads\/2024\/05\/Dia-de-Europa-2024-en-Asturias.jpg","@id":"https:\/\/candas365.es\/noticias\/asturias-celebrara-el-dia-de-europa-en-vegadeo\/#mainImage","width":640,"height":427,"caption":"D\u00eda de Europa 2024 en Asturias"},"primaryImageOfPage":{"@id":"https:\/\/candas365.es\/noticias\/asturias-celebrara-el-dia-de-europa-en-vegadeo\/#mainImage"},"datePublished":"2024-05-08T16:38:47+02:00","dateModified":"2024-05-08T16:38:47+02:00"},{"@type":"WebSite","@id":"https:\/\/candas365.es\/noticias\/#website","url":"https:\/\/candas365.es\/noticias\/","name":"Cand\u00e1s 365","alternateName":"Cand\u00e1s 365 Noticias","description":"Actualidad desde Carre\u00f1o para el mundo","inLanguage":"es-ES","publisher":{"@id":"https:\/\/candas365.es\/noticias\/#organization"}}]},"og:locale":"es_ES","og:site_name":"Cand\u00e1s 365","og:type":"article","og:title":"Asturias celebrar\u00e1 el D\u00eda de Europa en Vegadeo | Cand\u00e1s 365","og:description":"El Gobierno de Asturias organizar\u00e1 en Vegadeo una jornada para conmemorar el D\u00eda de Europa. Esta efem\u00e9ride se celebra en todo el continente cada 9 de mayo","og:url":"https:\/\/candas365.es\/noticias\/asturias-celebrara-el-dia-de-europa-en-vegadeo\/","og:image":"https:\/\/candas365.es\/noticias\/wp-content\/uploads\/2024\/05\/Dia-de-Europa-2024-en-Asturias.jpg","og:image:secure_url":"https:\/\/candas365.es\/noticias\/wp-content\/uploads\/2024\/05\/Dia-de-Europa-2024-en-Asturias.jpg","og:image:width":640,"og:image:height":427,"article:published_time":"2024-05-08T14:38:47+00:00","article:modified_time":"2024-05-08T14:38:47+00:00","article:publisher":"https:\/\/www.facebook.com\/Nachofdezber","article:author":"https:\/\/www.facebook.com\/carrenoactualidad","twitter:card":"summary_large_image","twitter:site":"@NabercoDigital","twitter:title":"Asturias celebrar\u00e1 el D\u00eda de Europa en Vegadeo | Cand\u00e1s 365","twitter:description":"El Gobierno de Asturias organizar\u00e1 en Vegadeo una jornada para conmemorar el D\u00eda de Europa. Esta efem\u00e9ride se celebra en todo el continente cada 9 de mayo","twitter:creator":"@nbasturias","twitter:image":"https:\/\/candas365.es\/noticias\/wp-content\/uploads\/2024\/05\/Dia-de-Europa-2024-en-Asturias.jpg","twitter:label1":"Escrito por","twitter:data1":"Cand\u00e1s 365","twitter:label2":"Tiempo de lectura estimado","twitter:data2":"2 minutos"},"aioseo_meta_data":{"post_id":"180692","title":null,"description":"El Gobierno de Asturias organizar\u00e1 en Vegadeo una jornada para conmemorar el D\u00eda de Europa. Esta efem\u00e9ride se celebra en todo el continente cada 9 de mayo","keywords":null,"keyphrases":{"focus":{"keyphrase":"Asturias","score":93,"analysis":{"keyphraseInTitle":{"score":9,"maxScore":9,"error":0},"keyphraseInDescription":{"score":9,"maxScore":9,"error":0},"keyphraseLength":{"score":9,"maxScore":9,"error":0,"length":1},"keyphraseInURL":{"score":1,"maxScore":5,"error":1},"keyphraseInIntroduction":{"score":9,"maxScore":9,"error":0},"keyphraseInSubHeadings":[],"keyphraseInImageAlt":{"score":9,"maxScore":9,"error":0},"keywordDensity":{"type":"best","score":9,"maxScore":9,"error":0}}},"additional":[{"keyphrase":"Asturias","score":100,"analysis":{"keyphraseInDescription":{"score":9,"maxScore":9,"error":0},"keyphraseLength":{"score":9,"maxScore":9,"error":0,"length":1},"keyphraseInIntroduction":{"score":9,"maxScore":9,"error":0},"keyphraseInImageAlt":{"score":9,"maxScore":9,"error":0},"keywordDensity":{"type":"best","score":9,"maxScore":9,"error":0}}}]},"primary_term":null,"canonical_url":null,"og_title":null,"og_description":null,"og_object_type":"default","og_image_type":"default","og_image_url":null,"og_image_width":null,"og_image_height":null,"og_image_custom_url":null,"og_image_custom_fields":null,"og_video":"","og_custom_url":null,"og_article_section":null,"og_article_tags":null,"twitter_use_og":false,"twitter_card":"default","twitter_image_type":"default","twitter_image_url":null,"twitter_image_custom_url":null,"twitter_image_custom_fields":null,"twitter_title":null,"twitter_description":null,"schema":{"blockGraphs":[],"customGraphs":[],"default":{"data":{"Article":[],"Course":[],"Dataset":[],"FAQPage":[],"Movie":[],"Person":[],"Product":[],"ProductReview":[],"Car":[],"Recipe":[],"Service":[],"SoftwareApplication":[],"WebPage":[]},"graphName":"Article","isEnabled":true},"graphs":[]},"schema_type":"default","schema_type_options":null,"pillar_content":false,"robots_default":true,"robots_noindex":false,"robots_noarchive":false,"robots_nosnippet":false,"robots_nofollow":false,"robots_noimageindex":false,"robots_noodp":false,"robots_notranslate":false,"robots_max_snippet":"-1","robots_max_videopreview":"-1","robots_max_imagepreview":"large","priority":null,"frequency":"default","location":null,"local_seo":null,"seo_analyzer_scan_date":"2025-09-02 09:14:30","breadcrumb_settings":null,"limit_modified_date":false,"reviewed_by":null,"open_ai":"{\"title\":{\"suggestions\":[],\"usage\":0},\"description\":{\"suggestions\":[],\"usage\":0}}","ai":null,"created":"2024-05-08 14:35:35","updated":"2025-09-02 09:14:30"},"aioseo_breadcrumb":"<div class=\"aioseo-breadcrumbs\"><span class=\"aioseo-breadcrumb\">\n\t<a href=\"https:\/\/candas365.es\/noticias\" title=\"Home\">Home<\/a>\n<\/span><span class=\"aioseo-breadcrumb-separator\">&ndash;<\/span><span class=\"aioseo-breadcrumb\">\n\t<a href=\"https:\/\/candas365.es\/noticias\/category\/agenda\/\" title=\"Agenda\">Agenda<\/a>\n<\/span><span class=\"aioseo-breadcrumb-separator\">&ndash;<\/span><span class=\"aioseo-breadcrumb\">\n\tAsturias celebrar\u00e1 el D\u00eda de Europa en Vegadeo\n<\/span><\/div>","aioseo_breadcrumb_json":[{"label":"Home","link":"https:\/\/candas365.es\/noticias"},{"label":"Agenda","link":"https:\/\/candas365.es\/noticias\/category\/agenda\/"},{"label":"Asturias celebrar\u00e1 el D\u00eda de Europa en Vegadeo","link":"https:\/\/candas365.es\/noticias\/asturias-celebrara-el-dia-de-europa-en-vegadeo\/"}],"_links":{"self":[{"href":"https:\/\/candas365.es\/noticias\/wp-json\/wp\/v2\/posts\/180692","targetHints":{"allow":["GET"]}}],"collection":[{"href":"https:\/\/candas365.es\/noticias\/wp-json\/wp\/v2\/posts"}],"about":[{"href":"https:\/\/candas365.es\/noticias\/wp-json\/wp\/v2\/types\/post"}],"author":[{"embeddable":true,"href":"https:\/\/candas365.es\/noticias\/wp-json\/wp\/v2\/users\/1"}],"replies":[{"embeddable":true,"href":"https:\/\/candas365.es\/noticias\/wp-json\/wp\/v2\/comments?post=180692"}],"version-history":[{"count":0,"href":"https:\/\/candas365.es\/noticias\/wp-json\/wp\/v2\/posts\/180692\/revisions"}],"wp:featuredmedia":[{"embeddable":true,"href":"https:\/\/candas365.es\/noticias\/wp-json\/wp\/v2\/media\/180693"}],"wp:attachment":[{"href":"https:\/\/candas365.es\/noticias\/wp-json\/wp\/v2\/media?parent=180692"}],"wp:term":[{"taxonomy":"category","embeddable":true,"href":"https:\/\/candas365.es\/noticias\/wp-json\/wp\/v2\/categories?post=180692"},{"taxonomy":"post_tag","embeddable":true,"href":"https:\/\/candas365.es\/noticias\/wp-json\/wp\/v2\/tags?post=180692"}],"curies":[{"name":"wp","href":"https:\/\/api.w.org\/{rel}","templated":true}]}}