{"id":180554,"date":"2024-05-04T02:20:02","date_gmt":"2024-05-04T00:20:02","guid":{"rendered":"https:\/\/candas365.es\/noticias\/?p=180554"},"modified":"2024-05-04T02:20:02","modified_gmt":"2024-05-04T00:20:02","slug":"la-situacion-de-los-periodistas-en-el-mundo","status":"publish","type":"post","link":"https:\/\/candas365.es\/noticias\/la-situacion-de-los-periodistas-en-el-mundo\/","title":{"rendered":"La situaci\u00f3n de los periodistas en el mundo"},"content":{"rendered":"<p>Berl\u00edn, 3 may (<a href=\"https:\/\/www.dpa-news.de\/\"><span style=\"color: #ff6600;\"><strong>dpa<\/strong><\/span><\/a>) &#8211; La organizaci\u00f3n de periodistas Reporteros sin Fronteras (RSF) registr\u00f3 una mejora de la situaci\u00f3n de los profesionales de los medios en Alemania, a la vez que denunci\u00f3 el aumento generalizado de la violencia contra <span style=\"color: #ff6600;\"><a style=\"color: #ff6600;\" href=\"https:\/\/candas365.es\/noticias\/\"><strong>comunicadores<\/strong><\/a><\/span> en todo el mundo en el contexto de elecciones.<\/p>\n<p><img fetchpriority=\"high\" decoding=\"async\" class=\"aligncenter size-full wp-image-180555\" src=\"https:\/\/candas365.es\/noticias\/wp-content\/uploads\/2024\/05\/periodistas.jpg\" alt=\"periodistas\" width=\"640\" height=\"427\" srcset=\"https:\/\/candas365.es\/noticias\/wp-content\/uploads\/2024\/05\/periodistas.jpg 640w, https:\/\/candas365.es\/noticias\/wp-content\/uploads\/2024\/05\/periodistas-360x240.jpg 360w, https:\/\/candas365.es\/noticias\/wp-content\/uploads\/2024\/05\/periodistas-150x100.jpg 150w, https:\/\/candas365.es\/noticias\/wp-content\/uploads\/2024\/05\/periodistas-450x300.jpg 450w\" sizes=\"(max-width: 640px) 100vw, 640px\" \/><\/p>\n<p>Esta evoluci\u00f3n es especialmente preocupante con vistas al a\u00f1o superelectoral 2024, seg\u00fan anunci\u00f3 hoy la organizaci\u00f3n internacional en la presentaci\u00f3n de su \u00abClasificaci\u00f3n anual de la libertad de prensa\u00bb. En conjunto, la situaci\u00f3n de la libertad de prensa sigui\u00f3 deterior\u00e1ndose significativamente en todo el mundo.<\/p>\n<p>Alemania en tanto mejor\u00f3 sensiblemente su posici\u00f3n en la lista y ocupa el d\u00e9cimo lugar. En 2023 estaba en el puesto 21.<\/p>\n<p>La asociaci\u00f3n compara la situaci\u00f3n de los profesionales de los medios de comunicaci\u00f3n en unos 180 pa\u00edses. La seguridad, el contexto pol\u00edtico, el marco jur\u00eddico y el entorno econ\u00f3mico y sociocultural del pa\u00eds respectivo influyen en la clasificaci\u00f3n.<\/p>\n<p>La organizaci\u00f3n tambi\u00e9n se basa en encuestas y en entrevistas a periodistas seleccionados. La clasificaci\u00f3n existe desde hace m\u00e1s de 20 a\u00f1os. La \u00faltima edici\u00f3n incluye datos de 2023.<br \/>\nRSF se\u00f1ala que puede ocurrir que los pa\u00edses mejoren autom\u00e1ticamente en la clasificaci\u00f3n simplemente porque otros han empeorado. As\u00ed explica en parte el salto que dio Alemania.<\/p>\n<p>Al mismo tiempo, el n\u00famero de agresiones a periodistas registradas por la organizaci\u00f3n disminuy\u00f3 en Alemania. Sin embargo, se supone que en todo el mundo hay un elevado n\u00famero de casos no denunciados.<\/p>\n<p>Noruega ocupa el primer puesto de la clasificaci\u00f3n por octava vez consecutiva. Le siguen Dinamarca (2), Suecia (3), Pa\u00edses Bajos (4), Finlandia (5), Estonia (6), Portugal (7), Irlanda (8) y Suiza (9), antes que Alemania. Eritrea ocupa el puesto 180, precedida por Siria (179), Afganist\u00e1n (178), Corea del Norte (177) e Ir\u00e1n (176).<\/p>\n<p>La asociaci\u00f3n present\u00f3 la lista con ocasi\u00f3n del \u00abD\u00eda Internacional de la Libertad de Prensa\u00bb, el 3 de mayo.<\/p>\n","protected":false},"excerpt":{"rendered":"<p>Berl\u00edn, 3 may (dpa) &#8211; La organizaci\u00f3n de periodistas Reporteros sin Fronteras (RSF) registr\u00f3 una mejora de la situaci\u00f3n de los profesionales de los medios en Alemania, a la vez que denunci\u00f3 el aumento generalizado de la violencia contra comunicadores en todo el mundo en el contexto de elecciones. Esta evoluci\u00f3n es especialmente preocupante con<\/p>\n","protected":false},"author":1,"featured_media":180555,"comment_status":"closed","ping_status":"closed","sticky":false,"template":"","format":"standard","meta":{"footnotes":""},"categories":[485],"tags":[418,479],"class_list":{"0":"post-180554","1":"post","2":"type-post","3":"status-publish","4":"format-standard","5":"has-post-thumbnail","7":"category-internacional","8":"tag-internacional","9":"tag-medios"},"aioseo_notices":[],"aioseo_head":"\n\t\t<!-- All in One SEO Pro 4.9.6.2 - aioseo.com -->\n\t<meta name=\"description\" content=\"Berl\u00edn, 3 may (dpa) - La organizaci\u00f3n de periodistas Reporteros sin Fronteras (RSF) registr\u00f3 una mejora de la situaci\u00f3n de los profesionales de los medios en\" \/>\n\t<meta name=\"robots\" content=\"max-image-preview:large\" \/>\n\t<meta name=\"author\" content=\"Cand\u00e1s 365\"\/>\n\t<meta name=\"google-site-verification\" content=\"UA-32230408-1\" \/>\n\t<meta name=\"msvalidate.01\" content=\"354F3CDFB2DA171B47FBE9ABF1F88D5\" \/>\n\t<meta name=\"keywords\" content=\"internacional\" \/>\n\t<link rel=\"canonical\" href=\"https:\/\/candas365.es\/noticias\/la-situacion-de-los-periodistas-en-el-mundo\/\" \/>\n\t<meta name=\"generator\" content=\"All in One SEO Pro (AIOSEO) 4.9.6.2\" \/>\n\t\t<meta property=\"og:locale\" content=\"es_ES\" \/>\n\t\t<meta property=\"og:site_name\" content=\"Cand\u00e1s 365\" \/>\n\t\t<meta property=\"og:type\" content=\"article\" \/>\n\t\t<meta property=\"og:title\" content=\"La situaci\u00f3n de los periodistas en el mundo | Cand\u00e1s 365\" \/>\n\t\t<meta property=\"og:description\" content=\"Berl\u00edn, 3 may (dpa) - La organizaci\u00f3n de periodistas Reporteros sin Fronteras (RSF) registr\u00f3 una mejora de la situaci\u00f3n de los profesionales de los medios en\" \/>\n\t\t<meta property=\"og:url\" content=\"https:\/\/candas365.es\/noticias\/la-situacion-de-los-periodistas-en-el-mundo\/\" \/>\n\t\t<meta property=\"og:image\" content=\"https:\/\/candas365.es\/noticias\/wp-content\/uploads\/2024\/05\/periodistas.jpg\" \/>\n\t\t<meta property=\"og:image:secure_url\" content=\"https:\/\/candas365.es\/noticias\/wp-content\/uploads\/2024\/05\/periodistas.jpg\" \/>\n\t\t<meta property=\"og:image:width\" content=\"640\" \/>\n\t\t<meta property=\"og:image:height\" content=\"427\" \/>\n\t\t<meta property=\"article:published_time\" content=\"2024-05-04T00:20:02+00:00\" \/>\n\t\t<meta property=\"article:modified_time\" content=\"2024-05-04T00:20:02+00:00\" \/>\n\t\t<meta property=\"article:publisher\" content=\"https:\/\/www.facebook.com\/Nachofdezber\" \/>\n\t\t<meta property=\"article:author\" content=\"https:\/\/www.facebook.com\/carrenoactualidad\" \/>\n\t\t<meta name=\"twitter:card\" content=\"summary_large_image\" \/>\n\t\t<meta name=\"twitter:site\" content=\"@NabercoDigital\" \/>\n\t\t<meta name=\"twitter:title\" content=\"La situaci\u00f3n de los periodistas en el mundo | Cand\u00e1s 365\" \/>\n\t\t<meta name=\"twitter:description\" content=\"Berl\u00edn, 3 may (dpa) - La organizaci\u00f3n de periodistas Reporteros sin Fronteras (RSF) registr\u00f3 una mejora de la situaci\u00f3n de los profesionales de los medios en\" \/>\n\t\t<meta name=\"twitter:creator\" content=\"@nbasturias\" \/>\n\t\t<meta name=\"twitter:image\" content=\"https:\/\/candas365.es\/noticias\/wp-content\/uploads\/2024\/05\/periodistas.jpg\" \/>\n\t\t<meta name=\"twitter:label1\" content=\"Escrito por\" \/>\n\t\t<meta name=\"twitter:data1\" content=\"Cand\u00e1s 365\" \/>\n\t\t<meta name=\"twitter:label2\" content=\"Tiempo de lectura estimado\" \/>\n\t\t<meta name=\"twitter:data2\" content=\"2 minutos\" \/>\n\t\t<script type=\"application\/ld+json\" class=\"aioseo-schema\">\n\t\t\t{\"@context\":\"https:\\\/\\\/schema.org\",\"@graph\":[{\"@type\":\"BreadcrumbList\",\"@id\":\"https:\\\/\\\/candas365.es\\\/noticias\\\/la-situacion-de-los-periodistas-en-el-mundo\\\/#breadcrumblist\",\"itemListElement\":[{\"@type\":\"ListItem\",\"@id\":\"https:\\\/\\\/candas365.es\\\/noticias#listItem\",\"position\":1,\"name\":\"Home\",\"item\":\"https:\\\/\\\/candas365.es\\\/noticias\",\"nextItem\":{\"@type\":\"ListItem\",\"@id\":\"https:\\\/\\\/candas365.es\\\/noticias\\\/category\\\/internacional\\\/#listItem\",\"name\":\"Internacional\"}},{\"@type\":\"ListItem\",\"@id\":\"https:\\\/\\\/candas365.es\\\/noticias\\\/category\\\/internacional\\\/#listItem\",\"position\":2,\"name\":\"Internacional\",\"item\":\"https:\\\/\\\/candas365.es\\\/noticias\\\/category\\\/internacional\\\/\",\"nextItem\":{\"@type\":\"ListItem\",\"@id\":\"https:\\\/\\\/candas365.es\\\/noticias\\\/la-situacion-de-los-periodistas-en-el-mundo\\\/#listItem\",\"name\":\"La situaci\\u00f3n de los periodistas en el mundo\"},\"previousItem\":{\"@type\":\"ListItem\",\"@id\":\"https:\\\/\\\/candas365.es\\\/noticias#listItem\",\"name\":\"Home\"}},{\"@type\":\"ListItem\",\"@id\":\"https:\\\/\\\/candas365.es\\\/noticias\\\/la-situacion-de-los-periodistas-en-el-mundo\\\/#listItem\",\"position\":3,\"name\":\"La situaci\\u00f3n de los periodistas en el mundo\",\"previousItem\":{\"@type\":\"ListItem\",\"@id\":\"https:\\\/\\\/candas365.es\\\/noticias\\\/category\\\/internacional\\\/#listItem\",\"name\":\"Internacional\"}}]},{\"@type\":\"NewsArticle\",\"@id\":\"https:\\\/\\\/candas365.es\\\/noticias\\\/la-situacion-de-los-periodistas-en-el-mundo\\\/#newsarticle\",\"name\":\"La situaci\\u00f3n de los periodistas en el mundo | Cand\\u00e1s 365\",\"headline\":\"La situaci\\u00f3n de los periodistas en el mundo\",\"author\":{\"@id\":\"https:\\\/\\\/candas365.es\\\/noticias\\\/author\\\/admin\\\/#author\"},\"publisher\":{\"@id\":\"https:\\\/\\\/candas365.es\\\/noticias\\\/#organization\"},\"image\":{\"@type\":\"ImageObject\",\"url\":\"https:\\\/\\\/candas365.es\\\/noticias\\\/wp-content\\\/uploads\\\/2024\\\/05\\\/periodistas.jpg\",\"width\":640,\"height\":427,\"caption\":\"periodistas\"},\"datePublished\":\"2024-05-04T02:20:02+02:00\",\"dateModified\":\"2024-05-04T02:20:02+02:00\",\"inLanguage\":\"es-ES\",\"mainEntityOfPage\":{\"@id\":\"https:\\\/\\\/candas365.es\\\/noticias\\\/la-situacion-de-los-periodistas-en-el-mundo\\\/#webpage\"},\"isPartOf\":{\"@id\":\"https:\\\/\\\/candas365.es\\\/noticias\\\/la-situacion-de-los-periodistas-en-el-mundo\\\/#webpage\"},\"articleSection\":\"Internacional, Internacional, medios\",\"dateline\":\"Publicado el mayo 4, 2024.\"},{\"@type\":\"Organization\",\"@id\":\"https:\\\/\\\/candas365.es\\\/noticias\\\/#organization\",\"name\":\"Cand\\u00e1s 365\",\"description\":\"Cand\\u00e1s 365 es un diario digital independiente, fundado en 2012, con base en Asturias. Informamos con rigor sobre actualidad, sociedad, cultura y ocio, con una mirada local y global.\",\"url\":\"https:\\\/\\\/candas365.es\\\/noticias\\\/\",\"email\":\"info@candas365.es\",\"telephone\":\"+34652131393\",\"foundingDate\":\"2012-06-10\",\"logo\":{\"@type\":\"ImageObject\",\"url\":\"https:\\\/\\\/candas365.es\\\/noticias\\\/wp-content\\\/uploads\\\/2024\\\/09\\\/Candas-365-Redes.jpg\",\"@id\":\"https:\\\/\\\/candas365.es\\\/noticias\\\/la-situacion-de-los-periodistas-en-el-mundo\\\/#organizationLogo\",\"width\":1152,\"height\":864,\"caption\":\"Cand\\u00e1s 365 Redes\"},\"image\":{\"@id\":\"https:\\\/\\\/candas365.es\\\/noticias\\\/la-situacion-de-los-periodistas-en-el-mundo\\\/#organizationLogo\"},\"sameAs\":[\"https:\\\/\\\/www.facebook.com\\\/Nachofdezber\",\"https:\\\/\\\/x.com\\\/NabercoDigital\",\"https:\\\/\\\/www.instagram.com\\\/nachofdezber\\\/\",\"https:\\\/\\\/www.youtube.com\\\/channel\\\/UCZP-2wLEB9Rv6erhFmqVnvg\"],\"address\":{\"@id\":\"https:\\\/\\\/candas365.es\\\/noticias\\\/#postaladdress\",\"@type\":\"PostalAddress\",\"streetAddress\":\"san antonio 4, san antonio 4\",\"postalCode\":\"33430\",\"addressLocality\":\"Cand\\u00e1s\",\"addressRegion\":\"Asturias\",\"addressCountry\":\"ES\"}},{\"@type\":\"Person\",\"@id\":\"https:\\\/\\\/candas365.es\\\/noticias\\\/author\\\/admin\\\/#author\",\"url\":\"https:\\\/\\\/candas365.es\\\/noticias\\\/author\\\/admin\\\/\",\"name\":\"Cand\\u00e1s 365\",\"image\":{\"@type\":\"ImageObject\",\"@id\":\"https:\\\/\\\/candas365.es\\\/noticias\\\/la-situacion-de-los-periodistas-en-el-mundo\\\/#authorImage\",\"url\":\"https:\\\/\\\/secure.gravatar.com\\\/avatar\\\/496a8e03d0c493ede1718b7934145dbdf8d89be1036b0eec9544e1094c9de390?s=96&d=mm&r=g\",\"width\":96,\"height\":96,\"caption\":\"Cand\\u00e1s 365\"},\"sameAs\":[\"https:\\\/\\\/www.facebook.com\\\/carrenoactualidad\",\"https:\\\/\\\/twitter.com\\\/nbasturias\",\"https:\\\/\\\/www.instagram.com\\\/nachofdezber\\\/\",\"https:\\\/\\\/www.youtube.com\\\/channel\\\/UCZP-2wLEB9Rv6erhFmqVnvg\"]},{\"@type\":\"WebPage\",\"@id\":\"https:\\\/\\\/candas365.es\\\/noticias\\\/la-situacion-de-los-periodistas-en-el-mundo\\\/#webpage\",\"url\":\"https:\\\/\\\/candas365.es\\\/noticias\\\/la-situacion-de-los-periodistas-en-el-mundo\\\/\",\"name\":\"La situaci\\u00f3n de los periodistas en el mundo | Cand\\u00e1s 365\",\"description\":\"Berl\\u00edn, 3 may (dpa) - La organizaci\\u00f3n de periodistas Reporteros sin Fronteras (RSF) registr\\u00f3 una mejora de la situaci\\u00f3n de los profesionales de los medios en\",\"inLanguage\":\"es-ES\",\"isPartOf\":{\"@id\":\"https:\\\/\\\/candas365.es\\\/noticias\\\/#website\"},\"breadcrumb\":{\"@id\":\"https:\\\/\\\/candas365.es\\\/noticias\\\/la-situacion-de-los-periodistas-en-el-mundo\\\/#breadcrumblist\"},\"author\":{\"@id\":\"https:\\\/\\\/candas365.es\\\/noticias\\\/author\\\/admin\\\/#author\"},\"creator\":{\"@id\":\"https:\\\/\\\/candas365.es\\\/noticias\\\/author\\\/admin\\\/#author\"},\"image\":{\"@type\":\"ImageObject\",\"url\":\"https:\\\/\\\/candas365.es\\\/noticias\\\/wp-content\\\/uploads\\\/2024\\\/05\\\/periodistas.jpg\",\"@id\":\"https:\\\/\\\/candas365.es\\\/noticias\\\/la-situacion-de-los-periodistas-en-el-mundo\\\/#mainImage\",\"width\":640,\"height\":427,\"caption\":\"periodistas\"},\"primaryImageOfPage\":{\"@id\":\"https:\\\/\\\/candas365.es\\\/noticias\\\/la-situacion-de-los-periodistas-en-el-mundo\\\/#mainImage\"},\"datePublished\":\"2024-05-04T02:20:02+02:00\",\"dateModified\":\"2024-05-04T02:20:02+02:00\"},{\"@type\":\"WebSite\",\"@id\":\"https:\\\/\\\/candas365.es\\\/noticias\\\/#website\",\"url\":\"https:\\\/\\\/candas365.es\\\/noticias\\\/\",\"name\":\"Cand\\u00e1s 365\",\"alternateName\":\"Cand\\u00e1s 365 Noticias\",\"description\":\"Actualidad desde Carre\\u00f1o para el mundo\",\"inLanguage\":\"es-ES\",\"publisher\":{\"@id\":\"https:\\\/\\\/candas365.es\\\/noticias\\\/#organization\"}}]}\n\t\t<\/script>\n\t\t<!-- All in One SEO Pro -->\r\n\t\t<title>La situaci\u00f3n de los periodistas en el mundo | Cand\u00e1s 365<\/title>\n\n","aioseo_head_json":{"title":"La situaci\u00f3n de los periodistas en el mundo | Cand\u00e1s 365","description":"Berl\u00edn, 3 may (dpa) - La organizaci\u00f3n de periodistas Reporteros sin Fronteras (RSF) registr\u00f3 una mejora de la situaci\u00f3n de los profesionales de los medios en","canonical_url":"https:\/\/candas365.es\/noticias\/la-situacion-de-los-periodistas-en-el-mundo\/","robots":"max-image-preview:large","keywords":"internacional","webmasterTools":{"google-site-verification":"UA-32230408-1","msvalidate.01":"354F3CDFB2DA171B47FBE9ABF1F88D5","miscellaneous":""},"schema":{"@context":"https:\/\/schema.org","@graph":[{"@type":"BreadcrumbList","@id":"https:\/\/candas365.es\/noticias\/la-situacion-de-los-periodistas-en-el-mundo\/#breadcrumblist","itemListElement":[{"@type":"ListItem","@id":"https:\/\/candas365.es\/noticias#listItem","position":1,"name":"Home","item":"https:\/\/candas365.es\/noticias","nextItem":{"@type":"ListItem","@id":"https:\/\/candas365.es\/noticias\/category\/internacional\/#listItem","name":"Internacional"}},{"@type":"ListItem","@id":"https:\/\/candas365.es\/noticias\/category\/internacional\/#listItem","position":2,"name":"Internacional","item":"https:\/\/candas365.es\/noticias\/category\/internacional\/","nextItem":{"@type":"ListItem","@id":"https:\/\/candas365.es\/noticias\/la-situacion-de-los-periodistas-en-el-mundo\/#listItem","name":"La situaci\u00f3n de los periodistas en el mundo"},"previousItem":{"@type":"ListItem","@id":"https:\/\/candas365.es\/noticias#listItem","name":"Home"}},{"@type":"ListItem","@id":"https:\/\/candas365.es\/noticias\/la-situacion-de-los-periodistas-en-el-mundo\/#listItem","position":3,"name":"La situaci\u00f3n de los periodistas en el mundo","previousItem":{"@type":"ListItem","@id":"https:\/\/candas365.es\/noticias\/category\/internacional\/#listItem","name":"Internacional"}}]},{"@type":"NewsArticle","@id":"https:\/\/candas365.es\/noticias\/la-situacion-de-los-periodistas-en-el-mundo\/#newsarticle","name":"La situaci\u00f3n de los periodistas en el mundo | Cand\u00e1s 365","headline":"La situaci\u00f3n de los periodistas en el mundo","author":{"@id":"https:\/\/candas365.es\/noticias\/author\/admin\/#author"},"publisher":{"@id":"https:\/\/candas365.es\/noticias\/#organization"},"image":{"@type":"ImageObject","url":"https:\/\/candas365.es\/noticias\/wp-content\/uploads\/2024\/05\/periodistas.jpg","width":640,"height":427,"caption":"periodistas"},"datePublished":"2024-05-04T02:20:02+02:00","dateModified":"2024-05-04T02:20:02+02:00","inLanguage":"es-ES","mainEntityOfPage":{"@id":"https:\/\/candas365.es\/noticias\/la-situacion-de-los-periodistas-en-el-mundo\/#webpage"},"isPartOf":{"@id":"https:\/\/candas365.es\/noticias\/la-situacion-de-los-periodistas-en-el-mundo\/#webpage"},"articleSection":"Internacional, Internacional, medios","dateline":"Publicado el mayo 4, 2024."},{"@type":"Organization","@id":"https:\/\/candas365.es\/noticias\/#organization","name":"Cand\u00e1s 365","description":"Cand\u00e1s 365 es un diario digital independiente, fundado en 2012, con base en Asturias. Informamos con rigor sobre actualidad, sociedad, cultura y ocio, con una mirada local y global.","url":"https:\/\/candas365.es\/noticias\/","email":"info@candas365.es","telephone":"+34652131393","foundingDate":"2012-06-10","logo":{"@type":"ImageObject","url":"https:\/\/candas365.es\/noticias\/wp-content\/uploads\/2024\/09\/Candas-365-Redes.jpg","@id":"https:\/\/candas365.es\/noticias\/la-situacion-de-los-periodistas-en-el-mundo\/#organizationLogo","width":1152,"height":864,"caption":"Cand\u00e1s 365 Redes"},"image":{"@id":"https:\/\/candas365.es\/noticias\/la-situacion-de-los-periodistas-en-el-mundo\/#organizationLogo"},"sameAs":["https:\/\/www.facebook.com\/Nachofdezber","https:\/\/x.com\/NabercoDigital","https:\/\/www.instagram.com\/nachofdezber\/","https:\/\/www.youtube.com\/channel\/UCZP-2wLEB9Rv6erhFmqVnvg"],"address":{"@id":"https:\/\/candas365.es\/noticias\/#postaladdress","@type":"PostalAddress","streetAddress":"san antonio 4, san antonio 4","postalCode":"33430","addressLocality":"Cand\u00e1s","addressRegion":"Asturias","addressCountry":"ES"}},{"@type":"Person","@id":"https:\/\/candas365.es\/noticias\/author\/admin\/#author","url":"https:\/\/candas365.es\/noticias\/author\/admin\/","name":"Cand\u00e1s 365","image":{"@type":"ImageObject","@id":"https:\/\/candas365.es\/noticias\/la-situacion-de-los-periodistas-en-el-mundo\/#authorImage","url":"https:\/\/secure.gravatar.com\/avatar\/496a8e03d0c493ede1718b7934145dbdf8d89be1036b0eec9544e1094c9de390?s=96&d=mm&r=g","width":96,"height":96,"caption":"Cand\u00e1s 365"},"sameAs":["https:\/\/www.facebook.com\/carrenoactualidad","https:\/\/twitter.com\/nbasturias","https:\/\/www.instagram.com\/nachofdezber\/","https:\/\/www.youtube.com\/channel\/UCZP-2wLEB9Rv6erhFmqVnvg"]},{"@type":"WebPage","@id":"https:\/\/candas365.es\/noticias\/la-situacion-de-los-periodistas-en-el-mundo\/#webpage","url":"https:\/\/candas365.es\/noticias\/la-situacion-de-los-periodistas-en-el-mundo\/","name":"La situaci\u00f3n de los periodistas en el mundo | Cand\u00e1s 365","description":"Berl\u00edn, 3 may (dpa) - La organizaci\u00f3n de periodistas Reporteros sin Fronteras (RSF) registr\u00f3 una mejora de la situaci\u00f3n de los profesionales de los medios en","inLanguage":"es-ES","isPartOf":{"@id":"https:\/\/candas365.es\/noticias\/#website"},"breadcrumb":{"@id":"https:\/\/candas365.es\/noticias\/la-situacion-de-los-periodistas-en-el-mundo\/#breadcrumblist"},"author":{"@id":"https:\/\/candas365.es\/noticias\/author\/admin\/#author"},"creator":{"@id":"https:\/\/candas365.es\/noticias\/author\/admin\/#author"},"image":{"@type":"ImageObject","url":"https:\/\/candas365.es\/noticias\/wp-content\/uploads\/2024\/05\/periodistas.jpg","@id":"https:\/\/candas365.es\/noticias\/la-situacion-de-los-periodistas-en-el-mundo\/#mainImage","width":640,"height":427,"caption":"periodistas"},"primaryImageOfPage":{"@id":"https:\/\/candas365.es\/noticias\/la-situacion-de-los-periodistas-en-el-mundo\/#mainImage"},"datePublished":"2024-05-04T02:20:02+02:00","dateModified":"2024-05-04T02:20:02+02:00"},{"@type":"WebSite","@id":"https:\/\/candas365.es\/noticias\/#website","url":"https:\/\/candas365.es\/noticias\/","name":"Cand\u00e1s 365","alternateName":"Cand\u00e1s 365 Noticias","description":"Actualidad desde Carre\u00f1o para el mundo","inLanguage":"es-ES","publisher":{"@id":"https:\/\/candas365.es\/noticias\/#organization"}}]},"og:locale":"es_ES","og:site_name":"Cand\u00e1s 365","og:type":"article","og:title":"La situaci\u00f3n de los periodistas en el mundo | Cand\u00e1s 365","og:description":"Berl\u00edn, 3 may (dpa) - La organizaci\u00f3n de periodistas Reporteros sin Fronteras (RSF) registr\u00f3 una mejora de la situaci\u00f3n de los profesionales de los medios en","og:url":"https:\/\/candas365.es\/noticias\/la-situacion-de-los-periodistas-en-el-mundo\/","og:image":"https:\/\/candas365.es\/noticias\/wp-content\/uploads\/2024\/05\/periodistas.jpg","og:image:secure_url":"https:\/\/candas365.es\/noticias\/wp-content\/uploads\/2024\/05\/periodistas.jpg","og:image:width":640,"og:image:height":427,"article:published_time":"2024-05-04T00:20:02+00:00","article:modified_time":"2024-05-04T00:20:02+00:00","article:publisher":"https:\/\/www.facebook.com\/Nachofdezber","article:author":"https:\/\/www.facebook.com\/carrenoactualidad","twitter:card":"summary_large_image","twitter:site":"@NabercoDigital","twitter:title":"La situaci\u00f3n de los periodistas en el mundo | Cand\u00e1s 365","twitter:description":"Berl\u00edn, 3 may (dpa) - La organizaci\u00f3n de periodistas Reporteros sin Fronteras (RSF) registr\u00f3 una mejora de la situaci\u00f3n de los profesionales de los medios en","twitter:creator":"@nbasturias","twitter:image":"https:\/\/candas365.es\/noticias\/wp-content\/uploads\/2024\/05\/periodistas.jpg","twitter:label1":"Escrito por","twitter:data1":"Cand\u00e1s 365","twitter:label2":"Tiempo de lectura estimado","twitter:data2":"2 minutos"},"aioseo_meta_data":{"post_id":"180554","title":null,"description":"Berl\u00edn, 3 may (dpa) - La organizaci\u00f3n de periodistas Reporteros sin Fronteras (RSF) registr\u00f3 una mejora de la situaci\u00f3n de los profesionales de los medios en","keywords":null,"keyphrases":{"focus":{"keyphrase":"periodistas","score":93,"analysis":{"keyphraseInTitle":{"score":9,"maxScore":9,"error":0},"keyphraseInDescription":{"score":9,"maxScore":9,"error":0},"keyphraseLength":{"score":9,"maxScore":9,"error":0,"length":1},"keyphraseInURL":{"score":1,"maxScore":5,"error":1},"keyphraseInIntroduction":{"score":9,"maxScore":9,"error":0},"keyphraseInSubHeadings":[],"keyphraseInImageAlt":{"score":9,"maxScore":9,"error":0},"keywordDensity":{"type":"best","score":9,"maxScore":9,"error":0}}},"additional":[{"keyphrase":"periodistas","score":100,"analysis":{"keyphraseInDescription":{"score":9,"maxScore":9,"error":0},"keyphraseLength":{"score":9,"maxScore":9,"error":0,"length":1},"keyphraseInIntroduction":{"score":9,"maxScore":9,"error":0},"keyphraseInImageAlt":{"score":9,"maxScore":9,"error":0},"keywordDensity":{"type":"best","score":9,"maxScore":9,"error":0}}}]},"primary_term":null,"canonical_url":null,"og_title":null,"og_description":null,"og_object_type":"default","og_image_type":"default","og_image_url":null,"og_image_width":null,"og_image_height":null,"og_image_custom_url":null,"og_image_custom_fields":null,"og_video":"","og_custom_url":null,"og_article_section":null,"og_article_tags":null,"twitter_use_og":false,"twitter_card":"default","twitter_image_type":"default","twitter_image_url":null,"twitter_image_custom_url":null,"twitter_image_custom_fields":null,"twitter_title":null,"twitter_description":null,"schema":{"blockGraphs":[],"customGraphs":[],"default":{"data":{"Article":[],"Course":[],"Dataset":[],"FAQPage":[],"Movie":[],"Person":[],"Product":[],"ProductReview":[],"Car":[],"Recipe":[],"Service":[],"SoftwareApplication":[],"WebPage":[]},"graphName":"Article","isEnabled":true},"graphs":[]},"schema_type":"default","schema_type_options":null,"pillar_content":false,"robots_default":true,"robots_noindex":false,"robots_noarchive":false,"robots_nosnippet":false,"robots_nofollow":false,"robots_noimageindex":false,"robots_noodp":false,"robots_notranslate":false,"robots_max_snippet":"-1","robots_max_videopreview":"-1","robots_max_imagepreview":"large","priority":null,"frequency":"default","location":null,"local_seo":null,"seo_analyzer_scan_date":"2025-09-02 08:55:17","breadcrumb_settings":null,"limit_modified_date":false,"reviewed_by":null,"open_ai":"{\"title\":{\"suggestions\":[],\"usage\":0},\"description\":{\"suggestions\":[],\"usage\":0}}","ai":null,"created":"2024-05-04 00:16:22","updated":"2025-09-02 08:55:17"},"aioseo_breadcrumb":"<div class=\"aioseo-breadcrumbs\"><span class=\"aioseo-breadcrumb\">\n\t<a href=\"https:\/\/candas365.es\/noticias\" title=\"Home\">Home<\/a>\n<\/span><span class=\"aioseo-breadcrumb-separator\">&ndash;<\/span><span class=\"aioseo-breadcrumb\">\n\t<a href=\"https:\/\/candas365.es\/noticias\/category\/internacional\/\" title=\"Internacional\">Internacional<\/a>\n<\/span><span class=\"aioseo-breadcrumb-separator\">&ndash;<\/span><span class=\"aioseo-breadcrumb\">\n\tLa situaci\u00f3n de los periodistas en el mundo\n<\/span><\/div>","aioseo_breadcrumb_json":[{"label":"Home","link":"https:\/\/candas365.es\/noticias"},{"label":"Internacional","link":"https:\/\/candas365.es\/noticias\/category\/internacional\/"},{"label":"La situaci\u00f3n de los periodistas en el mundo","link":"https:\/\/candas365.es\/noticias\/la-situacion-de-los-periodistas-en-el-mundo\/"}],"_links":{"self":[{"href":"https:\/\/candas365.es\/noticias\/wp-json\/wp\/v2\/posts\/180554","targetHints":{"allow":["GET"]}}],"collection":[{"href":"https:\/\/candas365.es\/noticias\/wp-json\/wp\/v2\/posts"}],"about":[{"href":"https:\/\/candas365.es\/noticias\/wp-json\/wp\/v2\/types\/post"}],"author":[{"embeddable":true,"href":"https:\/\/candas365.es\/noticias\/wp-json\/wp\/v2\/users\/1"}],"replies":[{"embeddable":true,"href":"https:\/\/candas365.es\/noticias\/wp-json\/wp\/v2\/comments?post=180554"}],"version-history":[{"count":0,"href":"https:\/\/candas365.es\/noticias\/wp-json\/wp\/v2\/posts\/180554\/revisions"}],"wp:featuredmedia":[{"embeddable":true,"href":"https:\/\/candas365.es\/noticias\/wp-json\/wp\/v2\/media\/180555"}],"wp:attachment":[{"href":"https:\/\/candas365.es\/noticias\/wp-json\/wp\/v2\/media?parent=180554"}],"wp:term":[{"taxonomy":"category","embeddable":true,"href":"https:\/\/candas365.es\/noticias\/wp-json\/wp\/v2\/categories?post=180554"},{"taxonomy":"post_tag","embeddable":true,"href":"https:\/\/candas365.es\/noticias\/wp-json\/wp\/v2\/tags?post=180554"}],"curies":[{"name":"wp","href":"https:\/\/api.w.org\/{rel}","templated":true}]}}