{"id":180230,"date":"2024-04-28T01:07:34","date_gmt":"2024-04-27T23:07:34","guid":{"rendered":"https:\/\/candas365.es\/noticias\/?p=180230"},"modified":"2024-04-28T01:07:34","modified_gmt":"2024-04-27T23:07:34","slug":"christian-lindner-ucrania-es-nuestra-primera-linea-de-defensa-contra-putin","status":"publish","type":"post","link":"https:\/\/candas365.es\/noticias\/christian-lindner-ucrania-es-nuestra-primera-linea-de-defensa-contra-putin\/","title":{"rendered":"Christian Lindner: \u00abUcrania es nuestra primera l\u00ednea de defensa contra Putin\u00bb"},"content":{"rendered":"<p>Berl\u00edn, 27 abr (<a href=\"https:\/\/www.dpa-news.de\/\" target=\"_blank\" rel=\"noopener\"><span style=\"color: #ff6600;\"><strong>dpa<\/strong><\/span><\/a>) &#8211; El ministro alem\u00e1n de Finanzas, Christian Lindner, prometi\u00f3 hoy una mayor ayuda a Ucrania en su defensa contra Rusia, al destacar la importancia de su lucha para <a href=\"https:\/\/candas365.es\/noticias\/category\/internacional\/\"><span style=\"color: #ff6600;\"><strong>Alemania<\/strong><\/span><\/a>.<\/p>\n<p><img fetchpriority=\"high\" decoding=\"async\" class=\"aligncenter size-full wp-image-180231\" src=\"https:\/\/candas365.es\/noticias\/wp-content\/uploads\/2024\/04\/Ucrania.jpg\" alt=\"Ucrania\" width=\"640\" height=\"359\" srcset=\"https:\/\/candas365.es\/noticias\/wp-content\/uploads\/2024\/04\/Ucrania.jpg 640w, https:\/\/candas365.es\/noticias\/wp-content\/uploads\/2024\/04\/Ucrania-360x202.jpg 360w, https:\/\/candas365.es\/noticias\/wp-content\/uploads\/2024\/04\/Ucrania-150x84.jpg 150w, https:\/\/candas365.es\/noticias\/wp-content\/uploads\/2024\/04\/Ucrania-450x252.jpg 450w\" sizes=\"(max-width: 640px) 100vw, 640px\" \/><\/p>\n<p>\u00abApoyamos a Ucrania porque es nuestra primera l\u00ednea de defensa contra Putin\u00bb, declar\u00f3 Lindner en Berl\u00edn, en el congreso federal del Partido Liberal (FDP), del cual es l\u00edder.<\/p>\n<p>Sobre el ataque del presidente ruso a Ucrania, Lindner dijo: \u00abNos concierne a todos nosotros y a nuestro modo de vida\u00bb. Agreg\u00f3 que Putin no solo quiere borrar a Ucrania del mapa, sino tambi\u00e9n dividir Europa y a la OTAN, as\u00ed como asegurarse de que Estados Unidos se retire del continente europeo.<\/p>\n<p>\u00abEl objetivo de Putin no es Ucrania. El objetivo de Putin es poder ejercer poder sobre nosotros. Y nunca debe conseguirlo\u00bb, opin\u00f3.<\/p>\n<p>El l\u00edder de los liberales alemanes, que conforman el gobierno con socialdem\u00f3cratas y verdes, defendi\u00f3 la necesidad de que Alemania mejore su capacidad de autodefensa y la de sus aliados.<\/p>\n<p>Al respecto, reconoci\u00f3 que el fondo especial de 100.000 millones de euros (107.000 millones de d\u00f3lares) destinado para modernizar a las Fuerzas Armadas (Bundeswehr) se agotar\u00e1 en unos a\u00f1os. Al hacerlo, dijo, habr\u00e1 que recurrir a fondos ordinarios para seguir mejorando sus capacidades, y no a una mayor deuda.<\/p>\n<p>\u00abLa tarea que tenemos ante nosotros de defender la paz y la libertad en Alemania, Europa y el mundo no se limita a unos pocos trimestres o a\u00f1os. Potencialmente, es una tarea para d\u00e9cadas y generaciones\u00bb, coment\u00f3 el ministro.<\/p>\n<p>\u00abY por eso no puede hacerse a cr\u00e9dito. Necesitamos nuestra fuerza econ\u00f3mica para ello\u00bb, a\u00f1adi\u00f3.<\/p>\n","protected":false},"excerpt":{"rendered":"<p>Berl\u00edn, 27 abr (dpa) &#8211; El ministro alem\u00e1n de Finanzas, Christian Lindner, prometi\u00f3 hoy una mayor ayuda a Ucrania en su defensa contra Rusia, al destacar la importancia de su lucha para Alemania. \u00abApoyamos a Ucrania porque es nuestra primera l\u00ednea de defensa contra Putin\u00bb, declar\u00f3 Lindner en Berl\u00edn, en el congreso federal del Partido<\/p>\n","protected":false},"author":1,"featured_media":180231,"comment_status":"closed","ping_status":"closed","sticky":false,"template":"","format":"standard","meta":{"footnotes":""},"categories":[485],"tags":[464,418],"class_list":{"0":"post-180230","1":"post","2":"type-post","3":"status-publish","4":"format-standard","5":"has-post-thumbnail","7":"category-internacional","8":"tag-conflictos","9":"tag-internacional"},"aioseo_notices":[],"aioseo_head":"\n\t\t<!-- All in One SEO Pro 4.9.6.2 - aioseo.com -->\n\t<meta name=\"description\" content=\"Berl\u00edn, 27 abr (dpa) - El ministro alem\u00e1n de Finanzas, Christian Lindner, prometi\u00f3 hoy una mayor ayuda a Ucrania en su defensa contra Rusia, al destacar\" \/>\n\t<meta name=\"robots\" content=\"max-image-preview:large\" \/>\n\t<meta name=\"author\" content=\"Cand\u00e1s 365\"\/>\n\t<meta name=\"google-site-verification\" content=\"UA-32230408-1\" \/>\n\t<meta name=\"msvalidate.01\" content=\"354F3CDFB2DA171B47FBE9ABF1F88D5\" \/>\n\t<meta name=\"keywords\" content=\"internacional\" \/>\n\t<link rel=\"canonical\" href=\"https:\/\/candas365.es\/noticias\/christian-lindner-ucrania-es-nuestra-primera-linea-de-defensa-contra-putin\/\" \/>\n\t<meta name=\"generator\" content=\"All in One SEO Pro (AIOSEO) 4.9.6.2\" \/>\n\t\t<meta property=\"og:locale\" content=\"es_ES\" \/>\n\t\t<meta property=\"og:site_name\" content=\"Cand\u00e1s 365\" \/>\n\t\t<meta property=\"og:type\" content=\"article\" \/>\n\t\t<meta property=\"og:title\" content=\"Christian Lindner: \u00abUcrania es nuestra primera l\u00ednea de defensa contra Putin\u00bb | Cand\u00e1s 365\" \/>\n\t\t<meta property=\"og:description\" content=\"Berl\u00edn, 27 abr (dpa) - El ministro alem\u00e1n de Finanzas, Christian Lindner, prometi\u00f3 hoy una mayor ayuda a Ucrania en su defensa contra Rusia, al destacar\" \/>\n\t\t<meta property=\"og:url\" content=\"https:\/\/candas365.es\/noticias\/christian-lindner-ucrania-es-nuestra-primera-linea-de-defensa-contra-putin\/\" \/>\n\t\t<meta property=\"og:image\" content=\"https:\/\/candas365.es\/noticias\/wp-content\/uploads\/2024\/04\/Ucrania.jpg\" \/>\n\t\t<meta property=\"og:image:secure_url\" content=\"https:\/\/candas365.es\/noticias\/wp-content\/uploads\/2024\/04\/Ucrania.jpg\" \/>\n\t\t<meta property=\"og:image:width\" content=\"640\" \/>\n\t\t<meta property=\"og:image:height\" content=\"359\" \/>\n\t\t<meta property=\"article:published_time\" content=\"2024-04-27T23:07:34+00:00\" \/>\n\t\t<meta property=\"article:modified_time\" content=\"2024-04-27T23:07:34+00:00\" \/>\n\t\t<meta property=\"article:publisher\" content=\"https:\/\/www.facebook.com\/Nachofdezber\" \/>\n\t\t<meta property=\"article:author\" content=\"https:\/\/www.facebook.com\/carrenoactualidad\" \/>\n\t\t<meta name=\"twitter:card\" content=\"summary_large_image\" \/>\n\t\t<meta name=\"twitter:site\" content=\"@NabercoDigital\" \/>\n\t\t<meta name=\"twitter:title\" content=\"Christian Lindner: \u00abUcrania es nuestra primera l\u00ednea de defensa contra Putin\u00bb | Cand\u00e1s 365\" \/>\n\t\t<meta name=\"twitter:description\" content=\"Berl\u00edn, 27 abr (dpa) - El ministro alem\u00e1n de Finanzas, Christian Lindner, prometi\u00f3 hoy una mayor ayuda a Ucrania en su defensa contra Rusia, al destacar\" \/>\n\t\t<meta name=\"twitter:creator\" content=\"@nbasturias\" \/>\n\t\t<meta name=\"twitter:image\" content=\"https:\/\/candas365.es\/noticias\/wp-content\/uploads\/2024\/04\/Ucrania.jpg\" \/>\n\t\t<meta name=\"twitter:label1\" content=\"Escrito por\" \/>\n\t\t<meta name=\"twitter:data1\" content=\"Cand\u00e1s 365\" \/>\n\t\t<meta name=\"twitter:label2\" content=\"Tiempo de lectura estimado\" \/>\n\t\t<meta name=\"twitter:data2\" content=\"1 minuto\" \/>\n\t\t<script type=\"application\/ld+json\" class=\"aioseo-schema\">\n\t\t\t{\"@context\":\"https:\\\/\\\/schema.org\",\"@graph\":[{\"@type\":\"BreadcrumbList\",\"@id\":\"https:\\\/\\\/candas365.es\\\/noticias\\\/christian-lindner-ucrania-es-nuestra-primera-linea-de-defensa-contra-putin\\\/#breadcrumblist\",\"itemListElement\":[{\"@type\":\"ListItem\",\"@id\":\"https:\\\/\\\/candas365.es\\\/noticias#listItem\",\"position\":1,\"name\":\"Home\",\"item\":\"https:\\\/\\\/candas365.es\\\/noticias\",\"nextItem\":{\"@type\":\"ListItem\",\"@id\":\"https:\\\/\\\/candas365.es\\\/noticias\\\/category\\\/internacional\\\/#listItem\",\"name\":\"Internacional\"}},{\"@type\":\"ListItem\",\"@id\":\"https:\\\/\\\/candas365.es\\\/noticias\\\/category\\\/internacional\\\/#listItem\",\"position\":2,\"name\":\"Internacional\",\"item\":\"https:\\\/\\\/candas365.es\\\/noticias\\\/category\\\/internacional\\\/\",\"nextItem\":{\"@type\":\"ListItem\",\"@id\":\"https:\\\/\\\/candas365.es\\\/noticias\\\/christian-lindner-ucrania-es-nuestra-primera-linea-de-defensa-contra-putin\\\/#listItem\",\"name\":\"Christian Lindner: \\u00abUcrania es nuestra primera l\\u00ednea de defensa contra Putin\\u00bb\"},\"previousItem\":{\"@type\":\"ListItem\",\"@id\":\"https:\\\/\\\/candas365.es\\\/noticias#listItem\",\"name\":\"Home\"}},{\"@type\":\"ListItem\",\"@id\":\"https:\\\/\\\/candas365.es\\\/noticias\\\/christian-lindner-ucrania-es-nuestra-primera-linea-de-defensa-contra-putin\\\/#listItem\",\"position\":3,\"name\":\"Christian Lindner: \\u00abUcrania es nuestra primera l\\u00ednea de defensa contra Putin\\u00bb\",\"previousItem\":{\"@type\":\"ListItem\",\"@id\":\"https:\\\/\\\/candas365.es\\\/noticias\\\/category\\\/internacional\\\/#listItem\",\"name\":\"Internacional\"}}]},{\"@type\":\"NewsArticle\",\"@id\":\"https:\\\/\\\/candas365.es\\\/noticias\\\/christian-lindner-ucrania-es-nuestra-primera-linea-de-defensa-contra-putin\\\/#newsarticle\",\"name\":\"Christian Lindner: \\u00abUcrania es nuestra primera l\\u00ednea de defensa contra Putin\\u00bb | Cand\\u00e1s 365\",\"headline\":\"Christian Lindner: \\u00abUcrania es nuestra primera l\\u00ednea de defensa contra Putin\\u00bb\",\"author\":{\"@id\":\"https:\\\/\\\/candas365.es\\\/noticias\\\/author\\\/admin\\\/#author\"},\"publisher\":{\"@id\":\"https:\\\/\\\/candas365.es\\\/noticias\\\/#organization\"},\"image\":{\"@type\":\"ImageObject\",\"url\":\"https:\\\/\\\/candas365.es\\\/noticias\\\/wp-content\\\/uploads\\\/2024\\\/04\\\/Ucrania.jpg\",\"width\":640,\"height\":359,\"caption\":\"Ucrania\"},\"datePublished\":\"2024-04-28T01:07:34+02:00\",\"dateModified\":\"2024-04-28T01:07:34+02:00\",\"inLanguage\":\"es-ES\",\"mainEntityOfPage\":{\"@id\":\"https:\\\/\\\/candas365.es\\\/noticias\\\/christian-lindner-ucrania-es-nuestra-primera-linea-de-defensa-contra-putin\\\/#webpage\"},\"isPartOf\":{\"@id\":\"https:\\\/\\\/candas365.es\\\/noticias\\\/christian-lindner-ucrania-es-nuestra-primera-linea-de-defensa-contra-putin\\\/#webpage\"},\"articleSection\":\"Internacional, conflictos, Internacional\",\"dateline\":\"Publicado el abril 28, 2024.\"},{\"@type\":\"Organization\",\"@id\":\"https:\\\/\\\/candas365.es\\\/noticias\\\/#organization\",\"name\":\"Cand\\u00e1s 365\",\"description\":\"Cand\\u00e1s 365 es un diario digital independiente, fundado en 2012, con base en Asturias. Informamos con rigor sobre actualidad, sociedad, cultura y ocio, con una mirada local y global.\",\"url\":\"https:\\\/\\\/candas365.es\\\/noticias\\\/\",\"email\":\"info@candas365.es\",\"telephone\":\"+34652131393\",\"foundingDate\":\"2012-06-10\",\"logo\":{\"@type\":\"ImageObject\",\"url\":\"https:\\\/\\\/candas365.es\\\/noticias\\\/wp-content\\\/uploads\\\/2024\\\/09\\\/Candas-365-Redes.jpg\",\"@id\":\"https:\\\/\\\/candas365.es\\\/noticias\\\/christian-lindner-ucrania-es-nuestra-primera-linea-de-defensa-contra-putin\\\/#organizationLogo\",\"width\":1152,\"height\":864,\"caption\":\"Cand\\u00e1s 365 Redes\"},\"image\":{\"@id\":\"https:\\\/\\\/candas365.es\\\/noticias\\\/christian-lindner-ucrania-es-nuestra-primera-linea-de-defensa-contra-putin\\\/#organizationLogo\"},\"sameAs\":[\"https:\\\/\\\/www.facebook.com\\\/Nachofdezber\",\"https:\\\/\\\/x.com\\\/NabercoDigital\",\"https:\\\/\\\/www.instagram.com\\\/nachofdezber\\\/\",\"https:\\\/\\\/www.youtube.com\\\/channel\\\/UCZP-2wLEB9Rv6erhFmqVnvg\"],\"address\":{\"@id\":\"https:\\\/\\\/candas365.es\\\/noticias\\\/#postaladdress\",\"@type\":\"PostalAddress\",\"streetAddress\":\"san antonio 4, san antonio 4\",\"postalCode\":\"33430\",\"addressLocality\":\"Cand\\u00e1s\",\"addressRegion\":\"Asturias\",\"addressCountry\":\"ES\"}},{\"@type\":\"Person\",\"@id\":\"https:\\\/\\\/candas365.es\\\/noticias\\\/author\\\/admin\\\/#author\",\"url\":\"https:\\\/\\\/candas365.es\\\/noticias\\\/author\\\/admin\\\/\",\"name\":\"Cand\\u00e1s 365\",\"image\":{\"@type\":\"ImageObject\",\"@id\":\"https:\\\/\\\/candas365.es\\\/noticias\\\/christian-lindner-ucrania-es-nuestra-primera-linea-de-defensa-contra-putin\\\/#authorImage\",\"url\":\"https:\\\/\\\/secure.gravatar.com\\\/avatar\\\/496a8e03d0c493ede1718b7934145dbdf8d89be1036b0eec9544e1094c9de390?s=96&d=mm&r=g\",\"width\":96,\"height\":96,\"caption\":\"Cand\\u00e1s 365\"},\"sameAs\":[\"https:\\\/\\\/www.facebook.com\\\/carrenoactualidad\",\"https:\\\/\\\/twitter.com\\\/nbasturias\",\"https:\\\/\\\/www.instagram.com\\\/nachofdezber\\\/\",\"https:\\\/\\\/www.youtube.com\\\/channel\\\/UCZP-2wLEB9Rv6erhFmqVnvg\"]},{\"@type\":\"WebPage\",\"@id\":\"https:\\\/\\\/candas365.es\\\/noticias\\\/christian-lindner-ucrania-es-nuestra-primera-linea-de-defensa-contra-putin\\\/#webpage\",\"url\":\"https:\\\/\\\/candas365.es\\\/noticias\\\/christian-lindner-ucrania-es-nuestra-primera-linea-de-defensa-contra-putin\\\/\",\"name\":\"Christian Lindner: \\u00abUcrania es nuestra primera l\\u00ednea de defensa contra Putin\\u00bb | Cand\\u00e1s 365\",\"description\":\"Berl\\u00edn, 27 abr (dpa) - El ministro alem\\u00e1n de Finanzas, Christian Lindner, prometi\\u00f3 hoy una mayor ayuda a Ucrania en su defensa contra Rusia, al destacar\",\"inLanguage\":\"es-ES\",\"isPartOf\":{\"@id\":\"https:\\\/\\\/candas365.es\\\/noticias\\\/#website\"},\"breadcrumb\":{\"@id\":\"https:\\\/\\\/candas365.es\\\/noticias\\\/christian-lindner-ucrania-es-nuestra-primera-linea-de-defensa-contra-putin\\\/#breadcrumblist\"},\"author\":{\"@id\":\"https:\\\/\\\/candas365.es\\\/noticias\\\/author\\\/admin\\\/#author\"},\"creator\":{\"@id\":\"https:\\\/\\\/candas365.es\\\/noticias\\\/author\\\/admin\\\/#author\"},\"image\":{\"@type\":\"ImageObject\",\"url\":\"https:\\\/\\\/candas365.es\\\/noticias\\\/wp-content\\\/uploads\\\/2024\\\/04\\\/Ucrania.jpg\",\"@id\":\"https:\\\/\\\/candas365.es\\\/noticias\\\/christian-lindner-ucrania-es-nuestra-primera-linea-de-defensa-contra-putin\\\/#mainImage\",\"width\":640,\"height\":359,\"caption\":\"Ucrania\"},\"primaryImageOfPage\":{\"@id\":\"https:\\\/\\\/candas365.es\\\/noticias\\\/christian-lindner-ucrania-es-nuestra-primera-linea-de-defensa-contra-putin\\\/#mainImage\"},\"datePublished\":\"2024-04-28T01:07:34+02:00\",\"dateModified\":\"2024-04-28T01:07:34+02:00\"},{\"@type\":\"WebSite\",\"@id\":\"https:\\\/\\\/candas365.es\\\/noticias\\\/#website\",\"url\":\"https:\\\/\\\/candas365.es\\\/noticias\\\/\",\"name\":\"Cand\\u00e1s 365\",\"alternateName\":\"Cand\\u00e1s 365 Noticias\",\"description\":\"Actualidad desde Carre\\u00f1o para el mundo\",\"inLanguage\":\"es-ES\",\"publisher\":{\"@id\":\"https:\\\/\\\/candas365.es\\\/noticias\\\/#organization\"}}]}\n\t\t<\/script>\n\t\t<!-- All in One SEO Pro -->\r\n\t\t<title>Christian Lindner: \u00abUcrania es nuestra primera l\u00ednea de defensa contra Putin\u00bb | Cand\u00e1s 365<\/title>\n\n","aioseo_head_json":{"title":"Christian Lindner: \u00abUcrania es nuestra primera l\u00ednea de defensa contra Putin\u00bb | Cand\u00e1s 365","description":"Berl\u00edn, 27 abr (dpa) - El ministro alem\u00e1n de Finanzas, Christian Lindner, prometi\u00f3 hoy una mayor ayuda a Ucrania en su defensa contra Rusia, al destacar","canonical_url":"https:\/\/candas365.es\/noticias\/christian-lindner-ucrania-es-nuestra-primera-linea-de-defensa-contra-putin\/","robots":"max-image-preview:large","keywords":"internacional","webmasterTools":{"google-site-verification":"UA-32230408-1","msvalidate.01":"354F3CDFB2DA171B47FBE9ABF1F88D5","miscellaneous":""},"schema":{"@context":"https:\/\/schema.org","@graph":[{"@type":"BreadcrumbList","@id":"https:\/\/candas365.es\/noticias\/christian-lindner-ucrania-es-nuestra-primera-linea-de-defensa-contra-putin\/#breadcrumblist","itemListElement":[{"@type":"ListItem","@id":"https:\/\/candas365.es\/noticias#listItem","position":1,"name":"Home","item":"https:\/\/candas365.es\/noticias","nextItem":{"@type":"ListItem","@id":"https:\/\/candas365.es\/noticias\/category\/internacional\/#listItem","name":"Internacional"}},{"@type":"ListItem","@id":"https:\/\/candas365.es\/noticias\/category\/internacional\/#listItem","position":2,"name":"Internacional","item":"https:\/\/candas365.es\/noticias\/category\/internacional\/","nextItem":{"@type":"ListItem","@id":"https:\/\/candas365.es\/noticias\/christian-lindner-ucrania-es-nuestra-primera-linea-de-defensa-contra-putin\/#listItem","name":"Christian Lindner: \u00abUcrania es nuestra primera l\u00ednea de defensa contra Putin\u00bb"},"previousItem":{"@type":"ListItem","@id":"https:\/\/candas365.es\/noticias#listItem","name":"Home"}},{"@type":"ListItem","@id":"https:\/\/candas365.es\/noticias\/christian-lindner-ucrania-es-nuestra-primera-linea-de-defensa-contra-putin\/#listItem","position":3,"name":"Christian Lindner: \u00abUcrania es nuestra primera l\u00ednea de defensa contra Putin\u00bb","previousItem":{"@type":"ListItem","@id":"https:\/\/candas365.es\/noticias\/category\/internacional\/#listItem","name":"Internacional"}}]},{"@type":"NewsArticle","@id":"https:\/\/candas365.es\/noticias\/christian-lindner-ucrania-es-nuestra-primera-linea-de-defensa-contra-putin\/#newsarticle","name":"Christian Lindner: \u00abUcrania es nuestra primera l\u00ednea de defensa contra Putin\u00bb | Cand\u00e1s 365","headline":"Christian Lindner: \u00abUcrania es nuestra primera l\u00ednea de defensa contra Putin\u00bb","author":{"@id":"https:\/\/candas365.es\/noticias\/author\/admin\/#author"},"publisher":{"@id":"https:\/\/candas365.es\/noticias\/#organization"},"image":{"@type":"ImageObject","url":"https:\/\/candas365.es\/noticias\/wp-content\/uploads\/2024\/04\/Ucrania.jpg","width":640,"height":359,"caption":"Ucrania"},"datePublished":"2024-04-28T01:07:34+02:00","dateModified":"2024-04-28T01:07:34+02:00","inLanguage":"es-ES","mainEntityOfPage":{"@id":"https:\/\/candas365.es\/noticias\/christian-lindner-ucrania-es-nuestra-primera-linea-de-defensa-contra-putin\/#webpage"},"isPartOf":{"@id":"https:\/\/candas365.es\/noticias\/christian-lindner-ucrania-es-nuestra-primera-linea-de-defensa-contra-putin\/#webpage"},"articleSection":"Internacional, conflictos, Internacional","dateline":"Publicado el abril 28, 2024."},{"@type":"Organization","@id":"https:\/\/candas365.es\/noticias\/#organization","name":"Cand\u00e1s 365","description":"Cand\u00e1s 365 es un diario digital independiente, fundado en 2012, con base en Asturias. Informamos con rigor sobre actualidad, sociedad, cultura y ocio, con una mirada local y global.","url":"https:\/\/candas365.es\/noticias\/","email":"info@candas365.es","telephone":"+34652131393","foundingDate":"2012-06-10","logo":{"@type":"ImageObject","url":"https:\/\/candas365.es\/noticias\/wp-content\/uploads\/2024\/09\/Candas-365-Redes.jpg","@id":"https:\/\/candas365.es\/noticias\/christian-lindner-ucrania-es-nuestra-primera-linea-de-defensa-contra-putin\/#organizationLogo","width":1152,"height":864,"caption":"Cand\u00e1s 365 Redes"},"image":{"@id":"https:\/\/candas365.es\/noticias\/christian-lindner-ucrania-es-nuestra-primera-linea-de-defensa-contra-putin\/#organizationLogo"},"sameAs":["https:\/\/www.facebook.com\/Nachofdezber","https:\/\/x.com\/NabercoDigital","https:\/\/www.instagram.com\/nachofdezber\/","https:\/\/www.youtube.com\/channel\/UCZP-2wLEB9Rv6erhFmqVnvg"],"address":{"@id":"https:\/\/candas365.es\/noticias\/#postaladdress","@type":"PostalAddress","streetAddress":"san antonio 4, san antonio 4","postalCode":"33430","addressLocality":"Cand\u00e1s","addressRegion":"Asturias","addressCountry":"ES"}},{"@type":"Person","@id":"https:\/\/candas365.es\/noticias\/author\/admin\/#author","url":"https:\/\/candas365.es\/noticias\/author\/admin\/","name":"Cand\u00e1s 365","image":{"@type":"ImageObject","@id":"https:\/\/candas365.es\/noticias\/christian-lindner-ucrania-es-nuestra-primera-linea-de-defensa-contra-putin\/#authorImage","url":"https:\/\/secure.gravatar.com\/avatar\/496a8e03d0c493ede1718b7934145dbdf8d89be1036b0eec9544e1094c9de390?s=96&d=mm&r=g","width":96,"height":96,"caption":"Cand\u00e1s 365"},"sameAs":["https:\/\/www.facebook.com\/carrenoactualidad","https:\/\/twitter.com\/nbasturias","https:\/\/www.instagram.com\/nachofdezber\/","https:\/\/www.youtube.com\/channel\/UCZP-2wLEB9Rv6erhFmqVnvg"]},{"@type":"WebPage","@id":"https:\/\/candas365.es\/noticias\/christian-lindner-ucrania-es-nuestra-primera-linea-de-defensa-contra-putin\/#webpage","url":"https:\/\/candas365.es\/noticias\/christian-lindner-ucrania-es-nuestra-primera-linea-de-defensa-contra-putin\/","name":"Christian Lindner: \u00abUcrania es nuestra primera l\u00ednea de defensa contra Putin\u00bb | Cand\u00e1s 365","description":"Berl\u00edn, 27 abr (dpa) - El ministro alem\u00e1n de Finanzas, Christian Lindner, prometi\u00f3 hoy una mayor ayuda a Ucrania en su defensa contra Rusia, al destacar","inLanguage":"es-ES","isPartOf":{"@id":"https:\/\/candas365.es\/noticias\/#website"},"breadcrumb":{"@id":"https:\/\/candas365.es\/noticias\/christian-lindner-ucrania-es-nuestra-primera-linea-de-defensa-contra-putin\/#breadcrumblist"},"author":{"@id":"https:\/\/candas365.es\/noticias\/author\/admin\/#author"},"creator":{"@id":"https:\/\/candas365.es\/noticias\/author\/admin\/#author"},"image":{"@type":"ImageObject","url":"https:\/\/candas365.es\/noticias\/wp-content\/uploads\/2024\/04\/Ucrania.jpg","@id":"https:\/\/candas365.es\/noticias\/christian-lindner-ucrania-es-nuestra-primera-linea-de-defensa-contra-putin\/#mainImage","width":640,"height":359,"caption":"Ucrania"},"primaryImageOfPage":{"@id":"https:\/\/candas365.es\/noticias\/christian-lindner-ucrania-es-nuestra-primera-linea-de-defensa-contra-putin\/#mainImage"},"datePublished":"2024-04-28T01:07:34+02:00","dateModified":"2024-04-28T01:07:34+02:00"},{"@type":"WebSite","@id":"https:\/\/candas365.es\/noticias\/#website","url":"https:\/\/candas365.es\/noticias\/","name":"Cand\u00e1s 365","alternateName":"Cand\u00e1s 365 Noticias","description":"Actualidad desde Carre\u00f1o para el mundo","inLanguage":"es-ES","publisher":{"@id":"https:\/\/candas365.es\/noticias\/#organization"}}]},"og:locale":"es_ES","og:site_name":"Cand\u00e1s 365","og:type":"article","og:title":"Christian Lindner: \u00abUcrania es nuestra primera l\u00ednea de defensa contra Putin\u00bb | Cand\u00e1s 365","og:description":"Berl\u00edn, 27 abr (dpa) - El ministro alem\u00e1n de Finanzas, Christian Lindner, prometi\u00f3 hoy una mayor ayuda a Ucrania en su defensa contra Rusia, al destacar","og:url":"https:\/\/candas365.es\/noticias\/christian-lindner-ucrania-es-nuestra-primera-linea-de-defensa-contra-putin\/","og:image":"https:\/\/candas365.es\/noticias\/wp-content\/uploads\/2024\/04\/Ucrania.jpg","og:image:secure_url":"https:\/\/candas365.es\/noticias\/wp-content\/uploads\/2024\/04\/Ucrania.jpg","og:image:width":640,"og:image:height":359,"article:published_time":"2024-04-27T23:07:34+00:00","article:modified_time":"2024-04-27T23:07:34+00:00","article:publisher":"https:\/\/www.facebook.com\/Nachofdezber","article:author":"https:\/\/www.facebook.com\/carrenoactualidad","twitter:card":"summary_large_image","twitter:site":"@NabercoDigital","twitter:title":"Christian Lindner: \u00abUcrania es nuestra primera l\u00ednea de defensa contra Putin\u00bb | Cand\u00e1s 365","twitter:description":"Berl\u00edn, 27 abr (dpa) - El ministro alem\u00e1n de Finanzas, Christian Lindner, prometi\u00f3 hoy una mayor ayuda a Ucrania en su defensa contra Rusia, al destacar","twitter:creator":"@nbasturias","twitter:image":"https:\/\/candas365.es\/noticias\/wp-content\/uploads\/2024\/04\/Ucrania.jpg","twitter:label1":"Escrito por","twitter:data1":"Cand\u00e1s 365","twitter:label2":"Tiempo de lectura estimado","twitter:data2":"1 minuto"},"aioseo_meta_data":{"post_id":"180230","title":null,"description":"Berl\u00edn, 27 abr (dpa) - El ministro alem\u00e1n de Finanzas, Christian Lindner, prometi\u00f3 hoy una mayor ayuda a Ucrania en su defensa contra Rusia, al destacar","keywords":null,"keyphrases":{"focus":{"keyphrase":"Ucrania","score":93,"analysis":{"keyphraseInTitle":{"score":9,"maxScore":9,"error":0},"keyphraseInDescription":{"score":9,"maxScore":9,"error":0},"keyphraseLength":{"score":9,"maxScore":9,"error":0,"length":1},"keyphraseInURL":{"score":1,"maxScore":5,"error":1},"keyphraseInIntroduction":{"score":9,"maxScore":9,"error":0},"keyphraseInSubHeadings":[],"keyphraseInImageAlt":{"score":9,"maxScore":9,"error":0},"keywordDensity":{"type":"best","score":9,"maxScore":9,"error":0}}},"additional":[{"keyphrase":"Ucrania","score":100,"analysis":{"keyphraseInDescription":{"score":9,"maxScore":9,"error":0},"keyphraseLength":{"score":9,"maxScore":9,"error":0,"length":1},"keyphraseInIntroduction":{"score":9,"maxScore":9,"error":0},"keyphraseInImageAlt":{"score":9,"maxScore":9,"error":0},"keywordDensity":{"type":"best","score":9,"maxScore":9,"error":0}}}]},"primary_term":null,"canonical_url":null,"og_title":null,"og_description":null,"og_object_type":"default","og_image_type":"default","og_image_url":null,"og_image_width":null,"og_image_height":null,"og_image_custom_url":null,"og_image_custom_fields":null,"og_video":"","og_custom_url":null,"og_article_section":null,"og_article_tags":null,"twitter_use_og":false,"twitter_card":"default","twitter_image_type":"default","twitter_image_url":null,"twitter_image_custom_url":null,"twitter_image_custom_fields":null,"twitter_title":null,"twitter_description":null,"schema":{"blockGraphs":[],"customGraphs":[],"default":{"data":{"Article":[],"Course":[],"Dataset":[],"FAQPage":[],"Movie":[],"Person":[],"Product":[],"ProductReview":[],"Car":[],"Recipe":[],"Service":[],"SoftwareApplication":[],"WebPage":[]},"graphName":"Article","isEnabled":true},"graphs":[]},"schema_type":"default","schema_type_options":null,"pillar_content":false,"robots_default":true,"robots_noindex":false,"robots_noarchive":false,"robots_nosnippet":false,"robots_nofollow":false,"robots_noimageindex":false,"robots_noodp":false,"robots_notranslate":false,"robots_max_snippet":"-1","robots_max_videopreview":"-1","robots_max_imagepreview":"large","priority":null,"frequency":"default","location":null,"local_seo":null,"seo_analyzer_scan_date":"2025-09-02 08:09:36","breadcrumb_settings":null,"limit_modified_date":false,"reviewed_by":null,"open_ai":"{\"title\":{\"suggestions\":[],\"usage\":0},\"description\":{\"suggestions\":[],\"usage\":0}}","ai":null,"created":"2024-04-27 22:59:56","updated":"2025-09-02 08:09:36"},"aioseo_breadcrumb":"<div class=\"aioseo-breadcrumbs\"><span class=\"aioseo-breadcrumb\">\n\t<a href=\"https:\/\/candas365.es\/noticias\" title=\"Home\">Home<\/a>\n<\/span><span class=\"aioseo-breadcrumb-separator\">&ndash;<\/span><span class=\"aioseo-breadcrumb\">\n\t<a href=\"https:\/\/candas365.es\/noticias\/category\/internacional\/\" title=\"Internacional\">Internacional<\/a>\n<\/span><span class=\"aioseo-breadcrumb-separator\">&ndash;<\/span><span class=\"aioseo-breadcrumb\">\n\tChristian Lindner: \u00abUcrania es nuestra primera l\u00ednea de defensa contra Putin\u00bb\n<\/span><\/div>","aioseo_breadcrumb_json":[{"label":"Home","link":"https:\/\/candas365.es\/noticias"},{"label":"Internacional","link":"https:\/\/candas365.es\/noticias\/category\/internacional\/"},{"label":"Christian Lindner: \u00abUcrania es nuestra primera l\u00ednea de defensa contra Putin\u00bb","link":"https:\/\/candas365.es\/noticias\/christian-lindner-ucrania-es-nuestra-primera-linea-de-defensa-contra-putin\/"}],"_links":{"self":[{"href":"https:\/\/candas365.es\/noticias\/wp-json\/wp\/v2\/posts\/180230","targetHints":{"allow":["GET"]}}],"collection":[{"href":"https:\/\/candas365.es\/noticias\/wp-json\/wp\/v2\/posts"}],"about":[{"href":"https:\/\/candas365.es\/noticias\/wp-json\/wp\/v2\/types\/post"}],"author":[{"embeddable":true,"href":"https:\/\/candas365.es\/noticias\/wp-json\/wp\/v2\/users\/1"}],"replies":[{"embeddable":true,"href":"https:\/\/candas365.es\/noticias\/wp-json\/wp\/v2\/comments?post=180230"}],"version-history":[{"count":0,"href":"https:\/\/candas365.es\/noticias\/wp-json\/wp\/v2\/posts\/180230\/revisions"}],"wp:featuredmedia":[{"embeddable":true,"href":"https:\/\/candas365.es\/noticias\/wp-json\/wp\/v2\/media\/180231"}],"wp:attachment":[{"href":"https:\/\/candas365.es\/noticias\/wp-json\/wp\/v2\/media?parent=180230"}],"wp:term":[{"taxonomy":"category","embeddable":true,"href":"https:\/\/candas365.es\/noticias\/wp-json\/wp\/v2\/categories?post=180230"},{"taxonomy":"post_tag","embeddable":true,"href":"https:\/\/candas365.es\/noticias\/wp-json\/wp\/v2\/tags?post=180230"}],"curies":[{"name":"wp","href":"https:\/\/api.w.org\/{rel}","templated":true}]}}