{"id":180185,"date":"2024-04-26T22:30:01","date_gmt":"2024-04-26T20:30:01","guid":{"rendered":"https:\/\/candas365.es\/noticias\/?p=180185"},"modified":"2024-04-26T22:30:01","modified_gmt":"2024-04-26T20:30:01","slug":"designan-a-barenboim-director-honorario-de-la-staatskapelle-de-berlin","status":"publish","type":"post","link":"https:\/\/candas365.es\/noticias\/designan-a-barenboim-director-honorario-de-la-staatskapelle-de-berlin\/","title":{"rendered":"Designan a Barenboim director honorario de la Staatskapelle de Berl\u00edn"},"content":{"rendered":"<p>Berl\u00edn, 26 abr (<a title=\"dpa\" href=\"https:\/\/www.dpa-news.de\/\" target=\"_blank\" rel=\"noopener\"><span style=\"color: #ff6600;\"><strong>dpa<\/strong><\/span><\/a>) &#8211; El <span style=\"color: #ff6600;\"><a style=\"color: #ff6600;\" href=\"https:\/\/candas365.es\/noticias\/tag\/cultura\/\"><strong>director de orquesta<\/strong><\/a><\/span> argentino-israel\u00ed Daniel Barenboim fue designado director general honorario de la Orquesta Estatal (Staatskapelle) de Berl\u00edn y miembro honorario de la \u00d3pera Estatal Unter den Linden, informaron hoy ambas entidades.<\/p>\n<figure id=\"attachment_180186\" aria-describedby=\"caption-attachment-180186\" style=\"width: 650px\" class=\"wp-caption aligncenter\"><img fetchpriority=\"high\" decoding=\"async\" class=\"size-large wp-image-180186\" src=\"https:\/\/candas365.es\/noticias\/wp-content\/uploads\/2024\/04\/Barenboim-650x405.jpg\" alt=\"Barenboim\" width=\"650\" height=\"405\" srcset=\"https:\/\/candas365.es\/noticias\/wp-content\/uploads\/2024\/04\/Barenboim-650x405.jpg 650w, https:\/\/candas365.es\/noticias\/wp-content\/uploads\/2024\/04\/Barenboim-360x224.jpg 360w, https:\/\/candas365.es\/noticias\/wp-content\/uploads\/2024\/04\/Barenboim-768x478.jpg 768w, https:\/\/candas365.es\/noticias\/wp-content\/uploads\/2024\/04\/Barenboim-150x93.jpg 150w, https:\/\/candas365.es\/noticias\/wp-content\/uploads\/2024\/04\/Barenboim-450x280.jpg 450w, https:\/\/candas365.es\/noticias\/wp-content\/uploads\/2024\/04\/Barenboim.jpg 1004w\" sizes=\"(max-width: 650px) 100vw, 650px\" \/><figcaption id=\"caption-attachment-180186\" class=\"wp-caption-text\">El director Daniel Barenboim, en el auditorio de la \u00d3pera Estatal de Berl\u00edn. Foto: Bernd von Jutrczenka\/dpa<\/figcaption><\/figure>\n<p>Como director general musical de la \u00d3pera Estatal, Barenboim tambi\u00e9n se hizo cargo en 1992 de la Staatskapelle, que gan\u00f3 reputaci\u00f3n internacional bajo su direcci\u00f3n.<\/p>\n<p>Su contrato con la \u00d3pera Estatal expiraba originalmente en 2027, pero Barenboim cedi\u00f3 la direcci\u00f3n musical a principios de 2023 por motivos de salud. Barenboim, de 81 a\u00f1os, ha estado ausente durante alg\u00fan tiempo por enfermedad.<\/p>\n<blockquote><p>La Staatskapelle ya lo hab\u00eda designado en el a\u00f1o 2000 director titular vitalicio, cargo que ahora es solo honor\u00edfico.<\/p><\/blockquote>\n<p>\u00abDaniel Barenboim es uno de los m\u00e1s grandes m\u00fasicos de nuestros tiempos. Lo que ha conseguido no solo para la Staatskapelle de Berl\u00edn, sino tambi\u00e9n para la instituci\u00f3n de la \u00d3pera Estatal Unter den Linden, la ciudad de Berl\u00edn y el mundo de la m\u00fasica en 30 a\u00f1os es m\u00e1s que impresionante\u00bb, dijo el director art\u00edstico Matthias Schulz en un comunicado.<\/p>\n<p>Schulz destac\u00f3 que Barenboim, como director general de m\u00fasica, siempre apost\u00f3 por igual por la interacci\u00f3n de la \u00f3pera y los conciertos.<\/p>\n","protected":false},"excerpt":{"rendered":"<p>Berl\u00edn, 26 abr (dpa) &#8211; El director de orquesta argentino-israel\u00ed Daniel Barenboim fue designado director general honorario de la Orquesta Estatal (Staatskapelle) de Berl\u00edn y miembro honorario de la \u00d3pera Estatal Unter den Linden, informaron hoy ambas entidades. Como director general musical de la \u00d3pera Estatal, Barenboim tambi\u00e9n se hizo cargo en 1992 de la<\/p>\n","protected":false},"author":1,"featured_media":180186,"comment_status":"closed","ping_status":"closed","sticky":false,"template":"","format":"standard","meta":{"footnotes":""},"categories":[142],"tags":[430],"class_list":{"0":"post-180185","1":"post","2":"type-post","3":"status-publish","4":"format-standard","5":"has-post-thumbnail","7":"category-revista","8":"tag-cultura"},"aioseo_notices":[],"aioseo_head":"\n\t\t<!-- All in One SEO Pro 4.9.6.2 - aioseo.com -->\n\t<meta name=\"description\" content=\"Berl\u00edn, 26 abr (dpa) - El director de orquesta argentino-israel\u00ed Daniel Barenboim fue designado director general honorario de la Orquesta Estatal\" \/>\n\t<meta name=\"robots\" content=\"max-image-preview:large\" \/>\n\t<meta name=\"author\" content=\"Cand\u00e1s 365\"\/>\n\t<meta name=\"google-site-verification\" content=\"UA-32230408-1\" \/>\n\t<meta name=\"msvalidate.01\" content=\"354F3CDFB2DA171B47FBE9ABF1F88D5\" \/>\n\t<meta name=\"keywords\" content=\"revista\" \/>\n\t<link rel=\"canonical\" href=\"https:\/\/candas365.es\/noticias\/designan-a-barenboim-director-honorario-de-la-staatskapelle-de-berlin\/\" \/>\n\t<meta name=\"generator\" content=\"All in One SEO Pro (AIOSEO) 4.9.6.2\" \/>\n\t\t<meta property=\"og:locale\" content=\"es_ES\" \/>\n\t\t<meta property=\"og:site_name\" content=\"Cand\u00e1s 365\" \/>\n\t\t<meta property=\"og:type\" content=\"article\" \/>\n\t\t<meta property=\"og:title\" content=\"Designan a Barenboim director honorario de la Staatskapelle de Berl\u00edn | Cand\u00e1s 365\" \/>\n\t\t<meta property=\"og:description\" content=\"Berl\u00edn, 26 abr (dpa) - El director de orquesta argentino-israel\u00ed Daniel Barenboim fue designado director general honorario de la Orquesta Estatal\" \/>\n\t\t<meta property=\"og:url\" content=\"https:\/\/candas365.es\/noticias\/designan-a-barenboim-director-honorario-de-la-staatskapelle-de-berlin\/\" \/>\n\t\t<meta property=\"og:image\" content=\"https:\/\/candas365.es\/noticias\/wp-content\/uploads\/2024\/04\/Barenboim.jpg\" \/>\n\t\t<meta property=\"og:image:secure_url\" content=\"https:\/\/candas365.es\/noticias\/wp-content\/uploads\/2024\/04\/Barenboim.jpg\" \/>\n\t\t<meta property=\"og:image:width\" content=\"1004\" \/>\n\t\t<meta property=\"og:image:height\" content=\"625\" \/>\n\t\t<meta property=\"article:published_time\" content=\"2024-04-26T20:30:01+00:00\" \/>\n\t\t<meta property=\"article:modified_time\" content=\"2024-04-26T20:30:01+00:00\" \/>\n\t\t<meta property=\"article:publisher\" content=\"https:\/\/www.facebook.com\/Nachofdezber\" \/>\n\t\t<meta property=\"article:author\" content=\"https:\/\/www.facebook.com\/carrenoactualidad\" \/>\n\t\t<meta name=\"twitter:card\" content=\"summary_large_image\" \/>\n\t\t<meta name=\"twitter:site\" content=\"@NabercoDigital\" \/>\n\t\t<meta name=\"twitter:title\" content=\"Designan a Barenboim director honorario de la Staatskapelle de Berl\u00edn | Cand\u00e1s 365\" \/>\n\t\t<meta name=\"twitter:description\" content=\"Berl\u00edn, 26 abr (dpa) - El director de orquesta argentino-israel\u00ed Daniel Barenboim fue designado director general honorario de la Orquesta Estatal\" \/>\n\t\t<meta name=\"twitter:creator\" content=\"@nbasturias\" \/>\n\t\t<meta name=\"twitter:image\" content=\"https:\/\/candas365.es\/noticias\/wp-content\/uploads\/2024\/04\/Barenboim.jpg\" \/>\n\t\t<meta name=\"twitter:label1\" content=\"Escrito por\" \/>\n\t\t<meta name=\"twitter:data1\" content=\"Cand\u00e1s 365\" \/>\n\t\t<meta name=\"twitter:label2\" content=\"Tiempo de lectura estimado\" \/>\n\t\t<meta name=\"twitter:data2\" content=\"1 minuto\" \/>\n\t\t<script type=\"application\/ld+json\" class=\"aioseo-schema\">\n\t\t\t{\"@context\":\"https:\\\/\\\/schema.org\",\"@graph\":[{\"@type\":\"BreadcrumbList\",\"@id\":\"https:\\\/\\\/candas365.es\\\/noticias\\\/designan-a-barenboim-director-honorario-de-la-staatskapelle-de-berlin\\\/#breadcrumblist\",\"itemListElement\":[{\"@type\":\"ListItem\",\"@id\":\"https:\\\/\\\/candas365.es\\\/noticias#listItem\",\"position\":1,\"name\":\"Home\",\"item\":\"https:\\\/\\\/candas365.es\\\/noticias\",\"nextItem\":{\"@type\":\"ListItem\",\"@id\":\"https:\\\/\\\/candas365.es\\\/noticias\\\/category\\\/revista\\\/#listItem\",\"name\":\"Revista\"}},{\"@type\":\"ListItem\",\"@id\":\"https:\\\/\\\/candas365.es\\\/noticias\\\/category\\\/revista\\\/#listItem\",\"position\":2,\"name\":\"Revista\",\"item\":\"https:\\\/\\\/candas365.es\\\/noticias\\\/category\\\/revista\\\/\",\"nextItem\":{\"@type\":\"ListItem\",\"@id\":\"https:\\\/\\\/candas365.es\\\/noticias\\\/designan-a-barenboim-director-honorario-de-la-staatskapelle-de-berlin\\\/#listItem\",\"name\":\"Designan a Barenboim director honorario de la Staatskapelle de Berl\\u00edn\"},\"previousItem\":{\"@type\":\"ListItem\",\"@id\":\"https:\\\/\\\/candas365.es\\\/noticias#listItem\",\"name\":\"Home\"}},{\"@type\":\"ListItem\",\"@id\":\"https:\\\/\\\/candas365.es\\\/noticias\\\/designan-a-barenboim-director-honorario-de-la-staatskapelle-de-berlin\\\/#listItem\",\"position\":3,\"name\":\"Designan a Barenboim director honorario de la Staatskapelle de Berl\\u00edn\",\"previousItem\":{\"@type\":\"ListItem\",\"@id\":\"https:\\\/\\\/candas365.es\\\/noticias\\\/category\\\/revista\\\/#listItem\",\"name\":\"Revista\"}}]},{\"@type\":\"NewsArticle\",\"@id\":\"https:\\\/\\\/candas365.es\\\/noticias\\\/designan-a-barenboim-director-honorario-de-la-staatskapelle-de-berlin\\\/#newsarticle\",\"name\":\"Designan a Barenboim director honorario de la Staatskapelle de Berl\\u00edn | Cand\\u00e1s 365\",\"headline\":\"Designan a Barenboim director honorario de la Staatskapelle de Berl\\u00edn\",\"author\":{\"@id\":\"https:\\\/\\\/candas365.es\\\/noticias\\\/author\\\/admin\\\/#author\"},\"publisher\":{\"@id\":\"https:\\\/\\\/candas365.es\\\/noticias\\\/#organization\"},\"image\":{\"@type\":\"ImageObject\",\"url\":\"https:\\\/\\\/candas365.es\\\/noticias\\\/wp-content\\\/uploads\\\/2024\\\/04\\\/Barenboim.jpg\",\"width\":1004,\"height\":625,\"caption\":\"El director Daniel Barenboim, en el auditorio de la \\u00d3pera Estatal de Berl\\u00edn. Foto: Bernd von Jutrczenka\\\/dpa\"},\"datePublished\":\"2024-04-26T22:30:01+02:00\",\"dateModified\":\"2024-04-26T22:30:01+02:00\",\"inLanguage\":\"es-ES\",\"mainEntityOfPage\":{\"@id\":\"https:\\\/\\\/candas365.es\\\/noticias\\\/designan-a-barenboim-director-honorario-de-la-staatskapelle-de-berlin\\\/#webpage\"},\"isPartOf\":{\"@id\":\"https:\\\/\\\/candas365.es\\\/noticias\\\/designan-a-barenboim-director-honorario-de-la-staatskapelle-de-berlin\\\/#webpage\"},\"articleSection\":\"Revista, cultura\",\"dateline\":\"Publicado el abril 26, 2024.\"},{\"@type\":\"Organization\",\"@id\":\"https:\\\/\\\/candas365.es\\\/noticias\\\/#organization\",\"name\":\"Cand\\u00e1s 365\",\"description\":\"Cand\\u00e1s 365 es un diario digital independiente, fundado en 2012, con base en Asturias. Informamos con rigor sobre actualidad, sociedad, cultura y ocio, con una mirada local y global.\",\"url\":\"https:\\\/\\\/candas365.es\\\/noticias\\\/\",\"email\":\"info@candas365.es\",\"telephone\":\"+34652131393\",\"foundingDate\":\"2012-06-10\",\"logo\":{\"@type\":\"ImageObject\",\"url\":\"https:\\\/\\\/candas365.es\\\/noticias\\\/wp-content\\\/uploads\\\/2024\\\/09\\\/Candas-365-Redes.jpg\",\"@id\":\"https:\\\/\\\/candas365.es\\\/noticias\\\/designan-a-barenboim-director-honorario-de-la-staatskapelle-de-berlin\\\/#organizationLogo\",\"width\":1152,\"height\":864,\"caption\":\"Cand\\u00e1s 365 Redes\"},\"image\":{\"@id\":\"https:\\\/\\\/candas365.es\\\/noticias\\\/designan-a-barenboim-director-honorario-de-la-staatskapelle-de-berlin\\\/#organizationLogo\"},\"sameAs\":[\"https:\\\/\\\/www.facebook.com\\\/Nachofdezber\",\"https:\\\/\\\/x.com\\\/NabercoDigital\",\"https:\\\/\\\/www.instagram.com\\\/nachofdezber\\\/\",\"https:\\\/\\\/www.youtube.com\\\/channel\\\/UCZP-2wLEB9Rv6erhFmqVnvg\"],\"address\":{\"@id\":\"https:\\\/\\\/candas365.es\\\/noticias\\\/#postaladdress\",\"@type\":\"PostalAddress\",\"streetAddress\":\"san antonio 4, san antonio 4\",\"postalCode\":\"33430\",\"addressLocality\":\"Cand\\u00e1s\",\"addressRegion\":\"Asturias\",\"addressCountry\":\"ES\"}},{\"@type\":\"Person\",\"@id\":\"https:\\\/\\\/candas365.es\\\/noticias\\\/author\\\/admin\\\/#author\",\"url\":\"https:\\\/\\\/candas365.es\\\/noticias\\\/author\\\/admin\\\/\",\"name\":\"Cand\\u00e1s 365\",\"image\":{\"@type\":\"ImageObject\",\"@id\":\"https:\\\/\\\/candas365.es\\\/noticias\\\/designan-a-barenboim-director-honorario-de-la-staatskapelle-de-berlin\\\/#authorImage\",\"url\":\"https:\\\/\\\/secure.gravatar.com\\\/avatar\\\/496a8e03d0c493ede1718b7934145dbdf8d89be1036b0eec9544e1094c9de390?s=96&d=mm&r=g\",\"width\":96,\"height\":96,\"caption\":\"Cand\\u00e1s 365\"},\"sameAs\":[\"https:\\\/\\\/www.facebook.com\\\/carrenoactualidad\",\"https:\\\/\\\/twitter.com\\\/nbasturias\",\"https:\\\/\\\/www.instagram.com\\\/nachofdezber\\\/\",\"https:\\\/\\\/www.youtube.com\\\/channel\\\/UCZP-2wLEB9Rv6erhFmqVnvg\"]},{\"@type\":\"WebPage\",\"@id\":\"https:\\\/\\\/candas365.es\\\/noticias\\\/designan-a-barenboim-director-honorario-de-la-staatskapelle-de-berlin\\\/#webpage\",\"url\":\"https:\\\/\\\/candas365.es\\\/noticias\\\/designan-a-barenboim-director-honorario-de-la-staatskapelle-de-berlin\\\/\",\"name\":\"Designan a Barenboim director honorario de la Staatskapelle de Berl\\u00edn | Cand\\u00e1s 365\",\"description\":\"Berl\\u00edn, 26 abr (dpa) - El director de orquesta argentino-israel\\u00ed Daniel Barenboim fue designado director general honorario de la Orquesta Estatal\",\"inLanguage\":\"es-ES\",\"isPartOf\":{\"@id\":\"https:\\\/\\\/candas365.es\\\/noticias\\\/#website\"},\"breadcrumb\":{\"@id\":\"https:\\\/\\\/candas365.es\\\/noticias\\\/designan-a-barenboim-director-honorario-de-la-staatskapelle-de-berlin\\\/#breadcrumblist\"},\"author\":{\"@id\":\"https:\\\/\\\/candas365.es\\\/noticias\\\/author\\\/admin\\\/#author\"},\"creator\":{\"@id\":\"https:\\\/\\\/candas365.es\\\/noticias\\\/author\\\/admin\\\/#author\"},\"image\":{\"@type\":\"ImageObject\",\"url\":\"https:\\\/\\\/candas365.es\\\/noticias\\\/wp-content\\\/uploads\\\/2024\\\/04\\\/Barenboim.jpg\",\"@id\":\"https:\\\/\\\/candas365.es\\\/noticias\\\/designan-a-barenboim-director-honorario-de-la-staatskapelle-de-berlin\\\/#mainImage\",\"width\":1004,\"height\":625,\"caption\":\"El director Daniel Barenboim, en el auditorio de la \\u00d3pera Estatal de Berl\\u00edn. Foto: Bernd von Jutrczenka\\\/dpa\"},\"primaryImageOfPage\":{\"@id\":\"https:\\\/\\\/candas365.es\\\/noticias\\\/designan-a-barenboim-director-honorario-de-la-staatskapelle-de-berlin\\\/#mainImage\"},\"datePublished\":\"2024-04-26T22:30:01+02:00\",\"dateModified\":\"2024-04-26T22:30:01+02:00\"},{\"@type\":\"WebSite\",\"@id\":\"https:\\\/\\\/candas365.es\\\/noticias\\\/#website\",\"url\":\"https:\\\/\\\/candas365.es\\\/noticias\\\/\",\"name\":\"Cand\\u00e1s 365\",\"alternateName\":\"Cand\\u00e1s 365 Noticias\",\"description\":\"Actualidad desde Carre\\u00f1o para el mundo\",\"inLanguage\":\"es-ES\",\"publisher\":{\"@id\":\"https:\\\/\\\/candas365.es\\\/noticias\\\/#organization\"}}]}\n\t\t<\/script>\n\t\t<!-- All in One SEO Pro -->\r\n\t\t<title>Designan a Barenboim director honorario de la Staatskapelle de Berl\u00edn | Cand\u00e1s 365<\/title>\n\n","aioseo_head_json":{"title":"Designan a Barenboim director honorario de la Staatskapelle de Berl\u00edn | Cand\u00e1s 365","description":"Berl\u00edn, 26 abr (dpa) - El director de orquesta argentino-israel\u00ed Daniel Barenboim fue designado director general honorario de la Orquesta Estatal","canonical_url":"https:\/\/candas365.es\/noticias\/designan-a-barenboim-director-honorario-de-la-staatskapelle-de-berlin\/","robots":"max-image-preview:large","keywords":"revista","webmasterTools":{"google-site-verification":"UA-32230408-1","msvalidate.01":"354F3CDFB2DA171B47FBE9ABF1F88D5","miscellaneous":""},"schema":{"@context":"https:\/\/schema.org","@graph":[{"@type":"BreadcrumbList","@id":"https:\/\/candas365.es\/noticias\/designan-a-barenboim-director-honorario-de-la-staatskapelle-de-berlin\/#breadcrumblist","itemListElement":[{"@type":"ListItem","@id":"https:\/\/candas365.es\/noticias#listItem","position":1,"name":"Home","item":"https:\/\/candas365.es\/noticias","nextItem":{"@type":"ListItem","@id":"https:\/\/candas365.es\/noticias\/category\/revista\/#listItem","name":"Revista"}},{"@type":"ListItem","@id":"https:\/\/candas365.es\/noticias\/category\/revista\/#listItem","position":2,"name":"Revista","item":"https:\/\/candas365.es\/noticias\/category\/revista\/","nextItem":{"@type":"ListItem","@id":"https:\/\/candas365.es\/noticias\/designan-a-barenboim-director-honorario-de-la-staatskapelle-de-berlin\/#listItem","name":"Designan a Barenboim director honorario de la Staatskapelle de Berl\u00edn"},"previousItem":{"@type":"ListItem","@id":"https:\/\/candas365.es\/noticias#listItem","name":"Home"}},{"@type":"ListItem","@id":"https:\/\/candas365.es\/noticias\/designan-a-barenboim-director-honorario-de-la-staatskapelle-de-berlin\/#listItem","position":3,"name":"Designan a Barenboim director honorario de la Staatskapelle de Berl\u00edn","previousItem":{"@type":"ListItem","@id":"https:\/\/candas365.es\/noticias\/category\/revista\/#listItem","name":"Revista"}}]},{"@type":"NewsArticle","@id":"https:\/\/candas365.es\/noticias\/designan-a-barenboim-director-honorario-de-la-staatskapelle-de-berlin\/#newsarticle","name":"Designan a Barenboim director honorario de la Staatskapelle de Berl\u00edn | Cand\u00e1s 365","headline":"Designan a Barenboim director honorario de la Staatskapelle de Berl\u00edn","author":{"@id":"https:\/\/candas365.es\/noticias\/author\/admin\/#author"},"publisher":{"@id":"https:\/\/candas365.es\/noticias\/#organization"},"image":{"@type":"ImageObject","url":"https:\/\/candas365.es\/noticias\/wp-content\/uploads\/2024\/04\/Barenboim.jpg","width":1004,"height":625,"caption":"El director Daniel Barenboim, en el auditorio de la \u00d3pera Estatal de Berl\u00edn. Foto: Bernd von Jutrczenka\/dpa"},"datePublished":"2024-04-26T22:30:01+02:00","dateModified":"2024-04-26T22:30:01+02:00","inLanguage":"es-ES","mainEntityOfPage":{"@id":"https:\/\/candas365.es\/noticias\/designan-a-barenboim-director-honorario-de-la-staatskapelle-de-berlin\/#webpage"},"isPartOf":{"@id":"https:\/\/candas365.es\/noticias\/designan-a-barenboim-director-honorario-de-la-staatskapelle-de-berlin\/#webpage"},"articleSection":"Revista, cultura","dateline":"Publicado el abril 26, 2024."},{"@type":"Organization","@id":"https:\/\/candas365.es\/noticias\/#organization","name":"Cand\u00e1s 365","description":"Cand\u00e1s 365 es un diario digital independiente, fundado en 2012, con base en Asturias. Informamos con rigor sobre actualidad, sociedad, cultura y ocio, con una mirada local y global.","url":"https:\/\/candas365.es\/noticias\/","email":"info@candas365.es","telephone":"+34652131393","foundingDate":"2012-06-10","logo":{"@type":"ImageObject","url":"https:\/\/candas365.es\/noticias\/wp-content\/uploads\/2024\/09\/Candas-365-Redes.jpg","@id":"https:\/\/candas365.es\/noticias\/designan-a-barenboim-director-honorario-de-la-staatskapelle-de-berlin\/#organizationLogo","width":1152,"height":864,"caption":"Cand\u00e1s 365 Redes"},"image":{"@id":"https:\/\/candas365.es\/noticias\/designan-a-barenboim-director-honorario-de-la-staatskapelle-de-berlin\/#organizationLogo"},"sameAs":["https:\/\/www.facebook.com\/Nachofdezber","https:\/\/x.com\/NabercoDigital","https:\/\/www.instagram.com\/nachofdezber\/","https:\/\/www.youtube.com\/channel\/UCZP-2wLEB9Rv6erhFmqVnvg"],"address":{"@id":"https:\/\/candas365.es\/noticias\/#postaladdress","@type":"PostalAddress","streetAddress":"san antonio 4, san antonio 4","postalCode":"33430","addressLocality":"Cand\u00e1s","addressRegion":"Asturias","addressCountry":"ES"}},{"@type":"Person","@id":"https:\/\/candas365.es\/noticias\/author\/admin\/#author","url":"https:\/\/candas365.es\/noticias\/author\/admin\/","name":"Cand\u00e1s 365","image":{"@type":"ImageObject","@id":"https:\/\/candas365.es\/noticias\/designan-a-barenboim-director-honorario-de-la-staatskapelle-de-berlin\/#authorImage","url":"https:\/\/secure.gravatar.com\/avatar\/496a8e03d0c493ede1718b7934145dbdf8d89be1036b0eec9544e1094c9de390?s=96&d=mm&r=g","width":96,"height":96,"caption":"Cand\u00e1s 365"},"sameAs":["https:\/\/www.facebook.com\/carrenoactualidad","https:\/\/twitter.com\/nbasturias","https:\/\/www.instagram.com\/nachofdezber\/","https:\/\/www.youtube.com\/channel\/UCZP-2wLEB9Rv6erhFmqVnvg"]},{"@type":"WebPage","@id":"https:\/\/candas365.es\/noticias\/designan-a-barenboim-director-honorario-de-la-staatskapelle-de-berlin\/#webpage","url":"https:\/\/candas365.es\/noticias\/designan-a-barenboim-director-honorario-de-la-staatskapelle-de-berlin\/","name":"Designan a Barenboim director honorario de la Staatskapelle de Berl\u00edn | Cand\u00e1s 365","description":"Berl\u00edn, 26 abr (dpa) - El director de orquesta argentino-israel\u00ed Daniel Barenboim fue designado director general honorario de la Orquesta Estatal","inLanguage":"es-ES","isPartOf":{"@id":"https:\/\/candas365.es\/noticias\/#website"},"breadcrumb":{"@id":"https:\/\/candas365.es\/noticias\/designan-a-barenboim-director-honorario-de-la-staatskapelle-de-berlin\/#breadcrumblist"},"author":{"@id":"https:\/\/candas365.es\/noticias\/author\/admin\/#author"},"creator":{"@id":"https:\/\/candas365.es\/noticias\/author\/admin\/#author"},"image":{"@type":"ImageObject","url":"https:\/\/candas365.es\/noticias\/wp-content\/uploads\/2024\/04\/Barenboim.jpg","@id":"https:\/\/candas365.es\/noticias\/designan-a-barenboim-director-honorario-de-la-staatskapelle-de-berlin\/#mainImage","width":1004,"height":625,"caption":"El director Daniel Barenboim, en el auditorio de la \u00d3pera Estatal de Berl\u00edn. Foto: Bernd von Jutrczenka\/dpa"},"primaryImageOfPage":{"@id":"https:\/\/candas365.es\/noticias\/designan-a-barenboim-director-honorario-de-la-staatskapelle-de-berlin\/#mainImage"},"datePublished":"2024-04-26T22:30:01+02:00","dateModified":"2024-04-26T22:30:01+02:00"},{"@type":"WebSite","@id":"https:\/\/candas365.es\/noticias\/#website","url":"https:\/\/candas365.es\/noticias\/","name":"Cand\u00e1s 365","alternateName":"Cand\u00e1s 365 Noticias","description":"Actualidad desde Carre\u00f1o para el mundo","inLanguage":"es-ES","publisher":{"@id":"https:\/\/candas365.es\/noticias\/#organization"}}]},"og:locale":"es_ES","og:site_name":"Cand\u00e1s 365","og:type":"article","og:title":"Designan a Barenboim director honorario de la Staatskapelle de Berl\u00edn | Cand\u00e1s 365","og:description":"Berl\u00edn, 26 abr (dpa) - El director de orquesta argentino-israel\u00ed Daniel Barenboim fue designado director general honorario de la Orquesta Estatal","og:url":"https:\/\/candas365.es\/noticias\/designan-a-barenboim-director-honorario-de-la-staatskapelle-de-berlin\/","og:image":"https:\/\/candas365.es\/noticias\/wp-content\/uploads\/2024\/04\/Barenboim.jpg","og:image:secure_url":"https:\/\/candas365.es\/noticias\/wp-content\/uploads\/2024\/04\/Barenboim.jpg","og:image:width":1004,"og:image:height":625,"article:published_time":"2024-04-26T20:30:01+00:00","article:modified_time":"2024-04-26T20:30:01+00:00","article:publisher":"https:\/\/www.facebook.com\/Nachofdezber","article:author":"https:\/\/www.facebook.com\/carrenoactualidad","twitter:card":"summary_large_image","twitter:site":"@NabercoDigital","twitter:title":"Designan a Barenboim director honorario de la Staatskapelle de Berl\u00edn | Cand\u00e1s 365","twitter:description":"Berl\u00edn, 26 abr (dpa) - El director de orquesta argentino-israel\u00ed Daniel Barenboim fue designado director general honorario de la Orquesta Estatal","twitter:creator":"@nbasturias","twitter:image":"https:\/\/candas365.es\/noticias\/wp-content\/uploads\/2024\/04\/Barenboim.jpg","twitter:label1":"Escrito por","twitter:data1":"Cand\u00e1s 365","twitter:label2":"Tiempo de lectura estimado","twitter:data2":"1 minuto"},"aioseo_meta_data":{"post_id":"180185","title":null,"description":"Berl\u00edn, 26 abr (dpa) - El director de orquesta argentino-israel\u00ed Daniel Barenboim fue designado director general honorario de la Orquesta Estatal","keywords":null,"keyphrases":{"focus":{"keyphrase":"Barenboim","score":78,"analysis":{"keyphraseInTitle":{"score":9,"maxScore":9,"error":0},"keyphraseInDescription":{"score":9,"maxScore":9,"error":0},"keyphraseLength":{"score":9,"maxScore":9,"error":0,"length":1},"keyphraseInURL":{"score":1,"maxScore":5,"error":1},"keyphraseInIntroduction":{"score":9,"maxScore":9,"error":0},"keyphraseInSubHeadings":[],"keyphraseInImageAlt":{"score":9,"maxScore":9,"error":0},"keywordDensity":{"type":"high","score":0,"maxScore":9,"error":1}}},"additional":[{"keyphrase":"Barenboim","score":80,"analysis":{"keyphraseInDescription":{"score":9,"maxScore":9,"error":0},"keyphraseLength":{"score":9,"maxScore":9,"error":0,"length":1},"keyphraseInIntroduction":{"score":9,"maxScore":9,"error":0},"keyphraseInImageAlt":{"score":9,"maxScore":9,"error":0},"keywordDensity":{"type":"high","score":0,"maxScore":9,"error":1}}}]},"primary_term":null,"canonical_url":null,"og_title":null,"og_description":null,"og_object_type":"default","og_image_type":"default","og_image_url":null,"og_image_width":null,"og_image_height":null,"og_image_custom_url":null,"og_image_custom_fields":null,"og_video":"","og_custom_url":null,"og_article_section":null,"og_article_tags":null,"twitter_use_og":false,"twitter_card":"default","twitter_image_type":"default","twitter_image_url":null,"twitter_image_custom_url":null,"twitter_image_custom_fields":null,"twitter_title":null,"twitter_description":null,"schema":{"blockGraphs":[],"customGraphs":[],"default":{"data":{"Article":[],"Course":[],"Dataset":[],"FAQPage":[],"Movie":[],"Person":[],"Product":[],"ProductReview":[],"Car":[],"Recipe":[],"Service":[],"SoftwareApplication":[],"WebPage":[]},"graphName":"Article","isEnabled":true},"graphs":[]},"schema_type":"default","schema_type_options":null,"pillar_content":false,"robots_default":true,"robots_noindex":false,"robots_noarchive":false,"robots_nosnippet":false,"robots_nofollow":false,"robots_noimageindex":false,"robots_noodp":false,"robots_notranslate":false,"robots_max_snippet":"-1","robots_max_videopreview":"-1","robots_max_imagepreview":"large","priority":null,"frequency":"default","location":null,"local_seo":null,"seo_analyzer_scan_date":"2025-09-02 08:03:29","breadcrumb_settings":null,"limit_modified_date":false,"reviewed_by":null,"open_ai":"{\"title\":{\"suggestions\":[],\"usage\":0},\"description\":{\"suggestions\":[],\"usage\":0}}","ai":null,"created":"2024-04-26 20:25:20","updated":"2025-09-02 08:03:29"},"aioseo_breadcrumb":"<div class=\"aioseo-breadcrumbs\"><span class=\"aioseo-breadcrumb\">\n\t<a href=\"https:\/\/candas365.es\/noticias\" title=\"Home\">Home<\/a>\n<\/span><span class=\"aioseo-breadcrumb-separator\">&ndash;<\/span><span class=\"aioseo-breadcrumb\">\n\t<a href=\"https:\/\/candas365.es\/noticias\/category\/revista\/\" title=\"Revista\">Revista<\/a>\n<\/span><span class=\"aioseo-breadcrumb-separator\">&ndash;<\/span><span class=\"aioseo-breadcrumb\">\n\tDesignan a Barenboim director honorario de la Staatskapelle de Berl\u00edn\n<\/span><\/div>","aioseo_breadcrumb_json":[{"label":"Home","link":"https:\/\/candas365.es\/noticias"},{"label":"Revista","link":"https:\/\/candas365.es\/noticias\/category\/revista\/"},{"label":"Designan a Barenboim director honorario de la Staatskapelle de Berl\u00edn","link":"https:\/\/candas365.es\/noticias\/designan-a-barenboim-director-honorario-de-la-staatskapelle-de-berlin\/"}],"_links":{"self":[{"href":"https:\/\/candas365.es\/noticias\/wp-json\/wp\/v2\/posts\/180185","targetHints":{"allow":["GET"]}}],"collection":[{"href":"https:\/\/candas365.es\/noticias\/wp-json\/wp\/v2\/posts"}],"about":[{"href":"https:\/\/candas365.es\/noticias\/wp-json\/wp\/v2\/types\/post"}],"author":[{"embeddable":true,"href":"https:\/\/candas365.es\/noticias\/wp-json\/wp\/v2\/users\/1"}],"replies":[{"embeddable":true,"href":"https:\/\/candas365.es\/noticias\/wp-json\/wp\/v2\/comments?post=180185"}],"version-history":[{"count":0,"href":"https:\/\/candas365.es\/noticias\/wp-json\/wp\/v2\/posts\/180185\/revisions"}],"wp:featuredmedia":[{"embeddable":true,"href":"https:\/\/candas365.es\/noticias\/wp-json\/wp\/v2\/media\/180186"}],"wp:attachment":[{"href":"https:\/\/candas365.es\/noticias\/wp-json\/wp\/v2\/media?parent=180185"}],"wp:term":[{"taxonomy":"category","embeddable":true,"href":"https:\/\/candas365.es\/noticias\/wp-json\/wp\/v2\/categories?post=180185"},{"taxonomy":"post_tag","embeddable":true,"href":"https:\/\/candas365.es\/noticias\/wp-json\/wp\/v2\/tags?post=180185"}],"curies":[{"name":"wp","href":"https:\/\/api.w.org\/{rel}","templated":true}]}}