{"id":180083,"date":"2024-04-25T01:37:20","date_gmt":"2024-04-24T23:37:20","guid":{"rendered":"https:\/\/candas365.es\/noticias\/?p=180083"},"modified":"2024-04-25T01:37:20","modified_gmt":"2024-04-24T23:37:20","slug":"alemania-planea-reanudar-la-cooperacion-con-unrwa","status":"publish","type":"post","link":"https:\/\/candas365.es\/noticias\/alemania-planea-reanudar-la-cooperacion-con-unrwa\/","title":{"rendered":"Alemania planea reanudar la cooperaci\u00f3n con UNRWA"},"content":{"rendered":"<p>Berl\u00edn, 24 abr (<a title=\"dpa\" href=\"https:\/\/www.dpa-news.de\/\" target=\"_blank\" rel=\"noopener\"><span style=\"color: #ff6600;\"><strong>dpa<\/strong><\/span><\/a>) &#8211; El <span style=\"color: #ff6600;\"><a style=\"color: #ff6600;\" href=\"https:\/\/candas365.es\/noticias\/category\/internacional\/\"><strong>Gobierno alem\u00e1n<\/strong><\/a><\/span> inform\u00f3 que planea reanudar su cooperaci\u00f3n con la Agencia de Naciones Unidas para los Refugiados Palestinos en Oriente Pr\u00f3ximo (UNRWA) en la Franja de Gaza, tras la publicaci\u00f3n de un informe sobre la gesti\u00f3n del organismo.<\/p>\n<figure id=\"attachment_180084\" aria-describedby=\"caption-attachment-180084\" style=\"width: 650px\" class=\"wp-caption aligncenter\"><img fetchpriority=\"high\" decoding=\"async\" class=\"size-large wp-image-180084\" src=\"https:\/\/candas365.es\/noticias\/wp-content\/uploads\/2024\/04\/UNRWA-650x429.jpg\" alt=\"UNRWA\" width=\"650\" height=\"429\" srcset=\"https:\/\/candas365.es\/noticias\/wp-content\/uploads\/2024\/04\/UNRWA-650x429.jpg 650w, https:\/\/candas365.es\/noticias\/wp-content\/uploads\/2024\/04\/UNRWA-360x238.jpg 360w, https:\/\/candas365.es\/noticias\/wp-content\/uploads\/2024\/04\/UNRWA-768x507.jpg 768w, https:\/\/candas365.es\/noticias\/wp-content\/uploads\/2024\/04\/UNRWA-150x99.jpg 150w, https:\/\/candas365.es\/noticias\/wp-content\/uploads\/2024\/04\/UNRWA-450x297.jpg 450w, https:\/\/candas365.es\/noticias\/wp-content\/uploads\/2024\/04\/UNRWA.jpg 998w\" sizes=\"(max-width: 650px) 100vw, 650px\" \/><figcaption id=\"caption-attachment-180084\" class=\"wp-caption-text\">Un palestino carga donaciones de alimentos en un carro en un centro de distribuci\u00f3n de la Agencia de Naciones Unidas para los Refugiados Palestinos (UNRWA) en el campo de refugiados de Shati, en Ciudad de Gaza. Foto: Wissam Nassar\/dpa<\/figcaption><\/figure>\n<p>El anuncio emitido en conjunto por el Ministerio de Relaciones Exteriores y el Ministerio de Cooperaci\u00f3n Econ\u00f3mica y Desarrollo en Berl\u00edn se\u00f1ala que la decisi\u00f3n fue tomada tras conocerse los resultados de una investigaci\u00f3n independiente solicitada por la ONU.<\/p>\n<p>Seg\u00fan los mismos, <strong>no se encontraron pruebas que respaldaran las acusaciones de que varios empleados de la UNRWA participaron en los atentados del 7 de octubre contra Israel y de que la agencia hab\u00eda sido infiltrada por la milicia palestina Ham\u00e1s.<\/strong><\/p>\n<p>El grupo independiente de expertos, dirigido por la exministra francesa de Relaciones Exteriores Catherine Colonna, se cre\u00f3 a principios de febrero.<\/p>\n<p><strong>La UNRWA es el principal proveedor de ayuda humanitaria en Gaza<\/strong>. Las acusaciones de Israel sumieron a la agencia en una grave crisis y llevaron a 16 de los principales pa\u00edses donantes -incluidos los dos mayores, Estados Unidos y Alemania- a suspender o pausar la financiaci\u00f3n.<\/p>\n<p>Esto dej\u00f3 a la UNRWA con un d\u00e9ficit de financiaci\u00f3n futuro de unos 450 millones de d\u00f3lares. <strong>El reciente informe se\u00f1ala que las necesidades financieras a corto plazo de UNRWA en Gaza est\u00e1n cubiertas actualmente por los fondos existentes.<\/strong><\/p>\n<p>La agencia tambi\u00e9n despidi\u00f3 a varios empleados a ra\u00edz de las acusaciones, mientras que el secretario general de la ONU, Ant\u00f3nio Guterres, prometi\u00f3 una revisi\u00f3n exhaustiva.<\/p>\n<p>La investigaci\u00f3n dirigida por Colonna recomend\u00f3 mejores controles en \u00abocho \u00e1reas cr\u00edticas\u00bb, pero los expertos tambi\u00e9n se\u00f1alaron que la UNRWA puso en marcha una serie de mecanismos \u00abs\u00f3lidos\u00bb para garantizar el cumplimiento del principio de neutralidad.<\/p>\n<blockquote><p>Al mismo tiempo, el informe apunt\u00f3 que Israel no aport\u00f3 ninguna prueba que corroborara las acusaciones.<\/p><\/blockquote>\n<p>El Gobierno alem\u00e1n inform\u00f3 haber proporcionado a la UNRWA 200 millones de euros (214 millones de d\u00f3lares) en 2023. La financiaci\u00f3n alemana para las operaciones de la UNRWA en Gaza se suspendi\u00f3 a finales de enero, aunque el pa\u00eds europeo entreg\u00f3 en marzo 45 millones de euros para financiar las labores de la agencia en Jordania, L\u00edbano, Siria y Cisjordania, territorio ocupado por Israel.<\/p>\n<p>La declaraci\u00f3n emitida hoy por los citados ministerios alemanes a\u00f1ade que se analizaron exhaustivamente las acusaciones hechas por Israel contra la UNRWA y se estuvo en estrecho contacto con el Gobierno israel\u00ed, las Naciones Unidas y otros donantes internacionales.<\/p>\n<p>Alemania anunci\u00f3 que coordinar\u00e1 con sus socios internacionales el desembolso de m\u00e1s fondos, tambi\u00e9n a la luz de la catastr\u00f3fica situaci\u00f3n humanitaria en la Franja de Gaza.<\/p>\n<p>Seg\u00fan el Gobierno germano, otros donantes de la UNRWA como <strong>Australia, Canad\u00e1, Suecia y Jap\u00f3n tambi\u00e9n reanudaron recientemente su cooperaci\u00f3n con la agencia de ayuda.<\/strong><\/p>\n<blockquote><p>Al mismo tiempo, Alemania hizo un llamamiento a UNRWA para que aplique sin demora las recomendaciones del informe elaborado bajo la direcci\u00f3n de Colonna.<\/p><\/blockquote>\n<p>El Gobierno germano a\u00f1adi\u00f3 que el refuerzo de la auditor\u00eda interna de la UNRWA y su dotaci\u00f3n de personal internacional de la ONU, la mejora de la supervisi\u00f3n externa de la gesti\u00f3n de proyectos, una nueva revisi\u00f3n continua de las listas de empleados de la UNRWA con las autoridades de seguridad israel\u00edes y la ampliaci\u00f3n de la formaci\u00f3n interna son de gran importancia.<\/p>\n","protected":false},"excerpt":{"rendered":"<p>Berl\u00edn, 24 abr (dpa) &#8211; El Gobierno alem\u00e1n inform\u00f3 que planea reanudar su cooperaci\u00f3n con la Agencia de Naciones Unidas para los Refugiados Palestinos en Oriente Pr\u00f3ximo (UNRWA) en la Franja de Gaza, tras la publicaci\u00f3n de un informe sobre la gesti\u00f3n del organismo. El anuncio emitido en conjunto por el Ministerio de Relaciones Exteriores<\/p>\n","protected":false},"author":1,"featured_media":180084,"comment_status":"closed","ping_status":"closed","sticky":false,"template":"","format":"standard","meta":{"footnotes":""},"categories":[485],"tags":[464,418],"class_list":{"0":"post-180083","1":"post","2":"type-post","3":"status-publish","4":"format-standard","5":"has-post-thumbnail","7":"category-internacional","8":"tag-conflictos","9":"tag-internacional"},"aioseo_notices":[],"aioseo_head":"\n\t\t<!-- All in One SEO Pro 4.9.6.2 - aioseo.com -->\n\t<meta name=\"description\" content=\"Berl\u00edn, 24 abr (dpa) - El Gobierno alem\u00e1n inform\u00f3 que planea reanudar su cooperaci\u00f3n con la Agencia de Naciones Unidas para los Refugiados Palestinos en Oriente\" \/>\n\t<meta name=\"robots\" content=\"max-image-preview:large\" \/>\n\t<meta name=\"author\" content=\"Cand\u00e1s 365\"\/>\n\t<meta name=\"google-site-verification\" content=\"UA-32230408-1\" \/>\n\t<meta name=\"msvalidate.01\" content=\"354F3CDFB2DA171B47FBE9ABF1F88D5\" \/>\n\t<meta name=\"keywords\" content=\"internacional\" \/>\n\t<link rel=\"canonical\" href=\"https:\/\/candas365.es\/noticias\/alemania-planea-reanudar-la-cooperacion-con-unrwa\/\" \/>\n\t<meta name=\"generator\" content=\"All in One SEO Pro (AIOSEO) 4.9.6.2\" \/>\n\t\t<meta property=\"og:locale\" content=\"es_ES\" \/>\n\t\t<meta property=\"og:site_name\" content=\"Cand\u00e1s 365\" \/>\n\t\t<meta property=\"og:type\" content=\"article\" \/>\n\t\t<meta property=\"og:title\" content=\"Alemania planea reanudar la cooperaci\u00f3n con UNRWA | Cand\u00e1s 365\" \/>\n\t\t<meta property=\"og:description\" content=\"Berl\u00edn, 24 abr (dpa) - El Gobierno alem\u00e1n inform\u00f3 que planea reanudar su cooperaci\u00f3n con la Agencia de Naciones Unidas para los Refugiados Palestinos en Oriente\" \/>\n\t\t<meta property=\"og:url\" content=\"https:\/\/candas365.es\/noticias\/alemania-planea-reanudar-la-cooperacion-con-unrwa\/\" \/>\n\t\t<meta property=\"og:image\" content=\"https:\/\/candas365.es\/noticias\/wp-content\/uploads\/2024\/04\/UNRWA.jpg\" \/>\n\t\t<meta property=\"og:image:secure_url\" content=\"https:\/\/candas365.es\/noticias\/wp-content\/uploads\/2024\/04\/UNRWA.jpg\" \/>\n\t\t<meta property=\"og:image:width\" content=\"998\" \/>\n\t\t<meta property=\"og:image:height\" content=\"659\" \/>\n\t\t<meta property=\"article:published_time\" content=\"2024-04-24T23:37:20+00:00\" \/>\n\t\t<meta property=\"article:modified_time\" content=\"2024-04-24T23:37:20+00:00\" \/>\n\t\t<meta property=\"article:publisher\" content=\"https:\/\/www.facebook.com\/Nachofdezber\" \/>\n\t\t<meta property=\"article:author\" content=\"https:\/\/www.facebook.com\/carrenoactualidad\" \/>\n\t\t<meta name=\"twitter:card\" content=\"summary_large_image\" \/>\n\t\t<meta name=\"twitter:site\" content=\"@NabercoDigital\" \/>\n\t\t<meta name=\"twitter:title\" content=\"Alemania planea reanudar la cooperaci\u00f3n con UNRWA | Cand\u00e1s 365\" \/>\n\t\t<meta name=\"twitter:description\" content=\"Berl\u00edn, 24 abr (dpa) - El Gobierno alem\u00e1n inform\u00f3 que planea reanudar su cooperaci\u00f3n con la Agencia de Naciones Unidas para los Refugiados Palestinos en Oriente\" \/>\n\t\t<meta name=\"twitter:creator\" content=\"@nbasturias\" \/>\n\t\t<meta name=\"twitter:image\" content=\"https:\/\/candas365.es\/noticias\/wp-content\/uploads\/2024\/04\/UNRWA.jpg\" \/>\n\t\t<meta name=\"twitter:label1\" content=\"Escrito por\" \/>\n\t\t<meta name=\"twitter:data1\" content=\"Cand\u00e1s 365\" \/>\n\t\t<meta name=\"twitter:label2\" content=\"Tiempo de lectura estimado\" \/>\n\t\t<meta name=\"twitter:data2\" content=\"3 minutos\" \/>\n\t\t<script type=\"application\/ld+json\" class=\"aioseo-schema\">\n\t\t\t{\"@context\":\"https:\\\/\\\/schema.org\",\"@graph\":[{\"@type\":\"BreadcrumbList\",\"@id\":\"https:\\\/\\\/candas365.es\\\/noticias\\\/alemania-planea-reanudar-la-cooperacion-con-unrwa\\\/#breadcrumblist\",\"itemListElement\":[{\"@type\":\"ListItem\",\"@id\":\"https:\\\/\\\/candas365.es\\\/noticias#listItem\",\"position\":1,\"name\":\"Home\",\"item\":\"https:\\\/\\\/candas365.es\\\/noticias\",\"nextItem\":{\"@type\":\"ListItem\",\"@id\":\"https:\\\/\\\/candas365.es\\\/noticias\\\/category\\\/internacional\\\/#listItem\",\"name\":\"Internacional\"}},{\"@type\":\"ListItem\",\"@id\":\"https:\\\/\\\/candas365.es\\\/noticias\\\/category\\\/internacional\\\/#listItem\",\"position\":2,\"name\":\"Internacional\",\"item\":\"https:\\\/\\\/candas365.es\\\/noticias\\\/category\\\/internacional\\\/\",\"nextItem\":{\"@type\":\"ListItem\",\"@id\":\"https:\\\/\\\/candas365.es\\\/noticias\\\/alemania-planea-reanudar-la-cooperacion-con-unrwa\\\/#listItem\",\"name\":\"Alemania planea reanudar la cooperaci\\u00f3n con UNRWA\"},\"previousItem\":{\"@type\":\"ListItem\",\"@id\":\"https:\\\/\\\/candas365.es\\\/noticias#listItem\",\"name\":\"Home\"}},{\"@type\":\"ListItem\",\"@id\":\"https:\\\/\\\/candas365.es\\\/noticias\\\/alemania-planea-reanudar-la-cooperacion-con-unrwa\\\/#listItem\",\"position\":3,\"name\":\"Alemania planea reanudar la cooperaci\\u00f3n con UNRWA\",\"previousItem\":{\"@type\":\"ListItem\",\"@id\":\"https:\\\/\\\/candas365.es\\\/noticias\\\/category\\\/internacional\\\/#listItem\",\"name\":\"Internacional\"}}]},{\"@type\":\"NewsArticle\",\"@id\":\"https:\\\/\\\/candas365.es\\\/noticias\\\/alemania-planea-reanudar-la-cooperacion-con-unrwa\\\/#newsarticle\",\"name\":\"Alemania planea reanudar la cooperaci\\u00f3n con UNRWA | Cand\\u00e1s 365\",\"headline\":\"Alemania planea reanudar la cooperaci\\u00f3n con UNRWA\",\"author\":{\"@id\":\"https:\\\/\\\/candas365.es\\\/noticias\\\/author\\\/admin\\\/#author\"},\"publisher\":{\"@id\":\"https:\\\/\\\/candas365.es\\\/noticias\\\/#organization\"},\"image\":{\"@type\":\"ImageObject\",\"url\":\"https:\\\/\\\/candas365.es\\\/noticias\\\/wp-content\\\/uploads\\\/2024\\\/04\\\/UNRWA.jpg\",\"width\":998,\"height\":659,\"caption\":\"Un palestino carga donaciones de alimentos en un carro en un centro de distribuci\\u00f3n de la Agencia de Naciones Unidas para los Refugiados Palestinos (UNRWA) en el campo de refugiados de Shati, en Ciudad de Gaza. Foto: Wissam Nassar\\\/dpa\"},\"datePublished\":\"2024-04-25T01:37:20+02:00\",\"dateModified\":\"2024-04-25T01:37:20+02:00\",\"inLanguage\":\"es-ES\",\"mainEntityOfPage\":{\"@id\":\"https:\\\/\\\/candas365.es\\\/noticias\\\/alemania-planea-reanudar-la-cooperacion-con-unrwa\\\/#webpage\"},\"isPartOf\":{\"@id\":\"https:\\\/\\\/candas365.es\\\/noticias\\\/alemania-planea-reanudar-la-cooperacion-con-unrwa\\\/#webpage\"},\"articleSection\":\"Internacional, conflictos, Internacional\",\"dateline\":\"Publicado el abril 25, 2024.\"},{\"@type\":\"Organization\",\"@id\":\"https:\\\/\\\/candas365.es\\\/noticias\\\/#organization\",\"name\":\"Cand\\u00e1s 365\",\"description\":\"Cand\\u00e1s 365 es un diario digital independiente, fundado en 2012, con base en Asturias. Informamos con rigor sobre actualidad, sociedad, cultura y ocio, con una mirada local y global.\",\"url\":\"https:\\\/\\\/candas365.es\\\/noticias\\\/\",\"email\":\"info@candas365.es\",\"telephone\":\"+34652131393\",\"foundingDate\":\"2012-06-10\",\"logo\":{\"@type\":\"ImageObject\",\"url\":\"https:\\\/\\\/candas365.es\\\/noticias\\\/wp-content\\\/uploads\\\/2024\\\/09\\\/Candas-365-Redes.jpg\",\"@id\":\"https:\\\/\\\/candas365.es\\\/noticias\\\/alemania-planea-reanudar-la-cooperacion-con-unrwa\\\/#organizationLogo\",\"width\":1152,\"height\":864,\"caption\":\"Cand\\u00e1s 365 Redes\"},\"image\":{\"@id\":\"https:\\\/\\\/candas365.es\\\/noticias\\\/alemania-planea-reanudar-la-cooperacion-con-unrwa\\\/#organizationLogo\"},\"sameAs\":[\"https:\\\/\\\/www.facebook.com\\\/Nachofdezber\",\"https:\\\/\\\/x.com\\\/NabercoDigital\",\"https:\\\/\\\/www.instagram.com\\\/nachofdezber\\\/\",\"https:\\\/\\\/www.youtube.com\\\/channel\\\/UCZP-2wLEB9Rv6erhFmqVnvg\"],\"address\":{\"@id\":\"https:\\\/\\\/candas365.es\\\/noticias\\\/#postaladdress\",\"@type\":\"PostalAddress\",\"streetAddress\":\"san antonio 4, san antonio 4\",\"postalCode\":\"33430\",\"addressLocality\":\"Cand\\u00e1s\",\"addressRegion\":\"Asturias\",\"addressCountry\":\"ES\"}},{\"@type\":\"Person\",\"@id\":\"https:\\\/\\\/candas365.es\\\/noticias\\\/author\\\/admin\\\/#author\",\"url\":\"https:\\\/\\\/candas365.es\\\/noticias\\\/author\\\/admin\\\/\",\"name\":\"Cand\\u00e1s 365\",\"image\":{\"@type\":\"ImageObject\",\"@id\":\"https:\\\/\\\/candas365.es\\\/noticias\\\/alemania-planea-reanudar-la-cooperacion-con-unrwa\\\/#authorImage\",\"url\":\"https:\\\/\\\/secure.gravatar.com\\\/avatar\\\/496a8e03d0c493ede1718b7934145dbdf8d89be1036b0eec9544e1094c9de390?s=96&d=mm&r=g\",\"width\":96,\"height\":96,\"caption\":\"Cand\\u00e1s 365\"},\"sameAs\":[\"https:\\\/\\\/www.facebook.com\\\/carrenoactualidad\",\"https:\\\/\\\/twitter.com\\\/nbasturias\",\"https:\\\/\\\/www.instagram.com\\\/nachofdezber\\\/\",\"https:\\\/\\\/www.youtube.com\\\/channel\\\/UCZP-2wLEB9Rv6erhFmqVnvg\"]},{\"@type\":\"WebPage\",\"@id\":\"https:\\\/\\\/candas365.es\\\/noticias\\\/alemania-planea-reanudar-la-cooperacion-con-unrwa\\\/#webpage\",\"url\":\"https:\\\/\\\/candas365.es\\\/noticias\\\/alemania-planea-reanudar-la-cooperacion-con-unrwa\\\/\",\"name\":\"Alemania planea reanudar la cooperaci\\u00f3n con UNRWA | Cand\\u00e1s 365\",\"description\":\"Berl\\u00edn, 24 abr (dpa) - El Gobierno alem\\u00e1n inform\\u00f3 que planea reanudar su cooperaci\\u00f3n con la Agencia de Naciones Unidas para los Refugiados Palestinos en Oriente\",\"inLanguage\":\"es-ES\",\"isPartOf\":{\"@id\":\"https:\\\/\\\/candas365.es\\\/noticias\\\/#website\"},\"breadcrumb\":{\"@id\":\"https:\\\/\\\/candas365.es\\\/noticias\\\/alemania-planea-reanudar-la-cooperacion-con-unrwa\\\/#breadcrumblist\"},\"author\":{\"@id\":\"https:\\\/\\\/candas365.es\\\/noticias\\\/author\\\/admin\\\/#author\"},\"creator\":{\"@id\":\"https:\\\/\\\/candas365.es\\\/noticias\\\/author\\\/admin\\\/#author\"},\"image\":{\"@type\":\"ImageObject\",\"url\":\"https:\\\/\\\/candas365.es\\\/noticias\\\/wp-content\\\/uploads\\\/2024\\\/04\\\/UNRWA.jpg\",\"@id\":\"https:\\\/\\\/candas365.es\\\/noticias\\\/alemania-planea-reanudar-la-cooperacion-con-unrwa\\\/#mainImage\",\"width\":998,\"height\":659,\"caption\":\"Un palestino carga donaciones de alimentos en un carro en un centro de distribuci\\u00f3n de la Agencia de Naciones Unidas para los Refugiados Palestinos (UNRWA) en el campo de refugiados de Shati, en Ciudad de Gaza. Foto: Wissam Nassar\\\/dpa\"},\"primaryImageOfPage\":{\"@id\":\"https:\\\/\\\/candas365.es\\\/noticias\\\/alemania-planea-reanudar-la-cooperacion-con-unrwa\\\/#mainImage\"},\"datePublished\":\"2024-04-25T01:37:20+02:00\",\"dateModified\":\"2024-04-25T01:37:20+02:00\"},{\"@type\":\"WebSite\",\"@id\":\"https:\\\/\\\/candas365.es\\\/noticias\\\/#website\",\"url\":\"https:\\\/\\\/candas365.es\\\/noticias\\\/\",\"name\":\"Cand\\u00e1s 365\",\"alternateName\":\"Cand\\u00e1s 365 Noticias\",\"description\":\"Actualidad desde Carre\\u00f1o para el mundo\",\"inLanguage\":\"es-ES\",\"publisher\":{\"@id\":\"https:\\\/\\\/candas365.es\\\/noticias\\\/#organization\"}}]}\n\t\t<\/script>\n\t\t<!-- All in One SEO Pro -->\r\n\t\t<title>Alemania planea reanudar la cooperaci\u00f3n con UNRWA | Cand\u00e1s 365<\/title>\n\n","aioseo_head_json":{"title":"Alemania planea reanudar la cooperaci\u00f3n con UNRWA | Cand\u00e1s 365","description":"Berl\u00edn, 24 abr (dpa) - El Gobierno alem\u00e1n inform\u00f3 que planea reanudar su cooperaci\u00f3n con la Agencia de Naciones Unidas para los Refugiados Palestinos en Oriente","canonical_url":"https:\/\/candas365.es\/noticias\/alemania-planea-reanudar-la-cooperacion-con-unrwa\/","robots":"max-image-preview:large","keywords":"internacional","webmasterTools":{"google-site-verification":"UA-32230408-1","msvalidate.01":"354F3CDFB2DA171B47FBE9ABF1F88D5","miscellaneous":""},"schema":{"@context":"https:\/\/schema.org","@graph":[{"@type":"BreadcrumbList","@id":"https:\/\/candas365.es\/noticias\/alemania-planea-reanudar-la-cooperacion-con-unrwa\/#breadcrumblist","itemListElement":[{"@type":"ListItem","@id":"https:\/\/candas365.es\/noticias#listItem","position":1,"name":"Home","item":"https:\/\/candas365.es\/noticias","nextItem":{"@type":"ListItem","@id":"https:\/\/candas365.es\/noticias\/category\/internacional\/#listItem","name":"Internacional"}},{"@type":"ListItem","@id":"https:\/\/candas365.es\/noticias\/category\/internacional\/#listItem","position":2,"name":"Internacional","item":"https:\/\/candas365.es\/noticias\/category\/internacional\/","nextItem":{"@type":"ListItem","@id":"https:\/\/candas365.es\/noticias\/alemania-planea-reanudar-la-cooperacion-con-unrwa\/#listItem","name":"Alemania planea reanudar la cooperaci\u00f3n con UNRWA"},"previousItem":{"@type":"ListItem","@id":"https:\/\/candas365.es\/noticias#listItem","name":"Home"}},{"@type":"ListItem","@id":"https:\/\/candas365.es\/noticias\/alemania-planea-reanudar-la-cooperacion-con-unrwa\/#listItem","position":3,"name":"Alemania planea reanudar la cooperaci\u00f3n con UNRWA","previousItem":{"@type":"ListItem","@id":"https:\/\/candas365.es\/noticias\/category\/internacional\/#listItem","name":"Internacional"}}]},{"@type":"NewsArticle","@id":"https:\/\/candas365.es\/noticias\/alemania-planea-reanudar-la-cooperacion-con-unrwa\/#newsarticle","name":"Alemania planea reanudar la cooperaci\u00f3n con UNRWA | Cand\u00e1s 365","headline":"Alemania planea reanudar la cooperaci\u00f3n con UNRWA","author":{"@id":"https:\/\/candas365.es\/noticias\/author\/admin\/#author"},"publisher":{"@id":"https:\/\/candas365.es\/noticias\/#organization"},"image":{"@type":"ImageObject","url":"https:\/\/candas365.es\/noticias\/wp-content\/uploads\/2024\/04\/UNRWA.jpg","width":998,"height":659,"caption":"Un palestino carga donaciones de alimentos en un carro en un centro de distribuci\u00f3n de la Agencia de Naciones Unidas para los Refugiados Palestinos (UNRWA) en el campo de refugiados de Shati, en Ciudad de Gaza. Foto: Wissam Nassar\/dpa"},"datePublished":"2024-04-25T01:37:20+02:00","dateModified":"2024-04-25T01:37:20+02:00","inLanguage":"es-ES","mainEntityOfPage":{"@id":"https:\/\/candas365.es\/noticias\/alemania-planea-reanudar-la-cooperacion-con-unrwa\/#webpage"},"isPartOf":{"@id":"https:\/\/candas365.es\/noticias\/alemania-planea-reanudar-la-cooperacion-con-unrwa\/#webpage"},"articleSection":"Internacional, conflictos, Internacional","dateline":"Publicado el abril 25, 2024."},{"@type":"Organization","@id":"https:\/\/candas365.es\/noticias\/#organization","name":"Cand\u00e1s 365","description":"Cand\u00e1s 365 es un diario digital independiente, fundado en 2012, con base en Asturias. Informamos con rigor sobre actualidad, sociedad, cultura y ocio, con una mirada local y global.","url":"https:\/\/candas365.es\/noticias\/","email":"info@candas365.es","telephone":"+34652131393","foundingDate":"2012-06-10","logo":{"@type":"ImageObject","url":"https:\/\/candas365.es\/noticias\/wp-content\/uploads\/2024\/09\/Candas-365-Redes.jpg","@id":"https:\/\/candas365.es\/noticias\/alemania-planea-reanudar-la-cooperacion-con-unrwa\/#organizationLogo","width":1152,"height":864,"caption":"Cand\u00e1s 365 Redes"},"image":{"@id":"https:\/\/candas365.es\/noticias\/alemania-planea-reanudar-la-cooperacion-con-unrwa\/#organizationLogo"},"sameAs":["https:\/\/www.facebook.com\/Nachofdezber","https:\/\/x.com\/NabercoDigital","https:\/\/www.instagram.com\/nachofdezber\/","https:\/\/www.youtube.com\/channel\/UCZP-2wLEB9Rv6erhFmqVnvg"],"address":{"@id":"https:\/\/candas365.es\/noticias\/#postaladdress","@type":"PostalAddress","streetAddress":"san antonio 4, san antonio 4","postalCode":"33430","addressLocality":"Cand\u00e1s","addressRegion":"Asturias","addressCountry":"ES"}},{"@type":"Person","@id":"https:\/\/candas365.es\/noticias\/author\/admin\/#author","url":"https:\/\/candas365.es\/noticias\/author\/admin\/","name":"Cand\u00e1s 365","image":{"@type":"ImageObject","@id":"https:\/\/candas365.es\/noticias\/alemania-planea-reanudar-la-cooperacion-con-unrwa\/#authorImage","url":"https:\/\/secure.gravatar.com\/avatar\/496a8e03d0c493ede1718b7934145dbdf8d89be1036b0eec9544e1094c9de390?s=96&d=mm&r=g","width":96,"height":96,"caption":"Cand\u00e1s 365"},"sameAs":["https:\/\/www.facebook.com\/carrenoactualidad","https:\/\/twitter.com\/nbasturias","https:\/\/www.instagram.com\/nachofdezber\/","https:\/\/www.youtube.com\/channel\/UCZP-2wLEB9Rv6erhFmqVnvg"]},{"@type":"WebPage","@id":"https:\/\/candas365.es\/noticias\/alemania-planea-reanudar-la-cooperacion-con-unrwa\/#webpage","url":"https:\/\/candas365.es\/noticias\/alemania-planea-reanudar-la-cooperacion-con-unrwa\/","name":"Alemania planea reanudar la cooperaci\u00f3n con UNRWA | Cand\u00e1s 365","description":"Berl\u00edn, 24 abr (dpa) - El Gobierno alem\u00e1n inform\u00f3 que planea reanudar su cooperaci\u00f3n con la Agencia de Naciones Unidas para los Refugiados Palestinos en Oriente","inLanguage":"es-ES","isPartOf":{"@id":"https:\/\/candas365.es\/noticias\/#website"},"breadcrumb":{"@id":"https:\/\/candas365.es\/noticias\/alemania-planea-reanudar-la-cooperacion-con-unrwa\/#breadcrumblist"},"author":{"@id":"https:\/\/candas365.es\/noticias\/author\/admin\/#author"},"creator":{"@id":"https:\/\/candas365.es\/noticias\/author\/admin\/#author"},"image":{"@type":"ImageObject","url":"https:\/\/candas365.es\/noticias\/wp-content\/uploads\/2024\/04\/UNRWA.jpg","@id":"https:\/\/candas365.es\/noticias\/alemania-planea-reanudar-la-cooperacion-con-unrwa\/#mainImage","width":998,"height":659,"caption":"Un palestino carga donaciones de alimentos en un carro en un centro de distribuci\u00f3n de la Agencia de Naciones Unidas para los Refugiados Palestinos (UNRWA) en el campo de refugiados de Shati, en Ciudad de Gaza. Foto: Wissam Nassar\/dpa"},"primaryImageOfPage":{"@id":"https:\/\/candas365.es\/noticias\/alemania-planea-reanudar-la-cooperacion-con-unrwa\/#mainImage"},"datePublished":"2024-04-25T01:37:20+02:00","dateModified":"2024-04-25T01:37:20+02:00"},{"@type":"WebSite","@id":"https:\/\/candas365.es\/noticias\/#website","url":"https:\/\/candas365.es\/noticias\/","name":"Cand\u00e1s 365","alternateName":"Cand\u00e1s 365 Noticias","description":"Actualidad desde Carre\u00f1o para el mundo","inLanguage":"es-ES","publisher":{"@id":"https:\/\/candas365.es\/noticias\/#organization"}}]},"og:locale":"es_ES","og:site_name":"Cand\u00e1s 365","og:type":"article","og:title":"Alemania planea reanudar la cooperaci\u00f3n con UNRWA | Cand\u00e1s 365","og:description":"Berl\u00edn, 24 abr (dpa) - El Gobierno alem\u00e1n inform\u00f3 que planea reanudar su cooperaci\u00f3n con la Agencia de Naciones Unidas para los Refugiados Palestinos en Oriente","og:url":"https:\/\/candas365.es\/noticias\/alemania-planea-reanudar-la-cooperacion-con-unrwa\/","og:image":"https:\/\/candas365.es\/noticias\/wp-content\/uploads\/2024\/04\/UNRWA.jpg","og:image:secure_url":"https:\/\/candas365.es\/noticias\/wp-content\/uploads\/2024\/04\/UNRWA.jpg","og:image:width":998,"og:image:height":659,"article:published_time":"2024-04-24T23:37:20+00:00","article:modified_time":"2024-04-24T23:37:20+00:00","article:publisher":"https:\/\/www.facebook.com\/Nachofdezber","article:author":"https:\/\/www.facebook.com\/carrenoactualidad","twitter:card":"summary_large_image","twitter:site":"@NabercoDigital","twitter:title":"Alemania planea reanudar la cooperaci\u00f3n con UNRWA | Cand\u00e1s 365","twitter:description":"Berl\u00edn, 24 abr (dpa) - El Gobierno alem\u00e1n inform\u00f3 que planea reanudar su cooperaci\u00f3n con la Agencia de Naciones Unidas para los Refugiados Palestinos en Oriente","twitter:creator":"@nbasturias","twitter:image":"https:\/\/candas365.es\/noticias\/wp-content\/uploads\/2024\/04\/UNRWA.jpg","twitter:label1":"Escrito por","twitter:data1":"Cand\u00e1s 365","twitter:label2":"Tiempo de lectura estimado","twitter:data2":"3 minutos"},"aioseo_meta_data":{"post_id":"180083","title":null,"description":"Berl\u00edn, 24 abr (dpa) - El Gobierno alem\u00e1n inform\u00f3 que planea reanudar su cooperaci\u00f3n con la Agencia de Naciones Unidas para los Refugiados Palestinos en Oriente","keywords":null,"keyphrases":{"focus":{"keyphrase":"UNRWA","score":83,"analysis":{"keyphraseInTitle":{"score":9,"maxScore":9,"error":0},"keyphraseInDescription":{"score":3,"maxScore":9,"error":1},"keyphraseLength":{"score":9,"maxScore":9,"error":0,"length":1},"keyphraseInURL":{"score":1,"maxScore":5,"error":1},"keyphraseInIntroduction":{"score":9,"maxScore":9,"error":0},"keyphraseInSubHeadings":[],"keyphraseInImageAlt":{"score":9,"maxScore":9,"error":0},"keywordDensity":{"type":"best","score":9,"maxScore":9,"error":0}}},"additional":[{"keyphrase":"UNRWA","score":87,"analysis":{"keyphraseInDescription":{"score":3,"maxScore":9,"error":1},"keyphraseLength":{"score":9,"maxScore":9,"error":0,"length":1},"keyphraseInIntroduction":{"score":9,"maxScore":9,"error":0},"keyphraseInImageAlt":{"score":9,"maxScore":9,"error":0},"keywordDensity":{"type":"best","score":9,"maxScore":9,"error":0}}}]},"primary_term":null,"canonical_url":null,"og_title":null,"og_description":null,"og_object_type":"default","og_image_type":"default","og_image_url":null,"og_image_width":null,"og_image_height":null,"og_image_custom_url":null,"og_image_custom_fields":null,"og_video":"","og_custom_url":null,"og_article_section":null,"og_article_tags":null,"twitter_use_og":false,"twitter_card":"default","twitter_image_type":"default","twitter_image_url":null,"twitter_image_custom_url":null,"twitter_image_custom_fields":null,"twitter_title":null,"twitter_description":null,"schema":{"blockGraphs":[],"customGraphs":[],"default":{"data":{"Article":[],"Course":[],"Dataset":[],"FAQPage":[],"Movie":[],"Person":[],"Product":[],"ProductReview":[],"Car":[],"Recipe":[],"Service":[],"SoftwareApplication":[],"WebPage":[]},"graphName":"Article","isEnabled":true},"graphs":[]},"schema_type":"default","schema_type_options":null,"pillar_content":false,"robots_default":true,"robots_noindex":false,"robots_noarchive":false,"robots_nosnippet":false,"robots_nofollow":false,"robots_noimageindex":false,"robots_noodp":false,"robots_notranslate":false,"robots_max_snippet":"-1","robots_max_videopreview":"-1","robots_max_imagepreview":"large","priority":null,"frequency":"default","location":null,"local_seo":null,"seo_analyzer_scan_date":"2025-09-02 07:52:13","breadcrumb_settings":null,"limit_modified_date":false,"reviewed_by":null,"open_ai":"{\"title\":{\"suggestions\":[],\"usage\":0},\"description\":{\"suggestions\":[],\"usage\":0}}","ai":null,"created":"2024-04-24 23:30:47","updated":"2025-09-02 07:52:13"},"aioseo_breadcrumb":"<div class=\"aioseo-breadcrumbs\"><span class=\"aioseo-breadcrumb\">\n\t<a href=\"https:\/\/candas365.es\/noticias\" title=\"Home\">Home<\/a>\n<\/span><span class=\"aioseo-breadcrumb-separator\">&ndash;<\/span><span class=\"aioseo-breadcrumb\">\n\t<a href=\"https:\/\/candas365.es\/noticias\/category\/internacional\/\" title=\"Internacional\">Internacional<\/a>\n<\/span><span class=\"aioseo-breadcrumb-separator\">&ndash;<\/span><span class=\"aioseo-breadcrumb\">\n\tAlemania planea reanudar la cooperaci\u00f3n con UNRWA\n<\/span><\/div>","aioseo_breadcrumb_json":[{"label":"Home","link":"https:\/\/candas365.es\/noticias"},{"label":"Internacional","link":"https:\/\/candas365.es\/noticias\/category\/internacional\/"},{"label":"Alemania planea reanudar la cooperaci\u00f3n con UNRWA","link":"https:\/\/candas365.es\/noticias\/alemania-planea-reanudar-la-cooperacion-con-unrwa\/"}],"_links":{"self":[{"href":"https:\/\/candas365.es\/noticias\/wp-json\/wp\/v2\/posts\/180083","targetHints":{"allow":["GET"]}}],"collection":[{"href":"https:\/\/candas365.es\/noticias\/wp-json\/wp\/v2\/posts"}],"about":[{"href":"https:\/\/candas365.es\/noticias\/wp-json\/wp\/v2\/types\/post"}],"author":[{"embeddable":true,"href":"https:\/\/candas365.es\/noticias\/wp-json\/wp\/v2\/users\/1"}],"replies":[{"embeddable":true,"href":"https:\/\/candas365.es\/noticias\/wp-json\/wp\/v2\/comments?post=180083"}],"version-history":[{"count":0,"href":"https:\/\/candas365.es\/noticias\/wp-json\/wp\/v2\/posts\/180083\/revisions"}],"wp:featuredmedia":[{"embeddable":true,"href":"https:\/\/candas365.es\/noticias\/wp-json\/wp\/v2\/media\/180084"}],"wp:attachment":[{"href":"https:\/\/candas365.es\/noticias\/wp-json\/wp\/v2\/media?parent=180083"}],"wp:term":[{"taxonomy":"category","embeddable":true,"href":"https:\/\/candas365.es\/noticias\/wp-json\/wp\/v2\/categories?post=180083"},{"taxonomy":"post_tag","embeddable":true,"href":"https:\/\/candas365.es\/noticias\/wp-json\/wp\/v2\/tags?post=180083"}],"curies":[{"name":"wp","href":"https:\/\/api.w.org\/{rel}","templated":true}]}}