{"id":180000,"date":"2024-04-24T00:42:43","date_gmt":"2024-04-23T22:42:43","guid":{"rendered":"https:\/\/candas365.es\/noticias\/?p=180000"},"modified":"2024-04-24T00:48:08","modified_gmt":"2024-04-23T22:48:08","slug":"carreno-se-moviliza-en-defensa-del-valle-de-abono","status":"publish","type":"post","link":"https:\/\/candas365.es\/noticias\/carreno-se-moviliza-en-defensa-del-valle-de-abono\/","title":{"rendered":"Carre\u00f1o se moviliza en defensa del valle de Abo\u00f1o"},"content":{"rendered":"<p>Los <a href=\"https:\/\/candas365.es\/noticias\/category\/noticias-carreno\/\"><span style=\"color: #ff6600;\"><strong>vecinos de Carre\u00f1o<\/strong><\/span><\/a> se han movilizado para <strong>recoger firmas en change.org<\/strong> en defensa del valle de Abo\u00f1o, y son muchas personas las que nos han comentado que \u00ab<strong>no entienden la inacci\u00f3n del <a title=\"Ayuntamiento de Carre\u00f1o\" href=\"https:\/\/www.ayto-carreno.es\/\" target=\"_blank\" rel=\"noopener\"><span style=\"color: #ff6600;\">Ayuntamiento de Carre\u00f1o<\/span><\/a> y su falta de una postura m\u00e1s contundente en defensa de la salud y el bienestar de los habitantes de las zonas afectadas de Carre\u00f1o\u00bb<\/strong> en el caso de que finalmente se decida desviar el paso de camiones del vial de Jove por Carre\u00f1o.<\/p>\n<figure id=\"attachment_180001\" aria-describedby=\"caption-attachment-180001\" style=\"width: 600px\" class=\"wp-caption aligncenter\"><img fetchpriority=\"high\" decoding=\"async\" class=\"wp-image-180001 size-full\" style=\"font-size: 14px; text-align: center; color: var(--c-contrast-800);\" src=\"https:\/\/candas365.es\/noticias\/wp-content\/uploads\/2024\/04\/Abono-Carreno.jpg\" alt=\"Abo\u00f1o Carre\u00f1o\" width=\"600\" height=\"450\" srcset=\"https:\/\/candas365.es\/noticias\/wp-content\/uploads\/2024\/04\/Abono-Carreno.jpg 600w, https:\/\/candas365.es\/noticias\/wp-content\/uploads\/2024\/04\/Abono-Carreno-360x270.jpg 360w, https:\/\/candas365.es\/noticias\/wp-content\/uploads\/2024\/04\/Abono-Carreno-150x113.jpg 150w, https:\/\/candas365.es\/noticias\/wp-content\/uploads\/2024\/04\/Abono-Carreno-450x338.jpg 450w\" sizes=\"(max-width: 600px) 100vw, 600px\" \/><figcaption id=\"caption-attachment-180001\" class=\"wp-caption-text\">Foto: Archivo Cand\u00e1s 365<\/figcaption><\/figure>\n<p>Los vecinos de <strong>Abo\u00f1o, Carri\u00f3, Pervera, El Empalme<\/strong> y en general de todo Carre\u00f1o han dicho estar hartos de soportar durante d\u00e9cadas la contaminaci\u00f3n que Gij\u00f3n esconde al otro lado de la monta\u00f1a. Central t\u00e9rmica, circulaci\u00f3n de camiones, parque de carb\u00f3n, vertidos incontrolados al r\u00edo Abo\u00f1o que van a parar directamente a las playas de Xivares y Pe\u00f1a Mar\u00eda, depuradora, cementera.<\/p>\n<p>\u00abNo aguantamos m\u00e1s y nos oponemos rotundamente a la soluci\u00f3n temporal de desviar los camiones del vial de Jove por Abo\u00f1o y exigimos a las autoridades competentes una soluci\u00f3n eco-responsable y justa tanto para los vecinos de Jove\/La Calzada como para los de Carre\u00f1o\u00bb <strong>afirman en el manifiesto publicado en change.org<\/strong><\/p>\n<p>Puedes <strong>apoyar la movilizaci\u00f3n<\/strong> en la petici\u00f3n de firmas <a href=\"https:\/\/www.change.org\/p\/vial-de-jove-no-m%C3%A1s-contaminaci%C3%B3n-en-carre%C3%B1o\" target=\"_blank\" rel=\"nofollow noopener\"><span style=\"color: #ff6600;\"><strong>pulsando aqu\u00ed<\/strong><\/span><\/a>.<\/p>\n","protected":false},"excerpt":{"rendered":"<p>Los vecinos de Carre\u00f1o se han movilizado para recoger firmas en change.org en defensa del valle de Abo\u00f1o, y son muchas personas las que nos han comentado que \u00abno entienden la inacci\u00f3n del Ayuntamiento de Carre\u00f1o y su falta de una postura m\u00e1s contundente en defensa de la salud y el bienestar de los habitantes<\/p>\n","protected":false},"author":1,"featured_media":180001,"comment_status":"closed","ping_status":"closed","sticky":false,"template":"","format":"standard","meta":{"footnotes":""},"categories":[316,2],"tags":[365],"class_list":{"0":"post-180000","1":"post","2":"type-post","3":"status-publish","4":"format-standard","5":"has-post-thumbnail","7":"category-destacadas","8":"category-noticias-carreno","9":"tag-carreno"},"aioseo_notices":[],"aioseo_head":"\n\t\t<!-- All in One SEO Pro 4.9.6.2 - aioseo.com -->\n\t<meta name=\"description\" content=\"Los vecinos de Carre\u00f1o se han movilizado para recoger firmas en change.org en defensa del valle de Abo\u00f1o, y son muchas personas las que nos han comentado que\" \/>\n\t<meta name=\"robots\" content=\"max-image-preview:large\" \/>\n\t<meta name=\"author\" content=\"Cand\u00e1s 365\"\/>\n\t<meta name=\"google-site-verification\" content=\"UA-32230408-1\" \/>\n\t<meta name=\"msvalidate.01\" content=\"354F3CDFB2DA171B47FBE9ABF1F88D5\" \/>\n\t<meta name=\"keywords\" content=\"destacadas,noticias carre\u00f1o\" \/>\n\t<link rel=\"canonical\" href=\"https:\/\/candas365.es\/noticias\/carreno-se-moviliza-en-defensa-del-valle-de-abono\/\" \/>\n\t<meta name=\"generator\" content=\"All in One SEO Pro (AIOSEO) 4.9.6.2\" \/>\n\t\t<meta property=\"og:locale\" content=\"es_ES\" \/>\n\t\t<meta property=\"og:site_name\" content=\"Cand\u00e1s 365\" \/>\n\t\t<meta property=\"og:type\" content=\"article\" \/>\n\t\t<meta property=\"og:title\" content=\"Carre\u00f1o se moviliza en defensa del valle de Abo\u00f1o | Cand\u00e1s 365\" \/>\n\t\t<meta property=\"og:description\" content=\"Los vecinos de Carre\u00f1o se han movilizado para recoger firmas en change.org en defensa del valle de Abo\u00f1o, y son muchas personas las que nos han comentado que\" \/>\n\t\t<meta property=\"og:url\" content=\"https:\/\/candas365.es\/noticias\/carreno-se-moviliza-en-defensa-del-valle-de-abono\/\" \/>\n\t\t<meta property=\"og:image\" content=\"https:\/\/candas365.es\/noticias\/wp-content\/uploads\/2024\/04\/Abono-Carreno.jpg\" \/>\n\t\t<meta property=\"og:image:secure_url\" content=\"https:\/\/candas365.es\/noticias\/wp-content\/uploads\/2024\/04\/Abono-Carreno.jpg\" \/>\n\t\t<meta property=\"og:image:width\" content=\"600\" \/>\n\t\t<meta property=\"og:image:height\" content=\"450\" \/>\n\t\t<meta property=\"article:published_time\" content=\"2024-04-23T22:42:43+00:00\" \/>\n\t\t<meta property=\"article:modified_time\" content=\"2024-04-23T22:48:08+00:00\" \/>\n\t\t<meta property=\"article:publisher\" content=\"https:\/\/www.facebook.com\/Nachofdezber\" \/>\n\t\t<meta property=\"article:author\" content=\"https:\/\/www.facebook.com\/carrenoactualidad\" \/>\n\t\t<meta name=\"twitter:card\" content=\"summary_large_image\" \/>\n\t\t<meta name=\"twitter:site\" content=\"@NabercoDigital\" \/>\n\t\t<meta name=\"twitter:title\" content=\"Carre\u00f1o se moviliza en defensa del valle de Abo\u00f1o | Cand\u00e1s 365\" \/>\n\t\t<meta name=\"twitter:description\" content=\"Los vecinos de Carre\u00f1o se han movilizado para recoger firmas en change.org en defensa del valle de Abo\u00f1o, y son muchas personas las que nos han comentado que\" \/>\n\t\t<meta name=\"twitter:creator\" content=\"@nbasturias\" \/>\n\t\t<meta name=\"twitter:image\" content=\"https:\/\/candas365.es\/noticias\/wp-content\/uploads\/2024\/04\/Abono-Carreno.jpg\" \/>\n\t\t<meta name=\"twitter:label1\" content=\"Escrito por\" \/>\n\t\t<meta name=\"twitter:data1\" content=\"Cand\u00e1s 365\" \/>\n\t\t<meta name=\"twitter:label2\" content=\"Tiempo de lectura estimado\" \/>\n\t\t<meta name=\"twitter:data2\" content=\"1 minuto\" \/>\n\t\t<script type=\"application\/ld+json\" class=\"aioseo-schema\">\n\t\t\t{\"@context\":\"https:\\\/\\\/schema.org\",\"@graph\":[{\"@type\":\"BreadcrumbList\",\"@id\":\"https:\\\/\\\/candas365.es\\\/noticias\\\/carreno-se-moviliza-en-defensa-del-valle-de-abono\\\/#breadcrumblist\",\"itemListElement\":[{\"@type\":\"ListItem\",\"@id\":\"https:\\\/\\\/candas365.es\\\/noticias#listItem\",\"position\":1,\"name\":\"Home\",\"item\":\"https:\\\/\\\/candas365.es\\\/noticias\",\"nextItem\":{\"@type\":\"ListItem\",\"@id\":\"https:\\\/\\\/candas365.es\\\/noticias\\\/category\\\/noticias-carreno\\\/#listItem\",\"name\":\"Noticias Carre\\u00f1o\"}},{\"@type\":\"ListItem\",\"@id\":\"https:\\\/\\\/candas365.es\\\/noticias\\\/category\\\/noticias-carreno\\\/#listItem\",\"position\":2,\"name\":\"Noticias Carre\\u00f1o\",\"item\":\"https:\\\/\\\/candas365.es\\\/noticias\\\/category\\\/noticias-carreno\\\/\",\"nextItem\":{\"@type\":\"ListItem\",\"@id\":\"https:\\\/\\\/candas365.es\\\/noticias\\\/carreno-se-moviliza-en-defensa-del-valle-de-abono\\\/#listItem\",\"name\":\"Carre\\u00f1o se moviliza en defensa del valle de Abo\\u00f1o\"},\"previousItem\":{\"@type\":\"ListItem\",\"@id\":\"https:\\\/\\\/candas365.es\\\/noticias#listItem\",\"name\":\"Home\"}},{\"@type\":\"ListItem\",\"@id\":\"https:\\\/\\\/candas365.es\\\/noticias\\\/carreno-se-moviliza-en-defensa-del-valle-de-abono\\\/#listItem\",\"position\":3,\"name\":\"Carre\\u00f1o se moviliza en defensa del valle de Abo\\u00f1o\",\"previousItem\":{\"@type\":\"ListItem\",\"@id\":\"https:\\\/\\\/candas365.es\\\/noticias\\\/category\\\/noticias-carreno\\\/#listItem\",\"name\":\"Noticias Carre\\u00f1o\"}}]},{\"@type\":\"NewsArticle\",\"@id\":\"https:\\\/\\\/candas365.es\\\/noticias\\\/carreno-se-moviliza-en-defensa-del-valle-de-abono\\\/#newsarticle\",\"name\":\"Carre\\u00f1o se moviliza en defensa del valle de Abo\\u00f1o | Cand\\u00e1s 365\",\"headline\":\"Carre\\u00f1o se moviliza en defensa del valle de Abo\\u00f1o\",\"author\":{\"@id\":\"https:\\\/\\\/candas365.es\\\/noticias\\\/author\\\/admin\\\/#author\"},\"publisher\":{\"@id\":\"https:\\\/\\\/candas365.es\\\/noticias\\\/#organization\"},\"image\":{\"@type\":\"ImageObject\",\"url\":\"https:\\\/\\\/candas365.es\\\/noticias\\\/wp-content\\\/uploads\\\/2024\\\/04\\\/Abono-Carreno.jpg\",\"width\":600,\"height\":450,\"caption\":\"Foto: Archivo Cand\\u00e1s 365\"},\"datePublished\":\"2024-04-24T00:42:43+02:00\",\"dateModified\":\"2024-04-24T00:48:08+02:00\",\"inLanguage\":\"es-ES\",\"mainEntityOfPage\":{\"@id\":\"https:\\\/\\\/candas365.es\\\/noticias\\\/carreno-se-moviliza-en-defensa-del-valle-de-abono\\\/#webpage\"},\"isPartOf\":{\"@id\":\"https:\\\/\\\/candas365.es\\\/noticias\\\/carreno-se-moviliza-en-defensa-del-valle-de-abono\\\/#webpage\"},\"articleSection\":\"Destacadas, Noticias Carre\\u00f1o, Carre\\u00f1o\",\"dateline\":\"Publicado el abril 24, 2024.\"},{\"@type\":\"Organization\",\"@id\":\"https:\\\/\\\/candas365.es\\\/noticias\\\/#organization\",\"name\":\"Cand\\u00e1s 365\",\"description\":\"Cand\\u00e1s 365 es un diario digital independiente, fundado en 2012, con base en Asturias. Informamos con rigor sobre actualidad, sociedad, cultura y ocio, con una mirada local y global.\",\"url\":\"https:\\\/\\\/candas365.es\\\/noticias\\\/\",\"email\":\"info@candas365.es\",\"telephone\":\"+34652131393\",\"foundingDate\":\"2012-06-10\",\"logo\":{\"@type\":\"ImageObject\",\"url\":\"https:\\\/\\\/candas365.es\\\/noticias\\\/wp-content\\\/uploads\\\/2024\\\/09\\\/Candas-365-Redes.jpg\",\"@id\":\"https:\\\/\\\/candas365.es\\\/noticias\\\/carreno-se-moviliza-en-defensa-del-valle-de-abono\\\/#organizationLogo\",\"width\":1152,\"height\":864,\"caption\":\"Cand\\u00e1s 365 Redes\"},\"image\":{\"@id\":\"https:\\\/\\\/candas365.es\\\/noticias\\\/carreno-se-moviliza-en-defensa-del-valle-de-abono\\\/#organizationLogo\"},\"sameAs\":[\"https:\\\/\\\/www.facebook.com\\\/Nachofdezber\",\"https:\\\/\\\/x.com\\\/NabercoDigital\",\"https:\\\/\\\/www.instagram.com\\\/nachofdezber\\\/\",\"https:\\\/\\\/www.youtube.com\\\/channel\\\/UCZP-2wLEB9Rv6erhFmqVnvg\"],\"address\":{\"@id\":\"https:\\\/\\\/candas365.es\\\/noticias\\\/#postaladdress\",\"@type\":\"PostalAddress\",\"streetAddress\":\"san antonio 4, san antonio 4\",\"postalCode\":\"33430\",\"addressLocality\":\"Cand\\u00e1s\",\"addressRegion\":\"Asturias\",\"addressCountry\":\"ES\"}},{\"@type\":\"Person\",\"@id\":\"https:\\\/\\\/candas365.es\\\/noticias\\\/author\\\/admin\\\/#author\",\"url\":\"https:\\\/\\\/candas365.es\\\/noticias\\\/author\\\/admin\\\/\",\"name\":\"Cand\\u00e1s 365\",\"image\":{\"@type\":\"ImageObject\",\"@id\":\"https:\\\/\\\/candas365.es\\\/noticias\\\/carreno-se-moviliza-en-defensa-del-valle-de-abono\\\/#authorImage\",\"url\":\"https:\\\/\\\/secure.gravatar.com\\\/avatar\\\/496a8e03d0c493ede1718b7934145dbdf8d89be1036b0eec9544e1094c9de390?s=96&d=mm&r=g\",\"width\":96,\"height\":96,\"caption\":\"Cand\\u00e1s 365\"},\"sameAs\":[\"https:\\\/\\\/www.facebook.com\\\/carrenoactualidad\",\"https:\\\/\\\/twitter.com\\\/nbasturias\",\"https:\\\/\\\/www.instagram.com\\\/nachofdezber\\\/\",\"https:\\\/\\\/www.youtube.com\\\/channel\\\/UCZP-2wLEB9Rv6erhFmqVnvg\"]},{\"@type\":\"WebPage\",\"@id\":\"https:\\\/\\\/candas365.es\\\/noticias\\\/carreno-se-moviliza-en-defensa-del-valle-de-abono\\\/#webpage\",\"url\":\"https:\\\/\\\/candas365.es\\\/noticias\\\/carreno-se-moviliza-en-defensa-del-valle-de-abono\\\/\",\"name\":\"Carre\\u00f1o se moviliza en defensa del valle de Abo\\u00f1o | Cand\\u00e1s 365\",\"description\":\"Los vecinos de Carre\\u00f1o se han movilizado para recoger firmas en change.org en defensa del valle de Abo\\u00f1o, y son muchas personas las que nos han comentado que\",\"inLanguage\":\"es-ES\",\"isPartOf\":{\"@id\":\"https:\\\/\\\/candas365.es\\\/noticias\\\/#website\"},\"breadcrumb\":{\"@id\":\"https:\\\/\\\/candas365.es\\\/noticias\\\/carreno-se-moviliza-en-defensa-del-valle-de-abono\\\/#breadcrumblist\"},\"author\":{\"@id\":\"https:\\\/\\\/candas365.es\\\/noticias\\\/author\\\/admin\\\/#author\"},\"creator\":{\"@id\":\"https:\\\/\\\/candas365.es\\\/noticias\\\/author\\\/admin\\\/#author\"},\"image\":{\"@type\":\"ImageObject\",\"url\":\"https:\\\/\\\/candas365.es\\\/noticias\\\/wp-content\\\/uploads\\\/2024\\\/04\\\/Abono-Carreno.jpg\",\"@id\":\"https:\\\/\\\/candas365.es\\\/noticias\\\/carreno-se-moviliza-en-defensa-del-valle-de-abono\\\/#mainImage\",\"width\":600,\"height\":450,\"caption\":\"Foto: Archivo Cand\\u00e1s 365\"},\"primaryImageOfPage\":{\"@id\":\"https:\\\/\\\/candas365.es\\\/noticias\\\/carreno-se-moviliza-en-defensa-del-valle-de-abono\\\/#mainImage\"},\"datePublished\":\"2024-04-24T00:42:43+02:00\",\"dateModified\":\"2024-04-24T00:48:08+02:00\"},{\"@type\":\"WebSite\",\"@id\":\"https:\\\/\\\/candas365.es\\\/noticias\\\/#website\",\"url\":\"https:\\\/\\\/candas365.es\\\/noticias\\\/\",\"name\":\"Cand\\u00e1s 365\",\"alternateName\":\"Cand\\u00e1s 365 Noticias\",\"description\":\"Actualidad desde Carre\\u00f1o para el mundo\",\"inLanguage\":\"es-ES\",\"publisher\":{\"@id\":\"https:\\\/\\\/candas365.es\\\/noticias\\\/#organization\"}}]}\n\t\t<\/script>\n\t\t<!-- All in One SEO Pro -->\r\n\t\t<title>Carre\u00f1o se moviliza en defensa del valle de Abo\u00f1o | Cand\u00e1s 365<\/title>\n\n","aioseo_head_json":{"title":"Carre\u00f1o se moviliza en defensa del valle de Abo\u00f1o | Cand\u00e1s 365","description":"Los vecinos de Carre\u00f1o se han movilizado para recoger firmas en change.org en defensa del valle de Abo\u00f1o, y son muchas personas las que nos han comentado que","canonical_url":"https:\/\/candas365.es\/noticias\/carreno-se-moviliza-en-defensa-del-valle-de-abono\/","robots":"max-image-preview:large","keywords":"destacadas,noticias carre\u00f1o","webmasterTools":{"google-site-verification":"UA-32230408-1","msvalidate.01":"354F3CDFB2DA171B47FBE9ABF1F88D5","miscellaneous":""},"schema":{"@context":"https:\/\/schema.org","@graph":[{"@type":"BreadcrumbList","@id":"https:\/\/candas365.es\/noticias\/carreno-se-moviliza-en-defensa-del-valle-de-abono\/#breadcrumblist","itemListElement":[{"@type":"ListItem","@id":"https:\/\/candas365.es\/noticias#listItem","position":1,"name":"Home","item":"https:\/\/candas365.es\/noticias","nextItem":{"@type":"ListItem","@id":"https:\/\/candas365.es\/noticias\/category\/noticias-carreno\/#listItem","name":"Noticias Carre\u00f1o"}},{"@type":"ListItem","@id":"https:\/\/candas365.es\/noticias\/category\/noticias-carreno\/#listItem","position":2,"name":"Noticias Carre\u00f1o","item":"https:\/\/candas365.es\/noticias\/category\/noticias-carreno\/","nextItem":{"@type":"ListItem","@id":"https:\/\/candas365.es\/noticias\/carreno-se-moviliza-en-defensa-del-valle-de-abono\/#listItem","name":"Carre\u00f1o se moviliza en defensa del valle de Abo\u00f1o"},"previousItem":{"@type":"ListItem","@id":"https:\/\/candas365.es\/noticias#listItem","name":"Home"}},{"@type":"ListItem","@id":"https:\/\/candas365.es\/noticias\/carreno-se-moviliza-en-defensa-del-valle-de-abono\/#listItem","position":3,"name":"Carre\u00f1o se moviliza en defensa del valle de Abo\u00f1o","previousItem":{"@type":"ListItem","@id":"https:\/\/candas365.es\/noticias\/category\/noticias-carreno\/#listItem","name":"Noticias Carre\u00f1o"}}]},{"@type":"NewsArticle","@id":"https:\/\/candas365.es\/noticias\/carreno-se-moviliza-en-defensa-del-valle-de-abono\/#newsarticle","name":"Carre\u00f1o se moviliza en defensa del valle de Abo\u00f1o | Cand\u00e1s 365","headline":"Carre\u00f1o se moviliza en defensa del valle de Abo\u00f1o","author":{"@id":"https:\/\/candas365.es\/noticias\/author\/admin\/#author"},"publisher":{"@id":"https:\/\/candas365.es\/noticias\/#organization"},"image":{"@type":"ImageObject","url":"https:\/\/candas365.es\/noticias\/wp-content\/uploads\/2024\/04\/Abono-Carreno.jpg","width":600,"height":450,"caption":"Foto: Archivo Cand\u00e1s 365"},"datePublished":"2024-04-24T00:42:43+02:00","dateModified":"2024-04-24T00:48:08+02:00","inLanguage":"es-ES","mainEntityOfPage":{"@id":"https:\/\/candas365.es\/noticias\/carreno-se-moviliza-en-defensa-del-valle-de-abono\/#webpage"},"isPartOf":{"@id":"https:\/\/candas365.es\/noticias\/carreno-se-moviliza-en-defensa-del-valle-de-abono\/#webpage"},"articleSection":"Destacadas, Noticias Carre\u00f1o, Carre\u00f1o","dateline":"Publicado el abril 24, 2024."},{"@type":"Organization","@id":"https:\/\/candas365.es\/noticias\/#organization","name":"Cand\u00e1s 365","description":"Cand\u00e1s 365 es un diario digital independiente, fundado en 2012, con base en Asturias. Informamos con rigor sobre actualidad, sociedad, cultura y ocio, con una mirada local y global.","url":"https:\/\/candas365.es\/noticias\/","email":"info@candas365.es","telephone":"+34652131393","foundingDate":"2012-06-10","logo":{"@type":"ImageObject","url":"https:\/\/candas365.es\/noticias\/wp-content\/uploads\/2024\/09\/Candas-365-Redes.jpg","@id":"https:\/\/candas365.es\/noticias\/carreno-se-moviliza-en-defensa-del-valle-de-abono\/#organizationLogo","width":1152,"height":864,"caption":"Cand\u00e1s 365 Redes"},"image":{"@id":"https:\/\/candas365.es\/noticias\/carreno-se-moviliza-en-defensa-del-valle-de-abono\/#organizationLogo"},"sameAs":["https:\/\/www.facebook.com\/Nachofdezber","https:\/\/x.com\/NabercoDigital","https:\/\/www.instagram.com\/nachofdezber\/","https:\/\/www.youtube.com\/channel\/UCZP-2wLEB9Rv6erhFmqVnvg"],"address":{"@id":"https:\/\/candas365.es\/noticias\/#postaladdress","@type":"PostalAddress","streetAddress":"san antonio 4, san antonio 4","postalCode":"33430","addressLocality":"Cand\u00e1s","addressRegion":"Asturias","addressCountry":"ES"}},{"@type":"Person","@id":"https:\/\/candas365.es\/noticias\/author\/admin\/#author","url":"https:\/\/candas365.es\/noticias\/author\/admin\/","name":"Cand\u00e1s 365","image":{"@type":"ImageObject","@id":"https:\/\/candas365.es\/noticias\/carreno-se-moviliza-en-defensa-del-valle-de-abono\/#authorImage","url":"https:\/\/secure.gravatar.com\/avatar\/496a8e03d0c493ede1718b7934145dbdf8d89be1036b0eec9544e1094c9de390?s=96&d=mm&r=g","width":96,"height":96,"caption":"Cand\u00e1s 365"},"sameAs":["https:\/\/www.facebook.com\/carrenoactualidad","https:\/\/twitter.com\/nbasturias","https:\/\/www.instagram.com\/nachofdezber\/","https:\/\/www.youtube.com\/channel\/UCZP-2wLEB9Rv6erhFmqVnvg"]},{"@type":"WebPage","@id":"https:\/\/candas365.es\/noticias\/carreno-se-moviliza-en-defensa-del-valle-de-abono\/#webpage","url":"https:\/\/candas365.es\/noticias\/carreno-se-moviliza-en-defensa-del-valle-de-abono\/","name":"Carre\u00f1o se moviliza en defensa del valle de Abo\u00f1o | Cand\u00e1s 365","description":"Los vecinos de Carre\u00f1o se han movilizado para recoger firmas en change.org en defensa del valle de Abo\u00f1o, y son muchas personas las que nos han comentado que","inLanguage":"es-ES","isPartOf":{"@id":"https:\/\/candas365.es\/noticias\/#website"},"breadcrumb":{"@id":"https:\/\/candas365.es\/noticias\/carreno-se-moviliza-en-defensa-del-valle-de-abono\/#breadcrumblist"},"author":{"@id":"https:\/\/candas365.es\/noticias\/author\/admin\/#author"},"creator":{"@id":"https:\/\/candas365.es\/noticias\/author\/admin\/#author"},"image":{"@type":"ImageObject","url":"https:\/\/candas365.es\/noticias\/wp-content\/uploads\/2024\/04\/Abono-Carreno.jpg","@id":"https:\/\/candas365.es\/noticias\/carreno-se-moviliza-en-defensa-del-valle-de-abono\/#mainImage","width":600,"height":450,"caption":"Foto: Archivo Cand\u00e1s 365"},"primaryImageOfPage":{"@id":"https:\/\/candas365.es\/noticias\/carreno-se-moviliza-en-defensa-del-valle-de-abono\/#mainImage"},"datePublished":"2024-04-24T00:42:43+02:00","dateModified":"2024-04-24T00:48:08+02:00"},{"@type":"WebSite","@id":"https:\/\/candas365.es\/noticias\/#website","url":"https:\/\/candas365.es\/noticias\/","name":"Cand\u00e1s 365","alternateName":"Cand\u00e1s 365 Noticias","description":"Actualidad desde Carre\u00f1o para el mundo","inLanguage":"es-ES","publisher":{"@id":"https:\/\/candas365.es\/noticias\/#organization"}}]},"og:locale":"es_ES","og:site_name":"Cand\u00e1s 365","og:type":"article","og:title":"Carre\u00f1o se moviliza en defensa del valle de Abo\u00f1o | Cand\u00e1s 365","og:description":"Los vecinos de Carre\u00f1o se han movilizado para recoger firmas en change.org en defensa del valle de Abo\u00f1o, y son muchas personas las que nos han comentado que","og:url":"https:\/\/candas365.es\/noticias\/carreno-se-moviliza-en-defensa-del-valle-de-abono\/","og:image":"https:\/\/candas365.es\/noticias\/wp-content\/uploads\/2024\/04\/Abono-Carreno.jpg","og:image:secure_url":"https:\/\/candas365.es\/noticias\/wp-content\/uploads\/2024\/04\/Abono-Carreno.jpg","og:image:width":600,"og:image:height":450,"article:published_time":"2024-04-23T22:42:43+00:00","article:modified_time":"2024-04-23T22:48:08+00:00","article:publisher":"https:\/\/www.facebook.com\/Nachofdezber","article:author":"https:\/\/www.facebook.com\/carrenoactualidad","twitter:card":"summary_large_image","twitter:site":"@NabercoDigital","twitter:title":"Carre\u00f1o se moviliza en defensa del valle de Abo\u00f1o | Cand\u00e1s 365","twitter:description":"Los vecinos de Carre\u00f1o se han movilizado para recoger firmas en change.org en defensa del valle de Abo\u00f1o, y son muchas personas las que nos han comentado que","twitter:creator":"@nbasturias","twitter:image":"https:\/\/candas365.es\/noticias\/wp-content\/uploads\/2024\/04\/Abono-Carreno.jpg","twitter:label1":"Escrito por","twitter:data1":"Cand\u00e1s 365","twitter:label2":"Tiempo de lectura estimado","twitter:data2":"1 minuto"},"aioseo_meta_data":{"post_id":"180000","title":null,"description":"Los vecinos de Carre\u00f1o se han movilizado para recoger firmas en change.org en defensa del valle de Abo\u00f1o, y son muchas personas las que nos han comentado que","keywords":null,"keyphrases":{"focus":{"keyphrase":"Carre\u00f1o","score":85,"analysis":{"keyphraseInTitle":{"score":9,"maxScore":9,"error":0},"keyphraseInDescription":{"score":9,"maxScore":9,"error":0},"keyphraseLength":{"score":9,"maxScore":9,"error":0,"length":2},"keyphraseInURL":{"score":5,"maxScore":5,"error":0},"keyphraseInIntroduction":{"score":9,"maxScore":9,"error":0},"keyphraseInSubHeadings":[],"keyphraseInImageAlt":{"score":9,"maxScore":9,"error":0},"keywordDensity":{"type":"high","score":0,"maxScore":9,"error":1}}},"additional":[{"keyphrase":"Abo\u00f1o","score":100,"analysis":{"keyphraseInDescription":{"score":9,"maxScore":9,"error":0},"keyphraseLength":{"score":9,"maxScore":9,"error":0,"length":2},"keyphraseInIntroduction":{"score":9,"maxScore":9,"error":0},"keyphraseInImageAlt":{"score":9,"maxScore":9,"error":0},"keywordDensity":{"type":"best","score":9,"maxScore":9,"error":0}}}]},"primary_term":null,"canonical_url":null,"og_title":null,"og_description":null,"og_object_type":"default","og_image_type":"default","og_image_url":null,"og_image_width":null,"og_image_height":null,"og_image_custom_url":null,"og_image_custom_fields":null,"og_video":"","og_custom_url":null,"og_article_section":null,"og_article_tags":null,"twitter_use_og":false,"twitter_card":"default","twitter_image_type":"default","twitter_image_url":null,"twitter_image_custom_url":null,"twitter_image_custom_fields":null,"twitter_title":null,"twitter_description":null,"schema":{"blockGraphs":[],"customGraphs":[],"default":{"data":{"Article":[],"Course":[],"Dataset":[],"FAQPage":[],"Movie":[],"Person":[],"Product":[],"ProductReview":[],"Car":[],"Recipe":[],"Service":[],"SoftwareApplication":[],"WebPage":[]},"graphName":"Article","isEnabled":true},"graphs":[]},"schema_type":"default","schema_type_options":null,"pillar_content":false,"robots_default":true,"robots_noindex":false,"robots_noarchive":false,"robots_nosnippet":false,"robots_nofollow":false,"robots_noimageindex":false,"robots_noodp":false,"robots_notranslate":false,"robots_max_snippet":"-1","robots_max_videopreview":"-1","robots_max_imagepreview":"large","priority":null,"frequency":"default","location":null,"local_seo":null,"seo_analyzer_scan_date":"2025-09-02 07:41:03","breadcrumb_settings":null,"limit_modified_date":false,"reviewed_by":null,"open_ai":"{\"title\":{\"suggestions\":[],\"usage\":0},\"description\":{\"suggestions\":[],\"usage\":0}}","ai":null,"created":"2024-04-23 22:32:26","updated":"2025-09-02 07:41:03"},"aioseo_breadcrumb":"<div class=\"aioseo-breadcrumbs\"><span class=\"aioseo-breadcrumb\">\n\t<a href=\"https:\/\/candas365.es\/noticias\" title=\"Home\">Home<\/a>\n<\/span><span class=\"aioseo-breadcrumb-separator\">&ndash;<\/span><span class=\"aioseo-breadcrumb\">\n\t<a href=\"https:\/\/candas365.es\/noticias\/category\/noticias-carreno\/\" title=\"Noticias Carre\u00f1o\">Noticias Carre\u00f1o<\/a>\n<\/span><span class=\"aioseo-breadcrumb-separator\">&ndash;<\/span><span class=\"aioseo-breadcrumb\">\n\tCarre\u00f1o se moviliza en defensa del valle de Abo\u00f1o\n<\/span><\/div>","aioseo_breadcrumb_json":[{"label":"Home","link":"https:\/\/candas365.es\/noticias"},{"label":"Noticias Carre\u00f1o","link":"https:\/\/candas365.es\/noticias\/category\/noticias-carreno\/"},{"label":"Carre\u00f1o se moviliza en defensa del valle de Abo\u00f1o","link":"https:\/\/candas365.es\/noticias\/carreno-se-moviliza-en-defensa-del-valle-de-abono\/"}],"_links":{"self":[{"href":"https:\/\/candas365.es\/noticias\/wp-json\/wp\/v2\/posts\/180000","targetHints":{"allow":["GET"]}}],"collection":[{"href":"https:\/\/candas365.es\/noticias\/wp-json\/wp\/v2\/posts"}],"about":[{"href":"https:\/\/candas365.es\/noticias\/wp-json\/wp\/v2\/types\/post"}],"author":[{"embeddable":true,"href":"https:\/\/candas365.es\/noticias\/wp-json\/wp\/v2\/users\/1"}],"replies":[{"embeddable":true,"href":"https:\/\/candas365.es\/noticias\/wp-json\/wp\/v2\/comments?post=180000"}],"version-history":[{"count":0,"href":"https:\/\/candas365.es\/noticias\/wp-json\/wp\/v2\/posts\/180000\/revisions"}],"wp:featuredmedia":[{"embeddable":true,"href":"https:\/\/candas365.es\/noticias\/wp-json\/wp\/v2\/media\/180001"}],"wp:attachment":[{"href":"https:\/\/candas365.es\/noticias\/wp-json\/wp\/v2\/media?parent=180000"}],"wp:term":[{"taxonomy":"category","embeddable":true,"href":"https:\/\/candas365.es\/noticias\/wp-json\/wp\/v2\/categories?post=180000"},{"taxonomy":"post_tag","embeddable":true,"href":"https:\/\/candas365.es\/noticias\/wp-json\/wp\/v2\/tags?post=180000"}],"curies":[{"name":"wp","href":"https:\/\/api.w.org\/{rel}","templated":true}]}}