{"id":179956,"date":"2024-04-23T14:25:19","date_gmt":"2024-04-23T12:25:19","guid":{"rendered":"https:\/\/candas365.es\/noticias\/?p=179956"},"modified":"2024-04-23T14:25:19","modified_gmt":"2024-04-23T12:25:19","slug":"nueva-exposicion-en-la-llotja-de-palma","status":"publish","type":"post","link":"https:\/\/candas365.es\/noticias\/nueva-exposicion-en-la-llotja-de-palma\/","title":{"rendered":"Nueva exposici\u00f3n en La Llotja de Palma"},"content":{"rendered":"<p>La Llotja de Palma ofrecer\u00e1 a sus visitantes la opci\u00f3n de disfrutar de la obra del artista brit\u00e1nico Julian Opie desde el <strong>26 de abril y hasta el pr\u00f3ximo 31 de agosto<\/strong> en una <a href=\"https:\/\/candas365.es\/noticias\/category\/agenda\/\"><span style=\"color: #ff6600;\"><strong>exposici\u00f3n<\/strong><\/span><\/a> que promete cautivar al p\u00fablico con su innovadora propuesta.<\/p>\n<figure id=\"attachment_179957\" aria-describedby=\"caption-attachment-179957\" style=\"width: 650px\" class=\"wp-caption aligncenter\"><img fetchpriority=\"high\" decoding=\"async\" class=\"size-large wp-image-179957\" src=\"https:\/\/candas365.es\/noticias\/wp-content\/uploads\/2024\/04\/Exposicion-en-La-Llotja-de-Palma-650x362.jpg\" alt=\"Exposici\u00f3n en La Llotja de Palma\" width=\"650\" height=\"362\" srcset=\"https:\/\/candas365.es\/noticias\/wp-content\/uploads\/2024\/04\/Exposicion-en-La-Llotja-de-Palma-650x362.jpg 650w, https:\/\/candas365.es\/noticias\/wp-content\/uploads\/2024\/04\/Exposicion-en-La-Llotja-de-Palma-360x201.jpg 360w, https:\/\/candas365.es\/noticias\/wp-content\/uploads\/2024\/04\/Exposicion-en-La-Llotja-de-Palma-768x428.jpg 768w, https:\/\/candas365.es\/noticias\/wp-content\/uploads\/2024\/04\/Exposicion-en-La-Llotja-de-Palma-150x84.jpg 150w, https:\/\/candas365.es\/noticias\/wp-content\/uploads\/2024\/04\/Exposicion-en-La-Llotja-de-Palma-450x251.jpg 450w, https:\/\/candas365.es\/noticias\/wp-content\/uploads\/2024\/04\/Exposicion-en-La-Llotja-de-Palma.jpg 1115w\" sizes=\"(max-width: 650px) 100vw, 650px\" \/><figcaption id=\"caption-attachment-179957\" class=\"wp-caption-text\">FOTO: SERVIMEDIA<\/figcaption><\/figure>\n<p>Los amantes del arte contempor\u00e1neo tendr\u00e1n la oportunidad de sumergirse en el universo creativo de Opie, cuyas obras abarcar\u00e1n diversos espacios dentro y fuera del hist\u00f3rico edificio.<\/p>\n<p>Opie es un artista reconocido por su distintivo lenguaje formal que desaf\u00eda los l\u00edmites de la representaci\u00f3n visual y que ha concebido esta exposici\u00f3n como una intervenci\u00f3n que dialoga armoniosamente con la arquitectura de La Llotja. Un total de 12 obras cuidadosamente seleccionadas por el propio artista se alinear\u00e1n con la geometr\u00eda interior del edificio, reflejando los temas recurrentes en su obra, como la figura en movimiento, el rostro humano y la arquitectura contempor\u00e1nea.<\/p>\n<p>El proyecto de Opie no se limita al interior de La Llotja; dos imponentes esculturas de acero dominar\u00e1n la plaza circundante, mientras que en los Passeig Sagrera y del Born, sus conocidas esculturas animadas con LED interactuar\u00e1n con los transe\u00fantes. Adem\u00e1s, el Casal Solleric albergar\u00e1 una instalaci\u00f3n a gran escala y una animaci\u00f3n LCD, que ser\u00e1 visible desde la calle, completando as\u00ed una experiencia art\u00edstica que se extiende m\u00e1s all\u00e1 de los l\u00edmites del recinto.<\/p>\n<h2>COMPROMISO DE PROHENS CON LA CULTURA<\/h2>\n<p>La exposici\u00f3n ha sido organizada por el Govern de les Islas Baleares en colaboraci\u00f3n con el Ajuntamiento de Palma y la galer\u00eda Mario Sequeira, que representa al artista en Portugal. Un ambicioso proyecto que se enmarca dentro del compromiso de la presidenta balear, Marga Prohens, con el Consistorio para consolidar La Llotja y la ciudad de Palma como destinos destacados en el panorama internacional del arte contempor\u00e1neo y de la cultura.<\/p>\n<p>Prohens pretende enriquecer el tejido cultural de la regi\u00f3n a trav\u00e9s de iniciativas como esta y desarrollar en el archipi\u00e9lago un programa permanente de exposiciones de artistas reconocidos mundialmente.<\/p>\n<p>La exposici\u00f3n ser\u00e1 la segunda que acoge La Llotja desde junio de 2023, tras la del portugu\u00e9s Pedro Cabrita Reis, que ha recibido m\u00e1s de 200.000 visitas. Ahora, el p\u00fablico local e internacional de Mallorca podr\u00e1 disfrutar del talento del artista londinense cuyas obras han sido exhibidas anteriormente en destacados museos y espacios p\u00fablicos de todo el mundo, consolid\u00e1ndose en colecciones prestigiosas como la Tate Modern de Londres o el MoMA de Nueva York.<\/p>\n<p>En palabras de Opie, \u201cun espacio tan hermoso como La Llotja no necesita nada ma\u0301s y, sin embargo, el desafi\u0301o es llenarlo de arte sin perturbar el equilibrio y el ambiente del interior. Como suelo hacer, he intentado extender las obras ma\u0301s alla\u0301 del lugar y hacia la ciudad ampliando la discusio\u0301n sobre retratos y monumentos, el lenguaje del dibujo y el proceso de reconocer e interpretar ima\u0301genes\u00bb.<\/p>\n<p>(<a href=\"https:\/\/www.servimedia.es\/\" target=\"_blank\" rel=\"noopener\"><span style=\"color: #ff6600;\"><strong>SERVIMEDIA<\/strong><\/span><\/a>)<\/p>\n","protected":false},"excerpt":{"rendered":"<p>La Llotja de Palma ofrecer\u00e1 a sus visitantes la opci\u00f3n de disfrutar de la obra del artista brit\u00e1nico Julian Opie desde el 26 de abril y hasta el pr\u00f3ximo 31 de agosto en una exposici\u00f3n que promete cautivar al p\u00fablico con su innovadora propuesta. Los amantes del arte contempor\u00e1neo tendr\u00e1n la oportunidad de sumergirse en<\/p>\n","protected":false},"author":1,"featured_media":179957,"comment_status":"closed","ping_status":"closed","sticky":false,"template":"","format":"standard","meta":{"footnotes":""},"categories":[1],"tags":[468,430],"class_list":{"0":"post-179956","1":"post","2":"type-post","3":"status-publish","4":"format-standard","5":"has-post-thumbnail","7":"category-agenda","8":"tag-agenda","9":"tag-cultura"},"aioseo_notices":[],"aioseo_head":"\n\t\t<!-- All in One SEO Pro 4.9.6.2 - aioseo.com -->\n\t<meta name=\"description\" content=\"La Llotja de Palma ofrecer\u00e1 a sus visitantes la opci\u00f3n de disfrutar de la obra del artista brit\u00e1nico Julian Opie desde el 26 de abril y hasta el pr\u00f3ximo 31\" \/>\n\t<meta name=\"robots\" content=\"max-image-preview:large\" \/>\n\t<meta name=\"author\" content=\"Cand\u00e1s 365\"\/>\n\t<meta name=\"google-site-verification\" content=\"UA-32230408-1\" \/>\n\t<meta name=\"msvalidate.01\" content=\"354F3CDFB2DA171B47FBE9ABF1F88D5\" \/>\n\t<meta name=\"keywords\" content=\"agenda\" \/>\n\t<link rel=\"canonical\" href=\"https:\/\/candas365.es\/noticias\/nueva-exposicion-en-la-llotja-de-palma\/\" \/>\n\t<meta name=\"generator\" content=\"All in One SEO Pro (AIOSEO) 4.9.6.2\" \/>\n\t\t<meta property=\"og:locale\" content=\"es_ES\" \/>\n\t\t<meta property=\"og:site_name\" content=\"Cand\u00e1s 365\" \/>\n\t\t<meta property=\"og:type\" content=\"article\" \/>\n\t\t<meta property=\"og:title\" content=\"Nueva exposici\u00f3n en La Llotja de Palma | Cand\u00e1s 365\" \/>\n\t\t<meta property=\"og:description\" content=\"La Llotja de Palma ofrecer\u00e1 a sus visitantes la opci\u00f3n de disfrutar de la obra del artista brit\u00e1nico Julian Opie desde el 26 de abril y hasta el pr\u00f3ximo 31\" \/>\n\t\t<meta property=\"og:url\" content=\"https:\/\/candas365.es\/noticias\/nueva-exposicion-en-la-llotja-de-palma\/\" \/>\n\t\t<meta property=\"og:image\" content=\"https:\/\/candas365.es\/noticias\/wp-content\/uploads\/2024\/04\/Exposicion-en-La-Llotja-de-Palma.jpg\" \/>\n\t\t<meta property=\"og:image:secure_url\" content=\"https:\/\/candas365.es\/noticias\/wp-content\/uploads\/2024\/04\/Exposicion-en-La-Llotja-de-Palma.jpg\" \/>\n\t\t<meta property=\"og:image:width\" content=\"1115\" \/>\n\t\t<meta property=\"og:image:height\" content=\"621\" \/>\n\t\t<meta property=\"article:published_time\" content=\"2024-04-23T12:25:19+00:00\" \/>\n\t\t<meta property=\"article:modified_time\" content=\"2024-04-23T12:25:19+00:00\" \/>\n\t\t<meta property=\"article:publisher\" content=\"https:\/\/www.facebook.com\/Nachofdezber\" \/>\n\t\t<meta property=\"article:author\" content=\"https:\/\/www.facebook.com\/carrenoactualidad\" \/>\n\t\t<meta name=\"twitter:card\" content=\"summary_large_image\" \/>\n\t\t<meta name=\"twitter:site\" content=\"@NabercoDigital\" \/>\n\t\t<meta name=\"twitter:title\" content=\"Nueva exposici\u00f3n en La Llotja de Palma | Cand\u00e1s 365\" \/>\n\t\t<meta name=\"twitter:description\" content=\"La Llotja de Palma ofrecer\u00e1 a sus visitantes la opci\u00f3n de disfrutar de la obra del artista brit\u00e1nico Julian Opie desde el 26 de abril y hasta el pr\u00f3ximo 31\" \/>\n\t\t<meta name=\"twitter:creator\" content=\"@nbasturias\" \/>\n\t\t<meta name=\"twitter:image\" content=\"https:\/\/candas365.es\/noticias\/wp-content\/uploads\/2024\/04\/Exposicion-en-La-Llotja-de-Palma.jpg\" \/>\n\t\t<meta name=\"twitter:label1\" content=\"Escrito por\" \/>\n\t\t<meta name=\"twitter:data1\" content=\"Cand\u00e1s 365\" \/>\n\t\t<meta name=\"twitter:label2\" content=\"Tiempo de lectura estimado\" \/>\n\t\t<meta name=\"twitter:data2\" content=\"3 minutos\" \/>\n\t\t<script type=\"application\/ld+json\" class=\"aioseo-schema\">\n\t\t\t{\"@context\":\"https:\\\/\\\/schema.org\",\"@graph\":[{\"@type\":\"BreadcrumbList\",\"@id\":\"https:\\\/\\\/candas365.es\\\/noticias\\\/nueva-exposicion-en-la-llotja-de-palma\\\/#breadcrumblist\",\"itemListElement\":[{\"@type\":\"ListItem\",\"@id\":\"https:\\\/\\\/candas365.es\\\/noticias#listItem\",\"position\":1,\"name\":\"Home\",\"item\":\"https:\\\/\\\/candas365.es\\\/noticias\",\"nextItem\":{\"@type\":\"ListItem\",\"@id\":\"https:\\\/\\\/candas365.es\\\/noticias\\\/category\\\/agenda\\\/#listItem\",\"name\":\"Agenda\"}},{\"@type\":\"ListItem\",\"@id\":\"https:\\\/\\\/candas365.es\\\/noticias\\\/category\\\/agenda\\\/#listItem\",\"position\":2,\"name\":\"Agenda\",\"item\":\"https:\\\/\\\/candas365.es\\\/noticias\\\/category\\\/agenda\\\/\",\"nextItem\":{\"@type\":\"ListItem\",\"@id\":\"https:\\\/\\\/candas365.es\\\/noticias\\\/nueva-exposicion-en-la-llotja-de-palma\\\/#listItem\",\"name\":\"Nueva exposici\\u00f3n en La Llotja de Palma\"},\"previousItem\":{\"@type\":\"ListItem\",\"@id\":\"https:\\\/\\\/candas365.es\\\/noticias#listItem\",\"name\":\"Home\"}},{\"@type\":\"ListItem\",\"@id\":\"https:\\\/\\\/candas365.es\\\/noticias\\\/nueva-exposicion-en-la-llotja-de-palma\\\/#listItem\",\"position\":3,\"name\":\"Nueva exposici\\u00f3n en La Llotja de Palma\",\"previousItem\":{\"@type\":\"ListItem\",\"@id\":\"https:\\\/\\\/candas365.es\\\/noticias\\\/category\\\/agenda\\\/#listItem\",\"name\":\"Agenda\"}}]},{\"@type\":\"NewsArticle\",\"@id\":\"https:\\\/\\\/candas365.es\\\/noticias\\\/nueva-exposicion-en-la-llotja-de-palma\\\/#newsarticle\",\"name\":\"Nueva exposici\\u00f3n en La Llotja de Palma | Cand\\u00e1s 365\",\"headline\":\"Nueva exposici\\u00f3n en La Llotja de Palma\",\"author\":{\"@id\":\"https:\\\/\\\/candas365.es\\\/noticias\\\/author\\\/admin\\\/#author\"},\"publisher\":{\"@id\":\"https:\\\/\\\/candas365.es\\\/noticias\\\/#organization\"},\"image\":{\"@type\":\"ImageObject\",\"url\":\"https:\\\/\\\/candas365.es\\\/noticias\\\/wp-content\\\/uploads\\\/2024\\\/04\\\/Exposicion-en-La-Llotja-de-Palma.jpg\",\"width\":1115,\"height\":621,\"caption\":\"FOTO: SERVIMEDIA\"},\"datePublished\":\"2024-04-23T14:25:19+02:00\",\"dateModified\":\"2024-04-23T14:25:19+02:00\",\"inLanguage\":\"es-ES\",\"mainEntityOfPage\":{\"@id\":\"https:\\\/\\\/candas365.es\\\/noticias\\\/nueva-exposicion-en-la-llotja-de-palma\\\/#webpage\"},\"isPartOf\":{\"@id\":\"https:\\\/\\\/candas365.es\\\/noticias\\\/nueva-exposicion-en-la-llotja-de-palma\\\/#webpage\"},\"articleSection\":\"Agenda, agenda, cultura\",\"dateline\":\"Publicado el abril 23, 2024.\"},{\"@type\":\"Organization\",\"@id\":\"https:\\\/\\\/candas365.es\\\/noticias\\\/#organization\",\"name\":\"Cand\\u00e1s 365\",\"description\":\"Cand\\u00e1s 365 es un diario digital independiente, fundado en 2012, con base en Asturias. Informamos con rigor sobre actualidad, sociedad, cultura y ocio, con una mirada local y global.\",\"url\":\"https:\\\/\\\/candas365.es\\\/noticias\\\/\",\"email\":\"info@candas365.es\",\"telephone\":\"+34652131393\",\"foundingDate\":\"2012-06-10\",\"logo\":{\"@type\":\"ImageObject\",\"url\":\"https:\\\/\\\/candas365.es\\\/noticias\\\/wp-content\\\/uploads\\\/2024\\\/09\\\/Candas-365-Redes.jpg\",\"@id\":\"https:\\\/\\\/candas365.es\\\/noticias\\\/nueva-exposicion-en-la-llotja-de-palma\\\/#organizationLogo\",\"width\":1152,\"height\":864,\"caption\":\"Cand\\u00e1s 365 Redes\"},\"image\":{\"@id\":\"https:\\\/\\\/candas365.es\\\/noticias\\\/nueva-exposicion-en-la-llotja-de-palma\\\/#organizationLogo\"},\"sameAs\":[\"https:\\\/\\\/www.facebook.com\\\/Nachofdezber\",\"https:\\\/\\\/x.com\\\/NabercoDigital\",\"https:\\\/\\\/www.instagram.com\\\/nachofdezber\\\/\",\"https:\\\/\\\/www.youtube.com\\\/channel\\\/UCZP-2wLEB9Rv6erhFmqVnvg\"],\"address\":{\"@id\":\"https:\\\/\\\/candas365.es\\\/noticias\\\/#postaladdress\",\"@type\":\"PostalAddress\",\"streetAddress\":\"san antonio 4, san antonio 4\",\"postalCode\":\"33430\",\"addressLocality\":\"Cand\\u00e1s\",\"addressRegion\":\"Asturias\",\"addressCountry\":\"ES\"}},{\"@type\":\"Person\",\"@id\":\"https:\\\/\\\/candas365.es\\\/noticias\\\/author\\\/admin\\\/#author\",\"url\":\"https:\\\/\\\/candas365.es\\\/noticias\\\/author\\\/admin\\\/\",\"name\":\"Cand\\u00e1s 365\",\"image\":{\"@type\":\"ImageObject\",\"@id\":\"https:\\\/\\\/candas365.es\\\/noticias\\\/nueva-exposicion-en-la-llotja-de-palma\\\/#authorImage\",\"url\":\"https:\\\/\\\/secure.gravatar.com\\\/avatar\\\/496a8e03d0c493ede1718b7934145dbdf8d89be1036b0eec9544e1094c9de390?s=96&d=mm&r=g\",\"width\":96,\"height\":96,\"caption\":\"Cand\\u00e1s 365\"},\"sameAs\":[\"https:\\\/\\\/www.facebook.com\\\/carrenoactualidad\",\"https:\\\/\\\/twitter.com\\\/nbasturias\",\"https:\\\/\\\/www.instagram.com\\\/nachofdezber\\\/\",\"https:\\\/\\\/www.youtube.com\\\/channel\\\/UCZP-2wLEB9Rv6erhFmqVnvg\"]},{\"@type\":\"WebPage\",\"@id\":\"https:\\\/\\\/candas365.es\\\/noticias\\\/nueva-exposicion-en-la-llotja-de-palma\\\/#webpage\",\"url\":\"https:\\\/\\\/candas365.es\\\/noticias\\\/nueva-exposicion-en-la-llotja-de-palma\\\/\",\"name\":\"Nueva exposici\\u00f3n en La Llotja de Palma | Cand\\u00e1s 365\",\"description\":\"La Llotja de Palma ofrecer\\u00e1 a sus visitantes la opci\\u00f3n de disfrutar de la obra del artista brit\\u00e1nico Julian Opie desde el 26 de abril y hasta el pr\\u00f3ximo 31\",\"inLanguage\":\"es-ES\",\"isPartOf\":{\"@id\":\"https:\\\/\\\/candas365.es\\\/noticias\\\/#website\"},\"breadcrumb\":{\"@id\":\"https:\\\/\\\/candas365.es\\\/noticias\\\/nueva-exposicion-en-la-llotja-de-palma\\\/#breadcrumblist\"},\"author\":{\"@id\":\"https:\\\/\\\/candas365.es\\\/noticias\\\/author\\\/admin\\\/#author\"},\"creator\":{\"@id\":\"https:\\\/\\\/candas365.es\\\/noticias\\\/author\\\/admin\\\/#author\"},\"image\":{\"@type\":\"ImageObject\",\"url\":\"https:\\\/\\\/candas365.es\\\/noticias\\\/wp-content\\\/uploads\\\/2024\\\/04\\\/Exposicion-en-La-Llotja-de-Palma.jpg\",\"@id\":\"https:\\\/\\\/candas365.es\\\/noticias\\\/nueva-exposicion-en-la-llotja-de-palma\\\/#mainImage\",\"width\":1115,\"height\":621,\"caption\":\"FOTO: SERVIMEDIA\"},\"primaryImageOfPage\":{\"@id\":\"https:\\\/\\\/candas365.es\\\/noticias\\\/nueva-exposicion-en-la-llotja-de-palma\\\/#mainImage\"},\"datePublished\":\"2024-04-23T14:25:19+02:00\",\"dateModified\":\"2024-04-23T14:25:19+02:00\"},{\"@type\":\"WebSite\",\"@id\":\"https:\\\/\\\/candas365.es\\\/noticias\\\/#website\",\"url\":\"https:\\\/\\\/candas365.es\\\/noticias\\\/\",\"name\":\"Cand\\u00e1s 365\",\"alternateName\":\"Cand\\u00e1s 365 Noticias\",\"description\":\"Actualidad desde Carre\\u00f1o para el mundo\",\"inLanguage\":\"es-ES\",\"publisher\":{\"@id\":\"https:\\\/\\\/candas365.es\\\/noticias\\\/#organization\"}}]}\n\t\t<\/script>\n\t\t<!-- All in One SEO Pro -->\r\n\t\t<title>Nueva exposici\u00f3n en La Llotja de Palma | Cand\u00e1s 365<\/title>\n\n","aioseo_head_json":{"title":"Nueva exposici\u00f3n en La Llotja de Palma | Cand\u00e1s 365","description":"La Llotja de Palma ofrecer\u00e1 a sus visitantes la opci\u00f3n de disfrutar de la obra del artista brit\u00e1nico Julian Opie desde el 26 de abril y hasta el pr\u00f3ximo 31","canonical_url":"https:\/\/candas365.es\/noticias\/nueva-exposicion-en-la-llotja-de-palma\/","robots":"max-image-preview:large","keywords":"agenda","webmasterTools":{"google-site-verification":"UA-32230408-1","msvalidate.01":"354F3CDFB2DA171B47FBE9ABF1F88D5","miscellaneous":""},"schema":{"@context":"https:\/\/schema.org","@graph":[{"@type":"BreadcrumbList","@id":"https:\/\/candas365.es\/noticias\/nueva-exposicion-en-la-llotja-de-palma\/#breadcrumblist","itemListElement":[{"@type":"ListItem","@id":"https:\/\/candas365.es\/noticias#listItem","position":1,"name":"Home","item":"https:\/\/candas365.es\/noticias","nextItem":{"@type":"ListItem","@id":"https:\/\/candas365.es\/noticias\/category\/agenda\/#listItem","name":"Agenda"}},{"@type":"ListItem","@id":"https:\/\/candas365.es\/noticias\/category\/agenda\/#listItem","position":2,"name":"Agenda","item":"https:\/\/candas365.es\/noticias\/category\/agenda\/","nextItem":{"@type":"ListItem","@id":"https:\/\/candas365.es\/noticias\/nueva-exposicion-en-la-llotja-de-palma\/#listItem","name":"Nueva exposici\u00f3n en La Llotja de Palma"},"previousItem":{"@type":"ListItem","@id":"https:\/\/candas365.es\/noticias#listItem","name":"Home"}},{"@type":"ListItem","@id":"https:\/\/candas365.es\/noticias\/nueva-exposicion-en-la-llotja-de-palma\/#listItem","position":3,"name":"Nueva exposici\u00f3n en La Llotja de Palma","previousItem":{"@type":"ListItem","@id":"https:\/\/candas365.es\/noticias\/category\/agenda\/#listItem","name":"Agenda"}}]},{"@type":"NewsArticle","@id":"https:\/\/candas365.es\/noticias\/nueva-exposicion-en-la-llotja-de-palma\/#newsarticle","name":"Nueva exposici\u00f3n en La Llotja de Palma | Cand\u00e1s 365","headline":"Nueva exposici\u00f3n en La Llotja de Palma","author":{"@id":"https:\/\/candas365.es\/noticias\/author\/admin\/#author"},"publisher":{"@id":"https:\/\/candas365.es\/noticias\/#organization"},"image":{"@type":"ImageObject","url":"https:\/\/candas365.es\/noticias\/wp-content\/uploads\/2024\/04\/Exposicion-en-La-Llotja-de-Palma.jpg","width":1115,"height":621,"caption":"FOTO: SERVIMEDIA"},"datePublished":"2024-04-23T14:25:19+02:00","dateModified":"2024-04-23T14:25:19+02:00","inLanguage":"es-ES","mainEntityOfPage":{"@id":"https:\/\/candas365.es\/noticias\/nueva-exposicion-en-la-llotja-de-palma\/#webpage"},"isPartOf":{"@id":"https:\/\/candas365.es\/noticias\/nueva-exposicion-en-la-llotja-de-palma\/#webpage"},"articleSection":"Agenda, agenda, cultura","dateline":"Publicado el abril 23, 2024."},{"@type":"Organization","@id":"https:\/\/candas365.es\/noticias\/#organization","name":"Cand\u00e1s 365","description":"Cand\u00e1s 365 es un diario digital independiente, fundado en 2012, con base en Asturias. Informamos con rigor sobre actualidad, sociedad, cultura y ocio, con una mirada local y global.","url":"https:\/\/candas365.es\/noticias\/","email":"info@candas365.es","telephone":"+34652131393","foundingDate":"2012-06-10","logo":{"@type":"ImageObject","url":"https:\/\/candas365.es\/noticias\/wp-content\/uploads\/2024\/09\/Candas-365-Redes.jpg","@id":"https:\/\/candas365.es\/noticias\/nueva-exposicion-en-la-llotja-de-palma\/#organizationLogo","width":1152,"height":864,"caption":"Cand\u00e1s 365 Redes"},"image":{"@id":"https:\/\/candas365.es\/noticias\/nueva-exposicion-en-la-llotja-de-palma\/#organizationLogo"},"sameAs":["https:\/\/www.facebook.com\/Nachofdezber","https:\/\/x.com\/NabercoDigital","https:\/\/www.instagram.com\/nachofdezber\/","https:\/\/www.youtube.com\/channel\/UCZP-2wLEB9Rv6erhFmqVnvg"],"address":{"@id":"https:\/\/candas365.es\/noticias\/#postaladdress","@type":"PostalAddress","streetAddress":"san antonio 4, san antonio 4","postalCode":"33430","addressLocality":"Cand\u00e1s","addressRegion":"Asturias","addressCountry":"ES"}},{"@type":"Person","@id":"https:\/\/candas365.es\/noticias\/author\/admin\/#author","url":"https:\/\/candas365.es\/noticias\/author\/admin\/","name":"Cand\u00e1s 365","image":{"@type":"ImageObject","@id":"https:\/\/candas365.es\/noticias\/nueva-exposicion-en-la-llotja-de-palma\/#authorImage","url":"https:\/\/secure.gravatar.com\/avatar\/496a8e03d0c493ede1718b7934145dbdf8d89be1036b0eec9544e1094c9de390?s=96&d=mm&r=g","width":96,"height":96,"caption":"Cand\u00e1s 365"},"sameAs":["https:\/\/www.facebook.com\/carrenoactualidad","https:\/\/twitter.com\/nbasturias","https:\/\/www.instagram.com\/nachofdezber\/","https:\/\/www.youtube.com\/channel\/UCZP-2wLEB9Rv6erhFmqVnvg"]},{"@type":"WebPage","@id":"https:\/\/candas365.es\/noticias\/nueva-exposicion-en-la-llotja-de-palma\/#webpage","url":"https:\/\/candas365.es\/noticias\/nueva-exposicion-en-la-llotja-de-palma\/","name":"Nueva exposici\u00f3n en La Llotja de Palma | Cand\u00e1s 365","description":"La Llotja de Palma ofrecer\u00e1 a sus visitantes la opci\u00f3n de disfrutar de la obra del artista brit\u00e1nico Julian Opie desde el 26 de abril y hasta el pr\u00f3ximo 31","inLanguage":"es-ES","isPartOf":{"@id":"https:\/\/candas365.es\/noticias\/#website"},"breadcrumb":{"@id":"https:\/\/candas365.es\/noticias\/nueva-exposicion-en-la-llotja-de-palma\/#breadcrumblist"},"author":{"@id":"https:\/\/candas365.es\/noticias\/author\/admin\/#author"},"creator":{"@id":"https:\/\/candas365.es\/noticias\/author\/admin\/#author"},"image":{"@type":"ImageObject","url":"https:\/\/candas365.es\/noticias\/wp-content\/uploads\/2024\/04\/Exposicion-en-La-Llotja-de-Palma.jpg","@id":"https:\/\/candas365.es\/noticias\/nueva-exposicion-en-la-llotja-de-palma\/#mainImage","width":1115,"height":621,"caption":"FOTO: SERVIMEDIA"},"primaryImageOfPage":{"@id":"https:\/\/candas365.es\/noticias\/nueva-exposicion-en-la-llotja-de-palma\/#mainImage"},"datePublished":"2024-04-23T14:25:19+02:00","dateModified":"2024-04-23T14:25:19+02:00"},{"@type":"WebSite","@id":"https:\/\/candas365.es\/noticias\/#website","url":"https:\/\/candas365.es\/noticias\/","name":"Cand\u00e1s 365","alternateName":"Cand\u00e1s 365 Noticias","description":"Actualidad desde Carre\u00f1o para el mundo","inLanguage":"es-ES","publisher":{"@id":"https:\/\/candas365.es\/noticias\/#organization"}}]},"og:locale":"es_ES","og:site_name":"Cand\u00e1s 365","og:type":"article","og:title":"Nueva exposici\u00f3n en La Llotja de Palma | Cand\u00e1s 365","og:description":"La Llotja de Palma ofrecer\u00e1 a sus visitantes la opci\u00f3n de disfrutar de la obra del artista brit\u00e1nico Julian Opie desde el 26 de abril y hasta el pr\u00f3ximo 31","og:url":"https:\/\/candas365.es\/noticias\/nueva-exposicion-en-la-llotja-de-palma\/","og:image":"https:\/\/candas365.es\/noticias\/wp-content\/uploads\/2024\/04\/Exposicion-en-La-Llotja-de-Palma.jpg","og:image:secure_url":"https:\/\/candas365.es\/noticias\/wp-content\/uploads\/2024\/04\/Exposicion-en-La-Llotja-de-Palma.jpg","og:image:width":1115,"og:image:height":621,"article:published_time":"2024-04-23T12:25:19+00:00","article:modified_time":"2024-04-23T12:25:19+00:00","article:publisher":"https:\/\/www.facebook.com\/Nachofdezber","article:author":"https:\/\/www.facebook.com\/carrenoactualidad","twitter:card":"summary_large_image","twitter:site":"@NabercoDigital","twitter:title":"Nueva exposici\u00f3n en La Llotja de Palma | Cand\u00e1s 365","twitter:description":"La Llotja de Palma ofrecer\u00e1 a sus visitantes la opci\u00f3n de disfrutar de la obra del artista brit\u00e1nico Julian Opie desde el 26 de abril y hasta el pr\u00f3ximo 31","twitter:creator":"@nbasturias","twitter:image":"https:\/\/candas365.es\/noticias\/wp-content\/uploads\/2024\/04\/Exposicion-en-La-Llotja-de-Palma.jpg","twitter:label1":"Escrito por","twitter:data1":"Cand\u00e1s 365","twitter:label2":"Tiempo de lectura estimado","twitter:data2":"3 minutos"},"aioseo_meta_data":{"post_id":"179956","title":null,"description":"La Llotja de Palma ofrecer\u00e1 a sus visitantes la opci\u00f3n de disfrutar de la obra del artista brit\u00e1nico Julian Opie desde el 26 de abril y hasta el pr\u00f3ximo 31","keywords":null,"keyphrases":{"focus":{"keyphrase":"La Llotja","score":85,"analysis":{"keyphraseInTitle":{"score":9,"maxScore":9,"error":0},"keyphraseInDescription":{"score":9,"maxScore":9,"error":0},"keyphraseLength":{"score":9,"maxScore":9,"error":0,"length":2},"keyphraseInURL":{"score":1,"maxScore":5,"error":1},"keyphraseInIntroduction":{"score":9,"maxScore":9,"error":0},"keyphraseInSubHeadings":{"score":3,"maxScore":9,"error":1},"keyphraseInImageAlt":{"score":9,"maxScore":9,"error":0},"keywordDensity":{"type":"best","score":9,"maxScore":9,"error":0}}},"additional":[{"keyphrase":"La Llotja","score":100,"analysis":{"keyphraseInDescription":{"score":9,"maxScore":9,"error":0},"keyphraseLength":{"score":9,"maxScore":9,"error":0,"length":2},"keyphraseInIntroduction":{"score":9,"maxScore":9,"error":0},"keyphraseInImageAlt":{"score":9,"maxScore":9,"error":0},"keywordDensity":{"type":"best","score":9,"maxScore":9,"error":0}}}]},"primary_term":null,"canonical_url":null,"og_title":null,"og_description":null,"og_object_type":"default","og_image_type":"default","og_image_url":null,"og_image_width":null,"og_image_height":null,"og_image_custom_url":null,"og_image_custom_fields":null,"og_video":"","og_custom_url":null,"og_article_section":null,"og_article_tags":null,"twitter_use_og":false,"twitter_card":"default","twitter_image_type":"default","twitter_image_url":null,"twitter_image_custom_url":null,"twitter_image_custom_fields":null,"twitter_title":null,"twitter_description":null,"schema":{"blockGraphs":[],"customGraphs":[],"default":{"data":{"Article":[],"Course":[],"Dataset":[],"FAQPage":[],"Movie":[],"Person":[],"Product":[],"ProductReview":[],"Car":[],"Recipe":[],"Service":[],"SoftwareApplication":[],"WebPage":[]},"graphName":"Article","isEnabled":true},"graphs":[]},"schema_type":"default","schema_type_options":null,"pillar_content":false,"robots_default":true,"robots_noindex":false,"robots_noarchive":false,"robots_nosnippet":false,"robots_nofollow":false,"robots_noimageindex":false,"robots_noodp":false,"robots_notranslate":false,"robots_max_snippet":"-1","robots_max_videopreview":"-1","robots_max_imagepreview":"large","priority":null,"frequency":"default","location":null,"local_seo":null,"seo_analyzer_scan_date":"2025-09-02 07:35:22","breadcrumb_settings":null,"limit_modified_date":false,"reviewed_by":null,"open_ai":"{\"title\":{\"suggestions\":[],\"usage\":0},\"description\":{\"suggestions\":[],\"usage\":0}}","ai":null,"created":"2024-04-23 12:18:52","updated":"2025-09-02 07:35:22"},"aioseo_breadcrumb":"<div class=\"aioseo-breadcrumbs\"><span class=\"aioseo-breadcrumb\">\n\t<a href=\"https:\/\/candas365.es\/noticias\" title=\"Home\">Home<\/a>\n<\/span><span class=\"aioseo-breadcrumb-separator\">&ndash;<\/span><span class=\"aioseo-breadcrumb\">\n\t<a href=\"https:\/\/candas365.es\/noticias\/category\/agenda\/\" title=\"Agenda\">Agenda<\/a>\n<\/span><span class=\"aioseo-breadcrumb-separator\">&ndash;<\/span><span class=\"aioseo-breadcrumb\">\n\tNueva exposici\u00f3n en La Llotja de Palma\n<\/span><\/div>","aioseo_breadcrumb_json":[{"label":"Home","link":"https:\/\/candas365.es\/noticias"},{"label":"Agenda","link":"https:\/\/candas365.es\/noticias\/category\/agenda\/"},{"label":"Nueva exposici\u00f3n en La Llotja de Palma","link":"https:\/\/candas365.es\/noticias\/nueva-exposicion-en-la-llotja-de-palma\/"}],"_links":{"self":[{"href":"https:\/\/candas365.es\/noticias\/wp-json\/wp\/v2\/posts\/179956","targetHints":{"allow":["GET"]}}],"collection":[{"href":"https:\/\/candas365.es\/noticias\/wp-json\/wp\/v2\/posts"}],"about":[{"href":"https:\/\/candas365.es\/noticias\/wp-json\/wp\/v2\/types\/post"}],"author":[{"embeddable":true,"href":"https:\/\/candas365.es\/noticias\/wp-json\/wp\/v2\/users\/1"}],"replies":[{"embeddable":true,"href":"https:\/\/candas365.es\/noticias\/wp-json\/wp\/v2\/comments?post=179956"}],"version-history":[{"count":0,"href":"https:\/\/candas365.es\/noticias\/wp-json\/wp\/v2\/posts\/179956\/revisions"}],"wp:featuredmedia":[{"embeddable":true,"href":"https:\/\/candas365.es\/noticias\/wp-json\/wp\/v2\/media\/179957"}],"wp:attachment":[{"href":"https:\/\/candas365.es\/noticias\/wp-json\/wp\/v2\/media?parent=179956"}],"wp:term":[{"taxonomy":"category","embeddable":true,"href":"https:\/\/candas365.es\/noticias\/wp-json\/wp\/v2\/categories?post=179956"},{"taxonomy":"post_tag","embeddable":true,"href":"https:\/\/candas365.es\/noticias\/wp-json\/wp\/v2\/tags?post=179956"}],"curies":[{"name":"wp","href":"https:\/\/api.w.org\/{rel}","templated":true}]}}