{"id":179883,"date":"2024-04-21T20:53:02","date_gmt":"2024-04-21T18:53:02","guid":{"rendered":"https:\/\/candas365.es\/noticias\/?p=179883"},"modified":"2024-04-21T20:53:02","modified_gmt":"2024-04-21T18:53:02","slug":"television-otro-enfoque-en-cuatro","status":"publish","type":"post","link":"https:\/\/candas365.es\/noticias\/television-otro-enfoque-en-cuatro\/","title":{"rendered":"Televisi\u00f3n: \u00abOtro enfoque\u00bb en Cuatro"},"content":{"rendered":"<p>El pr\u00f3ximo <a href=\"https:\/\/candas365.es\/noticias\/category\/agenda\/\"><span style=\"color: #ff6600;\"><strong>mi\u00e9rcoles<\/strong><\/span><\/a> en Cuatro el espacio de televisi\u00f3n \u00abOtro enfoque\u00bb, pilotado por Jon Sistiaga, ofrecer\u00e1 el reportaje &#8216;Polarizados&#8217;, que recoge las <strong>opiniones de Miguel \u00c1ngel Rodr\u00edguez, jefe de Gabinete de Presidencia de la Comunidad de Madrid, y Pablo Iglesias, exvicepresidente del Gobierno y exsecretario general de Podemos<\/strong>, sobre el actual clima de crispaci\u00f3n en la pol\u00edtica.<\/p>\n<p><img fetchpriority=\"high\" decoding=\"async\" class=\"aligncenter size-full wp-image-179884\" src=\"https:\/\/candas365.es\/noticias\/wp-content\/uploads\/2024\/04\/television.jpg\" alt=\"televisi\u00f3n\" width=\"640\" height=\"427\" srcset=\"https:\/\/candas365.es\/noticias\/wp-content\/uploads\/2024\/04\/television.jpg 640w, https:\/\/candas365.es\/noticias\/wp-content\/uploads\/2024\/04\/television-360x240.jpg 360w, https:\/\/candas365.es\/noticias\/wp-content\/uploads\/2024\/04\/television-150x100.jpg 150w, https:\/\/candas365.es\/noticias\/wp-content\/uploads\/2024\/04\/television-450x300.jpg 450w\" sizes=\"(max-width: 640px) 100vw, 640px\" \/><\/p>\n<p>As\u00ed, Rodr\u00edguez explica que \u201cdesde hace tiempo en la pol\u00edtica solo vivimos en guerra\u201d y no ser\u00e1 \u00e9l quien \u00abd\u00e9 un paso atr\u00e1s\u201d, mientras que expone que \u201chay quien dice que la pol\u00edtica es ponerse de acuerdo. \u00a1No, hombre, no! \u00a1Al contrario! Son las dictaduras las que pretenden anular los conflictos. Y claro que la pol\u00edtica es conflicto siempre\u201d, seg\u00fan explic\u00f3 Mediaset en un comunicado.<\/p>\n<p>Intervienen tambi\u00e9n los periodistas Carles Francino (Cadena SER) y Luc\u00eda M\u00e9ndez (&#8216;El Mundo&#8217;), con los que se analiza el estado de la pol\u00edtica y la responsabilidad de los informadores, los medios de comunicaci\u00f3n y las redes sociales en esta sociedad polarizada. \u201cSi algo tenemos que criticarnos a nosotros mismos, los medios, es que nos hemos dejado colonizar\u201d, asegura Francino, mientras que M\u00e9ndez explica: \u201cHay muchos periodistas que escriben para \u2018sus fans\u2019 y les alimentan. En los medios hay necesidad de llamar la atenci\u00f3n en un mundo que tiene muchos est\u00edmulos y por eso titulamos las noticias apelando a las emociones\u201d.<\/p>\n<p>El hilo conductor del reportaje lo pone Ana Rivero, la taqu\u00edgrafa m\u00e1s veterana del Congreso de los Diputados hasta su reciente jubilaci\u00f3n. Tras 50 a\u00f1os observando y anotando las palabras y conductas de los pol\u00edticos espa\u00f1oles, afirma: \u201cQu\u00e9 pena, c\u00f3mo ha cambiado la oratoria parlamentaria desde la Constituci\u00f3n hasta la decimoquinta legislatura. Se ha producido una degradaci\u00f3n, no hay respeto, hay mucho griter\u00edo, insultos&#8230; Tenemos un Parlamento enfermo y muy dif\u00edcil de curar\u201d.<\/p>\n<p>En las sucesivas entregas del programa, los espectadores encontrar\u00e1n enfoques alternativos sobre la realidad en reportajes como \u2018Empastillados\u2019, que tratar\u00e1 de explicar las causas y las consecuencias de que Espa\u00f1a sea el pa\u00eds del mundo con mayor consumo de benzodiacepinas, recabando la opini\u00f3n de expertos y presentando testimonios como el de Andrea Levy, que explica por qu\u00e9 lleg\u00f3 a desarrollar dependencia de estos medicamentos y lo que supuso en su actividad pol\u00edtica.<\/p>\n<p>En \u2018Good bye, Irak\u2019, Sistiaga rememora el final de la participaci\u00f3n espa\u00f1ola en la guerra de Irak que \u00e9l mismo cubri\u00f3 y en la que falleci\u00f3 tr\u00e1gicamente su c\u00e1mara y gran amigo Jos\u00e9 Couso. Entre otros testimonios, el reportaje cuenta con una entrevista en profundidad al expresidente Jos\u00e9 Luis Rodr\u00edguez Zapatero, responsable de la retirada de Espa\u00f1a del conflicto, en la que revela reflexiones y puntos de vista in\u00e9ditos.<\/p>\n<p>En \u2018Tops\u2019, modelos espa\u00f1olas que triunfaron en las pasarelas de todo el mundo, como Judit Masc\u00f3, Vanesa Lorenzo, Ver\u00f3nica Blume y Laura Ponte cuentan c\u00f3mo vivieron y c\u00f3mo les afect\u00f3 el fen\u00f3meno \u2018top model\u2019 de los a\u00f1os 90, revelan sus luces y sus sombras y reflexionan sobre c\u00f3mo hubiera sido de haberse producido hoy.<\/p>\n<p>\u2018Descarriadas\u2019 tratar\u00e1 la escalofriante realidad del Patronato de Protecci\u00f3n a la Mujer, una instituci\u00f3n de represi\u00f3n que oper\u00f3 en Espa\u00f1a desde mediados de los a\u00f1os 40 hasta bien entrados los 80 para \u2018reeducar\u2019 a mujeres que no hab\u00edan cometido delito alguno, pero que el franquismo consideraba \u2018extraviadas\u2019 por diversos motivos.<\/p>\n<p>(<a href=\"https:\/\/www.servimedia.es\/\" target=\"_blank\" rel=\"noopener\"><span style=\"color: #ff6600;\"><strong>SERVIMEDIA<\/strong><\/span><\/a>)<\/p>\n","protected":false},"excerpt":{"rendered":"<p>El pr\u00f3ximo mi\u00e9rcoles en Cuatro el espacio de televisi\u00f3n \u00abOtro enfoque\u00bb, pilotado por Jon Sistiaga, ofrecer\u00e1 el reportaje &#8216;Polarizados&#8217;, que recoge las opiniones de Miguel \u00c1ngel Rodr\u00edguez, jefe de Gabinete de Presidencia de la Comunidad de Madrid, y Pablo Iglesias, exvicepresidente del Gobierno y exsecretario general de Podemos, sobre el actual clima de crispaci\u00f3n en<\/p>\n","protected":false},"author":1,"featured_media":179884,"comment_status":"closed","ping_status":"closed","sticky":false,"template":"","format":"standard","meta":{"footnotes":""},"categories":[1],"tags":[468],"class_list":{"0":"post-179883","1":"post","2":"type-post","3":"status-publish","4":"format-standard","5":"has-post-thumbnail","7":"category-agenda","8":"tag-agenda"},"aioseo_notices":[],"aioseo_head":"\n\t\t<!-- All in One SEO Pro 4.9.6.2 - aioseo.com -->\n\t<meta name=\"description\" content=\"El pr\u00f3ximo mi\u00e9rcoles en Cuatro el espacio de televisi\u00f3n &quot;Otro enfoque&quot;, pilotado por Jon Sistiaga, ofrecer\u00e1 el reportaje &#039;Polarizados&#039;, que recoge las opiniones\" \/>\n\t<meta name=\"robots\" content=\"max-image-preview:large\" \/>\n\t<meta name=\"author\" content=\"Cand\u00e1s 365\"\/>\n\t<meta name=\"google-site-verification\" content=\"UA-32230408-1\" \/>\n\t<meta name=\"msvalidate.01\" content=\"354F3CDFB2DA171B47FBE9ABF1F88D5\" \/>\n\t<meta name=\"keywords\" content=\"agenda\" \/>\n\t<link rel=\"canonical\" href=\"https:\/\/candas365.es\/noticias\/television-otro-enfoque-en-cuatro\/\" \/>\n\t<meta name=\"generator\" content=\"All in One SEO Pro (AIOSEO) 4.9.6.2\" \/>\n\t\t<meta property=\"og:locale\" content=\"es_ES\" \/>\n\t\t<meta property=\"og:site_name\" content=\"Cand\u00e1s 365\" \/>\n\t\t<meta property=\"og:type\" content=\"article\" \/>\n\t\t<meta property=\"og:title\" content=\"Televisi\u00f3n: \u00abOtro enfoque\u00bb en Cuatro | Cand\u00e1s 365\" \/>\n\t\t<meta property=\"og:description\" content=\"El pr\u00f3ximo mi\u00e9rcoles en Cuatro el espacio de televisi\u00f3n &quot;Otro enfoque&quot;, pilotado por Jon Sistiaga, ofrecer\u00e1 el reportaje &#039;Polarizados&#039;, que recoge las opiniones\" \/>\n\t\t<meta property=\"og:url\" content=\"https:\/\/candas365.es\/noticias\/television-otro-enfoque-en-cuatro\/\" \/>\n\t\t<meta property=\"og:image\" content=\"https:\/\/candas365.es\/noticias\/wp-content\/uploads\/2024\/04\/television.jpg\" \/>\n\t\t<meta property=\"og:image:secure_url\" content=\"https:\/\/candas365.es\/noticias\/wp-content\/uploads\/2024\/04\/television.jpg\" \/>\n\t\t<meta property=\"og:image:width\" content=\"640\" \/>\n\t\t<meta property=\"og:image:height\" content=\"427\" \/>\n\t\t<meta property=\"article:published_time\" content=\"2024-04-21T18:53:02+00:00\" \/>\n\t\t<meta property=\"article:modified_time\" content=\"2024-04-21T18:53:02+00:00\" \/>\n\t\t<meta property=\"article:publisher\" content=\"https:\/\/www.facebook.com\/Nachofdezber\" \/>\n\t\t<meta property=\"article:author\" content=\"https:\/\/www.facebook.com\/carrenoactualidad\" \/>\n\t\t<meta name=\"twitter:card\" content=\"summary_large_image\" \/>\n\t\t<meta name=\"twitter:site\" content=\"@NabercoDigital\" \/>\n\t\t<meta name=\"twitter:title\" content=\"Televisi\u00f3n: \u00abOtro enfoque\u00bb en Cuatro | Cand\u00e1s 365\" \/>\n\t\t<meta name=\"twitter:description\" content=\"El pr\u00f3ximo mi\u00e9rcoles en Cuatro el espacio de televisi\u00f3n &quot;Otro enfoque&quot;, pilotado por Jon Sistiaga, ofrecer\u00e1 el reportaje &#039;Polarizados&#039;, que recoge las opiniones\" \/>\n\t\t<meta name=\"twitter:creator\" content=\"@nbasturias\" \/>\n\t\t<meta name=\"twitter:image\" content=\"https:\/\/candas365.es\/noticias\/wp-content\/uploads\/2024\/04\/television.jpg\" \/>\n\t\t<meta name=\"twitter:label1\" content=\"Escrito por\" \/>\n\t\t<meta name=\"twitter:data1\" content=\"Cand\u00e1s 365\" \/>\n\t\t<meta name=\"twitter:label2\" content=\"Tiempo de lectura estimado\" \/>\n\t\t<meta name=\"twitter:data2\" content=\"3 minutos\" \/>\n\t\t<script type=\"application\/ld+json\" class=\"aioseo-schema\">\n\t\t\t{\"@context\":\"https:\\\/\\\/schema.org\",\"@graph\":[{\"@type\":\"BreadcrumbList\",\"@id\":\"https:\\\/\\\/candas365.es\\\/noticias\\\/television-otro-enfoque-en-cuatro\\\/#breadcrumblist\",\"itemListElement\":[{\"@type\":\"ListItem\",\"@id\":\"https:\\\/\\\/candas365.es\\\/noticias#listItem\",\"position\":1,\"name\":\"Home\",\"item\":\"https:\\\/\\\/candas365.es\\\/noticias\",\"nextItem\":{\"@type\":\"ListItem\",\"@id\":\"https:\\\/\\\/candas365.es\\\/noticias\\\/category\\\/agenda\\\/#listItem\",\"name\":\"Agenda\"}},{\"@type\":\"ListItem\",\"@id\":\"https:\\\/\\\/candas365.es\\\/noticias\\\/category\\\/agenda\\\/#listItem\",\"position\":2,\"name\":\"Agenda\",\"item\":\"https:\\\/\\\/candas365.es\\\/noticias\\\/category\\\/agenda\\\/\",\"nextItem\":{\"@type\":\"ListItem\",\"@id\":\"https:\\\/\\\/candas365.es\\\/noticias\\\/television-otro-enfoque-en-cuatro\\\/#listItem\",\"name\":\"Televisi\\u00f3n: \\u00abOtro enfoque\\u00bb en Cuatro\"},\"previousItem\":{\"@type\":\"ListItem\",\"@id\":\"https:\\\/\\\/candas365.es\\\/noticias#listItem\",\"name\":\"Home\"}},{\"@type\":\"ListItem\",\"@id\":\"https:\\\/\\\/candas365.es\\\/noticias\\\/television-otro-enfoque-en-cuatro\\\/#listItem\",\"position\":3,\"name\":\"Televisi\\u00f3n: \\u00abOtro enfoque\\u00bb en Cuatro\",\"previousItem\":{\"@type\":\"ListItem\",\"@id\":\"https:\\\/\\\/candas365.es\\\/noticias\\\/category\\\/agenda\\\/#listItem\",\"name\":\"Agenda\"}}]},{\"@type\":\"NewsArticle\",\"@id\":\"https:\\\/\\\/candas365.es\\\/noticias\\\/television-otro-enfoque-en-cuatro\\\/#newsarticle\",\"name\":\"Televisi\\u00f3n: \\u00abOtro enfoque\\u00bb en Cuatro | Cand\\u00e1s 365\",\"headline\":\"Televisi\\u00f3n: \\u00abOtro enfoque\\u00bb en Cuatro\",\"author\":{\"@id\":\"https:\\\/\\\/candas365.es\\\/noticias\\\/author\\\/admin\\\/#author\"},\"publisher\":{\"@id\":\"https:\\\/\\\/candas365.es\\\/noticias\\\/#organization\"},\"image\":{\"@type\":\"ImageObject\",\"url\":\"https:\\\/\\\/candas365.es\\\/noticias\\\/wp-content\\\/uploads\\\/2024\\\/04\\\/television.jpg\",\"width\":640,\"height\":427,\"caption\":\"televisi\\u00f3n\"},\"datePublished\":\"2024-04-21T20:53:02+02:00\",\"dateModified\":\"2024-04-21T20:53:02+02:00\",\"inLanguage\":\"es-ES\",\"mainEntityOfPage\":{\"@id\":\"https:\\\/\\\/candas365.es\\\/noticias\\\/television-otro-enfoque-en-cuatro\\\/#webpage\"},\"isPartOf\":{\"@id\":\"https:\\\/\\\/candas365.es\\\/noticias\\\/television-otro-enfoque-en-cuatro\\\/#webpage\"},\"articleSection\":\"Agenda, agenda\",\"dateline\":\"Publicado el abril 21, 2024.\"},{\"@type\":\"Organization\",\"@id\":\"https:\\\/\\\/candas365.es\\\/noticias\\\/#organization\",\"name\":\"Cand\\u00e1s 365\",\"description\":\"Cand\\u00e1s 365 es un diario digital independiente, fundado en 2012, con base en Asturias. Informamos con rigor sobre actualidad, sociedad, cultura y ocio, con una mirada local y global.\",\"url\":\"https:\\\/\\\/candas365.es\\\/noticias\\\/\",\"email\":\"info@candas365.es\",\"telephone\":\"+34652131393\",\"foundingDate\":\"2012-06-10\",\"logo\":{\"@type\":\"ImageObject\",\"url\":\"https:\\\/\\\/candas365.es\\\/noticias\\\/wp-content\\\/uploads\\\/2024\\\/09\\\/Candas-365-Redes.jpg\",\"@id\":\"https:\\\/\\\/candas365.es\\\/noticias\\\/television-otro-enfoque-en-cuatro\\\/#organizationLogo\",\"width\":1152,\"height\":864,\"caption\":\"Cand\\u00e1s 365 Redes\"},\"image\":{\"@id\":\"https:\\\/\\\/candas365.es\\\/noticias\\\/television-otro-enfoque-en-cuatro\\\/#organizationLogo\"},\"sameAs\":[\"https:\\\/\\\/www.facebook.com\\\/Nachofdezber\",\"https:\\\/\\\/x.com\\\/NabercoDigital\",\"https:\\\/\\\/www.instagram.com\\\/nachofdezber\\\/\",\"https:\\\/\\\/www.youtube.com\\\/channel\\\/UCZP-2wLEB9Rv6erhFmqVnvg\"],\"address\":{\"@id\":\"https:\\\/\\\/candas365.es\\\/noticias\\\/#postaladdress\",\"@type\":\"PostalAddress\",\"streetAddress\":\"san antonio 4, san antonio 4\",\"postalCode\":\"33430\",\"addressLocality\":\"Cand\\u00e1s\",\"addressRegion\":\"Asturias\",\"addressCountry\":\"ES\"}},{\"@type\":\"Person\",\"@id\":\"https:\\\/\\\/candas365.es\\\/noticias\\\/author\\\/admin\\\/#author\",\"url\":\"https:\\\/\\\/candas365.es\\\/noticias\\\/author\\\/admin\\\/\",\"name\":\"Cand\\u00e1s 365\",\"image\":{\"@type\":\"ImageObject\",\"@id\":\"https:\\\/\\\/candas365.es\\\/noticias\\\/television-otro-enfoque-en-cuatro\\\/#authorImage\",\"url\":\"https:\\\/\\\/secure.gravatar.com\\\/avatar\\\/496a8e03d0c493ede1718b7934145dbdf8d89be1036b0eec9544e1094c9de390?s=96&d=mm&r=g\",\"width\":96,\"height\":96,\"caption\":\"Cand\\u00e1s 365\"},\"sameAs\":[\"https:\\\/\\\/www.facebook.com\\\/carrenoactualidad\",\"https:\\\/\\\/twitter.com\\\/nbasturias\",\"https:\\\/\\\/www.instagram.com\\\/nachofdezber\\\/\",\"https:\\\/\\\/www.youtube.com\\\/channel\\\/UCZP-2wLEB9Rv6erhFmqVnvg\"]},{\"@type\":\"WebPage\",\"@id\":\"https:\\\/\\\/candas365.es\\\/noticias\\\/television-otro-enfoque-en-cuatro\\\/#webpage\",\"url\":\"https:\\\/\\\/candas365.es\\\/noticias\\\/television-otro-enfoque-en-cuatro\\\/\",\"name\":\"Televisi\\u00f3n: \\u00abOtro enfoque\\u00bb en Cuatro | Cand\\u00e1s 365\",\"description\":\"El pr\\u00f3ximo mi\\u00e9rcoles en Cuatro el espacio de televisi\\u00f3n \\\"Otro enfoque\\\", pilotado por Jon Sistiaga, ofrecer\\u00e1 el reportaje 'Polarizados', que recoge las opiniones\",\"inLanguage\":\"es-ES\",\"isPartOf\":{\"@id\":\"https:\\\/\\\/candas365.es\\\/noticias\\\/#website\"},\"breadcrumb\":{\"@id\":\"https:\\\/\\\/candas365.es\\\/noticias\\\/television-otro-enfoque-en-cuatro\\\/#breadcrumblist\"},\"author\":{\"@id\":\"https:\\\/\\\/candas365.es\\\/noticias\\\/author\\\/admin\\\/#author\"},\"creator\":{\"@id\":\"https:\\\/\\\/candas365.es\\\/noticias\\\/author\\\/admin\\\/#author\"},\"image\":{\"@type\":\"ImageObject\",\"url\":\"https:\\\/\\\/candas365.es\\\/noticias\\\/wp-content\\\/uploads\\\/2024\\\/04\\\/television.jpg\",\"@id\":\"https:\\\/\\\/candas365.es\\\/noticias\\\/television-otro-enfoque-en-cuatro\\\/#mainImage\",\"width\":640,\"height\":427,\"caption\":\"televisi\\u00f3n\"},\"primaryImageOfPage\":{\"@id\":\"https:\\\/\\\/candas365.es\\\/noticias\\\/television-otro-enfoque-en-cuatro\\\/#mainImage\"},\"datePublished\":\"2024-04-21T20:53:02+02:00\",\"dateModified\":\"2024-04-21T20:53:02+02:00\"},{\"@type\":\"WebSite\",\"@id\":\"https:\\\/\\\/candas365.es\\\/noticias\\\/#website\",\"url\":\"https:\\\/\\\/candas365.es\\\/noticias\\\/\",\"name\":\"Cand\\u00e1s 365\",\"alternateName\":\"Cand\\u00e1s 365 Noticias\",\"description\":\"Actualidad desde Carre\\u00f1o para el mundo\",\"inLanguage\":\"es-ES\",\"publisher\":{\"@id\":\"https:\\\/\\\/candas365.es\\\/noticias\\\/#organization\"}}]}\n\t\t<\/script>\n\t\t<!-- All in One SEO Pro -->\r\n\t\t<title>Televisi\u00f3n: \u00abOtro enfoque\u00bb en Cuatro | Cand\u00e1s 365<\/title>\n\n","aioseo_head_json":{"title":"Televisi\u00f3n: \u00abOtro enfoque\u00bb en Cuatro | Cand\u00e1s 365","description":"El pr\u00f3ximo mi\u00e9rcoles en Cuatro el espacio de televisi\u00f3n \"Otro enfoque\", pilotado por Jon Sistiaga, ofrecer\u00e1 el reportaje 'Polarizados', que recoge las opiniones","canonical_url":"https:\/\/candas365.es\/noticias\/television-otro-enfoque-en-cuatro\/","robots":"max-image-preview:large","keywords":"agenda","webmasterTools":{"google-site-verification":"UA-32230408-1","msvalidate.01":"354F3CDFB2DA171B47FBE9ABF1F88D5","miscellaneous":""},"schema":{"@context":"https:\/\/schema.org","@graph":[{"@type":"BreadcrumbList","@id":"https:\/\/candas365.es\/noticias\/television-otro-enfoque-en-cuatro\/#breadcrumblist","itemListElement":[{"@type":"ListItem","@id":"https:\/\/candas365.es\/noticias#listItem","position":1,"name":"Home","item":"https:\/\/candas365.es\/noticias","nextItem":{"@type":"ListItem","@id":"https:\/\/candas365.es\/noticias\/category\/agenda\/#listItem","name":"Agenda"}},{"@type":"ListItem","@id":"https:\/\/candas365.es\/noticias\/category\/agenda\/#listItem","position":2,"name":"Agenda","item":"https:\/\/candas365.es\/noticias\/category\/agenda\/","nextItem":{"@type":"ListItem","@id":"https:\/\/candas365.es\/noticias\/television-otro-enfoque-en-cuatro\/#listItem","name":"Televisi\u00f3n: \u00abOtro enfoque\u00bb en Cuatro"},"previousItem":{"@type":"ListItem","@id":"https:\/\/candas365.es\/noticias#listItem","name":"Home"}},{"@type":"ListItem","@id":"https:\/\/candas365.es\/noticias\/television-otro-enfoque-en-cuatro\/#listItem","position":3,"name":"Televisi\u00f3n: \u00abOtro enfoque\u00bb en Cuatro","previousItem":{"@type":"ListItem","@id":"https:\/\/candas365.es\/noticias\/category\/agenda\/#listItem","name":"Agenda"}}]},{"@type":"NewsArticle","@id":"https:\/\/candas365.es\/noticias\/television-otro-enfoque-en-cuatro\/#newsarticle","name":"Televisi\u00f3n: \u00abOtro enfoque\u00bb en Cuatro | Cand\u00e1s 365","headline":"Televisi\u00f3n: \u00abOtro enfoque\u00bb en Cuatro","author":{"@id":"https:\/\/candas365.es\/noticias\/author\/admin\/#author"},"publisher":{"@id":"https:\/\/candas365.es\/noticias\/#organization"},"image":{"@type":"ImageObject","url":"https:\/\/candas365.es\/noticias\/wp-content\/uploads\/2024\/04\/television.jpg","width":640,"height":427,"caption":"televisi\u00f3n"},"datePublished":"2024-04-21T20:53:02+02:00","dateModified":"2024-04-21T20:53:02+02:00","inLanguage":"es-ES","mainEntityOfPage":{"@id":"https:\/\/candas365.es\/noticias\/television-otro-enfoque-en-cuatro\/#webpage"},"isPartOf":{"@id":"https:\/\/candas365.es\/noticias\/television-otro-enfoque-en-cuatro\/#webpage"},"articleSection":"Agenda, agenda","dateline":"Publicado el abril 21, 2024."},{"@type":"Organization","@id":"https:\/\/candas365.es\/noticias\/#organization","name":"Cand\u00e1s 365","description":"Cand\u00e1s 365 es un diario digital independiente, fundado en 2012, con base en Asturias. Informamos con rigor sobre actualidad, sociedad, cultura y ocio, con una mirada local y global.","url":"https:\/\/candas365.es\/noticias\/","email":"info@candas365.es","telephone":"+34652131393","foundingDate":"2012-06-10","logo":{"@type":"ImageObject","url":"https:\/\/candas365.es\/noticias\/wp-content\/uploads\/2024\/09\/Candas-365-Redes.jpg","@id":"https:\/\/candas365.es\/noticias\/television-otro-enfoque-en-cuatro\/#organizationLogo","width":1152,"height":864,"caption":"Cand\u00e1s 365 Redes"},"image":{"@id":"https:\/\/candas365.es\/noticias\/television-otro-enfoque-en-cuatro\/#organizationLogo"},"sameAs":["https:\/\/www.facebook.com\/Nachofdezber","https:\/\/x.com\/NabercoDigital","https:\/\/www.instagram.com\/nachofdezber\/","https:\/\/www.youtube.com\/channel\/UCZP-2wLEB9Rv6erhFmqVnvg"],"address":{"@id":"https:\/\/candas365.es\/noticias\/#postaladdress","@type":"PostalAddress","streetAddress":"san antonio 4, san antonio 4","postalCode":"33430","addressLocality":"Cand\u00e1s","addressRegion":"Asturias","addressCountry":"ES"}},{"@type":"Person","@id":"https:\/\/candas365.es\/noticias\/author\/admin\/#author","url":"https:\/\/candas365.es\/noticias\/author\/admin\/","name":"Cand\u00e1s 365","image":{"@type":"ImageObject","@id":"https:\/\/candas365.es\/noticias\/television-otro-enfoque-en-cuatro\/#authorImage","url":"https:\/\/secure.gravatar.com\/avatar\/496a8e03d0c493ede1718b7934145dbdf8d89be1036b0eec9544e1094c9de390?s=96&d=mm&r=g","width":96,"height":96,"caption":"Cand\u00e1s 365"},"sameAs":["https:\/\/www.facebook.com\/carrenoactualidad","https:\/\/twitter.com\/nbasturias","https:\/\/www.instagram.com\/nachofdezber\/","https:\/\/www.youtube.com\/channel\/UCZP-2wLEB9Rv6erhFmqVnvg"]},{"@type":"WebPage","@id":"https:\/\/candas365.es\/noticias\/television-otro-enfoque-en-cuatro\/#webpage","url":"https:\/\/candas365.es\/noticias\/television-otro-enfoque-en-cuatro\/","name":"Televisi\u00f3n: \u00abOtro enfoque\u00bb en Cuatro | Cand\u00e1s 365","description":"El pr\u00f3ximo mi\u00e9rcoles en Cuatro el espacio de televisi\u00f3n \"Otro enfoque\", pilotado por Jon Sistiaga, ofrecer\u00e1 el reportaje 'Polarizados', que recoge las opiniones","inLanguage":"es-ES","isPartOf":{"@id":"https:\/\/candas365.es\/noticias\/#website"},"breadcrumb":{"@id":"https:\/\/candas365.es\/noticias\/television-otro-enfoque-en-cuatro\/#breadcrumblist"},"author":{"@id":"https:\/\/candas365.es\/noticias\/author\/admin\/#author"},"creator":{"@id":"https:\/\/candas365.es\/noticias\/author\/admin\/#author"},"image":{"@type":"ImageObject","url":"https:\/\/candas365.es\/noticias\/wp-content\/uploads\/2024\/04\/television.jpg","@id":"https:\/\/candas365.es\/noticias\/television-otro-enfoque-en-cuatro\/#mainImage","width":640,"height":427,"caption":"televisi\u00f3n"},"primaryImageOfPage":{"@id":"https:\/\/candas365.es\/noticias\/television-otro-enfoque-en-cuatro\/#mainImage"},"datePublished":"2024-04-21T20:53:02+02:00","dateModified":"2024-04-21T20:53:02+02:00"},{"@type":"WebSite","@id":"https:\/\/candas365.es\/noticias\/#website","url":"https:\/\/candas365.es\/noticias\/","name":"Cand\u00e1s 365","alternateName":"Cand\u00e1s 365 Noticias","description":"Actualidad desde Carre\u00f1o para el mundo","inLanguage":"es-ES","publisher":{"@id":"https:\/\/candas365.es\/noticias\/#organization"}}]},"og:locale":"es_ES","og:site_name":"Cand\u00e1s 365","og:type":"article","og:title":"Televisi\u00f3n: \u00abOtro enfoque\u00bb en Cuatro | Cand\u00e1s 365","og:description":"El pr\u00f3ximo mi\u00e9rcoles en Cuatro el espacio de televisi\u00f3n &quot;Otro enfoque&quot;, pilotado por Jon Sistiaga, ofrecer\u00e1 el reportaje 'Polarizados', que recoge las opiniones","og:url":"https:\/\/candas365.es\/noticias\/television-otro-enfoque-en-cuatro\/","og:image":"https:\/\/candas365.es\/noticias\/wp-content\/uploads\/2024\/04\/television.jpg","og:image:secure_url":"https:\/\/candas365.es\/noticias\/wp-content\/uploads\/2024\/04\/television.jpg","og:image:width":640,"og:image:height":427,"article:published_time":"2024-04-21T18:53:02+00:00","article:modified_time":"2024-04-21T18:53:02+00:00","article:publisher":"https:\/\/www.facebook.com\/Nachofdezber","article:author":"https:\/\/www.facebook.com\/carrenoactualidad","twitter:card":"summary_large_image","twitter:site":"@NabercoDigital","twitter:title":"Televisi\u00f3n: \u00abOtro enfoque\u00bb en Cuatro | Cand\u00e1s 365","twitter:description":"El pr\u00f3ximo mi\u00e9rcoles en Cuatro el espacio de televisi\u00f3n &quot;Otro enfoque&quot;, pilotado por Jon Sistiaga, ofrecer\u00e1 el reportaje 'Polarizados', que recoge las opiniones","twitter:creator":"@nbasturias","twitter:image":"https:\/\/candas365.es\/noticias\/wp-content\/uploads\/2024\/04\/television.jpg","twitter:label1":"Escrito por","twitter:data1":"Cand\u00e1s 365","twitter:label2":"Tiempo de lectura estimado","twitter:data2":"3 minutos"},"aioseo_meta_data":{"post_id":"179883","title":null,"description":"El pr\u00f3ximo mi\u00e9rcoles en Cuatro el espacio de televisi\u00f3n \"Otro enfoque\", pilotado por Jon Sistiaga, ofrecer\u00e1 el reportaje 'Polarizados', que recoge las opiniones","keywords":null,"keyphrases":{"focus":{"keyphrase":"televisi\u00f3n","score":78,"analysis":{"keyphraseInTitle":{"score":9,"maxScore":9,"error":0},"keyphraseInDescription":{"score":9,"maxScore":9,"error":0},"keyphraseLength":{"score":9,"maxScore":9,"error":0,"length":2},"keyphraseInURL":{"score":1,"maxScore":5,"error":1},"keyphraseInIntroduction":{"score":9,"maxScore":9,"error":0},"keyphraseInSubHeadings":[],"keyphraseInImageAlt":{"score":9,"maxScore":9,"error":0},"keywordDensity":{"score":0,"type":"low","maxScore":9,"error":1}}},"additional":[{"keyphrase":"televisi\u00f3n","score":80,"analysis":{"keyphraseInDescription":{"score":9,"maxScore":9,"error":0},"keyphraseLength":{"score":9,"maxScore":9,"error":0,"length":2},"keyphraseInIntroduction":{"score":9,"maxScore":9,"error":0},"keyphraseInImageAlt":{"score":9,"maxScore":9,"error":0},"keywordDensity":{"score":0,"type":"low","maxScore":9,"error":1}}}]},"primary_term":null,"canonical_url":null,"og_title":null,"og_description":null,"og_object_type":"default","og_image_type":"default","og_image_url":null,"og_image_width":null,"og_image_height":null,"og_image_custom_url":null,"og_image_custom_fields":null,"og_video":"","og_custom_url":null,"og_article_section":null,"og_article_tags":null,"twitter_use_og":false,"twitter_card":"default","twitter_image_type":"default","twitter_image_url":null,"twitter_image_custom_url":null,"twitter_image_custom_fields":null,"twitter_title":null,"twitter_description":null,"schema":{"blockGraphs":[],"customGraphs":[],"default":{"data":{"Article":[],"Course":[],"Dataset":[],"FAQPage":[],"Movie":[],"Person":[],"Product":[],"ProductReview":[],"Car":[],"Recipe":[],"Service":[],"SoftwareApplication":[],"WebPage":[]},"graphName":"Article","isEnabled":true},"graphs":[]},"schema_type":"default","schema_type_options":null,"pillar_content":false,"robots_default":true,"robots_noindex":false,"robots_noarchive":false,"robots_nosnippet":false,"robots_nofollow":false,"robots_noimageindex":false,"robots_noodp":false,"robots_notranslate":false,"robots_max_snippet":"-1","robots_max_videopreview":"-1","robots_max_imagepreview":"large","priority":null,"frequency":"default","location":null,"local_seo":null,"seo_analyzer_scan_date":"2025-09-02 07:27:10","breadcrumb_settings":null,"limit_modified_date":false,"reviewed_by":null,"open_ai":"{\"title\":{\"suggestions\":[],\"usage\":0},\"description\":{\"suggestions\":[],\"usage\":0}}","ai":null,"created":"2024-04-21 18:46:35","updated":"2025-09-02 07:27:10"},"aioseo_breadcrumb":"<div class=\"aioseo-breadcrumbs\"><span class=\"aioseo-breadcrumb\">\n\t<a href=\"https:\/\/candas365.es\/noticias\" title=\"Home\">Home<\/a>\n<\/span><span class=\"aioseo-breadcrumb-separator\">&ndash;<\/span><span class=\"aioseo-breadcrumb\">\n\t<a href=\"https:\/\/candas365.es\/noticias\/category\/agenda\/\" title=\"Agenda\">Agenda<\/a>\n<\/span><span class=\"aioseo-breadcrumb-separator\">&ndash;<\/span><span class=\"aioseo-breadcrumb\">\n\tTelevisi\u00f3n: \u00abOtro enfoque\u00bb en Cuatro\n<\/span><\/div>","aioseo_breadcrumb_json":[{"label":"Home","link":"https:\/\/candas365.es\/noticias"},{"label":"Agenda","link":"https:\/\/candas365.es\/noticias\/category\/agenda\/"},{"label":"Televisi\u00f3n: \u00abOtro enfoque\u00bb en Cuatro","link":"https:\/\/candas365.es\/noticias\/television-otro-enfoque-en-cuatro\/"}],"_links":{"self":[{"href":"https:\/\/candas365.es\/noticias\/wp-json\/wp\/v2\/posts\/179883","targetHints":{"allow":["GET"]}}],"collection":[{"href":"https:\/\/candas365.es\/noticias\/wp-json\/wp\/v2\/posts"}],"about":[{"href":"https:\/\/candas365.es\/noticias\/wp-json\/wp\/v2\/types\/post"}],"author":[{"embeddable":true,"href":"https:\/\/candas365.es\/noticias\/wp-json\/wp\/v2\/users\/1"}],"replies":[{"embeddable":true,"href":"https:\/\/candas365.es\/noticias\/wp-json\/wp\/v2\/comments?post=179883"}],"version-history":[{"count":0,"href":"https:\/\/candas365.es\/noticias\/wp-json\/wp\/v2\/posts\/179883\/revisions"}],"wp:featuredmedia":[{"embeddable":true,"href":"https:\/\/candas365.es\/noticias\/wp-json\/wp\/v2\/media\/179884"}],"wp:attachment":[{"href":"https:\/\/candas365.es\/noticias\/wp-json\/wp\/v2\/media?parent=179883"}],"wp:term":[{"taxonomy":"category","embeddable":true,"href":"https:\/\/candas365.es\/noticias\/wp-json\/wp\/v2\/categories?post=179883"},{"taxonomy":"post_tag","embeddable":true,"href":"https:\/\/candas365.es\/noticias\/wp-json\/wp\/v2\/tags?post=179883"}],"curies":[{"name":"wp","href":"https:\/\/api.w.org\/{rel}","templated":true}]}}