{"id":179861,"date":"2024-04-20T16:25:36","date_gmt":"2024-04-20T14:25:36","guid":{"rendered":"https:\/\/candas365.es\/noticias\/?p=179861"},"modified":"2024-04-20T16:27:52","modified_gmt":"2024-04-20T14:27:52","slug":"conecta-con-la-esencia-de-una-ciudad-en-sus-bares","status":"publish","type":"post","link":"https:\/\/candas365.es\/noticias\/conecta-con-la-esencia-de-una-ciudad-en-sus-bares\/","title":{"rendered":"Conecta con la esencia de una ciudad en sus bares"},"content":{"rendered":"<p><span style=\"font-weight: 400;\">En el vibrante escenario culinario de Barcelona, Carles Armengol emerge como una figura destacada, defendiendo la noci\u00f3n de que <\/span><b><i>\u00abexplorar los bares es la mejor manera de sumergirse en el alma de una ciudad\u00bb.<\/i><\/b><span style=\"font-weight: 400;\"> Con una trayectoria s\u00f3lida en el sector gastron\u00f3mico, ha sido testigo de la metamorfosis de la escena culinaria de la ciudad, desde los bares de barrio hasta los establecimientos de alta cocina. Su visi\u00f3n destaca la importancia de la diversidad y autenticidad que cada lugar aporta a la experiencia gastron\u00f3mica de Barcelona.<\/span><\/p>\n<p><img fetchpriority=\"high\" decoding=\"async\" class=\"aligncenter size-large wp-image-179862\" src=\"https:\/\/candas365.es\/noticias\/wp-content\/uploads\/2024\/04\/Podcast-bares-Barcelona-650x349.jpg\" alt=\"Podcast bares Barcelona\" width=\"650\" height=\"349\" srcset=\"https:\/\/candas365.es\/noticias\/wp-content\/uploads\/2024\/04\/Podcast-bares-Barcelona-650x349.jpg 650w, https:\/\/candas365.es\/noticias\/wp-content\/uploads\/2024\/04\/Podcast-bares-Barcelona-360x193.jpg 360w, https:\/\/candas365.es\/noticias\/wp-content\/uploads\/2024\/04\/Podcast-bares-Barcelona-768x412.jpg 768w, https:\/\/candas365.es\/noticias\/wp-content\/uploads\/2024\/04\/Podcast-bares-Barcelona-150x80.jpg 150w, https:\/\/candas365.es\/noticias\/wp-content\/uploads\/2024\/04\/Podcast-bares-Barcelona-450x241.jpg 450w, https:\/\/candas365.es\/noticias\/wp-content\/uploads\/2024\/04\/Podcast-bares-Barcelona.jpg 1098w\" sizes=\"(max-width: 650px) 100vw, 650px\" \/><\/p>\n<h2><b>Un cambio de perspectiva en la vida urbana<\/b><\/h2>\n<p><span style=\"font-weight: 400;\">El din\u00e1mico paisaje urbano de Barcelona ha experimentado una evoluci\u00f3n notable en su oferta gastron\u00f3mica. A pesar del auge de las cadenas de restaurantes, los peque\u00f1os bares y tabernas siguen siendo puntos de encuentro emblem\u00e1ticos que reflejan la esencia aut\u00e9ntica de la ciudad. Armengol subraya la necesidad de preservar estos espacios tradicionales, donde la calidez de la hospitalidad local se entrelaza con la riqueza de la cocina regional, brindando una experiencia \u00fanica a los visitantes y lugare\u00f1os por igual.<\/span><\/p>\n<h2><b>Explorando los sabores locales: M\u00e1s all\u00e1 de la gastronom\u00eda<\/b><\/h2>\n<p><span style=\"font-weight: 400;\">La gastronom\u00eda local no solo es una cuesti\u00f3n de alimentaci\u00f3n; es <\/span><b>una ventana a la cultura y la identidad de una ciudad<\/b><span style=\"font-weight: 400;\">. Desde los mercados tradicionales hasta los restaurantes de autor, cada establecimiento gastron\u00f3mico cuenta una historia que refleja la esencia misma de Barcelona. Al sumergirse en los sabores locales, los viajeros tienen la oportunidad de descubrir la diversidad culinaria de la ciudad y de participar en una experiencia sensorial que va m\u00e1s all\u00e1 del paladar.<\/span><\/p>\n<h2><b>El podcast \u00abSalir por Barcelona\u00bb: Descifrando los secretos gastron\u00f3micos<\/b><\/h2>\n<p><span style=\"font-weight: 400;\">El <\/span><span style=\"color: #ff6600;\"><a style=\"color: #ff6600;\" title=\"podcast de Salir por Barcelona\" href=\"https:\/\/www.salirporbarcelona.com\/podcast-barcelona-carles-armengol-collado-libreria-mas-bernat\/\" target=\"_blank\" rel=\"nofollow noopener\"><b>podcast de Salir por Barcelona<\/b><\/a><\/span><span style=\"font-weight: 400;\"> se erige como una gu\u00eda indispensable para los amantes de la gastronom\u00eda que desean descubrir los tesoros ocultos de la cocina barcelonesa. A trav\u00e9s de entrevistas exclusivas con chefs locales, recomendaciones de restaurantes y an\u00e1lisis de tendencias culinarias, el programa ofrece una <\/span><b>visi\u00f3n completa y actualizada de la escena gastron\u00f3mica <\/b><span style=\"font-weight: 400;\">de la ciudad. Adem\u00e1s, sus episodios especiales exploran la historia gastron\u00f3mica de Barcelona, arrojando luz sobre las influencias culturales y culinarias que han dado forma a su identidad gastron\u00f3mica \u00fanica. Con una audiencia global en constante crecimiento, \u00abSalir por Barcelona\u00bb se ha convertido en un referente para aquellos que buscan sumergirse en la riqueza y diversidad culinaria de la ciudad.<\/span><\/p>\n<h2><b>Calidad, innovaci\u00f3n y tradici\u00f3n en la hosteler\u00eda<\/b><\/h2>\n<p><span style=\"font-weight: 400;\">La hosteler\u00eda de Barcelona se distingue por su combinaci\u00f3n de calidad, innovaci\u00f3n y arraigo en la tradici\u00f3n. Armengol destaca la importancia de mantener un equilibrio entre e<\/span><b>l respeto por las recetas tradicionales y la apertura a nuevas influencias<\/b><span style=\"font-weight: 400;\"> y t\u00e9cnicas culinarias. Esta fusi\u00f3n de elementos ha contribuido a posicionar a Barcelona como un destino gastron\u00f3mico de primer nivel, donde la excelencia culinaria se combina con la calidez del servicio para ofrecer experiencias gastron\u00f3micas inolvidables.<\/span><\/p>\n<h2><b>El renacimiento del turismo gastron\u00f3mico<\/b><\/h2>\n<p><span style=\"font-weight: 400;\">A pesar de los desaf\u00edos recientes, el turismo gastron\u00f3mico en Barcelona est\u00e1 experimentando un renacimiento. Con la reapertura gradual de la ciudad, los viajeros est\u00e1n redescubriendo el <\/span><b>placer de explorar los sabores locales<\/b><span style=\"font-weight: 400;\"> y descubrir nuevos rincones culinarios. Este resurgimiento no solo beneficia a la industria hostelera, sino que tambi\u00e9n enriquece la experiencia de los visitantes, permiti\u00e9ndoles sumergirse en la cultura y la gastronom\u00eda de Barcelona de una manera m\u00e1s profunda y significativa.<\/span><\/p>\n<h2><b>La cocina tradicional como patrimonio cultural<\/b><\/h2>\n<p><span style=\"font-weight: 400;\">La cocina tradicional de Barcelona es un tesoro cultural que merece ser preservado y celebrado. Desde platos cl\u00e1sicos como la paella y el <\/span><b>suquet de peix <\/b><span style=\"font-weight: 400;\">hasta delicias locales como e<\/span><b>l pan con tomate y la fideu\u00e0<\/b><span style=\"font-weight: 400;\">, cada bocado cuenta una historia que refleja la diversidad y la historia de la ciudad. Armengol enfatiza la importancia de transmitir estas recetas y t\u00e9cnicas culinarias de generaci\u00f3n en generaci\u00f3n, garantizando que el legado gastron\u00f3mico de Barcelona perdure para las futuras generaciones.<\/span><\/p>\n<h2><b>Conclusi\u00f3n: Descubriendo la esencia de Barcelona a trav\u00e9s de sus bares<\/b><\/h2>\n<p><span style=\"font-weight: 400;\">En conclusi\u00f3n, explorar Barcelona a trav\u00e9s de sus bares y restaurantes es una experiencia reveladora que permite a los visitantes adentrarse en el coraz\u00f3n de la ciudad. Desde los acogedores bares de barrio hasta los elegantes restaurantes de alta cocina, cada lugar ofrece una perspectiva \u00fanica de la <\/span><b>riqueza culinaria y cultural de Barcelona<\/b><span style=\"font-weight: 400;\">. Siguiendo los consejos de Carles Armengol y aprovechando los recursos ofrecidos por el podcast \u00abSalir por Barcelona\u00bb, los viajeros pueden embarcarse en un viaje gastron\u00f3mico inolvidable que les permitir\u00e1 descubrir la verdadera esencia de la ciudad.<\/span><\/p>\n","protected":false},"excerpt":{"rendered":"<p>En el vibrante escenario culinario de Barcelona, Carles Armengol emerge como una figura destacada, defendiendo la noci\u00f3n de que \u00abexplorar los bares es la mejor manera de sumergirse en el alma de una ciudad\u00bb. Con una trayectoria s\u00f3lida en el sector gastron\u00f3mico, ha sido testigo de la metamorfosis de la escena culinaria de la ciudad,<\/p>\n","protected":false},"author":1,"featured_media":179862,"comment_status":"closed","ping_status":"closed","sticky":false,"template":"","format":"standard","meta":{"footnotes":""},"categories":[142],"tags":[452,465],"class_list":{"0":"post-179861","1":"post","2":"type-post","3":"status-publish","4":"format-standard","5":"has-post-thumbnail","7":"category-revista","8":"tag-gastronomia","9":"tag-ocio"},"aioseo_notices":[],"aioseo_head":"\n\t\t<!-- All in One SEO Pro 4.9.6.2 - aioseo.com -->\n\t<meta name=\"description\" content=\"En el vibrante escenario culinario de Barcelona, Carles Armengol emerge como una figura destacada, defendiendo la noci\u00f3n de que &quot;explorar los bares es la mejor\" \/>\n\t<meta name=\"robots\" content=\"max-image-preview:large\" \/>\n\t<meta name=\"author\" content=\"Cand\u00e1s 365\"\/>\n\t<meta name=\"google-site-verification\" content=\"UA-32230408-1\" \/>\n\t<meta name=\"msvalidate.01\" content=\"354F3CDFB2DA171B47FBE9ABF1F88D5\" \/>\n\t<meta name=\"keywords\" content=\"revista\" \/>\n\t<link rel=\"canonical\" href=\"https:\/\/candas365.es\/noticias\/conecta-con-la-esencia-de-una-ciudad-en-sus-bares\/\" \/>\n\t<meta name=\"generator\" content=\"All in One SEO Pro (AIOSEO) 4.9.6.2\" \/>\n\t\t<meta property=\"og:locale\" content=\"es_ES\" \/>\n\t\t<meta property=\"og:site_name\" content=\"Cand\u00e1s 365\" \/>\n\t\t<meta property=\"og:type\" content=\"article\" \/>\n\t\t<meta property=\"og:title\" content=\"Conecta con la esencia de una ciudad en sus bares | Cand\u00e1s 365\" \/>\n\t\t<meta property=\"og:description\" content=\"En el vibrante escenario culinario de Barcelona, Carles Armengol emerge como una figura destacada, defendiendo la noci\u00f3n de que &quot;explorar los bares es la mejor\" \/>\n\t\t<meta property=\"og:url\" content=\"https:\/\/candas365.es\/noticias\/conecta-con-la-esencia-de-una-ciudad-en-sus-bares\/\" \/>\n\t\t<meta property=\"og:image\" content=\"https:\/\/candas365.es\/noticias\/wp-content\/uploads\/2024\/04\/Podcast-bares-Barcelona.jpg\" \/>\n\t\t<meta property=\"og:image:secure_url\" content=\"https:\/\/candas365.es\/noticias\/wp-content\/uploads\/2024\/04\/Podcast-bares-Barcelona.jpg\" \/>\n\t\t<meta property=\"og:image:width\" content=\"1098\" \/>\n\t\t<meta property=\"og:image:height\" content=\"589\" \/>\n\t\t<meta property=\"article:published_time\" content=\"2024-04-20T14:25:36+00:00\" \/>\n\t\t<meta property=\"article:modified_time\" content=\"2024-04-20T14:27:52+00:00\" \/>\n\t\t<meta property=\"article:publisher\" content=\"https:\/\/www.facebook.com\/Nachofdezber\" \/>\n\t\t<meta property=\"article:author\" content=\"https:\/\/www.facebook.com\/carrenoactualidad\" \/>\n\t\t<meta name=\"twitter:card\" content=\"summary_large_image\" \/>\n\t\t<meta name=\"twitter:site\" content=\"@NabercoDigital\" \/>\n\t\t<meta name=\"twitter:title\" content=\"Conecta con la esencia de una ciudad en sus bares | Cand\u00e1s 365\" \/>\n\t\t<meta name=\"twitter:description\" content=\"En el vibrante escenario culinario de Barcelona, Carles Armengol emerge como una figura destacada, defendiendo la noci\u00f3n de que &quot;explorar los bares es la mejor\" \/>\n\t\t<meta name=\"twitter:creator\" content=\"@nbasturias\" \/>\n\t\t<meta name=\"twitter:image\" content=\"https:\/\/candas365.es\/noticias\/wp-content\/uploads\/2024\/04\/Podcast-bares-Barcelona.jpg\" \/>\n\t\t<meta name=\"twitter:label1\" content=\"Escrito por\" \/>\n\t\t<meta name=\"twitter:data1\" content=\"Cand\u00e1s 365\" \/>\n\t\t<meta name=\"twitter:label2\" content=\"Tiempo de lectura estimado\" \/>\n\t\t<meta name=\"twitter:data2\" content=\"4 minutos\" \/>\n\t\t<script type=\"application\/ld+json\" class=\"aioseo-schema\">\n\t\t\t{\"@context\":\"https:\\\/\\\/schema.org\",\"@graph\":[{\"@type\":\"BreadcrumbList\",\"@id\":\"https:\\\/\\\/candas365.es\\\/noticias\\\/conecta-con-la-esencia-de-una-ciudad-en-sus-bares\\\/#breadcrumblist\",\"itemListElement\":[{\"@type\":\"ListItem\",\"@id\":\"https:\\\/\\\/candas365.es\\\/noticias#listItem\",\"position\":1,\"name\":\"Home\",\"item\":\"https:\\\/\\\/candas365.es\\\/noticias\",\"nextItem\":{\"@type\":\"ListItem\",\"@id\":\"https:\\\/\\\/candas365.es\\\/noticias\\\/category\\\/revista\\\/#listItem\",\"name\":\"Revista\"}},{\"@type\":\"ListItem\",\"@id\":\"https:\\\/\\\/candas365.es\\\/noticias\\\/category\\\/revista\\\/#listItem\",\"position\":2,\"name\":\"Revista\",\"item\":\"https:\\\/\\\/candas365.es\\\/noticias\\\/category\\\/revista\\\/\",\"nextItem\":{\"@type\":\"ListItem\",\"@id\":\"https:\\\/\\\/candas365.es\\\/noticias\\\/conecta-con-la-esencia-de-una-ciudad-en-sus-bares\\\/#listItem\",\"name\":\"Conecta con la esencia de una ciudad en sus bares\"},\"previousItem\":{\"@type\":\"ListItem\",\"@id\":\"https:\\\/\\\/candas365.es\\\/noticias#listItem\",\"name\":\"Home\"}},{\"@type\":\"ListItem\",\"@id\":\"https:\\\/\\\/candas365.es\\\/noticias\\\/conecta-con-la-esencia-de-una-ciudad-en-sus-bares\\\/#listItem\",\"position\":3,\"name\":\"Conecta con la esencia de una ciudad en sus bares\",\"previousItem\":{\"@type\":\"ListItem\",\"@id\":\"https:\\\/\\\/candas365.es\\\/noticias\\\/category\\\/revista\\\/#listItem\",\"name\":\"Revista\"}}]},{\"@type\":\"NewsArticle\",\"@id\":\"https:\\\/\\\/candas365.es\\\/noticias\\\/conecta-con-la-esencia-de-una-ciudad-en-sus-bares\\\/#newsarticle\",\"name\":\"Conecta con la esencia de una ciudad en sus bares | Cand\\u00e1s 365\",\"headline\":\"Conecta con la esencia de una ciudad en sus bares\",\"author\":{\"@id\":\"https:\\\/\\\/candas365.es\\\/noticias\\\/author\\\/admin\\\/#author\"},\"publisher\":{\"@id\":\"https:\\\/\\\/candas365.es\\\/noticias\\\/#organization\"},\"image\":{\"@type\":\"ImageObject\",\"url\":\"https:\\\/\\\/candas365.es\\\/noticias\\\/wp-content\\\/uploads\\\/2024\\\/04\\\/Podcast-bares-Barcelona.jpg\",\"width\":1098,\"height\":589,\"caption\":\"Podcast bares Barcelona\"},\"datePublished\":\"2024-04-20T16:25:36+02:00\",\"dateModified\":\"2024-04-20T16:27:52+02:00\",\"inLanguage\":\"es-ES\",\"mainEntityOfPage\":{\"@id\":\"https:\\\/\\\/candas365.es\\\/noticias\\\/conecta-con-la-esencia-de-una-ciudad-en-sus-bares\\\/#webpage\"},\"isPartOf\":{\"@id\":\"https:\\\/\\\/candas365.es\\\/noticias\\\/conecta-con-la-esencia-de-una-ciudad-en-sus-bares\\\/#webpage\"},\"articleSection\":\"Revista, Gastronom\\u00eda, Ocio\",\"dateline\":\"Publicado el abril 20, 2024.\"},{\"@type\":\"Organization\",\"@id\":\"https:\\\/\\\/candas365.es\\\/noticias\\\/#organization\",\"name\":\"Cand\\u00e1s 365\",\"description\":\"Cand\\u00e1s 365 es un diario digital independiente, fundado en 2012, con base en Asturias. Informamos con rigor sobre actualidad, sociedad, cultura y ocio, con una mirada local y global.\",\"url\":\"https:\\\/\\\/candas365.es\\\/noticias\\\/\",\"email\":\"info@candas365.es\",\"telephone\":\"+34652131393\",\"foundingDate\":\"2012-06-10\",\"logo\":{\"@type\":\"ImageObject\",\"url\":\"https:\\\/\\\/candas365.es\\\/noticias\\\/wp-content\\\/uploads\\\/2024\\\/09\\\/Candas-365-Redes.jpg\",\"@id\":\"https:\\\/\\\/candas365.es\\\/noticias\\\/conecta-con-la-esencia-de-una-ciudad-en-sus-bares\\\/#organizationLogo\",\"width\":1152,\"height\":864,\"caption\":\"Cand\\u00e1s 365 Redes\"},\"image\":{\"@id\":\"https:\\\/\\\/candas365.es\\\/noticias\\\/conecta-con-la-esencia-de-una-ciudad-en-sus-bares\\\/#organizationLogo\"},\"sameAs\":[\"https:\\\/\\\/www.facebook.com\\\/Nachofdezber\",\"https:\\\/\\\/x.com\\\/NabercoDigital\",\"https:\\\/\\\/www.instagram.com\\\/nachofdezber\\\/\",\"https:\\\/\\\/www.youtube.com\\\/channel\\\/UCZP-2wLEB9Rv6erhFmqVnvg\"],\"address\":{\"@id\":\"https:\\\/\\\/candas365.es\\\/noticias\\\/#postaladdress\",\"@type\":\"PostalAddress\",\"streetAddress\":\"san antonio 4, san antonio 4\",\"postalCode\":\"33430\",\"addressLocality\":\"Cand\\u00e1s\",\"addressRegion\":\"Asturias\",\"addressCountry\":\"ES\"}},{\"@type\":\"Person\",\"@id\":\"https:\\\/\\\/candas365.es\\\/noticias\\\/author\\\/admin\\\/#author\",\"url\":\"https:\\\/\\\/candas365.es\\\/noticias\\\/author\\\/admin\\\/\",\"name\":\"Cand\\u00e1s 365\",\"image\":{\"@type\":\"ImageObject\",\"@id\":\"https:\\\/\\\/candas365.es\\\/noticias\\\/conecta-con-la-esencia-de-una-ciudad-en-sus-bares\\\/#authorImage\",\"url\":\"https:\\\/\\\/secure.gravatar.com\\\/avatar\\\/496a8e03d0c493ede1718b7934145dbdf8d89be1036b0eec9544e1094c9de390?s=96&d=mm&r=g\",\"width\":96,\"height\":96,\"caption\":\"Cand\\u00e1s 365\"},\"sameAs\":[\"https:\\\/\\\/www.facebook.com\\\/carrenoactualidad\",\"https:\\\/\\\/twitter.com\\\/nbasturias\",\"https:\\\/\\\/www.instagram.com\\\/nachofdezber\\\/\",\"https:\\\/\\\/www.youtube.com\\\/channel\\\/UCZP-2wLEB9Rv6erhFmqVnvg\"]},{\"@type\":\"WebPage\",\"@id\":\"https:\\\/\\\/candas365.es\\\/noticias\\\/conecta-con-la-esencia-de-una-ciudad-en-sus-bares\\\/#webpage\",\"url\":\"https:\\\/\\\/candas365.es\\\/noticias\\\/conecta-con-la-esencia-de-una-ciudad-en-sus-bares\\\/\",\"name\":\"Conecta con la esencia de una ciudad en sus bares | Cand\\u00e1s 365\",\"description\":\"En el vibrante escenario culinario de Barcelona, Carles Armengol emerge como una figura destacada, defendiendo la noci\\u00f3n de que \\\"explorar los bares es la mejor\",\"inLanguage\":\"es-ES\",\"isPartOf\":{\"@id\":\"https:\\\/\\\/candas365.es\\\/noticias\\\/#website\"},\"breadcrumb\":{\"@id\":\"https:\\\/\\\/candas365.es\\\/noticias\\\/conecta-con-la-esencia-de-una-ciudad-en-sus-bares\\\/#breadcrumblist\"},\"author\":{\"@id\":\"https:\\\/\\\/candas365.es\\\/noticias\\\/author\\\/admin\\\/#author\"},\"creator\":{\"@id\":\"https:\\\/\\\/candas365.es\\\/noticias\\\/author\\\/admin\\\/#author\"},\"image\":{\"@type\":\"ImageObject\",\"url\":\"https:\\\/\\\/candas365.es\\\/noticias\\\/wp-content\\\/uploads\\\/2024\\\/04\\\/Podcast-bares-Barcelona.jpg\",\"@id\":\"https:\\\/\\\/candas365.es\\\/noticias\\\/conecta-con-la-esencia-de-una-ciudad-en-sus-bares\\\/#mainImage\",\"width\":1098,\"height\":589,\"caption\":\"Podcast bares Barcelona\"},\"primaryImageOfPage\":{\"@id\":\"https:\\\/\\\/candas365.es\\\/noticias\\\/conecta-con-la-esencia-de-una-ciudad-en-sus-bares\\\/#mainImage\"},\"datePublished\":\"2024-04-20T16:25:36+02:00\",\"dateModified\":\"2024-04-20T16:27:52+02:00\"},{\"@type\":\"WebSite\",\"@id\":\"https:\\\/\\\/candas365.es\\\/noticias\\\/#website\",\"url\":\"https:\\\/\\\/candas365.es\\\/noticias\\\/\",\"name\":\"Cand\\u00e1s 365\",\"alternateName\":\"Cand\\u00e1s 365 Noticias\",\"description\":\"Actualidad desde Carre\\u00f1o para el mundo\",\"inLanguage\":\"es-ES\",\"publisher\":{\"@id\":\"https:\\\/\\\/candas365.es\\\/noticias\\\/#organization\"}}]}\n\t\t<\/script>\n\t\t<!-- All in One SEO Pro -->\r\n\t\t<title>Conecta con la esencia de una ciudad en sus bares | Cand\u00e1s 365<\/title>\n\n","aioseo_head_json":{"title":"Conecta con la esencia de una ciudad en sus bares | Cand\u00e1s 365","description":"En el vibrante escenario culinario de Barcelona, Carles Armengol emerge como una figura destacada, defendiendo la noci\u00f3n de que \"explorar los bares es la mejor","canonical_url":"https:\/\/candas365.es\/noticias\/conecta-con-la-esencia-de-una-ciudad-en-sus-bares\/","robots":"max-image-preview:large","keywords":"revista","webmasterTools":{"google-site-verification":"UA-32230408-1","msvalidate.01":"354F3CDFB2DA171B47FBE9ABF1F88D5","miscellaneous":""},"schema":{"@context":"https:\/\/schema.org","@graph":[{"@type":"BreadcrumbList","@id":"https:\/\/candas365.es\/noticias\/conecta-con-la-esencia-de-una-ciudad-en-sus-bares\/#breadcrumblist","itemListElement":[{"@type":"ListItem","@id":"https:\/\/candas365.es\/noticias#listItem","position":1,"name":"Home","item":"https:\/\/candas365.es\/noticias","nextItem":{"@type":"ListItem","@id":"https:\/\/candas365.es\/noticias\/category\/revista\/#listItem","name":"Revista"}},{"@type":"ListItem","@id":"https:\/\/candas365.es\/noticias\/category\/revista\/#listItem","position":2,"name":"Revista","item":"https:\/\/candas365.es\/noticias\/category\/revista\/","nextItem":{"@type":"ListItem","@id":"https:\/\/candas365.es\/noticias\/conecta-con-la-esencia-de-una-ciudad-en-sus-bares\/#listItem","name":"Conecta con la esencia de una ciudad en sus bares"},"previousItem":{"@type":"ListItem","@id":"https:\/\/candas365.es\/noticias#listItem","name":"Home"}},{"@type":"ListItem","@id":"https:\/\/candas365.es\/noticias\/conecta-con-la-esencia-de-una-ciudad-en-sus-bares\/#listItem","position":3,"name":"Conecta con la esencia de una ciudad en sus bares","previousItem":{"@type":"ListItem","@id":"https:\/\/candas365.es\/noticias\/category\/revista\/#listItem","name":"Revista"}}]},{"@type":"NewsArticle","@id":"https:\/\/candas365.es\/noticias\/conecta-con-la-esencia-de-una-ciudad-en-sus-bares\/#newsarticle","name":"Conecta con la esencia de una ciudad en sus bares | Cand\u00e1s 365","headline":"Conecta con la esencia de una ciudad en sus bares","author":{"@id":"https:\/\/candas365.es\/noticias\/author\/admin\/#author"},"publisher":{"@id":"https:\/\/candas365.es\/noticias\/#organization"},"image":{"@type":"ImageObject","url":"https:\/\/candas365.es\/noticias\/wp-content\/uploads\/2024\/04\/Podcast-bares-Barcelona.jpg","width":1098,"height":589,"caption":"Podcast bares Barcelona"},"datePublished":"2024-04-20T16:25:36+02:00","dateModified":"2024-04-20T16:27:52+02:00","inLanguage":"es-ES","mainEntityOfPage":{"@id":"https:\/\/candas365.es\/noticias\/conecta-con-la-esencia-de-una-ciudad-en-sus-bares\/#webpage"},"isPartOf":{"@id":"https:\/\/candas365.es\/noticias\/conecta-con-la-esencia-de-una-ciudad-en-sus-bares\/#webpage"},"articleSection":"Revista, Gastronom\u00eda, Ocio","dateline":"Publicado el abril 20, 2024."},{"@type":"Organization","@id":"https:\/\/candas365.es\/noticias\/#organization","name":"Cand\u00e1s 365","description":"Cand\u00e1s 365 es un diario digital independiente, fundado en 2012, con base en Asturias. Informamos con rigor sobre actualidad, sociedad, cultura y ocio, con una mirada local y global.","url":"https:\/\/candas365.es\/noticias\/","email":"info@candas365.es","telephone":"+34652131393","foundingDate":"2012-06-10","logo":{"@type":"ImageObject","url":"https:\/\/candas365.es\/noticias\/wp-content\/uploads\/2024\/09\/Candas-365-Redes.jpg","@id":"https:\/\/candas365.es\/noticias\/conecta-con-la-esencia-de-una-ciudad-en-sus-bares\/#organizationLogo","width":1152,"height":864,"caption":"Cand\u00e1s 365 Redes"},"image":{"@id":"https:\/\/candas365.es\/noticias\/conecta-con-la-esencia-de-una-ciudad-en-sus-bares\/#organizationLogo"},"sameAs":["https:\/\/www.facebook.com\/Nachofdezber","https:\/\/x.com\/NabercoDigital","https:\/\/www.instagram.com\/nachofdezber\/","https:\/\/www.youtube.com\/channel\/UCZP-2wLEB9Rv6erhFmqVnvg"],"address":{"@id":"https:\/\/candas365.es\/noticias\/#postaladdress","@type":"PostalAddress","streetAddress":"san antonio 4, san antonio 4","postalCode":"33430","addressLocality":"Cand\u00e1s","addressRegion":"Asturias","addressCountry":"ES"}},{"@type":"Person","@id":"https:\/\/candas365.es\/noticias\/author\/admin\/#author","url":"https:\/\/candas365.es\/noticias\/author\/admin\/","name":"Cand\u00e1s 365","image":{"@type":"ImageObject","@id":"https:\/\/candas365.es\/noticias\/conecta-con-la-esencia-de-una-ciudad-en-sus-bares\/#authorImage","url":"https:\/\/secure.gravatar.com\/avatar\/496a8e03d0c493ede1718b7934145dbdf8d89be1036b0eec9544e1094c9de390?s=96&d=mm&r=g","width":96,"height":96,"caption":"Cand\u00e1s 365"},"sameAs":["https:\/\/www.facebook.com\/carrenoactualidad","https:\/\/twitter.com\/nbasturias","https:\/\/www.instagram.com\/nachofdezber\/","https:\/\/www.youtube.com\/channel\/UCZP-2wLEB9Rv6erhFmqVnvg"]},{"@type":"WebPage","@id":"https:\/\/candas365.es\/noticias\/conecta-con-la-esencia-de-una-ciudad-en-sus-bares\/#webpage","url":"https:\/\/candas365.es\/noticias\/conecta-con-la-esencia-de-una-ciudad-en-sus-bares\/","name":"Conecta con la esencia de una ciudad en sus bares | Cand\u00e1s 365","description":"En el vibrante escenario culinario de Barcelona, Carles Armengol emerge como una figura destacada, defendiendo la noci\u00f3n de que \"explorar los bares es la mejor","inLanguage":"es-ES","isPartOf":{"@id":"https:\/\/candas365.es\/noticias\/#website"},"breadcrumb":{"@id":"https:\/\/candas365.es\/noticias\/conecta-con-la-esencia-de-una-ciudad-en-sus-bares\/#breadcrumblist"},"author":{"@id":"https:\/\/candas365.es\/noticias\/author\/admin\/#author"},"creator":{"@id":"https:\/\/candas365.es\/noticias\/author\/admin\/#author"},"image":{"@type":"ImageObject","url":"https:\/\/candas365.es\/noticias\/wp-content\/uploads\/2024\/04\/Podcast-bares-Barcelona.jpg","@id":"https:\/\/candas365.es\/noticias\/conecta-con-la-esencia-de-una-ciudad-en-sus-bares\/#mainImage","width":1098,"height":589,"caption":"Podcast bares Barcelona"},"primaryImageOfPage":{"@id":"https:\/\/candas365.es\/noticias\/conecta-con-la-esencia-de-una-ciudad-en-sus-bares\/#mainImage"},"datePublished":"2024-04-20T16:25:36+02:00","dateModified":"2024-04-20T16:27:52+02:00"},{"@type":"WebSite","@id":"https:\/\/candas365.es\/noticias\/#website","url":"https:\/\/candas365.es\/noticias\/","name":"Cand\u00e1s 365","alternateName":"Cand\u00e1s 365 Noticias","description":"Actualidad desde Carre\u00f1o para el mundo","inLanguage":"es-ES","publisher":{"@id":"https:\/\/candas365.es\/noticias\/#organization"}}]},"og:locale":"es_ES","og:site_name":"Cand\u00e1s 365","og:type":"article","og:title":"Conecta con la esencia de una ciudad en sus bares | Cand\u00e1s 365","og:description":"En el vibrante escenario culinario de Barcelona, Carles Armengol emerge como una figura destacada, defendiendo la noci\u00f3n de que &quot;explorar los bares es la mejor","og:url":"https:\/\/candas365.es\/noticias\/conecta-con-la-esencia-de-una-ciudad-en-sus-bares\/","og:image":"https:\/\/candas365.es\/noticias\/wp-content\/uploads\/2024\/04\/Podcast-bares-Barcelona.jpg","og:image:secure_url":"https:\/\/candas365.es\/noticias\/wp-content\/uploads\/2024\/04\/Podcast-bares-Barcelona.jpg","og:image:width":1098,"og:image:height":589,"article:published_time":"2024-04-20T14:25:36+00:00","article:modified_time":"2024-04-20T14:27:52+00:00","article:publisher":"https:\/\/www.facebook.com\/Nachofdezber","article:author":"https:\/\/www.facebook.com\/carrenoactualidad","twitter:card":"summary_large_image","twitter:site":"@NabercoDigital","twitter:title":"Conecta con la esencia de una ciudad en sus bares | Cand\u00e1s 365","twitter:description":"En el vibrante escenario culinario de Barcelona, Carles Armengol emerge como una figura destacada, defendiendo la noci\u00f3n de que &quot;explorar los bares es la mejor","twitter:creator":"@nbasturias","twitter:image":"https:\/\/candas365.es\/noticias\/wp-content\/uploads\/2024\/04\/Podcast-bares-Barcelona.jpg","twitter:label1":"Escrito por","twitter:data1":"Cand\u00e1s 365","twitter:label2":"Tiempo de lectura estimado","twitter:data2":"4 minutos"},"aioseo_meta_data":{"post_id":"179861","title":null,"description":"En el vibrante escenario culinario de Barcelona, Carles Armengol emerge como una figura destacada, defendiendo la noci\u00f3n de que \"explorar los bares es la mejor","keywords":null,"keyphrases":{"focus":{"keyphrase":"bares","score":91,"analysis":{"keyphraseInTitle":{"score":9,"maxScore":9,"error":0},"keyphraseInDescription":{"score":9,"maxScore":9,"error":0},"keyphraseLength":{"score":9,"maxScore":9,"error":0,"length":1},"keyphraseInURL":{"score":5,"maxScore":5,"error":0},"keyphraseInIntroduction":{"score":9,"maxScore":9,"error":0},"keyphraseInSubHeadings":{"score":3,"maxScore":9,"error":1},"keyphraseInImageAlt":{"score":9,"maxScore":9,"error":0},"keywordDensity":{"type":"best","score":9,"maxScore":9,"error":0}}},"additional":[{"keyphrase":"bares","score":100,"analysis":{"keyphraseInDescription":{"score":9,"maxScore":9,"error":0},"keyphraseLength":{"score":9,"maxScore":9,"error":0,"length":1},"keyphraseInIntroduction":{"score":9,"maxScore":9,"error":0},"keyphraseInImageAlt":{"score":9,"maxScore":9,"error":0},"keywordDensity":{"type":"best","score":9,"maxScore":9,"error":0}}}]},"primary_term":null,"canonical_url":null,"og_title":null,"og_description":null,"og_object_type":"default","og_image_type":"default","og_image_url":null,"og_image_width":null,"og_image_height":null,"og_image_custom_url":null,"og_image_custom_fields":null,"og_video":"","og_custom_url":null,"og_article_section":null,"og_article_tags":null,"twitter_use_og":false,"twitter_card":"default","twitter_image_type":"default","twitter_image_url":null,"twitter_image_custom_url":null,"twitter_image_custom_fields":null,"twitter_title":null,"twitter_description":null,"schema":{"blockGraphs":[],"customGraphs":[],"default":{"data":{"Article":[],"Course":[],"Dataset":[],"FAQPage":[],"Movie":[],"Person":[],"Product":[],"ProductReview":[],"Car":[],"Recipe":[],"Service":[],"SoftwareApplication":[],"WebPage":[]},"graphName":"Article","isEnabled":true},"graphs":[]},"schema_type":"default","schema_type_options":null,"pillar_content":false,"robots_default":true,"robots_noindex":false,"robots_noarchive":false,"robots_nosnippet":false,"robots_nofollow":false,"robots_noimageindex":false,"robots_noodp":false,"robots_notranslate":false,"robots_max_snippet":"-1","robots_max_videopreview":"-1","robots_max_imagepreview":"large","priority":null,"frequency":"default","location":null,"local_seo":null,"seo_analyzer_scan_date":"2025-09-02 07:23:14","breadcrumb_settings":null,"limit_modified_date":false,"reviewed_by":null,"open_ai":"{\"title\":{\"suggestions\":[],\"usage\":0},\"description\":{\"suggestions\":[],\"usage\":0}}","ai":null,"created":"2024-04-20 14:20:53","updated":"2025-09-02 07:23:14"},"aioseo_breadcrumb":"<div class=\"aioseo-breadcrumbs\"><span class=\"aioseo-breadcrumb\">\n\t<a href=\"https:\/\/candas365.es\/noticias\" title=\"Home\">Home<\/a>\n<\/span><span class=\"aioseo-breadcrumb-separator\">&ndash;<\/span><span class=\"aioseo-breadcrumb\">\n\t<a href=\"https:\/\/candas365.es\/noticias\/category\/revista\/\" title=\"Revista\">Revista<\/a>\n<\/span><span class=\"aioseo-breadcrumb-separator\">&ndash;<\/span><span class=\"aioseo-breadcrumb\">\n\tConecta con la esencia de una ciudad en sus bares\n<\/span><\/div>","aioseo_breadcrumb_json":[{"label":"Home","link":"https:\/\/candas365.es\/noticias"},{"label":"Revista","link":"https:\/\/candas365.es\/noticias\/category\/revista\/"},{"label":"Conecta con la esencia de una ciudad en sus bares","link":"https:\/\/candas365.es\/noticias\/conecta-con-la-esencia-de-una-ciudad-en-sus-bares\/"}],"_links":{"self":[{"href":"https:\/\/candas365.es\/noticias\/wp-json\/wp\/v2\/posts\/179861","targetHints":{"allow":["GET"]}}],"collection":[{"href":"https:\/\/candas365.es\/noticias\/wp-json\/wp\/v2\/posts"}],"about":[{"href":"https:\/\/candas365.es\/noticias\/wp-json\/wp\/v2\/types\/post"}],"author":[{"embeddable":true,"href":"https:\/\/candas365.es\/noticias\/wp-json\/wp\/v2\/users\/1"}],"replies":[{"embeddable":true,"href":"https:\/\/candas365.es\/noticias\/wp-json\/wp\/v2\/comments?post=179861"}],"version-history":[{"count":0,"href":"https:\/\/candas365.es\/noticias\/wp-json\/wp\/v2\/posts\/179861\/revisions"}],"wp:featuredmedia":[{"embeddable":true,"href":"https:\/\/candas365.es\/noticias\/wp-json\/wp\/v2\/media\/179862"}],"wp:attachment":[{"href":"https:\/\/candas365.es\/noticias\/wp-json\/wp\/v2\/media?parent=179861"}],"wp:term":[{"taxonomy":"category","embeddable":true,"href":"https:\/\/candas365.es\/noticias\/wp-json\/wp\/v2\/categories?post=179861"},{"taxonomy":"post_tag","embeddable":true,"href":"https:\/\/candas365.es\/noticias\/wp-json\/wp\/v2\/tags?post=179861"}],"curies":[{"name":"wp","href":"https:\/\/api.w.org\/{rel}","templated":true}]}}