{"id":179849,"date":"2024-04-19T16:48:54","date_gmt":"2024-04-19T14:48:54","guid":{"rendered":"https:\/\/candas365.es\/noticias\/?p=179849"},"modified":"2024-04-19T16:48:54","modified_gmt":"2024-04-19T14:48:54","slug":"asturias-se-promocionara-en-las-calles-de-europa","status":"publish","type":"post","link":"https:\/\/candas365.es\/noticias\/asturias-se-promocionara-en-las-calles-de-europa\/","title":{"rendered":"Asturias se promocionar\u00e1 en las calles de Europa"},"content":{"rendered":"<p>Asturias recorrer\u00e1 las principales calles y ciudades de Europa dentro de su campa\u00f1a de promoci\u00f3n tur\u00edstica, desde el <a title=\"Principado de Asturias\" href=\"https:\/\/actualidad.asturias.es\/\" target=\"_blank\" rel=\"noopener\"><span style=\"color: #ff6600;\"><strong>Gobierno del Principado<\/strong><\/span><\/a> han dicho que duplicar\u00e1n este a\u00f1o la inversi\u00f3n en promoci\u00f3n internacional, que supera los dos millones de euros.<\/p>\n<figure id=\"attachment_179850\" aria-describedby=\"caption-attachment-179850\" style=\"width: 650px\" class=\"wp-caption aligncenter\"><img fetchpriority=\"high\" decoding=\"async\" class=\"size-large wp-image-179850\" src=\"https:\/\/candas365.es\/noticias\/wp-content\/uploads\/2024\/04\/Asturias-promocion-Europa-650x437.jpg\" alt=\"Asturias promoci\u00f3n Europa\" width=\"650\" height=\"437\" srcset=\"https:\/\/candas365.es\/noticias\/wp-content\/uploads\/2024\/04\/Asturias-promocion-Europa-650x437.jpg 650w, https:\/\/candas365.es\/noticias\/wp-content\/uploads\/2024\/04\/Asturias-promocion-Europa-360x242.jpg 360w, https:\/\/candas365.es\/noticias\/wp-content\/uploads\/2024\/04\/Asturias-promocion-Europa-768x517.jpg 768w, https:\/\/candas365.es\/noticias\/wp-content\/uploads\/2024\/04\/Asturias-promocion-Europa-150x101.jpg 150w, https:\/\/candas365.es\/noticias\/wp-content\/uploads\/2024\/04\/Asturias-promocion-Europa-450x303.jpg 450w, https:\/\/candas365.es\/noticias\/wp-content\/uploads\/2024\/04\/Asturias-promocion-Europa.jpg 994w\" sizes=\"(max-width: 650px) 100vw, 650px\" \/><figcaption id=\"caption-attachment-179850\" class=\"wp-caption-text\">Foto. Prensa Gobierno de Asturias<\/figcaption><\/figure>\n<p>La Consejer\u00eda de Presidencia, Reto Demogr\u00e1fico, Igualdad y Turismo invierte este a\u00f1o m\u00e1s de dos millones en la promoci\u00f3n internacional de Asturias, una cifra que duplica la del anterior contrato y que supone el cumplimiento de uno de los compromisos del Gobierno de Asturias.<\/p>\n<p>Francia, Reino Unido, Alemania, Pa\u00edses Bajos, Italia, Portugal y B\u00e9lgica son los pa\u00edses en los que se centra este a\u00f1o la campa\u00f1a, que ya ha llegado a la capital brit\u00e1nica. Por las calles de Londres circulan desde hoy taxis con im\u00e1genes del Para\u00edso Natural.<\/p>\n<p>En pr\u00f3ximas semanas, las fotograf\u00edas se mostrar\u00e1n tambi\u00e9n en tranv\u00edas de Lisboa (Portugal), Roma (Italia) y Bruselas (B\u00e9lgica), as\u00ed como en el transporte p\u00fablico de Alemania. Todas estas acciones buscan potenciar la llegada de visitantes extranjeros y superar el r\u00e9cord de 2023.<\/p>\n<p>Asturias alcanz\u00f3 un nuevo hito el pasado a\u00f1o en <a href=\"https:\/\/candas365.es\/noticias\/category\/turismo\/\"><span style=\"color: #ff6600;\"><strong>turismo internacional<\/strong><\/span><\/a>, un sector que acapar\u00f3 el 22,2% del total de viajeros y el 18,5% de las estancias. En suma, visitaron la comunidad 614.585 extranjeros que generaron 1.236.800 pernoctaciones, cifras que suponen incrementos del 35,7% y de casi el 27%, respectivamente, respecto a 2022.<\/p>\n<p>El balance del pasado a\u00f1o refrenda la estrategia de desestacionalizaci\u00f3n del Gobierno de Asturias, ya que de junio a septiembre se registr\u00f3 un aumento del 10,4% y del 6% en turistas y estancias, respectivamente, mientras que en los ocho meses restantes el incremento se elev\u00f3 hasta el 18,2% y el 16,1%, respectivamente.<\/p>\n<p>\u201cLa nueva conectividad, el hecho de que Asturias est\u00e9 hiperconectada, nos permitir\u00e1 acelerar el proceso de desestacionalizaci\u00f3n tur\u00edstica, que ya est\u00e1 dando frutos. Para apoyar esa desestacionalizaci\u00f3n tambi\u00e9n es fundamental continuar creciendo en turismo extranjero, otro de nuestros retos. Desde Turismo estamos redoblando el esfuerzo en la promoci\u00f3n internacional para lograr ese doble objetivo\u201d, ha se\u00f1alado la vicepresidenta, Gimena Llamedo.<\/p>\n","protected":false},"excerpt":{"rendered":"<p>Asturias recorrer\u00e1 las principales calles y ciudades de Europa dentro de su campa\u00f1a de promoci\u00f3n tur\u00edstica, desde el Gobierno del Principado han dicho que duplicar\u00e1n este a\u00f1o la inversi\u00f3n en promoci\u00f3n internacional, que supera los dos millones de euros. La Consejer\u00eda de Presidencia, Reto Demogr\u00e1fico, Igualdad y Turismo invierte este a\u00f1o m\u00e1s de dos millones<\/p>\n","protected":false},"author":1,"featured_media":179850,"comment_status":"closed","ping_status":"closed","sticky":false,"template":"","format":"standard","meta":{"footnotes":""},"categories":[359],"tags":[380,412],"class_list":{"0":"post-179849","1":"post","2":"type-post","3":"status-publish","4":"format-standard","5":"has-post-thumbnail","7":"category-turismo","8":"tag-asturias","9":"tag-turismo"},"aioseo_notices":[],"aioseo_head":"\n\t\t<!-- All in One SEO Pro 4.9.6.2 - aioseo.com -->\n\t<meta name=\"description\" content=\"Asturias recorrer\u00e1 las principales calles y ciudades de Europa dentro de su campa\u00f1a de promoci\u00f3n tur\u00edstica, desde el Gobierno del Principado han dicho\" \/>\n\t<meta name=\"robots\" content=\"max-image-preview:large\" \/>\n\t<meta name=\"author\" content=\"Cand\u00e1s 365\"\/>\n\t<meta name=\"google-site-verification\" content=\"UA-32230408-1\" \/>\n\t<meta name=\"msvalidate.01\" content=\"354F3CDFB2DA171B47FBE9ABF1F88D5\" \/>\n\t<meta name=\"keywords\" content=\"turismo\" \/>\n\t<link rel=\"canonical\" href=\"https:\/\/candas365.es\/noticias\/asturias-se-promocionara-en-las-calles-de-europa\/\" \/>\n\t<meta name=\"generator\" content=\"All in One SEO Pro (AIOSEO) 4.9.6.2\" \/>\n\t\t<meta property=\"og:locale\" content=\"es_ES\" \/>\n\t\t<meta property=\"og:site_name\" content=\"Cand\u00e1s 365\" \/>\n\t\t<meta property=\"og:type\" content=\"article\" \/>\n\t\t<meta property=\"og:title\" content=\"Asturias se promocionar\u00e1 en las calles de Europa | Cand\u00e1s 365\" \/>\n\t\t<meta property=\"og:description\" content=\"Asturias recorrer\u00e1 las principales calles y ciudades de Europa dentro de su campa\u00f1a de promoci\u00f3n tur\u00edstica, desde el Gobierno del Principado han dicho\" \/>\n\t\t<meta property=\"og:url\" content=\"https:\/\/candas365.es\/noticias\/asturias-se-promocionara-en-las-calles-de-europa\/\" \/>\n\t\t<meta property=\"og:image\" content=\"https:\/\/candas365.es\/noticias\/wp-content\/uploads\/2024\/04\/Asturias-promocion-Europa.jpg\" \/>\n\t\t<meta property=\"og:image:secure_url\" content=\"https:\/\/candas365.es\/noticias\/wp-content\/uploads\/2024\/04\/Asturias-promocion-Europa.jpg\" \/>\n\t\t<meta property=\"og:image:width\" content=\"994\" \/>\n\t\t<meta property=\"og:image:height\" content=\"669\" \/>\n\t\t<meta property=\"article:published_time\" content=\"2024-04-19T14:48:54+00:00\" \/>\n\t\t<meta property=\"article:modified_time\" content=\"2024-04-19T14:48:54+00:00\" \/>\n\t\t<meta property=\"article:publisher\" content=\"https:\/\/www.facebook.com\/Nachofdezber\" \/>\n\t\t<meta property=\"article:author\" content=\"https:\/\/www.facebook.com\/carrenoactualidad\" \/>\n\t\t<meta name=\"twitter:card\" content=\"summary_large_image\" \/>\n\t\t<meta name=\"twitter:site\" content=\"@NabercoDigital\" \/>\n\t\t<meta name=\"twitter:title\" content=\"Asturias se promocionar\u00e1 en las calles de Europa | Cand\u00e1s 365\" \/>\n\t\t<meta name=\"twitter:description\" content=\"Asturias recorrer\u00e1 las principales calles y ciudades de Europa dentro de su campa\u00f1a de promoci\u00f3n tur\u00edstica, desde el Gobierno del Principado han dicho\" \/>\n\t\t<meta name=\"twitter:creator\" content=\"@nbasturias\" \/>\n\t\t<meta name=\"twitter:image\" content=\"https:\/\/candas365.es\/noticias\/wp-content\/uploads\/2024\/04\/Asturias-promocion-Europa.jpg\" \/>\n\t\t<meta name=\"twitter:label1\" content=\"Escrito por\" \/>\n\t\t<meta name=\"twitter:data1\" content=\"Cand\u00e1s 365\" \/>\n\t\t<meta name=\"twitter:label2\" content=\"Tiempo de lectura estimado\" \/>\n\t\t<meta name=\"twitter:data2\" content=\"2 minutos\" \/>\n\t\t<script type=\"application\/ld+json\" class=\"aioseo-schema\">\n\t\t\t{\"@context\":\"https:\\\/\\\/schema.org\",\"@graph\":[{\"@type\":\"BreadcrumbList\",\"@id\":\"https:\\\/\\\/candas365.es\\\/noticias\\\/asturias-se-promocionara-en-las-calles-de-europa\\\/#breadcrumblist\",\"itemListElement\":[{\"@type\":\"ListItem\",\"@id\":\"https:\\\/\\\/candas365.es\\\/noticias#listItem\",\"position\":1,\"name\":\"Home\",\"item\":\"https:\\\/\\\/candas365.es\\\/noticias\",\"nextItem\":{\"@type\":\"ListItem\",\"@id\":\"https:\\\/\\\/candas365.es\\\/noticias\\\/category\\\/turismo\\\/#listItem\",\"name\":\"Turismo\"}},{\"@type\":\"ListItem\",\"@id\":\"https:\\\/\\\/candas365.es\\\/noticias\\\/category\\\/turismo\\\/#listItem\",\"position\":2,\"name\":\"Turismo\",\"item\":\"https:\\\/\\\/candas365.es\\\/noticias\\\/category\\\/turismo\\\/\",\"nextItem\":{\"@type\":\"ListItem\",\"@id\":\"https:\\\/\\\/candas365.es\\\/noticias\\\/asturias-se-promocionara-en-las-calles-de-europa\\\/#listItem\",\"name\":\"Asturias se promocionar\\u00e1 en las calles de Europa\"},\"previousItem\":{\"@type\":\"ListItem\",\"@id\":\"https:\\\/\\\/candas365.es\\\/noticias#listItem\",\"name\":\"Home\"}},{\"@type\":\"ListItem\",\"@id\":\"https:\\\/\\\/candas365.es\\\/noticias\\\/asturias-se-promocionara-en-las-calles-de-europa\\\/#listItem\",\"position\":3,\"name\":\"Asturias se promocionar\\u00e1 en las calles de Europa\",\"previousItem\":{\"@type\":\"ListItem\",\"@id\":\"https:\\\/\\\/candas365.es\\\/noticias\\\/category\\\/turismo\\\/#listItem\",\"name\":\"Turismo\"}}]},{\"@type\":\"NewsArticle\",\"@id\":\"https:\\\/\\\/candas365.es\\\/noticias\\\/asturias-se-promocionara-en-las-calles-de-europa\\\/#newsarticle\",\"name\":\"Asturias se promocionar\\u00e1 en las calles de Europa | Cand\\u00e1s 365\",\"headline\":\"Asturias se promocionar\\u00e1 en las calles de Europa\",\"author\":{\"@id\":\"https:\\\/\\\/candas365.es\\\/noticias\\\/author\\\/admin\\\/#author\"},\"publisher\":{\"@id\":\"https:\\\/\\\/candas365.es\\\/noticias\\\/#organization\"},\"image\":{\"@type\":\"ImageObject\",\"url\":\"https:\\\/\\\/candas365.es\\\/noticias\\\/wp-content\\\/uploads\\\/2024\\\/04\\\/Asturias-promocion-Europa.jpg\",\"width\":994,\"height\":669,\"caption\":\"Foto. Prensa Gobierno de Asturias\"},\"datePublished\":\"2024-04-19T16:48:54+02:00\",\"dateModified\":\"2024-04-19T16:48:54+02:00\",\"inLanguage\":\"es-ES\",\"mainEntityOfPage\":{\"@id\":\"https:\\\/\\\/candas365.es\\\/noticias\\\/asturias-se-promocionara-en-las-calles-de-europa\\\/#webpage\"},\"isPartOf\":{\"@id\":\"https:\\\/\\\/candas365.es\\\/noticias\\\/asturias-se-promocionara-en-las-calles-de-europa\\\/#webpage\"},\"articleSection\":\"Turismo, Asturias, turismo\",\"dateline\":\"Publicado el abril 19, 2024.\"},{\"@type\":\"Organization\",\"@id\":\"https:\\\/\\\/candas365.es\\\/noticias\\\/#organization\",\"name\":\"Cand\\u00e1s 365\",\"description\":\"Cand\\u00e1s 365 es un diario digital independiente, fundado en 2012, con base en Asturias. Informamos con rigor sobre actualidad, sociedad, cultura y ocio, con una mirada local y global.\",\"url\":\"https:\\\/\\\/candas365.es\\\/noticias\\\/\",\"email\":\"info@candas365.es\",\"telephone\":\"+34652131393\",\"foundingDate\":\"2012-06-10\",\"logo\":{\"@type\":\"ImageObject\",\"url\":\"https:\\\/\\\/candas365.es\\\/noticias\\\/wp-content\\\/uploads\\\/2024\\\/09\\\/Candas-365-Redes.jpg\",\"@id\":\"https:\\\/\\\/candas365.es\\\/noticias\\\/asturias-se-promocionara-en-las-calles-de-europa\\\/#organizationLogo\",\"width\":1152,\"height\":864,\"caption\":\"Cand\\u00e1s 365 Redes\"},\"image\":{\"@id\":\"https:\\\/\\\/candas365.es\\\/noticias\\\/asturias-se-promocionara-en-las-calles-de-europa\\\/#organizationLogo\"},\"sameAs\":[\"https:\\\/\\\/www.facebook.com\\\/Nachofdezber\",\"https:\\\/\\\/x.com\\\/NabercoDigital\",\"https:\\\/\\\/www.instagram.com\\\/nachofdezber\\\/\",\"https:\\\/\\\/www.youtube.com\\\/channel\\\/UCZP-2wLEB9Rv6erhFmqVnvg\"],\"address\":{\"@id\":\"https:\\\/\\\/candas365.es\\\/noticias\\\/#postaladdress\",\"@type\":\"PostalAddress\",\"streetAddress\":\"san antonio 4, san antonio 4\",\"postalCode\":\"33430\",\"addressLocality\":\"Cand\\u00e1s\",\"addressRegion\":\"Asturias\",\"addressCountry\":\"ES\"}},{\"@type\":\"Person\",\"@id\":\"https:\\\/\\\/candas365.es\\\/noticias\\\/author\\\/admin\\\/#author\",\"url\":\"https:\\\/\\\/candas365.es\\\/noticias\\\/author\\\/admin\\\/\",\"name\":\"Cand\\u00e1s 365\",\"image\":{\"@type\":\"ImageObject\",\"@id\":\"https:\\\/\\\/candas365.es\\\/noticias\\\/asturias-se-promocionara-en-las-calles-de-europa\\\/#authorImage\",\"url\":\"https:\\\/\\\/secure.gravatar.com\\\/avatar\\\/496a8e03d0c493ede1718b7934145dbdf8d89be1036b0eec9544e1094c9de390?s=96&d=mm&r=g\",\"width\":96,\"height\":96,\"caption\":\"Cand\\u00e1s 365\"},\"sameAs\":[\"https:\\\/\\\/www.facebook.com\\\/carrenoactualidad\",\"https:\\\/\\\/twitter.com\\\/nbasturias\",\"https:\\\/\\\/www.instagram.com\\\/nachofdezber\\\/\",\"https:\\\/\\\/www.youtube.com\\\/channel\\\/UCZP-2wLEB9Rv6erhFmqVnvg\"]},{\"@type\":\"WebPage\",\"@id\":\"https:\\\/\\\/candas365.es\\\/noticias\\\/asturias-se-promocionara-en-las-calles-de-europa\\\/#webpage\",\"url\":\"https:\\\/\\\/candas365.es\\\/noticias\\\/asturias-se-promocionara-en-las-calles-de-europa\\\/\",\"name\":\"Asturias se promocionar\\u00e1 en las calles de Europa | Cand\\u00e1s 365\",\"description\":\"Asturias recorrer\\u00e1 las principales calles y ciudades de Europa dentro de su campa\\u00f1a de promoci\\u00f3n tur\\u00edstica, desde el Gobierno del Principado han dicho\",\"inLanguage\":\"es-ES\",\"isPartOf\":{\"@id\":\"https:\\\/\\\/candas365.es\\\/noticias\\\/#website\"},\"breadcrumb\":{\"@id\":\"https:\\\/\\\/candas365.es\\\/noticias\\\/asturias-se-promocionara-en-las-calles-de-europa\\\/#breadcrumblist\"},\"author\":{\"@id\":\"https:\\\/\\\/candas365.es\\\/noticias\\\/author\\\/admin\\\/#author\"},\"creator\":{\"@id\":\"https:\\\/\\\/candas365.es\\\/noticias\\\/author\\\/admin\\\/#author\"},\"image\":{\"@type\":\"ImageObject\",\"url\":\"https:\\\/\\\/candas365.es\\\/noticias\\\/wp-content\\\/uploads\\\/2024\\\/04\\\/Asturias-promocion-Europa.jpg\",\"@id\":\"https:\\\/\\\/candas365.es\\\/noticias\\\/asturias-se-promocionara-en-las-calles-de-europa\\\/#mainImage\",\"width\":994,\"height\":669,\"caption\":\"Foto. Prensa Gobierno de Asturias\"},\"primaryImageOfPage\":{\"@id\":\"https:\\\/\\\/candas365.es\\\/noticias\\\/asturias-se-promocionara-en-las-calles-de-europa\\\/#mainImage\"},\"datePublished\":\"2024-04-19T16:48:54+02:00\",\"dateModified\":\"2024-04-19T16:48:54+02:00\"},{\"@type\":\"WebSite\",\"@id\":\"https:\\\/\\\/candas365.es\\\/noticias\\\/#website\",\"url\":\"https:\\\/\\\/candas365.es\\\/noticias\\\/\",\"name\":\"Cand\\u00e1s 365\",\"alternateName\":\"Cand\\u00e1s 365 Noticias\",\"description\":\"Actualidad desde Carre\\u00f1o para el mundo\",\"inLanguage\":\"es-ES\",\"publisher\":{\"@id\":\"https:\\\/\\\/candas365.es\\\/noticias\\\/#organization\"}}]}\n\t\t<\/script>\n\t\t<!-- All in One SEO Pro -->\r\n\t\t<title>Asturias se promocionar\u00e1 en las calles de Europa | Cand\u00e1s 365<\/title>\n\n","aioseo_head_json":{"title":"Asturias se promocionar\u00e1 en las calles de Europa | Cand\u00e1s 365","description":"Asturias recorrer\u00e1 las principales calles y ciudades de Europa dentro de su campa\u00f1a de promoci\u00f3n tur\u00edstica, desde el Gobierno del Principado han dicho","canonical_url":"https:\/\/candas365.es\/noticias\/asturias-se-promocionara-en-las-calles-de-europa\/","robots":"max-image-preview:large","keywords":"turismo","webmasterTools":{"google-site-verification":"UA-32230408-1","msvalidate.01":"354F3CDFB2DA171B47FBE9ABF1F88D5","miscellaneous":""},"schema":{"@context":"https:\/\/schema.org","@graph":[{"@type":"BreadcrumbList","@id":"https:\/\/candas365.es\/noticias\/asturias-se-promocionara-en-las-calles-de-europa\/#breadcrumblist","itemListElement":[{"@type":"ListItem","@id":"https:\/\/candas365.es\/noticias#listItem","position":1,"name":"Home","item":"https:\/\/candas365.es\/noticias","nextItem":{"@type":"ListItem","@id":"https:\/\/candas365.es\/noticias\/category\/turismo\/#listItem","name":"Turismo"}},{"@type":"ListItem","@id":"https:\/\/candas365.es\/noticias\/category\/turismo\/#listItem","position":2,"name":"Turismo","item":"https:\/\/candas365.es\/noticias\/category\/turismo\/","nextItem":{"@type":"ListItem","@id":"https:\/\/candas365.es\/noticias\/asturias-se-promocionara-en-las-calles-de-europa\/#listItem","name":"Asturias se promocionar\u00e1 en las calles de Europa"},"previousItem":{"@type":"ListItem","@id":"https:\/\/candas365.es\/noticias#listItem","name":"Home"}},{"@type":"ListItem","@id":"https:\/\/candas365.es\/noticias\/asturias-se-promocionara-en-las-calles-de-europa\/#listItem","position":3,"name":"Asturias se promocionar\u00e1 en las calles de Europa","previousItem":{"@type":"ListItem","@id":"https:\/\/candas365.es\/noticias\/category\/turismo\/#listItem","name":"Turismo"}}]},{"@type":"NewsArticle","@id":"https:\/\/candas365.es\/noticias\/asturias-se-promocionara-en-las-calles-de-europa\/#newsarticle","name":"Asturias se promocionar\u00e1 en las calles de Europa | Cand\u00e1s 365","headline":"Asturias se promocionar\u00e1 en las calles de Europa","author":{"@id":"https:\/\/candas365.es\/noticias\/author\/admin\/#author"},"publisher":{"@id":"https:\/\/candas365.es\/noticias\/#organization"},"image":{"@type":"ImageObject","url":"https:\/\/candas365.es\/noticias\/wp-content\/uploads\/2024\/04\/Asturias-promocion-Europa.jpg","width":994,"height":669,"caption":"Foto. Prensa Gobierno de Asturias"},"datePublished":"2024-04-19T16:48:54+02:00","dateModified":"2024-04-19T16:48:54+02:00","inLanguage":"es-ES","mainEntityOfPage":{"@id":"https:\/\/candas365.es\/noticias\/asturias-se-promocionara-en-las-calles-de-europa\/#webpage"},"isPartOf":{"@id":"https:\/\/candas365.es\/noticias\/asturias-se-promocionara-en-las-calles-de-europa\/#webpage"},"articleSection":"Turismo, Asturias, turismo","dateline":"Publicado el abril 19, 2024."},{"@type":"Organization","@id":"https:\/\/candas365.es\/noticias\/#organization","name":"Cand\u00e1s 365","description":"Cand\u00e1s 365 es un diario digital independiente, fundado en 2012, con base en Asturias. Informamos con rigor sobre actualidad, sociedad, cultura y ocio, con una mirada local y global.","url":"https:\/\/candas365.es\/noticias\/","email":"info@candas365.es","telephone":"+34652131393","foundingDate":"2012-06-10","logo":{"@type":"ImageObject","url":"https:\/\/candas365.es\/noticias\/wp-content\/uploads\/2024\/09\/Candas-365-Redes.jpg","@id":"https:\/\/candas365.es\/noticias\/asturias-se-promocionara-en-las-calles-de-europa\/#organizationLogo","width":1152,"height":864,"caption":"Cand\u00e1s 365 Redes"},"image":{"@id":"https:\/\/candas365.es\/noticias\/asturias-se-promocionara-en-las-calles-de-europa\/#organizationLogo"},"sameAs":["https:\/\/www.facebook.com\/Nachofdezber","https:\/\/x.com\/NabercoDigital","https:\/\/www.instagram.com\/nachofdezber\/","https:\/\/www.youtube.com\/channel\/UCZP-2wLEB9Rv6erhFmqVnvg"],"address":{"@id":"https:\/\/candas365.es\/noticias\/#postaladdress","@type":"PostalAddress","streetAddress":"san antonio 4, san antonio 4","postalCode":"33430","addressLocality":"Cand\u00e1s","addressRegion":"Asturias","addressCountry":"ES"}},{"@type":"Person","@id":"https:\/\/candas365.es\/noticias\/author\/admin\/#author","url":"https:\/\/candas365.es\/noticias\/author\/admin\/","name":"Cand\u00e1s 365","image":{"@type":"ImageObject","@id":"https:\/\/candas365.es\/noticias\/asturias-se-promocionara-en-las-calles-de-europa\/#authorImage","url":"https:\/\/secure.gravatar.com\/avatar\/496a8e03d0c493ede1718b7934145dbdf8d89be1036b0eec9544e1094c9de390?s=96&d=mm&r=g","width":96,"height":96,"caption":"Cand\u00e1s 365"},"sameAs":["https:\/\/www.facebook.com\/carrenoactualidad","https:\/\/twitter.com\/nbasturias","https:\/\/www.instagram.com\/nachofdezber\/","https:\/\/www.youtube.com\/channel\/UCZP-2wLEB9Rv6erhFmqVnvg"]},{"@type":"WebPage","@id":"https:\/\/candas365.es\/noticias\/asturias-se-promocionara-en-las-calles-de-europa\/#webpage","url":"https:\/\/candas365.es\/noticias\/asturias-se-promocionara-en-las-calles-de-europa\/","name":"Asturias se promocionar\u00e1 en las calles de Europa | Cand\u00e1s 365","description":"Asturias recorrer\u00e1 las principales calles y ciudades de Europa dentro de su campa\u00f1a de promoci\u00f3n tur\u00edstica, desde el Gobierno del Principado han dicho","inLanguage":"es-ES","isPartOf":{"@id":"https:\/\/candas365.es\/noticias\/#website"},"breadcrumb":{"@id":"https:\/\/candas365.es\/noticias\/asturias-se-promocionara-en-las-calles-de-europa\/#breadcrumblist"},"author":{"@id":"https:\/\/candas365.es\/noticias\/author\/admin\/#author"},"creator":{"@id":"https:\/\/candas365.es\/noticias\/author\/admin\/#author"},"image":{"@type":"ImageObject","url":"https:\/\/candas365.es\/noticias\/wp-content\/uploads\/2024\/04\/Asturias-promocion-Europa.jpg","@id":"https:\/\/candas365.es\/noticias\/asturias-se-promocionara-en-las-calles-de-europa\/#mainImage","width":994,"height":669,"caption":"Foto. Prensa Gobierno de Asturias"},"primaryImageOfPage":{"@id":"https:\/\/candas365.es\/noticias\/asturias-se-promocionara-en-las-calles-de-europa\/#mainImage"},"datePublished":"2024-04-19T16:48:54+02:00","dateModified":"2024-04-19T16:48:54+02:00"},{"@type":"WebSite","@id":"https:\/\/candas365.es\/noticias\/#website","url":"https:\/\/candas365.es\/noticias\/","name":"Cand\u00e1s 365","alternateName":"Cand\u00e1s 365 Noticias","description":"Actualidad desde Carre\u00f1o para el mundo","inLanguage":"es-ES","publisher":{"@id":"https:\/\/candas365.es\/noticias\/#organization"}}]},"og:locale":"es_ES","og:site_name":"Cand\u00e1s 365","og:type":"article","og:title":"Asturias se promocionar\u00e1 en las calles de Europa | Cand\u00e1s 365","og:description":"Asturias recorrer\u00e1 las principales calles y ciudades de Europa dentro de su campa\u00f1a de promoci\u00f3n tur\u00edstica, desde el Gobierno del Principado han dicho","og:url":"https:\/\/candas365.es\/noticias\/asturias-se-promocionara-en-las-calles-de-europa\/","og:image":"https:\/\/candas365.es\/noticias\/wp-content\/uploads\/2024\/04\/Asturias-promocion-Europa.jpg","og:image:secure_url":"https:\/\/candas365.es\/noticias\/wp-content\/uploads\/2024\/04\/Asturias-promocion-Europa.jpg","og:image:width":994,"og:image:height":669,"article:published_time":"2024-04-19T14:48:54+00:00","article:modified_time":"2024-04-19T14:48:54+00:00","article:publisher":"https:\/\/www.facebook.com\/Nachofdezber","article:author":"https:\/\/www.facebook.com\/carrenoactualidad","twitter:card":"summary_large_image","twitter:site":"@NabercoDigital","twitter:title":"Asturias se promocionar\u00e1 en las calles de Europa | Cand\u00e1s 365","twitter:description":"Asturias recorrer\u00e1 las principales calles y ciudades de Europa dentro de su campa\u00f1a de promoci\u00f3n tur\u00edstica, desde el Gobierno del Principado han dicho","twitter:creator":"@nbasturias","twitter:image":"https:\/\/candas365.es\/noticias\/wp-content\/uploads\/2024\/04\/Asturias-promocion-Europa.jpg","twitter:label1":"Escrito por","twitter:data1":"Cand\u00e1s 365","twitter:label2":"Tiempo de lectura estimado","twitter:data2":"2 minutos"},"aioseo_meta_data":{"post_id":"179849","title":null,"description":"Asturias recorrer\u00e1 las principales calles y ciudades de Europa dentro de su campa\u00f1a de promoci\u00f3n tur\u00edstica, desde el Gobierno del Principado han dicho","keywords":null,"keyphrases":{"focus":{"keyphrase":"Asturias","score":93,"analysis":{"keyphraseInTitle":{"score":9,"maxScore":9,"error":0},"keyphraseInDescription":{"score":9,"maxScore":9,"error":0},"keyphraseLength":{"score":9,"maxScore":9,"error":0,"length":1},"keyphraseInURL":{"score":1,"maxScore":5,"error":1},"keyphraseInIntroduction":{"score":9,"maxScore":9,"error":0},"keyphraseInSubHeadings":[],"keyphraseInImageAlt":{"score":9,"maxScore":9,"error":0},"keywordDensity":{"type":"best","score":9,"maxScore":9,"error":0}}},"additional":[{"keyphrase":"Asturias","score":100,"analysis":{"keyphraseInDescription":{"score":9,"maxScore":9,"error":0},"keyphraseLength":{"score":9,"maxScore":9,"error":0,"length":1},"keyphraseInIntroduction":{"score":9,"maxScore":9,"error":0},"keyphraseInImageAlt":{"score":9,"maxScore":9,"error":0},"keywordDensity":{"type":"best","score":9,"maxScore":9,"error":0}}}]},"primary_term":null,"canonical_url":null,"og_title":null,"og_description":null,"og_object_type":"default","og_image_type":"default","og_image_url":null,"og_image_width":null,"og_image_height":null,"og_image_custom_url":null,"og_image_custom_fields":null,"og_video":"","og_custom_url":null,"og_article_section":null,"og_article_tags":null,"twitter_use_og":false,"twitter_card":"default","twitter_image_type":"default","twitter_image_url":null,"twitter_image_custom_url":null,"twitter_image_custom_fields":null,"twitter_title":null,"twitter_description":null,"schema":{"blockGraphs":[],"customGraphs":[],"default":{"data":{"Article":[],"Course":[],"Dataset":[],"FAQPage":[],"Movie":[],"Person":[],"Product":[],"ProductReview":[],"Car":[],"Recipe":[],"Service":[],"SoftwareApplication":[],"WebPage":[]},"graphName":"Article","isEnabled":true},"graphs":[]},"schema_type":"default","schema_type_options":null,"pillar_content":false,"robots_default":true,"robots_noindex":false,"robots_noarchive":false,"robots_nosnippet":false,"robots_nofollow":false,"robots_noimageindex":false,"robots_noodp":false,"robots_notranslate":false,"robots_max_snippet":"-1","robots_max_videopreview":"-1","robots_max_imagepreview":"large","priority":null,"frequency":"default","location":null,"local_seo":null,"seo_analyzer_scan_date":"2025-09-02 07:21:15","breadcrumb_settings":null,"limit_modified_date":false,"reviewed_by":null,"open_ai":"{\"title\":{\"suggestions\":[],\"usage\":0},\"description\":{\"suggestions\":[],\"usage\":0}}","ai":null,"created":"2024-04-19 14:44:54","updated":"2025-09-02 07:21:15"},"aioseo_breadcrumb":"<div class=\"aioseo-breadcrumbs\"><span class=\"aioseo-breadcrumb\">\n\t<a href=\"https:\/\/candas365.es\/noticias\" title=\"Home\">Home<\/a>\n<\/span><span class=\"aioseo-breadcrumb-separator\">&ndash;<\/span><span class=\"aioseo-breadcrumb\">\n\t<a href=\"https:\/\/candas365.es\/noticias\/category\/turismo\/\" title=\"Turismo\">Turismo<\/a>\n<\/span><span class=\"aioseo-breadcrumb-separator\">&ndash;<\/span><span class=\"aioseo-breadcrumb\">\n\tAsturias se promocionar\u00e1 en las calles de Europa\n<\/span><\/div>","aioseo_breadcrumb_json":[{"label":"Home","link":"https:\/\/candas365.es\/noticias"},{"label":"Turismo","link":"https:\/\/candas365.es\/noticias\/category\/turismo\/"},{"label":"Asturias se promocionar\u00e1 en las calles de Europa","link":"https:\/\/candas365.es\/noticias\/asturias-se-promocionara-en-las-calles-de-europa\/"}],"_links":{"self":[{"href":"https:\/\/candas365.es\/noticias\/wp-json\/wp\/v2\/posts\/179849","targetHints":{"allow":["GET"]}}],"collection":[{"href":"https:\/\/candas365.es\/noticias\/wp-json\/wp\/v2\/posts"}],"about":[{"href":"https:\/\/candas365.es\/noticias\/wp-json\/wp\/v2\/types\/post"}],"author":[{"embeddable":true,"href":"https:\/\/candas365.es\/noticias\/wp-json\/wp\/v2\/users\/1"}],"replies":[{"embeddable":true,"href":"https:\/\/candas365.es\/noticias\/wp-json\/wp\/v2\/comments?post=179849"}],"version-history":[{"count":0,"href":"https:\/\/candas365.es\/noticias\/wp-json\/wp\/v2\/posts\/179849\/revisions"}],"wp:featuredmedia":[{"embeddable":true,"href":"https:\/\/candas365.es\/noticias\/wp-json\/wp\/v2\/media\/179850"}],"wp:attachment":[{"href":"https:\/\/candas365.es\/noticias\/wp-json\/wp\/v2\/media?parent=179849"}],"wp:term":[{"taxonomy":"category","embeddable":true,"href":"https:\/\/candas365.es\/noticias\/wp-json\/wp\/v2\/categories?post=179849"},{"taxonomy":"post_tag","embeddable":true,"href":"https:\/\/candas365.es\/noticias\/wp-json\/wp\/v2\/tags?post=179849"}],"curies":[{"name":"wp","href":"https:\/\/api.w.org\/{rel}","templated":true}]}}