{"id":179807,"date":"2024-04-19T11:22:18","date_gmt":"2024-04-19T09:22:18","guid":{"rendered":"https:\/\/candas365.es\/noticias\/?p=179807"},"modified":"2024-04-19T11:23:35","modified_gmt":"2024-04-19T09:23:35","slug":"subida-de-temperaturas-hoy-19-de-abril-2024","status":"publish","type":"post","link":"https:\/\/candas365.es\/noticias\/subida-de-temperaturas-hoy-19-de-abril-2024\/","title":{"rendered":"Subida de temperaturas hoy 19 de abril 2024"},"content":{"rendered":"<p>La <a href=\"https:\/\/candas365.es\/noticias\/category\/el-tiempo\/\"><span style=\"color: #ff6600;\"><strong>previsi\u00f3n del tiempo<\/strong><\/span><\/a> para hoy viernes informa de d\u00eda tranquilo en la mayor parte de Espa\u00f1a, con subida de temperaturas de hasta siete grados en el norte que har\u00e1n olvidar el fr\u00edo de d\u00edas recientes, mientras que por la tarde se esperan algunas tormentas en el interior de la mitad sur peninsular.<\/p>\n<figure id=\"attachment_179808\" aria-describedby=\"caption-attachment-179808\" style=\"width: 637px\" class=\"wp-caption aligncenter\"><img fetchpriority=\"high\" decoding=\"async\" class=\"size-large wp-image-179808\" src=\"https:\/\/candas365.es\/noticias\/wp-content\/uploads\/2024\/04\/El-tiempo-temperaturas-19-de-abril-2024-637x480.jpg\" alt=\"El tiempo temperaturas 19 de abril 2024\" width=\"637\" height=\"480\" srcset=\"https:\/\/candas365.es\/noticias\/wp-content\/uploads\/2024\/04\/El-tiempo-temperaturas-19-de-abril-2024-637x480.jpg 637w, https:\/\/candas365.es\/noticias\/wp-content\/uploads\/2024\/04\/El-tiempo-temperaturas-19-de-abril-2024-360x271.jpg 360w, https:\/\/candas365.es\/noticias\/wp-content\/uploads\/2024\/04\/El-tiempo-temperaturas-19-de-abril-2024-768x579.jpg 768w, https:\/\/candas365.es\/noticias\/wp-content\/uploads\/2024\/04\/El-tiempo-temperaturas-19-de-abril-2024-150x113.jpg 150w, https:\/\/candas365.es\/noticias\/wp-content\/uploads\/2024\/04\/El-tiempo-temperaturas-19-de-abril-2024-450x339.jpg 450w, https:\/\/candas365.es\/noticias\/wp-content\/uploads\/2024\/04\/El-tiempo-temperaturas-19-de-abril-2024.jpg 878w\" sizes=\"(max-width: 637px) 100vw, 637px\" \/><figcaption id=\"caption-attachment-179808\" class=\"wp-caption-text\">Foto: Cand\u00e1s 365<\/figcaption><\/figure>\n<p>La predicci\u00f3n de la Agencia Estatal de Meteorolog\u00eda (<a title=\"AEMET\" href=\"https:\/\/www.aemet.es\/es\/\" target=\"_blank\" rel=\"noopener\"><span style=\"color: #ff6600;\"><strong>Aemet<\/strong><\/span><\/a>), recogida por Servimedia, indica que las temperaturas ascender\u00e1n de forma notable en el tercio norte peninsular, en tanto que bajar\u00e1n en Canarias y sobre todo en el interior del tercio sureste de la pen\u00ednsula.<\/p>\n<p>Har\u00e1 m\u00e1s calor en C\u00f3rdoba, Ourense y Sevilla (28 grados), y Huelva, Ja\u00e9n y Pontevedra (26), en tanto que refrescar\u00e1 en Santander (16) y San Sebasti\u00e1n (18).<\/p>\n<p>Por otro lado, el sol brillar\u00e1 en amplias zonas, aunque se espera nubosidad baja matinal en litorales del Mediterr\u00e1neo, el \u00e1rea del Estrecho, el Cant\u00e1brico oriental, el alto Ebro y el oeste de Asturias.<\/p>\n<p>Asimismo, se prev\u00e9 nubosidad de evoluci\u00f3n diurna en amplias zonas de la mitad sur peninsular y la Ib\u00e9rica oriental, con probables chubascos que podr\u00edan ser localmente fuertes e ir ocasionalmente acompa\u00f1ados de tormenta en el sur de Extremadura, el norte de Andaluc\u00eda y el oeste de Ciudad Real. No se descarta alguna llovizna en el entorno del Estrecho y el litoral mediterr\u00e1neo.<\/p>\n<blockquote><p>Canarias tendr\u00e1 intervalos nubosos con baja probabilidad precipitaciones d\u00e9biles y ocasionales en las islas monta\u00f1osas.<\/p><\/blockquote>\n<p>Por \u00faltimo, este viernes soplar\u00e1 tramontana con intervalos fuertes en el Ampurd\u00e1n (Girona) y norte de Baleares, con tendencia a amainar, as\u00ed como viento del norte en Canarias y de componente este en el resto del pa\u00eds, con intervalos fuertes y rachas muy fuertes en el litoral noroeste de Galicia, el Estrecho y la zona de Albor\u00e1n.<\/p>\n<p>(<a href=\"https:\/\/www.servimedia.es\/\" target=\"_blank\" rel=\"noopener\"><span style=\"color: #ff6600;\"><strong>SERVIMEDIA<\/strong><\/span><\/a>)<\/p>\n","protected":false},"excerpt":{"rendered":"<p>La previsi\u00f3n del tiempo para hoy viernes informa de d\u00eda tranquilo en la mayor parte de Espa\u00f1a, con subida de temperaturas de hasta siete grados en el norte que har\u00e1n olvidar el fr\u00edo de d\u00edas recientes, mientras que por la tarde se esperan algunas tormentas en el interior de la mitad sur peninsular. La predicci\u00f3n<\/p>\n","protected":false},"author":1,"featured_media":179808,"comment_status":"closed","ping_status":"closed","sticky":false,"template":"","format":"standard","meta":{"footnotes":""},"categories":[358],"tags":[429],"class_list":{"0":"post-179807","1":"post","2":"type-post","3":"status-publish","4":"format-standard","5":"has-post-thumbnail","7":"category-el-tiempo","8":"tag-el-tiempo"},"aioseo_notices":[],"aioseo_head":"\n\t\t<!-- All in One SEO Pro 4.9.6.2 - aioseo.com -->\n\t<meta name=\"description\" content=\"La previsi\u00f3n del tiempo para hoy viernes informa de d\u00eda tranquilo en la mayor parte de Espa\u00f1a, con subida de temperaturas de hasta siete grados en el norte\" \/>\n\t<meta name=\"robots\" content=\"max-image-preview:large\" \/>\n\t<meta name=\"author\" content=\"Cand\u00e1s 365\"\/>\n\t<meta name=\"google-site-verification\" content=\"UA-32230408-1\" \/>\n\t<meta name=\"msvalidate.01\" content=\"354F3CDFB2DA171B47FBE9ABF1F88D5\" \/>\n\t<meta name=\"keywords\" content=\"el tiempo\" \/>\n\t<link rel=\"canonical\" href=\"https:\/\/candas365.es\/noticias\/subida-de-temperaturas-hoy-19-de-abril-2024\/\" \/>\n\t<meta name=\"generator\" content=\"All in One SEO Pro (AIOSEO) 4.9.6.2\" \/>\n\t\t<meta property=\"og:locale\" content=\"es_ES\" \/>\n\t\t<meta property=\"og:site_name\" content=\"Cand\u00e1s 365\" \/>\n\t\t<meta property=\"og:type\" content=\"article\" \/>\n\t\t<meta property=\"og:title\" content=\"Subida de temperaturas hoy 19 de abril 2024 | Cand\u00e1s 365\" \/>\n\t\t<meta property=\"og:description\" content=\"La previsi\u00f3n del tiempo para hoy viernes informa de d\u00eda tranquilo en la mayor parte de Espa\u00f1a, con subida de temperaturas de hasta siete grados en el norte\" \/>\n\t\t<meta property=\"og:url\" content=\"https:\/\/candas365.es\/noticias\/subida-de-temperaturas-hoy-19-de-abril-2024\/\" \/>\n\t\t<meta property=\"og:image\" content=\"https:\/\/candas365.es\/noticias\/wp-content\/uploads\/2024\/04\/El-tiempo-temperaturas-19-de-abril-2024.jpg\" \/>\n\t\t<meta property=\"og:image:secure_url\" content=\"https:\/\/candas365.es\/noticias\/wp-content\/uploads\/2024\/04\/El-tiempo-temperaturas-19-de-abril-2024.jpg\" \/>\n\t\t<meta property=\"og:image:width\" content=\"878\" \/>\n\t\t<meta property=\"og:image:height\" content=\"662\" \/>\n\t\t<meta property=\"article:published_time\" content=\"2024-04-19T09:22:18+00:00\" \/>\n\t\t<meta property=\"article:modified_time\" content=\"2024-04-19T09:23:35+00:00\" \/>\n\t\t<meta property=\"article:publisher\" content=\"https:\/\/www.facebook.com\/Nachofdezber\" \/>\n\t\t<meta property=\"article:author\" content=\"https:\/\/www.facebook.com\/carrenoactualidad\" \/>\n\t\t<meta name=\"twitter:card\" content=\"summary_large_image\" \/>\n\t\t<meta name=\"twitter:site\" content=\"@NabercoDigital\" \/>\n\t\t<meta name=\"twitter:title\" content=\"Subida de temperaturas hoy 19 de abril 2024 | Cand\u00e1s 365\" \/>\n\t\t<meta name=\"twitter:description\" content=\"La previsi\u00f3n del tiempo para hoy viernes informa de d\u00eda tranquilo en la mayor parte de Espa\u00f1a, con subida de temperaturas de hasta siete grados en el norte\" \/>\n\t\t<meta name=\"twitter:creator\" content=\"@nbasturias\" \/>\n\t\t<meta name=\"twitter:image\" content=\"https:\/\/candas365.es\/noticias\/wp-content\/uploads\/2024\/04\/El-tiempo-temperaturas-19-de-abril-2024.jpg\" \/>\n\t\t<meta name=\"twitter:label1\" content=\"Escrito por\" \/>\n\t\t<meta name=\"twitter:data1\" content=\"Cand\u00e1s 365\" \/>\n\t\t<meta name=\"twitter:label2\" content=\"Tiempo de lectura estimado\" \/>\n\t\t<meta name=\"twitter:data2\" content=\"2 minutos\" \/>\n\t\t<script type=\"application\/ld+json\" class=\"aioseo-schema\">\n\t\t\t{\"@context\":\"https:\\\/\\\/schema.org\",\"@graph\":[{\"@type\":\"BreadcrumbList\",\"@id\":\"https:\\\/\\\/candas365.es\\\/noticias\\\/subida-de-temperaturas-hoy-19-de-abril-2024\\\/#breadcrumblist\",\"itemListElement\":[{\"@type\":\"ListItem\",\"@id\":\"https:\\\/\\\/candas365.es\\\/noticias#listItem\",\"position\":1,\"name\":\"Home\",\"item\":\"https:\\\/\\\/candas365.es\\\/noticias\",\"nextItem\":{\"@type\":\"ListItem\",\"@id\":\"https:\\\/\\\/candas365.es\\\/noticias\\\/category\\\/el-tiempo\\\/#listItem\",\"name\":\"El tiempo\"}},{\"@type\":\"ListItem\",\"@id\":\"https:\\\/\\\/candas365.es\\\/noticias\\\/category\\\/el-tiempo\\\/#listItem\",\"position\":2,\"name\":\"El tiempo\",\"item\":\"https:\\\/\\\/candas365.es\\\/noticias\\\/category\\\/el-tiempo\\\/\",\"nextItem\":{\"@type\":\"ListItem\",\"@id\":\"https:\\\/\\\/candas365.es\\\/noticias\\\/subida-de-temperaturas-hoy-19-de-abril-2024\\\/#listItem\",\"name\":\"Subida de temperaturas hoy 19 de abril 2024\"},\"previousItem\":{\"@type\":\"ListItem\",\"@id\":\"https:\\\/\\\/candas365.es\\\/noticias#listItem\",\"name\":\"Home\"}},{\"@type\":\"ListItem\",\"@id\":\"https:\\\/\\\/candas365.es\\\/noticias\\\/subida-de-temperaturas-hoy-19-de-abril-2024\\\/#listItem\",\"position\":3,\"name\":\"Subida de temperaturas hoy 19 de abril 2024\",\"previousItem\":{\"@type\":\"ListItem\",\"@id\":\"https:\\\/\\\/candas365.es\\\/noticias\\\/category\\\/el-tiempo\\\/#listItem\",\"name\":\"El tiempo\"}}]},{\"@type\":\"NewsArticle\",\"@id\":\"https:\\\/\\\/candas365.es\\\/noticias\\\/subida-de-temperaturas-hoy-19-de-abril-2024\\\/#newsarticle\",\"name\":\"Subida de temperaturas hoy 19 de abril 2024 | Cand\\u00e1s 365\",\"headline\":\"Subida de temperaturas hoy 19 de abril 2024\",\"author\":{\"@id\":\"https:\\\/\\\/candas365.es\\\/noticias\\\/author\\\/admin\\\/#author\"},\"publisher\":{\"@id\":\"https:\\\/\\\/candas365.es\\\/noticias\\\/#organization\"},\"image\":{\"@type\":\"ImageObject\",\"url\":\"https:\\\/\\\/candas365.es\\\/noticias\\\/wp-content\\\/uploads\\\/2024\\\/04\\\/El-tiempo-temperaturas-19-de-abril-2024.jpg\",\"width\":878,\"height\":662,\"caption\":\"Foto: Cand\\u00e1s 365\"},\"datePublished\":\"2024-04-19T11:22:18+02:00\",\"dateModified\":\"2024-04-19T11:23:35+02:00\",\"inLanguage\":\"es-ES\",\"mainEntityOfPage\":{\"@id\":\"https:\\\/\\\/candas365.es\\\/noticias\\\/subida-de-temperaturas-hoy-19-de-abril-2024\\\/#webpage\"},\"isPartOf\":{\"@id\":\"https:\\\/\\\/candas365.es\\\/noticias\\\/subida-de-temperaturas-hoy-19-de-abril-2024\\\/#webpage\"},\"articleSection\":\"El tiempo, El tiempo\",\"dateline\":\"Publicado el abril 19, 2024.\"},{\"@type\":\"Organization\",\"@id\":\"https:\\\/\\\/candas365.es\\\/noticias\\\/#organization\",\"name\":\"Cand\\u00e1s 365\",\"description\":\"Cand\\u00e1s 365 es un diario digital independiente, fundado en 2012, con base en Asturias. Informamos con rigor sobre actualidad, sociedad, cultura y ocio, con una mirada local y global.\",\"url\":\"https:\\\/\\\/candas365.es\\\/noticias\\\/\",\"email\":\"info@candas365.es\",\"telephone\":\"+34652131393\",\"foundingDate\":\"2012-06-10\",\"logo\":{\"@type\":\"ImageObject\",\"url\":\"https:\\\/\\\/candas365.es\\\/noticias\\\/wp-content\\\/uploads\\\/2024\\\/09\\\/Candas-365-Redes.jpg\",\"@id\":\"https:\\\/\\\/candas365.es\\\/noticias\\\/subida-de-temperaturas-hoy-19-de-abril-2024\\\/#organizationLogo\",\"width\":1152,\"height\":864,\"caption\":\"Cand\\u00e1s 365 Redes\"},\"image\":{\"@id\":\"https:\\\/\\\/candas365.es\\\/noticias\\\/subida-de-temperaturas-hoy-19-de-abril-2024\\\/#organizationLogo\"},\"sameAs\":[\"https:\\\/\\\/www.facebook.com\\\/Nachofdezber\",\"https:\\\/\\\/x.com\\\/NabercoDigital\",\"https:\\\/\\\/www.instagram.com\\\/nachofdezber\\\/\",\"https:\\\/\\\/www.youtube.com\\\/channel\\\/UCZP-2wLEB9Rv6erhFmqVnvg\"],\"address\":{\"@id\":\"https:\\\/\\\/candas365.es\\\/noticias\\\/#postaladdress\",\"@type\":\"PostalAddress\",\"streetAddress\":\"san antonio 4, san antonio 4\",\"postalCode\":\"33430\",\"addressLocality\":\"Cand\\u00e1s\",\"addressRegion\":\"Asturias\",\"addressCountry\":\"ES\"}},{\"@type\":\"Person\",\"@id\":\"https:\\\/\\\/candas365.es\\\/noticias\\\/author\\\/admin\\\/#author\",\"url\":\"https:\\\/\\\/candas365.es\\\/noticias\\\/author\\\/admin\\\/\",\"name\":\"Cand\\u00e1s 365\",\"image\":{\"@type\":\"ImageObject\",\"@id\":\"https:\\\/\\\/candas365.es\\\/noticias\\\/subida-de-temperaturas-hoy-19-de-abril-2024\\\/#authorImage\",\"url\":\"https:\\\/\\\/secure.gravatar.com\\\/avatar\\\/496a8e03d0c493ede1718b7934145dbdf8d89be1036b0eec9544e1094c9de390?s=96&d=mm&r=g\",\"width\":96,\"height\":96,\"caption\":\"Cand\\u00e1s 365\"},\"sameAs\":[\"https:\\\/\\\/www.facebook.com\\\/carrenoactualidad\",\"https:\\\/\\\/twitter.com\\\/nbasturias\",\"https:\\\/\\\/www.instagram.com\\\/nachofdezber\\\/\",\"https:\\\/\\\/www.youtube.com\\\/channel\\\/UCZP-2wLEB9Rv6erhFmqVnvg\"]},{\"@type\":\"WebPage\",\"@id\":\"https:\\\/\\\/candas365.es\\\/noticias\\\/subida-de-temperaturas-hoy-19-de-abril-2024\\\/#webpage\",\"url\":\"https:\\\/\\\/candas365.es\\\/noticias\\\/subida-de-temperaturas-hoy-19-de-abril-2024\\\/\",\"name\":\"Subida de temperaturas hoy 19 de abril 2024 | Cand\\u00e1s 365\",\"description\":\"La previsi\\u00f3n del tiempo para hoy viernes informa de d\\u00eda tranquilo en la mayor parte de Espa\\u00f1a, con subida de temperaturas de hasta siete grados en el norte\",\"inLanguage\":\"es-ES\",\"isPartOf\":{\"@id\":\"https:\\\/\\\/candas365.es\\\/noticias\\\/#website\"},\"breadcrumb\":{\"@id\":\"https:\\\/\\\/candas365.es\\\/noticias\\\/subida-de-temperaturas-hoy-19-de-abril-2024\\\/#breadcrumblist\"},\"author\":{\"@id\":\"https:\\\/\\\/candas365.es\\\/noticias\\\/author\\\/admin\\\/#author\"},\"creator\":{\"@id\":\"https:\\\/\\\/candas365.es\\\/noticias\\\/author\\\/admin\\\/#author\"},\"image\":{\"@type\":\"ImageObject\",\"url\":\"https:\\\/\\\/candas365.es\\\/noticias\\\/wp-content\\\/uploads\\\/2024\\\/04\\\/El-tiempo-temperaturas-19-de-abril-2024.jpg\",\"@id\":\"https:\\\/\\\/candas365.es\\\/noticias\\\/subida-de-temperaturas-hoy-19-de-abril-2024\\\/#mainImage\",\"width\":878,\"height\":662,\"caption\":\"Foto: Cand\\u00e1s 365\"},\"primaryImageOfPage\":{\"@id\":\"https:\\\/\\\/candas365.es\\\/noticias\\\/subida-de-temperaturas-hoy-19-de-abril-2024\\\/#mainImage\"},\"datePublished\":\"2024-04-19T11:22:18+02:00\",\"dateModified\":\"2024-04-19T11:23:35+02:00\"},{\"@type\":\"WebSite\",\"@id\":\"https:\\\/\\\/candas365.es\\\/noticias\\\/#website\",\"url\":\"https:\\\/\\\/candas365.es\\\/noticias\\\/\",\"name\":\"Cand\\u00e1s 365\",\"alternateName\":\"Cand\\u00e1s 365 Noticias\",\"description\":\"Actualidad desde Carre\\u00f1o para el mundo\",\"inLanguage\":\"es-ES\",\"publisher\":{\"@id\":\"https:\\\/\\\/candas365.es\\\/noticias\\\/#organization\"}}]}\n\t\t<\/script>\n\t\t<!-- All in One SEO Pro -->\r\n\t\t<title>Subida de temperaturas hoy 19 de abril 2024 | Cand\u00e1s 365<\/title>\n\n","aioseo_head_json":{"title":"Subida de temperaturas hoy 19 de abril 2024 | Cand\u00e1s 365","description":"La previsi\u00f3n del tiempo para hoy viernes informa de d\u00eda tranquilo en la mayor parte de Espa\u00f1a, con subida de temperaturas de hasta siete grados en el norte","canonical_url":"https:\/\/candas365.es\/noticias\/subida-de-temperaturas-hoy-19-de-abril-2024\/","robots":"max-image-preview:large","keywords":"el tiempo","webmasterTools":{"google-site-verification":"UA-32230408-1","msvalidate.01":"354F3CDFB2DA171B47FBE9ABF1F88D5","miscellaneous":""},"schema":{"@context":"https:\/\/schema.org","@graph":[{"@type":"BreadcrumbList","@id":"https:\/\/candas365.es\/noticias\/subida-de-temperaturas-hoy-19-de-abril-2024\/#breadcrumblist","itemListElement":[{"@type":"ListItem","@id":"https:\/\/candas365.es\/noticias#listItem","position":1,"name":"Home","item":"https:\/\/candas365.es\/noticias","nextItem":{"@type":"ListItem","@id":"https:\/\/candas365.es\/noticias\/category\/el-tiempo\/#listItem","name":"El tiempo"}},{"@type":"ListItem","@id":"https:\/\/candas365.es\/noticias\/category\/el-tiempo\/#listItem","position":2,"name":"El tiempo","item":"https:\/\/candas365.es\/noticias\/category\/el-tiempo\/","nextItem":{"@type":"ListItem","@id":"https:\/\/candas365.es\/noticias\/subida-de-temperaturas-hoy-19-de-abril-2024\/#listItem","name":"Subida de temperaturas hoy 19 de abril 2024"},"previousItem":{"@type":"ListItem","@id":"https:\/\/candas365.es\/noticias#listItem","name":"Home"}},{"@type":"ListItem","@id":"https:\/\/candas365.es\/noticias\/subida-de-temperaturas-hoy-19-de-abril-2024\/#listItem","position":3,"name":"Subida de temperaturas hoy 19 de abril 2024","previousItem":{"@type":"ListItem","@id":"https:\/\/candas365.es\/noticias\/category\/el-tiempo\/#listItem","name":"El tiempo"}}]},{"@type":"NewsArticle","@id":"https:\/\/candas365.es\/noticias\/subida-de-temperaturas-hoy-19-de-abril-2024\/#newsarticle","name":"Subida de temperaturas hoy 19 de abril 2024 | Cand\u00e1s 365","headline":"Subida de temperaturas hoy 19 de abril 2024","author":{"@id":"https:\/\/candas365.es\/noticias\/author\/admin\/#author"},"publisher":{"@id":"https:\/\/candas365.es\/noticias\/#organization"},"image":{"@type":"ImageObject","url":"https:\/\/candas365.es\/noticias\/wp-content\/uploads\/2024\/04\/El-tiempo-temperaturas-19-de-abril-2024.jpg","width":878,"height":662,"caption":"Foto: Cand\u00e1s 365"},"datePublished":"2024-04-19T11:22:18+02:00","dateModified":"2024-04-19T11:23:35+02:00","inLanguage":"es-ES","mainEntityOfPage":{"@id":"https:\/\/candas365.es\/noticias\/subida-de-temperaturas-hoy-19-de-abril-2024\/#webpage"},"isPartOf":{"@id":"https:\/\/candas365.es\/noticias\/subida-de-temperaturas-hoy-19-de-abril-2024\/#webpage"},"articleSection":"El tiempo, El tiempo","dateline":"Publicado el abril 19, 2024."},{"@type":"Organization","@id":"https:\/\/candas365.es\/noticias\/#organization","name":"Cand\u00e1s 365","description":"Cand\u00e1s 365 es un diario digital independiente, fundado en 2012, con base en Asturias. Informamos con rigor sobre actualidad, sociedad, cultura y ocio, con una mirada local y global.","url":"https:\/\/candas365.es\/noticias\/","email":"info@candas365.es","telephone":"+34652131393","foundingDate":"2012-06-10","logo":{"@type":"ImageObject","url":"https:\/\/candas365.es\/noticias\/wp-content\/uploads\/2024\/09\/Candas-365-Redes.jpg","@id":"https:\/\/candas365.es\/noticias\/subida-de-temperaturas-hoy-19-de-abril-2024\/#organizationLogo","width":1152,"height":864,"caption":"Cand\u00e1s 365 Redes"},"image":{"@id":"https:\/\/candas365.es\/noticias\/subida-de-temperaturas-hoy-19-de-abril-2024\/#organizationLogo"},"sameAs":["https:\/\/www.facebook.com\/Nachofdezber","https:\/\/x.com\/NabercoDigital","https:\/\/www.instagram.com\/nachofdezber\/","https:\/\/www.youtube.com\/channel\/UCZP-2wLEB9Rv6erhFmqVnvg"],"address":{"@id":"https:\/\/candas365.es\/noticias\/#postaladdress","@type":"PostalAddress","streetAddress":"san antonio 4, san antonio 4","postalCode":"33430","addressLocality":"Cand\u00e1s","addressRegion":"Asturias","addressCountry":"ES"}},{"@type":"Person","@id":"https:\/\/candas365.es\/noticias\/author\/admin\/#author","url":"https:\/\/candas365.es\/noticias\/author\/admin\/","name":"Cand\u00e1s 365","image":{"@type":"ImageObject","@id":"https:\/\/candas365.es\/noticias\/subida-de-temperaturas-hoy-19-de-abril-2024\/#authorImage","url":"https:\/\/secure.gravatar.com\/avatar\/496a8e03d0c493ede1718b7934145dbdf8d89be1036b0eec9544e1094c9de390?s=96&d=mm&r=g","width":96,"height":96,"caption":"Cand\u00e1s 365"},"sameAs":["https:\/\/www.facebook.com\/carrenoactualidad","https:\/\/twitter.com\/nbasturias","https:\/\/www.instagram.com\/nachofdezber\/","https:\/\/www.youtube.com\/channel\/UCZP-2wLEB9Rv6erhFmqVnvg"]},{"@type":"WebPage","@id":"https:\/\/candas365.es\/noticias\/subida-de-temperaturas-hoy-19-de-abril-2024\/#webpage","url":"https:\/\/candas365.es\/noticias\/subida-de-temperaturas-hoy-19-de-abril-2024\/","name":"Subida de temperaturas hoy 19 de abril 2024 | Cand\u00e1s 365","description":"La previsi\u00f3n del tiempo para hoy viernes informa de d\u00eda tranquilo en la mayor parte de Espa\u00f1a, con subida de temperaturas de hasta siete grados en el norte","inLanguage":"es-ES","isPartOf":{"@id":"https:\/\/candas365.es\/noticias\/#website"},"breadcrumb":{"@id":"https:\/\/candas365.es\/noticias\/subida-de-temperaturas-hoy-19-de-abril-2024\/#breadcrumblist"},"author":{"@id":"https:\/\/candas365.es\/noticias\/author\/admin\/#author"},"creator":{"@id":"https:\/\/candas365.es\/noticias\/author\/admin\/#author"},"image":{"@type":"ImageObject","url":"https:\/\/candas365.es\/noticias\/wp-content\/uploads\/2024\/04\/El-tiempo-temperaturas-19-de-abril-2024.jpg","@id":"https:\/\/candas365.es\/noticias\/subida-de-temperaturas-hoy-19-de-abril-2024\/#mainImage","width":878,"height":662,"caption":"Foto: Cand\u00e1s 365"},"primaryImageOfPage":{"@id":"https:\/\/candas365.es\/noticias\/subida-de-temperaturas-hoy-19-de-abril-2024\/#mainImage"},"datePublished":"2024-04-19T11:22:18+02:00","dateModified":"2024-04-19T11:23:35+02:00"},{"@type":"WebSite","@id":"https:\/\/candas365.es\/noticias\/#website","url":"https:\/\/candas365.es\/noticias\/","name":"Cand\u00e1s 365","alternateName":"Cand\u00e1s 365 Noticias","description":"Actualidad desde Carre\u00f1o para el mundo","inLanguage":"es-ES","publisher":{"@id":"https:\/\/candas365.es\/noticias\/#organization"}}]},"og:locale":"es_ES","og:site_name":"Cand\u00e1s 365","og:type":"article","og:title":"Subida de temperaturas hoy 19 de abril 2024 | Cand\u00e1s 365","og:description":"La previsi\u00f3n del tiempo para hoy viernes informa de d\u00eda tranquilo en la mayor parte de Espa\u00f1a, con subida de temperaturas de hasta siete grados en el norte","og:url":"https:\/\/candas365.es\/noticias\/subida-de-temperaturas-hoy-19-de-abril-2024\/","og:image":"https:\/\/candas365.es\/noticias\/wp-content\/uploads\/2024\/04\/El-tiempo-temperaturas-19-de-abril-2024.jpg","og:image:secure_url":"https:\/\/candas365.es\/noticias\/wp-content\/uploads\/2024\/04\/El-tiempo-temperaturas-19-de-abril-2024.jpg","og:image:width":878,"og:image:height":662,"article:published_time":"2024-04-19T09:22:18+00:00","article:modified_time":"2024-04-19T09:23:35+00:00","article:publisher":"https:\/\/www.facebook.com\/Nachofdezber","article:author":"https:\/\/www.facebook.com\/carrenoactualidad","twitter:card":"summary_large_image","twitter:site":"@NabercoDigital","twitter:title":"Subida de temperaturas hoy 19 de abril 2024 | Cand\u00e1s 365","twitter:description":"La previsi\u00f3n del tiempo para hoy viernes informa de d\u00eda tranquilo en la mayor parte de Espa\u00f1a, con subida de temperaturas de hasta siete grados en el norte","twitter:creator":"@nbasturias","twitter:image":"https:\/\/candas365.es\/noticias\/wp-content\/uploads\/2024\/04\/El-tiempo-temperaturas-19-de-abril-2024.jpg","twitter:label1":"Escrito por","twitter:data1":"Cand\u00e1s 365","twitter:label2":"Tiempo de lectura estimado","twitter:data2":"2 minutos"},"aioseo_meta_data":{"post_id":"179807","title":null,"description":"La previsi\u00f3n del tiempo para hoy viernes informa de d\u00eda tranquilo en la mayor parte de Espa\u00f1a, con subida de temperaturas de hasta siete grados en el norte","keywords":null,"keyphrases":{"focus":{"keyphrase":"temperaturas","score":100,"analysis":{"keyphraseInTitle":{"score":9,"maxScore":9,"error":0},"keyphraseInDescription":{"score":9,"maxScore":9,"error":0},"keyphraseLength":{"score":9,"maxScore":9,"error":0,"length":1},"keyphraseInURL":{"score":5,"maxScore":5,"error":0},"keyphraseInIntroduction":{"score":9,"maxScore":9,"error":0},"keyphraseInSubHeadings":[],"keyphraseInImageAlt":{"score":9,"maxScore":9,"error":0},"keywordDensity":{"type":"best","score":9,"maxScore":9,"error":0}}},"additional":[{"keyphrase":"tiempo","score":80,"analysis":{"keyphraseInDescription":{"score":9,"maxScore":9,"error":0},"keyphraseLength":{"score":9,"maxScore":9,"error":0,"length":1},"keyphraseInIntroduction":{"score":9,"maxScore":9,"error":0},"keyphraseInImageAlt":{"score":9,"maxScore":9,"error":0},"keywordDensity":{"score":0,"type":"low","maxScore":9,"error":1}}}]},"primary_term":null,"canonical_url":null,"og_title":null,"og_description":null,"og_object_type":"default","og_image_type":"default","og_image_url":null,"og_image_width":null,"og_image_height":null,"og_image_custom_url":null,"og_image_custom_fields":null,"og_video":"","og_custom_url":null,"og_article_section":null,"og_article_tags":null,"twitter_use_og":false,"twitter_card":"default","twitter_image_type":"default","twitter_image_url":null,"twitter_image_custom_url":null,"twitter_image_custom_fields":null,"twitter_title":null,"twitter_description":null,"schema":{"blockGraphs":[],"customGraphs":[],"default":{"data":{"Article":[],"Course":[],"Dataset":[],"FAQPage":[],"Movie":[],"Person":[],"Product":[],"ProductReview":[],"Car":[],"Recipe":[],"Service":[],"SoftwareApplication":[],"WebPage":[]},"graphName":"Article","isEnabled":true},"graphs":[]},"schema_type":"default","schema_type_options":null,"pillar_content":false,"robots_default":true,"robots_noindex":false,"robots_noarchive":false,"robots_nosnippet":false,"robots_nofollow":false,"robots_noimageindex":false,"robots_noodp":false,"robots_notranslate":false,"robots_max_snippet":"-1","robots_max_videopreview":"-1","robots_max_imagepreview":"large","priority":null,"frequency":"default","location":null,"local_seo":null,"seo_analyzer_scan_date":"2025-09-02 07:17:17","breadcrumb_settings":null,"limit_modified_date":false,"reviewed_by":null,"open_ai":"{\"title\":{\"suggestions\":[],\"usage\":0},\"description\":{\"suggestions\":[],\"usage\":0}}","ai":null,"created":"2024-04-19 09:15:16","updated":"2025-09-02 07:17:17"},"aioseo_breadcrumb":"<div class=\"aioseo-breadcrumbs\"><span class=\"aioseo-breadcrumb\">\n\t<a href=\"https:\/\/candas365.es\/noticias\" title=\"Home\">Home<\/a>\n<\/span><span class=\"aioseo-breadcrumb-separator\">&ndash;<\/span><span class=\"aioseo-breadcrumb\">\n\t<a href=\"https:\/\/candas365.es\/noticias\/category\/el-tiempo\/\" title=\"El tiempo\">El tiempo<\/a>\n<\/span><span class=\"aioseo-breadcrumb-separator\">&ndash;<\/span><span class=\"aioseo-breadcrumb\">\n\tSubida de temperaturas hoy 19 de abril 2024\n<\/span><\/div>","aioseo_breadcrumb_json":[{"label":"Home","link":"https:\/\/candas365.es\/noticias"},{"label":"El tiempo","link":"https:\/\/candas365.es\/noticias\/category\/el-tiempo\/"},{"label":"Subida de temperaturas hoy 19 de abril 2024","link":"https:\/\/candas365.es\/noticias\/subida-de-temperaturas-hoy-19-de-abril-2024\/"}],"_links":{"self":[{"href":"https:\/\/candas365.es\/noticias\/wp-json\/wp\/v2\/posts\/179807","targetHints":{"allow":["GET"]}}],"collection":[{"href":"https:\/\/candas365.es\/noticias\/wp-json\/wp\/v2\/posts"}],"about":[{"href":"https:\/\/candas365.es\/noticias\/wp-json\/wp\/v2\/types\/post"}],"author":[{"embeddable":true,"href":"https:\/\/candas365.es\/noticias\/wp-json\/wp\/v2\/users\/1"}],"replies":[{"embeddable":true,"href":"https:\/\/candas365.es\/noticias\/wp-json\/wp\/v2\/comments?post=179807"}],"version-history":[{"count":0,"href":"https:\/\/candas365.es\/noticias\/wp-json\/wp\/v2\/posts\/179807\/revisions"}],"wp:featuredmedia":[{"embeddable":true,"href":"https:\/\/candas365.es\/noticias\/wp-json\/wp\/v2\/media\/179808"}],"wp:attachment":[{"href":"https:\/\/candas365.es\/noticias\/wp-json\/wp\/v2\/media?parent=179807"}],"wp:term":[{"taxonomy":"category","embeddable":true,"href":"https:\/\/candas365.es\/noticias\/wp-json\/wp\/v2\/categories?post=179807"},{"taxonomy":"post_tag","embeddable":true,"href":"https:\/\/candas365.es\/noticias\/wp-json\/wp\/v2\/tags?post=179807"}],"curies":[{"name":"wp","href":"https:\/\/api.w.org\/{rel}","templated":true}]}}