{"id":179757,"date":"2024-04-16T23:52:14","date_gmt":"2024-04-16T21:52:14","guid":{"rendered":"https:\/\/candas365.es\/noticias\/?p=179757"},"modified":"2024-04-16T23:52:14","modified_gmt":"2024-04-16T21:52:14","slug":"instituto-ifo-la-industria-quimica-alemana-deja-atras-la-crisis","status":"publish","type":"post","link":"https:\/\/candas365.es\/noticias\/instituto-ifo-la-industria-quimica-alemana-deja-atras-la-crisis\/","title":{"rendered":"Instituto Ifo: La industria qu\u00edmica alemana deja atr\u00e1s la crisis"},"content":{"rendered":"<p>M\u00fanich, 16 abr (<a title=\"dpa\" href=\"https:\/\/www.dpa-news.de\/\" target=\"_blank\" rel=\"noopener\"><span style=\"color: #ff6600;\"><strong>dpa<\/strong><\/span><\/a>) &#8211; La industria qu\u00edmica alemana, golpeada por la crisis energ\u00e9tica, ha dejado probablemente atr\u00e1s lo peor a tenor del <a href=\"https:\/\/candas365.es\/noticias\/category\/canal-empresas\/\"><span style=\"color: #ff6600;\"><strong>clima empresarial<\/strong><\/span><\/a> del sector, inform\u00f3 hoy el instituto de investigaci\u00f3n econ\u00f3mica Ifo.<\/p>\n<p><img fetchpriority=\"high\" decoding=\"async\" class=\"aligncenter size-full wp-image-176718\" src=\"https:\/\/candas365.es\/noticias\/wp-content\/uploads\/2023\/12\/noticias.jpg\" alt=\"noticias\" width=\"640\" height=\"480\" srcset=\"https:\/\/candas365.es\/noticias\/wp-content\/uploads\/2023\/12\/noticias.jpg 640w, https:\/\/candas365.es\/noticias\/wp-content\/uploads\/2023\/12\/noticias-360x270.jpg 360w, https:\/\/candas365.es\/noticias\/wp-content\/uploads\/2023\/12\/noticias-150x113.jpg 150w, https:\/\/candas365.es\/noticias\/wp-content\/uploads\/2023\/12\/noticias-450x338.jpg 450w\" sizes=\"(max-width: 640px) 100vw, 640px\" \/><\/p>\n<p>El citado clima empresarial sigui\u00f3 mejorando en marzo, inform\u00f3 la entidad, con sede en M\u00fanich. \u00abAunque la situaci\u00f3n de los pedidos en la industria qu\u00edmica sigue dejando que desear, parece haberse superado el punto m\u00e1s bajo de la crisis\u00bb, declar\u00f3 la experta de Ifo en el sector, Anna Wolf.<\/p>\n<p>El indicador del clima empresarial de la industria qu\u00edmica alemana subi\u00f3 a -10,5 puntos, tras los -15,5 puntos de febrero. Asimismo, las expectativas empresariales mejoraron notablemente: pasaron de -14,9 puntos a -2,9 puntos.<\/p>\n<p>En febrero, las empresas qu\u00edmicas registraron un fuerte crecimiento de la producci\u00f3n del 4,6 por ciento en t\u00e9rminos ajustados a los precios en comparaci\u00f3n con enero, escribi\u00f3 el Ifo citando datos de la Oficina Federal de Estad\u00edstica (Destatis).<\/p>\n<p>Los planes de producci\u00f3n de la industria qu\u00edmica germana tambi\u00e9n fueron expansivos en marzo. La reducci\u00f3n del empleo en el sector se ha ralentizado. \u00abLas empresas qu\u00edmicas esperan est\u00edmulos de la demanda, sobre todo de las exportaciones\u00bb, indic\u00f3 el instituto.<\/p>\n<p>El sector qu\u00edmico y farmac\u00e9utico es el tercer sector industrial de Alemania, despu\u00e9s de la automoci\u00f3n y la construcci\u00f3n de maquinaria. Adem\u00e1s de la subida de los precios de la energ\u00eda, tambi\u00e9n est\u00e1 sufriendo las consecuencias de la debilidad de la econom\u00eda.<\/p>\n<p>El a\u00f1o pasado, la facturaci\u00f3n del sector cay\u00f3 alrededor del 12 por ciento, hasta los 229.300 millones de euros (243.750 millones de d\u00f3lares), seg\u00fan la Asociaci\u00f3n Alemana de la Industria Qu\u00edmica (VCI).<\/p>\n<p>Las negociaciones salariales para los aproximadamente 585.000 empleados del sector comenzaron el lunes con conversaciones a nivel regional.<\/p>\n","protected":false},"excerpt":{"rendered":"<p>M\u00fanich, 16 abr (dpa) &#8211; La industria qu\u00edmica alemana, golpeada por la crisis energ\u00e9tica, ha dejado probablemente atr\u00e1s lo peor a tenor del clima empresarial del sector, inform\u00f3 hoy el instituto de investigaci\u00f3n econ\u00f3mica Ifo. El citado clima empresarial sigui\u00f3 mejorando en marzo, inform\u00f3 la entidad, con sede en M\u00fanich. \u00abAunque la situaci\u00f3n de los<\/p>\n","protected":false},"author":1,"featured_media":176718,"comment_status":"closed","ping_status":"closed","sticky":false,"template":"","format":"standard","meta":{"footnotes":""},"categories":[151],"tags":[417,383],"class_list":{"0":"post-179757","1":"post","2":"type-post","3":"status-publish","4":"format-standard","5":"has-post-thumbnail","7":"category-canal-empresas","8":"tag-alemania","9":"tag-empresas"},"aioseo_notices":[],"aioseo_head":"\n\t\t<!-- All in One SEO Pro 4.9.6.2 - aioseo.com -->\n\t<meta name=\"description\" content=\"M\u00fanich, 16 abr (dpa) - La industria qu\u00edmica alemana, golpeada por la crisis energ\u00e9tica, ha dejado probablemente atr\u00e1s lo peor a tenor del clima empresarial\" \/>\n\t<meta name=\"robots\" content=\"max-image-preview:large\" \/>\n\t<meta name=\"author\" content=\"Cand\u00e1s 365\"\/>\n\t<meta name=\"google-site-verification\" content=\"UA-32230408-1\" \/>\n\t<meta name=\"msvalidate.01\" content=\"354F3CDFB2DA171B47FBE9ABF1F88D5\" \/>\n\t<meta name=\"keywords\" content=\"canal empresas\" \/>\n\t<link rel=\"canonical\" href=\"https:\/\/candas365.es\/noticias\/instituto-ifo-la-industria-quimica-alemana-deja-atras-la-crisis\/\" \/>\n\t<meta name=\"generator\" content=\"All in One SEO Pro (AIOSEO) 4.9.6.2\" \/>\n\t\t<meta property=\"og:locale\" content=\"es_ES\" \/>\n\t\t<meta property=\"og:site_name\" content=\"Cand\u00e1s 365\" \/>\n\t\t<meta property=\"og:type\" content=\"article\" \/>\n\t\t<meta property=\"og:title\" content=\"Instituto Ifo: La industria qu\u00edmica alemana deja atr\u00e1s la crisis | Cand\u00e1s 365\" \/>\n\t\t<meta property=\"og:description\" content=\"M\u00fanich, 16 abr (dpa) - La industria qu\u00edmica alemana, golpeada por la crisis energ\u00e9tica, ha dejado probablemente atr\u00e1s lo peor a tenor del clima empresarial\" \/>\n\t\t<meta property=\"og:url\" content=\"https:\/\/candas365.es\/noticias\/instituto-ifo-la-industria-quimica-alemana-deja-atras-la-crisis\/\" \/>\n\t\t<meta property=\"og:image\" content=\"https:\/\/candas365.es\/noticias\/wp-content\/uploads\/2023\/12\/noticias.jpg\" \/>\n\t\t<meta property=\"og:image:secure_url\" content=\"https:\/\/candas365.es\/noticias\/wp-content\/uploads\/2023\/12\/noticias.jpg\" \/>\n\t\t<meta property=\"og:image:width\" content=\"640\" \/>\n\t\t<meta property=\"og:image:height\" content=\"480\" \/>\n\t\t<meta property=\"article:published_time\" content=\"2024-04-16T21:52:14+00:00\" \/>\n\t\t<meta property=\"article:modified_time\" content=\"2024-04-16T21:52:14+00:00\" \/>\n\t\t<meta property=\"article:publisher\" content=\"https:\/\/www.facebook.com\/Nachofdezber\" \/>\n\t\t<meta property=\"article:author\" content=\"https:\/\/www.facebook.com\/carrenoactualidad\" \/>\n\t\t<meta name=\"twitter:card\" content=\"summary_large_image\" \/>\n\t\t<meta name=\"twitter:site\" content=\"@NabercoDigital\" \/>\n\t\t<meta name=\"twitter:title\" content=\"Instituto Ifo: La industria qu\u00edmica alemana deja atr\u00e1s la crisis | Cand\u00e1s 365\" \/>\n\t\t<meta name=\"twitter:description\" content=\"M\u00fanich, 16 abr (dpa) - La industria qu\u00edmica alemana, golpeada por la crisis energ\u00e9tica, ha dejado probablemente atr\u00e1s lo peor a tenor del clima empresarial\" \/>\n\t\t<meta name=\"twitter:creator\" content=\"@nbasturias\" \/>\n\t\t<meta name=\"twitter:image\" content=\"https:\/\/candas365.es\/noticias\/wp-content\/uploads\/2023\/12\/noticias.jpg\" \/>\n\t\t<meta name=\"twitter:label1\" content=\"Escrito por\" \/>\n\t\t<meta name=\"twitter:data1\" content=\"Cand\u00e1s 365\" \/>\n\t\t<meta name=\"twitter:label2\" content=\"Tiempo de lectura estimado\" \/>\n\t\t<meta name=\"twitter:data2\" content=\"2 minutos\" \/>\n\t\t<script type=\"application\/ld+json\" class=\"aioseo-schema\">\n\t\t\t{\"@context\":\"https:\\\/\\\/schema.org\",\"@graph\":[{\"@type\":\"BreadcrumbList\",\"@id\":\"https:\\\/\\\/candas365.es\\\/noticias\\\/instituto-ifo-la-industria-quimica-alemana-deja-atras-la-crisis\\\/#breadcrumblist\",\"itemListElement\":[{\"@type\":\"ListItem\",\"@id\":\"https:\\\/\\\/candas365.es\\\/noticias#listItem\",\"position\":1,\"name\":\"Home\",\"item\":\"https:\\\/\\\/candas365.es\\\/noticias\",\"nextItem\":{\"@type\":\"ListItem\",\"@id\":\"https:\\\/\\\/candas365.es\\\/noticias\\\/category\\\/canal-empresas\\\/#listItem\",\"name\":\"Canal Empresas\"}},{\"@type\":\"ListItem\",\"@id\":\"https:\\\/\\\/candas365.es\\\/noticias\\\/category\\\/canal-empresas\\\/#listItem\",\"position\":2,\"name\":\"Canal Empresas\",\"item\":\"https:\\\/\\\/candas365.es\\\/noticias\\\/category\\\/canal-empresas\\\/\",\"nextItem\":{\"@type\":\"ListItem\",\"@id\":\"https:\\\/\\\/candas365.es\\\/noticias\\\/instituto-ifo-la-industria-quimica-alemana-deja-atras-la-crisis\\\/#listItem\",\"name\":\"Instituto Ifo: La industria qu\\u00edmica alemana deja atr\\u00e1s la crisis\"},\"previousItem\":{\"@type\":\"ListItem\",\"@id\":\"https:\\\/\\\/candas365.es\\\/noticias#listItem\",\"name\":\"Home\"}},{\"@type\":\"ListItem\",\"@id\":\"https:\\\/\\\/candas365.es\\\/noticias\\\/instituto-ifo-la-industria-quimica-alemana-deja-atras-la-crisis\\\/#listItem\",\"position\":3,\"name\":\"Instituto Ifo: La industria qu\\u00edmica alemana deja atr\\u00e1s la crisis\",\"previousItem\":{\"@type\":\"ListItem\",\"@id\":\"https:\\\/\\\/candas365.es\\\/noticias\\\/category\\\/canal-empresas\\\/#listItem\",\"name\":\"Canal Empresas\"}}]},{\"@type\":\"NewsArticle\",\"@id\":\"https:\\\/\\\/candas365.es\\\/noticias\\\/instituto-ifo-la-industria-quimica-alemana-deja-atras-la-crisis\\\/#newsarticle\",\"name\":\"Instituto Ifo: La industria qu\\u00edmica alemana deja atr\\u00e1s la crisis | Cand\\u00e1s 365\",\"headline\":\"Instituto Ifo: La industria qu\\u00edmica alemana deja atr\\u00e1s la crisis\",\"author\":{\"@id\":\"https:\\\/\\\/candas365.es\\\/noticias\\\/author\\\/admin\\\/#author\"},\"publisher\":{\"@id\":\"https:\\\/\\\/candas365.es\\\/noticias\\\/#organization\"},\"image\":{\"@type\":\"ImageObject\",\"url\":\"https:\\\/\\\/candas365.es\\\/noticias\\\/wp-content\\\/uploads\\\/2023\\\/12\\\/noticias.jpg\",\"width\":640,\"height\":480,\"caption\":\"noticias\"},\"datePublished\":\"2024-04-16T23:52:14+02:00\",\"dateModified\":\"2024-04-16T23:52:14+02:00\",\"inLanguage\":\"es-ES\",\"mainEntityOfPage\":{\"@id\":\"https:\\\/\\\/candas365.es\\\/noticias\\\/instituto-ifo-la-industria-quimica-alemana-deja-atras-la-crisis\\\/#webpage\"},\"isPartOf\":{\"@id\":\"https:\\\/\\\/candas365.es\\\/noticias\\\/instituto-ifo-la-industria-quimica-alemana-deja-atras-la-crisis\\\/#webpage\"},\"articleSection\":\"Canal Empresas, Alemania, empresas\",\"dateline\":\"Publicado el abril 16, 2024.\"},{\"@type\":\"Organization\",\"@id\":\"https:\\\/\\\/candas365.es\\\/noticias\\\/#organization\",\"name\":\"Cand\\u00e1s 365\",\"description\":\"Cand\\u00e1s 365 es un diario digital independiente, fundado en 2012, con base en Asturias. Informamos con rigor sobre actualidad, sociedad, cultura y ocio, con una mirada local y global.\",\"url\":\"https:\\\/\\\/candas365.es\\\/noticias\\\/\",\"email\":\"info@candas365.es\",\"telephone\":\"+34652131393\",\"foundingDate\":\"2012-06-10\",\"logo\":{\"@type\":\"ImageObject\",\"url\":\"https:\\\/\\\/candas365.es\\\/noticias\\\/wp-content\\\/uploads\\\/2024\\\/09\\\/Candas-365-Redes.jpg\",\"@id\":\"https:\\\/\\\/candas365.es\\\/noticias\\\/instituto-ifo-la-industria-quimica-alemana-deja-atras-la-crisis\\\/#organizationLogo\",\"width\":1152,\"height\":864,\"caption\":\"Cand\\u00e1s 365 Redes\"},\"image\":{\"@id\":\"https:\\\/\\\/candas365.es\\\/noticias\\\/instituto-ifo-la-industria-quimica-alemana-deja-atras-la-crisis\\\/#organizationLogo\"},\"sameAs\":[\"https:\\\/\\\/www.facebook.com\\\/Nachofdezber\",\"https:\\\/\\\/x.com\\\/NabercoDigital\",\"https:\\\/\\\/www.instagram.com\\\/nachofdezber\\\/\",\"https:\\\/\\\/www.youtube.com\\\/channel\\\/UCZP-2wLEB9Rv6erhFmqVnvg\"],\"address\":{\"@id\":\"https:\\\/\\\/candas365.es\\\/noticias\\\/#postaladdress\",\"@type\":\"PostalAddress\",\"streetAddress\":\"san antonio 4, san antonio 4\",\"postalCode\":\"33430\",\"addressLocality\":\"Cand\\u00e1s\",\"addressRegion\":\"Asturias\",\"addressCountry\":\"ES\"}},{\"@type\":\"Person\",\"@id\":\"https:\\\/\\\/candas365.es\\\/noticias\\\/author\\\/admin\\\/#author\",\"url\":\"https:\\\/\\\/candas365.es\\\/noticias\\\/author\\\/admin\\\/\",\"name\":\"Cand\\u00e1s 365\",\"image\":{\"@type\":\"ImageObject\",\"@id\":\"https:\\\/\\\/candas365.es\\\/noticias\\\/instituto-ifo-la-industria-quimica-alemana-deja-atras-la-crisis\\\/#authorImage\",\"url\":\"https:\\\/\\\/secure.gravatar.com\\\/avatar\\\/496a8e03d0c493ede1718b7934145dbdf8d89be1036b0eec9544e1094c9de390?s=96&d=mm&r=g\",\"width\":96,\"height\":96,\"caption\":\"Cand\\u00e1s 365\"},\"sameAs\":[\"https:\\\/\\\/www.facebook.com\\\/carrenoactualidad\",\"https:\\\/\\\/twitter.com\\\/nbasturias\",\"https:\\\/\\\/www.instagram.com\\\/nachofdezber\\\/\",\"https:\\\/\\\/www.youtube.com\\\/channel\\\/UCZP-2wLEB9Rv6erhFmqVnvg\"]},{\"@type\":\"WebPage\",\"@id\":\"https:\\\/\\\/candas365.es\\\/noticias\\\/instituto-ifo-la-industria-quimica-alemana-deja-atras-la-crisis\\\/#webpage\",\"url\":\"https:\\\/\\\/candas365.es\\\/noticias\\\/instituto-ifo-la-industria-quimica-alemana-deja-atras-la-crisis\\\/\",\"name\":\"Instituto Ifo: La industria qu\\u00edmica alemana deja atr\\u00e1s la crisis | Cand\\u00e1s 365\",\"description\":\"M\\u00fanich, 16 abr (dpa) - La industria qu\\u00edmica alemana, golpeada por la crisis energ\\u00e9tica, ha dejado probablemente atr\\u00e1s lo peor a tenor del clima empresarial\",\"inLanguage\":\"es-ES\",\"isPartOf\":{\"@id\":\"https:\\\/\\\/candas365.es\\\/noticias\\\/#website\"},\"breadcrumb\":{\"@id\":\"https:\\\/\\\/candas365.es\\\/noticias\\\/instituto-ifo-la-industria-quimica-alemana-deja-atras-la-crisis\\\/#breadcrumblist\"},\"author\":{\"@id\":\"https:\\\/\\\/candas365.es\\\/noticias\\\/author\\\/admin\\\/#author\"},\"creator\":{\"@id\":\"https:\\\/\\\/candas365.es\\\/noticias\\\/author\\\/admin\\\/#author\"},\"image\":{\"@type\":\"ImageObject\",\"url\":\"https:\\\/\\\/candas365.es\\\/noticias\\\/wp-content\\\/uploads\\\/2023\\\/12\\\/noticias.jpg\",\"@id\":\"https:\\\/\\\/candas365.es\\\/noticias\\\/instituto-ifo-la-industria-quimica-alemana-deja-atras-la-crisis\\\/#mainImage\",\"width\":640,\"height\":480,\"caption\":\"noticias\"},\"primaryImageOfPage\":{\"@id\":\"https:\\\/\\\/candas365.es\\\/noticias\\\/instituto-ifo-la-industria-quimica-alemana-deja-atras-la-crisis\\\/#mainImage\"},\"datePublished\":\"2024-04-16T23:52:14+02:00\",\"dateModified\":\"2024-04-16T23:52:14+02:00\"},{\"@type\":\"WebSite\",\"@id\":\"https:\\\/\\\/candas365.es\\\/noticias\\\/#website\",\"url\":\"https:\\\/\\\/candas365.es\\\/noticias\\\/\",\"name\":\"Cand\\u00e1s 365\",\"alternateName\":\"Cand\\u00e1s 365 Noticias\",\"description\":\"Actualidad desde Carre\\u00f1o para el mundo\",\"inLanguage\":\"es-ES\",\"publisher\":{\"@id\":\"https:\\\/\\\/candas365.es\\\/noticias\\\/#organization\"}}]}\n\t\t<\/script>\n\t\t<!-- All in One SEO Pro -->\r\n\t\t<title>Instituto Ifo: La industria qu\u00edmica alemana deja atr\u00e1s la crisis | Cand\u00e1s 365<\/title>\n\n","aioseo_head_json":{"title":"Instituto Ifo: La industria qu\u00edmica alemana deja atr\u00e1s la crisis | Cand\u00e1s 365","description":"M\u00fanich, 16 abr (dpa) - La industria qu\u00edmica alemana, golpeada por la crisis energ\u00e9tica, ha dejado probablemente atr\u00e1s lo peor a tenor del clima empresarial","canonical_url":"https:\/\/candas365.es\/noticias\/instituto-ifo-la-industria-quimica-alemana-deja-atras-la-crisis\/","robots":"max-image-preview:large","keywords":"canal empresas","webmasterTools":{"google-site-verification":"UA-32230408-1","msvalidate.01":"354F3CDFB2DA171B47FBE9ABF1F88D5","miscellaneous":""},"schema":{"@context":"https:\/\/schema.org","@graph":[{"@type":"BreadcrumbList","@id":"https:\/\/candas365.es\/noticias\/instituto-ifo-la-industria-quimica-alemana-deja-atras-la-crisis\/#breadcrumblist","itemListElement":[{"@type":"ListItem","@id":"https:\/\/candas365.es\/noticias#listItem","position":1,"name":"Home","item":"https:\/\/candas365.es\/noticias","nextItem":{"@type":"ListItem","@id":"https:\/\/candas365.es\/noticias\/category\/canal-empresas\/#listItem","name":"Canal Empresas"}},{"@type":"ListItem","@id":"https:\/\/candas365.es\/noticias\/category\/canal-empresas\/#listItem","position":2,"name":"Canal Empresas","item":"https:\/\/candas365.es\/noticias\/category\/canal-empresas\/","nextItem":{"@type":"ListItem","@id":"https:\/\/candas365.es\/noticias\/instituto-ifo-la-industria-quimica-alemana-deja-atras-la-crisis\/#listItem","name":"Instituto Ifo: La industria qu\u00edmica alemana deja atr\u00e1s la crisis"},"previousItem":{"@type":"ListItem","@id":"https:\/\/candas365.es\/noticias#listItem","name":"Home"}},{"@type":"ListItem","@id":"https:\/\/candas365.es\/noticias\/instituto-ifo-la-industria-quimica-alemana-deja-atras-la-crisis\/#listItem","position":3,"name":"Instituto Ifo: La industria qu\u00edmica alemana deja atr\u00e1s la crisis","previousItem":{"@type":"ListItem","@id":"https:\/\/candas365.es\/noticias\/category\/canal-empresas\/#listItem","name":"Canal Empresas"}}]},{"@type":"NewsArticle","@id":"https:\/\/candas365.es\/noticias\/instituto-ifo-la-industria-quimica-alemana-deja-atras-la-crisis\/#newsarticle","name":"Instituto Ifo: La industria qu\u00edmica alemana deja atr\u00e1s la crisis | Cand\u00e1s 365","headline":"Instituto Ifo: La industria qu\u00edmica alemana deja atr\u00e1s la crisis","author":{"@id":"https:\/\/candas365.es\/noticias\/author\/admin\/#author"},"publisher":{"@id":"https:\/\/candas365.es\/noticias\/#organization"},"image":{"@type":"ImageObject","url":"https:\/\/candas365.es\/noticias\/wp-content\/uploads\/2023\/12\/noticias.jpg","width":640,"height":480,"caption":"noticias"},"datePublished":"2024-04-16T23:52:14+02:00","dateModified":"2024-04-16T23:52:14+02:00","inLanguage":"es-ES","mainEntityOfPage":{"@id":"https:\/\/candas365.es\/noticias\/instituto-ifo-la-industria-quimica-alemana-deja-atras-la-crisis\/#webpage"},"isPartOf":{"@id":"https:\/\/candas365.es\/noticias\/instituto-ifo-la-industria-quimica-alemana-deja-atras-la-crisis\/#webpage"},"articleSection":"Canal Empresas, Alemania, empresas","dateline":"Publicado el abril 16, 2024."},{"@type":"Organization","@id":"https:\/\/candas365.es\/noticias\/#organization","name":"Cand\u00e1s 365","description":"Cand\u00e1s 365 es un diario digital independiente, fundado en 2012, con base en Asturias. Informamos con rigor sobre actualidad, sociedad, cultura y ocio, con una mirada local y global.","url":"https:\/\/candas365.es\/noticias\/","email":"info@candas365.es","telephone":"+34652131393","foundingDate":"2012-06-10","logo":{"@type":"ImageObject","url":"https:\/\/candas365.es\/noticias\/wp-content\/uploads\/2024\/09\/Candas-365-Redes.jpg","@id":"https:\/\/candas365.es\/noticias\/instituto-ifo-la-industria-quimica-alemana-deja-atras-la-crisis\/#organizationLogo","width":1152,"height":864,"caption":"Cand\u00e1s 365 Redes"},"image":{"@id":"https:\/\/candas365.es\/noticias\/instituto-ifo-la-industria-quimica-alemana-deja-atras-la-crisis\/#organizationLogo"},"sameAs":["https:\/\/www.facebook.com\/Nachofdezber","https:\/\/x.com\/NabercoDigital","https:\/\/www.instagram.com\/nachofdezber\/","https:\/\/www.youtube.com\/channel\/UCZP-2wLEB9Rv6erhFmqVnvg"],"address":{"@id":"https:\/\/candas365.es\/noticias\/#postaladdress","@type":"PostalAddress","streetAddress":"san antonio 4, san antonio 4","postalCode":"33430","addressLocality":"Cand\u00e1s","addressRegion":"Asturias","addressCountry":"ES"}},{"@type":"Person","@id":"https:\/\/candas365.es\/noticias\/author\/admin\/#author","url":"https:\/\/candas365.es\/noticias\/author\/admin\/","name":"Cand\u00e1s 365","image":{"@type":"ImageObject","@id":"https:\/\/candas365.es\/noticias\/instituto-ifo-la-industria-quimica-alemana-deja-atras-la-crisis\/#authorImage","url":"https:\/\/secure.gravatar.com\/avatar\/496a8e03d0c493ede1718b7934145dbdf8d89be1036b0eec9544e1094c9de390?s=96&d=mm&r=g","width":96,"height":96,"caption":"Cand\u00e1s 365"},"sameAs":["https:\/\/www.facebook.com\/carrenoactualidad","https:\/\/twitter.com\/nbasturias","https:\/\/www.instagram.com\/nachofdezber\/","https:\/\/www.youtube.com\/channel\/UCZP-2wLEB9Rv6erhFmqVnvg"]},{"@type":"WebPage","@id":"https:\/\/candas365.es\/noticias\/instituto-ifo-la-industria-quimica-alemana-deja-atras-la-crisis\/#webpage","url":"https:\/\/candas365.es\/noticias\/instituto-ifo-la-industria-quimica-alemana-deja-atras-la-crisis\/","name":"Instituto Ifo: La industria qu\u00edmica alemana deja atr\u00e1s la crisis | Cand\u00e1s 365","description":"M\u00fanich, 16 abr (dpa) - La industria qu\u00edmica alemana, golpeada por la crisis energ\u00e9tica, ha dejado probablemente atr\u00e1s lo peor a tenor del clima empresarial","inLanguage":"es-ES","isPartOf":{"@id":"https:\/\/candas365.es\/noticias\/#website"},"breadcrumb":{"@id":"https:\/\/candas365.es\/noticias\/instituto-ifo-la-industria-quimica-alemana-deja-atras-la-crisis\/#breadcrumblist"},"author":{"@id":"https:\/\/candas365.es\/noticias\/author\/admin\/#author"},"creator":{"@id":"https:\/\/candas365.es\/noticias\/author\/admin\/#author"},"image":{"@type":"ImageObject","url":"https:\/\/candas365.es\/noticias\/wp-content\/uploads\/2023\/12\/noticias.jpg","@id":"https:\/\/candas365.es\/noticias\/instituto-ifo-la-industria-quimica-alemana-deja-atras-la-crisis\/#mainImage","width":640,"height":480,"caption":"noticias"},"primaryImageOfPage":{"@id":"https:\/\/candas365.es\/noticias\/instituto-ifo-la-industria-quimica-alemana-deja-atras-la-crisis\/#mainImage"},"datePublished":"2024-04-16T23:52:14+02:00","dateModified":"2024-04-16T23:52:14+02:00"},{"@type":"WebSite","@id":"https:\/\/candas365.es\/noticias\/#website","url":"https:\/\/candas365.es\/noticias\/","name":"Cand\u00e1s 365","alternateName":"Cand\u00e1s 365 Noticias","description":"Actualidad desde Carre\u00f1o para el mundo","inLanguage":"es-ES","publisher":{"@id":"https:\/\/candas365.es\/noticias\/#organization"}}]},"og:locale":"es_ES","og:site_name":"Cand\u00e1s 365","og:type":"article","og:title":"Instituto Ifo: La industria qu\u00edmica alemana deja atr\u00e1s la crisis | Cand\u00e1s 365","og:description":"M\u00fanich, 16 abr (dpa) - La industria qu\u00edmica alemana, golpeada por la crisis energ\u00e9tica, ha dejado probablemente atr\u00e1s lo peor a tenor del clima empresarial","og:url":"https:\/\/candas365.es\/noticias\/instituto-ifo-la-industria-quimica-alemana-deja-atras-la-crisis\/","og:image":"https:\/\/candas365.es\/noticias\/wp-content\/uploads\/2023\/12\/noticias.jpg","og:image:secure_url":"https:\/\/candas365.es\/noticias\/wp-content\/uploads\/2023\/12\/noticias.jpg","og:image:width":640,"og:image:height":480,"article:published_time":"2024-04-16T21:52:14+00:00","article:modified_time":"2024-04-16T21:52:14+00:00","article:publisher":"https:\/\/www.facebook.com\/Nachofdezber","article:author":"https:\/\/www.facebook.com\/carrenoactualidad","twitter:card":"summary_large_image","twitter:site":"@NabercoDigital","twitter:title":"Instituto Ifo: La industria qu\u00edmica alemana deja atr\u00e1s la crisis | Cand\u00e1s 365","twitter:description":"M\u00fanich, 16 abr (dpa) - La industria qu\u00edmica alemana, golpeada por la crisis energ\u00e9tica, ha dejado probablemente atr\u00e1s lo peor a tenor del clima empresarial","twitter:creator":"@nbasturias","twitter:image":"https:\/\/candas365.es\/noticias\/wp-content\/uploads\/2023\/12\/noticias.jpg","twitter:label1":"Escrito por","twitter:data1":"Cand\u00e1s 365","twitter:label2":"Tiempo de lectura estimado","twitter:data2":"2 minutos"},"aioseo_meta_data":{"post_id":"179757","title":null,"description":"M\u00fanich, 16 abr (dpa) - La industria qu\u00edmica alemana, golpeada por la crisis energ\u00e9tica, ha dejado probablemente atr\u00e1s lo peor a tenor del clima empresarial","keywords":null,"keyphrases":{"focus":{"keyphrase":"industria qu\u00edmica","score":89,"analysis":{"keyphraseInTitle":{"score":9,"maxScore":9,"error":0},"keyphraseInDescription":{"score":9,"maxScore":9,"error":0},"keyphraseLength":{"score":9,"maxScore":9,"error":0,"length":3},"keyphraseInURL":[],"keyphraseInIntroduction":{"score":9,"maxScore":9,"error":0},"keyphraseInSubHeadings":[],"keyphraseInImageAlt":{"score":3,"maxScore":9,"error":1},"keywordDensity":{"type":"best","score":9,"maxScore":9,"error":0}}},"additional":[{"keyphrase":"industria qu\u00edmica","score":87,"analysis":{"keyphraseInDescription":{"score":9,"maxScore":9,"error":0},"keyphraseLength":{"score":9,"maxScore":9,"error":0,"length":3},"keyphraseInIntroduction":{"score":9,"maxScore":9,"error":0},"keyphraseInImageAlt":{"score":3,"maxScore":9,"error":1},"keywordDensity":{"type":"best","score":9,"maxScore":9,"error":0}}}]},"primary_term":null,"canonical_url":null,"og_title":null,"og_description":null,"og_object_type":"default","og_image_type":"default","og_image_url":null,"og_image_width":null,"og_image_height":null,"og_image_custom_url":null,"og_image_custom_fields":null,"og_video":"","og_custom_url":null,"og_article_section":null,"og_article_tags":null,"twitter_use_og":false,"twitter_card":"default","twitter_image_type":"default","twitter_image_url":null,"twitter_image_custom_url":null,"twitter_image_custom_fields":null,"twitter_title":null,"twitter_description":null,"schema":{"blockGraphs":[],"customGraphs":[],"default":{"data":{"Article":[],"Course":[],"Dataset":[],"FAQPage":[],"Movie":[],"Person":[],"Product":[],"ProductReview":[],"Car":[],"Recipe":[],"Service":[],"SoftwareApplication":[],"WebPage":[]},"graphName":"Article","isEnabled":true},"graphs":[]},"schema_type":"default","schema_type_options":null,"pillar_content":false,"robots_default":true,"robots_noindex":false,"robots_noarchive":false,"robots_nosnippet":false,"robots_nofollow":false,"robots_noimageindex":false,"robots_noodp":false,"robots_notranslate":false,"robots_max_snippet":"-1","robots_max_videopreview":"-1","robots_max_imagepreview":"large","priority":null,"frequency":"default","location":null,"local_seo":null,"seo_analyzer_scan_date":"2025-09-02 07:11:13","breadcrumb_settings":null,"limit_modified_date":false,"reviewed_by":null,"open_ai":"{\"title\":{\"suggestions\":[],\"usage\":0},\"description\":{\"suggestions\":[],\"usage\":0}}","ai":null,"created":"2024-04-16 21:50:03","updated":"2025-09-02 07:11:13"},"aioseo_breadcrumb":"<div class=\"aioseo-breadcrumbs\"><span class=\"aioseo-breadcrumb\">\n\t<a href=\"https:\/\/candas365.es\/noticias\" title=\"Home\">Home<\/a>\n<\/span><span class=\"aioseo-breadcrumb-separator\">&ndash;<\/span><span class=\"aioseo-breadcrumb\">\n\t<a href=\"https:\/\/candas365.es\/noticias\/category\/canal-empresas\/\" title=\"Canal Empresas\">Canal Empresas<\/a>\n<\/span><span class=\"aioseo-breadcrumb-separator\">&ndash;<\/span><span class=\"aioseo-breadcrumb\">\n\tInstituto Ifo: La industria qu\u00edmica alemana deja atr\u00e1s la crisis\n<\/span><\/div>","aioseo_breadcrumb_json":[{"label":"Home","link":"https:\/\/candas365.es\/noticias"},{"label":"Canal Empresas","link":"https:\/\/candas365.es\/noticias\/category\/canal-empresas\/"},{"label":"Instituto Ifo: La industria qu\u00edmica alemana deja atr\u00e1s la crisis","link":"https:\/\/candas365.es\/noticias\/instituto-ifo-la-industria-quimica-alemana-deja-atras-la-crisis\/"}],"_links":{"self":[{"href":"https:\/\/candas365.es\/noticias\/wp-json\/wp\/v2\/posts\/179757","targetHints":{"allow":["GET"]}}],"collection":[{"href":"https:\/\/candas365.es\/noticias\/wp-json\/wp\/v2\/posts"}],"about":[{"href":"https:\/\/candas365.es\/noticias\/wp-json\/wp\/v2\/types\/post"}],"author":[{"embeddable":true,"href":"https:\/\/candas365.es\/noticias\/wp-json\/wp\/v2\/users\/1"}],"replies":[{"embeddable":true,"href":"https:\/\/candas365.es\/noticias\/wp-json\/wp\/v2\/comments?post=179757"}],"version-history":[{"count":0,"href":"https:\/\/candas365.es\/noticias\/wp-json\/wp\/v2\/posts\/179757\/revisions"}],"wp:featuredmedia":[{"embeddable":true,"href":"https:\/\/candas365.es\/noticias\/wp-json\/wp\/v2\/media\/176718"}],"wp:attachment":[{"href":"https:\/\/candas365.es\/noticias\/wp-json\/wp\/v2\/media?parent=179757"}],"wp:term":[{"taxonomy":"category","embeddable":true,"href":"https:\/\/candas365.es\/noticias\/wp-json\/wp\/v2\/categories?post=179757"},{"taxonomy":"post_tag","embeddable":true,"href":"https:\/\/candas365.es\/noticias\/wp-json\/wp\/v2\/tags?post=179757"}],"curies":[{"name":"wp","href":"https:\/\/api.w.org\/{rel}","templated":true}]}}