{"id":179751,"date":"2024-04-16T22:09:37","date_gmt":"2024-04-16T20:09:37","guid":{"rendered":"https:\/\/candas365.es\/noticias\/?p=179751"},"modified":"2024-04-16T22:09:37","modified_gmt":"2024-04-16T20:09:37","slug":"721-personas-han-perdido-la-vida-en-accidentes-de-trabajo-en-espana","status":"publish","type":"post","link":"https:\/\/candas365.es\/noticias\/721-personas-han-perdido-la-vida-en-accidentes-de-trabajo-en-espana\/","title":{"rendered":"721 personas han perdido la vida en accidentes de trabajo en Espa\u00f1a"},"content":{"rendered":"<p>Los sindicatos UGT y CCOO denunciaron que es <strong>\u201cintolerable\u201d<\/strong> que en 2023 se hayan producido 624.911 <a href=\"https:\/\/candas365.es\/noticias\/category\/sucesos\/\"><span style=\"color: #ff6600;\"><strong>accidentes de trabajo<\/strong><\/span><\/a> con baja y 721 muertes por el mero hecho de ir a trabajar.<\/p>\n<p><img fetchpriority=\"high\" decoding=\"async\" class=\"aligncenter size-full wp-image-179752\" src=\"https:\/\/candas365.es\/noticias\/wp-content\/uploads\/2024\/04\/accidentes-de-trabajo.jpg\" alt=\"accidentes de trabajo\" width=\"640\" height=\"427\" srcset=\"https:\/\/candas365.es\/noticias\/wp-content\/uploads\/2024\/04\/accidentes-de-trabajo.jpg 640w, https:\/\/candas365.es\/noticias\/wp-content\/uploads\/2024\/04\/accidentes-de-trabajo-360x240.jpg 360w, https:\/\/candas365.es\/noticias\/wp-content\/uploads\/2024\/04\/accidentes-de-trabajo-150x100.jpg 150w, https:\/\/candas365.es\/noticias\/wp-content\/uploads\/2024\/04\/accidentes-de-trabajo-450x300.jpg 450w\" sizes=\"(max-width: 640px) 100vw, 640px\" \/><\/p>\n<p>As\u00ed lo pusieron de relieve ambos sindicatos en un manifiesto difundido ante la conmemoraci\u00f3n el 28 de abril del D\u00eda Internacional de la Salud y la Seguridad en el Trabajo, en el que incidieron en que <strong>\u201clas transformaciones que est\u00e1 experimentando actualmente la humanidad impactan en la forma de vivir, en el mundo del trabajo y en la salud de la clase trabajadora\u201d.<\/strong><\/p>\n<p>\u201cLa transici\u00f3n demogr\u00e1fica, con sociedades cada vez m\u00e1s envejecidas en occidente, debe tenerse en cuenta a la hora de gestionar los riesgos para la seguridad y salud en el trabajo, sin perder de vista que son los m\u00e1s j\u00f3venes los que registran las mayores incidencias en cuanto a accidentes ocurridos durante la jornada laboral\u201d, indicaron los sindicatos.<\/p>\n<p>A su juicio, la digitalizaci\u00f3n del mundo del trabajo tambi\u00e9n est\u00e1 afectando a la salud de los trabajadores. <strong>\u201cLa monitorizaci\u00f3n constante, la falta de desconexi\u00f3n, la intensificaci\u00f3n del trabajo, la reducci\u00f3n de la autonom\u00eda y determinaci\u00f3n de la persona trabajadora sometida a la nueva inteligencia artificial, acaban provocando serios problemas de salud f\u00edsica y mental\u201d, avisaron.<\/strong><\/p>\n<p>Adem\u00e1s, pidieron poner el foco de atenci\u00f3n en la transici\u00f3n clim\u00e1tica, \u201ccuyos efectos ya se est\u00e1n sintiendo tanto en la sociedad como en el entorno laboral, siendo nuestro pa\u00eds una de las \u00e1reas m\u00e1s vulnerables, seg\u00fan los expertos\u201d, como se evidencia con la muerte de trabajadores por olas de calor.<\/p>\n<p>Por ello, UGT y CCOO se\u00f1alaron que todos estos retos se deben abordar en la mesa de di\u00e1logo social junto con la mejora de la calidad de la gesti\u00f3n de la prevenci\u00f3n en las empresas, el subregistro de enfermedades profesionales, empezando por el c\u00e1ncer laboral, y el refuerzo del marco normativo para la prevenci\u00f3n efectiva de los riesgos psicosociales, entre otros asuntos.<\/p>\n<p>\u201cComo cada a\u00f1o, UGT y CCOO renovamos nuestro firme compromiso de seguir trabajando para conseguir acabar con la lacra de la siniestralidad laboral y que la seguridad y salud en el trabajo sea un derecho real y efectivo, y se sit\u00fae en el centro de todas las pol\u00edticas p\u00fablicas\u201d, concluyeron.<\/p>\n<p>(<a href=\"https:\/\/www.servimedia.es\/\" target=\"_blank\" rel=\"noopener\"><span style=\"color: #ff6600;\"><strong>SERVIMEDIA<\/strong><\/span><\/a>)<\/p>\n","protected":false},"excerpt":{"rendered":"<p>Los sindicatos UGT y CCOO denunciaron que es \u201cintolerable\u201d que en 2023 se hayan producido 624.911 accidentes de trabajo con baja y 721 muertes por el mero hecho de ir a trabajar. As\u00ed lo pusieron de relieve ambos sindicatos en un manifiesto difundido ante la conmemoraci\u00f3n el 28 de abril del D\u00eda Internacional de la<\/p>\n","protected":false},"author":1,"featured_media":179752,"comment_status":"closed","ping_status":"closed","sticky":false,"template":"","format":"standard","meta":{"footnotes":""},"categories":[487],"tags":[391],"class_list":{"0":"post-179751","1":"post","2":"type-post","3":"status-publish","4":"format-standard","5":"has-post-thumbnail","7":"category-sucesos","8":"tag-sucesos"},"aioseo_notices":[],"aioseo_head":"\n\t\t<!-- All in One SEO Pro 4.9.6.2 - aioseo.com -->\n\t<meta name=\"description\" content=\"Los sindicatos UGT y CCOO denunciaron que es \u201cintolerable\u201d que en 2023 se hayan producido 624.911 accidentes de trabajo con baja y 721 muertes por el mero hecho\" \/>\n\t<meta name=\"robots\" content=\"max-image-preview:large\" \/>\n\t<meta name=\"author\" content=\"Cand\u00e1s 365\"\/>\n\t<meta name=\"google-site-verification\" content=\"UA-32230408-1\" \/>\n\t<meta name=\"msvalidate.01\" content=\"354F3CDFB2DA171B47FBE9ABF1F88D5\" \/>\n\t<meta name=\"keywords\" content=\"sucesos\" \/>\n\t<link rel=\"canonical\" href=\"https:\/\/candas365.es\/noticias\/721-personas-han-perdido-la-vida-en-accidentes-de-trabajo-en-espana\/\" \/>\n\t<meta name=\"generator\" content=\"All in One SEO Pro (AIOSEO) 4.9.6.2\" \/>\n\t\t<meta property=\"og:locale\" content=\"es_ES\" \/>\n\t\t<meta property=\"og:site_name\" content=\"Cand\u00e1s 365\" \/>\n\t\t<meta property=\"og:type\" content=\"article\" \/>\n\t\t<meta property=\"og:title\" content=\"721 personas han perdido la vida en accidentes de trabajo en Espa\u00f1a | Cand\u00e1s 365\" \/>\n\t\t<meta property=\"og:description\" content=\"Los sindicatos UGT y CCOO denunciaron que es \u201cintolerable\u201d que en 2023 se hayan producido 624.911 accidentes de trabajo con baja y 721 muertes por el mero hecho\" \/>\n\t\t<meta property=\"og:url\" content=\"https:\/\/candas365.es\/noticias\/721-personas-han-perdido-la-vida-en-accidentes-de-trabajo-en-espana\/\" \/>\n\t\t<meta property=\"og:image\" content=\"https:\/\/candas365.es\/noticias\/wp-content\/uploads\/2024\/04\/accidentes-de-trabajo.jpg\" \/>\n\t\t<meta property=\"og:image:secure_url\" content=\"https:\/\/candas365.es\/noticias\/wp-content\/uploads\/2024\/04\/accidentes-de-trabajo.jpg\" \/>\n\t\t<meta property=\"og:image:width\" content=\"640\" \/>\n\t\t<meta property=\"og:image:height\" content=\"427\" \/>\n\t\t<meta property=\"article:published_time\" content=\"2024-04-16T20:09:37+00:00\" \/>\n\t\t<meta property=\"article:modified_time\" content=\"2024-04-16T20:09:37+00:00\" \/>\n\t\t<meta property=\"article:publisher\" content=\"https:\/\/www.facebook.com\/Nachofdezber\" \/>\n\t\t<meta property=\"article:author\" content=\"https:\/\/www.facebook.com\/carrenoactualidad\" \/>\n\t\t<meta name=\"twitter:card\" content=\"summary_large_image\" \/>\n\t\t<meta name=\"twitter:site\" content=\"@NabercoDigital\" \/>\n\t\t<meta name=\"twitter:title\" content=\"721 personas han perdido la vida en accidentes de trabajo en Espa\u00f1a | Cand\u00e1s 365\" \/>\n\t\t<meta name=\"twitter:description\" content=\"Los sindicatos UGT y CCOO denunciaron que es \u201cintolerable\u201d que en 2023 se hayan producido 624.911 accidentes de trabajo con baja y 721 muertes por el mero hecho\" \/>\n\t\t<meta name=\"twitter:creator\" content=\"@nbasturias\" \/>\n\t\t<meta name=\"twitter:image\" content=\"https:\/\/candas365.es\/noticias\/wp-content\/uploads\/2024\/04\/accidentes-de-trabajo.jpg\" \/>\n\t\t<meta name=\"twitter:label1\" content=\"Escrito por\" \/>\n\t\t<meta name=\"twitter:data1\" content=\"Cand\u00e1s 365\" \/>\n\t\t<meta name=\"twitter:label2\" content=\"Tiempo de lectura estimado\" \/>\n\t\t<meta name=\"twitter:data2\" content=\"2 minutos\" \/>\n\t\t<script type=\"application\/ld+json\" class=\"aioseo-schema\">\n\t\t\t{\"@context\":\"https:\\\/\\\/schema.org\",\"@graph\":[{\"@type\":\"BreadcrumbList\",\"@id\":\"https:\\\/\\\/candas365.es\\\/noticias\\\/721-personas-han-perdido-la-vida-en-accidentes-de-trabajo-en-espana\\\/#breadcrumblist\",\"itemListElement\":[{\"@type\":\"ListItem\",\"@id\":\"https:\\\/\\\/candas365.es\\\/noticias#listItem\",\"position\":1,\"name\":\"Home\",\"item\":\"https:\\\/\\\/candas365.es\\\/noticias\",\"nextItem\":{\"@type\":\"ListItem\",\"@id\":\"https:\\\/\\\/candas365.es\\\/noticias\\\/category\\\/sucesos\\\/#listItem\",\"name\":\"Sucesos\"}},{\"@type\":\"ListItem\",\"@id\":\"https:\\\/\\\/candas365.es\\\/noticias\\\/category\\\/sucesos\\\/#listItem\",\"position\":2,\"name\":\"Sucesos\",\"item\":\"https:\\\/\\\/candas365.es\\\/noticias\\\/category\\\/sucesos\\\/\",\"nextItem\":{\"@type\":\"ListItem\",\"@id\":\"https:\\\/\\\/candas365.es\\\/noticias\\\/721-personas-han-perdido-la-vida-en-accidentes-de-trabajo-en-espana\\\/#listItem\",\"name\":\"721 personas han perdido la vida en accidentes de trabajo en Espa\\u00f1a\"},\"previousItem\":{\"@type\":\"ListItem\",\"@id\":\"https:\\\/\\\/candas365.es\\\/noticias#listItem\",\"name\":\"Home\"}},{\"@type\":\"ListItem\",\"@id\":\"https:\\\/\\\/candas365.es\\\/noticias\\\/721-personas-han-perdido-la-vida-en-accidentes-de-trabajo-en-espana\\\/#listItem\",\"position\":3,\"name\":\"721 personas han perdido la vida en accidentes de trabajo en Espa\\u00f1a\",\"previousItem\":{\"@type\":\"ListItem\",\"@id\":\"https:\\\/\\\/candas365.es\\\/noticias\\\/category\\\/sucesos\\\/#listItem\",\"name\":\"Sucesos\"}}]},{\"@type\":\"NewsArticle\",\"@id\":\"https:\\\/\\\/candas365.es\\\/noticias\\\/721-personas-han-perdido-la-vida-en-accidentes-de-trabajo-en-espana\\\/#newsarticle\",\"name\":\"721 personas han perdido la vida en accidentes de trabajo en Espa\\u00f1a | Cand\\u00e1s 365\",\"headline\":\"721 personas han perdido la vida en accidentes de trabajo en Espa\\u00f1a\",\"author\":{\"@id\":\"https:\\\/\\\/candas365.es\\\/noticias\\\/author\\\/admin\\\/#author\"},\"publisher\":{\"@id\":\"https:\\\/\\\/candas365.es\\\/noticias\\\/#organization\"},\"image\":{\"@type\":\"ImageObject\",\"url\":\"https:\\\/\\\/candas365.es\\\/noticias\\\/wp-content\\\/uploads\\\/2024\\\/04\\\/accidentes-de-trabajo.jpg\",\"width\":640,\"height\":427,\"caption\":\"accidentes de trabajo\"},\"datePublished\":\"2024-04-16T22:09:37+02:00\",\"dateModified\":\"2024-04-16T22:09:37+02:00\",\"inLanguage\":\"es-ES\",\"mainEntityOfPage\":{\"@id\":\"https:\\\/\\\/candas365.es\\\/noticias\\\/721-personas-han-perdido-la-vida-en-accidentes-de-trabajo-en-espana\\\/#webpage\"},\"isPartOf\":{\"@id\":\"https:\\\/\\\/candas365.es\\\/noticias\\\/721-personas-han-perdido-la-vida-en-accidentes-de-trabajo-en-espana\\\/#webpage\"},\"articleSection\":\"Sucesos, sucesos\",\"dateline\":\"Publicado el abril 16, 2024.\"},{\"@type\":\"Organization\",\"@id\":\"https:\\\/\\\/candas365.es\\\/noticias\\\/#organization\",\"name\":\"Cand\\u00e1s 365\",\"description\":\"Cand\\u00e1s 365 es un diario digital independiente, fundado en 2012, con base en Asturias. Informamos con rigor sobre actualidad, sociedad, cultura y ocio, con una mirada local y global.\",\"url\":\"https:\\\/\\\/candas365.es\\\/noticias\\\/\",\"email\":\"info@candas365.es\",\"telephone\":\"+34652131393\",\"foundingDate\":\"2012-06-10\",\"logo\":{\"@type\":\"ImageObject\",\"url\":\"https:\\\/\\\/candas365.es\\\/noticias\\\/wp-content\\\/uploads\\\/2024\\\/09\\\/Candas-365-Redes.jpg\",\"@id\":\"https:\\\/\\\/candas365.es\\\/noticias\\\/721-personas-han-perdido-la-vida-en-accidentes-de-trabajo-en-espana\\\/#organizationLogo\",\"width\":1152,\"height\":864,\"caption\":\"Cand\\u00e1s 365 Redes\"},\"image\":{\"@id\":\"https:\\\/\\\/candas365.es\\\/noticias\\\/721-personas-han-perdido-la-vida-en-accidentes-de-trabajo-en-espana\\\/#organizationLogo\"},\"sameAs\":[\"https:\\\/\\\/www.facebook.com\\\/Nachofdezber\",\"https:\\\/\\\/x.com\\\/NabercoDigital\",\"https:\\\/\\\/www.instagram.com\\\/nachofdezber\\\/\",\"https:\\\/\\\/www.youtube.com\\\/channel\\\/UCZP-2wLEB9Rv6erhFmqVnvg\"],\"address\":{\"@id\":\"https:\\\/\\\/candas365.es\\\/noticias\\\/#postaladdress\",\"@type\":\"PostalAddress\",\"streetAddress\":\"san antonio 4, san antonio 4\",\"postalCode\":\"33430\",\"addressLocality\":\"Cand\\u00e1s\",\"addressRegion\":\"Asturias\",\"addressCountry\":\"ES\"}},{\"@type\":\"Person\",\"@id\":\"https:\\\/\\\/candas365.es\\\/noticias\\\/author\\\/admin\\\/#author\",\"url\":\"https:\\\/\\\/candas365.es\\\/noticias\\\/author\\\/admin\\\/\",\"name\":\"Cand\\u00e1s 365\",\"image\":{\"@type\":\"ImageObject\",\"@id\":\"https:\\\/\\\/candas365.es\\\/noticias\\\/721-personas-han-perdido-la-vida-en-accidentes-de-trabajo-en-espana\\\/#authorImage\",\"url\":\"https:\\\/\\\/secure.gravatar.com\\\/avatar\\\/496a8e03d0c493ede1718b7934145dbdf8d89be1036b0eec9544e1094c9de390?s=96&d=mm&r=g\",\"width\":96,\"height\":96,\"caption\":\"Cand\\u00e1s 365\"},\"sameAs\":[\"https:\\\/\\\/www.facebook.com\\\/carrenoactualidad\",\"https:\\\/\\\/twitter.com\\\/nbasturias\",\"https:\\\/\\\/www.instagram.com\\\/nachofdezber\\\/\",\"https:\\\/\\\/www.youtube.com\\\/channel\\\/UCZP-2wLEB9Rv6erhFmqVnvg\"]},{\"@type\":\"WebPage\",\"@id\":\"https:\\\/\\\/candas365.es\\\/noticias\\\/721-personas-han-perdido-la-vida-en-accidentes-de-trabajo-en-espana\\\/#webpage\",\"url\":\"https:\\\/\\\/candas365.es\\\/noticias\\\/721-personas-han-perdido-la-vida-en-accidentes-de-trabajo-en-espana\\\/\",\"name\":\"721 personas han perdido la vida en accidentes de trabajo en Espa\\u00f1a | Cand\\u00e1s 365\",\"description\":\"Los sindicatos UGT y CCOO denunciaron que es \\u201cintolerable\\u201d que en 2023 se hayan producido 624.911 accidentes de trabajo con baja y 721 muertes por el mero hecho\",\"inLanguage\":\"es-ES\",\"isPartOf\":{\"@id\":\"https:\\\/\\\/candas365.es\\\/noticias\\\/#website\"},\"breadcrumb\":{\"@id\":\"https:\\\/\\\/candas365.es\\\/noticias\\\/721-personas-han-perdido-la-vida-en-accidentes-de-trabajo-en-espana\\\/#breadcrumblist\"},\"author\":{\"@id\":\"https:\\\/\\\/candas365.es\\\/noticias\\\/author\\\/admin\\\/#author\"},\"creator\":{\"@id\":\"https:\\\/\\\/candas365.es\\\/noticias\\\/author\\\/admin\\\/#author\"},\"image\":{\"@type\":\"ImageObject\",\"url\":\"https:\\\/\\\/candas365.es\\\/noticias\\\/wp-content\\\/uploads\\\/2024\\\/04\\\/accidentes-de-trabajo.jpg\",\"@id\":\"https:\\\/\\\/candas365.es\\\/noticias\\\/721-personas-han-perdido-la-vida-en-accidentes-de-trabajo-en-espana\\\/#mainImage\",\"width\":640,\"height\":427,\"caption\":\"accidentes de trabajo\"},\"primaryImageOfPage\":{\"@id\":\"https:\\\/\\\/candas365.es\\\/noticias\\\/721-personas-han-perdido-la-vida-en-accidentes-de-trabajo-en-espana\\\/#mainImage\"},\"datePublished\":\"2024-04-16T22:09:37+02:00\",\"dateModified\":\"2024-04-16T22:09:37+02:00\"},{\"@type\":\"WebSite\",\"@id\":\"https:\\\/\\\/candas365.es\\\/noticias\\\/#website\",\"url\":\"https:\\\/\\\/candas365.es\\\/noticias\\\/\",\"name\":\"Cand\\u00e1s 365\",\"alternateName\":\"Cand\\u00e1s 365 Noticias\",\"description\":\"Actualidad desde Carre\\u00f1o para el mundo\",\"inLanguage\":\"es-ES\",\"publisher\":{\"@id\":\"https:\\\/\\\/candas365.es\\\/noticias\\\/#organization\"}}]}\n\t\t<\/script>\n\t\t<!-- All in One SEO Pro -->\r\n\t\t<title>721 personas han perdido la vida en accidentes de trabajo en Espa\u00f1a | Cand\u00e1s 365<\/title>\n\n","aioseo_head_json":{"title":"721 personas han perdido la vida en accidentes de trabajo en Espa\u00f1a | Cand\u00e1s 365","description":"Los sindicatos UGT y CCOO denunciaron que es \u201cintolerable\u201d que en 2023 se hayan producido 624.911 accidentes de trabajo con baja y 721 muertes por el mero hecho","canonical_url":"https:\/\/candas365.es\/noticias\/721-personas-han-perdido-la-vida-en-accidentes-de-trabajo-en-espana\/","robots":"max-image-preview:large","keywords":"sucesos","webmasterTools":{"google-site-verification":"UA-32230408-1","msvalidate.01":"354F3CDFB2DA171B47FBE9ABF1F88D5","miscellaneous":""},"schema":{"@context":"https:\/\/schema.org","@graph":[{"@type":"BreadcrumbList","@id":"https:\/\/candas365.es\/noticias\/721-personas-han-perdido-la-vida-en-accidentes-de-trabajo-en-espana\/#breadcrumblist","itemListElement":[{"@type":"ListItem","@id":"https:\/\/candas365.es\/noticias#listItem","position":1,"name":"Home","item":"https:\/\/candas365.es\/noticias","nextItem":{"@type":"ListItem","@id":"https:\/\/candas365.es\/noticias\/category\/sucesos\/#listItem","name":"Sucesos"}},{"@type":"ListItem","@id":"https:\/\/candas365.es\/noticias\/category\/sucesos\/#listItem","position":2,"name":"Sucesos","item":"https:\/\/candas365.es\/noticias\/category\/sucesos\/","nextItem":{"@type":"ListItem","@id":"https:\/\/candas365.es\/noticias\/721-personas-han-perdido-la-vida-en-accidentes-de-trabajo-en-espana\/#listItem","name":"721 personas han perdido la vida en accidentes de trabajo en Espa\u00f1a"},"previousItem":{"@type":"ListItem","@id":"https:\/\/candas365.es\/noticias#listItem","name":"Home"}},{"@type":"ListItem","@id":"https:\/\/candas365.es\/noticias\/721-personas-han-perdido-la-vida-en-accidentes-de-trabajo-en-espana\/#listItem","position":3,"name":"721 personas han perdido la vida en accidentes de trabajo en Espa\u00f1a","previousItem":{"@type":"ListItem","@id":"https:\/\/candas365.es\/noticias\/category\/sucesos\/#listItem","name":"Sucesos"}}]},{"@type":"NewsArticle","@id":"https:\/\/candas365.es\/noticias\/721-personas-han-perdido-la-vida-en-accidentes-de-trabajo-en-espana\/#newsarticle","name":"721 personas han perdido la vida en accidentes de trabajo en Espa\u00f1a | Cand\u00e1s 365","headline":"721 personas han perdido la vida en accidentes de trabajo en Espa\u00f1a","author":{"@id":"https:\/\/candas365.es\/noticias\/author\/admin\/#author"},"publisher":{"@id":"https:\/\/candas365.es\/noticias\/#organization"},"image":{"@type":"ImageObject","url":"https:\/\/candas365.es\/noticias\/wp-content\/uploads\/2024\/04\/accidentes-de-trabajo.jpg","width":640,"height":427,"caption":"accidentes de trabajo"},"datePublished":"2024-04-16T22:09:37+02:00","dateModified":"2024-04-16T22:09:37+02:00","inLanguage":"es-ES","mainEntityOfPage":{"@id":"https:\/\/candas365.es\/noticias\/721-personas-han-perdido-la-vida-en-accidentes-de-trabajo-en-espana\/#webpage"},"isPartOf":{"@id":"https:\/\/candas365.es\/noticias\/721-personas-han-perdido-la-vida-en-accidentes-de-trabajo-en-espana\/#webpage"},"articleSection":"Sucesos, sucesos","dateline":"Publicado el abril 16, 2024."},{"@type":"Organization","@id":"https:\/\/candas365.es\/noticias\/#organization","name":"Cand\u00e1s 365","description":"Cand\u00e1s 365 es un diario digital independiente, fundado en 2012, con base en Asturias. Informamos con rigor sobre actualidad, sociedad, cultura y ocio, con una mirada local y global.","url":"https:\/\/candas365.es\/noticias\/","email":"info@candas365.es","telephone":"+34652131393","foundingDate":"2012-06-10","logo":{"@type":"ImageObject","url":"https:\/\/candas365.es\/noticias\/wp-content\/uploads\/2024\/09\/Candas-365-Redes.jpg","@id":"https:\/\/candas365.es\/noticias\/721-personas-han-perdido-la-vida-en-accidentes-de-trabajo-en-espana\/#organizationLogo","width":1152,"height":864,"caption":"Cand\u00e1s 365 Redes"},"image":{"@id":"https:\/\/candas365.es\/noticias\/721-personas-han-perdido-la-vida-en-accidentes-de-trabajo-en-espana\/#organizationLogo"},"sameAs":["https:\/\/www.facebook.com\/Nachofdezber","https:\/\/x.com\/NabercoDigital","https:\/\/www.instagram.com\/nachofdezber\/","https:\/\/www.youtube.com\/channel\/UCZP-2wLEB9Rv6erhFmqVnvg"],"address":{"@id":"https:\/\/candas365.es\/noticias\/#postaladdress","@type":"PostalAddress","streetAddress":"san antonio 4, san antonio 4","postalCode":"33430","addressLocality":"Cand\u00e1s","addressRegion":"Asturias","addressCountry":"ES"}},{"@type":"Person","@id":"https:\/\/candas365.es\/noticias\/author\/admin\/#author","url":"https:\/\/candas365.es\/noticias\/author\/admin\/","name":"Cand\u00e1s 365","image":{"@type":"ImageObject","@id":"https:\/\/candas365.es\/noticias\/721-personas-han-perdido-la-vida-en-accidentes-de-trabajo-en-espana\/#authorImage","url":"https:\/\/secure.gravatar.com\/avatar\/496a8e03d0c493ede1718b7934145dbdf8d89be1036b0eec9544e1094c9de390?s=96&d=mm&r=g","width":96,"height":96,"caption":"Cand\u00e1s 365"},"sameAs":["https:\/\/www.facebook.com\/carrenoactualidad","https:\/\/twitter.com\/nbasturias","https:\/\/www.instagram.com\/nachofdezber\/","https:\/\/www.youtube.com\/channel\/UCZP-2wLEB9Rv6erhFmqVnvg"]},{"@type":"WebPage","@id":"https:\/\/candas365.es\/noticias\/721-personas-han-perdido-la-vida-en-accidentes-de-trabajo-en-espana\/#webpage","url":"https:\/\/candas365.es\/noticias\/721-personas-han-perdido-la-vida-en-accidentes-de-trabajo-en-espana\/","name":"721 personas han perdido la vida en accidentes de trabajo en Espa\u00f1a | Cand\u00e1s 365","description":"Los sindicatos UGT y CCOO denunciaron que es \u201cintolerable\u201d que en 2023 se hayan producido 624.911 accidentes de trabajo con baja y 721 muertes por el mero hecho","inLanguage":"es-ES","isPartOf":{"@id":"https:\/\/candas365.es\/noticias\/#website"},"breadcrumb":{"@id":"https:\/\/candas365.es\/noticias\/721-personas-han-perdido-la-vida-en-accidentes-de-trabajo-en-espana\/#breadcrumblist"},"author":{"@id":"https:\/\/candas365.es\/noticias\/author\/admin\/#author"},"creator":{"@id":"https:\/\/candas365.es\/noticias\/author\/admin\/#author"},"image":{"@type":"ImageObject","url":"https:\/\/candas365.es\/noticias\/wp-content\/uploads\/2024\/04\/accidentes-de-trabajo.jpg","@id":"https:\/\/candas365.es\/noticias\/721-personas-han-perdido-la-vida-en-accidentes-de-trabajo-en-espana\/#mainImage","width":640,"height":427,"caption":"accidentes de trabajo"},"primaryImageOfPage":{"@id":"https:\/\/candas365.es\/noticias\/721-personas-han-perdido-la-vida-en-accidentes-de-trabajo-en-espana\/#mainImage"},"datePublished":"2024-04-16T22:09:37+02:00","dateModified":"2024-04-16T22:09:37+02:00"},{"@type":"WebSite","@id":"https:\/\/candas365.es\/noticias\/#website","url":"https:\/\/candas365.es\/noticias\/","name":"Cand\u00e1s 365","alternateName":"Cand\u00e1s 365 Noticias","description":"Actualidad desde Carre\u00f1o para el mundo","inLanguage":"es-ES","publisher":{"@id":"https:\/\/candas365.es\/noticias\/#organization"}}]},"og:locale":"es_ES","og:site_name":"Cand\u00e1s 365","og:type":"article","og:title":"721 personas han perdido la vida en accidentes de trabajo en Espa\u00f1a | Cand\u00e1s 365","og:description":"Los sindicatos UGT y CCOO denunciaron que es \u201cintolerable\u201d que en 2023 se hayan producido 624.911 accidentes de trabajo con baja y 721 muertes por el mero hecho","og:url":"https:\/\/candas365.es\/noticias\/721-personas-han-perdido-la-vida-en-accidentes-de-trabajo-en-espana\/","og:image":"https:\/\/candas365.es\/noticias\/wp-content\/uploads\/2024\/04\/accidentes-de-trabajo.jpg","og:image:secure_url":"https:\/\/candas365.es\/noticias\/wp-content\/uploads\/2024\/04\/accidentes-de-trabajo.jpg","og:image:width":640,"og:image:height":427,"article:published_time":"2024-04-16T20:09:37+00:00","article:modified_time":"2024-04-16T20:09:37+00:00","article:publisher":"https:\/\/www.facebook.com\/Nachofdezber","article:author":"https:\/\/www.facebook.com\/carrenoactualidad","twitter:card":"summary_large_image","twitter:site":"@NabercoDigital","twitter:title":"721 personas han perdido la vida en accidentes de trabajo en Espa\u00f1a | Cand\u00e1s 365","twitter:description":"Los sindicatos UGT y CCOO denunciaron que es \u201cintolerable\u201d que en 2023 se hayan producido 624.911 accidentes de trabajo con baja y 721 muertes por el mero hecho","twitter:creator":"@nbasturias","twitter:image":"https:\/\/candas365.es\/noticias\/wp-content\/uploads\/2024\/04\/accidentes-de-trabajo.jpg","twitter:label1":"Escrito por","twitter:data1":"Cand\u00e1s 365","twitter:label2":"Tiempo de lectura estimado","twitter:data2":"2 minutos"},"aioseo_meta_data":{"post_id":"179751","title":null,"description":"Los sindicatos UGT y CCOO denunciaron que es \u201cintolerable\u201d que en 2023 se hayan producido 624.911 accidentes de trabajo con baja y 721 muertes por el mero hecho","keywords":null,"keyphrases":{"focus":{"keyphrase":"accidentes","score":83,"analysis":{"keyphraseInTitle":{"score":9,"maxScore":9,"error":0},"keyphraseInDescription":{"score":9,"maxScore":9,"error":0},"keyphraseLength":{"score":9,"maxScore":9,"error":0,"length":1},"keyphraseInURL":[],"keyphraseInIntroduction":{"score":9,"maxScore":9,"error":0},"keyphraseInSubHeadings":[],"keyphraseInImageAlt":{"score":9,"maxScore":9,"error":0},"keywordDensity":{"score":0,"type":"low","maxScore":9,"error":1}}},"additional":[{"keyphrase":"trabajo","score":100,"analysis":{"keyphraseInDescription":{"score":9,"maxScore":9,"error":0},"keyphraseLength":{"score":9,"maxScore":9,"error":0,"length":1},"keyphraseInIntroduction":{"score":9,"maxScore":9,"error":0},"keyphraseInImageAlt":{"score":9,"maxScore":9,"error":0},"keywordDensity":{"type":"best","score":9,"maxScore":9,"error":0}}}]},"primary_term":null,"canonical_url":null,"og_title":null,"og_description":null,"og_object_type":"default","og_image_type":"default","og_image_url":null,"og_image_width":null,"og_image_height":null,"og_image_custom_url":null,"og_image_custom_fields":null,"og_video":"","og_custom_url":null,"og_article_section":null,"og_article_tags":null,"twitter_use_og":false,"twitter_card":"default","twitter_image_type":"default","twitter_image_url":null,"twitter_image_custom_url":null,"twitter_image_custom_fields":null,"twitter_title":null,"twitter_description":null,"schema":{"blockGraphs":[],"customGraphs":[],"default":{"data":{"Article":[],"Course":[],"Dataset":[],"FAQPage":[],"Movie":[],"Person":[],"Product":[],"ProductReview":[],"Car":[],"Recipe":[],"Service":[],"SoftwareApplication":[],"WebPage":[]},"graphName":"Article","isEnabled":true},"graphs":[]},"schema_type":"default","schema_type_options":null,"pillar_content":false,"robots_default":true,"robots_noindex":false,"robots_noarchive":false,"robots_nosnippet":false,"robots_nofollow":false,"robots_noimageindex":false,"robots_noodp":false,"robots_notranslate":false,"robots_max_snippet":"-1","robots_max_videopreview":"-1","robots_max_imagepreview":"large","priority":null,"frequency":"default","location":null,"local_seo":null,"seo_analyzer_scan_date":"2025-09-02 07:11:10","breadcrumb_settings":null,"limit_modified_date":false,"reviewed_by":null,"open_ai":"{\"title\":{\"suggestions\":[],\"usage\":0},\"description\":{\"suggestions\":[],\"usage\":0}}","ai":null,"created":"2024-04-16 19:46:18","updated":"2025-09-02 07:11:10"},"aioseo_breadcrumb":"<div class=\"aioseo-breadcrumbs\"><span class=\"aioseo-breadcrumb\">\n\t<a href=\"https:\/\/candas365.es\/noticias\" title=\"Home\">Home<\/a>\n<\/span><span class=\"aioseo-breadcrumb-separator\">&ndash;<\/span><span class=\"aioseo-breadcrumb\">\n\t<a href=\"https:\/\/candas365.es\/noticias\/category\/sucesos\/\" title=\"Sucesos\">Sucesos<\/a>\n<\/span><span class=\"aioseo-breadcrumb-separator\">&ndash;<\/span><span class=\"aioseo-breadcrumb\">\n\t721 personas han perdido la vida en accidentes de trabajo en Espa\u00f1a\n<\/span><\/div>","aioseo_breadcrumb_json":[{"label":"Home","link":"https:\/\/candas365.es\/noticias"},{"label":"Sucesos","link":"https:\/\/candas365.es\/noticias\/category\/sucesos\/"},{"label":"721 personas han perdido la vida en accidentes de trabajo en Espa\u00f1a","link":"https:\/\/candas365.es\/noticias\/721-personas-han-perdido-la-vida-en-accidentes-de-trabajo-en-espana\/"}],"_links":{"self":[{"href":"https:\/\/candas365.es\/noticias\/wp-json\/wp\/v2\/posts\/179751","targetHints":{"allow":["GET"]}}],"collection":[{"href":"https:\/\/candas365.es\/noticias\/wp-json\/wp\/v2\/posts"}],"about":[{"href":"https:\/\/candas365.es\/noticias\/wp-json\/wp\/v2\/types\/post"}],"author":[{"embeddable":true,"href":"https:\/\/candas365.es\/noticias\/wp-json\/wp\/v2\/users\/1"}],"replies":[{"embeddable":true,"href":"https:\/\/candas365.es\/noticias\/wp-json\/wp\/v2\/comments?post=179751"}],"version-history":[{"count":0,"href":"https:\/\/candas365.es\/noticias\/wp-json\/wp\/v2\/posts\/179751\/revisions"}],"wp:featuredmedia":[{"embeddable":true,"href":"https:\/\/candas365.es\/noticias\/wp-json\/wp\/v2\/media\/179752"}],"wp:attachment":[{"href":"https:\/\/candas365.es\/noticias\/wp-json\/wp\/v2\/media?parent=179751"}],"wp:term":[{"taxonomy":"category","embeddable":true,"href":"https:\/\/candas365.es\/noticias\/wp-json\/wp\/v2\/categories?post=179751"},{"taxonomy":"post_tag","embeddable":true,"href":"https:\/\/candas365.es\/noticias\/wp-json\/wp\/v2\/tags?post=179751"}],"curies":[{"name":"wp","href":"https:\/\/api.w.org\/{rel}","templated":true}]}}