{"id":179705,"date":"2024-04-16T13:33:14","date_gmt":"2024-04-16T11:33:14","guid":{"rendered":"https:\/\/candas365.es\/noticias\/?p=179705"},"modified":"2024-04-16T13:34:09","modified_gmt":"2024-04-16T11:34:09","slug":"desarticulada-la-mayor-red-de-transportistas-de-droga-del-estrecho","status":"publish","type":"post","link":"https:\/\/candas365.es\/noticias\/desarticulada-la-mayor-red-de-transportistas-de-droga-del-estrecho\/","title":{"rendered":"Desarticulada la mayor red de transportistas de droga del Estrecho"},"content":{"rendered":"<p>Agentes de la Guardia Civil, en una operaci\u00f3n conjunta con la Polic\u00eda Nacional, funcionarios de Vigilancia Aduanera de Agencia Tributaria y la Pol\u00edcia Judici\u00e1ria de Portugal, han desarticulado la mayor <a href=\"https:\/\/candas365.es\/noticias\/category\/sucesos\/\"><span style=\"color: #ff6600;\"><strong>red de transportistas de droga<\/strong><\/span><\/a> del Estrecho que estaba detr\u00e1s de las \u00faltimas aprehensiones de 4.000 kilos de hach\u00eds y 627 kilos de coca\u00edna.<\/p>\n<figure id=\"attachment_179706\" aria-describedby=\"caption-attachment-179706\" style=\"width: 650px\" class=\"wp-caption aligncenter\"><img fetchpriority=\"high\" decoding=\"async\" class=\"size-large wp-image-179706\" src=\"https:\/\/candas365.es\/noticias\/wp-content\/uploads\/2024\/04\/Policia-y-Guardia-Civil-650x357.jpg\" alt=\"Polic\u00eda y Guardia Civil\" width=\"650\" height=\"357\" srcset=\"https:\/\/candas365.es\/noticias\/wp-content\/uploads\/2024\/04\/Policia-y-Guardia-Civil-650x357.jpg 650w, https:\/\/candas365.es\/noticias\/wp-content\/uploads\/2024\/04\/Policia-y-Guardia-Civil-360x198.jpg 360w, https:\/\/candas365.es\/noticias\/wp-content\/uploads\/2024\/04\/Policia-y-Guardia-Civil-768x422.jpg 768w, https:\/\/candas365.es\/noticias\/wp-content\/uploads\/2024\/04\/Policia-y-Guardia-Civil-150x82.jpg 150w, https:\/\/candas365.es\/noticias\/wp-content\/uploads\/2024\/04\/Policia-y-Guardia-Civil-450x247.jpg 450w, https:\/\/candas365.es\/noticias\/wp-content\/uploads\/2024\/04\/Policia-y-Guardia-Civil.jpg 1122w\" sizes=\"(max-width: 650px) 100vw, 650px\" \/><figcaption id=\"caption-attachment-179706\" class=\"wp-caption-text\">Polic\u00eda y Guardia Civil han realizado la operaci\u00f3n de forma conjunta | Foto del Ministerio del Interior<\/figcaption><\/figure>\n<p>Seg\u00fan inform\u00f3 el Ministerio del Interior, la investigaci\u00f3n se inici\u00f3 en mayo del pasado a\u00f1o cuando los agentes detectaron que la organizaci\u00f3n criminal trat\u00f3 de recoger un cargamento de 6.000 kilos de coca\u00edna de un narcosubmarino proveniente de Sudam\u00e9rica.<\/p>\n<p>Los problemas mec\u00e1nicos que sufri\u00f3 la embarcaci\u00f3n durante la traves\u00eda provocaron su hundimiento, pero a partir de ese momento, las pesquisas policiales giraron en torno al funcionamiento de la estructura de la organizaci\u00f3n, acreditando que los l\u00edderes de la misma estaban asentados en las localidades gaditanas de Sanl\u00facar de Barrameda, Chipiona y El Cuervo.<\/p>\n<h2>CONEXI\u00d3N LUSA<\/h2>\n<p>Gracias a la estrecha colaboraci\u00f3n con la Pol\u00edcia Judici\u00e1ria de Portugal, los agentes localizaron el centro de operaciones del entramado, que estaba ubicado en una lujosa urbanizaci\u00f3n de los alrededores de Lisboa.<\/p>\n<p>Dicho \u2018cuartel general\u2019 se encontraba dirigido por un hist\u00f3rico narcotraficante, huido de la justicia espa\u00f1ola, que se encargaba de dirigir y coordinar todas las operaciones navales.<\/p>\n<p>Adem\u00e1s, estaba dotado de la m\u00e1s alta tecnolog\u00eda a nivel de comunicaciones, lo que les permit\u00eda un absoluto control de todas sus embarcaciones, as\u00ed como una vigilancia total de los medios a\u00e9reos y mar\u00edtimos de las Fuerzas y Cuerpos de Seguridad que operan en el Estrecho.<\/p>\n<p>De esta forma, cada vez que hab\u00eda una operaci\u00f3n, los l\u00edderes de la organizaci\u00f3n viajaban desde Espa\u00f1a hasta all\u00ed para coordinar la infraestructura necesaria que permitiera llevarla a cabo, estableciendo a su vez contacto directo con los responsables de la mercanc\u00eda estupefaciente.<\/p>\n<p>El entramado contaba con una media de entre ocho y diez embarcaciones EAV (alta velocidad) que se encontraban en todo momento en el agua, con sus respectivas tripulaciones, para efectuar los distintos transportes de mercanc\u00eda, desde hach\u00eds a coca\u00edna, de otras organizaciones nacionales o internacionales que demandaran sus servicios.<\/p>\n<p>Adem\u00e1s, dispon\u00eda de una nutrida red de peque\u00f1as embarcaciones, incluso pesqueros, a trav\u00e9s de las que facilitaban a las EAV gasolina, v\u00edveres o cualquier otro material necesario para el cumplimiento de los transportes.<\/p>\n<h2>RED DE COLABORADORES<\/h2>\n<p>La investigaci\u00f3n acredit\u00f3 que los cabecillas de la organizaci\u00f3n, originarios de Sanl\u00facar de Barrameda, empleaban esta ciudad gaditana como base de operaciones en nuestro pa\u00eds. Esto respond\u00eda, por un lado, al perfecto conocimiento que ten\u00edan de la zona y la orograf\u00eda de la misma y, por otro, a la nutrida red de colaboradores con la que contaban en dicho municipio.<\/p>\n<p>La operaci\u00f3n policial ha permitido abortar hasta cuatro operaciones de la organizaci\u00f3n criminal, as\u00ed como la incautaci\u00f3n de dos narcolanchas en Portugal y otras tres embarcaciones en Espa\u00f1a. Por otra parte, la investigaci\u00f3n ha acreditado que el entramado desarticulado estaba detr\u00e1s de las \u00faltimas aprehensiones de 4.000 kilos de hach\u00eds y 627 kilos de coca\u00edna.<\/p>\n<p>La explotaci\u00f3n operativa, llevada a cabo de forma simult\u00e1nea por 250 agentes en Espa\u00f1a y Portugal, ha finalizado con la detenci\u00f3n de 31 miembros de la organizaci\u00f3n y la pr\u00e1ctica de 24 registros domiciliarios.<\/p>\n<p>Se les ha intervenido tres armas cortas, 1.400.000 euros en efectivo, 19 veh\u00edculos de alta gama, sistemas de comunicaci\u00f3n, material inform\u00e1tico y dos narcolanchas en el pa\u00eds luso m\u00e1s otras tres embarcaciones en Espa\u00f1a.<\/p>\n<p>(<a href=\"https:\/\/www.servimedia.es\/\" target=\"_blank\" rel=\"noopener\"><span style=\"color: #ff6600;\"><strong>SERVIMEDIA<\/strong><\/span><\/a>)<\/p>\n","protected":false},"excerpt":{"rendered":"<p>Agentes de la Guardia Civil, en una operaci\u00f3n conjunta con la Polic\u00eda Nacional, funcionarios de Vigilancia Aduanera de Agencia Tributaria y la Pol\u00edcia Judici\u00e1ria de Portugal, han desarticulado la mayor red de transportistas de droga del Estrecho que estaba detr\u00e1s de las \u00faltimas aprehensiones de 4.000 kilos de hach\u00eds y 627 kilos de coca\u00edna. Seg\u00fan<\/p>\n","protected":false},"author":1,"featured_media":179706,"comment_status":"closed","ping_status":"closed","sticky":false,"template":"","format":"standard","meta":{"footnotes":""},"categories":[487],"tags":[391],"class_list":{"0":"post-179705","1":"post","2":"type-post","3":"status-publish","4":"format-standard","5":"has-post-thumbnail","7":"category-sucesos","8":"tag-sucesos"},"aioseo_notices":[],"aioseo_head":"\n\t\t<!-- All in One SEO Pro 4.9.6.2 - aioseo.com -->\n\t<meta name=\"description\" content=\"Agentes de la Guardia Civil, en una operaci\u00f3n conjunta con la Polic\u00eda Nacional, funcionarios de Vigilancia Aduanera de Agencia Tributaria y la Pol\u00edcia\" \/>\n\t<meta name=\"robots\" content=\"max-image-preview:large\" \/>\n\t<meta name=\"author\" content=\"Cand\u00e1s 365\"\/>\n\t<meta name=\"google-site-verification\" content=\"UA-32230408-1\" \/>\n\t<meta name=\"msvalidate.01\" content=\"354F3CDFB2DA171B47FBE9ABF1F88D5\" \/>\n\t<meta name=\"keywords\" content=\"sucesos\" \/>\n\t<link rel=\"canonical\" href=\"https:\/\/candas365.es\/noticias\/desarticulada-la-mayor-red-de-transportistas-de-droga-del-estrecho\/\" \/>\n\t<meta name=\"generator\" content=\"All in One SEO Pro (AIOSEO) 4.9.6.2\" \/>\n\t\t<meta property=\"og:locale\" content=\"es_ES\" \/>\n\t\t<meta property=\"og:site_name\" content=\"Cand\u00e1s 365\" \/>\n\t\t<meta property=\"og:type\" content=\"article\" \/>\n\t\t<meta property=\"og:title\" content=\"Desarticulada la mayor red de transportistas de droga del Estrecho | Cand\u00e1s 365\" \/>\n\t\t<meta property=\"og:description\" content=\"Agentes de la Guardia Civil, en una operaci\u00f3n conjunta con la Polic\u00eda Nacional, funcionarios de Vigilancia Aduanera de Agencia Tributaria y la Pol\u00edcia\" \/>\n\t\t<meta property=\"og:url\" content=\"https:\/\/candas365.es\/noticias\/desarticulada-la-mayor-red-de-transportistas-de-droga-del-estrecho\/\" \/>\n\t\t<meta property=\"og:image\" content=\"https:\/\/candas365.es\/noticias\/wp-content\/uploads\/2024\/04\/Policia-y-Guardia-Civil.jpg\" \/>\n\t\t<meta property=\"og:image:secure_url\" content=\"https:\/\/candas365.es\/noticias\/wp-content\/uploads\/2024\/04\/Policia-y-Guardia-Civil.jpg\" \/>\n\t\t<meta property=\"og:image:width\" content=\"1122\" \/>\n\t\t<meta property=\"og:image:height\" content=\"617\" \/>\n\t\t<meta property=\"article:published_time\" content=\"2024-04-16T11:33:14+00:00\" \/>\n\t\t<meta property=\"article:modified_time\" content=\"2024-04-16T11:34:09+00:00\" \/>\n\t\t<meta property=\"article:publisher\" content=\"https:\/\/www.facebook.com\/Nachofdezber\" \/>\n\t\t<meta property=\"article:author\" content=\"https:\/\/www.facebook.com\/carrenoactualidad\" \/>\n\t\t<meta name=\"twitter:card\" content=\"summary_large_image\" \/>\n\t\t<meta name=\"twitter:site\" content=\"@NabercoDigital\" \/>\n\t\t<meta name=\"twitter:title\" content=\"Desarticulada la mayor red de transportistas de droga del Estrecho | Cand\u00e1s 365\" \/>\n\t\t<meta name=\"twitter:description\" content=\"Agentes de la Guardia Civil, en una operaci\u00f3n conjunta con la Polic\u00eda Nacional, funcionarios de Vigilancia Aduanera de Agencia Tributaria y la Pol\u00edcia\" \/>\n\t\t<meta name=\"twitter:creator\" content=\"@nbasturias\" \/>\n\t\t<meta name=\"twitter:image\" content=\"https:\/\/candas365.es\/noticias\/wp-content\/uploads\/2024\/04\/Policia-y-Guardia-Civil.jpg\" \/>\n\t\t<meta name=\"twitter:label1\" content=\"Escrito por\" \/>\n\t\t<meta name=\"twitter:data1\" content=\"Cand\u00e1s 365\" \/>\n\t\t<meta name=\"twitter:label2\" content=\"Tiempo de lectura estimado\" \/>\n\t\t<meta name=\"twitter:data2\" content=\"3 minutos\" \/>\n\t\t<script type=\"application\/ld+json\" class=\"aioseo-schema\">\n\t\t\t{\"@context\":\"https:\\\/\\\/schema.org\",\"@graph\":[{\"@type\":\"BreadcrumbList\",\"@id\":\"https:\\\/\\\/candas365.es\\\/noticias\\\/desarticulada-la-mayor-red-de-transportistas-de-droga-del-estrecho\\\/#breadcrumblist\",\"itemListElement\":[{\"@type\":\"ListItem\",\"@id\":\"https:\\\/\\\/candas365.es\\\/noticias#listItem\",\"position\":1,\"name\":\"Home\",\"item\":\"https:\\\/\\\/candas365.es\\\/noticias\",\"nextItem\":{\"@type\":\"ListItem\",\"@id\":\"https:\\\/\\\/candas365.es\\\/noticias\\\/category\\\/sucesos\\\/#listItem\",\"name\":\"Sucesos\"}},{\"@type\":\"ListItem\",\"@id\":\"https:\\\/\\\/candas365.es\\\/noticias\\\/category\\\/sucesos\\\/#listItem\",\"position\":2,\"name\":\"Sucesos\",\"item\":\"https:\\\/\\\/candas365.es\\\/noticias\\\/category\\\/sucesos\\\/\",\"nextItem\":{\"@type\":\"ListItem\",\"@id\":\"https:\\\/\\\/candas365.es\\\/noticias\\\/desarticulada-la-mayor-red-de-transportistas-de-droga-del-estrecho\\\/#listItem\",\"name\":\"Desarticulada la mayor red de transportistas de droga del Estrecho\"},\"previousItem\":{\"@type\":\"ListItem\",\"@id\":\"https:\\\/\\\/candas365.es\\\/noticias#listItem\",\"name\":\"Home\"}},{\"@type\":\"ListItem\",\"@id\":\"https:\\\/\\\/candas365.es\\\/noticias\\\/desarticulada-la-mayor-red-de-transportistas-de-droga-del-estrecho\\\/#listItem\",\"position\":3,\"name\":\"Desarticulada la mayor red de transportistas de droga del Estrecho\",\"previousItem\":{\"@type\":\"ListItem\",\"@id\":\"https:\\\/\\\/candas365.es\\\/noticias\\\/category\\\/sucesos\\\/#listItem\",\"name\":\"Sucesos\"}}]},{\"@type\":\"NewsArticle\",\"@id\":\"https:\\\/\\\/candas365.es\\\/noticias\\\/desarticulada-la-mayor-red-de-transportistas-de-droga-del-estrecho\\\/#newsarticle\",\"name\":\"Desarticulada la mayor red de transportistas de droga del Estrecho | Cand\\u00e1s 365\",\"headline\":\"Desarticulada la mayor red de transportistas de droga del Estrecho\",\"author\":{\"@id\":\"https:\\\/\\\/candas365.es\\\/noticias\\\/author\\\/admin\\\/#author\"},\"publisher\":{\"@id\":\"https:\\\/\\\/candas365.es\\\/noticias\\\/#organization\"},\"image\":{\"@type\":\"ImageObject\",\"url\":\"https:\\\/\\\/candas365.es\\\/noticias\\\/wp-content\\\/uploads\\\/2024\\\/04\\\/Policia-y-Guardia-Civil.jpg\",\"width\":1122,\"height\":617,\"caption\":\"Polic\\u00eda y Guardia Civil han realizado la operaci\\u00f3n de forma conjunta | Foto del Ministerio del Interior\"},\"datePublished\":\"2024-04-16T13:33:14+02:00\",\"dateModified\":\"2024-04-16T13:34:09+02:00\",\"inLanguage\":\"es-ES\",\"mainEntityOfPage\":{\"@id\":\"https:\\\/\\\/candas365.es\\\/noticias\\\/desarticulada-la-mayor-red-de-transportistas-de-droga-del-estrecho\\\/#webpage\"},\"isPartOf\":{\"@id\":\"https:\\\/\\\/candas365.es\\\/noticias\\\/desarticulada-la-mayor-red-de-transportistas-de-droga-del-estrecho\\\/#webpage\"},\"articleSection\":\"Sucesos, sucesos\",\"dateline\":\"Publicado el abril 16, 2024.\"},{\"@type\":\"Organization\",\"@id\":\"https:\\\/\\\/candas365.es\\\/noticias\\\/#organization\",\"name\":\"Cand\\u00e1s 365\",\"description\":\"Cand\\u00e1s 365 es un diario digital independiente, fundado en 2012, con base en Asturias. Informamos con rigor sobre actualidad, sociedad, cultura y ocio, con una mirada local y global.\",\"url\":\"https:\\\/\\\/candas365.es\\\/noticias\\\/\",\"email\":\"info@candas365.es\",\"telephone\":\"+34652131393\",\"foundingDate\":\"2012-06-10\",\"logo\":{\"@type\":\"ImageObject\",\"url\":\"https:\\\/\\\/candas365.es\\\/noticias\\\/wp-content\\\/uploads\\\/2024\\\/09\\\/Candas-365-Redes.jpg\",\"@id\":\"https:\\\/\\\/candas365.es\\\/noticias\\\/desarticulada-la-mayor-red-de-transportistas-de-droga-del-estrecho\\\/#organizationLogo\",\"width\":1152,\"height\":864,\"caption\":\"Cand\\u00e1s 365 Redes\"},\"image\":{\"@id\":\"https:\\\/\\\/candas365.es\\\/noticias\\\/desarticulada-la-mayor-red-de-transportistas-de-droga-del-estrecho\\\/#organizationLogo\"},\"sameAs\":[\"https:\\\/\\\/www.facebook.com\\\/Nachofdezber\",\"https:\\\/\\\/x.com\\\/NabercoDigital\",\"https:\\\/\\\/www.instagram.com\\\/nachofdezber\\\/\",\"https:\\\/\\\/www.youtube.com\\\/channel\\\/UCZP-2wLEB9Rv6erhFmqVnvg\"],\"address\":{\"@id\":\"https:\\\/\\\/candas365.es\\\/noticias\\\/#postaladdress\",\"@type\":\"PostalAddress\",\"streetAddress\":\"san antonio 4, san antonio 4\",\"postalCode\":\"33430\",\"addressLocality\":\"Cand\\u00e1s\",\"addressRegion\":\"Asturias\",\"addressCountry\":\"ES\"}},{\"@type\":\"Person\",\"@id\":\"https:\\\/\\\/candas365.es\\\/noticias\\\/author\\\/admin\\\/#author\",\"url\":\"https:\\\/\\\/candas365.es\\\/noticias\\\/author\\\/admin\\\/\",\"name\":\"Cand\\u00e1s 365\",\"image\":{\"@type\":\"ImageObject\",\"@id\":\"https:\\\/\\\/candas365.es\\\/noticias\\\/desarticulada-la-mayor-red-de-transportistas-de-droga-del-estrecho\\\/#authorImage\",\"url\":\"https:\\\/\\\/secure.gravatar.com\\\/avatar\\\/496a8e03d0c493ede1718b7934145dbdf8d89be1036b0eec9544e1094c9de390?s=96&d=mm&r=g\",\"width\":96,\"height\":96,\"caption\":\"Cand\\u00e1s 365\"},\"sameAs\":[\"https:\\\/\\\/www.facebook.com\\\/carrenoactualidad\",\"https:\\\/\\\/twitter.com\\\/nbasturias\",\"https:\\\/\\\/www.instagram.com\\\/nachofdezber\\\/\",\"https:\\\/\\\/www.youtube.com\\\/channel\\\/UCZP-2wLEB9Rv6erhFmqVnvg\"]},{\"@type\":\"WebPage\",\"@id\":\"https:\\\/\\\/candas365.es\\\/noticias\\\/desarticulada-la-mayor-red-de-transportistas-de-droga-del-estrecho\\\/#webpage\",\"url\":\"https:\\\/\\\/candas365.es\\\/noticias\\\/desarticulada-la-mayor-red-de-transportistas-de-droga-del-estrecho\\\/\",\"name\":\"Desarticulada la mayor red de transportistas de droga del Estrecho | Cand\\u00e1s 365\",\"description\":\"Agentes de la Guardia Civil, en una operaci\\u00f3n conjunta con la Polic\\u00eda Nacional, funcionarios de Vigilancia Aduanera de Agencia Tributaria y la Pol\\u00edcia\",\"inLanguage\":\"es-ES\",\"isPartOf\":{\"@id\":\"https:\\\/\\\/candas365.es\\\/noticias\\\/#website\"},\"breadcrumb\":{\"@id\":\"https:\\\/\\\/candas365.es\\\/noticias\\\/desarticulada-la-mayor-red-de-transportistas-de-droga-del-estrecho\\\/#breadcrumblist\"},\"author\":{\"@id\":\"https:\\\/\\\/candas365.es\\\/noticias\\\/author\\\/admin\\\/#author\"},\"creator\":{\"@id\":\"https:\\\/\\\/candas365.es\\\/noticias\\\/author\\\/admin\\\/#author\"},\"image\":{\"@type\":\"ImageObject\",\"url\":\"https:\\\/\\\/candas365.es\\\/noticias\\\/wp-content\\\/uploads\\\/2024\\\/04\\\/Policia-y-Guardia-Civil.jpg\",\"@id\":\"https:\\\/\\\/candas365.es\\\/noticias\\\/desarticulada-la-mayor-red-de-transportistas-de-droga-del-estrecho\\\/#mainImage\",\"width\":1122,\"height\":617,\"caption\":\"Polic\\u00eda y Guardia Civil han realizado la operaci\\u00f3n de forma conjunta | Foto del Ministerio del Interior\"},\"primaryImageOfPage\":{\"@id\":\"https:\\\/\\\/candas365.es\\\/noticias\\\/desarticulada-la-mayor-red-de-transportistas-de-droga-del-estrecho\\\/#mainImage\"},\"datePublished\":\"2024-04-16T13:33:14+02:00\",\"dateModified\":\"2024-04-16T13:34:09+02:00\"},{\"@type\":\"WebSite\",\"@id\":\"https:\\\/\\\/candas365.es\\\/noticias\\\/#website\",\"url\":\"https:\\\/\\\/candas365.es\\\/noticias\\\/\",\"name\":\"Cand\\u00e1s 365\",\"alternateName\":\"Cand\\u00e1s 365 Noticias\",\"description\":\"Actualidad desde Carre\\u00f1o para el mundo\",\"inLanguage\":\"es-ES\",\"publisher\":{\"@id\":\"https:\\\/\\\/candas365.es\\\/noticias\\\/#organization\"}}]}\n\t\t<\/script>\n\t\t<!-- All in One SEO Pro -->\r\n\t\t<title>Desarticulada la mayor red de transportistas de droga del Estrecho | Cand\u00e1s 365<\/title>\n\n","aioseo_head_json":{"title":"Desarticulada la mayor red de transportistas de droga del Estrecho | Cand\u00e1s 365","description":"Agentes de la Guardia Civil, en una operaci\u00f3n conjunta con la Polic\u00eda Nacional, funcionarios de Vigilancia Aduanera de Agencia Tributaria y la Pol\u00edcia","canonical_url":"https:\/\/candas365.es\/noticias\/desarticulada-la-mayor-red-de-transportistas-de-droga-del-estrecho\/","robots":"max-image-preview:large","keywords":"sucesos","webmasterTools":{"google-site-verification":"UA-32230408-1","msvalidate.01":"354F3CDFB2DA171B47FBE9ABF1F88D5","miscellaneous":""},"schema":{"@context":"https:\/\/schema.org","@graph":[{"@type":"BreadcrumbList","@id":"https:\/\/candas365.es\/noticias\/desarticulada-la-mayor-red-de-transportistas-de-droga-del-estrecho\/#breadcrumblist","itemListElement":[{"@type":"ListItem","@id":"https:\/\/candas365.es\/noticias#listItem","position":1,"name":"Home","item":"https:\/\/candas365.es\/noticias","nextItem":{"@type":"ListItem","@id":"https:\/\/candas365.es\/noticias\/category\/sucesos\/#listItem","name":"Sucesos"}},{"@type":"ListItem","@id":"https:\/\/candas365.es\/noticias\/category\/sucesos\/#listItem","position":2,"name":"Sucesos","item":"https:\/\/candas365.es\/noticias\/category\/sucesos\/","nextItem":{"@type":"ListItem","@id":"https:\/\/candas365.es\/noticias\/desarticulada-la-mayor-red-de-transportistas-de-droga-del-estrecho\/#listItem","name":"Desarticulada la mayor red de transportistas de droga del Estrecho"},"previousItem":{"@type":"ListItem","@id":"https:\/\/candas365.es\/noticias#listItem","name":"Home"}},{"@type":"ListItem","@id":"https:\/\/candas365.es\/noticias\/desarticulada-la-mayor-red-de-transportistas-de-droga-del-estrecho\/#listItem","position":3,"name":"Desarticulada la mayor red de transportistas de droga del Estrecho","previousItem":{"@type":"ListItem","@id":"https:\/\/candas365.es\/noticias\/category\/sucesos\/#listItem","name":"Sucesos"}}]},{"@type":"NewsArticle","@id":"https:\/\/candas365.es\/noticias\/desarticulada-la-mayor-red-de-transportistas-de-droga-del-estrecho\/#newsarticle","name":"Desarticulada la mayor red de transportistas de droga del Estrecho | Cand\u00e1s 365","headline":"Desarticulada la mayor red de transportistas de droga del Estrecho","author":{"@id":"https:\/\/candas365.es\/noticias\/author\/admin\/#author"},"publisher":{"@id":"https:\/\/candas365.es\/noticias\/#organization"},"image":{"@type":"ImageObject","url":"https:\/\/candas365.es\/noticias\/wp-content\/uploads\/2024\/04\/Policia-y-Guardia-Civil.jpg","width":1122,"height":617,"caption":"Polic\u00eda y Guardia Civil han realizado la operaci\u00f3n de forma conjunta | Foto del Ministerio del Interior"},"datePublished":"2024-04-16T13:33:14+02:00","dateModified":"2024-04-16T13:34:09+02:00","inLanguage":"es-ES","mainEntityOfPage":{"@id":"https:\/\/candas365.es\/noticias\/desarticulada-la-mayor-red-de-transportistas-de-droga-del-estrecho\/#webpage"},"isPartOf":{"@id":"https:\/\/candas365.es\/noticias\/desarticulada-la-mayor-red-de-transportistas-de-droga-del-estrecho\/#webpage"},"articleSection":"Sucesos, sucesos","dateline":"Publicado el abril 16, 2024."},{"@type":"Organization","@id":"https:\/\/candas365.es\/noticias\/#organization","name":"Cand\u00e1s 365","description":"Cand\u00e1s 365 es un diario digital independiente, fundado en 2012, con base en Asturias. Informamos con rigor sobre actualidad, sociedad, cultura y ocio, con una mirada local y global.","url":"https:\/\/candas365.es\/noticias\/","email":"info@candas365.es","telephone":"+34652131393","foundingDate":"2012-06-10","logo":{"@type":"ImageObject","url":"https:\/\/candas365.es\/noticias\/wp-content\/uploads\/2024\/09\/Candas-365-Redes.jpg","@id":"https:\/\/candas365.es\/noticias\/desarticulada-la-mayor-red-de-transportistas-de-droga-del-estrecho\/#organizationLogo","width":1152,"height":864,"caption":"Cand\u00e1s 365 Redes"},"image":{"@id":"https:\/\/candas365.es\/noticias\/desarticulada-la-mayor-red-de-transportistas-de-droga-del-estrecho\/#organizationLogo"},"sameAs":["https:\/\/www.facebook.com\/Nachofdezber","https:\/\/x.com\/NabercoDigital","https:\/\/www.instagram.com\/nachofdezber\/","https:\/\/www.youtube.com\/channel\/UCZP-2wLEB9Rv6erhFmqVnvg"],"address":{"@id":"https:\/\/candas365.es\/noticias\/#postaladdress","@type":"PostalAddress","streetAddress":"san antonio 4, san antonio 4","postalCode":"33430","addressLocality":"Cand\u00e1s","addressRegion":"Asturias","addressCountry":"ES"}},{"@type":"Person","@id":"https:\/\/candas365.es\/noticias\/author\/admin\/#author","url":"https:\/\/candas365.es\/noticias\/author\/admin\/","name":"Cand\u00e1s 365","image":{"@type":"ImageObject","@id":"https:\/\/candas365.es\/noticias\/desarticulada-la-mayor-red-de-transportistas-de-droga-del-estrecho\/#authorImage","url":"https:\/\/secure.gravatar.com\/avatar\/496a8e03d0c493ede1718b7934145dbdf8d89be1036b0eec9544e1094c9de390?s=96&d=mm&r=g","width":96,"height":96,"caption":"Cand\u00e1s 365"},"sameAs":["https:\/\/www.facebook.com\/carrenoactualidad","https:\/\/twitter.com\/nbasturias","https:\/\/www.instagram.com\/nachofdezber\/","https:\/\/www.youtube.com\/channel\/UCZP-2wLEB9Rv6erhFmqVnvg"]},{"@type":"WebPage","@id":"https:\/\/candas365.es\/noticias\/desarticulada-la-mayor-red-de-transportistas-de-droga-del-estrecho\/#webpage","url":"https:\/\/candas365.es\/noticias\/desarticulada-la-mayor-red-de-transportistas-de-droga-del-estrecho\/","name":"Desarticulada la mayor red de transportistas de droga del Estrecho | Cand\u00e1s 365","description":"Agentes de la Guardia Civil, en una operaci\u00f3n conjunta con la Polic\u00eda Nacional, funcionarios de Vigilancia Aduanera de Agencia Tributaria y la Pol\u00edcia","inLanguage":"es-ES","isPartOf":{"@id":"https:\/\/candas365.es\/noticias\/#website"},"breadcrumb":{"@id":"https:\/\/candas365.es\/noticias\/desarticulada-la-mayor-red-de-transportistas-de-droga-del-estrecho\/#breadcrumblist"},"author":{"@id":"https:\/\/candas365.es\/noticias\/author\/admin\/#author"},"creator":{"@id":"https:\/\/candas365.es\/noticias\/author\/admin\/#author"},"image":{"@type":"ImageObject","url":"https:\/\/candas365.es\/noticias\/wp-content\/uploads\/2024\/04\/Policia-y-Guardia-Civil.jpg","@id":"https:\/\/candas365.es\/noticias\/desarticulada-la-mayor-red-de-transportistas-de-droga-del-estrecho\/#mainImage","width":1122,"height":617,"caption":"Polic\u00eda y Guardia Civil han realizado la operaci\u00f3n de forma conjunta | Foto del Ministerio del Interior"},"primaryImageOfPage":{"@id":"https:\/\/candas365.es\/noticias\/desarticulada-la-mayor-red-de-transportistas-de-droga-del-estrecho\/#mainImage"},"datePublished":"2024-04-16T13:33:14+02:00","dateModified":"2024-04-16T13:34:09+02:00"},{"@type":"WebSite","@id":"https:\/\/candas365.es\/noticias\/#website","url":"https:\/\/candas365.es\/noticias\/","name":"Cand\u00e1s 365","alternateName":"Cand\u00e1s 365 Noticias","description":"Actualidad desde Carre\u00f1o para el mundo","inLanguage":"es-ES","publisher":{"@id":"https:\/\/candas365.es\/noticias\/#organization"}}]},"og:locale":"es_ES","og:site_name":"Cand\u00e1s 365","og:type":"article","og:title":"Desarticulada la mayor red de transportistas de droga del Estrecho | Cand\u00e1s 365","og:description":"Agentes de la Guardia Civil, en una operaci\u00f3n conjunta con la Polic\u00eda Nacional, funcionarios de Vigilancia Aduanera de Agencia Tributaria y la Pol\u00edcia","og:url":"https:\/\/candas365.es\/noticias\/desarticulada-la-mayor-red-de-transportistas-de-droga-del-estrecho\/","og:image":"https:\/\/candas365.es\/noticias\/wp-content\/uploads\/2024\/04\/Policia-y-Guardia-Civil.jpg","og:image:secure_url":"https:\/\/candas365.es\/noticias\/wp-content\/uploads\/2024\/04\/Policia-y-Guardia-Civil.jpg","og:image:width":1122,"og:image:height":617,"article:published_time":"2024-04-16T11:33:14+00:00","article:modified_time":"2024-04-16T11:34:09+00:00","article:publisher":"https:\/\/www.facebook.com\/Nachofdezber","article:author":"https:\/\/www.facebook.com\/carrenoactualidad","twitter:card":"summary_large_image","twitter:site":"@NabercoDigital","twitter:title":"Desarticulada la mayor red de transportistas de droga del Estrecho | Cand\u00e1s 365","twitter:description":"Agentes de la Guardia Civil, en una operaci\u00f3n conjunta con la Polic\u00eda Nacional, funcionarios de Vigilancia Aduanera de Agencia Tributaria y la Pol\u00edcia","twitter:creator":"@nbasturias","twitter:image":"https:\/\/candas365.es\/noticias\/wp-content\/uploads\/2024\/04\/Policia-y-Guardia-Civil.jpg","twitter:label1":"Escrito por","twitter:data1":"Cand\u00e1s 365","twitter:label2":"Tiempo de lectura estimado","twitter:data2":"3 minutos"},"aioseo_meta_data":{"post_id":"179705","title":null,"description":"Agentes de la Guardia Civil, en una operaci\u00f3n conjunta con la Polic\u00eda Nacional, funcionarios de Vigilancia Aduanera de Agencia Tributaria y la Pol\u00edcia","keywords":[],"keyphrases":{"focus":{"keyphrase":"Pol\u00edcia","score":54,"analysis":{"keyphraseInTitle":{"score":3,"maxScore":9,"error":1},"keyphraseInDescription":{"score":9,"maxScore":9,"error":0},"keyphraseLength":{"score":9,"maxScore":9,"error":0,"length":2},"keyphraseInURL":{"score":1,"maxScore":5,"error":1},"keyphraseInIntroduction":{"score":9,"maxScore":9,"error":0},"keyphraseInSubHeadings":{"score":3,"maxScore":9,"error":1},"keyphraseInImageAlt":{"score":3,"maxScore":9,"error":1},"keywordDensity":{"score":0,"type":"low","maxScore":9,"error":1}}},"additional":[{"keyphrase":"Guardia Civil","score":80,"analysis":{"keyphraseInDescription":{"score":9,"maxScore":9,"error":0},"keyphraseLength":{"score":9,"maxScore":9,"error":0,"length":2},"keyphraseInIntroduction":{"score":9,"maxScore":9,"error":0},"keyphraseInImageAlt":{"score":9,"maxScore":9,"error":0},"keywordDensity":{"score":0,"type":"low","maxScore":9,"error":1}}}]},"primary_term":null,"canonical_url":null,"og_title":null,"og_description":null,"og_object_type":"default","og_image_type":"default","og_image_url":null,"og_image_width":null,"og_image_height":null,"og_image_custom_url":null,"og_image_custom_fields":null,"og_video":"","og_custom_url":null,"og_article_section":null,"og_article_tags":[],"twitter_use_og":false,"twitter_card":"default","twitter_image_type":"default","twitter_image_url":null,"twitter_image_custom_url":null,"twitter_image_custom_fields":null,"twitter_title":null,"twitter_description":null,"schema":{"blockGraphs":[],"customGraphs":[],"default":{"data":{"Article":[],"Course":[],"Dataset":[],"FAQPage":[],"Movie":[],"Person":[],"Product":[],"ProductReview":[],"Car":[],"Recipe":[],"Service":[],"SoftwareApplication":[],"WebPage":[]},"graphName":"Article","isEnabled":true},"graphs":[]},"schema_type":"default","schema_type_options":null,"pillar_content":false,"robots_default":true,"robots_noindex":false,"robots_noarchive":false,"robots_nosnippet":false,"robots_nofollow":false,"robots_noimageindex":false,"robots_noodp":false,"robots_notranslate":false,"robots_max_snippet":"-1","robots_max_videopreview":"-1","robots_max_imagepreview":"large","priority":null,"frequency":"default","location":null,"local_seo":null,"seo_analyzer_scan_date":"2025-09-02 07:06:08","breadcrumb_settings":null,"limit_modified_date":false,"reviewed_by":null,"open_ai":"{\"title\":{\"suggestions\":[],\"usage\":0},\"description\":{\"suggestions\":[],\"usage\":0}}","ai":null,"created":"2024-04-16 11:23:20","updated":"2025-09-02 07:06:08"},"aioseo_breadcrumb":"<div class=\"aioseo-breadcrumbs\"><span class=\"aioseo-breadcrumb\">\n\t<a href=\"https:\/\/candas365.es\/noticias\" title=\"Home\">Home<\/a>\n<\/span><span class=\"aioseo-breadcrumb-separator\">&ndash;<\/span><span class=\"aioseo-breadcrumb\">\n\t<a href=\"https:\/\/candas365.es\/noticias\/category\/sucesos\/\" title=\"Sucesos\">Sucesos<\/a>\n<\/span><span class=\"aioseo-breadcrumb-separator\">&ndash;<\/span><span class=\"aioseo-breadcrumb\">\n\tDesarticulada la mayor red de transportistas de droga del Estrecho\n<\/span><\/div>","aioseo_breadcrumb_json":[{"label":"Home","link":"https:\/\/candas365.es\/noticias"},{"label":"Sucesos","link":"https:\/\/candas365.es\/noticias\/category\/sucesos\/"},{"label":"Desarticulada la mayor red de transportistas de droga del Estrecho","link":"https:\/\/candas365.es\/noticias\/desarticulada-la-mayor-red-de-transportistas-de-droga-del-estrecho\/"}],"_links":{"self":[{"href":"https:\/\/candas365.es\/noticias\/wp-json\/wp\/v2\/posts\/179705","targetHints":{"allow":["GET"]}}],"collection":[{"href":"https:\/\/candas365.es\/noticias\/wp-json\/wp\/v2\/posts"}],"about":[{"href":"https:\/\/candas365.es\/noticias\/wp-json\/wp\/v2\/types\/post"}],"author":[{"embeddable":true,"href":"https:\/\/candas365.es\/noticias\/wp-json\/wp\/v2\/users\/1"}],"replies":[{"embeddable":true,"href":"https:\/\/candas365.es\/noticias\/wp-json\/wp\/v2\/comments?post=179705"}],"version-history":[{"count":0,"href":"https:\/\/candas365.es\/noticias\/wp-json\/wp\/v2\/posts\/179705\/revisions"}],"wp:featuredmedia":[{"embeddable":true,"href":"https:\/\/candas365.es\/noticias\/wp-json\/wp\/v2\/media\/179706"}],"wp:attachment":[{"href":"https:\/\/candas365.es\/noticias\/wp-json\/wp\/v2\/media?parent=179705"}],"wp:term":[{"taxonomy":"category","embeddable":true,"href":"https:\/\/candas365.es\/noticias\/wp-json\/wp\/v2\/categories?post=179705"},{"taxonomy":"post_tag","embeddable":true,"href":"https:\/\/candas365.es\/noticias\/wp-json\/wp\/v2\/tags?post=179705"}],"curies":[{"name":"wp","href":"https:\/\/api.w.org\/{rel}","templated":true}]}}