{"id":179674,"date":"2024-04-15T17:37:04","date_gmt":"2024-04-15T15:37:04","guid":{"rendered":"https:\/\/candas365.es\/noticias\/?p=179674"},"modified":"2024-04-15T17:37:04","modified_gmt":"2024-04-15T15:37:04","slug":"la-economia-alemana-se-aleja-del-riesgo-de-recesion","status":"publish","type":"post","link":"https:\/\/candas365.es\/noticias\/la-economia-alemana-se-aleja-del-riesgo-de-recesion\/","title":{"rendered":"La econom\u00eda alemana se aleja del riesgo de recesi\u00f3n"},"content":{"rendered":"<p>D\u00fcsseldorf (Alemania), 15 abr (<a title=\"dpa\" href=\"https:\/\/www.dpa-news.de\/\" target=\"_blank\" rel=\"nofollow noopener\"><span style=\"color: #ff6600;\"><strong>dpa<\/strong><\/span><\/a>) &#8211; Las perspectivas de la <a href=\"https:\/\/candas365.es\/noticias\/category\/economia\/\"><span style=\"color: #ff6600;\"><strong>econom\u00eda alemana<\/strong><\/span><\/a> mejoran lentamente, seg\u00fan un informe del Instituto de Macroeconom\u00eda e Investigaci\u00f3n del Ciclo Econ\u00f3mico (IMK) de la Fundaci\u00f3n Hans B\u00f6ckler, pr\u00f3xima a las organizaciones sindicales.<\/p>\n<p><img fetchpriority=\"high\" decoding=\"async\" class=\"aligncenter size-full wp-image-179675\" src=\"https:\/\/candas365.es\/noticias\/wp-content\/uploads\/2024\/04\/economia.jpg\" alt=\"econom\u00eda\" width=\"640\" height=\"360\" srcset=\"https:\/\/candas365.es\/noticias\/wp-content\/uploads\/2024\/04\/economia.jpg 640w, https:\/\/candas365.es\/noticias\/wp-content\/uploads\/2024\/04\/economia-360x203.jpg 360w, https:\/\/candas365.es\/noticias\/wp-content\/uploads\/2024\/04\/economia-150x84.jpg 150w, https:\/\/candas365.es\/noticias\/wp-content\/uploads\/2024\/04\/economia-450x253.jpg 450w\" sizes=\"(max-width: 640px) 100vw, 640px\" \/><\/p>\n<p>La probabilidad de que la econom\u00eda entre en recesi\u00f3n en los pr\u00f3ximos tres meses descendi\u00f3 notablemente en las \u00faltimas semanas, se\u00f1alaron los expertos en el informe dado a conocer hoy en D\u00fcsseldorf.<\/p>\n<p>Para el segundo trimestre (de abril a junio), el indicador econ\u00f3mico del IMK muestra una probabilidad de recesi\u00f3n del 48,7 por ciento. A principios de marzo, se manten\u00eda en el 58,3 por ciento para los tres meses siguientes.<\/p>\n<blockquote><p>El indicador tiene en cuenta los \u00faltimos datos disponibles sobre los \u00edndices econ\u00f3micos m\u00e1s importantes.<\/p><\/blockquote>\n<p>El descenso del riesgo de recesi\u00f3n es tan fuerte que el instrumento de alerta temprana, que funciona seg\u00fan el sistema del sem\u00e1foro, ya no muestra \u00abrojo\u00bb por primera vez desde junio de 2023, seg\u00fan los investigadores. \u00abEn su lugar, ha cambiado a \u00e1mbar-rojo, lo que indica un aumento de la incertidumbre econ\u00f3mica, pero ya no un riesgo agudo de recesi\u00f3n\u00bb.<\/p>\n<p>Los expertos apuntaron que el notable descenso se debe principalmente a que la producci\u00f3n del sector manufacturero se ha recuperado y a que los precios de la energ\u00eda se han estabilizado. Por ello, el IMK parte de la base de que tambi\u00e9n toc\u00f3 fondo ya la producci\u00f3n en los sectores de gran consumo energ\u00e9tico y, en particular, en la industria qu\u00edmica.<\/p>\n<p>Por otra parte, explicaron que el crecimiento de las exportaciones tambi\u00e9n favorece una mayor recuperaci\u00f3n de la producci\u00f3n industrial y mencionaron como factores positivos la mejora de la confianza y de los indicadores de los mercados financieros.<\/p>\n","protected":false},"excerpt":{"rendered":"<p>D\u00fcsseldorf (Alemania), 15 abr (dpa) &#8211; Las perspectivas de la econom\u00eda alemana mejoran lentamente, seg\u00fan un informe del Instituto de Macroeconom\u00eda e Investigaci\u00f3n del Ciclo Econ\u00f3mico (IMK) de la Fundaci\u00f3n Hans B\u00f6ckler, pr\u00f3xima a las organizaciones sindicales. La probabilidad de que la econom\u00eda entre en recesi\u00f3n en los pr\u00f3ximos tres meses descendi\u00f3 notablemente en las<\/p>\n","protected":false},"author":1,"featured_media":179675,"comment_status":"closed","ping_status":"closed","sticky":false,"template":"","format":"standard","meta":{"footnotes":""},"categories":[486],"tags":[417,437],"class_list":{"0":"post-179674","1":"post","2":"type-post","3":"status-publish","4":"format-standard","5":"has-post-thumbnail","7":"category-economia","8":"tag-alemania","9":"tag-economia"},"aioseo_notices":[],"aioseo_head":"\n\t\t<!-- All in One SEO Pro 4.9.6.2 - aioseo.com -->\n\t<meta name=\"description\" content=\"D\u00fcsseldorf (Alemania), 15 abr (dpa) - Las perspectivas de la econom\u00eda alemana mejoran lentamente, seg\u00fan un informe del Instituto de Macroeconom\u00eda\" \/>\n\t<meta name=\"robots\" content=\"max-image-preview:large\" \/>\n\t<meta name=\"author\" content=\"Cand\u00e1s 365\"\/>\n\t<meta name=\"google-site-verification\" content=\"UA-32230408-1\" \/>\n\t<meta name=\"msvalidate.01\" content=\"354F3CDFB2DA171B47FBE9ABF1F88D5\" \/>\n\t<meta name=\"keywords\" content=\"econom\u00eda\" \/>\n\t<link rel=\"canonical\" href=\"https:\/\/candas365.es\/noticias\/la-economia-alemana-se-aleja-del-riesgo-de-recesion\/\" \/>\n\t<meta name=\"generator\" content=\"All in One SEO Pro (AIOSEO) 4.9.6.2\" \/>\n\t\t<meta property=\"og:locale\" content=\"es_ES\" \/>\n\t\t<meta property=\"og:site_name\" content=\"Cand\u00e1s 365\" \/>\n\t\t<meta property=\"og:type\" content=\"article\" \/>\n\t\t<meta property=\"og:title\" content=\"La econom\u00eda alemana se aleja del riesgo de recesi\u00f3n | Cand\u00e1s 365\" \/>\n\t\t<meta property=\"og:description\" content=\"D\u00fcsseldorf (Alemania), 15 abr (dpa) - Las perspectivas de la econom\u00eda alemana mejoran lentamente, seg\u00fan un informe del Instituto de Macroeconom\u00eda\" \/>\n\t\t<meta property=\"og:url\" content=\"https:\/\/candas365.es\/noticias\/la-economia-alemana-se-aleja-del-riesgo-de-recesion\/\" \/>\n\t\t<meta property=\"og:image\" content=\"https:\/\/candas365.es\/noticias\/wp-content\/uploads\/2024\/04\/economia.jpg\" \/>\n\t\t<meta property=\"og:image:secure_url\" content=\"https:\/\/candas365.es\/noticias\/wp-content\/uploads\/2024\/04\/economia.jpg\" \/>\n\t\t<meta property=\"og:image:width\" content=\"640\" \/>\n\t\t<meta property=\"og:image:height\" content=\"360\" \/>\n\t\t<meta property=\"article:published_time\" content=\"2024-04-15T15:37:04+00:00\" \/>\n\t\t<meta property=\"article:modified_time\" content=\"2024-04-15T15:37:04+00:00\" \/>\n\t\t<meta property=\"article:publisher\" content=\"https:\/\/www.facebook.com\/Nachofdezber\" \/>\n\t\t<meta property=\"article:author\" content=\"https:\/\/www.facebook.com\/carrenoactualidad\" \/>\n\t\t<meta name=\"twitter:card\" content=\"summary_large_image\" \/>\n\t\t<meta name=\"twitter:site\" content=\"@NabercoDigital\" \/>\n\t\t<meta name=\"twitter:title\" content=\"La econom\u00eda alemana se aleja del riesgo de recesi\u00f3n | Cand\u00e1s 365\" \/>\n\t\t<meta name=\"twitter:description\" content=\"D\u00fcsseldorf (Alemania), 15 abr (dpa) - Las perspectivas de la econom\u00eda alemana mejoran lentamente, seg\u00fan un informe del Instituto de Macroeconom\u00eda\" \/>\n\t\t<meta name=\"twitter:creator\" content=\"@nbasturias\" \/>\n\t\t<meta name=\"twitter:image\" content=\"https:\/\/candas365.es\/noticias\/wp-content\/uploads\/2024\/04\/economia.jpg\" \/>\n\t\t<meta name=\"twitter:label1\" content=\"Escrito por\" \/>\n\t\t<meta name=\"twitter:data1\" content=\"Cand\u00e1s 365\" \/>\n\t\t<meta name=\"twitter:label2\" content=\"Tiempo de lectura estimado\" \/>\n\t\t<meta name=\"twitter:data2\" content=\"2 minutos\" \/>\n\t\t<script type=\"application\/ld+json\" class=\"aioseo-schema\">\n\t\t\t{\"@context\":\"https:\\\/\\\/schema.org\",\"@graph\":[{\"@type\":\"BreadcrumbList\",\"@id\":\"https:\\\/\\\/candas365.es\\\/noticias\\\/la-economia-alemana-se-aleja-del-riesgo-de-recesion\\\/#breadcrumblist\",\"itemListElement\":[{\"@type\":\"ListItem\",\"@id\":\"https:\\\/\\\/candas365.es\\\/noticias#listItem\",\"position\":1,\"name\":\"Home\",\"item\":\"https:\\\/\\\/candas365.es\\\/noticias\",\"nextItem\":{\"@type\":\"ListItem\",\"@id\":\"https:\\\/\\\/candas365.es\\\/noticias\\\/category\\\/economia\\\/#listItem\",\"name\":\"Econom\\u00eda\"}},{\"@type\":\"ListItem\",\"@id\":\"https:\\\/\\\/candas365.es\\\/noticias\\\/category\\\/economia\\\/#listItem\",\"position\":2,\"name\":\"Econom\\u00eda\",\"item\":\"https:\\\/\\\/candas365.es\\\/noticias\\\/category\\\/economia\\\/\",\"nextItem\":{\"@type\":\"ListItem\",\"@id\":\"https:\\\/\\\/candas365.es\\\/noticias\\\/la-economia-alemana-se-aleja-del-riesgo-de-recesion\\\/#listItem\",\"name\":\"La econom\\u00eda alemana se aleja del riesgo de recesi\\u00f3n\"},\"previousItem\":{\"@type\":\"ListItem\",\"@id\":\"https:\\\/\\\/candas365.es\\\/noticias#listItem\",\"name\":\"Home\"}},{\"@type\":\"ListItem\",\"@id\":\"https:\\\/\\\/candas365.es\\\/noticias\\\/la-economia-alemana-se-aleja-del-riesgo-de-recesion\\\/#listItem\",\"position\":3,\"name\":\"La econom\\u00eda alemana se aleja del riesgo de recesi\\u00f3n\",\"previousItem\":{\"@type\":\"ListItem\",\"@id\":\"https:\\\/\\\/candas365.es\\\/noticias\\\/category\\\/economia\\\/#listItem\",\"name\":\"Econom\\u00eda\"}}]},{\"@type\":\"NewsArticle\",\"@id\":\"https:\\\/\\\/candas365.es\\\/noticias\\\/la-economia-alemana-se-aleja-del-riesgo-de-recesion\\\/#newsarticle\",\"name\":\"La econom\\u00eda alemana se aleja del riesgo de recesi\\u00f3n | Cand\\u00e1s 365\",\"headline\":\"La econom\\u00eda alemana se aleja del riesgo de recesi\\u00f3n\",\"author\":{\"@id\":\"https:\\\/\\\/candas365.es\\\/noticias\\\/author\\\/admin\\\/#author\"},\"publisher\":{\"@id\":\"https:\\\/\\\/candas365.es\\\/noticias\\\/#organization\"},\"image\":{\"@type\":\"ImageObject\",\"url\":\"https:\\\/\\\/candas365.es\\\/noticias\\\/wp-content\\\/uploads\\\/2024\\\/04\\\/economia.jpg\",\"width\":640,\"height\":360,\"caption\":\"econom\\u00eda\"},\"datePublished\":\"2024-04-15T17:37:04+02:00\",\"dateModified\":\"2024-04-15T17:37:04+02:00\",\"inLanguage\":\"es-ES\",\"mainEntityOfPage\":{\"@id\":\"https:\\\/\\\/candas365.es\\\/noticias\\\/la-economia-alemana-se-aleja-del-riesgo-de-recesion\\\/#webpage\"},\"isPartOf\":{\"@id\":\"https:\\\/\\\/candas365.es\\\/noticias\\\/la-economia-alemana-se-aleja-del-riesgo-de-recesion\\\/#webpage\"},\"articleSection\":\"Econom\\u00eda, Alemania, Econom\\u00eda\",\"dateline\":\"Publicado el abril 15, 2024.\"},{\"@type\":\"Organization\",\"@id\":\"https:\\\/\\\/candas365.es\\\/noticias\\\/#organization\",\"name\":\"Cand\\u00e1s 365\",\"description\":\"Cand\\u00e1s 365 es un diario digital independiente, fundado en 2012, con base en Asturias. Informamos con rigor sobre actualidad, sociedad, cultura y ocio, con una mirada local y global.\",\"url\":\"https:\\\/\\\/candas365.es\\\/noticias\\\/\",\"email\":\"info@candas365.es\",\"telephone\":\"+34652131393\",\"foundingDate\":\"2012-06-10\",\"logo\":{\"@type\":\"ImageObject\",\"url\":\"https:\\\/\\\/candas365.es\\\/noticias\\\/wp-content\\\/uploads\\\/2024\\\/09\\\/Candas-365-Redes.jpg\",\"@id\":\"https:\\\/\\\/candas365.es\\\/noticias\\\/la-economia-alemana-se-aleja-del-riesgo-de-recesion\\\/#organizationLogo\",\"width\":1152,\"height\":864,\"caption\":\"Cand\\u00e1s 365 Redes\"},\"image\":{\"@id\":\"https:\\\/\\\/candas365.es\\\/noticias\\\/la-economia-alemana-se-aleja-del-riesgo-de-recesion\\\/#organizationLogo\"},\"sameAs\":[\"https:\\\/\\\/www.facebook.com\\\/Nachofdezber\",\"https:\\\/\\\/x.com\\\/NabercoDigital\",\"https:\\\/\\\/www.instagram.com\\\/nachofdezber\\\/\",\"https:\\\/\\\/www.youtube.com\\\/channel\\\/UCZP-2wLEB9Rv6erhFmqVnvg\"],\"address\":{\"@id\":\"https:\\\/\\\/candas365.es\\\/noticias\\\/#postaladdress\",\"@type\":\"PostalAddress\",\"streetAddress\":\"san antonio 4, san antonio 4\",\"postalCode\":\"33430\",\"addressLocality\":\"Cand\\u00e1s\",\"addressRegion\":\"Asturias\",\"addressCountry\":\"ES\"}},{\"@type\":\"Person\",\"@id\":\"https:\\\/\\\/candas365.es\\\/noticias\\\/author\\\/admin\\\/#author\",\"url\":\"https:\\\/\\\/candas365.es\\\/noticias\\\/author\\\/admin\\\/\",\"name\":\"Cand\\u00e1s 365\",\"image\":{\"@type\":\"ImageObject\",\"@id\":\"https:\\\/\\\/candas365.es\\\/noticias\\\/la-economia-alemana-se-aleja-del-riesgo-de-recesion\\\/#authorImage\",\"url\":\"https:\\\/\\\/secure.gravatar.com\\\/avatar\\\/496a8e03d0c493ede1718b7934145dbdf8d89be1036b0eec9544e1094c9de390?s=96&d=mm&r=g\",\"width\":96,\"height\":96,\"caption\":\"Cand\\u00e1s 365\"},\"sameAs\":[\"https:\\\/\\\/www.facebook.com\\\/carrenoactualidad\",\"https:\\\/\\\/twitter.com\\\/nbasturias\",\"https:\\\/\\\/www.instagram.com\\\/nachofdezber\\\/\",\"https:\\\/\\\/www.youtube.com\\\/channel\\\/UCZP-2wLEB9Rv6erhFmqVnvg\"]},{\"@type\":\"WebPage\",\"@id\":\"https:\\\/\\\/candas365.es\\\/noticias\\\/la-economia-alemana-se-aleja-del-riesgo-de-recesion\\\/#webpage\",\"url\":\"https:\\\/\\\/candas365.es\\\/noticias\\\/la-economia-alemana-se-aleja-del-riesgo-de-recesion\\\/\",\"name\":\"La econom\\u00eda alemana se aleja del riesgo de recesi\\u00f3n | Cand\\u00e1s 365\",\"description\":\"D\\u00fcsseldorf (Alemania), 15 abr (dpa) - Las perspectivas de la econom\\u00eda alemana mejoran lentamente, seg\\u00fan un informe del Instituto de Macroeconom\\u00eda\",\"inLanguage\":\"es-ES\",\"isPartOf\":{\"@id\":\"https:\\\/\\\/candas365.es\\\/noticias\\\/#website\"},\"breadcrumb\":{\"@id\":\"https:\\\/\\\/candas365.es\\\/noticias\\\/la-economia-alemana-se-aleja-del-riesgo-de-recesion\\\/#breadcrumblist\"},\"author\":{\"@id\":\"https:\\\/\\\/candas365.es\\\/noticias\\\/author\\\/admin\\\/#author\"},\"creator\":{\"@id\":\"https:\\\/\\\/candas365.es\\\/noticias\\\/author\\\/admin\\\/#author\"},\"image\":{\"@type\":\"ImageObject\",\"url\":\"https:\\\/\\\/candas365.es\\\/noticias\\\/wp-content\\\/uploads\\\/2024\\\/04\\\/economia.jpg\",\"@id\":\"https:\\\/\\\/candas365.es\\\/noticias\\\/la-economia-alemana-se-aleja-del-riesgo-de-recesion\\\/#mainImage\",\"width\":640,\"height\":360,\"caption\":\"econom\\u00eda\"},\"primaryImageOfPage\":{\"@id\":\"https:\\\/\\\/candas365.es\\\/noticias\\\/la-economia-alemana-se-aleja-del-riesgo-de-recesion\\\/#mainImage\"},\"datePublished\":\"2024-04-15T17:37:04+02:00\",\"dateModified\":\"2024-04-15T17:37:04+02:00\"},{\"@type\":\"WebSite\",\"@id\":\"https:\\\/\\\/candas365.es\\\/noticias\\\/#website\",\"url\":\"https:\\\/\\\/candas365.es\\\/noticias\\\/\",\"name\":\"Cand\\u00e1s 365\",\"alternateName\":\"Cand\\u00e1s 365 Noticias\",\"description\":\"Actualidad desde Carre\\u00f1o para el mundo\",\"inLanguage\":\"es-ES\",\"publisher\":{\"@id\":\"https:\\\/\\\/candas365.es\\\/noticias\\\/#organization\"}}]}\n\t\t<\/script>\n\t\t<!-- All in One SEO Pro -->\r\n\t\t<title>La econom\u00eda alemana se aleja del riesgo de recesi\u00f3n | Cand\u00e1s 365<\/title>\n\n","aioseo_head_json":{"title":"La econom\u00eda alemana se aleja del riesgo de recesi\u00f3n | Cand\u00e1s 365","description":"D\u00fcsseldorf (Alemania), 15 abr (dpa) - Las perspectivas de la econom\u00eda alemana mejoran lentamente, seg\u00fan un informe del Instituto de Macroeconom\u00eda","canonical_url":"https:\/\/candas365.es\/noticias\/la-economia-alemana-se-aleja-del-riesgo-de-recesion\/","robots":"max-image-preview:large","keywords":"econom\u00eda","webmasterTools":{"google-site-verification":"UA-32230408-1","msvalidate.01":"354F3CDFB2DA171B47FBE9ABF1F88D5","miscellaneous":""},"schema":{"@context":"https:\/\/schema.org","@graph":[{"@type":"BreadcrumbList","@id":"https:\/\/candas365.es\/noticias\/la-economia-alemana-se-aleja-del-riesgo-de-recesion\/#breadcrumblist","itemListElement":[{"@type":"ListItem","@id":"https:\/\/candas365.es\/noticias#listItem","position":1,"name":"Home","item":"https:\/\/candas365.es\/noticias","nextItem":{"@type":"ListItem","@id":"https:\/\/candas365.es\/noticias\/category\/economia\/#listItem","name":"Econom\u00eda"}},{"@type":"ListItem","@id":"https:\/\/candas365.es\/noticias\/category\/economia\/#listItem","position":2,"name":"Econom\u00eda","item":"https:\/\/candas365.es\/noticias\/category\/economia\/","nextItem":{"@type":"ListItem","@id":"https:\/\/candas365.es\/noticias\/la-economia-alemana-se-aleja-del-riesgo-de-recesion\/#listItem","name":"La econom\u00eda alemana se aleja del riesgo de recesi\u00f3n"},"previousItem":{"@type":"ListItem","@id":"https:\/\/candas365.es\/noticias#listItem","name":"Home"}},{"@type":"ListItem","@id":"https:\/\/candas365.es\/noticias\/la-economia-alemana-se-aleja-del-riesgo-de-recesion\/#listItem","position":3,"name":"La econom\u00eda alemana se aleja del riesgo de recesi\u00f3n","previousItem":{"@type":"ListItem","@id":"https:\/\/candas365.es\/noticias\/category\/economia\/#listItem","name":"Econom\u00eda"}}]},{"@type":"NewsArticle","@id":"https:\/\/candas365.es\/noticias\/la-economia-alemana-se-aleja-del-riesgo-de-recesion\/#newsarticle","name":"La econom\u00eda alemana se aleja del riesgo de recesi\u00f3n | Cand\u00e1s 365","headline":"La econom\u00eda alemana se aleja del riesgo de recesi\u00f3n","author":{"@id":"https:\/\/candas365.es\/noticias\/author\/admin\/#author"},"publisher":{"@id":"https:\/\/candas365.es\/noticias\/#organization"},"image":{"@type":"ImageObject","url":"https:\/\/candas365.es\/noticias\/wp-content\/uploads\/2024\/04\/economia.jpg","width":640,"height":360,"caption":"econom\u00eda"},"datePublished":"2024-04-15T17:37:04+02:00","dateModified":"2024-04-15T17:37:04+02:00","inLanguage":"es-ES","mainEntityOfPage":{"@id":"https:\/\/candas365.es\/noticias\/la-economia-alemana-se-aleja-del-riesgo-de-recesion\/#webpage"},"isPartOf":{"@id":"https:\/\/candas365.es\/noticias\/la-economia-alemana-se-aleja-del-riesgo-de-recesion\/#webpage"},"articleSection":"Econom\u00eda, Alemania, Econom\u00eda","dateline":"Publicado el abril 15, 2024."},{"@type":"Organization","@id":"https:\/\/candas365.es\/noticias\/#organization","name":"Cand\u00e1s 365","description":"Cand\u00e1s 365 es un diario digital independiente, fundado en 2012, con base en Asturias. Informamos con rigor sobre actualidad, sociedad, cultura y ocio, con una mirada local y global.","url":"https:\/\/candas365.es\/noticias\/","email":"info@candas365.es","telephone":"+34652131393","foundingDate":"2012-06-10","logo":{"@type":"ImageObject","url":"https:\/\/candas365.es\/noticias\/wp-content\/uploads\/2024\/09\/Candas-365-Redes.jpg","@id":"https:\/\/candas365.es\/noticias\/la-economia-alemana-se-aleja-del-riesgo-de-recesion\/#organizationLogo","width":1152,"height":864,"caption":"Cand\u00e1s 365 Redes"},"image":{"@id":"https:\/\/candas365.es\/noticias\/la-economia-alemana-se-aleja-del-riesgo-de-recesion\/#organizationLogo"},"sameAs":["https:\/\/www.facebook.com\/Nachofdezber","https:\/\/x.com\/NabercoDigital","https:\/\/www.instagram.com\/nachofdezber\/","https:\/\/www.youtube.com\/channel\/UCZP-2wLEB9Rv6erhFmqVnvg"],"address":{"@id":"https:\/\/candas365.es\/noticias\/#postaladdress","@type":"PostalAddress","streetAddress":"san antonio 4, san antonio 4","postalCode":"33430","addressLocality":"Cand\u00e1s","addressRegion":"Asturias","addressCountry":"ES"}},{"@type":"Person","@id":"https:\/\/candas365.es\/noticias\/author\/admin\/#author","url":"https:\/\/candas365.es\/noticias\/author\/admin\/","name":"Cand\u00e1s 365","image":{"@type":"ImageObject","@id":"https:\/\/candas365.es\/noticias\/la-economia-alemana-se-aleja-del-riesgo-de-recesion\/#authorImage","url":"https:\/\/secure.gravatar.com\/avatar\/496a8e03d0c493ede1718b7934145dbdf8d89be1036b0eec9544e1094c9de390?s=96&d=mm&r=g","width":96,"height":96,"caption":"Cand\u00e1s 365"},"sameAs":["https:\/\/www.facebook.com\/carrenoactualidad","https:\/\/twitter.com\/nbasturias","https:\/\/www.instagram.com\/nachofdezber\/","https:\/\/www.youtube.com\/channel\/UCZP-2wLEB9Rv6erhFmqVnvg"]},{"@type":"WebPage","@id":"https:\/\/candas365.es\/noticias\/la-economia-alemana-se-aleja-del-riesgo-de-recesion\/#webpage","url":"https:\/\/candas365.es\/noticias\/la-economia-alemana-se-aleja-del-riesgo-de-recesion\/","name":"La econom\u00eda alemana se aleja del riesgo de recesi\u00f3n | Cand\u00e1s 365","description":"D\u00fcsseldorf (Alemania), 15 abr (dpa) - Las perspectivas de la econom\u00eda alemana mejoran lentamente, seg\u00fan un informe del Instituto de Macroeconom\u00eda","inLanguage":"es-ES","isPartOf":{"@id":"https:\/\/candas365.es\/noticias\/#website"},"breadcrumb":{"@id":"https:\/\/candas365.es\/noticias\/la-economia-alemana-se-aleja-del-riesgo-de-recesion\/#breadcrumblist"},"author":{"@id":"https:\/\/candas365.es\/noticias\/author\/admin\/#author"},"creator":{"@id":"https:\/\/candas365.es\/noticias\/author\/admin\/#author"},"image":{"@type":"ImageObject","url":"https:\/\/candas365.es\/noticias\/wp-content\/uploads\/2024\/04\/economia.jpg","@id":"https:\/\/candas365.es\/noticias\/la-economia-alemana-se-aleja-del-riesgo-de-recesion\/#mainImage","width":640,"height":360,"caption":"econom\u00eda"},"primaryImageOfPage":{"@id":"https:\/\/candas365.es\/noticias\/la-economia-alemana-se-aleja-del-riesgo-de-recesion\/#mainImage"},"datePublished":"2024-04-15T17:37:04+02:00","dateModified":"2024-04-15T17:37:04+02:00"},{"@type":"WebSite","@id":"https:\/\/candas365.es\/noticias\/#website","url":"https:\/\/candas365.es\/noticias\/","name":"Cand\u00e1s 365","alternateName":"Cand\u00e1s 365 Noticias","description":"Actualidad desde Carre\u00f1o para el mundo","inLanguage":"es-ES","publisher":{"@id":"https:\/\/candas365.es\/noticias\/#organization"}}]},"og:locale":"es_ES","og:site_name":"Cand\u00e1s 365","og:type":"article","og:title":"La econom\u00eda alemana se aleja del riesgo de recesi\u00f3n | Cand\u00e1s 365","og:description":"D\u00fcsseldorf (Alemania), 15 abr (dpa) - Las perspectivas de la econom\u00eda alemana mejoran lentamente, seg\u00fan un informe del Instituto de Macroeconom\u00eda","og:url":"https:\/\/candas365.es\/noticias\/la-economia-alemana-se-aleja-del-riesgo-de-recesion\/","og:image":"https:\/\/candas365.es\/noticias\/wp-content\/uploads\/2024\/04\/economia.jpg","og:image:secure_url":"https:\/\/candas365.es\/noticias\/wp-content\/uploads\/2024\/04\/economia.jpg","og:image:width":640,"og:image:height":360,"article:published_time":"2024-04-15T15:37:04+00:00","article:modified_time":"2024-04-15T15:37:04+00:00","article:publisher":"https:\/\/www.facebook.com\/Nachofdezber","article:author":"https:\/\/www.facebook.com\/carrenoactualidad","twitter:card":"summary_large_image","twitter:site":"@NabercoDigital","twitter:title":"La econom\u00eda alemana se aleja del riesgo de recesi\u00f3n | Cand\u00e1s 365","twitter:description":"D\u00fcsseldorf (Alemania), 15 abr (dpa) - Las perspectivas de la econom\u00eda alemana mejoran lentamente, seg\u00fan un informe del Instituto de Macroeconom\u00eda","twitter:creator":"@nbasturias","twitter:image":"https:\/\/candas365.es\/noticias\/wp-content\/uploads\/2024\/04\/economia.jpg","twitter:label1":"Escrito por","twitter:data1":"Cand\u00e1s 365","twitter:label2":"Tiempo de lectura estimado","twitter:data2":"2 minutos"},"aioseo_meta_data":{"post_id":"179674","title":null,"description":"D\u00fcsseldorf (Alemania), 15 abr (dpa) - Las perspectivas de la econom\u00eda alemana mejoran lentamente, seg\u00fan un informe del Instituto de Macroeconom\u00eda","keywords":[],"keyphrases":{"focus":{"keyphrase":"econom\u00eda","score":100,"analysis":{"keyphraseInTitle":{"score":9,"maxScore":9,"error":0},"keyphraseInDescription":{"score":9,"maxScore":9,"error":0},"keyphraseLength":{"score":9,"maxScore":9,"error":0,"length":2},"keyphraseInURL":[],"keyphraseInIntroduction":{"score":9,"maxScore":9,"error":0},"keyphraseInSubHeadings":[],"keyphraseInImageAlt":{"score":9,"maxScore":9,"error":0},"keywordDensity":{"type":"best","score":9,"maxScore":9,"error":0}}},"additional":[{"keyphrase":"econom\u00eda","score":100,"analysis":{"keyphraseInDescription":{"score":9,"maxScore":9,"error":0},"keyphraseLength":{"score":9,"maxScore":9,"error":0,"length":2},"keyphraseInIntroduction":{"score":9,"maxScore":9,"error":0},"keyphraseInImageAlt":{"score":9,"maxScore":9,"error":0},"keywordDensity":{"type":"best","score":9,"maxScore":9,"error":0}}}]},"primary_term":null,"canonical_url":null,"og_title":null,"og_description":null,"og_object_type":"default","og_image_type":"default","og_image_url":null,"og_image_width":null,"og_image_height":null,"og_image_custom_url":null,"og_image_custom_fields":null,"og_video":"","og_custom_url":null,"og_article_section":null,"og_article_tags":[],"twitter_use_og":false,"twitter_card":"default","twitter_image_type":"default","twitter_image_url":null,"twitter_image_custom_url":null,"twitter_image_custom_fields":null,"twitter_title":null,"twitter_description":null,"schema":{"blockGraphs":[],"customGraphs":[],"default":{"data":{"Article":[],"Course":[],"Dataset":[],"FAQPage":[],"Movie":[],"Person":[],"Product":[],"ProductReview":[],"Car":[],"Recipe":[],"Service":[],"SoftwareApplication":[],"WebPage":[]},"graphName":"Article","isEnabled":true},"graphs":[]},"schema_type":"default","schema_type_options":null,"pillar_content":false,"robots_default":true,"robots_noindex":false,"robots_noarchive":false,"robots_nosnippet":false,"robots_nofollow":false,"robots_noimageindex":false,"robots_noodp":false,"robots_notranslate":false,"robots_max_snippet":"-1","robots_max_videopreview":"-1","robots_max_imagepreview":"large","priority":null,"frequency":"default","location":null,"local_seo":null,"seo_analyzer_scan_date":"2025-09-02 07:02:25","breadcrumb_settings":null,"limit_modified_date":false,"reviewed_by":null,"open_ai":"{\"title\":{\"suggestions\":[],\"usage\":0},\"description\":{\"suggestions\":[],\"usage\":0}}","ai":null,"created":"2024-04-15 15:32:45","updated":"2025-09-02 07:02:25"},"aioseo_breadcrumb":"<div class=\"aioseo-breadcrumbs\"><span class=\"aioseo-breadcrumb\">\n\t<a href=\"https:\/\/candas365.es\/noticias\" title=\"Home\">Home<\/a>\n<\/span><span class=\"aioseo-breadcrumb-separator\">&ndash;<\/span><span class=\"aioseo-breadcrumb\">\n\t<a href=\"https:\/\/candas365.es\/noticias\/category\/economia\/\" title=\"Econom\u00eda\">Econom\u00eda<\/a>\n<\/span><span class=\"aioseo-breadcrumb-separator\">&ndash;<\/span><span class=\"aioseo-breadcrumb\">\n\tLa econom\u00eda alemana se aleja del riesgo de recesi\u00f3n\n<\/span><\/div>","aioseo_breadcrumb_json":[{"label":"Home","link":"https:\/\/candas365.es\/noticias"},{"label":"Econom\u00eda","link":"https:\/\/candas365.es\/noticias\/category\/economia\/"},{"label":"La econom\u00eda alemana se aleja del riesgo de recesi\u00f3n","link":"https:\/\/candas365.es\/noticias\/la-economia-alemana-se-aleja-del-riesgo-de-recesion\/"}],"_links":{"self":[{"href":"https:\/\/candas365.es\/noticias\/wp-json\/wp\/v2\/posts\/179674","targetHints":{"allow":["GET"]}}],"collection":[{"href":"https:\/\/candas365.es\/noticias\/wp-json\/wp\/v2\/posts"}],"about":[{"href":"https:\/\/candas365.es\/noticias\/wp-json\/wp\/v2\/types\/post"}],"author":[{"embeddable":true,"href":"https:\/\/candas365.es\/noticias\/wp-json\/wp\/v2\/users\/1"}],"replies":[{"embeddable":true,"href":"https:\/\/candas365.es\/noticias\/wp-json\/wp\/v2\/comments?post=179674"}],"version-history":[{"count":0,"href":"https:\/\/candas365.es\/noticias\/wp-json\/wp\/v2\/posts\/179674\/revisions"}],"wp:featuredmedia":[{"embeddable":true,"href":"https:\/\/candas365.es\/noticias\/wp-json\/wp\/v2\/media\/179675"}],"wp:attachment":[{"href":"https:\/\/candas365.es\/noticias\/wp-json\/wp\/v2\/media?parent=179674"}],"wp:term":[{"taxonomy":"category","embeddable":true,"href":"https:\/\/candas365.es\/noticias\/wp-json\/wp\/v2\/categories?post=179674"},{"taxonomy":"post_tag","embeddable":true,"href":"https:\/\/candas365.es\/noticias\/wp-json\/wp\/v2\/tags?post=179674"}],"curies":[{"name":"wp","href":"https:\/\/api.w.org\/{rel}","templated":true}]}}