{"id":179650,"date":"2024-04-13T22:22:15","date_gmt":"2024-04-13T20:22:15","guid":{"rendered":"https:\/\/candas365.es\/noticias\/?p=179650"},"modified":"2024-04-13T22:22:40","modified_gmt":"2024-04-13T20:22:40","slug":"fusballer-von-bayer-leverkusen-vor-historischem-titel","status":"publish","type":"post","link":"https:\/\/candas365.es\/noticias\/fusballer-von-bayer-leverkusen-vor-historischem-titel\/","title":{"rendered":"Fu\u00dfballer von Bayer Leverkusen vor historischem Titel"},"content":{"rendered":"<p>Leverkusen (<a href=\"https:\/\/www.dpa-news.de\/\" target=\"_blank\" rel=\"nofollow noopener\"><span style=\"color: #ff6600;\"><strong>dpa<\/strong><\/span><\/a>) &#8211; Vor dem wom\u00f6glich gr\u00f6\u00dften Wochenende der Vereinsgeschichte schob <a href=\"https:\/\/candas365.es\/noticias\/el-leverkusen-y-su-cita-con-la-historia\/\"><span style=\"color: #ff6600;\"><strong>Xabi Alonso<\/strong><\/span><\/a> eine Warnung seines Anf\u00fchrers Granit Xhaka l\u00e4ssig beiseite. \u00abWir sind sehr stabil im Kopf\u00bb, sagte der Trainer von Bayer Leverkusen. \u00dcbermotiviert werde sein Team ganz bestimmt nicht auftreten. \u00abDie Vorfreude ist super. Es kann nicht gr\u00f6\u00dfer sein. Wenn wir gewinnen, sind wir Meister\u00bb, sagte der Ausnahmecoach und brachte die Ausgangslage vor dem Spiel gegen Werder Bremen auf den Punkt. Die Partie soll f\u00fcr Bayer 04 zur gro\u00dfen Titelparty werden. Leverkusen ist bereit, sein Vizekusen-Image endg\u00fcltig abzulegen und Dauer-Meister FC Bayern abzul\u00f6sen.<\/p>\n<figure id=\"attachment_179651\" aria-describedby=\"caption-attachment-179651\" style=\"width: 650px\" class=\"wp-caption aligncenter\"><img fetchpriority=\"high\" decoding=\"async\" class=\"size-large wp-image-179651\" src=\"https:\/\/candas365.es\/noticias\/wp-content\/uploads\/2024\/04\/Bayer-Leverkusen-650x425.jpg\" alt=\"Bayer Leverkusen\" width=\"650\" height=\"425\" srcset=\"https:\/\/candas365.es\/noticias\/wp-content\/uploads\/2024\/04\/Bayer-Leverkusen-650x425.jpg 650w, https:\/\/candas365.es\/noticias\/wp-content\/uploads\/2024\/04\/Bayer-Leverkusen-360x235.jpg 360w, https:\/\/candas365.es\/noticias\/wp-content\/uploads\/2024\/04\/Bayer-Leverkusen-768x502.jpg 768w, https:\/\/candas365.es\/noticias\/wp-content\/uploads\/2024\/04\/Bayer-Leverkusen-150x98.jpg 150w, https:\/\/candas365.es\/noticias\/wp-content\/uploads\/2024\/04\/Bayer-Leverkusen-450x294.jpg 450w, https:\/\/candas365.es\/noticias\/wp-content\/uploads\/2024\/04\/Bayer-Leverkusen.jpg 998w\" sizes=\"(max-width: 650px) 100vw, 650px\" \/><figcaption id=\"caption-attachment-179651\" class=\"wp-caption-text\">Leverkusens Trainer Xabi Alonso (r.) spricht am Spielfeldrand mit Josip Stanisic. Foto: Marius Becker\/dpa<\/figcaption><\/figure>\n<p>\u00abWir wissen, dass wir am Sonntag Geschichte schreiben k\u00f6nnen \u2013 f\u00fcr den Fu\u00dfballverein, f\u00fcr die Fans und f\u00fcr uns selber auch\u00bb, hatte Xhaka zuvor gesagt und erg\u00e4nzt: \u00abWir d\u00fcrfen nicht \u00fcbermotiviert auftreten.\u00bb Die Bedeutung der ersten Bayer-Meisterschaft ist dem Mittelfeldstrategen und seinen Teamkollegen bewusst. Sie geht weit \u00fcber Leverkusen hinaus. Kinder, die nach 2012 geboren sind, haben keinen anderen deutschen Meister als die Bayern erlebt.<\/p>\n<p>Als die M\u00fcnchner zuletzt nicht mit der Schale feierten, hie\u00df der Papst noch Benedikt XVI. Michael Schumacher fuhr seine letzte Formel-1-Saison. Lionel Messi spielte f\u00fcr den FC Barcelona, Cristiano Ronaldo f\u00fcr Real Madrid und Kylian Mbapp\u00e9 noch f\u00fcr die Jugend von INF Clairefontaine. Dass Bayer 04 die Meisterserie der Bayern beendet, ist angesichts von 16 Punkten Vorsprung nach dem 28. Spieltag klar. Die Frage ist nur noch: Wann steht der Titel fest?<\/p>\n<h2>Blo\u00df nicht auf dem Sofa Meister werden<\/h2>\n<p>Jonas Hofmann hat diesbez\u00fcglich einen klaren Wunsch. \u00abIch hoffe, wir k\u00f6nnen es selber entscheiden\u00bb, sagte der Offensivmann. \u00abGerade, wenn man zum ersten Mal deutscher Meister werden kann, willst du das nicht irgendwie zu Hause auf der Couch mit einem Glas Wasser am Tag bevor du selber spielst.\u00bb Der 31-J\u00e4hrige wird daher am Samstag sogar zum Fan der Konkurrenz, dr\u00fcckt dem FC Bayern gegen den 1. FC K\u00f6ln und dem VfB Stuttgart gegen Eintracht Frankfurt die Daumen.<\/p>\n<p>Denn: Sollten beide verlieren, st\u00fcnde Leverkusen bereits vor dem eigenen Spiel am Sonntag als Champions fest. \u00abDa kannst du auch gar nicht die Emotionen rauslassen, wenn du nicht zusammen mit dieser Gruppe bist, mit der du das geschafft hast\u00bb, sagte Hofmann zum m\u00f6glichen Sofa-Titel. Alonso sieht das \u00e4hnlich. \u00abIch w\u00fcrde es lieber auf dem Platz entscheiden mit unserem Sieg\u00bb, sagte er am Freitag. Ein Mannschaftstreffen im Teamhotel, um gemeinsam die Spiele der Verfolger im Fernsehen zu schauen, sei nicht geplant. \u00abNein, nein, nein. Wir m\u00fcssen uns erholen\u00bb, sagte Alonso dazu.<\/p>\n<p>Sein Offensivmann Hofmann war am Donnerstagabend beim 2:0 von Bayer 04 im Viertelfinalhinspiel der Europa League gegen West Ham United als Joker mit einem Tor und einer Vorlage der Matchwinner. Auch nach dem 42. Pflichtspiel der Saison bleibt Leverkusen ungeschlagen. Der Traum vom Triple aus Meisterschaft, Europacup und DFB-Pokal lebt weiter. Nach der Partie gaben die euphorischen Fans Hofmann und seinen Teamkollegen schon einmal einen Vorgeschmack auf das, was sie bald erwarten k\u00f6nnte. \u00abDa haben wir alle G\u00e4nsehaut gekriegt, weil uns klar ist, was am Sonntag passieren kann\u00bb, sagte Hofmann.<\/p>\n<h2>Party-Planungen laufen<\/h2>\n<p>Ganz Leverkusen bereitet sich auf eine denkw\u00fcrdige Titelfete vor. Das Stadion ist restlos ausverkauft. Die Stadt hat eine Liste mit Kneipen ver\u00f6ffentlicht, die das Bremen-Spiel live \u00fcbertragen.<\/p>\n<p>Bayers Auftritte geben den Fans wenig Anlass zur Sorge, dass es an diesem Wochenende noch nichts werden k\u00f6nnte mit dem Titel. Leverkusen spielt unheimlich stabil. Das fu\u00dfballerische Niveau ist dauerhaft hoch. Gegen West Ham bewies das Team zudem zum wiederholten Mal in dieser Saison Geduld und belohnte sich mit zwei sp\u00e4ten Toren. Nichts scheint die Werkself aus dem Konzept zu bringen. \u00abDas ist kein Gl\u00fcck\u00bb, sagte Alonso zu den h\u00e4ufigen Treffern seiner Mannschaft in der Schlussphase. \u00abDas hat Gr\u00fcnde und an diesen Gr\u00fcnden arbeiten wir.\u00bb<\/p>\n<h2>Meistermacher Alonso<\/h2>\n<p>Der Anteil des 42 Jahre alten Basken am bevorstehenden Meisterst\u00fcck ist nicht hoch genug zu bewerten. Bei seiner ersten gro\u00dfen Trainerstation hat der fr\u00fchere Weltklassefu\u00dfballer aus hervorragenden Einzelspielern ein fast unbesiegbares Kollektiv geformt.<\/p>\n<p>\u00abEs gibt keine Egoisten, sondern wir k\u00e4mpfen f\u00fcr die Mannschaft\u00bb, sagte Xhaka, der Kopf des Teams auf dem Spielfeld. \u00abWir ackern, wir fighten, wir spielen, wir laufen, wir diskutieren auf und neben dem Platz. Das macht eine Top-Mannschaft aus.\u00bb Der 31-J\u00e4hrige erg\u00e4nzte: \u00abMan gewinnt Spiele mit ein paar Spielern, aber als Mannschaft gewinnt man Titel.\u00bb Am Sonntag soll es so weit sein.<\/p>\n<p><i class=\"lang-de\"><span class=\" readonly\" title=\"\">Von Thomas E\u00dfer, Carsten Lappe und Christian Kunz, dpa<\/span><\/i><\/p>\n","protected":false},"excerpt":{"rendered":"<p>Leverkusen (dpa) &#8211; Vor dem wom\u00f6glich gr\u00f6\u00dften Wochenende der Vereinsgeschichte schob Xabi Alonso eine Warnung seines Anf\u00fchrers Granit Xhaka l\u00e4ssig beiseite. \u00abWir sind sehr stabil im Kopf\u00bb, sagte der Trainer von Bayer Leverkusen. \u00dcbermotiviert werde sein Team ganz bestimmt nicht auftreten. \u00abDie Vorfreude ist super. Es kann nicht gr\u00f6\u00dfer sein. Wenn wir gewinnen, sind wir<\/p>\n","protected":false},"author":1,"featured_media":179651,"comment_status":"closed","ping_status":"closed","sticky":false,"template":"","format":"standard","meta":{"footnotes":""},"categories":[536],"tags":[427],"class_list":{"0":"post-179650","1":"post","2":"type-post","3":"status-publish","4":"format-standard","5":"has-post-thumbnail","7":"category-candas-news","8":"tag-news"},"aioseo_notices":[],"aioseo_head":"\n\t\t<!-- All in One SEO Pro 4.9.6.2 - aioseo.com -->\n\t<meta name=\"description\" content=\"Leverkusen (dpa) - Vor dem wom\u00f6glich gr\u00f6\u00dften Wochenende der Vereinsgeschichte schob Xabi Alonso eine Warnung seines Anf\u00fchrers Granit Xhaka l\u00e4ssig beiseite\" \/>\n\t<meta name=\"robots\" content=\"max-image-preview:large\" \/>\n\t<meta name=\"author\" content=\"Cand\u00e1s 365\"\/>\n\t<meta name=\"google-site-verification\" content=\"UA-32230408-1\" \/>\n\t<meta name=\"msvalidate.01\" content=\"354F3CDFB2DA171B47FBE9ABF1F88D5\" \/>\n\t<meta name=\"keywords\" content=\"news\" \/>\n\t<link rel=\"canonical\" href=\"https:\/\/candas365.es\/noticias\/fusballer-von-bayer-leverkusen-vor-historischem-titel\/\" \/>\n\t<meta name=\"generator\" content=\"All in One SEO Pro (AIOSEO) 4.9.6.2\" \/>\n\t\t<meta property=\"og:locale\" content=\"es_ES\" \/>\n\t\t<meta property=\"og:site_name\" content=\"Cand\u00e1s 365\" \/>\n\t\t<meta property=\"og:type\" content=\"article\" \/>\n\t\t<meta property=\"og:title\" content=\"Fu\u00dfballer von Bayer Leverkusen vor historischem Titel | Cand\u00e1s 365\" \/>\n\t\t<meta property=\"og:description\" content=\"Leverkusen (dpa) - Vor dem wom\u00f6glich gr\u00f6\u00dften Wochenende der Vereinsgeschichte schob Xabi Alonso eine Warnung seines Anf\u00fchrers Granit Xhaka l\u00e4ssig beiseite\" \/>\n\t\t<meta property=\"og:url\" content=\"https:\/\/candas365.es\/noticias\/fusballer-von-bayer-leverkusen-vor-historischem-titel\/\" \/>\n\t\t<meta property=\"og:image\" content=\"https:\/\/candas365.es\/noticias\/wp-content\/uploads\/2024\/04\/Bayer-Leverkusen.jpg\" \/>\n\t\t<meta property=\"og:image:secure_url\" content=\"https:\/\/candas365.es\/noticias\/wp-content\/uploads\/2024\/04\/Bayer-Leverkusen.jpg\" \/>\n\t\t<meta property=\"og:image:width\" content=\"998\" \/>\n\t\t<meta property=\"og:image:height\" content=\"652\" \/>\n\t\t<meta property=\"article:published_time\" content=\"2024-04-13T20:22:15+00:00\" \/>\n\t\t<meta property=\"article:modified_time\" content=\"2024-04-13T20:22:40+00:00\" \/>\n\t\t<meta property=\"article:publisher\" content=\"https:\/\/www.facebook.com\/Nachofdezber\" \/>\n\t\t<meta property=\"article:author\" content=\"https:\/\/www.facebook.com\/carrenoactualidad\" \/>\n\t\t<meta name=\"twitter:card\" content=\"summary_large_image\" \/>\n\t\t<meta name=\"twitter:site\" content=\"@NabercoDigital\" \/>\n\t\t<meta name=\"twitter:title\" content=\"Fu\u00dfballer von Bayer Leverkusen vor historischem Titel | Cand\u00e1s 365\" \/>\n\t\t<meta name=\"twitter:description\" content=\"Leverkusen (dpa) - Vor dem wom\u00f6glich gr\u00f6\u00dften Wochenende der Vereinsgeschichte schob Xabi Alonso eine Warnung seines Anf\u00fchrers Granit Xhaka l\u00e4ssig beiseite\" \/>\n\t\t<meta name=\"twitter:creator\" content=\"@nbasturias\" \/>\n\t\t<meta name=\"twitter:image\" content=\"https:\/\/candas365.es\/noticias\/wp-content\/uploads\/2024\/04\/Bayer-Leverkusen.jpg\" \/>\n\t\t<meta name=\"twitter:label1\" content=\"Escrito por\" \/>\n\t\t<meta name=\"twitter:data1\" content=\"Cand\u00e1s 365\" \/>\n\t\t<meta name=\"twitter:label2\" content=\"Tiempo de lectura estimado\" \/>\n\t\t<meta name=\"twitter:data2\" content=\"4 minutos\" \/>\n\t\t<script type=\"application\/ld+json\" class=\"aioseo-schema\">\n\t\t\t{\"@context\":\"https:\\\/\\\/schema.org\",\"@graph\":[{\"@type\":\"BreadcrumbList\",\"@id\":\"https:\\\/\\\/candas365.es\\\/noticias\\\/fusballer-von-bayer-leverkusen-vor-historischem-titel\\\/#breadcrumblist\",\"itemListElement\":[{\"@type\":\"ListItem\",\"@id\":\"https:\\\/\\\/candas365.es\\\/noticias#listItem\",\"position\":1,\"name\":\"Home\",\"item\":\"https:\\\/\\\/candas365.es\\\/noticias\",\"nextItem\":{\"@type\":\"ListItem\",\"@id\":\"https:\\\/\\\/candas365.es\\\/noticias\\\/category\\\/candas-news\\\/#listItem\",\"name\":\"News\"}},{\"@type\":\"ListItem\",\"@id\":\"https:\\\/\\\/candas365.es\\\/noticias\\\/category\\\/candas-news\\\/#listItem\",\"position\":2,\"name\":\"News\",\"item\":\"https:\\\/\\\/candas365.es\\\/noticias\\\/category\\\/candas-news\\\/\",\"nextItem\":{\"@type\":\"ListItem\",\"@id\":\"https:\\\/\\\/candas365.es\\\/noticias\\\/fusballer-von-bayer-leverkusen-vor-historischem-titel\\\/#listItem\",\"name\":\"Fu\\u00dfballer von Bayer Leverkusen vor historischem Titel\"},\"previousItem\":{\"@type\":\"ListItem\",\"@id\":\"https:\\\/\\\/candas365.es\\\/noticias#listItem\",\"name\":\"Home\"}},{\"@type\":\"ListItem\",\"@id\":\"https:\\\/\\\/candas365.es\\\/noticias\\\/fusballer-von-bayer-leverkusen-vor-historischem-titel\\\/#listItem\",\"position\":3,\"name\":\"Fu\\u00dfballer von Bayer Leverkusen vor historischem Titel\",\"previousItem\":{\"@type\":\"ListItem\",\"@id\":\"https:\\\/\\\/candas365.es\\\/noticias\\\/category\\\/candas-news\\\/#listItem\",\"name\":\"News\"}}]},{\"@type\":\"NewsArticle\",\"@id\":\"https:\\\/\\\/candas365.es\\\/noticias\\\/fusballer-von-bayer-leverkusen-vor-historischem-titel\\\/#newsarticle\",\"name\":\"Fu\\u00dfballer von Bayer Leverkusen vor historischem Titel | Cand\\u00e1s 365\",\"headline\":\"Fu\\u00dfballer von Bayer Leverkusen vor historischem Titel\",\"author\":{\"@id\":\"https:\\\/\\\/candas365.es\\\/noticias\\\/author\\\/admin\\\/#author\"},\"publisher\":{\"@id\":\"https:\\\/\\\/candas365.es\\\/noticias\\\/#organization\"},\"image\":{\"@type\":\"ImageObject\",\"url\":\"https:\\\/\\\/candas365.es\\\/noticias\\\/wp-content\\\/uploads\\\/2024\\\/04\\\/Bayer-Leverkusen.jpg\",\"width\":998,\"height\":652,\"caption\":\"Leverkusens Trainer Xabi Alonso (r.) spricht am Spielfeldrand mit Josip Stanisic. Foto: Marius Becker\\\/dpa\"},\"datePublished\":\"2024-04-13T22:22:15+02:00\",\"dateModified\":\"2024-04-13T22:22:40+02:00\",\"inLanguage\":\"es-ES\",\"mainEntityOfPage\":{\"@id\":\"https:\\\/\\\/candas365.es\\\/noticias\\\/fusballer-von-bayer-leverkusen-vor-historischem-titel\\\/#webpage\"},\"isPartOf\":{\"@id\":\"https:\\\/\\\/candas365.es\\\/noticias\\\/fusballer-von-bayer-leverkusen-vor-historischem-titel\\\/#webpage\"},\"articleSection\":\"News, news\",\"dateline\":\"Publicado el abril 13, 2024.\"},{\"@type\":\"Organization\",\"@id\":\"https:\\\/\\\/candas365.es\\\/noticias\\\/#organization\",\"name\":\"Cand\\u00e1s 365\",\"description\":\"Cand\\u00e1s 365 es un diario digital independiente, fundado en 2012, con base en Asturias. Informamos con rigor sobre actualidad, sociedad, cultura y ocio, con una mirada local y global.\",\"url\":\"https:\\\/\\\/candas365.es\\\/noticias\\\/\",\"email\":\"info@candas365.es\",\"telephone\":\"+34652131393\",\"foundingDate\":\"2012-06-10\",\"logo\":{\"@type\":\"ImageObject\",\"url\":\"https:\\\/\\\/candas365.es\\\/noticias\\\/wp-content\\\/uploads\\\/2024\\\/09\\\/Candas-365-Redes.jpg\",\"@id\":\"https:\\\/\\\/candas365.es\\\/noticias\\\/fusballer-von-bayer-leverkusen-vor-historischem-titel\\\/#organizationLogo\",\"width\":1152,\"height\":864,\"caption\":\"Cand\\u00e1s 365 Redes\"},\"image\":{\"@id\":\"https:\\\/\\\/candas365.es\\\/noticias\\\/fusballer-von-bayer-leverkusen-vor-historischem-titel\\\/#organizationLogo\"},\"sameAs\":[\"https:\\\/\\\/www.facebook.com\\\/Nachofdezber\",\"https:\\\/\\\/x.com\\\/NabercoDigital\",\"https:\\\/\\\/www.instagram.com\\\/nachofdezber\\\/\",\"https:\\\/\\\/www.youtube.com\\\/channel\\\/UCZP-2wLEB9Rv6erhFmqVnvg\"],\"address\":{\"@id\":\"https:\\\/\\\/candas365.es\\\/noticias\\\/#postaladdress\",\"@type\":\"PostalAddress\",\"streetAddress\":\"san antonio 4, san antonio 4\",\"postalCode\":\"33430\",\"addressLocality\":\"Cand\\u00e1s\",\"addressRegion\":\"Asturias\",\"addressCountry\":\"ES\"}},{\"@type\":\"Person\",\"@id\":\"https:\\\/\\\/candas365.es\\\/noticias\\\/author\\\/admin\\\/#author\",\"url\":\"https:\\\/\\\/candas365.es\\\/noticias\\\/author\\\/admin\\\/\",\"name\":\"Cand\\u00e1s 365\",\"image\":{\"@type\":\"ImageObject\",\"@id\":\"https:\\\/\\\/candas365.es\\\/noticias\\\/fusballer-von-bayer-leverkusen-vor-historischem-titel\\\/#authorImage\",\"url\":\"https:\\\/\\\/secure.gravatar.com\\\/avatar\\\/496a8e03d0c493ede1718b7934145dbdf8d89be1036b0eec9544e1094c9de390?s=96&d=mm&r=g\",\"width\":96,\"height\":96,\"caption\":\"Cand\\u00e1s 365\"},\"sameAs\":[\"https:\\\/\\\/www.facebook.com\\\/carrenoactualidad\",\"https:\\\/\\\/twitter.com\\\/nbasturias\",\"https:\\\/\\\/www.instagram.com\\\/nachofdezber\\\/\",\"https:\\\/\\\/www.youtube.com\\\/channel\\\/UCZP-2wLEB9Rv6erhFmqVnvg\"]},{\"@type\":\"WebPage\",\"@id\":\"https:\\\/\\\/candas365.es\\\/noticias\\\/fusballer-von-bayer-leverkusen-vor-historischem-titel\\\/#webpage\",\"url\":\"https:\\\/\\\/candas365.es\\\/noticias\\\/fusballer-von-bayer-leverkusen-vor-historischem-titel\\\/\",\"name\":\"Fu\\u00dfballer von Bayer Leverkusen vor historischem Titel | Cand\\u00e1s 365\",\"description\":\"Leverkusen (dpa) - Vor dem wom\\u00f6glich gr\\u00f6\\u00dften Wochenende der Vereinsgeschichte schob Xabi Alonso eine Warnung seines Anf\\u00fchrers Granit Xhaka l\\u00e4ssig beiseite\",\"inLanguage\":\"es-ES\",\"isPartOf\":{\"@id\":\"https:\\\/\\\/candas365.es\\\/noticias\\\/#website\"},\"breadcrumb\":{\"@id\":\"https:\\\/\\\/candas365.es\\\/noticias\\\/fusballer-von-bayer-leverkusen-vor-historischem-titel\\\/#breadcrumblist\"},\"author\":{\"@id\":\"https:\\\/\\\/candas365.es\\\/noticias\\\/author\\\/admin\\\/#author\"},\"creator\":{\"@id\":\"https:\\\/\\\/candas365.es\\\/noticias\\\/author\\\/admin\\\/#author\"},\"image\":{\"@type\":\"ImageObject\",\"url\":\"https:\\\/\\\/candas365.es\\\/noticias\\\/wp-content\\\/uploads\\\/2024\\\/04\\\/Bayer-Leverkusen.jpg\",\"@id\":\"https:\\\/\\\/candas365.es\\\/noticias\\\/fusballer-von-bayer-leverkusen-vor-historischem-titel\\\/#mainImage\",\"width\":998,\"height\":652,\"caption\":\"Leverkusens Trainer Xabi Alonso (r.) spricht am Spielfeldrand mit Josip Stanisic. Foto: Marius Becker\\\/dpa\"},\"primaryImageOfPage\":{\"@id\":\"https:\\\/\\\/candas365.es\\\/noticias\\\/fusballer-von-bayer-leverkusen-vor-historischem-titel\\\/#mainImage\"},\"datePublished\":\"2024-04-13T22:22:15+02:00\",\"dateModified\":\"2024-04-13T22:22:40+02:00\"},{\"@type\":\"WebSite\",\"@id\":\"https:\\\/\\\/candas365.es\\\/noticias\\\/#website\",\"url\":\"https:\\\/\\\/candas365.es\\\/noticias\\\/\",\"name\":\"Cand\\u00e1s 365\",\"alternateName\":\"Cand\\u00e1s 365 Noticias\",\"description\":\"Actualidad desde Carre\\u00f1o para el mundo\",\"inLanguage\":\"es-ES\",\"publisher\":{\"@id\":\"https:\\\/\\\/candas365.es\\\/noticias\\\/#organization\"}}]}\n\t\t<\/script>\n\t\t<!-- All in One SEO Pro -->\r\n\t\t<title>Fu\u00dfballer von Bayer Leverkusen vor historischem Titel | Cand\u00e1s 365<\/title>\n\n","aioseo_head_json":{"title":"Fu\u00dfballer von Bayer Leverkusen vor historischem Titel | Cand\u00e1s 365","description":"Leverkusen (dpa) - Vor dem wom\u00f6glich gr\u00f6\u00dften Wochenende der Vereinsgeschichte schob Xabi Alonso eine Warnung seines Anf\u00fchrers Granit Xhaka l\u00e4ssig beiseite","canonical_url":"https:\/\/candas365.es\/noticias\/fusballer-von-bayer-leverkusen-vor-historischem-titel\/","robots":"max-image-preview:large","keywords":"news","webmasterTools":{"google-site-verification":"UA-32230408-1","msvalidate.01":"354F3CDFB2DA171B47FBE9ABF1F88D5","miscellaneous":""},"schema":{"@context":"https:\/\/schema.org","@graph":[{"@type":"BreadcrumbList","@id":"https:\/\/candas365.es\/noticias\/fusballer-von-bayer-leverkusen-vor-historischem-titel\/#breadcrumblist","itemListElement":[{"@type":"ListItem","@id":"https:\/\/candas365.es\/noticias#listItem","position":1,"name":"Home","item":"https:\/\/candas365.es\/noticias","nextItem":{"@type":"ListItem","@id":"https:\/\/candas365.es\/noticias\/category\/candas-news\/#listItem","name":"News"}},{"@type":"ListItem","@id":"https:\/\/candas365.es\/noticias\/category\/candas-news\/#listItem","position":2,"name":"News","item":"https:\/\/candas365.es\/noticias\/category\/candas-news\/","nextItem":{"@type":"ListItem","@id":"https:\/\/candas365.es\/noticias\/fusballer-von-bayer-leverkusen-vor-historischem-titel\/#listItem","name":"Fu\u00dfballer von Bayer Leverkusen vor historischem Titel"},"previousItem":{"@type":"ListItem","@id":"https:\/\/candas365.es\/noticias#listItem","name":"Home"}},{"@type":"ListItem","@id":"https:\/\/candas365.es\/noticias\/fusballer-von-bayer-leverkusen-vor-historischem-titel\/#listItem","position":3,"name":"Fu\u00dfballer von Bayer Leverkusen vor historischem Titel","previousItem":{"@type":"ListItem","@id":"https:\/\/candas365.es\/noticias\/category\/candas-news\/#listItem","name":"News"}}]},{"@type":"NewsArticle","@id":"https:\/\/candas365.es\/noticias\/fusballer-von-bayer-leverkusen-vor-historischem-titel\/#newsarticle","name":"Fu\u00dfballer von Bayer Leverkusen vor historischem Titel | Cand\u00e1s 365","headline":"Fu\u00dfballer von Bayer Leverkusen vor historischem Titel","author":{"@id":"https:\/\/candas365.es\/noticias\/author\/admin\/#author"},"publisher":{"@id":"https:\/\/candas365.es\/noticias\/#organization"},"image":{"@type":"ImageObject","url":"https:\/\/candas365.es\/noticias\/wp-content\/uploads\/2024\/04\/Bayer-Leverkusen.jpg","width":998,"height":652,"caption":"Leverkusens Trainer Xabi Alonso (r.) spricht am Spielfeldrand mit Josip Stanisic. Foto: Marius Becker\/dpa"},"datePublished":"2024-04-13T22:22:15+02:00","dateModified":"2024-04-13T22:22:40+02:00","inLanguage":"es-ES","mainEntityOfPage":{"@id":"https:\/\/candas365.es\/noticias\/fusballer-von-bayer-leverkusen-vor-historischem-titel\/#webpage"},"isPartOf":{"@id":"https:\/\/candas365.es\/noticias\/fusballer-von-bayer-leverkusen-vor-historischem-titel\/#webpage"},"articleSection":"News, news","dateline":"Publicado el abril 13, 2024."},{"@type":"Organization","@id":"https:\/\/candas365.es\/noticias\/#organization","name":"Cand\u00e1s 365","description":"Cand\u00e1s 365 es un diario digital independiente, fundado en 2012, con base en Asturias. Informamos con rigor sobre actualidad, sociedad, cultura y ocio, con una mirada local y global.","url":"https:\/\/candas365.es\/noticias\/","email":"info@candas365.es","telephone":"+34652131393","foundingDate":"2012-06-10","logo":{"@type":"ImageObject","url":"https:\/\/candas365.es\/noticias\/wp-content\/uploads\/2024\/09\/Candas-365-Redes.jpg","@id":"https:\/\/candas365.es\/noticias\/fusballer-von-bayer-leverkusen-vor-historischem-titel\/#organizationLogo","width":1152,"height":864,"caption":"Cand\u00e1s 365 Redes"},"image":{"@id":"https:\/\/candas365.es\/noticias\/fusballer-von-bayer-leverkusen-vor-historischem-titel\/#organizationLogo"},"sameAs":["https:\/\/www.facebook.com\/Nachofdezber","https:\/\/x.com\/NabercoDigital","https:\/\/www.instagram.com\/nachofdezber\/","https:\/\/www.youtube.com\/channel\/UCZP-2wLEB9Rv6erhFmqVnvg"],"address":{"@id":"https:\/\/candas365.es\/noticias\/#postaladdress","@type":"PostalAddress","streetAddress":"san antonio 4, san antonio 4","postalCode":"33430","addressLocality":"Cand\u00e1s","addressRegion":"Asturias","addressCountry":"ES"}},{"@type":"Person","@id":"https:\/\/candas365.es\/noticias\/author\/admin\/#author","url":"https:\/\/candas365.es\/noticias\/author\/admin\/","name":"Cand\u00e1s 365","image":{"@type":"ImageObject","@id":"https:\/\/candas365.es\/noticias\/fusballer-von-bayer-leverkusen-vor-historischem-titel\/#authorImage","url":"https:\/\/secure.gravatar.com\/avatar\/496a8e03d0c493ede1718b7934145dbdf8d89be1036b0eec9544e1094c9de390?s=96&d=mm&r=g","width":96,"height":96,"caption":"Cand\u00e1s 365"},"sameAs":["https:\/\/www.facebook.com\/carrenoactualidad","https:\/\/twitter.com\/nbasturias","https:\/\/www.instagram.com\/nachofdezber\/","https:\/\/www.youtube.com\/channel\/UCZP-2wLEB9Rv6erhFmqVnvg"]},{"@type":"WebPage","@id":"https:\/\/candas365.es\/noticias\/fusballer-von-bayer-leverkusen-vor-historischem-titel\/#webpage","url":"https:\/\/candas365.es\/noticias\/fusballer-von-bayer-leverkusen-vor-historischem-titel\/","name":"Fu\u00dfballer von Bayer Leverkusen vor historischem Titel | Cand\u00e1s 365","description":"Leverkusen (dpa) - Vor dem wom\u00f6glich gr\u00f6\u00dften Wochenende der Vereinsgeschichte schob Xabi Alonso eine Warnung seines Anf\u00fchrers Granit Xhaka l\u00e4ssig beiseite","inLanguage":"es-ES","isPartOf":{"@id":"https:\/\/candas365.es\/noticias\/#website"},"breadcrumb":{"@id":"https:\/\/candas365.es\/noticias\/fusballer-von-bayer-leverkusen-vor-historischem-titel\/#breadcrumblist"},"author":{"@id":"https:\/\/candas365.es\/noticias\/author\/admin\/#author"},"creator":{"@id":"https:\/\/candas365.es\/noticias\/author\/admin\/#author"},"image":{"@type":"ImageObject","url":"https:\/\/candas365.es\/noticias\/wp-content\/uploads\/2024\/04\/Bayer-Leverkusen.jpg","@id":"https:\/\/candas365.es\/noticias\/fusballer-von-bayer-leverkusen-vor-historischem-titel\/#mainImage","width":998,"height":652,"caption":"Leverkusens Trainer Xabi Alonso (r.) spricht am Spielfeldrand mit Josip Stanisic. Foto: Marius Becker\/dpa"},"primaryImageOfPage":{"@id":"https:\/\/candas365.es\/noticias\/fusballer-von-bayer-leverkusen-vor-historischem-titel\/#mainImage"},"datePublished":"2024-04-13T22:22:15+02:00","dateModified":"2024-04-13T22:22:40+02:00"},{"@type":"WebSite","@id":"https:\/\/candas365.es\/noticias\/#website","url":"https:\/\/candas365.es\/noticias\/","name":"Cand\u00e1s 365","alternateName":"Cand\u00e1s 365 Noticias","description":"Actualidad desde Carre\u00f1o para el mundo","inLanguage":"es-ES","publisher":{"@id":"https:\/\/candas365.es\/noticias\/#organization"}}]},"og:locale":"es_ES","og:site_name":"Cand\u00e1s 365","og:type":"article","og:title":"Fu\u00dfballer von Bayer Leverkusen vor historischem Titel | Cand\u00e1s 365","og:description":"Leverkusen (dpa) - Vor dem wom\u00f6glich gr\u00f6\u00dften Wochenende der Vereinsgeschichte schob Xabi Alonso eine Warnung seines Anf\u00fchrers Granit Xhaka l\u00e4ssig beiseite","og:url":"https:\/\/candas365.es\/noticias\/fusballer-von-bayer-leverkusen-vor-historischem-titel\/","og:image":"https:\/\/candas365.es\/noticias\/wp-content\/uploads\/2024\/04\/Bayer-Leverkusen.jpg","og:image:secure_url":"https:\/\/candas365.es\/noticias\/wp-content\/uploads\/2024\/04\/Bayer-Leverkusen.jpg","og:image:width":998,"og:image:height":652,"article:published_time":"2024-04-13T20:22:15+00:00","article:modified_time":"2024-04-13T20:22:40+00:00","article:publisher":"https:\/\/www.facebook.com\/Nachofdezber","article:author":"https:\/\/www.facebook.com\/carrenoactualidad","twitter:card":"summary_large_image","twitter:site":"@NabercoDigital","twitter:title":"Fu\u00dfballer von Bayer Leverkusen vor historischem Titel | Cand\u00e1s 365","twitter:description":"Leverkusen (dpa) - Vor dem wom\u00f6glich gr\u00f6\u00dften Wochenende der Vereinsgeschichte schob Xabi Alonso eine Warnung seines Anf\u00fchrers Granit Xhaka l\u00e4ssig beiseite","twitter:creator":"@nbasturias","twitter:image":"https:\/\/candas365.es\/noticias\/wp-content\/uploads\/2024\/04\/Bayer-Leverkusen.jpg","twitter:label1":"Escrito por","twitter:data1":"Cand\u00e1s 365","twitter:label2":"Tiempo de lectura estimado","twitter:data2":"4 minutos"},"aioseo_meta_data":{"post_id":"179650","title":null,"description":"Leverkusen (dpa) - Vor dem wom\u00f6glich gr\u00f6\u00dften Wochenende der Vereinsgeschichte schob Xabi Alonso eine Warnung seines Anf\u00fchrers Granit Xhaka l\u00e4ssig beiseite","keywords":[],"keyphrases":{"focus":{"keyphrase":"Leverkusen","score":91,"analysis":{"keyphraseInTitle":{"score":9,"maxScore":9,"error":0},"keyphraseInDescription":{"score":9,"maxScore":9,"error":0},"keyphraseLength":{"score":9,"maxScore":9,"error":0,"length":1},"keyphraseInURL":{"score":5,"maxScore":5,"error":0},"keyphraseInIntroduction":{"score":9,"maxScore":9,"error":0},"keyphraseInSubHeadings":{"score":3,"maxScore":9,"error":1},"keyphraseInImageAlt":{"score":9,"maxScore":9,"error":0},"keywordDensity":{"type":"best","score":9,"maxScore":9,"error":0}}},"additional":[{"keyphrase":"Leverkusen","score":100,"analysis":{"keyphraseInDescription":{"score":9,"maxScore":9,"error":0},"keyphraseLength":{"score":9,"maxScore":9,"error":0,"length":1},"keyphraseInIntroduction":{"score":9,"maxScore":9,"error":0},"keyphraseInImageAlt":{"score":9,"maxScore":9,"error":0},"keywordDensity":{"type":"best","score":9,"maxScore":9,"error":0}}}]},"primary_term":null,"canonical_url":null,"og_title":null,"og_description":null,"og_object_type":"default","og_image_type":"default","og_image_url":null,"og_image_width":null,"og_image_height":null,"og_image_custom_url":null,"og_image_custom_fields":null,"og_video":"","og_custom_url":null,"og_article_section":null,"og_article_tags":[],"twitter_use_og":false,"twitter_card":"default","twitter_image_type":"default","twitter_image_url":null,"twitter_image_custom_url":null,"twitter_image_custom_fields":null,"twitter_title":null,"twitter_description":null,"schema":{"blockGraphs":[],"customGraphs":[],"default":{"data":{"Article":[],"Course":[],"Dataset":[],"FAQPage":[],"Movie":[],"Person":[],"Product":[],"ProductReview":[],"Car":[],"Recipe":[],"Service":[],"SoftwareApplication":[],"WebPage":[]},"graphName":"Article","isEnabled":true},"graphs":[]},"schema_type":"default","schema_type_options":null,"pillar_content":false,"robots_default":true,"robots_noindex":false,"robots_noarchive":false,"robots_nosnippet":false,"robots_nofollow":false,"robots_noimageindex":false,"robots_noodp":false,"robots_notranslate":false,"robots_max_snippet":"-1","robots_max_videopreview":"-1","robots_max_imagepreview":"large","priority":null,"frequency":"default","location":null,"local_seo":null,"seo_analyzer_scan_date":"2025-09-02 07:00:14","breadcrumb_settings":null,"limit_modified_date":false,"reviewed_by":null,"open_ai":"{\"title\":{\"suggestions\":[],\"usage\":0},\"description\":{\"suggestions\":[],\"usage\":0}}","ai":null,"created":"2024-04-13 19:38:11","updated":"2025-09-02 07:00:14"},"aioseo_breadcrumb":"<div class=\"aioseo-breadcrumbs\"><span class=\"aioseo-breadcrumb\">\n\t<a href=\"https:\/\/candas365.es\/noticias\" title=\"Home\">Home<\/a>\n<\/span><span class=\"aioseo-breadcrumb-separator\">&ndash;<\/span><span class=\"aioseo-breadcrumb\">\n\t<a href=\"https:\/\/candas365.es\/noticias\/category\/candas-news\/\" title=\"News\">News<\/a>\n<\/span><span class=\"aioseo-breadcrumb-separator\">&ndash;<\/span><span class=\"aioseo-breadcrumb\">\n\tFu\u00dfballer von Bayer Leverkusen vor historischem Titel\n<\/span><\/div>","aioseo_breadcrumb_json":[{"label":"Home","link":"https:\/\/candas365.es\/noticias"},{"label":"News","link":"https:\/\/candas365.es\/noticias\/category\/candas-news\/"},{"label":"Fu\u00dfballer von Bayer Leverkusen vor historischem Titel","link":"https:\/\/candas365.es\/noticias\/fusballer-von-bayer-leverkusen-vor-historischem-titel\/"}],"_links":{"self":[{"href":"https:\/\/candas365.es\/noticias\/wp-json\/wp\/v2\/posts\/179650","targetHints":{"allow":["GET"]}}],"collection":[{"href":"https:\/\/candas365.es\/noticias\/wp-json\/wp\/v2\/posts"}],"about":[{"href":"https:\/\/candas365.es\/noticias\/wp-json\/wp\/v2\/types\/post"}],"author":[{"embeddable":true,"href":"https:\/\/candas365.es\/noticias\/wp-json\/wp\/v2\/users\/1"}],"replies":[{"embeddable":true,"href":"https:\/\/candas365.es\/noticias\/wp-json\/wp\/v2\/comments?post=179650"}],"version-history":[{"count":0,"href":"https:\/\/candas365.es\/noticias\/wp-json\/wp\/v2\/posts\/179650\/revisions"}],"wp:featuredmedia":[{"embeddable":true,"href":"https:\/\/candas365.es\/noticias\/wp-json\/wp\/v2\/media\/179651"}],"wp:attachment":[{"href":"https:\/\/candas365.es\/noticias\/wp-json\/wp\/v2\/media?parent=179650"}],"wp:term":[{"taxonomy":"category","embeddable":true,"href":"https:\/\/candas365.es\/noticias\/wp-json\/wp\/v2\/categories?post=179650"},{"taxonomy":"post_tag","embeddable":true,"href":"https:\/\/candas365.es\/noticias\/wp-json\/wp\/v2\/tags?post=179650"}],"curies":[{"name":"wp","href":"https:\/\/api.w.org\/{rel}","templated":true}]}}