{"id":179592,"date":"2024-04-12T02:28:16","date_gmt":"2024-04-12T00:28:16","guid":{"rendered":"https:\/\/candas365.es\/noticias\/?p=179592"},"modified":"2024-04-12T02:31:35","modified_gmt":"2024-04-12T00:31:35","slug":"cesado-un-capitan-del-regimiento-de-infanteria-la-reina-no2","status":"publish","type":"post","link":"https:\/\/candas365.es\/noticias\/cesado-un-capitan-del-regimiento-de-infanteria-la-reina-no2\/","title":{"rendered":"Cesado un capit\u00e1n del Regimiento de Infanter\u00eda \u00abLa Reina\u00bb n\u00ba2"},"content":{"rendered":"<p>El Ej\u00e9rcito de Tierra ha cesado al capit\u00e1n del Regimiento de Infanter\u00eda \u2018La Reina\u2019 n\u00ba2 que se encuentra investigado por su responsabilidad en las maniobras realizadas en la Base de Cerro Muriano (C\u00f3rdoba), en la que <a href=\"https:\/\/candas365.es\/noticias\/category\/sucesos\/\"><span style=\"color: #ff6600;\"><strong>perdieron la vida<\/strong><\/span><\/a> un cabo y un soldado de la Brigada \u2018Guzm\u00e1n el Bueno\u2019 X el 21 de diciembre del pasado a\u00f1o.<\/p>\n<figure id=\"attachment_179593\" aria-describedby=\"caption-attachment-179593\" style=\"width: 650px\" class=\"wp-caption aligncenter\"><img fetchpriority=\"high\" decoding=\"async\" class=\"size-large wp-image-179593\" src=\"https:\/\/candas365.es\/noticias\/wp-content\/uploads\/2024\/04\/Cesado-un-capitan-de-Infanteria-650x421.jpg\" alt=\"Cesado un capit\u00e1n de Infanter\u00eda \" width=\"650\" height=\"421\" srcset=\"https:\/\/candas365.es\/noticias\/wp-content\/uploads\/2024\/04\/Cesado-un-capitan-de-Infanteria-650x421.jpg 650w, https:\/\/candas365.es\/noticias\/wp-content\/uploads\/2024\/04\/Cesado-un-capitan-de-Infanteria-360x233.jpg 360w, https:\/\/candas365.es\/noticias\/wp-content\/uploads\/2024\/04\/Cesado-un-capitan-de-Infanteria-768x497.jpg 768w, https:\/\/candas365.es\/noticias\/wp-content\/uploads\/2024\/04\/Cesado-un-capitan-de-Infanteria-150x97.jpg 150w, https:\/\/candas365.es\/noticias\/wp-content\/uploads\/2024\/04\/Cesado-un-capitan-de-Infanteria-450x291.jpg 450w, https:\/\/candas365.es\/noticias\/wp-content\/uploads\/2024\/04\/Cesado-un-capitan-de-Infanteria.jpg 1007w\" sizes=\"(max-width: 650px) 100vw, 650px\" \/><figcaption id=\"caption-attachment-179593\" class=\"wp-caption-text\">La ministra de Defensa visit\u00f3 la Brigada &#8216;Guzm\u00e1n el Bueno&#8217; X tras las dos muertes | Foto de Rub\u00e9n Somonte\/MDE<\/figcaption><\/figure>\n<p>As\u00ed se recoge en el Bolet\u00edn Oficial del Ministerio de Defensa (BOD), en el que el General Jefe del Mando de Personal, Antonio Jes\u00fas Cabrerizo Calatrava, decreta que cesa en actual destino y pasa a la situaci\u00f3n de servicio activo pendiente de asignaci\u00f3n de destino, en C\u00f3rdoba.<\/p>\n<p>Los hechos por los que se encuentra investigado el citado capit\u00e1n tuvieron lugar en un lago artificial de la base militar de Cerro Muriano, en C\u00f3rdoba, sede de la Brigada \u2018Guzm\u00e1n el Bueno\u2019 X. Durante un ejercicio de paso de cursos de agua, a primera hora de la ma\u00f1ana y con temperatura muy baja, dos militares fallecieron ahogados y otros tuvieron que ser atendidos por hipotermia.<\/p>\n<p>El cabo Miguel \u00c1ngel Jim\u00e9nez, de 34 a\u00f1os de edad, casado y natural de Villafranca de C\u00f3rdoba (C\u00f3rdoba), hab\u00eda ingresado como soldado en el Ej\u00e9rcito de Tierra en 2011, siendo destinado al Regimiento de Infanter\u00eda \u2018La Reina\u2019 2, donde permaneci\u00f3 tras ascender a cabo en 2019. Hab\u00eda participado en misiones en Letonia y L\u00edbano y se encontraba en posesi\u00f3n de dos cruces al m\u00e9rito militar con distintivo blanco. Por su parte, Carlos Le\u00f3n, de 24 a\u00f1os de edad, soltero y natural de Viso del Alcor (Sevilla), hab\u00eda ingresado en el Ej\u00e9rcito de Tierra el pasado 8 de mayo.<\/p>\n<h2>\u201cCAIGA QUIEN CAIGA\u201d<\/h2>\n<p>La ministra de Defensa, Margarita Robles, asegur\u00f3 el pasado 25 de enero en una sesi\u00f3n extraordinaria de la Comisi\u00f3n de Defensa del Congreso de los Diputados, que, en la investigaci\u00f3n de lo sucedido, \u201chay que llegar hasta el final en el esclarecimiento de los hechos caiga quien caiga. El juez competente tiene que llegar hasta el final, se lo debemos a los fallecidos, al cabo, al soldado y a sus familias\u201d.<\/p>\n<p>\u201cQue todos aquellos testigos, que todos aquellos militares que participaron ese d\u00eda en las maniobras tienen que contar toda la verdad, cualquier problema que tengan aqu\u00ed estoy yo personalmente para darles todo el apoyo\u201d, recalc\u00f3.<\/p>\n<p>\u201cHay que llegar hasta el final porque las Fuerzas Armadas no se merecen que haya ni la m\u00e1s sombra de duda de c\u00f3mo se realizan las instrucciones\u201d, subray\u00f3 la ministra, sobre la causa que instruye la justicia militar.<\/p>\n<p>(<a href=\"https:\/\/www.servimedia.es\/\" target=\"_blank\" rel=\"nofollow noopener\"><span style=\"color: #ff6600;\"><strong>SERVIMEDIA<\/strong><\/span><\/a>)<\/p>\n","protected":false},"excerpt":{"rendered":"<p>El Ej\u00e9rcito de Tierra ha cesado al capit\u00e1n del Regimiento de Infanter\u00eda \u2018La Reina\u2019 n\u00ba2 que se encuentra investigado por su responsabilidad en las maniobras realizadas en la Base de Cerro Muriano (C\u00f3rdoba), en la que perdieron la vida un cabo y un soldado de la Brigada \u2018Guzm\u00e1n el Bueno\u2019 X el 21 de diciembre<\/p>\n","protected":false},"author":1,"featured_media":179593,"comment_status":"closed","ping_status":"closed","sticky":false,"template":"","format":"standard","meta":{"footnotes":""},"categories":[487],"tags":[391],"class_list":{"0":"post-179592","1":"post","2":"type-post","3":"status-publish","4":"format-standard","5":"has-post-thumbnail","7":"category-sucesos","8":"tag-sucesos"},"aioseo_notices":[],"aioseo_head":"\n\t\t<!-- All in One SEO Pro 4.9.6.2 - aioseo.com -->\n\t<meta name=\"description\" content=\"El Ej\u00e9rcito de Tierra ha cesado al capit\u00e1n del Regimiento de Infanter\u00eda \u2018La Reina\u2019 n\u00ba2 que se encuentra investigado por su responsabilidad en las maniobras realizadas\" \/>\n\t<meta name=\"robots\" content=\"max-image-preview:large\" \/>\n\t<meta name=\"author\" content=\"Cand\u00e1s 365\"\/>\n\t<meta name=\"google-site-verification\" content=\"UA-32230408-1\" \/>\n\t<meta name=\"msvalidate.01\" content=\"354F3CDFB2DA171B47FBE9ABF1F88D5\" \/>\n\t<meta name=\"keywords\" content=\"sucesos\" \/>\n\t<link rel=\"canonical\" href=\"https:\/\/candas365.es\/noticias\/cesado-un-capitan-del-regimiento-de-infanteria-la-reina-no2\/\" \/>\n\t<meta name=\"generator\" content=\"All in One SEO Pro (AIOSEO) 4.9.6.2\" \/>\n\t\t<meta property=\"og:locale\" content=\"es_ES\" \/>\n\t\t<meta property=\"og:site_name\" content=\"Cand\u00e1s 365\" \/>\n\t\t<meta property=\"og:type\" content=\"article\" \/>\n\t\t<meta property=\"og:title\" content=\"Cesado un capit\u00e1n del Regimiento de Infanter\u00eda \u00abLa Reina\u00bb n\u00ba2 | Cand\u00e1s 365\" \/>\n\t\t<meta property=\"og:description\" content=\"El Ej\u00e9rcito de Tierra ha cesado al capit\u00e1n del Regimiento de Infanter\u00eda \u2018La Reina\u2019 n\u00ba2 que se encuentra investigado por su responsabilidad en las maniobras realizadas\" \/>\n\t\t<meta property=\"og:url\" content=\"https:\/\/candas365.es\/noticias\/cesado-un-capitan-del-regimiento-de-infanteria-la-reina-no2\/\" \/>\n\t\t<meta property=\"og:image\" content=\"https:\/\/candas365.es\/noticias\/wp-content\/uploads\/2024\/04\/Cesado-un-capitan-de-Infanteria.jpg\" \/>\n\t\t<meta property=\"og:image:secure_url\" content=\"https:\/\/candas365.es\/noticias\/wp-content\/uploads\/2024\/04\/Cesado-un-capitan-de-Infanteria.jpg\" \/>\n\t\t<meta property=\"og:image:width\" content=\"1007\" \/>\n\t\t<meta property=\"og:image:height\" content=\"652\" \/>\n\t\t<meta property=\"article:published_time\" content=\"2024-04-12T00:28:16+00:00\" \/>\n\t\t<meta property=\"article:modified_time\" content=\"2024-04-12T00:31:35+00:00\" \/>\n\t\t<meta property=\"article:publisher\" content=\"https:\/\/www.facebook.com\/Nachofdezber\" \/>\n\t\t<meta property=\"article:author\" content=\"https:\/\/www.facebook.com\/carrenoactualidad\" \/>\n\t\t<meta name=\"twitter:card\" content=\"summary_large_image\" \/>\n\t\t<meta name=\"twitter:site\" content=\"@NabercoDigital\" \/>\n\t\t<meta name=\"twitter:title\" content=\"Cesado un capit\u00e1n del Regimiento de Infanter\u00eda \u00abLa Reina\u00bb n\u00ba2 | Cand\u00e1s 365\" \/>\n\t\t<meta name=\"twitter:description\" content=\"El Ej\u00e9rcito de Tierra ha cesado al capit\u00e1n del Regimiento de Infanter\u00eda \u2018La Reina\u2019 n\u00ba2 que se encuentra investigado por su responsabilidad en las maniobras realizadas\" \/>\n\t\t<meta name=\"twitter:creator\" content=\"@nbasturias\" \/>\n\t\t<meta name=\"twitter:image\" content=\"https:\/\/candas365.es\/noticias\/wp-content\/uploads\/2024\/04\/Cesado-un-capitan-de-Infanteria.jpg\" \/>\n\t\t<meta name=\"twitter:label1\" content=\"Escrito por\" \/>\n\t\t<meta name=\"twitter:data1\" content=\"Cand\u00e1s 365\" \/>\n\t\t<meta name=\"twitter:label2\" content=\"Tiempo de lectura estimado\" \/>\n\t\t<meta name=\"twitter:data2\" content=\"2 minutos\" \/>\n\t\t<script type=\"application\/ld+json\" class=\"aioseo-schema\">\n\t\t\t{\"@context\":\"https:\\\/\\\/schema.org\",\"@graph\":[{\"@type\":\"BreadcrumbList\",\"@id\":\"https:\\\/\\\/candas365.es\\\/noticias\\\/cesado-un-capitan-del-regimiento-de-infanteria-la-reina-no2\\\/#breadcrumblist\",\"itemListElement\":[{\"@type\":\"ListItem\",\"@id\":\"https:\\\/\\\/candas365.es\\\/noticias#listItem\",\"position\":1,\"name\":\"Home\",\"item\":\"https:\\\/\\\/candas365.es\\\/noticias\",\"nextItem\":{\"@type\":\"ListItem\",\"@id\":\"https:\\\/\\\/candas365.es\\\/noticias\\\/category\\\/sucesos\\\/#listItem\",\"name\":\"Sucesos\"}},{\"@type\":\"ListItem\",\"@id\":\"https:\\\/\\\/candas365.es\\\/noticias\\\/category\\\/sucesos\\\/#listItem\",\"position\":2,\"name\":\"Sucesos\",\"item\":\"https:\\\/\\\/candas365.es\\\/noticias\\\/category\\\/sucesos\\\/\",\"nextItem\":{\"@type\":\"ListItem\",\"@id\":\"https:\\\/\\\/candas365.es\\\/noticias\\\/cesado-un-capitan-del-regimiento-de-infanteria-la-reina-no2\\\/#listItem\",\"name\":\"Cesado un capit\\u00e1n del Regimiento de Infanter\\u00eda \\u00abLa Reina\\u00bb n\\u00ba2\"},\"previousItem\":{\"@type\":\"ListItem\",\"@id\":\"https:\\\/\\\/candas365.es\\\/noticias#listItem\",\"name\":\"Home\"}},{\"@type\":\"ListItem\",\"@id\":\"https:\\\/\\\/candas365.es\\\/noticias\\\/cesado-un-capitan-del-regimiento-de-infanteria-la-reina-no2\\\/#listItem\",\"position\":3,\"name\":\"Cesado un capit\\u00e1n del Regimiento de Infanter\\u00eda \\u00abLa Reina\\u00bb n\\u00ba2\",\"previousItem\":{\"@type\":\"ListItem\",\"@id\":\"https:\\\/\\\/candas365.es\\\/noticias\\\/category\\\/sucesos\\\/#listItem\",\"name\":\"Sucesos\"}}]},{\"@type\":\"NewsArticle\",\"@id\":\"https:\\\/\\\/candas365.es\\\/noticias\\\/cesado-un-capitan-del-regimiento-de-infanteria-la-reina-no2\\\/#newsarticle\",\"name\":\"Cesado un capit\\u00e1n del Regimiento de Infanter\\u00eda \\u00abLa Reina\\u00bb n\\u00ba2 | Cand\\u00e1s 365\",\"headline\":\"Cesado un capit\\u00e1n del Regimiento de Infanter\\u00eda \\u00abLa Reina\\u00bb n\\u00ba2\",\"author\":{\"@id\":\"https:\\\/\\\/candas365.es\\\/noticias\\\/author\\\/admin\\\/#author\"},\"publisher\":{\"@id\":\"https:\\\/\\\/candas365.es\\\/noticias\\\/#organization\"},\"image\":{\"@type\":\"ImageObject\",\"url\":\"https:\\\/\\\/candas365.es\\\/noticias\\\/wp-content\\\/uploads\\\/2024\\\/04\\\/Cesado-un-capitan-de-Infanteria.jpg\",\"width\":1007,\"height\":652,\"caption\":\"La ministra de Defensa visit\\u00f3 la Brigada 'Guzm\\u00e1n el Bueno' X tras las dos muertes | Foto de Rub\\u00e9n Somonte\\\/MDE\"},\"datePublished\":\"2024-04-12T02:28:16+02:00\",\"dateModified\":\"2024-04-12T02:31:35+02:00\",\"inLanguage\":\"es-ES\",\"mainEntityOfPage\":{\"@id\":\"https:\\\/\\\/candas365.es\\\/noticias\\\/cesado-un-capitan-del-regimiento-de-infanteria-la-reina-no2\\\/#webpage\"},\"isPartOf\":{\"@id\":\"https:\\\/\\\/candas365.es\\\/noticias\\\/cesado-un-capitan-del-regimiento-de-infanteria-la-reina-no2\\\/#webpage\"},\"articleSection\":\"Sucesos, sucesos\",\"dateline\":\"Publicado el abril 12, 2024.\"},{\"@type\":\"Organization\",\"@id\":\"https:\\\/\\\/candas365.es\\\/noticias\\\/#organization\",\"name\":\"Cand\\u00e1s 365\",\"description\":\"Cand\\u00e1s 365 es un diario digital independiente, fundado en 2012, con base en Asturias. Informamos con rigor sobre actualidad, sociedad, cultura y ocio, con una mirada local y global.\",\"url\":\"https:\\\/\\\/candas365.es\\\/noticias\\\/\",\"email\":\"info@candas365.es\",\"telephone\":\"+34652131393\",\"foundingDate\":\"2012-06-10\",\"logo\":{\"@type\":\"ImageObject\",\"url\":\"https:\\\/\\\/candas365.es\\\/noticias\\\/wp-content\\\/uploads\\\/2024\\\/09\\\/Candas-365-Redes.jpg\",\"@id\":\"https:\\\/\\\/candas365.es\\\/noticias\\\/cesado-un-capitan-del-regimiento-de-infanteria-la-reina-no2\\\/#organizationLogo\",\"width\":1152,\"height\":864,\"caption\":\"Cand\\u00e1s 365 Redes\"},\"image\":{\"@id\":\"https:\\\/\\\/candas365.es\\\/noticias\\\/cesado-un-capitan-del-regimiento-de-infanteria-la-reina-no2\\\/#organizationLogo\"},\"sameAs\":[\"https:\\\/\\\/www.facebook.com\\\/Nachofdezber\",\"https:\\\/\\\/x.com\\\/NabercoDigital\",\"https:\\\/\\\/www.instagram.com\\\/nachofdezber\\\/\",\"https:\\\/\\\/www.youtube.com\\\/channel\\\/UCZP-2wLEB9Rv6erhFmqVnvg\"],\"address\":{\"@id\":\"https:\\\/\\\/candas365.es\\\/noticias\\\/#postaladdress\",\"@type\":\"PostalAddress\",\"streetAddress\":\"san antonio 4, san antonio 4\",\"postalCode\":\"33430\",\"addressLocality\":\"Cand\\u00e1s\",\"addressRegion\":\"Asturias\",\"addressCountry\":\"ES\"}},{\"@type\":\"Person\",\"@id\":\"https:\\\/\\\/candas365.es\\\/noticias\\\/author\\\/admin\\\/#author\",\"url\":\"https:\\\/\\\/candas365.es\\\/noticias\\\/author\\\/admin\\\/\",\"name\":\"Cand\\u00e1s 365\",\"image\":{\"@type\":\"ImageObject\",\"@id\":\"https:\\\/\\\/candas365.es\\\/noticias\\\/cesado-un-capitan-del-regimiento-de-infanteria-la-reina-no2\\\/#authorImage\",\"url\":\"https:\\\/\\\/secure.gravatar.com\\\/avatar\\\/496a8e03d0c493ede1718b7934145dbdf8d89be1036b0eec9544e1094c9de390?s=96&d=mm&r=g\",\"width\":96,\"height\":96,\"caption\":\"Cand\\u00e1s 365\"},\"sameAs\":[\"https:\\\/\\\/www.facebook.com\\\/carrenoactualidad\",\"https:\\\/\\\/twitter.com\\\/nbasturias\",\"https:\\\/\\\/www.instagram.com\\\/nachofdezber\\\/\",\"https:\\\/\\\/www.youtube.com\\\/channel\\\/UCZP-2wLEB9Rv6erhFmqVnvg\"]},{\"@type\":\"WebPage\",\"@id\":\"https:\\\/\\\/candas365.es\\\/noticias\\\/cesado-un-capitan-del-regimiento-de-infanteria-la-reina-no2\\\/#webpage\",\"url\":\"https:\\\/\\\/candas365.es\\\/noticias\\\/cesado-un-capitan-del-regimiento-de-infanteria-la-reina-no2\\\/\",\"name\":\"Cesado un capit\\u00e1n del Regimiento de Infanter\\u00eda \\u00abLa Reina\\u00bb n\\u00ba2 | Cand\\u00e1s 365\",\"description\":\"El Ej\\u00e9rcito de Tierra ha cesado al capit\\u00e1n del Regimiento de Infanter\\u00eda \\u2018La Reina\\u2019 n\\u00ba2 que se encuentra investigado por su responsabilidad en las maniobras realizadas\",\"inLanguage\":\"es-ES\",\"isPartOf\":{\"@id\":\"https:\\\/\\\/candas365.es\\\/noticias\\\/#website\"},\"breadcrumb\":{\"@id\":\"https:\\\/\\\/candas365.es\\\/noticias\\\/cesado-un-capitan-del-regimiento-de-infanteria-la-reina-no2\\\/#breadcrumblist\"},\"author\":{\"@id\":\"https:\\\/\\\/candas365.es\\\/noticias\\\/author\\\/admin\\\/#author\"},\"creator\":{\"@id\":\"https:\\\/\\\/candas365.es\\\/noticias\\\/author\\\/admin\\\/#author\"},\"image\":{\"@type\":\"ImageObject\",\"url\":\"https:\\\/\\\/candas365.es\\\/noticias\\\/wp-content\\\/uploads\\\/2024\\\/04\\\/Cesado-un-capitan-de-Infanteria.jpg\",\"@id\":\"https:\\\/\\\/candas365.es\\\/noticias\\\/cesado-un-capitan-del-regimiento-de-infanteria-la-reina-no2\\\/#mainImage\",\"width\":1007,\"height\":652,\"caption\":\"La ministra de Defensa visit\\u00f3 la Brigada 'Guzm\\u00e1n el Bueno' X tras las dos muertes | Foto de Rub\\u00e9n Somonte\\\/MDE\"},\"primaryImageOfPage\":{\"@id\":\"https:\\\/\\\/candas365.es\\\/noticias\\\/cesado-un-capitan-del-regimiento-de-infanteria-la-reina-no2\\\/#mainImage\"},\"datePublished\":\"2024-04-12T02:28:16+02:00\",\"dateModified\":\"2024-04-12T02:31:35+02:00\"},{\"@type\":\"WebSite\",\"@id\":\"https:\\\/\\\/candas365.es\\\/noticias\\\/#website\",\"url\":\"https:\\\/\\\/candas365.es\\\/noticias\\\/\",\"name\":\"Cand\\u00e1s 365\",\"alternateName\":\"Cand\\u00e1s 365 Noticias\",\"description\":\"Actualidad desde Carre\\u00f1o para el mundo\",\"inLanguage\":\"es-ES\",\"publisher\":{\"@id\":\"https:\\\/\\\/candas365.es\\\/noticias\\\/#organization\"}}]}\n\t\t<\/script>\n\t\t<!-- All in One SEO Pro -->\r\n\t\t<title>Cesado un capit\u00e1n del Regimiento de Infanter\u00eda \u00abLa Reina\u00bb n\u00ba2 | Cand\u00e1s 365<\/title>\n\n","aioseo_head_json":{"title":"Cesado un capit\u00e1n del Regimiento de Infanter\u00eda \u00abLa Reina\u00bb n\u00ba2 | Cand\u00e1s 365","description":"El Ej\u00e9rcito de Tierra ha cesado al capit\u00e1n del Regimiento de Infanter\u00eda \u2018La Reina\u2019 n\u00ba2 que se encuentra investigado por su responsabilidad en las maniobras realizadas","canonical_url":"https:\/\/candas365.es\/noticias\/cesado-un-capitan-del-regimiento-de-infanteria-la-reina-no2\/","robots":"max-image-preview:large","keywords":"sucesos","webmasterTools":{"google-site-verification":"UA-32230408-1","msvalidate.01":"354F3CDFB2DA171B47FBE9ABF1F88D5","miscellaneous":""},"schema":{"@context":"https:\/\/schema.org","@graph":[{"@type":"BreadcrumbList","@id":"https:\/\/candas365.es\/noticias\/cesado-un-capitan-del-regimiento-de-infanteria-la-reina-no2\/#breadcrumblist","itemListElement":[{"@type":"ListItem","@id":"https:\/\/candas365.es\/noticias#listItem","position":1,"name":"Home","item":"https:\/\/candas365.es\/noticias","nextItem":{"@type":"ListItem","@id":"https:\/\/candas365.es\/noticias\/category\/sucesos\/#listItem","name":"Sucesos"}},{"@type":"ListItem","@id":"https:\/\/candas365.es\/noticias\/category\/sucesos\/#listItem","position":2,"name":"Sucesos","item":"https:\/\/candas365.es\/noticias\/category\/sucesos\/","nextItem":{"@type":"ListItem","@id":"https:\/\/candas365.es\/noticias\/cesado-un-capitan-del-regimiento-de-infanteria-la-reina-no2\/#listItem","name":"Cesado un capit\u00e1n del Regimiento de Infanter\u00eda \u00abLa Reina\u00bb n\u00ba2"},"previousItem":{"@type":"ListItem","@id":"https:\/\/candas365.es\/noticias#listItem","name":"Home"}},{"@type":"ListItem","@id":"https:\/\/candas365.es\/noticias\/cesado-un-capitan-del-regimiento-de-infanteria-la-reina-no2\/#listItem","position":3,"name":"Cesado un capit\u00e1n del Regimiento de Infanter\u00eda \u00abLa Reina\u00bb n\u00ba2","previousItem":{"@type":"ListItem","@id":"https:\/\/candas365.es\/noticias\/category\/sucesos\/#listItem","name":"Sucesos"}}]},{"@type":"NewsArticle","@id":"https:\/\/candas365.es\/noticias\/cesado-un-capitan-del-regimiento-de-infanteria-la-reina-no2\/#newsarticle","name":"Cesado un capit\u00e1n del Regimiento de Infanter\u00eda \u00abLa Reina\u00bb n\u00ba2 | Cand\u00e1s 365","headline":"Cesado un capit\u00e1n del Regimiento de Infanter\u00eda \u00abLa Reina\u00bb n\u00ba2","author":{"@id":"https:\/\/candas365.es\/noticias\/author\/admin\/#author"},"publisher":{"@id":"https:\/\/candas365.es\/noticias\/#organization"},"image":{"@type":"ImageObject","url":"https:\/\/candas365.es\/noticias\/wp-content\/uploads\/2024\/04\/Cesado-un-capitan-de-Infanteria.jpg","width":1007,"height":652,"caption":"La ministra de Defensa visit\u00f3 la Brigada 'Guzm\u00e1n el Bueno' X tras las dos muertes | Foto de Rub\u00e9n Somonte\/MDE"},"datePublished":"2024-04-12T02:28:16+02:00","dateModified":"2024-04-12T02:31:35+02:00","inLanguage":"es-ES","mainEntityOfPage":{"@id":"https:\/\/candas365.es\/noticias\/cesado-un-capitan-del-regimiento-de-infanteria-la-reina-no2\/#webpage"},"isPartOf":{"@id":"https:\/\/candas365.es\/noticias\/cesado-un-capitan-del-regimiento-de-infanteria-la-reina-no2\/#webpage"},"articleSection":"Sucesos, sucesos","dateline":"Publicado el abril 12, 2024."},{"@type":"Organization","@id":"https:\/\/candas365.es\/noticias\/#organization","name":"Cand\u00e1s 365","description":"Cand\u00e1s 365 es un diario digital independiente, fundado en 2012, con base en Asturias. Informamos con rigor sobre actualidad, sociedad, cultura y ocio, con una mirada local y global.","url":"https:\/\/candas365.es\/noticias\/","email":"info@candas365.es","telephone":"+34652131393","foundingDate":"2012-06-10","logo":{"@type":"ImageObject","url":"https:\/\/candas365.es\/noticias\/wp-content\/uploads\/2024\/09\/Candas-365-Redes.jpg","@id":"https:\/\/candas365.es\/noticias\/cesado-un-capitan-del-regimiento-de-infanteria-la-reina-no2\/#organizationLogo","width":1152,"height":864,"caption":"Cand\u00e1s 365 Redes"},"image":{"@id":"https:\/\/candas365.es\/noticias\/cesado-un-capitan-del-regimiento-de-infanteria-la-reina-no2\/#organizationLogo"},"sameAs":["https:\/\/www.facebook.com\/Nachofdezber","https:\/\/x.com\/NabercoDigital","https:\/\/www.instagram.com\/nachofdezber\/","https:\/\/www.youtube.com\/channel\/UCZP-2wLEB9Rv6erhFmqVnvg"],"address":{"@id":"https:\/\/candas365.es\/noticias\/#postaladdress","@type":"PostalAddress","streetAddress":"san antonio 4, san antonio 4","postalCode":"33430","addressLocality":"Cand\u00e1s","addressRegion":"Asturias","addressCountry":"ES"}},{"@type":"Person","@id":"https:\/\/candas365.es\/noticias\/author\/admin\/#author","url":"https:\/\/candas365.es\/noticias\/author\/admin\/","name":"Cand\u00e1s 365","image":{"@type":"ImageObject","@id":"https:\/\/candas365.es\/noticias\/cesado-un-capitan-del-regimiento-de-infanteria-la-reina-no2\/#authorImage","url":"https:\/\/secure.gravatar.com\/avatar\/496a8e03d0c493ede1718b7934145dbdf8d89be1036b0eec9544e1094c9de390?s=96&d=mm&r=g","width":96,"height":96,"caption":"Cand\u00e1s 365"},"sameAs":["https:\/\/www.facebook.com\/carrenoactualidad","https:\/\/twitter.com\/nbasturias","https:\/\/www.instagram.com\/nachofdezber\/","https:\/\/www.youtube.com\/channel\/UCZP-2wLEB9Rv6erhFmqVnvg"]},{"@type":"WebPage","@id":"https:\/\/candas365.es\/noticias\/cesado-un-capitan-del-regimiento-de-infanteria-la-reina-no2\/#webpage","url":"https:\/\/candas365.es\/noticias\/cesado-un-capitan-del-regimiento-de-infanteria-la-reina-no2\/","name":"Cesado un capit\u00e1n del Regimiento de Infanter\u00eda \u00abLa Reina\u00bb n\u00ba2 | Cand\u00e1s 365","description":"El Ej\u00e9rcito de Tierra ha cesado al capit\u00e1n del Regimiento de Infanter\u00eda \u2018La Reina\u2019 n\u00ba2 que se encuentra investigado por su responsabilidad en las maniobras realizadas","inLanguage":"es-ES","isPartOf":{"@id":"https:\/\/candas365.es\/noticias\/#website"},"breadcrumb":{"@id":"https:\/\/candas365.es\/noticias\/cesado-un-capitan-del-regimiento-de-infanteria-la-reina-no2\/#breadcrumblist"},"author":{"@id":"https:\/\/candas365.es\/noticias\/author\/admin\/#author"},"creator":{"@id":"https:\/\/candas365.es\/noticias\/author\/admin\/#author"},"image":{"@type":"ImageObject","url":"https:\/\/candas365.es\/noticias\/wp-content\/uploads\/2024\/04\/Cesado-un-capitan-de-Infanteria.jpg","@id":"https:\/\/candas365.es\/noticias\/cesado-un-capitan-del-regimiento-de-infanteria-la-reina-no2\/#mainImage","width":1007,"height":652,"caption":"La ministra de Defensa visit\u00f3 la Brigada 'Guzm\u00e1n el Bueno' X tras las dos muertes | Foto de Rub\u00e9n Somonte\/MDE"},"primaryImageOfPage":{"@id":"https:\/\/candas365.es\/noticias\/cesado-un-capitan-del-regimiento-de-infanteria-la-reina-no2\/#mainImage"},"datePublished":"2024-04-12T02:28:16+02:00","dateModified":"2024-04-12T02:31:35+02:00"},{"@type":"WebSite","@id":"https:\/\/candas365.es\/noticias\/#website","url":"https:\/\/candas365.es\/noticias\/","name":"Cand\u00e1s 365","alternateName":"Cand\u00e1s 365 Noticias","description":"Actualidad desde Carre\u00f1o para el mundo","inLanguage":"es-ES","publisher":{"@id":"https:\/\/candas365.es\/noticias\/#organization"}}]},"og:locale":"es_ES","og:site_name":"Cand\u00e1s 365","og:type":"article","og:title":"Cesado un capit\u00e1n del Regimiento de Infanter\u00eda \u00abLa Reina\u00bb n\u00ba2 | Cand\u00e1s 365","og:description":"El Ej\u00e9rcito de Tierra ha cesado al capit\u00e1n del Regimiento de Infanter\u00eda \u2018La Reina\u2019 n\u00ba2 que se encuentra investigado por su responsabilidad en las maniobras realizadas","og:url":"https:\/\/candas365.es\/noticias\/cesado-un-capitan-del-regimiento-de-infanteria-la-reina-no2\/","og:image":"https:\/\/candas365.es\/noticias\/wp-content\/uploads\/2024\/04\/Cesado-un-capitan-de-Infanteria.jpg","og:image:secure_url":"https:\/\/candas365.es\/noticias\/wp-content\/uploads\/2024\/04\/Cesado-un-capitan-de-Infanteria.jpg","og:image:width":1007,"og:image:height":652,"article:published_time":"2024-04-12T00:28:16+00:00","article:modified_time":"2024-04-12T00:31:35+00:00","article:publisher":"https:\/\/www.facebook.com\/Nachofdezber","article:author":"https:\/\/www.facebook.com\/carrenoactualidad","twitter:card":"summary_large_image","twitter:site":"@NabercoDigital","twitter:title":"Cesado un capit\u00e1n del Regimiento de Infanter\u00eda \u00abLa Reina\u00bb n\u00ba2 | Cand\u00e1s 365","twitter:description":"El Ej\u00e9rcito de Tierra ha cesado al capit\u00e1n del Regimiento de Infanter\u00eda \u2018La Reina\u2019 n\u00ba2 que se encuentra investigado por su responsabilidad en las maniobras realizadas","twitter:creator":"@nbasturias","twitter:image":"https:\/\/candas365.es\/noticias\/wp-content\/uploads\/2024\/04\/Cesado-un-capitan-de-Infanteria.jpg","twitter:label1":"Escrito por","twitter:data1":"Cand\u00e1s 365","twitter:label2":"Tiempo de lectura estimado","twitter:data2":"2 minutos"},"aioseo_meta_data":{"post_id":"179592","title":null,"description":"El Ej\u00e9rcito de Tierra ha cesado al capit\u00e1n del Regimiento de Infanter\u00eda \u2018La Reina\u2019 n\u00ba2 que se encuentra investigado por su responsabilidad en las maniobras realizadas","keywords":[],"keyphrases":{"focus":{"keyphrase":"Infanter\u00eda","score":78,"analysis":{"keyphraseInTitle":{"score":9,"maxScore":9,"error":0},"keyphraseInDescription":{"score":9,"maxScore":9,"error":0},"keyphraseLength":{"score":9,"maxScore":9,"error":0,"length":2},"keyphraseInURL":{"score":5,"maxScore":5,"error":0},"keyphraseInIntroduction":{"score":9,"maxScore":9,"error":0},"keyphraseInSubHeadings":{"score":3,"maxScore":9,"error":1},"keyphraseInImageAlt":{"score":9,"maxScore":9,"error":0},"keywordDensity":{"score":0,"type":"low","maxScore":9,"error":1}}},"additional":[{"keyphrase":"Cesado","score":80,"analysis":{"keyphraseInDescription":{"score":9,"maxScore":9,"error":0},"keyphraseLength":{"score":9,"maxScore":9,"error":0,"length":1},"keyphraseInIntroduction":{"score":9,"maxScore":9,"error":0},"keyphraseInImageAlt":{"score":9,"maxScore":9,"error":0},"keywordDensity":{"score":0,"type":"low","maxScore":9,"error":1}}}]},"primary_term":null,"canonical_url":null,"og_title":null,"og_description":null,"og_object_type":"default","og_image_type":"default","og_image_url":null,"og_image_width":null,"og_image_height":null,"og_image_custom_url":null,"og_image_custom_fields":null,"og_video":"","og_custom_url":null,"og_article_section":null,"og_article_tags":[],"twitter_use_og":false,"twitter_card":"default","twitter_image_type":"default","twitter_image_url":null,"twitter_image_custom_url":null,"twitter_image_custom_fields":null,"twitter_title":null,"twitter_description":null,"schema":{"blockGraphs":[],"customGraphs":[],"default":{"data":{"Article":[],"Course":[],"Dataset":[],"FAQPage":[],"Movie":[],"Person":[],"Product":[],"ProductReview":[],"Car":[],"Recipe":[],"Service":[],"SoftwareApplication":[],"WebPage":[]},"graphName":"Article","isEnabled":true},"graphs":[]},"schema_type":"default","schema_type_options":null,"pillar_content":false,"robots_default":true,"robots_noindex":false,"robots_noarchive":false,"robots_nosnippet":false,"robots_nofollow":false,"robots_noimageindex":false,"robots_noodp":false,"robots_notranslate":false,"robots_max_snippet":"-1","robots_max_videopreview":"-1","robots_max_imagepreview":"large","priority":null,"frequency":"default","location":null,"local_seo":null,"seo_analyzer_scan_date":"2025-09-02 06:52:23","breadcrumb_settings":null,"limit_modified_date":false,"reviewed_by":null,"open_ai":"{\"title\":{\"suggestions\":[],\"usage\":0},\"description\":{\"suggestions\":[],\"usage\":0}}","ai":null,"created":"2024-04-12 00:19:01","updated":"2025-09-02 06:52:23"},"aioseo_breadcrumb":"<div class=\"aioseo-breadcrumbs\"><span class=\"aioseo-breadcrumb\">\n\t<a href=\"https:\/\/candas365.es\/noticias\" title=\"Home\">Home<\/a>\n<\/span><span class=\"aioseo-breadcrumb-separator\">&ndash;<\/span><span class=\"aioseo-breadcrumb\">\n\t<a href=\"https:\/\/candas365.es\/noticias\/category\/sucesos\/\" title=\"Sucesos\">Sucesos<\/a>\n<\/span><span class=\"aioseo-breadcrumb-separator\">&ndash;<\/span><span class=\"aioseo-breadcrumb\">\n\tCesado un capit\u00e1n del Regimiento de Infanter\u00eda \u00abLa Reina\u00bb n\u00ba2\n<\/span><\/div>","aioseo_breadcrumb_json":[{"label":"Home","link":"https:\/\/candas365.es\/noticias"},{"label":"Sucesos","link":"https:\/\/candas365.es\/noticias\/category\/sucesos\/"},{"label":"Cesado un capit\u00e1n del Regimiento de Infanter\u00eda \u00abLa Reina\u00bb n\u00ba2","link":"https:\/\/candas365.es\/noticias\/cesado-un-capitan-del-regimiento-de-infanteria-la-reina-no2\/"}],"_links":{"self":[{"href":"https:\/\/candas365.es\/noticias\/wp-json\/wp\/v2\/posts\/179592","targetHints":{"allow":["GET"]}}],"collection":[{"href":"https:\/\/candas365.es\/noticias\/wp-json\/wp\/v2\/posts"}],"about":[{"href":"https:\/\/candas365.es\/noticias\/wp-json\/wp\/v2\/types\/post"}],"author":[{"embeddable":true,"href":"https:\/\/candas365.es\/noticias\/wp-json\/wp\/v2\/users\/1"}],"replies":[{"embeddable":true,"href":"https:\/\/candas365.es\/noticias\/wp-json\/wp\/v2\/comments?post=179592"}],"version-history":[{"count":0,"href":"https:\/\/candas365.es\/noticias\/wp-json\/wp\/v2\/posts\/179592\/revisions"}],"wp:featuredmedia":[{"embeddable":true,"href":"https:\/\/candas365.es\/noticias\/wp-json\/wp\/v2\/media\/179593"}],"wp:attachment":[{"href":"https:\/\/candas365.es\/noticias\/wp-json\/wp\/v2\/media?parent=179592"}],"wp:term":[{"taxonomy":"category","embeddable":true,"href":"https:\/\/candas365.es\/noticias\/wp-json\/wp\/v2\/categories?post=179592"},{"taxonomy":"post_tag","embeddable":true,"href":"https:\/\/candas365.es\/noticias\/wp-json\/wp\/v2\/tags?post=179592"}],"curies":[{"name":"wp","href":"https:\/\/api.w.org\/{rel}","templated":true}]}}