{"id":179421,"date":"2024-04-08T22:11:40","date_gmt":"2024-04-08T20:11:40","guid":{"rendered":"https:\/\/candas365.es\/noticias\/?p=179421"},"modified":"2024-04-08T22:11:40","modified_gmt":"2024-04-08T20:11:40","slug":"alemania-despliega-otro-avion-para-vuelos-de-ayuda-a-gaza","status":"publish","type":"post","link":"https:\/\/candas365.es\/noticias\/alemania-despliega-otro-avion-para-vuelos-de-ayuda-a-gaza\/","title":{"rendered":"Alemania despliega otro avi\u00f3n para vuelos de ayuda a Gaza"},"content":{"rendered":"<p>Berl\u00edn, 6 abr (<a title=\"dpa\" href=\"https:\/\/www.dpa-news.de\/\" target=\"_blank\" rel=\"nofollow noopener\"><span style=\"color: #ff6600;\"><strong>dpa<\/strong><\/span><\/a>) &#8211; Las Fuerzas Armadas alemanas enviar\u00e1n un avi\u00f3n de transporte A400M al Cercano Oriente para lanzar alimentos sobre la <a href=\"https:\/\/candas365.es\/noticias\/tag\/conflictos\/\"><span style=\"color: #ff6600;\"><strong>Franja de Gaza<\/strong><\/span><\/a>, inform\u00f3 hoy un portavoz de la Fuerza A\u00e9rea.<\/p>\n<figure id=\"attachment_179422\" aria-describedby=\"caption-attachment-179422\" style=\"width: 650px\" class=\"wp-caption aligncenter\"><img fetchpriority=\"high\" decoding=\"async\" class=\"size-large wp-image-179422\" src=\"https:\/\/candas365.es\/noticias\/wp-content\/uploads\/2024\/04\/vuelos-de-ayuda-a-Gaza-650x432.jpg\" alt=\"vuelos de ayuda a Gaza\" width=\"650\" height=\"432\" srcset=\"https:\/\/candas365.es\/noticias\/wp-content\/uploads\/2024\/04\/vuelos-de-ayuda-a-Gaza-650x432.jpg 650w, https:\/\/candas365.es\/noticias\/wp-content\/uploads\/2024\/04\/vuelos-de-ayuda-a-Gaza-360x240.jpg 360w, https:\/\/candas365.es\/noticias\/wp-content\/uploads\/2024\/04\/vuelos-de-ayuda-a-Gaza-768x511.jpg 768w, https:\/\/candas365.es\/noticias\/wp-content\/uploads\/2024\/04\/vuelos-de-ayuda-a-Gaza-150x100.jpg 150w, https:\/\/candas365.es\/noticias\/wp-content\/uploads\/2024\/04\/vuelos-de-ayuda-a-Gaza-450x299.jpg 450w, https:\/\/candas365.es\/noticias\/wp-content\/uploads\/2024\/04\/vuelos-de-ayuda-a-Gaza.jpg 1001w\" sizes=\"(max-width: 650px) 100vw, 650px\" \/><figcaption id=\"caption-attachment-179422\" class=\"wp-caption-text\">Foto: Ole Spata\/dpa<\/figcaption><\/figure>\n<p>El avi\u00f3n despegar\u00e1 el lunes de la base de Wunstorf y se desplegar\u00e1 por primera vez sobre el territorio palestino el mi\u00e9rcoles.<\/p>\n<p>El Airbus, que sustituir\u00e1 al avi\u00f3n utilizado hasta ahora, podr\u00e1 cambiar al sistema de paletas normalizado a nivel internacional, de modo que en el futuro los suministros de ayuda puedan ser embalados por los militares alemanes.<\/p>\n<p>En los vuelos con el avi\u00f3n de transporte C-130 utilizado hasta la fecha se tuvo que emplear un sistema de paletas franc\u00e9s.<\/p>\n<p>Seg\u00fan el portavoz militar, est\u00e1 previsto que la misi\u00f3n dure varias semanas hasta que el desembarcadero mar\u00edtimo est\u00e9 listo para el suministro de material de socorro.<\/p>\n<p>Seg\u00fan la informaci\u00f3n facilitada, Jordania, que est\u00e1 llevando a cabo la operaci\u00f3n de suministro a\u00e9reo, est\u00e1 planeando un lanzamiento a\u00e9reo especialmente amplio de suministros de socorro para el martes, al final del mes de ayuno isl\u00e1mico del Ramad\u00e1n.<\/p>\n<p>La Fuerza A\u00e9rea alemana comenz\u00f3 a lanzar suministros de ayuda para la sufrida poblaci\u00f3n de la asediada Franja de Gaza a mediados de marzo. Los alimentos, como arroz y harina, se lanzan en paraca\u00eddas.<\/p>\n<p>Las Fuerzas Armadas alemanas trasladaron a Jordania dos aviones de transporte C-130 estacionados en Francia con este fin. El pa\u00eds \u00e1rabe inici\u00f3 el puente a\u00e9reo. Tambi\u00e9n participan otras naciones, como Estados Unidos. Cada uno de los aviones alemanes desplegados hasta ahora puede transportar hasta 18 toneladas de carga.<\/p>\n","protected":false},"excerpt":{"rendered":"<p>Berl\u00edn, 6 abr (dpa) &#8211; Las Fuerzas Armadas alemanas enviar\u00e1n un avi\u00f3n de transporte A400M al Cercano Oriente para lanzar alimentos sobre la Franja de Gaza, inform\u00f3 hoy un portavoz de la Fuerza A\u00e9rea. El avi\u00f3n despegar\u00e1 el lunes de la base de Wunstorf y se desplegar\u00e1 por primera vez sobre el territorio palestino el<\/p>\n","protected":false},"author":1,"featured_media":179422,"comment_status":"closed","ping_status":"closed","sticky":false,"template":"","format":"standard","meta":{"footnotes":""},"categories":[485],"tags":[464,418],"class_list":{"0":"post-179421","1":"post","2":"type-post","3":"status-publish","4":"format-standard","5":"has-post-thumbnail","7":"category-internacional","8":"tag-conflictos","9":"tag-internacional"},"aioseo_notices":[],"aioseo_head":"\n\t\t<!-- All in One SEO Pro 4.9.6.2 - aioseo.com -->\n\t<meta name=\"description\" content=\"Berl\u00edn, 6 abr (dpa) - Las Fuerzas Armadas alemanas enviar\u00e1n un avi\u00f3n de transporte A400M al Cercano Oriente para lanzar alimentos sobre la Franja de Gaza\" \/>\n\t<meta name=\"robots\" content=\"max-image-preview:large\" \/>\n\t<meta name=\"author\" content=\"Cand\u00e1s 365\"\/>\n\t<meta name=\"google-site-verification\" content=\"UA-32230408-1\" \/>\n\t<meta name=\"msvalidate.01\" content=\"354F3CDFB2DA171B47FBE9ABF1F88D5\" \/>\n\t<meta name=\"keywords\" content=\"internacional\" \/>\n\t<link rel=\"canonical\" href=\"https:\/\/candas365.es\/noticias\/alemania-despliega-otro-avion-para-vuelos-de-ayuda-a-gaza\/\" \/>\n\t<meta name=\"generator\" content=\"All in One SEO Pro (AIOSEO) 4.9.6.2\" \/>\n\t\t<meta property=\"og:locale\" content=\"es_ES\" \/>\n\t\t<meta property=\"og:site_name\" content=\"Cand\u00e1s 365\" \/>\n\t\t<meta property=\"og:type\" content=\"article\" \/>\n\t\t<meta property=\"og:title\" content=\"Alemania despliega otro avi\u00f3n para vuelos de ayuda a Gaza | Cand\u00e1s 365\" \/>\n\t\t<meta property=\"og:description\" content=\"Berl\u00edn, 6 abr (dpa) - Las Fuerzas Armadas alemanas enviar\u00e1n un avi\u00f3n de transporte A400M al Cercano Oriente para lanzar alimentos sobre la Franja de Gaza\" \/>\n\t\t<meta property=\"og:url\" content=\"https:\/\/candas365.es\/noticias\/alemania-despliega-otro-avion-para-vuelos-de-ayuda-a-gaza\/\" \/>\n\t\t<meta property=\"og:image\" content=\"https:\/\/candas365.es\/noticias\/wp-content\/uploads\/2024\/04\/vuelos-de-ayuda-a-Gaza.jpg\" \/>\n\t\t<meta property=\"og:image:secure_url\" content=\"https:\/\/candas365.es\/noticias\/wp-content\/uploads\/2024\/04\/vuelos-de-ayuda-a-Gaza.jpg\" \/>\n\t\t<meta property=\"og:image:width\" content=\"1001\" \/>\n\t\t<meta property=\"og:image:height\" content=\"666\" \/>\n\t\t<meta property=\"article:published_time\" content=\"2024-04-08T20:11:40+00:00\" \/>\n\t\t<meta property=\"article:modified_time\" content=\"2024-04-08T20:11:40+00:00\" \/>\n\t\t<meta property=\"article:publisher\" content=\"https:\/\/www.facebook.com\/Nachofdezber\" \/>\n\t\t<meta property=\"article:author\" content=\"https:\/\/www.facebook.com\/carrenoactualidad\" \/>\n\t\t<meta name=\"twitter:card\" content=\"summary_large_image\" \/>\n\t\t<meta name=\"twitter:site\" content=\"@NabercoDigital\" \/>\n\t\t<meta name=\"twitter:title\" content=\"Alemania despliega otro avi\u00f3n para vuelos de ayuda a Gaza | Cand\u00e1s 365\" \/>\n\t\t<meta name=\"twitter:description\" content=\"Berl\u00edn, 6 abr (dpa) - Las Fuerzas Armadas alemanas enviar\u00e1n un avi\u00f3n de transporte A400M al Cercano Oriente para lanzar alimentos sobre la Franja de Gaza\" \/>\n\t\t<meta name=\"twitter:creator\" content=\"@nbasturias\" \/>\n\t\t<meta name=\"twitter:image\" content=\"https:\/\/candas365.es\/noticias\/wp-content\/uploads\/2024\/04\/vuelos-de-ayuda-a-Gaza.jpg\" \/>\n\t\t<meta name=\"twitter:label1\" content=\"Escrito por\" \/>\n\t\t<meta name=\"twitter:data1\" content=\"Cand\u00e1s 365\" \/>\n\t\t<meta name=\"twitter:label2\" content=\"Tiempo de lectura estimado\" \/>\n\t\t<meta name=\"twitter:data2\" content=\"1 minuto\" \/>\n\t\t<script type=\"application\/ld+json\" class=\"aioseo-schema\">\n\t\t\t{\"@context\":\"https:\\\/\\\/schema.org\",\"@graph\":[{\"@type\":\"BreadcrumbList\",\"@id\":\"https:\\\/\\\/candas365.es\\\/noticias\\\/alemania-despliega-otro-avion-para-vuelos-de-ayuda-a-gaza\\\/#breadcrumblist\",\"itemListElement\":[{\"@type\":\"ListItem\",\"@id\":\"https:\\\/\\\/candas365.es\\\/noticias#listItem\",\"position\":1,\"name\":\"Home\",\"item\":\"https:\\\/\\\/candas365.es\\\/noticias\",\"nextItem\":{\"@type\":\"ListItem\",\"@id\":\"https:\\\/\\\/candas365.es\\\/noticias\\\/category\\\/internacional\\\/#listItem\",\"name\":\"Internacional\"}},{\"@type\":\"ListItem\",\"@id\":\"https:\\\/\\\/candas365.es\\\/noticias\\\/category\\\/internacional\\\/#listItem\",\"position\":2,\"name\":\"Internacional\",\"item\":\"https:\\\/\\\/candas365.es\\\/noticias\\\/category\\\/internacional\\\/\",\"nextItem\":{\"@type\":\"ListItem\",\"@id\":\"https:\\\/\\\/candas365.es\\\/noticias\\\/alemania-despliega-otro-avion-para-vuelos-de-ayuda-a-gaza\\\/#listItem\",\"name\":\"Alemania despliega otro avi\\u00f3n para vuelos de ayuda a Gaza\"},\"previousItem\":{\"@type\":\"ListItem\",\"@id\":\"https:\\\/\\\/candas365.es\\\/noticias#listItem\",\"name\":\"Home\"}},{\"@type\":\"ListItem\",\"@id\":\"https:\\\/\\\/candas365.es\\\/noticias\\\/alemania-despliega-otro-avion-para-vuelos-de-ayuda-a-gaza\\\/#listItem\",\"position\":3,\"name\":\"Alemania despliega otro avi\\u00f3n para vuelos de ayuda a Gaza\",\"previousItem\":{\"@type\":\"ListItem\",\"@id\":\"https:\\\/\\\/candas365.es\\\/noticias\\\/category\\\/internacional\\\/#listItem\",\"name\":\"Internacional\"}}]},{\"@type\":\"NewsArticle\",\"@id\":\"https:\\\/\\\/candas365.es\\\/noticias\\\/alemania-despliega-otro-avion-para-vuelos-de-ayuda-a-gaza\\\/#newsarticle\",\"name\":\"Alemania despliega otro avi\\u00f3n para vuelos de ayuda a Gaza | Cand\\u00e1s 365\",\"headline\":\"Alemania despliega otro avi\\u00f3n para vuelos de ayuda a Gaza\",\"author\":{\"@id\":\"https:\\\/\\\/candas365.es\\\/noticias\\\/author\\\/admin\\\/#author\"},\"publisher\":{\"@id\":\"https:\\\/\\\/candas365.es\\\/noticias\\\/#organization\"},\"image\":{\"@type\":\"ImageObject\",\"url\":\"https:\\\/\\\/candas365.es\\\/noticias\\\/wp-content\\\/uploads\\\/2024\\\/04\\\/vuelos-de-ayuda-a-Gaza.jpg\",\"width\":1001,\"height\":666,\"caption\":\"Foto: Ole Spata\\\/dpa\"},\"datePublished\":\"2024-04-08T22:11:40+02:00\",\"dateModified\":\"2024-04-08T22:11:40+02:00\",\"inLanguage\":\"es-ES\",\"mainEntityOfPage\":{\"@id\":\"https:\\\/\\\/candas365.es\\\/noticias\\\/alemania-despliega-otro-avion-para-vuelos-de-ayuda-a-gaza\\\/#webpage\"},\"isPartOf\":{\"@id\":\"https:\\\/\\\/candas365.es\\\/noticias\\\/alemania-despliega-otro-avion-para-vuelos-de-ayuda-a-gaza\\\/#webpage\"},\"articleSection\":\"Internacional, conflictos, Internacional\",\"dateline\":\"Publicado el abril 8, 2024.\"},{\"@type\":\"Organization\",\"@id\":\"https:\\\/\\\/candas365.es\\\/noticias\\\/#organization\",\"name\":\"Cand\\u00e1s 365\",\"description\":\"Cand\\u00e1s 365 es un diario digital independiente, fundado en 2012, con base en Asturias. Informamos con rigor sobre actualidad, sociedad, cultura y ocio, con una mirada local y global.\",\"url\":\"https:\\\/\\\/candas365.es\\\/noticias\\\/\",\"email\":\"info@candas365.es\",\"telephone\":\"+34652131393\",\"foundingDate\":\"2012-06-10\",\"logo\":{\"@type\":\"ImageObject\",\"url\":\"https:\\\/\\\/candas365.es\\\/noticias\\\/wp-content\\\/uploads\\\/2024\\\/09\\\/Candas-365-Redes.jpg\",\"@id\":\"https:\\\/\\\/candas365.es\\\/noticias\\\/alemania-despliega-otro-avion-para-vuelos-de-ayuda-a-gaza\\\/#organizationLogo\",\"width\":1152,\"height\":864,\"caption\":\"Cand\\u00e1s 365 Redes\"},\"image\":{\"@id\":\"https:\\\/\\\/candas365.es\\\/noticias\\\/alemania-despliega-otro-avion-para-vuelos-de-ayuda-a-gaza\\\/#organizationLogo\"},\"sameAs\":[\"https:\\\/\\\/www.facebook.com\\\/Nachofdezber\",\"https:\\\/\\\/x.com\\\/NabercoDigital\",\"https:\\\/\\\/www.instagram.com\\\/nachofdezber\\\/\",\"https:\\\/\\\/www.youtube.com\\\/channel\\\/UCZP-2wLEB9Rv6erhFmqVnvg\"],\"address\":{\"@id\":\"https:\\\/\\\/candas365.es\\\/noticias\\\/#postaladdress\",\"@type\":\"PostalAddress\",\"streetAddress\":\"san antonio 4, san antonio 4\",\"postalCode\":\"33430\",\"addressLocality\":\"Cand\\u00e1s\",\"addressRegion\":\"Asturias\",\"addressCountry\":\"ES\"}},{\"@type\":\"Person\",\"@id\":\"https:\\\/\\\/candas365.es\\\/noticias\\\/author\\\/admin\\\/#author\",\"url\":\"https:\\\/\\\/candas365.es\\\/noticias\\\/author\\\/admin\\\/\",\"name\":\"Cand\\u00e1s 365\",\"image\":{\"@type\":\"ImageObject\",\"@id\":\"https:\\\/\\\/candas365.es\\\/noticias\\\/alemania-despliega-otro-avion-para-vuelos-de-ayuda-a-gaza\\\/#authorImage\",\"url\":\"https:\\\/\\\/secure.gravatar.com\\\/avatar\\\/496a8e03d0c493ede1718b7934145dbdf8d89be1036b0eec9544e1094c9de390?s=96&d=mm&r=g\",\"width\":96,\"height\":96,\"caption\":\"Cand\\u00e1s 365\"},\"sameAs\":[\"https:\\\/\\\/www.facebook.com\\\/carrenoactualidad\",\"https:\\\/\\\/twitter.com\\\/nbasturias\",\"https:\\\/\\\/www.instagram.com\\\/nachofdezber\\\/\",\"https:\\\/\\\/www.youtube.com\\\/channel\\\/UCZP-2wLEB9Rv6erhFmqVnvg\"]},{\"@type\":\"WebPage\",\"@id\":\"https:\\\/\\\/candas365.es\\\/noticias\\\/alemania-despliega-otro-avion-para-vuelos-de-ayuda-a-gaza\\\/#webpage\",\"url\":\"https:\\\/\\\/candas365.es\\\/noticias\\\/alemania-despliega-otro-avion-para-vuelos-de-ayuda-a-gaza\\\/\",\"name\":\"Alemania despliega otro avi\\u00f3n para vuelos de ayuda a Gaza | Cand\\u00e1s 365\",\"description\":\"Berl\\u00edn, 6 abr (dpa) - Las Fuerzas Armadas alemanas enviar\\u00e1n un avi\\u00f3n de transporte A400M al Cercano Oriente para lanzar alimentos sobre la Franja de Gaza\",\"inLanguage\":\"es-ES\",\"isPartOf\":{\"@id\":\"https:\\\/\\\/candas365.es\\\/noticias\\\/#website\"},\"breadcrumb\":{\"@id\":\"https:\\\/\\\/candas365.es\\\/noticias\\\/alemania-despliega-otro-avion-para-vuelos-de-ayuda-a-gaza\\\/#breadcrumblist\"},\"author\":{\"@id\":\"https:\\\/\\\/candas365.es\\\/noticias\\\/author\\\/admin\\\/#author\"},\"creator\":{\"@id\":\"https:\\\/\\\/candas365.es\\\/noticias\\\/author\\\/admin\\\/#author\"},\"image\":{\"@type\":\"ImageObject\",\"url\":\"https:\\\/\\\/candas365.es\\\/noticias\\\/wp-content\\\/uploads\\\/2024\\\/04\\\/vuelos-de-ayuda-a-Gaza.jpg\",\"@id\":\"https:\\\/\\\/candas365.es\\\/noticias\\\/alemania-despliega-otro-avion-para-vuelos-de-ayuda-a-gaza\\\/#mainImage\",\"width\":1001,\"height\":666,\"caption\":\"Foto: Ole Spata\\\/dpa\"},\"primaryImageOfPage\":{\"@id\":\"https:\\\/\\\/candas365.es\\\/noticias\\\/alemania-despliega-otro-avion-para-vuelos-de-ayuda-a-gaza\\\/#mainImage\"},\"datePublished\":\"2024-04-08T22:11:40+02:00\",\"dateModified\":\"2024-04-08T22:11:40+02:00\"},{\"@type\":\"WebSite\",\"@id\":\"https:\\\/\\\/candas365.es\\\/noticias\\\/#website\",\"url\":\"https:\\\/\\\/candas365.es\\\/noticias\\\/\",\"name\":\"Cand\\u00e1s 365\",\"alternateName\":\"Cand\\u00e1s 365 Noticias\",\"description\":\"Actualidad desde Carre\\u00f1o para el mundo\",\"inLanguage\":\"es-ES\",\"publisher\":{\"@id\":\"https:\\\/\\\/candas365.es\\\/noticias\\\/#organization\"}}]}\n\t\t<\/script>\n\t\t<!-- All in One SEO Pro -->\r\n\t\t<title>Alemania despliega otro avi\u00f3n para vuelos de ayuda a Gaza | Cand\u00e1s 365<\/title>\n\n","aioseo_head_json":{"title":"Alemania despliega otro avi\u00f3n para vuelos de ayuda a Gaza | Cand\u00e1s 365","description":"Berl\u00edn, 6 abr (dpa) - Las Fuerzas Armadas alemanas enviar\u00e1n un avi\u00f3n de transporte A400M al Cercano Oriente para lanzar alimentos sobre la Franja de Gaza","canonical_url":"https:\/\/candas365.es\/noticias\/alemania-despliega-otro-avion-para-vuelos-de-ayuda-a-gaza\/","robots":"max-image-preview:large","keywords":"internacional","webmasterTools":{"google-site-verification":"UA-32230408-1","msvalidate.01":"354F3CDFB2DA171B47FBE9ABF1F88D5","miscellaneous":""},"schema":{"@context":"https:\/\/schema.org","@graph":[{"@type":"BreadcrumbList","@id":"https:\/\/candas365.es\/noticias\/alemania-despliega-otro-avion-para-vuelos-de-ayuda-a-gaza\/#breadcrumblist","itemListElement":[{"@type":"ListItem","@id":"https:\/\/candas365.es\/noticias#listItem","position":1,"name":"Home","item":"https:\/\/candas365.es\/noticias","nextItem":{"@type":"ListItem","@id":"https:\/\/candas365.es\/noticias\/category\/internacional\/#listItem","name":"Internacional"}},{"@type":"ListItem","@id":"https:\/\/candas365.es\/noticias\/category\/internacional\/#listItem","position":2,"name":"Internacional","item":"https:\/\/candas365.es\/noticias\/category\/internacional\/","nextItem":{"@type":"ListItem","@id":"https:\/\/candas365.es\/noticias\/alemania-despliega-otro-avion-para-vuelos-de-ayuda-a-gaza\/#listItem","name":"Alemania despliega otro avi\u00f3n para vuelos de ayuda a Gaza"},"previousItem":{"@type":"ListItem","@id":"https:\/\/candas365.es\/noticias#listItem","name":"Home"}},{"@type":"ListItem","@id":"https:\/\/candas365.es\/noticias\/alemania-despliega-otro-avion-para-vuelos-de-ayuda-a-gaza\/#listItem","position":3,"name":"Alemania despliega otro avi\u00f3n para vuelos de ayuda a Gaza","previousItem":{"@type":"ListItem","@id":"https:\/\/candas365.es\/noticias\/category\/internacional\/#listItem","name":"Internacional"}}]},{"@type":"NewsArticle","@id":"https:\/\/candas365.es\/noticias\/alemania-despliega-otro-avion-para-vuelos-de-ayuda-a-gaza\/#newsarticle","name":"Alemania despliega otro avi\u00f3n para vuelos de ayuda a Gaza | Cand\u00e1s 365","headline":"Alemania despliega otro avi\u00f3n para vuelos de ayuda a Gaza","author":{"@id":"https:\/\/candas365.es\/noticias\/author\/admin\/#author"},"publisher":{"@id":"https:\/\/candas365.es\/noticias\/#organization"},"image":{"@type":"ImageObject","url":"https:\/\/candas365.es\/noticias\/wp-content\/uploads\/2024\/04\/vuelos-de-ayuda-a-Gaza.jpg","width":1001,"height":666,"caption":"Foto: Ole Spata\/dpa"},"datePublished":"2024-04-08T22:11:40+02:00","dateModified":"2024-04-08T22:11:40+02:00","inLanguage":"es-ES","mainEntityOfPage":{"@id":"https:\/\/candas365.es\/noticias\/alemania-despliega-otro-avion-para-vuelos-de-ayuda-a-gaza\/#webpage"},"isPartOf":{"@id":"https:\/\/candas365.es\/noticias\/alemania-despliega-otro-avion-para-vuelos-de-ayuda-a-gaza\/#webpage"},"articleSection":"Internacional, conflictos, Internacional","dateline":"Publicado el abril 8, 2024."},{"@type":"Organization","@id":"https:\/\/candas365.es\/noticias\/#organization","name":"Cand\u00e1s 365","description":"Cand\u00e1s 365 es un diario digital independiente, fundado en 2012, con base en Asturias. Informamos con rigor sobre actualidad, sociedad, cultura y ocio, con una mirada local y global.","url":"https:\/\/candas365.es\/noticias\/","email":"info@candas365.es","telephone":"+34652131393","foundingDate":"2012-06-10","logo":{"@type":"ImageObject","url":"https:\/\/candas365.es\/noticias\/wp-content\/uploads\/2024\/09\/Candas-365-Redes.jpg","@id":"https:\/\/candas365.es\/noticias\/alemania-despliega-otro-avion-para-vuelos-de-ayuda-a-gaza\/#organizationLogo","width":1152,"height":864,"caption":"Cand\u00e1s 365 Redes"},"image":{"@id":"https:\/\/candas365.es\/noticias\/alemania-despliega-otro-avion-para-vuelos-de-ayuda-a-gaza\/#organizationLogo"},"sameAs":["https:\/\/www.facebook.com\/Nachofdezber","https:\/\/x.com\/NabercoDigital","https:\/\/www.instagram.com\/nachofdezber\/","https:\/\/www.youtube.com\/channel\/UCZP-2wLEB9Rv6erhFmqVnvg"],"address":{"@id":"https:\/\/candas365.es\/noticias\/#postaladdress","@type":"PostalAddress","streetAddress":"san antonio 4, san antonio 4","postalCode":"33430","addressLocality":"Cand\u00e1s","addressRegion":"Asturias","addressCountry":"ES"}},{"@type":"Person","@id":"https:\/\/candas365.es\/noticias\/author\/admin\/#author","url":"https:\/\/candas365.es\/noticias\/author\/admin\/","name":"Cand\u00e1s 365","image":{"@type":"ImageObject","@id":"https:\/\/candas365.es\/noticias\/alemania-despliega-otro-avion-para-vuelos-de-ayuda-a-gaza\/#authorImage","url":"https:\/\/secure.gravatar.com\/avatar\/496a8e03d0c493ede1718b7934145dbdf8d89be1036b0eec9544e1094c9de390?s=96&d=mm&r=g","width":96,"height":96,"caption":"Cand\u00e1s 365"},"sameAs":["https:\/\/www.facebook.com\/carrenoactualidad","https:\/\/twitter.com\/nbasturias","https:\/\/www.instagram.com\/nachofdezber\/","https:\/\/www.youtube.com\/channel\/UCZP-2wLEB9Rv6erhFmqVnvg"]},{"@type":"WebPage","@id":"https:\/\/candas365.es\/noticias\/alemania-despliega-otro-avion-para-vuelos-de-ayuda-a-gaza\/#webpage","url":"https:\/\/candas365.es\/noticias\/alemania-despliega-otro-avion-para-vuelos-de-ayuda-a-gaza\/","name":"Alemania despliega otro avi\u00f3n para vuelos de ayuda a Gaza | Cand\u00e1s 365","description":"Berl\u00edn, 6 abr (dpa) - Las Fuerzas Armadas alemanas enviar\u00e1n un avi\u00f3n de transporte A400M al Cercano Oriente para lanzar alimentos sobre la Franja de Gaza","inLanguage":"es-ES","isPartOf":{"@id":"https:\/\/candas365.es\/noticias\/#website"},"breadcrumb":{"@id":"https:\/\/candas365.es\/noticias\/alemania-despliega-otro-avion-para-vuelos-de-ayuda-a-gaza\/#breadcrumblist"},"author":{"@id":"https:\/\/candas365.es\/noticias\/author\/admin\/#author"},"creator":{"@id":"https:\/\/candas365.es\/noticias\/author\/admin\/#author"},"image":{"@type":"ImageObject","url":"https:\/\/candas365.es\/noticias\/wp-content\/uploads\/2024\/04\/vuelos-de-ayuda-a-Gaza.jpg","@id":"https:\/\/candas365.es\/noticias\/alemania-despliega-otro-avion-para-vuelos-de-ayuda-a-gaza\/#mainImage","width":1001,"height":666,"caption":"Foto: Ole Spata\/dpa"},"primaryImageOfPage":{"@id":"https:\/\/candas365.es\/noticias\/alemania-despliega-otro-avion-para-vuelos-de-ayuda-a-gaza\/#mainImage"},"datePublished":"2024-04-08T22:11:40+02:00","dateModified":"2024-04-08T22:11:40+02:00"},{"@type":"WebSite","@id":"https:\/\/candas365.es\/noticias\/#website","url":"https:\/\/candas365.es\/noticias\/","name":"Cand\u00e1s 365","alternateName":"Cand\u00e1s 365 Noticias","description":"Actualidad desde Carre\u00f1o para el mundo","inLanguage":"es-ES","publisher":{"@id":"https:\/\/candas365.es\/noticias\/#organization"}}]},"og:locale":"es_ES","og:site_name":"Cand\u00e1s 365","og:type":"article","og:title":"Alemania despliega otro avi\u00f3n para vuelos de ayuda a Gaza | Cand\u00e1s 365","og:description":"Berl\u00edn, 6 abr (dpa) - Las Fuerzas Armadas alemanas enviar\u00e1n un avi\u00f3n de transporte A400M al Cercano Oriente para lanzar alimentos sobre la Franja de Gaza","og:url":"https:\/\/candas365.es\/noticias\/alemania-despliega-otro-avion-para-vuelos-de-ayuda-a-gaza\/","og:image":"https:\/\/candas365.es\/noticias\/wp-content\/uploads\/2024\/04\/vuelos-de-ayuda-a-Gaza.jpg","og:image:secure_url":"https:\/\/candas365.es\/noticias\/wp-content\/uploads\/2024\/04\/vuelos-de-ayuda-a-Gaza.jpg","og:image:width":1001,"og:image:height":666,"article:published_time":"2024-04-08T20:11:40+00:00","article:modified_time":"2024-04-08T20:11:40+00:00","article:publisher":"https:\/\/www.facebook.com\/Nachofdezber","article:author":"https:\/\/www.facebook.com\/carrenoactualidad","twitter:card":"summary_large_image","twitter:site":"@NabercoDigital","twitter:title":"Alemania despliega otro avi\u00f3n para vuelos de ayuda a Gaza | Cand\u00e1s 365","twitter:description":"Berl\u00edn, 6 abr (dpa) - Las Fuerzas Armadas alemanas enviar\u00e1n un avi\u00f3n de transporte A400M al Cercano Oriente para lanzar alimentos sobre la Franja de Gaza","twitter:creator":"@nbasturias","twitter:image":"https:\/\/candas365.es\/noticias\/wp-content\/uploads\/2024\/04\/vuelos-de-ayuda-a-Gaza.jpg","twitter:label1":"Escrito por","twitter:data1":"Cand\u00e1s 365","twitter:label2":"Tiempo de lectura estimado","twitter:data2":"1 minuto"},"aioseo_meta_data":{"post_id":"179421","title":null,"description":"Berl\u00edn, 6 abr (dpa) - Las Fuerzas Armadas alemanas enviar\u00e1n un avi\u00f3n de transporte A400M al Cercano Oriente para lanzar alimentos sobre la Franja de Gaza","keywords":[],"keyphrases":{"focus":{"keyphrase":"Gaza","score":93,"analysis":{"keyphraseInTitle":{"score":9,"maxScore":9,"error":0},"keyphraseInDescription":{"score":9,"maxScore":9,"error":0},"keyphraseLength":{"score":9,"maxScore":9,"error":0,"length":1},"keyphraseInURL":{"score":1,"maxScore":5,"error":1},"keyphraseInIntroduction":{"score":9,"maxScore":9,"error":0},"keyphraseInSubHeadings":[],"keyphraseInImageAlt":{"score":9,"maxScore":9,"error":0},"keywordDensity":{"type":"best","score":9,"maxScore":9,"error":0}}},"additional":[{"keyphrase":"Franja de Gaza","score":87,"analysis":{"keyphraseInDescription":{"score":9,"maxScore":9,"error":0},"keyphraseLength":{"score":9,"maxScore":9,"error":0,"length":3},"keyphraseInIntroduction":{"score":9,"maxScore":9,"error":0},"keyphraseInImageAlt":{"score":3,"maxScore":9,"error":1},"keywordDensity":{"type":"best","score":9,"maxScore":9,"error":0}}}]},"primary_term":null,"canonical_url":null,"og_title":null,"og_description":null,"og_object_type":"default","og_image_type":"default","og_image_url":null,"og_image_width":null,"og_image_height":null,"og_image_custom_url":null,"og_image_custom_fields":null,"og_video":"","og_custom_url":null,"og_article_section":null,"og_article_tags":[],"twitter_use_og":false,"twitter_card":"default","twitter_image_type":"default","twitter_image_url":null,"twitter_image_custom_url":null,"twitter_image_custom_fields":null,"twitter_title":null,"twitter_description":null,"schema":{"blockGraphs":[],"customGraphs":[],"default":{"data":{"Article":[],"Course":[],"Dataset":[],"FAQPage":[],"Movie":[],"Person":[],"Product":[],"ProductReview":[],"Car":[],"Recipe":[],"Service":[],"SoftwareApplication":[],"WebPage":[]},"graphName":"Article","isEnabled":true},"graphs":[]},"schema_type":"default","schema_type_options":null,"pillar_content":false,"robots_default":true,"robots_noindex":false,"robots_noarchive":false,"robots_nosnippet":false,"robots_nofollow":false,"robots_noimageindex":false,"robots_noodp":false,"robots_notranslate":false,"robots_max_snippet":"-1","robots_max_videopreview":"-1","robots_max_imagepreview":"large","priority":null,"frequency":"default","location":null,"local_seo":null,"seo_analyzer_scan_date":"2025-09-02 06:34:09","breadcrumb_settings":null,"limit_modified_date":false,"reviewed_by":null,"open_ai":"{\"title\":{\"suggestions\":[],\"usage\":0},\"description\":{\"suggestions\":[],\"usage\":0}}","ai":null,"created":"2024-04-08 20:04:53","updated":"2025-09-02 06:34:09"},"aioseo_breadcrumb":"<div class=\"aioseo-breadcrumbs\"><span class=\"aioseo-breadcrumb\">\n\t<a href=\"https:\/\/candas365.es\/noticias\" title=\"Home\">Home<\/a>\n<\/span><span class=\"aioseo-breadcrumb-separator\">&ndash;<\/span><span class=\"aioseo-breadcrumb\">\n\t<a href=\"https:\/\/candas365.es\/noticias\/category\/internacional\/\" title=\"Internacional\">Internacional<\/a>\n<\/span><span class=\"aioseo-breadcrumb-separator\">&ndash;<\/span><span class=\"aioseo-breadcrumb\">\n\tAlemania despliega otro avi\u00f3n para vuelos de ayuda a Gaza\n<\/span><\/div>","aioseo_breadcrumb_json":[{"label":"Home","link":"https:\/\/candas365.es\/noticias"},{"label":"Internacional","link":"https:\/\/candas365.es\/noticias\/category\/internacional\/"},{"label":"Alemania despliega otro avi\u00f3n para vuelos de ayuda a Gaza","link":"https:\/\/candas365.es\/noticias\/alemania-despliega-otro-avion-para-vuelos-de-ayuda-a-gaza\/"}],"_links":{"self":[{"href":"https:\/\/candas365.es\/noticias\/wp-json\/wp\/v2\/posts\/179421","targetHints":{"allow":["GET"]}}],"collection":[{"href":"https:\/\/candas365.es\/noticias\/wp-json\/wp\/v2\/posts"}],"about":[{"href":"https:\/\/candas365.es\/noticias\/wp-json\/wp\/v2\/types\/post"}],"author":[{"embeddable":true,"href":"https:\/\/candas365.es\/noticias\/wp-json\/wp\/v2\/users\/1"}],"replies":[{"embeddable":true,"href":"https:\/\/candas365.es\/noticias\/wp-json\/wp\/v2\/comments?post=179421"}],"version-history":[{"count":0,"href":"https:\/\/candas365.es\/noticias\/wp-json\/wp\/v2\/posts\/179421\/revisions"}],"wp:featuredmedia":[{"embeddable":true,"href":"https:\/\/candas365.es\/noticias\/wp-json\/wp\/v2\/media\/179422"}],"wp:attachment":[{"href":"https:\/\/candas365.es\/noticias\/wp-json\/wp\/v2\/media?parent=179421"}],"wp:term":[{"taxonomy":"category","embeddable":true,"href":"https:\/\/candas365.es\/noticias\/wp-json\/wp\/v2\/categories?post=179421"},{"taxonomy":"post_tag","embeddable":true,"href":"https:\/\/candas365.es\/noticias\/wp-json\/wp\/v2\/tags?post=179421"}],"curies":[{"name":"wp","href":"https:\/\/api.w.org\/{rel}","templated":true}]}}