{"id":179366,"date":"2024-04-07T00:04:17","date_gmt":"2024-04-06T22:04:17","guid":{"rendered":"https:\/\/candas365.es\/noticias\/?p=179366"},"modified":"2024-04-07T00:04:17","modified_gmt":"2024-04-06T22:04:17","slug":"la-fiscalia-de-berlin-ha-recibido-unas-680-denuncias-relacionadas-con-la-guerra-de-gaza","status":"publish","type":"post","link":"https:\/\/candas365.es\/noticias\/la-fiscalia-de-berlin-ha-recibido-unas-680-denuncias-relacionadas-con-la-guerra-de-gaza\/","title":{"rendered":"La Fiscal\u00eda de Berl\u00edn ha recibido unas 680 denuncias relacionadas con la guerra de Gaza"},"content":{"rendered":"<p>Berl\u00edn, 6 abr (<a title=\"dpa\" href=\"https:\/\/www.dpa-news.de\/\" target=\"_blank\" rel=\"nofollow noopener\"><span style=\"color: #ff6600;\"><strong>dpa<\/strong><\/span><\/a>) &#8211; Seis meses despu\u00e9s del ataque terrorista contra Israel perpetrado por el grupo islamista Ham\u00e1s, la Fiscal\u00eda de Berl\u00edn ha recibido unas 680 denuncias relacionadas con la<span style=\"color: #ff6600;\"> <a style=\"color: #ff6600;\" href=\"https:\/\/candas365.es\/noticias\/tag\/conflictos\/\"><strong>guerra de Gaza<\/strong><\/a><\/span>.<\/p>\n<figure id=\"attachment_179367\" aria-describedby=\"caption-attachment-179367\" style=\"width: 650px\" class=\"wp-caption aligncenter\"><img fetchpriority=\"high\" decoding=\"async\" class=\"size-large wp-image-179367\" src=\"https:\/\/candas365.es\/noticias\/wp-content\/uploads\/2024\/04\/Manifestacion-conflicto-Gaza-650x429.jpg\" alt=\"Manifestaci\u00f3n conflicto Gaza\" width=\"650\" height=\"429\" srcset=\"https:\/\/candas365.es\/noticias\/wp-content\/uploads\/2024\/04\/Manifestacion-conflicto-Gaza-650x429.jpg 650w, https:\/\/candas365.es\/noticias\/wp-content\/uploads\/2024\/04\/Manifestacion-conflicto-Gaza-360x238.jpg 360w, https:\/\/candas365.es\/noticias\/wp-content\/uploads\/2024\/04\/Manifestacion-conflicto-Gaza-768x507.jpg 768w, https:\/\/candas365.es\/noticias\/wp-content\/uploads\/2024\/04\/Manifestacion-conflicto-Gaza-150x99.jpg 150w, https:\/\/candas365.es\/noticias\/wp-content\/uploads\/2024\/04\/Manifestacion-conflicto-Gaza-450x297.jpg 450w, https:\/\/candas365.es\/noticias\/wp-content\/uploads\/2024\/04\/Manifestacion-conflicto-Gaza.jpg 998w\" sizes=\"(max-width: 650px) 100vw, 650px\" \/><figcaption id=\"caption-attachment-179367\" class=\"wp-caption-text\">Foto: Christoph Soeder\/dpa<\/figcaption><\/figure>\n<p>Alrededor de 130 de estos casos se refieren a delitos penales cometidos durante manifestaciones sobre el conflicto del Cercano Oriente, precis\u00f3 ante una consulta una portavoz de la fiscal\u00eda berlinesa.<\/p>\n<p>En 209 casos se conocen los nombres de los acusados. Seg\u00fan la fiscal\u00eda, hasta ahora se han presentado cargos en ocho ocasiones. En 16 casos, las condenas se dictar\u00e1n por auto de procedimiento abreviado, es decir, sin vista oral en el tribunal.<\/p>\n<p>La condena de un joven de 25 a\u00f1os que particip\u00f3 en disturbios durante una manifestaci\u00f3n en octubre de 2023 ya es firme, detall\u00f3 la fiscal\u00eda. El pasado mes de noviembre, un tribunal de distrito le impuso una condena de ocho meses con suspensi\u00f3n de pena por alteraci\u00f3n del orden p\u00fablico con agravantes.<\/p>\n<p>Fue el primer juicio celebrado en Berl\u00edn tras los enfrentamientos entre manifestantes y polic\u00edas durante las protestas relacionadas con la guerra de Gaza.<\/p>\n<p>Desde el ataque terrorista a Israel del 7 de octubre de 2023, se han celebrado numerosas concentraciones y manifestaciones en la capital alemana, sobre todo por parte de la comunidad propalestina. Especialmente en las primeras semanas tras la masacre, se produjeron repetidos enfrentamientos con la polic\u00eda y actos violentos.<\/p>\n<p>Adem\u00e1s, la polic\u00eda y los centros de informaci\u00f3n de la red Rias han registrado un fuerte aumento de los incidentes antisemitas desde el ataque terrorista.<\/p>\n<p>En Berl\u00edn, la mayor\u00eda de los casos siguen en manos de la Polic\u00eda, donde se ocupa de ellos el departamento de seguridad del Estado responsable de los delitos de motivaci\u00f3n pol\u00edtica.<\/p>\n<p>El ataque contra el estudiante jud\u00edo Lahav Shapira en la Universidad Libre de Berl\u00edn (FU) salt\u00f3 a los titulares en febrero. El joven, de 30 a\u00f1os, fue hospitalizado con fracturas en la cara.<\/p>\n<p>La fiscal\u00eda est\u00e1 investigando a un compa\u00f1ero de estudios propalestino de nacionalidad alemana por lesiones corporales peligrosas y calificando el caso de delito de odio.<\/p>\n","protected":false},"excerpt":{"rendered":"<p>Berl\u00edn, 6 abr (dpa) &#8211; Seis meses despu\u00e9s del ataque terrorista contra Israel perpetrado por el grupo islamista Ham\u00e1s, la Fiscal\u00eda de Berl\u00edn ha recibido unas 680 denuncias relacionadas con la guerra de Gaza. Alrededor de 130 de estos casos se refieren a delitos penales cometidos durante manifestaciones sobre el conflicto del Cercano Oriente, precis\u00f3<\/p>\n","protected":false},"author":1,"featured_media":179367,"comment_status":"closed","ping_status":"closed","sticky":false,"template":"","format":"standard","meta":{"footnotes":""},"categories":[485],"tags":[417,464],"class_list":{"0":"post-179366","1":"post","2":"type-post","3":"status-publish","4":"format-standard","5":"has-post-thumbnail","7":"category-internacional","8":"tag-alemania","9":"tag-conflictos"},"aioseo_notices":[],"aioseo_head":"\n\t\t<!-- All in One SEO Pro 4.9.6.2 - aioseo.com -->\n\t<meta name=\"description\" content=\"Berl\u00edn, 6 abr (dpa) - Seis meses despu\u00e9s del ataque terrorista contra Israel perpetrado por el grupo islamista Ham\u00e1s, la Fiscal\u00eda de Berl\u00edn ha recibido unas 680\" \/>\n\t<meta name=\"robots\" content=\"max-image-preview:large\" \/>\n\t<meta name=\"author\" content=\"Cand\u00e1s 365\"\/>\n\t<meta name=\"google-site-verification\" content=\"UA-32230408-1\" \/>\n\t<meta name=\"msvalidate.01\" content=\"354F3CDFB2DA171B47FBE9ABF1F88D5\" \/>\n\t<meta name=\"keywords\" content=\"internacional\" \/>\n\t<link rel=\"canonical\" href=\"https:\/\/candas365.es\/noticias\/la-fiscalia-de-berlin-ha-recibido-unas-680-denuncias-relacionadas-con-la-guerra-de-gaza\/\" \/>\n\t<meta name=\"generator\" content=\"All in One SEO Pro (AIOSEO) 4.9.6.2\" \/>\n\t\t<meta property=\"og:locale\" content=\"es_ES\" \/>\n\t\t<meta property=\"og:site_name\" content=\"Cand\u00e1s 365\" \/>\n\t\t<meta property=\"og:type\" content=\"article\" \/>\n\t\t<meta property=\"og:title\" content=\"La Fiscal\u00eda de Berl\u00edn ha recibido unas 680 denuncias relacionadas con la guerra de Gaza | Cand\u00e1s 365\" \/>\n\t\t<meta property=\"og:description\" content=\"Berl\u00edn, 6 abr (dpa) - Seis meses despu\u00e9s del ataque terrorista contra Israel perpetrado por el grupo islamista Ham\u00e1s, la Fiscal\u00eda de Berl\u00edn ha recibido unas 680\" \/>\n\t\t<meta property=\"og:url\" content=\"https:\/\/candas365.es\/noticias\/la-fiscalia-de-berlin-ha-recibido-unas-680-denuncias-relacionadas-con-la-guerra-de-gaza\/\" \/>\n\t\t<meta property=\"og:image\" content=\"https:\/\/candas365.es\/noticias\/wp-content\/uploads\/2024\/04\/Manifestacion-conflicto-Gaza.jpg\" \/>\n\t\t<meta property=\"og:image:secure_url\" content=\"https:\/\/candas365.es\/noticias\/wp-content\/uploads\/2024\/04\/Manifestacion-conflicto-Gaza.jpg\" \/>\n\t\t<meta property=\"og:image:width\" content=\"998\" \/>\n\t\t<meta property=\"og:image:height\" content=\"659\" \/>\n\t\t<meta property=\"article:published_time\" content=\"2024-04-06T22:04:17+00:00\" \/>\n\t\t<meta property=\"article:modified_time\" content=\"2024-04-06T22:04:17+00:00\" \/>\n\t\t<meta property=\"article:publisher\" content=\"https:\/\/www.facebook.com\/Nachofdezber\" \/>\n\t\t<meta property=\"article:author\" content=\"https:\/\/www.facebook.com\/carrenoactualidad\" \/>\n\t\t<meta name=\"twitter:card\" content=\"summary_large_image\" \/>\n\t\t<meta name=\"twitter:site\" content=\"@NabercoDigital\" \/>\n\t\t<meta name=\"twitter:title\" content=\"La Fiscal\u00eda de Berl\u00edn ha recibido unas 680 denuncias relacionadas con la guerra de Gaza | Cand\u00e1s 365\" \/>\n\t\t<meta name=\"twitter:description\" content=\"Berl\u00edn, 6 abr (dpa) - Seis meses despu\u00e9s del ataque terrorista contra Israel perpetrado por el grupo islamista Ham\u00e1s, la Fiscal\u00eda de Berl\u00edn ha recibido unas 680\" \/>\n\t\t<meta name=\"twitter:creator\" content=\"@nbasturias\" \/>\n\t\t<meta name=\"twitter:image\" content=\"https:\/\/candas365.es\/noticias\/wp-content\/uploads\/2024\/04\/Manifestacion-conflicto-Gaza.jpg\" \/>\n\t\t<meta name=\"twitter:label1\" content=\"Escrito por\" \/>\n\t\t<meta name=\"twitter:data1\" content=\"Cand\u00e1s 365\" \/>\n\t\t<meta name=\"twitter:label2\" content=\"Tiempo de lectura estimado\" \/>\n\t\t<meta name=\"twitter:data2\" content=\"2 minutos\" \/>\n\t\t<script type=\"application\/ld+json\" class=\"aioseo-schema\">\n\t\t\t{\"@context\":\"https:\\\/\\\/schema.org\",\"@graph\":[{\"@type\":\"BreadcrumbList\",\"@id\":\"https:\\\/\\\/candas365.es\\\/noticias\\\/la-fiscalia-de-berlin-ha-recibido-unas-680-denuncias-relacionadas-con-la-guerra-de-gaza\\\/#breadcrumblist\",\"itemListElement\":[{\"@type\":\"ListItem\",\"@id\":\"https:\\\/\\\/candas365.es\\\/noticias#listItem\",\"position\":1,\"name\":\"Home\",\"item\":\"https:\\\/\\\/candas365.es\\\/noticias\",\"nextItem\":{\"@type\":\"ListItem\",\"@id\":\"https:\\\/\\\/candas365.es\\\/noticias\\\/category\\\/internacional\\\/#listItem\",\"name\":\"Internacional\"}},{\"@type\":\"ListItem\",\"@id\":\"https:\\\/\\\/candas365.es\\\/noticias\\\/category\\\/internacional\\\/#listItem\",\"position\":2,\"name\":\"Internacional\",\"item\":\"https:\\\/\\\/candas365.es\\\/noticias\\\/category\\\/internacional\\\/\",\"nextItem\":{\"@type\":\"ListItem\",\"@id\":\"https:\\\/\\\/candas365.es\\\/noticias\\\/la-fiscalia-de-berlin-ha-recibido-unas-680-denuncias-relacionadas-con-la-guerra-de-gaza\\\/#listItem\",\"name\":\"La Fiscal\\u00eda de Berl\\u00edn ha recibido unas 680 denuncias relacionadas con la guerra de Gaza\"},\"previousItem\":{\"@type\":\"ListItem\",\"@id\":\"https:\\\/\\\/candas365.es\\\/noticias#listItem\",\"name\":\"Home\"}},{\"@type\":\"ListItem\",\"@id\":\"https:\\\/\\\/candas365.es\\\/noticias\\\/la-fiscalia-de-berlin-ha-recibido-unas-680-denuncias-relacionadas-con-la-guerra-de-gaza\\\/#listItem\",\"position\":3,\"name\":\"La Fiscal\\u00eda de Berl\\u00edn ha recibido unas 680 denuncias relacionadas con la guerra de Gaza\",\"previousItem\":{\"@type\":\"ListItem\",\"@id\":\"https:\\\/\\\/candas365.es\\\/noticias\\\/category\\\/internacional\\\/#listItem\",\"name\":\"Internacional\"}}]},{\"@type\":\"NewsArticle\",\"@id\":\"https:\\\/\\\/candas365.es\\\/noticias\\\/la-fiscalia-de-berlin-ha-recibido-unas-680-denuncias-relacionadas-con-la-guerra-de-gaza\\\/#newsarticle\",\"name\":\"La Fiscal\\u00eda de Berl\\u00edn ha recibido unas 680 denuncias relacionadas con la guerra de Gaza | Cand\\u00e1s 365\",\"headline\":\"La Fiscal\\u00eda de Berl\\u00edn ha recibido unas 680 denuncias relacionadas con la guerra de Gaza\",\"author\":{\"@id\":\"https:\\\/\\\/candas365.es\\\/noticias\\\/author\\\/admin\\\/#author\"},\"publisher\":{\"@id\":\"https:\\\/\\\/candas365.es\\\/noticias\\\/#organization\"},\"image\":{\"@type\":\"ImageObject\",\"url\":\"https:\\\/\\\/candas365.es\\\/noticias\\\/wp-content\\\/uploads\\\/2024\\\/04\\\/Manifestacion-conflicto-Gaza.jpg\",\"width\":998,\"height\":659,\"caption\":\"Foto: Christoph Soeder\\\/dpa\"},\"datePublished\":\"2024-04-07T00:04:17+02:00\",\"dateModified\":\"2024-04-07T00:04:17+02:00\",\"inLanguage\":\"es-ES\",\"mainEntityOfPage\":{\"@id\":\"https:\\\/\\\/candas365.es\\\/noticias\\\/la-fiscalia-de-berlin-ha-recibido-unas-680-denuncias-relacionadas-con-la-guerra-de-gaza\\\/#webpage\"},\"isPartOf\":{\"@id\":\"https:\\\/\\\/candas365.es\\\/noticias\\\/la-fiscalia-de-berlin-ha-recibido-unas-680-denuncias-relacionadas-con-la-guerra-de-gaza\\\/#webpage\"},\"articleSection\":\"Internacional, Alemania, conflictos\",\"dateline\":\"Publicado el abril 7, 2024.\"},{\"@type\":\"Organization\",\"@id\":\"https:\\\/\\\/candas365.es\\\/noticias\\\/#organization\",\"name\":\"Cand\\u00e1s 365\",\"description\":\"Cand\\u00e1s 365 es un diario digital independiente, fundado en 2012, con base en Asturias. Informamos con rigor sobre actualidad, sociedad, cultura y ocio, con una mirada local y global.\",\"url\":\"https:\\\/\\\/candas365.es\\\/noticias\\\/\",\"email\":\"info@candas365.es\",\"telephone\":\"+34652131393\",\"foundingDate\":\"2012-06-10\",\"logo\":{\"@type\":\"ImageObject\",\"url\":\"https:\\\/\\\/candas365.es\\\/noticias\\\/wp-content\\\/uploads\\\/2024\\\/09\\\/Candas-365-Redes.jpg\",\"@id\":\"https:\\\/\\\/candas365.es\\\/noticias\\\/la-fiscalia-de-berlin-ha-recibido-unas-680-denuncias-relacionadas-con-la-guerra-de-gaza\\\/#organizationLogo\",\"width\":1152,\"height\":864,\"caption\":\"Cand\\u00e1s 365 Redes\"},\"image\":{\"@id\":\"https:\\\/\\\/candas365.es\\\/noticias\\\/la-fiscalia-de-berlin-ha-recibido-unas-680-denuncias-relacionadas-con-la-guerra-de-gaza\\\/#organizationLogo\"},\"sameAs\":[\"https:\\\/\\\/www.facebook.com\\\/Nachofdezber\",\"https:\\\/\\\/x.com\\\/NabercoDigital\",\"https:\\\/\\\/www.instagram.com\\\/nachofdezber\\\/\",\"https:\\\/\\\/www.youtube.com\\\/channel\\\/UCZP-2wLEB9Rv6erhFmqVnvg\"],\"address\":{\"@id\":\"https:\\\/\\\/candas365.es\\\/noticias\\\/#postaladdress\",\"@type\":\"PostalAddress\",\"streetAddress\":\"san antonio 4, san antonio 4\",\"postalCode\":\"33430\",\"addressLocality\":\"Cand\\u00e1s\",\"addressRegion\":\"Asturias\",\"addressCountry\":\"ES\"}},{\"@type\":\"Person\",\"@id\":\"https:\\\/\\\/candas365.es\\\/noticias\\\/author\\\/admin\\\/#author\",\"url\":\"https:\\\/\\\/candas365.es\\\/noticias\\\/author\\\/admin\\\/\",\"name\":\"Cand\\u00e1s 365\",\"image\":{\"@type\":\"ImageObject\",\"@id\":\"https:\\\/\\\/candas365.es\\\/noticias\\\/la-fiscalia-de-berlin-ha-recibido-unas-680-denuncias-relacionadas-con-la-guerra-de-gaza\\\/#authorImage\",\"url\":\"https:\\\/\\\/secure.gravatar.com\\\/avatar\\\/496a8e03d0c493ede1718b7934145dbdf8d89be1036b0eec9544e1094c9de390?s=96&d=mm&r=g\",\"width\":96,\"height\":96,\"caption\":\"Cand\\u00e1s 365\"},\"sameAs\":[\"https:\\\/\\\/www.facebook.com\\\/carrenoactualidad\",\"https:\\\/\\\/twitter.com\\\/nbasturias\",\"https:\\\/\\\/www.instagram.com\\\/nachofdezber\\\/\",\"https:\\\/\\\/www.youtube.com\\\/channel\\\/UCZP-2wLEB9Rv6erhFmqVnvg\"]},{\"@type\":\"WebPage\",\"@id\":\"https:\\\/\\\/candas365.es\\\/noticias\\\/la-fiscalia-de-berlin-ha-recibido-unas-680-denuncias-relacionadas-con-la-guerra-de-gaza\\\/#webpage\",\"url\":\"https:\\\/\\\/candas365.es\\\/noticias\\\/la-fiscalia-de-berlin-ha-recibido-unas-680-denuncias-relacionadas-con-la-guerra-de-gaza\\\/\",\"name\":\"La Fiscal\\u00eda de Berl\\u00edn ha recibido unas 680 denuncias relacionadas con la guerra de Gaza | Cand\\u00e1s 365\",\"description\":\"Berl\\u00edn, 6 abr (dpa) - Seis meses despu\\u00e9s del ataque terrorista contra Israel perpetrado por el grupo islamista Ham\\u00e1s, la Fiscal\\u00eda de Berl\\u00edn ha recibido unas 680\",\"inLanguage\":\"es-ES\",\"isPartOf\":{\"@id\":\"https:\\\/\\\/candas365.es\\\/noticias\\\/#website\"},\"breadcrumb\":{\"@id\":\"https:\\\/\\\/candas365.es\\\/noticias\\\/la-fiscalia-de-berlin-ha-recibido-unas-680-denuncias-relacionadas-con-la-guerra-de-gaza\\\/#breadcrumblist\"},\"author\":{\"@id\":\"https:\\\/\\\/candas365.es\\\/noticias\\\/author\\\/admin\\\/#author\"},\"creator\":{\"@id\":\"https:\\\/\\\/candas365.es\\\/noticias\\\/author\\\/admin\\\/#author\"},\"image\":{\"@type\":\"ImageObject\",\"url\":\"https:\\\/\\\/candas365.es\\\/noticias\\\/wp-content\\\/uploads\\\/2024\\\/04\\\/Manifestacion-conflicto-Gaza.jpg\",\"@id\":\"https:\\\/\\\/candas365.es\\\/noticias\\\/la-fiscalia-de-berlin-ha-recibido-unas-680-denuncias-relacionadas-con-la-guerra-de-gaza\\\/#mainImage\",\"width\":998,\"height\":659,\"caption\":\"Foto: Christoph Soeder\\\/dpa\"},\"primaryImageOfPage\":{\"@id\":\"https:\\\/\\\/candas365.es\\\/noticias\\\/la-fiscalia-de-berlin-ha-recibido-unas-680-denuncias-relacionadas-con-la-guerra-de-gaza\\\/#mainImage\"},\"datePublished\":\"2024-04-07T00:04:17+02:00\",\"dateModified\":\"2024-04-07T00:04:17+02:00\"},{\"@type\":\"WebSite\",\"@id\":\"https:\\\/\\\/candas365.es\\\/noticias\\\/#website\",\"url\":\"https:\\\/\\\/candas365.es\\\/noticias\\\/\",\"name\":\"Cand\\u00e1s 365\",\"alternateName\":\"Cand\\u00e1s 365 Noticias\",\"description\":\"Actualidad desde Carre\\u00f1o para el mundo\",\"inLanguage\":\"es-ES\",\"publisher\":{\"@id\":\"https:\\\/\\\/candas365.es\\\/noticias\\\/#organization\"}}]}\n\t\t<\/script>\n\t\t<!-- All in One SEO Pro -->\r\n\t\t<title>La Fiscal\u00eda de Berl\u00edn ha recibido unas 680 denuncias relacionadas con la guerra de Gaza | Cand\u00e1s 365<\/title>\n\n","aioseo_head_json":{"title":"La Fiscal\u00eda de Berl\u00edn ha recibido unas 680 denuncias relacionadas con la guerra de Gaza | Cand\u00e1s 365","description":"Berl\u00edn, 6 abr (dpa) - Seis meses despu\u00e9s del ataque terrorista contra Israel perpetrado por el grupo islamista Ham\u00e1s, la Fiscal\u00eda de Berl\u00edn ha recibido unas 680","canonical_url":"https:\/\/candas365.es\/noticias\/la-fiscalia-de-berlin-ha-recibido-unas-680-denuncias-relacionadas-con-la-guerra-de-gaza\/","robots":"max-image-preview:large","keywords":"internacional","webmasterTools":{"google-site-verification":"UA-32230408-1","msvalidate.01":"354F3CDFB2DA171B47FBE9ABF1F88D5","miscellaneous":""},"schema":{"@context":"https:\/\/schema.org","@graph":[{"@type":"BreadcrumbList","@id":"https:\/\/candas365.es\/noticias\/la-fiscalia-de-berlin-ha-recibido-unas-680-denuncias-relacionadas-con-la-guerra-de-gaza\/#breadcrumblist","itemListElement":[{"@type":"ListItem","@id":"https:\/\/candas365.es\/noticias#listItem","position":1,"name":"Home","item":"https:\/\/candas365.es\/noticias","nextItem":{"@type":"ListItem","@id":"https:\/\/candas365.es\/noticias\/category\/internacional\/#listItem","name":"Internacional"}},{"@type":"ListItem","@id":"https:\/\/candas365.es\/noticias\/category\/internacional\/#listItem","position":2,"name":"Internacional","item":"https:\/\/candas365.es\/noticias\/category\/internacional\/","nextItem":{"@type":"ListItem","@id":"https:\/\/candas365.es\/noticias\/la-fiscalia-de-berlin-ha-recibido-unas-680-denuncias-relacionadas-con-la-guerra-de-gaza\/#listItem","name":"La Fiscal\u00eda de Berl\u00edn ha recibido unas 680 denuncias relacionadas con la guerra de Gaza"},"previousItem":{"@type":"ListItem","@id":"https:\/\/candas365.es\/noticias#listItem","name":"Home"}},{"@type":"ListItem","@id":"https:\/\/candas365.es\/noticias\/la-fiscalia-de-berlin-ha-recibido-unas-680-denuncias-relacionadas-con-la-guerra-de-gaza\/#listItem","position":3,"name":"La Fiscal\u00eda de Berl\u00edn ha recibido unas 680 denuncias relacionadas con la guerra de Gaza","previousItem":{"@type":"ListItem","@id":"https:\/\/candas365.es\/noticias\/category\/internacional\/#listItem","name":"Internacional"}}]},{"@type":"NewsArticle","@id":"https:\/\/candas365.es\/noticias\/la-fiscalia-de-berlin-ha-recibido-unas-680-denuncias-relacionadas-con-la-guerra-de-gaza\/#newsarticle","name":"La Fiscal\u00eda de Berl\u00edn ha recibido unas 680 denuncias relacionadas con la guerra de Gaza | Cand\u00e1s 365","headline":"La Fiscal\u00eda de Berl\u00edn ha recibido unas 680 denuncias relacionadas con la guerra de Gaza","author":{"@id":"https:\/\/candas365.es\/noticias\/author\/admin\/#author"},"publisher":{"@id":"https:\/\/candas365.es\/noticias\/#organization"},"image":{"@type":"ImageObject","url":"https:\/\/candas365.es\/noticias\/wp-content\/uploads\/2024\/04\/Manifestacion-conflicto-Gaza.jpg","width":998,"height":659,"caption":"Foto: Christoph Soeder\/dpa"},"datePublished":"2024-04-07T00:04:17+02:00","dateModified":"2024-04-07T00:04:17+02:00","inLanguage":"es-ES","mainEntityOfPage":{"@id":"https:\/\/candas365.es\/noticias\/la-fiscalia-de-berlin-ha-recibido-unas-680-denuncias-relacionadas-con-la-guerra-de-gaza\/#webpage"},"isPartOf":{"@id":"https:\/\/candas365.es\/noticias\/la-fiscalia-de-berlin-ha-recibido-unas-680-denuncias-relacionadas-con-la-guerra-de-gaza\/#webpage"},"articleSection":"Internacional, Alemania, conflictos","dateline":"Publicado el abril 7, 2024."},{"@type":"Organization","@id":"https:\/\/candas365.es\/noticias\/#organization","name":"Cand\u00e1s 365","description":"Cand\u00e1s 365 es un diario digital independiente, fundado en 2012, con base en Asturias. Informamos con rigor sobre actualidad, sociedad, cultura y ocio, con una mirada local y global.","url":"https:\/\/candas365.es\/noticias\/","email":"info@candas365.es","telephone":"+34652131393","foundingDate":"2012-06-10","logo":{"@type":"ImageObject","url":"https:\/\/candas365.es\/noticias\/wp-content\/uploads\/2024\/09\/Candas-365-Redes.jpg","@id":"https:\/\/candas365.es\/noticias\/la-fiscalia-de-berlin-ha-recibido-unas-680-denuncias-relacionadas-con-la-guerra-de-gaza\/#organizationLogo","width":1152,"height":864,"caption":"Cand\u00e1s 365 Redes"},"image":{"@id":"https:\/\/candas365.es\/noticias\/la-fiscalia-de-berlin-ha-recibido-unas-680-denuncias-relacionadas-con-la-guerra-de-gaza\/#organizationLogo"},"sameAs":["https:\/\/www.facebook.com\/Nachofdezber","https:\/\/x.com\/NabercoDigital","https:\/\/www.instagram.com\/nachofdezber\/","https:\/\/www.youtube.com\/channel\/UCZP-2wLEB9Rv6erhFmqVnvg"],"address":{"@id":"https:\/\/candas365.es\/noticias\/#postaladdress","@type":"PostalAddress","streetAddress":"san antonio 4, san antonio 4","postalCode":"33430","addressLocality":"Cand\u00e1s","addressRegion":"Asturias","addressCountry":"ES"}},{"@type":"Person","@id":"https:\/\/candas365.es\/noticias\/author\/admin\/#author","url":"https:\/\/candas365.es\/noticias\/author\/admin\/","name":"Cand\u00e1s 365","image":{"@type":"ImageObject","@id":"https:\/\/candas365.es\/noticias\/la-fiscalia-de-berlin-ha-recibido-unas-680-denuncias-relacionadas-con-la-guerra-de-gaza\/#authorImage","url":"https:\/\/secure.gravatar.com\/avatar\/496a8e03d0c493ede1718b7934145dbdf8d89be1036b0eec9544e1094c9de390?s=96&d=mm&r=g","width":96,"height":96,"caption":"Cand\u00e1s 365"},"sameAs":["https:\/\/www.facebook.com\/carrenoactualidad","https:\/\/twitter.com\/nbasturias","https:\/\/www.instagram.com\/nachofdezber\/","https:\/\/www.youtube.com\/channel\/UCZP-2wLEB9Rv6erhFmqVnvg"]},{"@type":"WebPage","@id":"https:\/\/candas365.es\/noticias\/la-fiscalia-de-berlin-ha-recibido-unas-680-denuncias-relacionadas-con-la-guerra-de-gaza\/#webpage","url":"https:\/\/candas365.es\/noticias\/la-fiscalia-de-berlin-ha-recibido-unas-680-denuncias-relacionadas-con-la-guerra-de-gaza\/","name":"La Fiscal\u00eda de Berl\u00edn ha recibido unas 680 denuncias relacionadas con la guerra de Gaza | Cand\u00e1s 365","description":"Berl\u00edn, 6 abr (dpa) - Seis meses despu\u00e9s del ataque terrorista contra Israel perpetrado por el grupo islamista Ham\u00e1s, la Fiscal\u00eda de Berl\u00edn ha recibido unas 680","inLanguage":"es-ES","isPartOf":{"@id":"https:\/\/candas365.es\/noticias\/#website"},"breadcrumb":{"@id":"https:\/\/candas365.es\/noticias\/la-fiscalia-de-berlin-ha-recibido-unas-680-denuncias-relacionadas-con-la-guerra-de-gaza\/#breadcrumblist"},"author":{"@id":"https:\/\/candas365.es\/noticias\/author\/admin\/#author"},"creator":{"@id":"https:\/\/candas365.es\/noticias\/author\/admin\/#author"},"image":{"@type":"ImageObject","url":"https:\/\/candas365.es\/noticias\/wp-content\/uploads\/2024\/04\/Manifestacion-conflicto-Gaza.jpg","@id":"https:\/\/candas365.es\/noticias\/la-fiscalia-de-berlin-ha-recibido-unas-680-denuncias-relacionadas-con-la-guerra-de-gaza\/#mainImage","width":998,"height":659,"caption":"Foto: Christoph Soeder\/dpa"},"primaryImageOfPage":{"@id":"https:\/\/candas365.es\/noticias\/la-fiscalia-de-berlin-ha-recibido-unas-680-denuncias-relacionadas-con-la-guerra-de-gaza\/#mainImage"},"datePublished":"2024-04-07T00:04:17+02:00","dateModified":"2024-04-07T00:04:17+02:00"},{"@type":"WebSite","@id":"https:\/\/candas365.es\/noticias\/#website","url":"https:\/\/candas365.es\/noticias\/","name":"Cand\u00e1s 365","alternateName":"Cand\u00e1s 365 Noticias","description":"Actualidad desde Carre\u00f1o para el mundo","inLanguage":"es-ES","publisher":{"@id":"https:\/\/candas365.es\/noticias\/#organization"}}]},"og:locale":"es_ES","og:site_name":"Cand\u00e1s 365","og:type":"article","og:title":"La Fiscal\u00eda de Berl\u00edn ha recibido unas 680 denuncias relacionadas con la guerra de Gaza | Cand\u00e1s 365","og:description":"Berl\u00edn, 6 abr (dpa) - Seis meses despu\u00e9s del ataque terrorista contra Israel perpetrado por el grupo islamista Ham\u00e1s, la Fiscal\u00eda de Berl\u00edn ha recibido unas 680","og:url":"https:\/\/candas365.es\/noticias\/la-fiscalia-de-berlin-ha-recibido-unas-680-denuncias-relacionadas-con-la-guerra-de-gaza\/","og:image":"https:\/\/candas365.es\/noticias\/wp-content\/uploads\/2024\/04\/Manifestacion-conflicto-Gaza.jpg","og:image:secure_url":"https:\/\/candas365.es\/noticias\/wp-content\/uploads\/2024\/04\/Manifestacion-conflicto-Gaza.jpg","og:image:width":998,"og:image:height":659,"article:published_time":"2024-04-06T22:04:17+00:00","article:modified_time":"2024-04-06T22:04:17+00:00","article:publisher":"https:\/\/www.facebook.com\/Nachofdezber","article:author":"https:\/\/www.facebook.com\/carrenoactualidad","twitter:card":"summary_large_image","twitter:site":"@NabercoDigital","twitter:title":"La Fiscal\u00eda de Berl\u00edn ha recibido unas 680 denuncias relacionadas con la guerra de Gaza | Cand\u00e1s 365","twitter:description":"Berl\u00edn, 6 abr (dpa) - Seis meses despu\u00e9s del ataque terrorista contra Israel perpetrado por el grupo islamista Ham\u00e1s, la Fiscal\u00eda de Berl\u00edn ha recibido unas 680","twitter:creator":"@nbasturias","twitter:image":"https:\/\/candas365.es\/noticias\/wp-content\/uploads\/2024\/04\/Manifestacion-conflicto-Gaza.jpg","twitter:label1":"Escrito por","twitter:data1":"Cand\u00e1s 365","twitter:label2":"Tiempo de lectura estimado","twitter:data2":"2 minutos"},"aioseo_meta_data":{"post_id":"179366","title":null,"description":"Berl\u00edn, 6 abr (dpa) - Seis meses despu\u00e9s del ataque terrorista contra Israel perpetrado por el grupo islamista Ham\u00e1s, la Fiscal\u00eda de Berl\u00edn ha recibido unas 680","keywords":[],"keyphrases":{"focus":{"keyphrase":"Gaza","score":83,"analysis":{"keyphraseInTitle":{"score":9,"maxScore":9,"error":0},"keyphraseInDescription":{"score":3,"maxScore":9,"error":1},"keyphraseLength":{"score":9,"maxScore":9,"error":0,"length":1},"keyphraseInURL":{"score":1,"maxScore":5,"error":1},"keyphraseInIntroduction":{"score":9,"maxScore":9,"error":0},"keyphraseInSubHeadings":[],"keyphraseInImageAlt":{"score":9,"maxScore":9,"error":0},"keywordDensity":{"type":"best","score":9,"maxScore":9,"error":0}}},"additional":[{"keyphrase":"Berl\u00edn","score":87,"analysis":{"keyphraseInDescription":{"score":9,"maxScore":9,"error":0},"keyphraseLength":{"score":9,"maxScore":9,"error":0,"length":2},"keyphraseInIntroduction":{"score":9,"maxScore":9,"error":0},"keyphraseInImageAlt":{"score":3,"maxScore":9,"error":1},"keywordDensity":{"type":"best","score":9,"maxScore":9,"error":0}}}]},"primary_term":null,"canonical_url":null,"og_title":null,"og_description":null,"og_object_type":"default","og_image_type":"default","og_image_url":null,"og_image_width":null,"og_image_height":null,"og_image_custom_url":null,"og_image_custom_fields":null,"og_video":"","og_custom_url":null,"og_article_section":null,"og_article_tags":[],"twitter_use_og":false,"twitter_card":"default","twitter_image_type":"default","twitter_image_url":null,"twitter_image_custom_url":null,"twitter_image_custom_fields":null,"twitter_title":null,"twitter_description":null,"schema":{"blockGraphs":[],"customGraphs":[],"default":{"data":{"Article":[],"Course":[],"Dataset":[],"FAQPage":[],"Movie":[],"Person":[],"Product":[],"ProductReview":[],"Car":[],"Recipe":[],"Service":[],"SoftwareApplication":[],"WebPage":[]},"graphName":"Article","isEnabled":true},"graphs":[]},"schema_type":"default","schema_type_options":null,"pillar_content":false,"robots_default":true,"robots_noindex":false,"robots_noarchive":false,"robots_nosnippet":false,"robots_nofollow":false,"robots_noimageindex":false,"robots_noodp":false,"robots_notranslate":false,"robots_max_snippet":"-1","robots_max_videopreview":"-1","robots_max_imagepreview":"large","priority":null,"frequency":"default","location":null,"local_seo":null,"seo_analyzer_scan_date":"2025-09-02 06:26:24","breadcrumb_settings":null,"limit_modified_date":false,"reviewed_by":null,"open_ai":"{\"title\":{\"suggestions\":[],\"usage\":0},\"description\":{\"suggestions\":[],\"usage\":0}}","ai":null,"created":"2024-04-06 21:58:05","updated":"2025-09-02 06:26:24"},"aioseo_breadcrumb":"<div class=\"aioseo-breadcrumbs\"><span class=\"aioseo-breadcrumb\">\n\t<a href=\"https:\/\/candas365.es\/noticias\" title=\"Home\">Home<\/a>\n<\/span><span class=\"aioseo-breadcrumb-separator\">&ndash;<\/span><span class=\"aioseo-breadcrumb\">\n\t<a href=\"https:\/\/candas365.es\/noticias\/category\/internacional\/\" title=\"Internacional\">Internacional<\/a>\n<\/span><span class=\"aioseo-breadcrumb-separator\">&ndash;<\/span><span class=\"aioseo-breadcrumb\">\n\tLa Fiscal\u00eda de Berl\u00edn ha recibido unas 680 denuncias relacionadas con la guerra de Gaza\n<\/span><\/div>","aioseo_breadcrumb_json":[{"label":"Home","link":"https:\/\/candas365.es\/noticias"},{"label":"Internacional","link":"https:\/\/candas365.es\/noticias\/category\/internacional\/"},{"label":"La Fiscal\u00eda de Berl\u00edn ha recibido unas 680 denuncias relacionadas con la guerra de Gaza","link":"https:\/\/candas365.es\/noticias\/la-fiscalia-de-berlin-ha-recibido-unas-680-denuncias-relacionadas-con-la-guerra-de-gaza\/"}],"_links":{"self":[{"href":"https:\/\/candas365.es\/noticias\/wp-json\/wp\/v2\/posts\/179366","targetHints":{"allow":["GET"]}}],"collection":[{"href":"https:\/\/candas365.es\/noticias\/wp-json\/wp\/v2\/posts"}],"about":[{"href":"https:\/\/candas365.es\/noticias\/wp-json\/wp\/v2\/types\/post"}],"author":[{"embeddable":true,"href":"https:\/\/candas365.es\/noticias\/wp-json\/wp\/v2\/users\/1"}],"replies":[{"embeddable":true,"href":"https:\/\/candas365.es\/noticias\/wp-json\/wp\/v2\/comments?post=179366"}],"version-history":[{"count":0,"href":"https:\/\/candas365.es\/noticias\/wp-json\/wp\/v2\/posts\/179366\/revisions"}],"wp:featuredmedia":[{"embeddable":true,"href":"https:\/\/candas365.es\/noticias\/wp-json\/wp\/v2\/media\/179367"}],"wp:attachment":[{"href":"https:\/\/candas365.es\/noticias\/wp-json\/wp\/v2\/media?parent=179366"}],"wp:term":[{"taxonomy":"category","embeddable":true,"href":"https:\/\/candas365.es\/noticias\/wp-json\/wp\/v2\/categories?post=179366"},{"taxonomy":"post_tag","embeddable":true,"href":"https:\/\/candas365.es\/noticias\/wp-json\/wp\/v2\/tags?post=179366"}],"curies":[{"name":"wp","href":"https:\/\/api.w.org\/{rel}","templated":true}]}}