{"id":179357,"date":"2024-04-06T20:50:13","date_gmt":"2024-04-06T18:50:13","guid":{"rendered":"https:\/\/candas365.es\/noticias\/?p=179357"},"modified":"2024-04-06T20:50:13","modified_gmt":"2024-04-06T18:50:13","slug":"los-efectos-de-los-acontecimientos-estresantes-en-la-salud","status":"publish","type":"post","link":"https:\/\/candas365.es\/noticias\/los-efectos-de-los-acontecimientos-estresantes-en-la-salud\/","title":{"rendered":"Los efectos de los acontecimientos estresantes en la salud"},"content":{"rendered":"<p>Un estudio advierte de que los <strong>acontecimientos estresantes en la mediana edad o durante la infancia podr\u00edan estar asociados a un mayor riesgo de desarrollar alzh\u00e9imer y neuroinflamaci\u00f3n<\/strong>, respectivamente.<\/p>\n<p><img fetchpriority=\"high\" decoding=\"async\" class=\"aligncenter size-full wp-image-179358\" src=\"https:\/\/candas365.es\/noticias\/wp-content\/uploads\/2024\/04\/Efectos-de-acontecimientos-estresantes.jpg\" alt=\"Efectos de acontecimientos estresantes\" width=\"640\" height=\"431\" srcset=\"https:\/\/candas365.es\/noticias\/wp-content\/uploads\/2024\/04\/Efectos-de-acontecimientos-estresantes.jpg 640w, https:\/\/candas365.es\/noticias\/wp-content\/uploads\/2024\/04\/Efectos-de-acontecimientos-estresantes-360x242.jpg 360w, https:\/\/candas365.es\/noticias\/wp-content\/uploads\/2024\/04\/Efectos-de-acontecimientos-estresantes-150x101.jpg 150w, https:\/\/candas365.es\/noticias\/wp-content\/uploads\/2024\/04\/Efectos-de-acontecimientos-estresantes-450x303.jpg 450w\" sizes=\"(max-width: 640px) 100vw, 640px\" \/><\/p>\n<p>Los acontecimientos estresantes en la mediana edad o durante la infancia podr\u00edan estar asociados a un mayor riesgo de desarrollar alzh\u00e9imer y neuroinflamaci\u00f3n, respectivamente, seg\u00fan un estudio liderado por el Instituto de Salud Global de Barcelona (ISGlobal), centro impulsado por la Fundaci\u00f3n \u00abla Caixa\u00bb, en colaboraci\u00f3n con el Barcelona\u03b2eta Brain Research Center (BBRC), centro de investigaci\u00f3n de la Fundaci\u00f3n Pasqual Maragall.<\/p>\n<p>Seg\u00fan inform\u00f3 la Fundaci\u00f3n \u201cla Caixa\u201d, los resultados de esta investigaci\u00f3n acaban de publicarse en la revista \u2018Annals of Neurology\u2019. Los acontecimientos vitales estresantes son aquellos en los que las amenazas externas objetivas activan respuestas conductuales y psicol\u00f3gicas, por ejemplo, la muerte de un ser querido, el desempleo o la enfermedad.<\/p>\n<blockquote><p>De hecho, los investigadores subrayaron que cada vez hay m\u00e1s pruebas de que el estr\u00e9s podr\u00eda estar asociado a un mayor riesgo de demencia y deterioro cognitivo.<\/p><\/blockquote>\n<p>El objetivo de esta investigaci\u00f3n era evaluar si la acumulaci\u00f3n de acontecimientos vitales estresantes a lo largo de la vida podr\u00eda influir en el desarrollo de patolog\u00edas relacionadas con el alzh\u00e9imer en etapas posteriores. <strong>Para ello, el equipo de investigaci\u00f3n cont\u00f3 con 1.290 personas voluntarias de la cohorte ALFA de Barcelona, tambi\u00e9n apoyada por la Fundaci\u00f3n \u201dla Caixa\u201d.<\/strong><\/p>\n<p>Todas estas personas no ten\u00edan deterioro cognitivo en el momento del estudio, pero s\u00ed contaban con antecedentes familiares directos de enfermedad de Alzheimer.<\/p>\n<h2>BIOMARCADORES<\/h2>\n<p>Los participantes se sometieron a entrevistas para evaluar el n\u00famero de acontecimientos vitales estresantes. Asimismo, se les realizaron punciones lumbares y resonancias magn\u00e9ticas para analizar distintos biomarcadores relacionados con la enfermedad de Alzheimer.<\/p>\n<p>Los an\u00e1lisis estad\u00edsticos revelaron que la acumulaci\u00f3n de acontecimientos estresantes durante la mediana edad se asociaba a niveles m\u00e1s elevados de prote\u00edna \u03b2-amiloide (A\u03b2), un factor clave en el desarrollo de la enfermedad de Alzheimer.<\/p>\n<p>En este sentido, la investigadora de ISGlobal y primera autora del estudio, Eleni Palpatzis, explic\u00f3 que se sabe que <strong>\u201cla mediana edad es un periodo en el que empiezan a acumularse las patolog\u00edas relacionadas con la enfermedad de Alzheimer. Es posible que estos a\u00f1os representen un periodo vulnerable en el que experimentar estr\u00e9s psicol\u00f3gico pueda tener un impacto duradero en la salud cerebral\u201d.<\/strong><\/p>\n<h2>ESTR\u00c9S INFANTIL<\/h2>\n<p>El equipo de investigaci\u00f3n tambi\u00e9n descubri\u00f3 que niveles m\u00e1s altos de experiencias estresantes en la infancia estaban asociados con un mayor riesgo de desarrollar neuroinflamaci\u00f3n en edades m\u00e1s avanzadas.<\/p>\n<p>La inflamaci\u00f3n se reconoci\u00f3 como una respuesta molecular clave en las enfermedades neurodegenerativas y estos resultados est\u00e1n en consonancia con las nuevas pruebas que sugieren que los traumas infantiles est\u00e1n relacionados con un aumento de la inflamaci\u00f3n en la edad adulta.<\/p>\n<p>Adem\u00e1s, la acumulaci\u00f3n de acontecimientos vitales estresantes a lo largo de la vida se asoci\u00f3 con mayores niveles de prote\u00edna \u03b2-amiloide (A\u03b2) s\u00f3lo en los hombres.<strong> En las mujeres, sin embargo, los investigadores observaron que un mayor n\u00famero de experiencias estresantes a lo largo de la vida se asociaba a menores vol\u00famenes de materia gris, lo que implica que el estr\u00e9s puede tener efectos espec\u00edficos seg\u00fan el sexo.<\/strong><\/p>\n<h2>SALUD CEREBRAL<\/h2>\n<p>Por lo tanto, subray\u00f3 la investigadora de ISGlobal y \u00faltima autora del estudio, Eider Arenaza-Urquijo, \u201clos resultados sugieren que los mecanismos a trav\u00e9s de los cuales los factores estresantes de la vida afectan a la salud cerebral de hombres y mujeres son diferentes: acumulaci\u00f3n de prote\u00edna amiloide en los hombres y atrofia cerebral en las mujeres\u201d.<\/p>\n<p>Adem\u00e1s, las autoras encontraron que los acontecimientos vitales estresantes en personas con antecedentes de enfermedades psiqui\u00e1tricas se asociaron con mayores niveles de prote\u00ednas A\u03b2 y tau, neuroinflamaci\u00f3n y con un menor volumen de materia gris, l<strong>o que sugiere que esta poblaci\u00f3n podr\u00eda ser m\u00e1s susceptible a los efectos de los acontecimientos vitales estresantes, por ejemplo, debido a una menor capacidad para afrontar el estr\u00e9s que podr\u00eda hacerles m\u00e1s vulnerables.<\/strong><\/p>\n<p>(<a title=\"SERVIMEDIA\" href=\"https:\/\/www.servimedia.es\/\" target=\"_blank\" rel=\"nofollow noopener\"><span style=\"color: #ff6600;\"><strong>SERVIMEDIA<\/strong><\/span><\/a>)<\/p>\n","protected":false},"excerpt":{"rendered":"<p>Un estudio advierte de que los acontecimientos estresantes en la mediana edad o durante la infancia podr\u00edan estar asociados a un mayor riesgo de desarrollar alzh\u00e9imer y neuroinflamaci\u00f3n, respectivamente. Los acontecimientos estresantes en la mediana edad o durante la infancia podr\u00edan estar asociados a un mayor riesgo de desarrollar alzh\u00e9imer y neuroinflamaci\u00f3n, respectivamente, seg\u00fan un<\/p>\n","protected":false},"author":1,"featured_media":179358,"comment_status":"closed","ping_status":"closed","sticky":false,"template":"","format":"standard","meta":{"footnotes":""},"categories":[372],"tags":[378],"class_list":{"0":"post-179357","1":"post","2":"type-post","3":"status-publish","4":"format-standard","5":"has-post-thumbnail","7":"category-salud","8":"tag-salud"},"aioseo_notices":[],"aioseo_head":"\n\t\t<!-- All in One SEO Pro 4.9.6.2 - aioseo.com -->\n\t<meta name=\"description\" content=\"Un estudio advierte de que los acontecimientos estresantes en la mediana edad o durante la infancia podr\u00edan estar asociados a un mayor riesgo de desarrollar\" \/>\n\t<meta name=\"robots\" content=\"max-image-preview:large\" \/>\n\t<meta name=\"author\" content=\"Cand\u00e1s 365\"\/>\n\t<meta name=\"google-site-verification\" content=\"UA-32230408-1\" \/>\n\t<meta name=\"msvalidate.01\" content=\"354F3CDFB2DA171B47FBE9ABF1F88D5\" \/>\n\t<meta name=\"keywords\" content=\"salud\" \/>\n\t<link rel=\"canonical\" href=\"https:\/\/candas365.es\/noticias\/los-efectos-de-los-acontecimientos-estresantes-en-la-salud\/\" \/>\n\t<meta name=\"generator\" content=\"All in One SEO Pro (AIOSEO) 4.9.6.2\" \/>\n\t\t<meta property=\"og:locale\" content=\"es_ES\" \/>\n\t\t<meta property=\"og:site_name\" content=\"Cand\u00e1s 365\" \/>\n\t\t<meta property=\"og:type\" content=\"article\" \/>\n\t\t<meta property=\"og:title\" content=\"Los efectos de los acontecimientos estresantes en la salud | Cand\u00e1s 365\" \/>\n\t\t<meta property=\"og:description\" content=\"Un estudio advierte de que los acontecimientos estresantes en la mediana edad o durante la infancia podr\u00edan estar asociados a un mayor riesgo de desarrollar\" \/>\n\t\t<meta property=\"og:url\" content=\"https:\/\/candas365.es\/noticias\/los-efectos-de-los-acontecimientos-estresantes-en-la-salud\/\" \/>\n\t\t<meta property=\"og:image\" content=\"https:\/\/candas365.es\/noticias\/wp-content\/uploads\/2024\/04\/Efectos-de-acontecimientos-estresantes.jpg\" \/>\n\t\t<meta property=\"og:image:secure_url\" content=\"https:\/\/candas365.es\/noticias\/wp-content\/uploads\/2024\/04\/Efectos-de-acontecimientos-estresantes.jpg\" \/>\n\t\t<meta property=\"og:image:width\" content=\"640\" \/>\n\t\t<meta property=\"og:image:height\" content=\"431\" \/>\n\t\t<meta property=\"article:published_time\" content=\"2024-04-06T18:50:13+00:00\" \/>\n\t\t<meta property=\"article:modified_time\" content=\"2024-04-06T18:50:13+00:00\" \/>\n\t\t<meta property=\"article:publisher\" content=\"https:\/\/www.facebook.com\/Nachofdezber\" \/>\n\t\t<meta property=\"article:author\" content=\"https:\/\/www.facebook.com\/carrenoactualidad\" \/>\n\t\t<meta name=\"twitter:card\" content=\"summary_large_image\" \/>\n\t\t<meta name=\"twitter:site\" content=\"@NabercoDigital\" \/>\n\t\t<meta name=\"twitter:title\" content=\"Los efectos de los acontecimientos estresantes en la salud | Cand\u00e1s 365\" \/>\n\t\t<meta name=\"twitter:description\" content=\"Un estudio advierte de que los acontecimientos estresantes en la mediana edad o durante la infancia podr\u00edan estar asociados a un mayor riesgo de desarrollar\" \/>\n\t\t<meta name=\"twitter:creator\" content=\"@nbasturias\" \/>\n\t\t<meta name=\"twitter:image\" content=\"https:\/\/candas365.es\/noticias\/wp-content\/uploads\/2024\/04\/Efectos-de-acontecimientos-estresantes.jpg\" \/>\n\t\t<meta name=\"twitter:label1\" content=\"Escrito por\" \/>\n\t\t<meta name=\"twitter:data1\" content=\"Cand\u00e1s 365\" \/>\n\t\t<meta name=\"twitter:label2\" content=\"Tiempo de lectura estimado\" \/>\n\t\t<meta name=\"twitter:data2\" content=\"4 minutos\" \/>\n\t\t<script type=\"application\/ld+json\" class=\"aioseo-schema\">\n\t\t\t{\"@context\":\"https:\\\/\\\/schema.org\",\"@graph\":[{\"@type\":\"BreadcrumbList\",\"@id\":\"https:\\\/\\\/candas365.es\\\/noticias\\\/los-efectos-de-los-acontecimientos-estresantes-en-la-salud\\\/#breadcrumblist\",\"itemListElement\":[{\"@type\":\"ListItem\",\"@id\":\"https:\\\/\\\/candas365.es\\\/noticias#listItem\",\"position\":1,\"name\":\"Home\",\"item\":\"https:\\\/\\\/candas365.es\\\/noticias\",\"nextItem\":{\"@type\":\"ListItem\",\"@id\":\"https:\\\/\\\/candas365.es\\\/noticias\\\/category\\\/salud\\\/#listItem\",\"name\":\"Salud\"}},{\"@type\":\"ListItem\",\"@id\":\"https:\\\/\\\/candas365.es\\\/noticias\\\/category\\\/salud\\\/#listItem\",\"position\":2,\"name\":\"Salud\",\"item\":\"https:\\\/\\\/candas365.es\\\/noticias\\\/category\\\/salud\\\/\",\"nextItem\":{\"@type\":\"ListItem\",\"@id\":\"https:\\\/\\\/candas365.es\\\/noticias\\\/los-efectos-de-los-acontecimientos-estresantes-en-la-salud\\\/#listItem\",\"name\":\"Los efectos de los acontecimientos estresantes en la salud\"},\"previousItem\":{\"@type\":\"ListItem\",\"@id\":\"https:\\\/\\\/candas365.es\\\/noticias#listItem\",\"name\":\"Home\"}},{\"@type\":\"ListItem\",\"@id\":\"https:\\\/\\\/candas365.es\\\/noticias\\\/los-efectos-de-los-acontecimientos-estresantes-en-la-salud\\\/#listItem\",\"position\":3,\"name\":\"Los efectos de los acontecimientos estresantes en la salud\",\"previousItem\":{\"@type\":\"ListItem\",\"@id\":\"https:\\\/\\\/candas365.es\\\/noticias\\\/category\\\/salud\\\/#listItem\",\"name\":\"Salud\"}}]},{\"@type\":\"NewsArticle\",\"@id\":\"https:\\\/\\\/candas365.es\\\/noticias\\\/los-efectos-de-los-acontecimientos-estresantes-en-la-salud\\\/#newsarticle\",\"name\":\"Los efectos de los acontecimientos estresantes en la salud | Cand\\u00e1s 365\",\"headline\":\"Los efectos de los acontecimientos estresantes en la salud\",\"author\":{\"@id\":\"https:\\\/\\\/candas365.es\\\/noticias\\\/author\\\/admin\\\/#author\"},\"publisher\":{\"@id\":\"https:\\\/\\\/candas365.es\\\/noticias\\\/#organization\"},\"image\":{\"@type\":\"ImageObject\",\"url\":\"https:\\\/\\\/candas365.es\\\/noticias\\\/wp-content\\\/uploads\\\/2024\\\/04\\\/Efectos-de-acontecimientos-estresantes.jpg\",\"width\":640,\"height\":431,\"caption\":\"Efectos de acontecimientos estresantes\"},\"datePublished\":\"2024-04-06T20:50:13+02:00\",\"dateModified\":\"2024-04-06T20:50:13+02:00\",\"inLanguage\":\"es-ES\",\"mainEntityOfPage\":{\"@id\":\"https:\\\/\\\/candas365.es\\\/noticias\\\/los-efectos-de-los-acontecimientos-estresantes-en-la-salud\\\/#webpage\"},\"isPartOf\":{\"@id\":\"https:\\\/\\\/candas365.es\\\/noticias\\\/los-efectos-de-los-acontecimientos-estresantes-en-la-salud\\\/#webpage\"},\"articleSection\":\"Salud, Salud\",\"dateline\":\"Publicado el abril 6, 2024.\"},{\"@type\":\"Organization\",\"@id\":\"https:\\\/\\\/candas365.es\\\/noticias\\\/#organization\",\"name\":\"Cand\\u00e1s 365\",\"description\":\"Cand\\u00e1s 365 es un diario digital independiente, fundado en 2012, con base en Asturias. Informamos con rigor sobre actualidad, sociedad, cultura y ocio, con una mirada local y global.\",\"url\":\"https:\\\/\\\/candas365.es\\\/noticias\\\/\",\"email\":\"info@candas365.es\",\"telephone\":\"+34652131393\",\"foundingDate\":\"2012-06-10\",\"logo\":{\"@type\":\"ImageObject\",\"url\":\"https:\\\/\\\/candas365.es\\\/noticias\\\/wp-content\\\/uploads\\\/2024\\\/09\\\/Candas-365-Redes.jpg\",\"@id\":\"https:\\\/\\\/candas365.es\\\/noticias\\\/los-efectos-de-los-acontecimientos-estresantes-en-la-salud\\\/#organizationLogo\",\"width\":1152,\"height\":864,\"caption\":\"Cand\\u00e1s 365 Redes\"},\"image\":{\"@id\":\"https:\\\/\\\/candas365.es\\\/noticias\\\/los-efectos-de-los-acontecimientos-estresantes-en-la-salud\\\/#organizationLogo\"},\"sameAs\":[\"https:\\\/\\\/www.facebook.com\\\/Nachofdezber\",\"https:\\\/\\\/x.com\\\/NabercoDigital\",\"https:\\\/\\\/www.instagram.com\\\/nachofdezber\\\/\",\"https:\\\/\\\/www.youtube.com\\\/channel\\\/UCZP-2wLEB9Rv6erhFmqVnvg\"],\"address\":{\"@id\":\"https:\\\/\\\/candas365.es\\\/noticias\\\/#postaladdress\",\"@type\":\"PostalAddress\",\"streetAddress\":\"san antonio 4, san antonio 4\",\"postalCode\":\"33430\",\"addressLocality\":\"Cand\\u00e1s\",\"addressRegion\":\"Asturias\",\"addressCountry\":\"ES\"}},{\"@type\":\"Person\",\"@id\":\"https:\\\/\\\/candas365.es\\\/noticias\\\/author\\\/admin\\\/#author\",\"url\":\"https:\\\/\\\/candas365.es\\\/noticias\\\/author\\\/admin\\\/\",\"name\":\"Cand\\u00e1s 365\",\"image\":{\"@type\":\"ImageObject\",\"@id\":\"https:\\\/\\\/candas365.es\\\/noticias\\\/los-efectos-de-los-acontecimientos-estresantes-en-la-salud\\\/#authorImage\",\"url\":\"https:\\\/\\\/secure.gravatar.com\\\/avatar\\\/496a8e03d0c493ede1718b7934145dbdf8d89be1036b0eec9544e1094c9de390?s=96&d=mm&r=g\",\"width\":96,\"height\":96,\"caption\":\"Cand\\u00e1s 365\"},\"sameAs\":[\"https:\\\/\\\/www.facebook.com\\\/carrenoactualidad\",\"https:\\\/\\\/twitter.com\\\/nbasturias\",\"https:\\\/\\\/www.instagram.com\\\/nachofdezber\\\/\",\"https:\\\/\\\/www.youtube.com\\\/channel\\\/UCZP-2wLEB9Rv6erhFmqVnvg\"]},{\"@type\":\"WebPage\",\"@id\":\"https:\\\/\\\/candas365.es\\\/noticias\\\/los-efectos-de-los-acontecimientos-estresantes-en-la-salud\\\/#webpage\",\"url\":\"https:\\\/\\\/candas365.es\\\/noticias\\\/los-efectos-de-los-acontecimientos-estresantes-en-la-salud\\\/\",\"name\":\"Los efectos de los acontecimientos estresantes en la salud | Cand\\u00e1s 365\",\"description\":\"Un estudio advierte de que los acontecimientos estresantes en la mediana edad o durante la infancia podr\\u00edan estar asociados a un mayor riesgo de desarrollar\",\"inLanguage\":\"es-ES\",\"isPartOf\":{\"@id\":\"https:\\\/\\\/candas365.es\\\/noticias\\\/#website\"},\"breadcrumb\":{\"@id\":\"https:\\\/\\\/candas365.es\\\/noticias\\\/los-efectos-de-los-acontecimientos-estresantes-en-la-salud\\\/#breadcrumblist\"},\"author\":{\"@id\":\"https:\\\/\\\/candas365.es\\\/noticias\\\/author\\\/admin\\\/#author\"},\"creator\":{\"@id\":\"https:\\\/\\\/candas365.es\\\/noticias\\\/author\\\/admin\\\/#author\"},\"image\":{\"@type\":\"ImageObject\",\"url\":\"https:\\\/\\\/candas365.es\\\/noticias\\\/wp-content\\\/uploads\\\/2024\\\/04\\\/Efectos-de-acontecimientos-estresantes.jpg\",\"@id\":\"https:\\\/\\\/candas365.es\\\/noticias\\\/los-efectos-de-los-acontecimientos-estresantes-en-la-salud\\\/#mainImage\",\"width\":640,\"height\":431,\"caption\":\"Efectos de acontecimientos estresantes\"},\"primaryImageOfPage\":{\"@id\":\"https:\\\/\\\/candas365.es\\\/noticias\\\/los-efectos-de-los-acontecimientos-estresantes-en-la-salud\\\/#mainImage\"},\"datePublished\":\"2024-04-06T20:50:13+02:00\",\"dateModified\":\"2024-04-06T20:50:13+02:00\"},{\"@type\":\"WebSite\",\"@id\":\"https:\\\/\\\/candas365.es\\\/noticias\\\/#website\",\"url\":\"https:\\\/\\\/candas365.es\\\/noticias\\\/\",\"name\":\"Cand\\u00e1s 365\",\"alternateName\":\"Cand\\u00e1s 365 Noticias\",\"description\":\"Actualidad desde Carre\\u00f1o para el mundo\",\"inLanguage\":\"es-ES\",\"publisher\":{\"@id\":\"https:\\\/\\\/candas365.es\\\/noticias\\\/#organization\"}}]}\n\t\t<\/script>\n\t\t<!-- All in One SEO Pro -->\r\n\t\t<title>Los efectos de los acontecimientos estresantes en la salud | Cand\u00e1s 365<\/title>\n\n","aioseo_head_json":{"title":"Los efectos de los acontecimientos estresantes en la salud | Cand\u00e1s 365","description":"Un estudio advierte de que los acontecimientos estresantes en la mediana edad o durante la infancia podr\u00edan estar asociados a un mayor riesgo de desarrollar","canonical_url":"https:\/\/candas365.es\/noticias\/los-efectos-de-los-acontecimientos-estresantes-en-la-salud\/","robots":"max-image-preview:large","keywords":"salud","webmasterTools":{"google-site-verification":"UA-32230408-1","msvalidate.01":"354F3CDFB2DA171B47FBE9ABF1F88D5","miscellaneous":""},"schema":{"@context":"https:\/\/schema.org","@graph":[{"@type":"BreadcrumbList","@id":"https:\/\/candas365.es\/noticias\/los-efectos-de-los-acontecimientos-estresantes-en-la-salud\/#breadcrumblist","itemListElement":[{"@type":"ListItem","@id":"https:\/\/candas365.es\/noticias#listItem","position":1,"name":"Home","item":"https:\/\/candas365.es\/noticias","nextItem":{"@type":"ListItem","@id":"https:\/\/candas365.es\/noticias\/category\/salud\/#listItem","name":"Salud"}},{"@type":"ListItem","@id":"https:\/\/candas365.es\/noticias\/category\/salud\/#listItem","position":2,"name":"Salud","item":"https:\/\/candas365.es\/noticias\/category\/salud\/","nextItem":{"@type":"ListItem","@id":"https:\/\/candas365.es\/noticias\/los-efectos-de-los-acontecimientos-estresantes-en-la-salud\/#listItem","name":"Los efectos de los acontecimientos estresantes en la salud"},"previousItem":{"@type":"ListItem","@id":"https:\/\/candas365.es\/noticias#listItem","name":"Home"}},{"@type":"ListItem","@id":"https:\/\/candas365.es\/noticias\/los-efectos-de-los-acontecimientos-estresantes-en-la-salud\/#listItem","position":3,"name":"Los efectos de los acontecimientos estresantes en la salud","previousItem":{"@type":"ListItem","@id":"https:\/\/candas365.es\/noticias\/category\/salud\/#listItem","name":"Salud"}}]},{"@type":"NewsArticle","@id":"https:\/\/candas365.es\/noticias\/los-efectos-de-los-acontecimientos-estresantes-en-la-salud\/#newsarticle","name":"Los efectos de los acontecimientos estresantes en la salud | Cand\u00e1s 365","headline":"Los efectos de los acontecimientos estresantes en la salud","author":{"@id":"https:\/\/candas365.es\/noticias\/author\/admin\/#author"},"publisher":{"@id":"https:\/\/candas365.es\/noticias\/#organization"},"image":{"@type":"ImageObject","url":"https:\/\/candas365.es\/noticias\/wp-content\/uploads\/2024\/04\/Efectos-de-acontecimientos-estresantes.jpg","width":640,"height":431,"caption":"Efectos de acontecimientos estresantes"},"datePublished":"2024-04-06T20:50:13+02:00","dateModified":"2024-04-06T20:50:13+02:00","inLanguage":"es-ES","mainEntityOfPage":{"@id":"https:\/\/candas365.es\/noticias\/los-efectos-de-los-acontecimientos-estresantes-en-la-salud\/#webpage"},"isPartOf":{"@id":"https:\/\/candas365.es\/noticias\/los-efectos-de-los-acontecimientos-estresantes-en-la-salud\/#webpage"},"articleSection":"Salud, Salud","dateline":"Publicado el abril 6, 2024."},{"@type":"Organization","@id":"https:\/\/candas365.es\/noticias\/#organization","name":"Cand\u00e1s 365","description":"Cand\u00e1s 365 es un diario digital independiente, fundado en 2012, con base en Asturias. Informamos con rigor sobre actualidad, sociedad, cultura y ocio, con una mirada local y global.","url":"https:\/\/candas365.es\/noticias\/","email":"info@candas365.es","telephone":"+34652131393","foundingDate":"2012-06-10","logo":{"@type":"ImageObject","url":"https:\/\/candas365.es\/noticias\/wp-content\/uploads\/2024\/09\/Candas-365-Redes.jpg","@id":"https:\/\/candas365.es\/noticias\/los-efectos-de-los-acontecimientos-estresantes-en-la-salud\/#organizationLogo","width":1152,"height":864,"caption":"Cand\u00e1s 365 Redes"},"image":{"@id":"https:\/\/candas365.es\/noticias\/los-efectos-de-los-acontecimientos-estresantes-en-la-salud\/#organizationLogo"},"sameAs":["https:\/\/www.facebook.com\/Nachofdezber","https:\/\/x.com\/NabercoDigital","https:\/\/www.instagram.com\/nachofdezber\/","https:\/\/www.youtube.com\/channel\/UCZP-2wLEB9Rv6erhFmqVnvg"],"address":{"@id":"https:\/\/candas365.es\/noticias\/#postaladdress","@type":"PostalAddress","streetAddress":"san antonio 4, san antonio 4","postalCode":"33430","addressLocality":"Cand\u00e1s","addressRegion":"Asturias","addressCountry":"ES"}},{"@type":"Person","@id":"https:\/\/candas365.es\/noticias\/author\/admin\/#author","url":"https:\/\/candas365.es\/noticias\/author\/admin\/","name":"Cand\u00e1s 365","image":{"@type":"ImageObject","@id":"https:\/\/candas365.es\/noticias\/los-efectos-de-los-acontecimientos-estresantes-en-la-salud\/#authorImage","url":"https:\/\/secure.gravatar.com\/avatar\/496a8e03d0c493ede1718b7934145dbdf8d89be1036b0eec9544e1094c9de390?s=96&d=mm&r=g","width":96,"height":96,"caption":"Cand\u00e1s 365"},"sameAs":["https:\/\/www.facebook.com\/carrenoactualidad","https:\/\/twitter.com\/nbasturias","https:\/\/www.instagram.com\/nachofdezber\/","https:\/\/www.youtube.com\/channel\/UCZP-2wLEB9Rv6erhFmqVnvg"]},{"@type":"WebPage","@id":"https:\/\/candas365.es\/noticias\/los-efectos-de-los-acontecimientos-estresantes-en-la-salud\/#webpage","url":"https:\/\/candas365.es\/noticias\/los-efectos-de-los-acontecimientos-estresantes-en-la-salud\/","name":"Los efectos de los acontecimientos estresantes en la salud | Cand\u00e1s 365","description":"Un estudio advierte de que los acontecimientos estresantes en la mediana edad o durante la infancia podr\u00edan estar asociados a un mayor riesgo de desarrollar","inLanguage":"es-ES","isPartOf":{"@id":"https:\/\/candas365.es\/noticias\/#website"},"breadcrumb":{"@id":"https:\/\/candas365.es\/noticias\/los-efectos-de-los-acontecimientos-estresantes-en-la-salud\/#breadcrumblist"},"author":{"@id":"https:\/\/candas365.es\/noticias\/author\/admin\/#author"},"creator":{"@id":"https:\/\/candas365.es\/noticias\/author\/admin\/#author"},"image":{"@type":"ImageObject","url":"https:\/\/candas365.es\/noticias\/wp-content\/uploads\/2024\/04\/Efectos-de-acontecimientos-estresantes.jpg","@id":"https:\/\/candas365.es\/noticias\/los-efectos-de-los-acontecimientos-estresantes-en-la-salud\/#mainImage","width":640,"height":431,"caption":"Efectos de acontecimientos estresantes"},"primaryImageOfPage":{"@id":"https:\/\/candas365.es\/noticias\/los-efectos-de-los-acontecimientos-estresantes-en-la-salud\/#mainImage"},"datePublished":"2024-04-06T20:50:13+02:00","dateModified":"2024-04-06T20:50:13+02:00"},{"@type":"WebSite","@id":"https:\/\/candas365.es\/noticias\/#website","url":"https:\/\/candas365.es\/noticias\/","name":"Cand\u00e1s 365","alternateName":"Cand\u00e1s 365 Noticias","description":"Actualidad desde Carre\u00f1o para el mundo","inLanguage":"es-ES","publisher":{"@id":"https:\/\/candas365.es\/noticias\/#organization"}}]},"og:locale":"es_ES","og:site_name":"Cand\u00e1s 365","og:type":"article","og:title":"Los efectos de los acontecimientos estresantes en la salud | Cand\u00e1s 365","og:description":"Un estudio advierte de que los acontecimientos estresantes en la mediana edad o durante la infancia podr\u00edan estar asociados a un mayor riesgo de desarrollar","og:url":"https:\/\/candas365.es\/noticias\/los-efectos-de-los-acontecimientos-estresantes-en-la-salud\/","og:image":"https:\/\/candas365.es\/noticias\/wp-content\/uploads\/2024\/04\/Efectos-de-acontecimientos-estresantes.jpg","og:image:secure_url":"https:\/\/candas365.es\/noticias\/wp-content\/uploads\/2024\/04\/Efectos-de-acontecimientos-estresantes.jpg","og:image:width":640,"og:image:height":431,"article:published_time":"2024-04-06T18:50:13+00:00","article:modified_time":"2024-04-06T18:50:13+00:00","article:publisher":"https:\/\/www.facebook.com\/Nachofdezber","article:author":"https:\/\/www.facebook.com\/carrenoactualidad","twitter:card":"summary_large_image","twitter:site":"@NabercoDigital","twitter:title":"Los efectos de los acontecimientos estresantes en la salud | Cand\u00e1s 365","twitter:description":"Un estudio advierte de que los acontecimientos estresantes en la mediana edad o durante la infancia podr\u00edan estar asociados a un mayor riesgo de desarrollar","twitter:creator":"@nbasturias","twitter:image":"https:\/\/candas365.es\/noticias\/wp-content\/uploads\/2024\/04\/Efectos-de-acontecimientos-estresantes.jpg","twitter:label1":"Escrito por","twitter:data1":"Cand\u00e1s 365","twitter:label2":"Tiempo de lectura estimado","twitter:data2":"4 minutos"},"aioseo_meta_data":{"post_id":"179357","title":null,"description":"Un estudio advierte de que los acontecimientos estresantes en la mediana edad o durante la infancia podr\u00edan estar asociados a un mayor riesgo de desarrollar","keywords":[],"keyphrases":{"focus":{"keyphrase":"estresantes","score":85,"analysis":{"keyphraseInTitle":{"score":9,"maxScore":9,"error":0},"keyphraseInDescription":{"score":9,"maxScore":9,"error":0},"keyphraseLength":{"score":9,"maxScore":9,"error":0,"length":1},"keyphraseInURL":{"score":1,"maxScore":5,"error":1},"keyphraseInIntroduction":{"score":9,"maxScore":9,"error":0},"keyphraseInSubHeadings":{"score":3,"maxScore":9,"error":1},"keyphraseInImageAlt":{"score":9,"maxScore":9,"error":0},"keywordDensity":{"type":"best","score":9,"maxScore":9,"error":0}}},"additional":[{"keyphrase":"acontecimientos estresantes","score":80,"analysis":{"keyphraseInDescription":{"score":9,"maxScore":9,"error":0},"keyphraseLength":{"score":9,"maxScore":9,"error":0,"length":2},"keyphraseInIntroduction":{"score":9,"maxScore":9,"error":0},"keyphraseInImageAlt":{"score":9,"maxScore":9,"error":0},"keywordDensity":{"score":0,"type":"low","maxScore":9,"error":1}}}]},"primary_term":null,"canonical_url":null,"og_title":null,"og_description":null,"og_object_type":"default","og_image_type":"default","og_image_url":null,"og_image_width":null,"og_image_height":null,"og_image_custom_url":null,"og_image_custom_fields":null,"og_video":"","og_custom_url":null,"og_article_section":null,"og_article_tags":[],"twitter_use_og":false,"twitter_card":"default","twitter_image_type":"default","twitter_image_url":null,"twitter_image_custom_url":null,"twitter_image_custom_fields":null,"twitter_title":null,"twitter_description":null,"schema":{"blockGraphs":[],"customGraphs":[],"default":{"data":{"Article":[],"Course":[],"Dataset":[],"FAQPage":[],"Movie":[],"Person":[],"Product":[],"ProductReview":[],"Car":[],"Recipe":[],"Service":[],"SoftwareApplication":[],"WebPage":[]},"graphName":"Article","isEnabled":true},"graphs":[]},"schema_type":"default","schema_type_options":null,"pillar_content":false,"robots_default":true,"robots_noindex":false,"robots_noarchive":false,"robots_nosnippet":false,"robots_nofollow":false,"robots_noimageindex":false,"robots_noodp":false,"robots_notranslate":false,"robots_max_snippet":"-1","robots_max_videopreview":"-1","robots_max_imagepreview":"large","priority":null,"frequency":"default","location":null,"local_seo":null,"seo_analyzer_scan_date":"2025-09-02 06:26:20","breadcrumb_settings":null,"limit_modified_date":false,"reviewed_by":null,"open_ai":"{\"title\":{\"suggestions\":[],\"usage\":0},\"description\":{\"suggestions\":[],\"usage\":0}}","ai":null,"created":"2024-04-06 18:41:56","updated":"2025-09-02 06:26:20"},"aioseo_breadcrumb":"<div class=\"aioseo-breadcrumbs\"><span class=\"aioseo-breadcrumb\">\n\t<a href=\"https:\/\/candas365.es\/noticias\" title=\"Home\">Home<\/a>\n<\/span><span class=\"aioseo-breadcrumb-separator\">&ndash;<\/span><span class=\"aioseo-breadcrumb\">\n\t<a href=\"https:\/\/candas365.es\/noticias\/category\/salud\/\" title=\"Salud\">Salud<\/a>\n<\/span><span class=\"aioseo-breadcrumb-separator\">&ndash;<\/span><span class=\"aioseo-breadcrumb\">\n\tLos efectos de los acontecimientos estresantes en la salud\n<\/span><\/div>","aioseo_breadcrumb_json":[{"label":"Home","link":"https:\/\/candas365.es\/noticias"},{"label":"Salud","link":"https:\/\/candas365.es\/noticias\/category\/salud\/"},{"label":"Los efectos de los acontecimientos estresantes en la salud","link":"https:\/\/candas365.es\/noticias\/los-efectos-de-los-acontecimientos-estresantes-en-la-salud\/"}],"_links":{"self":[{"href":"https:\/\/candas365.es\/noticias\/wp-json\/wp\/v2\/posts\/179357","targetHints":{"allow":["GET"]}}],"collection":[{"href":"https:\/\/candas365.es\/noticias\/wp-json\/wp\/v2\/posts"}],"about":[{"href":"https:\/\/candas365.es\/noticias\/wp-json\/wp\/v2\/types\/post"}],"author":[{"embeddable":true,"href":"https:\/\/candas365.es\/noticias\/wp-json\/wp\/v2\/users\/1"}],"replies":[{"embeddable":true,"href":"https:\/\/candas365.es\/noticias\/wp-json\/wp\/v2\/comments?post=179357"}],"version-history":[{"count":0,"href":"https:\/\/candas365.es\/noticias\/wp-json\/wp\/v2\/posts\/179357\/revisions"}],"wp:featuredmedia":[{"embeddable":true,"href":"https:\/\/candas365.es\/noticias\/wp-json\/wp\/v2\/media\/179358"}],"wp:attachment":[{"href":"https:\/\/candas365.es\/noticias\/wp-json\/wp\/v2\/media?parent=179357"}],"wp:term":[{"taxonomy":"category","embeddable":true,"href":"https:\/\/candas365.es\/noticias\/wp-json\/wp\/v2\/categories?post=179357"},{"taxonomy":"post_tag","embeddable":true,"href":"https:\/\/candas365.es\/noticias\/wp-json\/wp\/v2\/tags?post=179357"}],"curies":[{"name":"wp","href":"https:\/\/api.w.org\/{rel}","templated":true}]}}