{"id":179292,"date":"2024-04-04T15:53:46","date_gmt":"2024-04-04T13:53:46","guid":{"rendered":"https:\/\/candas365.es\/noticias\/?p=179292"},"modified":"2024-04-04T15:54:27","modified_gmt":"2024-04-04T13:54:27","slug":"victoria-beckham-x-mango-nueva-coleccion-de-moda","status":"publish","type":"post","link":"https:\/\/candas365.es\/noticias\/victoria-beckham-x-mango-nueva-coleccion-de-moda\/","title":{"rendered":"Victoria Beckham x Mango: Nueva colecci\u00f3n de moda"},"content":{"rendered":"<p><strong>Mango<\/strong> estrenar\u00e1 una nueva colecci\u00f3n coincidiendo con el 40 aniversario de la marca, y se ha aliado con la dise\u00f1adora y empresaria <strong>Victoria Beckham<\/strong> para lanzar una nueva <a href=\"https:\/\/candas365.es\/noticias\/category\/revista\/\"><span style=\"color: #ff6600;\"><strong>colecci\u00f3n c\u00e1psula<\/strong><\/span><\/a>, con menos piezas de ropa que una tradicional, que estar\u00e1 disponible a partir del <strong>23 de abril<\/strong>.<\/p>\n<figure id=\"attachment_179293\" aria-describedby=\"caption-attachment-179293\" style=\"width: 650px\" class=\"wp-caption aligncenter\"><img fetchpriority=\"high\" decoding=\"async\" class=\"size-large wp-image-179293\" src=\"https:\/\/candas365.es\/noticias\/wp-content\/uploads\/2024\/04\/Mango-estrenara-una-nueva-coleccion-de-Victoria-Beckham-650x430.jpg\" alt=\"Mango estrenar\u00e1 una nueva colecci\u00f3n de Victoria Beckham \" width=\"650\" height=\"430\" srcset=\"https:\/\/candas365.es\/noticias\/wp-content\/uploads\/2024\/04\/Mango-estrenara-una-nueva-coleccion-de-Victoria-Beckham-650x430.jpg 650w, https:\/\/candas365.es\/noticias\/wp-content\/uploads\/2024\/04\/Mango-estrenara-una-nueva-coleccion-de-Victoria-Beckham-360x238.jpg 360w, https:\/\/candas365.es\/noticias\/wp-content\/uploads\/2024\/04\/Mango-estrenara-una-nueva-coleccion-de-Victoria-Beckham-768x508.jpg 768w, https:\/\/candas365.es\/noticias\/wp-content\/uploads\/2024\/04\/Mango-estrenara-una-nueva-coleccion-de-Victoria-Beckham-150x99.jpg 150w, https:\/\/candas365.es\/noticias\/wp-content\/uploads\/2024\/04\/Mango-estrenara-una-nueva-coleccion-de-Victoria-Beckham-450x298.jpg 450w, https:\/\/candas365.es\/noticias\/wp-content\/uploads\/2024\/04\/Mango-estrenara-una-nueva-coleccion-de-Victoria-Beckham.jpg 987w\" sizes=\"(max-width: 650px) 100vw, 650px\" \/><figcaption id=\"caption-attachment-179293\" class=\"wp-caption-text\">Imagen de Victoria Beckham y algunas prendas de la nueva colecci\u00f3n | Foto de Mango<\/figcaption><\/figure>\n<p>Seg\u00fan inform\u00f3 la marca de ropa este jueves, Victoria Beckham x Mango fue creada por la dise\u00f1adora y refleja \u201cla esencia de la firma hom\u00f3nima\u201d de la modelista, considerada como \u201cla mezcla perfecta del cl\u00e1sico lujo brit\u00e1nico con un sutil toque contempor\u00e1neo\u201d, as\u00ed como los \u201cvalores compartidos de ambas firmas de moda, como la calidad y la feminidad\u201d.<\/p>\n<blockquote><p>Esta \u00faltima colaboraci\u00f3n se enmarca en el nuevo Plan Estrat\u00e9gico 2024-26 presentado por Mango el pasado mes de marzo.<\/p><\/blockquote>\n<p>Adem\u00e1s de <strong>la colecci\u00f3n dise\u00f1ada por Victoria Beckham, Mango cuenta con \u2018Capsule\u2019, su colecci\u00f3n de eventos para mujer marcada por \u201cla calidad\u201d de sus materiales y acabados, as\u00ed como por la \u201cexclusividad\u201d de sus prendas.<\/strong><\/p>\n<p>La nueva colecci\u00f3n, que coincide con el <strong>40 aniversario de Mango<\/strong>, es la \u201cculminaci\u00f3n\u201d de una serie de colaboraciones con otras firmas, artistas y talentos como Simonmiller, Camille Charri\u00e8re o Pernille Teisbaek.<\/p>\n<p>(<a title=\"SERVIMEDIA\" href=\"https:\/\/www.servimedia.es\/\" target=\"_blank\" rel=\"nofollow noopener\"><span style=\"color: #ff6600;\"><strong>SERVIMEDIA<\/strong><\/span><\/a>)<\/p>\n","protected":false},"excerpt":{"rendered":"<p>Mango estrenar\u00e1 una nueva colecci\u00f3n coincidiendo con el 40 aniversario de la marca, y se ha aliado con la dise\u00f1adora y empresaria Victoria Beckham para lanzar una nueva colecci\u00f3n c\u00e1psula, con menos piezas de ropa que una tradicional, que estar\u00e1 disponible a partir del 23 de abril. Seg\u00fan inform\u00f3 la marca de ropa este jueves,<\/p>\n","protected":false},"author":1,"featured_media":179293,"comment_status":"closed","ping_status":"closed","sticky":false,"template":"","format":"standard","meta":{"footnotes":""},"categories":[142],"tags":[435],"class_list":{"0":"post-179292","1":"post","2":"type-post","3":"status-publish","4":"format-standard","5":"has-post-thumbnail","7":"category-revista","8":"tag-moda"},"aioseo_notices":[],"aioseo_head":"\n\t\t<!-- All in One SEO Pro 4.9.6.2 - aioseo.com -->\n\t<meta name=\"description\" content=\"Mango estrenar\u00e1 una nueva colecci\u00f3n coincidiendo con el 40 aniversario de la marca, y se ha aliado con la dise\u00f1adora y empresaria Victoria Beckham para lanzar\" \/>\n\t<meta name=\"robots\" content=\"max-image-preview:large\" \/>\n\t<meta name=\"author\" content=\"Cand\u00e1s 365\"\/>\n\t<meta name=\"google-site-verification\" content=\"UA-32230408-1\" \/>\n\t<meta name=\"msvalidate.01\" content=\"354F3CDFB2DA171B47FBE9ABF1F88D5\" \/>\n\t<meta name=\"keywords\" content=\"revista\" \/>\n\t<link rel=\"canonical\" href=\"https:\/\/candas365.es\/noticias\/victoria-beckham-x-mango-nueva-coleccion-de-moda\/\" \/>\n\t<meta name=\"generator\" content=\"All in One SEO Pro (AIOSEO) 4.9.6.2\" \/>\n\t\t<meta property=\"og:locale\" content=\"es_ES\" \/>\n\t\t<meta property=\"og:site_name\" content=\"Cand\u00e1s 365\" \/>\n\t\t<meta property=\"og:type\" content=\"article\" \/>\n\t\t<meta property=\"og:title\" content=\"Victoria Beckham x Mango: Nueva colecci\u00f3n de moda | Cand\u00e1s 365\" \/>\n\t\t<meta property=\"og:description\" content=\"Mango estrenar\u00e1 una nueva colecci\u00f3n coincidiendo con el 40 aniversario de la marca, y se ha aliado con la dise\u00f1adora y empresaria Victoria Beckham para lanzar\" \/>\n\t\t<meta property=\"og:url\" content=\"https:\/\/candas365.es\/noticias\/victoria-beckham-x-mango-nueva-coleccion-de-moda\/\" \/>\n\t\t<meta property=\"og:image\" content=\"https:\/\/candas365.es\/noticias\/wp-content\/uploads\/2024\/04\/Mango-estrenara-una-nueva-coleccion-de-Victoria-Beckham.jpg\" \/>\n\t\t<meta property=\"og:image:secure_url\" content=\"https:\/\/candas365.es\/noticias\/wp-content\/uploads\/2024\/04\/Mango-estrenara-una-nueva-coleccion-de-Victoria-Beckham.jpg\" \/>\n\t\t<meta property=\"og:image:width\" content=\"987\" \/>\n\t\t<meta property=\"og:image:height\" content=\"653\" \/>\n\t\t<meta property=\"article:published_time\" content=\"2024-04-04T13:53:46+00:00\" \/>\n\t\t<meta property=\"article:modified_time\" content=\"2024-04-04T13:54:27+00:00\" \/>\n\t\t<meta property=\"article:publisher\" content=\"https:\/\/www.facebook.com\/Nachofdezber\" \/>\n\t\t<meta property=\"article:author\" content=\"https:\/\/www.facebook.com\/carrenoactualidad\" \/>\n\t\t<meta name=\"twitter:card\" content=\"summary_large_image\" \/>\n\t\t<meta name=\"twitter:site\" content=\"@NabercoDigital\" \/>\n\t\t<meta name=\"twitter:title\" content=\"Victoria Beckham x Mango: Nueva colecci\u00f3n de moda | Cand\u00e1s 365\" \/>\n\t\t<meta name=\"twitter:description\" content=\"Mango estrenar\u00e1 una nueva colecci\u00f3n coincidiendo con el 40 aniversario de la marca, y se ha aliado con la dise\u00f1adora y empresaria Victoria Beckham para lanzar\" \/>\n\t\t<meta name=\"twitter:creator\" content=\"@nbasturias\" \/>\n\t\t<meta name=\"twitter:image\" content=\"https:\/\/candas365.es\/noticias\/wp-content\/uploads\/2024\/04\/Mango-estrenara-una-nueva-coleccion-de-Victoria-Beckham.jpg\" \/>\n\t\t<meta name=\"twitter:label1\" content=\"Escrito por\" \/>\n\t\t<meta name=\"twitter:data1\" content=\"Cand\u00e1s 365\" \/>\n\t\t<meta name=\"twitter:label2\" content=\"Tiempo de lectura estimado\" \/>\n\t\t<meta name=\"twitter:data2\" content=\"1 minuto\" \/>\n\t\t<script type=\"application\/ld+json\" class=\"aioseo-schema\">\n\t\t\t{\"@context\":\"https:\\\/\\\/schema.org\",\"@graph\":[{\"@type\":\"BreadcrumbList\",\"@id\":\"https:\\\/\\\/candas365.es\\\/noticias\\\/victoria-beckham-x-mango-nueva-coleccion-de-moda\\\/#breadcrumblist\",\"itemListElement\":[{\"@type\":\"ListItem\",\"@id\":\"https:\\\/\\\/candas365.es\\\/noticias#listItem\",\"position\":1,\"name\":\"Home\",\"item\":\"https:\\\/\\\/candas365.es\\\/noticias\",\"nextItem\":{\"@type\":\"ListItem\",\"@id\":\"https:\\\/\\\/candas365.es\\\/noticias\\\/category\\\/revista\\\/#listItem\",\"name\":\"Revista\"}},{\"@type\":\"ListItem\",\"@id\":\"https:\\\/\\\/candas365.es\\\/noticias\\\/category\\\/revista\\\/#listItem\",\"position\":2,\"name\":\"Revista\",\"item\":\"https:\\\/\\\/candas365.es\\\/noticias\\\/category\\\/revista\\\/\",\"nextItem\":{\"@type\":\"ListItem\",\"@id\":\"https:\\\/\\\/candas365.es\\\/noticias\\\/victoria-beckham-x-mango-nueva-coleccion-de-moda\\\/#listItem\",\"name\":\"Victoria Beckham x Mango: Nueva colecci\\u00f3n de moda\"},\"previousItem\":{\"@type\":\"ListItem\",\"@id\":\"https:\\\/\\\/candas365.es\\\/noticias#listItem\",\"name\":\"Home\"}},{\"@type\":\"ListItem\",\"@id\":\"https:\\\/\\\/candas365.es\\\/noticias\\\/victoria-beckham-x-mango-nueva-coleccion-de-moda\\\/#listItem\",\"position\":3,\"name\":\"Victoria Beckham x Mango: Nueva colecci\\u00f3n de moda\",\"previousItem\":{\"@type\":\"ListItem\",\"@id\":\"https:\\\/\\\/candas365.es\\\/noticias\\\/category\\\/revista\\\/#listItem\",\"name\":\"Revista\"}}]},{\"@type\":\"NewsArticle\",\"@id\":\"https:\\\/\\\/candas365.es\\\/noticias\\\/victoria-beckham-x-mango-nueva-coleccion-de-moda\\\/#newsarticle\",\"name\":\"Victoria Beckham x Mango: Nueva colecci\\u00f3n de moda | Cand\\u00e1s 365\",\"headline\":\"Victoria Beckham x Mango: Nueva colecci\\u00f3n de moda\",\"author\":{\"@id\":\"https:\\\/\\\/candas365.es\\\/noticias\\\/author\\\/admin\\\/#author\"},\"publisher\":{\"@id\":\"https:\\\/\\\/candas365.es\\\/noticias\\\/#organization\"},\"image\":{\"@type\":\"ImageObject\",\"url\":\"https:\\\/\\\/candas365.es\\\/noticias\\\/wp-content\\\/uploads\\\/2024\\\/04\\\/Mango-estrenara-una-nueva-coleccion-de-Victoria-Beckham.jpg\",\"width\":987,\"height\":653,\"caption\":\"Imagen de Victoria Beckham y algunas prendas de la nueva colecci\\u00f3n | Foto de Mango\"},\"datePublished\":\"2024-04-04T15:53:46+02:00\",\"dateModified\":\"2024-04-04T15:54:27+02:00\",\"inLanguage\":\"es-ES\",\"mainEntityOfPage\":{\"@id\":\"https:\\\/\\\/candas365.es\\\/noticias\\\/victoria-beckham-x-mango-nueva-coleccion-de-moda\\\/#webpage\"},\"isPartOf\":{\"@id\":\"https:\\\/\\\/candas365.es\\\/noticias\\\/victoria-beckham-x-mango-nueva-coleccion-de-moda\\\/#webpage\"},\"articleSection\":\"Revista, moda\",\"dateline\":\"Publicado el abril 4, 2024.\"},{\"@type\":\"Organization\",\"@id\":\"https:\\\/\\\/candas365.es\\\/noticias\\\/#organization\",\"name\":\"Cand\\u00e1s 365\",\"description\":\"Cand\\u00e1s 365 es un diario digital independiente, fundado en 2012, con base en Asturias. Informamos con rigor sobre actualidad, sociedad, cultura y ocio, con una mirada local y global.\",\"url\":\"https:\\\/\\\/candas365.es\\\/noticias\\\/\",\"email\":\"info@candas365.es\",\"telephone\":\"+34652131393\",\"foundingDate\":\"2012-06-10\",\"logo\":{\"@type\":\"ImageObject\",\"url\":\"https:\\\/\\\/candas365.es\\\/noticias\\\/wp-content\\\/uploads\\\/2024\\\/09\\\/Candas-365-Redes.jpg\",\"@id\":\"https:\\\/\\\/candas365.es\\\/noticias\\\/victoria-beckham-x-mango-nueva-coleccion-de-moda\\\/#organizationLogo\",\"width\":1152,\"height\":864,\"caption\":\"Cand\\u00e1s 365 Redes\"},\"image\":{\"@id\":\"https:\\\/\\\/candas365.es\\\/noticias\\\/victoria-beckham-x-mango-nueva-coleccion-de-moda\\\/#organizationLogo\"},\"sameAs\":[\"https:\\\/\\\/www.facebook.com\\\/Nachofdezber\",\"https:\\\/\\\/x.com\\\/NabercoDigital\",\"https:\\\/\\\/www.instagram.com\\\/nachofdezber\\\/\",\"https:\\\/\\\/www.youtube.com\\\/channel\\\/UCZP-2wLEB9Rv6erhFmqVnvg\"],\"address\":{\"@id\":\"https:\\\/\\\/candas365.es\\\/noticias\\\/#postaladdress\",\"@type\":\"PostalAddress\",\"streetAddress\":\"san antonio 4, san antonio 4\",\"postalCode\":\"33430\",\"addressLocality\":\"Cand\\u00e1s\",\"addressRegion\":\"Asturias\",\"addressCountry\":\"ES\"}},{\"@type\":\"Person\",\"@id\":\"https:\\\/\\\/candas365.es\\\/noticias\\\/author\\\/admin\\\/#author\",\"url\":\"https:\\\/\\\/candas365.es\\\/noticias\\\/author\\\/admin\\\/\",\"name\":\"Cand\\u00e1s 365\",\"image\":{\"@type\":\"ImageObject\",\"@id\":\"https:\\\/\\\/candas365.es\\\/noticias\\\/victoria-beckham-x-mango-nueva-coleccion-de-moda\\\/#authorImage\",\"url\":\"https:\\\/\\\/secure.gravatar.com\\\/avatar\\\/496a8e03d0c493ede1718b7934145dbdf8d89be1036b0eec9544e1094c9de390?s=96&d=mm&r=g\",\"width\":96,\"height\":96,\"caption\":\"Cand\\u00e1s 365\"},\"sameAs\":[\"https:\\\/\\\/www.facebook.com\\\/carrenoactualidad\",\"https:\\\/\\\/twitter.com\\\/nbasturias\",\"https:\\\/\\\/www.instagram.com\\\/nachofdezber\\\/\",\"https:\\\/\\\/www.youtube.com\\\/channel\\\/UCZP-2wLEB9Rv6erhFmqVnvg\"]},{\"@type\":\"WebPage\",\"@id\":\"https:\\\/\\\/candas365.es\\\/noticias\\\/victoria-beckham-x-mango-nueva-coleccion-de-moda\\\/#webpage\",\"url\":\"https:\\\/\\\/candas365.es\\\/noticias\\\/victoria-beckham-x-mango-nueva-coleccion-de-moda\\\/\",\"name\":\"Victoria Beckham x Mango: Nueva colecci\\u00f3n de moda | Cand\\u00e1s 365\",\"description\":\"Mango estrenar\\u00e1 una nueva colecci\\u00f3n coincidiendo con el 40 aniversario de la marca, y se ha aliado con la dise\\u00f1adora y empresaria Victoria Beckham para lanzar\",\"inLanguage\":\"es-ES\",\"isPartOf\":{\"@id\":\"https:\\\/\\\/candas365.es\\\/noticias\\\/#website\"},\"breadcrumb\":{\"@id\":\"https:\\\/\\\/candas365.es\\\/noticias\\\/victoria-beckham-x-mango-nueva-coleccion-de-moda\\\/#breadcrumblist\"},\"author\":{\"@id\":\"https:\\\/\\\/candas365.es\\\/noticias\\\/author\\\/admin\\\/#author\"},\"creator\":{\"@id\":\"https:\\\/\\\/candas365.es\\\/noticias\\\/author\\\/admin\\\/#author\"},\"image\":{\"@type\":\"ImageObject\",\"url\":\"https:\\\/\\\/candas365.es\\\/noticias\\\/wp-content\\\/uploads\\\/2024\\\/04\\\/Mango-estrenara-una-nueva-coleccion-de-Victoria-Beckham.jpg\",\"@id\":\"https:\\\/\\\/candas365.es\\\/noticias\\\/victoria-beckham-x-mango-nueva-coleccion-de-moda\\\/#mainImage\",\"width\":987,\"height\":653,\"caption\":\"Imagen de Victoria Beckham y algunas prendas de la nueva colecci\\u00f3n | Foto de Mango\"},\"primaryImageOfPage\":{\"@id\":\"https:\\\/\\\/candas365.es\\\/noticias\\\/victoria-beckham-x-mango-nueva-coleccion-de-moda\\\/#mainImage\"},\"datePublished\":\"2024-04-04T15:53:46+02:00\",\"dateModified\":\"2024-04-04T15:54:27+02:00\"},{\"@type\":\"WebSite\",\"@id\":\"https:\\\/\\\/candas365.es\\\/noticias\\\/#website\",\"url\":\"https:\\\/\\\/candas365.es\\\/noticias\\\/\",\"name\":\"Cand\\u00e1s 365\",\"alternateName\":\"Cand\\u00e1s 365 Noticias\",\"description\":\"Actualidad desde Carre\\u00f1o para el mundo\",\"inLanguage\":\"es-ES\",\"publisher\":{\"@id\":\"https:\\\/\\\/candas365.es\\\/noticias\\\/#organization\"}}]}\n\t\t<\/script>\n\t\t<!-- All in One SEO Pro -->\r\n\t\t<title>Victoria Beckham x Mango: Nueva colecci\u00f3n de moda | Cand\u00e1s 365<\/title>\n\n","aioseo_head_json":{"title":"Victoria Beckham x Mango: Nueva colecci\u00f3n de moda | Cand\u00e1s 365","description":"Mango estrenar\u00e1 una nueva colecci\u00f3n coincidiendo con el 40 aniversario de la marca, y se ha aliado con la dise\u00f1adora y empresaria Victoria Beckham para lanzar","canonical_url":"https:\/\/candas365.es\/noticias\/victoria-beckham-x-mango-nueva-coleccion-de-moda\/","robots":"max-image-preview:large","keywords":"revista","webmasterTools":{"google-site-verification":"UA-32230408-1","msvalidate.01":"354F3CDFB2DA171B47FBE9ABF1F88D5","miscellaneous":""},"schema":{"@context":"https:\/\/schema.org","@graph":[{"@type":"BreadcrumbList","@id":"https:\/\/candas365.es\/noticias\/victoria-beckham-x-mango-nueva-coleccion-de-moda\/#breadcrumblist","itemListElement":[{"@type":"ListItem","@id":"https:\/\/candas365.es\/noticias#listItem","position":1,"name":"Home","item":"https:\/\/candas365.es\/noticias","nextItem":{"@type":"ListItem","@id":"https:\/\/candas365.es\/noticias\/category\/revista\/#listItem","name":"Revista"}},{"@type":"ListItem","@id":"https:\/\/candas365.es\/noticias\/category\/revista\/#listItem","position":2,"name":"Revista","item":"https:\/\/candas365.es\/noticias\/category\/revista\/","nextItem":{"@type":"ListItem","@id":"https:\/\/candas365.es\/noticias\/victoria-beckham-x-mango-nueva-coleccion-de-moda\/#listItem","name":"Victoria Beckham x Mango: Nueva colecci\u00f3n de moda"},"previousItem":{"@type":"ListItem","@id":"https:\/\/candas365.es\/noticias#listItem","name":"Home"}},{"@type":"ListItem","@id":"https:\/\/candas365.es\/noticias\/victoria-beckham-x-mango-nueva-coleccion-de-moda\/#listItem","position":3,"name":"Victoria Beckham x Mango: Nueva colecci\u00f3n de moda","previousItem":{"@type":"ListItem","@id":"https:\/\/candas365.es\/noticias\/category\/revista\/#listItem","name":"Revista"}}]},{"@type":"NewsArticle","@id":"https:\/\/candas365.es\/noticias\/victoria-beckham-x-mango-nueva-coleccion-de-moda\/#newsarticle","name":"Victoria Beckham x Mango: Nueva colecci\u00f3n de moda | Cand\u00e1s 365","headline":"Victoria Beckham x Mango: Nueva colecci\u00f3n de moda","author":{"@id":"https:\/\/candas365.es\/noticias\/author\/admin\/#author"},"publisher":{"@id":"https:\/\/candas365.es\/noticias\/#organization"},"image":{"@type":"ImageObject","url":"https:\/\/candas365.es\/noticias\/wp-content\/uploads\/2024\/04\/Mango-estrenara-una-nueva-coleccion-de-Victoria-Beckham.jpg","width":987,"height":653,"caption":"Imagen de Victoria Beckham y algunas prendas de la nueva colecci\u00f3n | Foto de Mango"},"datePublished":"2024-04-04T15:53:46+02:00","dateModified":"2024-04-04T15:54:27+02:00","inLanguage":"es-ES","mainEntityOfPage":{"@id":"https:\/\/candas365.es\/noticias\/victoria-beckham-x-mango-nueva-coleccion-de-moda\/#webpage"},"isPartOf":{"@id":"https:\/\/candas365.es\/noticias\/victoria-beckham-x-mango-nueva-coleccion-de-moda\/#webpage"},"articleSection":"Revista, moda","dateline":"Publicado el abril 4, 2024."},{"@type":"Organization","@id":"https:\/\/candas365.es\/noticias\/#organization","name":"Cand\u00e1s 365","description":"Cand\u00e1s 365 es un diario digital independiente, fundado en 2012, con base en Asturias. Informamos con rigor sobre actualidad, sociedad, cultura y ocio, con una mirada local y global.","url":"https:\/\/candas365.es\/noticias\/","email":"info@candas365.es","telephone":"+34652131393","foundingDate":"2012-06-10","logo":{"@type":"ImageObject","url":"https:\/\/candas365.es\/noticias\/wp-content\/uploads\/2024\/09\/Candas-365-Redes.jpg","@id":"https:\/\/candas365.es\/noticias\/victoria-beckham-x-mango-nueva-coleccion-de-moda\/#organizationLogo","width":1152,"height":864,"caption":"Cand\u00e1s 365 Redes"},"image":{"@id":"https:\/\/candas365.es\/noticias\/victoria-beckham-x-mango-nueva-coleccion-de-moda\/#organizationLogo"},"sameAs":["https:\/\/www.facebook.com\/Nachofdezber","https:\/\/x.com\/NabercoDigital","https:\/\/www.instagram.com\/nachofdezber\/","https:\/\/www.youtube.com\/channel\/UCZP-2wLEB9Rv6erhFmqVnvg"],"address":{"@id":"https:\/\/candas365.es\/noticias\/#postaladdress","@type":"PostalAddress","streetAddress":"san antonio 4, san antonio 4","postalCode":"33430","addressLocality":"Cand\u00e1s","addressRegion":"Asturias","addressCountry":"ES"}},{"@type":"Person","@id":"https:\/\/candas365.es\/noticias\/author\/admin\/#author","url":"https:\/\/candas365.es\/noticias\/author\/admin\/","name":"Cand\u00e1s 365","image":{"@type":"ImageObject","@id":"https:\/\/candas365.es\/noticias\/victoria-beckham-x-mango-nueva-coleccion-de-moda\/#authorImage","url":"https:\/\/secure.gravatar.com\/avatar\/496a8e03d0c493ede1718b7934145dbdf8d89be1036b0eec9544e1094c9de390?s=96&d=mm&r=g","width":96,"height":96,"caption":"Cand\u00e1s 365"},"sameAs":["https:\/\/www.facebook.com\/carrenoactualidad","https:\/\/twitter.com\/nbasturias","https:\/\/www.instagram.com\/nachofdezber\/","https:\/\/www.youtube.com\/channel\/UCZP-2wLEB9Rv6erhFmqVnvg"]},{"@type":"WebPage","@id":"https:\/\/candas365.es\/noticias\/victoria-beckham-x-mango-nueva-coleccion-de-moda\/#webpage","url":"https:\/\/candas365.es\/noticias\/victoria-beckham-x-mango-nueva-coleccion-de-moda\/","name":"Victoria Beckham x Mango: Nueva colecci\u00f3n de moda | Cand\u00e1s 365","description":"Mango estrenar\u00e1 una nueva colecci\u00f3n coincidiendo con el 40 aniversario de la marca, y se ha aliado con la dise\u00f1adora y empresaria Victoria Beckham para lanzar","inLanguage":"es-ES","isPartOf":{"@id":"https:\/\/candas365.es\/noticias\/#website"},"breadcrumb":{"@id":"https:\/\/candas365.es\/noticias\/victoria-beckham-x-mango-nueva-coleccion-de-moda\/#breadcrumblist"},"author":{"@id":"https:\/\/candas365.es\/noticias\/author\/admin\/#author"},"creator":{"@id":"https:\/\/candas365.es\/noticias\/author\/admin\/#author"},"image":{"@type":"ImageObject","url":"https:\/\/candas365.es\/noticias\/wp-content\/uploads\/2024\/04\/Mango-estrenara-una-nueva-coleccion-de-Victoria-Beckham.jpg","@id":"https:\/\/candas365.es\/noticias\/victoria-beckham-x-mango-nueva-coleccion-de-moda\/#mainImage","width":987,"height":653,"caption":"Imagen de Victoria Beckham y algunas prendas de la nueva colecci\u00f3n | Foto de Mango"},"primaryImageOfPage":{"@id":"https:\/\/candas365.es\/noticias\/victoria-beckham-x-mango-nueva-coleccion-de-moda\/#mainImage"},"datePublished":"2024-04-04T15:53:46+02:00","dateModified":"2024-04-04T15:54:27+02:00"},{"@type":"WebSite","@id":"https:\/\/candas365.es\/noticias\/#website","url":"https:\/\/candas365.es\/noticias\/","name":"Cand\u00e1s 365","alternateName":"Cand\u00e1s 365 Noticias","description":"Actualidad desde Carre\u00f1o para el mundo","inLanguage":"es-ES","publisher":{"@id":"https:\/\/candas365.es\/noticias\/#organization"}}]},"og:locale":"es_ES","og:site_name":"Cand\u00e1s 365","og:type":"article","og:title":"Victoria Beckham x Mango: Nueva colecci\u00f3n de moda | Cand\u00e1s 365","og:description":"Mango estrenar\u00e1 una nueva colecci\u00f3n coincidiendo con el 40 aniversario de la marca, y se ha aliado con la dise\u00f1adora y empresaria Victoria Beckham para lanzar","og:url":"https:\/\/candas365.es\/noticias\/victoria-beckham-x-mango-nueva-coleccion-de-moda\/","og:image":"https:\/\/candas365.es\/noticias\/wp-content\/uploads\/2024\/04\/Mango-estrenara-una-nueva-coleccion-de-Victoria-Beckham.jpg","og:image:secure_url":"https:\/\/candas365.es\/noticias\/wp-content\/uploads\/2024\/04\/Mango-estrenara-una-nueva-coleccion-de-Victoria-Beckham.jpg","og:image:width":987,"og:image:height":653,"article:published_time":"2024-04-04T13:53:46+00:00","article:modified_time":"2024-04-04T13:54:27+00:00","article:publisher":"https:\/\/www.facebook.com\/Nachofdezber","article:author":"https:\/\/www.facebook.com\/carrenoactualidad","twitter:card":"summary_large_image","twitter:site":"@NabercoDigital","twitter:title":"Victoria Beckham x Mango: Nueva colecci\u00f3n de moda | Cand\u00e1s 365","twitter:description":"Mango estrenar\u00e1 una nueva colecci\u00f3n coincidiendo con el 40 aniversario de la marca, y se ha aliado con la dise\u00f1adora y empresaria Victoria Beckham para lanzar","twitter:creator":"@nbasturias","twitter:image":"https:\/\/candas365.es\/noticias\/wp-content\/uploads\/2024\/04\/Mango-estrenara-una-nueva-coleccion-de-Victoria-Beckham.jpg","twitter:label1":"Escrito por","twitter:data1":"Cand\u00e1s 365","twitter:label2":"Tiempo de lectura estimado","twitter:data2":"1 minuto"},"aioseo_meta_data":{"post_id":"179292","title":null,"description":"Mango estrenar\u00e1 una nueva colecci\u00f3n coincidiendo con el 40 aniversario de la marca, y se ha aliado con la dise\u00f1adora y empresaria Victoria Beckham para lanzar","keywords":[],"keyphrases":{"focus":{"keyphrase":"Victoria Beckham","score":100,"analysis":{"keyphraseInTitle":{"score":9,"maxScore":9,"error":0},"keyphraseInDescription":{"score":9,"maxScore":9,"error":0},"keyphraseLength":{"score":9,"maxScore":9,"error":0,"length":2},"keyphraseInURL":{"score":5,"maxScore":5,"error":0},"keyphraseInIntroduction":{"score":9,"maxScore":9,"error":0},"keyphraseInSubHeadings":[],"keyphraseInImageAlt":{"score":9,"maxScore":9,"error":0},"keywordDensity":{"type":"best","score":9,"maxScore":9,"error":0}}},"additional":[{"keyphrase":"Victoria Beckham","score":100,"analysis":{"keyphraseInDescription":{"score":9,"maxScore":9,"error":0},"keyphraseLength":{"score":9,"maxScore":9,"error":0,"length":2},"keyphraseInIntroduction":{"score":9,"maxScore":9,"error":0},"keyphraseInImageAlt":{"score":9,"maxScore":9,"error":0},"keywordDensity":{"type":"best","score":9,"maxScore":9,"error":0}}},{"keyphrase":"Mango","score":80,"analysis":{"keyphraseInDescription":{"score":9,"maxScore":9,"error":0},"keyphraseLength":{"score":9,"maxScore":9,"error":0,"length":1},"keyphraseInIntroduction":{"score":9,"maxScore":9,"error":0},"keyphraseInImageAlt":{"score":9,"maxScore":9,"error":0},"keywordDensity":{"type":"high","score":0,"maxScore":9,"error":1}}}]},"primary_term":null,"canonical_url":null,"og_title":null,"og_description":null,"og_object_type":"default","og_image_type":"default","og_image_url":null,"og_image_width":null,"og_image_height":null,"og_image_custom_url":null,"og_image_custom_fields":null,"og_video":"","og_custom_url":null,"og_article_section":null,"og_article_tags":[],"twitter_use_og":false,"twitter_card":"default","twitter_image_type":"default","twitter_image_url":null,"twitter_image_custom_url":null,"twitter_image_custom_fields":null,"twitter_title":null,"twitter_description":null,"schema":{"blockGraphs":[],"customGraphs":[],"default":{"data":{"Article":[],"Course":[],"Dataset":[],"FAQPage":[],"Movie":[],"Person":[],"Product":[],"ProductReview":[],"Car":[],"Recipe":[],"Service":[],"SoftwareApplication":[],"WebPage":[]},"graphName":"Article","isEnabled":true},"graphs":[]},"schema_type":"default","schema_type_options":null,"pillar_content":false,"robots_default":true,"robots_noindex":false,"robots_noarchive":false,"robots_nosnippet":false,"robots_nofollow":false,"robots_noimageindex":false,"robots_noodp":false,"robots_notranslate":false,"robots_max_snippet":"-1","robots_max_videopreview":"-1","robots_max_imagepreview":"large","priority":null,"frequency":"default","location":null,"local_seo":null,"seo_analyzer_scan_date":"2025-09-02 06:18:14","breadcrumb_settings":null,"limit_modified_date":false,"reviewed_by":null,"open_ai":"{\"title\":{\"suggestions\":[],\"usage\":0},\"description\":{\"suggestions\":[],\"usage\":0}}","ai":null,"created":"2024-04-04 13:43:45","updated":"2025-09-02 06:18:14"},"aioseo_breadcrumb":"<div class=\"aioseo-breadcrumbs\"><span class=\"aioseo-breadcrumb\">\n\t<a href=\"https:\/\/candas365.es\/noticias\" title=\"Home\">Home<\/a>\n<\/span><span class=\"aioseo-breadcrumb-separator\">&ndash;<\/span><span class=\"aioseo-breadcrumb\">\n\t<a href=\"https:\/\/candas365.es\/noticias\/category\/revista\/\" title=\"Revista\">Revista<\/a>\n<\/span><span class=\"aioseo-breadcrumb-separator\">&ndash;<\/span><span class=\"aioseo-breadcrumb\">\n\tVictoria Beckham x Mango: Nueva colecci\u00f3n de moda\n<\/span><\/div>","aioseo_breadcrumb_json":[{"label":"Home","link":"https:\/\/candas365.es\/noticias"},{"label":"Revista","link":"https:\/\/candas365.es\/noticias\/category\/revista\/"},{"label":"Victoria Beckham x Mango: Nueva colecci\u00f3n de moda","link":"https:\/\/candas365.es\/noticias\/victoria-beckham-x-mango-nueva-coleccion-de-moda\/"}],"_links":{"self":[{"href":"https:\/\/candas365.es\/noticias\/wp-json\/wp\/v2\/posts\/179292","targetHints":{"allow":["GET"]}}],"collection":[{"href":"https:\/\/candas365.es\/noticias\/wp-json\/wp\/v2\/posts"}],"about":[{"href":"https:\/\/candas365.es\/noticias\/wp-json\/wp\/v2\/types\/post"}],"author":[{"embeddable":true,"href":"https:\/\/candas365.es\/noticias\/wp-json\/wp\/v2\/users\/1"}],"replies":[{"embeddable":true,"href":"https:\/\/candas365.es\/noticias\/wp-json\/wp\/v2\/comments?post=179292"}],"version-history":[{"count":0,"href":"https:\/\/candas365.es\/noticias\/wp-json\/wp\/v2\/posts\/179292\/revisions"}],"wp:featuredmedia":[{"embeddable":true,"href":"https:\/\/candas365.es\/noticias\/wp-json\/wp\/v2\/media\/179293"}],"wp:attachment":[{"href":"https:\/\/candas365.es\/noticias\/wp-json\/wp\/v2\/media?parent=179292"}],"wp:term":[{"taxonomy":"category","embeddable":true,"href":"https:\/\/candas365.es\/noticias\/wp-json\/wp\/v2\/categories?post=179292"},{"taxonomy":"post_tag","embeddable":true,"href":"https:\/\/candas365.es\/noticias\/wp-json\/wp\/v2\/tags?post=179292"}],"curies":[{"name":"wp","href":"https:\/\/api.w.org\/{rel}","templated":true}]}}