{"id":179280,"date":"2024-04-04T00:28:28","date_gmt":"2024-04-03T22:28:28","guid":{"rendered":"https:\/\/candas365.es\/noticias\/?p=179280"},"modified":"2024-04-04T00:28:28","modified_gmt":"2024-04-03T22:28:28","slug":"alemania-francia-y-polonia-abogan-por-un-rearme-de-europa","status":"publish","type":"post","link":"https:\/\/candas365.es\/noticias\/alemania-francia-y-polonia-abogan-por-un-rearme-de-europa\/","title":{"rendered":"Alemania, Francia y Polonia abogan por un rearme de Europa"},"content":{"rendered":"<p>Berl\u00edn, 3 abr (<a title=\"dpa\" href=\"https:\/\/www.dpa-news.de\/\" target=\"_blank\" rel=\"nofollow noopener\"><span style=\"color: #ff6600;\"><strong>dpa<\/strong><\/span><\/a>) &#8211; Los ministros de Relaciones Exteriores de Alemania, Francia y Polonia abogaron por un mayor armamento en Europa en vista de la <span style=\"color: #ff6600;\"><a style=\"color: #ff6600;\" href=\"https:\/\/candas365.es\/noticias\/tag\/conflictos\/\"><strong>guerra<\/strong><\/a><\/span> iniciada por Rusia en Ucrania, en un art\u00edculo publicado hoy por la web \u00abPolitico\u00bb.<\/p>\n<p><img fetchpriority=\"high\" decoding=\"async\" class=\"aligncenter size-full wp-image-179281\" src=\"https:\/\/candas365.es\/noticias\/wp-content\/uploads\/2024\/04\/armamento-en-Europa.jpg\" alt=\"armamento en Europa\" width=\"640\" height=\"360\" srcset=\"https:\/\/candas365.es\/noticias\/wp-content\/uploads\/2024\/04\/armamento-en-Europa.jpg 640w, https:\/\/candas365.es\/noticias\/wp-content\/uploads\/2024\/04\/armamento-en-Europa-360x203.jpg 360w, https:\/\/candas365.es\/noticias\/wp-content\/uploads\/2024\/04\/armamento-en-Europa-150x84.jpg 150w, https:\/\/candas365.es\/noticias\/wp-content\/uploads\/2024\/04\/armamento-en-Europa-450x253.jpg 450w\" sizes=\"(max-width: 640px) 100vw, 640px\" \/><\/p>\n<p>\u00abDebemos utilizar todo el potencial industrial de nuestro continente para mejorar nuestras capacidades militares\u00bb, escribieron Annalena Baerbock, St\u00e9phane S\u00e9journ\u00e9 y Radoslaw Sikorski.<\/p>\n<p>El texto agrega que este armamento permanente requiere contratos vinculantes a largo plazo con cronogramas claros, un \u00abcierto nivel de ambici\u00f3n\u00bb y compromisos financieros firmes, as\u00ed como garant\u00edas de compra por parte de los gobiernos europeos.<\/p>\n<p>Los ministros a\u00f1adieron que gastar el dos por ciento del producto interior bruto en defensa \u00absolo podr\u00eda ser un punto de partida\u00bb.<\/p>\n<p>Con motivo del 75\u00ba aniversario de la alianza militar del Atl\u00e1ntico Norte, la OTAN, los tres ministros del llamado Tri\u00e1ngulo de Weimar observaron: \u00abEstados Unidos soport\u00f3 durante mucho tiempo m\u00e1s carga que el resto de nuestra alianza. Pero la defensa colectiva es nuestro esfuerzo conjunto\u00bb.<\/p>\n<p>Los jefes de la diplomacia germana, francesa y polaca subrayaron que, en este sentido, la defensa europea debe reforzarse y contribuir as\u00ed a la seguridad transatl\u00e1ntica.<\/p>\n<p>En el a\u00f1o electoral estadounidense, a muchos pa\u00edses de la OTAN les preocupa que la superpotencia militar pueda apartarse de sus obligaciones con la alianza si gana el republicano Donald Trump.<\/p>\n<p>Con respecto al presidente ruso, Vlad\u00edmir Putin, y su guerra de agresi\u00f3n en Ucrania, los tres ministros enfatizaron en su art\u00edculo que la OTAN debe seguir mostrando una clara ventaja, \u00abpara que Europa viva en paz, hay que poner fin al imperialismo ruso\u00bb.<\/p>\n<p>Asimismo, alertaron que las zonas grises y las concesiones a Putin son \u00abingenuas\u00bb y que solo son vistas por el l\u00edder del Kremlin como una invitaci\u00f3n a un comportamiento agresivo y al uso de la fuerza militar.<\/p>\n<p>Los ministros de Exteriores de los pa\u00edses de la OTAN continuar\u00e1n preparando hoy en Bruselas la pr\u00f3xima cumbre de la alianza. En concreto, el asunto central de la reuni\u00f3n es c\u00f3mo organizar de forma a\u00fan m\u00e1s eficaz el apoyo a Ucrania.<\/p>\n<p>Seg\u00fan fuentes diplom\u00e1ticas, el secretario general de la OTAN, Jens Stoltenberg, ya present\u00f3 varias propuestas, entre ellas crear una misi\u00f3n que asuma en el futuro la coordinaci\u00f3n de las entregas de armamento y las actividades de entrenamiento de las Fuerzas Armadas ucranianas.<\/p>\n","protected":false},"excerpt":{"rendered":"<p>Berl\u00edn, 3 abr (dpa) &#8211; Los ministros de Relaciones Exteriores de Alemania, Francia y Polonia abogaron por un mayor armamento en Europa en vista de la guerra iniciada por Rusia en Ucrania, en un art\u00edculo publicado hoy por la web \u00abPolitico\u00bb. \u00abDebemos utilizar todo el potencial industrial de nuestro continente para mejorar nuestras capacidades militares\u00bb,<\/p>\n","protected":false},"author":1,"featured_media":179281,"comment_status":"closed","ping_status":"closed","sticky":false,"template":"","format":"standard","meta":{"footnotes":""},"categories":[485],"tags":[464,418],"class_list":{"0":"post-179280","1":"post","2":"type-post","3":"status-publish","4":"format-standard","5":"has-post-thumbnail","7":"category-internacional","8":"tag-conflictos","9":"tag-internacional"},"aioseo_notices":[],"aioseo_head":"\n\t\t<!-- All in One SEO Pro 4.9.6.2 - aioseo.com -->\n\t<meta name=\"description\" content=\"Berl\u00edn, 3 abr (dpa) - Los ministros de Relaciones Exteriores de Alemania, Francia y Polonia abogaron por un mayor armamento en Europa en vista de la guerra\" \/>\n\t<meta name=\"robots\" content=\"max-image-preview:large\" \/>\n\t<meta name=\"author\" content=\"Cand\u00e1s 365\"\/>\n\t<meta name=\"google-site-verification\" content=\"UA-32230408-1\" \/>\n\t<meta name=\"msvalidate.01\" content=\"354F3CDFB2DA171B47FBE9ABF1F88D5\" \/>\n\t<meta name=\"keywords\" content=\"internacional\" \/>\n\t<link rel=\"canonical\" href=\"https:\/\/candas365.es\/noticias\/alemania-francia-y-polonia-abogan-por-un-rearme-de-europa\/\" \/>\n\t<meta name=\"generator\" content=\"All in One SEO Pro (AIOSEO) 4.9.6.2\" \/>\n\t\t<meta property=\"og:locale\" content=\"es_ES\" \/>\n\t\t<meta property=\"og:site_name\" content=\"Cand\u00e1s 365\" \/>\n\t\t<meta property=\"og:type\" content=\"article\" \/>\n\t\t<meta property=\"og:title\" content=\"Alemania, Francia y Polonia abogan por un rearme de Europa | Cand\u00e1s 365\" \/>\n\t\t<meta property=\"og:description\" content=\"Berl\u00edn, 3 abr (dpa) - Los ministros de Relaciones Exteriores de Alemania, Francia y Polonia abogaron por un mayor armamento en Europa en vista de la guerra\" \/>\n\t\t<meta property=\"og:url\" content=\"https:\/\/candas365.es\/noticias\/alemania-francia-y-polonia-abogan-por-un-rearme-de-europa\/\" \/>\n\t\t<meta property=\"og:image\" content=\"https:\/\/candas365.es\/noticias\/wp-content\/uploads\/2024\/04\/armamento-en-Europa.jpg\" \/>\n\t\t<meta property=\"og:image:secure_url\" content=\"https:\/\/candas365.es\/noticias\/wp-content\/uploads\/2024\/04\/armamento-en-Europa.jpg\" \/>\n\t\t<meta property=\"og:image:width\" content=\"640\" \/>\n\t\t<meta property=\"og:image:height\" content=\"360\" \/>\n\t\t<meta property=\"article:published_time\" content=\"2024-04-03T22:28:28+00:00\" \/>\n\t\t<meta property=\"article:modified_time\" content=\"2024-04-03T22:28:28+00:00\" \/>\n\t\t<meta property=\"article:publisher\" content=\"https:\/\/www.facebook.com\/Nachofdezber\" \/>\n\t\t<meta property=\"article:author\" content=\"https:\/\/www.facebook.com\/carrenoactualidad\" \/>\n\t\t<meta name=\"twitter:card\" content=\"summary_large_image\" \/>\n\t\t<meta name=\"twitter:site\" content=\"@NabercoDigital\" \/>\n\t\t<meta name=\"twitter:title\" content=\"Alemania, Francia y Polonia abogan por un rearme de Europa | Cand\u00e1s 365\" \/>\n\t\t<meta name=\"twitter:description\" content=\"Berl\u00edn, 3 abr (dpa) - Los ministros de Relaciones Exteriores de Alemania, Francia y Polonia abogaron por un mayor armamento en Europa en vista de la guerra\" \/>\n\t\t<meta name=\"twitter:creator\" content=\"@nbasturias\" \/>\n\t\t<meta name=\"twitter:image\" content=\"https:\/\/candas365.es\/noticias\/wp-content\/uploads\/2024\/04\/armamento-en-Europa.jpg\" \/>\n\t\t<meta name=\"twitter:label1\" content=\"Escrito por\" \/>\n\t\t<meta name=\"twitter:data1\" content=\"Cand\u00e1s 365\" \/>\n\t\t<meta name=\"twitter:label2\" content=\"Tiempo de lectura estimado\" \/>\n\t\t<meta name=\"twitter:data2\" content=\"2 minutos\" \/>\n\t\t<script type=\"application\/ld+json\" class=\"aioseo-schema\">\n\t\t\t{\"@context\":\"https:\\\/\\\/schema.org\",\"@graph\":[{\"@type\":\"BreadcrumbList\",\"@id\":\"https:\\\/\\\/candas365.es\\\/noticias\\\/alemania-francia-y-polonia-abogan-por-un-rearme-de-europa\\\/#breadcrumblist\",\"itemListElement\":[{\"@type\":\"ListItem\",\"@id\":\"https:\\\/\\\/candas365.es\\\/noticias#listItem\",\"position\":1,\"name\":\"Home\",\"item\":\"https:\\\/\\\/candas365.es\\\/noticias\",\"nextItem\":{\"@type\":\"ListItem\",\"@id\":\"https:\\\/\\\/candas365.es\\\/noticias\\\/category\\\/internacional\\\/#listItem\",\"name\":\"Internacional\"}},{\"@type\":\"ListItem\",\"@id\":\"https:\\\/\\\/candas365.es\\\/noticias\\\/category\\\/internacional\\\/#listItem\",\"position\":2,\"name\":\"Internacional\",\"item\":\"https:\\\/\\\/candas365.es\\\/noticias\\\/category\\\/internacional\\\/\",\"nextItem\":{\"@type\":\"ListItem\",\"@id\":\"https:\\\/\\\/candas365.es\\\/noticias\\\/alemania-francia-y-polonia-abogan-por-un-rearme-de-europa\\\/#listItem\",\"name\":\"Alemania, Francia y Polonia abogan por un rearme de Europa\"},\"previousItem\":{\"@type\":\"ListItem\",\"@id\":\"https:\\\/\\\/candas365.es\\\/noticias#listItem\",\"name\":\"Home\"}},{\"@type\":\"ListItem\",\"@id\":\"https:\\\/\\\/candas365.es\\\/noticias\\\/alemania-francia-y-polonia-abogan-por-un-rearme-de-europa\\\/#listItem\",\"position\":3,\"name\":\"Alemania, Francia y Polonia abogan por un rearme de Europa\",\"previousItem\":{\"@type\":\"ListItem\",\"@id\":\"https:\\\/\\\/candas365.es\\\/noticias\\\/category\\\/internacional\\\/#listItem\",\"name\":\"Internacional\"}}]},{\"@type\":\"NewsArticle\",\"@id\":\"https:\\\/\\\/candas365.es\\\/noticias\\\/alemania-francia-y-polonia-abogan-por-un-rearme-de-europa\\\/#newsarticle\",\"name\":\"Alemania, Francia y Polonia abogan por un rearme de Europa | Cand\\u00e1s 365\",\"headline\":\"Alemania, Francia y Polonia abogan por un rearme de Europa\",\"author\":{\"@id\":\"https:\\\/\\\/candas365.es\\\/noticias\\\/author\\\/admin\\\/#author\"},\"publisher\":{\"@id\":\"https:\\\/\\\/candas365.es\\\/noticias\\\/#organization\"},\"image\":{\"@type\":\"ImageObject\",\"url\":\"https:\\\/\\\/candas365.es\\\/noticias\\\/wp-content\\\/uploads\\\/2024\\\/04\\\/armamento-en-Europa.jpg\",\"width\":640,\"height\":360,\"caption\":\"armamento en Europa\"},\"datePublished\":\"2024-04-04T00:28:28+02:00\",\"dateModified\":\"2024-04-04T00:28:28+02:00\",\"inLanguage\":\"es-ES\",\"mainEntityOfPage\":{\"@id\":\"https:\\\/\\\/candas365.es\\\/noticias\\\/alemania-francia-y-polonia-abogan-por-un-rearme-de-europa\\\/#webpage\"},\"isPartOf\":{\"@id\":\"https:\\\/\\\/candas365.es\\\/noticias\\\/alemania-francia-y-polonia-abogan-por-un-rearme-de-europa\\\/#webpage\"},\"articleSection\":\"Internacional, conflictos, Internacional\",\"dateline\":\"Publicado el abril 4, 2024.\"},{\"@type\":\"Organization\",\"@id\":\"https:\\\/\\\/candas365.es\\\/noticias\\\/#organization\",\"name\":\"Cand\\u00e1s 365\",\"description\":\"Cand\\u00e1s 365 es un diario digital independiente, fundado en 2012, con base en Asturias. Informamos con rigor sobre actualidad, sociedad, cultura y ocio, con una mirada local y global.\",\"url\":\"https:\\\/\\\/candas365.es\\\/noticias\\\/\",\"email\":\"info@candas365.es\",\"telephone\":\"+34652131393\",\"foundingDate\":\"2012-06-10\",\"logo\":{\"@type\":\"ImageObject\",\"url\":\"https:\\\/\\\/candas365.es\\\/noticias\\\/wp-content\\\/uploads\\\/2024\\\/09\\\/Candas-365-Redes.jpg\",\"@id\":\"https:\\\/\\\/candas365.es\\\/noticias\\\/alemania-francia-y-polonia-abogan-por-un-rearme-de-europa\\\/#organizationLogo\",\"width\":1152,\"height\":864,\"caption\":\"Cand\\u00e1s 365 Redes\"},\"image\":{\"@id\":\"https:\\\/\\\/candas365.es\\\/noticias\\\/alemania-francia-y-polonia-abogan-por-un-rearme-de-europa\\\/#organizationLogo\"},\"sameAs\":[\"https:\\\/\\\/www.facebook.com\\\/Nachofdezber\",\"https:\\\/\\\/x.com\\\/NabercoDigital\",\"https:\\\/\\\/www.instagram.com\\\/nachofdezber\\\/\",\"https:\\\/\\\/www.youtube.com\\\/channel\\\/UCZP-2wLEB9Rv6erhFmqVnvg\"],\"address\":{\"@id\":\"https:\\\/\\\/candas365.es\\\/noticias\\\/#postaladdress\",\"@type\":\"PostalAddress\",\"streetAddress\":\"san antonio 4, san antonio 4\",\"postalCode\":\"33430\",\"addressLocality\":\"Cand\\u00e1s\",\"addressRegion\":\"Asturias\",\"addressCountry\":\"ES\"}},{\"@type\":\"Person\",\"@id\":\"https:\\\/\\\/candas365.es\\\/noticias\\\/author\\\/admin\\\/#author\",\"url\":\"https:\\\/\\\/candas365.es\\\/noticias\\\/author\\\/admin\\\/\",\"name\":\"Cand\\u00e1s 365\",\"image\":{\"@type\":\"ImageObject\",\"@id\":\"https:\\\/\\\/candas365.es\\\/noticias\\\/alemania-francia-y-polonia-abogan-por-un-rearme-de-europa\\\/#authorImage\",\"url\":\"https:\\\/\\\/secure.gravatar.com\\\/avatar\\\/496a8e03d0c493ede1718b7934145dbdf8d89be1036b0eec9544e1094c9de390?s=96&d=mm&r=g\",\"width\":96,\"height\":96,\"caption\":\"Cand\\u00e1s 365\"},\"sameAs\":[\"https:\\\/\\\/www.facebook.com\\\/carrenoactualidad\",\"https:\\\/\\\/twitter.com\\\/nbasturias\",\"https:\\\/\\\/www.instagram.com\\\/nachofdezber\\\/\",\"https:\\\/\\\/www.youtube.com\\\/channel\\\/UCZP-2wLEB9Rv6erhFmqVnvg\"]},{\"@type\":\"WebPage\",\"@id\":\"https:\\\/\\\/candas365.es\\\/noticias\\\/alemania-francia-y-polonia-abogan-por-un-rearme-de-europa\\\/#webpage\",\"url\":\"https:\\\/\\\/candas365.es\\\/noticias\\\/alemania-francia-y-polonia-abogan-por-un-rearme-de-europa\\\/\",\"name\":\"Alemania, Francia y Polonia abogan por un rearme de Europa | Cand\\u00e1s 365\",\"description\":\"Berl\\u00edn, 3 abr (dpa) - Los ministros de Relaciones Exteriores de Alemania, Francia y Polonia abogaron por un mayor armamento en Europa en vista de la guerra\",\"inLanguage\":\"es-ES\",\"isPartOf\":{\"@id\":\"https:\\\/\\\/candas365.es\\\/noticias\\\/#website\"},\"breadcrumb\":{\"@id\":\"https:\\\/\\\/candas365.es\\\/noticias\\\/alemania-francia-y-polonia-abogan-por-un-rearme-de-europa\\\/#breadcrumblist\"},\"author\":{\"@id\":\"https:\\\/\\\/candas365.es\\\/noticias\\\/author\\\/admin\\\/#author\"},\"creator\":{\"@id\":\"https:\\\/\\\/candas365.es\\\/noticias\\\/author\\\/admin\\\/#author\"},\"image\":{\"@type\":\"ImageObject\",\"url\":\"https:\\\/\\\/candas365.es\\\/noticias\\\/wp-content\\\/uploads\\\/2024\\\/04\\\/armamento-en-Europa.jpg\",\"@id\":\"https:\\\/\\\/candas365.es\\\/noticias\\\/alemania-francia-y-polonia-abogan-por-un-rearme-de-europa\\\/#mainImage\",\"width\":640,\"height\":360,\"caption\":\"armamento en Europa\"},\"primaryImageOfPage\":{\"@id\":\"https:\\\/\\\/candas365.es\\\/noticias\\\/alemania-francia-y-polonia-abogan-por-un-rearme-de-europa\\\/#mainImage\"},\"datePublished\":\"2024-04-04T00:28:28+02:00\",\"dateModified\":\"2024-04-04T00:28:28+02:00\"},{\"@type\":\"WebSite\",\"@id\":\"https:\\\/\\\/candas365.es\\\/noticias\\\/#website\",\"url\":\"https:\\\/\\\/candas365.es\\\/noticias\\\/\",\"name\":\"Cand\\u00e1s 365\",\"alternateName\":\"Cand\\u00e1s 365 Noticias\",\"description\":\"Actualidad desde Carre\\u00f1o para el mundo\",\"inLanguage\":\"es-ES\",\"publisher\":{\"@id\":\"https:\\\/\\\/candas365.es\\\/noticias\\\/#organization\"}}]}\n\t\t<\/script>\n\t\t<!-- All in One SEO Pro -->\r\n\t\t<title>Alemania, Francia y Polonia abogan por un rearme de Europa | Cand\u00e1s 365<\/title>\n\n","aioseo_head_json":{"title":"Alemania, Francia y Polonia abogan por un rearme de Europa | Cand\u00e1s 365","description":"Berl\u00edn, 3 abr (dpa) - Los ministros de Relaciones Exteriores de Alemania, Francia y Polonia abogaron por un mayor armamento en Europa en vista de la guerra","canonical_url":"https:\/\/candas365.es\/noticias\/alemania-francia-y-polonia-abogan-por-un-rearme-de-europa\/","robots":"max-image-preview:large","keywords":"internacional","webmasterTools":{"google-site-verification":"UA-32230408-1","msvalidate.01":"354F3CDFB2DA171B47FBE9ABF1F88D5","miscellaneous":""},"schema":{"@context":"https:\/\/schema.org","@graph":[{"@type":"BreadcrumbList","@id":"https:\/\/candas365.es\/noticias\/alemania-francia-y-polonia-abogan-por-un-rearme-de-europa\/#breadcrumblist","itemListElement":[{"@type":"ListItem","@id":"https:\/\/candas365.es\/noticias#listItem","position":1,"name":"Home","item":"https:\/\/candas365.es\/noticias","nextItem":{"@type":"ListItem","@id":"https:\/\/candas365.es\/noticias\/category\/internacional\/#listItem","name":"Internacional"}},{"@type":"ListItem","@id":"https:\/\/candas365.es\/noticias\/category\/internacional\/#listItem","position":2,"name":"Internacional","item":"https:\/\/candas365.es\/noticias\/category\/internacional\/","nextItem":{"@type":"ListItem","@id":"https:\/\/candas365.es\/noticias\/alemania-francia-y-polonia-abogan-por-un-rearme-de-europa\/#listItem","name":"Alemania, Francia y Polonia abogan por un rearme de Europa"},"previousItem":{"@type":"ListItem","@id":"https:\/\/candas365.es\/noticias#listItem","name":"Home"}},{"@type":"ListItem","@id":"https:\/\/candas365.es\/noticias\/alemania-francia-y-polonia-abogan-por-un-rearme-de-europa\/#listItem","position":3,"name":"Alemania, Francia y Polonia abogan por un rearme de Europa","previousItem":{"@type":"ListItem","@id":"https:\/\/candas365.es\/noticias\/category\/internacional\/#listItem","name":"Internacional"}}]},{"@type":"NewsArticle","@id":"https:\/\/candas365.es\/noticias\/alemania-francia-y-polonia-abogan-por-un-rearme-de-europa\/#newsarticle","name":"Alemania, Francia y Polonia abogan por un rearme de Europa | Cand\u00e1s 365","headline":"Alemania, Francia y Polonia abogan por un rearme de Europa","author":{"@id":"https:\/\/candas365.es\/noticias\/author\/admin\/#author"},"publisher":{"@id":"https:\/\/candas365.es\/noticias\/#organization"},"image":{"@type":"ImageObject","url":"https:\/\/candas365.es\/noticias\/wp-content\/uploads\/2024\/04\/armamento-en-Europa.jpg","width":640,"height":360,"caption":"armamento en Europa"},"datePublished":"2024-04-04T00:28:28+02:00","dateModified":"2024-04-04T00:28:28+02:00","inLanguage":"es-ES","mainEntityOfPage":{"@id":"https:\/\/candas365.es\/noticias\/alemania-francia-y-polonia-abogan-por-un-rearme-de-europa\/#webpage"},"isPartOf":{"@id":"https:\/\/candas365.es\/noticias\/alemania-francia-y-polonia-abogan-por-un-rearme-de-europa\/#webpage"},"articleSection":"Internacional, conflictos, Internacional","dateline":"Publicado el abril 4, 2024."},{"@type":"Organization","@id":"https:\/\/candas365.es\/noticias\/#organization","name":"Cand\u00e1s 365","description":"Cand\u00e1s 365 es un diario digital independiente, fundado en 2012, con base en Asturias. Informamos con rigor sobre actualidad, sociedad, cultura y ocio, con una mirada local y global.","url":"https:\/\/candas365.es\/noticias\/","email":"info@candas365.es","telephone":"+34652131393","foundingDate":"2012-06-10","logo":{"@type":"ImageObject","url":"https:\/\/candas365.es\/noticias\/wp-content\/uploads\/2024\/09\/Candas-365-Redes.jpg","@id":"https:\/\/candas365.es\/noticias\/alemania-francia-y-polonia-abogan-por-un-rearme-de-europa\/#organizationLogo","width":1152,"height":864,"caption":"Cand\u00e1s 365 Redes"},"image":{"@id":"https:\/\/candas365.es\/noticias\/alemania-francia-y-polonia-abogan-por-un-rearme-de-europa\/#organizationLogo"},"sameAs":["https:\/\/www.facebook.com\/Nachofdezber","https:\/\/x.com\/NabercoDigital","https:\/\/www.instagram.com\/nachofdezber\/","https:\/\/www.youtube.com\/channel\/UCZP-2wLEB9Rv6erhFmqVnvg"],"address":{"@id":"https:\/\/candas365.es\/noticias\/#postaladdress","@type":"PostalAddress","streetAddress":"san antonio 4, san antonio 4","postalCode":"33430","addressLocality":"Cand\u00e1s","addressRegion":"Asturias","addressCountry":"ES"}},{"@type":"Person","@id":"https:\/\/candas365.es\/noticias\/author\/admin\/#author","url":"https:\/\/candas365.es\/noticias\/author\/admin\/","name":"Cand\u00e1s 365","image":{"@type":"ImageObject","@id":"https:\/\/candas365.es\/noticias\/alemania-francia-y-polonia-abogan-por-un-rearme-de-europa\/#authorImage","url":"https:\/\/secure.gravatar.com\/avatar\/496a8e03d0c493ede1718b7934145dbdf8d89be1036b0eec9544e1094c9de390?s=96&d=mm&r=g","width":96,"height":96,"caption":"Cand\u00e1s 365"},"sameAs":["https:\/\/www.facebook.com\/carrenoactualidad","https:\/\/twitter.com\/nbasturias","https:\/\/www.instagram.com\/nachofdezber\/","https:\/\/www.youtube.com\/channel\/UCZP-2wLEB9Rv6erhFmqVnvg"]},{"@type":"WebPage","@id":"https:\/\/candas365.es\/noticias\/alemania-francia-y-polonia-abogan-por-un-rearme-de-europa\/#webpage","url":"https:\/\/candas365.es\/noticias\/alemania-francia-y-polonia-abogan-por-un-rearme-de-europa\/","name":"Alemania, Francia y Polonia abogan por un rearme de Europa | Cand\u00e1s 365","description":"Berl\u00edn, 3 abr (dpa) - Los ministros de Relaciones Exteriores de Alemania, Francia y Polonia abogaron por un mayor armamento en Europa en vista de la guerra","inLanguage":"es-ES","isPartOf":{"@id":"https:\/\/candas365.es\/noticias\/#website"},"breadcrumb":{"@id":"https:\/\/candas365.es\/noticias\/alemania-francia-y-polonia-abogan-por-un-rearme-de-europa\/#breadcrumblist"},"author":{"@id":"https:\/\/candas365.es\/noticias\/author\/admin\/#author"},"creator":{"@id":"https:\/\/candas365.es\/noticias\/author\/admin\/#author"},"image":{"@type":"ImageObject","url":"https:\/\/candas365.es\/noticias\/wp-content\/uploads\/2024\/04\/armamento-en-Europa.jpg","@id":"https:\/\/candas365.es\/noticias\/alemania-francia-y-polonia-abogan-por-un-rearme-de-europa\/#mainImage","width":640,"height":360,"caption":"armamento en Europa"},"primaryImageOfPage":{"@id":"https:\/\/candas365.es\/noticias\/alemania-francia-y-polonia-abogan-por-un-rearme-de-europa\/#mainImage"},"datePublished":"2024-04-04T00:28:28+02:00","dateModified":"2024-04-04T00:28:28+02:00"},{"@type":"WebSite","@id":"https:\/\/candas365.es\/noticias\/#website","url":"https:\/\/candas365.es\/noticias\/","name":"Cand\u00e1s 365","alternateName":"Cand\u00e1s 365 Noticias","description":"Actualidad desde Carre\u00f1o para el mundo","inLanguage":"es-ES","publisher":{"@id":"https:\/\/candas365.es\/noticias\/#organization"}}]},"og:locale":"es_ES","og:site_name":"Cand\u00e1s 365","og:type":"article","og:title":"Alemania, Francia y Polonia abogan por un rearme de Europa | Cand\u00e1s 365","og:description":"Berl\u00edn, 3 abr (dpa) - Los ministros de Relaciones Exteriores de Alemania, Francia y Polonia abogaron por un mayor armamento en Europa en vista de la guerra","og:url":"https:\/\/candas365.es\/noticias\/alemania-francia-y-polonia-abogan-por-un-rearme-de-europa\/","og:image":"https:\/\/candas365.es\/noticias\/wp-content\/uploads\/2024\/04\/armamento-en-Europa.jpg","og:image:secure_url":"https:\/\/candas365.es\/noticias\/wp-content\/uploads\/2024\/04\/armamento-en-Europa.jpg","og:image:width":640,"og:image:height":360,"article:published_time":"2024-04-03T22:28:28+00:00","article:modified_time":"2024-04-03T22:28:28+00:00","article:publisher":"https:\/\/www.facebook.com\/Nachofdezber","article:author":"https:\/\/www.facebook.com\/carrenoactualidad","twitter:card":"summary_large_image","twitter:site":"@NabercoDigital","twitter:title":"Alemania, Francia y Polonia abogan por un rearme de Europa | Cand\u00e1s 365","twitter:description":"Berl\u00edn, 3 abr (dpa) - Los ministros de Relaciones Exteriores de Alemania, Francia y Polonia abogaron por un mayor armamento en Europa en vista de la guerra","twitter:creator":"@nbasturias","twitter:image":"https:\/\/candas365.es\/noticias\/wp-content\/uploads\/2024\/04\/armamento-en-Europa.jpg","twitter:label1":"Escrito por","twitter:data1":"Cand\u00e1s 365","twitter:label2":"Tiempo de lectura estimado","twitter:data2":"2 minutos"},"aioseo_meta_data":{"post_id":"179280","title":null,"description":"Berl\u00edn, 3 abr (dpa) - Los ministros de Relaciones Exteriores de Alemania, Francia y Polonia abogaron por un mayor armamento en Europa en vista de la guerra","keywords":[],"keyphrases":{"focus":{"keyphrase":"Europa","score":78,"analysis":{"keyphraseInTitle":{"score":9,"maxScore":9,"error":0},"keyphraseInDescription":{"score":9,"maxScore":9,"error":0},"keyphraseLength":{"score":9,"maxScore":9,"error":0,"length":1},"keyphraseInURL":{"score":1,"maxScore":5,"error":1},"keyphraseInIntroduction":{"score":9,"maxScore":9,"error":0},"keyphraseInSubHeadings":[],"keyphraseInImageAlt":{"score":9,"maxScore":9,"error":0},"keywordDensity":{"score":0,"type":"low","maxScore":9,"error":1}}},"additional":[{"keyphrase":"armamento en Europa","score":80,"analysis":{"keyphraseInDescription":{"score":9,"maxScore":9,"error":0},"keyphraseLength":{"score":9,"maxScore":9,"error":0,"length":3},"keyphraseInIntroduction":{"score":9,"maxScore":9,"error":0},"keyphraseInImageAlt":{"score":9,"maxScore":9,"error":0},"keywordDensity":{"score":0,"type":"low","maxScore":9,"error":1}}}]},"primary_term":null,"canonical_url":null,"og_title":null,"og_description":null,"og_object_type":"default","og_image_type":"default","og_image_url":null,"og_image_width":null,"og_image_height":null,"og_image_custom_url":null,"og_image_custom_fields":null,"og_video":"","og_custom_url":null,"og_article_section":null,"og_article_tags":[],"twitter_use_og":false,"twitter_card":"default","twitter_image_type":"default","twitter_image_url":null,"twitter_image_custom_url":null,"twitter_image_custom_fields":null,"twitter_title":null,"twitter_description":null,"schema":{"blockGraphs":[],"customGraphs":[],"default":{"data":{"Article":[],"Course":[],"Dataset":[],"FAQPage":[],"Movie":[],"Person":[],"Product":[],"ProductReview":[],"Car":[],"Recipe":[],"Service":[],"SoftwareApplication":[],"WebPage":[]},"graphName":"Article","isEnabled":true},"graphs":[]},"schema_type":"default","schema_type_options":null,"pillar_content":false,"robots_default":true,"robots_noindex":false,"robots_noarchive":false,"robots_nosnippet":false,"robots_nofollow":false,"robots_noimageindex":false,"robots_noodp":false,"robots_notranslate":false,"robots_max_snippet":"-1","robots_max_videopreview":"-1","robots_max_imagepreview":"large","priority":null,"frequency":"default","location":null,"local_seo":null,"seo_analyzer_scan_date":"2025-09-02 06:16:12","breadcrumb_settings":null,"limit_modified_date":false,"reviewed_by":null,"open_ai":"{\"title\":{\"suggestions\":[],\"usage\":0},\"description\":{\"suggestions\":[],\"usage\":0}}","ai":null,"created":"2024-04-03 22:05:26","updated":"2025-09-02 06:16:12"},"aioseo_breadcrumb":"<div class=\"aioseo-breadcrumbs\"><span class=\"aioseo-breadcrumb\">\n\t<a href=\"https:\/\/candas365.es\/noticias\" title=\"Home\">Home<\/a>\n<\/span><span class=\"aioseo-breadcrumb-separator\">&ndash;<\/span><span class=\"aioseo-breadcrumb\">\n\t<a href=\"https:\/\/candas365.es\/noticias\/category\/internacional\/\" title=\"Internacional\">Internacional<\/a>\n<\/span><span class=\"aioseo-breadcrumb-separator\">&ndash;<\/span><span class=\"aioseo-breadcrumb\">\n\tAlemania, Francia y Polonia abogan por un rearme de Europa\n<\/span><\/div>","aioseo_breadcrumb_json":[{"label":"Home","link":"https:\/\/candas365.es\/noticias"},{"label":"Internacional","link":"https:\/\/candas365.es\/noticias\/category\/internacional\/"},{"label":"Alemania, Francia y Polonia abogan por un rearme de Europa","link":"https:\/\/candas365.es\/noticias\/alemania-francia-y-polonia-abogan-por-un-rearme-de-europa\/"}],"_links":{"self":[{"href":"https:\/\/candas365.es\/noticias\/wp-json\/wp\/v2\/posts\/179280","targetHints":{"allow":["GET"]}}],"collection":[{"href":"https:\/\/candas365.es\/noticias\/wp-json\/wp\/v2\/posts"}],"about":[{"href":"https:\/\/candas365.es\/noticias\/wp-json\/wp\/v2\/types\/post"}],"author":[{"embeddable":true,"href":"https:\/\/candas365.es\/noticias\/wp-json\/wp\/v2\/users\/1"}],"replies":[{"embeddable":true,"href":"https:\/\/candas365.es\/noticias\/wp-json\/wp\/v2\/comments?post=179280"}],"version-history":[{"count":0,"href":"https:\/\/candas365.es\/noticias\/wp-json\/wp\/v2\/posts\/179280\/revisions"}],"wp:featuredmedia":[{"embeddable":true,"href":"https:\/\/candas365.es\/noticias\/wp-json\/wp\/v2\/media\/179281"}],"wp:attachment":[{"href":"https:\/\/candas365.es\/noticias\/wp-json\/wp\/v2\/media?parent=179280"}],"wp:term":[{"taxonomy":"category","embeddable":true,"href":"https:\/\/candas365.es\/noticias\/wp-json\/wp\/v2\/categories?post=179280"},{"taxonomy":"post_tag","embeddable":true,"href":"https:\/\/candas365.es\/noticias\/wp-json\/wp\/v2\/tags?post=179280"}],"curies":[{"name":"wp","href":"https:\/\/api.w.org\/{rel}","templated":true}]}}