{"id":179219,"date":"2024-04-02T19:19:40","date_gmt":"2024-04-02T17:19:40","guid":{"rendered":"https:\/\/candas365.es\/noticias\/?p=179219"},"modified":"2024-04-02T19:19:40","modified_gmt":"2024-04-02T17:19:40","slug":"la-montana-magica-de-thomas-mann-llega-al-teatro","status":"publish","type":"post","link":"https:\/\/candas365.es\/noticias\/la-montana-magica-de-thomas-mann-llega-al-teatro\/","title":{"rendered":"\u00abLa monta\u00f1a m\u00e1gica\u00bb de Thomas Mann llega al teatro"},"content":{"rendered":"<p>Weimar, 2 abr (<span style=\"color: #ff6600;\"><a style=\"color: #ff6600;\" title=\"dpa\" href=\"https:\/\/www.dpa-news.de\/\" target=\"_blank\" rel=\"nofollow noopener\"><strong>dpa<\/strong><\/a><\/span>) &#8211; El Teatro Nacional de Weimar presentar\u00e1 una <span style=\"color: #ff6600;\"><strong>obra de teatro<\/strong><\/span> basada en la novela \u00abLa monta\u00f1a m\u00e1gica\u00bb, del escritor alem\u00e1n Thomas Mann (1875-1955), inform\u00f3 hoy la instituci\u00f3n.<\/p>\n<figure id=\"attachment_179220\" aria-describedby=\"caption-attachment-179220\" style=\"width: 650px\" class=\"wp-caption aligncenter\"><img fetchpriority=\"high\" decoding=\"async\" class=\"size-large wp-image-179220\" src=\"https:\/\/candas365.es\/noticias\/wp-content\/uploads\/2024\/04\/Teatro-Nacional-de-Weimar-650x413.jpg\" alt=\"Teatro Nacional de Weimar\" width=\"650\" height=\"413\" srcset=\"https:\/\/candas365.es\/noticias\/wp-content\/uploads\/2024\/04\/Teatro-Nacional-de-Weimar-650x413.jpg 650w, https:\/\/candas365.es\/noticias\/wp-content\/uploads\/2024\/04\/Teatro-Nacional-de-Weimar-360x229.jpg 360w, https:\/\/candas365.es\/noticias\/wp-content\/uploads\/2024\/04\/Teatro-Nacional-de-Weimar-768x488.jpg 768w, https:\/\/candas365.es\/noticias\/wp-content\/uploads\/2024\/04\/Teatro-Nacional-de-Weimar-150x95.jpg 150w, https:\/\/candas365.es\/noticias\/wp-content\/uploads\/2024\/04\/Teatro-Nacional-de-Weimar-450x286.jpg 450w, https:\/\/candas365.es\/noticias\/wp-content\/uploads\/2024\/04\/Teatro-Nacional-de-Weimar.jpg 1057w\" sizes=\"(max-width: 650px) 100vw, 650px\" \/><figcaption id=\"caption-attachment-179220\" class=\"wp-caption-text\">Fachada del Teatro Nacional de Weimar en Alemania, con una estatua en homenaje a los escritores Goethe y Schiller. Foto: Martin Schutt\/dpa-Zentralbild\/dpa<\/figcaption><\/figure>\n<p>El director Christian Weise y la jefa de dramaturgia Beate Seidel escribieron una versi\u00f3n teatral de la novela, considerada un cl\u00e1sico de la literatura universal.<\/p>\n<p>Weise y Seidek ya hab\u00edan adaptado para el escenario la novela de Mann \u00abLos Buddenbrook\u00bb.<\/p>\n<p>La nueva puesta en escena de \u00abLa monta\u00f1a m\u00e1gica\u00bb re\u00fane al elenco del teatro con la Orquesta Estatal de Weimar. El estreno est\u00e1 previsto para el 20 de abril.<\/p>\n<p>\u00abLa monta\u00f1a m\u00e1gica\u00bb, de mil p\u00e1ginas, fue publicada en 1924. Cuenta la historia del ingeniero Hans Castorp, quien visita a un pariente en un sanatorio en los Alpes suizos y queda tan fascinado por el ambiente del lugar que en lugar de algunas semanas, acaba pasando all\u00ed varios a\u00f1os.<\/p>\n","protected":false},"excerpt":{"rendered":"<p>Weimar, 2 abr (dpa) &#8211; El Teatro Nacional de Weimar presentar\u00e1 una obra de teatro basada en la novela \u00abLa monta\u00f1a m\u00e1gica\u00bb, del escritor alem\u00e1n Thomas Mann (1875-1955), inform\u00f3 hoy la instituci\u00f3n. El director Christian Weise y la jefa de dramaturgia Beate Seidel escribieron una versi\u00f3n teatral de la novela, considerada un cl\u00e1sico de la<\/p>\n","protected":false},"author":1,"featured_media":179220,"comment_status":"closed","ping_status":"closed","sticky":false,"template":"","format":"standard","meta":{"footnotes":""},"categories":[142],"tags":[430],"class_list":{"0":"post-179219","1":"post","2":"type-post","3":"status-publish","4":"format-standard","5":"has-post-thumbnail","7":"category-revista","8":"tag-cultura"},"aioseo_notices":[],"aioseo_head":"\n\t\t<!-- All in One SEO Pro 4.9.6.2 - aioseo.com -->\n\t<meta name=\"description\" content=\"Weimar, 2 abr (dpa) - El Teatro Nacional de Weimar presentar\u00e1 una obra de teatro basada en la novela &quot;La monta\u00f1a m\u00e1gica&quot;, del escritor alem\u00e1n Thomas Mann\" \/>\n\t<meta name=\"robots\" content=\"max-image-preview:large\" \/>\n\t<meta name=\"author\" content=\"Cand\u00e1s 365\"\/>\n\t<meta name=\"google-site-verification\" content=\"UA-32230408-1\" \/>\n\t<meta name=\"msvalidate.01\" content=\"354F3CDFB2DA171B47FBE9ABF1F88D5\" \/>\n\t<meta name=\"keywords\" content=\"revista\" \/>\n\t<link rel=\"canonical\" href=\"https:\/\/candas365.es\/noticias\/la-montana-magica-de-thomas-mann-llega-al-teatro\/\" \/>\n\t<meta name=\"generator\" content=\"All in One SEO Pro (AIOSEO) 4.9.6.2\" \/>\n\t\t<meta property=\"og:locale\" content=\"es_ES\" \/>\n\t\t<meta property=\"og:site_name\" content=\"Cand\u00e1s 365\" \/>\n\t\t<meta property=\"og:type\" content=\"article\" \/>\n\t\t<meta property=\"og:title\" content=\"\u00abLa monta\u00f1a m\u00e1gica\u00bb de Thomas Mann llega al teatro | Cand\u00e1s 365\" \/>\n\t\t<meta property=\"og:description\" content=\"Weimar, 2 abr (dpa) - El Teatro Nacional de Weimar presentar\u00e1 una obra de teatro basada en la novela &quot;La monta\u00f1a m\u00e1gica&quot;, del escritor alem\u00e1n Thomas Mann\" \/>\n\t\t<meta property=\"og:url\" content=\"https:\/\/candas365.es\/noticias\/la-montana-magica-de-thomas-mann-llega-al-teatro\/\" \/>\n\t\t<meta property=\"og:image\" content=\"https:\/\/candas365.es\/noticias\/wp-content\/uploads\/2024\/04\/Teatro-Nacional-de-Weimar.jpg\" \/>\n\t\t<meta property=\"og:image:secure_url\" content=\"https:\/\/candas365.es\/noticias\/wp-content\/uploads\/2024\/04\/Teatro-Nacional-de-Weimar.jpg\" \/>\n\t\t<meta property=\"og:image:width\" content=\"1057\" \/>\n\t\t<meta property=\"og:image:height\" content=\"671\" \/>\n\t\t<meta property=\"article:published_time\" content=\"2024-04-02T17:19:40+00:00\" \/>\n\t\t<meta property=\"article:modified_time\" content=\"2024-04-02T17:19:40+00:00\" \/>\n\t\t<meta property=\"article:publisher\" content=\"https:\/\/www.facebook.com\/Nachofdezber\" \/>\n\t\t<meta property=\"article:author\" content=\"https:\/\/www.facebook.com\/carrenoactualidad\" \/>\n\t\t<meta name=\"twitter:card\" content=\"summary_large_image\" \/>\n\t\t<meta name=\"twitter:site\" content=\"@NabercoDigital\" \/>\n\t\t<meta name=\"twitter:title\" content=\"\u00abLa monta\u00f1a m\u00e1gica\u00bb de Thomas Mann llega al teatro | Cand\u00e1s 365\" \/>\n\t\t<meta name=\"twitter:description\" content=\"Weimar, 2 abr (dpa) - El Teatro Nacional de Weimar presentar\u00e1 una obra de teatro basada en la novela &quot;La monta\u00f1a m\u00e1gica&quot;, del escritor alem\u00e1n Thomas Mann\" \/>\n\t\t<meta name=\"twitter:creator\" content=\"@nbasturias\" \/>\n\t\t<meta name=\"twitter:image\" content=\"https:\/\/candas365.es\/noticias\/wp-content\/uploads\/2024\/04\/Teatro-Nacional-de-Weimar.jpg\" \/>\n\t\t<meta name=\"twitter:label1\" content=\"Escrito por\" \/>\n\t\t<meta name=\"twitter:data1\" content=\"Cand\u00e1s 365\" \/>\n\t\t<meta name=\"twitter:label2\" content=\"Tiempo de lectura estimado\" \/>\n\t\t<meta name=\"twitter:data2\" content=\"1 minuto\" \/>\n\t\t<script type=\"application\/ld+json\" class=\"aioseo-schema\">\n\t\t\t{\"@context\":\"https:\\\/\\\/schema.org\",\"@graph\":[{\"@type\":\"BreadcrumbList\",\"@id\":\"https:\\\/\\\/candas365.es\\\/noticias\\\/la-montana-magica-de-thomas-mann-llega-al-teatro\\\/#breadcrumblist\",\"itemListElement\":[{\"@type\":\"ListItem\",\"@id\":\"https:\\\/\\\/candas365.es\\\/noticias#listItem\",\"position\":1,\"name\":\"Home\",\"item\":\"https:\\\/\\\/candas365.es\\\/noticias\",\"nextItem\":{\"@type\":\"ListItem\",\"@id\":\"https:\\\/\\\/candas365.es\\\/noticias\\\/category\\\/revista\\\/#listItem\",\"name\":\"Revista\"}},{\"@type\":\"ListItem\",\"@id\":\"https:\\\/\\\/candas365.es\\\/noticias\\\/category\\\/revista\\\/#listItem\",\"position\":2,\"name\":\"Revista\",\"item\":\"https:\\\/\\\/candas365.es\\\/noticias\\\/category\\\/revista\\\/\",\"nextItem\":{\"@type\":\"ListItem\",\"@id\":\"https:\\\/\\\/candas365.es\\\/noticias\\\/la-montana-magica-de-thomas-mann-llega-al-teatro\\\/#listItem\",\"name\":\"\\u00abLa monta\\u00f1a m\\u00e1gica\\u00bb de Thomas Mann llega al teatro\"},\"previousItem\":{\"@type\":\"ListItem\",\"@id\":\"https:\\\/\\\/candas365.es\\\/noticias#listItem\",\"name\":\"Home\"}},{\"@type\":\"ListItem\",\"@id\":\"https:\\\/\\\/candas365.es\\\/noticias\\\/la-montana-magica-de-thomas-mann-llega-al-teatro\\\/#listItem\",\"position\":3,\"name\":\"\\u00abLa monta\\u00f1a m\\u00e1gica\\u00bb de Thomas Mann llega al teatro\",\"previousItem\":{\"@type\":\"ListItem\",\"@id\":\"https:\\\/\\\/candas365.es\\\/noticias\\\/category\\\/revista\\\/#listItem\",\"name\":\"Revista\"}}]},{\"@type\":\"NewsArticle\",\"@id\":\"https:\\\/\\\/candas365.es\\\/noticias\\\/la-montana-magica-de-thomas-mann-llega-al-teatro\\\/#newsarticle\",\"name\":\"\\u00abLa monta\\u00f1a m\\u00e1gica\\u00bb de Thomas Mann llega al teatro | Cand\\u00e1s 365\",\"headline\":\"\\u00abLa monta\\u00f1a m\\u00e1gica\\u00bb de Thomas Mann llega al teatro\",\"author\":{\"@id\":\"https:\\\/\\\/candas365.es\\\/noticias\\\/author\\\/admin\\\/#author\"},\"publisher\":{\"@id\":\"https:\\\/\\\/candas365.es\\\/noticias\\\/#organization\"},\"image\":{\"@type\":\"ImageObject\",\"url\":\"https:\\\/\\\/candas365.es\\\/noticias\\\/wp-content\\\/uploads\\\/2024\\\/04\\\/Teatro-Nacional-de-Weimar.jpg\",\"width\":1057,\"height\":671,\"caption\":\"Fachada del Teatro Nacional de Weimar en Alemania, con una estatua en homenaje a los escritores Goethe y Schiller. Foto: Martin Schutt\\\/dpa-Zentralbild\\\/dpa\"},\"datePublished\":\"2024-04-02T19:19:40+02:00\",\"dateModified\":\"2024-04-02T19:19:40+02:00\",\"inLanguage\":\"es-ES\",\"mainEntityOfPage\":{\"@id\":\"https:\\\/\\\/candas365.es\\\/noticias\\\/la-montana-magica-de-thomas-mann-llega-al-teatro\\\/#webpage\"},\"isPartOf\":{\"@id\":\"https:\\\/\\\/candas365.es\\\/noticias\\\/la-montana-magica-de-thomas-mann-llega-al-teatro\\\/#webpage\"},\"articleSection\":\"Revista, cultura\",\"dateline\":\"Publicado el abril 2, 2024.\"},{\"@type\":\"Organization\",\"@id\":\"https:\\\/\\\/candas365.es\\\/noticias\\\/#organization\",\"name\":\"Cand\\u00e1s 365\",\"description\":\"Cand\\u00e1s 365 es un diario digital independiente, fundado en 2012, con base en Asturias. Informamos con rigor sobre actualidad, sociedad, cultura y ocio, con una mirada local y global.\",\"url\":\"https:\\\/\\\/candas365.es\\\/noticias\\\/\",\"email\":\"info@candas365.es\",\"telephone\":\"+34652131393\",\"foundingDate\":\"2012-06-10\",\"logo\":{\"@type\":\"ImageObject\",\"url\":\"https:\\\/\\\/candas365.es\\\/noticias\\\/wp-content\\\/uploads\\\/2024\\\/09\\\/Candas-365-Redes.jpg\",\"@id\":\"https:\\\/\\\/candas365.es\\\/noticias\\\/la-montana-magica-de-thomas-mann-llega-al-teatro\\\/#organizationLogo\",\"width\":1152,\"height\":864,\"caption\":\"Cand\\u00e1s 365 Redes\"},\"image\":{\"@id\":\"https:\\\/\\\/candas365.es\\\/noticias\\\/la-montana-magica-de-thomas-mann-llega-al-teatro\\\/#organizationLogo\"},\"sameAs\":[\"https:\\\/\\\/www.facebook.com\\\/Nachofdezber\",\"https:\\\/\\\/x.com\\\/NabercoDigital\",\"https:\\\/\\\/www.instagram.com\\\/nachofdezber\\\/\",\"https:\\\/\\\/www.youtube.com\\\/channel\\\/UCZP-2wLEB9Rv6erhFmqVnvg\"],\"address\":{\"@id\":\"https:\\\/\\\/candas365.es\\\/noticias\\\/#postaladdress\",\"@type\":\"PostalAddress\",\"streetAddress\":\"san antonio 4, san antonio 4\",\"postalCode\":\"33430\",\"addressLocality\":\"Cand\\u00e1s\",\"addressRegion\":\"Asturias\",\"addressCountry\":\"ES\"}},{\"@type\":\"Person\",\"@id\":\"https:\\\/\\\/candas365.es\\\/noticias\\\/author\\\/admin\\\/#author\",\"url\":\"https:\\\/\\\/candas365.es\\\/noticias\\\/author\\\/admin\\\/\",\"name\":\"Cand\\u00e1s 365\",\"image\":{\"@type\":\"ImageObject\",\"@id\":\"https:\\\/\\\/candas365.es\\\/noticias\\\/la-montana-magica-de-thomas-mann-llega-al-teatro\\\/#authorImage\",\"url\":\"https:\\\/\\\/secure.gravatar.com\\\/avatar\\\/496a8e03d0c493ede1718b7934145dbdf8d89be1036b0eec9544e1094c9de390?s=96&d=mm&r=g\",\"width\":96,\"height\":96,\"caption\":\"Cand\\u00e1s 365\"},\"sameAs\":[\"https:\\\/\\\/www.facebook.com\\\/carrenoactualidad\",\"https:\\\/\\\/twitter.com\\\/nbasturias\",\"https:\\\/\\\/www.instagram.com\\\/nachofdezber\\\/\",\"https:\\\/\\\/www.youtube.com\\\/channel\\\/UCZP-2wLEB9Rv6erhFmqVnvg\"]},{\"@type\":\"WebPage\",\"@id\":\"https:\\\/\\\/candas365.es\\\/noticias\\\/la-montana-magica-de-thomas-mann-llega-al-teatro\\\/#webpage\",\"url\":\"https:\\\/\\\/candas365.es\\\/noticias\\\/la-montana-magica-de-thomas-mann-llega-al-teatro\\\/\",\"name\":\"\\u00abLa monta\\u00f1a m\\u00e1gica\\u00bb de Thomas Mann llega al teatro | Cand\\u00e1s 365\",\"description\":\"Weimar, 2 abr (dpa) - El Teatro Nacional de Weimar presentar\\u00e1 una obra de teatro basada en la novela \\\"La monta\\u00f1a m\\u00e1gica\\\", del escritor alem\\u00e1n Thomas Mann\",\"inLanguage\":\"es-ES\",\"isPartOf\":{\"@id\":\"https:\\\/\\\/candas365.es\\\/noticias\\\/#website\"},\"breadcrumb\":{\"@id\":\"https:\\\/\\\/candas365.es\\\/noticias\\\/la-montana-magica-de-thomas-mann-llega-al-teatro\\\/#breadcrumblist\"},\"author\":{\"@id\":\"https:\\\/\\\/candas365.es\\\/noticias\\\/author\\\/admin\\\/#author\"},\"creator\":{\"@id\":\"https:\\\/\\\/candas365.es\\\/noticias\\\/author\\\/admin\\\/#author\"},\"image\":{\"@type\":\"ImageObject\",\"url\":\"https:\\\/\\\/candas365.es\\\/noticias\\\/wp-content\\\/uploads\\\/2024\\\/04\\\/Teatro-Nacional-de-Weimar.jpg\",\"@id\":\"https:\\\/\\\/candas365.es\\\/noticias\\\/la-montana-magica-de-thomas-mann-llega-al-teatro\\\/#mainImage\",\"width\":1057,\"height\":671,\"caption\":\"Fachada del Teatro Nacional de Weimar en Alemania, con una estatua en homenaje a los escritores Goethe y Schiller. Foto: Martin Schutt\\\/dpa-Zentralbild\\\/dpa\"},\"primaryImageOfPage\":{\"@id\":\"https:\\\/\\\/candas365.es\\\/noticias\\\/la-montana-magica-de-thomas-mann-llega-al-teatro\\\/#mainImage\"},\"datePublished\":\"2024-04-02T19:19:40+02:00\",\"dateModified\":\"2024-04-02T19:19:40+02:00\"},{\"@type\":\"WebSite\",\"@id\":\"https:\\\/\\\/candas365.es\\\/noticias\\\/#website\",\"url\":\"https:\\\/\\\/candas365.es\\\/noticias\\\/\",\"name\":\"Cand\\u00e1s 365\",\"alternateName\":\"Cand\\u00e1s 365 Noticias\",\"description\":\"Actualidad desde Carre\\u00f1o para el mundo\",\"inLanguage\":\"es-ES\",\"publisher\":{\"@id\":\"https:\\\/\\\/candas365.es\\\/noticias\\\/#organization\"}}]}\n\t\t<\/script>\n\t\t<!-- All in One SEO Pro -->\r\n\t\t<title>\u00abLa monta\u00f1a m\u00e1gica\u00bb de Thomas Mann llega al teatro | Cand\u00e1s 365<\/title>\n\n","aioseo_head_json":{"title":"\u00abLa monta\u00f1a m\u00e1gica\u00bb de Thomas Mann llega al teatro | Cand\u00e1s 365","description":"Weimar, 2 abr (dpa) - El Teatro Nacional de Weimar presentar\u00e1 una obra de teatro basada en la novela \"La monta\u00f1a m\u00e1gica\", del escritor alem\u00e1n Thomas Mann","canonical_url":"https:\/\/candas365.es\/noticias\/la-montana-magica-de-thomas-mann-llega-al-teatro\/","robots":"max-image-preview:large","keywords":"revista","webmasterTools":{"google-site-verification":"UA-32230408-1","msvalidate.01":"354F3CDFB2DA171B47FBE9ABF1F88D5","miscellaneous":""},"schema":{"@context":"https:\/\/schema.org","@graph":[{"@type":"BreadcrumbList","@id":"https:\/\/candas365.es\/noticias\/la-montana-magica-de-thomas-mann-llega-al-teatro\/#breadcrumblist","itemListElement":[{"@type":"ListItem","@id":"https:\/\/candas365.es\/noticias#listItem","position":1,"name":"Home","item":"https:\/\/candas365.es\/noticias","nextItem":{"@type":"ListItem","@id":"https:\/\/candas365.es\/noticias\/category\/revista\/#listItem","name":"Revista"}},{"@type":"ListItem","@id":"https:\/\/candas365.es\/noticias\/category\/revista\/#listItem","position":2,"name":"Revista","item":"https:\/\/candas365.es\/noticias\/category\/revista\/","nextItem":{"@type":"ListItem","@id":"https:\/\/candas365.es\/noticias\/la-montana-magica-de-thomas-mann-llega-al-teatro\/#listItem","name":"\u00abLa monta\u00f1a m\u00e1gica\u00bb de Thomas Mann llega al teatro"},"previousItem":{"@type":"ListItem","@id":"https:\/\/candas365.es\/noticias#listItem","name":"Home"}},{"@type":"ListItem","@id":"https:\/\/candas365.es\/noticias\/la-montana-magica-de-thomas-mann-llega-al-teatro\/#listItem","position":3,"name":"\u00abLa monta\u00f1a m\u00e1gica\u00bb de Thomas Mann llega al teatro","previousItem":{"@type":"ListItem","@id":"https:\/\/candas365.es\/noticias\/category\/revista\/#listItem","name":"Revista"}}]},{"@type":"NewsArticle","@id":"https:\/\/candas365.es\/noticias\/la-montana-magica-de-thomas-mann-llega-al-teatro\/#newsarticle","name":"\u00abLa monta\u00f1a m\u00e1gica\u00bb de Thomas Mann llega al teatro | Cand\u00e1s 365","headline":"\u00abLa monta\u00f1a m\u00e1gica\u00bb de Thomas Mann llega al teatro","author":{"@id":"https:\/\/candas365.es\/noticias\/author\/admin\/#author"},"publisher":{"@id":"https:\/\/candas365.es\/noticias\/#organization"},"image":{"@type":"ImageObject","url":"https:\/\/candas365.es\/noticias\/wp-content\/uploads\/2024\/04\/Teatro-Nacional-de-Weimar.jpg","width":1057,"height":671,"caption":"Fachada del Teatro Nacional de Weimar en Alemania, con una estatua en homenaje a los escritores Goethe y Schiller. Foto: Martin Schutt\/dpa-Zentralbild\/dpa"},"datePublished":"2024-04-02T19:19:40+02:00","dateModified":"2024-04-02T19:19:40+02:00","inLanguage":"es-ES","mainEntityOfPage":{"@id":"https:\/\/candas365.es\/noticias\/la-montana-magica-de-thomas-mann-llega-al-teatro\/#webpage"},"isPartOf":{"@id":"https:\/\/candas365.es\/noticias\/la-montana-magica-de-thomas-mann-llega-al-teatro\/#webpage"},"articleSection":"Revista, cultura","dateline":"Publicado el abril 2, 2024."},{"@type":"Organization","@id":"https:\/\/candas365.es\/noticias\/#organization","name":"Cand\u00e1s 365","description":"Cand\u00e1s 365 es un diario digital independiente, fundado en 2012, con base en Asturias. Informamos con rigor sobre actualidad, sociedad, cultura y ocio, con una mirada local y global.","url":"https:\/\/candas365.es\/noticias\/","email":"info@candas365.es","telephone":"+34652131393","foundingDate":"2012-06-10","logo":{"@type":"ImageObject","url":"https:\/\/candas365.es\/noticias\/wp-content\/uploads\/2024\/09\/Candas-365-Redes.jpg","@id":"https:\/\/candas365.es\/noticias\/la-montana-magica-de-thomas-mann-llega-al-teatro\/#organizationLogo","width":1152,"height":864,"caption":"Cand\u00e1s 365 Redes"},"image":{"@id":"https:\/\/candas365.es\/noticias\/la-montana-magica-de-thomas-mann-llega-al-teatro\/#organizationLogo"},"sameAs":["https:\/\/www.facebook.com\/Nachofdezber","https:\/\/x.com\/NabercoDigital","https:\/\/www.instagram.com\/nachofdezber\/","https:\/\/www.youtube.com\/channel\/UCZP-2wLEB9Rv6erhFmqVnvg"],"address":{"@id":"https:\/\/candas365.es\/noticias\/#postaladdress","@type":"PostalAddress","streetAddress":"san antonio 4, san antonio 4","postalCode":"33430","addressLocality":"Cand\u00e1s","addressRegion":"Asturias","addressCountry":"ES"}},{"@type":"Person","@id":"https:\/\/candas365.es\/noticias\/author\/admin\/#author","url":"https:\/\/candas365.es\/noticias\/author\/admin\/","name":"Cand\u00e1s 365","image":{"@type":"ImageObject","@id":"https:\/\/candas365.es\/noticias\/la-montana-magica-de-thomas-mann-llega-al-teatro\/#authorImage","url":"https:\/\/secure.gravatar.com\/avatar\/496a8e03d0c493ede1718b7934145dbdf8d89be1036b0eec9544e1094c9de390?s=96&d=mm&r=g","width":96,"height":96,"caption":"Cand\u00e1s 365"},"sameAs":["https:\/\/www.facebook.com\/carrenoactualidad","https:\/\/twitter.com\/nbasturias","https:\/\/www.instagram.com\/nachofdezber\/","https:\/\/www.youtube.com\/channel\/UCZP-2wLEB9Rv6erhFmqVnvg"]},{"@type":"WebPage","@id":"https:\/\/candas365.es\/noticias\/la-montana-magica-de-thomas-mann-llega-al-teatro\/#webpage","url":"https:\/\/candas365.es\/noticias\/la-montana-magica-de-thomas-mann-llega-al-teatro\/","name":"\u00abLa monta\u00f1a m\u00e1gica\u00bb de Thomas Mann llega al teatro | Cand\u00e1s 365","description":"Weimar, 2 abr (dpa) - El Teatro Nacional de Weimar presentar\u00e1 una obra de teatro basada en la novela \"La monta\u00f1a m\u00e1gica\", del escritor alem\u00e1n Thomas Mann","inLanguage":"es-ES","isPartOf":{"@id":"https:\/\/candas365.es\/noticias\/#website"},"breadcrumb":{"@id":"https:\/\/candas365.es\/noticias\/la-montana-magica-de-thomas-mann-llega-al-teatro\/#breadcrumblist"},"author":{"@id":"https:\/\/candas365.es\/noticias\/author\/admin\/#author"},"creator":{"@id":"https:\/\/candas365.es\/noticias\/author\/admin\/#author"},"image":{"@type":"ImageObject","url":"https:\/\/candas365.es\/noticias\/wp-content\/uploads\/2024\/04\/Teatro-Nacional-de-Weimar.jpg","@id":"https:\/\/candas365.es\/noticias\/la-montana-magica-de-thomas-mann-llega-al-teatro\/#mainImage","width":1057,"height":671,"caption":"Fachada del Teatro Nacional de Weimar en Alemania, con una estatua en homenaje a los escritores Goethe y Schiller. Foto: Martin Schutt\/dpa-Zentralbild\/dpa"},"primaryImageOfPage":{"@id":"https:\/\/candas365.es\/noticias\/la-montana-magica-de-thomas-mann-llega-al-teatro\/#mainImage"},"datePublished":"2024-04-02T19:19:40+02:00","dateModified":"2024-04-02T19:19:40+02:00"},{"@type":"WebSite","@id":"https:\/\/candas365.es\/noticias\/#website","url":"https:\/\/candas365.es\/noticias\/","name":"Cand\u00e1s 365","alternateName":"Cand\u00e1s 365 Noticias","description":"Actualidad desde Carre\u00f1o para el mundo","inLanguage":"es-ES","publisher":{"@id":"https:\/\/candas365.es\/noticias\/#organization"}}]},"og:locale":"es_ES","og:site_name":"Cand\u00e1s 365","og:type":"article","og:title":"\u00abLa monta\u00f1a m\u00e1gica\u00bb de Thomas Mann llega al teatro | Cand\u00e1s 365","og:description":"Weimar, 2 abr (dpa) - El Teatro Nacional de Weimar presentar\u00e1 una obra de teatro basada en la novela &quot;La monta\u00f1a m\u00e1gica&quot;, del escritor alem\u00e1n Thomas Mann","og:url":"https:\/\/candas365.es\/noticias\/la-montana-magica-de-thomas-mann-llega-al-teatro\/","og:image":"https:\/\/candas365.es\/noticias\/wp-content\/uploads\/2024\/04\/Teatro-Nacional-de-Weimar.jpg","og:image:secure_url":"https:\/\/candas365.es\/noticias\/wp-content\/uploads\/2024\/04\/Teatro-Nacional-de-Weimar.jpg","og:image:width":1057,"og:image:height":671,"article:published_time":"2024-04-02T17:19:40+00:00","article:modified_time":"2024-04-02T17:19:40+00:00","article:publisher":"https:\/\/www.facebook.com\/Nachofdezber","article:author":"https:\/\/www.facebook.com\/carrenoactualidad","twitter:card":"summary_large_image","twitter:site":"@NabercoDigital","twitter:title":"\u00abLa monta\u00f1a m\u00e1gica\u00bb de Thomas Mann llega al teatro | Cand\u00e1s 365","twitter:description":"Weimar, 2 abr (dpa) - El Teatro Nacional de Weimar presentar\u00e1 una obra de teatro basada en la novela &quot;La monta\u00f1a m\u00e1gica&quot;, del escritor alem\u00e1n Thomas Mann","twitter:creator":"@nbasturias","twitter:image":"https:\/\/candas365.es\/noticias\/wp-content\/uploads\/2024\/04\/Teatro-Nacional-de-Weimar.jpg","twitter:label1":"Escrito por","twitter:data1":"Cand\u00e1s 365","twitter:label2":"Tiempo de lectura estimado","twitter:data2":"1 minuto"},"aioseo_meta_data":{"post_id":"179219","title":null,"description":"Weimar, 2 abr (dpa) - El Teatro Nacional de Weimar presentar\u00e1 una obra de teatro basada en la novela \"La monta\u00f1a m\u00e1gica\", del escritor alem\u00e1n Thomas Mann","keywords":[],"keyphrases":{"focus":{"keyphrase":"Teatro","score":93,"analysis":{"keyphraseInTitle":{"score":9,"maxScore":9,"error":0},"keyphraseInDescription":{"score":9,"maxScore":9,"error":0},"keyphraseLength":{"score":9,"maxScore":9,"error":0,"length":1},"keyphraseInURL":{"score":1,"maxScore":5,"error":1},"keyphraseInIntroduction":{"score":9,"maxScore":9,"error":0},"keyphraseInSubHeadings":[],"keyphraseInImageAlt":{"score":9,"maxScore":9,"error":0},"keywordDensity":{"type":"best","score":9,"maxScore":9,"error":0}}},"additional":[{"keyphrase":"Teatro","score":100,"analysis":{"keyphraseInDescription":{"score":9,"maxScore":9,"error":0},"keyphraseLength":{"score":9,"maxScore":9,"error":0,"length":1},"keyphraseInIntroduction":{"score":9,"maxScore":9,"error":0},"keyphraseInImageAlt":{"score":9,"maxScore":9,"error":0},"keywordDensity":{"type":"best","score":9,"maxScore":9,"error":0}}}]},"primary_term":null,"canonical_url":null,"og_title":null,"og_description":null,"og_object_type":"default","og_image_type":"default","og_image_url":null,"og_image_width":null,"og_image_height":null,"og_image_custom_url":null,"og_image_custom_fields":null,"og_video":"","og_custom_url":null,"og_article_section":null,"og_article_tags":[],"twitter_use_og":false,"twitter_card":"default","twitter_image_type":"default","twitter_image_url":null,"twitter_image_custom_url":null,"twitter_image_custom_fields":null,"twitter_title":null,"twitter_description":null,"schema":{"blockGraphs":[],"customGraphs":[],"default":{"data":{"Article":[],"Course":[],"Dataset":[],"FAQPage":[],"Movie":[],"Person":[],"Product":[],"ProductReview":[],"Car":[],"Recipe":[],"Service":[],"SoftwareApplication":[],"WebPage":[]},"graphName":"Article","isEnabled":true},"graphs":[]},"schema_type":"default","schema_type_options":null,"pillar_content":false,"robots_default":true,"robots_noindex":false,"robots_noarchive":false,"robots_nosnippet":false,"robots_nofollow":false,"robots_noimageindex":false,"robots_noodp":false,"robots_notranslate":false,"robots_max_snippet":"-1","robots_max_videopreview":"-1","robots_max_imagepreview":"large","priority":null,"frequency":"default","location":null,"local_seo":null,"seo_analyzer_scan_date":"2025-09-02 06:10:09","breadcrumb_settings":null,"limit_modified_date":false,"reviewed_by":null,"open_ai":"{\"title\":{\"suggestions\":[],\"usage\":0},\"description\":{\"suggestions\":[],\"usage\":0}}","ai":null,"created":"2024-04-02 17:14:30","updated":"2025-09-02 06:10:09"},"aioseo_breadcrumb":"<div class=\"aioseo-breadcrumbs\"><span class=\"aioseo-breadcrumb\">\n\t<a href=\"https:\/\/candas365.es\/noticias\" title=\"Home\">Home<\/a>\n<\/span><span class=\"aioseo-breadcrumb-separator\">&ndash;<\/span><span class=\"aioseo-breadcrumb\">\n\t<a href=\"https:\/\/candas365.es\/noticias\/category\/revista\/\" title=\"Revista\">Revista<\/a>\n<\/span><span class=\"aioseo-breadcrumb-separator\">&ndash;<\/span><span class=\"aioseo-breadcrumb\">\n\t\u00abLa monta\u00f1a m\u00e1gica\u00bb de Thomas Mann llega al teatro\n<\/span><\/div>","aioseo_breadcrumb_json":[{"label":"Home","link":"https:\/\/candas365.es\/noticias"},{"label":"Revista","link":"https:\/\/candas365.es\/noticias\/category\/revista\/"},{"label":"\u00abLa monta\u00f1a m\u00e1gica\u00bb de Thomas Mann llega al teatro","link":"https:\/\/candas365.es\/noticias\/la-montana-magica-de-thomas-mann-llega-al-teatro\/"}],"_links":{"self":[{"href":"https:\/\/candas365.es\/noticias\/wp-json\/wp\/v2\/posts\/179219","targetHints":{"allow":["GET"]}}],"collection":[{"href":"https:\/\/candas365.es\/noticias\/wp-json\/wp\/v2\/posts"}],"about":[{"href":"https:\/\/candas365.es\/noticias\/wp-json\/wp\/v2\/types\/post"}],"author":[{"embeddable":true,"href":"https:\/\/candas365.es\/noticias\/wp-json\/wp\/v2\/users\/1"}],"replies":[{"embeddable":true,"href":"https:\/\/candas365.es\/noticias\/wp-json\/wp\/v2\/comments?post=179219"}],"version-history":[{"count":0,"href":"https:\/\/candas365.es\/noticias\/wp-json\/wp\/v2\/posts\/179219\/revisions"}],"wp:featuredmedia":[{"embeddable":true,"href":"https:\/\/candas365.es\/noticias\/wp-json\/wp\/v2\/media\/179220"}],"wp:attachment":[{"href":"https:\/\/candas365.es\/noticias\/wp-json\/wp\/v2\/media?parent=179219"}],"wp:term":[{"taxonomy":"category","embeddable":true,"href":"https:\/\/candas365.es\/noticias\/wp-json\/wp\/v2\/categories?post=179219"},{"taxonomy":"post_tag","embeddable":true,"href":"https:\/\/candas365.es\/noticias\/wp-json\/wp\/v2\/tags?post=179219"}],"curies":[{"name":"wp","href":"https:\/\/api.w.org\/{rel}","templated":true}]}}