{"id":179163,"date":"2024-04-02T12:50:13","date_gmt":"2024-04-02T10:50:13","guid":{"rendered":"https:\/\/candas365.es\/noticias\/?p=179163"},"modified":"2024-04-02T12:50:13","modified_gmt":"2024-04-02T10:50:13","slug":"disminucion-del-paro-en-asturias-durante-marzo-de-2024","status":"publish","type":"post","link":"https:\/\/candas365.es\/noticias\/disminucion-del-paro-en-asturias-durante-marzo-de-2024\/","title":{"rendered":"Disminuci\u00f3n del paro en Asturias durante marzo de 2024"},"content":{"rendered":"<p>La evoluci\u00f3n de las cifras de <a href=\"https:\/\/www.eldigitaldeasturias.com\/noticias\/asturias-ha-cerrado-marzo-2024-con-57-559-personas-desempleadas\/\"><span style=\"color: #ff6600;\"><strong>desempleo en Asturias<\/strong><\/span><\/a> encadena un mes m\u00e1s de descenso interanual y se coloca de nuevo entre las cinco comunidades con una mayor disminuci\u00f3n del paro. <strong>De este modo, ha cerrado el mes de marzo con 57.559 personas desempleadas, la cifra m\u00e1s baja para este mes de los \u00faltimos 16 a\u00f1os, seg\u00fan los datos publicados hoy por el Ministerio de Trabajo y Econom\u00eda Social.<\/strong><\/p>\n<figure id=\"attachment_179164\" aria-describedby=\"caption-attachment-179164\" style=\"width: 650px\" class=\"wp-caption aligncenter\"><img fetchpriority=\"high\" decoding=\"async\" class=\"size-large wp-image-179164\" src=\"https:\/\/candas365.es\/noticias\/wp-content\/uploads\/2024\/04\/personas-desempleadas-Asturias-650x235.jpg\" alt=\"personas desempleadas Asturias\" width=\"650\" height=\"235\" srcset=\"https:\/\/candas365.es\/noticias\/wp-content\/uploads\/2024\/04\/personas-desempleadas-Asturias-650x235.jpg 650w, https:\/\/candas365.es\/noticias\/wp-content\/uploads\/2024\/04\/personas-desempleadas-Asturias-360x130.jpg 360w, https:\/\/candas365.es\/noticias\/wp-content\/uploads\/2024\/04\/personas-desempleadas-Asturias-768x278.jpg 768w, https:\/\/candas365.es\/noticias\/wp-content\/uploads\/2024\/04\/personas-desempleadas-Asturias-150x54.jpg 150w, https:\/\/candas365.es\/noticias\/wp-content\/uploads\/2024\/04\/personas-desempleadas-Asturias-450x163.jpg 450w, https:\/\/candas365.es\/noticias\/wp-content\/uploads\/2024\/04\/personas-desempleadas-Asturias.jpg 910w\" sizes=\"(max-width: 650px) 100vw, 650px\" \/><figcaption id=\"caption-attachment-179164\" class=\"wp-caption-text\">Foto: Prensa Gobierno de Asturias<\/figcaption><\/figure>\n<p>La disminuci\u00f3n del paro el pasado mes fue generalizada: benefici\u00f3 a ambos sexos, a todas las cohortes de edad y todos los <a href=\"https:\/\/candas365.es\/noticias\/category\/economia\/\"><span style=\"color: #ff6600;\"><strong>sectores econ\u00f3micos<\/strong><\/span><\/a>. As\u00ed, con respecto a febrero, se contabilizaron 1.276 desempleados menos, lo que supone una reducci\u00f3n del 2,17%, frente a un descenso nacional del 1,21%. Por sectores, los servicios han concentrado el 85% de la reducci\u00f3n, impulsada por el tir\u00f3n de la Semana Santa.<\/p>\n<p>En el an\u00e1lisis interanual, el Principado encadena ya 36 meses de bajadas consecutivas. Si se comparan las cifras con las del mismo mes de 2023, hay 4.137 parados menos, lo que supone un descenso del 6,71%. Destaca, de nuevo, la buena evoluci\u00f3n de los servicios que concentra el 70% de la reducci\u00f3n del desempleo. <strong>Asimismo, en t\u00e9rminos relativos, los sectores que mejor evolucionan son la industria, con una disminuci\u00f3n del 9,61% en t\u00e9rminos interanuales, seguida del sector primario con una reducci\u00f3n del 9,53%.<\/strong><\/p>\n<p>La directora gerente del Servicio P\u00fablico de Empleo, Bego\u00f1a L\u00f3pez, ha valorado muy positivamente los datos. En especial el buen comportamiento del sector servicios muy vinculado a l campa\u00f1a de Semana Santa y el del sector industrial, \u201cque cay\u00f3 un 3% respecto al mes pasado y del 9,61% en t\u00e9rminos internauales.<strong> En los pr\u00f3ximos meses esperamos continuar en esta senda de descenso del paro registado\u201d, ha resaltado.<\/strong><\/p>\n<p>Por su parte, la afiliaci\u00f3n a la Seguridad Social ha aumentado en 3.286 personas, hasta alcanzar los 379.685 cotizantes, la cifra m\u00e1s elevada desde 2010 para un mes de marzo. En comparaci\u00f3n con el mismo per\u00edodo de 2023, hay 7.120 afiliados m\u00e1s, lo que refleja un incremento del 1,91%.<\/p>\n","protected":false},"excerpt":{"rendered":"<p>La evoluci\u00f3n de las cifras de desempleo en Asturias encadena un mes m\u00e1s de descenso interanual y se coloca de nuevo entre las cinco comunidades con una mayor disminuci\u00f3n del paro. De este modo, ha cerrado el mes de marzo con 57.559 personas desempleadas, la cifra m\u00e1s baja para este mes de los \u00faltimos 16<\/p>\n","protected":false},"author":1,"featured_media":179164,"comment_status":"closed","ping_status":"closed","sticky":false,"template":"","format":"standard","meta":{"footnotes":""},"categories":[7],"tags":[380,382],"class_list":{"0":"post-179163","1":"post","2":"type-post","3":"status-publish","4":"format-standard","5":"has-post-thumbnail","7":"category-asturias","8":"tag-asturias","9":"tag-empleo"},"aioseo_notices":[],"aioseo_head":"\n\t\t<!-- All in One SEO Pro 4.9.6.2 - aioseo.com -->\n\t<meta name=\"description\" content=\"La evoluci\u00f3n de las cifras de desempleo en Asturias encadena un mes m\u00e1s de descenso interanual y se coloca de nuevo entre las cinco comunidades con una mayor\" \/>\n\t<meta name=\"robots\" content=\"max-image-preview:large\" \/>\n\t<meta name=\"author\" content=\"Cand\u00e1s 365\"\/>\n\t<meta name=\"google-site-verification\" content=\"UA-32230408-1\" \/>\n\t<meta name=\"msvalidate.01\" content=\"354F3CDFB2DA171B47FBE9ABF1F88D5\" \/>\n\t<meta name=\"keywords\" content=\"asturias\" \/>\n\t<link rel=\"canonical\" href=\"https:\/\/candas365.es\/noticias\/disminucion-del-paro-en-asturias-durante-marzo-de-2024\/\" \/>\n\t<meta name=\"generator\" content=\"All in One SEO Pro (AIOSEO) 4.9.6.2\" \/>\n\t\t<meta property=\"og:locale\" content=\"es_ES\" \/>\n\t\t<meta property=\"og:site_name\" content=\"Cand\u00e1s 365\" \/>\n\t\t<meta property=\"og:type\" content=\"article\" \/>\n\t\t<meta property=\"og:title\" content=\"Disminuci\u00f3n del paro en Asturias durante marzo de 2024 | Cand\u00e1s 365\" \/>\n\t\t<meta property=\"og:description\" content=\"La evoluci\u00f3n de las cifras de desempleo en Asturias encadena un mes m\u00e1s de descenso interanual y se coloca de nuevo entre las cinco comunidades con una mayor\" \/>\n\t\t<meta property=\"og:url\" content=\"https:\/\/candas365.es\/noticias\/disminucion-del-paro-en-asturias-durante-marzo-de-2024\/\" \/>\n\t\t<meta property=\"og:image\" content=\"https:\/\/candas365.es\/noticias\/wp-content\/uploads\/2024\/04\/personas-desempleadas-Asturias.jpg\" \/>\n\t\t<meta property=\"og:image:secure_url\" content=\"https:\/\/candas365.es\/noticias\/wp-content\/uploads\/2024\/04\/personas-desempleadas-Asturias.jpg\" \/>\n\t\t<meta property=\"og:image:width\" content=\"910\" \/>\n\t\t<meta property=\"og:image:height\" content=\"329\" \/>\n\t\t<meta property=\"article:published_time\" content=\"2024-04-02T10:50:13+00:00\" \/>\n\t\t<meta property=\"article:modified_time\" content=\"2024-04-02T10:50:13+00:00\" \/>\n\t\t<meta property=\"article:publisher\" content=\"https:\/\/www.facebook.com\/Nachofdezber\" \/>\n\t\t<meta property=\"article:author\" content=\"https:\/\/www.facebook.com\/carrenoactualidad\" \/>\n\t\t<meta name=\"twitter:card\" content=\"summary_large_image\" \/>\n\t\t<meta name=\"twitter:site\" content=\"@NabercoDigital\" \/>\n\t\t<meta name=\"twitter:title\" content=\"Disminuci\u00f3n del paro en Asturias durante marzo de 2024 | Cand\u00e1s 365\" \/>\n\t\t<meta name=\"twitter:description\" content=\"La evoluci\u00f3n de las cifras de desempleo en Asturias encadena un mes m\u00e1s de descenso interanual y se coloca de nuevo entre las cinco comunidades con una mayor\" \/>\n\t\t<meta name=\"twitter:creator\" content=\"@nbasturias\" \/>\n\t\t<meta name=\"twitter:image\" content=\"https:\/\/candas365.es\/noticias\/wp-content\/uploads\/2024\/04\/personas-desempleadas-Asturias.jpg\" \/>\n\t\t<meta name=\"twitter:label1\" content=\"Escrito por\" \/>\n\t\t<meta name=\"twitter:data1\" content=\"Cand\u00e1s 365\" \/>\n\t\t<meta name=\"twitter:label2\" content=\"Tiempo de lectura estimado\" \/>\n\t\t<meta name=\"twitter:data2\" content=\"2 minutos\" \/>\n\t\t<script type=\"application\/ld+json\" class=\"aioseo-schema\">\n\t\t\t{\"@context\":\"https:\\\/\\\/schema.org\",\"@graph\":[{\"@type\":\"BreadcrumbList\",\"@id\":\"https:\\\/\\\/candas365.es\\\/noticias\\\/disminucion-del-paro-en-asturias-durante-marzo-de-2024\\\/#breadcrumblist\",\"itemListElement\":[{\"@type\":\"ListItem\",\"@id\":\"https:\\\/\\\/candas365.es\\\/noticias#listItem\",\"position\":1,\"name\":\"Home\",\"item\":\"https:\\\/\\\/candas365.es\\\/noticias\",\"nextItem\":{\"@type\":\"ListItem\",\"@id\":\"https:\\\/\\\/candas365.es\\\/noticias\\\/category\\\/asturias\\\/#listItem\",\"name\":\"Asturias\"}},{\"@type\":\"ListItem\",\"@id\":\"https:\\\/\\\/candas365.es\\\/noticias\\\/category\\\/asturias\\\/#listItem\",\"position\":2,\"name\":\"Asturias\",\"item\":\"https:\\\/\\\/candas365.es\\\/noticias\\\/category\\\/asturias\\\/\",\"nextItem\":{\"@type\":\"ListItem\",\"@id\":\"https:\\\/\\\/candas365.es\\\/noticias\\\/disminucion-del-paro-en-asturias-durante-marzo-de-2024\\\/#listItem\",\"name\":\"Disminuci\\u00f3n del paro en Asturias durante marzo de 2024\"},\"previousItem\":{\"@type\":\"ListItem\",\"@id\":\"https:\\\/\\\/candas365.es\\\/noticias#listItem\",\"name\":\"Home\"}},{\"@type\":\"ListItem\",\"@id\":\"https:\\\/\\\/candas365.es\\\/noticias\\\/disminucion-del-paro-en-asturias-durante-marzo-de-2024\\\/#listItem\",\"position\":3,\"name\":\"Disminuci\\u00f3n del paro en Asturias durante marzo de 2024\",\"previousItem\":{\"@type\":\"ListItem\",\"@id\":\"https:\\\/\\\/candas365.es\\\/noticias\\\/category\\\/asturias\\\/#listItem\",\"name\":\"Asturias\"}}]},{\"@type\":\"NewsArticle\",\"@id\":\"https:\\\/\\\/candas365.es\\\/noticias\\\/disminucion-del-paro-en-asturias-durante-marzo-de-2024\\\/#newsarticle\",\"name\":\"Disminuci\\u00f3n del paro en Asturias durante marzo de 2024 | Cand\\u00e1s 365\",\"headline\":\"Disminuci\\u00f3n del paro en Asturias durante marzo de 2024\",\"author\":{\"@id\":\"https:\\\/\\\/candas365.es\\\/noticias\\\/author\\\/admin\\\/#author\"},\"publisher\":{\"@id\":\"https:\\\/\\\/candas365.es\\\/noticias\\\/#organization\"},\"image\":{\"@type\":\"ImageObject\",\"url\":\"https:\\\/\\\/candas365.es\\\/noticias\\\/wp-content\\\/uploads\\\/2024\\\/04\\\/personas-desempleadas-Asturias.jpg\",\"width\":910,\"height\":329,\"caption\":\"Foto: Prensa Gobierno de Asturias\"},\"datePublished\":\"2024-04-02T12:50:13+02:00\",\"dateModified\":\"2024-04-02T12:50:13+02:00\",\"inLanguage\":\"es-ES\",\"mainEntityOfPage\":{\"@id\":\"https:\\\/\\\/candas365.es\\\/noticias\\\/disminucion-del-paro-en-asturias-durante-marzo-de-2024\\\/#webpage\"},\"isPartOf\":{\"@id\":\"https:\\\/\\\/candas365.es\\\/noticias\\\/disminucion-del-paro-en-asturias-durante-marzo-de-2024\\\/#webpage\"},\"articleSection\":\"Asturias, Asturias, empleo\",\"dateline\":\"Publicado el abril 2, 2024.\"},{\"@type\":\"Organization\",\"@id\":\"https:\\\/\\\/candas365.es\\\/noticias\\\/#organization\",\"name\":\"Cand\\u00e1s 365\",\"description\":\"Cand\\u00e1s 365 es un diario digital independiente, fundado en 2012, con base en Asturias. Informamos con rigor sobre actualidad, sociedad, cultura y ocio, con una mirada local y global.\",\"url\":\"https:\\\/\\\/candas365.es\\\/noticias\\\/\",\"email\":\"info@candas365.es\",\"telephone\":\"+34652131393\",\"foundingDate\":\"2012-06-10\",\"logo\":{\"@type\":\"ImageObject\",\"url\":\"https:\\\/\\\/candas365.es\\\/noticias\\\/wp-content\\\/uploads\\\/2024\\\/09\\\/Candas-365-Redes.jpg\",\"@id\":\"https:\\\/\\\/candas365.es\\\/noticias\\\/disminucion-del-paro-en-asturias-durante-marzo-de-2024\\\/#organizationLogo\",\"width\":1152,\"height\":864,\"caption\":\"Cand\\u00e1s 365 Redes\"},\"image\":{\"@id\":\"https:\\\/\\\/candas365.es\\\/noticias\\\/disminucion-del-paro-en-asturias-durante-marzo-de-2024\\\/#organizationLogo\"},\"sameAs\":[\"https:\\\/\\\/www.facebook.com\\\/Nachofdezber\",\"https:\\\/\\\/x.com\\\/NabercoDigital\",\"https:\\\/\\\/www.instagram.com\\\/nachofdezber\\\/\",\"https:\\\/\\\/www.youtube.com\\\/channel\\\/UCZP-2wLEB9Rv6erhFmqVnvg\"],\"address\":{\"@id\":\"https:\\\/\\\/candas365.es\\\/noticias\\\/#postaladdress\",\"@type\":\"PostalAddress\",\"streetAddress\":\"san antonio 4, san antonio 4\",\"postalCode\":\"33430\",\"addressLocality\":\"Cand\\u00e1s\",\"addressRegion\":\"Asturias\",\"addressCountry\":\"ES\"}},{\"@type\":\"Person\",\"@id\":\"https:\\\/\\\/candas365.es\\\/noticias\\\/author\\\/admin\\\/#author\",\"url\":\"https:\\\/\\\/candas365.es\\\/noticias\\\/author\\\/admin\\\/\",\"name\":\"Cand\\u00e1s 365\",\"image\":{\"@type\":\"ImageObject\",\"@id\":\"https:\\\/\\\/candas365.es\\\/noticias\\\/disminucion-del-paro-en-asturias-durante-marzo-de-2024\\\/#authorImage\",\"url\":\"https:\\\/\\\/secure.gravatar.com\\\/avatar\\\/496a8e03d0c493ede1718b7934145dbdf8d89be1036b0eec9544e1094c9de390?s=96&d=mm&r=g\",\"width\":96,\"height\":96,\"caption\":\"Cand\\u00e1s 365\"},\"sameAs\":[\"https:\\\/\\\/www.facebook.com\\\/carrenoactualidad\",\"https:\\\/\\\/twitter.com\\\/nbasturias\",\"https:\\\/\\\/www.instagram.com\\\/nachofdezber\\\/\",\"https:\\\/\\\/www.youtube.com\\\/channel\\\/UCZP-2wLEB9Rv6erhFmqVnvg\"]},{\"@type\":\"WebPage\",\"@id\":\"https:\\\/\\\/candas365.es\\\/noticias\\\/disminucion-del-paro-en-asturias-durante-marzo-de-2024\\\/#webpage\",\"url\":\"https:\\\/\\\/candas365.es\\\/noticias\\\/disminucion-del-paro-en-asturias-durante-marzo-de-2024\\\/\",\"name\":\"Disminuci\\u00f3n del paro en Asturias durante marzo de 2024 | Cand\\u00e1s 365\",\"description\":\"La evoluci\\u00f3n de las cifras de desempleo en Asturias encadena un mes m\\u00e1s de descenso interanual y se coloca de nuevo entre las cinco comunidades con una mayor\",\"inLanguage\":\"es-ES\",\"isPartOf\":{\"@id\":\"https:\\\/\\\/candas365.es\\\/noticias\\\/#website\"},\"breadcrumb\":{\"@id\":\"https:\\\/\\\/candas365.es\\\/noticias\\\/disminucion-del-paro-en-asturias-durante-marzo-de-2024\\\/#breadcrumblist\"},\"author\":{\"@id\":\"https:\\\/\\\/candas365.es\\\/noticias\\\/author\\\/admin\\\/#author\"},\"creator\":{\"@id\":\"https:\\\/\\\/candas365.es\\\/noticias\\\/author\\\/admin\\\/#author\"},\"image\":{\"@type\":\"ImageObject\",\"url\":\"https:\\\/\\\/candas365.es\\\/noticias\\\/wp-content\\\/uploads\\\/2024\\\/04\\\/personas-desempleadas-Asturias.jpg\",\"@id\":\"https:\\\/\\\/candas365.es\\\/noticias\\\/disminucion-del-paro-en-asturias-durante-marzo-de-2024\\\/#mainImage\",\"width\":910,\"height\":329,\"caption\":\"Foto: Prensa Gobierno de Asturias\"},\"primaryImageOfPage\":{\"@id\":\"https:\\\/\\\/candas365.es\\\/noticias\\\/disminucion-del-paro-en-asturias-durante-marzo-de-2024\\\/#mainImage\"},\"datePublished\":\"2024-04-02T12:50:13+02:00\",\"dateModified\":\"2024-04-02T12:50:13+02:00\"},{\"@type\":\"WebSite\",\"@id\":\"https:\\\/\\\/candas365.es\\\/noticias\\\/#website\",\"url\":\"https:\\\/\\\/candas365.es\\\/noticias\\\/\",\"name\":\"Cand\\u00e1s 365\",\"alternateName\":\"Cand\\u00e1s 365 Noticias\",\"description\":\"Actualidad desde Carre\\u00f1o para el mundo\",\"inLanguage\":\"es-ES\",\"publisher\":{\"@id\":\"https:\\\/\\\/candas365.es\\\/noticias\\\/#organization\"}}]}\n\t\t<\/script>\n\t\t<!-- All in One SEO Pro -->\r\n\t\t<title>Disminuci\u00f3n del paro en Asturias durante marzo de 2024 | Cand\u00e1s 365<\/title>\n\n","aioseo_head_json":{"title":"Disminuci\u00f3n del paro en Asturias durante marzo de 2024 | Cand\u00e1s 365","description":"La evoluci\u00f3n de las cifras de desempleo en Asturias encadena un mes m\u00e1s de descenso interanual y se coloca de nuevo entre las cinco comunidades con una mayor","canonical_url":"https:\/\/candas365.es\/noticias\/disminucion-del-paro-en-asturias-durante-marzo-de-2024\/","robots":"max-image-preview:large","keywords":"asturias","webmasterTools":{"google-site-verification":"UA-32230408-1","msvalidate.01":"354F3CDFB2DA171B47FBE9ABF1F88D5","miscellaneous":""},"schema":{"@context":"https:\/\/schema.org","@graph":[{"@type":"BreadcrumbList","@id":"https:\/\/candas365.es\/noticias\/disminucion-del-paro-en-asturias-durante-marzo-de-2024\/#breadcrumblist","itemListElement":[{"@type":"ListItem","@id":"https:\/\/candas365.es\/noticias#listItem","position":1,"name":"Home","item":"https:\/\/candas365.es\/noticias","nextItem":{"@type":"ListItem","@id":"https:\/\/candas365.es\/noticias\/category\/asturias\/#listItem","name":"Asturias"}},{"@type":"ListItem","@id":"https:\/\/candas365.es\/noticias\/category\/asturias\/#listItem","position":2,"name":"Asturias","item":"https:\/\/candas365.es\/noticias\/category\/asturias\/","nextItem":{"@type":"ListItem","@id":"https:\/\/candas365.es\/noticias\/disminucion-del-paro-en-asturias-durante-marzo-de-2024\/#listItem","name":"Disminuci\u00f3n del paro en Asturias durante marzo de 2024"},"previousItem":{"@type":"ListItem","@id":"https:\/\/candas365.es\/noticias#listItem","name":"Home"}},{"@type":"ListItem","@id":"https:\/\/candas365.es\/noticias\/disminucion-del-paro-en-asturias-durante-marzo-de-2024\/#listItem","position":3,"name":"Disminuci\u00f3n del paro en Asturias durante marzo de 2024","previousItem":{"@type":"ListItem","@id":"https:\/\/candas365.es\/noticias\/category\/asturias\/#listItem","name":"Asturias"}}]},{"@type":"NewsArticle","@id":"https:\/\/candas365.es\/noticias\/disminucion-del-paro-en-asturias-durante-marzo-de-2024\/#newsarticle","name":"Disminuci\u00f3n del paro en Asturias durante marzo de 2024 | Cand\u00e1s 365","headline":"Disminuci\u00f3n del paro en Asturias durante marzo de 2024","author":{"@id":"https:\/\/candas365.es\/noticias\/author\/admin\/#author"},"publisher":{"@id":"https:\/\/candas365.es\/noticias\/#organization"},"image":{"@type":"ImageObject","url":"https:\/\/candas365.es\/noticias\/wp-content\/uploads\/2024\/04\/personas-desempleadas-Asturias.jpg","width":910,"height":329,"caption":"Foto: Prensa Gobierno de Asturias"},"datePublished":"2024-04-02T12:50:13+02:00","dateModified":"2024-04-02T12:50:13+02:00","inLanguage":"es-ES","mainEntityOfPage":{"@id":"https:\/\/candas365.es\/noticias\/disminucion-del-paro-en-asturias-durante-marzo-de-2024\/#webpage"},"isPartOf":{"@id":"https:\/\/candas365.es\/noticias\/disminucion-del-paro-en-asturias-durante-marzo-de-2024\/#webpage"},"articleSection":"Asturias, Asturias, empleo","dateline":"Publicado el abril 2, 2024."},{"@type":"Organization","@id":"https:\/\/candas365.es\/noticias\/#organization","name":"Cand\u00e1s 365","description":"Cand\u00e1s 365 es un diario digital independiente, fundado en 2012, con base en Asturias. Informamos con rigor sobre actualidad, sociedad, cultura y ocio, con una mirada local y global.","url":"https:\/\/candas365.es\/noticias\/","email":"info@candas365.es","telephone":"+34652131393","foundingDate":"2012-06-10","logo":{"@type":"ImageObject","url":"https:\/\/candas365.es\/noticias\/wp-content\/uploads\/2024\/09\/Candas-365-Redes.jpg","@id":"https:\/\/candas365.es\/noticias\/disminucion-del-paro-en-asturias-durante-marzo-de-2024\/#organizationLogo","width":1152,"height":864,"caption":"Cand\u00e1s 365 Redes"},"image":{"@id":"https:\/\/candas365.es\/noticias\/disminucion-del-paro-en-asturias-durante-marzo-de-2024\/#organizationLogo"},"sameAs":["https:\/\/www.facebook.com\/Nachofdezber","https:\/\/x.com\/NabercoDigital","https:\/\/www.instagram.com\/nachofdezber\/","https:\/\/www.youtube.com\/channel\/UCZP-2wLEB9Rv6erhFmqVnvg"],"address":{"@id":"https:\/\/candas365.es\/noticias\/#postaladdress","@type":"PostalAddress","streetAddress":"san antonio 4, san antonio 4","postalCode":"33430","addressLocality":"Cand\u00e1s","addressRegion":"Asturias","addressCountry":"ES"}},{"@type":"Person","@id":"https:\/\/candas365.es\/noticias\/author\/admin\/#author","url":"https:\/\/candas365.es\/noticias\/author\/admin\/","name":"Cand\u00e1s 365","image":{"@type":"ImageObject","@id":"https:\/\/candas365.es\/noticias\/disminucion-del-paro-en-asturias-durante-marzo-de-2024\/#authorImage","url":"https:\/\/secure.gravatar.com\/avatar\/496a8e03d0c493ede1718b7934145dbdf8d89be1036b0eec9544e1094c9de390?s=96&d=mm&r=g","width":96,"height":96,"caption":"Cand\u00e1s 365"},"sameAs":["https:\/\/www.facebook.com\/carrenoactualidad","https:\/\/twitter.com\/nbasturias","https:\/\/www.instagram.com\/nachofdezber\/","https:\/\/www.youtube.com\/channel\/UCZP-2wLEB9Rv6erhFmqVnvg"]},{"@type":"WebPage","@id":"https:\/\/candas365.es\/noticias\/disminucion-del-paro-en-asturias-durante-marzo-de-2024\/#webpage","url":"https:\/\/candas365.es\/noticias\/disminucion-del-paro-en-asturias-durante-marzo-de-2024\/","name":"Disminuci\u00f3n del paro en Asturias durante marzo de 2024 | Cand\u00e1s 365","description":"La evoluci\u00f3n de las cifras de desempleo en Asturias encadena un mes m\u00e1s de descenso interanual y se coloca de nuevo entre las cinco comunidades con una mayor","inLanguage":"es-ES","isPartOf":{"@id":"https:\/\/candas365.es\/noticias\/#website"},"breadcrumb":{"@id":"https:\/\/candas365.es\/noticias\/disminucion-del-paro-en-asturias-durante-marzo-de-2024\/#breadcrumblist"},"author":{"@id":"https:\/\/candas365.es\/noticias\/author\/admin\/#author"},"creator":{"@id":"https:\/\/candas365.es\/noticias\/author\/admin\/#author"},"image":{"@type":"ImageObject","url":"https:\/\/candas365.es\/noticias\/wp-content\/uploads\/2024\/04\/personas-desempleadas-Asturias.jpg","@id":"https:\/\/candas365.es\/noticias\/disminucion-del-paro-en-asturias-durante-marzo-de-2024\/#mainImage","width":910,"height":329,"caption":"Foto: Prensa Gobierno de Asturias"},"primaryImageOfPage":{"@id":"https:\/\/candas365.es\/noticias\/disminucion-del-paro-en-asturias-durante-marzo-de-2024\/#mainImage"},"datePublished":"2024-04-02T12:50:13+02:00","dateModified":"2024-04-02T12:50:13+02:00"},{"@type":"WebSite","@id":"https:\/\/candas365.es\/noticias\/#website","url":"https:\/\/candas365.es\/noticias\/","name":"Cand\u00e1s 365","alternateName":"Cand\u00e1s 365 Noticias","description":"Actualidad desde Carre\u00f1o para el mundo","inLanguage":"es-ES","publisher":{"@id":"https:\/\/candas365.es\/noticias\/#organization"}}]},"og:locale":"es_ES","og:site_name":"Cand\u00e1s 365","og:type":"article","og:title":"Disminuci\u00f3n del paro en Asturias durante marzo de 2024 | Cand\u00e1s 365","og:description":"La evoluci\u00f3n de las cifras de desempleo en Asturias encadena un mes m\u00e1s de descenso interanual y se coloca de nuevo entre las cinco comunidades con una mayor","og:url":"https:\/\/candas365.es\/noticias\/disminucion-del-paro-en-asturias-durante-marzo-de-2024\/","og:image":"https:\/\/candas365.es\/noticias\/wp-content\/uploads\/2024\/04\/personas-desempleadas-Asturias.jpg","og:image:secure_url":"https:\/\/candas365.es\/noticias\/wp-content\/uploads\/2024\/04\/personas-desempleadas-Asturias.jpg","og:image:width":910,"og:image:height":329,"article:published_time":"2024-04-02T10:50:13+00:00","article:modified_time":"2024-04-02T10:50:13+00:00","article:publisher":"https:\/\/www.facebook.com\/Nachofdezber","article:author":"https:\/\/www.facebook.com\/carrenoactualidad","twitter:card":"summary_large_image","twitter:site":"@NabercoDigital","twitter:title":"Disminuci\u00f3n del paro en Asturias durante marzo de 2024 | Cand\u00e1s 365","twitter:description":"La evoluci\u00f3n de las cifras de desempleo en Asturias encadena un mes m\u00e1s de descenso interanual y se coloca de nuevo entre las cinco comunidades con una mayor","twitter:creator":"@nbasturias","twitter:image":"https:\/\/candas365.es\/noticias\/wp-content\/uploads\/2024\/04\/personas-desempleadas-Asturias.jpg","twitter:label1":"Escrito por","twitter:data1":"Cand\u00e1s 365","twitter:label2":"Tiempo de lectura estimado","twitter:data2":"2 minutos"},"aioseo_meta_data":{"post_id":"179163","title":null,"description":"La evoluci\u00f3n de las cifras de desempleo en Asturias encadena un mes m\u00e1s de descenso interanual y se coloca de nuevo entre las cinco comunidades con una mayor","keywords":[],"keyphrases":{"focus":{"keyphrase":"Asturias","score":93,"analysis":{"keyphraseInTitle":{"score":9,"maxScore":9,"error":0},"keyphraseInDescription":{"score":9,"maxScore":9,"error":0},"keyphraseLength":{"score":9,"maxScore":9,"error":0,"length":1},"keyphraseInURL":{"score":1,"maxScore":5,"error":1},"keyphraseInIntroduction":{"score":9,"maxScore":9,"error":0},"keyphraseInSubHeadings":[],"keyphraseInImageAlt":{"score":9,"maxScore":9,"error":0},"keywordDensity":{"type":"best","score":9,"maxScore":9,"error":0}}},"additional":[{"keyphrase":"Asturias","score":100,"analysis":{"keyphraseInDescription":{"score":9,"maxScore":9,"error":0},"keyphraseLength":{"score":9,"maxScore":9,"error":0,"length":1},"keyphraseInIntroduction":{"score":9,"maxScore":9,"error":0},"keyphraseInImageAlt":{"score":9,"maxScore":9,"error":0},"keywordDensity":{"type":"best","score":9,"maxScore":9,"error":0}}}]},"primary_term":null,"canonical_url":null,"og_title":null,"og_description":null,"og_object_type":"default","og_image_type":"default","og_image_url":null,"og_image_width":null,"og_image_height":null,"og_image_custom_url":null,"og_image_custom_fields":null,"og_video":"","og_custom_url":null,"og_article_section":null,"og_article_tags":[],"twitter_use_og":false,"twitter_card":"default","twitter_image_type":"default","twitter_image_url":null,"twitter_image_custom_url":null,"twitter_image_custom_fields":null,"twitter_title":null,"twitter_description":null,"schema":{"blockGraphs":[],"customGraphs":[],"default":{"data":{"Article":[],"Course":[],"Dataset":[],"FAQPage":[],"Movie":[],"Person":[],"Product":[],"ProductReview":[],"Car":[],"Recipe":[],"Service":[],"SoftwareApplication":[],"WebPage":[]},"graphName":"Article","isEnabled":true},"graphs":[]},"schema_type":"default","schema_type_options":null,"pillar_content":false,"robots_default":true,"robots_noindex":false,"robots_noarchive":false,"robots_nosnippet":false,"robots_nofollow":false,"robots_noimageindex":false,"robots_noodp":false,"robots_notranslate":false,"robots_max_snippet":"-1","robots_max_videopreview":"-1","robots_max_imagepreview":"large","priority":null,"frequency":"default","location":null,"local_seo":null,"seo_analyzer_scan_date":"2025-09-02 06:00:18","breadcrumb_settings":null,"limit_modified_date":false,"reviewed_by":null,"open_ai":"{\"title\":{\"suggestions\":[],\"usage\":0},\"description\":{\"suggestions\":[],\"usage\":0}}","ai":null,"created":"2024-04-02 10:46:17","updated":"2025-09-02 06:00:18"},"aioseo_breadcrumb":"<div class=\"aioseo-breadcrumbs\"><span class=\"aioseo-breadcrumb\">\n\t<a href=\"https:\/\/candas365.es\/noticias\" title=\"Home\">Home<\/a>\n<\/span><span class=\"aioseo-breadcrumb-separator\">&ndash;<\/span><span class=\"aioseo-breadcrumb\">\n\t<a href=\"https:\/\/candas365.es\/noticias\/category\/asturias\/\" title=\"Asturias\">Asturias<\/a>\n<\/span><span class=\"aioseo-breadcrumb-separator\">&ndash;<\/span><span class=\"aioseo-breadcrumb\">\n\tDisminuci\u00f3n del paro en Asturias durante marzo de 2024\n<\/span><\/div>","aioseo_breadcrumb_json":[{"label":"Home","link":"https:\/\/candas365.es\/noticias"},{"label":"Asturias","link":"https:\/\/candas365.es\/noticias\/category\/asturias\/"},{"label":"Disminuci\u00f3n del paro en Asturias durante marzo de 2024","link":"https:\/\/candas365.es\/noticias\/disminucion-del-paro-en-asturias-durante-marzo-de-2024\/"}],"_links":{"self":[{"href":"https:\/\/candas365.es\/noticias\/wp-json\/wp\/v2\/posts\/179163","targetHints":{"allow":["GET"]}}],"collection":[{"href":"https:\/\/candas365.es\/noticias\/wp-json\/wp\/v2\/posts"}],"about":[{"href":"https:\/\/candas365.es\/noticias\/wp-json\/wp\/v2\/types\/post"}],"author":[{"embeddable":true,"href":"https:\/\/candas365.es\/noticias\/wp-json\/wp\/v2\/users\/1"}],"replies":[{"embeddable":true,"href":"https:\/\/candas365.es\/noticias\/wp-json\/wp\/v2\/comments?post=179163"}],"version-history":[{"count":0,"href":"https:\/\/candas365.es\/noticias\/wp-json\/wp\/v2\/posts\/179163\/revisions"}],"wp:featuredmedia":[{"embeddable":true,"href":"https:\/\/candas365.es\/noticias\/wp-json\/wp\/v2\/media\/179164"}],"wp:attachment":[{"href":"https:\/\/candas365.es\/noticias\/wp-json\/wp\/v2\/media?parent=179163"}],"wp:term":[{"taxonomy":"category","embeddable":true,"href":"https:\/\/candas365.es\/noticias\/wp-json\/wp\/v2\/categories?post=179163"},{"taxonomy":"post_tag","embeddable":true,"href":"https:\/\/candas365.es\/noticias\/wp-json\/wp\/v2\/tags?post=179163"}],"curies":[{"name":"wp","href":"https:\/\/api.w.org\/{rel}","templated":true}]}}