{"id":179155,"date":"2024-04-01T18:34:49","date_gmt":"2024-04-01T16:34:49","guid":{"rendered":"https:\/\/candas365.es\/noticias\/?p=179155"},"modified":"2024-04-01T18:34:49","modified_gmt":"2024-04-01T16:34:49","slug":"vial-de-jove-queipo-senala-al-gobierno-de-sanchez","status":"publish","type":"post","link":"https:\/\/candas365.es\/noticias\/vial-de-jove-queipo-senala-al-gobierno-de-sanchez\/","title":{"rendered":"Vial de Jove: Queipo \u00abse\u00f1ala\u00bb al Gobierno de S\u00e1nchez"},"content":{"rendered":"<p>El presidente del <strong>PP de Asturi<\/strong><strong>as<\/strong>, <a href=\"https:\/\/www.eldigitaldeasturias.com\/noticias\/vial-de-jove-queipo-gijon-ha-sido-castigada-una-vez-mas\/\"><span style=\"color: #ff6600;\"><strong>\u00c1lvaro Queipo<\/strong><\/span><\/a>, acus\u00f3 hoy al Gobierno de Pedro S\u00e1nchez de haber optado por la v\u00eda m\u00e1s econ\u00f3mica y por un proyecto m\u00e1s barato para el vial de Jove, en Gij\u00f3n, \u00abpara ahorrar dinero y desviar la inversi\u00f3n hacia otro lugar que no sea Asturias, y Barb\u00f3n lo consiente\u00bb.<\/p>\n<figure id=\"attachment_179156\" aria-describedby=\"caption-attachment-179156\" style=\"width: 650px\" class=\"wp-caption aligncenter\"><img fetchpriority=\"high\" decoding=\"async\" class=\"size-large wp-image-179156\" src=\"https:\/\/candas365.es\/noticias\/wp-content\/uploads\/2024\/04\/Queipo-reunion-vial-de-Jove-650x400.jpg\" alt=\"Queipo reuni\u00f3n vial de Jove\" width=\"650\" height=\"400\" srcset=\"https:\/\/candas365.es\/noticias\/wp-content\/uploads\/2024\/04\/Queipo-reunion-vial-de-Jove-650x400.jpg 650w, https:\/\/candas365.es\/noticias\/wp-content\/uploads\/2024\/04\/Queipo-reunion-vial-de-Jove-360x222.jpg 360w, https:\/\/candas365.es\/noticias\/wp-content\/uploads\/2024\/04\/Queipo-reunion-vial-de-Jove-768x473.jpg 768w, https:\/\/candas365.es\/noticias\/wp-content\/uploads\/2024\/04\/Queipo-reunion-vial-de-Jove-150x92.jpg 150w, https:\/\/candas365.es\/noticias\/wp-content\/uploads\/2024\/04\/Queipo-reunion-vial-de-Jove-450x277.jpg 450w, https:\/\/candas365.es\/noticias\/wp-content\/uploads\/2024\/04\/Queipo-reunion-vial-de-Jove.jpg 1070w\" sizes=\"(max-width: 650px) 100vw, 650px\" \/><figcaption id=\"caption-attachment-179156\" class=\"wp-caption-text\">Foto: Prensa PP Asturias<\/figcaption><\/figure>\n<p>\u00c1lvaro Queipo, la vicealcaldesa de Gij\u00f3n, \u00c1ngela Pumariega, el senador y presidente del PP gijon\u00e9s, Pablo Gonz\u00e1lez, y otros parlamentarios regionales y concejales populares celebraron esta ma\u00f1ana una reuni\u00f3n con representantes vecinales de Gij\u00f3n, luego de que el Ministerio de Transportes diese marcha atr\u00e1s al proyecto, ya licitado de construir un t\u00fanel para el tr\u00e1fico pesado del puerto de El Musel, y pretenda ahora una conexi\u00f3n en superficie.<\/p>\n<p>El presidente del <a href=\"https:\/\/candas365.es\/noticias\/tag\/pp\/\"><span style=\"color: #ff6600;\"><strong>PP<\/strong><\/span><\/a> explic\u00f3 que este mi\u00e9rcoles preguntar\u00e1 en la Junta General a Adri\u00e1n Barb\u00f3n sobre qu\u00e9 va a hacer ahora el Principado \u00abluego de que se sabe que Gij\u00f3n vuelve a ser castigada por el Gobierno, y por ello es necesario conocer de primera mano la opini\u00f3n de los vecinos antes de ir al Parlamento a defender los intereses de los gijoneses y de los asturianos, porque estamos hablando de un proyecto de regi\u00f3n\u00bb.<\/p>\n<p>Queipo destac\u00f3 que \u00abest\u00e1 claro que ha habido un recorte con la cancelaci\u00f3n del t\u00fanel por cuestiones econ\u00f3micas, y se han olvidado de que aqu\u00ed tambi\u00e9n hay una cuesti\u00f3n de salud p\u00fablica, que es absolutamente insalvable si no se hace una inversi\u00f3n importante y seria para toda esta zona de Gij\u00f3n\u00bb.<\/p>\n<p>\u00abEstamos en el momento de hablar de ideas y proyectos, pero Gij\u00f3n ha sido castigada una vez m\u00e1s, y <strong>el PP garantiza que va a defender a Gij\u00f3n y a Asturias<\/strong> en la Junta General y en el Congreso, y que no sea una vez m\u00e1s la ciudad castigada por una falta de planificaci\u00f3n cuando se realiz\u00f3 la ampliaci\u00f3n de El Musel sin accesos, y ahora por una cuesti\u00f3n de conveniencia econ\u00f3mica. No va a ser con el visto bueno del PP el castigo a la ciudad\u00bb, recalc\u00f3.<\/p>\n<p>El presidente del PP se\u00f1al\u00f3 que \u201cla opci\u00f3n m\u00e1s perjudicial es la de cancelar el proyecto que se supone que ya estaba licitado y fue anunciado en campa\u00f1a electoral, y que hizo que el PSOE fuera a las elecciones dopado a trav\u00e9s de un enga\u00f1o p\u00fablico; es un escarnio\u201d.<\/p>\n<p>Asimismo, indic\u00f3 que <strong>\u00abexpertos en la materia vinculados con el Ministerio ya han puesto en duda que el informe que ha tumbado el vial de Jove tal y como lo conoc\u00edamos est\u00e9 realmente basado en hechos contrastables\u00bb,<\/strong><\/p>\n<p>\u00c1lvaro Queipo se\u00f1al\u00f3 que es imprescindible apartar el tr\u00e1fico de la ciudad lo m\u00e1ximo posible por una cuesti\u00f3n de salud p\u00fablica: \u00abNo valen medias soluciones en las que la contaminaci\u00f3n de miles de camiones no desaparece\u00bb<\/p>\n","protected":false},"excerpt":{"rendered":"<p>El presidente del PP de Asturias, \u00c1lvaro Queipo, acus\u00f3 hoy al Gobierno de Pedro S\u00e1nchez de haber optado por la v\u00eda m\u00e1s econ\u00f3mica y por un proyecto m\u00e1s barato para el vial de Jove, en Gij\u00f3n, \u00abpara ahorrar dinero y desviar la inversi\u00f3n hacia otro lugar que no sea Asturias, y Barb\u00f3n lo consiente\u00bb. \u00c1lvaro<\/p>\n","protected":false},"author":1,"featured_media":179156,"comment_status":"closed","ping_status":"closed","sticky":false,"template":"","format":"standard","meta":{"footnotes":""},"categories":[7,316],"tags":[380,470,480],"class_list":{"0":"post-179155","1":"post","2":"type-post","3":"status-publish","4":"format-standard","5":"has-post-thumbnail","7":"category-asturias","8":"category-destacadas","9":"tag-asturias","10":"tag-politica","11":"tag-pp"},"aioseo_notices":[],"aioseo_head":"\n\t\t<!-- All in One SEO Pro 4.9.6.2 - aioseo.com -->\n\t<meta name=\"description\" content=\"El presidente del PP de Asturias, \u00c1lvaro Queipo, acus\u00f3 hoy al Gobierno de Pedro S\u00e1nchez de haber optado por la v\u00eda m\u00e1s econ\u00f3mica y por un proyecto m\u00e1s barato\" \/>\n\t<meta name=\"robots\" content=\"max-image-preview:large\" \/>\n\t<meta name=\"author\" content=\"Cand\u00e1s 365\"\/>\n\t<meta name=\"google-site-verification\" content=\"UA-32230408-1\" \/>\n\t<meta name=\"msvalidate.01\" content=\"354F3CDFB2DA171B47FBE9ABF1F88D5\" \/>\n\t<meta name=\"keywords\" content=\"asturias,destacadas\" \/>\n\t<link rel=\"canonical\" href=\"https:\/\/candas365.es\/noticias\/vial-de-jove-queipo-senala-al-gobierno-de-sanchez\/\" \/>\n\t<meta name=\"generator\" content=\"All in One SEO Pro (AIOSEO) 4.9.6.2\" \/>\n\t\t<meta property=\"og:locale\" content=\"es_ES\" \/>\n\t\t<meta property=\"og:site_name\" content=\"Cand\u00e1s 365\" \/>\n\t\t<meta property=\"og:type\" content=\"article\" \/>\n\t\t<meta property=\"og:title\" content=\"Vial de Jove: Queipo \u00abse\u00f1ala\u00bb al Gobierno de S\u00e1nchez | Cand\u00e1s 365\" \/>\n\t\t<meta property=\"og:description\" content=\"El presidente del PP de Asturias, \u00c1lvaro Queipo, acus\u00f3 hoy al Gobierno de Pedro S\u00e1nchez de haber optado por la v\u00eda m\u00e1s econ\u00f3mica y por un proyecto m\u00e1s barato\" \/>\n\t\t<meta property=\"og:url\" content=\"https:\/\/candas365.es\/noticias\/vial-de-jove-queipo-senala-al-gobierno-de-sanchez\/\" \/>\n\t\t<meta property=\"og:image\" content=\"https:\/\/candas365.es\/noticias\/wp-content\/uploads\/2024\/04\/Queipo-reunion-vial-de-Jove.jpg\" \/>\n\t\t<meta property=\"og:image:secure_url\" content=\"https:\/\/candas365.es\/noticias\/wp-content\/uploads\/2024\/04\/Queipo-reunion-vial-de-Jove.jpg\" \/>\n\t\t<meta property=\"og:image:width\" content=\"1070\" \/>\n\t\t<meta property=\"og:image:height\" content=\"659\" \/>\n\t\t<meta property=\"article:published_time\" content=\"2024-04-01T16:34:49+00:00\" \/>\n\t\t<meta property=\"article:modified_time\" content=\"2024-04-01T16:34:49+00:00\" \/>\n\t\t<meta property=\"article:publisher\" content=\"https:\/\/www.facebook.com\/Nachofdezber\" \/>\n\t\t<meta property=\"article:author\" content=\"https:\/\/www.facebook.com\/carrenoactualidad\" \/>\n\t\t<meta name=\"twitter:card\" content=\"summary_large_image\" \/>\n\t\t<meta name=\"twitter:site\" content=\"@NabercoDigital\" \/>\n\t\t<meta name=\"twitter:title\" content=\"Vial de Jove: Queipo \u00abse\u00f1ala\u00bb al Gobierno de S\u00e1nchez | Cand\u00e1s 365\" \/>\n\t\t<meta name=\"twitter:description\" content=\"El presidente del PP de Asturias, \u00c1lvaro Queipo, acus\u00f3 hoy al Gobierno de Pedro S\u00e1nchez de haber optado por la v\u00eda m\u00e1s econ\u00f3mica y por un proyecto m\u00e1s barato\" \/>\n\t\t<meta name=\"twitter:creator\" content=\"@nbasturias\" \/>\n\t\t<meta name=\"twitter:image\" content=\"https:\/\/candas365.es\/noticias\/wp-content\/uploads\/2024\/04\/Queipo-reunion-vial-de-Jove.jpg\" \/>\n\t\t<meta name=\"twitter:label1\" content=\"Escrito por\" \/>\n\t\t<meta name=\"twitter:data1\" content=\"Cand\u00e1s 365\" \/>\n\t\t<meta name=\"twitter:label2\" content=\"Tiempo de lectura estimado\" \/>\n\t\t<meta name=\"twitter:data2\" content=\"3 minutos\" \/>\n\t\t<script type=\"application\/ld+json\" class=\"aioseo-schema\">\n\t\t\t{\"@context\":\"https:\\\/\\\/schema.org\",\"@graph\":[{\"@type\":\"BreadcrumbList\",\"@id\":\"https:\\\/\\\/candas365.es\\\/noticias\\\/vial-de-jove-queipo-senala-al-gobierno-de-sanchez\\\/#breadcrumblist\",\"itemListElement\":[{\"@type\":\"ListItem\",\"@id\":\"https:\\\/\\\/candas365.es\\\/noticias#listItem\",\"position\":1,\"name\":\"Home\",\"item\":\"https:\\\/\\\/candas365.es\\\/noticias\",\"nextItem\":{\"@type\":\"ListItem\",\"@id\":\"https:\\\/\\\/candas365.es\\\/noticias\\\/category\\\/asturias\\\/#listItem\",\"name\":\"Asturias\"}},{\"@type\":\"ListItem\",\"@id\":\"https:\\\/\\\/candas365.es\\\/noticias\\\/category\\\/asturias\\\/#listItem\",\"position\":2,\"name\":\"Asturias\",\"item\":\"https:\\\/\\\/candas365.es\\\/noticias\\\/category\\\/asturias\\\/\",\"nextItem\":{\"@type\":\"ListItem\",\"@id\":\"https:\\\/\\\/candas365.es\\\/noticias\\\/vial-de-jove-queipo-senala-al-gobierno-de-sanchez\\\/#listItem\",\"name\":\"Vial de Jove: Queipo \\u00abse\\u00f1ala\\u00bb al Gobierno de S\\u00e1nchez\"},\"previousItem\":{\"@type\":\"ListItem\",\"@id\":\"https:\\\/\\\/candas365.es\\\/noticias#listItem\",\"name\":\"Home\"}},{\"@type\":\"ListItem\",\"@id\":\"https:\\\/\\\/candas365.es\\\/noticias\\\/vial-de-jove-queipo-senala-al-gobierno-de-sanchez\\\/#listItem\",\"position\":3,\"name\":\"Vial de Jove: Queipo \\u00abse\\u00f1ala\\u00bb al Gobierno de S\\u00e1nchez\",\"previousItem\":{\"@type\":\"ListItem\",\"@id\":\"https:\\\/\\\/candas365.es\\\/noticias\\\/category\\\/asturias\\\/#listItem\",\"name\":\"Asturias\"}}]},{\"@type\":\"NewsArticle\",\"@id\":\"https:\\\/\\\/candas365.es\\\/noticias\\\/vial-de-jove-queipo-senala-al-gobierno-de-sanchez\\\/#newsarticle\",\"name\":\"Vial de Jove: Queipo \\u00abse\\u00f1ala\\u00bb al Gobierno de S\\u00e1nchez | Cand\\u00e1s 365\",\"headline\":\"Vial de Jove: Queipo \\u00abse\\u00f1ala\\u00bb al Gobierno de S\\u00e1nchez\",\"author\":{\"@id\":\"https:\\\/\\\/candas365.es\\\/noticias\\\/author\\\/admin\\\/#author\"},\"publisher\":{\"@id\":\"https:\\\/\\\/candas365.es\\\/noticias\\\/#organization\"},\"image\":{\"@type\":\"ImageObject\",\"url\":\"https:\\\/\\\/candas365.es\\\/noticias\\\/wp-content\\\/uploads\\\/2024\\\/04\\\/Queipo-reunion-vial-de-Jove.jpg\",\"width\":1070,\"height\":659,\"caption\":\"Foto: Prensa PP Asturias\"},\"datePublished\":\"2024-04-01T18:34:49+02:00\",\"dateModified\":\"2024-04-01T18:34:49+02:00\",\"inLanguage\":\"es-ES\",\"mainEntityOfPage\":{\"@id\":\"https:\\\/\\\/candas365.es\\\/noticias\\\/vial-de-jove-queipo-senala-al-gobierno-de-sanchez\\\/#webpage\"},\"isPartOf\":{\"@id\":\"https:\\\/\\\/candas365.es\\\/noticias\\\/vial-de-jove-queipo-senala-al-gobierno-de-sanchez\\\/#webpage\"},\"articleSection\":\"Asturias, Destacadas, Asturias, pol\\u00edtica, PP\",\"dateline\":\"Publicado el abril 1, 2024.\"},{\"@type\":\"Organization\",\"@id\":\"https:\\\/\\\/candas365.es\\\/noticias\\\/#organization\",\"name\":\"Cand\\u00e1s 365\",\"description\":\"Cand\\u00e1s 365 es un diario digital independiente, fundado en 2012, con base en Asturias. Informamos con rigor sobre actualidad, sociedad, cultura y ocio, con una mirada local y global.\",\"url\":\"https:\\\/\\\/candas365.es\\\/noticias\\\/\",\"email\":\"info@candas365.es\",\"telephone\":\"+34652131393\",\"foundingDate\":\"2012-06-10\",\"logo\":{\"@type\":\"ImageObject\",\"url\":\"https:\\\/\\\/candas365.es\\\/noticias\\\/wp-content\\\/uploads\\\/2024\\\/09\\\/Candas-365-Redes.jpg\",\"@id\":\"https:\\\/\\\/candas365.es\\\/noticias\\\/vial-de-jove-queipo-senala-al-gobierno-de-sanchez\\\/#organizationLogo\",\"width\":1152,\"height\":864,\"caption\":\"Cand\\u00e1s 365 Redes\"},\"image\":{\"@id\":\"https:\\\/\\\/candas365.es\\\/noticias\\\/vial-de-jove-queipo-senala-al-gobierno-de-sanchez\\\/#organizationLogo\"},\"sameAs\":[\"https:\\\/\\\/www.facebook.com\\\/Nachofdezber\",\"https:\\\/\\\/x.com\\\/NabercoDigital\",\"https:\\\/\\\/www.instagram.com\\\/nachofdezber\\\/\",\"https:\\\/\\\/www.youtube.com\\\/channel\\\/UCZP-2wLEB9Rv6erhFmqVnvg\"],\"address\":{\"@id\":\"https:\\\/\\\/candas365.es\\\/noticias\\\/#postaladdress\",\"@type\":\"PostalAddress\",\"streetAddress\":\"san antonio 4, san antonio 4\",\"postalCode\":\"33430\",\"addressLocality\":\"Cand\\u00e1s\",\"addressRegion\":\"Asturias\",\"addressCountry\":\"ES\"}},{\"@type\":\"Person\",\"@id\":\"https:\\\/\\\/candas365.es\\\/noticias\\\/author\\\/admin\\\/#author\",\"url\":\"https:\\\/\\\/candas365.es\\\/noticias\\\/author\\\/admin\\\/\",\"name\":\"Cand\\u00e1s 365\",\"image\":{\"@type\":\"ImageObject\",\"@id\":\"https:\\\/\\\/candas365.es\\\/noticias\\\/vial-de-jove-queipo-senala-al-gobierno-de-sanchez\\\/#authorImage\",\"url\":\"https:\\\/\\\/secure.gravatar.com\\\/avatar\\\/496a8e03d0c493ede1718b7934145dbdf8d89be1036b0eec9544e1094c9de390?s=96&d=mm&r=g\",\"width\":96,\"height\":96,\"caption\":\"Cand\\u00e1s 365\"},\"sameAs\":[\"https:\\\/\\\/www.facebook.com\\\/carrenoactualidad\",\"https:\\\/\\\/twitter.com\\\/nbasturias\",\"https:\\\/\\\/www.instagram.com\\\/nachofdezber\\\/\",\"https:\\\/\\\/www.youtube.com\\\/channel\\\/UCZP-2wLEB9Rv6erhFmqVnvg\"]},{\"@type\":\"WebPage\",\"@id\":\"https:\\\/\\\/candas365.es\\\/noticias\\\/vial-de-jove-queipo-senala-al-gobierno-de-sanchez\\\/#webpage\",\"url\":\"https:\\\/\\\/candas365.es\\\/noticias\\\/vial-de-jove-queipo-senala-al-gobierno-de-sanchez\\\/\",\"name\":\"Vial de Jove: Queipo \\u00abse\\u00f1ala\\u00bb al Gobierno de S\\u00e1nchez | Cand\\u00e1s 365\",\"description\":\"El presidente del PP de Asturias, \\u00c1lvaro Queipo, acus\\u00f3 hoy al Gobierno de Pedro S\\u00e1nchez de haber optado por la v\\u00eda m\\u00e1s econ\\u00f3mica y por un proyecto m\\u00e1s barato\",\"inLanguage\":\"es-ES\",\"isPartOf\":{\"@id\":\"https:\\\/\\\/candas365.es\\\/noticias\\\/#website\"},\"breadcrumb\":{\"@id\":\"https:\\\/\\\/candas365.es\\\/noticias\\\/vial-de-jove-queipo-senala-al-gobierno-de-sanchez\\\/#breadcrumblist\"},\"author\":{\"@id\":\"https:\\\/\\\/candas365.es\\\/noticias\\\/author\\\/admin\\\/#author\"},\"creator\":{\"@id\":\"https:\\\/\\\/candas365.es\\\/noticias\\\/author\\\/admin\\\/#author\"},\"image\":{\"@type\":\"ImageObject\",\"url\":\"https:\\\/\\\/candas365.es\\\/noticias\\\/wp-content\\\/uploads\\\/2024\\\/04\\\/Queipo-reunion-vial-de-Jove.jpg\",\"@id\":\"https:\\\/\\\/candas365.es\\\/noticias\\\/vial-de-jove-queipo-senala-al-gobierno-de-sanchez\\\/#mainImage\",\"width\":1070,\"height\":659,\"caption\":\"Foto: Prensa PP Asturias\"},\"primaryImageOfPage\":{\"@id\":\"https:\\\/\\\/candas365.es\\\/noticias\\\/vial-de-jove-queipo-senala-al-gobierno-de-sanchez\\\/#mainImage\"},\"datePublished\":\"2024-04-01T18:34:49+02:00\",\"dateModified\":\"2024-04-01T18:34:49+02:00\"},{\"@type\":\"WebSite\",\"@id\":\"https:\\\/\\\/candas365.es\\\/noticias\\\/#website\",\"url\":\"https:\\\/\\\/candas365.es\\\/noticias\\\/\",\"name\":\"Cand\\u00e1s 365\",\"alternateName\":\"Cand\\u00e1s 365 Noticias\",\"description\":\"Actualidad desde Carre\\u00f1o para el mundo\",\"inLanguage\":\"es-ES\",\"publisher\":{\"@id\":\"https:\\\/\\\/candas365.es\\\/noticias\\\/#organization\"}}]}\n\t\t<\/script>\n\t\t<!-- All in One SEO Pro -->\r\n\t\t<title>Vial de Jove: Queipo \u00abse\u00f1ala\u00bb al Gobierno de S\u00e1nchez | Cand\u00e1s 365<\/title>\n\n","aioseo_head_json":{"title":"Vial de Jove: Queipo \u00abse\u00f1ala\u00bb al Gobierno de S\u00e1nchez | Cand\u00e1s 365","description":"El presidente del PP de Asturias, \u00c1lvaro Queipo, acus\u00f3 hoy al Gobierno de Pedro S\u00e1nchez de haber optado por la v\u00eda m\u00e1s econ\u00f3mica y por un proyecto m\u00e1s barato","canonical_url":"https:\/\/candas365.es\/noticias\/vial-de-jove-queipo-senala-al-gobierno-de-sanchez\/","robots":"max-image-preview:large","keywords":"asturias,destacadas","webmasterTools":{"google-site-verification":"UA-32230408-1","msvalidate.01":"354F3CDFB2DA171B47FBE9ABF1F88D5","miscellaneous":""},"schema":{"@context":"https:\/\/schema.org","@graph":[{"@type":"BreadcrumbList","@id":"https:\/\/candas365.es\/noticias\/vial-de-jove-queipo-senala-al-gobierno-de-sanchez\/#breadcrumblist","itemListElement":[{"@type":"ListItem","@id":"https:\/\/candas365.es\/noticias#listItem","position":1,"name":"Home","item":"https:\/\/candas365.es\/noticias","nextItem":{"@type":"ListItem","@id":"https:\/\/candas365.es\/noticias\/category\/asturias\/#listItem","name":"Asturias"}},{"@type":"ListItem","@id":"https:\/\/candas365.es\/noticias\/category\/asturias\/#listItem","position":2,"name":"Asturias","item":"https:\/\/candas365.es\/noticias\/category\/asturias\/","nextItem":{"@type":"ListItem","@id":"https:\/\/candas365.es\/noticias\/vial-de-jove-queipo-senala-al-gobierno-de-sanchez\/#listItem","name":"Vial de Jove: Queipo \u00abse\u00f1ala\u00bb al Gobierno de S\u00e1nchez"},"previousItem":{"@type":"ListItem","@id":"https:\/\/candas365.es\/noticias#listItem","name":"Home"}},{"@type":"ListItem","@id":"https:\/\/candas365.es\/noticias\/vial-de-jove-queipo-senala-al-gobierno-de-sanchez\/#listItem","position":3,"name":"Vial de Jove: Queipo \u00abse\u00f1ala\u00bb al Gobierno de S\u00e1nchez","previousItem":{"@type":"ListItem","@id":"https:\/\/candas365.es\/noticias\/category\/asturias\/#listItem","name":"Asturias"}}]},{"@type":"NewsArticle","@id":"https:\/\/candas365.es\/noticias\/vial-de-jove-queipo-senala-al-gobierno-de-sanchez\/#newsarticle","name":"Vial de Jove: Queipo \u00abse\u00f1ala\u00bb al Gobierno de S\u00e1nchez | Cand\u00e1s 365","headline":"Vial de Jove: Queipo \u00abse\u00f1ala\u00bb al Gobierno de S\u00e1nchez","author":{"@id":"https:\/\/candas365.es\/noticias\/author\/admin\/#author"},"publisher":{"@id":"https:\/\/candas365.es\/noticias\/#organization"},"image":{"@type":"ImageObject","url":"https:\/\/candas365.es\/noticias\/wp-content\/uploads\/2024\/04\/Queipo-reunion-vial-de-Jove.jpg","width":1070,"height":659,"caption":"Foto: Prensa PP Asturias"},"datePublished":"2024-04-01T18:34:49+02:00","dateModified":"2024-04-01T18:34:49+02:00","inLanguage":"es-ES","mainEntityOfPage":{"@id":"https:\/\/candas365.es\/noticias\/vial-de-jove-queipo-senala-al-gobierno-de-sanchez\/#webpage"},"isPartOf":{"@id":"https:\/\/candas365.es\/noticias\/vial-de-jove-queipo-senala-al-gobierno-de-sanchez\/#webpage"},"articleSection":"Asturias, Destacadas, Asturias, pol\u00edtica, PP","dateline":"Publicado el abril 1, 2024."},{"@type":"Organization","@id":"https:\/\/candas365.es\/noticias\/#organization","name":"Cand\u00e1s 365","description":"Cand\u00e1s 365 es un diario digital independiente, fundado en 2012, con base en Asturias. Informamos con rigor sobre actualidad, sociedad, cultura y ocio, con una mirada local y global.","url":"https:\/\/candas365.es\/noticias\/","email":"info@candas365.es","telephone":"+34652131393","foundingDate":"2012-06-10","logo":{"@type":"ImageObject","url":"https:\/\/candas365.es\/noticias\/wp-content\/uploads\/2024\/09\/Candas-365-Redes.jpg","@id":"https:\/\/candas365.es\/noticias\/vial-de-jove-queipo-senala-al-gobierno-de-sanchez\/#organizationLogo","width":1152,"height":864,"caption":"Cand\u00e1s 365 Redes"},"image":{"@id":"https:\/\/candas365.es\/noticias\/vial-de-jove-queipo-senala-al-gobierno-de-sanchez\/#organizationLogo"},"sameAs":["https:\/\/www.facebook.com\/Nachofdezber","https:\/\/x.com\/NabercoDigital","https:\/\/www.instagram.com\/nachofdezber\/","https:\/\/www.youtube.com\/channel\/UCZP-2wLEB9Rv6erhFmqVnvg"],"address":{"@id":"https:\/\/candas365.es\/noticias\/#postaladdress","@type":"PostalAddress","streetAddress":"san antonio 4, san antonio 4","postalCode":"33430","addressLocality":"Cand\u00e1s","addressRegion":"Asturias","addressCountry":"ES"}},{"@type":"Person","@id":"https:\/\/candas365.es\/noticias\/author\/admin\/#author","url":"https:\/\/candas365.es\/noticias\/author\/admin\/","name":"Cand\u00e1s 365","image":{"@type":"ImageObject","@id":"https:\/\/candas365.es\/noticias\/vial-de-jove-queipo-senala-al-gobierno-de-sanchez\/#authorImage","url":"https:\/\/secure.gravatar.com\/avatar\/496a8e03d0c493ede1718b7934145dbdf8d89be1036b0eec9544e1094c9de390?s=96&d=mm&r=g","width":96,"height":96,"caption":"Cand\u00e1s 365"},"sameAs":["https:\/\/www.facebook.com\/carrenoactualidad","https:\/\/twitter.com\/nbasturias","https:\/\/www.instagram.com\/nachofdezber\/","https:\/\/www.youtube.com\/channel\/UCZP-2wLEB9Rv6erhFmqVnvg"]},{"@type":"WebPage","@id":"https:\/\/candas365.es\/noticias\/vial-de-jove-queipo-senala-al-gobierno-de-sanchez\/#webpage","url":"https:\/\/candas365.es\/noticias\/vial-de-jove-queipo-senala-al-gobierno-de-sanchez\/","name":"Vial de Jove: Queipo \u00abse\u00f1ala\u00bb al Gobierno de S\u00e1nchez | Cand\u00e1s 365","description":"El presidente del PP de Asturias, \u00c1lvaro Queipo, acus\u00f3 hoy al Gobierno de Pedro S\u00e1nchez de haber optado por la v\u00eda m\u00e1s econ\u00f3mica y por un proyecto m\u00e1s barato","inLanguage":"es-ES","isPartOf":{"@id":"https:\/\/candas365.es\/noticias\/#website"},"breadcrumb":{"@id":"https:\/\/candas365.es\/noticias\/vial-de-jove-queipo-senala-al-gobierno-de-sanchez\/#breadcrumblist"},"author":{"@id":"https:\/\/candas365.es\/noticias\/author\/admin\/#author"},"creator":{"@id":"https:\/\/candas365.es\/noticias\/author\/admin\/#author"},"image":{"@type":"ImageObject","url":"https:\/\/candas365.es\/noticias\/wp-content\/uploads\/2024\/04\/Queipo-reunion-vial-de-Jove.jpg","@id":"https:\/\/candas365.es\/noticias\/vial-de-jove-queipo-senala-al-gobierno-de-sanchez\/#mainImage","width":1070,"height":659,"caption":"Foto: Prensa PP Asturias"},"primaryImageOfPage":{"@id":"https:\/\/candas365.es\/noticias\/vial-de-jove-queipo-senala-al-gobierno-de-sanchez\/#mainImage"},"datePublished":"2024-04-01T18:34:49+02:00","dateModified":"2024-04-01T18:34:49+02:00"},{"@type":"WebSite","@id":"https:\/\/candas365.es\/noticias\/#website","url":"https:\/\/candas365.es\/noticias\/","name":"Cand\u00e1s 365","alternateName":"Cand\u00e1s 365 Noticias","description":"Actualidad desde Carre\u00f1o para el mundo","inLanguage":"es-ES","publisher":{"@id":"https:\/\/candas365.es\/noticias\/#organization"}}]},"og:locale":"es_ES","og:site_name":"Cand\u00e1s 365","og:type":"article","og:title":"Vial de Jove: Queipo \u00abse\u00f1ala\u00bb al Gobierno de S\u00e1nchez | Cand\u00e1s 365","og:description":"El presidente del PP de Asturias, \u00c1lvaro Queipo, acus\u00f3 hoy al Gobierno de Pedro S\u00e1nchez de haber optado por la v\u00eda m\u00e1s econ\u00f3mica y por un proyecto m\u00e1s barato","og:url":"https:\/\/candas365.es\/noticias\/vial-de-jove-queipo-senala-al-gobierno-de-sanchez\/","og:image":"https:\/\/candas365.es\/noticias\/wp-content\/uploads\/2024\/04\/Queipo-reunion-vial-de-Jove.jpg","og:image:secure_url":"https:\/\/candas365.es\/noticias\/wp-content\/uploads\/2024\/04\/Queipo-reunion-vial-de-Jove.jpg","og:image:width":1070,"og:image:height":659,"article:published_time":"2024-04-01T16:34:49+00:00","article:modified_time":"2024-04-01T16:34:49+00:00","article:publisher":"https:\/\/www.facebook.com\/Nachofdezber","article:author":"https:\/\/www.facebook.com\/carrenoactualidad","twitter:card":"summary_large_image","twitter:site":"@NabercoDigital","twitter:title":"Vial de Jove: Queipo \u00abse\u00f1ala\u00bb al Gobierno de S\u00e1nchez | Cand\u00e1s 365","twitter:description":"El presidente del PP de Asturias, \u00c1lvaro Queipo, acus\u00f3 hoy al Gobierno de Pedro S\u00e1nchez de haber optado por la v\u00eda m\u00e1s econ\u00f3mica y por un proyecto m\u00e1s barato","twitter:creator":"@nbasturias","twitter:image":"https:\/\/candas365.es\/noticias\/wp-content\/uploads\/2024\/04\/Queipo-reunion-vial-de-Jove.jpg","twitter:label1":"Escrito por","twitter:data1":"Cand\u00e1s 365","twitter:label2":"Tiempo de lectura estimado","twitter:data2":"3 minutos"},"aioseo_meta_data":{"post_id":"179155","title":null,"description":"El presidente del PP de Asturias, \u00c1lvaro Queipo, acus\u00f3 hoy al Gobierno de Pedro S\u00e1nchez de haber optado por la v\u00eda m\u00e1s econ\u00f3mica y por un proyecto m\u00e1s barato","keywords":[],"keyphrases":{"focus":{"keyphrase":"Queipo","score":93,"analysis":{"keyphraseInTitle":{"score":9,"maxScore":9,"error":0},"keyphraseInDescription":{"score":9,"maxScore":9,"error":0},"keyphraseLength":{"score":9,"maxScore":9,"error":0,"length":1},"keyphraseInURL":{"score":1,"maxScore":5,"error":1},"keyphraseInIntroduction":{"score":9,"maxScore":9,"error":0},"keyphraseInSubHeadings":[],"keyphraseInImageAlt":{"score":9,"maxScore":9,"error":0},"keywordDensity":{"type":"best","score":9,"maxScore":9,"error":0}}},"additional":[{"keyphrase":"Queipo","score":100,"analysis":{"keyphraseInDescription":{"score":9,"maxScore":9,"error":0},"keyphraseLength":{"score":9,"maxScore":9,"error":0,"length":1},"keyphraseInIntroduction":{"score":9,"maxScore":9,"error":0},"keyphraseInImageAlt":{"score":9,"maxScore":9,"error":0},"keywordDensity":{"type":"best","score":9,"maxScore":9,"error":0}}}]},"primary_term":null,"canonical_url":null,"og_title":null,"og_description":null,"og_object_type":"default","og_image_type":"default","og_image_url":null,"og_image_width":null,"og_image_height":null,"og_image_custom_url":null,"og_image_custom_fields":null,"og_video":"","og_custom_url":null,"og_article_section":null,"og_article_tags":[],"twitter_use_og":false,"twitter_card":"default","twitter_image_type":"default","twitter_image_url":null,"twitter_image_custom_url":null,"twitter_image_custom_fields":null,"twitter_title":null,"twitter_description":null,"schema":{"blockGraphs":[],"customGraphs":[],"default":{"data":{"Article":[],"Course":[],"Dataset":[],"FAQPage":[],"Movie":[],"Person":[],"Product":[],"ProductReview":[],"Car":[],"Recipe":[],"Service":[],"SoftwareApplication":[],"WebPage":[]},"graphName":"Article","isEnabled":true},"graphs":[]},"schema_type":"default","schema_type_options":null,"pillar_content":false,"robots_default":true,"robots_noindex":false,"robots_noarchive":false,"robots_nosnippet":false,"robots_nofollow":false,"robots_noimageindex":false,"robots_noodp":false,"robots_notranslate":false,"robots_max_snippet":"-1","robots_max_videopreview":"-1","robots_max_imagepreview":"large","priority":null,"frequency":"default","location":null,"local_seo":null,"seo_analyzer_scan_date":"2025-09-02 06:00:14","breadcrumb_settings":null,"limit_modified_date":false,"reviewed_by":null,"open_ai":"{\"title\":{\"suggestions\":[],\"usage\":0},\"description\":{\"suggestions\":[],\"usage\":0}}","ai":null,"created":"2024-04-01 16:29:19","updated":"2025-09-02 06:00:14"},"aioseo_breadcrumb":"<div class=\"aioseo-breadcrumbs\"><span class=\"aioseo-breadcrumb\">\n\t<a href=\"https:\/\/candas365.es\/noticias\" title=\"Home\">Home<\/a>\n<\/span><span class=\"aioseo-breadcrumb-separator\">&ndash;<\/span><span class=\"aioseo-breadcrumb\">\n\t<a href=\"https:\/\/candas365.es\/noticias\/category\/asturias\/\" title=\"Asturias\">Asturias<\/a>\n<\/span><span class=\"aioseo-breadcrumb-separator\">&ndash;<\/span><span class=\"aioseo-breadcrumb\">\n\tVial de Jove: Queipo \u00abse\u00f1ala\u00bb al Gobierno de S\u00e1nchez\n<\/span><\/div>","aioseo_breadcrumb_json":[{"label":"Home","link":"https:\/\/candas365.es\/noticias"},{"label":"Asturias","link":"https:\/\/candas365.es\/noticias\/category\/asturias\/"},{"label":"Vial de Jove: Queipo \u00abse\u00f1ala\u00bb al Gobierno de S\u00e1nchez","link":"https:\/\/candas365.es\/noticias\/vial-de-jove-queipo-senala-al-gobierno-de-sanchez\/"}],"_links":{"self":[{"href":"https:\/\/candas365.es\/noticias\/wp-json\/wp\/v2\/posts\/179155","targetHints":{"allow":["GET"]}}],"collection":[{"href":"https:\/\/candas365.es\/noticias\/wp-json\/wp\/v2\/posts"}],"about":[{"href":"https:\/\/candas365.es\/noticias\/wp-json\/wp\/v2\/types\/post"}],"author":[{"embeddable":true,"href":"https:\/\/candas365.es\/noticias\/wp-json\/wp\/v2\/users\/1"}],"replies":[{"embeddable":true,"href":"https:\/\/candas365.es\/noticias\/wp-json\/wp\/v2\/comments?post=179155"}],"version-history":[{"count":0,"href":"https:\/\/candas365.es\/noticias\/wp-json\/wp\/v2\/posts\/179155\/revisions"}],"wp:featuredmedia":[{"embeddable":true,"href":"https:\/\/candas365.es\/noticias\/wp-json\/wp\/v2\/media\/179156"}],"wp:attachment":[{"href":"https:\/\/candas365.es\/noticias\/wp-json\/wp\/v2\/media?parent=179155"}],"wp:term":[{"taxonomy":"category","embeddable":true,"href":"https:\/\/candas365.es\/noticias\/wp-json\/wp\/v2\/categories?post=179155"},{"taxonomy":"post_tag","embeddable":true,"href":"https:\/\/candas365.es\/noticias\/wp-json\/wp\/v2\/tags?post=179155"}],"curies":[{"name":"wp","href":"https:\/\/api.w.org\/{rel}","templated":true}]}}