{"id":179115,"date":"2024-03-30T11:03:52","date_gmt":"2024-03-30T10:03:52","guid":{"rendered":"https:\/\/candas365.es\/noticias\/?p=179115"},"modified":"2024-03-30T11:07:31","modified_gmt":"2024-03-30T10:07:31","slug":"xabi-alonso-seguira-en-el-leverkusen","status":"publish","type":"post","link":"https:\/\/candas365.es\/noticias\/xabi-alonso-seguira-en-el-leverkusen\/","title":{"rendered":"Xabi Alonso seguir\u00e1 en el Leverkusen"},"content":{"rendered":"<p>Leverkusen (Alemania), 29 mar (<a title=\"dpa\" href=\"https:\/\/www.dpa-news.de\/\" target=\"_blank\" rel=\"nofollow noopener\"><span style=\"color: #ff6600;\"><strong>dpa<\/strong><\/span><\/a>) &#8211; El entrenador espa\u00f1ol Xabi Alonso anunci\u00f3 en una rueda de prensa que seguir\u00e1 ocupando el banquillo del Bayer Leverkusen la pr\u00f3xima temporada.<\/p>\n<figure id=\"attachment_179116\" aria-describedby=\"caption-attachment-179116\" style=\"width: 650px\" class=\"wp-caption aligncenter\"><img fetchpriority=\"high\" decoding=\"async\" class=\"size-large wp-image-179116\" src=\"https:\/\/candas365.es\/noticias\/wp-content\/uploads\/2024\/03\/Xabi-Alonso-650x432.jpg\" alt=\"Xabi Alonso\" width=\"650\" height=\"432\" srcset=\"https:\/\/candas365.es\/noticias\/wp-content\/uploads\/2024\/03\/Xabi-Alonso-650x432.jpg 650w, https:\/\/candas365.es\/noticias\/wp-content\/uploads\/2024\/03\/Xabi-Alonso-360x239.jpg 360w, https:\/\/candas365.es\/noticias\/wp-content\/uploads\/2024\/03\/Xabi-Alonso-768x510.jpg 768w, https:\/\/candas365.es\/noticias\/wp-content\/uploads\/2024\/03\/Xabi-Alonso-150x100.jpg 150w, https:\/\/candas365.es\/noticias\/wp-content\/uploads\/2024\/03\/Xabi-Alonso-450x299.jpg 450w, https:\/\/candas365.es\/noticias\/wp-content\/uploads\/2024\/03\/Xabi-Alonso.jpg 994w\" sizes=\"(max-width: 650px) 100vw, 650px\" \/><figcaption id=\"caption-attachment-179116\" class=\"wp-caption-text\">Xabi Alonso, entrenador del Bayer Leverkusen. Foto: Christoph Reichwein\/dpa<\/figcaption><\/figure>\n<p><strong>\u00abAqu\u00ed estoy en el lugar correcto. Me quedo en el Bayer Leverkusen\u00bb<\/strong>, declar\u00f3 el t\u00e9cnico. \u00abEl par\u00f3n internacional ha sido un buen momento para reflexionar y tomar una decisi\u00f3n\u00bb, agreg\u00f3.<\/p>\n<p>El exinternacional espa\u00f1ol, campe\u00f3n del mundo en 2010, explic\u00f3 que la semana pasada se reuni\u00f3 con los directivos del club. \u00ab<strong>Y les inform\u00e9 de que seguir\u00e9 como entrenador en el Leverkusen\u00bb, relat\u00f3.<\/strong><\/p>\n<p>\u00abSiento que mi trabajo aqu\u00ed a\u00fan no ha terminado y todav\u00eda tenemos algunas cosas por hacer\u00bb, agreg\u00f3 el entrenador, cuyo contrato con el Leverkusen acaba en el 2026. \u00abQuiero seguir creciendo aqu\u00ed\u00bb, resumi\u00f3.<\/p>\n<p>El t\u00e9cnico estaba siendo pretendido por el Bayern M\u00fanich, el Liverpool y el Real Madrid. El anuncio, sin embargo, puede indicar el deseo de Alonso por sustituir en 2025 o 2026 al italiano Carlo Ancelotti en el banquillo del club espa\u00f1ol, en el que milit\u00f3 en su exitosa etapa como jugador, tal y como hiciera en el Bayern y el Liverpool.<\/p>\n<p>El Bayer Leverkusen es el actual l\u00edder de la Bundesliga, con diez puntos de ventaja sobre el Bayern M\u00fanich, lleva imbatido 38 partidos oficiales disputados esta temporada. Esta temporada, adem\u00e1s, todav\u00eda opta a hacerse con la Copa Alemana y la Europa League.<\/p>\n<blockquote><p>\u00abAbril y mayo son los meses decisivos para nosotros\u00bb, valor\u00f3 Alonso en su rueda de prensa.<\/p><\/blockquote>\n<p>El vasco se hizo cargo del Bayer el 5 de octubre de 2022, cuando el equipo atravesaba una crisis de resultados y ocupaba el puesto decimos\u00e9ptimo de la <a href=\"https:\/\/candas365.es\/noticias\/category\/deporte\/\"><span style=\"color: #ff6600;\"><strong>liga alemana<\/strong><\/span><\/a>.<\/p>\n<p>Tras unos primeros meses dif\u00edciles, el triunfo ante el M\u00f3naco en febrero de 2023 por la Europa League pareci\u00f3 prender una chispa. Desde entonces, el Bayer y Alonso han disputado 57 partidos oficiales. Han ganado 42 de ellos y solo han perdido tres.<\/p>\n<p>La decisi\u00f3n de su continuidad tambi\u00e9n deber\u00eda ser un aliciente para sus jugadores, muchos de los cuales han dado un gran salto cualitativo bajo sus \u00f3rdenes.<\/p>\n<p>Con el t\u00e9cnico espa\u00f1ol, ocho jugadores del Leverkusen han logrado debutar en sus respectivas selecciones nacionales. Entre ellos se encuentran el espa\u00f1ol Alejandro Grimaldo, de 28 a\u00f1os, y Robert Andrich, de 29.<\/p>\n<p>\u00abLos propios jugadores me han dado muchas razones (para seguir). La evoluci\u00f3n del equipo es paralela a la m\u00eda como entrenador\u00bb, coment\u00f3 Alonso.<\/p>\n<p>Alonso ha planificado cuidadosamente su carrera como entrenador. Empez\u00f3 con los sub-14 del Real Madrid, y luego se hizo cargo durante tres a\u00f1os del segundo equipo de su club de origen, la Real Sociedad. Posteriormente, rechaz\u00f3 hacerse cargo del Borussia M\u00f6nchengladbach en 2021 porque no se sent\u00eda preparado, hasta recalar en 2022 en su actual club.<\/p>\n","protected":false},"excerpt":{"rendered":"<p>Leverkusen (Alemania), 29 mar (dpa) &#8211; El entrenador espa\u00f1ol Xabi Alonso anunci\u00f3 en una rueda de prensa que seguir\u00e1 ocupando el banquillo del Bayer Leverkusen la pr\u00f3xima temporada. \u00abAqu\u00ed estoy en el lugar correcto. Me quedo en el Bayer Leverkusen\u00bb, declar\u00f3 el t\u00e9cnico. \u00abEl par\u00f3n internacional ha sido un buen momento para reflexionar y tomar<\/p>\n","protected":false},"author":1,"featured_media":179116,"comment_status":"closed","ping_status":"closed","sticky":false,"template":"","format":"standard","meta":{"footnotes":""},"categories":[319],"tags":[387,389],"class_list":{"0":"post-179115","1":"post","2":"type-post","3":"status-publish","4":"format-standard","5":"has-post-thumbnail","7":"category-deporte","8":"tag-deporte","9":"tag-futbol"},"aioseo_notices":[],"aioseo_head":"\n\t\t<!-- All in One SEO Pro 4.9.6.2 - aioseo.com -->\n\t<meta name=\"description\" content=\"Leverkusen (Alemania), 29 mar (dpa) - El entrenador espa\u00f1ol Xabi Alonso anunci\u00f3 en una rueda de prensa que seguir\u00e1 ocupando el banquillo del Bayer Leverkusen\" \/>\n\t<meta name=\"robots\" content=\"max-image-preview:large\" \/>\n\t<meta name=\"author\" content=\"Cand\u00e1s 365\"\/>\n\t<meta name=\"google-site-verification\" content=\"UA-32230408-1\" \/>\n\t<meta name=\"msvalidate.01\" content=\"354F3CDFB2DA171B47FBE9ABF1F88D5\" \/>\n\t<meta name=\"keywords\" content=\"deporte\" \/>\n\t<link rel=\"canonical\" href=\"https:\/\/candas365.es\/noticias\/xabi-alonso-seguira-en-el-leverkusen\/\" \/>\n\t<meta name=\"generator\" content=\"All in One SEO Pro (AIOSEO) 4.9.6.2\" \/>\n\t\t<meta property=\"og:locale\" content=\"es_ES\" \/>\n\t\t<meta property=\"og:site_name\" content=\"Cand\u00e1s 365\" \/>\n\t\t<meta property=\"og:type\" content=\"article\" \/>\n\t\t<meta property=\"og:title\" content=\"Xabi Alonso seguir\u00e1 en el Leverkusen | Cand\u00e1s 365\" \/>\n\t\t<meta property=\"og:description\" content=\"Leverkusen (Alemania), 29 mar (dpa) - El entrenador espa\u00f1ol Xabi Alonso anunci\u00f3 en una rueda de prensa que seguir\u00e1 ocupando el banquillo del Bayer Leverkusen\" \/>\n\t\t<meta property=\"og:url\" content=\"https:\/\/candas365.es\/noticias\/xabi-alonso-seguira-en-el-leverkusen\/\" \/>\n\t\t<meta property=\"og:image\" content=\"https:\/\/candas365.es\/noticias\/wp-content\/uploads\/2024\/03\/Xabi-Alonso.jpg\" \/>\n\t\t<meta property=\"og:image:secure_url\" content=\"https:\/\/candas365.es\/noticias\/wp-content\/uploads\/2024\/03\/Xabi-Alonso.jpg\" \/>\n\t\t<meta property=\"og:image:width\" content=\"994\" \/>\n\t\t<meta property=\"og:image:height\" content=\"660\" \/>\n\t\t<meta property=\"article:published_time\" content=\"2024-03-30T10:03:52+00:00\" \/>\n\t\t<meta property=\"article:modified_time\" content=\"2024-03-30T10:07:31+00:00\" \/>\n\t\t<meta property=\"article:publisher\" content=\"https:\/\/www.facebook.com\/Nachofdezber\" \/>\n\t\t<meta property=\"article:author\" content=\"https:\/\/www.facebook.com\/carrenoactualidad\" \/>\n\t\t<meta name=\"twitter:card\" content=\"summary_large_image\" \/>\n\t\t<meta name=\"twitter:site\" content=\"@NabercoDigital\" \/>\n\t\t<meta name=\"twitter:title\" content=\"Xabi Alonso seguir\u00e1 en el Leverkusen | Cand\u00e1s 365\" \/>\n\t\t<meta name=\"twitter:description\" content=\"Leverkusen (Alemania), 29 mar (dpa) - El entrenador espa\u00f1ol Xabi Alonso anunci\u00f3 en una rueda de prensa que seguir\u00e1 ocupando el banquillo del Bayer Leverkusen\" \/>\n\t\t<meta name=\"twitter:creator\" content=\"@nbasturias\" \/>\n\t\t<meta name=\"twitter:image\" content=\"https:\/\/candas365.es\/noticias\/wp-content\/uploads\/2024\/03\/Xabi-Alonso.jpg\" \/>\n\t\t<meta name=\"twitter:label1\" content=\"Escrito por\" \/>\n\t\t<meta name=\"twitter:data1\" content=\"Cand\u00e1s 365\" \/>\n\t\t<meta name=\"twitter:label2\" content=\"Tiempo de lectura estimado\" \/>\n\t\t<meta name=\"twitter:data2\" content=\"2 minutos\" \/>\n\t\t<script type=\"application\/ld+json\" class=\"aioseo-schema\">\n\t\t\t{\"@context\":\"https:\\\/\\\/schema.org\",\"@graph\":[{\"@type\":\"BreadcrumbList\",\"@id\":\"https:\\\/\\\/candas365.es\\\/noticias\\\/xabi-alonso-seguira-en-el-leverkusen\\\/#breadcrumblist\",\"itemListElement\":[{\"@type\":\"ListItem\",\"@id\":\"https:\\\/\\\/candas365.es\\\/noticias#listItem\",\"position\":1,\"name\":\"Home\",\"item\":\"https:\\\/\\\/candas365.es\\\/noticias\",\"nextItem\":{\"@type\":\"ListItem\",\"@id\":\"https:\\\/\\\/candas365.es\\\/noticias\\\/category\\\/deporte\\\/#listItem\",\"name\":\"Deporte\"}},{\"@type\":\"ListItem\",\"@id\":\"https:\\\/\\\/candas365.es\\\/noticias\\\/category\\\/deporte\\\/#listItem\",\"position\":2,\"name\":\"Deporte\",\"item\":\"https:\\\/\\\/candas365.es\\\/noticias\\\/category\\\/deporte\\\/\",\"nextItem\":{\"@type\":\"ListItem\",\"@id\":\"https:\\\/\\\/candas365.es\\\/noticias\\\/xabi-alonso-seguira-en-el-leverkusen\\\/#listItem\",\"name\":\"Xabi Alonso seguir\\u00e1 en el Leverkusen\"},\"previousItem\":{\"@type\":\"ListItem\",\"@id\":\"https:\\\/\\\/candas365.es\\\/noticias#listItem\",\"name\":\"Home\"}},{\"@type\":\"ListItem\",\"@id\":\"https:\\\/\\\/candas365.es\\\/noticias\\\/xabi-alonso-seguira-en-el-leverkusen\\\/#listItem\",\"position\":3,\"name\":\"Xabi Alonso seguir\\u00e1 en el Leverkusen\",\"previousItem\":{\"@type\":\"ListItem\",\"@id\":\"https:\\\/\\\/candas365.es\\\/noticias\\\/category\\\/deporte\\\/#listItem\",\"name\":\"Deporte\"}}]},{\"@type\":\"NewsArticle\",\"@id\":\"https:\\\/\\\/candas365.es\\\/noticias\\\/xabi-alonso-seguira-en-el-leverkusen\\\/#newsarticle\",\"name\":\"Xabi Alonso seguir\\u00e1 en el Leverkusen | Cand\\u00e1s 365\",\"headline\":\"Xabi Alonso seguir\\u00e1 en el Leverkusen\",\"author\":{\"@id\":\"https:\\\/\\\/candas365.es\\\/noticias\\\/author\\\/admin\\\/#author\"},\"publisher\":{\"@id\":\"https:\\\/\\\/candas365.es\\\/noticias\\\/#organization\"},\"image\":{\"@type\":\"ImageObject\",\"url\":\"https:\\\/\\\/candas365.es\\\/noticias\\\/wp-content\\\/uploads\\\/2024\\\/03\\\/Xabi-Alonso.jpg\",\"width\":994,\"height\":660,\"caption\":\"Xabi Alonso, entrenador del Bayer Leverkusen. Foto: Christoph Reichwein\\\/dpa\"},\"datePublished\":\"2024-03-30T11:03:52+01:00\",\"dateModified\":\"2024-03-30T11:07:31+01:00\",\"inLanguage\":\"es-ES\",\"mainEntityOfPage\":{\"@id\":\"https:\\\/\\\/candas365.es\\\/noticias\\\/xabi-alonso-seguira-en-el-leverkusen\\\/#webpage\"},\"isPartOf\":{\"@id\":\"https:\\\/\\\/candas365.es\\\/noticias\\\/xabi-alonso-seguira-en-el-leverkusen\\\/#webpage\"},\"articleSection\":\"Deporte, deporte, f\\u00fatbol\",\"dateline\":\"Publicado el marzo 30, 2024.\"},{\"@type\":\"Organization\",\"@id\":\"https:\\\/\\\/candas365.es\\\/noticias\\\/#organization\",\"name\":\"Cand\\u00e1s 365\",\"description\":\"Cand\\u00e1s 365 es un diario digital independiente, fundado en 2012, con base en Asturias. Informamos con rigor sobre actualidad, sociedad, cultura y ocio, con una mirada local y global.\",\"url\":\"https:\\\/\\\/candas365.es\\\/noticias\\\/\",\"email\":\"info@candas365.es\",\"telephone\":\"+34652131393\",\"foundingDate\":\"2012-06-10\",\"logo\":{\"@type\":\"ImageObject\",\"url\":\"https:\\\/\\\/candas365.es\\\/noticias\\\/wp-content\\\/uploads\\\/2024\\\/09\\\/Candas-365-Redes.jpg\",\"@id\":\"https:\\\/\\\/candas365.es\\\/noticias\\\/xabi-alonso-seguira-en-el-leverkusen\\\/#organizationLogo\",\"width\":1152,\"height\":864,\"caption\":\"Cand\\u00e1s 365 Redes\"},\"image\":{\"@id\":\"https:\\\/\\\/candas365.es\\\/noticias\\\/xabi-alonso-seguira-en-el-leverkusen\\\/#organizationLogo\"},\"sameAs\":[\"https:\\\/\\\/www.facebook.com\\\/Nachofdezber\",\"https:\\\/\\\/x.com\\\/NabercoDigital\",\"https:\\\/\\\/www.instagram.com\\\/nachofdezber\\\/\",\"https:\\\/\\\/www.youtube.com\\\/channel\\\/UCZP-2wLEB9Rv6erhFmqVnvg\"],\"address\":{\"@id\":\"https:\\\/\\\/candas365.es\\\/noticias\\\/#postaladdress\",\"@type\":\"PostalAddress\",\"streetAddress\":\"san antonio 4, san antonio 4\",\"postalCode\":\"33430\",\"addressLocality\":\"Cand\\u00e1s\",\"addressRegion\":\"Asturias\",\"addressCountry\":\"ES\"}},{\"@type\":\"Person\",\"@id\":\"https:\\\/\\\/candas365.es\\\/noticias\\\/author\\\/admin\\\/#author\",\"url\":\"https:\\\/\\\/candas365.es\\\/noticias\\\/author\\\/admin\\\/\",\"name\":\"Cand\\u00e1s 365\",\"image\":{\"@type\":\"ImageObject\",\"@id\":\"https:\\\/\\\/candas365.es\\\/noticias\\\/xabi-alonso-seguira-en-el-leverkusen\\\/#authorImage\",\"url\":\"https:\\\/\\\/secure.gravatar.com\\\/avatar\\\/496a8e03d0c493ede1718b7934145dbdf8d89be1036b0eec9544e1094c9de390?s=96&d=mm&r=g\",\"width\":96,\"height\":96,\"caption\":\"Cand\\u00e1s 365\"},\"sameAs\":[\"https:\\\/\\\/www.facebook.com\\\/carrenoactualidad\",\"https:\\\/\\\/twitter.com\\\/nbasturias\",\"https:\\\/\\\/www.instagram.com\\\/nachofdezber\\\/\",\"https:\\\/\\\/www.youtube.com\\\/channel\\\/UCZP-2wLEB9Rv6erhFmqVnvg\"]},{\"@type\":\"WebPage\",\"@id\":\"https:\\\/\\\/candas365.es\\\/noticias\\\/xabi-alonso-seguira-en-el-leverkusen\\\/#webpage\",\"url\":\"https:\\\/\\\/candas365.es\\\/noticias\\\/xabi-alonso-seguira-en-el-leverkusen\\\/\",\"name\":\"Xabi Alonso seguir\\u00e1 en el Leverkusen | Cand\\u00e1s 365\",\"description\":\"Leverkusen (Alemania), 29 mar (dpa) - El entrenador espa\\u00f1ol Xabi Alonso anunci\\u00f3 en una rueda de prensa que seguir\\u00e1 ocupando el banquillo del Bayer Leverkusen\",\"inLanguage\":\"es-ES\",\"isPartOf\":{\"@id\":\"https:\\\/\\\/candas365.es\\\/noticias\\\/#website\"},\"breadcrumb\":{\"@id\":\"https:\\\/\\\/candas365.es\\\/noticias\\\/xabi-alonso-seguira-en-el-leverkusen\\\/#breadcrumblist\"},\"author\":{\"@id\":\"https:\\\/\\\/candas365.es\\\/noticias\\\/author\\\/admin\\\/#author\"},\"creator\":{\"@id\":\"https:\\\/\\\/candas365.es\\\/noticias\\\/author\\\/admin\\\/#author\"},\"image\":{\"@type\":\"ImageObject\",\"url\":\"https:\\\/\\\/candas365.es\\\/noticias\\\/wp-content\\\/uploads\\\/2024\\\/03\\\/Xabi-Alonso.jpg\",\"@id\":\"https:\\\/\\\/candas365.es\\\/noticias\\\/xabi-alonso-seguira-en-el-leverkusen\\\/#mainImage\",\"width\":994,\"height\":660,\"caption\":\"Xabi Alonso, entrenador del Bayer Leverkusen. Foto: Christoph Reichwein\\\/dpa\"},\"primaryImageOfPage\":{\"@id\":\"https:\\\/\\\/candas365.es\\\/noticias\\\/xabi-alonso-seguira-en-el-leverkusen\\\/#mainImage\"},\"datePublished\":\"2024-03-30T11:03:52+01:00\",\"dateModified\":\"2024-03-30T11:07:31+01:00\"},{\"@type\":\"WebSite\",\"@id\":\"https:\\\/\\\/candas365.es\\\/noticias\\\/#website\",\"url\":\"https:\\\/\\\/candas365.es\\\/noticias\\\/\",\"name\":\"Cand\\u00e1s 365\",\"alternateName\":\"Cand\\u00e1s 365 Noticias\",\"description\":\"Actualidad desde Carre\\u00f1o para el mundo\",\"inLanguage\":\"es-ES\",\"publisher\":{\"@id\":\"https:\\\/\\\/candas365.es\\\/noticias\\\/#organization\"}}]}\n\t\t<\/script>\n\t\t<!-- All in One SEO Pro -->\r\n\t\t<title>Xabi Alonso seguir\u00e1 en el Leverkusen | Cand\u00e1s 365<\/title>\n\n","aioseo_head_json":{"title":"Xabi Alonso seguir\u00e1 en el Leverkusen | Cand\u00e1s 365","description":"Leverkusen (Alemania), 29 mar (dpa) - El entrenador espa\u00f1ol Xabi Alonso anunci\u00f3 en una rueda de prensa que seguir\u00e1 ocupando el banquillo del Bayer Leverkusen","canonical_url":"https:\/\/candas365.es\/noticias\/xabi-alonso-seguira-en-el-leverkusen\/","robots":"max-image-preview:large","keywords":"deporte","webmasterTools":{"google-site-verification":"UA-32230408-1","msvalidate.01":"354F3CDFB2DA171B47FBE9ABF1F88D5","miscellaneous":""},"schema":{"@context":"https:\/\/schema.org","@graph":[{"@type":"BreadcrumbList","@id":"https:\/\/candas365.es\/noticias\/xabi-alonso-seguira-en-el-leverkusen\/#breadcrumblist","itemListElement":[{"@type":"ListItem","@id":"https:\/\/candas365.es\/noticias#listItem","position":1,"name":"Home","item":"https:\/\/candas365.es\/noticias","nextItem":{"@type":"ListItem","@id":"https:\/\/candas365.es\/noticias\/category\/deporte\/#listItem","name":"Deporte"}},{"@type":"ListItem","@id":"https:\/\/candas365.es\/noticias\/category\/deporte\/#listItem","position":2,"name":"Deporte","item":"https:\/\/candas365.es\/noticias\/category\/deporte\/","nextItem":{"@type":"ListItem","@id":"https:\/\/candas365.es\/noticias\/xabi-alonso-seguira-en-el-leverkusen\/#listItem","name":"Xabi Alonso seguir\u00e1 en el Leverkusen"},"previousItem":{"@type":"ListItem","@id":"https:\/\/candas365.es\/noticias#listItem","name":"Home"}},{"@type":"ListItem","@id":"https:\/\/candas365.es\/noticias\/xabi-alonso-seguira-en-el-leverkusen\/#listItem","position":3,"name":"Xabi Alonso seguir\u00e1 en el Leverkusen","previousItem":{"@type":"ListItem","@id":"https:\/\/candas365.es\/noticias\/category\/deporte\/#listItem","name":"Deporte"}}]},{"@type":"NewsArticle","@id":"https:\/\/candas365.es\/noticias\/xabi-alonso-seguira-en-el-leverkusen\/#newsarticle","name":"Xabi Alonso seguir\u00e1 en el Leverkusen | Cand\u00e1s 365","headline":"Xabi Alonso seguir\u00e1 en el Leverkusen","author":{"@id":"https:\/\/candas365.es\/noticias\/author\/admin\/#author"},"publisher":{"@id":"https:\/\/candas365.es\/noticias\/#organization"},"image":{"@type":"ImageObject","url":"https:\/\/candas365.es\/noticias\/wp-content\/uploads\/2024\/03\/Xabi-Alonso.jpg","width":994,"height":660,"caption":"Xabi Alonso, entrenador del Bayer Leverkusen. Foto: Christoph Reichwein\/dpa"},"datePublished":"2024-03-30T11:03:52+01:00","dateModified":"2024-03-30T11:07:31+01:00","inLanguage":"es-ES","mainEntityOfPage":{"@id":"https:\/\/candas365.es\/noticias\/xabi-alonso-seguira-en-el-leverkusen\/#webpage"},"isPartOf":{"@id":"https:\/\/candas365.es\/noticias\/xabi-alonso-seguira-en-el-leverkusen\/#webpage"},"articleSection":"Deporte, deporte, f\u00fatbol","dateline":"Publicado el marzo 30, 2024."},{"@type":"Organization","@id":"https:\/\/candas365.es\/noticias\/#organization","name":"Cand\u00e1s 365","description":"Cand\u00e1s 365 es un diario digital independiente, fundado en 2012, con base en Asturias. Informamos con rigor sobre actualidad, sociedad, cultura y ocio, con una mirada local y global.","url":"https:\/\/candas365.es\/noticias\/","email":"info@candas365.es","telephone":"+34652131393","foundingDate":"2012-06-10","logo":{"@type":"ImageObject","url":"https:\/\/candas365.es\/noticias\/wp-content\/uploads\/2024\/09\/Candas-365-Redes.jpg","@id":"https:\/\/candas365.es\/noticias\/xabi-alonso-seguira-en-el-leverkusen\/#organizationLogo","width":1152,"height":864,"caption":"Cand\u00e1s 365 Redes"},"image":{"@id":"https:\/\/candas365.es\/noticias\/xabi-alonso-seguira-en-el-leverkusen\/#organizationLogo"},"sameAs":["https:\/\/www.facebook.com\/Nachofdezber","https:\/\/x.com\/NabercoDigital","https:\/\/www.instagram.com\/nachofdezber\/","https:\/\/www.youtube.com\/channel\/UCZP-2wLEB9Rv6erhFmqVnvg"],"address":{"@id":"https:\/\/candas365.es\/noticias\/#postaladdress","@type":"PostalAddress","streetAddress":"san antonio 4, san antonio 4","postalCode":"33430","addressLocality":"Cand\u00e1s","addressRegion":"Asturias","addressCountry":"ES"}},{"@type":"Person","@id":"https:\/\/candas365.es\/noticias\/author\/admin\/#author","url":"https:\/\/candas365.es\/noticias\/author\/admin\/","name":"Cand\u00e1s 365","image":{"@type":"ImageObject","@id":"https:\/\/candas365.es\/noticias\/xabi-alonso-seguira-en-el-leverkusen\/#authorImage","url":"https:\/\/secure.gravatar.com\/avatar\/496a8e03d0c493ede1718b7934145dbdf8d89be1036b0eec9544e1094c9de390?s=96&d=mm&r=g","width":96,"height":96,"caption":"Cand\u00e1s 365"},"sameAs":["https:\/\/www.facebook.com\/carrenoactualidad","https:\/\/twitter.com\/nbasturias","https:\/\/www.instagram.com\/nachofdezber\/","https:\/\/www.youtube.com\/channel\/UCZP-2wLEB9Rv6erhFmqVnvg"]},{"@type":"WebPage","@id":"https:\/\/candas365.es\/noticias\/xabi-alonso-seguira-en-el-leverkusen\/#webpage","url":"https:\/\/candas365.es\/noticias\/xabi-alonso-seguira-en-el-leverkusen\/","name":"Xabi Alonso seguir\u00e1 en el Leverkusen | Cand\u00e1s 365","description":"Leverkusen (Alemania), 29 mar (dpa) - El entrenador espa\u00f1ol Xabi Alonso anunci\u00f3 en una rueda de prensa que seguir\u00e1 ocupando el banquillo del Bayer Leverkusen","inLanguage":"es-ES","isPartOf":{"@id":"https:\/\/candas365.es\/noticias\/#website"},"breadcrumb":{"@id":"https:\/\/candas365.es\/noticias\/xabi-alonso-seguira-en-el-leverkusen\/#breadcrumblist"},"author":{"@id":"https:\/\/candas365.es\/noticias\/author\/admin\/#author"},"creator":{"@id":"https:\/\/candas365.es\/noticias\/author\/admin\/#author"},"image":{"@type":"ImageObject","url":"https:\/\/candas365.es\/noticias\/wp-content\/uploads\/2024\/03\/Xabi-Alonso.jpg","@id":"https:\/\/candas365.es\/noticias\/xabi-alonso-seguira-en-el-leverkusen\/#mainImage","width":994,"height":660,"caption":"Xabi Alonso, entrenador del Bayer Leverkusen. Foto: Christoph Reichwein\/dpa"},"primaryImageOfPage":{"@id":"https:\/\/candas365.es\/noticias\/xabi-alonso-seguira-en-el-leverkusen\/#mainImage"},"datePublished":"2024-03-30T11:03:52+01:00","dateModified":"2024-03-30T11:07:31+01:00"},{"@type":"WebSite","@id":"https:\/\/candas365.es\/noticias\/#website","url":"https:\/\/candas365.es\/noticias\/","name":"Cand\u00e1s 365","alternateName":"Cand\u00e1s 365 Noticias","description":"Actualidad desde Carre\u00f1o para el mundo","inLanguage":"es-ES","publisher":{"@id":"https:\/\/candas365.es\/noticias\/#organization"}}]},"og:locale":"es_ES","og:site_name":"Cand\u00e1s 365","og:type":"article","og:title":"Xabi Alonso seguir\u00e1 en el Leverkusen | Cand\u00e1s 365","og:description":"Leverkusen (Alemania), 29 mar (dpa) - El entrenador espa\u00f1ol Xabi Alonso anunci\u00f3 en una rueda de prensa que seguir\u00e1 ocupando el banquillo del Bayer Leverkusen","og:url":"https:\/\/candas365.es\/noticias\/xabi-alonso-seguira-en-el-leverkusen\/","og:image":"https:\/\/candas365.es\/noticias\/wp-content\/uploads\/2024\/03\/Xabi-Alonso.jpg","og:image:secure_url":"https:\/\/candas365.es\/noticias\/wp-content\/uploads\/2024\/03\/Xabi-Alonso.jpg","og:image:width":994,"og:image:height":660,"article:published_time":"2024-03-30T10:03:52+00:00","article:modified_time":"2024-03-30T10:07:31+00:00","article:publisher":"https:\/\/www.facebook.com\/Nachofdezber","article:author":"https:\/\/www.facebook.com\/carrenoactualidad","twitter:card":"summary_large_image","twitter:site":"@NabercoDigital","twitter:title":"Xabi Alonso seguir\u00e1 en el Leverkusen | Cand\u00e1s 365","twitter:description":"Leverkusen (Alemania), 29 mar (dpa) - El entrenador espa\u00f1ol Xabi Alonso anunci\u00f3 en una rueda de prensa que seguir\u00e1 ocupando el banquillo del Bayer Leverkusen","twitter:creator":"@nbasturias","twitter:image":"https:\/\/candas365.es\/noticias\/wp-content\/uploads\/2024\/03\/Xabi-Alonso.jpg","twitter:label1":"Escrito por","twitter:data1":"Cand\u00e1s 365","twitter:label2":"Tiempo de lectura estimado","twitter:data2":"2 minutos"},"aioseo_meta_data":{"post_id":"179115","title":null,"description":"Leverkusen (Alemania), 29 mar (dpa) - El entrenador espa\u00f1ol Xabi Alonso anunci\u00f3 en una rueda de prensa que seguir\u00e1 ocupando el banquillo del Bayer Leverkusen","keywords":[],"keyphrases":{"focus":{"keyphrase":"Xabi Alonso","score":85,"analysis":{"keyphraseInTitle":{"score":9,"maxScore":9,"error":0},"keyphraseInDescription":{"score":9,"maxScore":9,"error":0},"keyphraseLength":{"score":9,"maxScore":9,"error":0,"length":2},"keyphraseInURL":{"score":5,"maxScore":5,"error":0},"keyphraseInIntroduction":{"score":9,"maxScore":9,"error":0},"keyphraseInSubHeadings":[],"keyphraseInImageAlt":{"score":9,"maxScore":9,"error":0},"keywordDensity":{"score":0,"type":"low","maxScore":9,"error":1}}},"additional":[{"keyphrase":"Xabi Alonso","score":80,"analysis":{"keyphraseInDescription":{"score":9,"maxScore":9,"error":0},"keyphraseLength":{"score":9,"maxScore":9,"error":0,"length":2},"keyphraseInIntroduction":{"score":9,"maxScore":9,"error":0},"keyphraseInImageAlt":{"score":9,"maxScore":9,"error":0},"keywordDensity":{"score":0,"type":"low","maxScore":9,"error":1}}}]},"primary_term":null,"canonical_url":null,"og_title":null,"og_description":null,"og_object_type":"default","og_image_type":"default","og_image_url":null,"og_image_width":null,"og_image_height":null,"og_image_custom_url":null,"og_image_custom_fields":null,"og_video":"","og_custom_url":null,"og_article_section":null,"og_article_tags":[],"twitter_use_og":false,"twitter_card":"default","twitter_image_type":"default","twitter_image_url":null,"twitter_image_custom_url":null,"twitter_image_custom_fields":null,"twitter_title":null,"twitter_description":null,"schema":{"blockGraphs":[],"customGraphs":[],"default":{"data":{"Article":[],"Course":[],"Dataset":[],"FAQPage":[],"Movie":[],"Person":[],"Product":[],"ProductReview":[],"Car":[],"Recipe":[],"Service":[],"SoftwareApplication":[],"WebPage":[]},"graphName":"Article","isEnabled":true},"graphs":[]},"schema_type":"default","schema_type_options":null,"pillar_content":false,"robots_default":true,"robots_noindex":false,"robots_noarchive":false,"robots_nosnippet":false,"robots_nofollow":false,"robots_noimageindex":false,"robots_noodp":false,"robots_notranslate":false,"robots_max_snippet":"-1","robots_max_videopreview":"-1","robots_max_imagepreview":"large","priority":null,"frequency":"default","location":null,"local_seo":null,"seo_analyzer_scan_date":"2025-09-02 05:56:17","breadcrumb_settings":null,"limit_modified_date":false,"reviewed_by":null,"open_ai":"{\"title\":{\"suggestions\":[],\"usage\":0},\"description\":{\"suggestions\":[],\"usage\":0}}","ai":null,"created":"2024-03-30 09:57:01","updated":"2025-09-02 05:56:17"},"aioseo_breadcrumb":"<div class=\"aioseo-breadcrumbs\"><span class=\"aioseo-breadcrumb\">\n\t<a href=\"https:\/\/candas365.es\/noticias\" title=\"Home\">Home<\/a>\n<\/span><span class=\"aioseo-breadcrumb-separator\">&ndash;<\/span><span class=\"aioseo-breadcrumb\">\n\t<a href=\"https:\/\/candas365.es\/noticias\/category\/deporte\/\" title=\"Deporte\">Deporte<\/a>\n<\/span><span class=\"aioseo-breadcrumb-separator\">&ndash;<\/span><span class=\"aioseo-breadcrumb\">\n\tXabi Alonso seguir\u00e1 en el Leverkusen\n<\/span><\/div>","aioseo_breadcrumb_json":[{"label":"Home","link":"https:\/\/candas365.es\/noticias"},{"label":"Deporte","link":"https:\/\/candas365.es\/noticias\/category\/deporte\/"},{"label":"Xabi Alonso seguir\u00e1 en el Leverkusen","link":"https:\/\/candas365.es\/noticias\/xabi-alonso-seguira-en-el-leverkusen\/"}],"_links":{"self":[{"href":"https:\/\/candas365.es\/noticias\/wp-json\/wp\/v2\/posts\/179115","targetHints":{"allow":["GET"]}}],"collection":[{"href":"https:\/\/candas365.es\/noticias\/wp-json\/wp\/v2\/posts"}],"about":[{"href":"https:\/\/candas365.es\/noticias\/wp-json\/wp\/v2\/types\/post"}],"author":[{"embeddable":true,"href":"https:\/\/candas365.es\/noticias\/wp-json\/wp\/v2\/users\/1"}],"replies":[{"embeddable":true,"href":"https:\/\/candas365.es\/noticias\/wp-json\/wp\/v2\/comments?post=179115"}],"version-history":[{"count":0,"href":"https:\/\/candas365.es\/noticias\/wp-json\/wp\/v2\/posts\/179115\/revisions"}],"wp:featuredmedia":[{"embeddable":true,"href":"https:\/\/candas365.es\/noticias\/wp-json\/wp\/v2\/media\/179116"}],"wp:attachment":[{"href":"https:\/\/candas365.es\/noticias\/wp-json\/wp\/v2\/media?parent=179115"}],"wp:term":[{"taxonomy":"category","embeddable":true,"href":"https:\/\/candas365.es\/noticias\/wp-json\/wp\/v2\/categories?post=179115"},{"taxonomy":"post_tag","embeddable":true,"href":"https:\/\/candas365.es\/noticias\/wp-json\/wp\/v2\/tags?post=179115"}],"curies":[{"name":"wp","href":"https:\/\/api.w.org\/{rel}","templated":true}]}}