{"id":179109,"date":"2024-03-29T23:25:40","date_gmt":"2024-03-29T22:25:40","guid":{"rendered":"https:\/\/candas365.es\/noticias\/?p=179109"},"modified":"2024-03-29T23:25:40","modified_gmt":"2024-03-29T22:25:40","slug":"robert-habeck-si-putin-no-es-detenido-no-parara","status":"publish","type":"post","link":"https:\/\/candas365.es\/noticias\/robert-habeck-si-putin-no-es-detenido-no-parara\/","title":{"rendered":"Robert Habeck: \u00abSi Putin no es detenido, no parar\u00e1\u00bb"},"content":{"rendered":"<p>Berl\u00edn, 29 mar (<span style=\"color: #ff6600;\"><a style=\"color: #ff6600;\" title=\"dpa\" href=\"https:\/\/www.dpa-news.de\/\" target=\"_blank\" rel=\"nofollow noopener\"><strong>dpa<\/strong><\/a><\/span>) &#8211; El vicecanciller alem\u00e1n, Robert Habeck, apel\u00f3 hoy a la unidad en el seno de la coalici\u00f3n de gobierno sobre el apoyo militar a Ucrania, con el fin de detener al presidente ruso, Vlad\u00edmir Putin.<\/p>\n<figure id=\"attachment_179110\" aria-describedby=\"caption-attachment-179110\" style=\"width: 650px\" class=\"wp-caption aligncenter\"><img fetchpriority=\"high\" decoding=\"async\" class=\"size-large wp-image-179110\" src=\"https:\/\/candas365.es\/noticias\/wp-content\/uploads\/2024\/03\/Robert-Habeck-650x364.jpg\" alt=\"Robert Habeck\" width=\"650\" height=\"364\" srcset=\"https:\/\/candas365.es\/noticias\/wp-content\/uploads\/2024\/03\/Robert-Habeck-650x364.jpg 650w, https:\/\/candas365.es\/noticias\/wp-content\/uploads\/2024\/03\/Robert-Habeck-360x201.jpg 360w, https:\/\/candas365.es\/noticias\/wp-content\/uploads\/2024\/03\/Robert-Habeck-768x430.jpg 768w, https:\/\/candas365.es\/noticias\/wp-content\/uploads\/2024\/03\/Robert-Habeck-150x84.jpg 150w, https:\/\/candas365.es\/noticias\/wp-content\/uploads\/2024\/03\/Robert-Habeck-450x252.jpg 450w, https:\/\/candas365.es\/noticias\/wp-content\/uploads\/2024\/03\/Robert-Habeck.jpg 1112w\" sizes=\"(max-width: 650px) 100vw, 650px\" \/><figcaption id=\"caption-attachment-179110\" class=\"wp-caption-text\">Vicecanciller alem\u00e1n,Robert Habeck. Foto: Britta Pedersen\/dpa<\/figcaption><\/figure>\n<p>En declaraciones adelantadas hoy por el dominical \u00abFrankfurter Allgemeinen\u00bb,<strong> Habeck dijo: \u00abPutin no solo quiere ocupar Ucrania para su imperio gran ruso imperialista, sino tambi\u00e9n desestabilizar la democracia liberal m\u00e1s all\u00e1 de Ucrania. Si Putin no es detenido, no parar\u00e1\u00bb<\/strong>.<\/p>\n<p>\u00abSi ahora nos peleamos sobre c\u00f3mo ayudar (a Ucrania), y si entregamos o no el misil de crucero Taurus, solo puede beneficiar a Putin. Eso ser\u00eda lo m\u00e1s est\u00fapido que podr\u00edamos hacer\u00bb, coment\u00f3.<\/p>\n<p>El canciller alem\u00e1n, Olaf Scholz, rechaza firmemente una entrega de los misiles de crucero Taurus a Kiev, a diferencia de Los Verdes, partido al que pertenece Habeck.<\/p>\n<p>Las recientes declaraciones de Rolf M\u00fctzenich, l\u00edder del grupo parlamentario del que Scholz es miembro, el Partido Socialdem\u00f3crata (SPD), sobre congelar la guerra en Ucrania provocaron cr\u00edticas de los otros dos socios de la coalici\u00f3n gubernamental.<\/p>\n<p>\u00abNo deber\u00edamos sospechar entre nosotros de poner en peligro la paz. El que pone en peligro la paz es Putin\u00bb, dijo Habeck. <strong>\u00abLos muertos de esta <a href=\"https:\/\/candas365.es\/noticias\/tag\/conflictos\/\"><span style=\"color: #ff6600;\">guerra<\/span><\/a> son los muertos de Putin. Nadie deber\u00eda sacar provecho de la situaci\u00f3n, y no deber\u00edamos suponer que alguien quiere sacar provecho\u00bb.<\/strong><\/p>\n<p>Preguntado si la disputa sobre la entrega o no de Taurus a Ucrania continuar\u00e1, el vicecanciller apunt\u00f3 que la decisi\u00f3n recae en el Consejo Federal de Seguridad, donde se requiere unanimidad y que si esta no se alcanza, entonces no se podr\u00e1 dar.<\/p>\n","protected":false},"excerpt":{"rendered":"<p>Berl\u00edn, 29 mar (dpa) &#8211; El vicecanciller alem\u00e1n, Robert Habeck, apel\u00f3 hoy a la unidad en el seno de la coalici\u00f3n de gobierno sobre el apoyo militar a Ucrania, con el fin de detener al presidente ruso, Vlad\u00edmir Putin. En declaraciones adelantadas hoy por el dominical \u00abFrankfurter Allgemeinen\u00bb, Habeck dijo: \u00abPutin no solo quiere ocupar<\/p>\n","protected":false},"author":1,"featured_media":179110,"comment_status":"closed","ping_status":"closed","sticky":false,"template":"","format":"standard","meta":{"footnotes":""},"categories":[485],"tags":[464,418],"class_list":{"0":"post-179109","1":"post","2":"type-post","3":"status-publish","4":"format-standard","5":"has-post-thumbnail","7":"category-internacional","8":"tag-conflictos","9":"tag-internacional"},"aioseo_notices":[],"aioseo_head":"\n\t\t<!-- All in One SEO Pro 4.9.6.2 - aioseo.com -->\n\t<meta name=\"description\" content=\"Berl\u00edn, 29 mar (dpa) - El vicecanciller alem\u00e1n, Robert Habeck, apel\u00f3 hoy a la unidad en el seno de la coalici\u00f3n de gobierno sobre el apoyo militar a Ucrania\" \/>\n\t<meta name=\"robots\" content=\"max-image-preview:large\" \/>\n\t<meta name=\"author\" content=\"Cand\u00e1s 365\"\/>\n\t<meta name=\"google-site-verification\" content=\"UA-32230408-1\" \/>\n\t<meta name=\"msvalidate.01\" content=\"354F3CDFB2DA171B47FBE9ABF1F88D5\" \/>\n\t<meta name=\"keywords\" content=\"internacional\" \/>\n\t<link rel=\"canonical\" href=\"https:\/\/candas365.es\/noticias\/robert-habeck-si-putin-no-es-detenido-no-parara\/\" \/>\n\t<meta name=\"generator\" content=\"All in One SEO Pro (AIOSEO) 4.9.6.2\" \/>\n\t\t<meta property=\"og:locale\" content=\"es_ES\" \/>\n\t\t<meta property=\"og:site_name\" content=\"Cand\u00e1s 365\" \/>\n\t\t<meta property=\"og:type\" content=\"article\" \/>\n\t\t<meta property=\"og:title\" content=\"Robert Habeck: \u00abSi Putin no es detenido, no parar\u00e1\u00bb | Cand\u00e1s 365\" \/>\n\t\t<meta property=\"og:description\" content=\"Berl\u00edn, 29 mar (dpa) - El vicecanciller alem\u00e1n, Robert Habeck, apel\u00f3 hoy a la unidad en el seno de la coalici\u00f3n de gobierno sobre el apoyo militar a Ucrania\" \/>\n\t\t<meta property=\"og:url\" content=\"https:\/\/candas365.es\/noticias\/robert-habeck-si-putin-no-es-detenido-no-parara\/\" \/>\n\t\t<meta property=\"og:image\" content=\"https:\/\/candas365.es\/noticias\/wp-content\/uploads\/2024\/03\/Robert-Habeck.jpg\" \/>\n\t\t<meta property=\"og:image:secure_url\" content=\"https:\/\/candas365.es\/noticias\/wp-content\/uploads\/2024\/03\/Robert-Habeck.jpg\" \/>\n\t\t<meta property=\"og:image:width\" content=\"1112\" \/>\n\t\t<meta property=\"og:image:height\" content=\"622\" \/>\n\t\t<meta property=\"article:published_time\" content=\"2024-03-29T22:25:40+00:00\" \/>\n\t\t<meta property=\"article:modified_time\" content=\"2024-03-29T22:25:40+00:00\" \/>\n\t\t<meta property=\"article:publisher\" content=\"https:\/\/www.facebook.com\/Nachofdezber\" \/>\n\t\t<meta property=\"article:author\" content=\"https:\/\/www.facebook.com\/carrenoactualidad\" \/>\n\t\t<meta name=\"twitter:card\" content=\"summary_large_image\" \/>\n\t\t<meta name=\"twitter:site\" content=\"@NabercoDigital\" \/>\n\t\t<meta name=\"twitter:title\" content=\"Robert Habeck: \u00abSi Putin no es detenido, no parar\u00e1\u00bb | Cand\u00e1s 365\" \/>\n\t\t<meta name=\"twitter:description\" content=\"Berl\u00edn, 29 mar (dpa) - El vicecanciller alem\u00e1n, Robert Habeck, apel\u00f3 hoy a la unidad en el seno de la coalici\u00f3n de gobierno sobre el apoyo militar a Ucrania\" \/>\n\t\t<meta name=\"twitter:creator\" content=\"@nbasturias\" \/>\n\t\t<meta name=\"twitter:image\" content=\"https:\/\/candas365.es\/noticias\/wp-content\/uploads\/2024\/03\/Robert-Habeck.jpg\" \/>\n\t\t<meta name=\"twitter:label1\" content=\"Escrito por\" \/>\n\t\t<meta name=\"twitter:data1\" content=\"Cand\u00e1s 365\" \/>\n\t\t<meta name=\"twitter:label2\" content=\"Tiempo de lectura estimado\" \/>\n\t\t<meta name=\"twitter:data2\" content=\"2 minutos\" \/>\n\t\t<script type=\"application\/ld+json\" class=\"aioseo-schema\">\n\t\t\t{\"@context\":\"https:\\\/\\\/schema.org\",\"@graph\":[{\"@type\":\"BreadcrumbList\",\"@id\":\"https:\\\/\\\/candas365.es\\\/noticias\\\/robert-habeck-si-putin-no-es-detenido-no-parara\\\/#breadcrumblist\",\"itemListElement\":[{\"@type\":\"ListItem\",\"@id\":\"https:\\\/\\\/candas365.es\\\/noticias#listItem\",\"position\":1,\"name\":\"Home\",\"item\":\"https:\\\/\\\/candas365.es\\\/noticias\",\"nextItem\":{\"@type\":\"ListItem\",\"@id\":\"https:\\\/\\\/candas365.es\\\/noticias\\\/category\\\/internacional\\\/#listItem\",\"name\":\"Internacional\"}},{\"@type\":\"ListItem\",\"@id\":\"https:\\\/\\\/candas365.es\\\/noticias\\\/category\\\/internacional\\\/#listItem\",\"position\":2,\"name\":\"Internacional\",\"item\":\"https:\\\/\\\/candas365.es\\\/noticias\\\/category\\\/internacional\\\/\",\"nextItem\":{\"@type\":\"ListItem\",\"@id\":\"https:\\\/\\\/candas365.es\\\/noticias\\\/robert-habeck-si-putin-no-es-detenido-no-parara\\\/#listItem\",\"name\":\"Robert Habeck: \\u00abSi Putin no es detenido, no parar\\u00e1\\u00bb\"},\"previousItem\":{\"@type\":\"ListItem\",\"@id\":\"https:\\\/\\\/candas365.es\\\/noticias#listItem\",\"name\":\"Home\"}},{\"@type\":\"ListItem\",\"@id\":\"https:\\\/\\\/candas365.es\\\/noticias\\\/robert-habeck-si-putin-no-es-detenido-no-parara\\\/#listItem\",\"position\":3,\"name\":\"Robert Habeck: \\u00abSi Putin no es detenido, no parar\\u00e1\\u00bb\",\"previousItem\":{\"@type\":\"ListItem\",\"@id\":\"https:\\\/\\\/candas365.es\\\/noticias\\\/category\\\/internacional\\\/#listItem\",\"name\":\"Internacional\"}}]},{\"@type\":\"NewsArticle\",\"@id\":\"https:\\\/\\\/candas365.es\\\/noticias\\\/robert-habeck-si-putin-no-es-detenido-no-parara\\\/#newsarticle\",\"name\":\"Robert Habeck: \\u00abSi Putin no es detenido, no parar\\u00e1\\u00bb | Cand\\u00e1s 365\",\"headline\":\"Robert Habeck: \\u00abSi Putin no es detenido, no parar\\u00e1\\u00bb\",\"author\":{\"@id\":\"https:\\\/\\\/candas365.es\\\/noticias\\\/author\\\/admin\\\/#author\"},\"publisher\":{\"@id\":\"https:\\\/\\\/candas365.es\\\/noticias\\\/#organization\"},\"image\":{\"@type\":\"ImageObject\",\"url\":\"https:\\\/\\\/candas365.es\\\/noticias\\\/wp-content\\\/uploads\\\/2024\\\/03\\\/Robert-Habeck.jpg\",\"width\":1112,\"height\":622,\"caption\":\"Vicecanciller alem\\u00e1n,Robert Habeck. Foto: Britta Pedersen\\\/dpa\"},\"datePublished\":\"2024-03-29T23:25:40+01:00\",\"dateModified\":\"2024-03-29T23:25:40+01:00\",\"inLanguage\":\"es-ES\",\"mainEntityOfPage\":{\"@id\":\"https:\\\/\\\/candas365.es\\\/noticias\\\/robert-habeck-si-putin-no-es-detenido-no-parara\\\/#webpage\"},\"isPartOf\":{\"@id\":\"https:\\\/\\\/candas365.es\\\/noticias\\\/robert-habeck-si-putin-no-es-detenido-no-parara\\\/#webpage\"},\"articleSection\":\"Internacional, conflictos, Internacional\",\"dateline\":\"Publicado el marzo 29, 2024.\"},{\"@type\":\"Organization\",\"@id\":\"https:\\\/\\\/candas365.es\\\/noticias\\\/#organization\",\"name\":\"Cand\\u00e1s 365\",\"description\":\"Cand\\u00e1s 365 es un diario digital independiente, fundado en 2012, con base en Asturias. Informamos con rigor sobre actualidad, sociedad, cultura y ocio, con una mirada local y global.\",\"url\":\"https:\\\/\\\/candas365.es\\\/noticias\\\/\",\"email\":\"info@candas365.es\",\"telephone\":\"+34652131393\",\"foundingDate\":\"2012-06-10\",\"logo\":{\"@type\":\"ImageObject\",\"url\":\"https:\\\/\\\/candas365.es\\\/noticias\\\/wp-content\\\/uploads\\\/2024\\\/09\\\/Candas-365-Redes.jpg\",\"@id\":\"https:\\\/\\\/candas365.es\\\/noticias\\\/robert-habeck-si-putin-no-es-detenido-no-parara\\\/#organizationLogo\",\"width\":1152,\"height\":864,\"caption\":\"Cand\\u00e1s 365 Redes\"},\"image\":{\"@id\":\"https:\\\/\\\/candas365.es\\\/noticias\\\/robert-habeck-si-putin-no-es-detenido-no-parara\\\/#organizationLogo\"},\"sameAs\":[\"https:\\\/\\\/www.facebook.com\\\/Nachofdezber\",\"https:\\\/\\\/x.com\\\/NabercoDigital\",\"https:\\\/\\\/www.instagram.com\\\/nachofdezber\\\/\",\"https:\\\/\\\/www.youtube.com\\\/channel\\\/UCZP-2wLEB9Rv6erhFmqVnvg\"],\"address\":{\"@id\":\"https:\\\/\\\/candas365.es\\\/noticias\\\/#postaladdress\",\"@type\":\"PostalAddress\",\"streetAddress\":\"san antonio 4, san antonio 4\",\"postalCode\":\"33430\",\"addressLocality\":\"Cand\\u00e1s\",\"addressRegion\":\"Asturias\",\"addressCountry\":\"ES\"}},{\"@type\":\"Person\",\"@id\":\"https:\\\/\\\/candas365.es\\\/noticias\\\/author\\\/admin\\\/#author\",\"url\":\"https:\\\/\\\/candas365.es\\\/noticias\\\/author\\\/admin\\\/\",\"name\":\"Cand\\u00e1s 365\",\"image\":{\"@type\":\"ImageObject\",\"@id\":\"https:\\\/\\\/candas365.es\\\/noticias\\\/robert-habeck-si-putin-no-es-detenido-no-parara\\\/#authorImage\",\"url\":\"https:\\\/\\\/secure.gravatar.com\\\/avatar\\\/496a8e03d0c493ede1718b7934145dbdf8d89be1036b0eec9544e1094c9de390?s=96&d=mm&r=g\",\"width\":96,\"height\":96,\"caption\":\"Cand\\u00e1s 365\"},\"sameAs\":[\"https:\\\/\\\/www.facebook.com\\\/carrenoactualidad\",\"https:\\\/\\\/twitter.com\\\/nbasturias\",\"https:\\\/\\\/www.instagram.com\\\/nachofdezber\\\/\",\"https:\\\/\\\/www.youtube.com\\\/channel\\\/UCZP-2wLEB9Rv6erhFmqVnvg\"]},{\"@type\":\"WebPage\",\"@id\":\"https:\\\/\\\/candas365.es\\\/noticias\\\/robert-habeck-si-putin-no-es-detenido-no-parara\\\/#webpage\",\"url\":\"https:\\\/\\\/candas365.es\\\/noticias\\\/robert-habeck-si-putin-no-es-detenido-no-parara\\\/\",\"name\":\"Robert Habeck: \\u00abSi Putin no es detenido, no parar\\u00e1\\u00bb | Cand\\u00e1s 365\",\"description\":\"Berl\\u00edn, 29 mar (dpa) - El vicecanciller alem\\u00e1n, Robert Habeck, apel\\u00f3 hoy a la unidad en el seno de la coalici\\u00f3n de gobierno sobre el apoyo militar a Ucrania\",\"inLanguage\":\"es-ES\",\"isPartOf\":{\"@id\":\"https:\\\/\\\/candas365.es\\\/noticias\\\/#website\"},\"breadcrumb\":{\"@id\":\"https:\\\/\\\/candas365.es\\\/noticias\\\/robert-habeck-si-putin-no-es-detenido-no-parara\\\/#breadcrumblist\"},\"author\":{\"@id\":\"https:\\\/\\\/candas365.es\\\/noticias\\\/author\\\/admin\\\/#author\"},\"creator\":{\"@id\":\"https:\\\/\\\/candas365.es\\\/noticias\\\/author\\\/admin\\\/#author\"},\"image\":{\"@type\":\"ImageObject\",\"url\":\"https:\\\/\\\/candas365.es\\\/noticias\\\/wp-content\\\/uploads\\\/2024\\\/03\\\/Robert-Habeck.jpg\",\"@id\":\"https:\\\/\\\/candas365.es\\\/noticias\\\/robert-habeck-si-putin-no-es-detenido-no-parara\\\/#mainImage\",\"width\":1112,\"height\":622,\"caption\":\"Vicecanciller alem\\u00e1n,Robert Habeck. Foto: Britta Pedersen\\\/dpa\"},\"primaryImageOfPage\":{\"@id\":\"https:\\\/\\\/candas365.es\\\/noticias\\\/robert-habeck-si-putin-no-es-detenido-no-parara\\\/#mainImage\"},\"datePublished\":\"2024-03-29T23:25:40+01:00\",\"dateModified\":\"2024-03-29T23:25:40+01:00\"},{\"@type\":\"WebSite\",\"@id\":\"https:\\\/\\\/candas365.es\\\/noticias\\\/#website\",\"url\":\"https:\\\/\\\/candas365.es\\\/noticias\\\/\",\"name\":\"Cand\\u00e1s 365\",\"alternateName\":\"Cand\\u00e1s 365 Noticias\",\"description\":\"Actualidad desde Carre\\u00f1o para el mundo\",\"inLanguage\":\"es-ES\",\"publisher\":{\"@id\":\"https:\\\/\\\/candas365.es\\\/noticias\\\/#organization\"}}]}\n\t\t<\/script>\n\t\t<!-- All in One SEO Pro -->\r\n\t\t<title>Robert Habeck: \u00abSi Putin no es detenido, no parar\u00e1\u00bb | Cand\u00e1s 365<\/title>\n\n","aioseo_head_json":{"title":"Robert Habeck: \u00abSi Putin no es detenido, no parar\u00e1\u00bb | Cand\u00e1s 365","description":"Berl\u00edn, 29 mar (dpa) - El vicecanciller alem\u00e1n, Robert Habeck, apel\u00f3 hoy a la unidad en el seno de la coalici\u00f3n de gobierno sobre el apoyo militar a Ucrania","canonical_url":"https:\/\/candas365.es\/noticias\/robert-habeck-si-putin-no-es-detenido-no-parara\/","robots":"max-image-preview:large","keywords":"internacional","webmasterTools":{"google-site-verification":"UA-32230408-1","msvalidate.01":"354F3CDFB2DA171B47FBE9ABF1F88D5","miscellaneous":""},"schema":{"@context":"https:\/\/schema.org","@graph":[{"@type":"BreadcrumbList","@id":"https:\/\/candas365.es\/noticias\/robert-habeck-si-putin-no-es-detenido-no-parara\/#breadcrumblist","itemListElement":[{"@type":"ListItem","@id":"https:\/\/candas365.es\/noticias#listItem","position":1,"name":"Home","item":"https:\/\/candas365.es\/noticias","nextItem":{"@type":"ListItem","@id":"https:\/\/candas365.es\/noticias\/category\/internacional\/#listItem","name":"Internacional"}},{"@type":"ListItem","@id":"https:\/\/candas365.es\/noticias\/category\/internacional\/#listItem","position":2,"name":"Internacional","item":"https:\/\/candas365.es\/noticias\/category\/internacional\/","nextItem":{"@type":"ListItem","@id":"https:\/\/candas365.es\/noticias\/robert-habeck-si-putin-no-es-detenido-no-parara\/#listItem","name":"Robert Habeck: \u00abSi Putin no es detenido, no parar\u00e1\u00bb"},"previousItem":{"@type":"ListItem","@id":"https:\/\/candas365.es\/noticias#listItem","name":"Home"}},{"@type":"ListItem","@id":"https:\/\/candas365.es\/noticias\/robert-habeck-si-putin-no-es-detenido-no-parara\/#listItem","position":3,"name":"Robert Habeck: \u00abSi Putin no es detenido, no parar\u00e1\u00bb","previousItem":{"@type":"ListItem","@id":"https:\/\/candas365.es\/noticias\/category\/internacional\/#listItem","name":"Internacional"}}]},{"@type":"NewsArticle","@id":"https:\/\/candas365.es\/noticias\/robert-habeck-si-putin-no-es-detenido-no-parara\/#newsarticle","name":"Robert Habeck: \u00abSi Putin no es detenido, no parar\u00e1\u00bb | Cand\u00e1s 365","headline":"Robert Habeck: \u00abSi Putin no es detenido, no parar\u00e1\u00bb","author":{"@id":"https:\/\/candas365.es\/noticias\/author\/admin\/#author"},"publisher":{"@id":"https:\/\/candas365.es\/noticias\/#organization"},"image":{"@type":"ImageObject","url":"https:\/\/candas365.es\/noticias\/wp-content\/uploads\/2024\/03\/Robert-Habeck.jpg","width":1112,"height":622,"caption":"Vicecanciller alem\u00e1n,Robert Habeck. Foto: Britta Pedersen\/dpa"},"datePublished":"2024-03-29T23:25:40+01:00","dateModified":"2024-03-29T23:25:40+01:00","inLanguage":"es-ES","mainEntityOfPage":{"@id":"https:\/\/candas365.es\/noticias\/robert-habeck-si-putin-no-es-detenido-no-parara\/#webpage"},"isPartOf":{"@id":"https:\/\/candas365.es\/noticias\/robert-habeck-si-putin-no-es-detenido-no-parara\/#webpage"},"articleSection":"Internacional, conflictos, Internacional","dateline":"Publicado el marzo 29, 2024."},{"@type":"Organization","@id":"https:\/\/candas365.es\/noticias\/#organization","name":"Cand\u00e1s 365","description":"Cand\u00e1s 365 es un diario digital independiente, fundado en 2012, con base en Asturias. Informamos con rigor sobre actualidad, sociedad, cultura y ocio, con una mirada local y global.","url":"https:\/\/candas365.es\/noticias\/","email":"info@candas365.es","telephone":"+34652131393","foundingDate":"2012-06-10","logo":{"@type":"ImageObject","url":"https:\/\/candas365.es\/noticias\/wp-content\/uploads\/2024\/09\/Candas-365-Redes.jpg","@id":"https:\/\/candas365.es\/noticias\/robert-habeck-si-putin-no-es-detenido-no-parara\/#organizationLogo","width":1152,"height":864,"caption":"Cand\u00e1s 365 Redes"},"image":{"@id":"https:\/\/candas365.es\/noticias\/robert-habeck-si-putin-no-es-detenido-no-parara\/#organizationLogo"},"sameAs":["https:\/\/www.facebook.com\/Nachofdezber","https:\/\/x.com\/NabercoDigital","https:\/\/www.instagram.com\/nachofdezber\/","https:\/\/www.youtube.com\/channel\/UCZP-2wLEB9Rv6erhFmqVnvg"],"address":{"@id":"https:\/\/candas365.es\/noticias\/#postaladdress","@type":"PostalAddress","streetAddress":"san antonio 4, san antonio 4","postalCode":"33430","addressLocality":"Cand\u00e1s","addressRegion":"Asturias","addressCountry":"ES"}},{"@type":"Person","@id":"https:\/\/candas365.es\/noticias\/author\/admin\/#author","url":"https:\/\/candas365.es\/noticias\/author\/admin\/","name":"Cand\u00e1s 365","image":{"@type":"ImageObject","@id":"https:\/\/candas365.es\/noticias\/robert-habeck-si-putin-no-es-detenido-no-parara\/#authorImage","url":"https:\/\/secure.gravatar.com\/avatar\/496a8e03d0c493ede1718b7934145dbdf8d89be1036b0eec9544e1094c9de390?s=96&d=mm&r=g","width":96,"height":96,"caption":"Cand\u00e1s 365"},"sameAs":["https:\/\/www.facebook.com\/carrenoactualidad","https:\/\/twitter.com\/nbasturias","https:\/\/www.instagram.com\/nachofdezber\/","https:\/\/www.youtube.com\/channel\/UCZP-2wLEB9Rv6erhFmqVnvg"]},{"@type":"WebPage","@id":"https:\/\/candas365.es\/noticias\/robert-habeck-si-putin-no-es-detenido-no-parara\/#webpage","url":"https:\/\/candas365.es\/noticias\/robert-habeck-si-putin-no-es-detenido-no-parara\/","name":"Robert Habeck: \u00abSi Putin no es detenido, no parar\u00e1\u00bb | Cand\u00e1s 365","description":"Berl\u00edn, 29 mar (dpa) - El vicecanciller alem\u00e1n, Robert Habeck, apel\u00f3 hoy a la unidad en el seno de la coalici\u00f3n de gobierno sobre el apoyo militar a Ucrania","inLanguage":"es-ES","isPartOf":{"@id":"https:\/\/candas365.es\/noticias\/#website"},"breadcrumb":{"@id":"https:\/\/candas365.es\/noticias\/robert-habeck-si-putin-no-es-detenido-no-parara\/#breadcrumblist"},"author":{"@id":"https:\/\/candas365.es\/noticias\/author\/admin\/#author"},"creator":{"@id":"https:\/\/candas365.es\/noticias\/author\/admin\/#author"},"image":{"@type":"ImageObject","url":"https:\/\/candas365.es\/noticias\/wp-content\/uploads\/2024\/03\/Robert-Habeck.jpg","@id":"https:\/\/candas365.es\/noticias\/robert-habeck-si-putin-no-es-detenido-no-parara\/#mainImage","width":1112,"height":622,"caption":"Vicecanciller alem\u00e1n,Robert Habeck. Foto: Britta Pedersen\/dpa"},"primaryImageOfPage":{"@id":"https:\/\/candas365.es\/noticias\/robert-habeck-si-putin-no-es-detenido-no-parara\/#mainImage"},"datePublished":"2024-03-29T23:25:40+01:00","dateModified":"2024-03-29T23:25:40+01:00"},{"@type":"WebSite","@id":"https:\/\/candas365.es\/noticias\/#website","url":"https:\/\/candas365.es\/noticias\/","name":"Cand\u00e1s 365","alternateName":"Cand\u00e1s 365 Noticias","description":"Actualidad desde Carre\u00f1o para el mundo","inLanguage":"es-ES","publisher":{"@id":"https:\/\/candas365.es\/noticias\/#organization"}}]},"og:locale":"es_ES","og:site_name":"Cand\u00e1s 365","og:type":"article","og:title":"Robert Habeck: \u00abSi Putin no es detenido, no parar\u00e1\u00bb | Cand\u00e1s 365","og:description":"Berl\u00edn, 29 mar (dpa) - El vicecanciller alem\u00e1n, Robert Habeck, apel\u00f3 hoy a la unidad en el seno de la coalici\u00f3n de gobierno sobre el apoyo militar a Ucrania","og:url":"https:\/\/candas365.es\/noticias\/robert-habeck-si-putin-no-es-detenido-no-parara\/","og:image":"https:\/\/candas365.es\/noticias\/wp-content\/uploads\/2024\/03\/Robert-Habeck.jpg","og:image:secure_url":"https:\/\/candas365.es\/noticias\/wp-content\/uploads\/2024\/03\/Robert-Habeck.jpg","og:image:width":1112,"og:image:height":622,"article:published_time":"2024-03-29T22:25:40+00:00","article:modified_time":"2024-03-29T22:25:40+00:00","article:publisher":"https:\/\/www.facebook.com\/Nachofdezber","article:author":"https:\/\/www.facebook.com\/carrenoactualidad","twitter:card":"summary_large_image","twitter:site":"@NabercoDigital","twitter:title":"Robert Habeck: \u00abSi Putin no es detenido, no parar\u00e1\u00bb | Cand\u00e1s 365","twitter:description":"Berl\u00edn, 29 mar (dpa) - El vicecanciller alem\u00e1n, Robert Habeck, apel\u00f3 hoy a la unidad en el seno de la coalici\u00f3n de gobierno sobre el apoyo militar a Ucrania","twitter:creator":"@nbasturias","twitter:image":"https:\/\/candas365.es\/noticias\/wp-content\/uploads\/2024\/03\/Robert-Habeck.jpg","twitter:label1":"Escrito por","twitter:data1":"Cand\u00e1s 365","twitter:label2":"Tiempo de lectura estimado","twitter:data2":"2 minutos"},"aioseo_meta_data":{"post_id":"179109","title":null,"description":"Berl\u00edn, 29 mar (dpa) - El vicecanciller alem\u00e1n, Robert Habeck, apel\u00f3 hoy a la unidad en el seno de la coalici\u00f3n de gobierno sobre el apoyo militar a Ucrania","keywords":[],"keyphrases":{"focus":{"keyphrase":"Robert Habeck","score":93,"analysis":{"keyphraseInTitle":{"score":9,"maxScore":9,"error":0},"keyphraseInDescription":{"score":9,"maxScore":9,"error":0},"keyphraseLength":{"score":9,"maxScore":9,"error":0,"length":2},"keyphraseInURL":{"score":1,"maxScore":5,"error":1},"keyphraseInIntroduction":{"score":9,"maxScore":9,"error":0},"keyphraseInSubHeadings":[],"keyphraseInImageAlt":{"score":9,"maxScore":9,"error":0},"keywordDensity":{"type":"best","score":9,"maxScore":9,"error":0}}},"additional":[{"keyphrase":"Robert Habeck","score":100,"analysis":{"keyphraseInDescription":{"score":9,"maxScore":9,"error":0},"keyphraseLength":{"score":9,"maxScore":9,"error":0,"length":2},"keyphraseInIntroduction":{"score":9,"maxScore":9,"error":0},"keyphraseInImageAlt":{"score":9,"maxScore":9,"error":0},"keywordDensity":{"type":"best","score":9,"maxScore":9,"error":0}}}]},"primary_term":null,"canonical_url":null,"og_title":null,"og_description":null,"og_object_type":"default","og_image_type":"default","og_image_url":null,"og_image_width":null,"og_image_height":null,"og_image_custom_url":null,"og_image_custom_fields":null,"og_video":"","og_custom_url":null,"og_article_section":null,"og_article_tags":[],"twitter_use_og":false,"twitter_card":"default","twitter_image_type":"default","twitter_image_url":null,"twitter_image_custom_url":null,"twitter_image_custom_fields":null,"twitter_title":null,"twitter_description":null,"schema":{"blockGraphs":[],"customGraphs":[],"default":{"data":{"Article":[],"Course":[],"Dataset":[],"FAQPage":[],"Movie":[],"Person":[],"Product":[],"ProductReview":[],"Car":[],"Recipe":[],"Service":[],"SoftwareApplication":[],"WebPage":[]},"graphName":"Article","isEnabled":true},"graphs":[]},"schema_type":"default","schema_type_options":null,"pillar_content":false,"robots_default":true,"robots_noindex":false,"robots_noarchive":false,"robots_nosnippet":false,"robots_nofollow":false,"robots_noimageindex":false,"robots_noodp":false,"robots_notranslate":false,"robots_max_snippet":"-1","robots_max_videopreview":"-1","robots_max_imagepreview":"large","priority":null,"frequency":"default","location":null,"local_seo":null,"seo_analyzer_scan_date":"2025-09-02 05:54:12","breadcrumb_settings":null,"limit_modified_date":false,"reviewed_by":null,"open_ai":"{\"title\":{\"suggestions\":[],\"usage\":0},\"description\":{\"suggestions\":[],\"usage\":0}}","ai":null,"created":"2024-03-29 22:21:05","updated":"2025-09-02 05:54:12"},"aioseo_breadcrumb":"<div class=\"aioseo-breadcrumbs\"><span class=\"aioseo-breadcrumb\">\n\t<a href=\"https:\/\/candas365.es\/noticias\" title=\"Home\">Home<\/a>\n<\/span><span class=\"aioseo-breadcrumb-separator\">&ndash;<\/span><span class=\"aioseo-breadcrumb\">\n\t<a href=\"https:\/\/candas365.es\/noticias\/category\/internacional\/\" title=\"Internacional\">Internacional<\/a>\n<\/span><span class=\"aioseo-breadcrumb-separator\">&ndash;<\/span><span class=\"aioseo-breadcrumb\">\n\tRobert Habeck: \u00abSi Putin no es detenido, no parar\u00e1\u00bb\n<\/span><\/div>","aioseo_breadcrumb_json":[{"label":"Home","link":"https:\/\/candas365.es\/noticias"},{"label":"Internacional","link":"https:\/\/candas365.es\/noticias\/category\/internacional\/"},{"label":"Robert Habeck: \u00abSi Putin no es detenido, no parar\u00e1\u00bb","link":"https:\/\/candas365.es\/noticias\/robert-habeck-si-putin-no-es-detenido-no-parara\/"}],"_links":{"self":[{"href":"https:\/\/candas365.es\/noticias\/wp-json\/wp\/v2\/posts\/179109","targetHints":{"allow":["GET"]}}],"collection":[{"href":"https:\/\/candas365.es\/noticias\/wp-json\/wp\/v2\/posts"}],"about":[{"href":"https:\/\/candas365.es\/noticias\/wp-json\/wp\/v2\/types\/post"}],"author":[{"embeddable":true,"href":"https:\/\/candas365.es\/noticias\/wp-json\/wp\/v2\/users\/1"}],"replies":[{"embeddable":true,"href":"https:\/\/candas365.es\/noticias\/wp-json\/wp\/v2\/comments?post=179109"}],"version-history":[{"count":0,"href":"https:\/\/candas365.es\/noticias\/wp-json\/wp\/v2\/posts\/179109\/revisions"}],"wp:featuredmedia":[{"embeddable":true,"href":"https:\/\/candas365.es\/noticias\/wp-json\/wp\/v2\/media\/179110"}],"wp:attachment":[{"href":"https:\/\/candas365.es\/noticias\/wp-json\/wp\/v2\/media?parent=179109"}],"wp:term":[{"taxonomy":"category","embeddable":true,"href":"https:\/\/candas365.es\/noticias\/wp-json\/wp\/v2\/categories?post=179109"},{"taxonomy":"post_tag","embeddable":true,"href":"https:\/\/candas365.es\/noticias\/wp-json\/wp\/v2\/tags?post=179109"}],"curies":[{"name":"wp","href":"https:\/\/api.w.org\/{rel}","templated":true}]}}