{"id":179095,"date":"2024-03-29T22:55:02","date_gmt":"2024-03-29T21:55:02","guid":{"rendered":"https:\/\/candas365.es\/noticias\/?p=179095"},"modified":"2024-03-29T22:55:02","modified_gmt":"2024-03-29T21:55:02","slug":"baerbock-israel-deberia-ceder-el-control-de-la-franja-de-gaza","status":"publish","type":"post","link":"https:\/\/candas365.es\/noticias\/baerbock-israel-deberia-ceder-el-control-de-la-franja-de-gaza\/","title":{"rendered":"Baerbock: \u00abIsrael deber\u00eda ceder el control de la Franja de Gaza\u00bb"},"content":{"rendered":"<p>Berl\u00edn, 29 mar (<a title=\"dpa\" href=\"https:\/\/www.dpa-news.de\/\" target=\"_blank\" rel=\"nofollow noopener\"><span style=\"color: #ff6600;\"><strong>dpa<\/strong><\/span><\/a>) &#8211; La ministra alemana de Relaciones Exteriores, Annalena Baerbock, indic\u00f3 hoy que Israel deber\u00eda ceder el control de la Franja de Gaza una vez finalizada la <span style=\"color: #ff6600;\"><a style=\"color: #ff6600;\" href=\"https:\/\/candas365.es\/noticias\/tag\/conflictos\/\"><strong>guerra<\/strong><\/a><\/span>.<\/p>\n<figure id=\"attachment_179096\" aria-describedby=\"caption-attachment-179096\" style=\"width: 650px\" class=\"wp-caption aligncenter\"><img fetchpriority=\"high\" decoding=\"async\" class=\"size-large wp-image-179096\" src=\"https:\/\/candas365.es\/noticias\/wp-content\/uploads\/2024\/03\/Annalena-Baerbock-650x424.jpg\" alt=\"Annalena Baerbock\" width=\"650\" height=\"424\" srcset=\"https:\/\/candas365.es\/noticias\/wp-content\/uploads\/2024\/03\/Annalena-Baerbock-650x424.jpg 650w, https:\/\/candas365.es\/noticias\/wp-content\/uploads\/2024\/03\/Annalena-Baerbock-360x235.jpg 360w, https:\/\/candas365.es\/noticias\/wp-content\/uploads\/2024\/03\/Annalena-Baerbock-768x502.jpg 768w, https:\/\/candas365.es\/noticias\/wp-content\/uploads\/2024\/03\/Annalena-Baerbock-150x98.jpg 150w, https:\/\/candas365.es\/noticias\/wp-content\/uploads\/2024\/03\/Annalena-Baerbock-450x294.jpg 450w, https:\/\/candas365.es\/noticias\/wp-content\/uploads\/2024\/03\/Annalena-Baerbock.jpg 1000w\" sizes=\"(max-width: 650px) 100vw, 650px\" \/><figcaption id=\"caption-attachment-179096\" class=\"wp-caption-text\">Annalena Baerbock, ministra alemana de Relaciones Exteriores, durante una rueda de prensa celebrada en Ramala. Foto: Christoph Soeder\/dpa<\/figcaption><\/figure>\n<p>En declaraciones publicadas hoy por el grupo de medios Funke, Baerbock se\u00f1al\u00f3 que, tras la guerra, deben gobernar en Gaza \u00ablas palestinas y los palestinos, libres de Ham\u00e1s, libres del terror, autodeterminados y con un gobierno libremente elegido por ellos, tambi\u00e9n en Cisjordania\u00bb.<\/p>\n<p>La ministra agreg\u00f3, sin embargo, que eso no ocurrir\u00e1 de un d\u00eda para otro. \u00abPero no debemos perder de vista el horizonte pol\u00edtico, especialmente ahora en tiempos de guerra\u00bb, argument\u00f3.<\/p>\n<p>La titular de Exteriores afirm\u00f3 que el Gobierno alem\u00e1n trabaja d\u00eda a d\u00eda con sus socios \u00e1rabes para garantizar que la soluci\u00f3n de dos Estados sea viable.<\/p>\n<p>Ello implica, detall\u00f3, la construcci\u00f3n de una infraestructura civil, la reforma de la Autoridad Palestina, la reconstrucci\u00f3n econ\u00f3mica &#8211; y una estructura de seguridad, incluyendo garant\u00edas de seguridad para Israel y los palestinos.<\/p>\n<p>\u00abY esto incluye recordar al Gobierno israel\u00ed que la pol\u00edtica de asentamientos no solo impide la creaci\u00f3n un Estado palestino, sino que tambi\u00e9n obstaculiza literalmente la paz. Porque \u00fanicamente la soluci\u00f3n de dos Estados puede traer la paz duradera y la seguridad para el pueblo de Israel\u00bb, sostuvo.<\/p>\n<p>El trasfondo de estas declaraciones es el controvertido anuncio de Israel de declarar unas 800 hect\u00e1reas en Cisjordania como tierra estatal israel\u00ed.<\/p>\n<p>Baerbock afirm\u00f3 que la protecci\u00f3n durante un periodo transitorio, antes de que dos Estados puedan convivir en paz, solo es posible con garant\u00edas internacionales de seguridad pues Israel debe estar segura de que nunca m\u00e1s habr\u00e1 una amenaza terrorista procedente de Palestina, y los palestinos deben estar seguros de que pueden vivir con seguridad y dignidad en su propia tierra.<\/p>\n<p>\u00abEsto significa, por supuesto, que hay que implicar a los pa\u00edses \u00e1rabes vecinos, que gozan de confianza all\u00ed, pero tambi\u00e9n a los (pa\u00edses) amigos de Israel. Por eso a los alemanes, estadounidenses y los brit\u00e1nicos nos preocupa intensamente el horizonte pol\u00edtico\u00bb, agreg\u00f3 la ministra.<\/p>\n","protected":false},"excerpt":{"rendered":"<p>Berl\u00edn, 29 mar (dpa) &#8211; La ministra alemana de Relaciones Exteriores, Annalena Baerbock, indic\u00f3 hoy que Israel deber\u00eda ceder el control de la Franja de Gaza una vez finalizada la guerra. En declaraciones publicadas hoy por el grupo de medios Funke, Baerbock se\u00f1al\u00f3 que, tras la guerra, deben gobernar en Gaza \u00ablas palestinas y los<\/p>\n","protected":false},"author":1,"featured_media":179096,"comment_status":"closed","ping_status":"closed","sticky":false,"template":"","format":"standard","meta":{"footnotes":""},"categories":[485],"tags":[464,418],"class_list":{"0":"post-179095","1":"post","2":"type-post","3":"status-publish","4":"format-standard","5":"has-post-thumbnail","7":"category-internacional","8":"tag-conflictos","9":"tag-internacional"},"aioseo_notices":[],"aioseo_head":"\n\t\t<!-- All in One SEO Pro 4.9.6.2 - aioseo.com -->\n\t<meta name=\"description\" content=\"Berl\u00edn, 29 mar (dpa) - La ministra alemana de Relaciones Exteriores, Annalena Baerbock, indic\u00f3 hoy que Israel deber\u00eda ceder el control de la Franja de Gaza una\" \/>\n\t<meta name=\"robots\" content=\"max-image-preview:large\" \/>\n\t<meta name=\"author\" content=\"Cand\u00e1s 365\"\/>\n\t<meta name=\"google-site-verification\" content=\"UA-32230408-1\" \/>\n\t<meta name=\"msvalidate.01\" content=\"354F3CDFB2DA171B47FBE9ABF1F88D5\" \/>\n\t<meta name=\"keywords\" content=\"internacional\" \/>\n\t<link rel=\"canonical\" href=\"https:\/\/candas365.es\/noticias\/baerbock-israel-deberia-ceder-el-control-de-la-franja-de-gaza\/\" \/>\n\t<meta name=\"generator\" content=\"All in One SEO Pro (AIOSEO) 4.9.6.2\" \/>\n\t\t<meta property=\"og:locale\" content=\"es_ES\" \/>\n\t\t<meta property=\"og:site_name\" content=\"Cand\u00e1s 365\" \/>\n\t\t<meta property=\"og:type\" content=\"article\" \/>\n\t\t<meta property=\"og:title\" content=\"Baerbock: \u00abIsrael deber\u00eda ceder el control de la Franja de Gaza\u00bb | Cand\u00e1s 365\" \/>\n\t\t<meta property=\"og:description\" content=\"Berl\u00edn, 29 mar (dpa) - La ministra alemana de Relaciones Exteriores, Annalena Baerbock, indic\u00f3 hoy que Israel deber\u00eda ceder el control de la Franja de Gaza una\" \/>\n\t\t<meta property=\"og:url\" content=\"https:\/\/candas365.es\/noticias\/baerbock-israel-deberia-ceder-el-control-de-la-franja-de-gaza\/\" \/>\n\t\t<meta property=\"og:image\" content=\"https:\/\/candas365.es\/noticias\/wp-content\/uploads\/2024\/03\/Annalena-Baerbock.jpg\" \/>\n\t\t<meta property=\"og:image:secure_url\" content=\"https:\/\/candas365.es\/noticias\/wp-content\/uploads\/2024\/03\/Annalena-Baerbock.jpg\" \/>\n\t\t<meta property=\"og:image:width\" content=\"1000\" \/>\n\t\t<meta property=\"og:image:height\" content=\"653\" \/>\n\t\t<meta property=\"article:published_time\" content=\"2024-03-29T21:55:02+00:00\" \/>\n\t\t<meta property=\"article:modified_time\" content=\"2024-03-29T21:55:02+00:00\" \/>\n\t\t<meta property=\"article:publisher\" content=\"https:\/\/www.facebook.com\/Nachofdezber\" \/>\n\t\t<meta property=\"article:author\" content=\"https:\/\/www.facebook.com\/carrenoactualidad\" \/>\n\t\t<meta name=\"twitter:card\" content=\"summary_large_image\" \/>\n\t\t<meta name=\"twitter:site\" content=\"@NabercoDigital\" \/>\n\t\t<meta name=\"twitter:title\" content=\"Baerbock: \u00abIsrael deber\u00eda ceder el control de la Franja de Gaza\u00bb | Cand\u00e1s 365\" \/>\n\t\t<meta name=\"twitter:description\" content=\"Berl\u00edn, 29 mar (dpa) - La ministra alemana de Relaciones Exteriores, Annalena Baerbock, indic\u00f3 hoy que Israel deber\u00eda ceder el control de la Franja de Gaza una\" \/>\n\t\t<meta name=\"twitter:creator\" content=\"@nbasturias\" \/>\n\t\t<meta name=\"twitter:image\" content=\"https:\/\/candas365.es\/noticias\/wp-content\/uploads\/2024\/03\/Annalena-Baerbock.jpg\" \/>\n\t\t<meta name=\"twitter:label1\" content=\"Escrito por\" \/>\n\t\t<meta name=\"twitter:data1\" content=\"Cand\u00e1s 365\" \/>\n\t\t<meta name=\"twitter:label2\" content=\"Tiempo de lectura estimado\" \/>\n\t\t<meta name=\"twitter:data2\" content=\"2 minutos\" \/>\n\t\t<script type=\"application\/ld+json\" class=\"aioseo-schema\">\n\t\t\t{\"@context\":\"https:\\\/\\\/schema.org\",\"@graph\":[{\"@type\":\"BreadcrumbList\",\"@id\":\"https:\\\/\\\/candas365.es\\\/noticias\\\/baerbock-israel-deberia-ceder-el-control-de-la-franja-de-gaza\\\/#breadcrumblist\",\"itemListElement\":[{\"@type\":\"ListItem\",\"@id\":\"https:\\\/\\\/candas365.es\\\/noticias#listItem\",\"position\":1,\"name\":\"Home\",\"item\":\"https:\\\/\\\/candas365.es\\\/noticias\",\"nextItem\":{\"@type\":\"ListItem\",\"@id\":\"https:\\\/\\\/candas365.es\\\/noticias\\\/category\\\/internacional\\\/#listItem\",\"name\":\"Internacional\"}},{\"@type\":\"ListItem\",\"@id\":\"https:\\\/\\\/candas365.es\\\/noticias\\\/category\\\/internacional\\\/#listItem\",\"position\":2,\"name\":\"Internacional\",\"item\":\"https:\\\/\\\/candas365.es\\\/noticias\\\/category\\\/internacional\\\/\",\"nextItem\":{\"@type\":\"ListItem\",\"@id\":\"https:\\\/\\\/candas365.es\\\/noticias\\\/baerbock-israel-deberia-ceder-el-control-de-la-franja-de-gaza\\\/#listItem\",\"name\":\"Baerbock: \\u00abIsrael deber\\u00eda ceder el control de la Franja de Gaza\\u00bb\"},\"previousItem\":{\"@type\":\"ListItem\",\"@id\":\"https:\\\/\\\/candas365.es\\\/noticias#listItem\",\"name\":\"Home\"}},{\"@type\":\"ListItem\",\"@id\":\"https:\\\/\\\/candas365.es\\\/noticias\\\/baerbock-israel-deberia-ceder-el-control-de-la-franja-de-gaza\\\/#listItem\",\"position\":3,\"name\":\"Baerbock: \\u00abIsrael deber\\u00eda ceder el control de la Franja de Gaza\\u00bb\",\"previousItem\":{\"@type\":\"ListItem\",\"@id\":\"https:\\\/\\\/candas365.es\\\/noticias\\\/category\\\/internacional\\\/#listItem\",\"name\":\"Internacional\"}}]},{\"@type\":\"NewsArticle\",\"@id\":\"https:\\\/\\\/candas365.es\\\/noticias\\\/baerbock-israel-deberia-ceder-el-control-de-la-franja-de-gaza\\\/#newsarticle\",\"name\":\"Baerbock: \\u00abIsrael deber\\u00eda ceder el control de la Franja de Gaza\\u00bb | Cand\\u00e1s 365\",\"headline\":\"Baerbock: \\u00abIsrael deber\\u00eda ceder el control de la Franja de Gaza\\u00bb\",\"author\":{\"@id\":\"https:\\\/\\\/candas365.es\\\/noticias\\\/author\\\/admin\\\/#author\"},\"publisher\":{\"@id\":\"https:\\\/\\\/candas365.es\\\/noticias\\\/#organization\"},\"image\":{\"@type\":\"ImageObject\",\"url\":\"https:\\\/\\\/candas365.es\\\/noticias\\\/wp-content\\\/uploads\\\/2024\\\/03\\\/Annalena-Baerbock.jpg\",\"width\":1000,\"height\":653,\"caption\":\"Annalena Baerbock, ministra alemana de Relaciones Exteriores, durante una rueda de prensa celebrada en Ramala. Foto: Christoph Soeder\\\/dpa\"},\"datePublished\":\"2024-03-29T22:55:02+01:00\",\"dateModified\":\"2024-03-29T22:55:02+01:00\",\"inLanguage\":\"es-ES\",\"mainEntityOfPage\":{\"@id\":\"https:\\\/\\\/candas365.es\\\/noticias\\\/baerbock-israel-deberia-ceder-el-control-de-la-franja-de-gaza\\\/#webpage\"},\"isPartOf\":{\"@id\":\"https:\\\/\\\/candas365.es\\\/noticias\\\/baerbock-israel-deberia-ceder-el-control-de-la-franja-de-gaza\\\/#webpage\"},\"articleSection\":\"Internacional, conflictos, Internacional\",\"dateline\":\"Publicado el marzo 29, 2024.\"},{\"@type\":\"Organization\",\"@id\":\"https:\\\/\\\/candas365.es\\\/noticias\\\/#organization\",\"name\":\"Cand\\u00e1s 365\",\"description\":\"Cand\\u00e1s 365 es un diario digital independiente, fundado en 2012, con base en Asturias. Informamos con rigor sobre actualidad, sociedad, cultura y ocio, con una mirada local y global.\",\"url\":\"https:\\\/\\\/candas365.es\\\/noticias\\\/\",\"email\":\"info@candas365.es\",\"telephone\":\"+34652131393\",\"foundingDate\":\"2012-06-10\",\"logo\":{\"@type\":\"ImageObject\",\"url\":\"https:\\\/\\\/candas365.es\\\/noticias\\\/wp-content\\\/uploads\\\/2024\\\/09\\\/Candas-365-Redes.jpg\",\"@id\":\"https:\\\/\\\/candas365.es\\\/noticias\\\/baerbock-israel-deberia-ceder-el-control-de-la-franja-de-gaza\\\/#organizationLogo\",\"width\":1152,\"height\":864,\"caption\":\"Cand\\u00e1s 365 Redes\"},\"image\":{\"@id\":\"https:\\\/\\\/candas365.es\\\/noticias\\\/baerbock-israel-deberia-ceder-el-control-de-la-franja-de-gaza\\\/#organizationLogo\"},\"sameAs\":[\"https:\\\/\\\/www.facebook.com\\\/Nachofdezber\",\"https:\\\/\\\/x.com\\\/NabercoDigital\",\"https:\\\/\\\/www.instagram.com\\\/nachofdezber\\\/\",\"https:\\\/\\\/www.youtube.com\\\/channel\\\/UCZP-2wLEB9Rv6erhFmqVnvg\"],\"address\":{\"@id\":\"https:\\\/\\\/candas365.es\\\/noticias\\\/#postaladdress\",\"@type\":\"PostalAddress\",\"streetAddress\":\"san antonio 4, san antonio 4\",\"postalCode\":\"33430\",\"addressLocality\":\"Cand\\u00e1s\",\"addressRegion\":\"Asturias\",\"addressCountry\":\"ES\"}},{\"@type\":\"Person\",\"@id\":\"https:\\\/\\\/candas365.es\\\/noticias\\\/author\\\/admin\\\/#author\",\"url\":\"https:\\\/\\\/candas365.es\\\/noticias\\\/author\\\/admin\\\/\",\"name\":\"Cand\\u00e1s 365\",\"image\":{\"@type\":\"ImageObject\",\"@id\":\"https:\\\/\\\/candas365.es\\\/noticias\\\/baerbock-israel-deberia-ceder-el-control-de-la-franja-de-gaza\\\/#authorImage\",\"url\":\"https:\\\/\\\/secure.gravatar.com\\\/avatar\\\/496a8e03d0c493ede1718b7934145dbdf8d89be1036b0eec9544e1094c9de390?s=96&d=mm&r=g\",\"width\":96,\"height\":96,\"caption\":\"Cand\\u00e1s 365\"},\"sameAs\":[\"https:\\\/\\\/www.facebook.com\\\/carrenoactualidad\",\"https:\\\/\\\/twitter.com\\\/nbasturias\",\"https:\\\/\\\/www.instagram.com\\\/nachofdezber\\\/\",\"https:\\\/\\\/www.youtube.com\\\/channel\\\/UCZP-2wLEB9Rv6erhFmqVnvg\"]},{\"@type\":\"WebPage\",\"@id\":\"https:\\\/\\\/candas365.es\\\/noticias\\\/baerbock-israel-deberia-ceder-el-control-de-la-franja-de-gaza\\\/#webpage\",\"url\":\"https:\\\/\\\/candas365.es\\\/noticias\\\/baerbock-israel-deberia-ceder-el-control-de-la-franja-de-gaza\\\/\",\"name\":\"Baerbock: \\u00abIsrael deber\\u00eda ceder el control de la Franja de Gaza\\u00bb | Cand\\u00e1s 365\",\"description\":\"Berl\\u00edn, 29 mar (dpa) - La ministra alemana de Relaciones Exteriores, Annalena Baerbock, indic\\u00f3 hoy que Israel deber\\u00eda ceder el control de la Franja de Gaza una\",\"inLanguage\":\"es-ES\",\"isPartOf\":{\"@id\":\"https:\\\/\\\/candas365.es\\\/noticias\\\/#website\"},\"breadcrumb\":{\"@id\":\"https:\\\/\\\/candas365.es\\\/noticias\\\/baerbock-israel-deberia-ceder-el-control-de-la-franja-de-gaza\\\/#breadcrumblist\"},\"author\":{\"@id\":\"https:\\\/\\\/candas365.es\\\/noticias\\\/author\\\/admin\\\/#author\"},\"creator\":{\"@id\":\"https:\\\/\\\/candas365.es\\\/noticias\\\/author\\\/admin\\\/#author\"},\"image\":{\"@type\":\"ImageObject\",\"url\":\"https:\\\/\\\/candas365.es\\\/noticias\\\/wp-content\\\/uploads\\\/2024\\\/03\\\/Annalena-Baerbock.jpg\",\"@id\":\"https:\\\/\\\/candas365.es\\\/noticias\\\/baerbock-israel-deberia-ceder-el-control-de-la-franja-de-gaza\\\/#mainImage\",\"width\":1000,\"height\":653,\"caption\":\"Annalena Baerbock, ministra alemana de Relaciones Exteriores, durante una rueda de prensa celebrada en Ramala. Foto: Christoph Soeder\\\/dpa\"},\"primaryImageOfPage\":{\"@id\":\"https:\\\/\\\/candas365.es\\\/noticias\\\/baerbock-israel-deberia-ceder-el-control-de-la-franja-de-gaza\\\/#mainImage\"},\"datePublished\":\"2024-03-29T22:55:02+01:00\",\"dateModified\":\"2024-03-29T22:55:02+01:00\"},{\"@type\":\"WebSite\",\"@id\":\"https:\\\/\\\/candas365.es\\\/noticias\\\/#website\",\"url\":\"https:\\\/\\\/candas365.es\\\/noticias\\\/\",\"name\":\"Cand\\u00e1s 365\",\"alternateName\":\"Cand\\u00e1s 365 Noticias\",\"description\":\"Actualidad desde Carre\\u00f1o para el mundo\",\"inLanguage\":\"es-ES\",\"publisher\":{\"@id\":\"https:\\\/\\\/candas365.es\\\/noticias\\\/#organization\"}}]}\n\t\t<\/script>\n\t\t<!-- All in One SEO Pro -->\r\n\t\t<title>Baerbock: \u00abIsrael deber\u00eda ceder el control de la Franja de Gaza\u00bb | Cand\u00e1s 365<\/title>\n\n","aioseo_head_json":{"title":"Baerbock: \u00abIsrael deber\u00eda ceder el control de la Franja de Gaza\u00bb | Cand\u00e1s 365","description":"Berl\u00edn, 29 mar (dpa) - La ministra alemana de Relaciones Exteriores, Annalena Baerbock, indic\u00f3 hoy que Israel deber\u00eda ceder el control de la Franja de Gaza una","canonical_url":"https:\/\/candas365.es\/noticias\/baerbock-israel-deberia-ceder-el-control-de-la-franja-de-gaza\/","robots":"max-image-preview:large","keywords":"internacional","webmasterTools":{"google-site-verification":"UA-32230408-1","msvalidate.01":"354F3CDFB2DA171B47FBE9ABF1F88D5","miscellaneous":""},"schema":{"@context":"https:\/\/schema.org","@graph":[{"@type":"BreadcrumbList","@id":"https:\/\/candas365.es\/noticias\/baerbock-israel-deberia-ceder-el-control-de-la-franja-de-gaza\/#breadcrumblist","itemListElement":[{"@type":"ListItem","@id":"https:\/\/candas365.es\/noticias#listItem","position":1,"name":"Home","item":"https:\/\/candas365.es\/noticias","nextItem":{"@type":"ListItem","@id":"https:\/\/candas365.es\/noticias\/category\/internacional\/#listItem","name":"Internacional"}},{"@type":"ListItem","@id":"https:\/\/candas365.es\/noticias\/category\/internacional\/#listItem","position":2,"name":"Internacional","item":"https:\/\/candas365.es\/noticias\/category\/internacional\/","nextItem":{"@type":"ListItem","@id":"https:\/\/candas365.es\/noticias\/baerbock-israel-deberia-ceder-el-control-de-la-franja-de-gaza\/#listItem","name":"Baerbock: \u00abIsrael deber\u00eda ceder el control de la Franja de Gaza\u00bb"},"previousItem":{"@type":"ListItem","@id":"https:\/\/candas365.es\/noticias#listItem","name":"Home"}},{"@type":"ListItem","@id":"https:\/\/candas365.es\/noticias\/baerbock-israel-deberia-ceder-el-control-de-la-franja-de-gaza\/#listItem","position":3,"name":"Baerbock: \u00abIsrael deber\u00eda ceder el control de la Franja de Gaza\u00bb","previousItem":{"@type":"ListItem","@id":"https:\/\/candas365.es\/noticias\/category\/internacional\/#listItem","name":"Internacional"}}]},{"@type":"NewsArticle","@id":"https:\/\/candas365.es\/noticias\/baerbock-israel-deberia-ceder-el-control-de-la-franja-de-gaza\/#newsarticle","name":"Baerbock: \u00abIsrael deber\u00eda ceder el control de la Franja de Gaza\u00bb | Cand\u00e1s 365","headline":"Baerbock: \u00abIsrael deber\u00eda ceder el control de la Franja de Gaza\u00bb","author":{"@id":"https:\/\/candas365.es\/noticias\/author\/admin\/#author"},"publisher":{"@id":"https:\/\/candas365.es\/noticias\/#organization"},"image":{"@type":"ImageObject","url":"https:\/\/candas365.es\/noticias\/wp-content\/uploads\/2024\/03\/Annalena-Baerbock.jpg","width":1000,"height":653,"caption":"Annalena Baerbock, ministra alemana de Relaciones Exteriores, durante una rueda de prensa celebrada en Ramala. Foto: Christoph Soeder\/dpa"},"datePublished":"2024-03-29T22:55:02+01:00","dateModified":"2024-03-29T22:55:02+01:00","inLanguage":"es-ES","mainEntityOfPage":{"@id":"https:\/\/candas365.es\/noticias\/baerbock-israel-deberia-ceder-el-control-de-la-franja-de-gaza\/#webpage"},"isPartOf":{"@id":"https:\/\/candas365.es\/noticias\/baerbock-israel-deberia-ceder-el-control-de-la-franja-de-gaza\/#webpage"},"articleSection":"Internacional, conflictos, Internacional","dateline":"Publicado el marzo 29, 2024."},{"@type":"Organization","@id":"https:\/\/candas365.es\/noticias\/#organization","name":"Cand\u00e1s 365","description":"Cand\u00e1s 365 es un diario digital independiente, fundado en 2012, con base en Asturias. Informamos con rigor sobre actualidad, sociedad, cultura y ocio, con una mirada local y global.","url":"https:\/\/candas365.es\/noticias\/","email":"info@candas365.es","telephone":"+34652131393","foundingDate":"2012-06-10","logo":{"@type":"ImageObject","url":"https:\/\/candas365.es\/noticias\/wp-content\/uploads\/2024\/09\/Candas-365-Redes.jpg","@id":"https:\/\/candas365.es\/noticias\/baerbock-israel-deberia-ceder-el-control-de-la-franja-de-gaza\/#organizationLogo","width":1152,"height":864,"caption":"Cand\u00e1s 365 Redes"},"image":{"@id":"https:\/\/candas365.es\/noticias\/baerbock-israel-deberia-ceder-el-control-de-la-franja-de-gaza\/#organizationLogo"},"sameAs":["https:\/\/www.facebook.com\/Nachofdezber","https:\/\/x.com\/NabercoDigital","https:\/\/www.instagram.com\/nachofdezber\/","https:\/\/www.youtube.com\/channel\/UCZP-2wLEB9Rv6erhFmqVnvg"],"address":{"@id":"https:\/\/candas365.es\/noticias\/#postaladdress","@type":"PostalAddress","streetAddress":"san antonio 4, san antonio 4","postalCode":"33430","addressLocality":"Cand\u00e1s","addressRegion":"Asturias","addressCountry":"ES"}},{"@type":"Person","@id":"https:\/\/candas365.es\/noticias\/author\/admin\/#author","url":"https:\/\/candas365.es\/noticias\/author\/admin\/","name":"Cand\u00e1s 365","image":{"@type":"ImageObject","@id":"https:\/\/candas365.es\/noticias\/baerbock-israel-deberia-ceder-el-control-de-la-franja-de-gaza\/#authorImage","url":"https:\/\/secure.gravatar.com\/avatar\/496a8e03d0c493ede1718b7934145dbdf8d89be1036b0eec9544e1094c9de390?s=96&d=mm&r=g","width":96,"height":96,"caption":"Cand\u00e1s 365"},"sameAs":["https:\/\/www.facebook.com\/carrenoactualidad","https:\/\/twitter.com\/nbasturias","https:\/\/www.instagram.com\/nachofdezber\/","https:\/\/www.youtube.com\/channel\/UCZP-2wLEB9Rv6erhFmqVnvg"]},{"@type":"WebPage","@id":"https:\/\/candas365.es\/noticias\/baerbock-israel-deberia-ceder-el-control-de-la-franja-de-gaza\/#webpage","url":"https:\/\/candas365.es\/noticias\/baerbock-israel-deberia-ceder-el-control-de-la-franja-de-gaza\/","name":"Baerbock: \u00abIsrael deber\u00eda ceder el control de la Franja de Gaza\u00bb | Cand\u00e1s 365","description":"Berl\u00edn, 29 mar (dpa) - La ministra alemana de Relaciones Exteriores, Annalena Baerbock, indic\u00f3 hoy que Israel deber\u00eda ceder el control de la Franja de Gaza una","inLanguage":"es-ES","isPartOf":{"@id":"https:\/\/candas365.es\/noticias\/#website"},"breadcrumb":{"@id":"https:\/\/candas365.es\/noticias\/baerbock-israel-deberia-ceder-el-control-de-la-franja-de-gaza\/#breadcrumblist"},"author":{"@id":"https:\/\/candas365.es\/noticias\/author\/admin\/#author"},"creator":{"@id":"https:\/\/candas365.es\/noticias\/author\/admin\/#author"},"image":{"@type":"ImageObject","url":"https:\/\/candas365.es\/noticias\/wp-content\/uploads\/2024\/03\/Annalena-Baerbock.jpg","@id":"https:\/\/candas365.es\/noticias\/baerbock-israel-deberia-ceder-el-control-de-la-franja-de-gaza\/#mainImage","width":1000,"height":653,"caption":"Annalena Baerbock, ministra alemana de Relaciones Exteriores, durante una rueda de prensa celebrada en Ramala. Foto: Christoph Soeder\/dpa"},"primaryImageOfPage":{"@id":"https:\/\/candas365.es\/noticias\/baerbock-israel-deberia-ceder-el-control-de-la-franja-de-gaza\/#mainImage"},"datePublished":"2024-03-29T22:55:02+01:00","dateModified":"2024-03-29T22:55:02+01:00"},{"@type":"WebSite","@id":"https:\/\/candas365.es\/noticias\/#website","url":"https:\/\/candas365.es\/noticias\/","name":"Cand\u00e1s 365","alternateName":"Cand\u00e1s 365 Noticias","description":"Actualidad desde Carre\u00f1o para el mundo","inLanguage":"es-ES","publisher":{"@id":"https:\/\/candas365.es\/noticias\/#organization"}}]},"og:locale":"es_ES","og:site_name":"Cand\u00e1s 365","og:type":"article","og:title":"Baerbock: \u00abIsrael deber\u00eda ceder el control de la Franja de Gaza\u00bb | Cand\u00e1s 365","og:description":"Berl\u00edn, 29 mar (dpa) - La ministra alemana de Relaciones Exteriores, Annalena Baerbock, indic\u00f3 hoy que Israel deber\u00eda ceder el control de la Franja de Gaza una","og:url":"https:\/\/candas365.es\/noticias\/baerbock-israel-deberia-ceder-el-control-de-la-franja-de-gaza\/","og:image":"https:\/\/candas365.es\/noticias\/wp-content\/uploads\/2024\/03\/Annalena-Baerbock.jpg","og:image:secure_url":"https:\/\/candas365.es\/noticias\/wp-content\/uploads\/2024\/03\/Annalena-Baerbock.jpg","og:image:width":1000,"og:image:height":653,"article:published_time":"2024-03-29T21:55:02+00:00","article:modified_time":"2024-03-29T21:55:02+00:00","article:publisher":"https:\/\/www.facebook.com\/Nachofdezber","article:author":"https:\/\/www.facebook.com\/carrenoactualidad","twitter:card":"summary_large_image","twitter:site":"@NabercoDigital","twitter:title":"Baerbock: \u00abIsrael deber\u00eda ceder el control de la Franja de Gaza\u00bb | Cand\u00e1s 365","twitter:description":"Berl\u00edn, 29 mar (dpa) - La ministra alemana de Relaciones Exteriores, Annalena Baerbock, indic\u00f3 hoy que Israel deber\u00eda ceder el control de la Franja de Gaza una","twitter:creator":"@nbasturias","twitter:image":"https:\/\/candas365.es\/noticias\/wp-content\/uploads\/2024\/03\/Annalena-Baerbock.jpg","twitter:label1":"Escrito por","twitter:data1":"Cand\u00e1s 365","twitter:label2":"Tiempo de lectura estimado","twitter:data2":"2 minutos"},"aioseo_meta_data":{"post_id":"179095","title":null,"description":"Berl\u00edn, 29 mar (dpa) - La ministra alemana de Relaciones Exteriores, Annalena Baerbock, indic\u00f3 hoy que Israel deber\u00eda ceder el control de la Franja de Gaza una","keywords":[],"keyphrases":{"focus":{"keyphrase":"Baerbock","score":93,"analysis":{"keyphraseInTitle":{"score":9,"maxScore":9,"error":0},"keyphraseInDescription":{"score":9,"maxScore":9,"error":0},"keyphraseLength":{"score":9,"maxScore":9,"error":0,"length":1},"keyphraseInURL":{"score":1,"maxScore":5,"error":1},"keyphraseInIntroduction":{"score":9,"maxScore":9,"error":0},"keyphraseInSubHeadings":[],"keyphraseInImageAlt":{"score":9,"maxScore":9,"error":0},"keywordDensity":{"type":"best","score":9,"maxScore":9,"error":0}}},"additional":[{"keyphrase":"Baerbock","score":100,"analysis":{"keyphraseInDescription":{"score":9,"maxScore":9,"error":0},"keyphraseLength":{"score":9,"maxScore":9,"error":0,"length":1},"keyphraseInIntroduction":{"score":9,"maxScore":9,"error":0},"keyphraseInImageAlt":{"score":9,"maxScore":9,"error":0},"keywordDensity":{"type":"best","score":9,"maxScore":9,"error":0}}}]},"primary_term":null,"canonical_url":null,"og_title":null,"og_description":null,"og_object_type":"default","og_image_type":"default","og_image_url":null,"og_image_width":null,"og_image_height":null,"og_image_custom_url":null,"og_image_custom_fields":null,"og_video":"","og_custom_url":null,"og_article_section":null,"og_article_tags":[],"twitter_use_og":false,"twitter_card":"default","twitter_image_type":"default","twitter_image_url":null,"twitter_image_custom_url":null,"twitter_image_custom_fields":null,"twitter_title":null,"twitter_description":null,"schema":{"blockGraphs":[],"customGraphs":[],"default":{"data":{"Article":[],"Course":[],"Dataset":[],"FAQPage":[],"Movie":[],"Person":[],"Product":[],"ProductReview":[],"Car":[],"Recipe":[],"Service":[],"SoftwareApplication":[],"WebPage":[]},"graphName":"Article","isEnabled":true},"graphs":[]},"schema_type":"default","schema_type_options":null,"pillar_content":false,"robots_default":true,"robots_noindex":false,"robots_noarchive":false,"robots_nosnippet":false,"robots_nofollow":false,"robots_noimageindex":false,"robots_noodp":false,"robots_notranslate":false,"robots_max_snippet":"-1","robots_max_videopreview":"-1","robots_max_imagepreview":"large","priority":null,"frequency":"default","location":null,"local_seo":null,"seo_analyzer_scan_date":"2025-09-02 05:52:13","breadcrumb_settings":null,"limit_modified_date":false,"reviewed_by":null,"open_ai":"{\"title\":{\"suggestions\":[],\"usage\":0},\"description\":{\"suggestions\":[],\"usage\":0}}","ai":null,"created":"2024-03-29 21:50:31","updated":"2025-09-02 05:52:13"},"aioseo_breadcrumb":"<div class=\"aioseo-breadcrumbs\"><span class=\"aioseo-breadcrumb\">\n\t<a href=\"https:\/\/candas365.es\/noticias\" title=\"Home\">Home<\/a>\n<\/span><span class=\"aioseo-breadcrumb-separator\">&ndash;<\/span><span class=\"aioseo-breadcrumb\">\n\t<a href=\"https:\/\/candas365.es\/noticias\/category\/internacional\/\" title=\"Internacional\">Internacional<\/a>\n<\/span><span class=\"aioseo-breadcrumb-separator\">&ndash;<\/span><span class=\"aioseo-breadcrumb\">\n\tBaerbock: \u00abIsrael deber\u00eda ceder el control de la Franja de Gaza\u00bb\n<\/span><\/div>","aioseo_breadcrumb_json":[{"label":"Home","link":"https:\/\/candas365.es\/noticias"},{"label":"Internacional","link":"https:\/\/candas365.es\/noticias\/category\/internacional\/"},{"label":"Baerbock: \u00abIsrael deber\u00eda ceder el control de la Franja de Gaza\u00bb","link":"https:\/\/candas365.es\/noticias\/baerbock-israel-deberia-ceder-el-control-de-la-franja-de-gaza\/"}],"_links":{"self":[{"href":"https:\/\/candas365.es\/noticias\/wp-json\/wp\/v2\/posts\/179095","targetHints":{"allow":["GET"]}}],"collection":[{"href":"https:\/\/candas365.es\/noticias\/wp-json\/wp\/v2\/posts"}],"about":[{"href":"https:\/\/candas365.es\/noticias\/wp-json\/wp\/v2\/types\/post"}],"author":[{"embeddable":true,"href":"https:\/\/candas365.es\/noticias\/wp-json\/wp\/v2\/users\/1"}],"replies":[{"embeddable":true,"href":"https:\/\/candas365.es\/noticias\/wp-json\/wp\/v2\/comments?post=179095"}],"version-history":[{"count":0,"href":"https:\/\/candas365.es\/noticias\/wp-json\/wp\/v2\/posts\/179095\/revisions"}],"wp:featuredmedia":[{"embeddable":true,"href":"https:\/\/candas365.es\/noticias\/wp-json\/wp\/v2\/media\/179096"}],"wp:attachment":[{"href":"https:\/\/candas365.es\/noticias\/wp-json\/wp\/v2\/media?parent=179095"}],"wp:term":[{"taxonomy":"category","embeddable":true,"href":"https:\/\/candas365.es\/noticias\/wp-json\/wp\/v2\/categories?post=179095"},{"taxonomy":"post_tag","embeddable":true,"href":"https:\/\/candas365.es\/noticias\/wp-json\/wp\/v2\/tags?post=179095"}],"curies":[{"name":"wp","href":"https:\/\/api.w.org\/{rel}","templated":true}]}}