{"id":179092,"date":"2024-03-29T22:49:21","date_gmt":"2024-03-29T21:49:21","guid":{"rendered":"https:\/\/candas365.es\/noticias\/?p=179092"},"modified":"2024-03-29T22:49:21","modified_gmt":"2024-03-29T21:49:21","slug":"schroder-occidente-debe-negociar-con-putin","status":"publish","type":"post","link":"https:\/\/candas365.es\/noticias\/schroder-occidente-debe-negociar-con-putin\/","title":{"rendered":"Schr\u00f6der: \u00abOccidente debe negociar con Putin\u00bb"},"content":{"rendered":"<p>Berl\u00edn, 28 mar (<a title=\"dpa\" href=\"https:\/\/www.dpa-news.de\/\" target=\"_blank\" rel=\"nofollow noopener\"><span style=\"color: #ff6600;\"><strong>dpa<\/strong><\/span><\/a>) &#8211; El excanciller alem\u00e1n Gerhard Schr\u00f6der cree que existe una posibilidad de que su amistad con el presidente ruso, Vlad\u00edmir Putin, pueda contribuir a poner fin a la <span style=\"color: #ff6600;\"><a style=\"color: #ff6600;\" href=\"https:\/\/candas365.es\/noticias\/tag\/conflictos\/\"><strong>guerra en Ucrania<\/strong><\/a><\/span>.<\/p>\n<figure id=\"attachment_179093\" aria-describedby=\"caption-attachment-179093\" style=\"width: 650px\" class=\"wp-caption aligncenter\"><img fetchpriority=\"high\" decoding=\"async\" class=\"size-large wp-image-179093\" src=\"https:\/\/candas365.es\/noticias\/wp-content\/uploads\/2024\/03\/Gerhard-Schroder-650x411.jpg\" alt=\"Gerhard Schr\u00f6der\" width=\"650\" height=\"411\" srcset=\"https:\/\/candas365.es\/noticias\/wp-content\/uploads\/2024\/03\/Gerhard-Schroder-650x411.jpg 650w, https:\/\/candas365.es\/noticias\/wp-content\/uploads\/2024\/03\/Gerhard-Schroder-360x228.jpg 360w, https:\/\/candas365.es\/noticias\/wp-content\/uploads\/2024\/03\/Gerhard-Schroder-768x486.jpg 768w, https:\/\/candas365.es\/noticias\/wp-content\/uploads\/2024\/03\/Gerhard-Schroder-150x95.jpg 150w, https:\/\/candas365.es\/noticias\/wp-content\/uploads\/2024\/03\/Gerhard-Schroder-450x285.jpg 450w, https:\/\/candas365.es\/noticias\/wp-content\/uploads\/2024\/03\/Gerhard-Schroder.jpg 1053w\" sizes=\"(max-width: 650px) 100vw, 650px\" \/><figcaption id=\"caption-attachment-179093\" class=\"wp-caption-text\">El excanciller socialdem\u00f3crata Gerhard Schr\u00f6der (1998-2005), fotografiado en su despacho con motivo de su 80 cumplea\u00f1os. Foto: Michael Kappeler\/dpa<\/figcaption><\/figure>\n<p>\u00abHemos trabajado juntos con sensatez durante muchos a\u00f1os. Tal vez eso todav\u00eda pueda ayudar a encontrar una soluci\u00f3n negociada, no veo otro camino\u00bb, afirm\u00f3 Schr\u00f6der en una <a href=\"https:\/\/www.eldigitaldeasturias.com\/noticias\/category\/entrevistas\/\" target=\"_blank\" rel=\"noopener\"><span style=\"color: #ff6600;\"><strong>entrevista<\/strong><\/span><\/a> con dpa.<\/p>\n<p>El Gobierno ruso acogi\u00f3 con satisfacci\u00f3n los comentarios de Schr\u00f6der. Seg\u00fan las agencias de noticias rusas, el portavoz del Kremlin, Dimitri Peskov, declar\u00f3 hoy que unas relaciones buenas y constructivas a nivel personal, como las que mantienen Putin y Schr\u00f6der, pueden ayudar a resolver problemas.<\/p>\n<p>El portavoz argument\u00f3 que Putin y Schr\u00f6der lo han demostrado en repetidas ocasiones cuando Schr\u00f6der ocupaba el cargo de canciller. \u00abEsto ayud\u00f3 a resolver las cuestiones m\u00e1s dif\u00edciles y a garantizar la evoluci\u00f3n gradual de los acontecimientos bilaterales\u00bb, afirm\u00f3 Peskov.<\/p>\n<p>El excanciller socialdem\u00f3crata es amigo de Putin desde su \u00e9poca al frente del Gobierno entre 1998 y 2005, y sigue trabajando para las empresas mayoritariamente rusas de los gasoductos Nord Stream del mar B\u00e1ltico. Aunque ha calificado de \u00aberror fatal\u00bb el ataque ruso a Ucrania, nunca ha querido renegar de Putin.<\/p>\n<p>La direcci\u00f3n de su partido, el SPD, lo ha marginado por este motivo, pero fracas\u00f3 en un procedimiento de expulsi\u00f3n iniciado contra \u00e9l.<\/p>\n<p>Al ser interrogado acerca de por qu\u00e9 mantiene su amistad con el presidente ruso a pesar de las decenas de miles de muertos y los cr\u00edmenes de guerra rusos en la guerra de Ucrania, Schr\u00f6der reconoce que este conflicto tiene \u00abuna dimensi\u00f3n diferente\u00bb.<\/p>\n<p>Sin embargo, en alg\u00fan momento pareci\u00f3 que esta relaci\u00f3n personal pod\u00eda ser \u00fatil para resolver un problema pol\u00edtico extremadamente dif\u00edcil. \u00abY por eso creo que ser\u00eda un completo error olvidar todas las cosas positivas que han ocurrido entre nosotros en pol\u00edtica en el pasado. Ese no es mi estilo y yo tampoco lo hago\u00bb, dijo.<\/p>\n<p>Schr\u00f6der alud\u00eda as\u00ed a su misi\u00f3n de mediaci\u00f3n en marzo de 2022, poco despu\u00e9s del ataque ruso a Ucrania, cuando, seg\u00fan dijo, se reuni\u00f3 por primera vez en Estambul con el entonces parlamentario ucraniano y actual ministro de Defensa, Rustem Umerov, y luego viaj\u00f3 a Mosc\u00fa para mantener conversaciones con Putin. Sin embargo, la iniciativa fracas\u00f3.<\/p>\n<p>Hoy, Schr\u00f6der es partidario de un nuevo intento de mediaci\u00f3n a nivel gubernamental. \u00abFrancia y Alemania tendr\u00edan que tomar la iniciativa. Es obvio que la guerra no puede terminar con la derrota total de uno u otro bando\u00bb.<\/p>\n<p>Schr\u00f6der calific\u00f3 asimismo de \u00abtonter\u00edas\u00bb las especulaciones de que Putin podr\u00eda iniciar una guerra nuclear o atacar a un pa\u00eds de la OTAN en el flanco oriental.<\/p>\n<p>Para cortar de ra\u00edz una escalada hacia tales escenarios y evitar que la poblaci\u00f3n se inquiete m\u00e1s, hay que pensar seriamente en una soluci\u00f3n al conflicto, adem\u00e1s del apoyo a Ucrania, subray\u00f3.<\/p>\n<p>El actual canciller alem\u00e1n, el tambi\u00e9n socialdem\u00f3crata Olaf Scholz, no habla por tel\u00e9fono con Putin desde diciembre de 2022.<\/p>\n<p>Sin embargo, en una entrevista publicada hoy por el diario \u00abM\u00e4rkische Allgemeine\u00bb, se\u00f1al\u00f3 que se mantienen los contactos sobre diversos temas. \u00abVarios pa\u00edses, incluida Ucrania, est\u00e1n debatiendo actualmente a nivel de asesores de seguridad qu\u00e9 forma podr\u00eda adoptar algo que condujera a un proceso de paz\u00bb, afirm\u00f3.<\/p>\n<p>\u00abPero perm\u00edtanme dejar una cosa muy clara: la paz es posible en cualquier momento. Putin solo tiene que detener su campa\u00f1a b\u00e1rbara y retirar las tropas\u00bb, a\u00f1adi\u00f3 Scholz.<\/p>\n","protected":false},"excerpt":{"rendered":"<p>Berl\u00edn, 28 mar (dpa) &#8211; El excanciller alem\u00e1n Gerhard Schr\u00f6der cree que existe una posibilidad de que su amistad con el presidente ruso, Vlad\u00edmir Putin, pueda contribuir a poner fin a la guerra en Ucrania. \u00abHemos trabajado juntos con sensatez durante muchos a\u00f1os. Tal vez eso todav\u00eda pueda ayudar a encontrar una soluci\u00f3n negociada, no<\/p>\n","protected":false},"author":1,"featured_media":179093,"comment_status":"closed","ping_status":"closed","sticky":false,"template":"","format":"standard","meta":{"footnotes":""},"categories":[316,485],"tags":[417,464,418],"class_list":{"0":"post-179092","1":"post","2":"type-post","3":"status-publish","4":"format-standard","5":"has-post-thumbnail","7":"category-destacadas","8":"category-internacional","9":"tag-alemania","10":"tag-conflictos","11":"tag-internacional"},"aioseo_notices":[],"aioseo_head":"\n\t\t<!-- All in One SEO Pro 4.9.6.2 - aioseo.com -->\n\t<meta name=\"description\" content=\"Berl\u00edn, 28 mar (dpa) - El excanciller alem\u00e1n Gerhard Schr\u00f6der cree que existe una posibilidad de que su amistad con el presidente ruso, Vlad\u00edmir Putin\" \/>\n\t<meta name=\"robots\" content=\"max-image-preview:large\" \/>\n\t<meta name=\"author\" content=\"Cand\u00e1s 365\"\/>\n\t<meta name=\"google-site-verification\" content=\"UA-32230408-1\" \/>\n\t<meta name=\"msvalidate.01\" content=\"354F3CDFB2DA171B47FBE9ABF1F88D5\" \/>\n\t<meta name=\"keywords\" content=\"destacadas,internacional\" \/>\n\t<link rel=\"canonical\" href=\"https:\/\/candas365.es\/noticias\/schroder-occidente-debe-negociar-con-putin\/\" \/>\n\t<meta name=\"generator\" content=\"All in One SEO Pro (AIOSEO) 4.9.6.2\" \/>\n\t\t<meta property=\"og:locale\" content=\"es_ES\" \/>\n\t\t<meta property=\"og:site_name\" content=\"Cand\u00e1s 365\" \/>\n\t\t<meta property=\"og:type\" content=\"article\" \/>\n\t\t<meta property=\"og:title\" content=\"Schr\u00f6der: \u00abOccidente debe negociar con Putin\u00bb | Cand\u00e1s 365\" \/>\n\t\t<meta property=\"og:description\" content=\"Berl\u00edn, 28 mar (dpa) - El excanciller alem\u00e1n Gerhard Schr\u00f6der cree que existe una posibilidad de que su amistad con el presidente ruso, Vlad\u00edmir Putin\" \/>\n\t\t<meta property=\"og:url\" content=\"https:\/\/candas365.es\/noticias\/schroder-occidente-debe-negociar-con-putin\/\" \/>\n\t\t<meta property=\"og:image\" content=\"https:\/\/candas365.es\/noticias\/wp-content\/uploads\/2024\/03\/Gerhard-Schroder.jpg\" \/>\n\t\t<meta property=\"og:image:secure_url\" content=\"https:\/\/candas365.es\/noticias\/wp-content\/uploads\/2024\/03\/Gerhard-Schroder.jpg\" \/>\n\t\t<meta property=\"og:image:width\" content=\"1053\" \/>\n\t\t<meta property=\"og:image:height\" content=\"666\" \/>\n\t\t<meta property=\"article:published_time\" content=\"2024-03-29T21:49:21+00:00\" \/>\n\t\t<meta property=\"article:modified_time\" content=\"2024-03-29T21:49:21+00:00\" \/>\n\t\t<meta property=\"article:publisher\" content=\"https:\/\/www.facebook.com\/Nachofdezber\" \/>\n\t\t<meta property=\"article:author\" content=\"https:\/\/www.facebook.com\/carrenoactualidad\" \/>\n\t\t<meta name=\"twitter:card\" content=\"summary_large_image\" \/>\n\t\t<meta name=\"twitter:site\" content=\"@NabercoDigital\" \/>\n\t\t<meta name=\"twitter:title\" content=\"Schr\u00f6der: \u00abOccidente debe negociar con Putin\u00bb | Cand\u00e1s 365\" \/>\n\t\t<meta name=\"twitter:description\" content=\"Berl\u00edn, 28 mar (dpa) - El excanciller alem\u00e1n Gerhard Schr\u00f6der cree que existe una posibilidad de que su amistad con el presidente ruso, Vlad\u00edmir Putin\" \/>\n\t\t<meta name=\"twitter:creator\" content=\"@nbasturias\" \/>\n\t\t<meta name=\"twitter:image\" content=\"https:\/\/candas365.es\/noticias\/wp-content\/uploads\/2024\/03\/Gerhard-Schroder.jpg\" \/>\n\t\t<meta name=\"twitter:label1\" content=\"Escrito por\" \/>\n\t\t<meta name=\"twitter:data1\" content=\"Cand\u00e1s 365\" \/>\n\t\t<meta name=\"twitter:label2\" content=\"Tiempo de lectura estimado\" \/>\n\t\t<meta name=\"twitter:data2\" content=\"3 minutos\" \/>\n\t\t<script type=\"application\/ld+json\" class=\"aioseo-schema\">\n\t\t\t{\"@context\":\"https:\\\/\\\/schema.org\",\"@graph\":[{\"@type\":\"BreadcrumbList\",\"@id\":\"https:\\\/\\\/candas365.es\\\/noticias\\\/schroder-occidente-debe-negociar-con-putin\\\/#breadcrumblist\",\"itemListElement\":[{\"@type\":\"ListItem\",\"@id\":\"https:\\\/\\\/candas365.es\\\/noticias#listItem\",\"position\":1,\"name\":\"Home\",\"item\":\"https:\\\/\\\/candas365.es\\\/noticias\",\"nextItem\":{\"@type\":\"ListItem\",\"@id\":\"https:\\\/\\\/candas365.es\\\/noticias\\\/category\\\/destacadas\\\/#listItem\",\"name\":\"Destacadas\"}},{\"@type\":\"ListItem\",\"@id\":\"https:\\\/\\\/candas365.es\\\/noticias\\\/category\\\/destacadas\\\/#listItem\",\"position\":2,\"name\":\"Destacadas\",\"item\":\"https:\\\/\\\/candas365.es\\\/noticias\\\/category\\\/destacadas\\\/\",\"nextItem\":{\"@type\":\"ListItem\",\"@id\":\"https:\\\/\\\/candas365.es\\\/noticias\\\/schroder-occidente-debe-negociar-con-putin\\\/#listItem\",\"name\":\"Schr\\u00f6der: \\u00abOccidente debe negociar con Putin\\u00bb\"},\"previousItem\":{\"@type\":\"ListItem\",\"@id\":\"https:\\\/\\\/candas365.es\\\/noticias#listItem\",\"name\":\"Home\"}},{\"@type\":\"ListItem\",\"@id\":\"https:\\\/\\\/candas365.es\\\/noticias\\\/schroder-occidente-debe-negociar-con-putin\\\/#listItem\",\"position\":3,\"name\":\"Schr\\u00f6der: \\u00abOccidente debe negociar con Putin\\u00bb\",\"previousItem\":{\"@type\":\"ListItem\",\"@id\":\"https:\\\/\\\/candas365.es\\\/noticias\\\/category\\\/destacadas\\\/#listItem\",\"name\":\"Destacadas\"}}]},{\"@type\":\"NewsArticle\",\"@id\":\"https:\\\/\\\/candas365.es\\\/noticias\\\/schroder-occidente-debe-negociar-con-putin\\\/#newsarticle\",\"name\":\"Schr\\u00f6der: \\u00abOccidente debe negociar con Putin\\u00bb | Cand\\u00e1s 365\",\"headline\":\"Schr\\u00f6der: \\u00abOccidente debe negociar con Putin\\u00bb\",\"author\":{\"@id\":\"https:\\\/\\\/candas365.es\\\/noticias\\\/author\\\/admin\\\/#author\"},\"publisher\":{\"@id\":\"https:\\\/\\\/candas365.es\\\/noticias\\\/#organization\"},\"image\":{\"@type\":\"ImageObject\",\"url\":\"https:\\\/\\\/candas365.es\\\/noticias\\\/wp-content\\\/uploads\\\/2024\\\/03\\\/Gerhard-Schroder.jpg\",\"width\":1053,\"height\":666,\"caption\":\"El excanciller socialdem\\u00f3crata Gerhard Schr\\u00f6der (1998-2005), fotografiado en su despacho con motivo de su 80 cumplea\\u00f1os. Foto: Michael Kappeler\\\/dpa\"},\"datePublished\":\"2024-03-29T22:49:21+01:00\",\"dateModified\":\"2024-03-29T22:49:21+01:00\",\"inLanguage\":\"es-ES\",\"mainEntityOfPage\":{\"@id\":\"https:\\\/\\\/candas365.es\\\/noticias\\\/schroder-occidente-debe-negociar-con-putin\\\/#webpage\"},\"isPartOf\":{\"@id\":\"https:\\\/\\\/candas365.es\\\/noticias\\\/schroder-occidente-debe-negociar-con-putin\\\/#webpage\"},\"articleSection\":\"Destacadas, Internacional, Alemania, conflictos, Internacional\",\"dateline\":\"Publicado el marzo 29, 2024.\"},{\"@type\":\"Organization\",\"@id\":\"https:\\\/\\\/candas365.es\\\/noticias\\\/#organization\",\"name\":\"Cand\\u00e1s 365\",\"description\":\"Cand\\u00e1s 365 es un diario digital independiente, fundado en 2012, con base en Asturias. Informamos con rigor sobre actualidad, sociedad, cultura y ocio, con una mirada local y global.\",\"url\":\"https:\\\/\\\/candas365.es\\\/noticias\\\/\",\"email\":\"info@candas365.es\",\"telephone\":\"+34652131393\",\"foundingDate\":\"2012-06-10\",\"logo\":{\"@type\":\"ImageObject\",\"url\":\"https:\\\/\\\/candas365.es\\\/noticias\\\/wp-content\\\/uploads\\\/2024\\\/09\\\/Candas-365-Redes.jpg\",\"@id\":\"https:\\\/\\\/candas365.es\\\/noticias\\\/schroder-occidente-debe-negociar-con-putin\\\/#organizationLogo\",\"width\":1152,\"height\":864,\"caption\":\"Cand\\u00e1s 365 Redes\"},\"image\":{\"@id\":\"https:\\\/\\\/candas365.es\\\/noticias\\\/schroder-occidente-debe-negociar-con-putin\\\/#organizationLogo\"},\"sameAs\":[\"https:\\\/\\\/www.facebook.com\\\/Nachofdezber\",\"https:\\\/\\\/x.com\\\/NabercoDigital\",\"https:\\\/\\\/www.instagram.com\\\/nachofdezber\\\/\",\"https:\\\/\\\/www.youtube.com\\\/channel\\\/UCZP-2wLEB9Rv6erhFmqVnvg\"],\"address\":{\"@id\":\"https:\\\/\\\/candas365.es\\\/noticias\\\/#postaladdress\",\"@type\":\"PostalAddress\",\"streetAddress\":\"san antonio 4, san antonio 4\",\"postalCode\":\"33430\",\"addressLocality\":\"Cand\\u00e1s\",\"addressRegion\":\"Asturias\",\"addressCountry\":\"ES\"}},{\"@type\":\"Person\",\"@id\":\"https:\\\/\\\/candas365.es\\\/noticias\\\/author\\\/admin\\\/#author\",\"url\":\"https:\\\/\\\/candas365.es\\\/noticias\\\/author\\\/admin\\\/\",\"name\":\"Cand\\u00e1s 365\",\"image\":{\"@type\":\"ImageObject\",\"@id\":\"https:\\\/\\\/candas365.es\\\/noticias\\\/schroder-occidente-debe-negociar-con-putin\\\/#authorImage\",\"url\":\"https:\\\/\\\/secure.gravatar.com\\\/avatar\\\/496a8e03d0c493ede1718b7934145dbdf8d89be1036b0eec9544e1094c9de390?s=96&d=mm&r=g\",\"width\":96,\"height\":96,\"caption\":\"Cand\\u00e1s 365\"},\"sameAs\":[\"https:\\\/\\\/www.facebook.com\\\/carrenoactualidad\",\"https:\\\/\\\/twitter.com\\\/nbasturias\",\"https:\\\/\\\/www.instagram.com\\\/nachofdezber\\\/\",\"https:\\\/\\\/www.youtube.com\\\/channel\\\/UCZP-2wLEB9Rv6erhFmqVnvg\"]},{\"@type\":\"WebPage\",\"@id\":\"https:\\\/\\\/candas365.es\\\/noticias\\\/schroder-occidente-debe-negociar-con-putin\\\/#webpage\",\"url\":\"https:\\\/\\\/candas365.es\\\/noticias\\\/schroder-occidente-debe-negociar-con-putin\\\/\",\"name\":\"Schr\\u00f6der: \\u00abOccidente debe negociar con Putin\\u00bb | Cand\\u00e1s 365\",\"description\":\"Berl\\u00edn, 28 mar (dpa) - El excanciller alem\\u00e1n Gerhard Schr\\u00f6der cree que existe una posibilidad de que su amistad con el presidente ruso, Vlad\\u00edmir Putin\",\"inLanguage\":\"es-ES\",\"isPartOf\":{\"@id\":\"https:\\\/\\\/candas365.es\\\/noticias\\\/#website\"},\"breadcrumb\":{\"@id\":\"https:\\\/\\\/candas365.es\\\/noticias\\\/schroder-occidente-debe-negociar-con-putin\\\/#breadcrumblist\"},\"author\":{\"@id\":\"https:\\\/\\\/candas365.es\\\/noticias\\\/author\\\/admin\\\/#author\"},\"creator\":{\"@id\":\"https:\\\/\\\/candas365.es\\\/noticias\\\/author\\\/admin\\\/#author\"},\"image\":{\"@type\":\"ImageObject\",\"url\":\"https:\\\/\\\/candas365.es\\\/noticias\\\/wp-content\\\/uploads\\\/2024\\\/03\\\/Gerhard-Schroder.jpg\",\"@id\":\"https:\\\/\\\/candas365.es\\\/noticias\\\/schroder-occidente-debe-negociar-con-putin\\\/#mainImage\",\"width\":1053,\"height\":666,\"caption\":\"El excanciller socialdem\\u00f3crata Gerhard Schr\\u00f6der (1998-2005), fotografiado en su despacho con motivo de su 80 cumplea\\u00f1os. Foto: Michael Kappeler\\\/dpa\"},\"primaryImageOfPage\":{\"@id\":\"https:\\\/\\\/candas365.es\\\/noticias\\\/schroder-occidente-debe-negociar-con-putin\\\/#mainImage\"},\"datePublished\":\"2024-03-29T22:49:21+01:00\",\"dateModified\":\"2024-03-29T22:49:21+01:00\"},{\"@type\":\"WebSite\",\"@id\":\"https:\\\/\\\/candas365.es\\\/noticias\\\/#website\",\"url\":\"https:\\\/\\\/candas365.es\\\/noticias\\\/\",\"name\":\"Cand\\u00e1s 365\",\"alternateName\":\"Cand\\u00e1s 365 Noticias\",\"description\":\"Actualidad desde Carre\\u00f1o para el mundo\",\"inLanguage\":\"es-ES\",\"publisher\":{\"@id\":\"https:\\\/\\\/candas365.es\\\/noticias\\\/#organization\"}}]}\n\t\t<\/script>\n\t\t<!-- All in One SEO Pro -->\r\n\t\t<title>Schr\u00f6der: \u00abOccidente debe negociar con Putin\u00bb | Cand\u00e1s 365<\/title>\n\n","aioseo_head_json":{"title":"Schr\u00f6der: \u00abOccidente debe negociar con Putin\u00bb | Cand\u00e1s 365","description":"Berl\u00edn, 28 mar (dpa) - El excanciller alem\u00e1n Gerhard Schr\u00f6der cree que existe una posibilidad de que su amistad con el presidente ruso, Vlad\u00edmir Putin","canonical_url":"https:\/\/candas365.es\/noticias\/schroder-occidente-debe-negociar-con-putin\/","robots":"max-image-preview:large","keywords":"destacadas,internacional","webmasterTools":{"google-site-verification":"UA-32230408-1","msvalidate.01":"354F3CDFB2DA171B47FBE9ABF1F88D5","miscellaneous":""},"schema":{"@context":"https:\/\/schema.org","@graph":[{"@type":"BreadcrumbList","@id":"https:\/\/candas365.es\/noticias\/schroder-occidente-debe-negociar-con-putin\/#breadcrumblist","itemListElement":[{"@type":"ListItem","@id":"https:\/\/candas365.es\/noticias#listItem","position":1,"name":"Home","item":"https:\/\/candas365.es\/noticias","nextItem":{"@type":"ListItem","@id":"https:\/\/candas365.es\/noticias\/category\/destacadas\/#listItem","name":"Destacadas"}},{"@type":"ListItem","@id":"https:\/\/candas365.es\/noticias\/category\/destacadas\/#listItem","position":2,"name":"Destacadas","item":"https:\/\/candas365.es\/noticias\/category\/destacadas\/","nextItem":{"@type":"ListItem","@id":"https:\/\/candas365.es\/noticias\/schroder-occidente-debe-negociar-con-putin\/#listItem","name":"Schr\u00f6der: \u00abOccidente debe negociar con Putin\u00bb"},"previousItem":{"@type":"ListItem","@id":"https:\/\/candas365.es\/noticias#listItem","name":"Home"}},{"@type":"ListItem","@id":"https:\/\/candas365.es\/noticias\/schroder-occidente-debe-negociar-con-putin\/#listItem","position":3,"name":"Schr\u00f6der: \u00abOccidente debe negociar con Putin\u00bb","previousItem":{"@type":"ListItem","@id":"https:\/\/candas365.es\/noticias\/category\/destacadas\/#listItem","name":"Destacadas"}}]},{"@type":"NewsArticle","@id":"https:\/\/candas365.es\/noticias\/schroder-occidente-debe-negociar-con-putin\/#newsarticle","name":"Schr\u00f6der: \u00abOccidente debe negociar con Putin\u00bb | Cand\u00e1s 365","headline":"Schr\u00f6der: \u00abOccidente debe negociar con Putin\u00bb","author":{"@id":"https:\/\/candas365.es\/noticias\/author\/admin\/#author"},"publisher":{"@id":"https:\/\/candas365.es\/noticias\/#organization"},"image":{"@type":"ImageObject","url":"https:\/\/candas365.es\/noticias\/wp-content\/uploads\/2024\/03\/Gerhard-Schroder.jpg","width":1053,"height":666,"caption":"El excanciller socialdem\u00f3crata Gerhard Schr\u00f6der (1998-2005), fotografiado en su despacho con motivo de su 80 cumplea\u00f1os. Foto: Michael Kappeler\/dpa"},"datePublished":"2024-03-29T22:49:21+01:00","dateModified":"2024-03-29T22:49:21+01:00","inLanguage":"es-ES","mainEntityOfPage":{"@id":"https:\/\/candas365.es\/noticias\/schroder-occidente-debe-negociar-con-putin\/#webpage"},"isPartOf":{"@id":"https:\/\/candas365.es\/noticias\/schroder-occidente-debe-negociar-con-putin\/#webpage"},"articleSection":"Destacadas, Internacional, Alemania, conflictos, Internacional","dateline":"Publicado el marzo 29, 2024."},{"@type":"Organization","@id":"https:\/\/candas365.es\/noticias\/#organization","name":"Cand\u00e1s 365","description":"Cand\u00e1s 365 es un diario digital independiente, fundado en 2012, con base en Asturias. Informamos con rigor sobre actualidad, sociedad, cultura y ocio, con una mirada local y global.","url":"https:\/\/candas365.es\/noticias\/","email":"info@candas365.es","telephone":"+34652131393","foundingDate":"2012-06-10","logo":{"@type":"ImageObject","url":"https:\/\/candas365.es\/noticias\/wp-content\/uploads\/2024\/09\/Candas-365-Redes.jpg","@id":"https:\/\/candas365.es\/noticias\/schroder-occidente-debe-negociar-con-putin\/#organizationLogo","width":1152,"height":864,"caption":"Cand\u00e1s 365 Redes"},"image":{"@id":"https:\/\/candas365.es\/noticias\/schroder-occidente-debe-negociar-con-putin\/#organizationLogo"},"sameAs":["https:\/\/www.facebook.com\/Nachofdezber","https:\/\/x.com\/NabercoDigital","https:\/\/www.instagram.com\/nachofdezber\/","https:\/\/www.youtube.com\/channel\/UCZP-2wLEB9Rv6erhFmqVnvg"],"address":{"@id":"https:\/\/candas365.es\/noticias\/#postaladdress","@type":"PostalAddress","streetAddress":"san antonio 4, san antonio 4","postalCode":"33430","addressLocality":"Cand\u00e1s","addressRegion":"Asturias","addressCountry":"ES"}},{"@type":"Person","@id":"https:\/\/candas365.es\/noticias\/author\/admin\/#author","url":"https:\/\/candas365.es\/noticias\/author\/admin\/","name":"Cand\u00e1s 365","image":{"@type":"ImageObject","@id":"https:\/\/candas365.es\/noticias\/schroder-occidente-debe-negociar-con-putin\/#authorImage","url":"https:\/\/secure.gravatar.com\/avatar\/496a8e03d0c493ede1718b7934145dbdf8d89be1036b0eec9544e1094c9de390?s=96&d=mm&r=g","width":96,"height":96,"caption":"Cand\u00e1s 365"},"sameAs":["https:\/\/www.facebook.com\/carrenoactualidad","https:\/\/twitter.com\/nbasturias","https:\/\/www.instagram.com\/nachofdezber\/","https:\/\/www.youtube.com\/channel\/UCZP-2wLEB9Rv6erhFmqVnvg"]},{"@type":"WebPage","@id":"https:\/\/candas365.es\/noticias\/schroder-occidente-debe-negociar-con-putin\/#webpage","url":"https:\/\/candas365.es\/noticias\/schroder-occidente-debe-negociar-con-putin\/","name":"Schr\u00f6der: \u00abOccidente debe negociar con Putin\u00bb | Cand\u00e1s 365","description":"Berl\u00edn, 28 mar (dpa) - El excanciller alem\u00e1n Gerhard Schr\u00f6der cree que existe una posibilidad de que su amistad con el presidente ruso, Vlad\u00edmir Putin","inLanguage":"es-ES","isPartOf":{"@id":"https:\/\/candas365.es\/noticias\/#website"},"breadcrumb":{"@id":"https:\/\/candas365.es\/noticias\/schroder-occidente-debe-negociar-con-putin\/#breadcrumblist"},"author":{"@id":"https:\/\/candas365.es\/noticias\/author\/admin\/#author"},"creator":{"@id":"https:\/\/candas365.es\/noticias\/author\/admin\/#author"},"image":{"@type":"ImageObject","url":"https:\/\/candas365.es\/noticias\/wp-content\/uploads\/2024\/03\/Gerhard-Schroder.jpg","@id":"https:\/\/candas365.es\/noticias\/schroder-occidente-debe-negociar-con-putin\/#mainImage","width":1053,"height":666,"caption":"El excanciller socialdem\u00f3crata Gerhard Schr\u00f6der (1998-2005), fotografiado en su despacho con motivo de su 80 cumplea\u00f1os. Foto: Michael Kappeler\/dpa"},"primaryImageOfPage":{"@id":"https:\/\/candas365.es\/noticias\/schroder-occidente-debe-negociar-con-putin\/#mainImage"},"datePublished":"2024-03-29T22:49:21+01:00","dateModified":"2024-03-29T22:49:21+01:00"},{"@type":"WebSite","@id":"https:\/\/candas365.es\/noticias\/#website","url":"https:\/\/candas365.es\/noticias\/","name":"Cand\u00e1s 365","alternateName":"Cand\u00e1s 365 Noticias","description":"Actualidad desde Carre\u00f1o para el mundo","inLanguage":"es-ES","publisher":{"@id":"https:\/\/candas365.es\/noticias\/#organization"}}]},"og:locale":"es_ES","og:site_name":"Cand\u00e1s 365","og:type":"article","og:title":"Schr\u00f6der: \u00abOccidente debe negociar con Putin\u00bb | Cand\u00e1s 365","og:description":"Berl\u00edn, 28 mar (dpa) - El excanciller alem\u00e1n Gerhard Schr\u00f6der cree que existe una posibilidad de que su amistad con el presidente ruso, Vlad\u00edmir Putin","og:url":"https:\/\/candas365.es\/noticias\/schroder-occidente-debe-negociar-con-putin\/","og:image":"https:\/\/candas365.es\/noticias\/wp-content\/uploads\/2024\/03\/Gerhard-Schroder.jpg","og:image:secure_url":"https:\/\/candas365.es\/noticias\/wp-content\/uploads\/2024\/03\/Gerhard-Schroder.jpg","og:image:width":1053,"og:image:height":666,"article:published_time":"2024-03-29T21:49:21+00:00","article:modified_time":"2024-03-29T21:49:21+00:00","article:publisher":"https:\/\/www.facebook.com\/Nachofdezber","article:author":"https:\/\/www.facebook.com\/carrenoactualidad","twitter:card":"summary_large_image","twitter:site":"@NabercoDigital","twitter:title":"Schr\u00f6der: \u00abOccidente debe negociar con Putin\u00bb | Cand\u00e1s 365","twitter:description":"Berl\u00edn, 28 mar (dpa) - El excanciller alem\u00e1n Gerhard Schr\u00f6der cree que existe una posibilidad de que su amistad con el presidente ruso, Vlad\u00edmir Putin","twitter:creator":"@nbasturias","twitter:image":"https:\/\/candas365.es\/noticias\/wp-content\/uploads\/2024\/03\/Gerhard-Schroder.jpg","twitter:label1":"Escrito por","twitter:data1":"Cand\u00e1s 365","twitter:label2":"Tiempo de lectura estimado","twitter:data2":"3 minutos"},"aioseo_meta_data":{"post_id":"179092","title":null,"description":"Berl\u00edn, 28 mar (dpa) - El excanciller alem\u00e1n Gerhard Schr\u00f6der cree que existe una posibilidad de que su amistad con el presidente ruso, Vlad\u00edmir Putin","keywords":[],"keyphrases":{"focus":{"keyphrase":"Schr\u00f6der","score":93,"analysis":{"keyphraseInTitle":{"score":9,"maxScore":9,"error":0},"keyphraseInDescription":{"score":9,"maxScore":9,"error":0},"keyphraseLength":{"score":9,"maxScore":9,"error":0,"length":2},"keyphraseInURL":{"score":1,"maxScore":5,"error":1},"keyphraseInIntroduction":{"score":9,"maxScore":9,"error":0},"keyphraseInSubHeadings":[],"keyphraseInImageAlt":{"score":9,"maxScore":9,"error":0},"keywordDensity":{"type":"best","score":9,"maxScore":9,"error":0}}},"additional":[{"keyphrase":"Schr\u00f6der","score":100,"analysis":{"keyphraseInDescription":{"score":9,"maxScore":9,"error":0},"keyphraseLength":{"score":9,"maxScore":9,"error":0,"length":2},"keyphraseInIntroduction":{"score":9,"maxScore":9,"error":0},"keyphraseInImageAlt":{"score":9,"maxScore":9,"error":0},"keywordDensity":{"type":"best","score":9,"maxScore":9,"error":0}}},{"keyphrase":"Putin","score":87,"analysis":{"keyphraseInDescription":{"score":9,"maxScore":9,"error":0},"keyphraseLength":{"score":9,"maxScore":9,"error":0,"length":1},"keyphraseInIntroduction":{"score":9,"maxScore":9,"error":0},"keyphraseInImageAlt":{"score":3,"maxScore":9,"error":1},"keywordDensity":{"type":"best","score":9,"maxScore":9,"error":0}}}]},"primary_term":null,"canonical_url":null,"og_title":null,"og_description":null,"og_object_type":"default","og_image_type":"default","og_image_url":null,"og_image_width":null,"og_image_height":null,"og_image_custom_url":null,"og_image_custom_fields":null,"og_video":"","og_custom_url":null,"og_article_section":null,"og_article_tags":[],"twitter_use_og":false,"twitter_card":"default","twitter_image_type":"default","twitter_image_url":null,"twitter_image_custom_url":null,"twitter_image_custom_fields":null,"twitter_title":null,"twitter_description":null,"schema":{"blockGraphs":[],"customGraphs":[],"default":{"data":{"Article":[],"Course":[],"Dataset":[],"FAQPage":[],"Movie":[],"Person":[],"Product":[],"ProductReview":[],"Car":[],"Recipe":[],"Service":[],"SoftwareApplication":[],"WebPage":[]},"graphName":"Article","isEnabled":true},"graphs":[]},"schema_type":"default","schema_type_options":null,"pillar_content":false,"robots_default":true,"robots_noindex":false,"robots_noarchive":false,"robots_nosnippet":false,"robots_nofollow":false,"robots_noimageindex":false,"robots_noodp":false,"robots_notranslate":false,"robots_max_snippet":"-1","robots_max_videopreview":"-1","robots_max_imagepreview":"large","priority":null,"frequency":"default","location":null,"local_seo":null,"seo_analyzer_scan_date":"2025-09-02 05:52:12","breadcrumb_settings":null,"limit_modified_date":false,"reviewed_by":null,"open_ai":"{\"title\":{\"suggestions\":[],\"usage\":0},\"description\":{\"suggestions\":[],\"usage\":0}}","ai":null,"created":"2024-03-29 21:42:54","updated":"2025-09-02 05:52:12"},"aioseo_breadcrumb":"<div class=\"aioseo-breadcrumbs\"><span class=\"aioseo-breadcrumb\">\n\t<a href=\"https:\/\/candas365.es\/noticias\" title=\"Home\">Home<\/a>\n<\/span><span class=\"aioseo-breadcrumb-separator\">&ndash;<\/span><span class=\"aioseo-breadcrumb\">\n\t<a href=\"https:\/\/candas365.es\/noticias\/category\/destacadas\/\" title=\"Destacadas\">Destacadas<\/a>\n<\/span><span class=\"aioseo-breadcrumb-separator\">&ndash;<\/span><span class=\"aioseo-breadcrumb\">\n\tSchr\u00f6der: \u00abOccidente debe negociar con Putin\u00bb\n<\/span><\/div>","aioseo_breadcrumb_json":[{"label":"Home","link":"https:\/\/candas365.es\/noticias"},{"label":"Destacadas","link":"https:\/\/candas365.es\/noticias\/category\/destacadas\/"},{"label":"Schr\u00f6der: \u00abOccidente debe negociar con Putin\u00bb","link":"https:\/\/candas365.es\/noticias\/schroder-occidente-debe-negociar-con-putin\/"}],"_links":{"self":[{"href":"https:\/\/candas365.es\/noticias\/wp-json\/wp\/v2\/posts\/179092","targetHints":{"allow":["GET"]}}],"collection":[{"href":"https:\/\/candas365.es\/noticias\/wp-json\/wp\/v2\/posts"}],"about":[{"href":"https:\/\/candas365.es\/noticias\/wp-json\/wp\/v2\/types\/post"}],"author":[{"embeddable":true,"href":"https:\/\/candas365.es\/noticias\/wp-json\/wp\/v2\/users\/1"}],"replies":[{"embeddable":true,"href":"https:\/\/candas365.es\/noticias\/wp-json\/wp\/v2\/comments?post=179092"}],"version-history":[{"count":0,"href":"https:\/\/candas365.es\/noticias\/wp-json\/wp\/v2\/posts\/179092\/revisions"}],"wp:featuredmedia":[{"embeddable":true,"href":"https:\/\/candas365.es\/noticias\/wp-json\/wp\/v2\/media\/179093"}],"wp:attachment":[{"href":"https:\/\/candas365.es\/noticias\/wp-json\/wp\/v2\/media?parent=179092"}],"wp:term":[{"taxonomy":"category","embeddable":true,"href":"https:\/\/candas365.es\/noticias\/wp-json\/wp\/v2\/categories?post=179092"},{"taxonomy":"post_tag","embeddable":true,"href":"https:\/\/candas365.es\/noticias\/wp-json\/wp\/v2\/tags?post=179092"}],"curies":[{"name":"wp","href":"https:\/\/api.w.org\/{rel}","templated":true}]}}