{"id":179065,"date":"2024-03-29T18:23:38","date_gmt":"2024-03-29T17:23:38","guid":{"rendered":"https:\/\/candas365.es\/noticias\/?p=179065"},"modified":"2024-03-29T18:23:38","modified_gmt":"2024-03-29T17:23:38","slug":"handelskammern-dringen-auf-eu-abkommen-mit-sudamerika","status":"publish","type":"post","link":"https:\/\/candas365.es\/noticias\/handelskammern-dringen-auf-eu-abkommen-mit-sudamerika\/","title":{"rendered":"Handelskammern dringen auf EU-Abkommen mit S\u00fcdamerika"},"content":{"rendered":"<p>Berlin (<a title=\"dpa\" href=\"https:\/\/www.dpa-news.de\/\" target=\"_blank\" rel=\"nofollow noopener\"><span style=\"color: #ff6600;\"><strong>dpa<\/strong><\/span><\/a>) &#8211; Die Deutsche Industrie- und Handelskammer (DIHK), die Interessensvertretung der Gewerbetreibenden in Deutschland, mahnt angesichts der schw\u00e4chelnden deutschen Exportwirtschaft zu einem Abschluss des EU-Freihandelsabkommens mit S\u00fcdamerika. \u00abAus Sicht vieler deutscher Unternehmen sollte die EU sich [&#8230;] rasch mit Mercosur auf ein ehrgeiziges Handelsabkommen einigen und somit positive Wachstumsimpulse f\u00fcr unsere Wirtschaft setzen\u00bb, sagte Hauptgesch\u00e4ftsf\u00fchrer Martin Wansleben am Freitag laut Mitteilung. \u00abRund 85 Prozent der europ\u00e4ischen Ausfuhren in den Mercosur sind mit Z\u00f6llen belastet, was f\u00fcr die Unternehmen Kosten in H\u00f6he von j\u00e4hrlich vier Milliarden Euro bedeutet.\u00bb<\/p>\n<p><img fetchpriority=\"high\" decoding=\"async\" class=\"aligncenter size-full wp-image-176718\" src=\"https:\/\/candas365.es\/noticias\/wp-content\/uploads\/2023\/12\/noticias.jpg\" alt=\"noticias\" width=\"640\" height=\"480\" srcset=\"https:\/\/candas365.es\/noticias\/wp-content\/uploads\/2023\/12\/noticias.jpg 640w, https:\/\/candas365.es\/noticias\/wp-content\/uploads\/2023\/12\/noticias-360x270.jpg 360w, https:\/\/candas365.es\/noticias\/wp-content\/uploads\/2023\/12\/noticias-150x113.jpg 150w, https:\/\/candas365.es\/noticias\/wp-content\/uploads\/2023\/12\/noticias-450x338.jpg 450w\" sizes=\"(max-width: 640px) 100vw, 640px\" \/><\/p>\n<p>Die EU verhandelt seit \u00fcber zwei Jahrzehnten mit den Mercosur-Staaten Brasilien, Argentinien, Paraguay und Uruguay \u00fcber ein Handelsabkommen. Es soll vor allem Z\u00f6lle abbauen und damit den Handel ankurbeln, liegt aber seit 2019 auf Eis. Erst am Mittwoch hatte Frankreichs Pr\u00e4sident Emmanuel Macron dem Abkommen in seiner jetzigen Form eine Absage erteilt. Es steht unter anderem wegen einer bef\u00fcrchteten Aufweichung von Arbeits- und Umweltstandards in der Kritik.<\/p>\n<p>Wansleben sagte, weitere jahrzehntelange Verhandlungen k\u00f6nnten sich die exportorientierten deutschen Unternehmen nicht leisten. \u00abChina zum Beispiel macht auf dem Chancenkontinent S\u00fcdamerika schon l\u00e4ngst N\u00e4gel mit K\u00f6pfen.\u00bb Neben Impulsen f\u00fcr den europ\u00e4ischen Au\u00dfenhandel k\u00f6nne die Region auch ein wichtiger Partner f\u00fcr die Rohstoffversorgung werden, sagte er.<\/p>\n","protected":false},"excerpt":{"rendered":"<p>Berlin (dpa) &#8211; Die Deutsche Industrie- und Handelskammer (DIHK), die Interessensvertretung der Gewerbetreibenden in Deutschland, mahnt angesichts der schw\u00e4chelnden deutschen Exportwirtschaft zu einem Abschluss des EU-Freihandelsabkommens mit S\u00fcdamerika. \u00abAus Sicht vieler deutscher Unternehmen sollte die EU sich [&#8230;] rasch mit Mercosur auf ein ehrgeiziges Handelsabkommen einigen und somit positive Wachstumsimpulse f\u00fcr unsere Wirtschaft setzen\u00bb, sagte<\/p>\n","protected":false},"author":1,"featured_media":176718,"comment_status":"closed","ping_status":"closed","sticky":false,"template":"","format":"standard","meta":{"footnotes":""},"categories":[536],"tags":[427],"class_list":{"0":"post-179065","1":"post","2":"type-post","3":"status-publish","4":"format-standard","5":"has-post-thumbnail","7":"category-candas-news","8":"tag-news"},"aioseo_notices":[],"aioseo_head":"\n\t\t<!-- All in One SEO Pro 4.9.6.2 - aioseo.com -->\n\t<meta name=\"description\" content=\"Berlin (dpa) - Die Deutsche Industrie- und Handelskammer (DIHK), die Interessensvertretung der Gewerbetreibenden in Deutschland, mahnt angesichts\" \/>\n\t<meta name=\"robots\" content=\"max-image-preview:large\" \/>\n\t<meta name=\"author\" content=\"Cand\u00e1s 365\"\/>\n\t<meta name=\"google-site-verification\" content=\"UA-32230408-1\" \/>\n\t<meta name=\"msvalidate.01\" content=\"354F3CDFB2DA171B47FBE9ABF1F88D5\" \/>\n\t<meta name=\"keywords\" content=\"news\" \/>\n\t<link rel=\"canonical\" href=\"https:\/\/candas365.es\/noticias\/handelskammern-dringen-auf-eu-abkommen-mit-sudamerika\/\" \/>\n\t<meta name=\"generator\" content=\"All in One SEO Pro (AIOSEO) 4.9.6.2\" \/>\n\t\t<meta property=\"og:locale\" content=\"es_ES\" \/>\n\t\t<meta property=\"og:site_name\" content=\"Cand\u00e1s 365\" \/>\n\t\t<meta property=\"og:type\" content=\"article\" \/>\n\t\t<meta property=\"og:title\" content=\"Handelskammern dringen auf EU-Abkommen mit S\u00fcdamerika | Cand\u00e1s 365\" \/>\n\t\t<meta property=\"og:description\" content=\"Berlin (dpa) - Die Deutsche Industrie- und Handelskammer (DIHK), die Interessensvertretung der Gewerbetreibenden in Deutschland, mahnt angesichts\" \/>\n\t\t<meta property=\"og:url\" content=\"https:\/\/candas365.es\/noticias\/handelskammern-dringen-auf-eu-abkommen-mit-sudamerika\/\" \/>\n\t\t<meta property=\"og:image\" content=\"https:\/\/candas365.es\/noticias\/wp-content\/uploads\/2023\/12\/noticias.jpg\" \/>\n\t\t<meta property=\"og:image:secure_url\" content=\"https:\/\/candas365.es\/noticias\/wp-content\/uploads\/2023\/12\/noticias.jpg\" \/>\n\t\t<meta property=\"og:image:width\" content=\"640\" \/>\n\t\t<meta property=\"og:image:height\" content=\"480\" \/>\n\t\t<meta property=\"article:published_time\" content=\"2024-03-29T17:23:38+00:00\" \/>\n\t\t<meta property=\"article:modified_time\" content=\"2024-03-29T17:23:38+00:00\" \/>\n\t\t<meta property=\"article:publisher\" content=\"https:\/\/www.facebook.com\/Nachofdezber\" \/>\n\t\t<meta property=\"article:author\" content=\"https:\/\/www.facebook.com\/carrenoactualidad\" \/>\n\t\t<meta name=\"twitter:card\" content=\"summary_large_image\" \/>\n\t\t<meta name=\"twitter:site\" content=\"@NabercoDigital\" \/>\n\t\t<meta name=\"twitter:title\" content=\"Handelskammern dringen auf EU-Abkommen mit S\u00fcdamerika | Cand\u00e1s 365\" \/>\n\t\t<meta name=\"twitter:description\" content=\"Berlin (dpa) - Die Deutsche Industrie- und Handelskammer (DIHK), die Interessensvertretung der Gewerbetreibenden in Deutschland, mahnt angesichts\" \/>\n\t\t<meta name=\"twitter:creator\" content=\"@nbasturias\" \/>\n\t\t<meta name=\"twitter:image\" content=\"https:\/\/candas365.es\/noticias\/wp-content\/uploads\/2023\/12\/noticias.jpg\" \/>\n\t\t<meta name=\"twitter:label1\" content=\"Escrito por\" \/>\n\t\t<meta name=\"twitter:data1\" content=\"Cand\u00e1s 365\" \/>\n\t\t<meta name=\"twitter:label2\" content=\"Tiempo de lectura estimado\" \/>\n\t\t<meta name=\"twitter:data2\" content=\"1 minuto\" \/>\n\t\t<script type=\"application\/ld+json\" class=\"aioseo-schema\">\n\t\t\t{\"@context\":\"https:\\\/\\\/schema.org\",\"@graph\":[{\"@type\":\"BreadcrumbList\",\"@id\":\"https:\\\/\\\/candas365.es\\\/noticias\\\/handelskammern-dringen-auf-eu-abkommen-mit-sudamerika\\\/#breadcrumblist\",\"itemListElement\":[{\"@type\":\"ListItem\",\"@id\":\"https:\\\/\\\/candas365.es\\\/noticias#listItem\",\"position\":1,\"name\":\"Home\",\"item\":\"https:\\\/\\\/candas365.es\\\/noticias\",\"nextItem\":{\"@type\":\"ListItem\",\"@id\":\"https:\\\/\\\/candas365.es\\\/noticias\\\/category\\\/candas-news\\\/#listItem\",\"name\":\"News\"}},{\"@type\":\"ListItem\",\"@id\":\"https:\\\/\\\/candas365.es\\\/noticias\\\/category\\\/candas-news\\\/#listItem\",\"position\":2,\"name\":\"News\",\"item\":\"https:\\\/\\\/candas365.es\\\/noticias\\\/category\\\/candas-news\\\/\",\"nextItem\":{\"@type\":\"ListItem\",\"@id\":\"https:\\\/\\\/candas365.es\\\/noticias\\\/handelskammern-dringen-auf-eu-abkommen-mit-sudamerika\\\/#listItem\",\"name\":\"Handelskammern dringen auf EU-Abkommen mit S\\u00fcdamerika\"},\"previousItem\":{\"@type\":\"ListItem\",\"@id\":\"https:\\\/\\\/candas365.es\\\/noticias#listItem\",\"name\":\"Home\"}},{\"@type\":\"ListItem\",\"@id\":\"https:\\\/\\\/candas365.es\\\/noticias\\\/handelskammern-dringen-auf-eu-abkommen-mit-sudamerika\\\/#listItem\",\"position\":3,\"name\":\"Handelskammern dringen auf EU-Abkommen mit S\\u00fcdamerika\",\"previousItem\":{\"@type\":\"ListItem\",\"@id\":\"https:\\\/\\\/candas365.es\\\/noticias\\\/category\\\/candas-news\\\/#listItem\",\"name\":\"News\"}}]},{\"@type\":\"NewsArticle\",\"@id\":\"https:\\\/\\\/candas365.es\\\/noticias\\\/handelskammern-dringen-auf-eu-abkommen-mit-sudamerika\\\/#newsarticle\",\"name\":\"Handelskammern dringen auf EU-Abkommen mit S\\u00fcdamerika | Cand\\u00e1s 365\",\"headline\":\"Handelskammern dringen auf EU-Abkommen mit S\\u00fcdamerika\",\"author\":{\"@id\":\"https:\\\/\\\/candas365.es\\\/noticias\\\/author\\\/admin\\\/#author\"},\"publisher\":{\"@id\":\"https:\\\/\\\/candas365.es\\\/noticias\\\/#organization\"},\"image\":{\"@type\":\"ImageObject\",\"url\":\"https:\\\/\\\/candas365.es\\\/noticias\\\/wp-content\\\/uploads\\\/2023\\\/12\\\/noticias.jpg\",\"width\":640,\"height\":480,\"caption\":\"noticias\"},\"datePublished\":\"2024-03-29T18:23:38+01:00\",\"dateModified\":\"2024-03-29T18:23:38+01:00\",\"inLanguage\":\"es-ES\",\"mainEntityOfPage\":{\"@id\":\"https:\\\/\\\/candas365.es\\\/noticias\\\/handelskammern-dringen-auf-eu-abkommen-mit-sudamerika\\\/#webpage\"},\"isPartOf\":{\"@id\":\"https:\\\/\\\/candas365.es\\\/noticias\\\/handelskammern-dringen-auf-eu-abkommen-mit-sudamerika\\\/#webpage\"},\"articleSection\":\"News, news\",\"dateline\":\"Publicado el marzo 29, 2024.\"},{\"@type\":\"Organization\",\"@id\":\"https:\\\/\\\/candas365.es\\\/noticias\\\/#organization\",\"name\":\"Cand\\u00e1s 365\",\"description\":\"Cand\\u00e1s 365 es un diario digital independiente, fundado en 2012, con base en Asturias. Informamos con rigor sobre actualidad, sociedad, cultura y ocio, con una mirada local y global.\",\"url\":\"https:\\\/\\\/candas365.es\\\/noticias\\\/\",\"email\":\"info@candas365.es\",\"telephone\":\"+34652131393\",\"foundingDate\":\"2012-06-10\",\"logo\":{\"@type\":\"ImageObject\",\"url\":\"https:\\\/\\\/candas365.es\\\/noticias\\\/wp-content\\\/uploads\\\/2024\\\/09\\\/Candas-365-Redes.jpg\",\"@id\":\"https:\\\/\\\/candas365.es\\\/noticias\\\/handelskammern-dringen-auf-eu-abkommen-mit-sudamerika\\\/#organizationLogo\",\"width\":1152,\"height\":864,\"caption\":\"Cand\\u00e1s 365 Redes\"},\"image\":{\"@id\":\"https:\\\/\\\/candas365.es\\\/noticias\\\/handelskammern-dringen-auf-eu-abkommen-mit-sudamerika\\\/#organizationLogo\"},\"sameAs\":[\"https:\\\/\\\/www.facebook.com\\\/Nachofdezber\",\"https:\\\/\\\/x.com\\\/NabercoDigital\",\"https:\\\/\\\/www.instagram.com\\\/nachofdezber\\\/\",\"https:\\\/\\\/www.youtube.com\\\/channel\\\/UCZP-2wLEB9Rv6erhFmqVnvg\"],\"address\":{\"@id\":\"https:\\\/\\\/candas365.es\\\/noticias\\\/#postaladdress\",\"@type\":\"PostalAddress\",\"streetAddress\":\"san antonio 4, san antonio 4\",\"postalCode\":\"33430\",\"addressLocality\":\"Cand\\u00e1s\",\"addressRegion\":\"Asturias\",\"addressCountry\":\"ES\"}},{\"@type\":\"Person\",\"@id\":\"https:\\\/\\\/candas365.es\\\/noticias\\\/author\\\/admin\\\/#author\",\"url\":\"https:\\\/\\\/candas365.es\\\/noticias\\\/author\\\/admin\\\/\",\"name\":\"Cand\\u00e1s 365\",\"image\":{\"@type\":\"ImageObject\",\"@id\":\"https:\\\/\\\/candas365.es\\\/noticias\\\/handelskammern-dringen-auf-eu-abkommen-mit-sudamerika\\\/#authorImage\",\"url\":\"https:\\\/\\\/secure.gravatar.com\\\/avatar\\\/496a8e03d0c493ede1718b7934145dbdf8d89be1036b0eec9544e1094c9de390?s=96&d=mm&r=g\",\"width\":96,\"height\":96,\"caption\":\"Cand\\u00e1s 365\"},\"sameAs\":[\"https:\\\/\\\/www.facebook.com\\\/carrenoactualidad\",\"https:\\\/\\\/twitter.com\\\/nbasturias\",\"https:\\\/\\\/www.instagram.com\\\/nachofdezber\\\/\",\"https:\\\/\\\/www.youtube.com\\\/channel\\\/UCZP-2wLEB9Rv6erhFmqVnvg\"]},{\"@type\":\"WebPage\",\"@id\":\"https:\\\/\\\/candas365.es\\\/noticias\\\/handelskammern-dringen-auf-eu-abkommen-mit-sudamerika\\\/#webpage\",\"url\":\"https:\\\/\\\/candas365.es\\\/noticias\\\/handelskammern-dringen-auf-eu-abkommen-mit-sudamerika\\\/\",\"name\":\"Handelskammern dringen auf EU-Abkommen mit S\\u00fcdamerika | Cand\\u00e1s 365\",\"description\":\"Berlin (dpa) - Die Deutsche Industrie- und Handelskammer (DIHK), die Interessensvertretung der Gewerbetreibenden in Deutschland, mahnt angesichts\",\"inLanguage\":\"es-ES\",\"isPartOf\":{\"@id\":\"https:\\\/\\\/candas365.es\\\/noticias\\\/#website\"},\"breadcrumb\":{\"@id\":\"https:\\\/\\\/candas365.es\\\/noticias\\\/handelskammern-dringen-auf-eu-abkommen-mit-sudamerika\\\/#breadcrumblist\"},\"author\":{\"@id\":\"https:\\\/\\\/candas365.es\\\/noticias\\\/author\\\/admin\\\/#author\"},\"creator\":{\"@id\":\"https:\\\/\\\/candas365.es\\\/noticias\\\/author\\\/admin\\\/#author\"},\"image\":{\"@type\":\"ImageObject\",\"url\":\"https:\\\/\\\/candas365.es\\\/noticias\\\/wp-content\\\/uploads\\\/2023\\\/12\\\/noticias.jpg\",\"@id\":\"https:\\\/\\\/candas365.es\\\/noticias\\\/handelskammern-dringen-auf-eu-abkommen-mit-sudamerika\\\/#mainImage\",\"width\":640,\"height\":480,\"caption\":\"noticias\"},\"primaryImageOfPage\":{\"@id\":\"https:\\\/\\\/candas365.es\\\/noticias\\\/handelskammern-dringen-auf-eu-abkommen-mit-sudamerika\\\/#mainImage\"},\"datePublished\":\"2024-03-29T18:23:38+01:00\",\"dateModified\":\"2024-03-29T18:23:38+01:00\"},{\"@type\":\"WebSite\",\"@id\":\"https:\\\/\\\/candas365.es\\\/noticias\\\/#website\",\"url\":\"https:\\\/\\\/candas365.es\\\/noticias\\\/\",\"name\":\"Cand\\u00e1s 365\",\"alternateName\":\"Cand\\u00e1s 365 Noticias\",\"description\":\"Actualidad desde Carre\\u00f1o para el mundo\",\"inLanguage\":\"es-ES\",\"publisher\":{\"@id\":\"https:\\\/\\\/candas365.es\\\/noticias\\\/#organization\"}}]}\n\t\t<\/script>\n\t\t<!-- All in One SEO Pro -->\r\n\t\t<title>Handelskammern dringen auf EU-Abkommen mit S\u00fcdamerika | Cand\u00e1s 365<\/title>\n\n","aioseo_head_json":{"title":"Handelskammern dringen auf EU-Abkommen mit S\u00fcdamerika | Cand\u00e1s 365","description":"Berlin (dpa) - Die Deutsche Industrie- und Handelskammer (DIHK), die Interessensvertretung der Gewerbetreibenden in Deutschland, mahnt angesichts","canonical_url":"https:\/\/candas365.es\/noticias\/handelskammern-dringen-auf-eu-abkommen-mit-sudamerika\/","robots":"max-image-preview:large","keywords":"news","webmasterTools":{"google-site-verification":"UA-32230408-1","msvalidate.01":"354F3CDFB2DA171B47FBE9ABF1F88D5","miscellaneous":""},"schema":{"@context":"https:\/\/schema.org","@graph":[{"@type":"BreadcrumbList","@id":"https:\/\/candas365.es\/noticias\/handelskammern-dringen-auf-eu-abkommen-mit-sudamerika\/#breadcrumblist","itemListElement":[{"@type":"ListItem","@id":"https:\/\/candas365.es\/noticias#listItem","position":1,"name":"Home","item":"https:\/\/candas365.es\/noticias","nextItem":{"@type":"ListItem","@id":"https:\/\/candas365.es\/noticias\/category\/candas-news\/#listItem","name":"News"}},{"@type":"ListItem","@id":"https:\/\/candas365.es\/noticias\/category\/candas-news\/#listItem","position":2,"name":"News","item":"https:\/\/candas365.es\/noticias\/category\/candas-news\/","nextItem":{"@type":"ListItem","@id":"https:\/\/candas365.es\/noticias\/handelskammern-dringen-auf-eu-abkommen-mit-sudamerika\/#listItem","name":"Handelskammern dringen auf EU-Abkommen mit S\u00fcdamerika"},"previousItem":{"@type":"ListItem","@id":"https:\/\/candas365.es\/noticias#listItem","name":"Home"}},{"@type":"ListItem","@id":"https:\/\/candas365.es\/noticias\/handelskammern-dringen-auf-eu-abkommen-mit-sudamerika\/#listItem","position":3,"name":"Handelskammern dringen auf EU-Abkommen mit S\u00fcdamerika","previousItem":{"@type":"ListItem","@id":"https:\/\/candas365.es\/noticias\/category\/candas-news\/#listItem","name":"News"}}]},{"@type":"NewsArticle","@id":"https:\/\/candas365.es\/noticias\/handelskammern-dringen-auf-eu-abkommen-mit-sudamerika\/#newsarticle","name":"Handelskammern dringen auf EU-Abkommen mit S\u00fcdamerika | Cand\u00e1s 365","headline":"Handelskammern dringen auf EU-Abkommen mit S\u00fcdamerika","author":{"@id":"https:\/\/candas365.es\/noticias\/author\/admin\/#author"},"publisher":{"@id":"https:\/\/candas365.es\/noticias\/#organization"},"image":{"@type":"ImageObject","url":"https:\/\/candas365.es\/noticias\/wp-content\/uploads\/2023\/12\/noticias.jpg","width":640,"height":480,"caption":"noticias"},"datePublished":"2024-03-29T18:23:38+01:00","dateModified":"2024-03-29T18:23:38+01:00","inLanguage":"es-ES","mainEntityOfPage":{"@id":"https:\/\/candas365.es\/noticias\/handelskammern-dringen-auf-eu-abkommen-mit-sudamerika\/#webpage"},"isPartOf":{"@id":"https:\/\/candas365.es\/noticias\/handelskammern-dringen-auf-eu-abkommen-mit-sudamerika\/#webpage"},"articleSection":"News, news","dateline":"Publicado el marzo 29, 2024."},{"@type":"Organization","@id":"https:\/\/candas365.es\/noticias\/#organization","name":"Cand\u00e1s 365","description":"Cand\u00e1s 365 es un diario digital independiente, fundado en 2012, con base en Asturias. Informamos con rigor sobre actualidad, sociedad, cultura y ocio, con una mirada local y global.","url":"https:\/\/candas365.es\/noticias\/","email":"info@candas365.es","telephone":"+34652131393","foundingDate":"2012-06-10","logo":{"@type":"ImageObject","url":"https:\/\/candas365.es\/noticias\/wp-content\/uploads\/2024\/09\/Candas-365-Redes.jpg","@id":"https:\/\/candas365.es\/noticias\/handelskammern-dringen-auf-eu-abkommen-mit-sudamerika\/#organizationLogo","width":1152,"height":864,"caption":"Cand\u00e1s 365 Redes"},"image":{"@id":"https:\/\/candas365.es\/noticias\/handelskammern-dringen-auf-eu-abkommen-mit-sudamerika\/#organizationLogo"},"sameAs":["https:\/\/www.facebook.com\/Nachofdezber","https:\/\/x.com\/NabercoDigital","https:\/\/www.instagram.com\/nachofdezber\/","https:\/\/www.youtube.com\/channel\/UCZP-2wLEB9Rv6erhFmqVnvg"],"address":{"@id":"https:\/\/candas365.es\/noticias\/#postaladdress","@type":"PostalAddress","streetAddress":"san antonio 4, san antonio 4","postalCode":"33430","addressLocality":"Cand\u00e1s","addressRegion":"Asturias","addressCountry":"ES"}},{"@type":"Person","@id":"https:\/\/candas365.es\/noticias\/author\/admin\/#author","url":"https:\/\/candas365.es\/noticias\/author\/admin\/","name":"Cand\u00e1s 365","image":{"@type":"ImageObject","@id":"https:\/\/candas365.es\/noticias\/handelskammern-dringen-auf-eu-abkommen-mit-sudamerika\/#authorImage","url":"https:\/\/secure.gravatar.com\/avatar\/496a8e03d0c493ede1718b7934145dbdf8d89be1036b0eec9544e1094c9de390?s=96&d=mm&r=g","width":96,"height":96,"caption":"Cand\u00e1s 365"},"sameAs":["https:\/\/www.facebook.com\/carrenoactualidad","https:\/\/twitter.com\/nbasturias","https:\/\/www.instagram.com\/nachofdezber\/","https:\/\/www.youtube.com\/channel\/UCZP-2wLEB9Rv6erhFmqVnvg"]},{"@type":"WebPage","@id":"https:\/\/candas365.es\/noticias\/handelskammern-dringen-auf-eu-abkommen-mit-sudamerika\/#webpage","url":"https:\/\/candas365.es\/noticias\/handelskammern-dringen-auf-eu-abkommen-mit-sudamerika\/","name":"Handelskammern dringen auf EU-Abkommen mit S\u00fcdamerika | Cand\u00e1s 365","description":"Berlin (dpa) - Die Deutsche Industrie- und Handelskammer (DIHK), die Interessensvertretung der Gewerbetreibenden in Deutschland, mahnt angesichts","inLanguage":"es-ES","isPartOf":{"@id":"https:\/\/candas365.es\/noticias\/#website"},"breadcrumb":{"@id":"https:\/\/candas365.es\/noticias\/handelskammern-dringen-auf-eu-abkommen-mit-sudamerika\/#breadcrumblist"},"author":{"@id":"https:\/\/candas365.es\/noticias\/author\/admin\/#author"},"creator":{"@id":"https:\/\/candas365.es\/noticias\/author\/admin\/#author"},"image":{"@type":"ImageObject","url":"https:\/\/candas365.es\/noticias\/wp-content\/uploads\/2023\/12\/noticias.jpg","@id":"https:\/\/candas365.es\/noticias\/handelskammern-dringen-auf-eu-abkommen-mit-sudamerika\/#mainImage","width":640,"height":480,"caption":"noticias"},"primaryImageOfPage":{"@id":"https:\/\/candas365.es\/noticias\/handelskammern-dringen-auf-eu-abkommen-mit-sudamerika\/#mainImage"},"datePublished":"2024-03-29T18:23:38+01:00","dateModified":"2024-03-29T18:23:38+01:00"},{"@type":"WebSite","@id":"https:\/\/candas365.es\/noticias\/#website","url":"https:\/\/candas365.es\/noticias\/","name":"Cand\u00e1s 365","alternateName":"Cand\u00e1s 365 Noticias","description":"Actualidad desde Carre\u00f1o para el mundo","inLanguage":"es-ES","publisher":{"@id":"https:\/\/candas365.es\/noticias\/#organization"}}]},"og:locale":"es_ES","og:site_name":"Cand\u00e1s 365","og:type":"article","og:title":"Handelskammern dringen auf EU-Abkommen mit S\u00fcdamerika | Cand\u00e1s 365","og:description":"Berlin (dpa) - Die Deutsche Industrie- und Handelskammer (DIHK), die Interessensvertretung der Gewerbetreibenden in Deutschland, mahnt angesichts","og:url":"https:\/\/candas365.es\/noticias\/handelskammern-dringen-auf-eu-abkommen-mit-sudamerika\/","og:image":"https:\/\/candas365.es\/noticias\/wp-content\/uploads\/2023\/12\/noticias.jpg","og:image:secure_url":"https:\/\/candas365.es\/noticias\/wp-content\/uploads\/2023\/12\/noticias.jpg","og:image:width":640,"og:image:height":480,"article:published_time":"2024-03-29T17:23:38+00:00","article:modified_time":"2024-03-29T17:23:38+00:00","article:publisher":"https:\/\/www.facebook.com\/Nachofdezber","article:author":"https:\/\/www.facebook.com\/carrenoactualidad","twitter:card":"summary_large_image","twitter:site":"@NabercoDigital","twitter:title":"Handelskammern dringen auf EU-Abkommen mit S\u00fcdamerika | Cand\u00e1s 365","twitter:description":"Berlin (dpa) - Die Deutsche Industrie- und Handelskammer (DIHK), die Interessensvertretung der Gewerbetreibenden in Deutschland, mahnt angesichts","twitter:creator":"@nbasturias","twitter:image":"https:\/\/candas365.es\/noticias\/wp-content\/uploads\/2023\/12\/noticias.jpg","twitter:label1":"Escrito por","twitter:data1":"Cand\u00e1s 365","twitter:label2":"Tiempo de lectura estimado","twitter:data2":"1 minuto"},"aioseo_meta_data":{"post_id":"179065","title":null,"description":"Berlin (dpa) - Die Deutsche Industrie- und Handelskammer (DIHK), die Interessensvertretung der Gewerbetreibenden in Deutschland, mahnt angesichts","keywords":[],"keyphrases":{"focus":{"keyphrase":"Deutschland","score":61,"analysis":{"keyphraseInTitle":{"score":3,"maxScore":9,"error":1},"keyphraseInDescription":{"score":9,"maxScore":9,"error":0},"keyphraseLength":{"score":9,"maxScore":9,"error":0,"length":1},"keyphraseInURL":[],"keyphraseInIntroduction":{"score":9,"maxScore":9,"error":0},"keyphraseInSubHeadings":[],"keyphraseInImageAlt":{"score":3,"maxScore":9,"error":1},"keywordDensity":{"score":0,"type":"low","maxScore":9,"error":1}}},"additional":[]},"primary_term":null,"canonical_url":null,"og_title":null,"og_description":null,"og_object_type":"default","og_image_type":"default","og_image_url":null,"og_image_width":null,"og_image_height":null,"og_image_custom_url":null,"og_image_custom_fields":null,"og_video":"","og_custom_url":null,"og_article_section":null,"og_article_tags":[],"twitter_use_og":false,"twitter_card":"default","twitter_image_type":"default","twitter_image_url":null,"twitter_image_custom_url":null,"twitter_image_custom_fields":null,"twitter_title":null,"twitter_description":null,"schema":{"blockGraphs":[],"customGraphs":[],"default":{"data":{"Article":[],"Course":[],"Dataset":[],"FAQPage":[],"Movie":[],"Person":[],"Product":[],"ProductReview":[],"Car":[],"Recipe":[],"Service":[],"SoftwareApplication":[],"WebPage":[]},"graphName":"Article","isEnabled":true},"graphs":[]},"schema_type":"default","schema_type_options":null,"pillar_content":false,"robots_default":true,"robots_noindex":false,"robots_noarchive":false,"robots_nosnippet":false,"robots_nofollow":false,"robots_noimageindex":false,"robots_noodp":false,"robots_notranslate":false,"robots_max_snippet":"-1","robots_max_videopreview":"-1","robots_max_imagepreview":"large","priority":null,"frequency":"default","location":null,"local_seo":null,"seo_analyzer_scan_date":"2025-09-02 05:50:12","breadcrumb_settings":null,"limit_modified_date":false,"reviewed_by":null,"open_ai":"{\"title\":{\"suggestions\":[],\"usage\":0},\"description\":{\"suggestions\":[],\"usage\":0}}","ai":null,"created":"2024-03-29 17:21:16","updated":"2025-09-02 05:50:12"},"aioseo_breadcrumb":"<div class=\"aioseo-breadcrumbs\"><span class=\"aioseo-breadcrumb\">\n\t<a href=\"https:\/\/candas365.es\/noticias\" title=\"Home\">Home<\/a>\n<\/span><span class=\"aioseo-breadcrumb-separator\">&ndash;<\/span><span class=\"aioseo-breadcrumb\">\n\t<a href=\"https:\/\/candas365.es\/noticias\/category\/candas-news\/\" title=\"News\">News<\/a>\n<\/span><span class=\"aioseo-breadcrumb-separator\">&ndash;<\/span><span class=\"aioseo-breadcrumb\">\n\tHandelskammern dringen auf EU-Abkommen mit S\u00fcdamerika\n<\/span><\/div>","aioseo_breadcrumb_json":[{"label":"Home","link":"https:\/\/candas365.es\/noticias"},{"label":"News","link":"https:\/\/candas365.es\/noticias\/category\/candas-news\/"},{"label":"Handelskammern dringen auf EU-Abkommen mit S\u00fcdamerika","link":"https:\/\/candas365.es\/noticias\/handelskammern-dringen-auf-eu-abkommen-mit-sudamerika\/"}],"_links":{"self":[{"href":"https:\/\/candas365.es\/noticias\/wp-json\/wp\/v2\/posts\/179065","targetHints":{"allow":["GET"]}}],"collection":[{"href":"https:\/\/candas365.es\/noticias\/wp-json\/wp\/v2\/posts"}],"about":[{"href":"https:\/\/candas365.es\/noticias\/wp-json\/wp\/v2\/types\/post"}],"author":[{"embeddable":true,"href":"https:\/\/candas365.es\/noticias\/wp-json\/wp\/v2\/users\/1"}],"replies":[{"embeddable":true,"href":"https:\/\/candas365.es\/noticias\/wp-json\/wp\/v2\/comments?post=179065"}],"version-history":[{"count":0,"href":"https:\/\/candas365.es\/noticias\/wp-json\/wp\/v2\/posts\/179065\/revisions"}],"wp:featuredmedia":[{"embeddable":true,"href":"https:\/\/candas365.es\/noticias\/wp-json\/wp\/v2\/media\/176718"}],"wp:attachment":[{"href":"https:\/\/candas365.es\/noticias\/wp-json\/wp\/v2\/media?parent=179065"}],"wp:term":[{"taxonomy":"category","embeddable":true,"href":"https:\/\/candas365.es\/noticias\/wp-json\/wp\/v2\/categories?post=179065"},{"taxonomy":"post_tag","embeddable":true,"href":"https:\/\/candas365.es\/noticias\/wp-json\/wp\/v2\/tags?post=179065"}],"curies":[{"name":"wp","href":"https:\/\/api.w.org\/{rel}","templated":true}]}}