{"id":179063,"date":"2024-03-29T18:20:52","date_gmt":"2024-03-29T17:20:52","guid":{"rendered":"https:\/\/candas365.es\/noticias\/?p=179063"},"modified":"2024-03-29T18:20:52","modified_gmt":"2024-03-29T17:20:52","slug":"bundestags-experten-bodentruppen-in-ukraine-volkerrechtlich-zulassig","status":"publish","type":"post","link":"https:\/\/candas365.es\/noticias\/bundestags-experten-bodentruppen-in-ukraine-volkerrechtlich-zulassig\/","title":{"rendered":"Bundestags-Experten: Bodentruppen in Ukraine v\u00f6lkerrechtlich zul\u00e4ssig"},"content":{"rendered":"<p>Berlin (<a title=\"dpa\" href=\"https:\/\/www.dpa-news.de\/\" target=\"_blank\" rel=\"nofollow noopener\"><span style=\"color: #ff6600;\"><strong>dpa<\/strong><\/span><\/a>) &#8211; Ein Einsatz von Bodentruppen durch ein Nato-Land in der Ukraine w\u00fcrde nach Einsch\u00e4tzung der Wissenschaftlichen Dienste des Bundestages nicht automatisch alle anderen Nato-L\u00e4nder zu Konfliktparteien machen.<\/p>\n<p><img fetchpriority=\"high\" decoding=\"async\" class=\"aligncenter size-full wp-image-176718\" src=\"https:\/\/candas365.es\/noticias\/wp-content\/uploads\/2023\/12\/noticias.jpg\" alt=\"noticias\" width=\"640\" height=\"480\" srcset=\"https:\/\/candas365.es\/noticias\/wp-content\/uploads\/2023\/12\/noticias.jpg 640w, https:\/\/candas365.es\/noticias\/wp-content\/uploads\/2023\/12\/noticias-360x270.jpg 360w, https:\/\/candas365.es\/noticias\/wp-content\/uploads\/2023\/12\/noticias-150x113.jpg 150w, https:\/\/candas365.es\/noticias\/wp-content\/uploads\/2023\/12\/noticias-450x338.jpg 450w\" sizes=\"(max-width: 640px) 100vw, 640px\" \/><\/p>\n<p>Zwar w\u00fcrde der betreffende Staat selbst zur Konfliktpartei, wie aus einem noch unver\u00f6ffentlichten sogenannten Sachstand der Expertenabteilung des Parlaments hervorgeht. \u00abHandelt der Nato-Mitgliedstaat dabei unilateral \u2013 also nicht im Rahmen einer vorher beschlossenen Nato-Operation und au\u00dferhalb milit\u00e4rischer Nato-Kommandostrukturen \u2013 werden dadurch weder die Nato als Ganzes noch die anderen Nato-Partnerstaaten zu Konfliktparteien\u00bb, hei\u00dft es in dem Papier weiter, das der Deutschen Presse-Agentur vorliegt.<\/p>\n<p>Die Wissenschaftlichen Dienste sind eine Unterabteilung des Bundestages aus acht Fachbereichen mit rund 100 Mitarbeiterinnen und Mitarbeitern, wie aus einem Info-Blatt des Bundestages hervorgeht. Die Expertinnen und Experten recherchieren zu Themen auf Wunsch einzelner Abgeordneter und auch f\u00fcr Gremien des Bundestages. Sie erstellen Kurzinformationen, Dokumentationen, Sachst\u00e4nde, ausf\u00fchrliche Ausarbeitungen und auch Gutachten. In dem Info-Blatt werden sie auch als \u00abDenkfabrik des Parlaments\u00bb bezeichnet. Sie arbeiten demnach \u00abparteipolitisch neutral und sachlich objektiv\u00bb.<\/p>\n<p>Frankreichs Pr\u00e4sident Emmanuel Macron hatte Ende Februar einen Einsatz von Bodentruppen in der Ukraine f\u00fcr die Zukunft nicht ausgeschlossen. Bundeskanzler Olaf Scholz hatte daraufhin einer Entsendung von westlichen Soldaten in die Ukraine dagegen eine klare Absage erteilt.<\/p>\n<p>Die Abgeordnete der rechtspopulistischen AfD Beatrix von Storch hatte daraufhin nach Angaben ihres B\u00fcros bei den Wissenschaftlichen Diensten gefragt, welche Auswirkungen eine Entsendung von Bodentruppen eines Nato-Staates mit Blick auf den sogenannten B\u00fcndnisfall h\u00e4tte, in dem die Nato-Mitglieder dazu verpflichtet sind, f\u00fcreinander einzustehen.<\/p>\n<p>Die Bundestag-Experten schreiben dazu: \u00abEngagieren sich Truppenteile eines Nato-Mitgliedstaates in Aus\u00fcbung kollektiver Selbstverteidigung (Art. 51 VN-Charta) zugunsten der Ukraine in einem bestehenden Konflikt (zwischen Russland und der Ukraine) und werden dabei von der anderen Konfliktpartei (Russland) im Zuge des Gefechts im Konfliktgebiet attackiert, so stellt dies keinen Fall von Art. 5 Nato-Vertrag dar.\u00bb Verwiesen wird darauf, dass der B\u00fcndnisfall laut Nato-Vertrag daran gekn\u00fcpft ist, dass Nato-L\u00e4nder und Truppen auf oder \u00fcber ihrem Territorium angegriffen werden.<\/p>\n<p>\u00abEin milit\u00e4risches Engagement franz\u00f6sischer Bodentruppen zugunsten der Ukraine w\u00fcrde auf der Grundlage des kollektiven Selbstverteidigungsrechts nach Art. 51 VN-Charta erfolgen und w\u00e4re damit v\u00f6lkerrechtlich zul\u00e4ssig\u00bb, hei\u00dft es in dem Papier und weiter: \u00abEine milit\u00e4rische Reaktion Russlands gegen Ziele in Frankreich w\u00fcrde dagegen einen (v\u00f6lkerrechtswidrigen) \u00abbewaffneten Angriff\u00bb i.S.v. Art. 5 NATO-Vertrag darstellen, der die tatbestandlichen Voraussetzungen f\u00fcr eine Proklamation des Nato-B\u00fcndnisfalles begr\u00fcndete.\u00bb<\/p>\n","protected":false},"excerpt":{"rendered":"<p>Berlin (dpa) &#8211; Ein Einsatz von Bodentruppen durch ein Nato-Land in der Ukraine w\u00fcrde nach Einsch\u00e4tzung der Wissenschaftlichen Dienste des Bundestages nicht automatisch alle anderen Nato-L\u00e4nder zu Konfliktparteien machen. Zwar w\u00fcrde der betreffende Staat selbst zur Konfliktpartei, wie aus einem noch unver\u00f6ffentlichten sogenannten Sachstand der Expertenabteilung des Parlaments hervorgeht. \u00abHandelt der Nato-Mitgliedstaat dabei unilateral \u2013<\/p>\n","protected":false},"author":1,"featured_media":176718,"comment_status":"closed","ping_status":"closed","sticky":false,"template":"","format":"standard","meta":{"footnotes":""},"categories":[536],"tags":[427],"class_list":{"0":"post-179063","1":"post","2":"type-post","3":"status-publish","4":"format-standard","5":"has-post-thumbnail","7":"category-candas-news","8":"tag-news"},"aioseo_notices":[],"aioseo_head":"\n\t\t<!-- All in One SEO Pro 4.9.6.2 - aioseo.com -->\n\t<meta name=\"description\" content=\"Berlin (dpa) - Ein Einsatz von Bodentruppen durch ein Nato-Land in der Ukraine w\u00fcrde nach Einsch\u00e4tzung der Wissenschaftlichen Dienste des Bundestages nicht\" \/>\n\t<meta name=\"robots\" content=\"max-image-preview:large\" \/>\n\t<meta name=\"author\" content=\"Cand\u00e1s 365\"\/>\n\t<meta name=\"google-site-verification\" content=\"UA-32230408-1\" \/>\n\t<meta name=\"msvalidate.01\" content=\"354F3CDFB2DA171B47FBE9ABF1F88D5\" \/>\n\t<meta name=\"keywords\" content=\"news\" \/>\n\t<link rel=\"canonical\" href=\"https:\/\/candas365.es\/noticias\/bundestags-experten-bodentruppen-in-ukraine-volkerrechtlich-zulassig\/\" \/>\n\t<meta name=\"generator\" content=\"All in One SEO Pro (AIOSEO) 4.9.6.2\" \/>\n\t\t<meta property=\"og:locale\" content=\"es_ES\" \/>\n\t\t<meta property=\"og:site_name\" content=\"Cand\u00e1s 365\" \/>\n\t\t<meta property=\"og:type\" content=\"article\" \/>\n\t\t<meta property=\"og:title\" content=\"Bundestags-Experten: Bodentruppen in Ukraine v\u00f6lkerrechtlich zul\u00e4ssig | Cand\u00e1s 365\" \/>\n\t\t<meta property=\"og:description\" content=\"Berlin (dpa) - Ein Einsatz von Bodentruppen durch ein Nato-Land in der Ukraine w\u00fcrde nach Einsch\u00e4tzung der Wissenschaftlichen Dienste des Bundestages nicht\" \/>\n\t\t<meta property=\"og:url\" content=\"https:\/\/candas365.es\/noticias\/bundestags-experten-bodentruppen-in-ukraine-volkerrechtlich-zulassig\/\" \/>\n\t\t<meta property=\"og:image\" content=\"https:\/\/candas365.es\/noticias\/wp-content\/uploads\/2023\/12\/noticias.jpg\" \/>\n\t\t<meta property=\"og:image:secure_url\" content=\"https:\/\/candas365.es\/noticias\/wp-content\/uploads\/2023\/12\/noticias.jpg\" \/>\n\t\t<meta property=\"og:image:width\" content=\"640\" \/>\n\t\t<meta property=\"og:image:height\" content=\"480\" \/>\n\t\t<meta property=\"article:published_time\" content=\"2024-03-29T17:20:52+00:00\" \/>\n\t\t<meta property=\"article:modified_time\" content=\"2024-03-29T17:20:52+00:00\" \/>\n\t\t<meta property=\"article:publisher\" content=\"https:\/\/www.facebook.com\/Nachofdezber\" \/>\n\t\t<meta property=\"article:author\" content=\"https:\/\/www.facebook.com\/carrenoactualidad\" \/>\n\t\t<meta name=\"twitter:card\" content=\"summary_large_image\" \/>\n\t\t<meta name=\"twitter:site\" content=\"@NabercoDigital\" \/>\n\t\t<meta name=\"twitter:title\" content=\"Bundestags-Experten: Bodentruppen in Ukraine v\u00f6lkerrechtlich zul\u00e4ssig | Cand\u00e1s 365\" \/>\n\t\t<meta name=\"twitter:description\" content=\"Berlin (dpa) - Ein Einsatz von Bodentruppen durch ein Nato-Land in der Ukraine w\u00fcrde nach Einsch\u00e4tzung der Wissenschaftlichen Dienste des Bundestages nicht\" \/>\n\t\t<meta name=\"twitter:creator\" content=\"@nbasturias\" \/>\n\t\t<meta name=\"twitter:image\" content=\"https:\/\/candas365.es\/noticias\/wp-content\/uploads\/2023\/12\/noticias.jpg\" \/>\n\t\t<meta name=\"twitter:label1\" content=\"Escrito por\" \/>\n\t\t<meta name=\"twitter:data1\" content=\"Cand\u00e1s 365\" \/>\n\t\t<meta name=\"twitter:label2\" content=\"Tiempo de lectura estimado\" \/>\n\t\t<meta name=\"twitter:data2\" content=\"2 minutos\" \/>\n\t\t<script type=\"application\/ld+json\" class=\"aioseo-schema\">\n\t\t\t{\"@context\":\"https:\\\/\\\/schema.org\",\"@graph\":[{\"@type\":\"BreadcrumbList\",\"@id\":\"https:\\\/\\\/candas365.es\\\/noticias\\\/bundestags-experten-bodentruppen-in-ukraine-volkerrechtlich-zulassig\\\/#breadcrumblist\",\"itemListElement\":[{\"@type\":\"ListItem\",\"@id\":\"https:\\\/\\\/candas365.es\\\/noticias#listItem\",\"position\":1,\"name\":\"Home\",\"item\":\"https:\\\/\\\/candas365.es\\\/noticias\",\"nextItem\":{\"@type\":\"ListItem\",\"@id\":\"https:\\\/\\\/candas365.es\\\/noticias\\\/category\\\/candas-news\\\/#listItem\",\"name\":\"News\"}},{\"@type\":\"ListItem\",\"@id\":\"https:\\\/\\\/candas365.es\\\/noticias\\\/category\\\/candas-news\\\/#listItem\",\"position\":2,\"name\":\"News\",\"item\":\"https:\\\/\\\/candas365.es\\\/noticias\\\/category\\\/candas-news\\\/\",\"nextItem\":{\"@type\":\"ListItem\",\"@id\":\"https:\\\/\\\/candas365.es\\\/noticias\\\/bundestags-experten-bodentruppen-in-ukraine-volkerrechtlich-zulassig\\\/#listItem\",\"name\":\"Bundestags-Experten: Bodentruppen in Ukraine v\\u00f6lkerrechtlich zul\\u00e4ssig\"},\"previousItem\":{\"@type\":\"ListItem\",\"@id\":\"https:\\\/\\\/candas365.es\\\/noticias#listItem\",\"name\":\"Home\"}},{\"@type\":\"ListItem\",\"@id\":\"https:\\\/\\\/candas365.es\\\/noticias\\\/bundestags-experten-bodentruppen-in-ukraine-volkerrechtlich-zulassig\\\/#listItem\",\"position\":3,\"name\":\"Bundestags-Experten: Bodentruppen in Ukraine v\\u00f6lkerrechtlich zul\\u00e4ssig\",\"previousItem\":{\"@type\":\"ListItem\",\"@id\":\"https:\\\/\\\/candas365.es\\\/noticias\\\/category\\\/candas-news\\\/#listItem\",\"name\":\"News\"}}]},{\"@type\":\"NewsArticle\",\"@id\":\"https:\\\/\\\/candas365.es\\\/noticias\\\/bundestags-experten-bodentruppen-in-ukraine-volkerrechtlich-zulassig\\\/#newsarticle\",\"name\":\"Bundestags-Experten: Bodentruppen in Ukraine v\\u00f6lkerrechtlich zul\\u00e4ssig | Cand\\u00e1s 365\",\"headline\":\"Bundestags-Experten: Bodentruppen in Ukraine v\\u00f6lkerrechtlich zul\\u00e4ssig\",\"author\":{\"@id\":\"https:\\\/\\\/candas365.es\\\/noticias\\\/author\\\/admin\\\/#author\"},\"publisher\":{\"@id\":\"https:\\\/\\\/candas365.es\\\/noticias\\\/#organization\"},\"image\":{\"@type\":\"ImageObject\",\"url\":\"https:\\\/\\\/candas365.es\\\/noticias\\\/wp-content\\\/uploads\\\/2023\\\/12\\\/noticias.jpg\",\"width\":640,\"height\":480,\"caption\":\"noticias\"},\"datePublished\":\"2024-03-29T18:20:52+01:00\",\"dateModified\":\"2024-03-29T18:20:52+01:00\",\"inLanguage\":\"es-ES\",\"mainEntityOfPage\":{\"@id\":\"https:\\\/\\\/candas365.es\\\/noticias\\\/bundestags-experten-bodentruppen-in-ukraine-volkerrechtlich-zulassig\\\/#webpage\"},\"isPartOf\":{\"@id\":\"https:\\\/\\\/candas365.es\\\/noticias\\\/bundestags-experten-bodentruppen-in-ukraine-volkerrechtlich-zulassig\\\/#webpage\"},\"articleSection\":\"News, news\",\"dateline\":\"Publicado el marzo 29, 2024.\"},{\"@type\":\"Organization\",\"@id\":\"https:\\\/\\\/candas365.es\\\/noticias\\\/#organization\",\"name\":\"Cand\\u00e1s 365\",\"description\":\"Cand\\u00e1s 365 es un diario digital independiente, fundado en 2012, con base en Asturias. Informamos con rigor sobre actualidad, sociedad, cultura y ocio, con una mirada local y global.\",\"url\":\"https:\\\/\\\/candas365.es\\\/noticias\\\/\",\"email\":\"info@candas365.es\",\"telephone\":\"+34652131393\",\"foundingDate\":\"2012-06-10\",\"logo\":{\"@type\":\"ImageObject\",\"url\":\"https:\\\/\\\/candas365.es\\\/noticias\\\/wp-content\\\/uploads\\\/2024\\\/09\\\/Candas-365-Redes.jpg\",\"@id\":\"https:\\\/\\\/candas365.es\\\/noticias\\\/bundestags-experten-bodentruppen-in-ukraine-volkerrechtlich-zulassig\\\/#organizationLogo\",\"width\":1152,\"height\":864,\"caption\":\"Cand\\u00e1s 365 Redes\"},\"image\":{\"@id\":\"https:\\\/\\\/candas365.es\\\/noticias\\\/bundestags-experten-bodentruppen-in-ukraine-volkerrechtlich-zulassig\\\/#organizationLogo\"},\"sameAs\":[\"https:\\\/\\\/www.facebook.com\\\/Nachofdezber\",\"https:\\\/\\\/x.com\\\/NabercoDigital\",\"https:\\\/\\\/www.instagram.com\\\/nachofdezber\\\/\",\"https:\\\/\\\/www.youtube.com\\\/channel\\\/UCZP-2wLEB9Rv6erhFmqVnvg\"],\"address\":{\"@id\":\"https:\\\/\\\/candas365.es\\\/noticias\\\/#postaladdress\",\"@type\":\"PostalAddress\",\"streetAddress\":\"san antonio 4, san antonio 4\",\"postalCode\":\"33430\",\"addressLocality\":\"Cand\\u00e1s\",\"addressRegion\":\"Asturias\",\"addressCountry\":\"ES\"}},{\"@type\":\"Person\",\"@id\":\"https:\\\/\\\/candas365.es\\\/noticias\\\/author\\\/admin\\\/#author\",\"url\":\"https:\\\/\\\/candas365.es\\\/noticias\\\/author\\\/admin\\\/\",\"name\":\"Cand\\u00e1s 365\",\"image\":{\"@type\":\"ImageObject\",\"@id\":\"https:\\\/\\\/candas365.es\\\/noticias\\\/bundestags-experten-bodentruppen-in-ukraine-volkerrechtlich-zulassig\\\/#authorImage\",\"url\":\"https:\\\/\\\/secure.gravatar.com\\\/avatar\\\/496a8e03d0c493ede1718b7934145dbdf8d89be1036b0eec9544e1094c9de390?s=96&d=mm&r=g\",\"width\":96,\"height\":96,\"caption\":\"Cand\\u00e1s 365\"},\"sameAs\":[\"https:\\\/\\\/www.facebook.com\\\/carrenoactualidad\",\"https:\\\/\\\/twitter.com\\\/nbasturias\",\"https:\\\/\\\/www.instagram.com\\\/nachofdezber\\\/\",\"https:\\\/\\\/www.youtube.com\\\/channel\\\/UCZP-2wLEB9Rv6erhFmqVnvg\"]},{\"@type\":\"WebPage\",\"@id\":\"https:\\\/\\\/candas365.es\\\/noticias\\\/bundestags-experten-bodentruppen-in-ukraine-volkerrechtlich-zulassig\\\/#webpage\",\"url\":\"https:\\\/\\\/candas365.es\\\/noticias\\\/bundestags-experten-bodentruppen-in-ukraine-volkerrechtlich-zulassig\\\/\",\"name\":\"Bundestags-Experten: Bodentruppen in Ukraine v\\u00f6lkerrechtlich zul\\u00e4ssig | Cand\\u00e1s 365\",\"description\":\"Berlin (dpa) - Ein Einsatz von Bodentruppen durch ein Nato-Land in der Ukraine w\\u00fcrde nach Einsch\\u00e4tzung der Wissenschaftlichen Dienste des Bundestages nicht\",\"inLanguage\":\"es-ES\",\"isPartOf\":{\"@id\":\"https:\\\/\\\/candas365.es\\\/noticias\\\/#website\"},\"breadcrumb\":{\"@id\":\"https:\\\/\\\/candas365.es\\\/noticias\\\/bundestags-experten-bodentruppen-in-ukraine-volkerrechtlich-zulassig\\\/#breadcrumblist\"},\"author\":{\"@id\":\"https:\\\/\\\/candas365.es\\\/noticias\\\/author\\\/admin\\\/#author\"},\"creator\":{\"@id\":\"https:\\\/\\\/candas365.es\\\/noticias\\\/author\\\/admin\\\/#author\"},\"image\":{\"@type\":\"ImageObject\",\"url\":\"https:\\\/\\\/candas365.es\\\/noticias\\\/wp-content\\\/uploads\\\/2023\\\/12\\\/noticias.jpg\",\"@id\":\"https:\\\/\\\/candas365.es\\\/noticias\\\/bundestags-experten-bodentruppen-in-ukraine-volkerrechtlich-zulassig\\\/#mainImage\",\"width\":640,\"height\":480,\"caption\":\"noticias\"},\"primaryImageOfPage\":{\"@id\":\"https:\\\/\\\/candas365.es\\\/noticias\\\/bundestags-experten-bodentruppen-in-ukraine-volkerrechtlich-zulassig\\\/#mainImage\"},\"datePublished\":\"2024-03-29T18:20:52+01:00\",\"dateModified\":\"2024-03-29T18:20:52+01:00\"},{\"@type\":\"WebSite\",\"@id\":\"https:\\\/\\\/candas365.es\\\/noticias\\\/#website\",\"url\":\"https:\\\/\\\/candas365.es\\\/noticias\\\/\",\"name\":\"Cand\\u00e1s 365\",\"alternateName\":\"Cand\\u00e1s 365 Noticias\",\"description\":\"Actualidad desde Carre\\u00f1o para el mundo\",\"inLanguage\":\"es-ES\",\"publisher\":{\"@id\":\"https:\\\/\\\/candas365.es\\\/noticias\\\/#organization\"}}]}\n\t\t<\/script>\n\t\t<!-- All in One SEO Pro -->\r\n\t\t<title>Bundestags-Experten: Bodentruppen in Ukraine v\u00f6lkerrechtlich zul\u00e4ssig | Cand\u00e1s 365<\/title>\n\n","aioseo_head_json":{"title":"Bundestags-Experten: Bodentruppen in Ukraine v\u00f6lkerrechtlich zul\u00e4ssig | Cand\u00e1s 365","description":"Berlin (dpa) - Ein Einsatz von Bodentruppen durch ein Nato-Land in der Ukraine w\u00fcrde nach Einsch\u00e4tzung der Wissenschaftlichen Dienste des Bundestages nicht","canonical_url":"https:\/\/candas365.es\/noticias\/bundestags-experten-bodentruppen-in-ukraine-volkerrechtlich-zulassig\/","robots":"max-image-preview:large","keywords":"news","webmasterTools":{"google-site-verification":"UA-32230408-1","msvalidate.01":"354F3CDFB2DA171B47FBE9ABF1F88D5","miscellaneous":""},"schema":{"@context":"https:\/\/schema.org","@graph":[{"@type":"BreadcrumbList","@id":"https:\/\/candas365.es\/noticias\/bundestags-experten-bodentruppen-in-ukraine-volkerrechtlich-zulassig\/#breadcrumblist","itemListElement":[{"@type":"ListItem","@id":"https:\/\/candas365.es\/noticias#listItem","position":1,"name":"Home","item":"https:\/\/candas365.es\/noticias","nextItem":{"@type":"ListItem","@id":"https:\/\/candas365.es\/noticias\/category\/candas-news\/#listItem","name":"News"}},{"@type":"ListItem","@id":"https:\/\/candas365.es\/noticias\/category\/candas-news\/#listItem","position":2,"name":"News","item":"https:\/\/candas365.es\/noticias\/category\/candas-news\/","nextItem":{"@type":"ListItem","@id":"https:\/\/candas365.es\/noticias\/bundestags-experten-bodentruppen-in-ukraine-volkerrechtlich-zulassig\/#listItem","name":"Bundestags-Experten: Bodentruppen in Ukraine v\u00f6lkerrechtlich zul\u00e4ssig"},"previousItem":{"@type":"ListItem","@id":"https:\/\/candas365.es\/noticias#listItem","name":"Home"}},{"@type":"ListItem","@id":"https:\/\/candas365.es\/noticias\/bundestags-experten-bodentruppen-in-ukraine-volkerrechtlich-zulassig\/#listItem","position":3,"name":"Bundestags-Experten: Bodentruppen in Ukraine v\u00f6lkerrechtlich zul\u00e4ssig","previousItem":{"@type":"ListItem","@id":"https:\/\/candas365.es\/noticias\/category\/candas-news\/#listItem","name":"News"}}]},{"@type":"NewsArticle","@id":"https:\/\/candas365.es\/noticias\/bundestags-experten-bodentruppen-in-ukraine-volkerrechtlich-zulassig\/#newsarticle","name":"Bundestags-Experten: Bodentruppen in Ukraine v\u00f6lkerrechtlich zul\u00e4ssig | Cand\u00e1s 365","headline":"Bundestags-Experten: Bodentruppen in Ukraine v\u00f6lkerrechtlich zul\u00e4ssig","author":{"@id":"https:\/\/candas365.es\/noticias\/author\/admin\/#author"},"publisher":{"@id":"https:\/\/candas365.es\/noticias\/#organization"},"image":{"@type":"ImageObject","url":"https:\/\/candas365.es\/noticias\/wp-content\/uploads\/2023\/12\/noticias.jpg","width":640,"height":480,"caption":"noticias"},"datePublished":"2024-03-29T18:20:52+01:00","dateModified":"2024-03-29T18:20:52+01:00","inLanguage":"es-ES","mainEntityOfPage":{"@id":"https:\/\/candas365.es\/noticias\/bundestags-experten-bodentruppen-in-ukraine-volkerrechtlich-zulassig\/#webpage"},"isPartOf":{"@id":"https:\/\/candas365.es\/noticias\/bundestags-experten-bodentruppen-in-ukraine-volkerrechtlich-zulassig\/#webpage"},"articleSection":"News, news","dateline":"Publicado el marzo 29, 2024."},{"@type":"Organization","@id":"https:\/\/candas365.es\/noticias\/#organization","name":"Cand\u00e1s 365","description":"Cand\u00e1s 365 es un diario digital independiente, fundado en 2012, con base en Asturias. Informamos con rigor sobre actualidad, sociedad, cultura y ocio, con una mirada local y global.","url":"https:\/\/candas365.es\/noticias\/","email":"info@candas365.es","telephone":"+34652131393","foundingDate":"2012-06-10","logo":{"@type":"ImageObject","url":"https:\/\/candas365.es\/noticias\/wp-content\/uploads\/2024\/09\/Candas-365-Redes.jpg","@id":"https:\/\/candas365.es\/noticias\/bundestags-experten-bodentruppen-in-ukraine-volkerrechtlich-zulassig\/#organizationLogo","width":1152,"height":864,"caption":"Cand\u00e1s 365 Redes"},"image":{"@id":"https:\/\/candas365.es\/noticias\/bundestags-experten-bodentruppen-in-ukraine-volkerrechtlich-zulassig\/#organizationLogo"},"sameAs":["https:\/\/www.facebook.com\/Nachofdezber","https:\/\/x.com\/NabercoDigital","https:\/\/www.instagram.com\/nachofdezber\/","https:\/\/www.youtube.com\/channel\/UCZP-2wLEB9Rv6erhFmqVnvg"],"address":{"@id":"https:\/\/candas365.es\/noticias\/#postaladdress","@type":"PostalAddress","streetAddress":"san antonio 4, san antonio 4","postalCode":"33430","addressLocality":"Cand\u00e1s","addressRegion":"Asturias","addressCountry":"ES"}},{"@type":"Person","@id":"https:\/\/candas365.es\/noticias\/author\/admin\/#author","url":"https:\/\/candas365.es\/noticias\/author\/admin\/","name":"Cand\u00e1s 365","image":{"@type":"ImageObject","@id":"https:\/\/candas365.es\/noticias\/bundestags-experten-bodentruppen-in-ukraine-volkerrechtlich-zulassig\/#authorImage","url":"https:\/\/secure.gravatar.com\/avatar\/496a8e03d0c493ede1718b7934145dbdf8d89be1036b0eec9544e1094c9de390?s=96&d=mm&r=g","width":96,"height":96,"caption":"Cand\u00e1s 365"},"sameAs":["https:\/\/www.facebook.com\/carrenoactualidad","https:\/\/twitter.com\/nbasturias","https:\/\/www.instagram.com\/nachofdezber\/","https:\/\/www.youtube.com\/channel\/UCZP-2wLEB9Rv6erhFmqVnvg"]},{"@type":"WebPage","@id":"https:\/\/candas365.es\/noticias\/bundestags-experten-bodentruppen-in-ukraine-volkerrechtlich-zulassig\/#webpage","url":"https:\/\/candas365.es\/noticias\/bundestags-experten-bodentruppen-in-ukraine-volkerrechtlich-zulassig\/","name":"Bundestags-Experten: Bodentruppen in Ukraine v\u00f6lkerrechtlich zul\u00e4ssig | Cand\u00e1s 365","description":"Berlin (dpa) - Ein Einsatz von Bodentruppen durch ein Nato-Land in der Ukraine w\u00fcrde nach Einsch\u00e4tzung der Wissenschaftlichen Dienste des Bundestages nicht","inLanguage":"es-ES","isPartOf":{"@id":"https:\/\/candas365.es\/noticias\/#website"},"breadcrumb":{"@id":"https:\/\/candas365.es\/noticias\/bundestags-experten-bodentruppen-in-ukraine-volkerrechtlich-zulassig\/#breadcrumblist"},"author":{"@id":"https:\/\/candas365.es\/noticias\/author\/admin\/#author"},"creator":{"@id":"https:\/\/candas365.es\/noticias\/author\/admin\/#author"},"image":{"@type":"ImageObject","url":"https:\/\/candas365.es\/noticias\/wp-content\/uploads\/2023\/12\/noticias.jpg","@id":"https:\/\/candas365.es\/noticias\/bundestags-experten-bodentruppen-in-ukraine-volkerrechtlich-zulassig\/#mainImage","width":640,"height":480,"caption":"noticias"},"primaryImageOfPage":{"@id":"https:\/\/candas365.es\/noticias\/bundestags-experten-bodentruppen-in-ukraine-volkerrechtlich-zulassig\/#mainImage"},"datePublished":"2024-03-29T18:20:52+01:00","dateModified":"2024-03-29T18:20:52+01:00"},{"@type":"WebSite","@id":"https:\/\/candas365.es\/noticias\/#website","url":"https:\/\/candas365.es\/noticias\/","name":"Cand\u00e1s 365","alternateName":"Cand\u00e1s 365 Noticias","description":"Actualidad desde Carre\u00f1o para el mundo","inLanguage":"es-ES","publisher":{"@id":"https:\/\/candas365.es\/noticias\/#organization"}}]},"og:locale":"es_ES","og:site_name":"Cand\u00e1s 365","og:type":"article","og:title":"Bundestags-Experten: Bodentruppen in Ukraine v\u00f6lkerrechtlich zul\u00e4ssig | Cand\u00e1s 365","og:description":"Berlin (dpa) - Ein Einsatz von Bodentruppen durch ein Nato-Land in der Ukraine w\u00fcrde nach Einsch\u00e4tzung der Wissenschaftlichen Dienste des Bundestages nicht","og:url":"https:\/\/candas365.es\/noticias\/bundestags-experten-bodentruppen-in-ukraine-volkerrechtlich-zulassig\/","og:image":"https:\/\/candas365.es\/noticias\/wp-content\/uploads\/2023\/12\/noticias.jpg","og:image:secure_url":"https:\/\/candas365.es\/noticias\/wp-content\/uploads\/2023\/12\/noticias.jpg","og:image:width":640,"og:image:height":480,"article:published_time":"2024-03-29T17:20:52+00:00","article:modified_time":"2024-03-29T17:20:52+00:00","article:publisher":"https:\/\/www.facebook.com\/Nachofdezber","article:author":"https:\/\/www.facebook.com\/carrenoactualidad","twitter:card":"summary_large_image","twitter:site":"@NabercoDigital","twitter:title":"Bundestags-Experten: Bodentruppen in Ukraine v\u00f6lkerrechtlich zul\u00e4ssig | Cand\u00e1s 365","twitter:description":"Berlin (dpa) - Ein Einsatz von Bodentruppen durch ein Nato-Land in der Ukraine w\u00fcrde nach Einsch\u00e4tzung der Wissenschaftlichen Dienste des Bundestages nicht","twitter:creator":"@nbasturias","twitter:image":"https:\/\/candas365.es\/noticias\/wp-content\/uploads\/2023\/12\/noticias.jpg","twitter:label1":"Escrito por","twitter:data1":"Cand\u00e1s 365","twitter:label2":"Tiempo de lectura estimado","twitter:data2":"2 minutos"},"aioseo_meta_data":{"post_id":"179063","title":null,"description":"Berlin (dpa) - Ein Einsatz von Bodentruppen durch ein Nato-Land in der Ukraine w\u00fcrde nach Einsch\u00e4tzung der Wissenschaftlichen Dienste des Bundestages nicht","keywords":[],"keyphrases":{"focus":{"keyphrase":"Bundestages","score":78,"analysis":{"keyphraseInTitle":{"score":3,"maxScore":9,"error":1},"keyphraseInDescription":{"score":9,"maxScore":9,"error":0},"keyphraseLength":{"score":9,"maxScore":9,"error":0,"length":1},"keyphraseInURL":[],"keyphraseInIntroduction":{"score":9,"maxScore":9,"error":0},"keyphraseInSubHeadings":[],"keyphraseInImageAlt":{"score":3,"maxScore":9,"error":1},"keywordDensity":{"type":"best","score":9,"maxScore":9,"error":0}}},"additional":[]},"primary_term":null,"canonical_url":null,"og_title":null,"og_description":null,"og_object_type":"default","og_image_type":"default","og_image_url":null,"og_image_width":null,"og_image_height":null,"og_image_custom_url":null,"og_image_custom_fields":null,"og_video":"","og_custom_url":null,"og_article_section":null,"og_article_tags":[],"twitter_use_og":false,"twitter_card":"default","twitter_image_type":"default","twitter_image_url":null,"twitter_image_custom_url":null,"twitter_image_custom_fields":null,"twitter_title":null,"twitter_description":null,"schema":{"blockGraphs":[],"customGraphs":[],"default":{"data":{"Article":[],"Course":[],"Dataset":[],"FAQPage":[],"Movie":[],"Person":[],"Product":[],"ProductReview":[],"Car":[],"Recipe":[],"Service":[],"SoftwareApplication":[],"WebPage":[]},"graphName":"Article","isEnabled":true},"graphs":[]},"schema_type":"default","schema_type_options":null,"pillar_content":false,"robots_default":true,"robots_noindex":false,"robots_noarchive":false,"robots_nosnippet":false,"robots_nofollow":false,"robots_noimageindex":false,"robots_noodp":false,"robots_notranslate":false,"robots_max_snippet":"-1","robots_max_videopreview":"-1","robots_max_imagepreview":"large","priority":null,"frequency":"default","location":null,"local_seo":null,"seo_analyzer_scan_date":"2025-09-02 05:50:10","breadcrumb_settings":null,"limit_modified_date":false,"reviewed_by":null,"open_ai":"{\"title\":{\"suggestions\":[],\"usage\":0},\"description\":{\"suggestions\":[],\"usage\":0}}","ai":null,"created":"2024-03-29 17:16:24","updated":"2025-09-02 05:50:10"},"aioseo_breadcrumb":"<div class=\"aioseo-breadcrumbs\"><span class=\"aioseo-breadcrumb\">\n\t<a href=\"https:\/\/candas365.es\/noticias\" title=\"Home\">Home<\/a>\n<\/span><span class=\"aioseo-breadcrumb-separator\">&ndash;<\/span><span class=\"aioseo-breadcrumb\">\n\t<a href=\"https:\/\/candas365.es\/noticias\/category\/candas-news\/\" title=\"News\">News<\/a>\n<\/span><span class=\"aioseo-breadcrumb-separator\">&ndash;<\/span><span class=\"aioseo-breadcrumb\">\n\tBundestags-Experten: Bodentruppen in Ukraine v\u00f6lkerrechtlich zul\u00e4ssig\n<\/span><\/div>","aioseo_breadcrumb_json":[{"label":"Home","link":"https:\/\/candas365.es\/noticias"},{"label":"News","link":"https:\/\/candas365.es\/noticias\/category\/candas-news\/"},{"label":"Bundestags-Experten: Bodentruppen in Ukraine v\u00f6lkerrechtlich zul\u00e4ssig","link":"https:\/\/candas365.es\/noticias\/bundestags-experten-bodentruppen-in-ukraine-volkerrechtlich-zulassig\/"}],"_links":{"self":[{"href":"https:\/\/candas365.es\/noticias\/wp-json\/wp\/v2\/posts\/179063","targetHints":{"allow":["GET"]}}],"collection":[{"href":"https:\/\/candas365.es\/noticias\/wp-json\/wp\/v2\/posts"}],"about":[{"href":"https:\/\/candas365.es\/noticias\/wp-json\/wp\/v2\/types\/post"}],"author":[{"embeddable":true,"href":"https:\/\/candas365.es\/noticias\/wp-json\/wp\/v2\/users\/1"}],"replies":[{"embeddable":true,"href":"https:\/\/candas365.es\/noticias\/wp-json\/wp\/v2\/comments?post=179063"}],"version-history":[{"count":0,"href":"https:\/\/candas365.es\/noticias\/wp-json\/wp\/v2\/posts\/179063\/revisions"}],"wp:featuredmedia":[{"embeddable":true,"href":"https:\/\/candas365.es\/noticias\/wp-json\/wp\/v2\/media\/176718"}],"wp:attachment":[{"href":"https:\/\/candas365.es\/noticias\/wp-json\/wp\/v2\/media?parent=179063"}],"wp:term":[{"taxonomy":"category","embeddable":true,"href":"https:\/\/candas365.es\/noticias\/wp-json\/wp\/v2\/categories?post=179063"},{"taxonomy":"post_tag","embeddable":true,"href":"https:\/\/candas365.es\/noticias\/wp-json\/wp\/v2\/tags?post=179063"}],"curies":[{"name":"wp","href":"https:\/\/api.w.org\/{rel}","templated":true}]}}