{"id":179058,"date":"2024-03-29T17:48:55","date_gmt":"2024-03-29T16:48:55","guid":{"rendered":"https:\/\/candas365.es\/noticias\/?p=179058"},"modified":"2024-03-29T17:48:55","modified_gmt":"2024-03-29T16:48:55","slug":"fachkraftelucke-verringert-sich-um-knapp-zehn-prozent","status":"publish","type":"post","link":"https:\/\/candas365.es\/noticias\/fachkraftelucke-verringert-sich-um-knapp-zehn-prozent\/","title":{"rendered":"Fachkr\u00e4ftel\u00fccke verringert sich um knapp zehn Prozent"},"content":{"rendered":"<p><span class=\"dateline\">K\u00f6ln\u00a0<span class=\"credit\">(<a title=\"dpa\" href=\"https:\/\/www.dpa-news.de\/\" target=\"_blank\" rel=\"nofollow noopener\"><span style=\"color: #ff6600;\"><strong>dpa<\/strong><\/span><\/a>)<\/span>\u00a0&#8211;\u00a0<\/span>Die Fachkr\u00e4ftel\u00fccke in Deutschland hat sich im Jahr 2023 leicht verringert. 570\u00a0000 offene Stellen konnten nicht mit passend qualifizierten Kandidaten besetzt werden. Das sind 62\u00a0000 und damit knapp zehn Prozent weniger als im Vorjahr. Das berichtete das Kompetenzzentrum Fachkr\u00e4ftesicherung (Kofa) des arbeitgebernahen Instituts der Deutschen Wirtschaft (IW) am Freitag. 2022 hatte der Fachkr\u00e4ftemangel den h\u00f6chsten Stand seit Beginn des Beobachtungszeitraums im Jahr 2010 erreicht.<\/p>\n<p><img fetchpriority=\"high\" decoding=\"async\" class=\"aligncenter size-full wp-image-176718\" src=\"https:\/\/candas365.es\/noticias\/wp-content\/uploads\/2023\/12\/noticias.jpg\" alt=\"noticias\" width=\"640\" height=\"480\" srcset=\"https:\/\/candas365.es\/noticias\/wp-content\/uploads\/2023\/12\/noticias.jpg 640w, https:\/\/candas365.es\/noticias\/wp-content\/uploads\/2023\/12\/noticias-360x270.jpg 360w, https:\/\/candas365.es\/noticias\/wp-content\/uploads\/2023\/12\/noticias-150x113.jpg 150w, https:\/\/candas365.es\/noticias\/wp-content\/uploads\/2023\/12\/noticias-450x338.jpg 450w\" sizes=\"(max-width: 640px) 100vw, 640px\" \/><\/p>\n<p>Dass die Zahlen gesunken sind, ist der Untersuchung zufolge kein Zeichen f\u00fcr Erholung. Aufgrund der eingetr\u00fcbten Konjunktur habe es mehr arbeitslose qualifizierte Fachkr\u00e4fte und weniger offene Stellen gegeben. \u00abTrotz ihres R\u00fcckgangs ist die Fachkr\u00e4ftel\u00fccke weiterhin auf einem sehr hohen Niveau\u00bb, sagte Studienautor Jurek Tiedemann. Wegen der schwierigen wirtschaftlichen Lage sei 2024 erneut mit einer Verringerung zu rechnen, bei einem Aufschwung dagegen mit einem rapiden Anstieg.<\/p>\n<p>Besonders zugenommen hat der Mangel an Fachkr\u00e4ften zuletzt in Verkehrsberufen. Den st\u00e4rksten prozentualen Anstieg gab es bei Bus- und Stra\u00dfenbahnfahrern. Hier fehlten 3594 Besch\u00e4ftigte und damit fast 90 Prozent mehr als im Vorjahr. Bei Lokf\u00fchrern gab es mehr als 4000 unbesetzte Stellen. Die gr\u00f6\u00dften L\u00fccken bestehen der Untersuchung zufolge jedoch nach wie vor im Bereich Gesundheit, Soziales, Lehre und Erziehung. Hier konnten im Schnitt sechs von zehn offenen Stellen nicht besetzt werden.<\/p>\n<p>In der Gesundheits- und Krankenpflege fehlten im vergangenen Jahr 17\u00a0656 Fachkr\u00e4fte, in der Kinderbetreuung und -erziehung waren 30\u00a0311 Stellen unbesetzt &#8211; so viele wie in keinem anderen Beruf. \u00abUm mehr Menschen f\u00fcr eine T\u00e4tigkeit in diesem Berufsbereich zu gewinnen, ist es wichtig, die Berufe attraktiver zu gestalten\u00bb, so Tiedemann. Erhebliche Engp\u00e4sse gebe es auch im Handwerk sowie in Berufen, die f\u00fcr das Erreichen der politischen Klimaziele, den Wohnungsbau und den digitalen Wandel\u00a0relevant sind.<\/p>\n<h2>Frauenberufe st\u00e4rker betroffen<\/h2>\n<p>Laut einer k\u00fcrzlich ver\u00f6ffentlichten Studie des IW bekommen Frauen den Fachkr\u00e4ftemangel in der deutschen Wirtschaft eher zu sp\u00fcren. Typische Frauenberufe in der Kinderbetreuung, Erziehung und Sozialp\u00e4dagogik sind von den Folgen demnach st\u00e4rker betroffen. Den Forschern zufolge funktioniert es bislang nur teilweise, diese Berufe auch f\u00fcr M\u00e4nner attraktiver zu machen.<\/p>\n<p>Dem Statistischen Bundesamt zufolge waren Ende 2023 in Deutschland mit rund 46,2 Millionen so viele Menschen erwerbst\u00e4tig wie noch nie. Bundesarbeitsminister Hubertus Heil hat angesichts des Fachkr\u00e4ftemangels k\u00fcrzlich dennoch zu verst\u00e4rkter Besch\u00e4ftigung unter anderem von Frauen, \u00c4lteren und Ausl\u00e4ndern aufgerufen. Deutschland brauche mehr Fach- und Arbeitskr\u00e4fte, um das Potenzial \u00abals drittst\u00e4rkste Volkswirtschaft voll auszusch\u00f6pfen\u00bb.<\/p>\n<p>In vielen Berufsbereichen wird der Bedarf in Zukunft noch deutlich steigen. So sch\u00e4tzt das Statistische Bundesamt, dass bis 2049 mindestens 280\u00a0000 zus\u00e4tzliche Pflegekr\u00e4fte ben\u00f6tigt werden. Wegen des demografischen Wandels ist der Arbeitsmarkt in Deutschland auch auf die Zuwanderung von Fach- und Arbeitskr\u00e4ften aus dem Ausland angewiesen. In Reinigungsberufen haben heute sechs von zehn Erwerbst\u00e4tigen eine Einwanderungsgeschichte, in der Gastronomie ist es fast jeder Zweite.<\/p>\n<h2>Umfrage: Wohnungsnot versch\u00e4rft Mangel<\/h2>\n<p>Um die L\u00fccke zu schlie\u00dfen, empfehlen die Studienautoren des Kofa, An- und Ungelernte zu qualifizieren und ausl\u00e4ndische Fachkr\u00e4fte zu rekrutieren. Au\u00dferdem seien zus\u00e4tzliche Anreize n\u00f6tig, um \u00e4ltere Arbeitende l\u00e4nger in Besch\u00e4ftigung zu halten.<\/p>\n<p>Die Bundesregierung lockerte zuletzt die Regelungen, um mehr Nicht-EU-B\u00fcrger auf den Arbeitsmarkt zu locken. Am 1. M\u00e4rz trat das Gesetz zur Fachkr\u00e4fteeinwanderung in Kraft. Menschen aus Drittstaaten k\u00f6nnen k\u00fcnftig in Deutschland arbeiten, wenn sie mindestens zwei Jahre Berufserfahrung und einen im Herkunftsland staatlich anerkannten Berufs- oder Hochschulabschluss haben. Sie m\u00fcssen keine in Deutschland anerkannte Ausbildung vorweisen.<\/p>\n<p>Eine H\u00fcrde im Ringen um Fachkr\u00e4fte sind auch die hohen Mieten in vielen deutschen Gro\u00dfst\u00e4dten. Das zeigt eine Umfrage der Wirtschaftspr\u00fcfungsgesellschaft PwC. Viele Menschen sehen das teure Wohnen demnach als zentrales Manko f\u00fcr das Leben in der Gro\u00dfstadt. \u00abF\u00fcr Arbeitgeber wird es in Ballungsr\u00e4umen damit immer schwieriger, Fachkr\u00e4fte zu finden und zu halten\u00bb, schreiben die Autoren.<\/p>\n<p><i class=\"lang-de\"><span class=\" readonly\" title=\"\">Von Christian Rothenberg, dpa<\/span><\/i><\/p>\n","protected":false},"excerpt":{"rendered":"<p>K\u00f6ln\u00a0(dpa)\u00a0&#8211;\u00a0Die Fachkr\u00e4ftel\u00fccke in Deutschland hat sich im Jahr 2023 leicht verringert. 570\u00a0000 offene Stellen konnten nicht mit passend qualifizierten Kandidaten besetzt werden. Das sind 62\u00a0000 und damit knapp zehn Prozent weniger als im Vorjahr. Das berichtete das Kompetenzzentrum Fachkr\u00e4ftesicherung (Kofa) des arbeitgebernahen Instituts der Deutschen Wirtschaft (IW) am Freitag. 2022 hatte der Fachkr\u00e4ftemangel den h\u00f6chsten<\/p>\n","protected":false},"author":1,"featured_media":176718,"comment_status":"closed","ping_status":"closed","sticky":false,"template":"","format":"standard","meta":{"footnotes":""},"categories":[536],"tags":[427],"class_list":{"0":"post-179058","1":"post","2":"type-post","3":"status-publish","4":"format-standard","5":"has-post-thumbnail","7":"category-candas-news","8":"tag-news"},"aioseo_notices":[],"aioseo_head":"\n\t\t<!-- All in One SEO Pro 4.9.6.2 - aioseo.com -->\n\t<meta name=\"description\" content=\"K\u00f6ln (dpa) - Die Fachkr\u00e4ftel\u00fccke in Deutschland hat sich im Jahr 2023 leicht verringert. 570 000 offene Stellen konnten nicht mit passend qualifizierten\" \/>\n\t<meta name=\"robots\" content=\"max-image-preview:large\" \/>\n\t<meta name=\"author\" content=\"Cand\u00e1s 365\"\/>\n\t<meta name=\"google-site-verification\" content=\"UA-32230408-1\" \/>\n\t<meta name=\"msvalidate.01\" content=\"354F3CDFB2DA171B47FBE9ABF1F88D5\" \/>\n\t<meta name=\"keywords\" content=\"news\" \/>\n\t<link rel=\"canonical\" href=\"https:\/\/candas365.es\/noticias\/fachkraftelucke-verringert-sich-um-knapp-zehn-prozent\/\" \/>\n\t<meta name=\"generator\" content=\"All in One SEO Pro (AIOSEO) 4.9.6.2\" \/>\n\t\t<meta property=\"og:locale\" content=\"es_ES\" \/>\n\t\t<meta property=\"og:site_name\" content=\"Cand\u00e1s 365\" \/>\n\t\t<meta property=\"og:type\" content=\"article\" \/>\n\t\t<meta property=\"og:title\" content=\"Fachkr\u00e4ftel\u00fccke verringert sich um knapp zehn Prozent | Cand\u00e1s 365\" \/>\n\t\t<meta property=\"og:description\" content=\"K\u00f6ln (dpa) - Die Fachkr\u00e4ftel\u00fccke in Deutschland hat sich im Jahr 2023 leicht verringert. 570 000 offene Stellen konnten nicht mit passend qualifizierten\" \/>\n\t\t<meta property=\"og:url\" content=\"https:\/\/candas365.es\/noticias\/fachkraftelucke-verringert-sich-um-knapp-zehn-prozent\/\" \/>\n\t\t<meta property=\"og:image\" content=\"https:\/\/candas365.es\/noticias\/wp-content\/uploads\/2023\/12\/noticias.jpg\" \/>\n\t\t<meta property=\"og:image:secure_url\" content=\"https:\/\/candas365.es\/noticias\/wp-content\/uploads\/2023\/12\/noticias.jpg\" \/>\n\t\t<meta property=\"og:image:width\" content=\"640\" \/>\n\t\t<meta property=\"og:image:height\" content=\"480\" \/>\n\t\t<meta property=\"article:published_time\" content=\"2024-03-29T16:48:55+00:00\" \/>\n\t\t<meta property=\"article:modified_time\" content=\"2024-03-29T16:48:55+00:00\" \/>\n\t\t<meta property=\"article:publisher\" content=\"https:\/\/www.facebook.com\/Nachofdezber\" \/>\n\t\t<meta property=\"article:author\" content=\"https:\/\/www.facebook.com\/carrenoactualidad\" \/>\n\t\t<meta name=\"twitter:card\" content=\"summary_large_image\" \/>\n\t\t<meta name=\"twitter:site\" content=\"@NabercoDigital\" \/>\n\t\t<meta name=\"twitter:title\" content=\"Fachkr\u00e4ftel\u00fccke verringert sich um knapp zehn Prozent | Cand\u00e1s 365\" \/>\n\t\t<meta name=\"twitter:description\" content=\"K\u00f6ln (dpa) - Die Fachkr\u00e4ftel\u00fccke in Deutschland hat sich im Jahr 2023 leicht verringert. 570 000 offene Stellen konnten nicht mit passend qualifizierten\" \/>\n\t\t<meta name=\"twitter:creator\" content=\"@nbasturias\" \/>\n\t\t<meta name=\"twitter:image\" content=\"https:\/\/candas365.es\/noticias\/wp-content\/uploads\/2023\/12\/noticias.jpg\" \/>\n\t\t<meta name=\"twitter:label1\" content=\"Escrito por\" \/>\n\t\t<meta name=\"twitter:data1\" content=\"Cand\u00e1s 365\" \/>\n\t\t<meta name=\"twitter:label2\" content=\"Tiempo de lectura estimado\" \/>\n\t\t<meta name=\"twitter:data2\" content=\"3 minutos\" \/>\n\t\t<script type=\"application\/ld+json\" class=\"aioseo-schema\">\n\t\t\t{\"@context\":\"https:\\\/\\\/schema.org\",\"@graph\":[{\"@type\":\"BreadcrumbList\",\"@id\":\"https:\\\/\\\/candas365.es\\\/noticias\\\/fachkraftelucke-verringert-sich-um-knapp-zehn-prozent\\\/#breadcrumblist\",\"itemListElement\":[{\"@type\":\"ListItem\",\"@id\":\"https:\\\/\\\/candas365.es\\\/noticias#listItem\",\"position\":1,\"name\":\"Home\",\"item\":\"https:\\\/\\\/candas365.es\\\/noticias\",\"nextItem\":{\"@type\":\"ListItem\",\"@id\":\"https:\\\/\\\/candas365.es\\\/noticias\\\/category\\\/candas-news\\\/#listItem\",\"name\":\"News\"}},{\"@type\":\"ListItem\",\"@id\":\"https:\\\/\\\/candas365.es\\\/noticias\\\/category\\\/candas-news\\\/#listItem\",\"position\":2,\"name\":\"News\",\"item\":\"https:\\\/\\\/candas365.es\\\/noticias\\\/category\\\/candas-news\\\/\",\"nextItem\":{\"@type\":\"ListItem\",\"@id\":\"https:\\\/\\\/candas365.es\\\/noticias\\\/fachkraftelucke-verringert-sich-um-knapp-zehn-prozent\\\/#listItem\",\"name\":\"Fachkr\\u00e4ftel\\u00fccke verringert sich um knapp zehn Prozent\"},\"previousItem\":{\"@type\":\"ListItem\",\"@id\":\"https:\\\/\\\/candas365.es\\\/noticias#listItem\",\"name\":\"Home\"}},{\"@type\":\"ListItem\",\"@id\":\"https:\\\/\\\/candas365.es\\\/noticias\\\/fachkraftelucke-verringert-sich-um-knapp-zehn-prozent\\\/#listItem\",\"position\":3,\"name\":\"Fachkr\\u00e4ftel\\u00fccke verringert sich um knapp zehn Prozent\",\"previousItem\":{\"@type\":\"ListItem\",\"@id\":\"https:\\\/\\\/candas365.es\\\/noticias\\\/category\\\/candas-news\\\/#listItem\",\"name\":\"News\"}}]},{\"@type\":\"NewsArticle\",\"@id\":\"https:\\\/\\\/candas365.es\\\/noticias\\\/fachkraftelucke-verringert-sich-um-knapp-zehn-prozent\\\/#newsarticle\",\"name\":\"Fachkr\\u00e4ftel\\u00fccke verringert sich um knapp zehn Prozent | Cand\\u00e1s 365\",\"headline\":\"Fachkr\\u00e4ftel\\u00fccke verringert sich um knapp zehn Prozent\",\"author\":{\"@id\":\"https:\\\/\\\/candas365.es\\\/noticias\\\/author\\\/admin\\\/#author\"},\"publisher\":{\"@id\":\"https:\\\/\\\/candas365.es\\\/noticias\\\/#organization\"},\"image\":{\"@type\":\"ImageObject\",\"url\":\"https:\\\/\\\/candas365.es\\\/noticias\\\/wp-content\\\/uploads\\\/2023\\\/12\\\/noticias.jpg\",\"width\":640,\"height\":480,\"caption\":\"noticias\"},\"datePublished\":\"2024-03-29T17:48:55+01:00\",\"dateModified\":\"2024-03-29T17:48:55+01:00\",\"inLanguage\":\"es-ES\",\"mainEntityOfPage\":{\"@id\":\"https:\\\/\\\/candas365.es\\\/noticias\\\/fachkraftelucke-verringert-sich-um-knapp-zehn-prozent\\\/#webpage\"},\"isPartOf\":{\"@id\":\"https:\\\/\\\/candas365.es\\\/noticias\\\/fachkraftelucke-verringert-sich-um-knapp-zehn-prozent\\\/#webpage\"},\"articleSection\":\"News, news\",\"dateline\":\"Publicado el marzo 29, 2024.\"},{\"@type\":\"Organization\",\"@id\":\"https:\\\/\\\/candas365.es\\\/noticias\\\/#organization\",\"name\":\"Cand\\u00e1s 365\",\"description\":\"Cand\\u00e1s 365 es un diario digital independiente, fundado en 2012, con base en Asturias. Informamos con rigor sobre actualidad, sociedad, cultura y ocio, con una mirada local y global.\",\"url\":\"https:\\\/\\\/candas365.es\\\/noticias\\\/\",\"email\":\"info@candas365.es\",\"telephone\":\"+34652131393\",\"foundingDate\":\"2012-06-10\",\"logo\":{\"@type\":\"ImageObject\",\"url\":\"https:\\\/\\\/candas365.es\\\/noticias\\\/wp-content\\\/uploads\\\/2024\\\/09\\\/Candas-365-Redes.jpg\",\"@id\":\"https:\\\/\\\/candas365.es\\\/noticias\\\/fachkraftelucke-verringert-sich-um-knapp-zehn-prozent\\\/#organizationLogo\",\"width\":1152,\"height\":864,\"caption\":\"Cand\\u00e1s 365 Redes\"},\"image\":{\"@id\":\"https:\\\/\\\/candas365.es\\\/noticias\\\/fachkraftelucke-verringert-sich-um-knapp-zehn-prozent\\\/#organizationLogo\"},\"sameAs\":[\"https:\\\/\\\/www.facebook.com\\\/Nachofdezber\",\"https:\\\/\\\/x.com\\\/NabercoDigital\",\"https:\\\/\\\/www.instagram.com\\\/nachofdezber\\\/\",\"https:\\\/\\\/www.youtube.com\\\/channel\\\/UCZP-2wLEB9Rv6erhFmqVnvg\"],\"address\":{\"@id\":\"https:\\\/\\\/candas365.es\\\/noticias\\\/#postaladdress\",\"@type\":\"PostalAddress\",\"streetAddress\":\"san antonio 4, san antonio 4\",\"postalCode\":\"33430\",\"addressLocality\":\"Cand\\u00e1s\",\"addressRegion\":\"Asturias\",\"addressCountry\":\"ES\"}},{\"@type\":\"Person\",\"@id\":\"https:\\\/\\\/candas365.es\\\/noticias\\\/author\\\/admin\\\/#author\",\"url\":\"https:\\\/\\\/candas365.es\\\/noticias\\\/author\\\/admin\\\/\",\"name\":\"Cand\\u00e1s 365\",\"image\":{\"@type\":\"ImageObject\",\"@id\":\"https:\\\/\\\/candas365.es\\\/noticias\\\/fachkraftelucke-verringert-sich-um-knapp-zehn-prozent\\\/#authorImage\",\"url\":\"https:\\\/\\\/secure.gravatar.com\\\/avatar\\\/496a8e03d0c493ede1718b7934145dbdf8d89be1036b0eec9544e1094c9de390?s=96&d=mm&r=g\",\"width\":96,\"height\":96,\"caption\":\"Cand\\u00e1s 365\"},\"sameAs\":[\"https:\\\/\\\/www.facebook.com\\\/carrenoactualidad\",\"https:\\\/\\\/twitter.com\\\/nbasturias\",\"https:\\\/\\\/www.instagram.com\\\/nachofdezber\\\/\",\"https:\\\/\\\/www.youtube.com\\\/channel\\\/UCZP-2wLEB9Rv6erhFmqVnvg\"]},{\"@type\":\"WebPage\",\"@id\":\"https:\\\/\\\/candas365.es\\\/noticias\\\/fachkraftelucke-verringert-sich-um-knapp-zehn-prozent\\\/#webpage\",\"url\":\"https:\\\/\\\/candas365.es\\\/noticias\\\/fachkraftelucke-verringert-sich-um-knapp-zehn-prozent\\\/\",\"name\":\"Fachkr\\u00e4ftel\\u00fccke verringert sich um knapp zehn Prozent | Cand\\u00e1s 365\",\"description\":\"K\\u00f6ln (dpa) - Die Fachkr\\u00e4ftel\\u00fccke in Deutschland hat sich im Jahr 2023 leicht verringert. 570 000 offene Stellen konnten nicht mit passend qualifizierten\",\"inLanguage\":\"es-ES\",\"isPartOf\":{\"@id\":\"https:\\\/\\\/candas365.es\\\/noticias\\\/#website\"},\"breadcrumb\":{\"@id\":\"https:\\\/\\\/candas365.es\\\/noticias\\\/fachkraftelucke-verringert-sich-um-knapp-zehn-prozent\\\/#breadcrumblist\"},\"author\":{\"@id\":\"https:\\\/\\\/candas365.es\\\/noticias\\\/author\\\/admin\\\/#author\"},\"creator\":{\"@id\":\"https:\\\/\\\/candas365.es\\\/noticias\\\/author\\\/admin\\\/#author\"},\"image\":{\"@type\":\"ImageObject\",\"url\":\"https:\\\/\\\/candas365.es\\\/noticias\\\/wp-content\\\/uploads\\\/2023\\\/12\\\/noticias.jpg\",\"@id\":\"https:\\\/\\\/candas365.es\\\/noticias\\\/fachkraftelucke-verringert-sich-um-knapp-zehn-prozent\\\/#mainImage\",\"width\":640,\"height\":480,\"caption\":\"noticias\"},\"primaryImageOfPage\":{\"@id\":\"https:\\\/\\\/candas365.es\\\/noticias\\\/fachkraftelucke-verringert-sich-um-knapp-zehn-prozent\\\/#mainImage\"},\"datePublished\":\"2024-03-29T17:48:55+01:00\",\"dateModified\":\"2024-03-29T17:48:55+01:00\"},{\"@type\":\"WebSite\",\"@id\":\"https:\\\/\\\/candas365.es\\\/noticias\\\/#website\",\"url\":\"https:\\\/\\\/candas365.es\\\/noticias\\\/\",\"name\":\"Cand\\u00e1s 365\",\"alternateName\":\"Cand\\u00e1s 365 Noticias\",\"description\":\"Actualidad desde Carre\\u00f1o para el mundo\",\"inLanguage\":\"es-ES\",\"publisher\":{\"@id\":\"https:\\\/\\\/candas365.es\\\/noticias\\\/#organization\"}}]}\n\t\t<\/script>\n\t\t<!-- All in One SEO Pro -->\r\n\t\t<title>Fachkr\u00e4ftel\u00fccke verringert sich um knapp zehn Prozent | Cand\u00e1s 365<\/title>\n\n","aioseo_head_json":{"title":"Fachkr\u00e4ftel\u00fccke verringert sich um knapp zehn Prozent | Cand\u00e1s 365","description":"K\u00f6ln (dpa) - Die Fachkr\u00e4ftel\u00fccke in Deutschland hat sich im Jahr 2023 leicht verringert. 570 000 offene Stellen konnten nicht mit passend qualifizierten","canonical_url":"https:\/\/candas365.es\/noticias\/fachkraftelucke-verringert-sich-um-knapp-zehn-prozent\/","robots":"max-image-preview:large","keywords":"news","webmasterTools":{"google-site-verification":"UA-32230408-1","msvalidate.01":"354F3CDFB2DA171B47FBE9ABF1F88D5","miscellaneous":""},"schema":{"@context":"https:\/\/schema.org","@graph":[{"@type":"BreadcrumbList","@id":"https:\/\/candas365.es\/noticias\/fachkraftelucke-verringert-sich-um-knapp-zehn-prozent\/#breadcrumblist","itemListElement":[{"@type":"ListItem","@id":"https:\/\/candas365.es\/noticias#listItem","position":1,"name":"Home","item":"https:\/\/candas365.es\/noticias","nextItem":{"@type":"ListItem","@id":"https:\/\/candas365.es\/noticias\/category\/candas-news\/#listItem","name":"News"}},{"@type":"ListItem","@id":"https:\/\/candas365.es\/noticias\/category\/candas-news\/#listItem","position":2,"name":"News","item":"https:\/\/candas365.es\/noticias\/category\/candas-news\/","nextItem":{"@type":"ListItem","@id":"https:\/\/candas365.es\/noticias\/fachkraftelucke-verringert-sich-um-knapp-zehn-prozent\/#listItem","name":"Fachkr\u00e4ftel\u00fccke verringert sich um knapp zehn Prozent"},"previousItem":{"@type":"ListItem","@id":"https:\/\/candas365.es\/noticias#listItem","name":"Home"}},{"@type":"ListItem","@id":"https:\/\/candas365.es\/noticias\/fachkraftelucke-verringert-sich-um-knapp-zehn-prozent\/#listItem","position":3,"name":"Fachkr\u00e4ftel\u00fccke verringert sich um knapp zehn Prozent","previousItem":{"@type":"ListItem","@id":"https:\/\/candas365.es\/noticias\/category\/candas-news\/#listItem","name":"News"}}]},{"@type":"NewsArticle","@id":"https:\/\/candas365.es\/noticias\/fachkraftelucke-verringert-sich-um-knapp-zehn-prozent\/#newsarticle","name":"Fachkr\u00e4ftel\u00fccke verringert sich um knapp zehn Prozent | Cand\u00e1s 365","headline":"Fachkr\u00e4ftel\u00fccke verringert sich um knapp zehn Prozent","author":{"@id":"https:\/\/candas365.es\/noticias\/author\/admin\/#author"},"publisher":{"@id":"https:\/\/candas365.es\/noticias\/#organization"},"image":{"@type":"ImageObject","url":"https:\/\/candas365.es\/noticias\/wp-content\/uploads\/2023\/12\/noticias.jpg","width":640,"height":480,"caption":"noticias"},"datePublished":"2024-03-29T17:48:55+01:00","dateModified":"2024-03-29T17:48:55+01:00","inLanguage":"es-ES","mainEntityOfPage":{"@id":"https:\/\/candas365.es\/noticias\/fachkraftelucke-verringert-sich-um-knapp-zehn-prozent\/#webpage"},"isPartOf":{"@id":"https:\/\/candas365.es\/noticias\/fachkraftelucke-verringert-sich-um-knapp-zehn-prozent\/#webpage"},"articleSection":"News, news","dateline":"Publicado el marzo 29, 2024."},{"@type":"Organization","@id":"https:\/\/candas365.es\/noticias\/#organization","name":"Cand\u00e1s 365","description":"Cand\u00e1s 365 es un diario digital independiente, fundado en 2012, con base en Asturias. Informamos con rigor sobre actualidad, sociedad, cultura y ocio, con una mirada local y global.","url":"https:\/\/candas365.es\/noticias\/","email":"info@candas365.es","telephone":"+34652131393","foundingDate":"2012-06-10","logo":{"@type":"ImageObject","url":"https:\/\/candas365.es\/noticias\/wp-content\/uploads\/2024\/09\/Candas-365-Redes.jpg","@id":"https:\/\/candas365.es\/noticias\/fachkraftelucke-verringert-sich-um-knapp-zehn-prozent\/#organizationLogo","width":1152,"height":864,"caption":"Cand\u00e1s 365 Redes"},"image":{"@id":"https:\/\/candas365.es\/noticias\/fachkraftelucke-verringert-sich-um-knapp-zehn-prozent\/#organizationLogo"},"sameAs":["https:\/\/www.facebook.com\/Nachofdezber","https:\/\/x.com\/NabercoDigital","https:\/\/www.instagram.com\/nachofdezber\/","https:\/\/www.youtube.com\/channel\/UCZP-2wLEB9Rv6erhFmqVnvg"],"address":{"@id":"https:\/\/candas365.es\/noticias\/#postaladdress","@type":"PostalAddress","streetAddress":"san antonio 4, san antonio 4","postalCode":"33430","addressLocality":"Cand\u00e1s","addressRegion":"Asturias","addressCountry":"ES"}},{"@type":"Person","@id":"https:\/\/candas365.es\/noticias\/author\/admin\/#author","url":"https:\/\/candas365.es\/noticias\/author\/admin\/","name":"Cand\u00e1s 365","image":{"@type":"ImageObject","@id":"https:\/\/candas365.es\/noticias\/fachkraftelucke-verringert-sich-um-knapp-zehn-prozent\/#authorImage","url":"https:\/\/secure.gravatar.com\/avatar\/496a8e03d0c493ede1718b7934145dbdf8d89be1036b0eec9544e1094c9de390?s=96&d=mm&r=g","width":96,"height":96,"caption":"Cand\u00e1s 365"},"sameAs":["https:\/\/www.facebook.com\/carrenoactualidad","https:\/\/twitter.com\/nbasturias","https:\/\/www.instagram.com\/nachofdezber\/","https:\/\/www.youtube.com\/channel\/UCZP-2wLEB9Rv6erhFmqVnvg"]},{"@type":"WebPage","@id":"https:\/\/candas365.es\/noticias\/fachkraftelucke-verringert-sich-um-knapp-zehn-prozent\/#webpage","url":"https:\/\/candas365.es\/noticias\/fachkraftelucke-verringert-sich-um-knapp-zehn-prozent\/","name":"Fachkr\u00e4ftel\u00fccke verringert sich um knapp zehn Prozent | Cand\u00e1s 365","description":"K\u00f6ln (dpa) - Die Fachkr\u00e4ftel\u00fccke in Deutschland hat sich im Jahr 2023 leicht verringert. 570 000 offene Stellen konnten nicht mit passend qualifizierten","inLanguage":"es-ES","isPartOf":{"@id":"https:\/\/candas365.es\/noticias\/#website"},"breadcrumb":{"@id":"https:\/\/candas365.es\/noticias\/fachkraftelucke-verringert-sich-um-knapp-zehn-prozent\/#breadcrumblist"},"author":{"@id":"https:\/\/candas365.es\/noticias\/author\/admin\/#author"},"creator":{"@id":"https:\/\/candas365.es\/noticias\/author\/admin\/#author"},"image":{"@type":"ImageObject","url":"https:\/\/candas365.es\/noticias\/wp-content\/uploads\/2023\/12\/noticias.jpg","@id":"https:\/\/candas365.es\/noticias\/fachkraftelucke-verringert-sich-um-knapp-zehn-prozent\/#mainImage","width":640,"height":480,"caption":"noticias"},"primaryImageOfPage":{"@id":"https:\/\/candas365.es\/noticias\/fachkraftelucke-verringert-sich-um-knapp-zehn-prozent\/#mainImage"},"datePublished":"2024-03-29T17:48:55+01:00","dateModified":"2024-03-29T17:48:55+01:00"},{"@type":"WebSite","@id":"https:\/\/candas365.es\/noticias\/#website","url":"https:\/\/candas365.es\/noticias\/","name":"Cand\u00e1s 365","alternateName":"Cand\u00e1s 365 Noticias","description":"Actualidad desde Carre\u00f1o para el mundo","inLanguage":"es-ES","publisher":{"@id":"https:\/\/candas365.es\/noticias\/#organization"}}]},"og:locale":"es_ES","og:site_name":"Cand\u00e1s 365","og:type":"article","og:title":"Fachkr\u00e4ftel\u00fccke verringert sich um knapp zehn Prozent | Cand\u00e1s 365","og:description":"K\u00f6ln (dpa) - Die Fachkr\u00e4ftel\u00fccke in Deutschland hat sich im Jahr 2023 leicht verringert. 570 000 offene Stellen konnten nicht mit passend qualifizierten","og:url":"https:\/\/candas365.es\/noticias\/fachkraftelucke-verringert-sich-um-knapp-zehn-prozent\/","og:image":"https:\/\/candas365.es\/noticias\/wp-content\/uploads\/2023\/12\/noticias.jpg","og:image:secure_url":"https:\/\/candas365.es\/noticias\/wp-content\/uploads\/2023\/12\/noticias.jpg","og:image:width":640,"og:image:height":480,"article:published_time":"2024-03-29T16:48:55+00:00","article:modified_time":"2024-03-29T16:48:55+00:00","article:publisher":"https:\/\/www.facebook.com\/Nachofdezber","article:author":"https:\/\/www.facebook.com\/carrenoactualidad","twitter:card":"summary_large_image","twitter:site":"@NabercoDigital","twitter:title":"Fachkr\u00e4ftel\u00fccke verringert sich um knapp zehn Prozent | Cand\u00e1s 365","twitter:description":"K\u00f6ln (dpa) - Die Fachkr\u00e4ftel\u00fccke in Deutschland hat sich im Jahr 2023 leicht verringert. 570 000 offene Stellen konnten nicht mit passend qualifizierten","twitter:creator":"@nbasturias","twitter:image":"https:\/\/candas365.es\/noticias\/wp-content\/uploads\/2023\/12\/noticias.jpg","twitter:label1":"Escrito por","twitter:data1":"Cand\u00e1s 365","twitter:label2":"Tiempo de lectura estimado","twitter:data2":"3 minutos"},"aioseo_meta_data":{"post_id":"179058","title":null,"description":"K\u00f6ln (dpa) - Die Fachkr\u00e4ftel\u00fccke in Deutschland hat sich im Jahr 2023 leicht verringert. 570 000 offene Stellen konnten nicht mit passend qualifizierten","keywords":[],"keyphrases":{"focus":{"keyphrase":"Fachkr\u00e4ftel\u00fccke","score":67,"analysis":{"keyphraseInTitle":{"score":9,"maxScore":9,"error":0},"keyphraseInDescription":{"score":9,"maxScore":9,"error":0},"keyphraseLength":{"score":9,"maxScore":9,"error":0,"length":3},"keyphraseInURL":[],"keyphraseInIntroduction":{"score":9,"maxScore":9,"error":0},"keyphraseInSubHeadings":{"score":3,"maxScore":9,"error":1},"keyphraseInImageAlt":{"score":3,"maxScore":9,"error":1},"keywordDensity":{"score":0,"type":"low","maxScore":9,"error":1}}},"additional":[{"keyphrase":"Fachkr\u00e4ftel\u00fccke","score":67,"analysis":{"keyphraseInDescription":{"score":9,"maxScore":9,"error":0},"keyphraseLength":{"score":9,"maxScore":9,"error":0,"length":3},"keyphraseInIntroduction":{"score":9,"maxScore":9,"error":0},"keyphraseInImageAlt":{"score":3,"maxScore":9,"error":1},"keywordDensity":{"score":0,"type":"low","maxScore":9,"error":1}}}]},"primary_term":null,"canonical_url":null,"og_title":null,"og_description":null,"og_object_type":"default","og_image_type":"default","og_image_url":null,"og_image_width":null,"og_image_height":null,"og_image_custom_url":null,"og_image_custom_fields":null,"og_video":"","og_custom_url":null,"og_article_section":null,"og_article_tags":[],"twitter_use_og":false,"twitter_card":"default","twitter_image_type":"default","twitter_image_url":null,"twitter_image_custom_url":null,"twitter_image_custom_fields":null,"twitter_title":null,"twitter_description":null,"schema":{"blockGraphs":[],"customGraphs":[],"default":{"data":{"Article":[],"Course":[],"Dataset":[],"FAQPage":[],"Movie":[],"Person":[],"Product":[],"ProductReview":[],"Car":[],"Recipe":[],"Service":[],"SoftwareApplication":[],"WebPage":[]},"graphName":"Article","isEnabled":true},"graphs":[]},"schema_type":"default","schema_type_options":null,"pillar_content":false,"robots_default":true,"robots_noindex":false,"robots_noarchive":false,"robots_nosnippet":false,"robots_nofollow":false,"robots_noimageindex":false,"robots_noodp":false,"robots_notranslate":false,"robots_max_snippet":"-1","robots_max_videopreview":"-1","robots_max_imagepreview":"large","priority":null,"frequency":"default","location":null,"local_seo":null,"seo_analyzer_scan_date":"2025-09-02 05:48:22","breadcrumb_settings":null,"limit_modified_date":false,"reviewed_by":null,"open_ai":"{\"title\":{\"suggestions\":[],\"usage\":0},\"description\":{\"suggestions\":[],\"usage\":0}}","ai":null,"created":"2024-03-29 16:46:42","updated":"2025-09-02 05:48:22"},"aioseo_breadcrumb":"<div class=\"aioseo-breadcrumbs\"><span class=\"aioseo-breadcrumb\">\n\t<a href=\"https:\/\/candas365.es\/noticias\" title=\"Home\">Home<\/a>\n<\/span><span class=\"aioseo-breadcrumb-separator\">&ndash;<\/span><span class=\"aioseo-breadcrumb\">\n\t<a href=\"https:\/\/candas365.es\/noticias\/category\/candas-news\/\" title=\"News\">News<\/a>\n<\/span><span class=\"aioseo-breadcrumb-separator\">&ndash;<\/span><span class=\"aioseo-breadcrumb\">\n\tFachkr\u00e4ftel\u00fccke verringert sich um knapp zehn Prozent\n<\/span><\/div>","aioseo_breadcrumb_json":[{"label":"Home","link":"https:\/\/candas365.es\/noticias"},{"label":"News","link":"https:\/\/candas365.es\/noticias\/category\/candas-news\/"},{"label":"Fachkr\u00e4ftel\u00fccke verringert sich um knapp zehn Prozent","link":"https:\/\/candas365.es\/noticias\/fachkraftelucke-verringert-sich-um-knapp-zehn-prozent\/"}],"_links":{"self":[{"href":"https:\/\/candas365.es\/noticias\/wp-json\/wp\/v2\/posts\/179058","targetHints":{"allow":["GET"]}}],"collection":[{"href":"https:\/\/candas365.es\/noticias\/wp-json\/wp\/v2\/posts"}],"about":[{"href":"https:\/\/candas365.es\/noticias\/wp-json\/wp\/v2\/types\/post"}],"author":[{"embeddable":true,"href":"https:\/\/candas365.es\/noticias\/wp-json\/wp\/v2\/users\/1"}],"replies":[{"embeddable":true,"href":"https:\/\/candas365.es\/noticias\/wp-json\/wp\/v2\/comments?post=179058"}],"version-history":[{"count":0,"href":"https:\/\/candas365.es\/noticias\/wp-json\/wp\/v2\/posts\/179058\/revisions"}],"wp:featuredmedia":[{"embeddable":true,"href":"https:\/\/candas365.es\/noticias\/wp-json\/wp\/v2\/media\/176718"}],"wp:attachment":[{"href":"https:\/\/candas365.es\/noticias\/wp-json\/wp\/v2\/media?parent=179058"}],"wp:term":[{"taxonomy":"category","embeddable":true,"href":"https:\/\/candas365.es\/noticias\/wp-json\/wp\/v2\/categories?post=179058"},{"taxonomy":"post_tag","embeddable":true,"href":"https:\/\/candas365.es\/noticias\/wp-json\/wp\/v2\/tags?post=179058"}],"curies":[{"name":"wp","href":"https:\/\/api.w.org\/{rel}","templated":true}]}}