{"id":179019,"date":"2024-03-28T21:04:43","date_gmt":"2024-03-28T20:04:43","guid":{"rendered":"https:\/\/candas365.es\/noticias\/?p=179019"},"modified":"2024-03-28T21:04:43","modified_gmt":"2024-03-28T20:04:43","slug":"baerbock-no-debe-haber-una-gran-ofensiva-sobre-rafah","status":"publish","type":"post","link":"https:\/\/candas365.es\/noticias\/baerbock-no-debe-haber-una-gran-ofensiva-sobre-rafah\/","title":{"rendered":"Baerbock: \u00abNo debe haber una gran ofensiva sobre Rafah\u00bb"},"content":{"rendered":"<p>Jerusal\u00e9n\/ El Cairo, 25 mar (<span style=\"color: #ff6600;\"><a style=\"color: #ff6600;\" title=\"dpa\" href=\"https:\/\/www.dpa-news.de\/\" target=\"_blank\" rel=\"nofollow noopener\"><strong>dpa<\/strong><\/a><\/span>) &#8211; La ministra alemana de Relaciones Exteriores, Annalena Baerbock, inst\u00f3 en\u00e9rgicamente a <a href=\"https:\/\/candas365.es\/noticias\/olaf-scholz-es-necesario-un-rapido-alto-el-fuego-en-la-guerra-de-gaza\/\"><span style=\"color: #ff6600;\"><strong>Israel<\/strong><\/span><\/a> a abstenerse de realizar una ofensiva terrestre en Rafah, en declaraciones tras reunirse hoy en El Cairo con su hom\u00f3logo egipcio, Samih Shukri.<\/p>\n<figure id=\"attachment_179020\" aria-describedby=\"caption-attachment-179020\" style=\"width: 650px\" class=\"wp-caption aligncenter\"><img fetchpriority=\"high\" decoding=\"async\" class=\"size-large wp-image-179020\" src=\"https:\/\/candas365.es\/noticias\/wp-content\/uploads\/2024\/03\/Baerbock-2-650x439.jpg\" alt=\"Baerbock\" width=\"650\" height=\"439\" srcset=\"https:\/\/candas365.es\/noticias\/wp-content\/uploads\/2024\/03\/Baerbock-2-650x439.jpg 650w, https:\/\/candas365.es\/noticias\/wp-content\/uploads\/2024\/03\/Baerbock-2-360x243.jpg 360w, https:\/\/candas365.es\/noticias\/wp-content\/uploads\/2024\/03\/Baerbock-2-768x518.jpg 768w, https:\/\/candas365.es\/noticias\/wp-content\/uploads\/2024\/03\/Baerbock-2-150x101.jpg 150w, https:\/\/candas365.es\/noticias\/wp-content\/uploads\/2024\/03\/Baerbock-2-450x304.jpg 450w, https:\/\/candas365.es\/noticias\/wp-content\/uploads\/2024\/03\/Baerbock-2.jpg 999w\" sizes=\"(max-width: 650px) 100vw, 650px\" \/><figcaption id=\"caption-attachment-179020\" class=\"wp-caption-text\">Annalena Baerbock, ministra alemana de Relaciones Exteriores, declara ante los medios en el aeropuerto de El Cairo. Foto: Christoph Soeder\/dpa<\/figcaption><\/figure>\n<p><strong>\u00abNo debe haber ninguna ofensiva a gran escala sobre Rafah\u00bb, dijo Baerbock<\/strong>. \u00abLa gente no puede desvanecerse en el aire\u00bb, agreg\u00f3 la ministra antes de partir desde El Cairo hacia Israel para reunirse con su hom\u00f3logo israel\u00ed Israel Katz.<\/p>\n<p>Se estima que unos 1,5 millones de los 2,2 millones de habitantes de la Franja de Gaza buscan actualmente refugio en Rafah de los combates en otras partes de Gaza. Seg\u00fan el primer ministro israel\u00ed, Benjam\u00edn Netanyahu, el Ej\u00e9rcito ha elaborado planes para poner a salvo a los civiles.<\/p>\n<p>Baerbock tambi\u00e9n subray\u00f3 que, dada la catastr\u00f3fica situaci\u00f3n humanitaria en la Franja de Gaza, los env\u00edos de ayuda por aire y por mar aportan solo una peque\u00f1a contribuci\u00f3n a aliviarla. \u00abLo que necesitamos es abrir la ruta terrestre\u00bb, coment\u00f3.<\/p>\n<blockquote><p>La ministra agreg\u00f3 que el Gobierno israel\u00ed tiene la responsabilidad de garantizar el acceso a alimentos y agua, as\u00ed como a v\u00edas de escape seguras para la poblaci\u00f3n.<\/p><\/blockquote>\n<p>Baerbock acus\u00f3 a Israel de no distinguir con suficiente claridad entre objetivos militares y civiles. En su opini\u00f3n, esto y la terrible situaci\u00f3n humanitaria promueve a\u00fan m\u00e1s el terror en la Franja de Gaza. \u00abNo se liberar\u00e1 a ning\u00fan reh\u00e9n si los ni\u00f1os de Gaza se est\u00e1n muriendo de hambre\u00bb, apunt\u00f3.<\/p>\n<p>La titular de Exteriores abog\u00f3 por reconocer el sufrimiento de ambas partes. \u00abDebemos hacer todo lo posible para que la terrible situaci\u00f3n de la poblaci\u00f3n de Gaza termine por fin\u00bb, expuso.<\/p>\n<p>\u00abY debemos hacer todo lo posible para garantizar que las familias que llevan m\u00e1s de cinco meses esperando a sus seres queridos, a sus hijas, hijos y padres, que estas personas vuelvan por fin a casa y que la amenaza a Israel de la organizaci\u00f3n terrorista Ham\u00e1s llegue a su fin\u00bb, a\u00f1adi\u00f3.<\/p>\n<p>Despu\u00e9s de su breve visita a El Cairo e Israel, Baerbock prev\u00e9 viajar hoy mismo a Cisjordania para reunirse all\u00ed con el presidente palestino, Mahmud Abbas, y con el titular de Exteriores, Riad Malki.<\/p>\n<p>Seg\u00fan un informe de los medios de comunicaci\u00f3n, Abbas pidi\u00f3 a Ham\u00e1s a mediados de febrero que concluyera r\u00e1pidamente un acuerdo con Israel sobre los rehenes para proteger al pueblo palestino y evitar un ataque israel\u00ed contra la ciudad de Rafah que provocar\u00eda miles de v\u00edctimas, sufrimiento y desplazamientos.<\/p>\n<p>\u00abSolo la perspectiva de una soluci\u00f3n de dos Estados con una Autoridad Palestina reformada como primer paso hacia un Estado palestino democr\u00e1tico puede ofrecer a la poblaci\u00f3n una vida en condiciones de seguridad y dignidad\u00bb, expres\u00f3 Baerbock al inicio de su viaje a la regi\u00f3n.<\/p>\n","protected":false},"excerpt":{"rendered":"<p>Jerusal\u00e9n\/ El Cairo, 25 mar (dpa) &#8211; La ministra alemana de Relaciones Exteriores, Annalena Baerbock, inst\u00f3 en\u00e9rgicamente a Israel a abstenerse de realizar una ofensiva terrestre en Rafah, en declaraciones tras reunirse hoy en El Cairo con su hom\u00f3logo egipcio, Samih Shukri. \u00abNo debe haber ninguna ofensiva a gran escala sobre Rafah\u00bb, dijo Baerbock. \u00abLa<\/p>\n","protected":false},"author":1,"featured_media":179020,"comment_status":"closed","ping_status":"closed","sticky":false,"template":"","format":"standard","meta":{"footnotes":""},"categories":[485],"tags":[417,464],"class_list":{"0":"post-179019","1":"post","2":"type-post","3":"status-publish","4":"format-standard","5":"has-post-thumbnail","7":"category-internacional","8":"tag-alemania","9":"tag-conflictos"},"aioseo_notices":[],"aioseo_head":"\n\t\t<!-- All in One SEO Pro 4.9.6.2 - aioseo.com -->\n\t<meta name=\"description\" content=\"Jerusal\u00e9n\/ El Cairo, 25 mar (dpa) - La ministra alemana de Relaciones Exteriores, Annalena Baerbock, inst\u00f3 en\u00e9rgicamente a Israel a abstenerse de realizar una\" \/>\n\t<meta name=\"robots\" content=\"max-image-preview:large\" \/>\n\t<meta name=\"author\" content=\"Cand\u00e1s 365\"\/>\n\t<meta name=\"google-site-verification\" content=\"UA-32230408-1\" \/>\n\t<meta name=\"msvalidate.01\" content=\"354F3CDFB2DA171B47FBE9ABF1F88D5\" \/>\n\t<meta name=\"keywords\" content=\"internacional\" \/>\n\t<link rel=\"canonical\" href=\"https:\/\/candas365.es\/noticias\/baerbock-no-debe-haber-una-gran-ofensiva-sobre-rafah\/\" \/>\n\t<meta name=\"generator\" content=\"All in One SEO Pro (AIOSEO) 4.9.6.2\" \/>\n\t\t<meta property=\"og:locale\" content=\"es_ES\" \/>\n\t\t<meta property=\"og:site_name\" content=\"Cand\u00e1s 365\" \/>\n\t\t<meta property=\"og:type\" content=\"article\" \/>\n\t\t<meta property=\"og:title\" content=\"Baerbock: \u00abNo debe haber una gran ofensiva sobre Rafah\u00bb | Cand\u00e1s 365\" \/>\n\t\t<meta property=\"og:description\" content=\"Jerusal\u00e9n\/ El Cairo, 25 mar (dpa) - La ministra alemana de Relaciones Exteriores, Annalena Baerbock, inst\u00f3 en\u00e9rgicamente a Israel a abstenerse de realizar una\" \/>\n\t\t<meta property=\"og:url\" content=\"https:\/\/candas365.es\/noticias\/baerbock-no-debe-haber-una-gran-ofensiva-sobre-rafah\/\" \/>\n\t\t<meta property=\"og:image\" content=\"https:\/\/candas365.es\/noticias\/wp-content\/uploads\/2024\/03\/Baerbock-2.jpg\" \/>\n\t\t<meta property=\"og:image:secure_url\" content=\"https:\/\/candas365.es\/noticias\/wp-content\/uploads\/2024\/03\/Baerbock-2.jpg\" \/>\n\t\t<meta property=\"og:image:width\" content=\"999\" \/>\n\t\t<meta property=\"og:image:height\" content=\"674\" \/>\n\t\t<meta property=\"article:published_time\" content=\"2024-03-28T20:04:43+00:00\" \/>\n\t\t<meta property=\"article:modified_time\" content=\"2024-03-28T20:04:43+00:00\" \/>\n\t\t<meta property=\"article:publisher\" content=\"https:\/\/www.facebook.com\/Nachofdezber\" \/>\n\t\t<meta property=\"article:author\" content=\"https:\/\/www.facebook.com\/carrenoactualidad\" \/>\n\t\t<meta name=\"twitter:card\" content=\"summary_large_image\" \/>\n\t\t<meta name=\"twitter:site\" content=\"@NabercoDigital\" \/>\n\t\t<meta name=\"twitter:title\" content=\"Baerbock: \u00abNo debe haber una gran ofensiva sobre Rafah\u00bb | Cand\u00e1s 365\" \/>\n\t\t<meta name=\"twitter:description\" content=\"Jerusal\u00e9n\/ El Cairo, 25 mar (dpa) - La ministra alemana de Relaciones Exteriores, Annalena Baerbock, inst\u00f3 en\u00e9rgicamente a Israel a abstenerse de realizar una\" \/>\n\t\t<meta name=\"twitter:creator\" content=\"@nbasturias\" \/>\n\t\t<meta name=\"twitter:image\" content=\"https:\/\/candas365.es\/noticias\/wp-content\/uploads\/2024\/03\/Baerbock-2.jpg\" \/>\n\t\t<meta name=\"twitter:label1\" content=\"Escrito por\" \/>\n\t\t<meta name=\"twitter:data1\" content=\"Cand\u00e1s 365\" \/>\n\t\t<meta name=\"twitter:label2\" content=\"Tiempo de lectura estimado\" \/>\n\t\t<meta name=\"twitter:data2\" content=\"3 minutos\" \/>\n\t\t<script type=\"application\/ld+json\" class=\"aioseo-schema\">\n\t\t\t{\"@context\":\"https:\\\/\\\/schema.org\",\"@graph\":[{\"@type\":\"BreadcrumbList\",\"@id\":\"https:\\\/\\\/candas365.es\\\/noticias\\\/baerbock-no-debe-haber-una-gran-ofensiva-sobre-rafah\\\/#breadcrumblist\",\"itemListElement\":[{\"@type\":\"ListItem\",\"@id\":\"https:\\\/\\\/candas365.es\\\/noticias#listItem\",\"position\":1,\"name\":\"Home\",\"item\":\"https:\\\/\\\/candas365.es\\\/noticias\",\"nextItem\":{\"@type\":\"ListItem\",\"@id\":\"https:\\\/\\\/candas365.es\\\/noticias\\\/category\\\/internacional\\\/#listItem\",\"name\":\"Internacional\"}},{\"@type\":\"ListItem\",\"@id\":\"https:\\\/\\\/candas365.es\\\/noticias\\\/category\\\/internacional\\\/#listItem\",\"position\":2,\"name\":\"Internacional\",\"item\":\"https:\\\/\\\/candas365.es\\\/noticias\\\/category\\\/internacional\\\/\",\"nextItem\":{\"@type\":\"ListItem\",\"@id\":\"https:\\\/\\\/candas365.es\\\/noticias\\\/baerbock-no-debe-haber-una-gran-ofensiva-sobre-rafah\\\/#listItem\",\"name\":\"Baerbock: \\u00abNo debe haber una gran ofensiva sobre Rafah\\u00bb\"},\"previousItem\":{\"@type\":\"ListItem\",\"@id\":\"https:\\\/\\\/candas365.es\\\/noticias#listItem\",\"name\":\"Home\"}},{\"@type\":\"ListItem\",\"@id\":\"https:\\\/\\\/candas365.es\\\/noticias\\\/baerbock-no-debe-haber-una-gran-ofensiva-sobre-rafah\\\/#listItem\",\"position\":3,\"name\":\"Baerbock: \\u00abNo debe haber una gran ofensiva sobre Rafah\\u00bb\",\"previousItem\":{\"@type\":\"ListItem\",\"@id\":\"https:\\\/\\\/candas365.es\\\/noticias\\\/category\\\/internacional\\\/#listItem\",\"name\":\"Internacional\"}}]},{\"@type\":\"NewsArticle\",\"@id\":\"https:\\\/\\\/candas365.es\\\/noticias\\\/baerbock-no-debe-haber-una-gran-ofensiva-sobre-rafah\\\/#newsarticle\",\"name\":\"Baerbock: \\u00abNo debe haber una gran ofensiva sobre Rafah\\u00bb | Cand\\u00e1s 365\",\"headline\":\"Baerbock: \\u00abNo debe haber una gran ofensiva sobre Rafah\\u00bb\",\"author\":{\"@id\":\"https:\\\/\\\/candas365.es\\\/noticias\\\/author\\\/admin\\\/#author\"},\"publisher\":{\"@id\":\"https:\\\/\\\/candas365.es\\\/noticias\\\/#organization\"},\"image\":{\"@type\":\"ImageObject\",\"url\":\"https:\\\/\\\/candas365.es\\\/noticias\\\/wp-content\\\/uploads\\\/2024\\\/03\\\/Baerbock-2.jpg\",\"width\":999,\"height\":674,\"caption\":\"Annalena Baerbock, ministra alemana de Relaciones Exteriores, declara ante los medios en el aeropuerto de El Cairo. Foto: Christoph Soeder\\\/dpa\"},\"datePublished\":\"2024-03-28T21:04:43+01:00\",\"dateModified\":\"2024-03-28T21:04:43+01:00\",\"inLanguage\":\"es-ES\",\"mainEntityOfPage\":{\"@id\":\"https:\\\/\\\/candas365.es\\\/noticias\\\/baerbock-no-debe-haber-una-gran-ofensiva-sobre-rafah\\\/#webpage\"},\"isPartOf\":{\"@id\":\"https:\\\/\\\/candas365.es\\\/noticias\\\/baerbock-no-debe-haber-una-gran-ofensiva-sobre-rafah\\\/#webpage\"},\"articleSection\":\"Internacional, Alemania, conflictos\",\"dateline\":\"Publicado el marzo 28, 2024.\"},{\"@type\":\"Organization\",\"@id\":\"https:\\\/\\\/candas365.es\\\/noticias\\\/#organization\",\"name\":\"Cand\\u00e1s 365\",\"description\":\"Cand\\u00e1s 365 es un diario digital independiente, fundado en 2012, con base en Asturias. Informamos con rigor sobre actualidad, sociedad, cultura y ocio, con una mirada local y global.\",\"url\":\"https:\\\/\\\/candas365.es\\\/noticias\\\/\",\"email\":\"info@candas365.es\",\"telephone\":\"+34652131393\",\"foundingDate\":\"2012-06-10\",\"logo\":{\"@type\":\"ImageObject\",\"url\":\"https:\\\/\\\/candas365.es\\\/noticias\\\/wp-content\\\/uploads\\\/2024\\\/09\\\/Candas-365-Redes.jpg\",\"@id\":\"https:\\\/\\\/candas365.es\\\/noticias\\\/baerbock-no-debe-haber-una-gran-ofensiva-sobre-rafah\\\/#organizationLogo\",\"width\":1152,\"height\":864,\"caption\":\"Cand\\u00e1s 365 Redes\"},\"image\":{\"@id\":\"https:\\\/\\\/candas365.es\\\/noticias\\\/baerbock-no-debe-haber-una-gran-ofensiva-sobre-rafah\\\/#organizationLogo\"},\"sameAs\":[\"https:\\\/\\\/www.facebook.com\\\/Nachofdezber\",\"https:\\\/\\\/x.com\\\/NabercoDigital\",\"https:\\\/\\\/www.instagram.com\\\/nachofdezber\\\/\",\"https:\\\/\\\/www.youtube.com\\\/channel\\\/UCZP-2wLEB9Rv6erhFmqVnvg\"],\"address\":{\"@id\":\"https:\\\/\\\/candas365.es\\\/noticias\\\/#postaladdress\",\"@type\":\"PostalAddress\",\"streetAddress\":\"san antonio 4, san antonio 4\",\"postalCode\":\"33430\",\"addressLocality\":\"Cand\\u00e1s\",\"addressRegion\":\"Asturias\",\"addressCountry\":\"ES\"}},{\"@type\":\"Person\",\"@id\":\"https:\\\/\\\/candas365.es\\\/noticias\\\/author\\\/admin\\\/#author\",\"url\":\"https:\\\/\\\/candas365.es\\\/noticias\\\/author\\\/admin\\\/\",\"name\":\"Cand\\u00e1s 365\",\"image\":{\"@type\":\"ImageObject\",\"@id\":\"https:\\\/\\\/candas365.es\\\/noticias\\\/baerbock-no-debe-haber-una-gran-ofensiva-sobre-rafah\\\/#authorImage\",\"url\":\"https:\\\/\\\/secure.gravatar.com\\\/avatar\\\/496a8e03d0c493ede1718b7934145dbdf8d89be1036b0eec9544e1094c9de390?s=96&d=mm&r=g\",\"width\":96,\"height\":96,\"caption\":\"Cand\\u00e1s 365\"},\"sameAs\":[\"https:\\\/\\\/www.facebook.com\\\/carrenoactualidad\",\"https:\\\/\\\/twitter.com\\\/nbasturias\",\"https:\\\/\\\/www.instagram.com\\\/nachofdezber\\\/\",\"https:\\\/\\\/www.youtube.com\\\/channel\\\/UCZP-2wLEB9Rv6erhFmqVnvg\"]},{\"@type\":\"WebPage\",\"@id\":\"https:\\\/\\\/candas365.es\\\/noticias\\\/baerbock-no-debe-haber-una-gran-ofensiva-sobre-rafah\\\/#webpage\",\"url\":\"https:\\\/\\\/candas365.es\\\/noticias\\\/baerbock-no-debe-haber-una-gran-ofensiva-sobre-rafah\\\/\",\"name\":\"Baerbock: \\u00abNo debe haber una gran ofensiva sobre Rafah\\u00bb | Cand\\u00e1s 365\",\"description\":\"Jerusal\\u00e9n\\\/ El Cairo, 25 mar (dpa) - La ministra alemana de Relaciones Exteriores, Annalena Baerbock, inst\\u00f3 en\\u00e9rgicamente a Israel a abstenerse de realizar una\",\"inLanguage\":\"es-ES\",\"isPartOf\":{\"@id\":\"https:\\\/\\\/candas365.es\\\/noticias\\\/#website\"},\"breadcrumb\":{\"@id\":\"https:\\\/\\\/candas365.es\\\/noticias\\\/baerbock-no-debe-haber-una-gran-ofensiva-sobre-rafah\\\/#breadcrumblist\"},\"author\":{\"@id\":\"https:\\\/\\\/candas365.es\\\/noticias\\\/author\\\/admin\\\/#author\"},\"creator\":{\"@id\":\"https:\\\/\\\/candas365.es\\\/noticias\\\/author\\\/admin\\\/#author\"},\"image\":{\"@type\":\"ImageObject\",\"url\":\"https:\\\/\\\/candas365.es\\\/noticias\\\/wp-content\\\/uploads\\\/2024\\\/03\\\/Baerbock-2.jpg\",\"@id\":\"https:\\\/\\\/candas365.es\\\/noticias\\\/baerbock-no-debe-haber-una-gran-ofensiva-sobre-rafah\\\/#mainImage\",\"width\":999,\"height\":674,\"caption\":\"Annalena Baerbock, ministra alemana de Relaciones Exteriores, declara ante los medios en el aeropuerto de El Cairo. Foto: Christoph Soeder\\\/dpa\"},\"primaryImageOfPage\":{\"@id\":\"https:\\\/\\\/candas365.es\\\/noticias\\\/baerbock-no-debe-haber-una-gran-ofensiva-sobre-rafah\\\/#mainImage\"},\"datePublished\":\"2024-03-28T21:04:43+01:00\",\"dateModified\":\"2024-03-28T21:04:43+01:00\"},{\"@type\":\"WebSite\",\"@id\":\"https:\\\/\\\/candas365.es\\\/noticias\\\/#website\",\"url\":\"https:\\\/\\\/candas365.es\\\/noticias\\\/\",\"name\":\"Cand\\u00e1s 365\",\"alternateName\":\"Cand\\u00e1s 365 Noticias\",\"description\":\"Actualidad desde Carre\\u00f1o para el mundo\",\"inLanguage\":\"es-ES\",\"publisher\":{\"@id\":\"https:\\\/\\\/candas365.es\\\/noticias\\\/#organization\"}}]}\n\t\t<\/script>\n\t\t<!-- All in One SEO Pro -->\r\n\t\t<title>Baerbock: \u00abNo debe haber una gran ofensiva sobre Rafah\u00bb | Cand\u00e1s 365<\/title>\n\n","aioseo_head_json":{"title":"Baerbock: \u00abNo debe haber una gran ofensiva sobre Rafah\u00bb | Cand\u00e1s 365","description":"Jerusal\u00e9n\/ El Cairo, 25 mar (dpa) - La ministra alemana de Relaciones Exteriores, Annalena Baerbock, inst\u00f3 en\u00e9rgicamente a Israel a abstenerse de realizar una","canonical_url":"https:\/\/candas365.es\/noticias\/baerbock-no-debe-haber-una-gran-ofensiva-sobre-rafah\/","robots":"max-image-preview:large","keywords":"internacional","webmasterTools":{"google-site-verification":"UA-32230408-1","msvalidate.01":"354F3CDFB2DA171B47FBE9ABF1F88D5","miscellaneous":""},"schema":{"@context":"https:\/\/schema.org","@graph":[{"@type":"BreadcrumbList","@id":"https:\/\/candas365.es\/noticias\/baerbock-no-debe-haber-una-gran-ofensiva-sobre-rafah\/#breadcrumblist","itemListElement":[{"@type":"ListItem","@id":"https:\/\/candas365.es\/noticias#listItem","position":1,"name":"Home","item":"https:\/\/candas365.es\/noticias","nextItem":{"@type":"ListItem","@id":"https:\/\/candas365.es\/noticias\/category\/internacional\/#listItem","name":"Internacional"}},{"@type":"ListItem","@id":"https:\/\/candas365.es\/noticias\/category\/internacional\/#listItem","position":2,"name":"Internacional","item":"https:\/\/candas365.es\/noticias\/category\/internacional\/","nextItem":{"@type":"ListItem","@id":"https:\/\/candas365.es\/noticias\/baerbock-no-debe-haber-una-gran-ofensiva-sobre-rafah\/#listItem","name":"Baerbock: \u00abNo debe haber una gran ofensiva sobre Rafah\u00bb"},"previousItem":{"@type":"ListItem","@id":"https:\/\/candas365.es\/noticias#listItem","name":"Home"}},{"@type":"ListItem","@id":"https:\/\/candas365.es\/noticias\/baerbock-no-debe-haber-una-gran-ofensiva-sobre-rafah\/#listItem","position":3,"name":"Baerbock: \u00abNo debe haber una gran ofensiva sobre Rafah\u00bb","previousItem":{"@type":"ListItem","@id":"https:\/\/candas365.es\/noticias\/category\/internacional\/#listItem","name":"Internacional"}}]},{"@type":"NewsArticle","@id":"https:\/\/candas365.es\/noticias\/baerbock-no-debe-haber-una-gran-ofensiva-sobre-rafah\/#newsarticle","name":"Baerbock: \u00abNo debe haber una gran ofensiva sobre Rafah\u00bb | Cand\u00e1s 365","headline":"Baerbock: \u00abNo debe haber una gran ofensiva sobre Rafah\u00bb","author":{"@id":"https:\/\/candas365.es\/noticias\/author\/admin\/#author"},"publisher":{"@id":"https:\/\/candas365.es\/noticias\/#organization"},"image":{"@type":"ImageObject","url":"https:\/\/candas365.es\/noticias\/wp-content\/uploads\/2024\/03\/Baerbock-2.jpg","width":999,"height":674,"caption":"Annalena Baerbock, ministra alemana de Relaciones Exteriores, declara ante los medios en el aeropuerto de El Cairo. Foto: Christoph Soeder\/dpa"},"datePublished":"2024-03-28T21:04:43+01:00","dateModified":"2024-03-28T21:04:43+01:00","inLanguage":"es-ES","mainEntityOfPage":{"@id":"https:\/\/candas365.es\/noticias\/baerbock-no-debe-haber-una-gran-ofensiva-sobre-rafah\/#webpage"},"isPartOf":{"@id":"https:\/\/candas365.es\/noticias\/baerbock-no-debe-haber-una-gran-ofensiva-sobre-rafah\/#webpage"},"articleSection":"Internacional, Alemania, conflictos","dateline":"Publicado el marzo 28, 2024."},{"@type":"Organization","@id":"https:\/\/candas365.es\/noticias\/#organization","name":"Cand\u00e1s 365","description":"Cand\u00e1s 365 es un diario digital independiente, fundado en 2012, con base en Asturias. Informamos con rigor sobre actualidad, sociedad, cultura y ocio, con una mirada local y global.","url":"https:\/\/candas365.es\/noticias\/","email":"info@candas365.es","telephone":"+34652131393","foundingDate":"2012-06-10","logo":{"@type":"ImageObject","url":"https:\/\/candas365.es\/noticias\/wp-content\/uploads\/2024\/09\/Candas-365-Redes.jpg","@id":"https:\/\/candas365.es\/noticias\/baerbock-no-debe-haber-una-gran-ofensiva-sobre-rafah\/#organizationLogo","width":1152,"height":864,"caption":"Cand\u00e1s 365 Redes"},"image":{"@id":"https:\/\/candas365.es\/noticias\/baerbock-no-debe-haber-una-gran-ofensiva-sobre-rafah\/#organizationLogo"},"sameAs":["https:\/\/www.facebook.com\/Nachofdezber","https:\/\/x.com\/NabercoDigital","https:\/\/www.instagram.com\/nachofdezber\/","https:\/\/www.youtube.com\/channel\/UCZP-2wLEB9Rv6erhFmqVnvg"],"address":{"@id":"https:\/\/candas365.es\/noticias\/#postaladdress","@type":"PostalAddress","streetAddress":"san antonio 4, san antonio 4","postalCode":"33430","addressLocality":"Cand\u00e1s","addressRegion":"Asturias","addressCountry":"ES"}},{"@type":"Person","@id":"https:\/\/candas365.es\/noticias\/author\/admin\/#author","url":"https:\/\/candas365.es\/noticias\/author\/admin\/","name":"Cand\u00e1s 365","image":{"@type":"ImageObject","@id":"https:\/\/candas365.es\/noticias\/baerbock-no-debe-haber-una-gran-ofensiva-sobre-rafah\/#authorImage","url":"https:\/\/secure.gravatar.com\/avatar\/496a8e03d0c493ede1718b7934145dbdf8d89be1036b0eec9544e1094c9de390?s=96&d=mm&r=g","width":96,"height":96,"caption":"Cand\u00e1s 365"},"sameAs":["https:\/\/www.facebook.com\/carrenoactualidad","https:\/\/twitter.com\/nbasturias","https:\/\/www.instagram.com\/nachofdezber\/","https:\/\/www.youtube.com\/channel\/UCZP-2wLEB9Rv6erhFmqVnvg"]},{"@type":"WebPage","@id":"https:\/\/candas365.es\/noticias\/baerbock-no-debe-haber-una-gran-ofensiva-sobre-rafah\/#webpage","url":"https:\/\/candas365.es\/noticias\/baerbock-no-debe-haber-una-gran-ofensiva-sobre-rafah\/","name":"Baerbock: \u00abNo debe haber una gran ofensiva sobre Rafah\u00bb | Cand\u00e1s 365","description":"Jerusal\u00e9n\/ El Cairo, 25 mar (dpa) - La ministra alemana de Relaciones Exteriores, Annalena Baerbock, inst\u00f3 en\u00e9rgicamente a Israel a abstenerse de realizar una","inLanguage":"es-ES","isPartOf":{"@id":"https:\/\/candas365.es\/noticias\/#website"},"breadcrumb":{"@id":"https:\/\/candas365.es\/noticias\/baerbock-no-debe-haber-una-gran-ofensiva-sobre-rafah\/#breadcrumblist"},"author":{"@id":"https:\/\/candas365.es\/noticias\/author\/admin\/#author"},"creator":{"@id":"https:\/\/candas365.es\/noticias\/author\/admin\/#author"},"image":{"@type":"ImageObject","url":"https:\/\/candas365.es\/noticias\/wp-content\/uploads\/2024\/03\/Baerbock-2.jpg","@id":"https:\/\/candas365.es\/noticias\/baerbock-no-debe-haber-una-gran-ofensiva-sobre-rafah\/#mainImage","width":999,"height":674,"caption":"Annalena Baerbock, ministra alemana de Relaciones Exteriores, declara ante los medios en el aeropuerto de El Cairo. Foto: Christoph Soeder\/dpa"},"primaryImageOfPage":{"@id":"https:\/\/candas365.es\/noticias\/baerbock-no-debe-haber-una-gran-ofensiva-sobre-rafah\/#mainImage"},"datePublished":"2024-03-28T21:04:43+01:00","dateModified":"2024-03-28T21:04:43+01:00"},{"@type":"WebSite","@id":"https:\/\/candas365.es\/noticias\/#website","url":"https:\/\/candas365.es\/noticias\/","name":"Cand\u00e1s 365","alternateName":"Cand\u00e1s 365 Noticias","description":"Actualidad desde Carre\u00f1o para el mundo","inLanguage":"es-ES","publisher":{"@id":"https:\/\/candas365.es\/noticias\/#organization"}}]},"og:locale":"es_ES","og:site_name":"Cand\u00e1s 365","og:type":"article","og:title":"Baerbock: \u00abNo debe haber una gran ofensiva sobre Rafah\u00bb | Cand\u00e1s 365","og:description":"Jerusal\u00e9n\/ El Cairo, 25 mar (dpa) - La ministra alemana de Relaciones Exteriores, Annalena Baerbock, inst\u00f3 en\u00e9rgicamente a Israel a abstenerse de realizar una","og:url":"https:\/\/candas365.es\/noticias\/baerbock-no-debe-haber-una-gran-ofensiva-sobre-rafah\/","og:image":"https:\/\/candas365.es\/noticias\/wp-content\/uploads\/2024\/03\/Baerbock-2.jpg","og:image:secure_url":"https:\/\/candas365.es\/noticias\/wp-content\/uploads\/2024\/03\/Baerbock-2.jpg","og:image:width":999,"og:image:height":674,"article:published_time":"2024-03-28T20:04:43+00:00","article:modified_time":"2024-03-28T20:04:43+00:00","article:publisher":"https:\/\/www.facebook.com\/Nachofdezber","article:author":"https:\/\/www.facebook.com\/carrenoactualidad","twitter:card":"summary_large_image","twitter:site":"@NabercoDigital","twitter:title":"Baerbock: \u00abNo debe haber una gran ofensiva sobre Rafah\u00bb | Cand\u00e1s 365","twitter:description":"Jerusal\u00e9n\/ El Cairo, 25 mar (dpa) - La ministra alemana de Relaciones Exteriores, Annalena Baerbock, inst\u00f3 en\u00e9rgicamente a Israel a abstenerse de realizar una","twitter:creator":"@nbasturias","twitter:image":"https:\/\/candas365.es\/noticias\/wp-content\/uploads\/2024\/03\/Baerbock-2.jpg","twitter:label1":"Escrito por","twitter:data1":"Cand\u00e1s 365","twitter:label2":"Tiempo de lectura estimado","twitter:data2":"3 minutos"},"aioseo_meta_data":{"post_id":"179019","title":null,"description":"Jerusal\u00e9n\/ El Cairo, 25 mar (dpa) - La ministra alemana de Relaciones Exteriores, Annalena Baerbock, inst\u00f3 en\u00e9rgicamente a Israel a abstenerse de realizar una","keywords":[],"keyphrases":{"focus":{"keyphrase":"Baerbock","score":93,"analysis":{"keyphraseInTitle":{"score":9,"maxScore":9,"error":0},"keyphraseInDescription":{"score":9,"maxScore":9,"error":0},"keyphraseLength":{"score":9,"maxScore":9,"error":0,"length":1},"keyphraseInURL":{"score":1,"maxScore":5,"error":1},"keyphraseInIntroduction":{"score":9,"maxScore":9,"error":0},"keyphraseInSubHeadings":[],"keyphraseInImageAlt":{"score":9,"maxScore":9,"error":0},"keywordDensity":{"type":"best","score":9,"maxScore":9,"error":0}}},"additional":[{"keyphrase":"Baerbock","score":100,"analysis":{"keyphraseInDescription":{"score":9,"maxScore":9,"error":0},"keyphraseLength":{"score":9,"maxScore":9,"error":0,"length":1},"keyphraseInIntroduction":{"score":9,"maxScore":9,"error":0},"keyphraseInImageAlt":{"score":9,"maxScore":9,"error":0},"keywordDensity":{"type":"best","score":9,"maxScore":9,"error":0}}}]},"primary_term":null,"canonical_url":null,"og_title":null,"og_description":null,"og_object_type":"default","og_image_type":"default","og_image_url":null,"og_image_width":null,"og_image_height":null,"og_image_custom_url":null,"og_image_custom_fields":null,"og_video":"","og_custom_url":null,"og_article_section":null,"og_article_tags":[],"twitter_use_og":false,"twitter_card":"default","twitter_image_type":"default","twitter_image_url":null,"twitter_image_custom_url":null,"twitter_image_custom_fields":null,"twitter_title":null,"twitter_description":null,"schema":{"blockGraphs":[],"customGraphs":[],"default":{"data":{"Article":[],"Course":[],"Dataset":[],"FAQPage":[],"Movie":[],"Person":[],"Product":[],"ProductReview":[],"Car":[],"Recipe":[],"Service":[],"SoftwareApplication":[],"WebPage":[]},"graphName":"Article","isEnabled":true},"graphs":[]},"schema_type":"default","schema_type_options":null,"pillar_content":false,"robots_default":true,"robots_noindex":false,"robots_noarchive":false,"robots_nosnippet":false,"robots_nofollow":false,"robots_noimageindex":false,"robots_noodp":false,"robots_notranslate":false,"robots_max_snippet":"-1","robots_max_videopreview":"-1","robots_max_imagepreview":"large","priority":null,"frequency":"default","location":null,"local_seo":null,"seo_analyzer_scan_date":"2025-09-02 05:44:16","breadcrumb_settings":null,"limit_modified_date":false,"reviewed_by":null,"open_ai":"{\"title\":{\"suggestions\":[],\"usage\":0},\"description\":{\"suggestions\":[],\"usage\":0}}","ai":null,"created":"2024-03-28 20:00:04","updated":"2025-09-02 05:44:16"},"aioseo_breadcrumb":"<div class=\"aioseo-breadcrumbs\"><span class=\"aioseo-breadcrumb\">\n\t<a href=\"https:\/\/candas365.es\/noticias\" title=\"Home\">Home<\/a>\n<\/span><span class=\"aioseo-breadcrumb-separator\">&ndash;<\/span><span class=\"aioseo-breadcrumb\">\n\t<a href=\"https:\/\/candas365.es\/noticias\/category\/internacional\/\" title=\"Internacional\">Internacional<\/a>\n<\/span><span class=\"aioseo-breadcrumb-separator\">&ndash;<\/span><span class=\"aioseo-breadcrumb\">\n\tBaerbock: \u00abNo debe haber una gran ofensiva sobre Rafah\u00bb\n<\/span><\/div>","aioseo_breadcrumb_json":[{"label":"Home","link":"https:\/\/candas365.es\/noticias"},{"label":"Internacional","link":"https:\/\/candas365.es\/noticias\/category\/internacional\/"},{"label":"Baerbock: \u00abNo debe haber una gran ofensiva sobre Rafah\u00bb","link":"https:\/\/candas365.es\/noticias\/baerbock-no-debe-haber-una-gran-ofensiva-sobre-rafah\/"}],"_links":{"self":[{"href":"https:\/\/candas365.es\/noticias\/wp-json\/wp\/v2\/posts\/179019","targetHints":{"allow":["GET"]}}],"collection":[{"href":"https:\/\/candas365.es\/noticias\/wp-json\/wp\/v2\/posts"}],"about":[{"href":"https:\/\/candas365.es\/noticias\/wp-json\/wp\/v2\/types\/post"}],"author":[{"embeddable":true,"href":"https:\/\/candas365.es\/noticias\/wp-json\/wp\/v2\/users\/1"}],"replies":[{"embeddable":true,"href":"https:\/\/candas365.es\/noticias\/wp-json\/wp\/v2\/comments?post=179019"}],"version-history":[{"count":0,"href":"https:\/\/candas365.es\/noticias\/wp-json\/wp\/v2\/posts\/179019\/revisions"}],"wp:featuredmedia":[{"embeddable":true,"href":"https:\/\/candas365.es\/noticias\/wp-json\/wp\/v2\/media\/179020"}],"wp:attachment":[{"href":"https:\/\/candas365.es\/noticias\/wp-json\/wp\/v2\/media?parent=179019"}],"wp:term":[{"taxonomy":"category","embeddable":true,"href":"https:\/\/candas365.es\/noticias\/wp-json\/wp\/v2\/categories?post=179019"},{"taxonomy":"post_tag","embeddable":true,"href":"https:\/\/candas365.es\/noticias\/wp-json\/wp\/v2\/tags?post=179019"}],"curies":[{"name":"wp","href":"https:\/\/api.w.org\/{rel}","templated":true}]}}