{"id":178872,"date":"2024-03-18T03:56:01","date_gmt":"2024-03-18T02:56:01","guid":{"rendered":"https:\/\/candas365.es\/noticias\/?p=178872"},"modified":"2024-03-18T03:56:01","modified_gmt":"2024-03-18T02:56:01","slug":"olaf-scholz-es-necesario-un-rapido-alto-el-fuego-en-la-guerra-de-gaza","status":"publish","type":"post","link":"https:\/\/candas365.es\/noticias\/olaf-scholz-es-necesario-un-rapido-alto-el-fuego-en-la-guerra-de-gaza\/","title":{"rendered":"Olaf Scholz: Es necesario un r\u00e1pido alto el fuego en la guerra de Gaza"},"content":{"rendered":"<p>Berl\u00edn, 16 mar (<a title=\"dpa\" href=\"https:\/\/www.dpa-news.de\/\" target=\"_blank\" rel=\"noopener\"><span style=\"color: #ff6600;\"><strong>dpa<\/strong><\/span><\/a>) &#8211; El canciller alem\u00e1n, Olaf Scholz, inst\u00f3 hoy a un r\u00e1pido alto el fuego en la <a href=\"https:\/\/candas365.es\/noticias\/tag\/conflictos\/\"><span style=\"color: #ff6600;\"><strong>guerra de Gaza<\/strong><\/span><\/a>, al iniciar un viaje de dos d\u00edas a Jordania e Israel.<\/p>\n<figure id=\"attachment_178873\" aria-describedby=\"caption-attachment-178873\" style=\"width: 650px\" class=\"wp-caption aligncenter\"><img fetchpriority=\"high\" decoding=\"async\" class=\"size-large wp-image-178873\" src=\"https:\/\/candas365.es\/noticias\/wp-content\/uploads\/2024\/03\/Olaf-Scholz-650x425.jpg\" alt=\"Olaf Scholz\" width=\"650\" height=\"425\" srcset=\"https:\/\/candas365.es\/noticias\/wp-content\/uploads\/2024\/03\/Olaf-Scholz-650x425.jpg 650w, https:\/\/candas365.es\/noticias\/wp-content\/uploads\/2024\/03\/Olaf-Scholz-360x235.jpg 360w, https:\/\/candas365.es\/noticias\/wp-content\/uploads\/2024\/03\/Olaf-Scholz-768x502.jpg 768w, https:\/\/candas365.es\/noticias\/wp-content\/uploads\/2024\/03\/Olaf-Scholz-150x98.jpg 150w, https:\/\/candas365.es\/noticias\/wp-content\/uploads\/2024\/03\/Olaf-Scholz-450x294.jpg 450w, https:\/\/candas365.es\/noticias\/wp-content\/uploads\/2024\/03\/Olaf-Scholz.jpg 1003w\" sizes=\"(max-width: 650px) 100vw, 650px\" \/><figcaption id=\"caption-attachment-178873\" class=\"wp-caption-text\">El canciller alem\u00e1n, Olaf Scholz, hace declaraciones a la prensa en Berl\u00edn antes de partir hacia Jordania e Israel. Foto: Kay Nietfeld\/dpa<\/figcaption><\/figure>\n<p>\u00abSer\u00eda importante que se llegara muy r\u00e1pidamente a un acuerdo sobre un alto el fuego que permitiera liberar a los rehenes y, al mismo tiempo, que la ayuda humanitaria llegara a Gaza\u00bb, declar\u00f3 el jefe del Gobierno alem\u00e1n. \u00abTenemos una situaci\u00f3n dif\u00edcil. Es necesario que la ayuda llegue ahora a Gaza a mayor escala\u00bb.<\/p>\n<p>Scholz recalc\u00f3 que es necesario un alto el fuego que dure \u00aben un futuro previsible\u00bb.<\/p>\n<p>Al mismo tiempo, el canciller germano volvi\u00f3 a advertir a Israel contra una operaci\u00f3n militar en Rafah, en el sur de la franja costera. \u00abNos preocupan los nuevos avances militares. En particular, existe el peligro de que una ofensiva global en Rafah pueda provocar muchas y terribles v\u00edctimas civiles, lo que debe evitarse a toda costa\u00bb, observ\u00f3 Scholz.<\/p>\n<p>El mandatario subray\u00f3 la importancia de que \u00abno se produzca un gran desastre humanitario\u00bb, ya que muchas personas tuvieron que huir a Rafah porque ya no tienen un lugar seguro en la Franja de Gaza, por lo que es urgente avanzar pronto en la la cuesti\u00f3n de un alto el fuego.<\/p>\n<p>Scholz tiene planeado reunirse con el rey Abdal\u00e1 II en Jordania el domingo. En Israel, est\u00e1n previstas conversaciones ese mismo d\u00eda con el primer ministro, Benjamin Netanyahu, el presidente, Isaac Herzog, y familiares de los rehenes secuestrados por la organizaci\u00f3n islamista Ham\u00e1s.<\/p>\n<p>El canciller germano reafirm\u00f3 hoy el derecho de Israel a defenderse tras el atentado terrorista perpetrado por Ham\u00e1s y otros grupos extremistas el 7 de octubre, pero aclar\u00f3 que, al mismo tiempo, hay que respetar las normas del derecho internacional, evitar v\u00edctimas civiles y hacer llegar la ayuda humanitaria a la Franja de Gaza.<\/p>\n<p>Scholz a\u00f1adi\u00f3 que durante su viaje tambi\u00e9n debatir\u00e1 sobre \u00abc\u00f3mo puede tener \u00e9xito una coexistencia pac\u00edfica entre un Estado palestino e Israel\u00bb.<\/p>\n","protected":false},"excerpt":{"rendered":"<p>Berl\u00edn, 16 mar (dpa) &#8211; El canciller alem\u00e1n, Olaf Scholz, inst\u00f3 hoy a un r\u00e1pido alto el fuego en la guerra de Gaza, al iniciar un viaje de dos d\u00edas a Jordania e Israel. \u00abSer\u00eda importante que se llegara muy r\u00e1pidamente a un acuerdo sobre un alto el fuego que permitiera liberar a los rehenes<\/p>\n","protected":false},"author":1,"featured_media":178873,"comment_status":"closed","ping_status":"closed","sticky":false,"template":"","format":"standard","meta":{"footnotes":""},"categories":[485],"tags":[417,464,418],"class_list":{"0":"post-178872","1":"post","2":"type-post","3":"status-publish","4":"format-standard","5":"has-post-thumbnail","7":"category-internacional","8":"tag-alemania","9":"tag-conflictos","10":"tag-internacional"},"aioseo_notices":[],"aioseo_head":"\n\t\t<!-- All in One SEO Pro 4.9.6.2 - aioseo.com -->\n\t<meta name=\"description\" content=\"Berl\u00edn, 16 mar (dpa) - El canciller alem\u00e1n, Olaf Scholz, inst\u00f3 hoy a un r\u00e1pido alto el fuego en la guerra de Gaza, al iniciar un viaje de dos d\u00edas a Jordania\" \/>\n\t<meta name=\"robots\" content=\"max-image-preview:large\" \/>\n\t<meta name=\"author\" content=\"Cand\u00e1s 365\"\/>\n\t<meta name=\"google-site-verification\" content=\"UA-32230408-1\" \/>\n\t<meta name=\"msvalidate.01\" content=\"354F3CDFB2DA171B47FBE9ABF1F88D5\" \/>\n\t<meta name=\"keywords\" content=\"internacional\" \/>\n\t<link rel=\"canonical\" href=\"https:\/\/candas365.es\/noticias\/olaf-scholz-es-necesario-un-rapido-alto-el-fuego-en-la-guerra-de-gaza\/\" \/>\n\t<meta name=\"generator\" content=\"All in One SEO Pro (AIOSEO) 4.9.6.2\" \/>\n\t\t<meta property=\"og:locale\" content=\"es_ES\" \/>\n\t\t<meta property=\"og:site_name\" content=\"Cand\u00e1s 365\" \/>\n\t\t<meta property=\"og:type\" content=\"article\" \/>\n\t\t<meta property=\"og:title\" content=\"Olaf Scholz: Es necesario un r\u00e1pido alto el fuego en la guerra de Gaza | Cand\u00e1s 365\" \/>\n\t\t<meta property=\"og:description\" content=\"Berl\u00edn, 16 mar (dpa) - El canciller alem\u00e1n, Olaf Scholz, inst\u00f3 hoy a un r\u00e1pido alto el fuego en la guerra de Gaza, al iniciar un viaje de dos d\u00edas a Jordania\" \/>\n\t\t<meta property=\"og:url\" content=\"https:\/\/candas365.es\/noticias\/olaf-scholz-es-necesario-un-rapido-alto-el-fuego-en-la-guerra-de-gaza\/\" \/>\n\t\t<meta property=\"og:image\" content=\"https:\/\/candas365.es\/noticias\/wp-content\/uploads\/2024\/03\/Olaf-Scholz.jpg\" \/>\n\t\t<meta property=\"og:image:secure_url\" content=\"https:\/\/candas365.es\/noticias\/wp-content\/uploads\/2024\/03\/Olaf-Scholz.jpg\" \/>\n\t\t<meta property=\"og:image:width\" content=\"1003\" \/>\n\t\t<meta property=\"og:image:height\" content=\"656\" \/>\n\t\t<meta property=\"article:published_time\" content=\"2024-03-18T02:56:01+00:00\" \/>\n\t\t<meta property=\"article:modified_time\" content=\"2024-03-18T02:56:01+00:00\" \/>\n\t\t<meta property=\"article:publisher\" content=\"https:\/\/www.facebook.com\/Nachofdezber\" \/>\n\t\t<meta property=\"article:author\" content=\"https:\/\/www.facebook.com\/carrenoactualidad\" \/>\n\t\t<meta name=\"twitter:card\" content=\"summary_large_image\" \/>\n\t\t<meta name=\"twitter:site\" content=\"@NabercoDigital\" \/>\n\t\t<meta name=\"twitter:title\" content=\"Olaf Scholz: Es necesario un r\u00e1pido alto el fuego en la guerra de Gaza | Cand\u00e1s 365\" \/>\n\t\t<meta name=\"twitter:description\" content=\"Berl\u00edn, 16 mar (dpa) - El canciller alem\u00e1n, Olaf Scholz, inst\u00f3 hoy a un r\u00e1pido alto el fuego en la guerra de Gaza, al iniciar un viaje de dos d\u00edas a Jordania\" \/>\n\t\t<meta name=\"twitter:creator\" content=\"@nbasturias\" \/>\n\t\t<meta name=\"twitter:image\" content=\"https:\/\/candas365.es\/noticias\/wp-content\/uploads\/2024\/03\/Olaf-Scholz.jpg\" \/>\n\t\t<meta name=\"twitter:label1\" content=\"Escrito por\" \/>\n\t\t<meta name=\"twitter:data1\" content=\"Cand\u00e1s 365\" \/>\n\t\t<meta name=\"twitter:label2\" content=\"Tiempo de lectura estimado\" \/>\n\t\t<meta name=\"twitter:data2\" content=\"2 minutos\" \/>\n\t\t<script type=\"application\/ld+json\" class=\"aioseo-schema\">\n\t\t\t{\"@context\":\"https:\\\/\\\/schema.org\",\"@graph\":[{\"@type\":\"BreadcrumbList\",\"@id\":\"https:\\\/\\\/candas365.es\\\/noticias\\\/olaf-scholz-es-necesario-un-rapido-alto-el-fuego-en-la-guerra-de-gaza\\\/#breadcrumblist\",\"itemListElement\":[{\"@type\":\"ListItem\",\"@id\":\"https:\\\/\\\/candas365.es\\\/noticias#listItem\",\"position\":1,\"name\":\"Home\",\"item\":\"https:\\\/\\\/candas365.es\\\/noticias\",\"nextItem\":{\"@type\":\"ListItem\",\"@id\":\"https:\\\/\\\/candas365.es\\\/noticias\\\/category\\\/internacional\\\/#listItem\",\"name\":\"Internacional\"}},{\"@type\":\"ListItem\",\"@id\":\"https:\\\/\\\/candas365.es\\\/noticias\\\/category\\\/internacional\\\/#listItem\",\"position\":2,\"name\":\"Internacional\",\"item\":\"https:\\\/\\\/candas365.es\\\/noticias\\\/category\\\/internacional\\\/\",\"nextItem\":{\"@type\":\"ListItem\",\"@id\":\"https:\\\/\\\/candas365.es\\\/noticias\\\/olaf-scholz-es-necesario-un-rapido-alto-el-fuego-en-la-guerra-de-gaza\\\/#listItem\",\"name\":\"Olaf Scholz: Es necesario un r\\u00e1pido alto el fuego en la guerra de Gaza\"},\"previousItem\":{\"@type\":\"ListItem\",\"@id\":\"https:\\\/\\\/candas365.es\\\/noticias#listItem\",\"name\":\"Home\"}},{\"@type\":\"ListItem\",\"@id\":\"https:\\\/\\\/candas365.es\\\/noticias\\\/olaf-scholz-es-necesario-un-rapido-alto-el-fuego-en-la-guerra-de-gaza\\\/#listItem\",\"position\":3,\"name\":\"Olaf Scholz: Es necesario un r\\u00e1pido alto el fuego en la guerra de Gaza\",\"previousItem\":{\"@type\":\"ListItem\",\"@id\":\"https:\\\/\\\/candas365.es\\\/noticias\\\/category\\\/internacional\\\/#listItem\",\"name\":\"Internacional\"}}]},{\"@type\":\"NewsArticle\",\"@id\":\"https:\\\/\\\/candas365.es\\\/noticias\\\/olaf-scholz-es-necesario-un-rapido-alto-el-fuego-en-la-guerra-de-gaza\\\/#newsarticle\",\"name\":\"Olaf Scholz: Es necesario un r\\u00e1pido alto el fuego en la guerra de Gaza | Cand\\u00e1s 365\",\"headline\":\"Olaf Scholz: Es necesario un r\\u00e1pido alto el fuego en la guerra de Gaza\",\"author\":{\"@id\":\"https:\\\/\\\/candas365.es\\\/noticias\\\/author\\\/admin\\\/#author\"},\"publisher\":{\"@id\":\"https:\\\/\\\/candas365.es\\\/noticias\\\/#organization\"},\"image\":{\"@type\":\"ImageObject\",\"url\":\"https:\\\/\\\/candas365.es\\\/noticias\\\/wp-content\\\/uploads\\\/2024\\\/03\\\/Olaf-Scholz.jpg\",\"width\":1003,\"height\":656,\"caption\":\"El canciller alem\\u00e1n, Olaf Scholz, hace declaraciones a la prensa en Berl\\u00edn antes de partir hacia Jordania e Israel. Foto: Kay Nietfeld\\\/dpa\"},\"datePublished\":\"2024-03-18T03:56:01+01:00\",\"dateModified\":\"2024-03-18T03:56:01+01:00\",\"inLanguage\":\"es-ES\",\"mainEntityOfPage\":{\"@id\":\"https:\\\/\\\/candas365.es\\\/noticias\\\/olaf-scholz-es-necesario-un-rapido-alto-el-fuego-en-la-guerra-de-gaza\\\/#webpage\"},\"isPartOf\":{\"@id\":\"https:\\\/\\\/candas365.es\\\/noticias\\\/olaf-scholz-es-necesario-un-rapido-alto-el-fuego-en-la-guerra-de-gaza\\\/#webpage\"},\"articleSection\":\"Internacional, Alemania, conflictos, Internacional\",\"dateline\":\"Publicado el marzo 18, 2024.\"},{\"@type\":\"Organization\",\"@id\":\"https:\\\/\\\/candas365.es\\\/noticias\\\/#organization\",\"name\":\"Cand\\u00e1s 365\",\"description\":\"Cand\\u00e1s 365 es un diario digital independiente, fundado en 2012, con base en Asturias. Informamos con rigor sobre actualidad, sociedad, cultura y ocio, con una mirada local y global.\",\"url\":\"https:\\\/\\\/candas365.es\\\/noticias\\\/\",\"email\":\"info@candas365.es\",\"telephone\":\"+34652131393\",\"foundingDate\":\"2012-06-10\",\"logo\":{\"@type\":\"ImageObject\",\"url\":\"https:\\\/\\\/candas365.es\\\/noticias\\\/wp-content\\\/uploads\\\/2024\\\/09\\\/Candas-365-Redes.jpg\",\"@id\":\"https:\\\/\\\/candas365.es\\\/noticias\\\/olaf-scholz-es-necesario-un-rapido-alto-el-fuego-en-la-guerra-de-gaza\\\/#organizationLogo\",\"width\":1152,\"height\":864,\"caption\":\"Cand\\u00e1s 365 Redes\"},\"image\":{\"@id\":\"https:\\\/\\\/candas365.es\\\/noticias\\\/olaf-scholz-es-necesario-un-rapido-alto-el-fuego-en-la-guerra-de-gaza\\\/#organizationLogo\"},\"sameAs\":[\"https:\\\/\\\/www.facebook.com\\\/Nachofdezber\",\"https:\\\/\\\/x.com\\\/NabercoDigital\",\"https:\\\/\\\/www.instagram.com\\\/nachofdezber\\\/\",\"https:\\\/\\\/www.youtube.com\\\/channel\\\/UCZP-2wLEB9Rv6erhFmqVnvg\"],\"address\":{\"@id\":\"https:\\\/\\\/candas365.es\\\/noticias\\\/#postaladdress\",\"@type\":\"PostalAddress\",\"streetAddress\":\"san antonio 4, san antonio 4\",\"postalCode\":\"33430\",\"addressLocality\":\"Cand\\u00e1s\",\"addressRegion\":\"Asturias\",\"addressCountry\":\"ES\"}},{\"@type\":\"Person\",\"@id\":\"https:\\\/\\\/candas365.es\\\/noticias\\\/author\\\/admin\\\/#author\",\"url\":\"https:\\\/\\\/candas365.es\\\/noticias\\\/author\\\/admin\\\/\",\"name\":\"Cand\\u00e1s 365\",\"image\":{\"@type\":\"ImageObject\",\"@id\":\"https:\\\/\\\/candas365.es\\\/noticias\\\/olaf-scholz-es-necesario-un-rapido-alto-el-fuego-en-la-guerra-de-gaza\\\/#authorImage\",\"url\":\"https:\\\/\\\/secure.gravatar.com\\\/avatar\\\/496a8e03d0c493ede1718b7934145dbdf8d89be1036b0eec9544e1094c9de390?s=96&d=mm&r=g\",\"width\":96,\"height\":96,\"caption\":\"Cand\\u00e1s 365\"},\"sameAs\":[\"https:\\\/\\\/www.facebook.com\\\/carrenoactualidad\",\"https:\\\/\\\/twitter.com\\\/nbasturias\",\"https:\\\/\\\/www.instagram.com\\\/nachofdezber\\\/\",\"https:\\\/\\\/www.youtube.com\\\/channel\\\/UCZP-2wLEB9Rv6erhFmqVnvg\"]},{\"@type\":\"WebPage\",\"@id\":\"https:\\\/\\\/candas365.es\\\/noticias\\\/olaf-scholz-es-necesario-un-rapido-alto-el-fuego-en-la-guerra-de-gaza\\\/#webpage\",\"url\":\"https:\\\/\\\/candas365.es\\\/noticias\\\/olaf-scholz-es-necesario-un-rapido-alto-el-fuego-en-la-guerra-de-gaza\\\/\",\"name\":\"Olaf Scholz: Es necesario un r\\u00e1pido alto el fuego en la guerra de Gaza | Cand\\u00e1s 365\",\"description\":\"Berl\\u00edn, 16 mar (dpa) - El canciller alem\\u00e1n, Olaf Scholz, inst\\u00f3 hoy a un r\\u00e1pido alto el fuego en la guerra de Gaza, al iniciar un viaje de dos d\\u00edas a Jordania\",\"inLanguage\":\"es-ES\",\"isPartOf\":{\"@id\":\"https:\\\/\\\/candas365.es\\\/noticias\\\/#website\"},\"breadcrumb\":{\"@id\":\"https:\\\/\\\/candas365.es\\\/noticias\\\/olaf-scholz-es-necesario-un-rapido-alto-el-fuego-en-la-guerra-de-gaza\\\/#breadcrumblist\"},\"author\":{\"@id\":\"https:\\\/\\\/candas365.es\\\/noticias\\\/author\\\/admin\\\/#author\"},\"creator\":{\"@id\":\"https:\\\/\\\/candas365.es\\\/noticias\\\/author\\\/admin\\\/#author\"},\"image\":{\"@type\":\"ImageObject\",\"url\":\"https:\\\/\\\/candas365.es\\\/noticias\\\/wp-content\\\/uploads\\\/2024\\\/03\\\/Olaf-Scholz.jpg\",\"@id\":\"https:\\\/\\\/candas365.es\\\/noticias\\\/olaf-scholz-es-necesario-un-rapido-alto-el-fuego-en-la-guerra-de-gaza\\\/#mainImage\",\"width\":1003,\"height\":656,\"caption\":\"El canciller alem\\u00e1n, Olaf Scholz, hace declaraciones a la prensa en Berl\\u00edn antes de partir hacia Jordania e Israel. Foto: Kay Nietfeld\\\/dpa\"},\"primaryImageOfPage\":{\"@id\":\"https:\\\/\\\/candas365.es\\\/noticias\\\/olaf-scholz-es-necesario-un-rapido-alto-el-fuego-en-la-guerra-de-gaza\\\/#mainImage\"},\"datePublished\":\"2024-03-18T03:56:01+01:00\",\"dateModified\":\"2024-03-18T03:56:01+01:00\"},{\"@type\":\"WebSite\",\"@id\":\"https:\\\/\\\/candas365.es\\\/noticias\\\/#website\",\"url\":\"https:\\\/\\\/candas365.es\\\/noticias\\\/\",\"name\":\"Cand\\u00e1s 365\",\"alternateName\":\"Cand\\u00e1s 365 Noticias\",\"description\":\"Actualidad desde Carre\\u00f1o para el mundo\",\"inLanguage\":\"es-ES\",\"publisher\":{\"@id\":\"https:\\\/\\\/candas365.es\\\/noticias\\\/#organization\"}}]}\n\t\t<\/script>\n\t\t<!-- All in One SEO Pro -->\r\n\t\t<title>Olaf Scholz: Es necesario un r\u00e1pido alto el fuego en la guerra de Gaza | Cand\u00e1s 365<\/title>\n\n","aioseo_head_json":{"title":"Olaf Scholz: Es necesario un r\u00e1pido alto el fuego en la guerra de Gaza | Cand\u00e1s 365","description":"Berl\u00edn, 16 mar (dpa) - El canciller alem\u00e1n, Olaf Scholz, inst\u00f3 hoy a un r\u00e1pido alto el fuego en la guerra de Gaza, al iniciar un viaje de dos d\u00edas a Jordania","canonical_url":"https:\/\/candas365.es\/noticias\/olaf-scholz-es-necesario-un-rapido-alto-el-fuego-en-la-guerra-de-gaza\/","robots":"max-image-preview:large","keywords":"internacional","webmasterTools":{"google-site-verification":"UA-32230408-1","msvalidate.01":"354F3CDFB2DA171B47FBE9ABF1F88D5","miscellaneous":""},"schema":{"@context":"https:\/\/schema.org","@graph":[{"@type":"BreadcrumbList","@id":"https:\/\/candas365.es\/noticias\/olaf-scholz-es-necesario-un-rapido-alto-el-fuego-en-la-guerra-de-gaza\/#breadcrumblist","itemListElement":[{"@type":"ListItem","@id":"https:\/\/candas365.es\/noticias#listItem","position":1,"name":"Home","item":"https:\/\/candas365.es\/noticias","nextItem":{"@type":"ListItem","@id":"https:\/\/candas365.es\/noticias\/category\/internacional\/#listItem","name":"Internacional"}},{"@type":"ListItem","@id":"https:\/\/candas365.es\/noticias\/category\/internacional\/#listItem","position":2,"name":"Internacional","item":"https:\/\/candas365.es\/noticias\/category\/internacional\/","nextItem":{"@type":"ListItem","@id":"https:\/\/candas365.es\/noticias\/olaf-scholz-es-necesario-un-rapido-alto-el-fuego-en-la-guerra-de-gaza\/#listItem","name":"Olaf Scholz: Es necesario un r\u00e1pido alto el fuego en la guerra de Gaza"},"previousItem":{"@type":"ListItem","@id":"https:\/\/candas365.es\/noticias#listItem","name":"Home"}},{"@type":"ListItem","@id":"https:\/\/candas365.es\/noticias\/olaf-scholz-es-necesario-un-rapido-alto-el-fuego-en-la-guerra-de-gaza\/#listItem","position":3,"name":"Olaf Scholz: Es necesario un r\u00e1pido alto el fuego en la guerra de Gaza","previousItem":{"@type":"ListItem","@id":"https:\/\/candas365.es\/noticias\/category\/internacional\/#listItem","name":"Internacional"}}]},{"@type":"NewsArticle","@id":"https:\/\/candas365.es\/noticias\/olaf-scholz-es-necesario-un-rapido-alto-el-fuego-en-la-guerra-de-gaza\/#newsarticle","name":"Olaf Scholz: Es necesario un r\u00e1pido alto el fuego en la guerra de Gaza | Cand\u00e1s 365","headline":"Olaf Scholz: Es necesario un r\u00e1pido alto el fuego en la guerra de Gaza","author":{"@id":"https:\/\/candas365.es\/noticias\/author\/admin\/#author"},"publisher":{"@id":"https:\/\/candas365.es\/noticias\/#organization"},"image":{"@type":"ImageObject","url":"https:\/\/candas365.es\/noticias\/wp-content\/uploads\/2024\/03\/Olaf-Scholz.jpg","width":1003,"height":656,"caption":"El canciller alem\u00e1n, Olaf Scholz, hace declaraciones a la prensa en Berl\u00edn antes de partir hacia Jordania e Israel. Foto: Kay Nietfeld\/dpa"},"datePublished":"2024-03-18T03:56:01+01:00","dateModified":"2024-03-18T03:56:01+01:00","inLanguage":"es-ES","mainEntityOfPage":{"@id":"https:\/\/candas365.es\/noticias\/olaf-scholz-es-necesario-un-rapido-alto-el-fuego-en-la-guerra-de-gaza\/#webpage"},"isPartOf":{"@id":"https:\/\/candas365.es\/noticias\/olaf-scholz-es-necesario-un-rapido-alto-el-fuego-en-la-guerra-de-gaza\/#webpage"},"articleSection":"Internacional, Alemania, conflictos, Internacional","dateline":"Publicado el marzo 18, 2024."},{"@type":"Organization","@id":"https:\/\/candas365.es\/noticias\/#organization","name":"Cand\u00e1s 365","description":"Cand\u00e1s 365 es un diario digital independiente, fundado en 2012, con base en Asturias. Informamos con rigor sobre actualidad, sociedad, cultura y ocio, con una mirada local y global.","url":"https:\/\/candas365.es\/noticias\/","email":"info@candas365.es","telephone":"+34652131393","foundingDate":"2012-06-10","logo":{"@type":"ImageObject","url":"https:\/\/candas365.es\/noticias\/wp-content\/uploads\/2024\/09\/Candas-365-Redes.jpg","@id":"https:\/\/candas365.es\/noticias\/olaf-scholz-es-necesario-un-rapido-alto-el-fuego-en-la-guerra-de-gaza\/#organizationLogo","width":1152,"height":864,"caption":"Cand\u00e1s 365 Redes"},"image":{"@id":"https:\/\/candas365.es\/noticias\/olaf-scholz-es-necesario-un-rapido-alto-el-fuego-en-la-guerra-de-gaza\/#organizationLogo"},"sameAs":["https:\/\/www.facebook.com\/Nachofdezber","https:\/\/x.com\/NabercoDigital","https:\/\/www.instagram.com\/nachofdezber\/","https:\/\/www.youtube.com\/channel\/UCZP-2wLEB9Rv6erhFmqVnvg"],"address":{"@id":"https:\/\/candas365.es\/noticias\/#postaladdress","@type":"PostalAddress","streetAddress":"san antonio 4, san antonio 4","postalCode":"33430","addressLocality":"Cand\u00e1s","addressRegion":"Asturias","addressCountry":"ES"}},{"@type":"Person","@id":"https:\/\/candas365.es\/noticias\/author\/admin\/#author","url":"https:\/\/candas365.es\/noticias\/author\/admin\/","name":"Cand\u00e1s 365","image":{"@type":"ImageObject","@id":"https:\/\/candas365.es\/noticias\/olaf-scholz-es-necesario-un-rapido-alto-el-fuego-en-la-guerra-de-gaza\/#authorImage","url":"https:\/\/secure.gravatar.com\/avatar\/496a8e03d0c493ede1718b7934145dbdf8d89be1036b0eec9544e1094c9de390?s=96&d=mm&r=g","width":96,"height":96,"caption":"Cand\u00e1s 365"},"sameAs":["https:\/\/www.facebook.com\/carrenoactualidad","https:\/\/twitter.com\/nbasturias","https:\/\/www.instagram.com\/nachofdezber\/","https:\/\/www.youtube.com\/channel\/UCZP-2wLEB9Rv6erhFmqVnvg"]},{"@type":"WebPage","@id":"https:\/\/candas365.es\/noticias\/olaf-scholz-es-necesario-un-rapido-alto-el-fuego-en-la-guerra-de-gaza\/#webpage","url":"https:\/\/candas365.es\/noticias\/olaf-scholz-es-necesario-un-rapido-alto-el-fuego-en-la-guerra-de-gaza\/","name":"Olaf Scholz: Es necesario un r\u00e1pido alto el fuego en la guerra de Gaza | Cand\u00e1s 365","description":"Berl\u00edn, 16 mar (dpa) - El canciller alem\u00e1n, Olaf Scholz, inst\u00f3 hoy a un r\u00e1pido alto el fuego en la guerra de Gaza, al iniciar un viaje de dos d\u00edas a Jordania","inLanguage":"es-ES","isPartOf":{"@id":"https:\/\/candas365.es\/noticias\/#website"},"breadcrumb":{"@id":"https:\/\/candas365.es\/noticias\/olaf-scholz-es-necesario-un-rapido-alto-el-fuego-en-la-guerra-de-gaza\/#breadcrumblist"},"author":{"@id":"https:\/\/candas365.es\/noticias\/author\/admin\/#author"},"creator":{"@id":"https:\/\/candas365.es\/noticias\/author\/admin\/#author"},"image":{"@type":"ImageObject","url":"https:\/\/candas365.es\/noticias\/wp-content\/uploads\/2024\/03\/Olaf-Scholz.jpg","@id":"https:\/\/candas365.es\/noticias\/olaf-scholz-es-necesario-un-rapido-alto-el-fuego-en-la-guerra-de-gaza\/#mainImage","width":1003,"height":656,"caption":"El canciller alem\u00e1n, Olaf Scholz, hace declaraciones a la prensa en Berl\u00edn antes de partir hacia Jordania e Israel. Foto: Kay Nietfeld\/dpa"},"primaryImageOfPage":{"@id":"https:\/\/candas365.es\/noticias\/olaf-scholz-es-necesario-un-rapido-alto-el-fuego-en-la-guerra-de-gaza\/#mainImage"},"datePublished":"2024-03-18T03:56:01+01:00","dateModified":"2024-03-18T03:56:01+01:00"},{"@type":"WebSite","@id":"https:\/\/candas365.es\/noticias\/#website","url":"https:\/\/candas365.es\/noticias\/","name":"Cand\u00e1s 365","alternateName":"Cand\u00e1s 365 Noticias","description":"Actualidad desde Carre\u00f1o para el mundo","inLanguage":"es-ES","publisher":{"@id":"https:\/\/candas365.es\/noticias\/#organization"}}]},"og:locale":"es_ES","og:site_name":"Cand\u00e1s 365","og:type":"article","og:title":"Olaf Scholz: Es necesario un r\u00e1pido alto el fuego en la guerra de Gaza | Cand\u00e1s 365","og:description":"Berl\u00edn, 16 mar (dpa) - El canciller alem\u00e1n, Olaf Scholz, inst\u00f3 hoy a un r\u00e1pido alto el fuego en la guerra de Gaza, al iniciar un viaje de dos d\u00edas a Jordania","og:url":"https:\/\/candas365.es\/noticias\/olaf-scholz-es-necesario-un-rapido-alto-el-fuego-en-la-guerra-de-gaza\/","og:image":"https:\/\/candas365.es\/noticias\/wp-content\/uploads\/2024\/03\/Olaf-Scholz.jpg","og:image:secure_url":"https:\/\/candas365.es\/noticias\/wp-content\/uploads\/2024\/03\/Olaf-Scholz.jpg","og:image:width":1003,"og:image:height":656,"article:published_time":"2024-03-18T02:56:01+00:00","article:modified_time":"2024-03-18T02:56:01+00:00","article:publisher":"https:\/\/www.facebook.com\/Nachofdezber","article:author":"https:\/\/www.facebook.com\/carrenoactualidad","twitter:card":"summary_large_image","twitter:site":"@NabercoDigital","twitter:title":"Olaf Scholz: Es necesario un r\u00e1pido alto el fuego en la guerra de Gaza | Cand\u00e1s 365","twitter:description":"Berl\u00edn, 16 mar (dpa) - El canciller alem\u00e1n, Olaf Scholz, inst\u00f3 hoy a un r\u00e1pido alto el fuego en la guerra de Gaza, al iniciar un viaje de dos d\u00edas a Jordania","twitter:creator":"@nbasturias","twitter:image":"https:\/\/candas365.es\/noticias\/wp-content\/uploads\/2024\/03\/Olaf-Scholz.jpg","twitter:label1":"Escrito por","twitter:data1":"Cand\u00e1s 365","twitter:label2":"Tiempo de lectura estimado","twitter:data2":"2 minutos"},"aioseo_meta_data":{"post_id":"178872","title":null,"description":"Berl\u00edn, 16 mar (dpa) - El canciller alem\u00e1n, Olaf Scholz, inst\u00f3 hoy a un r\u00e1pido alto el fuego en la guerra de Gaza, al iniciar un viaje de dos d\u00edas a Jordania","keywords":[],"keyphrases":{"focus":{"keyphrase":"Scholz","score":93,"analysis":{"keyphraseInTitle":{"score":9,"maxScore":9,"error":0},"keyphraseInDescription":{"score":9,"maxScore":9,"error":0},"keyphraseLength":{"score":9,"maxScore":9,"error":0,"length":1},"keyphraseInURL":{"score":1,"maxScore":5,"error":1},"keyphraseInIntroduction":{"score":9,"maxScore":9,"error":0},"keyphraseInSubHeadings":[],"keyphraseInImageAlt":{"score":9,"maxScore":9,"error":0},"keywordDensity":{"type":"best","score":9,"maxScore":9,"error":0}}},"additional":[{"keyphrase":"Gaza","score":87,"analysis":{"keyphraseInDescription":{"score":9,"maxScore":9,"error":0},"keyphraseLength":{"score":9,"maxScore":9,"error":0,"length":1},"keyphraseInIntroduction":{"score":9,"maxScore":9,"error":0},"keyphraseInImageAlt":{"score":3,"maxScore":9,"error":1},"keywordDensity":{"type":"best","score":9,"maxScore":9,"error":0}}}]},"primary_term":null,"canonical_url":null,"og_title":null,"og_description":null,"og_object_type":"default","og_image_type":"default","og_image_url":null,"og_image_width":null,"og_image_height":null,"og_image_custom_url":null,"og_image_custom_fields":null,"og_video":"","og_custom_url":null,"og_article_section":null,"og_article_tags":[],"twitter_use_og":false,"twitter_card":"default","twitter_image_type":"default","twitter_image_url":null,"twitter_image_custom_url":null,"twitter_image_custom_fields":null,"twitter_title":null,"twitter_description":null,"schema":{"blockGraphs":[],"customGraphs":[],"default":{"data":{"Article":[],"Course":[],"Dataset":[],"FAQPage":[],"Movie":[],"Person":[],"Product":[],"ProductReview":[],"Car":[],"Recipe":[],"Service":[],"SoftwareApplication":[],"WebPage":[]},"graphName":"Article","isEnabled":true},"graphs":[]},"schema_type":"default","schema_type_options":null,"pillar_content":false,"robots_default":true,"robots_noindex":false,"robots_noarchive":false,"robots_nosnippet":false,"robots_nofollow":false,"robots_noimageindex":false,"robots_noodp":false,"robots_notranslate":false,"robots_max_snippet":"-1","robots_max_videopreview":"-1","robots_max_imagepreview":"large","priority":null,"frequency":"default","location":null,"local_seo":null,"seo_analyzer_scan_date":"2025-09-02 05:23:58","breadcrumb_settings":null,"limit_modified_date":false,"reviewed_by":null,"open_ai":"{\"title\":{\"suggestions\":[],\"usage\":0},\"description\":{\"suggestions\":[],\"usage\":0}}","ai":null,"created":"2024-03-18 02:52:06","updated":"2025-09-02 05:23:58"},"aioseo_breadcrumb":"<div class=\"aioseo-breadcrumbs\"><span class=\"aioseo-breadcrumb\">\n\t<a href=\"https:\/\/candas365.es\/noticias\" title=\"Home\">Home<\/a>\n<\/span><span class=\"aioseo-breadcrumb-separator\">&ndash;<\/span><span class=\"aioseo-breadcrumb\">\n\t<a href=\"https:\/\/candas365.es\/noticias\/category\/internacional\/\" title=\"Internacional\">Internacional<\/a>\n<\/span><span class=\"aioseo-breadcrumb-separator\">&ndash;<\/span><span class=\"aioseo-breadcrumb\">\n\tOlaf Scholz: Es necesario un r\u00e1pido alto el fuego en la guerra de Gaza\n<\/span><\/div>","aioseo_breadcrumb_json":[{"label":"Home","link":"https:\/\/candas365.es\/noticias"},{"label":"Internacional","link":"https:\/\/candas365.es\/noticias\/category\/internacional\/"},{"label":"Olaf Scholz: Es necesario un r\u00e1pido alto el fuego en la guerra de Gaza","link":"https:\/\/candas365.es\/noticias\/olaf-scholz-es-necesario-un-rapido-alto-el-fuego-en-la-guerra-de-gaza\/"}],"_links":{"self":[{"href":"https:\/\/candas365.es\/noticias\/wp-json\/wp\/v2\/posts\/178872","targetHints":{"allow":["GET"]}}],"collection":[{"href":"https:\/\/candas365.es\/noticias\/wp-json\/wp\/v2\/posts"}],"about":[{"href":"https:\/\/candas365.es\/noticias\/wp-json\/wp\/v2\/types\/post"}],"author":[{"embeddable":true,"href":"https:\/\/candas365.es\/noticias\/wp-json\/wp\/v2\/users\/1"}],"replies":[{"embeddable":true,"href":"https:\/\/candas365.es\/noticias\/wp-json\/wp\/v2\/comments?post=178872"}],"version-history":[{"count":0,"href":"https:\/\/candas365.es\/noticias\/wp-json\/wp\/v2\/posts\/178872\/revisions"}],"wp:featuredmedia":[{"embeddable":true,"href":"https:\/\/candas365.es\/noticias\/wp-json\/wp\/v2\/media\/178873"}],"wp:attachment":[{"href":"https:\/\/candas365.es\/noticias\/wp-json\/wp\/v2\/media?parent=178872"}],"wp:term":[{"taxonomy":"category","embeddable":true,"href":"https:\/\/candas365.es\/noticias\/wp-json\/wp\/v2\/categories?post=178872"},{"taxonomy":"post_tag","embeddable":true,"href":"https:\/\/candas365.es\/noticias\/wp-json\/wp\/v2\/tags?post=178872"}],"curies":[{"name":"wp","href":"https:\/\/api.w.org\/{rel}","templated":true}]}}