{"id":178866,"date":"2024-03-18T03:45:11","date_gmt":"2024-03-18T02:45:11","guid":{"rendered":"https:\/\/candas365.es\/noticias\/?p=178866"},"modified":"2024-03-18T03:45:11","modified_gmt":"2024-03-18T02:45:11","slug":"la-luftwaffe-realiza-una-mision-de-ayuda-sobre-la-franja-de-gaza","status":"publish","type":"post","link":"https:\/\/candas365.es\/noticias\/la-luftwaffe-realiza-una-mision-de-ayuda-sobre-la-franja-de-gaza\/","title":{"rendered":"La Luftwaffe realiza una misi\u00f3n de ayuda sobre la Franja de Gaza"},"content":{"rendered":"<p>Berl\u00edn, 16 mar (<a title=\"dpa\" href=\"https:\/\/www.dpa-news.de\/\" target=\"_blank\" rel=\"noopener\"><span style=\"color: #ff6600;\"><strong>dpa<\/strong><\/span><\/a>) &#8211; La Fuerza A\u00e9rea alemana (<strong>Luftwaffe<\/strong>) comenz\u00f3 hoy su misi\u00f3n de ayuda sobre la <span style=\"color: #ff6600;\"><a style=\"color: #ff6600;\" href=\"https:\/\/candas365.es\/noticias\/tag\/conflictos\/\"><strong>Franja de Gaza<\/strong><\/a><\/span>, lanzando suministros en paraca\u00eddas desde un avi\u00f3n de transporte, seg\u00fan supo dpa.<\/p>\n<figure id=\"attachment_178867\" aria-describedby=\"caption-attachment-178867\" style=\"width: 650px\" class=\"wp-caption aligncenter\"><img fetchpriority=\"high\" decoding=\"async\" class=\"size-large wp-image-178867\" src=\"https:\/\/candas365.es\/noticias\/wp-content\/uploads\/2024\/03\/Franja-de-Gaza-650x369.jpg\" alt=\"Franja de Gaza\" width=\"650\" height=\"369\" srcset=\"https:\/\/candas365.es\/noticias\/wp-content\/uploads\/2024\/03\/Franja-de-Gaza-650x369.jpg 650w, https:\/\/candas365.es\/noticias\/wp-content\/uploads\/2024\/03\/Franja-de-Gaza-360x204.jpg 360w, https:\/\/candas365.es\/noticias\/wp-content\/uploads\/2024\/03\/Franja-de-Gaza-768x436.jpg 768w, https:\/\/candas365.es\/noticias\/wp-content\/uploads\/2024\/03\/Franja-de-Gaza-150x85.jpg 150w, https:\/\/candas365.es\/noticias\/wp-content\/uploads\/2024\/03\/Franja-de-Gaza-450x255.jpg 450w, https:\/\/candas365.es\/noticias\/wp-content\/uploads\/2024\/03\/Franja-de-Gaza.jpg 1112w\" sizes=\"(max-width: 650px) 100vw, 650px\" \/><figcaption id=\"caption-attachment-178867\" class=\"wp-caption-text\">Una aeronave tipo C-130 de la escuadra binacional franco-alemana \u00abRhein\/Rhin\u00bb lanza suministros sobre la Franja de Gaza. Foto: Christian Timmig\/Bundeswehr\/dpa<\/figcaption><\/figure>\n<p>La Bundeswehr despleg\u00f3 en la regi\u00f3n dos aviones H\u00e9rcules C-130 estacionados en Francia, que pueden transportar cada uno hasta 18 toneladas de carga y que fueron desplegados desde Jordania.<\/p>\n<p>Con este apoyo, la Bundeswehr (Fuerzas Armadas alemanas) participa en el puente a\u00e9reo para Gaza, iniciado por el pa\u00eds \u00e1rabe. Estados Unidos y Francia tambi\u00e9n se plegaron a la iniciativa.<\/p>\n<p>Las organizaciones humanitarias describen la situaci\u00f3n de los habitantes de la Franja de Gaza como cada vez m\u00e1s desesperada y alertan que no puede mejorar lo suficiente solo con el apoyo de v\u00edveres desde el aire.<\/p>\n<p>Seg\u00fan la ONU, <strong>se avecina una hambruna en la franja<\/strong> costera si no se ampl\u00edan las entregas de ayuda por cami\u00f3n.<\/p>\n<p>Muchos pa\u00edses critican la actuaci\u00f3n del Ej\u00e9rcito israel\u00ed. El Gobierno alem\u00e1n hizo un llamamiento a Israel para que mejore la situaci\u00f3n humanitaria en la Franja de Gaza, en la que viven alrededor de 2,2 millones de personas.<\/p>\n<blockquote><p>\u00abLa poblaci\u00f3n de Gaza carece de lo m\u00e1s b\u00e1sico. Queremos poner de nuestra parte para garantizar que tengan acceso a alimentos y medicinas\u00bb, declar\u00f3 el ministro germano de Defensa, Boris Pistorius.<\/p><\/blockquote>\n<p>La Bundeswehr explic\u00f3 que aplica una modalidad de lanzamiento en la que la mercanc\u00eda sale del avi\u00f3n rodando sobre un pal\u00e9 por la rampa de carga y aterriza colgada de un paraca\u00eddas, para evitar que se desplome al suelo sin ser frenada.<\/p>\n<p>La guerra de Gaza se desencaden\u00f3 con la peor masacre de la historia de Israel, perpetrada por miembros del grupo islamista Ham\u00e1s y otras organizaciones extremistas palestinas en Israel el 7 de octubre, en la que murieron m\u00e1s de 1.200 personas.<\/p>\n<p>Israel respondi\u00f3 con ataques a\u00e9reos masivos y una ofensiva terrestre en la Franja de Gaza. Seg\u00fan la autoridad sanitaria controlada por Ham\u00e1s, m\u00e1s de 31.100 personas murieron en territorio palestino desde el comienzo de la guerra.<\/p>\n","protected":false},"excerpt":{"rendered":"<p>Berl\u00edn, 16 mar (dpa) &#8211; La Fuerza A\u00e9rea alemana (Luftwaffe) comenz\u00f3 hoy su misi\u00f3n de ayuda sobre la Franja de Gaza, lanzando suministros en paraca\u00eddas desde un avi\u00f3n de transporte, seg\u00fan supo dpa. La Bundeswehr despleg\u00f3 en la regi\u00f3n dos aviones H\u00e9rcules C-130 estacionados en Francia, que pueden transportar cada uno hasta 18 toneladas de<\/p>\n","protected":false},"author":1,"featured_media":178867,"comment_status":"closed","ping_status":"closed","sticky":false,"template":"","format":"standard","meta":{"footnotes":""},"categories":[316,485],"tags":[417,464,418],"class_list":{"0":"post-178866","1":"post","2":"type-post","3":"status-publish","4":"format-standard","5":"has-post-thumbnail","7":"category-destacadas","8":"category-internacional","9":"tag-alemania","10":"tag-conflictos","11":"tag-internacional"},"aioseo_notices":[],"aioseo_head":"\n\t\t<!-- All in One SEO Pro 4.9.6.2 - aioseo.com -->\n\t<meta name=\"description\" content=\"Berl\u00edn, 16 mar (dpa) - La Fuerza A\u00e9rea alemana (Luftwaffe) comenz\u00f3 hoy su misi\u00f3n de ayuda sobre la Franja de Gaza, lanzando suministros en paraca\u00eddas desde\" \/>\n\t<meta name=\"robots\" content=\"max-image-preview:large\" \/>\n\t<meta name=\"author\" content=\"Cand\u00e1s 365\"\/>\n\t<meta name=\"google-site-verification\" content=\"UA-32230408-1\" \/>\n\t<meta name=\"msvalidate.01\" content=\"354F3CDFB2DA171B47FBE9ABF1F88D5\" \/>\n\t<meta name=\"keywords\" content=\"destacadas,internacional\" \/>\n\t<link rel=\"canonical\" href=\"https:\/\/candas365.es\/noticias\/la-luftwaffe-realiza-una-mision-de-ayuda-sobre-la-franja-de-gaza\/\" \/>\n\t<meta name=\"generator\" content=\"All in One SEO Pro (AIOSEO) 4.9.6.2\" \/>\n\t\t<meta property=\"og:locale\" content=\"es_ES\" \/>\n\t\t<meta property=\"og:site_name\" content=\"Cand\u00e1s 365\" \/>\n\t\t<meta property=\"og:type\" content=\"article\" \/>\n\t\t<meta property=\"og:title\" content=\"La Luftwaffe realiza una misi\u00f3n de ayuda sobre la Franja de Gaza | Cand\u00e1s 365\" \/>\n\t\t<meta property=\"og:description\" content=\"Berl\u00edn, 16 mar (dpa) - La Fuerza A\u00e9rea alemana (Luftwaffe) comenz\u00f3 hoy su misi\u00f3n de ayuda sobre la Franja de Gaza, lanzando suministros en paraca\u00eddas desde\" \/>\n\t\t<meta property=\"og:url\" content=\"https:\/\/candas365.es\/noticias\/la-luftwaffe-realiza-una-mision-de-ayuda-sobre-la-franja-de-gaza\/\" \/>\n\t\t<meta property=\"og:image\" content=\"https:\/\/candas365.es\/noticias\/wp-content\/uploads\/2024\/03\/Franja-de-Gaza.jpg\" \/>\n\t\t<meta property=\"og:image:secure_url\" content=\"https:\/\/candas365.es\/noticias\/wp-content\/uploads\/2024\/03\/Franja-de-Gaza.jpg\" \/>\n\t\t<meta property=\"og:image:width\" content=\"1112\" \/>\n\t\t<meta property=\"og:image:height\" content=\"631\" \/>\n\t\t<meta property=\"article:published_time\" content=\"2024-03-18T02:45:11+00:00\" \/>\n\t\t<meta property=\"article:modified_time\" content=\"2024-03-18T02:45:11+00:00\" \/>\n\t\t<meta property=\"article:publisher\" content=\"https:\/\/www.facebook.com\/Nachofdezber\" \/>\n\t\t<meta property=\"article:author\" content=\"https:\/\/www.facebook.com\/carrenoactualidad\" \/>\n\t\t<meta name=\"twitter:card\" content=\"summary_large_image\" \/>\n\t\t<meta name=\"twitter:site\" content=\"@NabercoDigital\" \/>\n\t\t<meta name=\"twitter:title\" content=\"La Luftwaffe realiza una misi\u00f3n de ayuda sobre la Franja de Gaza | Cand\u00e1s 365\" \/>\n\t\t<meta name=\"twitter:description\" content=\"Berl\u00edn, 16 mar (dpa) - La Fuerza A\u00e9rea alemana (Luftwaffe) comenz\u00f3 hoy su misi\u00f3n de ayuda sobre la Franja de Gaza, lanzando suministros en paraca\u00eddas desde\" \/>\n\t\t<meta name=\"twitter:creator\" content=\"@nbasturias\" \/>\n\t\t<meta name=\"twitter:image\" content=\"https:\/\/candas365.es\/noticias\/wp-content\/uploads\/2024\/03\/Franja-de-Gaza.jpg\" \/>\n\t\t<meta name=\"twitter:label1\" content=\"Escrito por\" \/>\n\t\t<meta name=\"twitter:data1\" content=\"Cand\u00e1s 365\" \/>\n\t\t<meta name=\"twitter:label2\" content=\"Tiempo de lectura estimado\" \/>\n\t\t<meta name=\"twitter:data2\" content=\"2 minutos\" \/>\n\t\t<script type=\"application\/ld+json\" class=\"aioseo-schema\">\n\t\t\t{\"@context\":\"https:\\\/\\\/schema.org\",\"@graph\":[{\"@type\":\"BreadcrumbList\",\"@id\":\"https:\\\/\\\/candas365.es\\\/noticias\\\/la-luftwaffe-realiza-una-mision-de-ayuda-sobre-la-franja-de-gaza\\\/#breadcrumblist\",\"itemListElement\":[{\"@type\":\"ListItem\",\"@id\":\"https:\\\/\\\/candas365.es\\\/noticias#listItem\",\"position\":1,\"name\":\"Home\",\"item\":\"https:\\\/\\\/candas365.es\\\/noticias\",\"nextItem\":{\"@type\":\"ListItem\",\"@id\":\"https:\\\/\\\/candas365.es\\\/noticias\\\/category\\\/destacadas\\\/#listItem\",\"name\":\"Destacadas\"}},{\"@type\":\"ListItem\",\"@id\":\"https:\\\/\\\/candas365.es\\\/noticias\\\/category\\\/destacadas\\\/#listItem\",\"position\":2,\"name\":\"Destacadas\",\"item\":\"https:\\\/\\\/candas365.es\\\/noticias\\\/category\\\/destacadas\\\/\",\"nextItem\":{\"@type\":\"ListItem\",\"@id\":\"https:\\\/\\\/candas365.es\\\/noticias\\\/la-luftwaffe-realiza-una-mision-de-ayuda-sobre-la-franja-de-gaza\\\/#listItem\",\"name\":\"La Luftwaffe realiza una misi\\u00f3n de ayuda sobre la Franja de Gaza\"},\"previousItem\":{\"@type\":\"ListItem\",\"@id\":\"https:\\\/\\\/candas365.es\\\/noticias#listItem\",\"name\":\"Home\"}},{\"@type\":\"ListItem\",\"@id\":\"https:\\\/\\\/candas365.es\\\/noticias\\\/la-luftwaffe-realiza-una-mision-de-ayuda-sobre-la-franja-de-gaza\\\/#listItem\",\"position\":3,\"name\":\"La Luftwaffe realiza una misi\\u00f3n de ayuda sobre la Franja de Gaza\",\"previousItem\":{\"@type\":\"ListItem\",\"@id\":\"https:\\\/\\\/candas365.es\\\/noticias\\\/category\\\/destacadas\\\/#listItem\",\"name\":\"Destacadas\"}}]},{\"@type\":\"NewsArticle\",\"@id\":\"https:\\\/\\\/candas365.es\\\/noticias\\\/la-luftwaffe-realiza-una-mision-de-ayuda-sobre-la-franja-de-gaza\\\/#newsarticle\",\"name\":\"La Luftwaffe realiza una misi\\u00f3n de ayuda sobre la Franja de Gaza | Cand\\u00e1s 365\",\"headline\":\"La Luftwaffe realiza una misi\\u00f3n de ayuda sobre la Franja de Gaza\",\"author\":{\"@id\":\"https:\\\/\\\/candas365.es\\\/noticias\\\/author\\\/admin\\\/#author\"},\"publisher\":{\"@id\":\"https:\\\/\\\/candas365.es\\\/noticias\\\/#organization\"},\"image\":{\"@type\":\"ImageObject\",\"url\":\"https:\\\/\\\/candas365.es\\\/noticias\\\/wp-content\\\/uploads\\\/2024\\\/03\\\/Franja-de-Gaza.jpg\",\"width\":1112,\"height\":631,\"caption\":\"Una aeronave tipo C-130 de la escuadra binacional franco-alemana \\\"Rhein\\\/Rhin\\\" lanza suministros sobre la Franja de Gaza. Foto: Christian Timmig\\\/Bundeswehr\\\/dpa\"},\"datePublished\":\"2024-03-18T03:45:11+01:00\",\"dateModified\":\"2024-03-18T03:45:11+01:00\",\"inLanguage\":\"es-ES\",\"mainEntityOfPage\":{\"@id\":\"https:\\\/\\\/candas365.es\\\/noticias\\\/la-luftwaffe-realiza-una-mision-de-ayuda-sobre-la-franja-de-gaza\\\/#webpage\"},\"isPartOf\":{\"@id\":\"https:\\\/\\\/candas365.es\\\/noticias\\\/la-luftwaffe-realiza-una-mision-de-ayuda-sobre-la-franja-de-gaza\\\/#webpage\"},\"articleSection\":\"Destacadas, Internacional, Alemania, conflictos, Internacional\",\"dateline\":\"Publicado el marzo 18, 2024.\"},{\"@type\":\"Organization\",\"@id\":\"https:\\\/\\\/candas365.es\\\/noticias\\\/#organization\",\"name\":\"Cand\\u00e1s 365\",\"description\":\"Cand\\u00e1s 365 es un diario digital independiente, fundado en 2012, con base en Asturias. Informamos con rigor sobre actualidad, sociedad, cultura y ocio, con una mirada local y global.\",\"url\":\"https:\\\/\\\/candas365.es\\\/noticias\\\/\",\"email\":\"info@candas365.es\",\"telephone\":\"+34652131393\",\"foundingDate\":\"2012-06-10\",\"logo\":{\"@type\":\"ImageObject\",\"url\":\"https:\\\/\\\/candas365.es\\\/noticias\\\/wp-content\\\/uploads\\\/2024\\\/09\\\/Candas-365-Redes.jpg\",\"@id\":\"https:\\\/\\\/candas365.es\\\/noticias\\\/la-luftwaffe-realiza-una-mision-de-ayuda-sobre-la-franja-de-gaza\\\/#organizationLogo\",\"width\":1152,\"height\":864,\"caption\":\"Cand\\u00e1s 365 Redes\"},\"image\":{\"@id\":\"https:\\\/\\\/candas365.es\\\/noticias\\\/la-luftwaffe-realiza-una-mision-de-ayuda-sobre-la-franja-de-gaza\\\/#organizationLogo\"},\"sameAs\":[\"https:\\\/\\\/www.facebook.com\\\/Nachofdezber\",\"https:\\\/\\\/x.com\\\/NabercoDigital\",\"https:\\\/\\\/www.instagram.com\\\/nachofdezber\\\/\",\"https:\\\/\\\/www.youtube.com\\\/channel\\\/UCZP-2wLEB9Rv6erhFmqVnvg\"],\"address\":{\"@id\":\"https:\\\/\\\/candas365.es\\\/noticias\\\/#postaladdress\",\"@type\":\"PostalAddress\",\"streetAddress\":\"san antonio 4, san antonio 4\",\"postalCode\":\"33430\",\"addressLocality\":\"Cand\\u00e1s\",\"addressRegion\":\"Asturias\",\"addressCountry\":\"ES\"}},{\"@type\":\"Person\",\"@id\":\"https:\\\/\\\/candas365.es\\\/noticias\\\/author\\\/admin\\\/#author\",\"url\":\"https:\\\/\\\/candas365.es\\\/noticias\\\/author\\\/admin\\\/\",\"name\":\"Cand\\u00e1s 365\",\"image\":{\"@type\":\"ImageObject\",\"@id\":\"https:\\\/\\\/candas365.es\\\/noticias\\\/la-luftwaffe-realiza-una-mision-de-ayuda-sobre-la-franja-de-gaza\\\/#authorImage\",\"url\":\"https:\\\/\\\/secure.gravatar.com\\\/avatar\\\/496a8e03d0c493ede1718b7934145dbdf8d89be1036b0eec9544e1094c9de390?s=96&d=mm&r=g\",\"width\":96,\"height\":96,\"caption\":\"Cand\\u00e1s 365\"},\"sameAs\":[\"https:\\\/\\\/www.facebook.com\\\/carrenoactualidad\",\"https:\\\/\\\/twitter.com\\\/nbasturias\",\"https:\\\/\\\/www.instagram.com\\\/nachofdezber\\\/\",\"https:\\\/\\\/www.youtube.com\\\/channel\\\/UCZP-2wLEB9Rv6erhFmqVnvg\"]},{\"@type\":\"WebPage\",\"@id\":\"https:\\\/\\\/candas365.es\\\/noticias\\\/la-luftwaffe-realiza-una-mision-de-ayuda-sobre-la-franja-de-gaza\\\/#webpage\",\"url\":\"https:\\\/\\\/candas365.es\\\/noticias\\\/la-luftwaffe-realiza-una-mision-de-ayuda-sobre-la-franja-de-gaza\\\/\",\"name\":\"La Luftwaffe realiza una misi\\u00f3n de ayuda sobre la Franja de Gaza | Cand\\u00e1s 365\",\"description\":\"Berl\\u00edn, 16 mar (dpa) - La Fuerza A\\u00e9rea alemana (Luftwaffe) comenz\\u00f3 hoy su misi\\u00f3n de ayuda sobre la Franja de Gaza, lanzando suministros en paraca\\u00eddas desde\",\"inLanguage\":\"es-ES\",\"isPartOf\":{\"@id\":\"https:\\\/\\\/candas365.es\\\/noticias\\\/#website\"},\"breadcrumb\":{\"@id\":\"https:\\\/\\\/candas365.es\\\/noticias\\\/la-luftwaffe-realiza-una-mision-de-ayuda-sobre-la-franja-de-gaza\\\/#breadcrumblist\"},\"author\":{\"@id\":\"https:\\\/\\\/candas365.es\\\/noticias\\\/author\\\/admin\\\/#author\"},\"creator\":{\"@id\":\"https:\\\/\\\/candas365.es\\\/noticias\\\/author\\\/admin\\\/#author\"},\"image\":{\"@type\":\"ImageObject\",\"url\":\"https:\\\/\\\/candas365.es\\\/noticias\\\/wp-content\\\/uploads\\\/2024\\\/03\\\/Franja-de-Gaza.jpg\",\"@id\":\"https:\\\/\\\/candas365.es\\\/noticias\\\/la-luftwaffe-realiza-una-mision-de-ayuda-sobre-la-franja-de-gaza\\\/#mainImage\",\"width\":1112,\"height\":631,\"caption\":\"Una aeronave tipo C-130 de la escuadra binacional franco-alemana \\\"Rhein\\\/Rhin\\\" lanza suministros sobre la Franja de Gaza. Foto: Christian Timmig\\\/Bundeswehr\\\/dpa\"},\"primaryImageOfPage\":{\"@id\":\"https:\\\/\\\/candas365.es\\\/noticias\\\/la-luftwaffe-realiza-una-mision-de-ayuda-sobre-la-franja-de-gaza\\\/#mainImage\"},\"datePublished\":\"2024-03-18T03:45:11+01:00\",\"dateModified\":\"2024-03-18T03:45:11+01:00\"},{\"@type\":\"WebSite\",\"@id\":\"https:\\\/\\\/candas365.es\\\/noticias\\\/#website\",\"url\":\"https:\\\/\\\/candas365.es\\\/noticias\\\/\",\"name\":\"Cand\\u00e1s 365\",\"alternateName\":\"Cand\\u00e1s 365 Noticias\",\"description\":\"Actualidad desde Carre\\u00f1o para el mundo\",\"inLanguage\":\"es-ES\",\"publisher\":{\"@id\":\"https:\\\/\\\/candas365.es\\\/noticias\\\/#organization\"}}]}\n\t\t<\/script>\n\t\t<!-- All in One SEO Pro -->\r\n\t\t<title>La Luftwaffe realiza una misi\u00f3n de ayuda sobre la Franja de Gaza | Cand\u00e1s 365<\/title>\n\n","aioseo_head_json":{"title":"La Luftwaffe realiza una misi\u00f3n de ayuda sobre la Franja de Gaza | Cand\u00e1s 365","description":"Berl\u00edn, 16 mar (dpa) - La Fuerza A\u00e9rea alemana (Luftwaffe) comenz\u00f3 hoy su misi\u00f3n de ayuda sobre la Franja de Gaza, lanzando suministros en paraca\u00eddas desde","canonical_url":"https:\/\/candas365.es\/noticias\/la-luftwaffe-realiza-una-mision-de-ayuda-sobre-la-franja-de-gaza\/","robots":"max-image-preview:large","keywords":"destacadas,internacional","webmasterTools":{"google-site-verification":"UA-32230408-1","msvalidate.01":"354F3CDFB2DA171B47FBE9ABF1F88D5","miscellaneous":""},"schema":{"@context":"https:\/\/schema.org","@graph":[{"@type":"BreadcrumbList","@id":"https:\/\/candas365.es\/noticias\/la-luftwaffe-realiza-una-mision-de-ayuda-sobre-la-franja-de-gaza\/#breadcrumblist","itemListElement":[{"@type":"ListItem","@id":"https:\/\/candas365.es\/noticias#listItem","position":1,"name":"Home","item":"https:\/\/candas365.es\/noticias","nextItem":{"@type":"ListItem","@id":"https:\/\/candas365.es\/noticias\/category\/destacadas\/#listItem","name":"Destacadas"}},{"@type":"ListItem","@id":"https:\/\/candas365.es\/noticias\/category\/destacadas\/#listItem","position":2,"name":"Destacadas","item":"https:\/\/candas365.es\/noticias\/category\/destacadas\/","nextItem":{"@type":"ListItem","@id":"https:\/\/candas365.es\/noticias\/la-luftwaffe-realiza-una-mision-de-ayuda-sobre-la-franja-de-gaza\/#listItem","name":"La Luftwaffe realiza una misi\u00f3n de ayuda sobre la Franja de Gaza"},"previousItem":{"@type":"ListItem","@id":"https:\/\/candas365.es\/noticias#listItem","name":"Home"}},{"@type":"ListItem","@id":"https:\/\/candas365.es\/noticias\/la-luftwaffe-realiza-una-mision-de-ayuda-sobre-la-franja-de-gaza\/#listItem","position":3,"name":"La Luftwaffe realiza una misi\u00f3n de ayuda sobre la Franja de Gaza","previousItem":{"@type":"ListItem","@id":"https:\/\/candas365.es\/noticias\/category\/destacadas\/#listItem","name":"Destacadas"}}]},{"@type":"NewsArticle","@id":"https:\/\/candas365.es\/noticias\/la-luftwaffe-realiza-una-mision-de-ayuda-sobre-la-franja-de-gaza\/#newsarticle","name":"La Luftwaffe realiza una misi\u00f3n de ayuda sobre la Franja de Gaza | Cand\u00e1s 365","headline":"La Luftwaffe realiza una misi\u00f3n de ayuda sobre la Franja de Gaza","author":{"@id":"https:\/\/candas365.es\/noticias\/author\/admin\/#author"},"publisher":{"@id":"https:\/\/candas365.es\/noticias\/#organization"},"image":{"@type":"ImageObject","url":"https:\/\/candas365.es\/noticias\/wp-content\/uploads\/2024\/03\/Franja-de-Gaza.jpg","width":1112,"height":631,"caption":"Una aeronave tipo C-130 de la escuadra binacional franco-alemana \"Rhein\/Rhin\" lanza suministros sobre la Franja de Gaza. Foto: Christian Timmig\/Bundeswehr\/dpa"},"datePublished":"2024-03-18T03:45:11+01:00","dateModified":"2024-03-18T03:45:11+01:00","inLanguage":"es-ES","mainEntityOfPage":{"@id":"https:\/\/candas365.es\/noticias\/la-luftwaffe-realiza-una-mision-de-ayuda-sobre-la-franja-de-gaza\/#webpage"},"isPartOf":{"@id":"https:\/\/candas365.es\/noticias\/la-luftwaffe-realiza-una-mision-de-ayuda-sobre-la-franja-de-gaza\/#webpage"},"articleSection":"Destacadas, Internacional, Alemania, conflictos, Internacional","dateline":"Publicado el marzo 18, 2024."},{"@type":"Organization","@id":"https:\/\/candas365.es\/noticias\/#organization","name":"Cand\u00e1s 365","description":"Cand\u00e1s 365 es un diario digital independiente, fundado en 2012, con base en Asturias. Informamos con rigor sobre actualidad, sociedad, cultura y ocio, con una mirada local y global.","url":"https:\/\/candas365.es\/noticias\/","email":"info@candas365.es","telephone":"+34652131393","foundingDate":"2012-06-10","logo":{"@type":"ImageObject","url":"https:\/\/candas365.es\/noticias\/wp-content\/uploads\/2024\/09\/Candas-365-Redes.jpg","@id":"https:\/\/candas365.es\/noticias\/la-luftwaffe-realiza-una-mision-de-ayuda-sobre-la-franja-de-gaza\/#organizationLogo","width":1152,"height":864,"caption":"Cand\u00e1s 365 Redes"},"image":{"@id":"https:\/\/candas365.es\/noticias\/la-luftwaffe-realiza-una-mision-de-ayuda-sobre-la-franja-de-gaza\/#organizationLogo"},"sameAs":["https:\/\/www.facebook.com\/Nachofdezber","https:\/\/x.com\/NabercoDigital","https:\/\/www.instagram.com\/nachofdezber\/","https:\/\/www.youtube.com\/channel\/UCZP-2wLEB9Rv6erhFmqVnvg"],"address":{"@id":"https:\/\/candas365.es\/noticias\/#postaladdress","@type":"PostalAddress","streetAddress":"san antonio 4, san antonio 4","postalCode":"33430","addressLocality":"Cand\u00e1s","addressRegion":"Asturias","addressCountry":"ES"}},{"@type":"Person","@id":"https:\/\/candas365.es\/noticias\/author\/admin\/#author","url":"https:\/\/candas365.es\/noticias\/author\/admin\/","name":"Cand\u00e1s 365","image":{"@type":"ImageObject","@id":"https:\/\/candas365.es\/noticias\/la-luftwaffe-realiza-una-mision-de-ayuda-sobre-la-franja-de-gaza\/#authorImage","url":"https:\/\/secure.gravatar.com\/avatar\/496a8e03d0c493ede1718b7934145dbdf8d89be1036b0eec9544e1094c9de390?s=96&d=mm&r=g","width":96,"height":96,"caption":"Cand\u00e1s 365"},"sameAs":["https:\/\/www.facebook.com\/carrenoactualidad","https:\/\/twitter.com\/nbasturias","https:\/\/www.instagram.com\/nachofdezber\/","https:\/\/www.youtube.com\/channel\/UCZP-2wLEB9Rv6erhFmqVnvg"]},{"@type":"WebPage","@id":"https:\/\/candas365.es\/noticias\/la-luftwaffe-realiza-una-mision-de-ayuda-sobre-la-franja-de-gaza\/#webpage","url":"https:\/\/candas365.es\/noticias\/la-luftwaffe-realiza-una-mision-de-ayuda-sobre-la-franja-de-gaza\/","name":"La Luftwaffe realiza una misi\u00f3n de ayuda sobre la Franja de Gaza | Cand\u00e1s 365","description":"Berl\u00edn, 16 mar (dpa) - La Fuerza A\u00e9rea alemana (Luftwaffe) comenz\u00f3 hoy su misi\u00f3n de ayuda sobre la Franja de Gaza, lanzando suministros en paraca\u00eddas desde","inLanguage":"es-ES","isPartOf":{"@id":"https:\/\/candas365.es\/noticias\/#website"},"breadcrumb":{"@id":"https:\/\/candas365.es\/noticias\/la-luftwaffe-realiza-una-mision-de-ayuda-sobre-la-franja-de-gaza\/#breadcrumblist"},"author":{"@id":"https:\/\/candas365.es\/noticias\/author\/admin\/#author"},"creator":{"@id":"https:\/\/candas365.es\/noticias\/author\/admin\/#author"},"image":{"@type":"ImageObject","url":"https:\/\/candas365.es\/noticias\/wp-content\/uploads\/2024\/03\/Franja-de-Gaza.jpg","@id":"https:\/\/candas365.es\/noticias\/la-luftwaffe-realiza-una-mision-de-ayuda-sobre-la-franja-de-gaza\/#mainImage","width":1112,"height":631,"caption":"Una aeronave tipo C-130 de la escuadra binacional franco-alemana \"Rhein\/Rhin\" lanza suministros sobre la Franja de Gaza. Foto: Christian Timmig\/Bundeswehr\/dpa"},"primaryImageOfPage":{"@id":"https:\/\/candas365.es\/noticias\/la-luftwaffe-realiza-una-mision-de-ayuda-sobre-la-franja-de-gaza\/#mainImage"},"datePublished":"2024-03-18T03:45:11+01:00","dateModified":"2024-03-18T03:45:11+01:00"},{"@type":"WebSite","@id":"https:\/\/candas365.es\/noticias\/#website","url":"https:\/\/candas365.es\/noticias\/","name":"Cand\u00e1s 365","alternateName":"Cand\u00e1s 365 Noticias","description":"Actualidad desde Carre\u00f1o para el mundo","inLanguage":"es-ES","publisher":{"@id":"https:\/\/candas365.es\/noticias\/#organization"}}]},"og:locale":"es_ES","og:site_name":"Cand\u00e1s 365","og:type":"article","og:title":"La Luftwaffe realiza una misi\u00f3n de ayuda sobre la Franja de Gaza | Cand\u00e1s 365","og:description":"Berl\u00edn, 16 mar (dpa) - La Fuerza A\u00e9rea alemana (Luftwaffe) comenz\u00f3 hoy su misi\u00f3n de ayuda sobre la Franja de Gaza, lanzando suministros en paraca\u00eddas desde","og:url":"https:\/\/candas365.es\/noticias\/la-luftwaffe-realiza-una-mision-de-ayuda-sobre-la-franja-de-gaza\/","og:image":"https:\/\/candas365.es\/noticias\/wp-content\/uploads\/2024\/03\/Franja-de-Gaza.jpg","og:image:secure_url":"https:\/\/candas365.es\/noticias\/wp-content\/uploads\/2024\/03\/Franja-de-Gaza.jpg","og:image:width":1112,"og:image:height":631,"article:published_time":"2024-03-18T02:45:11+00:00","article:modified_time":"2024-03-18T02:45:11+00:00","article:publisher":"https:\/\/www.facebook.com\/Nachofdezber","article:author":"https:\/\/www.facebook.com\/carrenoactualidad","twitter:card":"summary_large_image","twitter:site":"@NabercoDigital","twitter:title":"La Luftwaffe realiza una misi\u00f3n de ayuda sobre la Franja de Gaza | Cand\u00e1s 365","twitter:description":"Berl\u00edn, 16 mar (dpa) - La Fuerza A\u00e9rea alemana (Luftwaffe) comenz\u00f3 hoy su misi\u00f3n de ayuda sobre la Franja de Gaza, lanzando suministros en paraca\u00eddas desde","twitter:creator":"@nbasturias","twitter:image":"https:\/\/candas365.es\/noticias\/wp-content\/uploads\/2024\/03\/Franja-de-Gaza.jpg","twitter:label1":"Escrito por","twitter:data1":"Cand\u00e1s 365","twitter:label2":"Tiempo de lectura estimado","twitter:data2":"2 minutos"},"aioseo_meta_data":{"post_id":"178866","title":null,"description":"Berl\u00edn, 16 mar (dpa) - La Fuerza A\u00e9rea alemana (Luftwaffe) comenz\u00f3 hoy su misi\u00f3n de ayuda sobre la Franja de Gaza, lanzando suministros en paraca\u00eddas desde","keywords":[],"keyphrases":{"focus":{"keyphrase":"Luftwaffe","score":68,"analysis":{"keyphraseInTitle":{"score":9,"maxScore":9,"error":0},"keyphraseInDescription":{"score":9,"maxScore":9,"error":0},"keyphraseLength":{"score":9,"maxScore":9,"error":0,"length":1},"keyphraseInURL":{"score":1,"maxScore":5,"error":1},"keyphraseInIntroduction":{"score":9,"maxScore":9,"error":0},"keyphraseInSubHeadings":[],"keyphraseInImageAlt":{"score":3,"maxScore":9,"error":1},"keywordDensity":{"score":0,"type":"low","maxScore":9,"error":1}}},"additional":[{"keyphrase":"Franja de Gaza","score":100,"analysis":{"keyphraseInDescription":{"score":9,"maxScore":9,"error":0},"keyphraseLength":{"score":9,"maxScore":9,"error":0,"length":3},"keyphraseInIntroduction":{"score":9,"maxScore":9,"error":0},"keyphraseInImageAlt":{"score":9,"maxScore":9,"error":0},"keywordDensity":{"type":"best","score":9,"maxScore":9,"error":0}}}]},"primary_term":null,"canonical_url":null,"og_title":null,"og_description":null,"og_object_type":"default","og_image_type":"default","og_image_url":null,"og_image_width":null,"og_image_height":null,"og_image_custom_url":null,"og_image_custom_fields":null,"og_video":"","og_custom_url":null,"og_article_section":null,"og_article_tags":[],"twitter_use_og":false,"twitter_card":"default","twitter_image_type":"default","twitter_image_url":null,"twitter_image_custom_url":null,"twitter_image_custom_fields":null,"twitter_title":null,"twitter_description":null,"schema":{"blockGraphs":[],"customGraphs":[],"default":{"data":{"Article":[],"Course":[],"Dataset":[],"FAQPage":[],"Movie":[],"Person":[],"Product":[],"ProductReview":[],"Car":[],"Recipe":[],"Service":[],"SoftwareApplication":[],"WebPage":[]},"graphName":"Article","isEnabled":true},"graphs":[]},"schema_type":"default","schema_type_options":null,"pillar_content":false,"robots_default":true,"robots_noindex":false,"robots_noarchive":false,"robots_nosnippet":false,"robots_nofollow":false,"robots_noimageindex":false,"robots_noodp":false,"robots_notranslate":false,"robots_max_snippet":"-1","robots_max_videopreview":"-1","robots_max_imagepreview":"large","priority":null,"frequency":"default","location":null,"local_seo":null,"seo_analyzer_scan_date":"2025-09-02 05:21:19","breadcrumb_settings":null,"limit_modified_date":false,"reviewed_by":null,"open_ai":"{\"title\":{\"suggestions\":[],\"usage\":0},\"description\":{\"suggestions\":[],\"usage\":0}}","ai":null,"created":"2024-03-18 02:39:30","updated":"2025-09-02 05:21:19"},"aioseo_breadcrumb":"<div class=\"aioseo-breadcrumbs\"><span class=\"aioseo-breadcrumb\">\n\t<a href=\"https:\/\/candas365.es\/noticias\" title=\"Home\">Home<\/a>\n<\/span><span class=\"aioseo-breadcrumb-separator\">&ndash;<\/span><span class=\"aioseo-breadcrumb\">\n\t<a href=\"https:\/\/candas365.es\/noticias\/category\/destacadas\/\" title=\"Destacadas\">Destacadas<\/a>\n<\/span><span class=\"aioseo-breadcrumb-separator\">&ndash;<\/span><span class=\"aioseo-breadcrumb\">\n\tLa Luftwaffe realiza una misi\u00f3n de ayuda sobre la Franja de Gaza\n<\/span><\/div>","aioseo_breadcrumb_json":[{"label":"Home","link":"https:\/\/candas365.es\/noticias"},{"label":"Destacadas","link":"https:\/\/candas365.es\/noticias\/category\/destacadas\/"},{"label":"La Luftwaffe realiza una misi\u00f3n de ayuda sobre la Franja de Gaza","link":"https:\/\/candas365.es\/noticias\/la-luftwaffe-realiza-una-mision-de-ayuda-sobre-la-franja-de-gaza\/"}],"_links":{"self":[{"href":"https:\/\/candas365.es\/noticias\/wp-json\/wp\/v2\/posts\/178866","targetHints":{"allow":["GET"]}}],"collection":[{"href":"https:\/\/candas365.es\/noticias\/wp-json\/wp\/v2\/posts"}],"about":[{"href":"https:\/\/candas365.es\/noticias\/wp-json\/wp\/v2\/types\/post"}],"author":[{"embeddable":true,"href":"https:\/\/candas365.es\/noticias\/wp-json\/wp\/v2\/users\/1"}],"replies":[{"embeddable":true,"href":"https:\/\/candas365.es\/noticias\/wp-json\/wp\/v2\/comments?post=178866"}],"version-history":[{"count":0,"href":"https:\/\/candas365.es\/noticias\/wp-json\/wp\/v2\/posts\/178866\/revisions"}],"wp:featuredmedia":[{"embeddable":true,"href":"https:\/\/candas365.es\/noticias\/wp-json\/wp\/v2\/media\/178867"}],"wp:attachment":[{"href":"https:\/\/candas365.es\/noticias\/wp-json\/wp\/v2\/media?parent=178866"}],"wp:term":[{"taxonomy":"category","embeddable":true,"href":"https:\/\/candas365.es\/noticias\/wp-json\/wp\/v2\/categories?post=178866"},{"taxonomy":"post_tag","embeddable":true,"href":"https:\/\/candas365.es\/noticias\/wp-json\/wp\/v2\/tags?post=178866"}],"curies":[{"name":"wp","href":"https:\/\/api.w.org\/{rel}","templated":true}]}}